{"id":102942,"date":"2025-02-18T18:40:09","date_gmt":"2025-02-18T18:40:09","guid":{"rendered":"https:\/\/educacion.cc\/en\/?p=102942"},"modified":"2025-03-12T15:12:41","modified_gmt":"2025-03-12T15:12:41","slug":"como-escribir-un-perfil-profesional-para-cv","status":"publish","type":"post","link":"https:\/\/dudasytextos.com\/comoseescribebien\/como-escribir-un-perfil-profesional-para-cv\/","title":{"rendered":"Como escribir un perfil profesional para cv"},"content":{"rendered":"<div id=\"ez-toc-container\" class=\"ez-toc-v2_0_87 counter-hierarchy ez-toc-counter ez-toc-custom ez-toc-container-direction\">\n<div class=\"ez-toc-title-container\">\n<span class=\"ez-toc-title-toggle\"><\/span><\/div>\n<nav><ul class='ez-toc-list ez-toc-list-level-1 ' ><li class='ez-toc-page-1 ez-toc-heading-level-2'><a class=\"ez-toc-link ez-toc-heading-1\" href=\"https:\/\/dudasytextos.com\/comoseescribebien\/como-escribir-un-perfil-profesional-para-cv\/#Como_escribir_un_perfil_profesional_para_CV\" >C\u00f3mo escribir un perfil profesional para CV<\/a><\/li><li class='ez-toc-page-1 ez-toc-heading-level-2'><a class=\"ez-toc-link ez-toc-heading-2\" href=\"https:\/\/dudasytextos.com\/comoseescribebien\/como-escribir-un-perfil-profesional-para-cv\/#%C2%BFQue_es_un_perfil_profesional\" >\u00bfQu\u00e9 es un perfil profesional?<\/a><\/li><li class='ez-toc-page-1 ez-toc-heading-level-2'><a class=\"ez-toc-link ez-toc-heading-3\" href=\"https:\/\/dudasytextos.com\/comoseescribebien\/como-escribir-un-perfil-profesional-para-cv\/#Consejos_para_escribir_un_perfil_profesional_efectivo\" >Consejos para escribir un perfil profesional efectivo<\/a><\/li><li class='ez-toc-page-1 ez-toc-heading-level-2'><a class=\"ez-toc-link ez-toc-heading-4\" href=\"https:\/\/dudasytextos.com\/comoseescribebien\/como-escribir-un-perfil-profesional-para-cv\/#Ejemplos_de_perfiles_profesionales_efectivos\" >Ejemplos de perfiles profesionales efectivos<\/a><\/li><li class='ez-toc-page-1 ez-toc-heading-level-2'><a class=\"ez-toc-link ez-toc-heading-5\" href=\"https:\/\/dudasytextos.com\/comoseescribebien\/como-escribir-un-perfil-profesional-para-cv\/#Mi_experiencia_personal\" >Mi experiencia personal<\/a><\/li><li class='ez-toc-page-1 ez-toc-heading-level-2'><a class=\"ez-toc-link ez-toc-heading-6\" href=\"https:\/\/dudasytextos.com\/comoseescribebien\/como-escribir-un-perfil-profesional-para-cv\/#Preguntas_frecuentes\" >Preguntas frecuentes<\/a><ul class='ez-toc-list-level-3' ><li class='ez-toc-heading-level-3'><a class=\"ez-toc-link ez-toc-heading-7\" href=\"https:\/\/dudasytextos.com\/comoseescribebien\/como-escribir-un-perfil-profesional-para-cv\/#%C2%BFCuanto_tiempo_debe_ser_el_perfil_profesional\" >\u00bfCu\u00e1nto tiempo debe ser el perfil profesional?<\/a><\/li><li class='ez-toc-page-1 ez-toc-heading-level-3'><a class=\"ez-toc-link ez-toc-heading-8\" href=\"https:\/\/dudasytextos.com\/comoseescribebien\/como-escribir-un-perfil-profesional-para-cv\/#%C2%BFDeberia_incluir_una_foto_en_el_perfil_profesional\" >\u00bfDeber\u00eda incluir una foto en el perfil profesional?<\/a><\/li><li class='ez-toc-page-1 ez-toc-heading-level-3'><a class=\"ez-toc-link ez-toc-heading-9\" href=\"https:\/\/dudasytextos.com\/comoseescribebien\/como-escribir-un-perfil-profesional-para-cv\/#%C2%BFDeberia_incluir_mi_objetivo_profesional_en_el_perfil\" >\u00bfDeber\u00eda incluir mi objetivo profesional en el perfil?<\/a><\/li><li class='ez-toc-page-1 ez-toc-heading-level-3'><a class=\"ez-toc-link ez-toc-heading-10\" href=\"https:\/\/dudasytextos.com\/comoseescribebien\/como-escribir-un-perfil-profesional-para-cv\/#%C2%BFDeberia_utilizar_la_primera_persona_en_el_perfil_profesional\" >\u00bfDeber\u00eda utilizar la primera persona en el perfil profesional?<\/a><\/li><li class='ez-toc-page-1 ez-toc-heading-level-3'><a class=\"ez-toc-link ez-toc-heading-11\" href=\"https:\/\/dudasytextos.com\/comoseescribebien\/como-escribir-un-perfil-profesional-para-cv\/#%C2%BFDeberia_incluir_mi_formacion_academica_en_el_perfil_profesional\" >\u00bfDeber\u00eda incluir mi formaci\u00f3n acad\u00e9mica en el perfil profesional?<\/a><\/li><\/ul><\/li><\/ul><\/nav><\/div>\n<h2><span class=\"ez-toc-section\" id=\"Como_escribir_un_perfil_profesional_para_CV\"><\/span>C\u00f3mo escribir un perfil profesional para CV<span class=\"ez-toc-section-end\"><\/span><\/h2>\n<p>\u00bfQuieres que tu CV destaque entre la multitud? El perfil profesional es uno de los primeros elementos que los reclutadores ven en tu CV. En este art\u00edculo, te ense\u00f1amos c\u00f3mo escribir un perfil profesional que llame la atenci\u00f3n de los empleadores y te ayude a conseguir la entrevista de trabajo que deseas.<\/p>\n<section>\n<h2><span class=\"ez-toc-section\" id=\"%C2%BFQue_es_un_perfil_profesional\"><\/span>\u00bfQu\u00e9 es un perfil profesional?<span class=\"ez-toc-section-end\"><\/span><\/h2>\n<p>Un perfil profesional es una secci\u00f3n breve que se encuentra al principio del CV, donde te presentas a ti mismo y destacas tus habilidades, experiencia y logros m\u00e1s relevantes. Es una oportunidad para llamar la atenci\u00f3n de los reclutadores y mostrarles por qu\u00e9 eres el candidato ideal para el puesto.<\/p>\n<ul>\n<li>El perfil profesional debe ser breve, no m\u00e1s de 3-4 frases.<\/li>\n<li>Debe ser personalizado para cada trabajo al que te postulas.<\/li>\n<li>Debe destacar tus habilidades, experiencia y logros relevantes.<\/li>\n<li>Debe ser convincente y mostrar por qu\u00e9 eres el candidato ideal.<\/li>\n<\/ul>\n<p>El perfil profesional es un elemento clave de tu CV, ya que es lo primero que leen los reclutadores. Por lo tanto, es importante que capte su atenci\u00f3n y los <a href=\"https:\/\/dudasytextos.com\/comoseescribebien\/aga-o-haga-como-se-escribe\/\">haga<\/a> querer seguir leyendo tu CV.<\/p>\n<\/section>\n<section>\n<h2><span class=\"ez-toc-section\" id=\"Consejos_para_escribir_un_perfil_profesional_efectivo\"><\/span>Consejos para escribir un perfil profesional efectivo<span class=\"ez-toc-section-end\"><\/span><\/h2>\n<p>A continuaci\u00f3n, te presentamos algunos consejos para escribir un perfil profesional que llame la atenci\u00f3n de los reclutadores:<\/p>\n<ul>\n<li><span class=highlight>Personaliza tu perfil profesional para cada trabajo al que te postulas.<\/span> Investiga la empresa y el puesto al que te postulas para adaptar tu perfil a las necesidades y requisitos espec\u00edficos.<\/li>\n<li><span class=highlight>Destaca tus habilidades y experiencia m\u00e1s relevantes.<\/span> El perfil profesional es una oportunidad para destacar tus fortalezas y lo que puedes aportar al puesto.<\/li>\n<li><span class=highlight>Usa palabras clave relevantes.<\/span> Incluye palabras clave relacionadas con el puesto y la industria para que tu perfil se destaque en las b\u00fasquedas de palabras clave de los reclutadores.<\/li>\n<li><span class=highlight>S\u00e9 breve y claro.<\/span> El perfil profesional debe ser breve y f\u00e1cil de entender. No incluyas informaci\u00f3n irrelevante o confusa.<\/li>\n<li><span class=highlight>Muestra resultados y logros concretos.<\/span> Los empleadores quieren saber qu\u00e9 logros has tenido en trabajos anteriores. Incluye datos concretos y resultados que demuestren tu \u00e9xito.<\/li>\n<li><span class=highlight>Mant\u00e9n tu perfil actualizado.<\/span> A medida que adquieras nuevas habilidades y experiencia, actualiza tu perfil profesional para reflejar tus logros m\u00e1s recientes.<\/li>\n<\/ul>\n<\/section>\n<section>\n<h2><span class=\"ez-toc-section\" id=\"Ejemplos_de_perfiles_profesionales_efectivos\"><\/span>Ejemplos de perfiles profesionales efectivos<span class=\"ez-toc-section-end\"><\/span><\/h2>\n<p>A continuaci\u00f3n, te presentamos algunos ejemplos de perfiles profesionales efectivos:<\/p>\n<blockquote>\n<p>Especialista en marketing digital con experiencia en SEO, SEM y redes sociales. Logr\u00e9 aumentar el tr\u00e1fico del sitio web de la empresa en un 50% en un a\u00f1o y aument\u00e9 las ventas en un 25% a trav\u00e9s de campa\u00f1as publicitarias en l\u00ednea.<\/p>\n<\/blockquote>\n<blockquote>\n<p>Desarrollador web con experiencia en HTML, CSS y JavaScript. He trabajado en proyectos para empresas l\u00edderes en la industria y he creado dise\u00f1os personalizados para satisfacer las necesidades de los clientes. Me apasiona la creaci\u00f3n de sitios web eficaces y atractivos.<\/p>\n<\/blockquote>\n<blockquote>\n<p>Gerente de ventas con m\u00e1s de 10 a\u00f1os de experiencia en la industria. He liderado equipos de ventas exitosos y he aumentado las ventas en un 20% en mi \u00faltimo trabajo. Soy un l\u00edder fuerte y motivador y estoy comprometido con el \u00e9xito de mi equipo.<\/p>\n<\/blockquote>\n<p>Estos ejemplos muestran c\u00f3mo es posible resumir tus habilidades y experiencia de manera efectiva en unas pocas frases. Recuerda personalizar tu perfil profesional para cada trabajo al que te postulas y destacar tus fortalezas m\u00e1s relevantes.<\/p>\n<\/section>\n<section>\n<h2><span class=\"ez-toc-section\" id=\"Mi_experiencia_personal\"><\/span>Mi experiencia personal<span class=\"ez-toc-section-end\"><\/span><\/h2>\n<p>Como reclutadora, he visto muchos perfiles profesionales en mi carrera. Lo m\u00e1s importante que he aprendido es que el perfil profesional debe ser breve, claro y conciso. Los reclutadores no tienen tiempo para leer p\u00e1rrafos largos y aburridos sobre tus habilidades y experiencia. Debes destacar tus fortalezas m\u00e1s relevantes y mostrar c\u00f3mo puedes contribuir al \u00e9xito de la empresa.<\/p>\n<p>En mi experiencia, los perfiles profesionales m\u00e1s efectivos son aquellos que muestran resultados y logros concretos. Por ejemplo, si eres un especialista en marketing digital, en lugar de decir Tengo experiencia en SEO y SEM, deber\u00edas decir Logr\u00e9 aumentar el tr\u00e1fico del sitio web de la empresa en un 50% en un a\u00f1o a trav\u00e9s de t\u00e9cnicas de SEO y SEM. De esta manera, los reclutadores pueden ver c\u00f3mo has contribuido al \u00e9xito de la empresa en el pasado y c\u00f3mo puedes hacerlo en el futuro.<\/p>\n<p>En resumen, el perfil profesional es un elemento clave de tu CV que puede marcar la diferencia entre conseguir una entrevista y ser descartado. Personaliza tu perfil para cada trabajo al que te postulas, destaca tus fortalezas m\u00e1s relevantes y muestra resultados y logros concretos. Si lo haces bien, estar\u00e1s un paso m\u00e1s cerca de conseguir el trabajo de tus sue\u00f1os.<\/p>\n<\/section>\n<section>\n<h2><span class=\"ez-toc-section\" id=\"Preguntas_frecuentes\"><\/span>Preguntas frecuentes<span class=\"ez-toc-section-end\"><\/span><\/h2>\n<h3><span class=\"ez-toc-section\" id=\"%C2%BFCuanto_tiempo_debe_ser_el_perfil_profesional\"><\/span>\u00bfCu\u00e1nto tiempo debe ser el perfil profesional?<span class=\"ez-toc-section-end\"><\/span><\/h3>\n<p>El perfil profesional debe ser breve, no m\u00e1s de 3-4 frases. Debe ser f\u00e1cil de leer y entender para los reclutadores.<\/p>\n<h3><span class=\"ez-toc-section\" id=\"%C2%BFDeberia_incluir_una_foto_en_el_perfil_profesional\"><\/span>\u00bfDeber\u00eda incluir una foto en el perfil profesional?<span class=\"ez-toc-section-end\"><\/span><\/h3>\n<p>No es necesario incluir una foto en el perfil profesional. El objetivo del perfil es destacar tus habilidades y experiencia, no tu apariencia.<\/p>\n<h3><span class=\"ez-toc-section\" id=\"%C2%BFDeberia_incluir_mi_objetivo_profesional_en_el_perfil\"><\/span>\u00bfDeber\u00eda incluir mi objetivo profesional en el perfil?<span class=\"ez-toc-section-end\"><\/span><\/h3>\n<p>No es necesario incluir tu objetivo profesional en el perfil. El objetivo del perfil es destacar tus habilidades y experiencia relevantes para el puesto al que te postulas.<\/p>\n<h3><span class=\"ez-toc-section\" id=\"%C2%BFDeberia_utilizar_la_primera_persona_en_el_perfil_profesional\"><\/span>\u00bfDeber\u00eda utilizar la primera persona en el perfil profesional?<span class=\"ez-toc-section-end\"><\/span><\/h3>\n<p>S\u00ed, es recomendable utilizar la primera persona en el perfil profesional. Esto ayuda a personalizar tu perfil y a destacar tus habilidades y experiencia de manera m\u00e1s efectiva.<\/p>\n<h3><span class=\"ez-toc-section\" id=\"%C2%BFDeberia_incluir_mi_formacion_academica_en_el_perfil_profesional\"><\/span>\u00bfDeber\u00eda incluir mi formaci\u00f3n acad\u00e9mica en el perfil profesional?<span class=\"ez-toc-section-end\"><\/span><\/h3>\n<p>No es necesario incluir tu formaci\u00f3n acad\u00e9mica en el perfil profesional, a menos que sea relevante para el puesto al que te postulas.<\/p>\n<\/section>\n<footer class=text-center>\n<p>Escrito por Ana Gonz\u00e1lez<\/p>\n<\/footer>\n","protected":false},"excerpt":{"rendered":"<p>C\u00f3mo escribir un perfil profesional para CV \u00bfQuieres que tu CV destaque entre la multitud? El perfil profesional es uno de los primeros elementos que los reclutadores ven en tu CV. En este art\u00edculo, te ense\u00f1amos c\u00f3mo escribir un perfil profesional que llame la atenci\u00f3n de los empleadores y te ayude a conseguir la entrevista &#8230; <a title=\"Como escribir un perfil profesional para cv\" class=\"read-more\" href=\"https:\/\/dudasytextos.com\/comoseescribebien\/como-escribir-un-perfil-profesional-para-cv\/\" aria-label=\"M\u00e1s en Como escribir un perfil profesional para cv\">Leer m\u00e1s<\/a><\/p>\n","protected":false},"author":1,"featured_media":0,"comment_status":"open","ping_status":"open","sticky":false,"template":"","format":"standard","meta":{"footnotes":""},"categories":[4],"tags":[],"class_list":["post-102942","post","type-post","status-publish","format-standard","hentry","category-como-se-escribe"],"aioseo_notices":[],"aioseo_head":"\n\t\t<!-- All in One SEO 5.0.1.1 - aioseo.com -->\n\t<meta name=\"description\" content=\"C\u00f3mo escribir un perfil profesional para CV \u00bfQuieres que tu CV destaque entre la multitud? El perfil profesional es uno de los primeros elementos que los reclutadores ven en tu CV. En este art\u00edculo, te ense\u00f1amos c\u00f3mo escribir un perfil profesional que llame la atenci\u00f3n de los empleadores y te ayude a conseguir la entrevista\" \/>\n\t<meta name=\"robots\" content=\"max-snippet:-1, max-image-preview:large, max-video-preview:-1\" \/>\n\t<meta name=\"author\" content=\"Ana Gonz\u00e1lez\"\/>\n\t<link rel=\"canonical\" href=\"https:\/\/dudasytextos.com\/comoseescribebien\/como-escribir-un-perfil-profesional-para-cv\/\" \/>\n\t<meta name=\"generator\" content=\"All in One SEO (AIOSEO) 5.0.1.1\" \/>\n\n\t\t<!-- Google tag (gtag.js) -->\n<script async src=\"https:\/\/www.googletagmanager.com\/gtag\/js?id=G-VB1K52V996\"><\/script>\n<script>\n  window.dataLayer = window.dataLayer || [];\n  function gtag(){dataLayer.push(arguments);}\n  gtag('js', new Date());\n\n  gtag('config', 'G-VB1K52V996');\n<\/script>\n<script async src=\"https:\/\/pagead2.googlesyndication.com\/pagead\/js\/adsbygoogle.js?client=ca-pub-3987500858204711\"\n     crossorigin=\"anonymous\"><\/script>\n\t\t<meta property=\"og:locale\" content=\"es_ES\" \/>\n\t\t<meta property=\"og:site_name\" content=\"\u00bfC\u00f3mo se escribe? Escribir bien - \u00bfC\u00f3mo se escribe? Escribir bien\" \/>\n\t\t<meta property=\"og:type\" content=\"article\" \/>\n\t\t<meta property=\"og:title\" content=\"Como escribir un perfil profesional para cv (2026) \u00bfC\u00f3mo se escribe? Escribir bien\" \/>\n\t\t<meta property=\"og:description\" content=\"C\u00f3mo escribir un perfil profesional para CV \u00bfQuieres que tu CV destaque entre la multitud? El perfil profesional es uno de los primeros elementos que los reclutadores ven en tu CV. En este art\u00edculo, te ense\u00f1amos c\u00f3mo escribir un perfil profesional que llame la atenci\u00f3n de los empleadores y te ayude a conseguir la entrevista\" \/>\n\t\t<meta property=\"og:url\" content=\"https:\/\/dudasytextos.com\/comoseescribebien\/como-escribir-un-perfil-profesional-para-cv\/\" \/>\n\t\t<meta property=\"article:published_time\" content=\"2025-02-18T18:40:09+00:00\" \/>\n\t\t<meta property=\"article:modified_time\" content=\"2025-03-12T15:12:41+00:00\" \/>\n\t\t<meta name=\"twitter:card\" content=\"summary_large_image\" \/>\n\t\t<meta name=\"twitter:title\" content=\"Como escribir un perfil profesional para cv (2026) \u00bfC\u00f3mo se escribe? Escribir bien\" \/>\n\t\t<meta name=\"twitter:description\" content=\"C\u00f3mo escribir un perfil profesional para CV \u00bfQuieres que tu CV destaque entre la multitud? El perfil profesional es uno de los primeros elementos que los reclutadores ven en tu CV. En este art\u00edculo, te ense\u00f1amos c\u00f3mo escribir un perfil profesional que llame la atenci\u00f3n de los empleadores y te ayude a conseguir la entrevista\" \/>\n\t\t<script type=\"application\/ld+json\" class=\"aioseo-schema\">\n\t\t\t{\"@context\":\"https:\\\/\\\/schema.org\",\"@graph\":[{\"@type\":\"BlogPosting\",\"@id\":\"https:\\\/\\\/dudasytextos.com\\\/comoseescribebien\\\/como-escribir-un-perfil-profesional-para-cv\\\/#blogposting\",\"name\":\"Como escribir un perfil profesional para cv (2026) \\u00bfC\\u00f3mo se escribe? Escribir bien\",\"headline\":\"Como escribir un perfil profesional para cv\",\"author\":{\"@id\":\"https:\\\/\\\/dudasytextos.com\\\/comoseescribebien\\\/author\\\/admin23\\\/#author\"},\"publisher\":{\"@id\":\"https:\\\/\\\/dudasytextos.com\\\/comoseescribebien\\\/#organization\"},\"datePublished\":\"2025-02-18T18:40:09+00:00\",\"dateModified\":\"2025-03-12T15:12:41+00:00\",\"inLanguage\":\"es-ES\",\"mainEntityOfPage\":{\"@id\":\"https:\\\/\\\/dudasytextos.com\\\/comoseescribebien\\\/como-escribir-un-perfil-profesional-para-cv\\\/#webpage\"},\"isPartOf\":{\"@id\":\"https:\\\/\\\/dudasytextos.com\\\/comoseescribebien\\\/como-escribir-un-perfil-profesional-para-cv\\\/#webpage\"},\"articleSection\":\"\\u00bfC\\u00f3mo se escribe?\"},{\"@type\":\"BreadcrumbList\",\"@id\":\"https:\\\/\\\/dudasytextos.com\\\/comoseescribebien\\\/como-escribir-un-perfil-profesional-para-cv\\\/#breadcrumblist\",\"itemListElement\":[{\"@type\":\"ListItem\",\"@id\":\"https:\\\/\\\/dudasytextos.com\\\/comoseescribebien#listItem\",\"position\":1,\"name\":\"Home\",\"item\":\"https:\\\/\\\/dudasytextos.com\\\/comoseescribebien\",\"nextItem\":{\"@type\":\"ListItem\",\"@id\":\"https:\\\/\\\/dudasytextos.com\\\/comoseescribebien\\\/category\\\/como-se-escribe\\\/#listItem\",\"name\":\"\\u00bfC\\u00f3mo se escribe?\"}},{\"@type\":\"ListItem\",\"@id\":\"https:\\\/\\\/dudasytextos.com\\\/comoseescribebien\\\/category\\\/como-se-escribe\\\/#listItem\",\"position\":2,\"name\":\"\\u00bfC\\u00f3mo se escribe?\",\"item\":\"https:\\\/\\\/dudasytextos.com\\\/comoseescribebien\\\/category\\\/como-se-escribe\\\/\",\"nextItem\":{\"@type\":\"ListItem\",\"@id\":\"https:\\\/\\\/dudasytextos.com\\\/comoseescribebien\\\/como-escribir-un-perfil-profesional-para-cv\\\/#listItem\",\"name\":\"Como escribir un perfil profesional para cv\"},\"previousItem\":{\"@type\":\"ListItem\",\"@id\":\"https:\\\/\\\/dudasytextos.com\\\/comoseescribebien#listItem\",\"name\":\"Home\"}},{\"@type\":\"ListItem\",\"@id\":\"https:\\\/\\\/dudasytextos.com\\\/comoseescribebien\\\/como-escribir-un-perfil-profesional-para-cv\\\/#listItem\",\"position\":3,\"name\":\"Como escribir un perfil profesional para cv\",\"previousItem\":{\"@type\":\"ListItem\",\"@id\":\"https:\\\/\\\/dudasytextos.com\\\/comoseescribebien\\\/category\\\/como-se-escribe\\\/#listItem\",\"name\":\"\\u00bfC\\u00f3mo se escribe?\"}}]},{\"@type\":\"Organization\",\"@id\":\"https:\\\/\\\/dudasytextos.com\\\/comoseescribebien\\\/#organization\",\"name\":\"Recipes\",\"description\":\"\\u00bfC\\u00f3mo se escribe? Escribir bien\",\"url\":\"https:\\\/\\\/dudasytextos.com\\\/comoseescribebien\\\/\"},{\"@type\":\"Person\",\"@id\":\"https:\\\/\\\/dudasytextos.com\\\/comoseescribebien\\\/author\\\/admin23\\\/#author\",\"url\":\"https:\\\/\\\/dudasytextos.com\\\/comoseescribebien\\\/author\\\/admin23\\\/\",\"name\":\"Ana Gonz\\u00e1lez\"},{\"@type\":\"WebPage\",\"@id\":\"https:\\\/\\\/dudasytextos.com\\\/comoseescribebien\\\/como-escribir-un-perfil-profesional-para-cv\\\/#webpage\",\"url\":\"https:\\\/\\\/dudasytextos.com\\\/comoseescribebien\\\/como-escribir-un-perfil-profesional-para-cv\\\/\",\"name\":\"Como escribir un perfil profesional para cv (2026) \\u00bfC\\u00f3mo se escribe? Escribir bien\",\"description\":\"C\\u00f3mo escribir un perfil profesional para CV \\u00bfQuieres que tu CV destaque entre la multitud? El perfil profesional es uno de los primeros elementos que los reclutadores ven en tu CV. En este art\\u00edculo, te ense\\u00f1amos c\\u00f3mo escribir un perfil profesional que llame la atenci\\u00f3n de los empleadores y te ayude a conseguir la entrevista\",\"inLanguage\":\"es-ES\",\"isPartOf\":{\"@id\":\"https:\\\/\\\/dudasytextos.com\\\/comoseescribebien\\\/#website\"},\"breadcrumb\":{\"@id\":\"https:\\\/\\\/dudasytextos.com\\\/comoseescribebien\\\/como-escribir-un-perfil-profesional-para-cv\\\/#breadcrumblist\"},\"author\":{\"@id\":\"https:\\\/\\\/dudasytextos.com\\\/comoseescribebien\\\/author\\\/admin23\\\/#author\"},\"creator\":{\"@id\":\"https:\\\/\\\/dudasytextos.com\\\/comoseescribebien\\\/author\\\/admin23\\\/#author\"},\"datePublished\":\"2025-02-18T18:40:09+00:00\",\"dateModified\":\"2025-03-12T15:12:41+00:00\"},{\"@type\":\"WebSite\",\"@id\":\"https:\\\/\\\/dudasytextos.com\\\/comoseescribebien\\\/#website\",\"url\":\"https:\\\/\\\/dudasytextos.com\\\/comoseescribebien\\\/\",\"name\":\"Recipes\",\"description\":\"\\u00bfC\\u00f3mo se escribe? Escribir bien\",\"inLanguage\":\"es-ES\",\"publisher\":{\"@id\":\"https:\\\/\\\/dudasytextos.com\\\/comoseescribebien\\\/#organization\"}}]}\n\t\t<\/script>\n\t\t<!-- All in One SEO -->\n\n","aioseo_head_json":{"title":"Como escribir un perfil profesional para cv (2026) \u00bfC\u00f3mo se escribe? Escribir bien","description":"C\u00f3mo escribir un perfil profesional para CV \u00bfQuieres que tu CV destaque entre la multitud? El perfil profesional es uno de los primeros elementos que los reclutadores ven en tu CV. En este art\u00edculo, te ense\u00f1amos c\u00f3mo escribir un perfil profesional que llame la atenci\u00f3n de los empleadores y te ayude a conseguir la entrevista","canonical_url":"https:\/\/dudasytextos.com\/comoseescribebien\/como-escribir-un-perfil-profesional-para-cv\/","robots":"max-snippet:-1, max-image-preview:large, max-video-preview:-1","keywords":"","webmasterTools":{"miscellaneous":"&lt;!-- Google tag (gtag.js) --&gt;\n&lt;script async src=\"https:\/\/www.googletagmanager.com\/gtag\/js?id=G-VB1K52V996\"&gt;&lt;\/script&gt;\n&lt;script&gt;\n  window.dataLayer = window.dataLayer || [];\n  function gtag(){dataLayer.push(arguments);}\n  gtag('js', new Date());\n\n  gtag('config', 'G-VB1K52V996');\n&lt;\/script&gt;\n&lt;script async src=\"https:\/\/pagead2.googlesyndication.com\/pagead\/js\/adsbygoogle.js?client=ca-pub-3987500858204711\"\n     crossorigin=\"anonymous\"&gt;&lt;\/script&gt;"},"schema":{"@context":"https:\/\/schema.org","@graph":[{"@type":"BlogPosting","@id":"https:\/\/dudasytextos.com\/comoseescribebien\/como-escribir-un-perfil-profesional-para-cv\/#blogposting","name":"Como escribir un perfil profesional para cv (2026) \u00bfC\u00f3mo se escribe? Escribir bien","headline":"Como escribir un perfil profesional para cv","author":{"@id":"https:\/\/dudasytextos.com\/comoseescribebien\/author\/admin23\/#author"},"publisher":{"@id":"https:\/\/dudasytextos.com\/comoseescribebien\/#organization"},"datePublished":"2025-02-18T18:40:09+00:00","dateModified":"2025-03-12T15:12:41+00:00","inLanguage":"es-ES","mainEntityOfPage":{"@id":"https:\/\/dudasytextos.com\/comoseescribebien\/como-escribir-un-perfil-profesional-para-cv\/#webpage"},"isPartOf":{"@id":"https:\/\/dudasytextos.com\/comoseescribebien\/como-escribir-un-perfil-profesional-para-cv\/#webpage"},"articleSection":"\u00bfC\u00f3mo se escribe?"},{"@type":"BreadcrumbList","@id":"https:\/\/dudasytextos.com\/comoseescribebien\/como-escribir-un-perfil-profesional-para-cv\/#breadcrumblist","itemListElement":[{"@type":"ListItem","@id":"https:\/\/dudasytextos.com\/comoseescribebien#listItem","position":1,"name":"Home","item":"https:\/\/dudasytextos.com\/comoseescribebien","nextItem":{"@type":"ListItem","@id":"https:\/\/dudasytextos.com\/comoseescribebien\/category\/como-se-escribe\/#listItem","name":"\u00bfC\u00f3mo se escribe?"}},{"@type":"ListItem","@id":"https:\/\/dudasytextos.com\/comoseescribebien\/category\/como-se-escribe\/#listItem","position":2,"name":"\u00bfC\u00f3mo se escribe?","item":"https:\/\/dudasytextos.com\/comoseescribebien\/category\/como-se-escribe\/","nextItem":{"@type":"ListItem","@id":"https:\/\/dudasytextos.com\/comoseescribebien\/como-escribir-un-perfil-profesional-para-cv\/#listItem","name":"Como escribir un perfil profesional para cv"},"previousItem":{"@type":"ListItem","@id":"https:\/\/dudasytextos.com\/comoseescribebien#listItem","name":"Home"}},{"@type":"ListItem","@id":"https:\/\/dudasytextos.com\/comoseescribebien\/como-escribir-un-perfil-profesional-para-cv\/#listItem","position":3,"name":"Como escribir un perfil profesional para cv","previousItem":{"@type":"ListItem","@id":"https:\/\/dudasytextos.com\/comoseescribebien\/category\/como-se-escribe\/#listItem","name":"\u00bfC\u00f3mo se escribe?"}}]},{"@type":"Organization","@id":"https:\/\/dudasytextos.com\/comoseescribebien\/#organization","name":"Recipes","description":"\u00bfC\u00f3mo se escribe? Escribir bien","url":"https:\/\/dudasytextos.com\/comoseescribebien\/"},{"@type":"Person","@id":"https:\/\/dudasytextos.com\/comoseescribebien\/author\/admin23\/#author","url":"https:\/\/dudasytextos.com\/comoseescribebien\/author\/admin23\/","name":"Ana Gonz\u00e1lez"},{"@type":"WebPage","@id":"https:\/\/dudasytextos.com\/comoseescribebien\/como-escribir-un-perfil-profesional-para-cv\/#webpage","url":"https:\/\/dudasytextos.com\/comoseescribebien\/como-escribir-un-perfil-profesional-para-cv\/","name":"Como escribir un perfil profesional para cv (2026) \u00bfC\u00f3mo se escribe? Escribir bien","description":"C\u00f3mo escribir un perfil profesional para CV \u00bfQuieres que tu CV destaque entre la multitud? El perfil profesional es uno de los primeros elementos que los reclutadores ven en tu CV. En este art\u00edculo, te ense\u00f1amos c\u00f3mo escribir un perfil profesional que llame la atenci\u00f3n de los empleadores y te ayude a conseguir la entrevista","inLanguage":"es-ES","isPartOf":{"@id":"https:\/\/dudasytextos.com\/comoseescribebien\/#website"},"breadcrumb":{"@id":"https:\/\/dudasytextos.com\/comoseescribebien\/como-escribir-un-perfil-profesional-para-cv\/#breadcrumblist"},"author":{"@id":"https:\/\/dudasytextos.com\/comoseescribebien\/author\/admin23\/#author"},"creator":{"@id":"https:\/\/dudasytextos.com\/comoseescribebien\/author\/admin23\/#author"},"datePublished":"2025-02-18T18:40:09+00:00","dateModified":"2025-03-12T15:12:41+00:00"},{"@type":"WebSite","@id":"https:\/\/dudasytextos.com\/comoseescribebien\/#website","url":"https:\/\/dudasytextos.com\/comoseescribebien\/","name":"Recipes","description":"\u00bfC\u00f3mo se escribe? Escribir bien","inLanguage":"es-ES","publisher":{"@id":"https:\/\/dudasytextos.com\/comoseescribebien\/#organization"}}]},"og:locale":"es_ES","og:site_name":"\u00bfC\u00f3mo se escribe? Escribir bien - \u00bfC\u00f3mo se escribe? Escribir bien","og:type":"article","og:title":"Como escribir un perfil profesional para cv (2026) \u00bfC\u00f3mo se escribe? Escribir bien","og:description":"C\u00f3mo escribir un perfil profesional para CV \u00bfQuieres que tu CV destaque entre la multitud? El perfil profesional es uno de los primeros elementos que los reclutadores ven en tu CV. En este art\u00edculo, te ense\u00f1amos c\u00f3mo escribir un perfil profesional que llame la atenci\u00f3n de los empleadores y te ayude a conseguir la entrevista","og:url":"https:\/\/dudasytextos.com\/comoseescribebien\/como-escribir-un-perfil-profesional-para-cv\/","article:published_time":"2025-02-18T18:40:09+00:00","article:modified_time":"2025-03-12T15:12:41+00:00","twitter:card":"summary_large_image","twitter:title":"Como escribir un perfil profesional para cv (2026) \u00bfC\u00f3mo se escribe? Escribir bien","twitter:description":"C\u00f3mo escribir un perfil profesional para CV \u00bfQuieres que tu CV destaque entre la multitud? El perfil profesional es uno de los primeros elementos que los reclutadores ven en tu CV. En este art\u00edculo, te ense\u00f1amos c\u00f3mo escribir un perfil profesional que llame la atenci\u00f3n de los empleadores y te ayude a conseguir la entrevista"},"aioseo_meta_data":{"post_id":"102942","title":null,"description":null,"keywords":null,"keyphrases":null,"primary_term":null,"canonical_url":null,"og_title":null,"og_description":null,"og_object_type":"default","og_image_type":"default","og_image_url":null,"og_image_width":null,"og_image_height":null,"og_image_custom_url":null,"og_image_custom_fields":null,"og_video":null,"og_custom_url":null,"og_article_section":null,"og_article_tags":null,"twitter_use_og":false,"twitter_card":"default","twitter_image_type":"default","twitter_image_url":null,"twitter_image_custom_url":null,"twitter_image_custom_fields":null,"twitter_title":null,"twitter_description":null,"schema":{"blockGraphs":[],"customGraphs":[],"default":{"data":{"Article":[],"Course":[],"Dataset":[],"FAQPage":[],"Movie":[],"Person":[],"Product":[],"ProductReview":[],"Car":[],"Recipe":[],"Service":[],"SoftwareApplication":[],"WebPage":[]},"graphName":"","isEnabled":true},"graphs":[]},"schema_type":"default","schema_type_options":null,"pillar_content":false,"robots_default":true,"robots_noindex":false,"robots_noarchive":false,"robots_nosnippet":false,"robots_nofollow":false,"robots_noimageindex":false,"robots_noodp":false,"robots_notranslate":false,"robots_max_snippet":null,"robots_max_videopreview":null,"robots_max_imagepreview":"large","priority":null,"frequency":null,"local_seo":null,"breadcrumb_settings":null,"limit_modified_date":false,"ai":null,"created":"2023-05-09 09:18:09","updated":"2025-06-04 02:55:58","seo_analyzer_scan_date":null,"focus_keyword":null,"additional_keywords":null,"truseo_locale":null},"aioseo_breadcrumb":"<div class=\"aioseo-breadcrumbs\"><span class=\"aioseo-breadcrumb\">\n\t\t\t<a href=\"https:\/\/dudasytextos.com\/comoseescribebien\" title=\"Home\">Home<\/a>\n\t\t<\/span><span class=\"aioseo-breadcrumb-separator\">&raquo;<\/span><span class=\"aioseo-breadcrumb\">\n\t\t\t<a href=\"https:\/\/dudasytextos.com\/comoseescribebien\/category\/como-se-escribe\/\" title=\"\u00bfC\u00f3mo se escribe?\">\u00bfC\u00f3mo se escribe?<\/a>\n\t\t<\/span><span class=\"aioseo-breadcrumb-separator\">&raquo;<\/span><span class=\"aioseo-breadcrumb\">\n\t\t\tComo escribir un perfil profesional para cv\n\t\t<\/span><\/div>","aioseo_breadcrumb_json":[{"label":"Home","link":"https:\/\/dudasytextos.com\/comoseescribebien"},{"label":"\u00bfC\u00f3mo se escribe?","link":"https:\/\/dudasytextos.com\/comoseescribebien\/category\/como-se-escribe\/"},{"label":"Como escribir un perfil profesional para cv","link":"https:\/\/dudasytextos.com\/comoseescribebien\/como-escribir-un-perfil-profesional-para-cv\/"}],"_links":{"self":[{"href":"https:\/\/dudasytextos.com\/comoseescribebien\/wp-json\/wp\/v2\/posts\/102942","targetHints":{"allow":["GET"]}}],"collection":[{"href":"https:\/\/dudasytextos.com\/comoseescribebien\/wp-json\/wp\/v2\/posts"}],"about":[{"href":"https:\/\/dudasytextos.com\/comoseescribebien\/wp-json\/wp\/v2\/types\/post"}],"author":[{"embeddable":true,"href":"https:\/\/dudasytextos.com\/comoseescribebien\/wp-json\/wp\/v2\/users\/1"}],"replies":[{"embeddable":true,"href":"https:\/\/dudasytextos.com\/comoseescribebien\/wp-json\/wp\/v2\/comments?post=102942"}],"version-history":[{"count":1,"href":"https:\/\/dudasytextos.com\/comoseescribebien\/wp-json\/wp\/v2\/posts\/102942\/revisions"}],"predecessor-version":[{"id":103825,"href":"https:\/\/dudasytextos.com\/comoseescribebien\/wp-json\/wp\/v2\/posts\/102942\/revisions\/103825"}],"wp:attachment":[{"href":"https:\/\/dudasytextos.com\/comoseescribebien\/wp-json\/wp\/v2\/media?parent=102942"}],"wp:term":[{"taxonomy":"category","embeddable":true,"href":"https:\/\/dudasytextos.com\/comoseescribebien\/wp-json\/wp\/v2\/categories?post=102942"},{"taxonomy":"post_tag","embeddable":true,"href":"https:\/\/dudasytextos.com\/comoseescribebien\/wp-json\/wp\/v2\/tags?post=102942"}],"curies":[{"name":"wp","href":"https:\/\/api.w.org\/{rel}","templated":true}]}}