{"id":81347,"date":"2025-02-16T12:43:50","date_gmt":"2025-02-16T12:43:50","guid":{"rendered":"https:\/\/soleyantonio.es\/como-usar-el-tonico-facial\/"},"modified":"2025-03-13T06:41:00","modified_gmt":"2025-03-13T06:41:00","slug":"como-usar-el-tonico-facial","status":"publish","type":"post","link":"https:\/\/dudasytextos.com\/comousar\/como-usar-el-tonico-facial\/","title":{"rendered":"C\u00f3mo usar el tonico facial"},"content":{"rendered":"<div id=\"ez-toc-container\" class=\"ez-toc-v2_0_87 counter-hierarchy ez-toc-counter ez-toc-custom ez-toc-container-direction\">\n<div class=\"ez-toc-title-container\">\n<span class=\"ez-toc-title-toggle\"><\/span><\/div>\n<nav><ul class='ez-toc-list ez-toc-list-level-1 ' ><li class='ez-toc-page-1 ez-toc-heading-level-2'><a class=\"ez-toc-link ez-toc-heading-1\" href=\"https:\/\/dudasytextos.com\/comousar\/como-usar-el-tonico-facial\/#Como_usar_el_tonico_facial_%E2%80%93_Guia_completa\" >C\u00f3mo usar el t\u00f3nico facial &#8211; Gu\u00eda completa<\/a><\/li><li class='ez-toc-page-1 ez-toc-heading-level-2'><a class=\"ez-toc-link ez-toc-heading-2\" href=\"https:\/\/dudasytextos.com\/comousar\/como-usar-el-tonico-facial\/#%C2%BFQue_es_un_tonico_facial\" >\u00bfQu\u00e9 es un t\u00f3nico facial?<\/a><\/li><li class='ez-toc-page-1 ez-toc-heading-level-2'><a class=\"ez-toc-link ez-toc-heading-3\" href=\"https:\/\/dudasytextos.com\/comousar\/como-usar-el-tonico-facial\/#Beneficios_del_uso_del_tonico_facial\" >Beneficios del uso del t\u00f3nico facial<\/a><\/li><li class='ez-toc-page-1 ez-toc-heading-level-2'><a class=\"ez-toc-link ez-toc-heading-4\" href=\"https:\/\/dudasytextos.com\/comousar\/como-usar-el-tonico-facial\/#Como_elegir_el_tonico_facial_adecuado_para_tu_tipo_de_piel\" >C\u00f3mo elegir el t\u00f3nico facial adecuado para tu tipo de piel<\/a><\/li><li class='ez-toc-page-1 ez-toc-heading-level-2'><a class=\"ez-toc-link ez-toc-heading-5\" href=\"https:\/\/dudasytextos.com\/comousar\/como-usar-el-tonico-facial\/#Pasos_para_usar_el_tonico_facial_correctamente\" >Pasos para usar el t\u00f3nico facial correctamente<\/a><\/li><li class='ez-toc-page-1 ez-toc-heading-level-2'><a class=\"ez-toc-link ez-toc-heading-6\" href=\"https:\/\/dudasytextos.com\/comousar\/como-usar-el-tonico-facial\/#Tips_y_recomendaciones_para_obtener_mejores_resultados\" >Tips y recomendaciones para obtener mejores resultados<\/a><\/li><li class='ez-toc-page-1 ez-toc-heading-level-2'><a class=\"ez-toc-link ez-toc-heading-7\" href=\"https:\/\/dudasytextos.com\/comousar\/como-usar-el-tonico-facial\/#Preguntas_frecuentes\" >Preguntas frecuentes<\/a><ul class='ez-toc-list-level-3' ><li class='ez-toc-heading-level-3'><a class=\"ez-toc-link ez-toc-heading-8\" href=\"https:\/\/dudasytextos.com\/comousar\/como-usar-el-tonico-facial\/#%C2%BFCual_es_la_diferencia_entre_un_tonico_facial_y_un_tonico_limpiador\" >\u00bfCu\u00e1l es la diferencia entre un t\u00f3nico facial y un t\u00f3nico limpiador?<\/a><\/li><li class='ez-toc-page-1 ez-toc-heading-level-3'><a class=\"ez-toc-link ez-toc-heading-9\" href=\"https:\/\/dudasytextos.com\/comousar\/como-usar-el-tonico-facial\/#%C2%BFPuedo_usar_el_tonico_facial_si_tengo_la_piel_sensible\" >\u00bfPuedo usar el t\u00f3nico facial si tengo la piel sensible?<\/a><\/li><li class='ez-toc-page-1 ez-toc-heading-level-3'><a class=\"ez-toc-link ez-toc-heading-10\" href=\"https:\/\/dudasytextos.com\/comousar\/como-usar-el-tonico-facial\/#%C2%BFCuando_debo_aplicar_el_tonico_facial_antes_o_despues_del_suero\" >\u00bfCu\u00e1ndo debo aplicar el t\u00f3nico facial, antes o despu\u00e9s del suero?<\/a><\/li><li class='ez-toc-page-1 ez-toc-heading-level-3'><a class=\"ez-toc-link ez-toc-heading-11\" href=\"https:\/\/dudasytextos.com\/comousar\/como-usar-el-tonico-facial\/#%C2%BFPuedo_usar_el_tonico_facial_en_el_cuerpo\" >\u00bfPuedo usar el t\u00f3nico facial en el cuerpo?<\/a><\/li><\/ul><\/li><\/ul><\/nav><\/div>\n<h2><span class=\"ez-toc-section\" id=\"Como_usar_el_tonico_facial_%E2%80%93_Guia_completa\"><\/span>C\u00f3mo usar el t\u00f3nico facial &#8211; Gu\u00eda completa<span class=\"ez-toc-section-end\"><\/span><\/h2>\n<p>\u00a1Hola! Soy Ana Gonz\u00e1lez y en este art\u00edculo te voy a contar todo lo que necesitas saber sobre c\u00f3mo usar el t\u00f3nico facial. Si quieres tener una piel radiante y saludable, el t\u00f3nico facial es un paso importante en tu rutina de cuidado de la piel. A continuaci\u00f3n, te presento los principales puntos que vamos a tratar:<\/p>\n<ul>\n<li>\u00bfQu\u00e9 es un t\u00f3nico facial?<\/li>\n<li>Beneficios del uso del t\u00f3nico facial<\/li>\n<li>C\u00f3mo elegir el t\u00f3nico facial adecuado para tu tipo de piel<\/li>\n<li>Pasos para usar el t\u00f3nico facial correctamente<\/li>\n<li>Tips y recomendaciones para obtener mejores resultados<\/li>\n<\/ul>\n<h2><span class=\"ez-toc-section\" id=\"%C2%BFQue_es_un_tonico_facial\"><\/span>\u00bfQu\u00e9 es un t\u00f3nico facial?<span class=\"ez-toc-section-end\"><\/span><\/h2>\n<p>El t\u00f3nico facial es un producto l\u00edquido que se utiliza despu\u00e9s de la limpieza facial para equilibrar el pH de la piel y prepararla para recibir los siguientes productos de cuidado facial. Suele contener ingredientes como agua, extractos de plantas, vitaminas y \u00e1cido hialur\u00f3nico, entre otros.<\/p>\n<h2><span class=\"ez-toc-section\" id=\"Beneficios_del_uso_del_tonico_facial\"><\/span>Beneficios del uso del t\u00f3nico facial<span class=\"ez-toc-section-end\"><\/span><\/h2>\n<p>El uso del t\u00f3nico facial tiene numerosos beneficios para la piel, entre los que se incluyen:<\/p>\n<ul>\n<li>Refresca y tonifica la piel<\/li>\n<li>Ayuda a cerrar los poros y reducir su apariencia<\/li>\n<li>Equilibra el pH de la piel<\/li>\n<li>Prepara la piel para recibir mejor los productos de cuidado facial<\/li>\n<li>Hidrata y suaviza la piel<\/li>\n<li>Ayuda a controlar el exceso de grasa<\/li>\n<\/ul>\n<h2><span class=\"ez-toc-section\" id=\"Como_elegir_el_tonico_facial_adecuado_para_tu_tipo_de_piel\"><\/span>C\u00f3mo elegir el t\u00f3nico facial adecuado para tu tipo de piel<span class=\"ez-toc-section-end\"><\/span><\/h2>\n<p>Cada tipo de piel tiene diferentes necesidades, por lo que es importante elegir el t\u00f3nico facial adecuado seg\u00fan tu tipo de piel. A continuaci\u00f3n, te doy algunas pautas generales:<\/p>\n<ul>\n<li>Para pieles secas: busca un t\u00f3nico facial hidratante y suave que no contenga alcohol.<\/li>\n<li>Para pieles grasas: elige un t\u00f3nico facial que tenga propiedades matificantes y reguladoras del sebo.<\/li>\n<li>Para pieles sensibles: opta por un t\u00f3nico facial suave y sin fragancias a\u00f1adidas.<\/li>\n<li>Para pieles mixtas: busca un t\u00f3nico facial que equilibre la hidrataci\u00f3n y controle la grasa en la zona T.<\/li>\n<\/ul>\n<h2><span class=\"ez-toc-section\" id=\"Pasos_para_usar_el_tonico_facial_correctamente\"><\/span>Pasos para usar el t\u00f3nico facial correctamente<span class=\"ez-toc-section-end\"><\/span><\/h2>\n<p>Usar el t\u00f3nico facial de manera correcta es fundamental para obtener los mejores resultados. Sigue estos pasos sencillos:<\/p>\n<ol>\n<li>Limpia tu rostro con un limpiador facial suave y enju\u00e1galo con agua tibia.<\/li>\n<li>Aplica una peque\u00f1a cantidad de t\u00f3nico facial en un algod\u00f3n o directamente en tus manos.<\/li>\n<li>Desliza suavemente el algod\u00f3n o tus manos sobre tu rostro, evitando el \u00e1rea de los ojos.<\/li>\n<li>Deja que el t\u00f3nico facial se absorba por completo antes de aplicar cualquier otro producto.<\/li>\n<li>Contin\u00faa con tu rutina de cuidado facial habitual, como la aplicaci\u00f3n de sueros, cremas hidratantes y protectores solares.<\/li>\n<\/ol>\n<h2><span class=\"ez-toc-section\" id=\"Tips_y_recomendaciones_para_obtener_mejores_resultados\"><\/span>Tips y recomendaciones para obtener mejores resultados<span class=\"ez-toc-section-end\"><\/span><\/h2>\n<p>Aqu\u00ed tienes algunos consejos y recomendaciones para aprovechar al m\u00e1ximo el uso del t\u00f3nico facial:<\/p>\n<ul>\n<li>Utiliza el t\u00f3nico facial dos veces al d\u00eda, por la ma\u00f1ana y por la noche, despu\u00e9s de la limpieza facial.<\/li>\n<li>Evita frotar con fuerza el t\u00f3nico facial sobre tu piel, ya que esto puede causar irritaci\u00f3n.<\/li>\n<li>Si tienes la piel sensible, realiza una prueba en una peque\u00f1a \u00e1rea antes de aplicar el t\u00f3nico facial en todo el rostro.<\/li>\n<li>Siempre aplica el t\u00f3nico facial en movimientos ascendentes para ayudar a reafirmar la piel.<\/li>\n<li>No olvides aplicar el t\u00f3nico facial en el cuello y el escote, ya que estas \u00e1reas tambi\u00e9n se benefician de sus propiedades.<\/li>\n<\/ul>\n<p>\u00a1Recuerda que la constancia es clave para obtener resultados visibles! As\u00ed que no te desanimes si no ves cambios inmediatos, la piel necesita tiempo para adaptarse y mostrar mejoras.<\/p>\n<p>Espero que esta gu\u00eda completa sobre c\u00f3mo usar el t\u00f3nico facial te haya sido \u00fatil. Si tienes alguna pregunta o quieres compartir tu experiencia, d\u00e9jame un comentario a continuaci\u00f3n. \u00a1Tu opini\u00f3n es importante para m\u00ed!<\/p>\n<h2><span class=\"ez-toc-section\" id=\"Preguntas_frecuentes\"><\/span>Preguntas frecuentes<span class=\"ez-toc-section-end\"><\/span><\/h2>\n<h3><span class=\"ez-toc-section\" id=\"%C2%BFCual_es_la_diferencia_entre_un_tonico_facial_y_un_tonico_limpiador\"><\/span>\u00bfCu\u00e1l es la diferencia entre un t\u00f3nico facial y un t\u00f3nico limpiador?<span class=\"ez-toc-section-end\"><\/span><\/h3>\n<p>Un t\u00f3nico facial se utiliza despu\u00e9s de la limpieza facial para equilibrar el pH de la piel y prepararla para recibir los productos de cuidado facial. Por otro lado, un t\u00f3nico limpiador se utiliza para limpiar y refrescar la piel, eliminando impurezas y restos de maquillaje.<\/p>\n<h3><span class=\"ez-toc-section\" id=\"%C2%BFPuedo_usar_el_tonico_facial_si_tengo_la_piel_sensible\"><\/span>\u00bfPuedo usar el t\u00f3nico facial si tengo la piel sensible?<span class=\"ez-toc-section-end\"><\/span><\/h3>\n<p>S\u00ed, puedes usar un t\u00f3nico facial incluso si tienes la piel sensible. Lo importante es elegir uno que sea suave, sin fragancias a\u00f1adidas y realizar una prueba en una peque\u00f1a \u00e1rea antes de aplicarlo en todo el rostro.<\/p>\n<h3><span class=\"ez-toc-section\" id=\"%C2%BFCuando_debo_aplicar_el_tonico_facial_antes_o_despues_del_suero\"><\/span>\u00bfCu\u00e1ndo debo aplicar el t\u00f3nico facial, antes o despu\u00e9s del suero?<span class=\"ez-toc-section-end\"><\/span><\/h3>\n<p>El t\u00f3nico facial se aplica despu\u00e9s de la limpieza facial y antes de aplicar el suero. Su funci\u00f3n es preparar la piel para recibir mejor los productos de cuidado facial, por lo que es recomendable aplicarlo primero.<\/p>\n<h3><span class=\"ez-toc-section\" id=\"%C2%BFPuedo_usar_el_tonico_facial_en_el_cuerpo\"><\/span>\u00bfPuedo usar el t\u00f3nico facial en el cuerpo?<span class=\"ez-toc-section-end\"><\/span><\/h3>\n<p>Si bien el t\u00f3nico facial est\u00e1 dise\u00f1ado principalmente para su uso en el rostro, tambi\u00e9n puedes aplicarlo en otras \u00e1reas del cuerpo, como el cuello, el escote o incluso los brazos. Sin embargo, es importante tener en cuenta que las necesidades de la piel pueden variar en diferentes partes del cuerpo.<\/p>\n","protected":false},"excerpt":{"rendered":"<p>C\u00f3mo usar el t\u00f3nico facial &#8211; Gu\u00eda completa \u00a1Hola! Soy Ana Gonz\u00e1lez y en este art\u00edculo te voy a contar todo lo que necesitas saber sobre c\u00f3mo usar el t\u00f3nico facial. Si quieres tener una piel radiante y saludable, el t\u00f3nico facial es un paso importante en tu rutina de cuidado de la piel. A &#8230; <a title=\"C\u00f3mo usar el tonico facial\" class=\"read-more\" href=\"https:\/\/dudasytextos.com\/comousar\/como-usar-el-tonico-facial\/\" aria-label=\"M\u00e1s en C\u00f3mo usar el tonico facial\">Leer m\u00e1s<\/a><\/p>\n","protected":false},"author":1,"featured_media":0,"comment_status":"open","ping_status":"open","sticky":false,"template":"","format":"standard","meta":{"footnotes":""},"categories":[3],"tags":[],"class_list":["post-81347","post","type-post","status-publish","format-standard","hentry","category-como-usar"],"aioseo_notices":[],"aioseo_head":"\n\t\t<!-- All in One SEO 5.0.1.1 - aioseo.com -->\n\t<meta name=\"description\" content=\"C\u00f3mo usar el t\u00f3nico facial - Gu\u00eda completa \u00a1Hola! Soy Ana Gonz\u00e1lez y en este art\u00edculo te voy a contar todo lo que necesitas saber sobre c\u00f3mo usar el t\u00f3nico facial. Si quieres tener una piel radiante y saludable, el t\u00f3nico facial es un paso importante en tu rutina de cuidado de la piel. A\" \/>\n\t<meta name=\"robots\" content=\"max-snippet:-1, max-image-preview:large, max-video-preview:-1\" \/>\n\t<meta name=\"author\" content=\"Ana Gonz\u00e1lez\"\/>\n\t<link rel=\"canonical\" href=\"https:\/\/dudasytextos.com\/comousar\/como-usar-el-tonico-facial\/\" \/>\n\t<meta name=\"generator\" content=\"All in One SEO (AIOSEO) 5.0.1.1\" \/>\n\n\t\t<!-- Google tag (gtag.js) -->\n<script async src=\"https:\/\/www.googletagmanager.com\/gtag\/js?id=G-X7DSVXBJ5H\"><\/script>\n<script>\n  window.dataLayer = window.dataLayer || [];\n  function gtag(){dataLayer.push(arguments);}\n  gtag('js', new Date());\n\n  gtag('config', 'G-X7DSVXBJ5H');\n<\/script>\n<script async src=\"https:\/\/pagead2.googlesyndication.com\/pagead\/js\/adsbygoogle.js?client=ca-pub-3987500858204711\"\n     crossorigin=\"anonymous\"><\/script>\n\t\t<meta property=\"og:locale\" content=\"es_ES\" \/>\n\t\t<meta property=\"og:site_name\" content=\"\u00bfC\u00f3mo Usarlo? - \u00bfC\u00f3mo Usarlo?\" \/>\n\t\t<meta property=\"og:type\" content=\"article\" \/>\n\t\t<meta property=\"og:title\" content=\"C\u00f3mo usar el tonico facial (2026) \u00bfC\u00f3mo Usarlo?\" \/>\n\t\t<meta property=\"og:description\" content=\"C\u00f3mo usar el t\u00f3nico facial - Gu\u00eda completa \u00a1Hola! Soy Ana Gonz\u00e1lez y en este art\u00edculo te voy a contar todo lo que necesitas saber sobre c\u00f3mo usar el t\u00f3nico facial. Si quieres tener una piel radiante y saludable, el t\u00f3nico facial es un paso importante en tu rutina de cuidado de la piel. A\" \/>\n\t\t<meta property=\"og:url\" content=\"https:\/\/dudasytextos.com\/comousar\/como-usar-el-tonico-facial\/\" \/>\n\t\t<meta property=\"article:published_time\" content=\"2025-02-16T12:43:50+00:00\" \/>\n\t\t<meta property=\"article:modified_time\" content=\"2025-03-13T06:41:00+00:00\" \/>\n\t\t<meta name=\"twitter:card\" content=\"summary_large_image\" \/>\n\t\t<meta name=\"twitter:title\" content=\"C\u00f3mo usar el tonico facial (2026) \u00bfC\u00f3mo Usarlo?\" \/>\n\t\t<meta name=\"twitter:description\" content=\"C\u00f3mo usar el t\u00f3nico facial - Gu\u00eda completa \u00a1Hola! Soy Ana Gonz\u00e1lez y en este art\u00edculo te voy a contar todo lo que necesitas saber sobre c\u00f3mo usar el t\u00f3nico facial. Si quieres tener una piel radiante y saludable, el t\u00f3nico facial es un paso importante en tu rutina de cuidado de la piel. A\" \/>\n\t\t<script type=\"application\/ld+json\" class=\"aioseo-schema\">\n\t\t\t{\"@context\":\"https:\\\/\\\/schema.org\",\"@graph\":[{\"@type\":\"BlogPosting\",\"@id\":\"https:\\\/\\\/dudasytextos.com\\\/comousar\\\/como-usar-el-tonico-facial\\\/#blogposting\",\"name\":\"C\\u00f3mo usar el tonico facial (2026) \\u00bfC\\u00f3mo Usarlo?\",\"headline\":\"C\\u00f3mo usar el tonico facial\",\"author\":{\"@id\":\"https:\\\/\\\/dudasytextos.com\\\/comousar\\\/author\\\/admin23\\\/#author\"},\"publisher\":{\"@id\":\"https:\\\/\\\/dudasytextos.com\\\/comousar\\\/#organization\"},\"datePublished\":\"2025-02-16T12:43:50+00:00\",\"dateModified\":\"2025-03-13T06:41:00+00:00\",\"inLanguage\":\"es-ES\",\"mainEntityOfPage\":{\"@id\":\"https:\\\/\\\/dudasytextos.com\\\/comousar\\\/como-usar-el-tonico-facial\\\/#webpage\"},\"isPartOf\":{\"@id\":\"https:\\\/\\\/dudasytextos.com\\\/comousar\\\/como-usar-el-tonico-facial\\\/#webpage\"},\"articleSection\":\"\\u00bfC\\u00f3mo usar?\"},{\"@type\":\"BreadcrumbList\",\"@id\":\"https:\\\/\\\/dudasytextos.com\\\/comousar\\\/como-usar-el-tonico-facial\\\/#breadcrumblist\",\"itemListElement\":[{\"@type\":\"ListItem\",\"@id\":\"https:\\\/\\\/dudasytextos.com\\\/comousar#listItem\",\"position\":1,\"name\":\"Home\",\"item\":\"https:\\\/\\\/dudasytextos.com\\\/comousar\",\"nextItem\":{\"@type\":\"ListItem\",\"@id\":\"https:\\\/\\\/dudasytextos.com\\\/comousar\\\/category\\\/como-usar\\\/#listItem\",\"name\":\"\\u00bfC\\u00f3mo usar?\"}},{\"@type\":\"ListItem\",\"@id\":\"https:\\\/\\\/dudasytextos.com\\\/comousar\\\/category\\\/como-usar\\\/#listItem\",\"position\":2,\"name\":\"\\u00bfC\\u00f3mo usar?\",\"item\":\"https:\\\/\\\/dudasytextos.com\\\/comousar\\\/category\\\/como-usar\\\/\",\"nextItem\":{\"@type\":\"ListItem\",\"@id\":\"https:\\\/\\\/dudasytextos.com\\\/comousar\\\/como-usar-el-tonico-facial\\\/#listItem\",\"name\":\"C\\u00f3mo usar el tonico facial\"},\"previousItem\":{\"@type\":\"ListItem\",\"@id\":\"https:\\\/\\\/dudasytextos.com\\\/comousar#listItem\",\"name\":\"Home\"}},{\"@type\":\"ListItem\",\"@id\":\"https:\\\/\\\/dudasytextos.com\\\/comousar\\\/como-usar-el-tonico-facial\\\/#listItem\",\"position\":3,\"name\":\"C\\u00f3mo usar el tonico facial\",\"previousItem\":{\"@type\":\"ListItem\",\"@id\":\"https:\\\/\\\/dudasytextos.com\\\/comousar\\\/category\\\/como-usar\\\/#listItem\",\"name\":\"\\u00bfC\\u00f3mo usar?\"}}]},{\"@type\":\"Organization\",\"@id\":\"https:\\\/\\\/dudasytextos.com\\\/comousar\\\/#organization\",\"name\":\"Recipes\",\"description\":\"\\u00bfC\\u00f3mo Usarlo?\",\"url\":\"https:\\\/\\\/dudasytextos.com\\\/comousar\\\/\"},{\"@type\":\"Person\",\"@id\":\"https:\\\/\\\/dudasytextos.com\\\/comousar\\\/author\\\/admin23\\\/#author\",\"url\":\"https:\\\/\\\/dudasytextos.com\\\/comousar\\\/author\\\/admin23\\\/\",\"name\":\"Ana Gonz\\u00e1lez\"},{\"@type\":\"WebPage\",\"@id\":\"https:\\\/\\\/dudasytextos.com\\\/comousar\\\/como-usar-el-tonico-facial\\\/#webpage\",\"url\":\"https:\\\/\\\/dudasytextos.com\\\/comousar\\\/como-usar-el-tonico-facial\\\/\",\"name\":\"C\\u00f3mo usar el tonico facial (2026) \\u00bfC\\u00f3mo Usarlo?\",\"description\":\"C\\u00f3mo usar el t\\u00f3nico facial - Gu\\u00eda completa \\u00a1Hola! Soy Ana Gonz\\u00e1lez y en este art\\u00edculo te voy a contar todo lo que necesitas saber sobre c\\u00f3mo usar el t\\u00f3nico facial. Si quieres tener una piel radiante y saludable, el t\\u00f3nico facial es un paso importante en tu rutina de cuidado de la piel. A\",\"inLanguage\":\"es-ES\",\"isPartOf\":{\"@id\":\"https:\\\/\\\/dudasytextos.com\\\/comousar\\\/#website\"},\"breadcrumb\":{\"@id\":\"https:\\\/\\\/dudasytextos.com\\\/comousar\\\/como-usar-el-tonico-facial\\\/#breadcrumblist\"},\"author\":{\"@id\":\"https:\\\/\\\/dudasytextos.com\\\/comousar\\\/author\\\/admin23\\\/#author\"},\"creator\":{\"@id\":\"https:\\\/\\\/dudasytextos.com\\\/comousar\\\/author\\\/admin23\\\/#author\"},\"datePublished\":\"2025-02-16T12:43:50+00:00\",\"dateModified\":\"2025-03-13T06:41:00+00:00\"},{\"@type\":\"WebSite\",\"@id\":\"https:\\\/\\\/dudasytextos.com\\\/comousar\\\/#website\",\"url\":\"https:\\\/\\\/dudasytextos.com\\\/comousar\\\/\",\"name\":\"Recipes\",\"description\":\"\\u00bfC\\u00f3mo Usarlo?\",\"inLanguage\":\"es-ES\",\"publisher\":{\"@id\":\"https:\\\/\\\/dudasytextos.com\\\/comousar\\\/#organization\"}}]}\n\t\t<\/script>\n\t\t<!-- All in One SEO -->\n\n","aioseo_head_json":{"title":"C\u00f3mo usar el tonico facial (2026) \u00bfC\u00f3mo Usarlo?","description":"C\u00f3mo usar el t\u00f3nico facial - Gu\u00eda completa \u00a1Hola! Soy Ana Gonz\u00e1lez y en este art\u00edculo te voy a contar todo lo que necesitas saber sobre c\u00f3mo usar el t\u00f3nico facial. Si quieres tener una piel radiante y saludable, el t\u00f3nico facial es un paso importante en tu rutina de cuidado de la piel. A","canonical_url":"https:\/\/dudasytextos.com\/comousar\/como-usar-el-tonico-facial\/","robots":"max-snippet:-1, max-image-preview:large, max-video-preview:-1","keywords":"","webmasterTools":{"miscellaneous":"&lt;!-- Google tag (gtag.js) --&gt;\n&lt;script async src=\"https:\/\/www.googletagmanager.com\/gtag\/js?id=G-X7DSVXBJ5H\"&gt;&lt;\/script&gt;\n&lt;script&gt;\n  window.dataLayer = window.dataLayer || [];\n  function gtag(){dataLayer.push(arguments);}\n  gtag('js', new Date());\n\n  gtag('config', 'G-X7DSVXBJ5H');\n&lt;\/script&gt;\n&lt;script async src=\"https:\/\/pagead2.googlesyndication.com\/pagead\/js\/adsbygoogle.js?client=ca-pub-3987500858204711\"\n     crossorigin=\"anonymous\"&gt;&lt;\/script&gt;"},"schema":{"@context":"https:\/\/schema.org","@graph":[{"@type":"BlogPosting","@id":"https:\/\/dudasytextos.com\/comousar\/como-usar-el-tonico-facial\/#blogposting","name":"C\u00f3mo usar el tonico facial (2026) \u00bfC\u00f3mo Usarlo?","headline":"C\u00f3mo usar el tonico facial","author":{"@id":"https:\/\/dudasytextos.com\/comousar\/author\/admin23\/#author"},"publisher":{"@id":"https:\/\/dudasytextos.com\/comousar\/#organization"},"datePublished":"2025-02-16T12:43:50+00:00","dateModified":"2025-03-13T06:41:00+00:00","inLanguage":"es-ES","mainEntityOfPage":{"@id":"https:\/\/dudasytextos.com\/comousar\/como-usar-el-tonico-facial\/#webpage"},"isPartOf":{"@id":"https:\/\/dudasytextos.com\/comousar\/como-usar-el-tonico-facial\/#webpage"},"articleSection":"\u00bfC\u00f3mo usar?"},{"@type":"BreadcrumbList","@id":"https:\/\/dudasytextos.com\/comousar\/como-usar-el-tonico-facial\/#breadcrumblist","itemListElement":[{"@type":"ListItem","@id":"https:\/\/dudasytextos.com\/comousar#listItem","position":1,"name":"Home","item":"https:\/\/dudasytextos.com\/comousar","nextItem":{"@type":"ListItem","@id":"https:\/\/dudasytextos.com\/comousar\/category\/como-usar\/#listItem","name":"\u00bfC\u00f3mo usar?"}},{"@type":"ListItem","@id":"https:\/\/dudasytextos.com\/comousar\/category\/como-usar\/#listItem","position":2,"name":"\u00bfC\u00f3mo usar?","item":"https:\/\/dudasytextos.com\/comousar\/category\/como-usar\/","nextItem":{"@type":"ListItem","@id":"https:\/\/dudasytextos.com\/comousar\/como-usar-el-tonico-facial\/#listItem","name":"C\u00f3mo usar el tonico facial"},"previousItem":{"@type":"ListItem","@id":"https:\/\/dudasytextos.com\/comousar#listItem","name":"Home"}},{"@type":"ListItem","@id":"https:\/\/dudasytextos.com\/comousar\/como-usar-el-tonico-facial\/#listItem","position":3,"name":"C\u00f3mo usar el tonico facial","previousItem":{"@type":"ListItem","@id":"https:\/\/dudasytextos.com\/comousar\/category\/como-usar\/#listItem","name":"\u00bfC\u00f3mo usar?"}}]},{"@type":"Organization","@id":"https:\/\/dudasytextos.com\/comousar\/#organization","name":"Recipes","description":"\u00bfC\u00f3mo Usarlo?","url":"https:\/\/dudasytextos.com\/comousar\/"},{"@type":"Person","@id":"https:\/\/dudasytextos.com\/comousar\/author\/admin23\/#author","url":"https:\/\/dudasytextos.com\/comousar\/author\/admin23\/","name":"Ana Gonz\u00e1lez"},{"@type":"WebPage","@id":"https:\/\/dudasytextos.com\/comousar\/como-usar-el-tonico-facial\/#webpage","url":"https:\/\/dudasytextos.com\/comousar\/como-usar-el-tonico-facial\/","name":"C\u00f3mo usar el tonico facial (2026) \u00bfC\u00f3mo Usarlo?","description":"C\u00f3mo usar el t\u00f3nico facial - Gu\u00eda completa \u00a1Hola! Soy Ana Gonz\u00e1lez y en este art\u00edculo te voy a contar todo lo que necesitas saber sobre c\u00f3mo usar el t\u00f3nico facial. Si quieres tener una piel radiante y saludable, el t\u00f3nico facial es un paso importante en tu rutina de cuidado de la piel. A","inLanguage":"es-ES","isPartOf":{"@id":"https:\/\/dudasytextos.com\/comousar\/#website"},"breadcrumb":{"@id":"https:\/\/dudasytextos.com\/comousar\/como-usar-el-tonico-facial\/#breadcrumblist"},"author":{"@id":"https:\/\/dudasytextos.com\/comousar\/author\/admin23\/#author"},"creator":{"@id":"https:\/\/dudasytextos.com\/comousar\/author\/admin23\/#author"},"datePublished":"2025-02-16T12:43:50+00:00","dateModified":"2025-03-13T06:41:00+00:00"},{"@type":"WebSite","@id":"https:\/\/dudasytextos.com\/comousar\/#website","url":"https:\/\/dudasytextos.com\/comousar\/","name":"Recipes","description":"\u00bfC\u00f3mo Usarlo?","inLanguage":"es-ES","publisher":{"@id":"https:\/\/dudasytextos.com\/comousar\/#organization"}}]},"og:locale":"es_ES","og:site_name":"\u00bfC\u00f3mo Usarlo? - \u00bfC\u00f3mo Usarlo?","og:type":"article","og:title":"C\u00f3mo usar el tonico facial (2026) \u00bfC\u00f3mo Usarlo?","og:description":"C\u00f3mo usar el t\u00f3nico facial - Gu\u00eda completa \u00a1Hola! Soy Ana Gonz\u00e1lez y en este art\u00edculo te voy a contar todo lo que necesitas saber sobre c\u00f3mo usar el t\u00f3nico facial. Si quieres tener una piel radiante y saludable, el t\u00f3nico facial es un paso importante en tu rutina de cuidado de la piel. A","og:url":"https:\/\/dudasytextos.com\/comousar\/como-usar-el-tonico-facial\/","article:published_time":"2025-02-16T12:43:50+00:00","article:modified_time":"2025-03-13T06:41:00+00:00","twitter:card":"summary_large_image","twitter:title":"C\u00f3mo usar el tonico facial (2026) \u00bfC\u00f3mo Usarlo?","twitter:description":"C\u00f3mo usar el t\u00f3nico facial - Gu\u00eda completa \u00a1Hola! Soy Ana Gonz\u00e1lez y en este art\u00edculo te voy a contar todo lo que necesitas saber sobre c\u00f3mo usar el t\u00f3nico facial. Si quieres tener una piel radiante y saludable, el t\u00f3nico facial es un paso importante en tu rutina de cuidado de la piel. A"},"aioseo_meta_data":{"post_id":"81347","title":null,"description":null,"keywords":null,"keyphrases":null,"primary_term":null,"canonical_url":null,"og_title":null,"og_description":null,"og_object_type":"default","og_image_type":"default","og_image_url":null,"og_image_width":null,"og_image_height":null,"og_image_custom_url":null,"og_image_custom_fields":null,"og_video":null,"og_custom_url":null,"og_article_section":null,"og_article_tags":null,"twitter_use_og":false,"twitter_card":"default","twitter_image_type":"default","twitter_image_url":null,"twitter_image_custom_url":null,"twitter_image_custom_fields":null,"twitter_title":null,"twitter_description":null,"schema":{"blockGraphs":[],"customGraphs":[],"default":{"data":{"Article":[],"Course":[],"Dataset":[],"FAQPage":[],"Movie":[],"Person":[],"Product":[],"ProductReview":[],"Car":[],"Recipe":[],"Service":[],"SoftwareApplication":[],"WebPage":[]},"graphName":"","isEnabled":true},"graphs":[]},"schema_type":"default","schema_type_options":null,"pillar_content":false,"robots_default":true,"robots_noindex":false,"robots_noarchive":false,"robots_nosnippet":false,"robots_nofollow":false,"robots_noimageindex":false,"robots_noodp":false,"robots_notranslate":false,"robots_max_snippet":null,"robots_max_videopreview":null,"robots_max_imagepreview":"large","priority":null,"frequency":null,"local_seo":null,"breadcrumb_settings":null,"limit_modified_date":false,"ai":null,"created":"2023-07-13 19:28:31","updated":"2025-06-04 01:51:13","seo_analyzer_scan_date":null,"focus_keyword":null,"additional_keywords":null,"truseo_locale":null},"aioseo_breadcrumb":"<div class=\"aioseo-breadcrumbs\"><span class=\"aioseo-breadcrumb\">\n\t\t\t<a href=\"https:\/\/dudasytextos.com\/comousar\" title=\"Home\">Home<\/a>\n\t\t<\/span><span class=\"aioseo-breadcrumb-separator\">&raquo;<\/span><span class=\"aioseo-breadcrumb\">\n\t\t\t<a href=\"https:\/\/dudasytextos.com\/comousar\/category\/como-usar\/\" title=\"\u00bfC\u00f3mo usar?\">\u00bfC\u00f3mo usar?<\/a>\n\t\t<\/span><span class=\"aioseo-breadcrumb-separator\">&raquo;<\/span><span class=\"aioseo-breadcrumb\">\n\t\t\tC\u00f3mo usar el tonico facial\n\t\t<\/span><\/div>","aioseo_breadcrumb_json":[{"label":"Home","link":"https:\/\/dudasytextos.com\/comousar"},{"label":"\u00bfC\u00f3mo usar?","link":"https:\/\/dudasytextos.com\/comousar\/category\/como-usar\/"},{"label":"C\u00f3mo usar el tonico facial","link":"https:\/\/dudasytextos.com\/comousar\/como-usar-el-tonico-facial\/"}],"_links":{"self":[{"href":"https:\/\/dudasytextos.com\/comousar\/wp-json\/wp\/v2\/posts\/81347","targetHints":{"allow":["GET"]}}],"collection":[{"href":"https:\/\/dudasytextos.com\/comousar\/wp-json\/wp\/v2\/posts"}],"about":[{"href":"https:\/\/dudasytextos.com\/comousar\/wp-json\/wp\/v2\/types\/post"}],"author":[{"embeddable":true,"href":"https:\/\/dudasytextos.com\/comousar\/wp-json\/wp\/v2\/users\/1"}],"replies":[{"embeddable":true,"href":"https:\/\/dudasytextos.com\/comousar\/wp-json\/wp\/v2\/comments?post=81347"}],"version-history":[{"count":0,"href":"https:\/\/dudasytextos.com\/comousar\/wp-json\/wp\/v2\/posts\/81347\/revisions"}],"wp:attachment":[{"href":"https:\/\/dudasytextos.com\/comousar\/wp-json\/wp\/v2\/media?parent=81347"}],"wp:term":[{"taxonomy":"category","embeddable":true,"href":"https:\/\/dudasytextos.com\/comousar\/wp-json\/wp\/v2\/categories?post=81347"},{"taxonomy":"post_tag","embeddable":true,"href":"https:\/\/dudasytextos.com\/comousar\/wp-json\/wp\/v2\/tags?post=81347"}],"curies":[{"name":"wp","href":"https:\/\/api.w.org\/{rel}","templated":true}]}}