{"id":81613,"date":"2025-02-18T19:08:49","date_gmt":"2025-02-18T19:08:49","guid":{"rendered":"https:\/\/soleyantonio.es\/como-usar-una-mascarilla-facial\/"},"modified":"2025-03-12T12:45:12","modified_gmt":"2025-03-12T12:45:12","slug":"como-usar-una-mascarilla-facial","status":"publish","type":"post","link":"https:\/\/dudasytextos.com\/comousar\/como-usar-una-mascarilla-facial\/","title":{"rendered":"C\u00f3mo usar una mascarilla facial"},"content":{"rendered":"<div id=\"ez-toc-container\" class=\"ez-toc-v2_0_87 counter-hierarchy ez-toc-counter ez-toc-custom ez-toc-container-direction\">\n<div class=\"ez-toc-title-container\">\n<span class=\"ez-toc-title-toggle\"><\/span><\/div>\n<nav><ul class='ez-toc-list ez-toc-list-level-1 ' ><li class='ez-toc-page-1 ez-toc-heading-level-2'><a class=\"ez-toc-link ez-toc-heading-1\" href=\"https:\/\/dudasytextos.com\/comousar\/como-usar-una-mascarilla-facial\/#Como_usar_una_mascarilla_facial\" >C\u00f3mo usar una mascarilla facial<\/a><\/li><li class='ez-toc-page-1 ez-toc-heading-level-2'><a class=\"ez-toc-link ez-toc-heading-2\" href=\"https:\/\/dudasytextos.com\/comousar\/como-usar-una-mascarilla-facial\/#Introduccion\" >Introducci\u00f3n<\/a><\/li><li class='ez-toc-page-1 ez-toc-heading-level-2'><a class=\"ez-toc-link ez-toc-heading-3\" href=\"https:\/\/dudasytextos.com\/comousar\/como-usar-una-mascarilla-facial\/#Curiosidades_e_informacion_interesante\" >Curiosidades e informaci\u00f3n interesante<\/a><\/li><li class='ez-toc-page-1 ez-toc-heading-level-2'><a class=\"ez-toc-link ez-toc-heading-4\" href=\"https:\/\/dudasytextos.com\/comousar\/como-usar-una-mascarilla-facial\/#Como_usar_una_mascarilla_facial_correctamente\" >C\u00f3mo usar una mascarilla facial correctamente<\/a><\/li><li class='ez-toc-page-1 ez-toc-heading-level-2'><a class=\"ez-toc-link ez-toc-heading-5\" href=\"https:\/\/dudasytextos.com\/comousar\/como-usar-una-mascarilla-facial\/#Experiencia_personal\" >Experiencia personal<\/a><\/li><li class='ez-toc-page-1 ez-toc-heading-level-2'><a class=\"ez-toc-link ez-toc-heading-6\" href=\"https:\/\/dudasytextos.com\/comousar\/como-usar-una-mascarilla-facial\/#Preguntas_frecuentes\" >Preguntas frecuentes<\/a><ul class='ez-toc-list-level-3' ><li class='ez-toc-heading-level-3'><a class=\"ez-toc-link ez-toc-heading-7\" href=\"https:\/\/dudasytextos.com\/comousar\/como-usar-una-mascarilla-facial\/#%C2%BFCual_es_la_diferencia_entre_las_mascarillas_quirurgicas_y_las_FFP2\" >\u00bfCu\u00e1l es la diferencia entre las mascarillas quir\u00fargicas y las FFP2?<\/a><\/li><li class='ez-toc-page-1 ez-toc-heading-level-3'><a class=\"ez-toc-link ez-toc-heading-8\" href=\"https:\/\/dudasytextos.com\/comousar\/como-usar-una-mascarilla-facial\/#%C2%BFPuedo_reutilizar_una_mascarilla_de_tela\" >\u00bfPuedo reutilizar una mascarilla de tela?<\/a><\/li><li class='ez-toc-page-1 ez-toc-heading-level-3'><a class=\"ez-toc-link ez-toc-heading-9\" href=\"https:\/\/dudasytextos.com\/comousar\/como-usar-una-mascarilla-facial\/#%C2%BFCuando_debo_usar_una_mascarilla_facial\" >\u00bfCu\u00e1ndo debo usar una mascarilla facial?<\/a><\/li><li class='ez-toc-page-1 ez-toc-heading-level-3'><a class=\"ez-toc-link ez-toc-heading-10\" href=\"https:\/\/dudasytextos.com\/comousar\/como-usar-una-mascarilla-facial\/#%C2%BFPuedo_quitarme_la_mascarilla_para_hablar_con_alguien\" >\u00bfPuedo quitarme la mascarilla para hablar con alguien?<\/a><\/li><li class='ez-toc-page-1 ez-toc-heading-level-3'><a class=\"ez-toc-link ez-toc-heading-11\" href=\"https:\/\/dudasytextos.com\/comousar\/como-usar-una-mascarilla-facial\/#%C2%BFComo_puedo_evitar_que_mis_gafas_se_empanen_al_llevar_la_mascarilla\" >\u00bfC\u00f3mo puedo evitar que mis gafas se empa\u00f1en al llevar la mascarilla?<\/a><\/li><li class='ez-toc-page-1 ez-toc-heading-level-3'><a class=\"ez-toc-link ez-toc-heading-12\" href=\"https:\/\/dudasytextos.com\/comousar\/como-usar-una-mascarilla-facial\/#%C2%BFSon_las_mascarillas_faciales_100_efectivas_contra_el_virus\" >\u00bfSon las mascarillas faciales 100% efectivas contra el virus?<\/a><\/li><\/ul><\/li><\/ul><\/nav><\/div>\n<h2><span class=\"ez-toc-section\" id=\"Como_usar_una_mascarilla_facial\"><\/span>C\u00f3mo usar una mascarilla facial<span class=\"ez-toc-section-end\"><\/span><\/h2>\n<h2><span class=\"ez-toc-section\" id=\"Introduccion\"><\/span>Introducci\u00f3n<span class=\"ez-toc-section-end\"><\/span><\/h2>\n<p>Hola, soy Ana Gonz\u00e1lez y en este art\u00edculo te voy a ense\u00f1ar c\u00f3mo usar una mascarilla facial de manera correcta. En estos tiempos de pandemia, es esencial tomar medidas de protecci\u00f3n para cuidar nuestra salud y la de los dem\u00e1s. Las mascarillas faciales se han convertido en un elemento clave para prevenir la propagaci\u00f3n del virus. Acomp\u00e1\u00f1ame en este recorrido y descubre todo lo que necesitas saber sobre su uso adecuado.<\/p>\n<h2><span class=\"ez-toc-section\" id=\"Curiosidades_e_informacion_interesante\"><\/span>Curiosidades e informaci\u00f3n interesante<span class=\"ez-toc-section-end\"><\/span><\/h2>\n<ul>\n<li>El uso de mascarillas faciales se remonta a la antig\u00fcedad, donde diferentes culturas ya las utilizaban para protegerse de enfermedades.<\/li>\n<li>Seg\u00fan un estudio realizado en Espa\u00f1a, el 80% de las personas no utiliza correctamente la mascarilla facial.<\/li>\n<li>Las mascarillas faciales pueden reducir hasta un 70% la exposici\u00f3n a part\u00edculas del virus.<\/li>\n<li>Existen diferentes tipos de mascarillas faciales, como las quir\u00fargicas, las de tela y las FFP2, cada una con sus caracter\u00edsticas y niveles de protecci\u00f3n.<\/li>\n<\/ul>\n<h2><span class=\"ez-toc-section\" id=\"Como_usar_una_mascarilla_facial_correctamente\"><\/span>C\u00f3mo usar una mascarilla facial correctamente<span class=\"ez-toc-section-end\"><\/span><\/h2>\n<p>Para garantizar la efectividad de la mascarilla facial, es importante seguir estos pasos:<\/p>\n<ol>\n<li><strong>L\u00e1vate las manos<\/strong> con agua y jab\u00f3n o utiliza gel desinfectante antes de manipular la mascarilla.<\/li>\n<li><strong>Coloca la mascarilla<\/strong> sobre la boca y nariz, asegur\u00e1ndote de que cubra completamente ambas \u00e1reas.<\/li>\n<li><strong>Ajusta la mascarilla<\/strong> a tu rostro, presionando la tira met\u00e1lica o adaptando los el\u00e1sticos a tus orejas, para evitar espacios por donde pueda entrar el virus.<\/li>\n<li><strong>Evita tocar la mascarilla<\/strong> mientras la llevas puesta. Si necesitas ajustarla o quitarla, hazlo desde los el\u00e1sticos o la tira met\u00e1lica.<\/li>\n<li><strong>Cambia la mascarilla<\/strong> cada 4 horas o cuando est\u00e9 h\u00fameda. No reutilices las mascarillas desechables.<\/li>\n<li><strong>Qu\u00edtate la mascarilla<\/strong> sin tocar la parte delantera, desech\u00e1ndola en un contenedor cerrado. L\u00e1vate las manos nuevamente despu\u00e9s de desecharla.<\/li>\n<\/ol>\n<h2><span class=\"ez-toc-section\" id=\"Experiencia_personal\"><\/span>Experiencia personal<span class=\"ez-toc-section-end\"><\/span><\/h2>\n<p>Desde que comenz\u00f3 la pandemia, he tenido que adaptarme al uso de la mascarilla facial en mi rutina diaria. Al principio, lidi\u00e9 con la incomodidad y el agobio de llevarla puesta durante largos periodos de tiempo. Sin embargo, con el paso del tiempo, me he acostumbrado y he comprendido la importancia de protegernos a nosotros mismos y a los dem\u00e1s.<\/p>\n<h2><span class=\"ez-toc-section\" id=\"Preguntas_frecuentes\"><\/span>Preguntas frecuentes<span class=\"ez-toc-section-end\"><\/span><\/h2>\n<h3><span class=\"ez-toc-section\" id=\"%C2%BFCual_es_la_diferencia_entre_las_mascarillas_quirurgicas_y_las_FFP2\"><\/span>\u00bfCu\u00e1l es la diferencia entre las mascarillas quir\u00fargicas y las FFP2?<span class=\"ez-toc-section-end\"><\/span><\/h3>\n<p>Las mascarillas quir\u00fargicas son de un solo uso y est\u00e1n destinadas a proteger a los dem\u00e1s de posibles contagios. Las FFP2, en cambio, son de mayor nivel de protecci\u00f3n y filtran tanto el aire inhalado como el exhalado. Son recomendadas para entornos con mayor riesgo de exposici\u00f3n.<\/p>\n<h3><span class=\"ez-toc-section\" id=\"%C2%BFPuedo_reutilizar_una_mascarilla_de_tela\"><\/span>\u00bfPuedo reutilizar una mascarilla de tela?<span class=\"ez-toc-section-end\"><\/span><\/h3>\n<p>Las mascarillas de tela pueden ser reutilizadas, pero es importante lavarlas con agua caliente y detergente despu\u00e9s de cada uso. Aseg\u00farate de tener varias mascarillas para poder cambiarlas regularmente.<\/p>\n<h3><span class=\"ez-toc-section\" id=\"%C2%BFCuando_debo_usar_una_mascarilla_facial\"><\/span>\u00bfCu\u00e1ndo debo usar una mascarilla facial?<span class=\"ez-toc-section-end\"><\/span><\/h3>\n<p>Es recomendado usar una mascarilla facial en espacios cerrados, concurridos o donde no sea posible mantener la distancia de seguridad. Tambi\u00e9n es importante utilizarla al estar en contacto con personas fuera de tu n\u00facleo familiar.<\/p>\n<h3><span class=\"ez-toc-section\" id=\"%C2%BFPuedo_quitarme_la_mascarilla_para_hablar_con_alguien\"><\/span>\u00bfPuedo quitarme la mascarilla para hablar con alguien?<span class=\"ez-toc-section-end\"><\/span><\/h3>\n<p>Si necesitas quitarte la mascarilla para hablar con alguien, aseg\u00farate de mantener una distancia segura de al menos 2 metros y evita hacerlo en espacios cerrados o con poca ventilaci\u00f3n.<\/p>\n<h3><span class=\"ez-toc-section\" id=\"%C2%BFComo_puedo_evitar_que_mis_gafas_se_empanen_al_llevar_la_mascarilla\"><\/span>\u00bfC\u00f3mo puedo evitar que mis gafas se empa\u00f1en al llevar la mascarilla?<span class=\"ez-toc-section-end\"><\/span><\/h3>\n<p>Puedes intentar ajustar la mascarilla en la zona de la nariz y utilizar clips nasales para evitar que el aire caliente escape hacia las gafas. Tambi\u00e9n puedes utilizar productos antivaho espec\u00edficos para gafas.<\/p>\n<h3><span class=\"ez-toc-section\" id=\"%C2%BFSon_las_mascarillas_faciales_100_efectivas_contra_el_virus\"><\/span>\u00bfSon las mascarillas faciales 100% efectivas contra el virus?<span class=\"ez-toc-section-end\"><\/span><\/h3>\n<p>Si bien las mascarillas faciales no ofrecen una protecci\u00f3n total contra el virus, su uso adecuado puede reducir significativamente el riesgo de contagio. Es importante combinar el uso de mascarillas con otras medidas de prevenci\u00f3n, como el lavado de manos y el distanciamiento social.<\/p>\n","protected":false},"excerpt":{"rendered":"<p>C\u00f3mo usar una mascarilla facial Introducci\u00f3n Hola, soy Ana Gonz\u00e1lez y en este art\u00edculo te voy a ense\u00f1ar c\u00f3mo usar una mascarilla facial de manera correcta. En estos tiempos de pandemia, es esencial tomar medidas de protecci\u00f3n para cuidar nuestra salud y la de los dem\u00e1s. Las mascarillas faciales se han convertido en un elemento &#8230; <a title=\"C\u00f3mo usar una mascarilla facial\" class=\"read-more\" href=\"https:\/\/dudasytextos.com\/comousar\/como-usar-una-mascarilla-facial\/\" aria-label=\"M\u00e1s en C\u00f3mo usar una mascarilla facial\">Leer m\u00e1s<\/a><\/p>\n","protected":false},"author":1,"featured_media":0,"comment_status":"open","ping_status":"open","sticky":false,"template":"","format":"standard","meta":{"footnotes":""},"categories":[3],"tags":[],"class_list":["post-81613","post","type-post","status-publish","format-standard","hentry","category-como-usar"],"aioseo_notices":[],"aioseo_head":"\n\t\t<!-- All in One SEO 5.0.1.1 - aioseo.com -->\n\t<meta name=\"description\" content=\"C\u00f3mo usar una mascarilla facial Introducci\u00f3n Hola, soy Ana Gonz\u00e1lez y en este art\u00edculo te voy a ense\u00f1ar c\u00f3mo usar una mascarilla facial de manera correcta. En estos tiempos de pandemia, es esencial tomar medidas de protecci\u00f3n para cuidar nuestra salud y la de los dem\u00e1s. Las mascarillas faciales se han convertido en un elemento\" \/>\n\t<meta name=\"robots\" content=\"max-snippet:-1, max-image-preview:large, max-video-preview:-1\" \/>\n\t<meta name=\"author\" content=\"Ana Gonz\u00e1lez\"\/>\n\t<link rel=\"canonical\" href=\"https:\/\/dudasytextos.com\/comousar\/como-usar-una-mascarilla-facial\/\" \/>\n\t<meta name=\"generator\" content=\"All in One SEO (AIOSEO) 5.0.1.1\" \/>\n\n\t\t<!-- Google tag (gtag.js) -->\n<script async src=\"https:\/\/www.googletagmanager.com\/gtag\/js?id=G-X7DSVXBJ5H\"><\/script>\n<script>\n  window.dataLayer = window.dataLayer || [];\n  function gtag(){dataLayer.push(arguments);}\n  gtag('js', new Date());\n\n  gtag('config', 'G-X7DSVXBJ5H');\n<\/script>\n<script async src=\"https:\/\/pagead2.googlesyndication.com\/pagead\/js\/adsbygoogle.js?client=ca-pub-3987500858204711\"\n     crossorigin=\"anonymous\"><\/script>\n\t\t<meta property=\"og:locale\" content=\"es_ES\" \/>\n\t\t<meta property=\"og:site_name\" content=\"\u00bfC\u00f3mo Usarlo? - \u00bfC\u00f3mo Usarlo?\" \/>\n\t\t<meta property=\"og:type\" content=\"article\" \/>\n\t\t<meta property=\"og:title\" content=\"C\u00f3mo usar una mascarilla facial (2026) \u00bfC\u00f3mo Usarlo?\" \/>\n\t\t<meta property=\"og:description\" content=\"C\u00f3mo usar una mascarilla facial Introducci\u00f3n Hola, soy Ana Gonz\u00e1lez y en este art\u00edculo te voy a ense\u00f1ar c\u00f3mo usar una mascarilla facial de manera correcta. En estos tiempos de pandemia, es esencial tomar medidas de protecci\u00f3n para cuidar nuestra salud y la de los dem\u00e1s. Las mascarillas faciales se han convertido en un elemento\" \/>\n\t\t<meta property=\"og:url\" content=\"https:\/\/dudasytextos.com\/comousar\/como-usar-una-mascarilla-facial\/\" \/>\n\t\t<meta property=\"article:published_time\" content=\"2025-02-18T19:08:49+00:00\" \/>\n\t\t<meta property=\"article:modified_time\" content=\"2025-03-12T12:45:12+00:00\" \/>\n\t\t<meta name=\"twitter:card\" content=\"summary_large_image\" \/>\n\t\t<meta name=\"twitter:title\" content=\"C\u00f3mo usar una mascarilla facial (2026) \u00bfC\u00f3mo Usarlo?\" \/>\n\t\t<meta name=\"twitter:description\" content=\"C\u00f3mo usar una mascarilla facial Introducci\u00f3n Hola, soy Ana Gonz\u00e1lez y en este art\u00edculo te voy a ense\u00f1ar c\u00f3mo usar una mascarilla facial de manera correcta. En estos tiempos de pandemia, es esencial tomar medidas de protecci\u00f3n para cuidar nuestra salud y la de los dem\u00e1s. Las mascarillas faciales se han convertido en un elemento\" \/>\n\t\t<script type=\"application\/ld+json\" class=\"aioseo-schema\">\n\t\t\t{\"@context\":\"https:\\\/\\\/schema.org\",\"@graph\":[{\"@type\":\"BlogPosting\",\"@id\":\"https:\\\/\\\/dudasytextos.com\\\/comousar\\\/como-usar-una-mascarilla-facial\\\/#blogposting\",\"name\":\"C\\u00f3mo usar una mascarilla facial (2026) \\u00bfC\\u00f3mo Usarlo?\",\"headline\":\"C\\u00f3mo usar una mascarilla facial\",\"author\":{\"@id\":\"https:\\\/\\\/dudasytextos.com\\\/comousar\\\/author\\\/admin23\\\/#author\"},\"publisher\":{\"@id\":\"https:\\\/\\\/dudasytextos.com\\\/comousar\\\/#organization\"},\"datePublished\":\"2025-02-18T19:08:49+00:00\",\"dateModified\":\"2025-03-12T12:45:12+00:00\",\"inLanguage\":\"es-ES\",\"mainEntityOfPage\":{\"@id\":\"https:\\\/\\\/dudasytextos.com\\\/comousar\\\/como-usar-una-mascarilla-facial\\\/#webpage\"},\"isPartOf\":{\"@id\":\"https:\\\/\\\/dudasytextos.com\\\/comousar\\\/como-usar-una-mascarilla-facial\\\/#webpage\"},\"articleSection\":\"\\u00bfC\\u00f3mo usar?\"},{\"@type\":\"BreadcrumbList\",\"@id\":\"https:\\\/\\\/dudasytextos.com\\\/comousar\\\/como-usar-una-mascarilla-facial\\\/#breadcrumblist\",\"itemListElement\":[{\"@type\":\"ListItem\",\"@id\":\"https:\\\/\\\/dudasytextos.com\\\/comousar#listItem\",\"position\":1,\"name\":\"Home\",\"item\":\"https:\\\/\\\/dudasytextos.com\\\/comousar\",\"nextItem\":{\"@type\":\"ListItem\",\"@id\":\"https:\\\/\\\/dudasytextos.com\\\/comousar\\\/category\\\/como-usar\\\/#listItem\",\"name\":\"\\u00bfC\\u00f3mo usar?\"}},{\"@type\":\"ListItem\",\"@id\":\"https:\\\/\\\/dudasytextos.com\\\/comousar\\\/category\\\/como-usar\\\/#listItem\",\"position\":2,\"name\":\"\\u00bfC\\u00f3mo usar?\",\"item\":\"https:\\\/\\\/dudasytextos.com\\\/comousar\\\/category\\\/como-usar\\\/\",\"nextItem\":{\"@type\":\"ListItem\",\"@id\":\"https:\\\/\\\/dudasytextos.com\\\/comousar\\\/como-usar-una-mascarilla-facial\\\/#listItem\",\"name\":\"C\\u00f3mo usar una mascarilla facial\"},\"previousItem\":{\"@type\":\"ListItem\",\"@id\":\"https:\\\/\\\/dudasytextos.com\\\/comousar#listItem\",\"name\":\"Home\"}},{\"@type\":\"ListItem\",\"@id\":\"https:\\\/\\\/dudasytextos.com\\\/comousar\\\/como-usar-una-mascarilla-facial\\\/#listItem\",\"position\":3,\"name\":\"C\\u00f3mo usar una mascarilla facial\",\"previousItem\":{\"@type\":\"ListItem\",\"@id\":\"https:\\\/\\\/dudasytextos.com\\\/comousar\\\/category\\\/como-usar\\\/#listItem\",\"name\":\"\\u00bfC\\u00f3mo usar?\"}}]},{\"@type\":\"Organization\",\"@id\":\"https:\\\/\\\/dudasytextos.com\\\/comousar\\\/#organization\",\"name\":\"Recipes\",\"description\":\"\\u00bfC\\u00f3mo Usarlo?\",\"url\":\"https:\\\/\\\/dudasytextos.com\\\/comousar\\\/\"},{\"@type\":\"Person\",\"@id\":\"https:\\\/\\\/dudasytextos.com\\\/comousar\\\/author\\\/admin23\\\/#author\",\"url\":\"https:\\\/\\\/dudasytextos.com\\\/comousar\\\/author\\\/admin23\\\/\",\"name\":\"Ana Gonz\\u00e1lez\"},{\"@type\":\"WebPage\",\"@id\":\"https:\\\/\\\/dudasytextos.com\\\/comousar\\\/como-usar-una-mascarilla-facial\\\/#webpage\",\"url\":\"https:\\\/\\\/dudasytextos.com\\\/comousar\\\/como-usar-una-mascarilla-facial\\\/\",\"name\":\"C\\u00f3mo usar una mascarilla facial (2026) \\u00bfC\\u00f3mo Usarlo?\",\"description\":\"C\\u00f3mo usar una mascarilla facial Introducci\\u00f3n Hola, soy Ana Gonz\\u00e1lez y en este art\\u00edculo te voy a ense\\u00f1ar c\\u00f3mo usar una mascarilla facial de manera correcta. En estos tiempos de pandemia, es esencial tomar medidas de protecci\\u00f3n para cuidar nuestra salud y la de los dem\\u00e1s. Las mascarillas faciales se han convertido en un elemento\",\"inLanguage\":\"es-ES\",\"isPartOf\":{\"@id\":\"https:\\\/\\\/dudasytextos.com\\\/comousar\\\/#website\"},\"breadcrumb\":{\"@id\":\"https:\\\/\\\/dudasytextos.com\\\/comousar\\\/como-usar-una-mascarilla-facial\\\/#breadcrumblist\"},\"author\":{\"@id\":\"https:\\\/\\\/dudasytextos.com\\\/comousar\\\/author\\\/admin23\\\/#author\"},\"creator\":{\"@id\":\"https:\\\/\\\/dudasytextos.com\\\/comousar\\\/author\\\/admin23\\\/#author\"},\"datePublished\":\"2025-02-18T19:08:49+00:00\",\"dateModified\":\"2025-03-12T12:45:12+00:00\"},{\"@type\":\"WebSite\",\"@id\":\"https:\\\/\\\/dudasytextos.com\\\/comousar\\\/#website\",\"url\":\"https:\\\/\\\/dudasytextos.com\\\/comousar\\\/\",\"name\":\"Recipes\",\"description\":\"\\u00bfC\\u00f3mo Usarlo?\",\"inLanguage\":\"es-ES\",\"publisher\":{\"@id\":\"https:\\\/\\\/dudasytextos.com\\\/comousar\\\/#organization\"}}]}\n\t\t<\/script>\n\t\t<!-- All in One SEO -->\n\n","aioseo_head_json":{"title":"C\u00f3mo usar una mascarilla facial (2026) \u00bfC\u00f3mo Usarlo?","description":"C\u00f3mo usar una mascarilla facial Introducci\u00f3n Hola, soy Ana Gonz\u00e1lez y en este art\u00edculo te voy a ense\u00f1ar c\u00f3mo usar una mascarilla facial de manera correcta. En estos tiempos de pandemia, es esencial tomar medidas de protecci\u00f3n para cuidar nuestra salud y la de los dem\u00e1s. Las mascarillas faciales se han convertido en un elemento","canonical_url":"https:\/\/dudasytextos.com\/comousar\/como-usar-una-mascarilla-facial\/","robots":"max-snippet:-1, max-image-preview:large, max-video-preview:-1","keywords":"","webmasterTools":{"miscellaneous":"&lt;!-- Google tag (gtag.js) --&gt;\n&lt;script async src=\"https:\/\/www.googletagmanager.com\/gtag\/js?id=G-X7DSVXBJ5H\"&gt;&lt;\/script&gt;\n&lt;script&gt;\n  window.dataLayer = window.dataLayer || [];\n  function gtag(){dataLayer.push(arguments);}\n  gtag('js', new Date());\n\n  gtag('config', 'G-X7DSVXBJ5H');\n&lt;\/script&gt;\n&lt;script async src=\"https:\/\/pagead2.googlesyndication.com\/pagead\/js\/adsbygoogle.js?client=ca-pub-3987500858204711\"\n     crossorigin=\"anonymous\"&gt;&lt;\/script&gt;"},"schema":{"@context":"https:\/\/schema.org","@graph":[{"@type":"BlogPosting","@id":"https:\/\/dudasytextos.com\/comousar\/como-usar-una-mascarilla-facial\/#blogposting","name":"C\u00f3mo usar una mascarilla facial (2026) \u00bfC\u00f3mo Usarlo?","headline":"C\u00f3mo usar una mascarilla facial","author":{"@id":"https:\/\/dudasytextos.com\/comousar\/author\/admin23\/#author"},"publisher":{"@id":"https:\/\/dudasytextos.com\/comousar\/#organization"},"datePublished":"2025-02-18T19:08:49+00:00","dateModified":"2025-03-12T12:45:12+00:00","inLanguage":"es-ES","mainEntityOfPage":{"@id":"https:\/\/dudasytextos.com\/comousar\/como-usar-una-mascarilla-facial\/#webpage"},"isPartOf":{"@id":"https:\/\/dudasytextos.com\/comousar\/como-usar-una-mascarilla-facial\/#webpage"},"articleSection":"\u00bfC\u00f3mo usar?"},{"@type":"BreadcrumbList","@id":"https:\/\/dudasytextos.com\/comousar\/como-usar-una-mascarilla-facial\/#breadcrumblist","itemListElement":[{"@type":"ListItem","@id":"https:\/\/dudasytextos.com\/comousar#listItem","position":1,"name":"Home","item":"https:\/\/dudasytextos.com\/comousar","nextItem":{"@type":"ListItem","@id":"https:\/\/dudasytextos.com\/comousar\/category\/como-usar\/#listItem","name":"\u00bfC\u00f3mo usar?"}},{"@type":"ListItem","@id":"https:\/\/dudasytextos.com\/comousar\/category\/como-usar\/#listItem","position":2,"name":"\u00bfC\u00f3mo usar?","item":"https:\/\/dudasytextos.com\/comousar\/category\/como-usar\/","nextItem":{"@type":"ListItem","@id":"https:\/\/dudasytextos.com\/comousar\/como-usar-una-mascarilla-facial\/#listItem","name":"C\u00f3mo usar una mascarilla facial"},"previousItem":{"@type":"ListItem","@id":"https:\/\/dudasytextos.com\/comousar#listItem","name":"Home"}},{"@type":"ListItem","@id":"https:\/\/dudasytextos.com\/comousar\/como-usar-una-mascarilla-facial\/#listItem","position":3,"name":"C\u00f3mo usar una mascarilla facial","previousItem":{"@type":"ListItem","@id":"https:\/\/dudasytextos.com\/comousar\/category\/como-usar\/#listItem","name":"\u00bfC\u00f3mo usar?"}}]},{"@type":"Organization","@id":"https:\/\/dudasytextos.com\/comousar\/#organization","name":"Recipes","description":"\u00bfC\u00f3mo Usarlo?","url":"https:\/\/dudasytextos.com\/comousar\/"},{"@type":"Person","@id":"https:\/\/dudasytextos.com\/comousar\/author\/admin23\/#author","url":"https:\/\/dudasytextos.com\/comousar\/author\/admin23\/","name":"Ana Gonz\u00e1lez"},{"@type":"WebPage","@id":"https:\/\/dudasytextos.com\/comousar\/como-usar-una-mascarilla-facial\/#webpage","url":"https:\/\/dudasytextos.com\/comousar\/como-usar-una-mascarilla-facial\/","name":"C\u00f3mo usar una mascarilla facial (2026) \u00bfC\u00f3mo Usarlo?","description":"C\u00f3mo usar una mascarilla facial Introducci\u00f3n Hola, soy Ana Gonz\u00e1lez y en este art\u00edculo te voy a ense\u00f1ar c\u00f3mo usar una mascarilla facial de manera correcta. En estos tiempos de pandemia, es esencial tomar medidas de protecci\u00f3n para cuidar nuestra salud y la de los dem\u00e1s. Las mascarillas faciales se han convertido en un elemento","inLanguage":"es-ES","isPartOf":{"@id":"https:\/\/dudasytextos.com\/comousar\/#website"},"breadcrumb":{"@id":"https:\/\/dudasytextos.com\/comousar\/como-usar-una-mascarilla-facial\/#breadcrumblist"},"author":{"@id":"https:\/\/dudasytextos.com\/comousar\/author\/admin23\/#author"},"creator":{"@id":"https:\/\/dudasytextos.com\/comousar\/author\/admin23\/#author"},"datePublished":"2025-02-18T19:08:49+00:00","dateModified":"2025-03-12T12:45:12+00:00"},{"@type":"WebSite","@id":"https:\/\/dudasytextos.com\/comousar\/#website","url":"https:\/\/dudasytextos.com\/comousar\/","name":"Recipes","description":"\u00bfC\u00f3mo Usarlo?","inLanguage":"es-ES","publisher":{"@id":"https:\/\/dudasytextos.com\/comousar\/#organization"}}]},"og:locale":"es_ES","og:site_name":"\u00bfC\u00f3mo Usarlo? - \u00bfC\u00f3mo Usarlo?","og:type":"article","og:title":"C\u00f3mo usar una mascarilla facial (2026) \u00bfC\u00f3mo Usarlo?","og:description":"C\u00f3mo usar una mascarilla facial Introducci\u00f3n Hola, soy Ana Gonz\u00e1lez y en este art\u00edculo te voy a ense\u00f1ar c\u00f3mo usar una mascarilla facial de manera correcta. En estos tiempos de pandemia, es esencial tomar medidas de protecci\u00f3n para cuidar nuestra salud y la de los dem\u00e1s. Las mascarillas faciales se han convertido en un elemento","og:url":"https:\/\/dudasytextos.com\/comousar\/como-usar-una-mascarilla-facial\/","article:published_time":"2025-02-18T19:08:49+00:00","article:modified_time":"2025-03-12T12:45:12+00:00","twitter:card":"summary_large_image","twitter:title":"C\u00f3mo usar una mascarilla facial (2026) \u00bfC\u00f3mo Usarlo?","twitter:description":"C\u00f3mo usar una mascarilla facial Introducci\u00f3n Hola, soy Ana Gonz\u00e1lez y en este art\u00edculo te voy a ense\u00f1ar c\u00f3mo usar una mascarilla facial de manera correcta. En estos tiempos de pandemia, es esencial tomar medidas de protecci\u00f3n para cuidar nuestra salud y la de los dem\u00e1s. Las mascarillas faciales se han convertido en un elemento"},"aioseo_meta_data":{"post_id":"81613","title":null,"description":null,"keywords":null,"keyphrases":null,"primary_term":null,"canonical_url":null,"og_title":null,"og_description":null,"og_object_type":"default","og_image_type":"default","og_image_url":null,"og_image_width":null,"og_image_height":null,"og_image_custom_url":null,"og_image_custom_fields":null,"og_video":null,"og_custom_url":null,"og_article_section":null,"og_article_tags":null,"twitter_use_og":false,"twitter_card":"default","twitter_image_type":"default","twitter_image_url":null,"twitter_image_custom_url":null,"twitter_image_custom_fields":null,"twitter_title":null,"twitter_description":null,"schema":{"blockGraphs":[],"customGraphs":[],"default":{"data":{"Article":[],"Course":[],"Dataset":[],"FAQPage":[],"Movie":[],"Person":[],"Product":[],"ProductReview":[],"Car":[],"Recipe":[],"Service":[],"SoftwareApplication":[],"WebPage":[]},"graphName":"","isEnabled":true},"graphs":[]},"schema_type":"default","schema_type_options":null,"pillar_content":false,"robots_default":true,"robots_noindex":false,"robots_noarchive":false,"robots_nosnippet":false,"robots_nofollow":false,"robots_noimageindex":false,"robots_noodp":false,"robots_notranslate":false,"robots_max_snippet":null,"robots_max_videopreview":null,"robots_max_imagepreview":"large","priority":null,"frequency":null,"local_seo":null,"breadcrumb_settings":null,"limit_modified_date":false,"ai":null,"created":"2023-07-13 20:32:09","updated":"2025-06-04 03:43:05","seo_analyzer_scan_date":null,"focus_keyword":null,"additional_keywords":null,"truseo_locale":null},"aioseo_breadcrumb":"<div class=\"aioseo-breadcrumbs\"><span class=\"aioseo-breadcrumb\">\n\t\t\t<a href=\"https:\/\/dudasytextos.com\/comousar\" title=\"Home\">Home<\/a>\n\t\t<\/span><span class=\"aioseo-breadcrumb-separator\">&raquo;<\/span><span class=\"aioseo-breadcrumb\">\n\t\t\t<a href=\"https:\/\/dudasytextos.com\/comousar\/category\/como-usar\/\" title=\"\u00bfC\u00f3mo usar?\">\u00bfC\u00f3mo usar?<\/a>\n\t\t<\/span><span class=\"aioseo-breadcrumb-separator\">&raquo;<\/span><span class=\"aioseo-breadcrumb\">\n\t\t\tC\u00f3mo usar una mascarilla facial\n\t\t<\/span><\/div>","aioseo_breadcrumb_json":[{"label":"Home","link":"https:\/\/dudasytextos.com\/comousar"},{"label":"\u00bfC\u00f3mo usar?","link":"https:\/\/dudasytextos.com\/comousar\/category\/como-usar\/"},{"label":"C\u00f3mo usar una mascarilla facial","link":"https:\/\/dudasytextos.com\/comousar\/como-usar-una-mascarilla-facial\/"}],"_links":{"self":[{"href":"https:\/\/dudasytextos.com\/comousar\/wp-json\/wp\/v2\/posts\/81613","targetHints":{"allow":["GET"]}}],"collection":[{"href":"https:\/\/dudasytextos.com\/comousar\/wp-json\/wp\/v2\/posts"}],"about":[{"href":"https:\/\/dudasytextos.com\/comousar\/wp-json\/wp\/v2\/types\/post"}],"author":[{"embeddable":true,"href":"https:\/\/dudasytextos.com\/comousar\/wp-json\/wp\/v2\/users\/1"}],"replies":[{"embeddable":true,"href":"https:\/\/dudasytextos.com\/comousar\/wp-json\/wp\/v2\/comments?post=81613"}],"version-history":[{"count":0,"href":"https:\/\/dudasytextos.com\/comousar\/wp-json\/wp\/v2\/posts\/81613\/revisions"}],"wp:attachment":[{"href":"https:\/\/dudasytextos.com\/comousar\/wp-json\/wp\/v2\/media?parent=81613"}],"wp:term":[{"taxonomy":"category","embeddable":true,"href":"https:\/\/dudasytextos.com\/comousar\/wp-json\/wp\/v2\/categories?post=81613"},{"taxonomy":"post_tag","embeddable":true,"href":"https:\/\/dudasytextos.com\/comousar\/wp-json\/wp\/v2\/tags?post=81613"}],"curies":[{"name":"wp","href":"https:\/\/api.w.org\/{rel}","templated":true}]}}