{"id":81888,"date":"2025-02-15T10:36:30","date_gmt":"2025-02-15T10:36:30","guid":{"rendered":"https:\/\/soleyantonio.es\/como-usar-acondicionador-y-mascarilla\/"},"modified":"2025-03-12T21:49:52","modified_gmt":"2025-03-12T21:49:52","slug":"como-usar-acondicionador-y-mascarilla","status":"publish","type":"post","link":"https:\/\/dudasytextos.com\/comousar\/como-usar-acondicionador-y-mascarilla\/","title":{"rendered":"C\u00f3mo usar acondicionador y mascarilla"},"content":{"rendered":"<div id=\"ez-toc-container\" class=\"ez-toc-v2_0_87 counter-hierarchy ez-toc-counter ez-toc-custom ez-toc-container-direction\">\n<div class=\"ez-toc-title-container\">\n<span class=\"ez-toc-title-toggle\"><\/span><\/div>\n<nav><ul class='ez-toc-list ez-toc-list-level-1 ' ><li class='ez-toc-page-1 ez-toc-heading-level-2'><a class=\"ez-toc-link ez-toc-heading-1\" href=\"https:\/\/dudasytextos.com\/comousar\/como-usar-acondicionador-y-mascarilla\/#Como_usar_acondicionador_y_mascarilla\" >C\u00f3mo usar acondicionador y mascarilla<\/a><\/li><li class='ez-toc-page-1 ez-toc-heading-level-2'><a class=\"ez-toc-link ez-toc-heading-2\" href=\"https:\/\/dudasytextos.com\/comousar\/como-usar-acondicionador-y-mascarilla\/#Introduccion\" >Introducci\u00f3n<\/a><\/li><li class='ez-toc-page-1 ez-toc-heading-level-2'><a class=\"ez-toc-link ez-toc-heading-3\" href=\"https:\/\/dudasytextos.com\/comousar\/como-usar-acondicionador-y-mascarilla\/#Curiosidades_y_hechos_interesantes\" >Curiosidades y hechos interesantes<\/a><\/li><li class='ez-toc-page-1 ez-toc-heading-level-2'><a class=\"ez-toc-link ez-toc-heading-4\" href=\"https:\/\/dudasytextos.com\/comousar\/como-usar-acondicionador-y-mascarilla\/#%C2%BFComo_usar_el_acondicionador\" >\u00bfC\u00f3mo usar el acondicionador?<\/a><\/li><li class='ez-toc-page-1 ez-toc-heading-level-2'><a class=\"ez-toc-link ez-toc-heading-5\" href=\"https:\/\/dudasytextos.com\/comousar\/como-usar-acondicionador-y-mascarilla\/#%C2%BFComo_utilizar_la_mascarilla\" >\u00bfC\u00f3mo utilizar la mascarilla?<\/a><\/li><li class='ez-toc-page-1 ez-toc-heading-level-2'><a class=\"ez-toc-link ez-toc-heading-6\" href=\"https:\/\/dudasytextos.com\/comousar\/como-usar-acondicionador-y-mascarilla\/#Mi_experiencia_personal\" >Mi experiencia personal<\/a><\/li><li class='ez-toc-page-1 ez-toc-heading-level-2'><a class=\"ez-toc-link ez-toc-heading-7\" href=\"https:\/\/dudasytextos.com\/comousar\/como-usar-acondicionador-y-mascarilla\/#Preguntas_frecuentes\" >Preguntas frecuentes<\/a><ul class='ez-toc-list-level-3' ><li class='ez-toc-heading-level-3'><a class=\"ez-toc-link ez-toc-heading-8\" href=\"https:\/\/dudasytextos.com\/comousar\/como-usar-acondicionador-y-mascarilla\/#%C2%BFPuedo_usar_acondicionador_todos_los_dias\" >\u00bfPuedo usar acondicionador todos los d\u00edas?<\/a><\/li><li class='ez-toc-page-1 ez-toc-heading-level-3'><a class=\"ez-toc-link ez-toc-heading-9\" href=\"https:\/\/dudasytextos.com\/comousar\/como-usar-acondicionador-y-mascarilla\/#%C2%BFCon_que_frecuencia_debo_aplicar_la_mascarilla\" >\u00bfCon qu\u00e9 frecuencia debo aplicar la mascarilla?<\/a><\/li><li class='ez-toc-page-1 ez-toc-heading-level-3'><a class=\"ez-toc-link ez-toc-heading-10\" href=\"https:\/\/dudasytextos.com\/comousar\/como-usar-acondicionador-y-mascarilla\/#%C2%BFPuedo_utilizar_la_mascarilla_como_acondicionador\" >\u00bfPuedo utilizar la mascarilla como acondicionador?<\/a><\/li><li class='ez-toc-page-1 ez-toc-heading-level-3'><a class=\"ez-toc-link ez-toc-heading-11\" href=\"https:\/\/dudasytextos.com\/comousar\/como-usar-acondicionador-y-mascarilla\/#%C2%BFQue_hacer_si_el_acondicionador_deja_mi_cabello_grasoso\" >\u00bfQu\u00e9 hacer si el acondicionador deja mi cabello grasoso?<\/a><\/li><li class='ez-toc-page-1 ez-toc-heading-level-3'><a class=\"ez-toc-link ez-toc-heading-12\" href=\"https:\/\/dudasytextos.com\/comousar\/como-usar-acondicionador-y-mascarilla\/#%C2%BFCuanto_tiempo_debo_dejar_actuar_la_mascarilla\" >\u00bfCu\u00e1nto tiempo debo dejar actuar la mascarilla?<\/a><\/li><\/ul><\/li><\/ul><\/nav><\/div>\n<h2><span class=\"ez-toc-section\" id=\"Como_usar_acondicionador_y_mascarilla\"><\/span>C\u00f3mo usar acondicionador y mascarilla<span class=\"ez-toc-section-end\"><\/span><\/h2>\n<h2><span class=\"ez-toc-section\" id=\"Introduccion\"><\/span>Introducci\u00f3n<span class=\"ez-toc-section-end\"><\/span><\/h2>\n<p>\u00a1Hola a todos! Soy Ana Gonz\u00e1lez y hoy quiero compartir con ustedes algunos consejos sobre c\u00f3mo usar adecuadamente el acondicionador y la mascarilla para obtener los mejores resultados. Estos productos son fundamentales en nuestra rutina de cuidado del cabello y pueden marcar la diferencia en su apariencia y salud. Sigue leyendo para descubrir los secretos detr\u00e1s de un cabello suave, brillante y lleno de vida.<\/p>\n<h2><span class=\"ez-toc-section\" id=\"Curiosidades_y_hechos_interesantes\"><\/span>Curiosidades y hechos interesantes<span class=\"ez-toc-section-end\"><\/span><\/h2>\n<ul>\n<li>El acondicionador y la mascarilla son productos complementarios que se utilizan para hidratar y nutrir el cabello.<\/li>\n<li>Seg\u00fan una encuesta reciente, el 80% de las personas en Espa\u00f1a utiliza acondicionador y mascarilla regularmente.<\/li>\n<li>Un estudio revel\u00f3 que el uso adecuado de estos productos puede reducir la rotura del cabello en un 50%.<\/li>\n<li>El acondicionador se aplica despu\u00e9s del champ\u00fa, mientras que la mascarilla se utiliza como tratamiento intensivo semanal.<\/li>\n<li>\u00a1No te preocupes! A continuaci\u00f3n, responder\u00e9 a las preguntas m\u00e1s frecuentes sobre c\u00f3mo usar acondicionador y mascarilla.<\/li>\n<\/ul>\n<h2><span class=\"ez-toc-section\" id=\"%C2%BFComo_usar_el_acondicionador\"><\/span>\u00bfC\u00f3mo usar el acondicionador?<span class=\"ez-toc-section-end\"><\/span><\/h2>\n<p>El acondicionador es un producto que se utiliza para suavizar el cabello, desenredarlo y proporcionarle hidrataci\u00f3n. Aqu\u00ed tienes algunos consejos para usarlo correctamente:<\/p>\n<ul>\n<li>Aplica el acondicionador despu\u00e9s de lavar tu cabello con champ\u00fa.<\/li>\n<li>Enjuaga bien el champ\u00fa antes de aplicar el acondicionador.<\/li>\n<li>Distribuye el acondicionador de manera uniforme por todo el cabello, prestando especial atenci\u00f3n a las puntas.<\/li>\n<li>Deja actuar el acondicionador durante unos minutos antes de enjuagarlo.<\/li>\n<li>Enjuaga con agua tibia y finaliza con agua fr\u00eda para cerrar las cut\u00edculas del cabello.<\/li>\n<\/ul>\n<h2><span class=\"ez-toc-section\" id=\"%C2%BFComo_utilizar_la_mascarilla\"><\/span>\u00bfC\u00f3mo utilizar la mascarilla?<span class=\"ez-toc-section-end\"><\/span><\/h2>\n<p>La mascarilla es un tratamiento intensivo que proporciona una hidrataci\u00f3n profunda y repara el cabello da\u00f1ado. Aqu\u00ed tienes algunos consejos para aprovechar al m\u00e1ximo sus beneficios:<\/p>\n<ul>\n<li>Lava tu cabello con champ\u00fa y retira el exceso de agua.<\/li>\n<li>Aplica la mascarilla de manera generosa, enfoc\u00e1ndote en las \u00e1reas m\u00e1s da\u00f1adas o secas.<\/li>\n<li>Envuelve tu cabello con una toalla o utiliza una gorra de ba\u00f1o para crear un efecto de calor y potenciar los beneficios de la mascarilla.<\/li>\n<li>Deja actuar la mascarilla durante al menos 15 minutos.<\/li>\n<li>Enjuaga con agua tibia y finaliza con agua fr\u00eda para sellar la hidrataci\u00f3n y obtener un brillo adicional.<\/li>\n<\/ul>\n<h2><span class=\"ez-toc-section\" id=\"Mi_experiencia_personal\"><\/span>Mi experiencia personal<span class=\"ez-toc-section-end\"><\/span><\/h2>\n<p>Como amante del cuidado del cabello, puedo decirte que el uso adecuado del acondicionador y la mascarilla ha transformado mi melena. Antes, mi cabello estaba seco, opaco y propenso a la rotura, pero una vez que comenc\u00e9 a seguir estos pasos, not\u00e9 una mejora significativa en su apariencia y textura. Ahora tengo un cabello suave, brillante y mucho m\u00e1s saludable. \u00a1No puedo dejar de recomendar estos productos!<\/p>\n<h2><span class=\"ez-toc-section\" id=\"Preguntas_frecuentes\"><\/span>Preguntas frecuentes<span class=\"ez-toc-section-end\"><\/span><\/h2>\n<h3><span class=\"ez-toc-section\" id=\"%C2%BFPuedo_usar_acondicionador_todos_los_dias\"><\/span>\u00bfPuedo usar acondicionador todos los d\u00edas?<span class=\"ez-toc-section-end\"><\/span><\/h3>\n<p>S\u00ed, puedes usar acondicionador todos los d\u00edas. Sin embargo, si tienes el cabello fino o graso, es recomendable aplicarlo solo en las puntas para evitar que el cuero cabelludo se vuelva grasoso.<\/p>\n<h3><span class=\"ez-toc-section\" id=\"%C2%BFCon_que_frecuencia_debo_aplicar_la_mascarilla\"><\/span>\u00bfCon qu\u00e9 frecuencia debo aplicar la mascarilla?<span class=\"ez-toc-section-end\"><\/span><\/h3>\n<p>La frecuencia de aplicaci\u00f3n de la mascarilla depende del estado de tu cabello. Si tienes el cabello muy da\u00f1ado o seco, puedes usarla una vez a la semana. Si tu cabello est\u00e1 en buen estado, puedes aplicarla cada dos semanas o una vez al mes.<\/p>\n<h3><span class=\"ez-toc-section\" id=\"%C2%BFPuedo_utilizar_la_mascarilla_como_acondicionador\"><\/span>\u00bfPuedo utilizar la mascarilla como acondicionador?<span class=\"ez-toc-section-end\"><\/span><\/h3>\n<p>No se recomienda utilizar la mascarilla como acondicionador regular, ya que su f\u00f3rmula es m\u00e1s concentrada y puede dejar el cabello pesado o grasoso. Es mejor utilizarla como tratamiento intensivo semanal.<\/p>\n<h3><span class=\"ez-toc-section\" id=\"%C2%BFQue_hacer_si_el_acondicionador_deja_mi_cabello_grasoso\"><\/span>\u00bfQu\u00e9 hacer si el acondicionador deja mi cabello grasoso?<span class=\"ez-toc-section-end\"><\/span><\/h3>\n<p>Si el acondicionador deja tu cabello grasoso, aseg\u00farate de enjuagarlo completamente. Tambi\u00e9n puedes probar usando menos cantidad de producto o aplic\u00e1ndolo solo en las puntas en lugar de las ra\u00edces.<\/p>\n<h3><span class=\"ez-toc-section\" id=\"%C2%BFCuanto_tiempo_debo_dejar_actuar_la_mascarilla\"><\/span>\u00bfCu\u00e1nto tiempo debo dejar actuar la mascarilla?<span class=\"ez-toc-section-end\"><\/span><\/h3>\n<p>La mascarilla debe dejarse actuar durante al menos 15 minutos para que los ingredientes puedan penetrar en el cabello y proporcionarle los beneficios deseados. Sin embargo, si tienes tiempo, puedes dejarla por m\u00e1s tiempo para obtener mejores resultados.<\/p>\n","protected":false},"excerpt":{"rendered":"<p>C\u00f3mo usar acondicionador y mascarilla Introducci\u00f3n \u00a1Hola a todos! Soy Ana Gonz\u00e1lez y hoy quiero compartir con ustedes algunos consejos sobre c\u00f3mo usar adecuadamente el acondicionador y la mascarilla para obtener los mejores resultados. Estos productos son fundamentales en nuestra rutina de cuidado del cabello y pueden marcar la diferencia en su apariencia y salud. &#8230; <a title=\"C\u00f3mo usar acondicionador y mascarilla\" class=\"read-more\" href=\"https:\/\/dudasytextos.com\/comousar\/como-usar-acondicionador-y-mascarilla\/\" aria-label=\"M\u00e1s en C\u00f3mo usar acondicionador y mascarilla\">Leer m\u00e1s<\/a><\/p>\n","protected":false},"author":1,"featured_media":0,"comment_status":"open","ping_status":"open","sticky":false,"template":"","format":"standard","meta":{"footnotes":""},"categories":[3],"tags":[],"class_list":["post-81888","post","type-post","status-publish","format-standard","hentry","category-como-usar"],"aioseo_notices":[],"aioseo_head":"\n\t\t<!-- All in One SEO 5.0.1.1 - aioseo.com -->\n\t<meta name=\"description\" content=\"C\u00f3mo usar acondicionador y mascarilla Introducci\u00f3n \u00a1Hola a todos! Soy Ana Gonz\u00e1lez y hoy quiero compartir con ustedes algunos consejos sobre c\u00f3mo usar adecuadamente el acondicionador y la mascarilla para obtener los mejores resultados. Estos productos son fundamentales en nuestra rutina de cuidado del cabello y pueden marcar la diferencia en su apariencia y salud.\" \/>\n\t<meta name=\"robots\" content=\"max-snippet:-1, max-image-preview:large, max-video-preview:-1\" \/>\n\t<meta name=\"author\" content=\"Ana Gonz\u00e1lez\"\/>\n\t<link rel=\"canonical\" href=\"https:\/\/dudasytextos.com\/comousar\/como-usar-acondicionador-y-mascarilla\/\" \/>\n\t<meta name=\"generator\" content=\"All in One SEO (AIOSEO) 5.0.1.1\" \/>\n\n\t\t<!-- Google tag (gtag.js) -->\n<script async src=\"https:\/\/www.googletagmanager.com\/gtag\/js?id=G-X7DSVXBJ5H\"><\/script>\n<script>\n  window.dataLayer = window.dataLayer || [];\n  function gtag(){dataLayer.push(arguments);}\n  gtag('js', new Date());\n\n  gtag('config', 'G-X7DSVXBJ5H');\n<\/script>\n<script async src=\"https:\/\/pagead2.googlesyndication.com\/pagead\/js\/adsbygoogle.js?client=ca-pub-3987500858204711\"\n     crossorigin=\"anonymous\"><\/script>\n\t\t<meta property=\"og:locale\" content=\"es_ES\" \/>\n\t\t<meta property=\"og:site_name\" content=\"\u00bfC\u00f3mo Usarlo? - \u00bfC\u00f3mo Usarlo?\" \/>\n\t\t<meta property=\"og:type\" content=\"article\" \/>\n\t\t<meta property=\"og:title\" content=\"C\u00f3mo usar acondicionador y mascarilla (2026) \u00bfC\u00f3mo Usarlo?\" \/>\n\t\t<meta property=\"og:description\" content=\"C\u00f3mo usar acondicionador y mascarilla Introducci\u00f3n \u00a1Hola a todos! Soy Ana Gonz\u00e1lez y hoy quiero compartir con ustedes algunos consejos sobre c\u00f3mo usar adecuadamente el acondicionador y la mascarilla para obtener los mejores resultados. Estos productos son fundamentales en nuestra rutina de cuidado del cabello y pueden marcar la diferencia en su apariencia y salud.\" \/>\n\t\t<meta property=\"og:url\" content=\"https:\/\/dudasytextos.com\/comousar\/como-usar-acondicionador-y-mascarilla\/\" \/>\n\t\t<meta property=\"article:published_time\" content=\"2025-02-15T10:36:30+00:00\" \/>\n\t\t<meta property=\"article:modified_time\" content=\"2025-03-12T21:49:52+00:00\" \/>\n\t\t<meta name=\"twitter:card\" content=\"summary_large_image\" \/>\n\t\t<meta name=\"twitter:title\" content=\"C\u00f3mo usar acondicionador y mascarilla (2026) \u00bfC\u00f3mo Usarlo?\" \/>\n\t\t<meta name=\"twitter:description\" content=\"C\u00f3mo usar acondicionador y mascarilla Introducci\u00f3n \u00a1Hola a todos! Soy Ana Gonz\u00e1lez y hoy quiero compartir con ustedes algunos consejos sobre c\u00f3mo usar adecuadamente el acondicionador y la mascarilla para obtener los mejores resultados. Estos productos son fundamentales en nuestra rutina de cuidado del cabello y pueden marcar la diferencia en su apariencia y salud.\" \/>\n\t\t<script type=\"application\/ld+json\" class=\"aioseo-schema\">\n\t\t\t{\"@context\":\"https:\\\/\\\/schema.org\",\"@graph\":[{\"@type\":\"BlogPosting\",\"@id\":\"https:\\\/\\\/dudasytextos.com\\\/comousar\\\/como-usar-acondicionador-y-mascarilla\\\/#blogposting\",\"name\":\"C\\u00f3mo usar acondicionador y mascarilla (2026) \\u00bfC\\u00f3mo Usarlo?\",\"headline\":\"C\\u00f3mo usar acondicionador y mascarilla\",\"author\":{\"@id\":\"https:\\\/\\\/dudasytextos.com\\\/comousar\\\/author\\\/admin23\\\/#author\"},\"publisher\":{\"@id\":\"https:\\\/\\\/dudasytextos.com\\\/comousar\\\/#organization\"},\"datePublished\":\"2025-02-15T10:36:30+00:00\",\"dateModified\":\"2025-03-12T21:49:52+00:00\",\"inLanguage\":\"es-ES\",\"mainEntityOfPage\":{\"@id\":\"https:\\\/\\\/dudasytextos.com\\\/comousar\\\/como-usar-acondicionador-y-mascarilla\\\/#webpage\"},\"isPartOf\":{\"@id\":\"https:\\\/\\\/dudasytextos.com\\\/comousar\\\/como-usar-acondicionador-y-mascarilla\\\/#webpage\"},\"articleSection\":\"\\u00bfC\\u00f3mo usar?\"},{\"@type\":\"BreadcrumbList\",\"@id\":\"https:\\\/\\\/dudasytextos.com\\\/comousar\\\/como-usar-acondicionador-y-mascarilla\\\/#breadcrumblist\",\"itemListElement\":[{\"@type\":\"ListItem\",\"@id\":\"https:\\\/\\\/dudasytextos.com\\\/comousar#listItem\",\"position\":1,\"name\":\"Home\",\"item\":\"https:\\\/\\\/dudasytextos.com\\\/comousar\",\"nextItem\":{\"@type\":\"ListItem\",\"@id\":\"https:\\\/\\\/dudasytextos.com\\\/comousar\\\/category\\\/como-usar\\\/#listItem\",\"name\":\"\\u00bfC\\u00f3mo usar?\"}},{\"@type\":\"ListItem\",\"@id\":\"https:\\\/\\\/dudasytextos.com\\\/comousar\\\/category\\\/como-usar\\\/#listItem\",\"position\":2,\"name\":\"\\u00bfC\\u00f3mo usar?\",\"item\":\"https:\\\/\\\/dudasytextos.com\\\/comousar\\\/category\\\/como-usar\\\/\",\"nextItem\":{\"@type\":\"ListItem\",\"@id\":\"https:\\\/\\\/dudasytextos.com\\\/comousar\\\/como-usar-acondicionador-y-mascarilla\\\/#listItem\",\"name\":\"C\\u00f3mo usar acondicionador y mascarilla\"},\"previousItem\":{\"@type\":\"ListItem\",\"@id\":\"https:\\\/\\\/dudasytextos.com\\\/comousar#listItem\",\"name\":\"Home\"}},{\"@type\":\"ListItem\",\"@id\":\"https:\\\/\\\/dudasytextos.com\\\/comousar\\\/como-usar-acondicionador-y-mascarilla\\\/#listItem\",\"position\":3,\"name\":\"C\\u00f3mo usar acondicionador y mascarilla\",\"previousItem\":{\"@type\":\"ListItem\",\"@id\":\"https:\\\/\\\/dudasytextos.com\\\/comousar\\\/category\\\/como-usar\\\/#listItem\",\"name\":\"\\u00bfC\\u00f3mo usar?\"}}]},{\"@type\":\"Organization\",\"@id\":\"https:\\\/\\\/dudasytextos.com\\\/comousar\\\/#organization\",\"name\":\"Recipes\",\"description\":\"\\u00bfC\\u00f3mo Usarlo?\",\"url\":\"https:\\\/\\\/dudasytextos.com\\\/comousar\\\/\"},{\"@type\":\"Person\",\"@id\":\"https:\\\/\\\/dudasytextos.com\\\/comousar\\\/author\\\/admin23\\\/#author\",\"url\":\"https:\\\/\\\/dudasytextos.com\\\/comousar\\\/author\\\/admin23\\\/\",\"name\":\"Ana Gonz\\u00e1lez\"},{\"@type\":\"WebPage\",\"@id\":\"https:\\\/\\\/dudasytextos.com\\\/comousar\\\/como-usar-acondicionador-y-mascarilla\\\/#webpage\",\"url\":\"https:\\\/\\\/dudasytextos.com\\\/comousar\\\/como-usar-acondicionador-y-mascarilla\\\/\",\"name\":\"C\\u00f3mo usar acondicionador y mascarilla (2026) \\u00bfC\\u00f3mo Usarlo?\",\"description\":\"C\\u00f3mo usar acondicionador y mascarilla Introducci\\u00f3n \\u00a1Hola a todos! Soy Ana Gonz\\u00e1lez y hoy quiero compartir con ustedes algunos consejos sobre c\\u00f3mo usar adecuadamente el acondicionador y la mascarilla para obtener los mejores resultados. Estos productos son fundamentales en nuestra rutina de cuidado del cabello y pueden marcar la diferencia en su apariencia y salud.\",\"inLanguage\":\"es-ES\",\"isPartOf\":{\"@id\":\"https:\\\/\\\/dudasytextos.com\\\/comousar\\\/#website\"},\"breadcrumb\":{\"@id\":\"https:\\\/\\\/dudasytextos.com\\\/comousar\\\/como-usar-acondicionador-y-mascarilla\\\/#breadcrumblist\"},\"author\":{\"@id\":\"https:\\\/\\\/dudasytextos.com\\\/comousar\\\/author\\\/admin23\\\/#author\"},\"creator\":{\"@id\":\"https:\\\/\\\/dudasytextos.com\\\/comousar\\\/author\\\/admin23\\\/#author\"},\"datePublished\":\"2025-02-15T10:36:30+00:00\",\"dateModified\":\"2025-03-12T21:49:52+00:00\"},{\"@type\":\"WebSite\",\"@id\":\"https:\\\/\\\/dudasytextos.com\\\/comousar\\\/#website\",\"url\":\"https:\\\/\\\/dudasytextos.com\\\/comousar\\\/\",\"name\":\"Recipes\",\"description\":\"\\u00bfC\\u00f3mo Usarlo?\",\"inLanguage\":\"es-ES\",\"publisher\":{\"@id\":\"https:\\\/\\\/dudasytextos.com\\\/comousar\\\/#organization\"}}]}\n\t\t<\/script>\n\t\t<!-- All in One SEO -->\n\n","aioseo_head_json":{"title":"C\u00f3mo usar acondicionador y mascarilla (2026) \u00bfC\u00f3mo Usarlo?","description":"C\u00f3mo usar acondicionador y mascarilla Introducci\u00f3n \u00a1Hola a todos! Soy Ana Gonz\u00e1lez y hoy quiero compartir con ustedes algunos consejos sobre c\u00f3mo usar adecuadamente el acondicionador y la mascarilla para obtener los mejores resultados. Estos productos son fundamentales en nuestra rutina de cuidado del cabello y pueden marcar la diferencia en su apariencia y salud.","canonical_url":"https:\/\/dudasytextos.com\/comousar\/como-usar-acondicionador-y-mascarilla\/","robots":"max-snippet:-1, max-image-preview:large, max-video-preview:-1","keywords":"","webmasterTools":{"miscellaneous":"&lt;!-- Google tag (gtag.js) --&gt;\n&lt;script async src=\"https:\/\/www.googletagmanager.com\/gtag\/js?id=G-X7DSVXBJ5H\"&gt;&lt;\/script&gt;\n&lt;script&gt;\n  window.dataLayer = window.dataLayer || [];\n  function gtag(){dataLayer.push(arguments);}\n  gtag('js', new Date());\n\n  gtag('config', 'G-X7DSVXBJ5H');\n&lt;\/script&gt;\n&lt;script async src=\"https:\/\/pagead2.googlesyndication.com\/pagead\/js\/adsbygoogle.js?client=ca-pub-3987500858204711\"\n     crossorigin=\"anonymous\"&gt;&lt;\/script&gt;"},"schema":{"@context":"https:\/\/schema.org","@graph":[{"@type":"BlogPosting","@id":"https:\/\/dudasytextos.com\/comousar\/como-usar-acondicionador-y-mascarilla\/#blogposting","name":"C\u00f3mo usar acondicionador y mascarilla (2026) \u00bfC\u00f3mo Usarlo?","headline":"C\u00f3mo usar acondicionador y mascarilla","author":{"@id":"https:\/\/dudasytextos.com\/comousar\/author\/admin23\/#author"},"publisher":{"@id":"https:\/\/dudasytextos.com\/comousar\/#organization"},"datePublished":"2025-02-15T10:36:30+00:00","dateModified":"2025-03-12T21:49:52+00:00","inLanguage":"es-ES","mainEntityOfPage":{"@id":"https:\/\/dudasytextos.com\/comousar\/como-usar-acondicionador-y-mascarilla\/#webpage"},"isPartOf":{"@id":"https:\/\/dudasytextos.com\/comousar\/como-usar-acondicionador-y-mascarilla\/#webpage"},"articleSection":"\u00bfC\u00f3mo usar?"},{"@type":"BreadcrumbList","@id":"https:\/\/dudasytextos.com\/comousar\/como-usar-acondicionador-y-mascarilla\/#breadcrumblist","itemListElement":[{"@type":"ListItem","@id":"https:\/\/dudasytextos.com\/comousar#listItem","position":1,"name":"Home","item":"https:\/\/dudasytextos.com\/comousar","nextItem":{"@type":"ListItem","@id":"https:\/\/dudasytextos.com\/comousar\/category\/como-usar\/#listItem","name":"\u00bfC\u00f3mo usar?"}},{"@type":"ListItem","@id":"https:\/\/dudasytextos.com\/comousar\/category\/como-usar\/#listItem","position":2,"name":"\u00bfC\u00f3mo usar?","item":"https:\/\/dudasytextos.com\/comousar\/category\/como-usar\/","nextItem":{"@type":"ListItem","@id":"https:\/\/dudasytextos.com\/comousar\/como-usar-acondicionador-y-mascarilla\/#listItem","name":"C\u00f3mo usar acondicionador y mascarilla"},"previousItem":{"@type":"ListItem","@id":"https:\/\/dudasytextos.com\/comousar#listItem","name":"Home"}},{"@type":"ListItem","@id":"https:\/\/dudasytextos.com\/comousar\/como-usar-acondicionador-y-mascarilla\/#listItem","position":3,"name":"C\u00f3mo usar acondicionador y mascarilla","previousItem":{"@type":"ListItem","@id":"https:\/\/dudasytextos.com\/comousar\/category\/como-usar\/#listItem","name":"\u00bfC\u00f3mo usar?"}}]},{"@type":"Organization","@id":"https:\/\/dudasytextos.com\/comousar\/#organization","name":"Recipes","description":"\u00bfC\u00f3mo Usarlo?","url":"https:\/\/dudasytextos.com\/comousar\/"},{"@type":"Person","@id":"https:\/\/dudasytextos.com\/comousar\/author\/admin23\/#author","url":"https:\/\/dudasytextos.com\/comousar\/author\/admin23\/","name":"Ana Gonz\u00e1lez"},{"@type":"WebPage","@id":"https:\/\/dudasytextos.com\/comousar\/como-usar-acondicionador-y-mascarilla\/#webpage","url":"https:\/\/dudasytextos.com\/comousar\/como-usar-acondicionador-y-mascarilla\/","name":"C\u00f3mo usar acondicionador y mascarilla (2026) \u00bfC\u00f3mo Usarlo?","description":"C\u00f3mo usar acondicionador y mascarilla Introducci\u00f3n \u00a1Hola a todos! Soy Ana Gonz\u00e1lez y hoy quiero compartir con ustedes algunos consejos sobre c\u00f3mo usar adecuadamente el acondicionador y la mascarilla para obtener los mejores resultados. Estos productos son fundamentales en nuestra rutina de cuidado del cabello y pueden marcar la diferencia en su apariencia y salud.","inLanguage":"es-ES","isPartOf":{"@id":"https:\/\/dudasytextos.com\/comousar\/#website"},"breadcrumb":{"@id":"https:\/\/dudasytextos.com\/comousar\/como-usar-acondicionador-y-mascarilla\/#breadcrumblist"},"author":{"@id":"https:\/\/dudasytextos.com\/comousar\/author\/admin23\/#author"},"creator":{"@id":"https:\/\/dudasytextos.com\/comousar\/author\/admin23\/#author"},"datePublished":"2025-02-15T10:36:30+00:00","dateModified":"2025-03-12T21:49:52+00:00"},{"@type":"WebSite","@id":"https:\/\/dudasytextos.com\/comousar\/#website","url":"https:\/\/dudasytextos.com\/comousar\/","name":"Recipes","description":"\u00bfC\u00f3mo Usarlo?","inLanguage":"es-ES","publisher":{"@id":"https:\/\/dudasytextos.com\/comousar\/#organization"}}]},"og:locale":"es_ES","og:site_name":"\u00bfC\u00f3mo Usarlo? - \u00bfC\u00f3mo Usarlo?","og:type":"article","og:title":"C\u00f3mo usar acondicionador y mascarilla (2026) \u00bfC\u00f3mo Usarlo?","og:description":"C\u00f3mo usar acondicionador y mascarilla Introducci\u00f3n \u00a1Hola a todos! Soy Ana Gonz\u00e1lez y hoy quiero compartir con ustedes algunos consejos sobre c\u00f3mo usar adecuadamente el acondicionador y la mascarilla para obtener los mejores resultados. Estos productos son fundamentales en nuestra rutina de cuidado del cabello y pueden marcar la diferencia en su apariencia y salud.","og:url":"https:\/\/dudasytextos.com\/comousar\/como-usar-acondicionador-y-mascarilla\/","article:published_time":"2025-02-15T10:36:30+00:00","article:modified_time":"2025-03-12T21:49:52+00:00","twitter:card":"summary_large_image","twitter:title":"C\u00f3mo usar acondicionador y mascarilla (2026) \u00bfC\u00f3mo Usarlo?","twitter:description":"C\u00f3mo usar acondicionador y mascarilla Introducci\u00f3n \u00a1Hola a todos! Soy Ana Gonz\u00e1lez y hoy quiero compartir con ustedes algunos consejos sobre c\u00f3mo usar adecuadamente el acondicionador y la mascarilla para obtener los mejores resultados. Estos productos son fundamentales en nuestra rutina de cuidado del cabello y pueden marcar la diferencia en su apariencia y salud."},"aioseo_meta_data":{"post_id":"81888","title":null,"description":null,"keywords":null,"keyphrases":null,"primary_term":null,"canonical_url":null,"og_title":null,"og_description":null,"og_object_type":"default","og_image_type":"default","og_image_url":null,"og_image_width":null,"og_image_height":null,"og_image_custom_url":null,"og_image_custom_fields":null,"og_video":null,"og_custom_url":null,"og_article_section":null,"og_article_tags":null,"twitter_use_og":false,"twitter_card":"default","twitter_image_type":"default","twitter_image_url":null,"twitter_image_custom_url":null,"twitter_image_custom_fields":null,"twitter_title":null,"twitter_description":null,"schema":{"blockGraphs":[],"customGraphs":[],"default":{"data":{"Article":[],"Course":[],"Dataset":[],"FAQPage":[],"Movie":[],"Person":[],"Product":[],"ProductReview":[],"Car":[],"Recipe":[],"Service":[],"SoftwareApplication":[],"WebPage":[]},"graphName":"","isEnabled":true},"graphs":[]},"schema_type":"default","schema_type_options":null,"pillar_content":false,"robots_default":true,"robots_noindex":false,"robots_noarchive":false,"robots_nosnippet":false,"robots_nofollow":false,"robots_noimageindex":false,"robots_noodp":false,"robots_notranslate":false,"robots_max_snippet":null,"robots_max_videopreview":null,"robots_max_imagepreview":"large","priority":null,"frequency":null,"local_seo":null,"breadcrumb_settings":null,"limit_modified_date":false,"ai":null,"created":"2023-07-13 21:38:19","updated":"2025-06-04 00:46:39","seo_analyzer_scan_date":null,"focus_keyword":null,"additional_keywords":null,"truseo_locale":null},"aioseo_breadcrumb":"<div class=\"aioseo-breadcrumbs\"><span class=\"aioseo-breadcrumb\">\n\t\t\t<a href=\"https:\/\/dudasytextos.com\/comousar\" title=\"Home\">Home<\/a>\n\t\t<\/span><span class=\"aioseo-breadcrumb-separator\">&raquo;<\/span><span class=\"aioseo-breadcrumb\">\n\t\t\t<a href=\"https:\/\/dudasytextos.com\/comousar\/category\/como-usar\/\" title=\"\u00bfC\u00f3mo usar?\">\u00bfC\u00f3mo usar?<\/a>\n\t\t<\/span><span class=\"aioseo-breadcrumb-separator\">&raquo;<\/span><span class=\"aioseo-breadcrumb\">\n\t\t\tC\u00f3mo usar acondicionador y mascarilla\n\t\t<\/span><\/div>","aioseo_breadcrumb_json":[{"label":"Home","link":"https:\/\/dudasytextos.com\/comousar"},{"label":"\u00bfC\u00f3mo usar?","link":"https:\/\/dudasytextos.com\/comousar\/category\/como-usar\/"},{"label":"C\u00f3mo usar acondicionador y mascarilla","link":"https:\/\/dudasytextos.com\/comousar\/como-usar-acondicionador-y-mascarilla\/"}],"_links":{"self":[{"href":"https:\/\/dudasytextos.com\/comousar\/wp-json\/wp\/v2\/posts\/81888","targetHints":{"allow":["GET"]}}],"collection":[{"href":"https:\/\/dudasytextos.com\/comousar\/wp-json\/wp\/v2\/posts"}],"about":[{"href":"https:\/\/dudasytextos.com\/comousar\/wp-json\/wp\/v2\/types\/post"}],"author":[{"embeddable":true,"href":"https:\/\/dudasytextos.com\/comousar\/wp-json\/wp\/v2\/users\/1"}],"replies":[{"embeddable":true,"href":"https:\/\/dudasytextos.com\/comousar\/wp-json\/wp\/v2\/comments?post=81888"}],"version-history":[{"count":0,"href":"https:\/\/dudasytextos.com\/comousar\/wp-json\/wp\/v2\/posts\/81888\/revisions"}],"wp:attachment":[{"href":"https:\/\/dudasytextos.com\/comousar\/wp-json\/wp\/v2\/media?parent=81888"}],"wp:term":[{"taxonomy":"category","embeddable":true,"href":"https:\/\/dudasytextos.com\/comousar\/wp-json\/wp\/v2\/categories?post=81888"},{"taxonomy":"post_tag","embeddable":true,"href":"https:\/\/dudasytextos.com\/comousar\/wp-json\/wp\/v2\/tags?post=81888"}],"curies":[{"name":"wp","href":"https:\/\/api.w.org\/{rel}","templated":true}]}}