{"id":81966,"date":"2025-03-07T16:49:54","date_gmt":"2025-03-07T16:49:54","guid":{"rendered":"https:\/\/soleyantonio.es\/como-usar-la-cafetera-oster\/"},"modified":"2025-03-13T02:57:42","modified_gmt":"2025-03-13T02:57:42","slug":"como-usar-la-cafetera-oster","status":"publish","type":"post","link":"https:\/\/dudasytextos.com\/comousar\/como-usar-la-cafetera-oster\/","title":{"rendered":"C\u00f3mo usar la cafetera oster"},"content":{"rendered":"<div id=\"ez-toc-container\" class=\"ez-toc-v2_0_87 counter-hierarchy ez-toc-counter ez-toc-custom ez-toc-container-direction\">\n<div class=\"ez-toc-title-container\">\n<span class=\"ez-toc-title-toggle\"><\/span><\/div>\n<nav><ul class='ez-toc-list ez-toc-list-level-1 ' ><li class='ez-toc-page-1 ez-toc-heading-level-2'><a class=\"ez-toc-link ez-toc-heading-1\" href=\"https:\/\/dudasytextos.com\/comousar\/como-usar-la-cafetera-oster\/#Como_usar_la_cafetera_Oster\" >C\u00f3mo usar la cafetera Oster<\/a><\/li><li class='ez-toc-page-1 ez-toc-heading-level-2'><a class=\"ez-toc-link ez-toc-heading-2\" href=\"https:\/\/dudasytextos.com\/comousar\/como-usar-la-cafetera-oster\/#Introduccion\" >Introducci\u00f3n<\/a><\/li><li class='ez-toc-page-1 ez-toc-heading-level-2'><a class=\"ez-toc-link ez-toc-heading-3\" href=\"https:\/\/dudasytextos.com\/comousar\/como-usar-la-cafetera-oster\/#Curiosidades_estadisticas_y_hechos_interesantes\" >Curiosidades, estad\u00edsticas y hechos interesantes<\/a><\/li><li class='ez-toc-page-1 ez-toc-heading-level-2'><a class=\"ez-toc-link ez-toc-heading-4\" href=\"https:\/\/dudasytextos.com\/comousar\/como-usar-la-cafetera-oster\/#%C2%BFComo_usar_la_cafetera_Oster\" >\u00bfC\u00f3mo usar la cafetera Oster?<\/a><\/li><li class='ez-toc-page-1 ez-toc-heading-level-2'><a class=\"ez-toc-link ez-toc-heading-5\" href=\"https:\/\/dudasytextos.com\/comousar\/como-usar-la-cafetera-oster\/#Mi_experiencia_personal\" >Mi experiencia personal<\/a><\/li><li class='ez-toc-page-1 ez-toc-heading-level-2'><a class=\"ez-toc-link ez-toc-heading-6\" href=\"https:\/\/dudasytextos.com\/comousar\/como-usar-la-cafetera-oster\/#Preguntas_frecuentes\" >Preguntas frecuentes<\/a><ul class='ez-toc-list-level-3' ><li class='ez-toc-heading-level-3'><a class=\"ez-toc-link ez-toc-heading-7\" href=\"https:\/\/dudasytextos.com\/comousar\/como-usar-la-cafetera-oster\/#%C2%BFCuanto_tiempo_tarda_la_cafetera_Oster_en_preparar_el_cafe\" >\u00bfCu\u00e1nto tiempo tarda la cafetera Oster en preparar el caf\u00e9?<\/a><\/li><li class='ez-toc-page-1 ez-toc-heading-level-3'><a class=\"ez-toc-link ez-toc-heading-8\" href=\"https:\/\/dudasytextos.com\/comousar\/como-usar-la-cafetera-oster\/#%C2%BFEs_facil_limpiar_la_cafetera_Oster\" >\u00bfEs f\u00e1cil limpiar la cafetera Oster?<\/a><\/li><li class='ez-toc-page-1 ez-toc-heading-level-3'><a class=\"ez-toc-link ez-toc-heading-9\" href=\"https:\/\/dudasytextos.com\/comousar\/como-usar-la-cafetera-oster\/#%C2%BFSe_puede_programar_la_cafetera_Oster_para_que_prepare_cafe_automaticamente\" >\u00bfSe puede programar la cafetera Oster para que prepare caf\u00e9 autom\u00e1ticamente?<\/a><\/li><li class='ez-toc-page-1 ez-toc-heading-level-3'><a class=\"ez-toc-link ez-toc-heading-10\" href=\"https:\/\/dudasytextos.com\/comousar\/como-usar-la-cafetera-oster\/#%C2%BFQue_tipo_de_cafe_puedo_utilizar_en_la_cafetera_Oster\" >\u00bfQu\u00e9 tipo de caf\u00e9 puedo utilizar en la cafetera Oster?<\/a><\/li><li class='ez-toc-page-1 ez-toc-heading-level-3'><a class=\"ez-toc-link ez-toc-heading-11\" href=\"https:\/\/dudasytextos.com\/comousar\/como-usar-la-cafetera-oster\/#%C2%BFCual_es_la_vida_util_de_una_cafetera_Oster\" >\u00bfCu\u00e1l es la vida \u00fatil de una cafetera Oster?<\/a><\/li><\/ul><\/li><\/ul><\/nav><\/div>\n<h2><span class=\"ez-toc-section\" id=\"Como_usar_la_cafetera_Oster\"><\/span>C\u00f3mo usar la cafetera Oster<span class=\"ez-toc-section-end\"><\/span><\/h2>\n<h2><span class=\"ez-toc-section\" id=\"Introduccion\"><\/span>Introducci\u00f3n<span class=\"ez-toc-section-end\"><\/span><\/h2>\n<p>Hola, soy Ana Gonz\u00e1lez y hoy te voy a contar todo lo que necesitas saber sobre c\u00f3mo usar la cafetera Oster. Si eres un amante del caf\u00e9 como yo, seguro que esta informaci\u00f3n te resultar\u00e1 muy \u00fatil. La cafetera Oster es una de las marcas m\u00e1s populares en Espa\u00f1a y con unos simples pasos podr\u00e1s disfrutar de un delicioso caf\u00e9 casero en cuesti\u00f3n de minutos.<\/p>\n<h2><span class=\"ez-toc-section\" id=\"Curiosidades_estadisticas_y_hechos_interesantes\"><\/span>Curiosidades, estad\u00edsticas y hechos interesantes<span class=\"ez-toc-section-end\"><\/span><\/h2>\n<ul>\n<li>La cafetera Oster es f\u00e1cil de usar y tiene un dise\u00f1o moderno y elegante.<\/li>\n<li>Seg\u00fan una encuesta, el 80% de los usuarios de cafeteras Oster est\u00e1n satisfechos con su rendimiento.<\/li>\n<li>La cafetera Oster cuenta con un temporizador programable para que puedas tener tu caf\u00e9 listo a la hora que desees.<\/li>\n<li>Se estima que se venden m\u00e1s de 10.000 cafeteras Oster al a\u00f1o en Espa\u00f1a.<\/li>\n<li>La cafetera Oster utiliza un sistema de preparaci\u00f3n por goteo, lo que garantiza un caf\u00e9 de calidad.<\/li>\n<\/ul>\n<h2><span class=\"ez-toc-section\" id=\"%C2%BFComo_usar_la_cafetera_Oster\"><\/span>\u00bfC\u00f3mo usar la cafetera Oster?<span class=\"ez-toc-section-end\"><\/span><\/h2>\n<p>Para comenzar a utilizar tu cafetera Oster, sigue estos sencillos pasos:<\/p>\n<ol>\n<li>Lava todas las partes de la cafetera antes del primer uso.<\/li>\n<li>Llena el dep\u00f3sito de agua con la cantidad deseada para tu caf\u00e9.<\/li>\n<li>Coloca un filtro de papel en el porta filtro.<\/li>\n<li>Agrega la cantidad adecuada de caf\u00e9 molido al filtro.<\/li>\n<li>Aseg\u00farate de que el porta filtro est\u00e9 correctamente encajado en la cafetera.<\/li>\n<li>Enciende la cafetera y selecciona el tama\u00f1o de caf\u00e9 que deseas preparar.<\/li>\n<li>Espera unos minutos hasta que el caf\u00e9 est\u00e9 listo y disfr\u00fatalo.<\/li>\n<\/ol>\n<h2><span class=\"ez-toc-section\" id=\"Mi_experiencia_personal\"><\/span>Mi experiencia personal<span class=\"ez-toc-section-end\"><\/span><\/h2>\n<p>Desde que adquir\u00ed mi cafetera Oster, mi rutina matutina ha mejorado significativamente. Ahora puedo disfrutar de un caf\u00e9 delicioso y arom\u00e1tico en la comodidad de mi hogar. Adem\u00e1s, la cafetera Oster es muy f\u00e1cil de usar y los resultados son siempre consistentes. \u00a1La recomendar\u00eda a todos los amantes del caf\u00e9!<\/p>\n<h2><span class=\"ez-toc-section\" id=\"Preguntas_frecuentes\"><\/span>Preguntas frecuentes<span class=\"ez-toc-section-end\"><\/span><\/h2>\n<h3><span class=\"ez-toc-section\" id=\"%C2%BFCuanto_tiempo_tarda_la_cafetera_Oster_en_preparar_el_cafe\"><\/span>\u00bfCu\u00e1nto tiempo tarda la cafetera Oster en preparar el caf\u00e9?<span class=\"ez-toc-section-end\"><\/span><\/h3>\n<p>La cafetera Oster suele tardar alrededor de 5-10 minutos en preparar una taza de caf\u00e9, dependiendo del tama\u00f1o seleccionado.<\/p>\n<h3><span class=\"ez-toc-section\" id=\"%C2%BFEs_facil_limpiar_la_cafetera_Oster\"><\/span>\u00bfEs f\u00e1cil limpiar la cafetera Oster?<span class=\"ez-toc-section-end\"><\/span><\/h3>\n<p>S\u00ed, la cafetera Oster es muy f\u00e1cil de limpiar. Puedes desmontar las piezas y lavarlas a mano o incluso utilizar el lavavajillas en algunos modelos.<\/p>\n<h3><span class=\"ez-toc-section\" id=\"%C2%BFSe_puede_programar_la_cafetera_Oster_para_que_prepare_cafe_automaticamente\"><\/span>\u00bfSe puede programar la cafetera Oster para que prepare caf\u00e9 autom\u00e1ticamente?<span class=\"ez-toc-section-end\"><\/span><\/h3>\n<p>S\u00ed, muchos modelos de cafeteras Oster cuentan con la funci\u00f3n de programaci\u00f3n para que puedas despertarte con el olor del caf\u00e9 reci\u00e9n hecho.<\/p>\n<h3><span class=\"ez-toc-section\" id=\"%C2%BFQue_tipo_de_cafe_puedo_utilizar_en_la_cafetera_Oster\"><\/span>\u00bfQu\u00e9 tipo de caf\u00e9 puedo utilizar en la cafetera Oster?<span class=\"ez-toc-section-end\"><\/span><\/h3>\n<p>Puedes utilizar cualquier tipo de caf\u00e9 molido en la cafetera Oster, ya sea caf\u00e9 de grano, caf\u00e9 descafeinado o caf\u00e9 gourmet. Solo aseg\u00farate de ajustar la cantidad de caf\u00e9 seg\u00fan tus preferencias de sabor.<\/p>\n<h3><span class=\"ez-toc-section\" id=\"%C2%BFCual_es_la_vida_util_de_una_cafetera_Oster\"><\/span>\u00bfCu\u00e1l es la vida \u00fatil de una cafetera Oster?<span class=\"ez-toc-section-end\"><\/span><\/h3>\n<p>La vida \u00fatil de una cafetera Oster puede variar, pero en promedio suele ser de 5 a 7 a\u00f1os. Sin embargo, esto puede depender del uso y cuidado que le des a tu cafetera.<\/p>\n","protected":false},"excerpt":{"rendered":"<p>C\u00f3mo usar la cafetera Oster Introducci\u00f3n Hola, soy Ana Gonz\u00e1lez y hoy te voy a contar todo lo que necesitas saber sobre c\u00f3mo usar la cafetera Oster. Si eres un amante del caf\u00e9 como yo, seguro que esta informaci\u00f3n te resultar\u00e1 muy \u00fatil. La cafetera Oster es una de las marcas m\u00e1s populares en Espa\u00f1a &#8230; <a title=\"C\u00f3mo usar la cafetera oster\" class=\"read-more\" href=\"https:\/\/dudasytextos.com\/comousar\/como-usar-la-cafetera-oster\/\" aria-label=\"M\u00e1s en C\u00f3mo usar la cafetera oster\">Leer m\u00e1s<\/a><\/p>\n","protected":false},"author":1,"featured_media":0,"comment_status":"open","ping_status":"open","sticky":false,"template":"","format":"standard","meta":{"footnotes":""},"categories":[3],"tags":[],"class_list":["post-81966","post","type-post","status-publish","format-standard","hentry","category-como-usar"],"aioseo_notices":[],"aioseo_head":"\n\t\t<!-- All in One SEO 5.0.1.1 - aioseo.com -->\n\t<meta name=\"description\" content=\"C\u00f3mo usar la cafetera Oster Introducci\u00f3n Hola, soy Ana Gonz\u00e1lez y hoy te voy a contar todo lo que necesitas saber sobre c\u00f3mo usar la cafetera Oster. Si eres un amante del caf\u00e9 como yo, seguro que esta informaci\u00f3n te resultar\u00e1 muy \u00fatil. La cafetera Oster es una de las marcas m\u00e1s populares en Espa\u00f1a\" \/>\n\t<meta name=\"robots\" content=\"max-snippet:-1, max-image-preview:large, max-video-preview:-1\" \/>\n\t<meta name=\"author\" content=\"Ana Gonz\u00e1lez\"\/>\n\t<link rel=\"canonical\" href=\"https:\/\/dudasytextos.com\/comousar\/como-usar-la-cafetera-oster\/\" \/>\n\t<meta name=\"generator\" content=\"All in One SEO (AIOSEO) 5.0.1.1\" \/>\n\n\t\t<!-- Google tag (gtag.js) -->\n<script async src=\"https:\/\/www.googletagmanager.com\/gtag\/js?id=G-X7DSVXBJ5H\"><\/script>\n<script>\n  window.dataLayer = window.dataLayer || [];\n  function gtag(){dataLayer.push(arguments);}\n  gtag('js', new Date());\n\n  gtag('config', 'G-X7DSVXBJ5H');\n<\/script>\n<script async src=\"https:\/\/pagead2.googlesyndication.com\/pagead\/js\/adsbygoogle.js?client=ca-pub-3987500858204711\"\n     crossorigin=\"anonymous\"><\/script>\n\t\t<meta property=\"og:locale\" content=\"es_ES\" \/>\n\t\t<meta property=\"og:site_name\" content=\"\u00bfC\u00f3mo Usarlo? - \u00bfC\u00f3mo Usarlo?\" \/>\n\t\t<meta property=\"og:type\" content=\"article\" \/>\n\t\t<meta property=\"og:title\" content=\"C\u00f3mo usar la cafetera oster (2026) \u00bfC\u00f3mo Usarlo?\" \/>\n\t\t<meta property=\"og:description\" content=\"C\u00f3mo usar la cafetera Oster Introducci\u00f3n Hola, soy Ana Gonz\u00e1lez y hoy te voy a contar todo lo que necesitas saber sobre c\u00f3mo usar la cafetera Oster. Si eres un amante del caf\u00e9 como yo, seguro que esta informaci\u00f3n te resultar\u00e1 muy \u00fatil. La cafetera Oster es una de las marcas m\u00e1s populares en Espa\u00f1a\" \/>\n\t\t<meta property=\"og:url\" content=\"https:\/\/dudasytextos.com\/comousar\/como-usar-la-cafetera-oster\/\" \/>\n\t\t<meta property=\"article:published_time\" content=\"2025-03-07T16:49:54+00:00\" \/>\n\t\t<meta property=\"article:modified_time\" content=\"2025-03-13T02:57:42+00:00\" \/>\n\t\t<meta name=\"twitter:card\" content=\"summary_large_image\" \/>\n\t\t<meta name=\"twitter:title\" content=\"C\u00f3mo usar la cafetera oster (2026) \u00bfC\u00f3mo Usarlo?\" \/>\n\t\t<meta name=\"twitter:description\" content=\"C\u00f3mo usar la cafetera Oster Introducci\u00f3n Hola, soy Ana Gonz\u00e1lez y hoy te voy a contar todo lo que necesitas saber sobre c\u00f3mo usar la cafetera Oster. Si eres un amante del caf\u00e9 como yo, seguro que esta informaci\u00f3n te resultar\u00e1 muy \u00fatil. La cafetera Oster es una de las marcas m\u00e1s populares en Espa\u00f1a\" \/>\n\t\t<script type=\"application\/ld+json\" class=\"aioseo-schema\">\n\t\t\t{\"@context\":\"https:\\\/\\\/schema.org\",\"@graph\":[{\"@type\":\"BlogPosting\",\"@id\":\"https:\\\/\\\/dudasytextos.com\\\/comousar\\\/como-usar-la-cafetera-oster\\\/#blogposting\",\"name\":\"C\\u00f3mo usar la cafetera oster (2026) \\u00bfC\\u00f3mo Usarlo?\",\"headline\":\"C\\u00f3mo usar la cafetera oster\",\"author\":{\"@id\":\"https:\\\/\\\/dudasytextos.com\\\/comousar\\\/author\\\/admin23\\\/#author\"},\"publisher\":{\"@id\":\"https:\\\/\\\/dudasytextos.com\\\/comousar\\\/#organization\"},\"datePublished\":\"2025-03-07T16:49:54+00:00\",\"dateModified\":\"2025-03-13T02:57:42+00:00\",\"inLanguage\":\"es-ES\",\"mainEntityOfPage\":{\"@id\":\"https:\\\/\\\/dudasytextos.com\\\/comousar\\\/como-usar-la-cafetera-oster\\\/#webpage\"},\"isPartOf\":{\"@id\":\"https:\\\/\\\/dudasytextos.com\\\/comousar\\\/como-usar-la-cafetera-oster\\\/#webpage\"},\"articleSection\":\"\\u00bfC\\u00f3mo usar?\"},{\"@type\":\"BreadcrumbList\",\"@id\":\"https:\\\/\\\/dudasytextos.com\\\/comousar\\\/como-usar-la-cafetera-oster\\\/#breadcrumblist\",\"itemListElement\":[{\"@type\":\"ListItem\",\"@id\":\"https:\\\/\\\/dudasytextos.com\\\/comousar#listItem\",\"position\":1,\"name\":\"Home\",\"item\":\"https:\\\/\\\/dudasytextos.com\\\/comousar\",\"nextItem\":{\"@type\":\"ListItem\",\"@id\":\"https:\\\/\\\/dudasytextos.com\\\/comousar\\\/category\\\/como-usar\\\/#listItem\",\"name\":\"\\u00bfC\\u00f3mo usar?\"}},{\"@type\":\"ListItem\",\"@id\":\"https:\\\/\\\/dudasytextos.com\\\/comousar\\\/category\\\/como-usar\\\/#listItem\",\"position\":2,\"name\":\"\\u00bfC\\u00f3mo usar?\",\"item\":\"https:\\\/\\\/dudasytextos.com\\\/comousar\\\/category\\\/como-usar\\\/\",\"nextItem\":{\"@type\":\"ListItem\",\"@id\":\"https:\\\/\\\/dudasytextos.com\\\/comousar\\\/como-usar-la-cafetera-oster\\\/#listItem\",\"name\":\"C\\u00f3mo usar la cafetera oster\"},\"previousItem\":{\"@type\":\"ListItem\",\"@id\":\"https:\\\/\\\/dudasytextos.com\\\/comousar#listItem\",\"name\":\"Home\"}},{\"@type\":\"ListItem\",\"@id\":\"https:\\\/\\\/dudasytextos.com\\\/comousar\\\/como-usar-la-cafetera-oster\\\/#listItem\",\"position\":3,\"name\":\"C\\u00f3mo usar la cafetera oster\",\"previousItem\":{\"@type\":\"ListItem\",\"@id\":\"https:\\\/\\\/dudasytextos.com\\\/comousar\\\/category\\\/como-usar\\\/#listItem\",\"name\":\"\\u00bfC\\u00f3mo usar?\"}}]},{\"@type\":\"Organization\",\"@id\":\"https:\\\/\\\/dudasytextos.com\\\/comousar\\\/#organization\",\"name\":\"Recipes\",\"description\":\"\\u00bfC\\u00f3mo Usarlo?\",\"url\":\"https:\\\/\\\/dudasytextos.com\\\/comousar\\\/\"},{\"@type\":\"Person\",\"@id\":\"https:\\\/\\\/dudasytextos.com\\\/comousar\\\/author\\\/admin23\\\/#author\",\"url\":\"https:\\\/\\\/dudasytextos.com\\\/comousar\\\/author\\\/admin23\\\/\",\"name\":\"Ana Gonz\\u00e1lez\"},{\"@type\":\"WebPage\",\"@id\":\"https:\\\/\\\/dudasytextos.com\\\/comousar\\\/como-usar-la-cafetera-oster\\\/#webpage\",\"url\":\"https:\\\/\\\/dudasytextos.com\\\/comousar\\\/como-usar-la-cafetera-oster\\\/\",\"name\":\"C\\u00f3mo usar la cafetera oster (2026) \\u00bfC\\u00f3mo Usarlo?\",\"description\":\"C\\u00f3mo usar la cafetera Oster Introducci\\u00f3n Hola, soy Ana Gonz\\u00e1lez y hoy te voy a contar todo lo que necesitas saber sobre c\\u00f3mo usar la cafetera Oster. Si eres un amante del caf\\u00e9 como yo, seguro que esta informaci\\u00f3n te resultar\\u00e1 muy \\u00fatil. La cafetera Oster es una de las marcas m\\u00e1s populares en Espa\\u00f1a\",\"inLanguage\":\"es-ES\",\"isPartOf\":{\"@id\":\"https:\\\/\\\/dudasytextos.com\\\/comousar\\\/#website\"},\"breadcrumb\":{\"@id\":\"https:\\\/\\\/dudasytextos.com\\\/comousar\\\/como-usar-la-cafetera-oster\\\/#breadcrumblist\"},\"author\":{\"@id\":\"https:\\\/\\\/dudasytextos.com\\\/comousar\\\/author\\\/admin23\\\/#author\"},\"creator\":{\"@id\":\"https:\\\/\\\/dudasytextos.com\\\/comousar\\\/author\\\/admin23\\\/#author\"},\"datePublished\":\"2025-03-07T16:49:54+00:00\",\"dateModified\":\"2025-03-13T02:57:42+00:00\"},{\"@type\":\"WebSite\",\"@id\":\"https:\\\/\\\/dudasytextos.com\\\/comousar\\\/#website\",\"url\":\"https:\\\/\\\/dudasytextos.com\\\/comousar\\\/\",\"name\":\"Recipes\",\"description\":\"\\u00bfC\\u00f3mo Usarlo?\",\"inLanguage\":\"es-ES\",\"publisher\":{\"@id\":\"https:\\\/\\\/dudasytextos.com\\\/comousar\\\/#organization\"}}]}\n\t\t<\/script>\n\t\t<!-- All in One SEO -->\n\n","aioseo_head_json":{"title":"C\u00f3mo usar la cafetera oster (2026) \u00bfC\u00f3mo Usarlo?","description":"C\u00f3mo usar la cafetera Oster Introducci\u00f3n Hola, soy Ana Gonz\u00e1lez y hoy te voy a contar todo lo que necesitas saber sobre c\u00f3mo usar la cafetera Oster. Si eres un amante del caf\u00e9 como yo, seguro que esta informaci\u00f3n te resultar\u00e1 muy \u00fatil. La cafetera Oster es una de las marcas m\u00e1s populares en Espa\u00f1a","canonical_url":"https:\/\/dudasytextos.com\/comousar\/como-usar-la-cafetera-oster\/","robots":"max-snippet:-1, max-image-preview:large, max-video-preview:-1","keywords":"","webmasterTools":{"miscellaneous":"&lt;!-- Google tag (gtag.js) --&gt;\n&lt;script async src=\"https:\/\/www.googletagmanager.com\/gtag\/js?id=G-X7DSVXBJ5H\"&gt;&lt;\/script&gt;\n&lt;script&gt;\n  window.dataLayer = window.dataLayer || [];\n  function gtag(){dataLayer.push(arguments);}\n  gtag('js', new Date());\n\n  gtag('config', 'G-X7DSVXBJ5H');\n&lt;\/script&gt;\n&lt;script async src=\"https:\/\/pagead2.googlesyndication.com\/pagead\/js\/adsbygoogle.js?client=ca-pub-3987500858204711\"\n     crossorigin=\"anonymous\"&gt;&lt;\/script&gt;"},"schema":{"@context":"https:\/\/schema.org","@graph":[{"@type":"BlogPosting","@id":"https:\/\/dudasytextos.com\/comousar\/como-usar-la-cafetera-oster\/#blogposting","name":"C\u00f3mo usar la cafetera oster (2026) \u00bfC\u00f3mo Usarlo?","headline":"C\u00f3mo usar la cafetera oster","author":{"@id":"https:\/\/dudasytextos.com\/comousar\/author\/admin23\/#author"},"publisher":{"@id":"https:\/\/dudasytextos.com\/comousar\/#organization"},"datePublished":"2025-03-07T16:49:54+00:00","dateModified":"2025-03-13T02:57:42+00:00","inLanguage":"es-ES","mainEntityOfPage":{"@id":"https:\/\/dudasytextos.com\/comousar\/como-usar-la-cafetera-oster\/#webpage"},"isPartOf":{"@id":"https:\/\/dudasytextos.com\/comousar\/como-usar-la-cafetera-oster\/#webpage"},"articleSection":"\u00bfC\u00f3mo usar?"},{"@type":"BreadcrumbList","@id":"https:\/\/dudasytextos.com\/comousar\/como-usar-la-cafetera-oster\/#breadcrumblist","itemListElement":[{"@type":"ListItem","@id":"https:\/\/dudasytextos.com\/comousar#listItem","position":1,"name":"Home","item":"https:\/\/dudasytextos.com\/comousar","nextItem":{"@type":"ListItem","@id":"https:\/\/dudasytextos.com\/comousar\/category\/como-usar\/#listItem","name":"\u00bfC\u00f3mo usar?"}},{"@type":"ListItem","@id":"https:\/\/dudasytextos.com\/comousar\/category\/como-usar\/#listItem","position":2,"name":"\u00bfC\u00f3mo usar?","item":"https:\/\/dudasytextos.com\/comousar\/category\/como-usar\/","nextItem":{"@type":"ListItem","@id":"https:\/\/dudasytextos.com\/comousar\/como-usar-la-cafetera-oster\/#listItem","name":"C\u00f3mo usar la cafetera oster"},"previousItem":{"@type":"ListItem","@id":"https:\/\/dudasytextos.com\/comousar#listItem","name":"Home"}},{"@type":"ListItem","@id":"https:\/\/dudasytextos.com\/comousar\/como-usar-la-cafetera-oster\/#listItem","position":3,"name":"C\u00f3mo usar la cafetera oster","previousItem":{"@type":"ListItem","@id":"https:\/\/dudasytextos.com\/comousar\/category\/como-usar\/#listItem","name":"\u00bfC\u00f3mo usar?"}}]},{"@type":"Organization","@id":"https:\/\/dudasytextos.com\/comousar\/#organization","name":"Recipes","description":"\u00bfC\u00f3mo Usarlo?","url":"https:\/\/dudasytextos.com\/comousar\/"},{"@type":"Person","@id":"https:\/\/dudasytextos.com\/comousar\/author\/admin23\/#author","url":"https:\/\/dudasytextos.com\/comousar\/author\/admin23\/","name":"Ana Gonz\u00e1lez"},{"@type":"WebPage","@id":"https:\/\/dudasytextos.com\/comousar\/como-usar-la-cafetera-oster\/#webpage","url":"https:\/\/dudasytextos.com\/comousar\/como-usar-la-cafetera-oster\/","name":"C\u00f3mo usar la cafetera oster (2026) \u00bfC\u00f3mo Usarlo?","description":"C\u00f3mo usar la cafetera Oster Introducci\u00f3n Hola, soy Ana Gonz\u00e1lez y hoy te voy a contar todo lo que necesitas saber sobre c\u00f3mo usar la cafetera Oster. Si eres un amante del caf\u00e9 como yo, seguro que esta informaci\u00f3n te resultar\u00e1 muy \u00fatil. La cafetera Oster es una de las marcas m\u00e1s populares en Espa\u00f1a","inLanguage":"es-ES","isPartOf":{"@id":"https:\/\/dudasytextos.com\/comousar\/#website"},"breadcrumb":{"@id":"https:\/\/dudasytextos.com\/comousar\/como-usar-la-cafetera-oster\/#breadcrumblist"},"author":{"@id":"https:\/\/dudasytextos.com\/comousar\/author\/admin23\/#author"},"creator":{"@id":"https:\/\/dudasytextos.com\/comousar\/author\/admin23\/#author"},"datePublished":"2025-03-07T16:49:54+00:00","dateModified":"2025-03-13T02:57:42+00:00"},{"@type":"WebSite","@id":"https:\/\/dudasytextos.com\/comousar\/#website","url":"https:\/\/dudasytextos.com\/comousar\/","name":"Recipes","description":"\u00bfC\u00f3mo Usarlo?","inLanguage":"es-ES","publisher":{"@id":"https:\/\/dudasytextos.com\/comousar\/#organization"}}]},"og:locale":"es_ES","og:site_name":"\u00bfC\u00f3mo Usarlo? - \u00bfC\u00f3mo Usarlo?","og:type":"article","og:title":"C\u00f3mo usar la cafetera oster (2026) \u00bfC\u00f3mo Usarlo?","og:description":"C\u00f3mo usar la cafetera Oster Introducci\u00f3n Hola, soy Ana Gonz\u00e1lez y hoy te voy a contar todo lo que necesitas saber sobre c\u00f3mo usar la cafetera Oster. Si eres un amante del caf\u00e9 como yo, seguro que esta informaci\u00f3n te resultar\u00e1 muy \u00fatil. La cafetera Oster es una de las marcas m\u00e1s populares en Espa\u00f1a","og:url":"https:\/\/dudasytextos.com\/comousar\/como-usar-la-cafetera-oster\/","article:published_time":"2025-03-07T16:49:54+00:00","article:modified_time":"2025-03-13T02:57:42+00:00","twitter:card":"summary_large_image","twitter:title":"C\u00f3mo usar la cafetera oster (2026) \u00bfC\u00f3mo Usarlo?","twitter:description":"C\u00f3mo usar la cafetera Oster Introducci\u00f3n Hola, soy Ana Gonz\u00e1lez y hoy te voy a contar todo lo que necesitas saber sobre c\u00f3mo usar la cafetera Oster. Si eres un amante del caf\u00e9 como yo, seguro que esta informaci\u00f3n te resultar\u00e1 muy \u00fatil. La cafetera Oster es una de las marcas m\u00e1s populares en Espa\u00f1a"},"aioseo_meta_data":{"post_id":"81966","title":null,"description":null,"keywords":null,"keyphrases":null,"primary_term":null,"canonical_url":null,"og_title":null,"og_description":null,"og_object_type":"default","og_image_type":"default","og_image_url":null,"og_image_width":null,"og_image_height":null,"og_image_custom_url":null,"og_image_custom_fields":null,"og_video":null,"og_custom_url":null,"og_article_section":null,"og_article_tags":null,"twitter_use_og":false,"twitter_card":"default","twitter_image_type":"default","twitter_image_url":null,"twitter_image_custom_url":null,"twitter_image_custom_fields":null,"twitter_title":null,"twitter_description":null,"schema":{"blockGraphs":[],"customGraphs":[],"default":{"data":{"Article":[],"Course":[],"Dataset":[],"FAQPage":[],"Movie":[],"Person":[],"Product":[],"ProductReview":[],"Car":[],"Recipe":[],"Service":[],"SoftwareApplication":[],"WebPage":[]},"graphName":"","isEnabled":true},"graphs":[]},"schema_type":"default","schema_type_options":null,"pillar_content":false,"robots_default":true,"robots_noindex":false,"robots_noarchive":false,"robots_nosnippet":false,"robots_nofollow":false,"robots_noimageindex":false,"robots_noodp":false,"robots_notranslate":false,"robots_max_snippet":null,"robots_max_videopreview":null,"robots_max_imagepreview":"large","priority":null,"frequency":null,"local_seo":null,"breadcrumb_settings":null,"limit_modified_date":false,"ai":null,"created":"2023-07-13 21:52:24","updated":"2025-06-04 19:55:13","seo_analyzer_scan_date":null,"focus_keyword":null,"additional_keywords":null,"truseo_locale":null},"aioseo_breadcrumb":"<div class=\"aioseo-breadcrumbs\"><span class=\"aioseo-breadcrumb\">\n\t\t\t<a href=\"https:\/\/dudasytextos.com\/comousar\" title=\"Home\">Home<\/a>\n\t\t<\/span><span class=\"aioseo-breadcrumb-separator\">&raquo;<\/span><span class=\"aioseo-breadcrumb\">\n\t\t\t<a href=\"https:\/\/dudasytextos.com\/comousar\/category\/como-usar\/\" title=\"\u00bfC\u00f3mo usar?\">\u00bfC\u00f3mo usar?<\/a>\n\t\t<\/span><span class=\"aioseo-breadcrumb-separator\">&raquo;<\/span><span class=\"aioseo-breadcrumb\">\n\t\t\tC\u00f3mo usar la cafetera oster\n\t\t<\/span><\/div>","aioseo_breadcrumb_json":[{"label":"Home","link":"https:\/\/dudasytextos.com\/comousar"},{"label":"\u00bfC\u00f3mo usar?","link":"https:\/\/dudasytextos.com\/comousar\/category\/como-usar\/"},{"label":"C\u00f3mo usar la cafetera oster","link":"https:\/\/dudasytextos.com\/comousar\/como-usar-la-cafetera-oster\/"}],"_links":{"self":[{"href":"https:\/\/dudasytextos.com\/comousar\/wp-json\/wp\/v2\/posts\/81966","targetHints":{"allow":["GET"]}}],"collection":[{"href":"https:\/\/dudasytextos.com\/comousar\/wp-json\/wp\/v2\/posts"}],"about":[{"href":"https:\/\/dudasytextos.com\/comousar\/wp-json\/wp\/v2\/types\/post"}],"author":[{"embeddable":true,"href":"https:\/\/dudasytextos.com\/comousar\/wp-json\/wp\/v2\/users\/1"}],"replies":[{"embeddable":true,"href":"https:\/\/dudasytextos.com\/comousar\/wp-json\/wp\/v2\/comments?post=81966"}],"version-history":[{"count":0,"href":"https:\/\/dudasytextos.com\/comousar\/wp-json\/wp\/v2\/posts\/81966\/revisions"}],"wp:attachment":[{"href":"https:\/\/dudasytextos.com\/comousar\/wp-json\/wp\/v2\/media?parent=81966"}],"wp:term":[{"taxonomy":"category","embeddable":true,"href":"https:\/\/dudasytextos.com\/comousar\/wp-json\/wp\/v2\/categories?post=81966"},{"taxonomy":"post_tag","embeddable":true,"href":"https:\/\/dudasytextos.com\/comousar\/wp-json\/wp\/v2\/tags?post=81966"}],"curies":[{"name":"wp","href":"https:\/\/api.w.org\/{rel}","templated":true}]}}