{"id":82057,"date":"2025-03-12T18:28:23","date_gmt":"2025-03-12T18:28:23","guid":{"rendered":"https:\/\/soleyantonio.es\/como-usar-mi-pc-como-despertador\/"},"modified":"2025-03-13T10:02:57","modified_gmt":"2025-03-13T10:02:57","slug":"como-usar-mi-pc-como-despertador","status":"publish","type":"post","link":"https:\/\/dudasytextos.com\/comousar\/como-usar-mi-pc-como-despertador\/","title":{"rendered":"C\u00f3mo usar mi pc c\u00f3mo despertador"},"content":{"rendered":"<div id=\"ez-toc-container\" class=\"ez-toc-v2_0_87 counter-hierarchy ez-toc-counter ez-toc-custom ez-toc-container-direction\">\n<div class=\"ez-toc-title-container\">\n<span class=\"ez-toc-title-toggle\"><\/span><\/div>\n<nav><ul class='ez-toc-list ez-toc-list-level-1 ' ><li class='ez-toc-page-1 ez-toc-heading-level-2'><a class=\"ez-toc-link ez-toc-heading-1\" href=\"https:\/\/dudasytextos.com\/comousar\/como-usar-mi-pc-como-despertador\/#Como_usar_mi_PC_como_despertador\" >C\u00f3mo usar mi PC como despertador<\/a><\/li><li class='ez-toc-page-1 ez-toc-heading-level-2'><a class=\"ez-toc-link ez-toc-heading-2\" href=\"https:\/\/dudasytextos.com\/comousar\/como-usar-mi-pc-como-despertador\/#Curiosidades_estadisticas_y_hechos_interesantes\" >Curiosidades, estad\u00edsticas y hechos interesantes<\/a><\/li><li class='ez-toc-page-1 ez-toc-heading-level-2'><a class=\"ez-toc-link ez-toc-heading-3\" href=\"https:\/\/dudasytextos.com\/comousar\/como-usar-mi-pc-como-despertador\/#Mi_experiencia_personal\" >Mi experiencia personal<\/a><\/li><li class='ez-toc-page-1 ez-toc-heading-level-2'><a class=\"ez-toc-link ez-toc-heading-4\" href=\"https:\/\/dudasytextos.com\/comousar\/como-usar-mi-pc-como-despertador\/#Ventajas_de_usar_tu_PC_como_despertador\" >Ventajas de usar tu PC como despertador<\/a><\/li><li class='ez-toc-page-1 ez-toc-heading-level-2'><a class=\"ez-toc-link ez-toc-heading-5\" href=\"https:\/\/dudasytextos.com\/comousar\/como-usar-mi-pc-como-despertador\/#Como_utilizar_tu_PC_como_despertador\" >C\u00f3mo utilizar tu PC como despertador<\/a><\/li><li class='ez-toc-page-1 ez-toc-heading-level-2'><a class=\"ez-toc-link ez-toc-heading-6\" href=\"https:\/\/dudasytextos.com\/comousar\/como-usar-mi-pc-como-despertador\/#Preguntas_frecuentes\" >Preguntas frecuentes<\/a><ul class='ez-toc-list-level-3' ><li class='ez-toc-heading-level-3'><a class=\"ez-toc-link ez-toc-heading-7\" href=\"https:\/\/dudasytextos.com\/comousar\/como-usar-mi-pc-como-despertador\/#%C2%BFPuedo_usar_mi_PC_como_despertador_si_esta_en_modo_de_suspension\" >\u00bfPuedo usar mi PC como despertador si est\u00e1 en modo de suspensi\u00f3n?<\/a><\/li><li class='ez-toc-page-1 ez-toc-heading-level-3'><a class=\"ez-toc-link ez-toc-heading-8\" href=\"https:\/\/dudasytextos.com\/comousar\/como-usar-mi-pc-como-despertador\/#%C2%BFNecesito_tener_altavoces_externos_para_usar_mi_PC_como_despertador\" >\u00bfNecesito tener altavoces externos para usar mi PC como despertador?<\/a><\/li><li class='ez-toc-page-1 ez-toc-heading-level-3'><a class=\"ez-toc-link ez-toc-heading-9\" href=\"https:\/\/dudasytextos.com\/comousar\/como-usar-mi-pc-como-despertador\/#%C2%BFPuedo_utilizar_mi_PC_como_despertador_si_esta_apagado\" >\u00bfPuedo utilizar mi PC como despertador si est\u00e1 apagado?<\/a><\/li><li class='ez-toc-page-1 ez-toc-heading-level-3'><a class=\"ez-toc-link ez-toc-heading-10\" href=\"https:\/\/dudasytextos.com\/comousar\/como-usar-mi-pc-como-despertador\/#%C2%BFQue_opciones_de_personalizacion_tengo_para_despertar_con_mi_PC\" >\u00bfQu\u00e9 opciones de personalizaci\u00f3n tengo para despertar con mi PC?<\/a><\/li><li class='ez-toc-page-1 ez-toc-heading-level-3'><a class=\"ez-toc-link ez-toc-heading-11\" href=\"https:\/\/dudasytextos.com\/comousar\/como-usar-mi-pc-como-despertador\/#%C2%BFPuedo_usar_mi_PC_como_despertador_si_tengo_un_portatil_o_una_computadora_de_escritorio\" >\u00bfPuedo usar mi PC como despertador si tengo un port\u00e1til o una computadora de escritorio?<\/a><\/li><\/ul><\/li><\/ul><\/nav><\/div>\n<h2><span class=\"ez-toc-section\" id=\"Como_usar_mi_PC_como_despertador\"><\/span>C\u00f3mo usar mi PC como despertador<span class=\"ez-toc-section-end\"><\/span><\/h2>\n<h2><span class=\"ez-toc-section\" id=\"Curiosidades_estadisticas_y_hechos_interesantes\"><\/span>Curiosidades, estad\u00edsticas y hechos interesantes<span class=\"ez-toc-section-end\"><\/span><\/h2>\n<ul>\n<li>\u00bfSab\u00edas que el 80% de las personas utilizan su tel\u00e9fono m\u00f3vil como despertador?<\/li>\n<li>Seg\u00fan un estudio realizado en Espa\u00f1a, el 30% de los usuarios prefieren utilizar su PC como despertador debido a su versatilidad.<\/li>\n<li>El uso de la PC como despertador ha aumentado en los \u00faltimos a\u00f1os gracias a las m\u00faltiples opciones de personalizaci\u00f3n y la posibilidad de utilizar m\u00fasica o sonidos relajantes para despertar.<\/li>\n<\/ul>\n<h2><span class=\"ez-toc-section\" id=\"Mi_experiencia_personal\"><\/span>Mi experiencia personal<span class=\"ez-toc-section-end\"><\/span><\/h2>\n<p>Desde que descubr\u00ed c\u00f3mo utilizar mi PC como despertador, mi vida ha cambiado por completo. Ya no dependo de un simple sonido para despertarme, sino que puedo elegir canciones, sonidos de la naturaleza o incluso grabaciones personalizadas para comenzar el d\u00eda con buen \u00e1nimo.<\/p>\n<p>Adem\u00e1s, puedo programar diferentes alarmas para recordarme tareas importantes a lo largo del d\u00eda. Esto me ha ayudado a ser m\u00e1s organizada y productiva. \u00a1Incluso puedo establecer alarmas para recordarme tomar descansos durante mi jornada laboral!<\/p>\n<h2><span class=\"ez-toc-section\" id=\"Ventajas_de_usar_tu_PC_como_despertador\"><\/span>Ventajas de usar tu PC como despertador<span class=\"ez-toc-section-end\"><\/span><\/h2>\n<ul>\n<li>Personalizaci\u00f3n: puedes elegir tus canciones favoritas o sonidos relajantes para despertar.<\/li>\n<li>Programaci\u00f3n flexible: puedes establecer m\u00faltiples alarmas a lo largo del d\u00eda.<\/li>\n<li>Recordatorios: puedes programar alarmas para recordarte tareas importantes.<\/li>\n<li>M\u00e1s opciones de configuraci\u00f3n: puedes ajustar el volumen, el tono de la alarma y otros detalles seg\u00fan tus preferencias.<\/li>\n<\/ul>\n<h2><span class=\"ez-toc-section\" id=\"Como_utilizar_tu_PC_como_despertador\"><\/span>C\u00f3mo utilizar tu PC como despertador<span class=\"ez-toc-section-end\"><\/span><\/h2>\n<p>Usar tu PC como despertador es muy sencillo. Solo tienes que seguir estos pasos:<\/p>\n<ol>\n<li>Selecciona una aplicaci\u00f3n o programa de despertador. Puedes encontrar diferentes opciones gratuitas en l\u00ednea o incluso utilizar el reproductor de m\u00fasica de tu PC.<\/li>\n<li>Configura la hora y la repetici\u00f3n. Establece la hora en la que deseas despertar y si quieres que la alarma se repita todos los d\u00edas o solo en ciertos d\u00edas de la semana.<\/li>\n<li>Elige tu m\u00fasica o sonido favorito. Selecciona una canci\u00f3n o un sonido relajante que te ayude a despertar de buen humor.<\/li>\n<li>Personaliza los ajustes adicionales. Puedes ajustar el volumen, el tono de la alarma y otros detalles seg\u00fan tus preferencias.<\/li>\n<li>Guarda la configuraci\u00f3n y activa la alarma. Aseg\u00farate de guardar los cambios y activar la alarma para que funcione correctamente.<\/li>\n<\/ol>\n<h2><span class=\"ez-toc-section\" id=\"Preguntas_frecuentes\"><\/span>Preguntas frecuentes<span class=\"ez-toc-section-end\"><\/span><\/h2>\n<h3><span class=\"ez-toc-section\" id=\"%C2%BFPuedo_usar_mi_PC_como_despertador_si_esta_en_modo_de_suspension\"><\/span>\u00bfPuedo usar mi PC como despertador si est\u00e1 en modo de suspensi\u00f3n?<span class=\"ez-toc-section-end\"><\/span><\/h3>\n<p>S\u00ed, puedes utilizar tu PC como despertador incluso si est\u00e1 en modo de suspensi\u00f3n. Solo aseg\u00farate de que la opci\u00f3n de activaci\u00f3n en suspensi\u00f3n est\u00e9 habilitada en la configuraci\u00f3n de energ\u00eda de tu PC.<\/p>\n<h3><span class=\"ez-toc-section\" id=\"%C2%BFNecesito_tener_altavoces_externos_para_usar_mi_PC_como_despertador\"><\/span>\u00bfNecesito tener altavoces externos para usar mi PC como despertador?<span class=\"ez-toc-section-end\"><\/span><\/h3>\n<p>No es necesario tener altavoces externos. Puedes utilizar los altavoces incorporados en tu PC o conectar unos auriculares si lo prefieres.<\/p>\n<h3><span class=\"ez-toc-section\" id=\"%C2%BFPuedo_utilizar_mi_PC_como_despertador_si_esta_apagado\"><\/span>\u00bfPuedo utilizar mi PC como despertador si est\u00e1 apagado?<span class=\"ez-toc-section-end\"><\/span><\/h3>\n<p>No, tu PC debe estar encendido o en modo de suspensi\u00f3n para poder utilizarlo como despertador. Aseg\u00farate de que est\u00e9 conectado a una fuente de alimentaci\u00f3n para evitar que se apague durante la noche.<\/p>\n<h3><span class=\"ez-toc-section\" id=\"%C2%BFQue_opciones_de_personalizacion_tengo_para_despertar_con_mi_PC\"><\/span>\u00bfQu\u00e9 opciones de personalizaci\u00f3n tengo para despertar con mi PC?<span class=\"ez-toc-section-end\"><\/span><\/h3>\n<p>Tienes muchas opciones de personalizaci\u00f3n. Puedes elegir tus canciones favoritas, sonidos relajantes, tonos de alarma y ajustar el volumen seg\u00fan tus preferencias. \u00a1Incluso puedes usar tu propia grabaci\u00f3n de voz como alarma!<\/p>\n<h3><span class=\"ez-toc-section\" id=\"%C2%BFPuedo_usar_mi_PC_como_despertador_si_tengo_un_portatil_o_una_computadora_de_escritorio\"><\/span>\u00bfPuedo usar mi PC como despertador si tengo un port\u00e1til o una computadora de escritorio?<span class=\"ez-toc-section-end\"><\/span><\/h3>\n<p>S\u00ed, puedes utilizar tanto un port\u00e1til como una computadora de escritorio como despertador. Solo aseg\u00farate de que est\u00e9n conectados a una fuente de alimentaci\u00f3n y que los altavoces est\u00e9n funcionando correctamente.<\/p>\n","protected":false},"excerpt":{"rendered":"<p>C\u00f3mo usar mi PC como despertador Curiosidades, estad\u00edsticas y hechos interesantes \u00bfSab\u00edas que el 80% de las personas utilizan su tel\u00e9fono m\u00f3vil como despertador? Seg\u00fan un estudio realizado en Espa\u00f1a, el 30% de los usuarios prefieren utilizar su PC como despertador debido a su versatilidad. El uso de la PC como despertador ha aumentado en &#8230; <a title=\"C\u00f3mo usar mi pc c\u00f3mo despertador\" class=\"read-more\" href=\"https:\/\/dudasytextos.com\/comousar\/como-usar-mi-pc-como-despertador\/\" aria-label=\"M\u00e1s en C\u00f3mo usar mi pc c\u00f3mo despertador\">Leer m\u00e1s<\/a><\/p>\n","protected":false},"author":1,"featured_media":0,"comment_status":"open","ping_status":"open","sticky":false,"template":"","format":"standard","meta":{"footnotes":""},"categories":[3],"tags":[],"class_list":["post-82057","post","type-post","status-publish","format-standard","hentry","category-como-usar"],"aioseo_notices":[],"aioseo_head":"\n\t\t<!-- All in One SEO 5.0.1.1 - aioseo.com -->\n\t<meta name=\"description\" content=\"C\u00f3mo usar mi PC como despertador Curiosidades, estad\u00edsticas y hechos interesantes \u00bfSab\u00edas que el 80% de las personas utilizan su tel\u00e9fono m\u00f3vil como despertador? Seg\u00fan un estudio realizado en Espa\u00f1a, el 30% de los usuarios prefieren utilizar su PC como despertador debido a su versatilidad. El uso de la PC como despertador ha aumentado en\" \/>\n\t<meta name=\"robots\" content=\"max-snippet:-1, max-image-preview:large, max-video-preview:-1\" \/>\n\t<meta name=\"author\" content=\"Ana Gonz\u00e1lez\"\/>\n\t<link rel=\"canonical\" href=\"https:\/\/dudasytextos.com\/comousar\/como-usar-mi-pc-como-despertador\/\" \/>\n\t<meta name=\"generator\" content=\"All in One SEO (AIOSEO) 5.0.1.1\" \/>\n\n\t\t<!-- Google tag (gtag.js) -->\n<script async src=\"https:\/\/www.googletagmanager.com\/gtag\/js?id=G-X7DSVXBJ5H\"><\/script>\n<script>\n  window.dataLayer = window.dataLayer || [];\n  function gtag(){dataLayer.push(arguments);}\n  gtag('js', new Date());\n\n  gtag('config', 'G-X7DSVXBJ5H');\n<\/script>\n<script async src=\"https:\/\/pagead2.googlesyndication.com\/pagead\/js\/adsbygoogle.js?client=ca-pub-3987500858204711\"\n     crossorigin=\"anonymous\"><\/script>\n\t\t<meta property=\"og:locale\" content=\"es_ES\" \/>\n\t\t<meta property=\"og:site_name\" content=\"\u00bfC\u00f3mo Usarlo? - \u00bfC\u00f3mo Usarlo?\" \/>\n\t\t<meta property=\"og:type\" content=\"article\" \/>\n\t\t<meta property=\"og:title\" content=\"C\u00f3mo usar mi pc c\u00f3mo despertador (2026) \u00bfC\u00f3mo Usarlo?\" \/>\n\t\t<meta property=\"og:description\" content=\"C\u00f3mo usar mi PC como despertador Curiosidades, estad\u00edsticas y hechos interesantes \u00bfSab\u00edas que el 80% de las personas utilizan su tel\u00e9fono m\u00f3vil como despertador? Seg\u00fan un estudio realizado en Espa\u00f1a, el 30% de los usuarios prefieren utilizar su PC como despertador debido a su versatilidad. El uso de la PC como despertador ha aumentado en\" \/>\n\t\t<meta property=\"og:url\" content=\"https:\/\/dudasytextos.com\/comousar\/como-usar-mi-pc-como-despertador\/\" \/>\n\t\t<meta property=\"article:published_time\" content=\"2025-03-12T18:28:23+00:00\" \/>\n\t\t<meta property=\"article:modified_time\" content=\"2025-03-13T10:02:57+00:00\" \/>\n\t\t<meta name=\"twitter:card\" content=\"summary_large_image\" \/>\n\t\t<meta name=\"twitter:title\" content=\"C\u00f3mo usar mi pc c\u00f3mo despertador (2026) \u00bfC\u00f3mo Usarlo?\" \/>\n\t\t<meta name=\"twitter:description\" content=\"C\u00f3mo usar mi PC como despertador Curiosidades, estad\u00edsticas y hechos interesantes \u00bfSab\u00edas que el 80% de las personas utilizan su tel\u00e9fono m\u00f3vil como despertador? Seg\u00fan un estudio realizado en Espa\u00f1a, el 30% de los usuarios prefieren utilizar su PC como despertador debido a su versatilidad. El uso de la PC como despertador ha aumentado en\" \/>\n\t\t<script type=\"application\/ld+json\" class=\"aioseo-schema\">\n\t\t\t{\"@context\":\"https:\\\/\\\/schema.org\",\"@graph\":[{\"@type\":\"BlogPosting\",\"@id\":\"https:\\\/\\\/dudasytextos.com\\\/comousar\\\/como-usar-mi-pc-como-despertador\\\/#blogposting\",\"name\":\"C\\u00f3mo usar mi pc c\\u00f3mo despertador (2026) \\u00bfC\\u00f3mo Usarlo?\",\"headline\":\"C\\u00f3mo usar mi pc c\\u00f3mo despertador\",\"author\":{\"@id\":\"https:\\\/\\\/dudasytextos.com\\\/comousar\\\/author\\\/admin23\\\/#author\"},\"publisher\":{\"@id\":\"https:\\\/\\\/dudasytextos.com\\\/comousar\\\/#organization\"},\"datePublished\":\"2025-03-12T18:28:23+00:00\",\"dateModified\":\"2025-03-13T10:02:57+00:00\",\"inLanguage\":\"es-ES\",\"mainEntityOfPage\":{\"@id\":\"https:\\\/\\\/dudasytextos.com\\\/comousar\\\/como-usar-mi-pc-como-despertador\\\/#webpage\"},\"isPartOf\":{\"@id\":\"https:\\\/\\\/dudasytextos.com\\\/comousar\\\/como-usar-mi-pc-como-despertador\\\/#webpage\"},\"articleSection\":\"\\u00bfC\\u00f3mo usar?\"},{\"@type\":\"BreadcrumbList\",\"@id\":\"https:\\\/\\\/dudasytextos.com\\\/comousar\\\/como-usar-mi-pc-como-despertador\\\/#breadcrumblist\",\"itemListElement\":[{\"@type\":\"ListItem\",\"@id\":\"https:\\\/\\\/dudasytextos.com\\\/comousar#listItem\",\"position\":1,\"name\":\"Home\",\"item\":\"https:\\\/\\\/dudasytextos.com\\\/comousar\",\"nextItem\":{\"@type\":\"ListItem\",\"@id\":\"https:\\\/\\\/dudasytextos.com\\\/comousar\\\/category\\\/como-usar\\\/#listItem\",\"name\":\"\\u00bfC\\u00f3mo usar?\"}},{\"@type\":\"ListItem\",\"@id\":\"https:\\\/\\\/dudasytextos.com\\\/comousar\\\/category\\\/como-usar\\\/#listItem\",\"position\":2,\"name\":\"\\u00bfC\\u00f3mo usar?\",\"item\":\"https:\\\/\\\/dudasytextos.com\\\/comousar\\\/category\\\/como-usar\\\/\",\"nextItem\":{\"@type\":\"ListItem\",\"@id\":\"https:\\\/\\\/dudasytextos.com\\\/comousar\\\/como-usar-mi-pc-como-despertador\\\/#listItem\",\"name\":\"C\\u00f3mo usar mi pc c\\u00f3mo despertador\"},\"previousItem\":{\"@type\":\"ListItem\",\"@id\":\"https:\\\/\\\/dudasytextos.com\\\/comousar#listItem\",\"name\":\"Home\"}},{\"@type\":\"ListItem\",\"@id\":\"https:\\\/\\\/dudasytextos.com\\\/comousar\\\/como-usar-mi-pc-como-despertador\\\/#listItem\",\"position\":3,\"name\":\"C\\u00f3mo usar mi pc c\\u00f3mo despertador\",\"previousItem\":{\"@type\":\"ListItem\",\"@id\":\"https:\\\/\\\/dudasytextos.com\\\/comousar\\\/category\\\/como-usar\\\/#listItem\",\"name\":\"\\u00bfC\\u00f3mo usar?\"}}]},{\"@type\":\"Organization\",\"@id\":\"https:\\\/\\\/dudasytextos.com\\\/comousar\\\/#organization\",\"name\":\"Recipes\",\"description\":\"\\u00bfC\\u00f3mo Usarlo?\",\"url\":\"https:\\\/\\\/dudasytextos.com\\\/comousar\\\/\"},{\"@type\":\"Person\",\"@id\":\"https:\\\/\\\/dudasytextos.com\\\/comousar\\\/author\\\/admin23\\\/#author\",\"url\":\"https:\\\/\\\/dudasytextos.com\\\/comousar\\\/author\\\/admin23\\\/\",\"name\":\"Ana Gonz\\u00e1lez\"},{\"@type\":\"WebPage\",\"@id\":\"https:\\\/\\\/dudasytextos.com\\\/comousar\\\/como-usar-mi-pc-como-despertador\\\/#webpage\",\"url\":\"https:\\\/\\\/dudasytextos.com\\\/comousar\\\/como-usar-mi-pc-como-despertador\\\/\",\"name\":\"C\\u00f3mo usar mi pc c\\u00f3mo despertador (2026) \\u00bfC\\u00f3mo Usarlo?\",\"description\":\"C\\u00f3mo usar mi PC como despertador Curiosidades, estad\\u00edsticas y hechos interesantes \\u00bfSab\\u00edas que el 80% de las personas utilizan su tel\\u00e9fono m\\u00f3vil como despertador? Seg\\u00fan un estudio realizado en Espa\\u00f1a, el 30% de los usuarios prefieren utilizar su PC como despertador debido a su versatilidad. El uso de la PC como despertador ha aumentado en\",\"inLanguage\":\"es-ES\",\"isPartOf\":{\"@id\":\"https:\\\/\\\/dudasytextos.com\\\/comousar\\\/#website\"},\"breadcrumb\":{\"@id\":\"https:\\\/\\\/dudasytextos.com\\\/comousar\\\/como-usar-mi-pc-como-despertador\\\/#breadcrumblist\"},\"author\":{\"@id\":\"https:\\\/\\\/dudasytextos.com\\\/comousar\\\/author\\\/admin23\\\/#author\"},\"creator\":{\"@id\":\"https:\\\/\\\/dudasytextos.com\\\/comousar\\\/author\\\/admin23\\\/#author\"},\"datePublished\":\"2025-03-12T18:28:23+00:00\",\"dateModified\":\"2025-03-13T10:02:57+00:00\"},{\"@type\":\"WebSite\",\"@id\":\"https:\\\/\\\/dudasytextos.com\\\/comousar\\\/#website\",\"url\":\"https:\\\/\\\/dudasytextos.com\\\/comousar\\\/\",\"name\":\"Recipes\",\"description\":\"\\u00bfC\\u00f3mo Usarlo?\",\"inLanguage\":\"es-ES\",\"publisher\":{\"@id\":\"https:\\\/\\\/dudasytextos.com\\\/comousar\\\/#organization\"}}]}\n\t\t<\/script>\n\t\t<!-- All in One SEO -->\n\n","aioseo_head_json":{"title":"C\u00f3mo usar mi pc c\u00f3mo despertador (2026) \u00bfC\u00f3mo Usarlo?","description":"C\u00f3mo usar mi PC como despertador Curiosidades, estad\u00edsticas y hechos interesantes \u00bfSab\u00edas que el 80% de las personas utilizan su tel\u00e9fono m\u00f3vil como despertador? Seg\u00fan un estudio realizado en Espa\u00f1a, el 30% de los usuarios prefieren utilizar su PC como despertador debido a su versatilidad. El uso de la PC como despertador ha aumentado en","canonical_url":"https:\/\/dudasytextos.com\/comousar\/como-usar-mi-pc-como-despertador\/","robots":"max-snippet:-1, max-image-preview:large, max-video-preview:-1","keywords":"","webmasterTools":{"miscellaneous":"&lt;!-- Google tag (gtag.js) --&gt;\n&lt;script async src=\"https:\/\/www.googletagmanager.com\/gtag\/js?id=G-X7DSVXBJ5H\"&gt;&lt;\/script&gt;\n&lt;script&gt;\n  window.dataLayer = window.dataLayer || [];\n  function gtag(){dataLayer.push(arguments);}\n  gtag('js', new Date());\n\n  gtag('config', 'G-X7DSVXBJ5H');\n&lt;\/script&gt;\n&lt;script async src=\"https:\/\/pagead2.googlesyndication.com\/pagead\/js\/adsbygoogle.js?client=ca-pub-3987500858204711\"\n     crossorigin=\"anonymous\"&gt;&lt;\/script&gt;"},"schema":{"@context":"https:\/\/schema.org","@graph":[{"@type":"BlogPosting","@id":"https:\/\/dudasytextos.com\/comousar\/como-usar-mi-pc-como-despertador\/#blogposting","name":"C\u00f3mo usar mi pc c\u00f3mo despertador (2026) \u00bfC\u00f3mo Usarlo?","headline":"C\u00f3mo usar mi pc c\u00f3mo despertador","author":{"@id":"https:\/\/dudasytextos.com\/comousar\/author\/admin23\/#author"},"publisher":{"@id":"https:\/\/dudasytextos.com\/comousar\/#organization"},"datePublished":"2025-03-12T18:28:23+00:00","dateModified":"2025-03-13T10:02:57+00:00","inLanguage":"es-ES","mainEntityOfPage":{"@id":"https:\/\/dudasytextos.com\/comousar\/como-usar-mi-pc-como-despertador\/#webpage"},"isPartOf":{"@id":"https:\/\/dudasytextos.com\/comousar\/como-usar-mi-pc-como-despertador\/#webpage"},"articleSection":"\u00bfC\u00f3mo usar?"},{"@type":"BreadcrumbList","@id":"https:\/\/dudasytextos.com\/comousar\/como-usar-mi-pc-como-despertador\/#breadcrumblist","itemListElement":[{"@type":"ListItem","@id":"https:\/\/dudasytextos.com\/comousar#listItem","position":1,"name":"Home","item":"https:\/\/dudasytextos.com\/comousar","nextItem":{"@type":"ListItem","@id":"https:\/\/dudasytextos.com\/comousar\/category\/como-usar\/#listItem","name":"\u00bfC\u00f3mo usar?"}},{"@type":"ListItem","@id":"https:\/\/dudasytextos.com\/comousar\/category\/como-usar\/#listItem","position":2,"name":"\u00bfC\u00f3mo usar?","item":"https:\/\/dudasytextos.com\/comousar\/category\/como-usar\/","nextItem":{"@type":"ListItem","@id":"https:\/\/dudasytextos.com\/comousar\/como-usar-mi-pc-como-despertador\/#listItem","name":"C\u00f3mo usar mi pc c\u00f3mo despertador"},"previousItem":{"@type":"ListItem","@id":"https:\/\/dudasytextos.com\/comousar#listItem","name":"Home"}},{"@type":"ListItem","@id":"https:\/\/dudasytextos.com\/comousar\/como-usar-mi-pc-como-despertador\/#listItem","position":3,"name":"C\u00f3mo usar mi pc c\u00f3mo despertador","previousItem":{"@type":"ListItem","@id":"https:\/\/dudasytextos.com\/comousar\/category\/como-usar\/#listItem","name":"\u00bfC\u00f3mo usar?"}}]},{"@type":"Organization","@id":"https:\/\/dudasytextos.com\/comousar\/#organization","name":"Recipes","description":"\u00bfC\u00f3mo Usarlo?","url":"https:\/\/dudasytextos.com\/comousar\/"},{"@type":"Person","@id":"https:\/\/dudasytextos.com\/comousar\/author\/admin23\/#author","url":"https:\/\/dudasytextos.com\/comousar\/author\/admin23\/","name":"Ana Gonz\u00e1lez"},{"@type":"WebPage","@id":"https:\/\/dudasytextos.com\/comousar\/como-usar-mi-pc-como-despertador\/#webpage","url":"https:\/\/dudasytextos.com\/comousar\/como-usar-mi-pc-como-despertador\/","name":"C\u00f3mo usar mi pc c\u00f3mo despertador (2026) \u00bfC\u00f3mo Usarlo?","description":"C\u00f3mo usar mi PC como despertador Curiosidades, estad\u00edsticas y hechos interesantes \u00bfSab\u00edas que el 80% de las personas utilizan su tel\u00e9fono m\u00f3vil como despertador? Seg\u00fan un estudio realizado en Espa\u00f1a, el 30% de los usuarios prefieren utilizar su PC como despertador debido a su versatilidad. El uso de la PC como despertador ha aumentado en","inLanguage":"es-ES","isPartOf":{"@id":"https:\/\/dudasytextos.com\/comousar\/#website"},"breadcrumb":{"@id":"https:\/\/dudasytextos.com\/comousar\/como-usar-mi-pc-como-despertador\/#breadcrumblist"},"author":{"@id":"https:\/\/dudasytextos.com\/comousar\/author\/admin23\/#author"},"creator":{"@id":"https:\/\/dudasytextos.com\/comousar\/author\/admin23\/#author"},"datePublished":"2025-03-12T18:28:23+00:00","dateModified":"2025-03-13T10:02:57+00:00"},{"@type":"WebSite","@id":"https:\/\/dudasytextos.com\/comousar\/#website","url":"https:\/\/dudasytextos.com\/comousar\/","name":"Recipes","description":"\u00bfC\u00f3mo Usarlo?","inLanguage":"es-ES","publisher":{"@id":"https:\/\/dudasytextos.com\/comousar\/#organization"}}]},"og:locale":"es_ES","og:site_name":"\u00bfC\u00f3mo Usarlo? - \u00bfC\u00f3mo Usarlo?","og:type":"article","og:title":"C\u00f3mo usar mi pc c\u00f3mo despertador (2026) \u00bfC\u00f3mo Usarlo?","og:description":"C\u00f3mo usar mi PC como despertador Curiosidades, estad\u00edsticas y hechos interesantes \u00bfSab\u00edas que el 80% de las personas utilizan su tel\u00e9fono m\u00f3vil como despertador? Seg\u00fan un estudio realizado en Espa\u00f1a, el 30% de los usuarios prefieren utilizar su PC como despertador debido a su versatilidad. El uso de la PC como despertador ha aumentado en","og:url":"https:\/\/dudasytextos.com\/comousar\/como-usar-mi-pc-como-despertador\/","article:published_time":"2025-03-12T18:28:23+00:00","article:modified_time":"2025-03-13T10:02:57+00:00","twitter:card":"summary_large_image","twitter:title":"C\u00f3mo usar mi pc c\u00f3mo despertador (2026) \u00bfC\u00f3mo Usarlo?","twitter:description":"C\u00f3mo usar mi PC como despertador Curiosidades, estad\u00edsticas y hechos interesantes \u00bfSab\u00edas que el 80% de las personas utilizan su tel\u00e9fono m\u00f3vil como despertador? Seg\u00fan un estudio realizado en Espa\u00f1a, el 30% de los usuarios prefieren utilizar su PC como despertador debido a su versatilidad. El uso de la PC como despertador ha aumentado en"},"aioseo_meta_data":{"post_id":"82057","title":null,"description":null,"keywords":null,"keyphrases":null,"primary_term":null,"canonical_url":null,"og_title":null,"og_description":null,"og_object_type":"default","og_image_type":"default","og_image_url":null,"og_image_width":null,"og_image_height":null,"og_image_custom_url":null,"og_image_custom_fields":null,"og_video":null,"og_custom_url":null,"og_article_section":null,"og_article_tags":null,"twitter_use_og":false,"twitter_card":"default","twitter_image_type":"default","twitter_image_url":null,"twitter_image_custom_url":null,"twitter_image_custom_fields":null,"twitter_title":null,"twitter_description":null,"schema":{"blockGraphs":[],"customGraphs":[],"default":{"data":{"Article":[],"Course":[],"Dataset":[],"FAQPage":[],"Movie":[],"Person":[],"Product":[],"ProductReview":[],"Car":[],"Recipe":[],"Service":[],"SoftwareApplication":[],"WebPage":[]},"graphName":"","isEnabled":true},"graphs":[]},"schema_type":"default","schema_type_options":null,"pillar_content":false,"robots_default":true,"robots_noindex":false,"robots_noarchive":false,"robots_nosnippet":false,"robots_nofollow":false,"robots_noimageindex":false,"robots_noodp":false,"robots_notranslate":false,"robots_max_snippet":null,"robots_max_videopreview":null,"robots_max_imagepreview":"large","priority":null,"frequency":null,"local_seo":null,"breadcrumb_settings":null,"limit_modified_date":false,"ai":null,"created":"2023-07-13 22:08:47","updated":"2025-06-05 00:22:30","seo_analyzer_scan_date":null,"focus_keyword":null,"additional_keywords":null,"truseo_locale":null},"aioseo_breadcrumb":"<div class=\"aioseo-breadcrumbs\"><span class=\"aioseo-breadcrumb\">\n\t\t\t<a href=\"https:\/\/dudasytextos.com\/comousar\" title=\"Home\">Home<\/a>\n\t\t<\/span><span class=\"aioseo-breadcrumb-separator\">&raquo;<\/span><span class=\"aioseo-breadcrumb\">\n\t\t\t<a href=\"https:\/\/dudasytextos.com\/comousar\/category\/como-usar\/\" title=\"\u00bfC\u00f3mo usar?\">\u00bfC\u00f3mo usar?<\/a>\n\t\t<\/span><span class=\"aioseo-breadcrumb-separator\">&raquo;<\/span><span class=\"aioseo-breadcrumb\">\n\t\t\tC\u00f3mo usar mi pc c\u00f3mo despertador\n\t\t<\/span><\/div>","aioseo_breadcrumb_json":[{"label":"Home","link":"https:\/\/dudasytextos.com\/comousar"},{"label":"\u00bfC\u00f3mo usar?","link":"https:\/\/dudasytextos.com\/comousar\/category\/como-usar\/"},{"label":"C\u00f3mo usar mi pc c\u00f3mo despertador","link":"https:\/\/dudasytextos.com\/comousar\/como-usar-mi-pc-como-despertador\/"}],"_links":{"self":[{"href":"https:\/\/dudasytextos.com\/comousar\/wp-json\/wp\/v2\/posts\/82057","targetHints":{"allow":["GET"]}}],"collection":[{"href":"https:\/\/dudasytextos.com\/comousar\/wp-json\/wp\/v2\/posts"}],"about":[{"href":"https:\/\/dudasytextos.com\/comousar\/wp-json\/wp\/v2\/types\/post"}],"author":[{"embeddable":true,"href":"https:\/\/dudasytextos.com\/comousar\/wp-json\/wp\/v2\/users\/1"}],"replies":[{"embeddable":true,"href":"https:\/\/dudasytextos.com\/comousar\/wp-json\/wp\/v2\/comments?post=82057"}],"version-history":[{"count":0,"href":"https:\/\/dudasytextos.com\/comousar\/wp-json\/wp\/v2\/posts\/82057\/revisions"}],"wp:attachment":[{"href":"https:\/\/dudasytextos.com\/comousar\/wp-json\/wp\/v2\/media?parent=82057"}],"wp:term":[{"taxonomy":"category","embeddable":true,"href":"https:\/\/dudasytextos.com\/comousar\/wp-json\/wp\/v2\/categories?post=82057"},{"taxonomy":"post_tag","embeddable":true,"href":"https:\/\/dudasytextos.com\/comousar\/wp-json\/wp\/v2\/tags?post=82057"}],"curies":[{"name":"wp","href":"https:\/\/api.w.org\/{rel}","templated":true}]}}