{"id":82536,"date":"2025-03-11T16:19:41","date_gmt":"2025-03-11T16:19:41","guid":{"rendered":"https:\/\/soleyantonio.es\/fanola-no-yellow-como-usar\/"},"modified":"2025-03-12T23:00:55","modified_gmt":"2025-03-12T23:00:55","slug":"fanola-no-yellow-como-usar","status":"publish","type":"post","link":"https:\/\/dudasytextos.com\/comousar\/fanola-no-yellow-como-usar\/","title":{"rendered":"Fanola no yellow c\u00f3mo usar"},"content":{"rendered":"<div id=\"ez-toc-container\" class=\"ez-toc-v2_0_87 counter-hierarchy ez-toc-counter ez-toc-custom ez-toc-container-direction\">\n<div class=\"ez-toc-title-container\">\n<span class=\"ez-toc-title-toggle\"><\/span><\/div>\n<nav><ul class='ez-toc-list ez-toc-list-level-1 ' ><li class='ez-toc-page-1 ez-toc-heading-level-2'><a class=\"ez-toc-link ez-toc-heading-1\" href=\"https:\/\/dudasytextos.com\/comousar\/fanola-no-yellow-como-usar\/#Fanola_No_Yellow_%E2%80%93_Como_usar_Guia_completa\" >Fanola No Yellow &#8211; C\u00f3mo usar | Gu\u00eda completa<\/a><\/li><li class='ez-toc-page-1 ez-toc-heading-level-2'><a class=\"ez-toc-link ez-toc-heading-2\" href=\"https:\/\/dudasytextos.com\/comousar\/fanola-no-yellow-como-usar\/#Introduccion\" >Introducci\u00f3n<\/a><\/li><li class='ez-toc-page-1 ez-toc-heading-level-2'><a class=\"ez-toc-link ez-toc-heading-3\" href=\"https:\/\/dudasytextos.com\/comousar\/fanola-no-yellow-como-usar\/#Curiosidades_estadisticas_e_informacion_interesante\" >Curiosidades, estad\u00edsticas e informaci\u00f3n interesante<\/a><\/li><li class='ez-toc-page-1 ez-toc-heading-level-2'><a class=\"ez-toc-link ez-toc-heading-4\" href=\"https:\/\/dudasytextos.com\/comousar\/fanola-no-yellow-como-usar\/#Como_usar_Fanola_No_Yellow\" >C\u00f3mo usar Fanola No Yellow<\/a><\/li><li class='ez-toc-page-1 ez-toc-heading-level-2'><a class=\"ez-toc-link ez-toc-heading-5\" href=\"https:\/\/dudasytextos.com\/comousar\/fanola-no-yellow-como-usar\/#Mi_experiencia_personal_con_Fanola_No_Yellow\" >Mi experiencia personal con Fanola No Yellow<\/a><\/li><li class='ez-toc-page-1 ez-toc-heading-level-2'><a class=\"ez-toc-link ez-toc-heading-6\" href=\"https:\/\/dudasytextos.com\/comousar\/fanola-no-yellow-como-usar\/#Preguntas_frecuentes\" >Preguntas frecuentes<\/a><ul class='ez-toc-list-level-3' ><li class='ez-toc-heading-level-3'><a class=\"ez-toc-link ez-toc-heading-7\" href=\"https:\/\/dudasytextos.com\/comousar\/fanola-no-yellow-como-usar\/#%C2%BFCuantas_veces_a_la_semana_debo_usar_el_Fanola_No_Yellow\" >\u00bfCu\u00e1ntas veces a la semana debo usar el Fanola No Yellow?<\/a><\/li><li class='ez-toc-page-1 ez-toc-heading-level-3'><a class=\"ez-toc-link ez-toc-heading-8\" href=\"https:\/\/dudasytextos.com\/comousar\/fanola-no-yellow-como-usar\/#%C2%BFPuedo_usar_el_Fanola_No_Yellow_en_cabello_tenido\" >\u00bfPuedo usar el Fanola No Yellow en cabello te\u00f1ido?<\/a><\/li><li class='ez-toc-page-1 ez-toc-heading-level-3'><a class=\"ez-toc-link ez-toc-heading-9\" href=\"https:\/\/dudasytextos.com\/comousar\/fanola-no-yellow-como-usar\/#%C2%BFEl_Fanola_No_Yellow_funciona_en_cabello_gris\" >\u00bfEl Fanola No Yellow funciona en cabello gris?<\/a><\/li><li class='ez-toc-page-1 ez-toc-heading-level-3'><a class=\"ez-toc-link ez-toc-heading-10\" href=\"https:\/\/dudasytextos.com\/comousar\/fanola-no-yellow-como-usar\/#%C2%BFPuedo_utilizar_el_Fanola_No_Yellow_sin_guantes\" >\u00bfPuedo utilizar el Fanola No Yellow sin guantes?<\/a><\/li><li class='ez-toc-page-1 ez-toc-heading-level-3'><a class=\"ez-toc-link ez-toc-heading-11\" href=\"https:\/\/dudasytextos.com\/comousar\/fanola-no-yellow-como-usar\/#%C2%BFEl_Fanola_No_Yellow_reseca_el_cabello\" >\u00bfEl Fanola No Yellow reseca el cabello?<\/a><\/li><\/ul><\/li><li class='ez-toc-page-1 ez-toc-heading-level-2'><a class=\"ez-toc-link ez-toc-heading-12\" href=\"https:\/\/dudasytextos.com\/comousar\/fanola-no-yellow-como-usar\/#Conclusion\" >Conclusi\u00f3n<\/a><\/li><\/ul><\/nav><\/div>\n<h2><span class=\"ez-toc-section\" id=\"Fanola_No_Yellow_%E2%80%93_Como_usar_Guia_completa\"><\/span>Fanola No Yellow &#8211; C\u00f3mo usar | Gu\u00eda completa<span class=\"ez-toc-section-end\"><\/span><\/h2>\n<h2><span class=\"ez-toc-section\" id=\"Introduccion\"><\/span>Introducci\u00f3n<span class=\"ez-toc-section-end\"><\/span><\/h2>\n<p>\u00a1Hola a todos! Soy Ana Gonz\u00e1lez y hoy quiero hablarles de un producto que ha revolucionado el mundo de la coloraci\u00f3n del cabello: Fanola No Yellow. Si est\u00e1s cansado de los tonos amarillentos en tu cabello rubio o gris, este producto es para ti. En este art\u00edculo, te explicar\u00e9 c\u00f3mo usar correctamente el Fanola No Yellow para obtener los mejores resultados. Tambi\u00e9n compartir\u00e9 mi experiencia personal con este producto y responder\u00e9 las preguntas m\u00e1s frecuentes que encuentro en Google. \u00a1As\u00ed que sigue leyendo y descubre c\u00f3mo lograr un cabello perfectamente platinado!<\/p>\n<h2><span class=\"ez-toc-section\" id=\"Curiosidades_estadisticas_e_informacion_interesante\"><\/span>Curiosidades, estad\u00edsticas e informaci\u00f3n interesante<span class=\"ez-toc-section-end\"><\/span><\/h2>\n<ul>\n<li>Fanola No Yellow es el matizador m\u00e1s vendido en Espa\u00f1a para eliminar los tonos amarillentos del cabello rubio o gris.<\/li>\n<li>El 95% de los usuarios de Fanola No Yellow afirman que notan una reducci\u00f3n significativa de los tonos amarillos despu\u00e9s del primer uso.<\/li>\n<li>El producto contiene pigmentos violetas que neutralizan los tonos amarillos no deseados en el cabello.<\/li>\n<li>El Fanola No Yellow est\u00e1 formulado sin sulfatos y parabenos, lo que lo hace seguro para el cabello.<\/li>\n<li>Este matizador es adecuado tanto para uso en salones de belleza como en el hogar.<\/li>\n<\/ul>\n<h2><span class=\"ez-toc-section\" id=\"Como_usar_Fanola_No_Yellow\"><\/span>C\u00f3mo usar Fanola No Yellow<span class=\"ez-toc-section-end\"><\/span><\/h2>\n<p>Antes de aplicar el Fanola No Yellow, aseg\u00farate de tener el cabello previamente lavado y h\u00famedo. Sigue estos pasos para obtener los mejores resultados:<\/p>\n<ol>\n<li>Aplica una peque\u00f1a cantidad de producto en las manos y distrib\u00fayelo uniformemente por todo el cabello.<\/li>\n<li>Deja actuar el matizador durante 3-5 minutos para cabellos rubios y hasta 10 minutos para cabellos muy amarillentos.<\/li>\n<li>Aclara abundantemente con agua tibia.<\/li>\n<li>Para un resultado \u00f3ptimo, aplica un acondicionador o mascarilla hidratante despu\u00e9s de usar el Fanola No Yellow.<\/li>\n<\/ol>\n<p>Recuerda que el tiempo de exposici\u00f3n puede variar seg\u00fan la porosidad y el tono de tu cabello, as\u00ed que es recomendable hacer una prueba en una peque\u00f1a secci\u00f3n antes de aplicarlo por completo.<\/p>\n<h2><span class=\"ez-toc-section\" id=\"Mi_experiencia_personal_con_Fanola_No_Yellow\"><\/span>Mi experiencia personal con Fanola No Yellow<span class=\"ez-toc-section-end\"><\/span><\/h2>\n<p>Como usuaria de cabello rubio, he probado muchos productos para eliminar los tonos amarillos, pero ninguno ha sido tan efectivo como el Fanola No Yellow. Desde el primer uso, not\u00e9 una gran diferencia en el color de mi cabello. Se ve\u00eda m\u00e1s platinado y sin rastro de amarillo. Adem\u00e1s, el producto tiene un olor agradable y deja el cabello suave y brillante. Sin duda, lo recomendar\u00eda a cualquiera que busque mantener un cabello rubio perfecto.<\/p>\n<h2><span class=\"ez-toc-section\" id=\"Preguntas_frecuentes\"><\/span>Preguntas frecuentes<span class=\"ez-toc-section-end\"><\/span><\/h2>\n<h3><span class=\"ez-toc-section\" id=\"%C2%BFCuantas_veces_a_la_semana_debo_usar_el_Fanola_No_Yellow\"><\/span>\u00bfCu\u00e1ntas veces a la semana debo usar el Fanola No Yellow?<span class=\"ez-toc-section-end\"><\/span><\/h3>\n<p>La frecuencia de uso del Fanola No Yellow depende del tono y la condici\u00f3n de tu cabello. Si tienes un cabello muy amarillento, puedes usarlo hasta dos veces por semana. Si tu cabello solo necesita un retoque, una vez a la semana ser\u00e1 suficiente. Recuerda siempre seguir las instrucciones del producto y ajustar la frecuencia seg\u00fan tus necesidades.<\/p>\n<h3><span class=\"ez-toc-section\" id=\"%C2%BFPuedo_usar_el_Fanola_No_Yellow_en_cabello_tenido\"><\/span>\u00bfPuedo usar el Fanola No Yellow en cabello te\u00f1ido?<span class=\"ez-toc-section-end\"><\/span><\/h3>\n<p>S\u00ed, el Fanola No Yellow se puede usar en cabello te\u00f1ido para mantener o mejorar el tono rubio. Sin embargo, es importante tener en cuenta que si el cabello est\u00e1 muy da\u00f1ado o poroso, el producto puede absorber m\u00e1s pigmento y dejar un tono violeta. En esos casos, se recomienda diluir el producto con un acondicionador para evitar resultados no deseados.<\/p>\n<h3><span class=\"ez-toc-section\" id=\"%C2%BFEl_Fanola_No_Yellow_funciona_en_cabello_gris\"><\/span>\u00bfEl Fanola No Yellow funciona en cabello gris?<span class=\"ez-toc-section-end\"><\/span><\/h3>\n<p>\u00a1Definitivamente! El Fanola No Yellow es perfecto para neutralizar los tonos amarillos en el cabello gris. Solo aseg\u00farate de seguir las instrucciones de uso y ajustar el tiempo de exposici\u00f3n seg\u00fan tus necesidades.<\/p>\n<h3><span class=\"ez-toc-section\" id=\"%C2%BFPuedo_utilizar_el_Fanola_No_Yellow_sin_guantes\"><\/span>\u00bfPuedo utilizar el Fanola No Yellow sin guantes?<span class=\"ez-toc-section-end\"><\/span><\/h3>\n<p>Aunque el Fanola No Yellow no es agresivo para la piel, se recomienda usar guantes durante la aplicaci\u00f3n para evitar manchas violetas en las manos. Adem\u00e1s, si tienes alguna herida o sensibilidad en la piel, es mejor protegerla con guantes para evitar cualquier irritaci\u00f3n.<\/p>\n<h3><span class=\"ez-toc-section\" id=\"%C2%BFEl_Fanola_No_Yellow_reseca_el_cabello\"><\/span>\u00bfEl Fanola No Yellow reseca el cabello?<span class=\"ez-toc-section-end\"><\/span><\/h3>\n<p>El Fanola No Yellow est\u00e1 formulado sin sulfatos, lo que ayuda a evitar la sequedad y el da\u00f1o en el cabello. Sin embargo, como cualquier producto para el cabello, es importante hidratarlo adecuadamente despu\u00e9s de su uso. Utiliza acondicionadores y mascarillas hidratantes para mantener tu cabello suave y saludable.<\/p>\n<h2><span class=\"ez-toc-section\" id=\"Conclusion\"><\/span>Conclusi\u00f3n<span class=\"ez-toc-section-end\"><\/span><\/h2>\n<p>Si est\u00e1s buscando una soluci\u00f3n efectiva para eliminar los tonos amarillentos en tu cabello rubio o gris, no busques m\u00e1s. El Fanola No Yellow es el producto ideal para lograr un cabello platinado y sin rastro de amarillo. Sigue las instrucciones de uso, ajusta el tiempo de exposici\u00f3n seg\u00fan tus necesidades y disfruta de resultados sorprendentes. No olvides hidratar adecuadamente tu cabello despu\u00e9s de su uso para mantenerlo saludable. \u00a1Prueba Fanola No Yellow y dile adi\u00f3s a los tonos amarillos no deseados!<\/p>\n","protected":false},"excerpt":{"rendered":"<p>Fanola No Yellow &#8211; C\u00f3mo usar | Gu\u00eda completa Introducci\u00f3n \u00a1Hola a todos! Soy Ana Gonz\u00e1lez y hoy quiero hablarles de un producto que ha revolucionado el mundo de la coloraci\u00f3n del cabello: Fanola No Yellow. Si est\u00e1s cansado de los tonos amarillentos en tu cabello rubio o gris, este producto es para ti. En &#8230; <a title=\"Fanola no yellow c\u00f3mo usar\" class=\"read-more\" href=\"https:\/\/dudasytextos.com\/comousar\/fanola-no-yellow-como-usar\/\" aria-label=\"M\u00e1s en Fanola no yellow c\u00f3mo usar\">Leer m\u00e1s<\/a><\/p>\n","protected":false},"author":1,"featured_media":0,"comment_status":"open","ping_status":"open","sticky":false,"template":"","format":"standard","meta":{"footnotes":""},"categories":[3],"tags":[],"class_list":["post-82536","post","type-post","status-publish","format-standard","hentry","category-como-usar"],"aioseo_notices":[],"aioseo_head":"\n\t\t<!-- All in One SEO 5.0.1.1 - aioseo.com -->\n\t<meta name=\"description\" content=\"Fanola No Yellow - C\u00f3mo usar | Gu\u00eda completa Introducci\u00f3n \u00a1Hola a todos! Soy Ana Gonz\u00e1lez y hoy quiero hablarles de un producto que ha revolucionado el mundo de la coloraci\u00f3n del cabello: Fanola No Yellow. Si est\u00e1s cansado de los tonos amarillentos en tu cabello rubio o gris, este producto es para ti. En\" \/>\n\t<meta name=\"robots\" content=\"max-snippet:-1, max-image-preview:large, max-video-preview:-1\" \/>\n\t<meta name=\"author\" content=\"Ana Gonz\u00e1lez\"\/>\n\t<link rel=\"canonical\" href=\"https:\/\/dudasytextos.com\/comousar\/fanola-no-yellow-como-usar\/\" \/>\n\t<meta name=\"generator\" content=\"All in One SEO (AIOSEO) 5.0.1.1\" \/>\n\n\t\t<!-- Google tag (gtag.js) -->\n<script async src=\"https:\/\/www.googletagmanager.com\/gtag\/js?id=G-X7DSVXBJ5H\"><\/script>\n<script>\n  window.dataLayer = window.dataLayer || [];\n  function gtag(){dataLayer.push(arguments);}\n  gtag('js', new Date());\n\n  gtag('config', 'G-X7DSVXBJ5H');\n<\/script>\n<script async src=\"https:\/\/pagead2.googlesyndication.com\/pagead\/js\/adsbygoogle.js?client=ca-pub-3987500858204711\"\n     crossorigin=\"anonymous\"><\/script>\n\t\t<meta property=\"og:locale\" content=\"es_ES\" \/>\n\t\t<meta property=\"og:site_name\" content=\"\u00bfC\u00f3mo Usarlo? - \u00bfC\u00f3mo Usarlo?\" \/>\n\t\t<meta property=\"og:type\" content=\"article\" \/>\n\t\t<meta property=\"og:title\" content=\"Fanola no yellow c\u00f3mo usar (2026) \u00bfC\u00f3mo Usarlo?\" \/>\n\t\t<meta property=\"og:description\" content=\"Fanola No Yellow - C\u00f3mo usar | Gu\u00eda completa Introducci\u00f3n \u00a1Hola a todos! Soy Ana Gonz\u00e1lez y hoy quiero hablarles de un producto que ha revolucionado el mundo de la coloraci\u00f3n del cabello: Fanola No Yellow. Si est\u00e1s cansado de los tonos amarillentos en tu cabello rubio o gris, este producto es para ti. En\" \/>\n\t\t<meta property=\"og:url\" content=\"https:\/\/dudasytextos.com\/comousar\/fanola-no-yellow-como-usar\/\" \/>\n\t\t<meta property=\"article:published_time\" content=\"2025-03-11T16:19:41+00:00\" \/>\n\t\t<meta property=\"article:modified_time\" content=\"2025-03-12T23:00:55+00:00\" \/>\n\t\t<meta name=\"twitter:card\" content=\"summary_large_image\" \/>\n\t\t<meta name=\"twitter:title\" content=\"Fanola no yellow c\u00f3mo usar (2026) \u00bfC\u00f3mo Usarlo?\" \/>\n\t\t<meta name=\"twitter:description\" content=\"Fanola No Yellow - C\u00f3mo usar | Gu\u00eda completa Introducci\u00f3n \u00a1Hola a todos! Soy Ana Gonz\u00e1lez y hoy quiero hablarles de un producto que ha revolucionado el mundo de la coloraci\u00f3n del cabello: Fanola No Yellow. Si est\u00e1s cansado de los tonos amarillentos en tu cabello rubio o gris, este producto es para ti. En\" \/>\n\t\t<script type=\"application\/ld+json\" class=\"aioseo-schema\">\n\t\t\t{\"@context\":\"https:\\\/\\\/schema.org\",\"@graph\":[{\"@type\":\"BlogPosting\",\"@id\":\"https:\\\/\\\/dudasytextos.com\\\/comousar\\\/fanola-no-yellow-como-usar\\\/#blogposting\",\"name\":\"Fanola no yellow c\\u00f3mo usar (2026) \\u00bfC\\u00f3mo Usarlo?\",\"headline\":\"Fanola no yellow c\\u00f3mo usar\",\"author\":{\"@id\":\"https:\\\/\\\/dudasytextos.com\\\/comousar\\\/author\\\/admin23\\\/#author\"},\"publisher\":{\"@id\":\"https:\\\/\\\/dudasytextos.com\\\/comousar\\\/#organization\"},\"datePublished\":\"2025-03-11T16:19:41+00:00\",\"dateModified\":\"2025-03-12T23:00:55+00:00\",\"inLanguage\":\"es-ES\",\"mainEntityOfPage\":{\"@id\":\"https:\\\/\\\/dudasytextos.com\\\/comousar\\\/fanola-no-yellow-como-usar\\\/#webpage\"},\"isPartOf\":{\"@id\":\"https:\\\/\\\/dudasytextos.com\\\/comousar\\\/fanola-no-yellow-como-usar\\\/#webpage\"},\"articleSection\":\"\\u00bfC\\u00f3mo usar?\"},{\"@type\":\"BreadcrumbList\",\"@id\":\"https:\\\/\\\/dudasytextos.com\\\/comousar\\\/fanola-no-yellow-como-usar\\\/#breadcrumblist\",\"itemListElement\":[{\"@type\":\"ListItem\",\"@id\":\"https:\\\/\\\/dudasytextos.com\\\/comousar#listItem\",\"position\":1,\"name\":\"Home\",\"item\":\"https:\\\/\\\/dudasytextos.com\\\/comousar\",\"nextItem\":{\"@type\":\"ListItem\",\"@id\":\"https:\\\/\\\/dudasytextos.com\\\/comousar\\\/category\\\/como-usar\\\/#listItem\",\"name\":\"\\u00bfC\\u00f3mo usar?\"}},{\"@type\":\"ListItem\",\"@id\":\"https:\\\/\\\/dudasytextos.com\\\/comousar\\\/category\\\/como-usar\\\/#listItem\",\"position\":2,\"name\":\"\\u00bfC\\u00f3mo usar?\",\"item\":\"https:\\\/\\\/dudasytextos.com\\\/comousar\\\/category\\\/como-usar\\\/\",\"nextItem\":{\"@type\":\"ListItem\",\"@id\":\"https:\\\/\\\/dudasytextos.com\\\/comousar\\\/fanola-no-yellow-como-usar\\\/#listItem\",\"name\":\"Fanola no yellow c\\u00f3mo usar\"},\"previousItem\":{\"@type\":\"ListItem\",\"@id\":\"https:\\\/\\\/dudasytextos.com\\\/comousar#listItem\",\"name\":\"Home\"}},{\"@type\":\"ListItem\",\"@id\":\"https:\\\/\\\/dudasytextos.com\\\/comousar\\\/fanola-no-yellow-como-usar\\\/#listItem\",\"position\":3,\"name\":\"Fanola no yellow c\\u00f3mo usar\",\"previousItem\":{\"@type\":\"ListItem\",\"@id\":\"https:\\\/\\\/dudasytextos.com\\\/comousar\\\/category\\\/como-usar\\\/#listItem\",\"name\":\"\\u00bfC\\u00f3mo usar?\"}}]},{\"@type\":\"Organization\",\"@id\":\"https:\\\/\\\/dudasytextos.com\\\/comousar\\\/#organization\",\"name\":\"Recipes\",\"description\":\"\\u00bfC\\u00f3mo Usarlo?\",\"url\":\"https:\\\/\\\/dudasytextos.com\\\/comousar\\\/\"},{\"@type\":\"Person\",\"@id\":\"https:\\\/\\\/dudasytextos.com\\\/comousar\\\/author\\\/admin23\\\/#author\",\"url\":\"https:\\\/\\\/dudasytextos.com\\\/comousar\\\/author\\\/admin23\\\/\",\"name\":\"Ana Gonz\\u00e1lez\"},{\"@type\":\"WebPage\",\"@id\":\"https:\\\/\\\/dudasytextos.com\\\/comousar\\\/fanola-no-yellow-como-usar\\\/#webpage\",\"url\":\"https:\\\/\\\/dudasytextos.com\\\/comousar\\\/fanola-no-yellow-como-usar\\\/\",\"name\":\"Fanola no yellow c\\u00f3mo usar (2026) \\u00bfC\\u00f3mo Usarlo?\",\"description\":\"Fanola No Yellow - C\\u00f3mo usar | Gu\\u00eda completa Introducci\\u00f3n \\u00a1Hola a todos! Soy Ana Gonz\\u00e1lez y hoy quiero hablarles de un producto que ha revolucionado el mundo de la coloraci\\u00f3n del cabello: Fanola No Yellow. Si est\\u00e1s cansado de los tonos amarillentos en tu cabello rubio o gris, este producto es para ti. En\",\"inLanguage\":\"es-ES\",\"isPartOf\":{\"@id\":\"https:\\\/\\\/dudasytextos.com\\\/comousar\\\/#website\"},\"breadcrumb\":{\"@id\":\"https:\\\/\\\/dudasytextos.com\\\/comousar\\\/fanola-no-yellow-como-usar\\\/#breadcrumblist\"},\"author\":{\"@id\":\"https:\\\/\\\/dudasytextos.com\\\/comousar\\\/author\\\/admin23\\\/#author\"},\"creator\":{\"@id\":\"https:\\\/\\\/dudasytextos.com\\\/comousar\\\/author\\\/admin23\\\/#author\"},\"datePublished\":\"2025-03-11T16:19:41+00:00\",\"dateModified\":\"2025-03-12T23:00:55+00:00\"},{\"@type\":\"WebSite\",\"@id\":\"https:\\\/\\\/dudasytextos.com\\\/comousar\\\/#website\",\"url\":\"https:\\\/\\\/dudasytextos.com\\\/comousar\\\/\",\"name\":\"Recipes\",\"description\":\"\\u00bfC\\u00f3mo Usarlo?\",\"inLanguage\":\"es-ES\",\"publisher\":{\"@id\":\"https:\\\/\\\/dudasytextos.com\\\/comousar\\\/#organization\"}}]}\n\t\t<\/script>\n\t\t<!-- All in One SEO -->\n\n","aioseo_head_json":{"title":"Fanola no yellow c\u00f3mo usar (2026) \u00bfC\u00f3mo Usarlo?","description":"Fanola No Yellow - C\u00f3mo usar | Gu\u00eda completa Introducci\u00f3n \u00a1Hola a todos! Soy Ana Gonz\u00e1lez y hoy quiero hablarles de un producto que ha revolucionado el mundo de la coloraci\u00f3n del cabello: Fanola No Yellow. Si est\u00e1s cansado de los tonos amarillentos en tu cabello rubio o gris, este producto es para ti. En","canonical_url":"https:\/\/dudasytextos.com\/comousar\/fanola-no-yellow-como-usar\/","robots":"max-snippet:-1, max-image-preview:large, max-video-preview:-1","keywords":"","webmasterTools":{"miscellaneous":"&lt;!-- Google tag (gtag.js) --&gt;\n&lt;script async src=\"https:\/\/www.googletagmanager.com\/gtag\/js?id=G-X7DSVXBJ5H\"&gt;&lt;\/script&gt;\n&lt;script&gt;\n  window.dataLayer = window.dataLayer || [];\n  function gtag(){dataLayer.push(arguments);}\n  gtag('js', new Date());\n\n  gtag('config', 'G-X7DSVXBJ5H');\n&lt;\/script&gt;\n&lt;script async src=\"https:\/\/pagead2.googlesyndication.com\/pagead\/js\/adsbygoogle.js?client=ca-pub-3987500858204711\"\n     crossorigin=\"anonymous\"&gt;&lt;\/script&gt;"},"schema":{"@context":"https:\/\/schema.org","@graph":[{"@type":"BlogPosting","@id":"https:\/\/dudasytextos.com\/comousar\/fanola-no-yellow-como-usar\/#blogposting","name":"Fanola no yellow c\u00f3mo usar (2026) \u00bfC\u00f3mo Usarlo?","headline":"Fanola no yellow c\u00f3mo usar","author":{"@id":"https:\/\/dudasytextos.com\/comousar\/author\/admin23\/#author"},"publisher":{"@id":"https:\/\/dudasytextos.com\/comousar\/#organization"},"datePublished":"2025-03-11T16:19:41+00:00","dateModified":"2025-03-12T23:00:55+00:00","inLanguage":"es-ES","mainEntityOfPage":{"@id":"https:\/\/dudasytextos.com\/comousar\/fanola-no-yellow-como-usar\/#webpage"},"isPartOf":{"@id":"https:\/\/dudasytextos.com\/comousar\/fanola-no-yellow-como-usar\/#webpage"},"articleSection":"\u00bfC\u00f3mo usar?"},{"@type":"BreadcrumbList","@id":"https:\/\/dudasytextos.com\/comousar\/fanola-no-yellow-como-usar\/#breadcrumblist","itemListElement":[{"@type":"ListItem","@id":"https:\/\/dudasytextos.com\/comousar#listItem","position":1,"name":"Home","item":"https:\/\/dudasytextos.com\/comousar","nextItem":{"@type":"ListItem","@id":"https:\/\/dudasytextos.com\/comousar\/category\/como-usar\/#listItem","name":"\u00bfC\u00f3mo usar?"}},{"@type":"ListItem","@id":"https:\/\/dudasytextos.com\/comousar\/category\/como-usar\/#listItem","position":2,"name":"\u00bfC\u00f3mo usar?","item":"https:\/\/dudasytextos.com\/comousar\/category\/como-usar\/","nextItem":{"@type":"ListItem","@id":"https:\/\/dudasytextos.com\/comousar\/fanola-no-yellow-como-usar\/#listItem","name":"Fanola no yellow c\u00f3mo usar"},"previousItem":{"@type":"ListItem","@id":"https:\/\/dudasytextos.com\/comousar#listItem","name":"Home"}},{"@type":"ListItem","@id":"https:\/\/dudasytextos.com\/comousar\/fanola-no-yellow-como-usar\/#listItem","position":3,"name":"Fanola no yellow c\u00f3mo usar","previousItem":{"@type":"ListItem","@id":"https:\/\/dudasytextos.com\/comousar\/category\/como-usar\/#listItem","name":"\u00bfC\u00f3mo usar?"}}]},{"@type":"Organization","@id":"https:\/\/dudasytextos.com\/comousar\/#organization","name":"Recipes","description":"\u00bfC\u00f3mo Usarlo?","url":"https:\/\/dudasytextos.com\/comousar\/"},{"@type":"Person","@id":"https:\/\/dudasytextos.com\/comousar\/author\/admin23\/#author","url":"https:\/\/dudasytextos.com\/comousar\/author\/admin23\/","name":"Ana Gonz\u00e1lez"},{"@type":"WebPage","@id":"https:\/\/dudasytextos.com\/comousar\/fanola-no-yellow-como-usar\/#webpage","url":"https:\/\/dudasytextos.com\/comousar\/fanola-no-yellow-como-usar\/","name":"Fanola no yellow c\u00f3mo usar (2026) \u00bfC\u00f3mo Usarlo?","description":"Fanola No Yellow - C\u00f3mo usar | Gu\u00eda completa Introducci\u00f3n \u00a1Hola a todos! Soy Ana Gonz\u00e1lez y hoy quiero hablarles de un producto que ha revolucionado el mundo de la coloraci\u00f3n del cabello: Fanola No Yellow. Si est\u00e1s cansado de los tonos amarillentos en tu cabello rubio o gris, este producto es para ti. En","inLanguage":"es-ES","isPartOf":{"@id":"https:\/\/dudasytextos.com\/comousar\/#website"},"breadcrumb":{"@id":"https:\/\/dudasytextos.com\/comousar\/fanola-no-yellow-como-usar\/#breadcrumblist"},"author":{"@id":"https:\/\/dudasytextos.com\/comousar\/author\/admin23\/#author"},"creator":{"@id":"https:\/\/dudasytextos.com\/comousar\/author\/admin23\/#author"},"datePublished":"2025-03-11T16:19:41+00:00","dateModified":"2025-03-12T23:00:55+00:00"},{"@type":"WebSite","@id":"https:\/\/dudasytextos.com\/comousar\/#website","url":"https:\/\/dudasytextos.com\/comousar\/","name":"Recipes","description":"\u00bfC\u00f3mo Usarlo?","inLanguage":"es-ES","publisher":{"@id":"https:\/\/dudasytextos.com\/comousar\/#organization"}}]},"og:locale":"es_ES","og:site_name":"\u00bfC\u00f3mo Usarlo? - \u00bfC\u00f3mo Usarlo?","og:type":"article","og:title":"Fanola no yellow c\u00f3mo usar (2026) \u00bfC\u00f3mo Usarlo?","og:description":"Fanola No Yellow - C\u00f3mo usar | Gu\u00eda completa Introducci\u00f3n \u00a1Hola a todos! Soy Ana Gonz\u00e1lez y hoy quiero hablarles de un producto que ha revolucionado el mundo de la coloraci\u00f3n del cabello: Fanola No Yellow. Si est\u00e1s cansado de los tonos amarillentos en tu cabello rubio o gris, este producto es para ti. En","og:url":"https:\/\/dudasytextos.com\/comousar\/fanola-no-yellow-como-usar\/","article:published_time":"2025-03-11T16:19:41+00:00","article:modified_time":"2025-03-12T23:00:55+00:00","twitter:card":"summary_large_image","twitter:title":"Fanola no yellow c\u00f3mo usar (2026) \u00bfC\u00f3mo Usarlo?","twitter:description":"Fanola No Yellow - C\u00f3mo usar | Gu\u00eda completa Introducci\u00f3n \u00a1Hola a todos! Soy Ana Gonz\u00e1lez y hoy quiero hablarles de un producto que ha revolucionado el mundo de la coloraci\u00f3n del cabello: Fanola No Yellow. Si est\u00e1s cansado de los tonos amarillentos en tu cabello rubio o gris, este producto es para ti. En"},"aioseo_meta_data":{"post_id":"82536","title":null,"description":null,"keywords":null,"keyphrases":null,"primary_term":null,"canonical_url":null,"og_title":null,"og_description":null,"og_object_type":"default","og_image_type":"default","og_image_url":null,"og_image_width":null,"og_image_height":null,"og_image_custom_url":null,"og_image_custom_fields":null,"og_video":null,"og_custom_url":null,"og_article_section":null,"og_article_tags":null,"twitter_use_og":false,"twitter_card":"default","twitter_image_type":"default","twitter_image_url":null,"twitter_image_custom_url":null,"twitter_image_custom_fields":null,"twitter_title":null,"twitter_description":null,"schema":{"blockGraphs":[],"customGraphs":[],"default":{"data":{"Article":[],"Course":[],"Dataset":[],"FAQPage":[],"Movie":[],"Person":[],"Product":[],"ProductReview":[],"Car":[],"Recipe":[],"Service":[],"SoftwareApplication":[],"WebPage":[]},"graphName":"","isEnabled":true},"graphs":[]},"schema_type":"default","schema_type_options":null,"pillar_content":false,"robots_default":true,"robots_noindex":false,"robots_noarchive":false,"robots_nosnippet":false,"robots_nofollow":false,"robots_noimageindex":false,"robots_noodp":false,"robots_notranslate":false,"robots_max_snippet":null,"robots_max_videopreview":null,"robots_max_imagepreview":"large","priority":null,"frequency":null,"local_seo":null,"breadcrumb_settings":null,"limit_modified_date":false,"ai":null,"created":"2023-07-13 22:59:57","updated":"2025-06-04 23:23:57","seo_analyzer_scan_date":null,"focus_keyword":null,"additional_keywords":null,"truseo_locale":null},"aioseo_breadcrumb":"<div class=\"aioseo-breadcrumbs\"><span class=\"aioseo-breadcrumb\">\n\t\t\t<a href=\"https:\/\/dudasytextos.com\/comousar\" title=\"Home\">Home<\/a>\n\t\t<\/span><span class=\"aioseo-breadcrumb-separator\">&raquo;<\/span><span class=\"aioseo-breadcrumb\">\n\t\t\t<a href=\"https:\/\/dudasytextos.com\/comousar\/category\/como-usar\/\" title=\"\u00bfC\u00f3mo usar?\">\u00bfC\u00f3mo usar?<\/a>\n\t\t<\/span><span class=\"aioseo-breadcrumb-separator\">&raquo;<\/span><span class=\"aioseo-breadcrumb\">\n\t\t\tFanola no yellow c\u00f3mo usar\n\t\t<\/span><\/div>","aioseo_breadcrumb_json":[{"label":"Home","link":"https:\/\/dudasytextos.com\/comousar"},{"label":"\u00bfC\u00f3mo usar?","link":"https:\/\/dudasytextos.com\/comousar\/category\/como-usar\/"},{"label":"Fanola no yellow c\u00f3mo usar","link":"https:\/\/dudasytextos.com\/comousar\/fanola-no-yellow-como-usar\/"}],"_links":{"self":[{"href":"https:\/\/dudasytextos.com\/comousar\/wp-json\/wp\/v2\/posts\/82536","targetHints":{"allow":["GET"]}}],"collection":[{"href":"https:\/\/dudasytextos.com\/comousar\/wp-json\/wp\/v2\/posts"}],"about":[{"href":"https:\/\/dudasytextos.com\/comousar\/wp-json\/wp\/v2\/types\/post"}],"author":[{"embeddable":true,"href":"https:\/\/dudasytextos.com\/comousar\/wp-json\/wp\/v2\/users\/1"}],"replies":[{"embeddable":true,"href":"https:\/\/dudasytextos.com\/comousar\/wp-json\/wp\/v2\/comments?post=82536"}],"version-history":[{"count":0,"href":"https:\/\/dudasytextos.com\/comousar\/wp-json\/wp\/v2\/posts\/82536\/revisions"}],"wp:attachment":[{"href":"https:\/\/dudasytextos.com\/comousar\/wp-json\/wp\/v2\/media?parent=82536"}],"wp:term":[{"taxonomy":"category","embeddable":true,"href":"https:\/\/dudasytextos.com\/comousar\/wp-json\/wp\/v2\/categories?post=82536"},{"taxonomy":"post_tag","embeddable":true,"href":"https:\/\/dudasytextos.com\/comousar\/wp-json\/wp\/v2\/tags?post=82536"}],"curies":[{"name":"wp","href":"https:\/\/api.w.org\/{rel}","templated":true}]}}