{"id":83383,"date":"2025-03-01T10:55:35","date_gmt":"2025-03-01T10:55:35","guid":{"rendered":"https:\/\/soleyantonio.es\/tetina-calma-medela-como-usar\/"},"modified":"2025-03-12T19:05:11","modified_gmt":"2025-03-12T19:05:11","slug":"tetina-calma-medela-como-usar","status":"publish","type":"post","link":"https:\/\/dudasytextos.com\/comousar\/tetina-calma-medela-como-usar\/","title":{"rendered":"Tetina calma medela c\u00f3mo usar"},"content":{"rendered":"<div id=\"ez-toc-container\" class=\"ez-toc-v2_0_87 counter-hierarchy ez-toc-counter ez-toc-custom ez-toc-container-direction\">\n<div class=\"ez-toc-title-container\">\n<span class=\"ez-toc-title-toggle\"><\/span><\/div>\n<nav><ul class='ez-toc-list ez-toc-list-level-1 ' ><li class='ez-toc-page-1 ez-toc-heading-level-2'><a class=\"ez-toc-link ez-toc-heading-1\" href=\"https:\/\/dudasytextos.com\/comousar\/tetina-calma-medela-como-usar\/#Tetina_Calma_Medela_Como_usarla_correctamente\" >Tetina Calma Medela: C\u00f3mo usarla correctamente<\/a><\/li><li class='ez-toc-page-1 ez-toc-heading-level-2'><a class=\"ez-toc-link ez-toc-heading-2\" href=\"https:\/\/dudasytextos.com\/comousar\/tetina-calma-medela-como-usar\/#Introduccion\" >Introducci\u00f3n<\/a><\/li><li class='ez-toc-page-1 ez-toc-heading-level-2'><a class=\"ez-toc-link ez-toc-heading-3\" href=\"https:\/\/dudasytextos.com\/comousar\/tetina-calma-medela-como-usar\/#Curiosidades_estadisticas_e_informacion_interesante\" >Curiosidades, estad\u00edsticas e informaci\u00f3n interesante<\/a><\/li><li class='ez-toc-page-1 ez-toc-heading-level-2'><a class=\"ez-toc-link ez-toc-heading-4\" href=\"https:\/\/dudasytextos.com\/comousar\/tetina-calma-medela-como-usar\/#%C2%BFComo_utilizar_la_tetina_Calma_Medela\" >\u00bfC\u00f3mo utilizar la tetina Calma Medela?<\/a><\/li><li class='ez-toc-page-1 ez-toc-heading-level-2'><a class=\"ez-toc-link ez-toc-heading-5\" href=\"https:\/\/dudasytextos.com\/comousar\/tetina-calma-medela-como-usar\/#Mi_experiencia_personal_con_la_tetina_Calma_Medela\" >Mi experiencia personal con la tetina Calma Medela<\/a><\/li><li class='ez-toc-page-1 ez-toc-heading-level-2'><a class=\"ez-toc-link ez-toc-heading-6\" href=\"https:\/\/dudasytextos.com\/comousar\/tetina-calma-medela-como-usar\/#Preguntas_frecuentes\" >Preguntas frecuentes:<\/a><ul class='ez-toc-list-level-3' ><li class='ez-toc-heading-level-3'><a class=\"ez-toc-link ez-toc-heading-7\" href=\"https:\/\/dudasytextos.com\/comousar\/tetina-calma-medela-como-usar\/#%C2%BFLa_tetina_Calma_Medela_es_segura_para_mi_bebe\" >\u00bfLa tetina Calma Medela es segura para mi beb\u00e9?<\/a><\/li><li class='ez-toc-page-1 ez-toc-heading-level-3'><a class=\"ez-toc-link ez-toc-heading-8\" href=\"https:\/\/dudasytextos.com\/comousar\/tetina-calma-medela-como-usar\/#%C2%BFA_partir_de_que_edad_puedo_utilizar_la_tetina_Calma\" >\u00bfA partir de qu\u00e9 edad puedo utilizar la tetina Calma?<\/a><\/li><li class='ez-toc-page-1 ez-toc-heading-level-3'><a class=\"ez-toc-link ez-toc-heading-9\" href=\"https:\/\/dudasytextos.com\/comousar\/tetina-calma-medela-como-usar\/#%C2%BFPuedo_utilizar_la_tetina_Calma_con_leche_de_formula\" >\u00bfPuedo utilizar la tetina Calma con leche de f\u00f3rmula?<\/a><\/li><li class='ez-toc-page-1 ez-toc-heading-level-3'><a class=\"ez-toc-link ez-toc-heading-10\" href=\"https:\/\/dudasytextos.com\/comousar\/tetina-calma-medela-como-usar\/#%C2%BFEs_dificil_limpiar_la_tetina_Calma\" >\u00bfEs dif\u00edcil limpiar la tetina Calma?<\/a><\/li><\/ul><\/li><\/ul><\/nav><\/div>\n<h2><span class=\"ez-toc-section\" id=\"Tetina_Calma_Medela_Como_usarla_correctamente\"><\/span>Tetina Calma Medela: C\u00f3mo usarla correctamente<span class=\"ez-toc-section-end\"><\/span><\/h2>\n<h2><span class=\"ez-toc-section\" id=\"Introduccion\"><\/span>Introducci\u00f3n<span class=\"ez-toc-section-end\"><\/span><\/h2>\n<section>\n<h2><span class=\"ez-toc-section\" id=\"Curiosidades_estadisticas_e_informacion_interesante\"><\/span>Curiosidades, estad\u00edsticas e informaci\u00f3n interesante<span class=\"ez-toc-section-end\"><\/span><\/h2>\n<ul>\n<li>La tetina Calma Medela es una innovadora opci\u00f3n para la alimentaci\u00f3n del beb\u00e9.<\/li>\n<li>Es dise\u00f1ada para imitar el patr\u00f3n de succi\u00f3n natural del beb\u00e9 durante la lactancia materna.<\/li>\n<li>Seg\u00fan estudios, el uso de la tetina Calma puede ayudar a evitar la confusi\u00f3n del beb\u00e9 entre el pecho<br \/>\n                    y el biber\u00f3n.<\/li>\n<li>Se estima que alrededor del 75% de las madres lactantes experimentan alg\u00fan grado de confusi\u00f3n del<br \/>\n                    pez\u00f3n con la introducci\u00f3n del biber\u00f3n.<\/li>\n<\/ul>\n<\/section>\n<section>\n<h2><span class=\"ez-toc-section\" id=\"%C2%BFComo_utilizar_la_tetina_Calma_Medela\"><\/span>\u00bfC\u00f3mo utilizar la tetina Calma Medela?<span class=\"ez-toc-section-end\"><\/span><\/h2>\n<p>La tetina Calma Medela es muy sencilla de utilizar. Aqu\u00ed te explico los pasos:<\/p>\n<ol>\n<li>Prepara el biber\u00f3n con la leche materna o f\u00f3rmula siguiendo las indicaciones del fabricante.<\/li>\n<li>Enrosca la tetina Calma en el biber\u00f3n asegur\u00e1ndote de que est\u00e9 correctamente ajustada.<\/li>\n<li>Coloca al beb\u00e9 en una posici\u00f3n c\u00f3moda para la alimentaci\u00f3n.<\/li>\n<li>Introduce la tetina Calma en la boca del beb\u00e9, asegur\u00e1ndote de que est\u00e9 bien centrada y que el beb\u00e9<br \/>\n                    la sujete correctamente.<\/li>\n<li>Permite que el beb\u00e9 tome el control y succione a su propio ritmo.<\/li>\n<li>Observa al beb\u00e9 durante la alimentaci\u00f3n y aseg\u00farate de que no haya fugas de leche o signos de<br \/>\n                    malestar.<\/li>\n<\/ol>\n<\/section>\n<section>\n<h2><span class=\"ez-toc-section\" id=\"Mi_experiencia_personal_con_la_tetina_Calma_Medela\"><\/span>Mi experiencia personal con la tetina Calma Medela<span class=\"ez-toc-section-end\"><\/span><\/h2>\n<p>Como madre de dos hijos, he tenido la oportunidad de probar diferentes tetinas y m\u00e9todos de alimentaci\u00f3n.<br \/>\n                La tetina Calma Medela ha sido una verdadera revelaci\u00f3n para m\u00ed.<\/p>\n<p>Con mi primer hijo, experiment\u00e9 problemas de confusi\u00f3n del pez\u00f3n cuando intent\u00e9 introducir el biber\u00f3n.<br \/>\n                Sin embargo, con la tetina Calma, mi beb\u00e9 pudo seguir disfrutando de la lactancia materna sin<br \/>\n                dificultades y sin rechazar el pecho.<\/p>\n<p>La forma en que imita el patr\u00f3n de succi\u00f3n natural del beb\u00e9 es impresionante. Adem\u00e1s, la calidad del<br \/>\n                producto es excelente y la limpieza es muy f\u00e1cil.<\/p>\n<\/section>\n<section>\n<h2><span class=\"ez-toc-section\" id=\"Preguntas_frecuentes\"><\/span>Preguntas frecuentes:<span class=\"ez-toc-section-end\"><\/span><\/h2>\n<h3><span class=\"ez-toc-section\" id=\"%C2%BFLa_tetina_Calma_Medela_es_segura_para_mi_bebe\"><\/span>\u00bfLa tetina Calma Medela es segura para mi beb\u00e9?<span class=\"ez-toc-section-end\"><\/span><\/h3>\n<p>S\u00ed, la tetina Calma Medela est\u00e1 fabricada con materiales seguros y cumple con los est\u00e1ndares de<br \/>\n                seguridad.<\/p>\n<h3><span class=\"ez-toc-section\" id=\"%C2%BFA_partir_de_que_edad_puedo_utilizar_la_tetina_Calma\"><\/span>\u00bfA partir de qu\u00e9 edad puedo utilizar la tetina Calma?<span class=\"ez-toc-section-end\"><\/span><\/h3>\n<p>La tetina Calma Medela es adecuada para beb\u00e9s desde el nacimiento hasta los 6 meses.<\/p>\n<h3><span class=\"ez-toc-section\" id=\"%C2%BFPuedo_utilizar_la_tetina_Calma_con_leche_de_formula\"><\/span>\u00bfPuedo utilizar la tetina Calma con leche de f\u00f3rmula?<span class=\"ez-toc-section-end\"><\/span><\/h3>\n<p>S\u00ed, la tetina Calma se puede utilizar tanto con leche materna como con leche de f\u00f3rmula.<\/p>\n<h3><span class=\"ez-toc-section\" id=\"%C2%BFEs_dificil_limpiar_la_tetina_Calma\"><\/span>\u00bfEs dif\u00edcil limpiar la tetina Calma?<span class=\"ez-toc-section-end\"><\/span><\/h3>\n<p>No, la tetina Calma es f\u00e1cil de limpiar. Puedes utilizar agua caliente y jab\u00f3n o esterilizarla en un<br \/>\n                esterilizador de biberones.<\/p>\n<\/section>\n<\/article>\n","protected":false},"excerpt":{"rendered":"<p>Tetina Calma Medela: C\u00f3mo usarla correctamente Introducci\u00f3n Curiosidades, estad\u00edsticas e informaci\u00f3n interesante La tetina Calma Medela es una innovadora opci\u00f3n para la alimentaci\u00f3n del beb\u00e9. Es dise\u00f1ada para imitar el patr\u00f3n de succi\u00f3n natural del beb\u00e9 durante la lactancia materna. Seg\u00fan estudios, el uso de la tetina Calma puede ayudar a evitar la confusi\u00f3n del &#8230; <a title=\"Tetina calma medela c\u00f3mo usar\" class=\"read-more\" href=\"https:\/\/dudasytextos.com\/comousar\/tetina-calma-medela-como-usar\/\" aria-label=\"M\u00e1s en Tetina calma medela c\u00f3mo usar\">Leer m\u00e1s<\/a><\/p>\n","protected":false},"author":1,"featured_media":0,"comment_status":"open","ping_status":"open","sticky":false,"template":"","format":"standard","meta":{"footnotes":""},"categories":[3],"tags":[],"class_list":["post-83383","post","type-post","status-publish","format-standard","hentry","category-como-usar"],"aioseo_notices":[],"aioseo_head":"\n\t\t<!-- All in One SEO 5.0.1.1 - aioseo.com -->\n\t<meta name=\"description\" content=\"Tetina Calma Medela: C\u00f3mo usarla correctamente Introducci\u00f3n Curiosidades, estad\u00edsticas e informaci\u00f3n interesante La tetina Calma Medela es una innovadora opci\u00f3n para la alimentaci\u00f3n del beb\u00e9. Es dise\u00f1ada para imitar el patr\u00f3n de succi\u00f3n natural del beb\u00e9 durante la lactancia materna. Seg\u00fan estudios, el uso de la tetina Calma puede ayudar a evitar la confusi\u00f3n del\" \/>\n\t<meta name=\"robots\" content=\"max-snippet:-1, max-image-preview:large, max-video-preview:-1\" \/>\n\t<meta name=\"author\" content=\"Ana Gonz\u00e1lez\"\/>\n\t<link rel=\"canonical\" href=\"https:\/\/dudasytextos.com\/comousar\/tetina-calma-medela-como-usar\/\" \/>\n\t<meta name=\"generator\" content=\"All in One SEO (AIOSEO) 5.0.1.1\" \/>\n\n\t\t<!-- Google tag (gtag.js) -->\n<script async src=\"https:\/\/www.googletagmanager.com\/gtag\/js?id=G-X7DSVXBJ5H\"><\/script>\n<script>\n  window.dataLayer = window.dataLayer || [];\n  function gtag(){dataLayer.push(arguments);}\n  gtag('js', new Date());\n\n  gtag('config', 'G-X7DSVXBJ5H');\n<\/script>\n<script async src=\"https:\/\/pagead2.googlesyndication.com\/pagead\/js\/adsbygoogle.js?client=ca-pub-3987500858204711\"\n     crossorigin=\"anonymous\"><\/script>\n\t\t<meta property=\"og:locale\" content=\"es_ES\" \/>\n\t\t<meta property=\"og:site_name\" content=\"\u00bfC\u00f3mo Usarlo? - \u00bfC\u00f3mo Usarlo?\" \/>\n\t\t<meta property=\"og:type\" content=\"article\" \/>\n\t\t<meta property=\"og:title\" content=\"Tetina calma medela c\u00f3mo usar (2026) \u00bfC\u00f3mo Usarlo?\" \/>\n\t\t<meta property=\"og:description\" content=\"Tetina Calma Medela: C\u00f3mo usarla correctamente Introducci\u00f3n Curiosidades, estad\u00edsticas e informaci\u00f3n interesante La tetina Calma Medela es una innovadora opci\u00f3n para la alimentaci\u00f3n del beb\u00e9. Es dise\u00f1ada para imitar el patr\u00f3n de succi\u00f3n natural del beb\u00e9 durante la lactancia materna. Seg\u00fan estudios, el uso de la tetina Calma puede ayudar a evitar la confusi\u00f3n del\" \/>\n\t\t<meta property=\"og:url\" content=\"https:\/\/dudasytextos.com\/comousar\/tetina-calma-medela-como-usar\/\" \/>\n\t\t<meta property=\"article:published_time\" content=\"2025-03-01T10:55:35+00:00\" \/>\n\t\t<meta property=\"article:modified_time\" content=\"2025-03-12T19:05:11+00:00\" \/>\n\t\t<meta name=\"twitter:card\" content=\"summary_large_image\" \/>\n\t\t<meta name=\"twitter:title\" content=\"Tetina calma medela c\u00f3mo usar (2026) \u00bfC\u00f3mo Usarlo?\" \/>\n\t\t<meta name=\"twitter:description\" content=\"Tetina Calma Medela: C\u00f3mo usarla correctamente Introducci\u00f3n Curiosidades, estad\u00edsticas e informaci\u00f3n interesante La tetina Calma Medela es una innovadora opci\u00f3n para la alimentaci\u00f3n del beb\u00e9. Es dise\u00f1ada para imitar el patr\u00f3n de succi\u00f3n natural del beb\u00e9 durante la lactancia materna. Seg\u00fan estudios, el uso de la tetina Calma puede ayudar a evitar la confusi\u00f3n del\" \/>\n\t\t<script type=\"application\/ld+json\" class=\"aioseo-schema\">\n\t\t\t{\"@context\":\"https:\\\/\\\/schema.org\",\"@graph\":[{\"@type\":\"BlogPosting\",\"@id\":\"https:\\\/\\\/dudasytextos.com\\\/comousar\\\/tetina-calma-medela-como-usar\\\/#blogposting\",\"name\":\"Tetina calma medela c\\u00f3mo usar (2026) \\u00bfC\\u00f3mo Usarlo?\",\"headline\":\"Tetina calma medela c\\u00f3mo usar\",\"author\":{\"@id\":\"https:\\\/\\\/dudasytextos.com\\\/comousar\\\/author\\\/admin23\\\/#author\"},\"publisher\":{\"@id\":\"https:\\\/\\\/dudasytextos.com\\\/comousar\\\/#organization\"},\"datePublished\":\"2025-03-01T10:55:35+00:00\",\"dateModified\":\"2025-03-12T19:05:11+00:00\",\"inLanguage\":\"es-ES\",\"mainEntityOfPage\":{\"@id\":\"https:\\\/\\\/dudasytextos.com\\\/comousar\\\/tetina-calma-medela-como-usar\\\/#webpage\"},\"isPartOf\":{\"@id\":\"https:\\\/\\\/dudasytextos.com\\\/comousar\\\/tetina-calma-medela-como-usar\\\/#webpage\"},\"articleSection\":\"\\u00bfC\\u00f3mo usar?\"},{\"@type\":\"BreadcrumbList\",\"@id\":\"https:\\\/\\\/dudasytextos.com\\\/comousar\\\/tetina-calma-medela-como-usar\\\/#breadcrumblist\",\"itemListElement\":[{\"@type\":\"ListItem\",\"@id\":\"https:\\\/\\\/dudasytextos.com\\\/comousar#listItem\",\"position\":1,\"name\":\"Home\",\"item\":\"https:\\\/\\\/dudasytextos.com\\\/comousar\",\"nextItem\":{\"@type\":\"ListItem\",\"@id\":\"https:\\\/\\\/dudasytextos.com\\\/comousar\\\/category\\\/como-usar\\\/#listItem\",\"name\":\"\\u00bfC\\u00f3mo usar?\"}},{\"@type\":\"ListItem\",\"@id\":\"https:\\\/\\\/dudasytextos.com\\\/comousar\\\/category\\\/como-usar\\\/#listItem\",\"position\":2,\"name\":\"\\u00bfC\\u00f3mo usar?\",\"item\":\"https:\\\/\\\/dudasytextos.com\\\/comousar\\\/category\\\/como-usar\\\/\",\"nextItem\":{\"@type\":\"ListItem\",\"@id\":\"https:\\\/\\\/dudasytextos.com\\\/comousar\\\/tetina-calma-medela-como-usar\\\/#listItem\",\"name\":\"Tetina calma medela c\\u00f3mo usar\"},\"previousItem\":{\"@type\":\"ListItem\",\"@id\":\"https:\\\/\\\/dudasytextos.com\\\/comousar#listItem\",\"name\":\"Home\"}},{\"@type\":\"ListItem\",\"@id\":\"https:\\\/\\\/dudasytextos.com\\\/comousar\\\/tetina-calma-medela-como-usar\\\/#listItem\",\"position\":3,\"name\":\"Tetina calma medela c\\u00f3mo usar\",\"previousItem\":{\"@type\":\"ListItem\",\"@id\":\"https:\\\/\\\/dudasytextos.com\\\/comousar\\\/category\\\/como-usar\\\/#listItem\",\"name\":\"\\u00bfC\\u00f3mo usar?\"}}]},{\"@type\":\"Organization\",\"@id\":\"https:\\\/\\\/dudasytextos.com\\\/comousar\\\/#organization\",\"name\":\"Recipes\",\"description\":\"\\u00bfC\\u00f3mo Usarlo?\",\"url\":\"https:\\\/\\\/dudasytextos.com\\\/comousar\\\/\"},{\"@type\":\"Person\",\"@id\":\"https:\\\/\\\/dudasytextos.com\\\/comousar\\\/author\\\/admin23\\\/#author\",\"url\":\"https:\\\/\\\/dudasytextos.com\\\/comousar\\\/author\\\/admin23\\\/\",\"name\":\"Ana Gonz\\u00e1lez\"},{\"@type\":\"WebPage\",\"@id\":\"https:\\\/\\\/dudasytextos.com\\\/comousar\\\/tetina-calma-medela-como-usar\\\/#webpage\",\"url\":\"https:\\\/\\\/dudasytextos.com\\\/comousar\\\/tetina-calma-medela-como-usar\\\/\",\"name\":\"Tetina calma medela c\\u00f3mo usar (2026) \\u00bfC\\u00f3mo Usarlo?\",\"description\":\"Tetina Calma Medela: C\\u00f3mo usarla correctamente Introducci\\u00f3n Curiosidades, estad\\u00edsticas e informaci\\u00f3n interesante La tetina Calma Medela es una innovadora opci\\u00f3n para la alimentaci\\u00f3n del beb\\u00e9. Es dise\\u00f1ada para imitar el patr\\u00f3n de succi\\u00f3n natural del beb\\u00e9 durante la lactancia materna. Seg\\u00fan estudios, el uso de la tetina Calma puede ayudar a evitar la confusi\\u00f3n del\",\"inLanguage\":\"es-ES\",\"isPartOf\":{\"@id\":\"https:\\\/\\\/dudasytextos.com\\\/comousar\\\/#website\"},\"breadcrumb\":{\"@id\":\"https:\\\/\\\/dudasytextos.com\\\/comousar\\\/tetina-calma-medela-como-usar\\\/#breadcrumblist\"},\"author\":{\"@id\":\"https:\\\/\\\/dudasytextos.com\\\/comousar\\\/author\\\/admin23\\\/#author\"},\"creator\":{\"@id\":\"https:\\\/\\\/dudasytextos.com\\\/comousar\\\/author\\\/admin23\\\/#author\"},\"datePublished\":\"2025-03-01T10:55:35+00:00\",\"dateModified\":\"2025-03-12T19:05:11+00:00\"},{\"@type\":\"WebSite\",\"@id\":\"https:\\\/\\\/dudasytextos.com\\\/comousar\\\/#website\",\"url\":\"https:\\\/\\\/dudasytextos.com\\\/comousar\\\/\",\"name\":\"Recipes\",\"description\":\"\\u00bfC\\u00f3mo Usarlo?\",\"inLanguage\":\"es-ES\",\"publisher\":{\"@id\":\"https:\\\/\\\/dudasytextos.com\\\/comousar\\\/#organization\"}}]}\n\t\t<\/script>\n\t\t<!-- All in One SEO -->\n\n","aioseo_head_json":{"title":"Tetina calma medela c\u00f3mo usar (2026) \u00bfC\u00f3mo Usarlo?","description":"Tetina Calma Medela: C\u00f3mo usarla correctamente Introducci\u00f3n Curiosidades, estad\u00edsticas e informaci\u00f3n interesante La tetina Calma Medela es una innovadora opci\u00f3n para la alimentaci\u00f3n del beb\u00e9. Es dise\u00f1ada para imitar el patr\u00f3n de succi\u00f3n natural del beb\u00e9 durante la lactancia materna. Seg\u00fan estudios, el uso de la tetina Calma puede ayudar a evitar la confusi\u00f3n del","canonical_url":"https:\/\/dudasytextos.com\/comousar\/tetina-calma-medela-como-usar\/","robots":"max-snippet:-1, max-image-preview:large, max-video-preview:-1","keywords":"","webmasterTools":{"miscellaneous":"&lt;!-- Google tag (gtag.js) --&gt;\n&lt;script async src=\"https:\/\/www.googletagmanager.com\/gtag\/js?id=G-X7DSVXBJ5H\"&gt;&lt;\/script&gt;\n&lt;script&gt;\n  window.dataLayer = window.dataLayer || [];\n  function gtag(){dataLayer.push(arguments);}\n  gtag('js', new Date());\n\n  gtag('config', 'G-X7DSVXBJ5H');\n&lt;\/script&gt;\n&lt;script async src=\"https:\/\/pagead2.googlesyndication.com\/pagead\/js\/adsbygoogle.js?client=ca-pub-3987500858204711\"\n     crossorigin=\"anonymous\"&gt;&lt;\/script&gt;"},"schema":{"@context":"https:\/\/schema.org","@graph":[{"@type":"BlogPosting","@id":"https:\/\/dudasytextos.com\/comousar\/tetina-calma-medela-como-usar\/#blogposting","name":"Tetina calma medela c\u00f3mo usar (2026) \u00bfC\u00f3mo Usarlo?","headline":"Tetina calma medela c\u00f3mo usar","author":{"@id":"https:\/\/dudasytextos.com\/comousar\/author\/admin23\/#author"},"publisher":{"@id":"https:\/\/dudasytextos.com\/comousar\/#organization"},"datePublished":"2025-03-01T10:55:35+00:00","dateModified":"2025-03-12T19:05:11+00:00","inLanguage":"es-ES","mainEntityOfPage":{"@id":"https:\/\/dudasytextos.com\/comousar\/tetina-calma-medela-como-usar\/#webpage"},"isPartOf":{"@id":"https:\/\/dudasytextos.com\/comousar\/tetina-calma-medela-como-usar\/#webpage"},"articleSection":"\u00bfC\u00f3mo usar?"},{"@type":"BreadcrumbList","@id":"https:\/\/dudasytextos.com\/comousar\/tetina-calma-medela-como-usar\/#breadcrumblist","itemListElement":[{"@type":"ListItem","@id":"https:\/\/dudasytextos.com\/comousar#listItem","position":1,"name":"Home","item":"https:\/\/dudasytextos.com\/comousar","nextItem":{"@type":"ListItem","@id":"https:\/\/dudasytextos.com\/comousar\/category\/como-usar\/#listItem","name":"\u00bfC\u00f3mo usar?"}},{"@type":"ListItem","@id":"https:\/\/dudasytextos.com\/comousar\/category\/como-usar\/#listItem","position":2,"name":"\u00bfC\u00f3mo usar?","item":"https:\/\/dudasytextos.com\/comousar\/category\/como-usar\/","nextItem":{"@type":"ListItem","@id":"https:\/\/dudasytextos.com\/comousar\/tetina-calma-medela-como-usar\/#listItem","name":"Tetina calma medela c\u00f3mo usar"},"previousItem":{"@type":"ListItem","@id":"https:\/\/dudasytextos.com\/comousar#listItem","name":"Home"}},{"@type":"ListItem","@id":"https:\/\/dudasytextos.com\/comousar\/tetina-calma-medela-como-usar\/#listItem","position":3,"name":"Tetina calma medela c\u00f3mo usar","previousItem":{"@type":"ListItem","@id":"https:\/\/dudasytextos.com\/comousar\/category\/como-usar\/#listItem","name":"\u00bfC\u00f3mo usar?"}}]},{"@type":"Organization","@id":"https:\/\/dudasytextos.com\/comousar\/#organization","name":"Recipes","description":"\u00bfC\u00f3mo Usarlo?","url":"https:\/\/dudasytextos.com\/comousar\/"},{"@type":"Person","@id":"https:\/\/dudasytextos.com\/comousar\/author\/admin23\/#author","url":"https:\/\/dudasytextos.com\/comousar\/author\/admin23\/","name":"Ana Gonz\u00e1lez"},{"@type":"WebPage","@id":"https:\/\/dudasytextos.com\/comousar\/tetina-calma-medela-como-usar\/#webpage","url":"https:\/\/dudasytextos.com\/comousar\/tetina-calma-medela-como-usar\/","name":"Tetina calma medela c\u00f3mo usar (2026) \u00bfC\u00f3mo Usarlo?","description":"Tetina Calma Medela: C\u00f3mo usarla correctamente Introducci\u00f3n Curiosidades, estad\u00edsticas e informaci\u00f3n interesante La tetina Calma Medela es una innovadora opci\u00f3n para la alimentaci\u00f3n del beb\u00e9. Es dise\u00f1ada para imitar el patr\u00f3n de succi\u00f3n natural del beb\u00e9 durante la lactancia materna. Seg\u00fan estudios, el uso de la tetina Calma puede ayudar a evitar la confusi\u00f3n del","inLanguage":"es-ES","isPartOf":{"@id":"https:\/\/dudasytextos.com\/comousar\/#website"},"breadcrumb":{"@id":"https:\/\/dudasytextos.com\/comousar\/tetina-calma-medela-como-usar\/#breadcrumblist"},"author":{"@id":"https:\/\/dudasytextos.com\/comousar\/author\/admin23\/#author"},"creator":{"@id":"https:\/\/dudasytextos.com\/comousar\/author\/admin23\/#author"},"datePublished":"2025-03-01T10:55:35+00:00","dateModified":"2025-03-12T19:05:11+00:00"},{"@type":"WebSite","@id":"https:\/\/dudasytextos.com\/comousar\/#website","url":"https:\/\/dudasytextos.com\/comousar\/","name":"Recipes","description":"\u00bfC\u00f3mo Usarlo?","inLanguage":"es-ES","publisher":{"@id":"https:\/\/dudasytextos.com\/comousar\/#organization"}}]},"og:locale":"es_ES","og:site_name":"\u00bfC\u00f3mo Usarlo? - \u00bfC\u00f3mo Usarlo?","og:type":"article","og:title":"Tetina calma medela c\u00f3mo usar (2026) \u00bfC\u00f3mo Usarlo?","og:description":"Tetina Calma Medela: C\u00f3mo usarla correctamente Introducci\u00f3n Curiosidades, estad\u00edsticas e informaci\u00f3n interesante La tetina Calma Medela es una innovadora opci\u00f3n para la alimentaci\u00f3n del beb\u00e9. Es dise\u00f1ada para imitar el patr\u00f3n de succi\u00f3n natural del beb\u00e9 durante la lactancia materna. Seg\u00fan estudios, el uso de la tetina Calma puede ayudar a evitar la confusi\u00f3n del","og:url":"https:\/\/dudasytextos.com\/comousar\/tetina-calma-medela-como-usar\/","article:published_time":"2025-03-01T10:55:35+00:00","article:modified_time":"2025-03-12T19:05:11+00:00","twitter:card":"summary_large_image","twitter:title":"Tetina calma medela c\u00f3mo usar (2026) \u00bfC\u00f3mo Usarlo?","twitter:description":"Tetina Calma Medela: C\u00f3mo usarla correctamente Introducci\u00f3n Curiosidades, estad\u00edsticas e informaci\u00f3n interesante La tetina Calma Medela es una innovadora opci\u00f3n para la alimentaci\u00f3n del beb\u00e9. Es dise\u00f1ada para imitar el patr\u00f3n de succi\u00f3n natural del beb\u00e9 durante la lactancia materna. Seg\u00fan estudios, el uso de la tetina Calma puede ayudar a evitar la confusi\u00f3n del"},"aioseo_meta_data":{"post_id":"83383","title":null,"description":null,"keywords":null,"keyphrases":null,"primary_term":null,"canonical_url":null,"og_title":null,"og_description":null,"og_object_type":"default","og_image_type":"default","og_image_url":null,"og_image_width":null,"og_image_height":null,"og_image_custom_url":null,"og_image_custom_fields":null,"og_video":null,"og_custom_url":null,"og_article_section":null,"og_article_tags":null,"twitter_use_og":false,"twitter_card":"default","twitter_image_type":"default","twitter_image_url":null,"twitter_image_custom_url":null,"twitter_image_custom_fields":null,"twitter_title":null,"twitter_description":null,"schema":{"blockGraphs":[],"customGraphs":[],"default":{"data":{"Article":[],"Course":[],"Dataset":[],"FAQPage":[],"Movie":[],"Person":[],"Product":[],"ProductReview":[],"Car":[],"Recipe":[],"Service":[],"SoftwareApplication":[],"WebPage":[]},"graphName":"","isEnabled":true},"graphs":[]},"schema_type":"default","schema_type_options":null,"pillar_content":false,"robots_default":true,"robots_noindex":false,"robots_noarchive":false,"robots_nosnippet":false,"robots_nofollow":false,"robots_noimageindex":false,"robots_noodp":false,"robots_notranslate":false,"robots_max_snippet":null,"robots_max_videopreview":null,"robots_max_imagepreview":"large","priority":null,"frequency":null,"local_seo":null,"breadcrumb_settings":null,"limit_modified_date":false,"ai":null,"created":"2023-07-14 00:55:38","updated":"2025-06-04 13:50:13","seo_analyzer_scan_date":null,"focus_keyword":null,"additional_keywords":null,"truseo_locale":null},"aioseo_breadcrumb":"<div class=\"aioseo-breadcrumbs\"><span class=\"aioseo-breadcrumb\">\n\t\t\t<a href=\"https:\/\/dudasytextos.com\/comousar\" title=\"Home\">Home<\/a>\n\t\t<\/span><span class=\"aioseo-breadcrumb-separator\">&raquo;<\/span><span class=\"aioseo-breadcrumb\">\n\t\t\t<a href=\"https:\/\/dudasytextos.com\/comousar\/category\/como-usar\/\" title=\"\u00bfC\u00f3mo usar?\">\u00bfC\u00f3mo usar?<\/a>\n\t\t<\/span><span class=\"aioseo-breadcrumb-separator\">&raquo;<\/span><span class=\"aioseo-breadcrumb\">\n\t\t\tTetina calma medela c\u00f3mo usar\n\t\t<\/span><\/div>","aioseo_breadcrumb_json":[{"label":"Home","link":"https:\/\/dudasytextos.com\/comousar"},{"label":"\u00bfC\u00f3mo usar?","link":"https:\/\/dudasytextos.com\/comousar\/category\/como-usar\/"},{"label":"Tetina calma medela c\u00f3mo usar","link":"https:\/\/dudasytextos.com\/comousar\/tetina-calma-medela-como-usar\/"}],"_links":{"self":[{"href":"https:\/\/dudasytextos.com\/comousar\/wp-json\/wp\/v2\/posts\/83383","targetHints":{"allow":["GET"]}}],"collection":[{"href":"https:\/\/dudasytextos.com\/comousar\/wp-json\/wp\/v2\/posts"}],"about":[{"href":"https:\/\/dudasytextos.com\/comousar\/wp-json\/wp\/v2\/types\/post"}],"author":[{"embeddable":true,"href":"https:\/\/dudasytextos.com\/comousar\/wp-json\/wp\/v2\/users\/1"}],"replies":[{"embeddable":true,"href":"https:\/\/dudasytextos.com\/comousar\/wp-json\/wp\/v2\/comments?post=83383"}],"version-history":[{"count":0,"href":"https:\/\/dudasytextos.com\/comousar\/wp-json\/wp\/v2\/posts\/83383\/revisions"}],"wp:attachment":[{"href":"https:\/\/dudasytextos.com\/comousar\/wp-json\/wp\/v2\/media?parent=83383"}],"wp:term":[{"taxonomy":"category","embeddable":true,"href":"https:\/\/dudasytextos.com\/comousar\/wp-json\/wp\/v2\/categories?post=83383"},{"taxonomy":"post_tag","embeddable":true,"href":"https:\/\/dudasytextos.com\/comousar\/wp-json\/wp\/v2\/tags?post=83383"}],"curies":[{"name":"wp","href":"https:\/\/api.w.org\/{rel}","templated":true}]}}