{"id":83456,"date":"2025-03-06T16:26:05","date_gmt":"2025-03-06T16:26:05","guid":{"rendered":"https:\/\/soleyantonio.es\/como-usar-protector-termico-pelo\/"},"modified":"2025-03-12T16:50:32","modified_gmt":"2025-03-12T16:50:32","slug":"como-usar-protector-termico-pelo","status":"publish","type":"post","link":"https:\/\/dudasytextos.com\/comousar\/como-usar-protector-termico-pelo\/","title":{"rendered":"C\u00f3mo usar protector termico pelo"},"content":{"rendered":"<div id=\"ez-toc-container\" class=\"ez-toc-v2_0_87 counter-hierarchy ez-toc-counter ez-toc-custom ez-toc-container-direction\">\n<div class=\"ez-toc-title-container\">\n<span class=\"ez-toc-title-toggle\"><\/span><\/div>\n<nav><ul class='ez-toc-list ez-toc-list-level-1 ' ><li class='ez-toc-page-1 ez-toc-heading-level-2'><a class=\"ez-toc-link ez-toc-heading-1\" href=\"https:\/\/dudasytextos.com\/comousar\/como-usar-protector-termico-pelo\/#Como_usar_protector_termico_para_el_pelo\" >C\u00f3mo usar protector t\u00e9rmico para el pelo<\/a><\/li><li class='ez-toc-page-1 ez-toc-heading-level-2'><a class=\"ez-toc-link ez-toc-heading-2\" href=\"https:\/\/dudasytextos.com\/comousar\/como-usar-protector-termico-pelo\/#Curiosidades_y_hechos_interesantes_sobre_el_protector_termico_para_el_pelo\" >Curiosidades y hechos interesantes sobre el protector t\u00e9rmico para el pelo<\/a><\/li><li class='ez-toc-page-1 ez-toc-heading-level-2'><a class=\"ez-toc-link ez-toc-heading-3\" href=\"https:\/\/dudasytextos.com\/comousar\/como-usar-protector-termico-pelo\/#Mi_experiencia_personal_con_el_protector_termico_para_el_pelo\" >Mi experiencia personal con el protector t\u00e9rmico para el pelo<\/a><\/li><li class='ez-toc-page-1 ez-toc-heading-level-2'><a class=\"ez-toc-link ez-toc-heading-4\" href=\"https:\/\/dudasytextos.com\/comousar\/como-usar-protector-termico-pelo\/#%C2%BFComo_usar_correctamente_el_protector_termico_para_el_pelo\" >\u00bfC\u00f3mo usar correctamente el protector t\u00e9rmico para el pelo?<\/a><\/li><li class='ez-toc-page-1 ez-toc-heading-level-2'><a class=\"ez-toc-link ez-toc-heading-5\" href=\"https:\/\/dudasytextos.com\/comousar\/como-usar-protector-termico-pelo\/#Preguntas_frecuentes_sobre_el_uso_del_protector_termico_para_el_pelo\" >Preguntas frecuentes sobre el uso del protector t\u00e9rmico para el pelo<\/a><ul class='ez-toc-list-level-3' ><li class='ez-toc-heading-level-3'><a class=\"ez-toc-link ez-toc-heading-6\" href=\"https:\/\/dudasytextos.com\/comousar\/como-usar-protector-termico-pelo\/#%C2%BFEs_realmente_necesario_utilizar_un_protector_termico\" >\u00bfEs realmente necesario utilizar un protector t\u00e9rmico?<\/a><\/li><li class='ez-toc-page-1 ez-toc-heading-level-3'><a class=\"ez-toc-link ez-toc-heading-7\" href=\"https:\/\/dudasytextos.com\/comousar\/como-usar-protector-termico-pelo\/#%C2%BFPuedo_utilizar_el_protector_termico_en_cabello_seco\" >\u00bfPuedo utilizar el protector t\u00e9rmico en cabello seco?<\/a><\/li><li class='ez-toc-page-1 ez-toc-heading-level-3'><a class=\"ez-toc-link ez-toc-heading-8\" href=\"https:\/\/dudasytextos.com\/comousar\/como-usar-protector-termico-pelo\/#%C2%BFCuanto_producto_debo_utilizar\" >\u00bfCu\u00e1nto producto debo utilizar?<\/a><\/li><li class='ez-toc-page-1 ez-toc-heading-level-3'><a class=\"ez-toc-link ez-toc-heading-9\" href=\"https:\/\/dudasytextos.com\/comousar\/como-usar-protector-termico-pelo\/#%C2%BFPuedo_utilizar_el_protector_termico_todos_los_dias\" >\u00bfPuedo utilizar el protector t\u00e9rmico todos los d\u00edas?<\/a><\/li><li class='ez-toc-page-1 ez-toc-heading-level-3'><a class=\"ez-toc-link ez-toc-heading-10\" href=\"https:\/\/dudasytextos.com\/comousar\/como-usar-protector-termico-pelo\/#%C2%BFExisten_diferentes_tipos_de_protectores_termicos\" >\u00bfExisten diferentes tipos de protectores t\u00e9rmicos?<\/a><\/li><\/ul><\/li><\/ul><\/nav><\/div>\n<h2><span class=\"ez-toc-section\" id=\"Como_usar_protector_termico_para_el_pelo\"><\/span>C\u00f3mo usar protector t\u00e9rmico para el pelo<span class=\"ez-toc-section-end\"><\/span><\/h2>\n<p>\u00a1Hola! Soy Ana Gonz\u00e1lez y en este art\u00edculo te contar\u00e9 todo lo que necesitas saber sobre el uso del protector t\u00e9rmico para el pelo. Si quieres mantener tu cabello sano y protegido del calor de las herramientas de estilizado como planchas o secadores, est\u00e1s en el lugar correcto. Acomp\u00e1\u00f1ame y descubre c\u00f3mo cuidar tu melena de forma efectiva.<\/p>\n<h2><span class=\"ez-toc-section\" id=\"Curiosidades_y_hechos_interesantes_sobre_el_protector_termico_para_el_pelo\"><\/span>Curiosidades y hechos interesantes sobre el protector t\u00e9rmico para el pelo<span class=\"ez-toc-section-end\"><\/span><\/h2>\n<ul>\n<li>El calor excesivo puede da\u00f1ar la estructura del cabello, causando sequedad, puntas abiertas y quiebre.<\/li>\n<li>Un estudio reciente revel\u00f3 que el 80% de las personas que utilizan herramientas de calor no utilizan un protector t\u00e9rmico.<\/li>\n<li>El protector t\u00e9rmico crea una barrera entre el cabello y el calor, reduciendo los da\u00f1os y manteniendo la hidrataci\u00f3n.<\/li>\n<li>Existen diferentes tipos de protectores t\u00e9rmicos, como sprays, cremas y serums, cada uno con sus propias ventajas.<\/li>\n<\/ul>\n<h2><span class=\"ez-toc-section\" id=\"Mi_experiencia_personal_con_el_protector_termico_para_el_pelo\"><\/span>Mi experiencia personal con el protector t\u00e9rmico para el pelo<span class=\"ez-toc-section-end\"><\/span><\/h2>\n<p>Como amante de la moda y la belleza, siempre he utilizado herramientas de calor para estilizar mi cabello. Sin embargo, comenc\u00e9 a notar que mi melena se volv\u00eda m\u00e1s seca y sin vida, as\u00ed que decid\u00ed buscar una soluci\u00f3n. Fue entonces cuando descubr\u00ed el protector t\u00e9rmico y puedo decir que ha sido un verdadero salvavidas para mi pelo.<\/p>\n<p>Desde que empec\u00e9 a usarlo, he notado una gran mejora en la salud de mi cabello. Ahora puedo utilizar mi plancha o secador sin preocuparme por los da\u00f1os. Adem\u00e1s, mi melena se ve m\u00e1s brillante y suave, \u00a1es incre\u00edble!<\/p>\n<p>Si est\u00e1s pensando en probar el protector t\u00e9rmico, te animo a que lo hagas. No te arrepentir\u00e1s de darle a tu cabello esa protecci\u00f3n extra que necesita.<\/p>\n<h2><span class=\"ez-toc-section\" id=\"%C2%BFComo_usar_correctamente_el_protector_termico_para_el_pelo\"><\/span>\u00bfC\u00f3mo usar correctamente el protector t\u00e9rmico para el pelo?<span class=\"ez-toc-section-end\"><\/span><\/h2>\n<p>Para obtener los mejores resultados, es importante utilizar el protector t\u00e9rmico de manera adecuada. Aqu\u00ed te dejo algunos consejos:<\/p>\n<ol>\n<li>Lava y acondiciona tu cabello como de costumbre.<\/li>\n<li>Aplica el protector t\u00e9rmico sobre el cabello h\u00famedo, asegur\u00e1ndote de cubrir todas las \u00e1reas.<\/li>\n<li>Distribuye el producto de manera uniforme utilizando un peine de dientes anchos.<\/li>\n<li>Deja que el cabello se seque naturalmente o utiliza un secador a temperatura media.<\/li>\n<li>Una vez que el cabello est\u00e9 seco, puedes utilizar las herramientas de calor sin preocupaciones.<\/li>\n<\/ol>\n<h2><span class=\"ez-toc-section\" id=\"Preguntas_frecuentes_sobre_el_uso_del_protector_termico_para_el_pelo\"><\/span>Preguntas frecuentes sobre el uso del protector t\u00e9rmico para el pelo<span class=\"ez-toc-section-end\"><\/span><\/h2>\n<h3><span class=\"ez-toc-section\" id=\"%C2%BFEs_realmente_necesario_utilizar_un_protector_termico\"><\/span>\u00bfEs realmente necesario utilizar un protector t\u00e9rmico?<span class=\"ez-toc-section-end\"><\/span><\/h3>\n<p>S\u00ed, es absolutamente necesario utilizar un protector t\u00e9rmico si quieres mantener tu cabello sano y protegido del calor. Las herramientas de estilizado pueden causar da\u00f1os irreparables si no se utiliza una barrera protectora.<\/p>\n<h3><span class=\"ez-toc-section\" id=\"%C2%BFPuedo_utilizar_el_protector_termico_en_cabello_seco\"><\/span>\u00bfPuedo utilizar el protector t\u00e9rmico en cabello seco?<span class=\"ez-toc-section-end\"><\/span><\/h3>\n<p>Si bien es preferible aplicar el protector t\u00e9rmico en el cabello h\u00famedo, tambi\u00e9n puedes utilizarlo en el cabello seco antes de utilizar las herramientas de calor. Esto proporcionar\u00e1 una capa adicional de protecci\u00f3n.<\/p>\n<h3><span class=\"ez-toc-section\" id=\"%C2%BFCuanto_producto_debo_utilizar\"><\/span>\u00bfCu\u00e1nto producto debo utilizar?<span class=\"ez-toc-section-end\"><\/span><\/h3>\n<p>La cantidad de protector t\u00e9rmico que debes utilizar depender\u00e1 de la longitud y grosor de tu cabello. En general, una peque\u00f1a cantidad es suficiente para cubrir todo el cabello de manera uniforme.<\/p>\n<h3><span class=\"ez-toc-section\" id=\"%C2%BFPuedo_utilizar_el_protector_termico_todos_los_dias\"><\/span>\u00bfPuedo utilizar el protector t\u00e9rmico todos los d\u00edas?<span class=\"ez-toc-section-end\"><\/span><\/h3>\n<p>S\u00ed, puedes utilizar el protector t\u00e9rmico todos los d\u00edas. De hecho, es recomendable utilizarlo cada vez que utilices herramientas de calor en tu cabello para protegerlo de forma constante.<\/p>\n<h3><span class=\"ez-toc-section\" id=\"%C2%BFExisten_diferentes_tipos_de_protectores_termicos\"><\/span>\u00bfExisten diferentes tipos de protectores t\u00e9rmicos?<span class=\"ez-toc-section-end\"><\/span><\/h3>\n<p>S\u00ed, existen diferentes tipos de protectores t\u00e9rmicos, como sprays, cremas y serums. Cada uno ofrece diferentes beneficios y texturas, por lo que puedes elegir el que mejor se adapte a tus necesidades y preferencias.<\/p>\n<p>\u00a1Espero que esta gu\u00eda te haya sido \u00fatil para entender c\u00f3mo usar correctamente el protector t\u00e9rmico para el pelo! Recuerda que cuidar tu cabello es fundamental para mantenerlo sano y hermoso. No olvides incluir este paso en tu rutina de estilizado y ver\u00e1s c\u00f3mo tu melena te lo agradece.<\/p>\n","protected":false},"excerpt":{"rendered":"<p>C\u00f3mo usar protector t\u00e9rmico para el pelo \u00a1Hola! Soy Ana Gonz\u00e1lez y en este art\u00edculo te contar\u00e9 todo lo que necesitas saber sobre el uso del protector t\u00e9rmico para el pelo. Si quieres mantener tu cabello sano y protegido del calor de las herramientas de estilizado como planchas o secadores, est\u00e1s en el lugar correcto. &#8230; <a title=\"C\u00f3mo usar protector termico pelo\" class=\"read-more\" href=\"https:\/\/dudasytextos.com\/comousar\/como-usar-protector-termico-pelo\/\" aria-label=\"M\u00e1s en C\u00f3mo usar protector termico pelo\">Leer m\u00e1s<\/a><\/p>\n","protected":false},"author":1,"featured_media":0,"comment_status":"open","ping_status":"open","sticky":false,"template":"","format":"standard","meta":{"footnotes":""},"categories":[3],"tags":[],"class_list":["post-83456","post","type-post","status-publish","format-standard","hentry","category-como-usar"],"aioseo_notices":[],"aioseo_head":"\n\t\t<!-- All in One SEO 5.0.1.1 - aioseo.com -->\n\t<meta name=\"description\" content=\"C\u00f3mo usar protector t\u00e9rmico para el pelo \u00a1Hola! Soy Ana Gonz\u00e1lez y en este art\u00edculo te contar\u00e9 todo lo que necesitas saber sobre el uso del protector t\u00e9rmico para el pelo. Si quieres mantener tu cabello sano y protegido del calor de las herramientas de estilizado como planchas o secadores, est\u00e1s en el lugar correcto.\" \/>\n\t<meta name=\"robots\" content=\"max-snippet:-1, max-image-preview:large, max-video-preview:-1\" \/>\n\t<meta name=\"author\" content=\"Ana Gonz\u00e1lez\"\/>\n\t<link rel=\"canonical\" href=\"https:\/\/dudasytextos.com\/comousar\/como-usar-protector-termico-pelo\/\" \/>\n\t<meta name=\"generator\" content=\"All in One SEO (AIOSEO) 5.0.1.1\" \/>\n\n\t\t<!-- Google tag (gtag.js) -->\n<script async src=\"https:\/\/www.googletagmanager.com\/gtag\/js?id=G-X7DSVXBJ5H\"><\/script>\n<script>\n  window.dataLayer = window.dataLayer || [];\n  function gtag(){dataLayer.push(arguments);}\n  gtag('js', new Date());\n\n  gtag('config', 'G-X7DSVXBJ5H');\n<\/script>\n<script async src=\"https:\/\/pagead2.googlesyndication.com\/pagead\/js\/adsbygoogle.js?client=ca-pub-3987500858204711\"\n     crossorigin=\"anonymous\"><\/script>\n\t\t<meta property=\"og:locale\" content=\"es_ES\" \/>\n\t\t<meta property=\"og:site_name\" content=\"\u00bfC\u00f3mo Usarlo? - \u00bfC\u00f3mo Usarlo?\" \/>\n\t\t<meta property=\"og:type\" content=\"article\" \/>\n\t\t<meta property=\"og:title\" content=\"C\u00f3mo usar protector termico pelo (2026) \u00bfC\u00f3mo Usarlo?\" \/>\n\t\t<meta property=\"og:description\" content=\"C\u00f3mo usar protector t\u00e9rmico para el pelo \u00a1Hola! Soy Ana Gonz\u00e1lez y en este art\u00edculo te contar\u00e9 todo lo que necesitas saber sobre el uso del protector t\u00e9rmico para el pelo. Si quieres mantener tu cabello sano y protegido del calor de las herramientas de estilizado como planchas o secadores, est\u00e1s en el lugar correcto.\" \/>\n\t\t<meta property=\"og:url\" content=\"https:\/\/dudasytextos.com\/comousar\/como-usar-protector-termico-pelo\/\" \/>\n\t\t<meta property=\"article:published_time\" content=\"2025-03-06T16:26:05+00:00\" \/>\n\t\t<meta property=\"article:modified_time\" content=\"2025-03-12T16:50:32+00:00\" \/>\n\t\t<meta name=\"twitter:card\" content=\"summary_large_image\" \/>\n\t\t<meta name=\"twitter:title\" content=\"C\u00f3mo usar protector termico pelo (2026) \u00bfC\u00f3mo Usarlo?\" \/>\n\t\t<meta name=\"twitter:description\" content=\"C\u00f3mo usar protector t\u00e9rmico para el pelo \u00a1Hola! Soy Ana Gonz\u00e1lez y en este art\u00edculo te contar\u00e9 todo lo que necesitas saber sobre el uso del protector t\u00e9rmico para el pelo. Si quieres mantener tu cabello sano y protegido del calor de las herramientas de estilizado como planchas o secadores, est\u00e1s en el lugar correcto.\" \/>\n\t\t<script type=\"application\/ld+json\" class=\"aioseo-schema\">\n\t\t\t{\"@context\":\"https:\\\/\\\/schema.org\",\"@graph\":[{\"@type\":\"BlogPosting\",\"@id\":\"https:\\\/\\\/dudasytextos.com\\\/comousar\\\/como-usar-protector-termico-pelo\\\/#blogposting\",\"name\":\"C\\u00f3mo usar protector termico pelo (2026) \\u00bfC\\u00f3mo Usarlo?\",\"headline\":\"C\\u00f3mo usar protector termico pelo\",\"author\":{\"@id\":\"https:\\\/\\\/dudasytextos.com\\\/comousar\\\/author\\\/admin23\\\/#author\"},\"publisher\":{\"@id\":\"https:\\\/\\\/dudasytextos.com\\\/comousar\\\/#organization\"},\"datePublished\":\"2025-03-06T16:26:05+00:00\",\"dateModified\":\"2025-03-12T16:50:32+00:00\",\"inLanguage\":\"es-ES\",\"mainEntityOfPage\":{\"@id\":\"https:\\\/\\\/dudasytextos.com\\\/comousar\\\/como-usar-protector-termico-pelo\\\/#webpage\"},\"isPartOf\":{\"@id\":\"https:\\\/\\\/dudasytextos.com\\\/comousar\\\/como-usar-protector-termico-pelo\\\/#webpage\"},\"articleSection\":\"\\u00bfC\\u00f3mo usar?\"},{\"@type\":\"BreadcrumbList\",\"@id\":\"https:\\\/\\\/dudasytextos.com\\\/comousar\\\/como-usar-protector-termico-pelo\\\/#breadcrumblist\",\"itemListElement\":[{\"@type\":\"ListItem\",\"@id\":\"https:\\\/\\\/dudasytextos.com\\\/comousar#listItem\",\"position\":1,\"name\":\"Home\",\"item\":\"https:\\\/\\\/dudasytextos.com\\\/comousar\",\"nextItem\":{\"@type\":\"ListItem\",\"@id\":\"https:\\\/\\\/dudasytextos.com\\\/comousar\\\/category\\\/como-usar\\\/#listItem\",\"name\":\"\\u00bfC\\u00f3mo usar?\"}},{\"@type\":\"ListItem\",\"@id\":\"https:\\\/\\\/dudasytextos.com\\\/comousar\\\/category\\\/como-usar\\\/#listItem\",\"position\":2,\"name\":\"\\u00bfC\\u00f3mo usar?\",\"item\":\"https:\\\/\\\/dudasytextos.com\\\/comousar\\\/category\\\/como-usar\\\/\",\"nextItem\":{\"@type\":\"ListItem\",\"@id\":\"https:\\\/\\\/dudasytextos.com\\\/comousar\\\/como-usar-protector-termico-pelo\\\/#listItem\",\"name\":\"C\\u00f3mo usar protector termico pelo\"},\"previousItem\":{\"@type\":\"ListItem\",\"@id\":\"https:\\\/\\\/dudasytextos.com\\\/comousar#listItem\",\"name\":\"Home\"}},{\"@type\":\"ListItem\",\"@id\":\"https:\\\/\\\/dudasytextos.com\\\/comousar\\\/como-usar-protector-termico-pelo\\\/#listItem\",\"position\":3,\"name\":\"C\\u00f3mo usar protector termico pelo\",\"previousItem\":{\"@type\":\"ListItem\",\"@id\":\"https:\\\/\\\/dudasytextos.com\\\/comousar\\\/category\\\/como-usar\\\/#listItem\",\"name\":\"\\u00bfC\\u00f3mo usar?\"}}]},{\"@type\":\"Organization\",\"@id\":\"https:\\\/\\\/dudasytextos.com\\\/comousar\\\/#organization\",\"name\":\"Recipes\",\"description\":\"\\u00bfC\\u00f3mo Usarlo?\",\"url\":\"https:\\\/\\\/dudasytextos.com\\\/comousar\\\/\"},{\"@type\":\"Person\",\"@id\":\"https:\\\/\\\/dudasytextos.com\\\/comousar\\\/author\\\/admin23\\\/#author\",\"url\":\"https:\\\/\\\/dudasytextos.com\\\/comousar\\\/author\\\/admin23\\\/\",\"name\":\"Ana Gonz\\u00e1lez\"},{\"@type\":\"WebPage\",\"@id\":\"https:\\\/\\\/dudasytextos.com\\\/comousar\\\/como-usar-protector-termico-pelo\\\/#webpage\",\"url\":\"https:\\\/\\\/dudasytextos.com\\\/comousar\\\/como-usar-protector-termico-pelo\\\/\",\"name\":\"C\\u00f3mo usar protector termico pelo (2026) \\u00bfC\\u00f3mo Usarlo?\",\"description\":\"C\\u00f3mo usar protector t\\u00e9rmico para el pelo \\u00a1Hola! Soy Ana Gonz\\u00e1lez y en este art\\u00edculo te contar\\u00e9 todo lo que necesitas saber sobre el uso del protector t\\u00e9rmico para el pelo. Si quieres mantener tu cabello sano y protegido del calor de las herramientas de estilizado como planchas o secadores, est\\u00e1s en el lugar correcto.\",\"inLanguage\":\"es-ES\",\"isPartOf\":{\"@id\":\"https:\\\/\\\/dudasytextos.com\\\/comousar\\\/#website\"},\"breadcrumb\":{\"@id\":\"https:\\\/\\\/dudasytextos.com\\\/comousar\\\/como-usar-protector-termico-pelo\\\/#breadcrumblist\"},\"author\":{\"@id\":\"https:\\\/\\\/dudasytextos.com\\\/comousar\\\/author\\\/admin23\\\/#author\"},\"creator\":{\"@id\":\"https:\\\/\\\/dudasytextos.com\\\/comousar\\\/author\\\/admin23\\\/#author\"},\"datePublished\":\"2025-03-06T16:26:05+00:00\",\"dateModified\":\"2025-03-12T16:50:32+00:00\"},{\"@type\":\"WebSite\",\"@id\":\"https:\\\/\\\/dudasytextos.com\\\/comousar\\\/#website\",\"url\":\"https:\\\/\\\/dudasytextos.com\\\/comousar\\\/\",\"name\":\"Recipes\",\"description\":\"\\u00bfC\\u00f3mo Usarlo?\",\"inLanguage\":\"es-ES\",\"publisher\":{\"@id\":\"https:\\\/\\\/dudasytextos.com\\\/comousar\\\/#organization\"}}]}\n\t\t<\/script>\n\t\t<!-- All in One SEO -->\n\n","aioseo_head_json":{"title":"C\u00f3mo usar protector termico pelo (2026) \u00bfC\u00f3mo Usarlo?","description":"C\u00f3mo usar protector t\u00e9rmico para el pelo \u00a1Hola! Soy Ana Gonz\u00e1lez y en este art\u00edculo te contar\u00e9 todo lo que necesitas saber sobre el uso del protector t\u00e9rmico para el pelo. Si quieres mantener tu cabello sano y protegido del calor de las herramientas de estilizado como planchas o secadores, est\u00e1s en el lugar correcto.","canonical_url":"https:\/\/dudasytextos.com\/comousar\/como-usar-protector-termico-pelo\/","robots":"max-snippet:-1, max-image-preview:large, max-video-preview:-1","keywords":"","webmasterTools":{"miscellaneous":"&lt;!-- Google tag (gtag.js) --&gt;\n&lt;script async src=\"https:\/\/www.googletagmanager.com\/gtag\/js?id=G-X7DSVXBJ5H\"&gt;&lt;\/script&gt;\n&lt;script&gt;\n  window.dataLayer = window.dataLayer || [];\n  function gtag(){dataLayer.push(arguments);}\n  gtag('js', new Date());\n\n  gtag('config', 'G-X7DSVXBJ5H');\n&lt;\/script&gt;\n&lt;script async src=\"https:\/\/pagead2.googlesyndication.com\/pagead\/js\/adsbygoogle.js?client=ca-pub-3987500858204711\"\n     crossorigin=\"anonymous\"&gt;&lt;\/script&gt;"},"schema":{"@context":"https:\/\/schema.org","@graph":[{"@type":"BlogPosting","@id":"https:\/\/dudasytextos.com\/comousar\/como-usar-protector-termico-pelo\/#blogposting","name":"C\u00f3mo usar protector termico pelo (2026) \u00bfC\u00f3mo Usarlo?","headline":"C\u00f3mo usar protector termico pelo","author":{"@id":"https:\/\/dudasytextos.com\/comousar\/author\/admin23\/#author"},"publisher":{"@id":"https:\/\/dudasytextos.com\/comousar\/#organization"},"datePublished":"2025-03-06T16:26:05+00:00","dateModified":"2025-03-12T16:50:32+00:00","inLanguage":"es-ES","mainEntityOfPage":{"@id":"https:\/\/dudasytextos.com\/comousar\/como-usar-protector-termico-pelo\/#webpage"},"isPartOf":{"@id":"https:\/\/dudasytextos.com\/comousar\/como-usar-protector-termico-pelo\/#webpage"},"articleSection":"\u00bfC\u00f3mo usar?"},{"@type":"BreadcrumbList","@id":"https:\/\/dudasytextos.com\/comousar\/como-usar-protector-termico-pelo\/#breadcrumblist","itemListElement":[{"@type":"ListItem","@id":"https:\/\/dudasytextos.com\/comousar#listItem","position":1,"name":"Home","item":"https:\/\/dudasytextos.com\/comousar","nextItem":{"@type":"ListItem","@id":"https:\/\/dudasytextos.com\/comousar\/category\/como-usar\/#listItem","name":"\u00bfC\u00f3mo usar?"}},{"@type":"ListItem","@id":"https:\/\/dudasytextos.com\/comousar\/category\/como-usar\/#listItem","position":2,"name":"\u00bfC\u00f3mo usar?","item":"https:\/\/dudasytextos.com\/comousar\/category\/como-usar\/","nextItem":{"@type":"ListItem","@id":"https:\/\/dudasytextos.com\/comousar\/como-usar-protector-termico-pelo\/#listItem","name":"C\u00f3mo usar protector termico pelo"},"previousItem":{"@type":"ListItem","@id":"https:\/\/dudasytextos.com\/comousar#listItem","name":"Home"}},{"@type":"ListItem","@id":"https:\/\/dudasytextos.com\/comousar\/como-usar-protector-termico-pelo\/#listItem","position":3,"name":"C\u00f3mo usar protector termico pelo","previousItem":{"@type":"ListItem","@id":"https:\/\/dudasytextos.com\/comousar\/category\/como-usar\/#listItem","name":"\u00bfC\u00f3mo usar?"}}]},{"@type":"Organization","@id":"https:\/\/dudasytextos.com\/comousar\/#organization","name":"Recipes","description":"\u00bfC\u00f3mo Usarlo?","url":"https:\/\/dudasytextos.com\/comousar\/"},{"@type":"Person","@id":"https:\/\/dudasytextos.com\/comousar\/author\/admin23\/#author","url":"https:\/\/dudasytextos.com\/comousar\/author\/admin23\/","name":"Ana Gonz\u00e1lez"},{"@type":"WebPage","@id":"https:\/\/dudasytextos.com\/comousar\/como-usar-protector-termico-pelo\/#webpage","url":"https:\/\/dudasytextos.com\/comousar\/como-usar-protector-termico-pelo\/","name":"C\u00f3mo usar protector termico pelo (2026) \u00bfC\u00f3mo Usarlo?","description":"C\u00f3mo usar protector t\u00e9rmico para el pelo \u00a1Hola! Soy Ana Gonz\u00e1lez y en este art\u00edculo te contar\u00e9 todo lo que necesitas saber sobre el uso del protector t\u00e9rmico para el pelo. Si quieres mantener tu cabello sano y protegido del calor de las herramientas de estilizado como planchas o secadores, est\u00e1s en el lugar correcto.","inLanguage":"es-ES","isPartOf":{"@id":"https:\/\/dudasytextos.com\/comousar\/#website"},"breadcrumb":{"@id":"https:\/\/dudasytextos.com\/comousar\/como-usar-protector-termico-pelo\/#breadcrumblist"},"author":{"@id":"https:\/\/dudasytextos.com\/comousar\/author\/admin23\/#author"},"creator":{"@id":"https:\/\/dudasytextos.com\/comousar\/author\/admin23\/#author"},"datePublished":"2025-03-06T16:26:05+00:00","dateModified":"2025-03-12T16:50:32+00:00"},{"@type":"WebSite","@id":"https:\/\/dudasytextos.com\/comousar\/#website","url":"https:\/\/dudasytextos.com\/comousar\/","name":"Recipes","description":"\u00bfC\u00f3mo Usarlo?","inLanguage":"es-ES","publisher":{"@id":"https:\/\/dudasytextos.com\/comousar\/#organization"}}]},"og:locale":"es_ES","og:site_name":"\u00bfC\u00f3mo Usarlo? - \u00bfC\u00f3mo Usarlo?","og:type":"article","og:title":"C\u00f3mo usar protector termico pelo (2026) \u00bfC\u00f3mo Usarlo?","og:description":"C\u00f3mo usar protector t\u00e9rmico para el pelo \u00a1Hola! Soy Ana Gonz\u00e1lez y en este art\u00edculo te contar\u00e9 todo lo que necesitas saber sobre el uso del protector t\u00e9rmico para el pelo. Si quieres mantener tu cabello sano y protegido del calor de las herramientas de estilizado como planchas o secadores, est\u00e1s en el lugar correcto.","og:url":"https:\/\/dudasytextos.com\/comousar\/como-usar-protector-termico-pelo\/","article:published_time":"2025-03-06T16:26:05+00:00","article:modified_time":"2025-03-12T16:50:32+00:00","twitter:card":"summary_large_image","twitter:title":"C\u00f3mo usar protector termico pelo (2026) \u00bfC\u00f3mo Usarlo?","twitter:description":"C\u00f3mo usar protector t\u00e9rmico para el pelo \u00a1Hola! Soy Ana Gonz\u00e1lez y en este art\u00edculo te contar\u00e9 todo lo que necesitas saber sobre el uso del protector t\u00e9rmico para el pelo. Si quieres mantener tu cabello sano y protegido del calor de las herramientas de estilizado como planchas o secadores, est\u00e1s en el lugar correcto."},"aioseo_meta_data":{"post_id":"83456","title":null,"description":null,"keywords":null,"keyphrases":null,"primary_term":null,"canonical_url":null,"og_title":null,"og_description":null,"og_object_type":"default","og_image_type":"default","og_image_url":null,"og_image_width":null,"og_image_height":null,"og_image_custom_url":null,"og_image_custom_fields":null,"og_video":null,"og_custom_url":null,"og_article_section":null,"og_article_tags":null,"twitter_use_og":false,"twitter_card":"default","twitter_image_type":"default","twitter_image_url":null,"twitter_image_custom_url":null,"twitter_image_custom_fields":null,"twitter_title":null,"twitter_description":null,"schema":{"blockGraphs":[],"customGraphs":[],"default":{"data":{"Article":[],"Course":[],"Dataset":[],"FAQPage":[],"Movie":[],"Person":[],"Product":[],"ProductReview":[],"Car":[],"Recipe":[],"Service":[],"SoftwareApplication":[],"WebPage":[]},"graphName":"","isEnabled":true},"graphs":[]},"schema_type":"default","schema_type_options":null,"pillar_content":false,"robots_default":true,"robots_noindex":false,"robots_noarchive":false,"robots_nosnippet":false,"robots_nofollow":false,"robots_noimageindex":false,"robots_noodp":false,"robots_notranslate":false,"robots_max_snippet":null,"robots_max_videopreview":null,"robots_max_imagepreview":"large","priority":null,"frequency":null,"local_seo":null,"breadcrumb_settings":null,"limit_modified_date":false,"ai":null,"created":"2023-07-14 01:08:49","updated":"2025-06-04 19:05:29","seo_analyzer_scan_date":null,"focus_keyword":null,"additional_keywords":null,"truseo_locale":null},"aioseo_breadcrumb":"<div class=\"aioseo-breadcrumbs\"><span class=\"aioseo-breadcrumb\">\n\t\t\t<a href=\"https:\/\/dudasytextos.com\/comousar\" title=\"Home\">Home<\/a>\n\t\t<\/span><span class=\"aioseo-breadcrumb-separator\">&raquo;<\/span><span class=\"aioseo-breadcrumb\">\n\t\t\t<a href=\"https:\/\/dudasytextos.com\/comousar\/category\/como-usar\/\" title=\"\u00bfC\u00f3mo usar?\">\u00bfC\u00f3mo usar?<\/a>\n\t\t<\/span><span class=\"aioseo-breadcrumb-separator\">&raquo;<\/span><span class=\"aioseo-breadcrumb\">\n\t\t\tC\u00f3mo usar protector termico pelo\n\t\t<\/span><\/div>","aioseo_breadcrumb_json":[{"label":"Home","link":"https:\/\/dudasytextos.com\/comousar"},{"label":"\u00bfC\u00f3mo usar?","link":"https:\/\/dudasytextos.com\/comousar\/category\/como-usar\/"},{"label":"C\u00f3mo usar protector termico pelo","link":"https:\/\/dudasytextos.com\/comousar\/como-usar-protector-termico-pelo\/"}],"_links":{"self":[{"href":"https:\/\/dudasytextos.com\/comousar\/wp-json\/wp\/v2\/posts\/83456","targetHints":{"allow":["GET"]}}],"collection":[{"href":"https:\/\/dudasytextos.com\/comousar\/wp-json\/wp\/v2\/posts"}],"about":[{"href":"https:\/\/dudasytextos.com\/comousar\/wp-json\/wp\/v2\/types\/post"}],"author":[{"embeddable":true,"href":"https:\/\/dudasytextos.com\/comousar\/wp-json\/wp\/v2\/users\/1"}],"replies":[{"embeddable":true,"href":"https:\/\/dudasytextos.com\/comousar\/wp-json\/wp\/v2\/comments?post=83456"}],"version-history":[{"count":0,"href":"https:\/\/dudasytextos.com\/comousar\/wp-json\/wp\/v2\/posts\/83456\/revisions"}],"wp:attachment":[{"href":"https:\/\/dudasytextos.com\/comousar\/wp-json\/wp\/v2\/media?parent=83456"}],"wp:term":[{"taxonomy":"category","embeddable":true,"href":"https:\/\/dudasytextos.com\/comousar\/wp-json\/wp\/v2\/categories?post=83456"},{"taxonomy":"post_tag","embeddable":true,"href":"https:\/\/dudasytextos.com\/comousar\/wp-json\/wp\/v2\/tags?post=83456"}],"curies":[{"name":"wp","href":"https:\/\/api.w.org\/{rel}","templated":true}]}}