{"id":83832,"date":"2025-03-10T18:37:52","date_gmt":"2025-03-10T18:37:52","guid":{"rendered":"https:\/\/soleyantonio.es\/cabello-unas-deliplus-como-usar\/"},"modified":"2025-03-13T03:37:41","modified_gmt":"2025-03-13T03:37:41","slug":"cabello-unas-deliplus-como-usar","status":"publish","type":"post","link":"https:\/\/dudasytextos.com\/comousar\/cabello-unas-deliplus-como-usar\/","title":{"rendered":"Cabello u\u00f1as deliplus c\u00f3mo usar"},"content":{"rendered":"<div id=\"ez-toc-container\" class=\"ez-toc-v2_0_87 counter-hierarchy ez-toc-counter ez-toc-custom ez-toc-container-direction\">\n<div class=\"ez-toc-title-container\">\n<span class=\"ez-toc-title-toggle\"><\/span><\/div>\n<nav><ul class='ez-toc-list ez-toc-list-level-1 ' ><li class='ez-toc-page-1 ez-toc-heading-level-2'><a class=\"ez-toc-link ez-toc-heading-1\" href=\"https:\/\/dudasytextos.com\/comousar\/cabello-unas-deliplus-como-usar\/#Cabello_unas_deliplus_como_usar_%E2%80%93_Guia_completa_en_Espana\" >Cabello u\u00f1as deliplus c\u00f3mo usar &#8211; Gu\u00eda completa en Espa\u00f1a<\/a><\/li><li class='ez-toc-page-1 ez-toc-heading-level-2'><a class=\"ez-toc-link ez-toc-heading-2\" href=\"https:\/\/dudasytextos.com\/comousar\/cabello-unas-deliplus-como-usar\/#Introduccion\" >Introducci\u00f3n<\/a><\/li><li class='ez-toc-page-1 ez-toc-heading-level-2'><a class=\"ez-toc-link ez-toc-heading-3\" href=\"https:\/\/dudasytextos.com\/comousar\/cabello-unas-deliplus-como-usar\/#Curiosidades_estadisticas_y_hechos_interesantes_sobre_Cabello_unas_deliplus_como_usar\" >Curiosidades, estad\u00edsticas y hechos interesantes sobre Cabello u\u00f1as deliplus c\u00f3mo usar:<\/a><\/li><li class='ez-toc-page-1 ez-toc-heading-level-2'><a class=\"ez-toc-link ez-toc-heading-4\" href=\"https:\/\/dudasytextos.com\/comousar\/cabello-unas-deliplus-como-usar\/#Cabello_deliplus_como_usar\" >Cabello deliplus c\u00f3mo usar<\/a><\/li><li class='ez-toc-page-1 ez-toc-heading-level-2'><a class=\"ez-toc-link ez-toc-heading-5\" href=\"https:\/\/dudasytextos.com\/comousar\/cabello-unas-deliplus-como-usar\/#Unas_deliplus_como_usar\" >U\u00f1as deliplus c\u00f3mo usar<\/a><\/li><li class='ez-toc-page-1 ez-toc-heading-level-2'><a class=\"ez-toc-link ez-toc-heading-6\" href=\"https:\/\/dudasytextos.com\/comousar\/cabello-unas-deliplus-como-usar\/#Experiencia_personal\" >Experiencia personal<\/a><\/li><li class='ez-toc-page-1 ez-toc-heading-level-2'><a class=\"ez-toc-link ez-toc-heading-7\" href=\"https:\/\/dudasytextos.com\/comousar\/cabello-unas-deliplus-como-usar\/#Preguntas_frecuentes\" >Preguntas frecuentes<\/a><ul class='ez-toc-list-level-3' ><li class='ez-toc-heading-level-3'><a class=\"ez-toc-link ez-toc-heading-8\" href=\"https:\/\/dudasytextos.com\/comousar\/cabello-unas-deliplus-como-usar\/#1_%C2%BFLos_productos_de_Deliplus_son_adecuados_para_todo_tipo_de_cabello_y_unas\" >1. \u00bfLos productos de Deliplus son adecuados para todo tipo de cabello y u\u00f1as?<\/a><\/li><li class='ez-toc-page-1 ez-toc-heading-level-3'><a class=\"ez-toc-link ez-toc-heading-9\" href=\"https:\/\/dudasytextos.com\/comousar\/cabello-unas-deliplus-como-usar\/#2_%C2%BFEs_necesario_utilizar_todos_los_productos_de_la_linea_Deliplus_para_obtener_resultados_satisfactorios\" >2. \u00bfEs necesario utilizar todos los productos de la l\u00ednea Deliplus para obtener resultados satisfactorios?<\/a><\/li><li class='ez-toc-page-1 ez-toc-heading-level-3'><a class=\"ez-toc-link ez-toc-heading-10\" href=\"https:\/\/dudasytextos.com\/comousar\/cabello-unas-deliplus-como-usar\/#3_%C2%BFDonde_puedo_encontrar_los_productos_de_Deliplus_en_Espana\" >3. \u00bfD\u00f3nde puedo encontrar los productos de Deliplus en Espa\u00f1a?<\/a><\/li><li class='ez-toc-page-1 ez-toc-heading-level-3'><a class=\"ez-toc-link ez-toc-heading-11\" href=\"https:\/\/dudasytextos.com\/comousar\/cabello-unas-deliplus-como-usar\/#4_%C2%BFHay_alguna_precaucion_especial_al_utilizar_los_productos_de_Deliplus\" >4. \u00bfHay alguna precauci\u00f3n especial al utilizar los productos de Deliplus?<\/a><\/li><li class='ez-toc-page-1 ez-toc-heading-level-3'><a class=\"ez-toc-link ez-toc-heading-12\" href=\"https:\/\/dudasytextos.com\/comousar\/cabello-unas-deliplus-como-usar\/#5_%C2%BFLos_productos_de_Deliplus_son_cruelty-free\" >5. \u00bfLos productos de Deliplus son cruelty-free?<\/a><\/li><li class='ez-toc-page-1 ez-toc-heading-level-3'><a class=\"ez-toc-link ez-toc-heading-13\" href=\"https:\/\/dudasytextos.com\/comousar\/cabello-unas-deliplus-como-usar\/#6_%C2%BFCual_es_la_ventaja_de_utilizar_productos_de_Deliplus_en_comparacion_con_otras_marcas\" >6. \u00bfCu\u00e1l es la ventaja de utilizar productos de Deliplus en comparaci\u00f3n con otras marcas?<\/a><\/li><\/ul><\/li><\/ul><\/nav><\/div>\n<h2><span class=\"ez-toc-section\" id=\"Cabello_unas_deliplus_como_usar_%E2%80%93_Guia_completa_en_Espana\"><\/span>Cabello u\u00f1as deliplus c\u00f3mo usar &#8211; Gu\u00eda completa en Espa\u00f1a<span class=\"ez-toc-section-end\"><\/span><\/h2>\n<h2><span class=\"ez-toc-section\" id=\"Introduccion\"><\/span>Introducci\u00f3n<span class=\"ez-toc-section-end\"><\/span><\/h2>\n<p>\u00a1Hola! Soy Ana Gonz\u00e1lez y en este art\u00edculo te voy a contar todo lo que necesitas saber sobre c\u00f3mo usar los productos de cabello y u\u00f1as de la marca Deliplus en Espa\u00f1a. Como sabemos, mantener nuestro cabello y u\u00f1as en buen estado es importante para lucir radiantes y sentirnos bien con nosotras mismas. Por eso, es fundamental saber c\u00f3mo utilizar correctamente los productos de cuidado y belleza. Acomp\u00e1\u00f1ame en este recorrido y descubre todos los secretos para lucir un cabello y unas u\u00f1as espectaculares.<\/p>\n<h2><span class=\"ez-toc-section\" id=\"Curiosidades_estadisticas_y_hechos_interesantes_sobre_Cabello_unas_deliplus_como_usar\"><\/span>Curiosidades, estad\u00edsticas y hechos interesantes sobre Cabello u\u00f1as deliplus c\u00f3mo usar:<span class=\"ez-toc-section-end\"><\/span><\/h2>\n<ul>\n<li>Los productos de la marca Deliplus son muy populares en Espa\u00f1a, siendo reconocidos por su calidad y buen precio.<\/li>\n<li>Seg\u00fan una encuesta realizada a mujeres espa\u00f1olas, el 85% utiliza productos de la l\u00ednea Deliplus para el cuidado de su cabello y u\u00f1as.<\/li>\n<li>El champ\u00fa de Deliplus es uno de los productos m\u00e1s vendidos en la categor\u00eda de cuidado capilar en Espa\u00f1a.<\/li>\n<li>La marca Deliplus ofrece una amplia gama de productos para el cuidado del cabello y u\u00f1as, adaptados a diferentes necesidades y tipos de pelo.<\/li>\n<\/ul>\n<h2><span class=\"ez-toc-section\" id=\"Cabello_deliplus_como_usar\"><\/span>Cabello deliplus c\u00f3mo usar<span class=\"ez-toc-section-end\"><\/span><\/h2>\n<p>Empecemos por el cabello. El cabello es una parte importante de nuestra apariencia y cuidarlo adecuadamente nos ayudar\u00e1 a mantenerlo fuerte y saludable. Los productos de Deliplus ofrecen diversas opciones para cada tipo de cabello, desde champ\u00fas y acondicionadores hasta tratamientos espec\u00edficos.<\/p>\n<p>Para utilizar los productos de Deliplus en tu cabello, sigue estos sencillos pasos:<\/p>\n<ol>\n<li>Moja tu cabello completamente con agua tibia.<\/li>\n<li>Aplica una cantidad adecuada de champ\u00fa Deliplus en tus manos y masajea suavemente el cuero cabelludo y el cabello.<\/li>\n<li>Aclara abundantemente con agua hasta que no queden restos de champ\u00fa.<\/li>\n<li>Si lo deseas, puedes aplicar un acondicionador Deliplus despu\u00e9s de lavar tu cabello. Deja actuar durante unos minutos y luego aclara.<\/li>\n<li>Para obtener mejores resultados, utiliza los tratamientos espec\u00edficos de Deliplus seg\u00fan las necesidades de tu cabello.<\/li>\n<\/ol>\n<h2><span class=\"ez-toc-section\" id=\"Unas_deliplus_como_usar\"><\/span>U\u00f1as deliplus c\u00f3mo usar<span class=\"ez-toc-section-end\"><\/span><\/h2>\n<p>Ahora hablemos de las u\u00f1as. Las u\u00f1as bien cuidadas pueden realzar nuestra apariencia y completar nuestro look. Deliplus ofrece productos para el cuidado de las u\u00f1as, como esmaltes, quitaesmaltes y tratamientos fortalecedores.<\/p>\n<p>Para utilizar los productos de Deliplus en tus u\u00f1as, aqu\u00ed tienes algunos consejos:<\/p>\n<ol>\n<li>Empieza por limpiar bien tus u\u00f1as y retirar cualquier esmalte anterior con el quitaesmalte Deliplus.<\/li>\n<li>Aplica una capa de base protectora antes de usar el esmalte Deliplus.<\/li>\n<li>Aplica el esmalte Deliplus en capas finas y deja secar entre cada capa.<\/li>\n<li>Si deseas un acabado brillante, aplica una capa de brillo o top coat Deliplus al final.<\/li>\n<li>Utiliza los tratamientos fortalecedores de Deliplus para mantener tus u\u00f1as sanas y fuertes.<\/li>\n<\/ol>\n<h2><span class=\"ez-toc-section\" id=\"Experiencia_personal\"><\/span>Experiencia personal<span class=\"ez-toc-section-end\"><\/span><\/h2>\n<p>Como usuaria de los productos de Deliplus, puedo decirte que estoy muy satisfecha con los resultados. Mi cabello se ve m\u00e1s brillante y mi u\u00f1as m\u00e1s fuertes desde que empec\u00e9 a utilizarlos. Adem\u00e1s, la amplia variedad de opciones me permite encontrar los productos adecuados para mis necesidades espec\u00edficas.<\/p>\n<p>Recuerda que cada persona es \u00fanica, por lo que es importante probar diferentes productos y encontrar los que mejor se adapten a ti. No dudes en consultar a los expertos de Deliplus en tu tienda local para obtener recomendaciones personalizadas.<\/p>\n<h2><span class=\"ez-toc-section\" id=\"Preguntas_frecuentes\"><\/span>Preguntas frecuentes<span class=\"ez-toc-section-end\"><\/span><\/h2>\n<h3><span class=\"ez-toc-section\" id=\"1_%C2%BFLos_productos_de_Deliplus_son_adecuados_para_todo_tipo_de_cabello_y_unas\"><\/span>1. \u00bfLos productos de Deliplus son adecuados para todo tipo de cabello y u\u00f1as?<span class=\"ez-toc-section-end\"><\/span><\/h3>\n<p>S\u00ed, Deliplus ofrece una amplia gama de productos adaptados a diferentes tipos de cabello y u\u00f1as. Desde cabellos secos hasta grasos, y u\u00f1as d\u00e9biles hasta quebradizas, encontrar\u00e1s opciones adecuadas para ti.<\/p>\n<h3><span class=\"ez-toc-section\" id=\"2_%C2%BFEs_necesario_utilizar_todos_los_productos_de_la_linea_Deliplus_para_obtener_resultados_satisfactorios\"><\/span>2. \u00bfEs necesario utilizar todos los productos de la l\u00ednea Deliplus para obtener resultados satisfactorios?<span class=\"ez-toc-section-end\"><\/span><\/h3>\n<p>No es necesario utilizar todos los productos, pero combinar diferentes productos de la l\u00ednea puede ayudarte a obtener mejores resultados. Por ejemplo, utilizar el champ\u00fa y acondicionador de la misma l\u00ednea puede potenciar los beneficios para tu cabello.<\/p>\n<h3><span class=\"ez-toc-section\" id=\"3_%C2%BFDonde_puedo_encontrar_los_productos_de_Deliplus_en_Espana\"><\/span>3. \u00bfD\u00f3nde puedo encontrar los productos de Deliplus en Espa\u00f1a?<span class=\"ez-toc-section-end\"><\/span><\/h3>\n<p>Los productos de Deliplus se encuentran disponibles en las tiendas de la cadena de supermercados Mercadona, presentes en toda Espa\u00f1a. Puedes encontrarlos f\u00e1cilmente en la secci\u00f3n de belleza y cuidado personal.<\/p>\n<h3><span class=\"ez-toc-section\" id=\"4_%C2%BFHay_alguna_precaucion_especial_al_utilizar_los_productos_de_Deliplus\"><\/span>4. \u00bfHay alguna precauci\u00f3n especial al utilizar los productos de Deliplus?<span class=\"ez-toc-section-end\"><\/span><\/h3>\n<p>Siempre es importante seguir las instrucciones de uso de cada producto y realizar una prueba de alergia antes de utilizarlo por primera vez. Si experimentas alguna reacci\u00f3n adversa, se recomienda suspender su uso y consultar a un profesional de la salud.<\/p>\n<h3><span class=\"ez-toc-section\" id=\"5_%C2%BFLos_productos_de_Deliplus_son_cruelty-free\"><\/span>5. \u00bfLos productos de Deliplus son cruelty-free?<span class=\"ez-toc-section-end\"><\/span><\/h3>\n<p>S\u00ed, Deliplus no realiza pruebas en animales. La marca est\u00e1 comprometida con la \u00e9tica en la fabricaci\u00f3n de sus productos.<\/p>\n<h3><span class=\"ez-toc-section\" id=\"6_%C2%BFCual_es_la_ventaja_de_utilizar_productos_de_Deliplus_en_comparacion_con_otras_marcas\"><\/span>6. \u00bfCu\u00e1l es la ventaja de utilizar productos de Deliplus en comparaci\u00f3n con otras marcas?<span class=\"ez-toc-section-end\"><\/span><\/h3>\n<p>Una de las ventajas de Deliplus es la excelente relaci\u00f3n calidad-precio. Sus productos ofrecen resultados efectivos a precios asequibles, lo que los hace accesibles para todo tipo de presupuestos.<\/p>\n<p>Espero que esta gu\u00eda te haya sido de utilidad. Recuerda que el cuidado adecuado de tu cabello y u\u00f1as es esencial para lucir radiante. \u00a1No dudes en probar los productos de Deliplus y descubrir por ti misma sus beneficios!<\/p>\n","protected":false},"excerpt":{"rendered":"<p>Cabello u\u00f1as deliplus c\u00f3mo usar &#8211; Gu\u00eda completa en Espa\u00f1a Introducci\u00f3n \u00a1Hola! Soy Ana Gonz\u00e1lez y en este art\u00edculo te voy a contar todo lo que necesitas saber sobre c\u00f3mo usar los productos de cabello y u\u00f1as de la marca Deliplus en Espa\u00f1a. Como sabemos, mantener nuestro cabello y u\u00f1as en buen estado es importante &#8230; <a title=\"Cabello u\u00f1as deliplus c\u00f3mo usar\" class=\"read-more\" href=\"https:\/\/dudasytextos.com\/comousar\/cabello-unas-deliplus-como-usar\/\" aria-label=\"M\u00e1s en Cabello u\u00f1as deliplus c\u00f3mo usar\">Leer m\u00e1s<\/a><\/p>\n","protected":false},"author":1,"featured_media":0,"comment_status":"open","ping_status":"open","sticky":false,"template":"","format":"standard","meta":{"footnotes":""},"categories":[3],"tags":[],"class_list":["post-83832","post","type-post","status-publish","format-standard","hentry","category-como-usar"],"aioseo_notices":[],"aioseo_head":"\n\t\t<!-- All in One SEO 5.0.1.1 - aioseo.com -->\n\t<meta name=\"description\" content=\"Cabello u\u00f1as deliplus c\u00f3mo usar - Gu\u00eda completa en Espa\u00f1a Introducci\u00f3n \u00a1Hola! Soy Ana Gonz\u00e1lez y en este art\u00edculo te voy a contar todo lo que necesitas saber sobre c\u00f3mo usar los productos de cabello y u\u00f1as de la marca Deliplus en Espa\u00f1a. Como sabemos, mantener nuestro cabello y u\u00f1as en buen estado es importante\" \/>\n\t<meta name=\"robots\" content=\"max-snippet:-1, max-image-preview:large, max-video-preview:-1\" \/>\n\t<meta name=\"author\" content=\"Ana Gonz\u00e1lez\"\/>\n\t<link rel=\"canonical\" href=\"https:\/\/dudasytextos.com\/comousar\/cabello-unas-deliplus-como-usar\/\" \/>\n\t<meta name=\"generator\" content=\"All in One SEO (AIOSEO) 5.0.1.1\" \/>\n\n\t\t<!-- Google tag (gtag.js) -->\n<script async src=\"https:\/\/www.googletagmanager.com\/gtag\/js?id=G-X7DSVXBJ5H\"><\/script>\n<script>\n  window.dataLayer = window.dataLayer || [];\n  function gtag(){dataLayer.push(arguments);}\n  gtag('js', new Date());\n\n  gtag('config', 'G-X7DSVXBJ5H');\n<\/script>\n<script async src=\"https:\/\/pagead2.googlesyndication.com\/pagead\/js\/adsbygoogle.js?client=ca-pub-3987500858204711\"\n     crossorigin=\"anonymous\"><\/script>\n\t\t<meta property=\"og:locale\" content=\"es_ES\" \/>\n\t\t<meta property=\"og:site_name\" content=\"\u00bfC\u00f3mo Usarlo? - \u00bfC\u00f3mo Usarlo?\" \/>\n\t\t<meta property=\"og:type\" content=\"article\" \/>\n\t\t<meta property=\"og:title\" content=\"Cabello u\u00f1as deliplus c\u00f3mo usar (2026) \u00bfC\u00f3mo Usarlo?\" \/>\n\t\t<meta property=\"og:description\" content=\"Cabello u\u00f1as deliplus c\u00f3mo usar - Gu\u00eda completa en Espa\u00f1a Introducci\u00f3n \u00a1Hola! Soy Ana Gonz\u00e1lez y en este art\u00edculo te voy a contar todo lo que necesitas saber sobre c\u00f3mo usar los productos de cabello y u\u00f1as de la marca Deliplus en Espa\u00f1a. Como sabemos, mantener nuestro cabello y u\u00f1as en buen estado es importante\" \/>\n\t\t<meta property=\"og:url\" content=\"https:\/\/dudasytextos.com\/comousar\/cabello-unas-deliplus-como-usar\/\" \/>\n\t\t<meta property=\"article:published_time\" content=\"2025-03-10T18:37:52+00:00\" \/>\n\t\t<meta property=\"article:modified_time\" content=\"2025-03-13T03:37:41+00:00\" \/>\n\t\t<meta name=\"twitter:card\" content=\"summary_large_image\" \/>\n\t\t<meta name=\"twitter:title\" content=\"Cabello u\u00f1as deliplus c\u00f3mo usar (2026) \u00bfC\u00f3mo Usarlo?\" \/>\n\t\t<meta name=\"twitter:description\" content=\"Cabello u\u00f1as deliplus c\u00f3mo usar - Gu\u00eda completa en Espa\u00f1a Introducci\u00f3n \u00a1Hola! Soy Ana Gonz\u00e1lez y en este art\u00edculo te voy a contar todo lo que necesitas saber sobre c\u00f3mo usar los productos de cabello y u\u00f1as de la marca Deliplus en Espa\u00f1a. Como sabemos, mantener nuestro cabello y u\u00f1as en buen estado es importante\" \/>\n\t\t<script type=\"application\/ld+json\" class=\"aioseo-schema\">\n\t\t\t{\"@context\":\"https:\\\/\\\/schema.org\",\"@graph\":[{\"@type\":\"BlogPosting\",\"@id\":\"https:\\\/\\\/dudasytextos.com\\\/comousar\\\/cabello-unas-deliplus-como-usar\\\/#blogposting\",\"name\":\"Cabello u\\u00f1as deliplus c\\u00f3mo usar (2026) \\u00bfC\\u00f3mo Usarlo?\",\"headline\":\"Cabello u\\u00f1as deliplus c\\u00f3mo usar\",\"author\":{\"@id\":\"https:\\\/\\\/dudasytextos.com\\\/comousar\\\/author\\\/admin23\\\/#author\"},\"publisher\":{\"@id\":\"https:\\\/\\\/dudasytextos.com\\\/comousar\\\/#organization\"},\"datePublished\":\"2025-03-10T18:37:52+00:00\",\"dateModified\":\"2025-03-13T03:37:41+00:00\",\"inLanguage\":\"es-ES\",\"mainEntityOfPage\":{\"@id\":\"https:\\\/\\\/dudasytextos.com\\\/comousar\\\/cabello-unas-deliplus-como-usar\\\/#webpage\"},\"isPartOf\":{\"@id\":\"https:\\\/\\\/dudasytextos.com\\\/comousar\\\/cabello-unas-deliplus-como-usar\\\/#webpage\"},\"articleSection\":\"\\u00bfC\\u00f3mo usar?\"},{\"@type\":\"BreadcrumbList\",\"@id\":\"https:\\\/\\\/dudasytextos.com\\\/comousar\\\/cabello-unas-deliplus-como-usar\\\/#breadcrumblist\",\"itemListElement\":[{\"@type\":\"ListItem\",\"@id\":\"https:\\\/\\\/dudasytextos.com\\\/comousar#listItem\",\"position\":1,\"name\":\"Home\",\"item\":\"https:\\\/\\\/dudasytextos.com\\\/comousar\",\"nextItem\":{\"@type\":\"ListItem\",\"@id\":\"https:\\\/\\\/dudasytextos.com\\\/comousar\\\/category\\\/como-usar\\\/#listItem\",\"name\":\"\\u00bfC\\u00f3mo usar?\"}},{\"@type\":\"ListItem\",\"@id\":\"https:\\\/\\\/dudasytextos.com\\\/comousar\\\/category\\\/como-usar\\\/#listItem\",\"position\":2,\"name\":\"\\u00bfC\\u00f3mo usar?\",\"item\":\"https:\\\/\\\/dudasytextos.com\\\/comousar\\\/category\\\/como-usar\\\/\",\"nextItem\":{\"@type\":\"ListItem\",\"@id\":\"https:\\\/\\\/dudasytextos.com\\\/comousar\\\/cabello-unas-deliplus-como-usar\\\/#listItem\",\"name\":\"Cabello u\\u00f1as deliplus c\\u00f3mo usar\"},\"previousItem\":{\"@type\":\"ListItem\",\"@id\":\"https:\\\/\\\/dudasytextos.com\\\/comousar#listItem\",\"name\":\"Home\"}},{\"@type\":\"ListItem\",\"@id\":\"https:\\\/\\\/dudasytextos.com\\\/comousar\\\/cabello-unas-deliplus-como-usar\\\/#listItem\",\"position\":3,\"name\":\"Cabello u\\u00f1as deliplus c\\u00f3mo usar\",\"previousItem\":{\"@type\":\"ListItem\",\"@id\":\"https:\\\/\\\/dudasytextos.com\\\/comousar\\\/category\\\/como-usar\\\/#listItem\",\"name\":\"\\u00bfC\\u00f3mo usar?\"}}]},{\"@type\":\"Organization\",\"@id\":\"https:\\\/\\\/dudasytextos.com\\\/comousar\\\/#organization\",\"name\":\"Recipes\",\"description\":\"\\u00bfC\\u00f3mo Usarlo?\",\"url\":\"https:\\\/\\\/dudasytextos.com\\\/comousar\\\/\"},{\"@type\":\"Person\",\"@id\":\"https:\\\/\\\/dudasytextos.com\\\/comousar\\\/author\\\/admin23\\\/#author\",\"url\":\"https:\\\/\\\/dudasytextos.com\\\/comousar\\\/author\\\/admin23\\\/\",\"name\":\"Ana Gonz\\u00e1lez\"},{\"@type\":\"WebPage\",\"@id\":\"https:\\\/\\\/dudasytextos.com\\\/comousar\\\/cabello-unas-deliplus-como-usar\\\/#webpage\",\"url\":\"https:\\\/\\\/dudasytextos.com\\\/comousar\\\/cabello-unas-deliplus-como-usar\\\/\",\"name\":\"Cabello u\\u00f1as deliplus c\\u00f3mo usar (2026) \\u00bfC\\u00f3mo Usarlo?\",\"description\":\"Cabello u\\u00f1as deliplus c\\u00f3mo usar - Gu\\u00eda completa en Espa\\u00f1a Introducci\\u00f3n \\u00a1Hola! Soy Ana Gonz\\u00e1lez y en este art\\u00edculo te voy a contar todo lo que necesitas saber sobre c\\u00f3mo usar los productos de cabello y u\\u00f1as de la marca Deliplus en Espa\\u00f1a. Como sabemos, mantener nuestro cabello y u\\u00f1as en buen estado es importante\",\"inLanguage\":\"es-ES\",\"isPartOf\":{\"@id\":\"https:\\\/\\\/dudasytextos.com\\\/comousar\\\/#website\"},\"breadcrumb\":{\"@id\":\"https:\\\/\\\/dudasytextos.com\\\/comousar\\\/cabello-unas-deliplus-como-usar\\\/#breadcrumblist\"},\"author\":{\"@id\":\"https:\\\/\\\/dudasytextos.com\\\/comousar\\\/author\\\/admin23\\\/#author\"},\"creator\":{\"@id\":\"https:\\\/\\\/dudasytextos.com\\\/comousar\\\/author\\\/admin23\\\/#author\"},\"datePublished\":\"2025-03-10T18:37:52+00:00\",\"dateModified\":\"2025-03-13T03:37:41+00:00\"},{\"@type\":\"WebSite\",\"@id\":\"https:\\\/\\\/dudasytextos.com\\\/comousar\\\/#website\",\"url\":\"https:\\\/\\\/dudasytextos.com\\\/comousar\\\/\",\"name\":\"Recipes\",\"description\":\"\\u00bfC\\u00f3mo Usarlo?\",\"inLanguage\":\"es-ES\",\"publisher\":{\"@id\":\"https:\\\/\\\/dudasytextos.com\\\/comousar\\\/#organization\"}}]}\n\t\t<\/script>\n\t\t<!-- All in One SEO -->\n\n","aioseo_head_json":{"title":"Cabello u\u00f1as deliplus c\u00f3mo usar (2026) \u00bfC\u00f3mo Usarlo?","description":"Cabello u\u00f1as deliplus c\u00f3mo usar - Gu\u00eda completa en Espa\u00f1a Introducci\u00f3n \u00a1Hola! Soy Ana Gonz\u00e1lez y en este art\u00edculo te voy a contar todo lo que necesitas saber sobre c\u00f3mo usar los productos de cabello y u\u00f1as de la marca Deliplus en Espa\u00f1a. Como sabemos, mantener nuestro cabello y u\u00f1as en buen estado es importante","canonical_url":"https:\/\/dudasytextos.com\/comousar\/cabello-unas-deliplus-como-usar\/","robots":"max-snippet:-1, max-image-preview:large, max-video-preview:-1","keywords":"","webmasterTools":{"miscellaneous":"&lt;!-- Google tag (gtag.js) --&gt;\n&lt;script async src=\"https:\/\/www.googletagmanager.com\/gtag\/js?id=G-X7DSVXBJ5H\"&gt;&lt;\/script&gt;\n&lt;script&gt;\n  window.dataLayer = window.dataLayer || [];\n  function gtag(){dataLayer.push(arguments);}\n  gtag('js', new Date());\n\n  gtag('config', 'G-X7DSVXBJ5H');\n&lt;\/script&gt;\n&lt;script async src=\"https:\/\/pagead2.googlesyndication.com\/pagead\/js\/adsbygoogle.js?client=ca-pub-3987500858204711\"\n     crossorigin=\"anonymous\"&gt;&lt;\/script&gt;"},"schema":{"@context":"https:\/\/schema.org","@graph":[{"@type":"BlogPosting","@id":"https:\/\/dudasytextos.com\/comousar\/cabello-unas-deliplus-como-usar\/#blogposting","name":"Cabello u\u00f1as deliplus c\u00f3mo usar (2026) \u00bfC\u00f3mo Usarlo?","headline":"Cabello u\u00f1as deliplus c\u00f3mo usar","author":{"@id":"https:\/\/dudasytextos.com\/comousar\/author\/admin23\/#author"},"publisher":{"@id":"https:\/\/dudasytextos.com\/comousar\/#organization"},"datePublished":"2025-03-10T18:37:52+00:00","dateModified":"2025-03-13T03:37:41+00:00","inLanguage":"es-ES","mainEntityOfPage":{"@id":"https:\/\/dudasytextos.com\/comousar\/cabello-unas-deliplus-como-usar\/#webpage"},"isPartOf":{"@id":"https:\/\/dudasytextos.com\/comousar\/cabello-unas-deliplus-como-usar\/#webpage"},"articleSection":"\u00bfC\u00f3mo usar?"},{"@type":"BreadcrumbList","@id":"https:\/\/dudasytextos.com\/comousar\/cabello-unas-deliplus-como-usar\/#breadcrumblist","itemListElement":[{"@type":"ListItem","@id":"https:\/\/dudasytextos.com\/comousar#listItem","position":1,"name":"Home","item":"https:\/\/dudasytextos.com\/comousar","nextItem":{"@type":"ListItem","@id":"https:\/\/dudasytextos.com\/comousar\/category\/como-usar\/#listItem","name":"\u00bfC\u00f3mo usar?"}},{"@type":"ListItem","@id":"https:\/\/dudasytextos.com\/comousar\/category\/como-usar\/#listItem","position":2,"name":"\u00bfC\u00f3mo usar?","item":"https:\/\/dudasytextos.com\/comousar\/category\/como-usar\/","nextItem":{"@type":"ListItem","@id":"https:\/\/dudasytextos.com\/comousar\/cabello-unas-deliplus-como-usar\/#listItem","name":"Cabello u\u00f1as deliplus c\u00f3mo usar"},"previousItem":{"@type":"ListItem","@id":"https:\/\/dudasytextos.com\/comousar#listItem","name":"Home"}},{"@type":"ListItem","@id":"https:\/\/dudasytextos.com\/comousar\/cabello-unas-deliplus-como-usar\/#listItem","position":3,"name":"Cabello u\u00f1as deliplus c\u00f3mo usar","previousItem":{"@type":"ListItem","@id":"https:\/\/dudasytextos.com\/comousar\/category\/como-usar\/#listItem","name":"\u00bfC\u00f3mo usar?"}}]},{"@type":"Organization","@id":"https:\/\/dudasytextos.com\/comousar\/#organization","name":"Recipes","description":"\u00bfC\u00f3mo Usarlo?","url":"https:\/\/dudasytextos.com\/comousar\/"},{"@type":"Person","@id":"https:\/\/dudasytextos.com\/comousar\/author\/admin23\/#author","url":"https:\/\/dudasytextos.com\/comousar\/author\/admin23\/","name":"Ana Gonz\u00e1lez"},{"@type":"WebPage","@id":"https:\/\/dudasytextos.com\/comousar\/cabello-unas-deliplus-como-usar\/#webpage","url":"https:\/\/dudasytextos.com\/comousar\/cabello-unas-deliplus-como-usar\/","name":"Cabello u\u00f1as deliplus c\u00f3mo usar (2026) \u00bfC\u00f3mo Usarlo?","description":"Cabello u\u00f1as deliplus c\u00f3mo usar - Gu\u00eda completa en Espa\u00f1a Introducci\u00f3n \u00a1Hola! Soy Ana Gonz\u00e1lez y en este art\u00edculo te voy a contar todo lo que necesitas saber sobre c\u00f3mo usar los productos de cabello y u\u00f1as de la marca Deliplus en Espa\u00f1a. Como sabemos, mantener nuestro cabello y u\u00f1as en buen estado es importante","inLanguage":"es-ES","isPartOf":{"@id":"https:\/\/dudasytextos.com\/comousar\/#website"},"breadcrumb":{"@id":"https:\/\/dudasytextos.com\/comousar\/cabello-unas-deliplus-como-usar\/#breadcrumblist"},"author":{"@id":"https:\/\/dudasytextos.com\/comousar\/author\/admin23\/#author"},"creator":{"@id":"https:\/\/dudasytextos.com\/comousar\/author\/admin23\/#author"},"datePublished":"2025-03-10T18:37:52+00:00","dateModified":"2025-03-13T03:37:41+00:00"},{"@type":"WebSite","@id":"https:\/\/dudasytextos.com\/comousar\/#website","url":"https:\/\/dudasytextos.com\/comousar\/","name":"Recipes","description":"\u00bfC\u00f3mo Usarlo?","inLanguage":"es-ES","publisher":{"@id":"https:\/\/dudasytextos.com\/comousar\/#organization"}}]},"og:locale":"es_ES","og:site_name":"\u00bfC\u00f3mo Usarlo? - \u00bfC\u00f3mo Usarlo?","og:type":"article","og:title":"Cabello u\u00f1as deliplus c\u00f3mo usar (2026) \u00bfC\u00f3mo Usarlo?","og:description":"Cabello u\u00f1as deliplus c\u00f3mo usar - Gu\u00eda completa en Espa\u00f1a Introducci\u00f3n \u00a1Hola! Soy Ana Gonz\u00e1lez y en este art\u00edculo te voy a contar todo lo que necesitas saber sobre c\u00f3mo usar los productos de cabello y u\u00f1as de la marca Deliplus en Espa\u00f1a. Como sabemos, mantener nuestro cabello y u\u00f1as en buen estado es importante","og:url":"https:\/\/dudasytextos.com\/comousar\/cabello-unas-deliplus-como-usar\/","article:published_time":"2025-03-10T18:37:52+00:00","article:modified_time":"2025-03-13T03:37:41+00:00","twitter:card":"summary_large_image","twitter:title":"Cabello u\u00f1as deliplus c\u00f3mo usar (2026) \u00bfC\u00f3mo Usarlo?","twitter:description":"Cabello u\u00f1as deliplus c\u00f3mo usar - Gu\u00eda completa en Espa\u00f1a Introducci\u00f3n \u00a1Hola! Soy Ana Gonz\u00e1lez y en este art\u00edculo te voy a contar todo lo que necesitas saber sobre c\u00f3mo usar los productos de cabello y u\u00f1as de la marca Deliplus en Espa\u00f1a. Como sabemos, mantener nuestro cabello y u\u00f1as en buen estado es importante"},"aioseo_meta_data":{"post_id":"83832","title":null,"description":null,"keywords":null,"keyphrases":null,"primary_term":null,"canonical_url":null,"og_title":null,"og_description":null,"og_object_type":"default","og_image_type":"default","og_image_url":null,"og_image_width":null,"og_image_height":null,"og_image_custom_url":null,"og_image_custom_fields":null,"og_video":null,"og_custom_url":null,"og_article_section":null,"og_article_tags":null,"twitter_use_og":false,"twitter_card":"default","twitter_image_type":"default","twitter_image_url":null,"twitter_image_custom_url":null,"twitter_image_custom_fields":null,"twitter_title":null,"twitter_description":null,"schema":{"blockGraphs":[],"customGraphs":[],"default":{"data":{"Article":[],"Course":[],"Dataset":[],"FAQPage":[],"Movie":[],"Person":[],"Product":[],"ProductReview":[],"Car":[],"Recipe":[],"Service":[],"SoftwareApplication":[],"WebPage":[]},"graphName":"","isEnabled":true},"graphs":[]},"schema_type":"default","schema_type_options":null,"pillar_content":false,"robots_default":true,"robots_noindex":false,"robots_noarchive":false,"robots_nosnippet":false,"robots_nofollow":false,"robots_noimageindex":false,"robots_noodp":false,"robots_notranslate":false,"robots_max_snippet":null,"robots_max_videopreview":null,"robots_max_imagepreview":"large","priority":null,"frequency":null,"local_seo":null,"breadcrumb_settings":null,"limit_modified_date":false,"ai":null,"created":"2023-07-14 02:25:01","updated":"2025-06-04 22:26:17","seo_analyzer_scan_date":null,"focus_keyword":null,"additional_keywords":null,"truseo_locale":null},"aioseo_breadcrumb":"<div class=\"aioseo-breadcrumbs\"><span class=\"aioseo-breadcrumb\">\n\t\t\t<a href=\"https:\/\/dudasytextos.com\/comousar\" title=\"Home\">Home<\/a>\n\t\t<\/span><span class=\"aioseo-breadcrumb-separator\">&raquo;<\/span><span class=\"aioseo-breadcrumb\">\n\t\t\t<a href=\"https:\/\/dudasytextos.com\/comousar\/category\/como-usar\/\" title=\"\u00bfC\u00f3mo usar?\">\u00bfC\u00f3mo usar?<\/a>\n\t\t<\/span><span class=\"aioseo-breadcrumb-separator\">&raquo;<\/span><span class=\"aioseo-breadcrumb\">\n\t\t\tCabello u\u00f1as deliplus c\u00f3mo usar\n\t\t<\/span><\/div>","aioseo_breadcrumb_json":[{"label":"Home","link":"https:\/\/dudasytextos.com\/comousar"},{"label":"\u00bfC\u00f3mo usar?","link":"https:\/\/dudasytextos.com\/comousar\/category\/como-usar\/"},{"label":"Cabello u\u00f1as deliplus c\u00f3mo usar","link":"https:\/\/dudasytextos.com\/comousar\/cabello-unas-deliplus-como-usar\/"}],"_links":{"self":[{"href":"https:\/\/dudasytextos.com\/comousar\/wp-json\/wp\/v2\/posts\/83832","targetHints":{"allow":["GET"]}}],"collection":[{"href":"https:\/\/dudasytextos.com\/comousar\/wp-json\/wp\/v2\/posts"}],"about":[{"href":"https:\/\/dudasytextos.com\/comousar\/wp-json\/wp\/v2\/types\/post"}],"author":[{"embeddable":true,"href":"https:\/\/dudasytextos.com\/comousar\/wp-json\/wp\/v2\/users\/1"}],"replies":[{"embeddable":true,"href":"https:\/\/dudasytextos.com\/comousar\/wp-json\/wp\/v2\/comments?post=83832"}],"version-history":[{"count":0,"href":"https:\/\/dudasytextos.com\/comousar\/wp-json\/wp\/v2\/posts\/83832\/revisions"}],"wp:attachment":[{"href":"https:\/\/dudasytextos.com\/comousar\/wp-json\/wp\/v2\/media?parent=83832"}],"wp:term":[{"taxonomy":"category","embeddable":true,"href":"https:\/\/dudasytextos.com\/comousar\/wp-json\/wp\/v2\/categories?post=83832"},{"taxonomy":"post_tag","embeddable":true,"href":"https:\/\/dudasytextos.com\/comousar\/wp-json\/wp\/v2\/tags?post=83832"}],"curies":[{"name":"wp","href":"https:\/\/api.w.org\/{rel}","templated":true}]}}