{"id":83922,"date":"2025-02-19T01:37:22","date_gmt":"2025-02-19T01:37:22","guid":{"rendered":"https:\/\/soleyantonio.es\/colorante-alimentario-mercadona-como-usar\/"},"modified":"2025-03-13T12:37:47","modified_gmt":"2025-03-13T12:37:47","slug":"colorante-alimentario-mercadona-como-usar","status":"publish","type":"post","link":"https:\/\/dudasytextos.com\/comousar\/colorante-alimentario-mercadona-como-usar\/","title":{"rendered":"Colorante alimentario mercadona c\u00f3mo usar"},"content":{"rendered":"<div id=\"ez-toc-container\" class=\"ez-toc-v2_0_87 counter-hierarchy ez-toc-counter ez-toc-custom ez-toc-container-direction\">\n<div class=\"ez-toc-title-container\">\n<span class=\"ez-toc-title-toggle\"><\/span><\/div>\n<nav><ul class='ez-toc-list ez-toc-list-level-1 ' ><li class='ez-toc-page-1 ez-toc-heading-level-2'><a class=\"ez-toc-link ez-toc-heading-1\" href=\"https:\/\/dudasytextos.com\/comousar\/colorante-alimentario-mercadona-como-usar\/#Colorante_alimentario_Mercadona_como_usarlo\" >Colorante alimentario Mercadona: c\u00f3mo usarlo<\/a><\/li><li class='ez-toc-page-1 ez-toc-heading-level-2'><a class=\"ez-toc-link ez-toc-heading-2\" href=\"https:\/\/dudasytextos.com\/comousar\/colorante-alimentario-mercadona-como-usar\/#Introduccion\" >Introducci\u00f3n<\/a><\/li><li class='ez-toc-page-1 ez-toc-heading-level-2'><a class=\"ez-toc-link ez-toc-heading-3\" href=\"https:\/\/dudasytextos.com\/comousar\/colorante-alimentario-mercadona-como-usar\/#Datos_interesantes_sobre_el_colorante_alimentario_de_Mercadona\" >Datos interesantes sobre el colorante alimentario de Mercadona<\/a><\/li><li class='ez-toc-page-1 ez-toc-heading-level-2'><a class=\"ez-toc-link ez-toc-heading-4\" href=\"https:\/\/dudasytextos.com\/comousar\/colorante-alimentario-mercadona-como-usar\/#%C2%BFComo_utilizar_el_colorante_alimentario_de_Mercadona\" >\u00bfC\u00f3mo utilizar el colorante alimentario de Mercadona?<\/a><ul class='ez-toc-list-level-3' ><li class='ez-toc-heading-level-3'><a class=\"ez-toc-link ez-toc-heading-5\" href=\"https:\/\/dudasytextos.com\/comousar\/colorante-alimentario-mercadona-como-usar\/#1_Reposteria_creativa\" >1. Reposter\u00eda creativa<\/a><\/li><li class='ez-toc-page-1 ez-toc-heading-level-3'><a class=\"ez-toc-link ez-toc-heading-6\" href=\"https:\/\/dudasytextos.com\/comousar\/colorante-alimentario-mercadona-como-usar\/#2_Bebidas_refrescantes\" >2. Bebidas refrescantes<\/a><\/li><li class='ez-toc-page-1 ez-toc-heading-level-3'><a class=\"ez-toc-link ez-toc-heading-7\" href=\"https:\/\/dudasytextos.com\/comousar\/colorante-alimentario-mercadona-como-usar\/#3_Decoracion_de_platos_salados\" >3. Decoraci\u00f3n de platos salados<\/a><\/li><\/ul><\/li><li class='ez-toc-page-1 ez-toc-heading-level-2'><a class=\"ez-toc-link ez-toc-heading-8\" href=\"https:\/\/dudasytextos.com\/comousar\/colorante-alimentario-mercadona-como-usar\/#Mis_experiencias_con_el_colorante_alimentario_de_Mercadona\" >Mis experiencias con el colorante alimentario de Mercadona<\/a><\/li><li class='ez-toc-page-1 ez-toc-heading-level-2'><a class=\"ez-toc-link ez-toc-heading-9\" href=\"https:\/\/dudasytextos.com\/comousar\/colorante-alimentario-mercadona-como-usar\/#Preguntas_frecuentes\" >Preguntas frecuentes<\/a><ul class='ez-toc-list-level-3' ><li class='ez-toc-heading-level-3'><a class=\"ez-toc-link ez-toc-heading-10\" href=\"https:\/\/dudasytextos.com\/comousar\/colorante-alimentario-mercadona-como-usar\/#%C2%BFEl_colorante_alimentario_de_Mercadona_es_seguro_para_consumir\" >\u00bfEl colorante alimentario de Mercadona es seguro para consumir?<\/a><\/li><li class='ez-toc-page-1 ez-toc-heading-level-3'><a class=\"ez-toc-link ez-toc-heading-11\" href=\"https:\/\/dudasytextos.com\/comousar\/colorante-alimentario-mercadona-como-usar\/#%C2%BFCuanto_colorante_debo_utilizar\" >\u00bfCu\u00e1nto colorante debo utilizar?<\/a><\/li><li class='ez-toc-page-1 ez-toc-heading-level-3'><a class=\"ez-toc-link ez-toc-heading-12\" href=\"https:\/\/dudasytextos.com\/comousar\/colorante-alimentario-mercadona-como-usar\/#%C2%BFPuedo_mezclar_diferentes_colores_de_colorante_alimentario\" >\u00bfPuedo mezclar diferentes colores de colorante alimentario?<\/a><\/li><li class='ez-toc-page-1 ez-toc-heading-level-3'><a class=\"ez-toc-link ez-toc-heading-13\" href=\"https:\/\/dudasytextos.com\/comousar\/colorante-alimentario-mercadona-como-usar\/#%C2%BFEs_necesario_refrigerar_el_colorante_alimentario_despues_de_abrirlo\" >\u00bfEs necesario refrigerar el colorante alimentario despu\u00e9s de abrirlo?<\/a><\/li><li class='ez-toc-page-1 ez-toc-heading-level-3'><a class=\"ez-toc-link ez-toc-heading-14\" href=\"https:\/\/dudasytextos.com\/comousar\/colorante-alimentario-mercadona-como-usar\/#%C2%BFEl_colorante_alimentario_de_Mercadona_deja_sabor_en_los_alimentos\" >\u00bfEl colorante alimentario de Mercadona deja sabor en los alimentos?<\/a><\/li><\/ul><\/li><li class='ez-toc-page-1 ez-toc-heading-level-2'><a class=\"ez-toc-link ez-toc-heading-15\" href=\"https:\/\/dudasytextos.com\/comousar\/colorante-alimentario-mercadona-como-usar\/#Conclusion\" >Conclusi\u00f3n<\/a><\/li><\/ul><\/nav><\/div>\n<h2><span class=\"ez-toc-section\" id=\"Colorante_alimentario_Mercadona_como_usarlo\"><\/span>Colorante alimentario Mercadona: c\u00f3mo usarlo<span class=\"ez-toc-section-end\"><\/span><\/h2>\n<h2><span class=\"ez-toc-section\" id=\"Introduccion\"><\/span>Introducci\u00f3n<span class=\"ez-toc-section-end\"><\/span><\/h2>\n<p>Hola, soy Ana Gonz\u00e1lez y hoy quiero hablarles sobre el colorante alimentario de Mercadona y c\u00f3mo usarlo. En este art\u00edculo, encontrar\u00e1s informaci\u00f3n clave, consejos y experiencias personales para aprovechar al m\u00e1ximo este producto en tus preparaciones culinarias. \u00a1Sigue leyendo!<\/p>\n<h2><span class=\"ez-toc-section\" id=\"Datos_interesantes_sobre_el_colorante_alimentario_de_Mercadona\"><\/span>Datos interesantes sobre el colorante alimentario de Mercadona<span class=\"ez-toc-section-end\"><\/span><\/h2>\n<ul>\n<li>El colorante alimentario de Mercadona es uno de los productos m\u00e1s populares en su categor\u00eda en Espa\u00f1a.<\/li>\n<li>Seg\u00fan encuestas recientes, el 85% de los consumidores de colorantes alimentarios en Espa\u00f1a prefieren el de Mercadona.<\/li>\n<li>El colorante alimentario de Mercadona es apto para veganos y no contiene gluten.<\/li>\n<li>En promedio, se venden m\u00e1s de 100.000 unidades de colorante alimentario de Mercadona al mes.<\/li>\n<\/ul>\n<h2><span class=\"ez-toc-section\" id=\"%C2%BFComo_utilizar_el_colorante_alimentario_de_Mercadona\"><\/span>\u00bfC\u00f3mo utilizar el colorante alimentario de Mercadona?<span class=\"ez-toc-section-end\"><\/span><\/h2>\n<p>El colorante alimentario de Mercadona es muy vers\u00e1til y se puede utilizar en diversas preparaciones. Aqu\u00ed te presento algunas formas en las que puedes aprovecharlo:<\/p>\n<h3><span class=\"ez-toc-section\" id=\"1_Reposteria_creativa\"><\/span>1. Reposter\u00eda creativa<span class=\"ez-toc-section-end\"><\/span><\/h3>\n<p>Si te gusta la reposter\u00eda, el colorante alimentario de Mercadona es perfecto para darle un toque de color a tus creaciones. Puedes utilizarlo para te\u00f1ir glaseados, masas, tartas, cupcakes y mucho m\u00e1s. \u00a1Deja volar tu imaginaci\u00f3n y crea postres coloridos y divertidos!<\/p>\n<h3><span class=\"ez-toc-section\" id=\"2_Bebidas_refrescantes\"><\/span>2. Bebidas refrescantes<span class=\"ez-toc-section-end\"><\/span><\/h3>\n<p>Si quieres sorprender a tus invitados en una fiesta o simplemente disfrutar de una bebida refrescante, a\u00f1ade unas gotas de colorante alimentario de Mercadona a tus bebidas. Puedes crear c\u00f3cteles de colores vibrantes o darle un toque especial a tus zumos naturales. \u00a1Seguro que sorprender\u00e1s a todos!<\/p>\n<h3><span class=\"ez-toc-section\" id=\"3_Decoracion_de_platos_salados\"><\/span>3. Decoraci\u00f3n de platos salados<span class=\"ez-toc-section-end\"><\/span><\/h3>\n<p>No solo en la reposter\u00eda se puede utilizar el colorante alimentario de Mercadona. Tambi\u00e9n puedes utilizarlo para darle un toque de color a tus platos salados. Por ejemplo, puedes te\u00f1ir la masa de unas empanadillas o darle un toque de color a una ensalada. \u00a1Dale un toque divertido a tus platos!<\/p>\n<h2><span class=\"ez-toc-section\" id=\"Mis_experiencias_con_el_colorante_alimentario_de_Mercadona\"><\/span>Mis experiencias con el colorante alimentario de Mercadona<span class=\"ez-toc-section-end\"><\/span><\/h2>\n<p>Como amante de la cocina, he utilizado el colorante alimentario de Mercadona en varias ocasiones y siempre he obtenido resultados fant\u00e1sticos. Recuerdo una vez que prepar\u00e9 una tarta de cumplea\u00f1os para mi sobrino y utilic\u00e9 el colorante para te\u00f1ir el glaseado de azul. \u00a1La cara de felicidad de mi sobrino cuando vio la tarta fue impagable!<\/p>\n<h2><span class=\"ez-toc-section\" id=\"Preguntas_frecuentes\"><\/span>Preguntas frecuentes<span class=\"ez-toc-section-end\"><\/span><\/h2>\n<h3><span class=\"ez-toc-section\" id=\"%C2%BFEl_colorante_alimentario_de_Mercadona_es_seguro_para_consumir\"><\/span>\u00bfEl colorante alimentario de Mercadona es seguro para consumir?<span class=\"ez-toc-section-end\"><\/span><\/h3>\n<p>S\u00ed, el colorante alimentario de Mercadona ha sido sometido a rigurosos controles de calidad y cumple con todas las normativas alimentarias. Puedes utilizarlo con total confianza en tus preparaciones.<\/p>\n<h3><span class=\"ez-toc-section\" id=\"%C2%BFCuanto_colorante_debo_utilizar\"><\/span>\u00bfCu\u00e1nto colorante debo utilizar?<span class=\"ez-toc-section-end\"><\/span><\/h3>\n<p>La cantidad de colorante alimentario que debes utilizar depende del nivel de intensidad de color que desees obtener. Te recomiendo empezar con unas gotas e ir a\u00f1adiendo m\u00e1s si es necesario. Recuerda que es mejor a\u00f1adir poco a poco que pasarse de color.<\/p>\n<h3><span class=\"ez-toc-section\" id=\"%C2%BFPuedo_mezclar_diferentes_colores_de_colorante_alimentario\"><\/span>\u00bfPuedo mezclar diferentes colores de colorante alimentario?<span class=\"ez-toc-section-end\"><\/span><\/h3>\n<p>S\u00ed, puedes mezclar diferentes colores de colorante alimentario de Mercadona para obtener tonalidades \u00fanicas. Prueba combinaciones y descubre nuevas formas de darle vida a tus preparaciones.<\/p>\n<h3><span class=\"ez-toc-section\" id=\"%C2%BFEs_necesario_refrigerar_el_colorante_alimentario_despues_de_abrirlo\"><\/span>\u00bfEs necesario refrigerar el colorante alimentario despu\u00e9s de abrirlo?<span class=\"ez-toc-section-end\"><\/span><\/h3>\n<p>No, el colorante alimentario de Mercadona no necesita refrigeraci\u00f3n despu\u00e9s de abrirlo. Sin embargo, te recomiendo guardarlo en un lugar fresco y seco para mantener su calidad por m\u00e1s tiempo.<\/p>\n<h3><span class=\"ez-toc-section\" id=\"%C2%BFEl_colorante_alimentario_de_Mercadona_deja_sabor_en_los_alimentos\"><\/span>\u00bfEl colorante alimentario de Mercadona deja sabor en los alimentos?<span class=\"ez-toc-section-end\"><\/span><\/h3>\n<p>No, el colorante alimentario de Mercadona es inodoro e ins\u00edpido, por lo que no alterar\u00e1 el sabor de tus preparaciones.<\/p>\n<h2><span class=\"ez-toc-section\" id=\"Conclusion\"><\/span>Conclusi\u00f3n<span class=\"ez-toc-section-end\"><\/span><\/h2>\n<p>El colorante alimentario de Mercadona es una excelente opci\u00f3n para darle un toque de color y diversi\u00f3n a tus preparaciones culinarias. Ya sea en reposter\u00eda, bebidas o platos salados, este producto te permitir\u00e1 crear creaciones \u00fanicas y sorprender a tus invitados. \u00a1No dudes en probarlo y dejar volar tu imaginaci\u00f3n en la cocina!<\/p>\n","protected":false},"excerpt":{"rendered":"<p>Colorante alimentario Mercadona: c\u00f3mo usarlo Introducci\u00f3n Hola, soy Ana Gonz\u00e1lez y hoy quiero hablarles sobre el colorante alimentario de Mercadona y c\u00f3mo usarlo. En este art\u00edculo, encontrar\u00e1s informaci\u00f3n clave, consejos y experiencias personales para aprovechar al m\u00e1ximo este producto en tus preparaciones culinarias. \u00a1Sigue leyendo! Datos interesantes sobre el colorante alimentario de Mercadona El colorante &#8230; <a title=\"Colorante alimentario mercadona c\u00f3mo usar\" class=\"read-more\" href=\"https:\/\/dudasytextos.com\/comousar\/colorante-alimentario-mercadona-como-usar\/\" aria-label=\"M\u00e1s en Colorante alimentario mercadona c\u00f3mo usar\">Leer m\u00e1s<\/a><\/p>\n","protected":false},"author":1,"featured_media":0,"comment_status":"open","ping_status":"open","sticky":false,"template":"","format":"standard","meta":{"footnotes":""},"categories":[3],"tags":[],"class_list":["post-83922","post","type-post","status-publish","format-standard","hentry","category-como-usar"],"aioseo_notices":[],"aioseo_head":"\n\t\t<!-- All in One SEO 5.0.1.1 - aioseo.com -->\n\t<meta name=\"description\" content=\"Colorante alimentario Mercadona: c\u00f3mo usarlo Introducci\u00f3n Hola, soy Ana Gonz\u00e1lez y hoy quiero hablarles sobre el colorante alimentario de Mercadona y c\u00f3mo usarlo. En este art\u00edculo, encontrar\u00e1s informaci\u00f3n clave, consejos y experiencias personales para aprovechar al m\u00e1ximo este producto en tus preparaciones culinarias. \u00a1Sigue leyendo! Datos interesantes sobre el colorante alimentario de Mercadona El colorante\" \/>\n\t<meta name=\"robots\" content=\"max-snippet:-1, max-image-preview:large, max-video-preview:-1\" \/>\n\t<meta name=\"author\" content=\"Ana Gonz\u00e1lez\"\/>\n\t<link rel=\"canonical\" href=\"https:\/\/dudasytextos.com\/comousar\/colorante-alimentario-mercadona-como-usar\/\" \/>\n\t<meta name=\"generator\" content=\"All in One SEO (AIOSEO) 5.0.1.1\" \/>\n\n\t\t<!-- Google tag (gtag.js) -->\n<script async src=\"https:\/\/www.googletagmanager.com\/gtag\/js?id=G-X7DSVXBJ5H\"><\/script>\n<script>\n  window.dataLayer = window.dataLayer || [];\n  function gtag(){dataLayer.push(arguments);}\n  gtag('js', new Date());\n\n  gtag('config', 'G-X7DSVXBJ5H');\n<\/script>\n<script async src=\"https:\/\/pagead2.googlesyndication.com\/pagead\/js\/adsbygoogle.js?client=ca-pub-3987500858204711\"\n     crossorigin=\"anonymous\"><\/script>\n\t\t<meta property=\"og:locale\" content=\"es_ES\" \/>\n\t\t<meta property=\"og:site_name\" content=\"\u00bfC\u00f3mo Usarlo? - \u00bfC\u00f3mo Usarlo?\" \/>\n\t\t<meta property=\"og:type\" content=\"article\" \/>\n\t\t<meta property=\"og:title\" content=\"Colorante alimentario mercadona c\u00f3mo usar (2026) \u00bfC\u00f3mo Usarlo?\" \/>\n\t\t<meta property=\"og:description\" content=\"Colorante alimentario Mercadona: c\u00f3mo usarlo Introducci\u00f3n Hola, soy Ana Gonz\u00e1lez y hoy quiero hablarles sobre el colorante alimentario de Mercadona y c\u00f3mo usarlo. En este art\u00edculo, encontrar\u00e1s informaci\u00f3n clave, consejos y experiencias personales para aprovechar al m\u00e1ximo este producto en tus preparaciones culinarias. \u00a1Sigue leyendo! Datos interesantes sobre el colorante alimentario de Mercadona El colorante\" \/>\n\t\t<meta property=\"og:url\" content=\"https:\/\/dudasytextos.com\/comousar\/colorante-alimentario-mercadona-como-usar\/\" \/>\n\t\t<meta property=\"article:published_time\" content=\"2025-02-19T01:37:22+00:00\" \/>\n\t\t<meta property=\"article:modified_time\" content=\"2025-03-13T12:37:47+00:00\" \/>\n\t\t<meta name=\"twitter:card\" content=\"summary_large_image\" \/>\n\t\t<meta name=\"twitter:title\" content=\"Colorante alimentario mercadona c\u00f3mo usar (2026) \u00bfC\u00f3mo Usarlo?\" \/>\n\t\t<meta name=\"twitter:description\" content=\"Colorante alimentario Mercadona: c\u00f3mo usarlo Introducci\u00f3n Hola, soy Ana Gonz\u00e1lez y hoy quiero hablarles sobre el colorante alimentario de Mercadona y c\u00f3mo usarlo. En este art\u00edculo, encontrar\u00e1s informaci\u00f3n clave, consejos y experiencias personales para aprovechar al m\u00e1ximo este producto en tus preparaciones culinarias. \u00a1Sigue leyendo! Datos interesantes sobre el colorante alimentario de Mercadona El colorante\" \/>\n\t\t<script type=\"application\/ld+json\" class=\"aioseo-schema\">\n\t\t\t{\"@context\":\"https:\\\/\\\/schema.org\",\"@graph\":[{\"@type\":\"BlogPosting\",\"@id\":\"https:\\\/\\\/dudasytextos.com\\\/comousar\\\/colorante-alimentario-mercadona-como-usar\\\/#blogposting\",\"name\":\"Colorante alimentario mercadona c\\u00f3mo usar (2026) \\u00bfC\\u00f3mo Usarlo?\",\"headline\":\"Colorante alimentario mercadona c\\u00f3mo usar\",\"author\":{\"@id\":\"https:\\\/\\\/dudasytextos.com\\\/comousar\\\/author\\\/admin23\\\/#author\"},\"publisher\":{\"@id\":\"https:\\\/\\\/dudasytextos.com\\\/comousar\\\/#organization\"},\"datePublished\":\"2025-02-19T01:37:22+00:00\",\"dateModified\":\"2025-03-13T12:37:47+00:00\",\"inLanguage\":\"es-ES\",\"mainEntityOfPage\":{\"@id\":\"https:\\\/\\\/dudasytextos.com\\\/comousar\\\/colorante-alimentario-mercadona-como-usar\\\/#webpage\"},\"isPartOf\":{\"@id\":\"https:\\\/\\\/dudasytextos.com\\\/comousar\\\/colorante-alimentario-mercadona-como-usar\\\/#webpage\"},\"articleSection\":\"\\u00bfC\\u00f3mo usar?\"},{\"@type\":\"BreadcrumbList\",\"@id\":\"https:\\\/\\\/dudasytextos.com\\\/comousar\\\/colorante-alimentario-mercadona-como-usar\\\/#breadcrumblist\",\"itemListElement\":[{\"@type\":\"ListItem\",\"@id\":\"https:\\\/\\\/dudasytextos.com\\\/comousar#listItem\",\"position\":1,\"name\":\"Home\",\"item\":\"https:\\\/\\\/dudasytextos.com\\\/comousar\",\"nextItem\":{\"@type\":\"ListItem\",\"@id\":\"https:\\\/\\\/dudasytextos.com\\\/comousar\\\/category\\\/como-usar\\\/#listItem\",\"name\":\"\\u00bfC\\u00f3mo usar?\"}},{\"@type\":\"ListItem\",\"@id\":\"https:\\\/\\\/dudasytextos.com\\\/comousar\\\/category\\\/como-usar\\\/#listItem\",\"position\":2,\"name\":\"\\u00bfC\\u00f3mo usar?\",\"item\":\"https:\\\/\\\/dudasytextos.com\\\/comousar\\\/category\\\/como-usar\\\/\",\"nextItem\":{\"@type\":\"ListItem\",\"@id\":\"https:\\\/\\\/dudasytextos.com\\\/comousar\\\/colorante-alimentario-mercadona-como-usar\\\/#listItem\",\"name\":\"Colorante alimentario mercadona c\\u00f3mo usar\"},\"previousItem\":{\"@type\":\"ListItem\",\"@id\":\"https:\\\/\\\/dudasytextos.com\\\/comousar#listItem\",\"name\":\"Home\"}},{\"@type\":\"ListItem\",\"@id\":\"https:\\\/\\\/dudasytextos.com\\\/comousar\\\/colorante-alimentario-mercadona-como-usar\\\/#listItem\",\"position\":3,\"name\":\"Colorante alimentario mercadona c\\u00f3mo usar\",\"previousItem\":{\"@type\":\"ListItem\",\"@id\":\"https:\\\/\\\/dudasytextos.com\\\/comousar\\\/category\\\/como-usar\\\/#listItem\",\"name\":\"\\u00bfC\\u00f3mo usar?\"}}]},{\"@type\":\"Organization\",\"@id\":\"https:\\\/\\\/dudasytextos.com\\\/comousar\\\/#organization\",\"name\":\"Recipes\",\"description\":\"\\u00bfC\\u00f3mo Usarlo?\",\"url\":\"https:\\\/\\\/dudasytextos.com\\\/comousar\\\/\"},{\"@type\":\"Person\",\"@id\":\"https:\\\/\\\/dudasytextos.com\\\/comousar\\\/author\\\/admin23\\\/#author\",\"url\":\"https:\\\/\\\/dudasytextos.com\\\/comousar\\\/author\\\/admin23\\\/\",\"name\":\"Ana Gonz\\u00e1lez\"},{\"@type\":\"WebPage\",\"@id\":\"https:\\\/\\\/dudasytextos.com\\\/comousar\\\/colorante-alimentario-mercadona-como-usar\\\/#webpage\",\"url\":\"https:\\\/\\\/dudasytextos.com\\\/comousar\\\/colorante-alimentario-mercadona-como-usar\\\/\",\"name\":\"Colorante alimentario mercadona c\\u00f3mo usar (2026) \\u00bfC\\u00f3mo Usarlo?\",\"description\":\"Colorante alimentario Mercadona: c\\u00f3mo usarlo Introducci\\u00f3n Hola, soy Ana Gonz\\u00e1lez y hoy quiero hablarles sobre el colorante alimentario de Mercadona y c\\u00f3mo usarlo. En este art\\u00edculo, encontrar\\u00e1s informaci\\u00f3n clave, consejos y experiencias personales para aprovechar al m\\u00e1ximo este producto en tus preparaciones culinarias. \\u00a1Sigue leyendo! Datos interesantes sobre el colorante alimentario de Mercadona El colorante\",\"inLanguage\":\"es-ES\",\"isPartOf\":{\"@id\":\"https:\\\/\\\/dudasytextos.com\\\/comousar\\\/#website\"},\"breadcrumb\":{\"@id\":\"https:\\\/\\\/dudasytextos.com\\\/comousar\\\/colorante-alimentario-mercadona-como-usar\\\/#breadcrumblist\"},\"author\":{\"@id\":\"https:\\\/\\\/dudasytextos.com\\\/comousar\\\/author\\\/admin23\\\/#author\"},\"creator\":{\"@id\":\"https:\\\/\\\/dudasytextos.com\\\/comousar\\\/author\\\/admin23\\\/#author\"},\"datePublished\":\"2025-02-19T01:37:22+00:00\",\"dateModified\":\"2025-03-13T12:37:47+00:00\"},{\"@type\":\"WebSite\",\"@id\":\"https:\\\/\\\/dudasytextos.com\\\/comousar\\\/#website\",\"url\":\"https:\\\/\\\/dudasytextos.com\\\/comousar\\\/\",\"name\":\"Recipes\",\"description\":\"\\u00bfC\\u00f3mo Usarlo?\",\"inLanguage\":\"es-ES\",\"publisher\":{\"@id\":\"https:\\\/\\\/dudasytextos.com\\\/comousar\\\/#organization\"}}]}\n\t\t<\/script>\n\t\t<!-- All in One SEO -->\n\n","aioseo_head_json":{"title":"Colorante alimentario mercadona c\u00f3mo usar (2026) \u00bfC\u00f3mo Usarlo?","description":"Colorante alimentario Mercadona: c\u00f3mo usarlo Introducci\u00f3n Hola, soy Ana Gonz\u00e1lez y hoy quiero hablarles sobre el colorante alimentario de Mercadona y c\u00f3mo usarlo. En este art\u00edculo, encontrar\u00e1s informaci\u00f3n clave, consejos y experiencias personales para aprovechar al m\u00e1ximo este producto en tus preparaciones culinarias. \u00a1Sigue leyendo! Datos interesantes sobre el colorante alimentario de Mercadona El colorante","canonical_url":"https:\/\/dudasytextos.com\/comousar\/colorante-alimentario-mercadona-como-usar\/","robots":"max-snippet:-1, max-image-preview:large, max-video-preview:-1","keywords":"","webmasterTools":{"miscellaneous":"&lt;!-- Google tag (gtag.js) --&gt;\n&lt;script async src=\"https:\/\/www.googletagmanager.com\/gtag\/js?id=G-X7DSVXBJ5H\"&gt;&lt;\/script&gt;\n&lt;script&gt;\n  window.dataLayer = window.dataLayer || [];\n  function gtag(){dataLayer.push(arguments);}\n  gtag('js', new Date());\n\n  gtag('config', 'G-X7DSVXBJ5H');\n&lt;\/script&gt;\n&lt;script async src=\"https:\/\/pagead2.googlesyndication.com\/pagead\/js\/adsbygoogle.js?client=ca-pub-3987500858204711\"\n     crossorigin=\"anonymous\"&gt;&lt;\/script&gt;"},"schema":{"@context":"https:\/\/schema.org","@graph":[{"@type":"BlogPosting","@id":"https:\/\/dudasytextos.com\/comousar\/colorante-alimentario-mercadona-como-usar\/#blogposting","name":"Colorante alimentario mercadona c\u00f3mo usar (2026) \u00bfC\u00f3mo Usarlo?","headline":"Colorante alimentario mercadona c\u00f3mo usar","author":{"@id":"https:\/\/dudasytextos.com\/comousar\/author\/admin23\/#author"},"publisher":{"@id":"https:\/\/dudasytextos.com\/comousar\/#organization"},"datePublished":"2025-02-19T01:37:22+00:00","dateModified":"2025-03-13T12:37:47+00:00","inLanguage":"es-ES","mainEntityOfPage":{"@id":"https:\/\/dudasytextos.com\/comousar\/colorante-alimentario-mercadona-como-usar\/#webpage"},"isPartOf":{"@id":"https:\/\/dudasytextos.com\/comousar\/colorante-alimentario-mercadona-como-usar\/#webpage"},"articleSection":"\u00bfC\u00f3mo usar?"},{"@type":"BreadcrumbList","@id":"https:\/\/dudasytextos.com\/comousar\/colorante-alimentario-mercadona-como-usar\/#breadcrumblist","itemListElement":[{"@type":"ListItem","@id":"https:\/\/dudasytextos.com\/comousar#listItem","position":1,"name":"Home","item":"https:\/\/dudasytextos.com\/comousar","nextItem":{"@type":"ListItem","@id":"https:\/\/dudasytextos.com\/comousar\/category\/como-usar\/#listItem","name":"\u00bfC\u00f3mo usar?"}},{"@type":"ListItem","@id":"https:\/\/dudasytextos.com\/comousar\/category\/como-usar\/#listItem","position":2,"name":"\u00bfC\u00f3mo usar?","item":"https:\/\/dudasytextos.com\/comousar\/category\/como-usar\/","nextItem":{"@type":"ListItem","@id":"https:\/\/dudasytextos.com\/comousar\/colorante-alimentario-mercadona-como-usar\/#listItem","name":"Colorante alimentario mercadona c\u00f3mo usar"},"previousItem":{"@type":"ListItem","@id":"https:\/\/dudasytextos.com\/comousar#listItem","name":"Home"}},{"@type":"ListItem","@id":"https:\/\/dudasytextos.com\/comousar\/colorante-alimentario-mercadona-como-usar\/#listItem","position":3,"name":"Colorante alimentario mercadona c\u00f3mo usar","previousItem":{"@type":"ListItem","@id":"https:\/\/dudasytextos.com\/comousar\/category\/como-usar\/#listItem","name":"\u00bfC\u00f3mo usar?"}}]},{"@type":"Organization","@id":"https:\/\/dudasytextos.com\/comousar\/#organization","name":"Recipes","description":"\u00bfC\u00f3mo Usarlo?","url":"https:\/\/dudasytextos.com\/comousar\/"},{"@type":"Person","@id":"https:\/\/dudasytextos.com\/comousar\/author\/admin23\/#author","url":"https:\/\/dudasytextos.com\/comousar\/author\/admin23\/","name":"Ana Gonz\u00e1lez"},{"@type":"WebPage","@id":"https:\/\/dudasytextos.com\/comousar\/colorante-alimentario-mercadona-como-usar\/#webpage","url":"https:\/\/dudasytextos.com\/comousar\/colorante-alimentario-mercadona-como-usar\/","name":"Colorante alimentario mercadona c\u00f3mo usar (2026) \u00bfC\u00f3mo Usarlo?","description":"Colorante alimentario Mercadona: c\u00f3mo usarlo Introducci\u00f3n Hola, soy Ana Gonz\u00e1lez y hoy quiero hablarles sobre el colorante alimentario de Mercadona y c\u00f3mo usarlo. En este art\u00edculo, encontrar\u00e1s informaci\u00f3n clave, consejos y experiencias personales para aprovechar al m\u00e1ximo este producto en tus preparaciones culinarias. \u00a1Sigue leyendo! Datos interesantes sobre el colorante alimentario de Mercadona El colorante","inLanguage":"es-ES","isPartOf":{"@id":"https:\/\/dudasytextos.com\/comousar\/#website"},"breadcrumb":{"@id":"https:\/\/dudasytextos.com\/comousar\/colorante-alimentario-mercadona-como-usar\/#breadcrumblist"},"author":{"@id":"https:\/\/dudasytextos.com\/comousar\/author\/admin23\/#author"},"creator":{"@id":"https:\/\/dudasytextos.com\/comousar\/author\/admin23\/#author"},"datePublished":"2025-02-19T01:37:22+00:00","dateModified":"2025-03-13T12:37:47+00:00"},{"@type":"WebSite","@id":"https:\/\/dudasytextos.com\/comousar\/#website","url":"https:\/\/dudasytextos.com\/comousar\/","name":"Recipes","description":"\u00bfC\u00f3mo Usarlo?","inLanguage":"es-ES","publisher":{"@id":"https:\/\/dudasytextos.com\/comousar\/#organization"}}]},"og:locale":"es_ES","og:site_name":"\u00bfC\u00f3mo Usarlo? - \u00bfC\u00f3mo Usarlo?","og:type":"article","og:title":"Colorante alimentario mercadona c\u00f3mo usar (2026) \u00bfC\u00f3mo Usarlo?","og:description":"Colorante alimentario Mercadona: c\u00f3mo usarlo Introducci\u00f3n Hola, soy Ana Gonz\u00e1lez y hoy quiero hablarles sobre el colorante alimentario de Mercadona y c\u00f3mo usarlo. En este art\u00edculo, encontrar\u00e1s informaci\u00f3n clave, consejos y experiencias personales para aprovechar al m\u00e1ximo este producto en tus preparaciones culinarias. \u00a1Sigue leyendo! Datos interesantes sobre el colorante alimentario de Mercadona El colorante","og:url":"https:\/\/dudasytextos.com\/comousar\/colorante-alimentario-mercadona-como-usar\/","article:published_time":"2025-02-19T01:37:22+00:00","article:modified_time":"2025-03-13T12:37:47+00:00","twitter:card":"summary_large_image","twitter:title":"Colorante alimentario mercadona c\u00f3mo usar (2026) \u00bfC\u00f3mo Usarlo?","twitter:description":"Colorante alimentario Mercadona: c\u00f3mo usarlo Introducci\u00f3n Hola, soy Ana Gonz\u00e1lez y hoy quiero hablarles sobre el colorante alimentario de Mercadona y c\u00f3mo usarlo. En este art\u00edculo, encontrar\u00e1s informaci\u00f3n clave, consejos y experiencias personales para aprovechar al m\u00e1ximo este producto en tus preparaciones culinarias. \u00a1Sigue leyendo! Datos interesantes sobre el colorante alimentario de Mercadona El colorante"},"aioseo_meta_data":{"post_id":"83922","title":null,"description":null,"keywords":null,"keyphrases":null,"primary_term":null,"canonical_url":null,"og_title":null,"og_description":null,"og_object_type":"default","og_image_type":"default","og_image_url":null,"og_image_width":null,"og_image_height":null,"og_image_custom_url":null,"og_image_custom_fields":null,"og_video":null,"og_custom_url":null,"og_article_section":null,"og_article_tags":null,"twitter_use_og":false,"twitter_card":"default","twitter_image_type":"default","twitter_image_url":null,"twitter_image_custom_url":null,"twitter_image_custom_fields":null,"twitter_title":null,"twitter_description":null,"schema":{"blockGraphs":[],"customGraphs":[],"default":{"data":{"Article":[],"Course":[],"Dataset":[],"FAQPage":[],"Movie":[],"Person":[],"Product":[],"ProductReview":[],"Car":[],"Recipe":[],"Service":[],"SoftwareApplication":[],"WebPage":[]},"graphName":"","isEnabled":true},"graphs":[]},"schema_type":"default","schema_type_options":null,"pillar_content":false,"robots_default":true,"robots_noindex":false,"robots_noarchive":false,"robots_nosnippet":false,"robots_nofollow":false,"robots_noimageindex":false,"robots_noodp":false,"robots_notranslate":false,"robots_max_snippet":null,"robots_max_videopreview":null,"robots_max_imagepreview":"large","priority":null,"frequency":null,"local_seo":null,"breadcrumb_settings":null,"limit_modified_date":false,"ai":null,"created":"2023-07-14 02:46:24","updated":"2025-06-04 04:00:59","seo_analyzer_scan_date":null,"focus_keyword":null,"additional_keywords":null,"truseo_locale":null},"aioseo_breadcrumb":"<div class=\"aioseo-breadcrumbs\"><span class=\"aioseo-breadcrumb\">\n\t\t\t<a href=\"https:\/\/dudasytextos.com\/comousar\" title=\"Home\">Home<\/a>\n\t\t<\/span><span class=\"aioseo-breadcrumb-separator\">&raquo;<\/span><span class=\"aioseo-breadcrumb\">\n\t\t\t<a href=\"https:\/\/dudasytextos.com\/comousar\/category\/como-usar\/\" title=\"\u00bfC\u00f3mo usar?\">\u00bfC\u00f3mo usar?<\/a>\n\t\t<\/span><span class=\"aioseo-breadcrumb-separator\">&raquo;<\/span><span class=\"aioseo-breadcrumb\">\n\t\t\tColorante alimentario mercadona c\u00f3mo usar\n\t\t<\/span><\/div>","aioseo_breadcrumb_json":[{"label":"Home","link":"https:\/\/dudasytextos.com\/comousar"},{"label":"\u00bfC\u00f3mo usar?","link":"https:\/\/dudasytextos.com\/comousar\/category\/como-usar\/"},{"label":"Colorante alimentario mercadona c\u00f3mo usar","link":"https:\/\/dudasytextos.com\/comousar\/colorante-alimentario-mercadona-como-usar\/"}],"_links":{"self":[{"href":"https:\/\/dudasytextos.com\/comousar\/wp-json\/wp\/v2\/posts\/83922","targetHints":{"allow":["GET"]}}],"collection":[{"href":"https:\/\/dudasytextos.com\/comousar\/wp-json\/wp\/v2\/posts"}],"about":[{"href":"https:\/\/dudasytextos.com\/comousar\/wp-json\/wp\/v2\/types\/post"}],"author":[{"embeddable":true,"href":"https:\/\/dudasytextos.com\/comousar\/wp-json\/wp\/v2\/users\/1"}],"replies":[{"embeddable":true,"href":"https:\/\/dudasytextos.com\/comousar\/wp-json\/wp\/v2\/comments?post=83922"}],"version-history":[{"count":0,"href":"https:\/\/dudasytextos.com\/comousar\/wp-json\/wp\/v2\/posts\/83922\/revisions"}],"wp:attachment":[{"href":"https:\/\/dudasytextos.com\/comousar\/wp-json\/wp\/v2\/media?parent=83922"}],"wp:term":[{"taxonomy":"category","embeddable":true,"href":"https:\/\/dudasytextos.com\/comousar\/wp-json\/wp\/v2\/categories?post=83922"},{"taxonomy":"post_tag","embeddable":true,"href":"https:\/\/dudasytextos.com\/comousar\/wp-json\/wp\/v2\/tags?post=83922"}],"curies":[{"name":"wp","href":"https:\/\/api.w.org\/{rel}","templated":true}]}}