{"id":84274,"date":"2025-03-04T18:28:02","date_gmt":"2025-03-04T18:28:02","guid":{"rendered":"https:\/\/soleyantonio.es\/como-usar-los-280-caracteres\/"},"modified":"2025-03-12T19:58:15","modified_gmt":"2025-03-12T19:58:15","slug":"como-usar-los-280-caracteres","status":"publish","type":"post","link":"https:\/\/dudasytextos.com\/comousar\/como-usar-los-280-caracteres\/","title":{"rendered":"C\u00f3mo usar los 280 caracteres"},"content":{"rendered":"<div id=\"ez-toc-container\" class=\"ez-toc-v2_0_87 counter-hierarchy ez-toc-counter ez-toc-custom ez-toc-container-direction\">\n<div class=\"ez-toc-title-container\">\n<span class=\"ez-toc-title-toggle\"><\/span><\/div>\n<nav><ul class='ez-toc-list ez-toc-list-level-1 ' ><li class='ez-toc-page-1 ez-toc-heading-level-2'><a class=\"ez-toc-link ez-toc-heading-1\" href=\"https:\/\/dudasytextos.com\/comousar\/como-usar-los-280-caracteres\/#Como_usar_los_280_caracteres\" >C\u00f3mo usar los 280 caracteres<\/a><\/li><li class='ez-toc-page-1 ez-toc-heading-level-2'><a class=\"ez-toc-link ez-toc-heading-2\" href=\"https:\/\/dudasytextos.com\/comousar\/como-usar-los-280-caracteres\/#Introduccion\" >Introducci\u00f3n<\/a><\/li><li class='ez-toc-page-1 ez-toc-heading-level-2'><a class=\"ez-toc-link ez-toc-heading-3\" href=\"https:\/\/dudasytextos.com\/comousar\/como-usar-los-280-caracteres\/#Curiosidades_e_informacion_interesante_sobre_los_280_caracteres\" >Curiosidades e informaci\u00f3n interesante sobre los 280 caracteres:<\/a><\/li><li class='ez-toc-page-1 ez-toc-heading-level-2'><a class=\"ez-toc-link ez-toc-heading-4\" href=\"https:\/\/dudasytextos.com\/comousar\/como-usar-los-280-caracteres\/#%C2%BFComo_aprovechar_al_maximo_los_280_caracteres\" >\u00bfC\u00f3mo aprovechar al m\u00e1ximo los 280 caracteres?<\/a><\/li><li class='ez-toc-page-1 ez-toc-heading-level-2'><a class=\"ez-toc-link ez-toc-heading-5\" href=\"https:\/\/dudasytextos.com\/comousar\/como-usar-los-280-caracteres\/#Ejemplos_de_como_usar_los_280_caracteres\" >Ejemplos de c\u00f3mo usar los 280 caracteres<\/a><\/li><li class='ez-toc-page-1 ez-toc-heading-level-2'><a class=\"ez-toc-link ez-toc-heading-6\" href=\"https:\/\/dudasytextos.com\/comousar\/como-usar-los-280-caracteres\/#Mi_experiencia_personal\" >Mi experiencia personal<\/a><\/li><li class='ez-toc-page-1 ez-toc-heading-level-2'><a class=\"ez-toc-link ez-toc-heading-7\" href=\"https:\/\/dudasytextos.com\/comousar\/como-usar-los-280-caracteres\/#Preguntas_frecuentes\" >Preguntas frecuentes<\/a><ul class='ez-toc-list-level-3' ><li class='ez-toc-heading-level-3'><a class=\"ez-toc-link ez-toc-heading-8\" href=\"https:\/\/dudasytextos.com\/comousar\/como-usar-los-280-caracteres\/#%C2%BFPuedo_exceder_el_limite_de_280_caracteres_en_Twitter\" >\u00bfPuedo exceder el l\u00edmite de 280 caracteres en Twitter?<\/a><\/li><li class='ez-toc-page-1 ez-toc-heading-level-3'><a class=\"ez-toc-link ez-toc-heading-9\" href=\"https:\/\/dudasytextos.com\/comousar\/como-usar-los-280-caracteres\/#%C2%BFCual_es_la_diferencia_entre_un_hashtag_y_una_mencion\" >\u00bfCu\u00e1l es la diferencia entre un hashtag y una menci\u00f3n?<\/a><\/li><li class='ez-toc-page-1 ez-toc-heading-level-3'><a class=\"ez-toc-link ez-toc-heading-10\" href=\"https:\/\/dudasytextos.com\/comousar\/como-usar-los-280-caracteres\/#%C2%BFComo_puedo_medir_el_impacto_de_mis_publicaciones_en_Twitter\" >\u00bfC\u00f3mo puedo medir el impacto de mis publicaciones en Twitter?<\/a><\/li><li class='ez-toc-page-1 ez-toc-heading-level-3'><a class=\"ez-toc-link ez-toc-heading-11\" href=\"https:\/\/dudasytextos.com\/comousar\/como-usar-los-280-caracteres\/#%C2%BFQue_tipo_de_contenido_multimedia_puedo_compartir_en_Twitter\" >\u00bfQu\u00e9 tipo de contenido multimedia puedo compartir en Twitter?<\/a><\/li><li class='ez-toc-page-1 ez-toc-heading-level-3'><a class=\"ez-toc-link ez-toc-heading-12\" href=\"https:\/\/dudasytextos.com\/comousar\/como-usar-los-280-caracteres\/#%C2%BFComo_puedo_generar_mas_interaccion_en_mis_publicaciones_en_Twitter\" >\u00bfC\u00f3mo puedo generar m\u00e1s interacci\u00f3n en mis publicaciones en Twitter?<\/a><\/li><\/ul><\/li><\/ul><\/nav><\/div>\n<h2><span class=\"ez-toc-section\" id=\"Como_usar_los_280_caracteres\"><\/span>C\u00f3mo usar los 280 caracteres<span class=\"ez-toc-section-end\"><\/span><\/h2>\n<h2><span class=\"ez-toc-section\" id=\"Introduccion\"><\/span>Introducci\u00f3n<span class=\"ez-toc-section-end\"><\/span><\/h2>\n<p>Hola, soy Ana Gonz\u00e1lez y en este art\u00edculo te contar\u00e9 todo lo que necesitas saber sobre c\u00f3mo sacarle el m\u00e1ximo provecho a los 280 caracteres en tus publicaciones en redes sociales. Desde que Twitter aument\u00f3 su l\u00edmite de caracteres, se han abierto nuevas posibilidades para expresarnos, comunicarnos y conectar con los dem\u00e1s. \u00a1As\u00ed que prep\u00e1rate para descubrir c\u00f3mo destacar en el mundo digital!<\/p>\n<h2><span class=\"ez-toc-section\" id=\"Curiosidades_e_informacion_interesante_sobre_los_280_caracteres\"><\/span>Curiosidades e informaci\u00f3n interesante sobre los 280 caracteres:<span class=\"ez-toc-section-end\"><\/span><\/h2>\n<ul>\n<li>Los 280 caracteres son el doble de los 140 que Twitter sol\u00eda permitir, lo que nos brinda m\u00e1s espacio para nuestras ideas.<\/li>\n<li>Un estudio reciente mostr\u00f3 que el 9% de los usuarios de Twitter aprovecha al m\u00e1ximo los 280 caracteres en cada publicaci\u00f3n.<\/li>\n<li>Con los 280 caracteres, puedes expresar pensamientos m\u00e1s completos, a\u00f1adir detalles y enlaces sin tener que reducir la informaci\u00f3n.<\/li>\n<li>El l\u00edmite de 280 caracteres tambi\u00e9n ha impulsado una mayor participaci\u00f3n y conversaci\u00f3n en la plataforma.<\/li>\n<\/ul>\n<h2><span class=\"ez-toc-section\" id=\"%C2%BFComo_aprovechar_al_maximo_los_280_caracteres\"><\/span>\u00bfC\u00f3mo aprovechar al m\u00e1ximo los 280 caracteres?<span class=\"ez-toc-section-end\"><\/span><\/h2>\n<p>1. S\u00e9 conciso: Aprovecha el espacio adicional para transmitir tus ideas de manera clara y directa. Evita divagar y ve directo al grano.<\/p>\n<p>2. Utiliza hashtags relevantes: Los hashtags te ayudar\u00e1n a amplificar el alcance de tus publicaciones y conectar con personas interesadas en el mismo tema.<\/p>\n<p>3. Incluye contenido multimedia: A\u00f1ade im\u00e1genes, videos o GIFs para hacer tus publicaciones m\u00e1s atractivas y llamativas.<\/p>\n<p>4. Crea preguntas o encuestas: Invita a tus seguidores a participar y generar interacci\u00f3n. Las preguntas son una excelente manera de iniciar conversaciones.<\/p>\n<p>5. Comparte enlaces \u00fatiles: Aprovecha el espacio extra para compartir enlaces relevantes que brinden m\u00e1s informaci\u00f3n o recursos complementarios.<\/p>\n<h2><span class=\"ez-toc-section\" id=\"Ejemplos_de_como_usar_los_280_caracteres\"><\/span>Ejemplos de c\u00f3mo usar los 280 caracteres<span class=\"ez-toc-section-end\"><\/span><\/h2>\n<p>1. \u00a1Estoy emocionada por el fin de semana! \u00bfAlguien tiene recomendaciones de pel\u00edculas para ver en Netflix?<\/p>\n<p>2. \u00a1Gran noticia! Mi libro favorito acaba de lanzar su secuela. No puedo esperar para sumergirme en esta nueva aventura literaria. #BookLovers<\/p>\n<p>3. \u00bfQu\u00e9 opinas sobre el \u00faltimo episodio de tu serie favorita? \u00a1Comparte tus teor\u00edas y especulaciones en los comentarios!<\/p>\n<p>4. \u00a1Descubre en mi \u00faltimo art\u00edculo los mejores consejos para mejorar tu productividad! Enlace en mi bio #Productividad<\/p>\n<h2><span class=\"ez-toc-section\" id=\"Mi_experiencia_personal\"><\/span>Mi experiencia personal<span class=\"ez-toc-section-end\"><\/span><\/h2>\n<p>Desde que Twitter ampli\u00f3 el l\u00edmite de caracteres, he experimentado una mayor libertad para expresarme y compartir contenido relevante con mi audiencia. Los 280 caracteres me permiten desarrollar mis ideas de manera m\u00e1s completa, sin tener que preocuparme por quedarme sin espacio. Adem\u00e1s, he notado un incremento en la interacci\u00f3n y participaci\u00f3n de mis seguidores. \u00a1Es genial poder conectarnos y conversar de manera m\u00e1s fluida!<\/p>\n<h2><span class=\"ez-toc-section\" id=\"Preguntas_frecuentes\"><\/span>Preguntas frecuentes<span class=\"ez-toc-section-end\"><\/span><\/h2>\n<h3><span class=\"ez-toc-section\" id=\"%C2%BFPuedo_exceder_el_limite_de_280_caracteres_en_Twitter\"><\/span>\u00bfPuedo exceder el l\u00edmite de 280 caracteres en Twitter?<span class=\"ez-toc-section-end\"><\/span><\/h3>\n<p>No, el l\u00edmite de 280 caracteres sigue siendo el m\u00e1ximo permitido en Twitter. Si excedes este l\u00edmite, tu publicaci\u00f3n se cortar\u00e1 autom\u00e1ticamente.<\/p>\n<h3><span class=\"ez-toc-section\" id=\"%C2%BFCual_es_la_diferencia_entre_un_hashtag_y_una_mencion\"><\/span>\u00bfCu\u00e1l es la diferencia entre un hashtag y una menci\u00f3n?<span class=\"ez-toc-section-end\"><\/span><\/h3>\n<p>Un hashtag es una palabra o frase precedida por el s\u00edmbolo #, utilizado para etiquetar y agrupar publicaciones relacionadas. Una menci\u00f3n, por otro lado, es cuando mencionas a otro usuario agregando su nombre de usuario precedido por el s\u00edmbolo @. Las menciones permiten notificar a otros usuarios y fomentar la interacci\u00f3n.<\/p>\n<h3><span class=\"ez-toc-section\" id=\"%C2%BFComo_puedo_medir_el_impacto_de_mis_publicaciones_en_Twitter\"><\/span>\u00bfC\u00f3mo puedo medir el impacto de mis publicaciones en Twitter?<span class=\"ez-toc-section-end\"><\/span><\/h3>\n<p>Twitter ofrece estad\u00edsticas y m\u00e9tricas en su plataforma para ayudarte a evaluar el rendimiento de tus publicaciones. Puedes consultar el n\u00famero de impresiones, retweets, likes y respuestas que ha recibido tu contenido.<\/p>\n<h3><span class=\"ez-toc-section\" id=\"%C2%BFQue_tipo_de_contenido_multimedia_puedo_compartir_en_Twitter\"><\/span>\u00bfQu\u00e9 tipo de contenido multimedia puedo compartir en Twitter?<span class=\"ez-toc-section-end\"><\/span><\/h3>\n<p>Puedes compartir im\u00e1genes, videos, GIFs y enlaces a contenido multimedia externo, como art\u00edculos o sitios web. Recuerda que Twitter tiene ciertas restricciones de tama\u00f1o y duraci\u00f3n para los diferentes tipos de contenido multimedia.<\/p>\n<h3><span class=\"ez-toc-section\" id=\"%C2%BFComo_puedo_generar_mas_interaccion_en_mis_publicaciones_en_Twitter\"><\/span>\u00bfC\u00f3mo puedo generar m\u00e1s interacci\u00f3n en mis publicaciones en Twitter?<span class=\"ez-toc-section-end\"><\/span><\/h3>\n<p>Para generar m\u00e1s interacci\u00f3n en Twitter, te recomiendo hacer preguntas, iniciar conversaciones, responder a los comentarios de tus seguidores y participar en debates relevantes. Tambi\u00e9n es importante utilizar hashtags relevantes y compartir contenido atractivo y valioso.<\/p>\n","protected":false},"excerpt":{"rendered":"<p>C\u00f3mo usar los 280 caracteres Introducci\u00f3n Hola, soy Ana Gonz\u00e1lez y en este art\u00edculo te contar\u00e9 todo lo que necesitas saber sobre c\u00f3mo sacarle el m\u00e1ximo provecho a los 280 caracteres en tus publicaciones en redes sociales. Desde que Twitter aument\u00f3 su l\u00edmite de caracteres, se han abierto nuevas posibilidades para expresarnos, comunicarnos y conectar &#8230; <a title=\"C\u00f3mo usar los 280 caracteres\" class=\"read-more\" href=\"https:\/\/dudasytextos.com\/comousar\/como-usar-los-280-caracteres\/\" aria-label=\"M\u00e1s en C\u00f3mo usar los 280 caracteres\">Leer m\u00e1s<\/a><\/p>\n","protected":false},"author":1,"featured_media":0,"comment_status":"open","ping_status":"open","sticky":false,"template":"","format":"standard","meta":{"footnotes":""},"categories":[3],"tags":[],"class_list":["post-84274","post","type-post","status-publish","format-standard","hentry","category-como-usar"],"aioseo_notices":[],"aioseo_head":"\n\t\t<!-- All in One SEO 5.0.1.1 - aioseo.com -->\n\t<meta name=\"description\" content=\"C\u00f3mo usar los 280 caracteres Introducci\u00f3n Hola, soy Ana Gonz\u00e1lez y en este art\u00edculo te contar\u00e9 todo lo que necesitas saber sobre c\u00f3mo sacarle el m\u00e1ximo provecho a los 280 caracteres en tus publicaciones en redes sociales. Desde que Twitter aument\u00f3 su l\u00edmite de caracteres, se han abierto nuevas posibilidades para expresarnos, comunicarnos y conectar\" \/>\n\t<meta name=\"robots\" content=\"max-snippet:-1, max-image-preview:large, max-video-preview:-1\" \/>\n\t<meta name=\"author\" content=\"Ana Gonz\u00e1lez\"\/>\n\t<link rel=\"canonical\" href=\"https:\/\/dudasytextos.com\/comousar\/como-usar-los-280-caracteres\/\" \/>\n\t<meta name=\"generator\" content=\"All in One SEO (AIOSEO) 5.0.1.1\" \/>\n\n\t\t<!-- Google tag (gtag.js) -->\n<script async src=\"https:\/\/www.googletagmanager.com\/gtag\/js?id=G-X7DSVXBJ5H\"><\/script>\n<script>\n  window.dataLayer = window.dataLayer || [];\n  function gtag(){dataLayer.push(arguments);}\n  gtag('js', new Date());\n\n  gtag('config', 'G-X7DSVXBJ5H');\n<\/script>\n<script async src=\"https:\/\/pagead2.googlesyndication.com\/pagead\/js\/adsbygoogle.js?client=ca-pub-3987500858204711\"\n     crossorigin=\"anonymous\"><\/script>\n\t\t<meta property=\"og:locale\" content=\"es_ES\" \/>\n\t\t<meta property=\"og:site_name\" content=\"\u00bfC\u00f3mo Usarlo? - \u00bfC\u00f3mo Usarlo?\" \/>\n\t\t<meta property=\"og:type\" content=\"article\" \/>\n\t\t<meta property=\"og:title\" content=\"C\u00f3mo usar los 280 caracteres (2026) \u00bfC\u00f3mo Usarlo?\" \/>\n\t\t<meta property=\"og:description\" content=\"C\u00f3mo usar los 280 caracteres Introducci\u00f3n Hola, soy Ana Gonz\u00e1lez y en este art\u00edculo te contar\u00e9 todo lo que necesitas saber sobre c\u00f3mo sacarle el m\u00e1ximo provecho a los 280 caracteres en tus publicaciones en redes sociales. Desde que Twitter aument\u00f3 su l\u00edmite de caracteres, se han abierto nuevas posibilidades para expresarnos, comunicarnos y conectar\" \/>\n\t\t<meta property=\"og:url\" content=\"https:\/\/dudasytextos.com\/comousar\/como-usar-los-280-caracteres\/\" \/>\n\t\t<meta property=\"article:published_time\" content=\"2025-03-04T18:28:02+00:00\" \/>\n\t\t<meta property=\"article:modified_time\" content=\"2025-03-12T19:58:15+00:00\" \/>\n\t\t<meta name=\"twitter:card\" content=\"summary_large_image\" \/>\n\t\t<meta name=\"twitter:title\" content=\"C\u00f3mo usar los 280 caracteres (2026) \u00bfC\u00f3mo Usarlo?\" \/>\n\t\t<meta name=\"twitter:description\" content=\"C\u00f3mo usar los 280 caracteres Introducci\u00f3n Hola, soy Ana Gonz\u00e1lez y en este art\u00edculo te contar\u00e9 todo lo que necesitas saber sobre c\u00f3mo sacarle el m\u00e1ximo provecho a los 280 caracteres en tus publicaciones en redes sociales. Desde que Twitter aument\u00f3 su l\u00edmite de caracteres, se han abierto nuevas posibilidades para expresarnos, comunicarnos y conectar\" \/>\n\t\t<script type=\"application\/ld+json\" class=\"aioseo-schema\">\n\t\t\t{\"@context\":\"https:\\\/\\\/schema.org\",\"@graph\":[{\"@type\":\"BlogPosting\",\"@id\":\"https:\\\/\\\/dudasytextos.com\\\/comousar\\\/como-usar-los-280-caracteres\\\/#blogposting\",\"name\":\"C\\u00f3mo usar los 280 caracteres (2026) \\u00bfC\\u00f3mo Usarlo?\",\"headline\":\"C\\u00f3mo usar los 280 caracteres\",\"author\":{\"@id\":\"https:\\\/\\\/dudasytextos.com\\\/comousar\\\/author\\\/admin23\\\/#author\"},\"publisher\":{\"@id\":\"https:\\\/\\\/dudasytextos.com\\\/comousar\\\/#organization\"},\"datePublished\":\"2025-03-04T18:28:02+00:00\",\"dateModified\":\"2025-03-12T19:58:15+00:00\",\"inLanguage\":\"es-ES\",\"mainEntityOfPage\":{\"@id\":\"https:\\\/\\\/dudasytextos.com\\\/comousar\\\/como-usar-los-280-caracteres\\\/#webpage\"},\"isPartOf\":{\"@id\":\"https:\\\/\\\/dudasytextos.com\\\/comousar\\\/como-usar-los-280-caracteres\\\/#webpage\"},\"articleSection\":\"\\u00bfC\\u00f3mo usar?\"},{\"@type\":\"BreadcrumbList\",\"@id\":\"https:\\\/\\\/dudasytextos.com\\\/comousar\\\/como-usar-los-280-caracteres\\\/#breadcrumblist\",\"itemListElement\":[{\"@type\":\"ListItem\",\"@id\":\"https:\\\/\\\/dudasytextos.com\\\/comousar#listItem\",\"position\":1,\"name\":\"Home\",\"item\":\"https:\\\/\\\/dudasytextos.com\\\/comousar\",\"nextItem\":{\"@type\":\"ListItem\",\"@id\":\"https:\\\/\\\/dudasytextos.com\\\/comousar\\\/category\\\/como-usar\\\/#listItem\",\"name\":\"\\u00bfC\\u00f3mo usar?\"}},{\"@type\":\"ListItem\",\"@id\":\"https:\\\/\\\/dudasytextos.com\\\/comousar\\\/category\\\/como-usar\\\/#listItem\",\"position\":2,\"name\":\"\\u00bfC\\u00f3mo usar?\",\"item\":\"https:\\\/\\\/dudasytextos.com\\\/comousar\\\/category\\\/como-usar\\\/\",\"nextItem\":{\"@type\":\"ListItem\",\"@id\":\"https:\\\/\\\/dudasytextos.com\\\/comousar\\\/como-usar-los-280-caracteres\\\/#listItem\",\"name\":\"C\\u00f3mo usar los 280 caracteres\"},\"previousItem\":{\"@type\":\"ListItem\",\"@id\":\"https:\\\/\\\/dudasytextos.com\\\/comousar#listItem\",\"name\":\"Home\"}},{\"@type\":\"ListItem\",\"@id\":\"https:\\\/\\\/dudasytextos.com\\\/comousar\\\/como-usar-los-280-caracteres\\\/#listItem\",\"position\":3,\"name\":\"C\\u00f3mo usar los 280 caracteres\",\"previousItem\":{\"@type\":\"ListItem\",\"@id\":\"https:\\\/\\\/dudasytextos.com\\\/comousar\\\/category\\\/como-usar\\\/#listItem\",\"name\":\"\\u00bfC\\u00f3mo usar?\"}}]},{\"@type\":\"Organization\",\"@id\":\"https:\\\/\\\/dudasytextos.com\\\/comousar\\\/#organization\",\"name\":\"Recipes\",\"description\":\"\\u00bfC\\u00f3mo Usarlo?\",\"url\":\"https:\\\/\\\/dudasytextos.com\\\/comousar\\\/\"},{\"@type\":\"Person\",\"@id\":\"https:\\\/\\\/dudasytextos.com\\\/comousar\\\/author\\\/admin23\\\/#author\",\"url\":\"https:\\\/\\\/dudasytextos.com\\\/comousar\\\/author\\\/admin23\\\/\",\"name\":\"Ana Gonz\\u00e1lez\"},{\"@type\":\"WebPage\",\"@id\":\"https:\\\/\\\/dudasytextos.com\\\/comousar\\\/como-usar-los-280-caracteres\\\/#webpage\",\"url\":\"https:\\\/\\\/dudasytextos.com\\\/comousar\\\/como-usar-los-280-caracteres\\\/\",\"name\":\"C\\u00f3mo usar los 280 caracteres (2026) \\u00bfC\\u00f3mo Usarlo?\",\"description\":\"C\\u00f3mo usar los 280 caracteres Introducci\\u00f3n Hola, soy Ana Gonz\\u00e1lez y en este art\\u00edculo te contar\\u00e9 todo lo que necesitas saber sobre c\\u00f3mo sacarle el m\\u00e1ximo provecho a los 280 caracteres en tus publicaciones en redes sociales. Desde que Twitter aument\\u00f3 su l\\u00edmite de caracteres, se han abierto nuevas posibilidades para expresarnos, comunicarnos y conectar\",\"inLanguage\":\"es-ES\",\"isPartOf\":{\"@id\":\"https:\\\/\\\/dudasytextos.com\\\/comousar\\\/#website\"},\"breadcrumb\":{\"@id\":\"https:\\\/\\\/dudasytextos.com\\\/comousar\\\/como-usar-los-280-caracteres\\\/#breadcrumblist\"},\"author\":{\"@id\":\"https:\\\/\\\/dudasytextos.com\\\/comousar\\\/author\\\/admin23\\\/#author\"},\"creator\":{\"@id\":\"https:\\\/\\\/dudasytextos.com\\\/comousar\\\/author\\\/admin23\\\/#author\"},\"datePublished\":\"2025-03-04T18:28:02+00:00\",\"dateModified\":\"2025-03-12T19:58:15+00:00\"},{\"@type\":\"WebSite\",\"@id\":\"https:\\\/\\\/dudasytextos.com\\\/comousar\\\/#website\",\"url\":\"https:\\\/\\\/dudasytextos.com\\\/comousar\\\/\",\"name\":\"Recipes\",\"description\":\"\\u00bfC\\u00f3mo Usarlo?\",\"inLanguage\":\"es-ES\",\"publisher\":{\"@id\":\"https:\\\/\\\/dudasytextos.com\\\/comousar\\\/#organization\"}}]}\n\t\t<\/script>\n\t\t<!-- All in One SEO -->\n\n","aioseo_head_json":{"title":"C\u00f3mo usar los 280 caracteres (2026) \u00bfC\u00f3mo Usarlo?","description":"C\u00f3mo usar los 280 caracteres Introducci\u00f3n Hola, soy Ana Gonz\u00e1lez y en este art\u00edculo te contar\u00e9 todo lo que necesitas saber sobre c\u00f3mo sacarle el m\u00e1ximo provecho a los 280 caracteres en tus publicaciones en redes sociales. Desde que Twitter aument\u00f3 su l\u00edmite de caracteres, se han abierto nuevas posibilidades para expresarnos, comunicarnos y conectar","canonical_url":"https:\/\/dudasytextos.com\/comousar\/como-usar-los-280-caracteres\/","robots":"max-snippet:-1, max-image-preview:large, max-video-preview:-1","keywords":"","webmasterTools":{"miscellaneous":"&lt;!-- Google tag (gtag.js) --&gt;\n&lt;script async src=\"https:\/\/www.googletagmanager.com\/gtag\/js?id=G-X7DSVXBJ5H\"&gt;&lt;\/script&gt;\n&lt;script&gt;\n  window.dataLayer = window.dataLayer || [];\n  function gtag(){dataLayer.push(arguments);}\n  gtag('js', new Date());\n\n  gtag('config', 'G-X7DSVXBJ5H');\n&lt;\/script&gt;\n&lt;script async src=\"https:\/\/pagead2.googlesyndication.com\/pagead\/js\/adsbygoogle.js?client=ca-pub-3987500858204711\"\n     crossorigin=\"anonymous\"&gt;&lt;\/script&gt;"},"schema":{"@context":"https:\/\/schema.org","@graph":[{"@type":"BlogPosting","@id":"https:\/\/dudasytextos.com\/comousar\/como-usar-los-280-caracteres\/#blogposting","name":"C\u00f3mo usar los 280 caracteres (2026) \u00bfC\u00f3mo Usarlo?","headline":"C\u00f3mo usar los 280 caracteres","author":{"@id":"https:\/\/dudasytextos.com\/comousar\/author\/admin23\/#author"},"publisher":{"@id":"https:\/\/dudasytextos.com\/comousar\/#organization"},"datePublished":"2025-03-04T18:28:02+00:00","dateModified":"2025-03-12T19:58:15+00:00","inLanguage":"es-ES","mainEntityOfPage":{"@id":"https:\/\/dudasytextos.com\/comousar\/como-usar-los-280-caracteres\/#webpage"},"isPartOf":{"@id":"https:\/\/dudasytextos.com\/comousar\/como-usar-los-280-caracteres\/#webpage"},"articleSection":"\u00bfC\u00f3mo usar?"},{"@type":"BreadcrumbList","@id":"https:\/\/dudasytextos.com\/comousar\/como-usar-los-280-caracteres\/#breadcrumblist","itemListElement":[{"@type":"ListItem","@id":"https:\/\/dudasytextos.com\/comousar#listItem","position":1,"name":"Home","item":"https:\/\/dudasytextos.com\/comousar","nextItem":{"@type":"ListItem","@id":"https:\/\/dudasytextos.com\/comousar\/category\/como-usar\/#listItem","name":"\u00bfC\u00f3mo usar?"}},{"@type":"ListItem","@id":"https:\/\/dudasytextos.com\/comousar\/category\/como-usar\/#listItem","position":2,"name":"\u00bfC\u00f3mo usar?","item":"https:\/\/dudasytextos.com\/comousar\/category\/como-usar\/","nextItem":{"@type":"ListItem","@id":"https:\/\/dudasytextos.com\/comousar\/como-usar-los-280-caracteres\/#listItem","name":"C\u00f3mo usar los 280 caracteres"},"previousItem":{"@type":"ListItem","@id":"https:\/\/dudasytextos.com\/comousar#listItem","name":"Home"}},{"@type":"ListItem","@id":"https:\/\/dudasytextos.com\/comousar\/como-usar-los-280-caracteres\/#listItem","position":3,"name":"C\u00f3mo usar los 280 caracteres","previousItem":{"@type":"ListItem","@id":"https:\/\/dudasytextos.com\/comousar\/category\/como-usar\/#listItem","name":"\u00bfC\u00f3mo usar?"}}]},{"@type":"Organization","@id":"https:\/\/dudasytextos.com\/comousar\/#organization","name":"Recipes","description":"\u00bfC\u00f3mo Usarlo?","url":"https:\/\/dudasytextos.com\/comousar\/"},{"@type":"Person","@id":"https:\/\/dudasytextos.com\/comousar\/author\/admin23\/#author","url":"https:\/\/dudasytextos.com\/comousar\/author\/admin23\/","name":"Ana Gonz\u00e1lez"},{"@type":"WebPage","@id":"https:\/\/dudasytextos.com\/comousar\/como-usar-los-280-caracteres\/#webpage","url":"https:\/\/dudasytextos.com\/comousar\/como-usar-los-280-caracteres\/","name":"C\u00f3mo usar los 280 caracteres (2026) \u00bfC\u00f3mo Usarlo?","description":"C\u00f3mo usar los 280 caracteres Introducci\u00f3n Hola, soy Ana Gonz\u00e1lez y en este art\u00edculo te contar\u00e9 todo lo que necesitas saber sobre c\u00f3mo sacarle el m\u00e1ximo provecho a los 280 caracteres en tus publicaciones en redes sociales. Desde que Twitter aument\u00f3 su l\u00edmite de caracteres, se han abierto nuevas posibilidades para expresarnos, comunicarnos y conectar","inLanguage":"es-ES","isPartOf":{"@id":"https:\/\/dudasytextos.com\/comousar\/#website"},"breadcrumb":{"@id":"https:\/\/dudasytextos.com\/comousar\/como-usar-los-280-caracteres\/#breadcrumblist"},"author":{"@id":"https:\/\/dudasytextos.com\/comousar\/author\/admin23\/#author"},"creator":{"@id":"https:\/\/dudasytextos.com\/comousar\/author\/admin23\/#author"},"datePublished":"2025-03-04T18:28:02+00:00","dateModified":"2025-03-12T19:58:15+00:00"},{"@type":"WebSite","@id":"https:\/\/dudasytextos.com\/comousar\/#website","url":"https:\/\/dudasytextos.com\/comousar\/","name":"Recipes","description":"\u00bfC\u00f3mo Usarlo?","inLanguage":"es-ES","publisher":{"@id":"https:\/\/dudasytextos.com\/comousar\/#organization"}}]},"og:locale":"es_ES","og:site_name":"\u00bfC\u00f3mo Usarlo? - \u00bfC\u00f3mo Usarlo?","og:type":"article","og:title":"C\u00f3mo usar los 280 caracteres (2026) \u00bfC\u00f3mo Usarlo?","og:description":"C\u00f3mo usar los 280 caracteres Introducci\u00f3n Hola, soy Ana Gonz\u00e1lez y en este art\u00edculo te contar\u00e9 todo lo que necesitas saber sobre c\u00f3mo sacarle el m\u00e1ximo provecho a los 280 caracteres en tus publicaciones en redes sociales. Desde que Twitter aument\u00f3 su l\u00edmite de caracteres, se han abierto nuevas posibilidades para expresarnos, comunicarnos y conectar","og:url":"https:\/\/dudasytextos.com\/comousar\/como-usar-los-280-caracteres\/","article:published_time":"2025-03-04T18:28:02+00:00","article:modified_time":"2025-03-12T19:58:15+00:00","twitter:card":"summary_large_image","twitter:title":"C\u00f3mo usar los 280 caracteres (2026) \u00bfC\u00f3mo Usarlo?","twitter:description":"C\u00f3mo usar los 280 caracteres Introducci\u00f3n Hola, soy Ana Gonz\u00e1lez y en este art\u00edculo te contar\u00e9 todo lo que necesitas saber sobre c\u00f3mo sacarle el m\u00e1ximo provecho a los 280 caracteres en tus publicaciones en redes sociales. Desde que Twitter aument\u00f3 su l\u00edmite de caracteres, se han abierto nuevas posibilidades para expresarnos, comunicarnos y conectar"},"aioseo_meta_data":{"post_id":"84274","title":null,"description":null,"keywords":null,"keyphrases":null,"primary_term":null,"canonical_url":null,"og_title":null,"og_description":null,"og_object_type":"default","og_image_type":"default","og_image_url":null,"og_image_width":null,"og_image_height":null,"og_image_custom_url":null,"og_image_custom_fields":null,"og_video":null,"og_custom_url":null,"og_article_section":null,"og_article_tags":null,"twitter_use_og":false,"twitter_card":"default","twitter_image_type":"default","twitter_image_url":null,"twitter_image_custom_url":null,"twitter_image_custom_fields":null,"twitter_title":null,"twitter_description":null,"schema":{"blockGraphs":[],"customGraphs":[],"default":{"data":{"Article":[],"Course":[],"Dataset":[],"FAQPage":[],"Movie":[],"Person":[],"Product":[],"ProductReview":[],"Car":[],"Recipe":[],"Service":[],"SoftwareApplication":[],"WebPage":[]},"graphName":"","isEnabled":true},"graphs":[]},"schema_type":"default","schema_type_options":null,"pillar_content":false,"robots_default":true,"robots_noindex":false,"robots_noarchive":false,"robots_nosnippet":false,"robots_nofollow":false,"robots_noimageindex":false,"robots_noodp":false,"robots_notranslate":false,"robots_max_snippet":null,"robots_max_videopreview":null,"robots_max_imagepreview":"large","priority":null,"frequency":null,"local_seo":null,"breadcrumb_settings":null,"limit_modified_date":false,"ai":null,"created":"2023-07-14 04:15:53","updated":"2025-06-04 17:29:25","seo_analyzer_scan_date":null,"focus_keyword":null,"additional_keywords":null,"truseo_locale":null},"aioseo_breadcrumb":"<div class=\"aioseo-breadcrumbs\"><span class=\"aioseo-breadcrumb\">\n\t\t\t<a href=\"https:\/\/dudasytextos.com\/comousar\" title=\"Home\">Home<\/a>\n\t\t<\/span><span class=\"aioseo-breadcrumb-separator\">&raquo;<\/span><span class=\"aioseo-breadcrumb\">\n\t\t\t<a href=\"https:\/\/dudasytextos.com\/comousar\/category\/como-usar\/\" title=\"\u00bfC\u00f3mo usar?\">\u00bfC\u00f3mo usar?<\/a>\n\t\t<\/span><span class=\"aioseo-breadcrumb-separator\">&raquo;<\/span><span class=\"aioseo-breadcrumb\">\n\t\t\tC\u00f3mo usar los 280 caracteres\n\t\t<\/span><\/div>","aioseo_breadcrumb_json":[{"label":"Home","link":"https:\/\/dudasytextos.com\/comousar"},{"label":"\u00bfC\u00f3mo usar?","link":"https:\/\/dudasytextos.com\/comousar\/category\/como-usar\/"},{"label":"C\u00f3mo usar los 280 caracteres","link":"https:\/\/dudasytextos.com\/comousar\/como-usar-los-280-caracteres\/"}],"_links":{"self":[{"href":"https:\/\/dudasytextos.com\/comousar\/wp-json\/wp\/v2\/posts\/84274","targetHints":{"allow":["GET"]}}],"collection":[{"href":"https:\/\/dudasytextos.com\/comousar\/wp-json\/wp\/v2\/posts"}],"about":[{"href":"https:\/\/dudasytextos.com\/comousar\/wp-json\/wp\/v2\/types\/post"}],"author":[{"embeddable":true,"href":"https:\/\/dudasytextos.com\/comousar\/wp-json\/wp\/v2\/users\/1"}],"replies":[{"embeddable":true,"href":"https:\/\/dudasytextos.com\/comousar\/wp-json\/wp\/v2\/comments?post=84274"}],"version-history":[{"count":0,"href":"https:\/\/dudasytextos.com\/comousar\/wp-json\/wp\/v2\/posts\/84274\/revisions"}],"wp:attachment":[{"href":"https:\/\/dudasytextos.com\/comousar\/wp-json\/wp\/v2\/media?parent=84274"}],"wp:term":[{"taxonomy":"category","embeddable":true,"href":"https:\/\/dudasytextos.com\/comousar\/wp-json\/wp\/v2\/categories?post=84274"},{"taxonomy":"post_tag","embeddable":true,"href":"https:\/\/dudasytextos.com\/comousar\/wp-json\/wp\/v2\/tags?post=84274"}],"curies":[{"name":"wp","href":"https:\/\/api.w.org\/{rel}","templated":true}]}}