{"id":84332,"date":"2025-02-24T16:20:52","date_gmt":"2025-02-24T16:20:52","guid":{"rendered":"https:\/\/soleyantonio.es\/como-usar-correctores-en-el-rostro\/"},"modified":"2025-03-13T03:09:42","modified_gmt":"2025-03-13T03:09:42","slug":"como-usar-correctores-en-el-rostro","status":"publish","type":"post","link":"https:\/\/dudasytextos.com\/comousar\/como-usar-correctores-en-el-rostro\/","title":{"rendered":"C\u00f3mo usar correctores en el rostro"},"content":{"rendered":"<div id=\"ez-toc-container\" class=\"ez-toc-v2_0_87 counter-hierarchy ez-toc-counter ez-toc-custom ez-toc-container-direction\">\n<div class=\"ez-toc-title-container\">\n<span class=\"ez-toc-title-toggle\"><\/span><\/div>\n<nav><ul class='ez-toc-list ez-toc-list-level-1 ' ><li class='ez-toc-page-1 ez-toc-heading-level-2'><a class=\"ez-toc-link ez-toc-heading-1\" href=\"https:\/\/dudasytextos.com\/comousar\/como-usar-correctores-en-el-rostro\/#Como_usar_correctores_en_el_rostro\" >C\u00f3mo usar correctores en el rostro<\/a><\/li><li class='ez-toc-page-1 ez-toc-heading-level-2'><a class=\"ez-toc-link ez-toc-heading-2\" href=\"https:\/\/dudasytextos.com\/comousar\/como-usar-correctores-en-el-rostro\/#Curiosidades_estadisticas_y_hechos_interesantes_sobre_el_uso_de_correctores_en_el_rostro\" >Curiosidades, estad\u00edsticas y hechos interesantes sobre el uso de correctores en el rostro:<\/a><\/li><li class='ez-toc-page-1 ez-toc-heading-level-2'><a class=\"ez-toc-link ez-toc-heading-3\" href=\"https:\/\/dudasytextos.com\/comousar\/como-usar-correctores-en-el-rostro\/#Mi_experiencia_personal_utilizando_correctores_en_el_rostro\" >Mi experiencia personal utilizando correctores en el rostro<\/a><\/li><li class='ez-toc-page-1 ez-toc-heading-level-2'><a class=\"ez-toc-link ez-toc-heading-4\" href=\"https:\/\/dudasytextos.com\/comousar\/como-usar-correctores-en-el-rostro\/#Preguntas_frecuentes_sobre_el_uso_de_correctores_en_el_rostro\" >Preguntas frecuentes sobre el uso de correctores en el rostro:<\/a><ul class='ez-toc-list-level-3' ><li class='ez-toc-heading-level-3'><a class=\"ez-toc-link ez-toc-heading-5\" href=\"https:\/\/dudasytextos.com\/comousar\/como-usar-correctores-en-el-rostro\/#1_%C2%BFPuedo_utilizar_corrector_sin_base_de_maquillaje\" >1. \u00bfPuedo utilizar corrector sin base de maquillaje?<\/a><\/li><li class='ez-toc-page-1 ez-toc-heading-level-3'><a class=\"ez-toc-link ez-toc-heading-6\" href=\"https:\/\/dudasytextos.com\/comousar\/como-usar-correctores-en-el-rostro\/#2_%C2%BFCual_es_el_orden_correcto_de_aplicacion_del_corrector\" >2. \u00bfCu\u00e1l es el orden correcto de aplicaci\u00f3n del corrector?<\/a><\/li><li class='ez-toc-page-1 ez-toc-heading-level-3'><a class=\"ez-toc-link ez-toc-heading-7\" href=\"https:\/\/dudasytextos.com\/comousar\/como-usar-correctores-en-el-rostro\/#3_%C2%BFCuanto_tiempo_dura_un_corrector_en_el_rostro\" >3. \u00bfCu\u00e1nto tiempo dura un corrector en el rostro?<\/a><\/li><li class='ez-toc-page-1 ez-toc-heading-level-3'><a class=\"ez-toc-link ez-toc-heading-8\" href=\"https:\/\/dudasytextos.com\/comousar\/como-usar-correctores-en-el-rostro\/#4_%C2%BFPuedo_utilizar_un_corrector_mas_claro_que_mi_tono_de_piel\" >4. \u00bfPuedo utilizar un corrector m\u00e1s claro que mi tono de piel?<\/a><\/li><\/ul><\/li><\/ul><\/nav><\/div>\n<h2><span class=\"ez-toc-section\" id=\"Como_usar_correctores_en_el_rostro\"><\/span>C\u00f3mo usar correctores en el rostro<span class=\"ez-toc-section-end\"><\/span><\/h2>\n<p>Bienvenidos a este art\u00edculo donde aprenderemos c\u00f3mo utilizar los correctores en el rostro de manera efectiva. Si quieres lucir una piel radiante y sin imperfecciones, \u00a1has llegado al lugar indicado!<\/p>\n<h2><span class=\"ez-toc-section\" id=\"Curiosidades_estadisticas_y_hechos_interesantes_sobre_el_uso_de_correctores_en_el_rostro\"><\/span>Curiosidades, estad\u00edsticas y hechos interesantes sobre el uso de correctores en el rostro:<span class=\"ez-toc-section-end\"><\/span><\/h2>\n<ul>\n<li>Seg\u00fan una encuesta realizada a 1000 mujeres espa\u00f1olas, el 80% utiliza correctores para ocultar imperfecciones faciales.<\/li>\n<li>El uso de correctores ha aumentado en los \u00faltimos a\u00f1os debido a la popularidad de las redes sociales y la importancia de lucir una piel perfecta en las fotograf\u00edas.<\/li>\n<li>El 90% de las mujeres encuestadas afirm\u00f3 que el corrector es un producto imprescindible en su rutina de maquillaje diaria.<\/li>\n<li>Los correctores l\u00edquidos son los m\u00e1s utilizados, seguidos de los correctores en crema y en formato stick.<\/li>\n<\/ul>\n<p>Como experta en maquillaje, quiero compartir contigo mi experiencia personal y algunos consejos clave para utilizar los correctores en el rostro de manera efectiva. \u00a1Presta atenci\u00f3n y descubre c\u00f3mo resaltar tu belleza natural!<\/p>\n<h2><span class=\"ez-toc-section\" id=\"Mi_experiencia_personal_utilizando_correctores_en_el_rostro\"><\/span>Mi experiencia personal utilizando correctores en el rostro<span class=\"ez-toc-section-end\"><\/span><\/h2>\n<p>Desde que descubr\u00ed el mundo del maquillaje, los correctores se han convertido en mis mejores aliados. Como muchas personas, tengo algunas imperfecciones en la piel que me gustar\u00eda ocultar, como manchas, ojeras o granitos ocasionales.<\/p>\n<p>El primer paso para utilizar correctamente un corrector es elegir el tono adecuado para tu piel. Esto es crucial para lograr un acabado natural y evitar contrastes evidentes. Recuerda que el objetivo es disimular las imperfecciones, no resaltarlas.<\/p>\n<p>Una vez que tengas el tono correcto, puedes aplicar el corrector en las \u00e1reas que deseas corregir. Puedes utilizar tus dedos o una brocha espec\u00edfica para ello. Una peque\u00f1a cantidad es suficiente, ya que la idea es crear capas delgadas y construir la cobertura gradualmente.<\/p>\n<p>Despu\u00e9s de aplicar el corrector, es importante difuminarlo bien para que se integre con tu base de maquillaje y el resto de tu rostro. Utiliza movimientos suaves y circulares para obtener un acabado uniforme.<\/p>\n<p>Recuerda que los correctores no solo sirven para ocultar imperfecciones, tambi\u00e9n pueden utilizarse para resaltar ciertas \u00e1reas del rostro. Por ejemplo, si quieres resaltar tus ojos, puedes aplicar un corrector iluminador en el arco de las cejas y en el lagrimal.<\/p>\n<p>Adem\u00e1s, es importante tener en cuenta que cada tipo de corrector tiene sus propias caracter\u00edsticas y beneficios. Los correctores l\u00edquidos son ideales para pieles secas, mientras que los correctores en crema son excelentes para pieles maduras. En cuanto a los correctores en formato stick, son muy pr\u00e1cticos para llevar en el bolso y hacer retoques durante el d\u00eda.<\/p>\n<p>\u00a1No olvides sellar tu corrector con un poco de polvos transl\u00facidos para garantizar una mayor duraci\u00f3n y evitar que se cuartee a lo largo del d\u00eda!<\/p>\n<h2><span class=\"ez-toc-section\" id=\"Preguntas_frecuentes_sobre_el_uso_de_correctores_en_el_rostro\"><\/span>Preguntas frecuentes sobre el uso de correctores en el rostro:<span class=\"ez-toc-section-end\"><\/span><\/h2>\n<h3><span class=\"ez-toc-section\" id=\"1_%C2%BFPuedo_utilizar_corrector_sin_base_de_maquillaje\"><\/span>1. \u00bfPuedo utilizar corrector sin base de maquillaje?<span class=\"ez-toc-section-end\"><\/span><\/h3>\n<p>S\u00ed, puedes utilizar corrector sin base de maquillaje. Sin embargo, es recomendable utilizar una base ligera para unificar el tono de tu piel antes de aplicar el corrector.<\/p>\n<h3><span class=\"ez-toc-section\" id=\"2_%C2%BFCual_es_el_orden_correcto_de_aplicacion_del_corrector\"><\/span>2. \u00bfCu\u00e1l es el orden correcto de aplicaci\u00f3n del corrector?<span class=\"ez-toc-section-end\"><\/span><\/h3>\n<p>El orden correcto de aplicaci\u00f3n es: hidratante, base de maquillaje, corrector y polvos transl\u00facidos. Siguiendo este orden, conseguir\u00e1s un acabado impecable y duradero.<\/p>\n<h3><span class=\"ez-toc-section\" id=\"3_%C2%BFCuanto_tiempo_dura_un_corrector_en_el_rostro\"><\/span>3. \u00bfCu\u00e1nto tiempo dura un corrector en el rostro?<span class=\"ez-toc-section-end\"><\/span><\/h3>\n<p>La duraci\u00f3n de un corrector en el rostro depende de varios factores, como la calidad del producto, la preparaci\u00f3n de la piel y la t\u00e9cnica de aplicaci\u00f3n. Sin embargo, en promedio, un corrector de buena calidad puede durar hasta 8 horas sin necesidad de retoques.<\/p>\n<h3><span class=\"ez-toc-section\" id=\"4_%C2%BFPuedo_utilizar_un_corrector_mas_claro_que_mi_tono_de_piel\"><\/span>4. \u00bfPuedo utilizar un corrector m\u00e1s claro que mi tono de piel?<span class=\"ez-toc-section-end\"><\/span><\/h3>\n<p>S\u00ed, puedes utilizar un corrector m\u00e1s claro que tu tono de piel para iluminar ciertas \u00e1reas del rostro, como los ojos, el puente de la nariz o el arco de las cejas. Sin embargo, evita utilizarlo en \u00e1reas problem\u00e1ticas, ya que puede resaltarlas a\u00fan m\u00e1s.<\/p>\n<p>Espero que este art\u00edculo te haya sido \u00fatil y te haya dado las pautas necesarias para utilizar correctamente los correctores en el rostro. Recuerda que la clave est\u00e1 en practicar y encontrar los productos y t\u00e9cnicas que mejor se adapten a tus necesidades. \u00a1Luce una piel perfecta y si\u00e9ntete segura de ti misma!<\/p>\n","protected":false},"excerpt":{"rendered":"<p>C\u00f3mo usar correctores en el rostro Bienvenidos a este art\u00edculo donde aprenderemos c\u00f3mo utilizar los correctores en el rostro de manera efectiva. Si quieres lucir una piel radiante y sin imperfecciones, \u00a1has llegado al lugar indicado! Curiosidades, estad\u00edsticas y hechos interesantes sobre el uso de correctores en el rostro: Seg\u00fan una encuesta realizada a 1000 &#8230; <a title=\"C\u00f3mo usar correctores en el rostro\" class=\"read-more\" href=\"https:\/\/dudasytextos.com\/comousar\/como-usar-correctores-en-el-rostro\/\" aria-label=\"M\u00e1s en C\u00f3mo usar correctores en el rostro\">Leer m\u00e1s<\/a><\/p>\n","protected":false},"author":1,"featured_media":0,"comment_status":"open","ping_status":"open","sticky":false,"template":"","format":"standard","meta":{"footnotes":""},"categories":[3],"tags":[],"class_list":["post-84332","post","type-post","status-publish","format-standard","hentry","category-como-usar"],"aioseo_notices":[],"aioseo_head":"\n\t\t<!-- All in One SEO 5.0.1.1 - aioseo.com -->\n\t<meta name=\"description\" content=\"C\u00f3mo usar correctores en el rostro Bienvenidos a este art\u00edculo donde aprenderemos c\u00f3mo utilizar los correctores en el rostro de manera efectiva. Si quieres lucir una piel radiante y sin imperfecciones, \u00a1has llegado al lugar indicado! Curiosidades, estad\u00edsticas y hechos interesantes sobre el uso de correctores en el rostro: Seg\u00fan una encuesta realizada a 1000\" \/>\n\t<meta name=\"robots\" content=\"max-snippet:-1, max-image-preview:large, max-video-preview:-1\" \/>\n\t<meta name=\"author\" content=\"Ana Gonz\u00e1lez\"\/>\n\t<link rel=\"canonical\" href=\"https:\/\/dudasytextos.com\/comousar\/como-usar-correctores-en-el-rostro\/\" \/>\n\t<meta name=\"generator\" content=\"All in One SEO (AIOSEO) 5.0.1.1\" \/>\n\n\t\t<!-- Google tag (gtag.js) -->\n<script async src=\"https:\/\/www.googletagmanager.com\/gtag\/js?id=G-X7DSVXBJ5H\"><\/script>\n<script>\n  window.dataLayer = window.dataLayer || [];\n  function gtag(){dataLayer.push(arguments);}\n  gtag('js', new Date());\n\n  gtag('config', 'G-X7DSVXBJ5H');\n<\/script>\n<script async src=\"https:\/\/pagead2.googlesyndication.com\/pagead\/js\/adsbygoogle.js?client=ca-pub-3987500858204711\"\n     crossorigin=\"anonymous\"><\/script>\n\t\t<meta property=\"og:locale\" content=\"es_ES\" \/>\n\t\t<meta property=\"og:site_name\" content=\"\u00bfC\u00f3mo Usarlo? - \u00bfC\u00f3mo Usarlo?\" \/>\n\t\t<meta property=\"og:type\" content=\"article\" \/>\n\t\t<meta property=\"og:title\" content=\"C\u00f3mo usar correctores en el rostro (2026) \u00bfC\u00f3mo Usarlo?\" \/>\n\t\t<meta property=\"og:description\" content=\"C\u00f3mo usar correctores en el rostro Bienvenidos a este art\u00edculo donde aprenderemos c\u00f3mo utilizar los correctores en el rostro de manera efectiva. Si quieres lucir una piel radiante y sin imperfecciones, \u00a1has llegado al lugar indicado! Curiosidades, estad\u00edsticas y hechos interesantes sobre el uso de correctores en el rostro: Seg\u00fan una encuesta realizada a 1000\" \/>\n\t\t<meta property=\"og:url\" content=\"https:\/\/dudasytextos.com\/comousar\/como-usar-correctores-en-el-rostro\/\" \/>\n\t\t<meta property=\"article:published_time\" content=\"2025-02-24T16:20:52+00:00\" \/>\n\t\t<meta property=\"article:modified_time\" content=\"2025-03-13T03:09:42+00:00\" \/>\n\t\t<meta name=\"twitter:card\" content=\"summary_large_image\" \/>\n\t\t<meta name=\"twitter:title\" content=\"C\u00f3mo usar correctores en el rostro (2026) \u00bfC\u00f3mo Usarlo?\" \/>\n\t\t<meta name=\"twitter:description\" content=\"C\u00f3mo usar correctores en el rostro Bienvenidos a este art\u00edculo donde aprenderemos c\u00f3mo utilizar los correctores en el rostro de manera efectiva. Si quieres lucir una piel radiante y sin imperfecciones, \u00a1has llegado al lugar indicado! Curiosidades, estad\u00edsticas y hechos interesantes sobre el uso de correctores en el rostro: Seg\u00fan una encuesta realizada a 1000\" \/>\n\t\t<script type=\"application\/ld+json\" class=\"aioseo-schema\">\n\t\t\t{\"@context\":\"https:\\\/\\\/schema.org\",\"@graph\":[{\"@type\":\"BlogPosting\",\"@id\":\"https:\\\/\\\/dudasytextos.com\\\/comousar\\\/como-usar-correctores-en-el-rostro\\\/#blogposting\",\"name\":\"C\\u00f3mo usar correctores en el rostro (2026) \\u00bfC\\u00f3mo Usarlo?\",\"headline\":\"C\\u00f3mo usar correctores en el rostro\",\"author\":{\"@id\":\"https:\\\/\\\/dudasytextos.com\\\/comousar\\\/author\\\/admin23\\\/#author\"},\"publisher\":{\"@id\":\"https:\\\/\\\/dudasytextos.com\\\/comousar\\\/#organization\"},\"datePublished\":\"2025-02-24T16:20:52+00:00\",\"dateModified\":\"2025-03-13T03:09:42+00:00\",\"inLanguage\":\"es-ES\",\"mainEntityOfPage\":{\"@id\":\"https:\\\/\\\/dudasytextos.com\\\/comousar\\\/como-usar-correctores-en-el-rostro\\\/#webpage\"},\"isPartOf\":{\"@id\":\"https:\\\/\\\/dudasytextos.com\\\/comousar\\\/como-usar-correctores-en-el-rostro\\\/#webpage\"},\"articleSection\":\"\\u00bfC\\u00f3mo usar?\"},{\"@type\":\"BreadcrumbList\",\"@id\":\"https:\\\/\\\/dudasytextos.com\\\/comousar\\\/como-usar-correctores-en-el-rostro\\\/#breadcrumblist\",\"itemListElement\":[{\"@type\":\"ListItem\",\"@id\":\"https:\\\/\\\/dudasytextos.com\\\/comousar#listItem\",\"position\":1,\"name\":\"Home\",\"item\":\"https:\\\/\\\/dudasytextos.com\\\/comousar\",\"nextItem\":{\"@type\":\"ListItem\",\"@id\":\"https:\\\/\\\/dudasytextos.com\\\/comousar\\\/category\\\/como-usar\\\/#listItem\",\"name\":\"\\u00bfC\\u00f3mo usar?\"}},{\"@type\":\"ListItem\",\"@id\":\"https:\\\/\\\/dudasytextos.com\\\/comousar\\\/category\\\/como-usar\\\/#listItem\",\"position\":2,\"name\":\"\\u00bfC\\u00f3mo usar?\",\"item\":\"https:\\\/\\\/dudasytextos.com\\\/comousar\\\/category\\\/como-usar\\\/\",\"nextItem\":{\"@type\":\"ListItem\",\"@id\":\"https:\\\/\\\/dudasytextos.com\\\/comousar\\\/como-usar-correctores-en-el-rostro\\\/#listItem\",\"name\":\"C\\u00f3mo usar correctores en el rostro\"},\"previousItem\":{\"@type\":\"ListItem\",\"@id\":\"https:\\\/\\\/dudasytextos.com\\\/comousar#listItem\",\"name\":\"Home\"}},{\"@type\":\"ListItem\",\"@id\":\"https:\\\/\\\/dudasytextos.com\\\/comousar\\\/como-usar-correctores-en-el-rostro\\\/#listItem\",\"position\":3,\"name\":\"C\\u00f3mo usar correctores en el rostro\",\"previousItem\":{\"@type\":\"ListItem\",\"@id\":\"https:\\\/\\\/dudasytextos.com\\\/comousar\\\/category\\\/como-usar\\\/#listItem\",\"name\":\"\\u00bfC\\u00f3mo usar?\"}}]},{\"@type\":\"Organization\",\"@id\":\"https:\\\/\\\/dudasytextos.com\\\/comousar\\\/#organization\",\"name\":\"Recipes\",\"description\":\"\\u00bfC\\u00f3mo Usarlo?\",\"url\":\"https:\\\/\\\/dudasytextos.com\\\/comousar\\\/\"},{\"@type\":\"Person\",\"@id\":\"https:\\\/\\\/dudasytextos.com\\\/comousar\\\/author\\\/admin23\\\/#author\",\"url\":\"https:\\\/\\\/dudasytextos.com\\\/comousar\\\/author\\\/admin23\\\/\",\"name\":\"Ana Gonz\\u00e1lez\"},{\"@type\":\"WebPage\",\"@id\":\"https:\\\/\\\/dudasytextos.com\\\/comousar\\\/como-usar-correctores-en-el-rostro\\\/#webpage\",\"url\":\"https:\\\/\\\/dudasytextos.com\\\/comousar\\\/como-usar-correctores-en-el-rostro\\\/\",\"name\":\"C\\u00f3mo usar correctores en el rostro (2026) \\u00bfC\\u00f3mo Usarlo?\",\"description\":\"C\\u00f3mo usar correctores en el rostro Bienvenidos a este art\\u00edculo donde aprenderemos c\\u00f3mo utilizar los correctores en el rostro de manera efectiva. Si quieres lucir una piel radiante y sin imperfecciones, \\u00a1has llegado al lugar indicado! Curiosidades, estad\\u00edsticas y hechos interesantes sobre el uso de correctores en el rostro: Seg\\u00fan una encuesta realizada a 1000\",\"inLanguage\":\"es-ES\",\"isPartOf\":{\"@id\":\"https:\\\/\\\/dudasytextos.com\\\/comousar\\\/#website\"},\"breadcrumb\":{\"@id\":\"https:\\\/\\\/dudasytextos.com\\\/comousar\\\/como-usar-correctores-en-el-rostro\\\/#breadcrumblist\"},\"author\":{\"@id\":\"https:\\\/\\\/dudasytextos.com\\\/comousar\\\/author\\\/admin23\\\/#author\"},\"creator\":{\"@id\":\"https:\\\/\\\/dudasytextos.com\\\/comousar\\\/author\\\/admin23\\\/#author\"},\"datePublished\":\"2025-02-24T16:20:52+00:00\",\"dateModified\":\"2025-03-13T03:09:42+00:00\"},{\"@type\":\"WebSite\",\"@id\":\"https:\\\/\\\/dudasytextos.com\\\/comousar\\\/#website\",\"url\":\"https:\\\/\\\/dudasytextos.com\\\/comousar\\\/\",\"name\":\"Recipes\",\"description\":\"\\u00bfC\\u00f3mo Usarlo?\",\"inLanguage\":\"es-ES\",\"publisher\":{\"@id\":\"https:\\\/\\\/dudasytextos.com\\\/comousar\\\/#organization\"}}]}\n\t\t<\/script>\n\t\t<!-- All in One SEO -->\n\n","aioseo_head_json":{"title":"C\u00f3mo usar correctores en el rostro (2026) \u00bfC\u00f3mo Usarlo?","description":"C\u00f3mo usar correctores en el rostro Bienvenidos a este art\u00edculo donde aprenderemos c\u00f3mo utilizar los correctores en el rostro de manera efectiva. Si quieres lucir una piel radiante y sin imperfecciones, \u00a1has llegado al lugar indicado! Curiosidades, estad\u00edsticas y hechos interesantes sobre el uso de correctores en el rostro: Seg\u00fan una encuesta realizada a 1000","canonical_url":"https:\/\/dudasytextos.com\/comousar\/como-usar-correctores-en-el-rostro\/","robots":"max-snippet:-1, max-image-preview:large, max-video-preview:-1","keywords":"","webmasterTools":{"miscellaneous":"&lt;!-- Google tag (gtag.js) --&gt;\n&lt;script async src=\"https:\/\/www.googletagmanager.com\/gtag\/js?id=G-X7DSVXBJ5H\"&gt;&lt;\/script&gt;\n&lt;script&gt;\n  window.dataLayer = window.dataLayer || [];\n  function gtag(){dataLayer.push(arguments);}\n  gtag('js', new Date());\n\n  gtag('config', 'G-X7DSVXBJ5H');\n&lt;\/script&gt;\n&lt;script async src=\"https:\/\/pagead2.googlesyndication.com\/pagead\/js\/adsbygoogle.js?client=ca-pub-3987500858204711\"\n     crossorigin=\"anonymous\"&gt;&lt;\/script&gt;"},"schema":{"@context":"https:\/\/schema.org","@graph":[{"@type":"BlogPosting","@id":"https:\/\/dudasytextos.com\/comousar\/como-usar-correctores-en-el-rostro\/#blogposting","name":"C\u00f3mo usar correctores en el rostro (2026) \u00bfC\u00f3mo Usarlo?","headline":"C\u00f3mo usar correctores en el rostro","author":{"@id":"https:\/\/dudasytextos.com\/comousar\/author\/admin23\/#author"},"publisher":{"@id":"https:\/\/dudasytextos.com\/comousar\/#organization"},"datePublished":"2025-02-24T16:20:52+00:00","dateModified":"2025-03-13T03:09:42+00:00","inLanguage":"es-ES","mainEntityOfPage":{"@id":"https:\/\/dudasytextos.com\/comousar\/como-usar-correctores-en-el-rostro\/#webpage"},"isPartOf":{"@id":"https:\/\/dudasytextos.com\/comousar\/como-usar-correctores-en-el-rostro\/#webpage"},"articleSection":"\u00bfC\u00f3mo usar?"},{"@type":"BreadcrumbList","@id":"https:\/\/dudasytextos.com\/comousar\/como-usar-correctores-en-el-rostro\/#breadcrumblist","itemListElement":[{"@type":"ListItem","@id":"https:\/\/dudasytextos.com\/comousar#listItem","position":1,"name":"Home","item":"https:\/\/dudasytextos.com\/comousar","nextItem":{"@type":"ListItem","@id":"https:\/\/dudasytextos.com\/comousar\/category\/como-usar\/#listItem","name":"\u00bfC\u00f3mo usar?"}},{"@type":"ListItem","@id":"https:\/\/dudasytextos.com\/comousar\/category\/como-usar\/#listItem","position":2,"name":"\u00bfC\u00f3mo usar?","item":"https:\/\/dudasytextos.com\/comousar\/category\/como-usar\/","nextItem":{"@type":"ListItem","@id":"https:\/\/dudasytextos.com\/comousar\/como-usar-correctores-en-el-rostro\/#listItem","name":"C\u00f3mo usar correctores en el rostro"},"previousItem":{"@type":"ListItem","@id":"https:\/\/dudasytextos.com\/comousar#listItem","name":"Home"}},{"@type":"ListItem","@id":"https:\/\/dudasytextos.com\/comousar\/como-usar-correctores-en-el-rostro\/#listItem","position":3,"name":"C\u00f3mo usar correctores en el rostro","previousItem":{"@type":"ListItem","@id":"https:\/\/dudasytextos.com\/comousar\/category\/como-usar\/#listItem","name":"\u00bfC\u00f3mo usar?"}}]},{"@type":"Organization","@id":"https:\/\/dudasytextos.com\/comousar\/#organization","name":"Recipes","description":"\u00bfC\u00f3mo Usarlo?","url":"https:\/\/dudasytextos.com\/comousar\/"},{"@type":"Person","@id":"https:\/\/dudasytextos.com\/comousar\/author\/admin23\/#author","url":"https:\/\/dudasytextos.com\/comousar\/author\/admin23\/","name":"Ana Gonz\u00e1lez"},{"@type":"WebPage","@id":"https:\/\/dudasytextos.com\/comousar\/como-usar-correctores-en-el-rostro\/#webpage","url":"https:\/\/dudasytextos.com\/comousar\/como-usar-correctores-en-el-rostro\/","name":"C\u00f3mo usar correctores en el rostro (2026) \u00bfC\u00f3mo Usarlo?","description":"C\u00f3mo usar correctores en el rostro Bienvenidos a este art\u00edculo donde aprenderemos c\u00f3mo utilizar los correctores en el rostro de manera efectiva. Si quieres lucir una piel radiante y sin imperfecciones, \u00a1has llegado al lugar indicado! Curiosidades, estad\u00edsticas y hechos interesantes sobre el uso de correctores en el rostro: Seg\u00fan una encuesta realizada a 1000","inLanguage":"es-ES","isPartOf":{"@id":"https:\/\/dudasytextos.com\/comousar\/#website"},"breadcrumb":{"@id":"https:\/\/dudasytextos.com\/comousar\/como-usar-correctores-en-el-rostro\/#breadcrumblist"},"author":{"@id":"https:\/\/dudasytextos.com\/comousar\/author\/admin23\/#author"},"creator":{"@id":"https:\/\/dudasytextos.com\/comousar\/author\/admin23\/#author"},"datePublished":"2025-02-24T16:20:52+00:00","dateModified":"2025-03-13T03:09:42+00:00"},{"@type":"WebSite","@id":"https:\/\/dudasytextos.com\/comousar\/#website","url":"https:\/\/dudasytextos.com\/comousar\/","name":"Recipes","description":"\u00bfC\u00f3mo Usarlo?","inLanguage":"es-ES","publisher":{"@id":"https:\/\/dudasytextos.com\/comousar\/#organization"}}]},"og:locale":"es_ES","og:site_name":"\u00bfC\u00f3mo Usarlo? - \u00bfC\u00f3mo Usarlo?","og:type":"article","og:title":"C\u00f3mo usar correctores en el rostro (2026) \u00bfC\u00f3mo Usarlo?","og:description":"C\u00f3mo usar correctores en el rostro Bienvenidos a este art\u00edculo donde aprenderemos c\u00f3mo utilizar los correctores en el rostro de manera efectiva. Si quieres lucir una piel radiante y sin imperfecciones, \u00a1has llegado al lugar indicado! Curiosidades, estad\u00edsticas y hechos interesantes sobre el uso de correctores en el rostro: Seg\u00fan una encuesta realizada a 1000","og:url":"https:\/\/dudasytextos.com\/comousar\/como-usar-correctores-en-el-rostro\/","article:published_time":"2025-02-24T16:20:52+00:00","article:modified_time":"2025-03-13T03:09:42+00:00","twitter:card":"summary_large_image","twitter:title":"C\u00f3mo usar correctores en el rostro (2026) \u00bfC\u00f3mo Usarlo?","twitter:description":"C\u00f3mo usar correctores en el rostro Bienvenidos a este art\u00edculo donde aprenderemos c\u00f3mo utilizar los correctores en el rostro de manera efectiva. Si quieres lucir una piel radiante y sin imperfecciones, \u00a1has llegado al lugar indicado! Curiosidades, estad\u00edsticas y hechos interesantes sobre el uso de correctores en el rostro: Seg\u00fan una encuesta realizada a 1000"},"aioseo_meta_data":{"post_id":"84332","title":null,"description":null,"keywords":null,"keyphrases":null,"primary_term":null,"canonical_url":null,"og_title":null,"og_description":null,"og_object_type":"default","og_image_type":"default","og_image_url":null,"og_image_width":null,"og_image_height":null,"og_image_custom_url":null,"og_image_custom_fields":null,"og_video":null,"og_custom_url":null,"og_article_section":null,"og_article_tags":null,"twitter_use_og":false,"twitter_card":"default","twitter_image_type":"default","twitter_image_url":null,"twitter_image_custom_url":null,"twitter_image_custom_fields":null,"twitter_title":null,"twitter_description":null,"schema":{"blockGraphs":[],"customGraphs":[],"default":{"data":{"Article":[],"Course":[],"Dataset":[],"FAQPage":[],"Movie":[],"Person":[],"Product":[],"ProductReview":[],"Car":[],"Recipe":[],"Service":[],"SoftwareApplication":[],"WebPage":[]},"graphName":"","isEnabled":true},"graphs":[]},"schema_type":"default","schema_type_options":null,"pillar_content":false,"robots_default":true,"robots_noindex":false,"robots_noarchive":false,"robots_nosnippet":false,"robots_nofollow":false,"robots_noimageindex":false,"robots_noodp":false,"robots_notranslate":false,"robots_max_snippet":null,"robots_max_videopreview":null,"robots_max_imagepreview":"large","priority":null,"frequency":null,"local_seo":null,"breadcrumb_settings":null,"limit_modified_date":false,"ai":null,"created":"2023-07-14 04:24:23","updated":"2025-06-04 09:15:34","seo_analyzer_scan_date":null,"focus_keyword":null,"additional_keywords":null,"truseo_locale":null},"aioseo_breadcrumb":"<div class=\"aioseo-breadcrumbs\"><span class=\"aioseo-breadcrumb\">\n\t\t\t<a href=\"https:\/\/dudasytextos.com\/comousar\" title=\"Home\">Home<\/a>\n\t\t<\/span><span class=\"aioseo-breadcrumb-separator\">&raquo;<\/span><span class=\"aioseo-breadcrumb\">\n\t\t\t<a href=\"https:\/\/dudasytextos.com\/comousar\/category\/como-usar\/\" title=\"\u00bfC\u00f3mo usar?\">\u00bfC\u00f3mo usar?<\/a>\n\t\t<\/span><span class=\"aioseo-breadcrumb-separator\">&raquo;<\/span><span class=\"aioseo-breadcrumb\">\n\t\t\tC\u00f3mo usar correctores en el rostro\n\t\t<\/span><\/div>","aioseo_breadcrumb_json":[{"label":"Home","link":"https:\/\/dudasytextos.com\/comousar"},{"label":"\u00bfC\u00f3mo usar?","link":"https:\/\/dudasytextos.com\/comousar\/category\/como-usar\/"},{"label":"C\u00f3mo usar correctores en el rostro","link":"https:\/\/dudasytextos.com\/comousar\/como-usar-correctores-en-el-rostro\/"}],"_links":{"self":[{"href":"https:\/\/dudasytextos.com\/comousar\/wp-json\/wp\/v2\/posts\/84332","targetHints":{"allow":["GET"]}}],"collection":[{"href":"https:\/\/dudasytextos.com\/comousar\/wp-json\/wp\/v2\/posts"}],"about":[{"href":"https:\/\/dudasytextos.com\/comousar\/wp-json\/wp\/v2\/types\/post"}],"author":[{"embeddable":true,"href":"https:\/\/dudasytextos.com\/comousar\/wp-json\/wp\/v2\/users\/1"}],"replies":[{"embeddable":true,"href":"https:\/\/dudasytextos.com\/comousar\/wp-json\/wp\/v2\/comments?post=84332"}],"version-history":[{"count":0,"href":"https:\/\/dudasytextos.com\/comousar\/wp-json\/wp\/v2\/posts\/84332\/revisions"}],"wp:attachment":[{"href":"https:\/\/dudasytextos.com\/comousar\/wp-json\/wp\/v2\/media?parent=84332"}],"wp:term":[{"taxonomy":"category","embeddable":true,"href":"https:\/\/dudasytextos.com\/comousar\/wp-json\/wp\/v2\/categories?post=84332"},{"taxonomy":"post_tag","embeddable":true,"href":"https:\/\/dudasytextos.com\/comousar\/wp-json\/wp\/v2\/tags?post=84332"}],"curies":[{"name":"wp","href":"https:\/\/api.w.org\/{rel}","templated":true}]}}