{"id":84409,"date":"2025-03-07T12:38:11","date_gmt":"2025-03-07T12:38:11","guid":{"rendered":"https:\/\/soleyantonio.es\/mascarilla-sensilis-supreme-como-usar\/"},"modified":"2025-03-13T03:36:44","modified_gmt":"2025-03-13T03:36:44","slug":"mascarilla-sensilis-supreme-como-usar","status":"publish","type":"post","link":"https:\/\/dudasytextos.com\/comousar\/mascarilla-sensilis-supreme-como-usar\/","title":{"rendered":"Mascarilla sensilis supreme c\u00f3mo usar"},"content":{"rendered":"<div id=\"ez-toc-container\" class=\"ez-toc-v2_0_87 counter-hierarchy ez-toc-counter ez-toc-custom ez-toc-container-direction\">\n<div class=\"ez-toc-title-container\">\n<span class=\"ez-toc-title-toggle\"><\/span><\/div>\n<nav><ul class='ez-toc-list ez-toc-list-level-1 ' ><li class='ez-toc-page-1 ez-toc-heading-level-2'><a class=\"ez-toc-link ez-toc-heading-1\" href=\"https:\/\/dudasytextos.com\/comousar\/mascarilla-sensilis-supreme-como-usar\/#Mascarilla_Sensilis_Supreme_Como_usarla_correctamente\" >Mascarilla Sensilis Supreme: C\u00f3mo usarla correctamente<\/a><\/li><li class='ez-toc-page-1 ez-toc-heading-level-2'><a class=\"ez-toc-link ez-toc-heading-2\" href=\"https:\/\/dudasytextos.com\/comousar\/mascarilla-sensilis-supreme-como-usar\/#Introduccion\" >Introducci\u00f3n<\/a><\/li><li class='ez-toc-page-1 ez-toc-heading-level-2'><a class=\"ez-toc-link ez-toc-heading-3\" href=\"https:\/\/dudasytextos.com\/comousar\/mascarilla-sensilis-supreme-como-usar\/#Curiosidades_e_informacion_interesante\" >Curiosidades e informaci\u00f3n interesante<\/a><\/li><li class='ez-toc-page-1 ez-toc-heading-level-2'><a class=\"ez-toc-link ez-toc-heading-4\" href=\"https:\/\/dudasytextos.com\/comousar\/mascarilla-sensilis-supreme-como-usar\/#%C2%BFComo_utilizar_la_Mascarilla_Sensilis_Supreme\" >\u00bfC\u00f3mo utilizar la Mascarilla Sensilis Supreme?<\/a><\/li><li class='ez-toc-page-1 ez-toc-heading-level-2'><a class=\"ez-toc-link ez-toc-heading-5\" href=\"https:\/\/dudasytextos.com\/comousar\/mascarilla-sensilis-supreme-como-usar\/#Mi_experiencia_personal_con_la_Mascarilla_Sensilis_Supreme\" >Mi experiencia personal con la Mascarilla Sensilis Supreme<\/a><\/li><li class='ez-toc-page-1 ez-toc-heading-level-2'><a class=\"ez-toc-link ez-toc-heading-6\" href=\"https:\/\/dudasytextos.com\/comousar\/mascarilla-sensilis-supreme-como-usar\/#Preguntas_frecuentes_sobre_la_Mascarilla_Sensilis_Supreme\" >Preguntas frecuentes sobre la Mascarilla Sensilis Supreme<\/a><ul class='ez-toc-list-level-3' ><li class='ez-toc-heading-level-3'><a class=\"ez-toc-link ez-toc-heading-7\" href=\"https:\/\/dudasytextos.com\/comousar\/mascarilla-sensilis-supreme-como-usar\/#1_%C2%BFCual_es_la_frecuencia_recomendada_para_utilizar_la_mascarilla\" >1. \u00bfCu\u00e1l es la frecuencia recomendada para utilizar la mascarilla?<\/a><\/li><li class='ez-toc-page-1 ez-toc-heading-level-3'><a class=\"ez-toc-link ez-toc-heading-8\" href=\"https:\/\/dudasytextos.com\/comousar\/mascarilla-sensilis-supreme-como-usar\/#2_%C2%BFEs_adecuada_para_todo_tipo_de_piel\" >2. \u00bfEs adecuada para todo tipo de piel?<\/a><\/li><li class='ez-toc-page-1 ez-toc-heading-level-3'><a class=\"ez-toc-link ez-toc-heading-9\" href=\"https:\/\/dudasytextos.com\/comousar\/mascarilla-sensilis-supreme-como-usar\/#3_%C2%BFCuanto_tiempo_debo_dejar_actuar_la_mascarilla\" >3. \u00bfCu\u00e1nto tiempo debo dejar actuar la mascarilla?<\/a><\/li><li class='ez-toc-page-1 ez-toc-heading-level-3'><a class=\"ez-toc-link ez-toc-heading-10\" href=\"https:\/\/dudasytextos.com\/comousar\/mascarilla-sensilis-supreme-como-usar\/#4_%C2%BFSe_puede_utilizar_la_mascarilla_en_el_area_de_los_ojos\" >4. \u00bfSe puede utilizar la mascarilla en el \u00e1rea de los ojos?<\/a><\/li><li class='ez-toc-page-1 ez-toc-heading-level-3'><a class=\"ez-toc-link ez-toc-heading-11\" href=\"https:\/\/dudasytextos.com\/comousar\/mascarilla-sensilis-supreme-como-usar\/#5_%C2%BFCuales_son_los_ingredientes_principales_de_la_Mascarilla_Sensilis_Supreme\" >5. \u00bfCu\u00e1les son los ingredientes principales de la Mascarilla Sensilis Supreme?<\/a><\/li><li class='ez-toc-page-1 ez-toc-heading-level-3'><a class=\"ez-toc-link ez-toc-heading-12\" href=\"https:\/\/dudasytextos.com\/comousar\/mascarilla-sensilis-supreme-como-usar\/#6_%C2%BFEs_necesario_enjuagar_la_mascarilla_despues_de_su_uso\" >6. \u00bfEs necesario enjuagar la mascarilla despu\u00e9s de su uso?<\/a><\/li><li class='ez-toc-page-1 ez-toc-heading-level-3'><a class=\"ez-toc-link ez-toc-heading-13\" href=\"https:\/\/dudasytextos.com\/comousar\/mascarilla-sensilis-supreme-como-usar\/#7_%C2%BFPuedo_utilizar_la_mascarilla_junto_con_otros_productos_de_cuidado_facial\" >7. \u00bfPuedo utilizar la mascarilla junto con otros productos de cuidado facial?<\/a><\/li><li class='ez-toc-page-1 ez-toc-heading-level-3'><a class=\"ez-toc-link ez-toc-heading-14\" href=\"https:\/\/dudasytextos.com\/comousar\/mascarilla-sensilis-supreme-como-usar\/#8_%C2%BFCuanto_tiempo_tarda_en_verse_resultados\" >8. \u00bfCu\u00e1nto tiempo tarda en verse resultados?<\/a><\/li><\/ul><\/li><li class='ez-toc-page-1 ez-toc-heading-level-2'><a class=\"ez-toc-link ez-toc-heading-15\" href=\"https:\/\/dudasytextos.com\/comousar\/mascarilla-sensilis-supreme-como-usar\/#Conclusion\" >Conclusi\u00f3n<\/a><\/li><\/ul><\/nav><\/div>\n<h2><span class=\"ez-toc-section\" id=\"Mascarilla_Sensilis_Supreme_Como_usarla_correctamente\"><\/span>Mascarilla Sensilis Supreme: C\u00f3mo usarla correctamente<span class=\"ez-toc-section-end\"><\/span><\/h2>\n<h2><span class=\"ez-toc-section\" id=\"Introduccion\"><\/span>Introducci\u00f3n<span class=\"ez-toc-section-end\"><\/span><\/h2>\n<p>\u00a1Hola a todos! Soy Ana Gonz\u00e1lez y hoy quiero hablarles sobre la Mascarilla Sensilis Supreme y c\u00f3mo utilizarla de manera efectiva. Si est\u00e1s buscando una soluci\u00f3n para mejorar la apariencia de tu piel, has llegado al lugar adecuado. En este art\u00edculo, te dar\u00e9 todos los detalles sobre esta incre\u00edble mascarilla y c\u00f3mo obtener los mejores resultados.<\/p>\n<h2><span class=\"ez-toc-section\" id=\"Curiosidades_e_informacion_interesante\"><\/span>Curiosidades e informaci\u00f3n interesante<span class=\"ez-toc-section-end\"><\/span><\/h2>\n<ul>\n<li>La Mascarilla Sensilis Supreme es conocida por su f\u00f3rmula avanzada que combina ingredientes naturales para proporcionar beneficios antiedad y revitalizantes.<\/li>\n<li>Esta mascarilla ha sido probada por dermat\u00f3logos y es adecuada para todo tipo de piel, incluyendo pieles sensibles.<\/li>\n<li>Su textura ligera y suave permite una f\u00e1cil aplicaci\u00f3n y absorci\u00f3n r\u00e1pida.<\/li>\n<li>La Mascarilla Sensilis Supreme contiene \u00e1cido hialur\u00f3nico, col\u00e1geno y extracto de caviar, ingredientes clave para hidratar, reafirmar y rejuvenecer la piel.<\/li>\n<li>\u00a1Prep\u00e1rate para disfrutar de una experiencia de cuidado facial \u00fanica y efectiva con esta mascarilla!<\/li>\n<\/ul>\n<h2><span class=\"ez-toc-section\" id=\"%C2%BFComo_utilizar_la_Mascarilla_Sensilis_Supreme\"><\/span>\u00bfC\u00f3mo utilizar la Mascarilla Sensilis Supreme?<span class=\"ez-toc-section-end\"><\/span><\/h2>\n<p>Antes de aplicar la mascarilla, aseg\u00farate de tener la piel limpia y seca. Sigue estos pasos sencillos:<\/p>\n<ol>\n<li>Toma una peque\u00f1a cantidad de la mascarilla con los dedos limpios.<\/li>\n<li>Aplica suavemente sobre el rostro y el cuello, evitando el \u00e1rea de los ojos.<\/li>\n<li>Deja actuar durante 15-20 minutos para permitir que los ingredientes penetren en la piel.<\/li>\n<li>Retira la mascarilla con agua tibia y seca suavemente con una toalla.<\/li>\n<li>Para obtener mejores resultados, utiliza la Mascarilla Sensilis Supreme de 1 a 2 veces por semana.<\/li>\n<\/ol>\n<h2><span class=\"ez-toc-section\" id=\"Mi_experiencia_personal_con_la_Mascarilla_Sensilis_Supreme\"><\/span>Mi experiencia personal con la Mascarilla Sensilis Supreme<span class=\"ez-toc-section-end\"><\/span><\/h2>\n<p>Como usuaria de la Mascarilla Sensilis Supreme, puedo decir que estoy encantada con los resultados. Desde la primera aplicaci\u00f3n, mi piel se siente m\u00e1s hidratada y firme. Adem\u00e1s, he notado una reducci\u00f3n en las l\u00edneas finas y arrugas. Esta mascarilla se ha convertido en un imprescindible en mi rutina de cuidado facial.<\/p>\n<p>La textura de la mascarilla es muy agradable y se absorbe r\u00e1pidamente sin dejar sensaci\u00f3n pegajosa. Me encanta c\u00f3mo deja mi piel suave y radiante despu\u00e9s de su uso. Sin duda, recomendar\u00eda la Mascarilla Sensilis Supreme a todas aquellas personas que deseen mejorar la apariencia de su piel y disfrutar de un momento de spa en casa.<\/p>\n<h2><span class=\"ez-toc-section\" id=\"Preguntas_frecuentes_sobre_la_Mascarilla_Sensilis_Supreme\"><\/span>Preguntas frecuentes sobre la Mascarilla Sensilis Supreme<span class=\"ez-toc-section-end\"><\/span><\/h2>\n<h3><span class=\"ez-toc-section\" id=\"1_%C2%BFCual_es_la_frecuencia_recomendada_para_utilizar_la_mascarilla\"><\/span>1. \u00bfCu\u00e1l es la frecuencia recomendada para utilizar la mascarilla?<span class=\"ez-toc-section-end\"><\/span><\/h3>\n<p>Se recomienda utilizar la Mascarilla Sensilis Supreme de 1 a 2 veces por semana para obtener mejores resultados.<\/p>\n<h3><span class=\"ez-toc-section\" id=\"2_%C2%BFEs_adecuada_para_todo_tipo_de_piel\"><\/span>2. \u00bfEs adecuada para todo tipo de piel?<span class=\"ez-toc-section-end\"><\/span><\/h3>\n<p>S\u00ed, la Mascarilla Sensilis Supreme es adecuada para todo tipo de piel, incluyendo pieles sensibles.<\/p>\n<h3><span class=\"ez-toc-section\" id=\"3_%C2%BFCuanto_tiempo_debo_dejar_actuar_la_mascarilla\"><\/span>3. \u00bfCu\u00e1nto tiempo debo dejar actuar la mascarilla?<span class=\"ez-toc-section-end\"><\/span><\/h3>\n<p>Se recomienda dejar actuar la mascarilla durante 15-20 minutos para permitir que los ingredientes penetren en la piel.<\/p>\n<h3><span class=\"ez-toc-section\" id=\"4_%C2%BFSe_puede_utilizar_la_mascarilla_en_el_area_de_los_ojos\"><\/span>4. \u00bfSe puede utilizar la mascarilla en el \u00e1rea de los ojos?<span class=\"ez-toc-section-end\"><\/span><\/h3>\n<p>No, se debe evitar el \u00e1rea de los ojos al aplicar la mascarilla.<\/p>\n<h3><span class=\"ez-toc-section\" id=\"5_%C2%BFCuales_son_los_ingredientes_principales_de_la_Mascarilla_Sensilis_Supreme\"><\/span>5. \u00bfCu\u00e1les son los ingredientes principales de la Mascarilla Sensilis Supreme?<span class=\"ez-toc-section-end\"><\/span><\/h3>\n<p>La Mascarilla Sensilis Supreme contiene \u00e1cido hialur\u00f3nico, col\u00e1geno y extracto de caviar, ingredientes clave para hidratar, reafirmar y rejuvenecer la piel.<\/p>\n<h3><span class=\"ez-toc-section\" id=\"6_%C2%BFEs_necesario_enjuagar_la_mascarilla_despues_de_su_uso\"><\/span>6. \u00bfEs necesario enjuagar la mascarilla despu\u00e9s de su uso?<span class=\"ez-toc-section-end\"><\/span><\/h3>\n<p>S\u00ed, despu\u00e9s de dejar actuar la mascarilla durante el tiempo recomendado, se debe retirar con agua tibia y secar suavemente con una toalla.<\/p>\n<h3><span class=\"ez-toc-section\" id=\"7_%C2%BFPuedo_utilizar_la_mascarilla_junto_con_otros_productos_de_cuidado_facial\"><\/span>7. \u00bfPuedo utilizar la mascarilla junto con otros productos de cuidado facial?<span class=\"ez-toc-section-end\"><\/span><\/h3>\n<p>S\u00ed, la Mascarilla Sensilis Supreme se puede utilizar junto con otros productos de cuidado facial. Se recomienda aplicar la mascarilla despu\u00e9s de la limpieza facial y antes de la aplicaci\u00f3n de otros productos.<\/p>\n<h3><span class=\"ez-toc-section\" id=\"8_%C2%BFCuanto_tiempo_tarda_en_verse_resultados\"><\/span>8. \u00bfCu\u00e1nto tiempo tarda en verse resultados?<span class=\"ez-toc-section-end\"><\/span><\/h3>\n<p>Los resultados pueden variar seg\u00fan cada persona, pero en general, se pueden observar mejoras en la apariencia de la piel despu\u00e9s de las primeras aplicaciones.<\/p>\n<h2><span class=\"ez-toc-section\" id=\"Conclusion\"><\/span>Conclusi\u00f3n<span class=\"ez-toc-section-end\"><\/span><\/h2>\n<p>En resumen, la Mascarilla Sensilis Supreme es una excelente opci\u00f3n para mejorar la apariencia de la piel. Con su f\u00f3rmula avanzada y sus ingredientes naturales, proporciona hidrataci\u00f3n, firmeza y rejuvenecimiento. Recuerda seguir las instrucciones de uso y ser constante para obtener los mejores resultados.<\/p>\n<p>No esperes m\u00e1s y prueba la Mascarilla Sensilis Supreme para disfrutar de una piel radiante y saludable. \u00a1Te encantar\u00e1!<\/p>\n","protected":false},"excerpt":{"rendered":"<p>Mascarilla Sensilis Supreme: C\u00f3mo usarla correctamente Introducci\u00f3n \u00a1Hola a todos! Soy Ana Gonz\u00e1lez y hoy quiero hablarles sobre la Mascarilla Sensilis Supreme y c\u00f3mo utilizarla de manera efectiva. Si est\u00e1s buscando una soluci\u00f3n para mejorar la apariencia de tu piel, has llegado al lugar adecuado. En este art\u00edculo, te dar\u00e9 todos los detalles sobre esta &#8230; <a title=\"Mascarilla sensilis supreme c\u00f3mo usar\" class=\"read-more\" href=\"https:\/\/dudasytextos.com\/comousar\/mascarilla-sensilis-supreme-como-usar\/\" aria-label=\"M\u00e1s en Mascarilla sensilis supreme c\u00f3mo usar\">Leer m\u00e1s<\/a><\/p>\n","protected":false},"author":1,"featured_media":0,"comment_status":"open","ping_status":"open","sticky":false,"template":"","format":"standard","meta":{"footnotes":""},"categories":[3],"tags":[],"class_list":["post-84409","post","type-post","status-publish","format-standard","hentry","category-como-usar"],"aioseo_notices":[],"aioseo_head":"\n\t\t<!-- All in One SEO 5.0.1.1 - aioseo.com -->\n\t<meta name=\"description\" content=\"Mascarilla Sensilis Supreme: C\u00f3mo usarla correctamente Introducci\u00f3n \u00a1Hola a todos! Soy Ana Gonz\u00e1lez y hoy quiero hablarles sobre la Mascarilla Sensilis Supreme y c\u00f3mo utilizarla de manera efectiva. Si est\u00e1s buscando una soluci\u00f3n para mejorar la apariencia de tu piel, has llegado al lugar adecuado. En este art\u00edculo, te dar\u00e9 todos los detalles sobre esta\" \/>\n\t<meta name=\"robots\" content=\"max-snippet:-1, max-image-preview:large, max-video-preview:-1\" \/>\n\t<meta name=\"author\" content=\"Ana Gonz\u00e1lez\"\/>\n\t<link rel=\"canonical\" href=\"https:\/\/dudasytextos.com\/comousar\/mascarilla-sensilis-supreme-como-usar\/\" \/>\n\t<meta name=\"generator\" content=\"All in One SEO (AIOSEO) 5.0.1.1\" \/>\n\n\t\t<!-- Google tag (gtag.js) -->\n<script async src=\"https:\/\/www.googletagmanager.com\/gtag\/js?id=G-X7DSVXBJ5H\"><\/script>\n<script>\n  window.dataLayer = window.dataLayer || [];\n  function gtag(){dataLayer.push(arguments);}\n  gtag('js', new Date());\n\n  gtag('config', 'G-X7DSVXBJ5H');\n<\/script>\n<script async src=\"https:\/\/pagead2.googlesyndication.com\/pagead\/js\/adsbygoogle.js?client=ca-pub-3987500858204711\"\n     crossorigin=\"anonymous\"><\/script>\n\t\t<meta property=\"og:locale\" content=\"es_ES\" \/>\n\t\t<meta property=\"og:site_name\" content=\"\u00bfC\u00f3mo Usarlo? - \u00bfC\u00f3mo Usarlo?\" \/>\n\t\t<meta property=\"og:type\" content=\"article\" \/>\n\t\t<meta property=\"og:title\" content=\"Mascarilla sensilis supreme c\u00f3mo usar (2026) \u00bfC\u00f3mo Usarlo?\" \/>\n\t\t<meta property=\"og:description\" content=\"Mascarilla Sensilis Supreme: C\u00f3mo usarla correctamente Introducci\u00f3n \u00a1Hola a todos! Soy Ana Gonz\u00e1lez y hoy quiero hablarles sobre la Mascarilla Sensilis Supreme y c\u00f3mo utilizarla de manera efectiva. Si est\u00e1s buscando una soluci\u00f3n para mejorar la apariencia de tu piel, has llegado al lugar adecuado. En este art\u00edculo, te dar\u00e9 todos los detalles sobre esta\" \/>\n\t\t<meta property=\"og:url\" content=\"https:\/\/dudasytextos.com\/comousar\/mascarilla-sensilis-supreme-como-usar\/\" \/>\n\t\t<meta property=\"article:published_time\" content=\"2025-03-07T12:38:11+00:00\" \/>\n\t\t<meta property=\"article:modified_time\" content=\"2025-03-13T03:36:44+00:00\" \/>\n\t\t<meta name=\"twitter:card\" content=\"summary_large_image\" \/>\n\t\t<meta name=\"twitter:title\" content=\"Mascarilla sensilis supreme c\u00f3mo usar (2026) \u00bfC\u00f3mo Usarlo?\" \/>\n\t\t<meta name=\"twitter:description\" content=\"Mascarilla Sensilis Supreme: C\u00f3mo usarla correctamente Introducci\u00f3n \u00a1Hola a todos! Soy Ana Gonz\u00e1lez y hoy quiero hablarles sobre la Mascarilla Sensilis Supreme y c\u00f3mo utilizarla de manera efectiva. Si est\u00e1s buscando una soluci\u00f3n para mejorar la apariencia de tu piel, has llegado al lugar adecuado. En este art\u00edculo, te dar\u00e9 todos los detalles sobre esta\" \/>\n\t\t<script type=\"application\/ld+json\" class=\"aioseo-schema\">\n\t\t\t{\"@context\":\"https:\\\/\\\/schema.org\",\"@graph\":[{\"@type\":\"BlogPosting\",\"@id\":\"https:\\\/\\\/dudasytextos.com\\\/comousar\\\/mascarilla-sensilis-supreme-como-usar\\\/#blogposting\",\"name\":\"Mascarilla sensilis supreme c\\u00f3mo usar (2026) \\u00bfC\\u00f3mo Usarlo?\",\"headline\":\"Mascarilla sensilis supreme c\\u00f3mo usar\",\"author\":{\"@id\":\"https:\\\/\\\/dudasytextos.com\\\/comousar\\\/author\\\/admin23\\\/#author\"},\"publisher\":{\"@id\":\"https:\\\/\\\/dudasytextos.com\\\/comousar\\\/#organization\"},\"datePublished\":\"2025-03-07T12:38:11+00:00\",\"dateModified\":\"2025-03-13T03:36:44+00:00\",\"inLanguage\":\"es-ES\",\"mainEntityOfPage\":{\"@id\":\"https:\\\/\\\/dudasytextos.com\\\/comousar\\\/mascarilla-sensilis-supreme-como-usar\\\/#webpage\"},\"isPartOf\":{\"@id\":\"https:\\\/\\\/dudasytextos.com\\\/comousar\\\/mascarilla-sensilis-supreme-como-usar\\\/#webpage\"},\"articleSection\":\"\\u00bfC\\u00f3mo usar?\"},{\"@type\":\"BreadcrumbList\",\"@id\":\"https:\\\/\\\/dudasytextos.com\\\/comousar\\\/mascarilla-sensilis-supreme-como-usar\\\/#breadcrumblist\",\"itemListElement\":[{\"@type\":\"ListItem\",\"@id\":\"https:\\\/\\\/dudasytextos.com\\\/comousar#listItem\",\"position\":1,\"name\":\"Home\",\"item\":\"https:\\\/\\\/dudasytextos.com\\\/comousar\",\"nextItem\":{\"@type\":\"ListItem\",\"@id\":\"https:\\\/\\\/dudasytextos.com\\\/comousar\\\/category\\\/como-usar\\\/#listItem\",\"name\":\"\\u00bfC\\u00f3mo usar?\"}},{\"@type\":\"ListItem\",\"@id\":\"https:\\\/\\\/dudasytextos.com\\\/comousar\\\/category\\\/como-usar\\\/#listItem\",\"position\":2,\"name\":\"\\u00bfC\\u00f3mo usar?\",\"item\":\"https:\\\/\\\/dudasytextos.com\\\/comousar\\\/category\\\/como-usar\\\/\",\"nextItem\":{\"@type\":\"ListItem\",\"@id\":\"https:\\\/\\\/dudasytextos.com\\\/comousar\\\/mascarilla-sensilis-supreme-como-usar\\\/#listItem\",\"name\":\"Mascarilla sensilis supreme c\\u00f3mo usar\"},\"previousItem\":{\"@type\":\"ListItem\",\"@id\":\"https:\\\/\\\/dudasytextos.com\\\/comousar#listItem\",\"name\":\"Home\"}},{\"@type\":\"ListItem\",\"@id\":\"https:\\\/\\\/dudasytextos.com\\\/comousar\\\/mascarilla-sensilis-supreme-como-usar\\\/#listItem\",\"position\":3,\"name\":\"Mascarilla sensilis supreme c\\u00f3mo usar\",\"previousItem\":{\"@type\":\"ListItem\",\"@id\":\"https:\\\/\\\/dudasytextos.com\\\/comousar\\\/category\\\/como-usar\\\/#listItem\",\"name\":\"\\u00bfC\\u00f3mo usar?\"}}]},{\"@type\":\"Organization\",\"@id\":\"https:\\\/\\\/dudasytextos.com\\\/comousar\\\/#organization\",\"name\":\"Recipes\",\"description\":\"\\u00bfC\\u00f3mo Usarlo?\",\"url\":\"https:\\\/\\\/dudasytextos.com\\\/comousar\\\/\"},{\"@type\":\"Person\",\"@id\":\"https:\\\/\\\/dudasytextos.com\\\/comousar\\\/author\\\/admin23\\\/#author\",\"url\":\"https:\\\/\\\/dudasytextos.com\\\/comousar\\\/author\\\/admin23\\\/\",\"name\":\"Ana Gonz\\u00e1lez\"},{\"@type\":\"WebPage\",\"@id\":\"https:\\\/\\\/dudasytextos.com\\\/comousar\\\/mascarilla-sensilis-supreme-como-usar\\\/#webpage\",\"url\":\"https:\\\/\\\/dudasytextos.com\\\/comousar\\\/mascarilla-sensilis-supreme-como-usar\\\/\",\"name\":\"Mascarilla sensilis supreme c\\u00f3mo usar (2026) \\u00bfC\\u00f3mo Usarlo?\",\"description\":\"Mascarilla Sensilis Supreme: C\\u00f3mo usarla correctamente Introducci\\u00f3n \\u00a1Hola a todos! Soy Ana Gonz\\u00e1lez y hoy quiero hablarles sobre la Mascarilla Sensilis Supreme y c\\u00f3mo utilizarla de manera efectiva. Si est\\u00e1s buscando una soluci\\u00f3n para mejorar la apariencia de tu piel, has llegado al lugar adecuado. En este art\\u00edculo, te dar\\u00e9 todos los detalles sobre esta\",\"inLanguage\":\"es-ES\",\"isPartOf\":{\"@id\":\"https:\\\/\\\/dudasytextos.com\\\/comousar\\\/#website\"},\"breadcrumb\":{\"@id\":\"https:\\\/\\\/dudasytextos.com\\\/comousar\\\/mascarilla-sensilis-supreme-como-usar\\\/#breadcrumblist\"},\"author\":{\"@id\":\"https:\\\/\\\/dudasytextos.com\\\/comousar\\\/author\\\/admin23\\\/#author\"},\"creator\":{\"@id\":\"https:\\\/\\\/dudasytextos.com\\\/comousar\\\/author\\\/admin23\\\/#author\"},\"datePublished\":\"2025-03-07T12:38:11+00:00\",\"dateModified\":\"2025-03-13T03:36:44+00:00\"},{\"@type\":\"WebSite\",\"@id\":\"https:\\\/\\\/dudasytextos.com\\\/comousar\\\/#website\",\"url\":\"https:\\\/\\\/dudasytextos.com\\\/comousar\\\/\",\"name\":\"Recipes\",\"description\":\"\\u00bfC\\u00f3mo Usarlo?\",\"inLanguage\":\"es-ES\",\"publisher\":{\"@id\":\"https:\\\/\\\/dudasytextos.com\\\/comousar\\\/#organization\"}}]}\n\t\t<\/script>\n\t\t<!-- All in One SEO -->\n\n","aioseo_head_json":{"title":"Mascarilla sensilis supreme c\u00f3mo usar (2026) \u00bfC\u00f3mo Usarlo?","description":"Mascarilla Sensilis Supreme: C\u00f3mo usarla correctamente Introducci\u00f3n \u00a1Hola a todos! Soy Ana Gonz\u00e1lez y hoy quiero hablarles sobre la Mascarilla Sensilis Supreme y c\u00f3mo utilizarla de manera efectiva. Si est\u00e1s buscando una soluci\u00f3n para mejorar la apariencia de tu piel, has llegado al lugar adecuado. En este art\u00edculo, te dar\u00e9 todos los detalles sobre esta","canonical_url":"https:\/\/dudasytextos.com\/comousar\/mascarilla-sensilis-supreme-como-usar\/","robots":"max-snippet:-1, max-image-preview:large, max-video-preview:-1","keywords":"","webmasterTools":{"miscellaneous":"&lt;!-- Google tag (gtag.js) --&gt;\n&lt;script async src=\"https:\/\/www.googletagmanager.com\/gtag\/js?id=G-X7DSVXBJ5H\"&gt;&lt;\/script&gt;\n&lt;script&gt;\n  window.dataLayer = window.dataLayer || [];\n  function gtag(){dataLayer.push(arguments);}\n  gtag('js', new Date());\n\n  gtag('config', 'G-X7DSVXBJ5H');\n&lt;\/script&gt;\n&lt;script async src=\"https:\/\/pagead2.googlesyndication.com\/pagead\/js\/adsbygoogle.js?client=ca-pub-3987500858204711\"\n     crossorigin=\"anonymous\"&gt;&lt;\/script&gt;"},"schema":{"@context":"https:\/\/schema.org","@graph":[{"@type":"BlogPosting","@id":"https:\/\/dudasytextos.com\/comousar\/mascarilla-sensilis-supreme-como-usar\/#blogposting","name":"Mascarilla sensilis supreme c\u00f3mo usar (2026) \u00bfC\u00f3mo Usarlo?","headline":"Mascarilla sensilis supreme c\u00f3mo usar","author":{"@id":"https:\/\/dudasytextos.com\/comousar\/author\/admin23\/#author"},"publisher":{"@id":"https:\/\/dudasytextos.com\/comousar\/#organization"},"datePublished":"2025-03-07T12:38:11+00:00","dateModified":"2025-03-13T03:36:44+00:00","inLanguage":"es-ES","mainEntityOfPage":{"@id":"https:\/\/dudasytextos.com\/comousar\/mascarilla-sensilis-supreme-como-usar\/#webpage"},"isPartOf":{"@id":"https:\/\/dudasytextos.com\/comousar\/mascarilla-sensilis-supreme-como-usar\/#webpage"},"articleSection":"\u00bfC\u00f3mo usar?"},{"@type":"BreadcrumbList","@id":"https:\/\/dudasytextos.com\/comousar\/mascarilla-sensilis-supreme-como-usar\/#breadcrumblist","itemListElement":[{"@type":"ListItem","@id":"https:\/\/dudasytextos.com\/comousar#listItem","position":1,"name":"Home","item":"https:\/\/dudasytextos.com\/comousar","nextItem":{"@type":"ListItem","@id":"https:\/\/dudasytextos.com\/comousar\/category\/como-usar\/#listItem","name":"\u00bfC\u00f3mo usar?"}},{"@type":"ListItem","@id":"https:\/\/dudasytextos.com\/comousar\/category\/como-usar\/#listItem","position":2,"name":"\u00bfC\u00f3mo usar?","item":"https:\/\/dudasytextos.com\/comousar\/category\/como-usar\/","nextItem":{"@type":"ListItem","@id":"https:\/\/dudasytextos.com\/comousar\/mascarilla-sensilis-supreme-como-usar\/#listItem","name":"Mascarilla sensilis supreme c\u00f3mo usar"},"previousItem":{"@type":"ListItem","@id":"https:\/\/dudasytextos.com\/comousar#listItem","name":"Home"}},{"@type":"ListItem","@id":"https:\/\/dudasytextos.com\/comousar\/mascarilla-sensilis-supreme-como-usar\/#listItem","position":3,"name":"Mascarilla sensilis supreme c\u00f3mo usar","previousItem":{"@type":"ListItem","@id":"https:\/\/dudasytextos.com\/comousar\/category\/como-usar\/#listItem","name":"\u00bfC\u00f3mo usar?"}}]},{"@type":"Organization","@id":"https:\/\/dudasytextos.com\/comousar\/#organization","name":"Recipes","description":"\u00bfC\u00f3mo Usarlo?","url":"https:\/\/dudasytextos.com\/comousar\/"},{"@type":"Person","@id":"https:\/\/dudasytextos.com\/comousar\/author\/admin23\/#author","url":"https:\/\/dudasytextos.com\/comousar\/author\/admin23\/","name":"Ana Gonz\u00e1lez"},{"@type":"WebPage","@id":"https:\/\/dudasytextos.com\/comousar\/mascarilla-sensilis-supreme-como-usar\/#webpage","url":"https:\/\/dudasytextos.com\/comousar\/mascarilla-sensilis-supreme-como-usar\/","name":"Mascarilla sensilis supreme c\u00f3mo usar (2026) \u00bfC\u00f3mo Usarlo?","description":"Mascarilla Sensilis Supreme: C\u00f3mo usarla correctamente Introducci\u00f3n \u00a1Hola a todos! Soy Ana Gonz\u00e1lez y hoy quiero hablarles sobre la Mascarilla Sensilis Supreme y c\u00f3mo utilizarla de manera efectiva. Si est\u00e1s buscando una soluci\u00f3n para mejorar la apariencia de tu piel, has llegado al lugar adecuado. En este art\u00edculo, te dar\u00e9 todos los detalles sobre esta","inLanguage":"es-ES","isPartOf":{"@id":"https:\/\/dudasytextos.com\/comousar\/#website"},"breadcrumb":{"@id":"https:\/\/dudasytextos.com\/comousar\/mascarilla-sensilis-supreme-como-usar\/#breadcrumblist"},"author":{"@id":"https:\/\/dudasytextos.com\/comousar\/author\/admin23\/#author"},"creator":{"@id":"https:\/\/dudasytextos.com\/comousar\/author\/admin23\/#author"},"datePublished":"2025-03-07T12:38:11+00:00","dateModified":"2025-03-13T03:36:44+00:00"},{"@type":"WebSite","@id":"https:\/\/dudasytextos.com\/comousar\/#website","url":"https:\/\/dudasytextos.com\/comousar\/","name":"Recipes","description":"\u00bfC\u00f3mo Usarlo?","inLanguage":"es-ES","publisher":{"@id":"https:\/\/dudasytextos.com\/comousar\/#organization"}}]},"og:locale":"es_ES","og:site_name":"\u00bfC\u00f3mo Usarlo? - \u00bfC\u00f3mo Usarlo?","og:type":"article","og:title":"Mascarilla sensilis supreme c\u00f3mo usar (2026) \u00bfC\u00f3mo Usarlo?","og:description":"Mascarilla Sensilis Supreme: C\u00f3mo usarla correctamente Introducci\u00f3n \u00a1Hola a todos! Soy Ana Gonz\u00e1lez y hoy quiero hablarles sobre la Mascarilla Sensilis Supreme y c\u00f3mo utilizarla de manera efectiva. Si est\u00e1s buscando una soluci\u00f3n para mejorar la apariencia de tu piel, has llegado al lugar adecuado. En este art\u00edculo, te dar\u00e9 todos los detalles sobre esta","og:url":"https:\/\/dudasytextos.com\/comousar\/mascarilla-sensilis-supreme-como-usar\/","article:published_time":"2025-03-07T12:38:11+00:00","article:modified_time":"2025-03-13T03:36:44+00:00","twitter:card":"summary_large_image","twitter:title":"Mascarilla sensilis supreme c\u00f3mo usar (2026) \u00bfC\u00f3mo Usarlo?","twitter:description":"Mascarilla Sensilis Supreme: C\u00f3mo usarla correctamente Introducci\u00f3n \u00a1Hola a todos! Soy Ana Gonz\u00e1lez y hoy quiero hablarles sobre la Mascarilla Sensilis Supreme y c\u00f3mo utilizarla de manera efectiva. Si est\u00e1s buscando una soluci\u00f3n para mejorar la apariencia de tu piel, has llegado al lugar adecuado. En este art\u00edculo, te dar\u00e9 todos los detalles sobre esta"},"aioseo_meta_data":{"post_id":"84409","title":null,"description":null,"keywords":null,"keyphrases":null,"primary_term":null,"canonical_url":null,"og_title":null,"og_description":null,"og_object_type":"default","og_image_type":"default","og_image_url":null,"og_image_width":null,"og_image_height":null,"og_image_custom_url":null,"og_image_custom_fields":null,"og_video":null,"og_custom_url":null,"og_article_section":null,"og_article_tags":null,"twitter_use_og":false,"twitter_card":"default","twitter_image_type":"default","twitter_image_url":null,"twitter_image_custom_url":null,"twitter_image_custom_fields":null,"twitter_title":null,"twitter_description":null,"schema":{"blockGraphs":[],"customGraphs":[],"default":{"data":{"Article":[],"Course":[],"Dataset":[],"FAQPage":[],"Movie":[],"Person":[],"Product":[],"ProductReview":[],"Car":[],"Recipe":[],"Service":[],"SoftwareApplication":[],"WebPage":[]},"graphName":"","isEnabled":true},"graphs":[]},"schema_type":"default","schema_type_options":null,"pillar_content":false,"robots_default":true,"robots_noindex":false,"robots_noarchive":false,"robots_nosnippet":false,"robots_nofollow":false,"robots_noimageindex":false,"robots_noodp":false,"robots_notranslate":false,"robots_max_snippet":null,"robots_max_videopreview":null,"robots_max_imagepreview":"large","priority":null,"frequency":null,"local_seo":null,"breadcrumb_settings":null,"limit_modified_date":false,"ai":null,"created":"2023-07-14 04:44:06","updated":"2025-06-04 19:49:15","seo_analyzer_scan_date":null,"focus_keyword":null,"additional_keywords":null,"truseo_locale":null},"aioseo_breadcrumb":"<div class=\"aioseo-breadcrumbs\"><span class=\"aioseo-breadcrumb\">\n\t\t\t<a href=\"https:\/\/dudasytextos.com\/comousar\" title=\"Home\">Home<\/a>\n\t\t<\/span><span class=\"aioseo-breadcrumb-separator\">&raquo;<\/span><span class=\"aioseo-breadcrumb\">\n\t\t\t<a href=\"https:\/\/dudasytextos.com\/comousar\/category\/como-usar\/\" title=\"\u00bfC\u00f3mo usar?\">\u00bfC\u00f3mo usar?<\/a>\n\t\t<\/span><span class=\"aioseo-breadcrumb-separator\">&raquo;<\/span><span class=\"aioseo-breadcrumb\">\n\t\t\tMascarilla sensilis supreme c\u00f3mo usar\n\t\t<\/span><\/div>","aioseo_breadcrumb_json":[{"label":"Home","link":"https:\/\/dudasytextos.com\/comousar"},{"label":"\u00bfC\u00f3mo usar?","link":"https:\/\/dudasytextos.com\/comousar\/category\/como-usar\/"},{"label":"Mascarilla sensilis supreme c\u00f3mo usar","link":"https:\/\/dudasytextos.com\/comousar\/mascarilla-sensilis-supreme-como-usar\/"}],"_links":{"self":[{"href":"https:\/\/dudasytextos.com\/comousar\/wp-json\/wp\/v2\/posts\/84409","targetHints":{"allow":["GET"]}}],"collection":[{"href":"https:\/\/dudasytextos.com\/comousar\/wp-json\/wp\/v2\/posts"}],"about":[{"href":"https:\/\/dudasytextos.com\/comousar\/wp-json\/wp\/v2\/types\/post"}],"author":[{"embeddable":true,"href":"https:\/\/dudasytextos.com\/comousar\/wp-json\/wp\/v2\/users\/1"}],"replies":[{"embeddable":true,"href":"https:\/\/dudasytextos.com\/comousar\/wp-json\/wp\/v2\/comments?post=84409"}],"version-history":[{"count":0,"href":"https:\/\/dudasytextos.com\/comousar\/wp-json\/wp\/v2\/posts\/84409\/revisions"}],"wp:attachment":[{"href":"https:\/\/dudasytextos.com\/comousar\/wp-json\/wp\/v2\/media?parent=84409"}],"wp:term":[{"taxonomy":"category","embeddable":true,"href":"https:\/\/dudasytextos.com\/comousar\/wp-json\/wp\/v2\/categories?post=84409"},{"taxonomy":"post_tag","embeddable":true,"href":"https:\/\/dudasytextos.com\/comousar\/wp-json\/wp\/v2\/tags?post=84409"}],"curies":[{"name":"wp","href":"https:\/\/api.w.org\/{rel}","templated":true}]}}