{"id":90373,"date":"2025-02-15T13:38:41","date_gmt":"2025-02-15T13:38:41","guid":{"rendered":"https:\/\/educacion.cc\/en\/?p=90373"},"modified":"2025-03-12T18:31:20","modified_gmt":"2025-03-12T18:31:20","slug":"como-usar-las-marchas-de-la-bici","status":"publish","type":"post","link":"https:\/\/dudasytextos.com\/comousar\/como-usar-las-marchas-de-la-bici\/","title":{"rendered":"C\u00f3mo usar las marchas de la bici"},"content":{"rendered":"<div id=\"ez-toc-container\" class=\"ez-toc-v2_0_87 counter-hierarchy ez-toc-counter ez-toc-custom ez-toc-container-direction\">\n<div class=\"ez-toc-title-container\">\n<span class=\"ez-toc-title-toggle\"><\/span><\/div>\n<nav><ul class='ez-toc-list ez-toc-list-level-1 ' ><li class='ez-toc-page-1 ez-toc-heading-level-2'><a class=\"ez-toc-link ez-toc-heading-1\" href=\"https:\/\/dudasytextos.com\/comousar\/como-usar-las-marchas-de-la-bici\/#Como_Usar_Las_Marchas_De_La_Bici_%E2%80%93_Guia_Paso_a_Paso\" >C\u00f3mo Usar Las Marchas De La Bici &#8211; Gu\u00eda Paso a Paso<\/a><\/li><li class='ez-toc-page-1 ez-toc-heading-level-2'><a class=\"ez-toc-link ez-toc-heading-2\" href=\"https:\/\/dudasytextos.com\/comousar\/como-usar-las-marchas-de-la-bici\/#Por_Ana_Gonzalez\" >Por Ana Gonz\u00e1lez<\/a><\/li><li class='ez-toc-page-1 ez-toc-heading-level-2'><a class=\"ez-toc-link ez-toc-heading-3\" href=\"https:\/\/dudasytextos.com\/comousar\/como-usar-las-marchas-de-la-bici\/#Curiosidades_y_Datos_Interesantes\" >Curiosidades y Datos Interesantes<\/a><\/li><li class='ez-toc-page-1 ez-toc-heading-level-2'><a class=\"ez-toc-link ez-toc-heading-4\" href=\"https:\/\/dudasytextos.com\/comousar\/como-usar-las-marchas-de-la-bici\/#Como_Funcionan_Las_Marchas\" >C\u00f3mo Funcionan Las Marchas<\/a><\/li><li class='ez-toc-page-1 ez-toc-heading-level-2'><a class=\"ez-toc-link ez-toc-heading-5\" href=\"https:\/\/dudasytextos.com\/comousar\/como-usar-las-marchas-de-la-bici\/#Como_Usar_Las_Marchas\" >C\u00f3mo Usar Las Marchas<\/a><\/li><li class='ez-toc-page-1 ez-toc-heading-level-2'><a class=\"ez-toc-link ez-toc-heading-6\" href=\"https:\/\/dudasytextos.com\/comousar\/como-usar-las-marchas-de-la-bici\/#Consejos_y_Trucos\" >Consejos y Trucos<\/a><\/li><li class='ez-toc-page-1 ez-toc-heading-level-2'><a class=\"ez-toc-link ez-toc-heading-7\" href=\"https:\/\/dudasytextos.com\/comousar\/como-usar-las-marchas-de-la-bici\/#Experiencias_Personales\" >Experiencias Personales<\/a><\/li><li class='ez-toc-page-1 ez-toc-heading-level-2'><a class=\"ez-toc-link ez-toc-heading-8\" href=\"https:\/\/dudasytextos.com\/comousar\/como-usar-las-marchas-de-la-bici\/#Preguntas_Frecuentes\" >Preguntas Frecuentes<\/a><\/li><\/ul><\/nav><\/div>\n<h2><span class=\"ez-toc-section\" id=\"Como_Usar_Las_Marchas_De_La_Bici_%E2%80%93_Guia_Paso_a_Paso\"><\/span>C\u00f3mo Usar Las Marchas De La Bici &#8211; Gu\u00eda Paso a Paso<span class=\"ez-toc-section-end\"><\/span><\/h2>\n<h2><span class=\"ez-toc-section\" id=\"Por_Ana_Gonzalez\"><\/span>Por Ana Gonz\u00e1lez<span class=\"ez-toc-section-end\"><\/span><\/h2>\n<p>Hola a todos, soy Ana Gonz\u00e1lez y en esta gu\u00eda paso a paso les ense\u00f1ar\u00e9 c\u00f3mo usar las marchas de su bicicleta. Siempre me ha gustado andar en bicicleta, pero una de las cosas que m\u00e1s me cost\u00f3 al principio fue entender c\u00f3mo funcionan las marchas y c\u00f3mo utilizarlas de manera adecuada. Despu\u00e9s de varios a\u00f1os de experiencia, he aprendido algunos trucos y consejos que quiero compartir con ustedes.<\/p>\n<section>\n<h2><span class=\"ez-toc-section\" id=\"Curiosidades_y_Datos_Interesantes\"><\/span>Curiosidades y Datos Interesantes<span class=\"ez-toc-section-end\"><\/span><\/h2>\n<ul>\n<li>Las bicicletas modernas tienen entre 18 y 27 velocidades.<\/li>\n<li>La primera bicicleta de marchas fue inventada en 1839 por el franc\u00e9s Jean Pierre Blanchard.<\/li>\n<li>Las marchas permiten al ciclista adaptarse a diferentes terrenos y condiciones clim\u00e1ticas.<\/li>\n<li>En general, la marcha m\u00e1s baja es ideal para subidas empinadas y la marcha m\u00e1s alta para terrenos planos o bajadas.<\/li>\n<\/ul>\n<\/section>\n<section>\n<h2><span class=\"ez-toc-section\" id=\"Como_Funcionan_Las_Marchas\"><\/span>C\u00f3mo Funcionan Las Marchas<span class=\"ez-toc-section-end\"><\/span><\/h2>\n<p>Las marchas de la bicicleta est\u00e1n compuestas por dos elementos principales: el plato y el cassette. El plato est\u00e1 ubicado en la parte delantera de la bicicleta y el cassette en la parte trasera. En el plato se encuentran uno, dos o tres engranajes, mientras que en el cassette pueden haber entre 6 y 11 engranajes. Al cambiar de marcha, la cadena se desplaza de un engranaje a otro, lo que hace que el pedaleo sea m\u00e1s f\u00e1cil o m\u00e1s dif\u00edcil, seg\u00fan la marcha que se haya seleccionado.<\/p>\n<p>En general, las marchas m\u00e1s bajas son m\u00e1s f\u00e1ciles de pedalear porque requieren menos esfuerzo f\u00edsico, pero tambi\u00e9n hacen que la bicicleta se mueva m\u00e1s lento. Por otro lado, las marchas m\u00e1s altas son m\u00e1s dif\u00edciles de pedalear, pero permiten alcanzar mayores velocidades.<\/p>\n<\/section>\n<section>\n<h2><span class=\"ez-toc-section\" id=\"Como_Usar_Las_Marchas\"><\/span>C\u00f3mo Usar Las Marchas<span class=\"ez-toc-section-end\"><\/span><\/h2>\n<p>Antes de empezar a pedalear, es importante asegurarse de estar en la marcha adecuada para el terreno en el que se va a andar. Si vas a subir una colina empinada, es mejor usar la marcha m\u00e1s baja para evitar hacer demasiado esfuerzo y cansarse r\u00e1pidamente. Por otro lado, si vas a andar en terreno plano o en bajada, es mejor usar una marcha m\u00e1s alta para poder pedalear m\u00e1s r\u00e1pido y aprovechar la inercia de la bicicleta.<\/p>\n<p>Cuando se cambia de marcha, es importante hacerlo de forma gradual y suave. Si cambias de una marcha muy baja a una muy alta de golpe, podr\u00edas da\u00f1ar la cadena o incluso caerte de la bicicleta. Lo ideal es ir cambiando de marcha poco a poco, de acuerdo al terreno y a tus necesidades.<\/p>\n<p>Adem\u00e1s, es importante recordar que no siempre es necesario cambiar de marcha. Si te sientes c\u00f3modo en la marcha que est\u00e1s usando, no tienes por qu\u00e9 cambiar. Recuerda que lo m\u00e1s importante es disfrutar de la experiencia de andar en bicicleta y no hacerlo de forma forzada o inc\u00f3moda.<\/p>\n<\/section>\n<section>\n<h2><span class=\"ez-toc-section\" id=\"Consejos_y_Trucos\"><\/span>Consejos y Trucos<span class=\"ez-toc-section-end\"><\/span><\/h2>\n<ul>\n<li>Practica en terrenos planos antes de intentar subir colinas empinadas.<\/li>\n<li>Usa una marcha m\u00e1s baja de lo que crees necesario al subir una colina.<\/li>\n<li>Si te cansas pedaleando en una marcha alta, cambia a una marcha m\u00e1s baja y descansa un poco.<\/li>\n<li>Si vas a cambiar varias veces de marcha, hazlo antes de que sea necesario. Por ejemplo, si vas a subir una colina, cambia a una marcha m\u00e1s baja antes de que se te haga muy dif\u00edcil pedalear.<\/li>\n<li>Si est\u00e1s en una marcha muy baja y necesitas cambiar a una m\u00e1s alta, intenta aumentar la velocidad de pedaleo antes de hacerlo.<\/li>\n<\/ul>\n<\/section>\n<section>\n<h2><span class=\"ez-toc-section\" id=\"Experiencias_Personales\"><\/span>Experiencias Personales<span class=\"ez-toc-section-end\"><\/span><\/h2>\n<p>Cuando empec\u00e9 a andar en bicicleta, no entend\u00eda nada de las marchas. Siempre usaba una marcha alta y me cansaba muy r\u00e1pido, sin mencionar que me costaba mucho subir colinas empinadas. Despu\u00e9s de leer algunos consejos en l\u00ednea y practicar un poco, empec\u00e9 a entender c\u00f3mo funcionan las marchas y a utilizarlas de manera m\u00e1s eficiente. Ahora, puedo andar en bicicleta durante horas sin cansarme demasiado y subir colinas empinadas sin problema.<\/p>\n<p>En mi experiencia, lo m\u00e1s importante es no tener miedo de experimentar y probar diferentes marchas. No hay una f\u00f3rmula m\u00e1gica que funcione para todos, as\u00ed que lo mejor es encontrar la marcha que se sienta m\u00e1s c\u00f3moda y eficiente en cada situaci\u00f3n.<\/p>\n<\/section>\n<section>\n<h2><span class=\"ez-toc-section\" id=\"Preguntas_Frecuentes\"><\/span>Preguntas Frecuentes<span class=\"ez-toc-section-end\"><\/span><\/h2>\n<dl>\n<dt>\u00bfEs necesario cambiar de marcha todo el tiempo?<\/dt>\n<dd>No necesariamente. Si te sientes c\u00f3modo en la marcha que est\u00e1s usando, no tienes por qu\u00e9 cambiar. Solo cambia de marcha si sientes que es necesario.<\/dd>\n<dt>\u00bfC\u00f3mo s\u00e9 en qu\u00e9 marcha estoy?<\/dt>\n<dd>En la mayor\u00eda de las bicicletas modernas, hay un indicador en el cambio trasero que muestra en qu\u00e9 marcha est\u00e1s. Si no lo encuentras, puedes mirar los engranajes del cassette y contar cu\u00e1ntos hay.<\/dd>\n<dt>\u00bfQu\u00e9 pasa si cambio a una marcha muy alta o muy baja de golpe?<\/dt>\n<dd>Si cambias de una marcha muy baja a una muy alta de golpe, podr\u00edas da\u00f1ar la cadena o incluso caerte de la bicicleta. Lo ideal es ir cambiando de marcha poco a poco, de acuerdo al terreno y a tus necesidades.<\/dd>\n<\/dl>\n<\/section>\n","protected":false},"excerpt":{"rendered":"<p>C\u00f3mo Usar Las Marchas De La Bici &#8211; Gu\u00eda Paso a Paso Por Ana Gonz\u00e1lez Hola a todos, soy Ana Gonz\u00e1lez y en esta gu\u00eda paso a paso les ense\u00f1ar\u00e9 c\u00f3mo usar las marchas de su bicicleta. Siempre me ha gustado andar en bicicleta, pero una de las cosas que m\u00e1s me cost\u00f3 al principio &#8230; <a title=\"C\u00f3mo usar las marchas de la bici\" class=\"read-more\" href=\"https:\/\/dudasytextos.com\/comousar\/como-usar-las-marchas-de-la-bici\/\" aria-label=\"M\u00e1s en C\u00f3mo usar las marchas de la bici\">Leer m\u00e1s<\/a><\/p>\n","protected":false},"author":1,"featured_media":0,"comment_status":"open","ping_status":"open","sticky":false,"template":"","format":"standard","meta":{"footnotes":""},"categories":[3],"tags":[],"class_list":["post-90373","post","type-post","status-publish","format-standard","hentry","category-como-usar"],"aioseo_notices":[],"aioseo_head":"\n\t\t<!-- All in One SEO 5.0.1.1 - aioseo.com -->\n\t<meta name=\"description\" content=\"C\u00f3mo Usar Las Marchas De La Bici - Gu\u00eda Paso a Paso Por Ana Gonz\u00e1lez Hola a todos, soy Ana Gonz\u00e1lez y en esta gu\u00eda paso a paso les ense\u00f1ar\u00e9 c\u00f3mo usar las marchas de su bicicleta. Siempre me ha gustado andar en bicicleta, pero una de las cosas que m\u00e1s me cost\u00f3 al principio\" \/>\n\t<meta name=\"robots\" content=\"max-snippet:-1, max-image-preview:large, max-video-preview:-1\" \/>\n\t<meta name=\"author\" content=\"Ana Gonz\u00e1lez\"\/>\n\t<link rel=\"canonical\" href=\"https:\/\/dudasytextos.com\/comousar\/como-usar-las-marchas-de-la-bici\/\" \/>\n\t<meta name=\"generator\" content=\"All in One SEO (AIOSEO) 5.0.1.1\" \/>\n\n\t\t<!-- Google tag (gtag.js) -->\n<script async src=\"https:\/\/www.googletagmanager.com\/gtag\/js?id=G-X7DSVXBJ5H\"><\/script>\n<script>\n  window.dataLayer = window.dataLayer || [];\n  function gtag(){dataLayer.push(arguments);}\n  gtag('js', new Date());\n\n  gtag('config', 'G-X7DSVXBJ5H');\n<\/script>\n<script async src=\"https:\/\/pagead2.googlesyndication.com\/pagead\/js\/adsbygoogle.js?client=ca-pub-3987500858204711\"\n     crossorigin=\"anonymous\"><\/script>\n\t\t<meta property=\"og:locale\" content=\"es_ES\" \/>\n\t\t<meta property=\"og:site_name\" content=\"\u00bfC\u00f3mo Usarlo? - \u00bfC\u00f3mo Usarlo?\" \/>\n\t\t<meta property=\"og:type\" content=\"article\" \/>\n\t\t<meta property=\"og:title\" content=\"C\u00f3mo usar las marchas de la bici (2026) \u00bfC\u00f3mo Usarlo?\" \/>\n\t\t<meta property=\"og:description\" content=\"C\u00f3mo Usar Las Marchas De La Bici - Gu\u00eda Paso a Paso Por Ana Gonz\u00e1lez Hola a todos, soy Ana Gonz\u00e1lez y en esta gu\u00eda paso a paso les ense\u00f1ar\u00e9 c\u00f3mo usar las marchas de su bicicleta. Siempre me ha gustado andar en bicicleta, pero una de las cosas que m\u00e1s me cost\u00f3 al principio\" \/>\n\t\t<meta property=\"og:url\" content=\"https:\/\/dudasytextos.com\/comousar\/como-usar-las-marchas-de-la-bici\/\" \/>\n\t\t<meta property=\"article:published_time\" content=\"2025-02-15T13:38:41+00:00\" \/>\n\t\t<meta property=\"article:modified_time\" content=\"2025-03-12T18:31:20+00:00\" \/>\n\t\t<meta name=\"twitter:card\" content=\"summary_large_image\" \/>\n\t\t<meta name=\"twitter:title\" content=\"C\u00f3mo usar las marchas de la bici (2026) \u00bfC\u00f3mo Usarlo?\" \/>\n\t\t<meta name=\"twitter:description\" content=\"C\u00f3mo Usar Las Marchas De La Bici - Gu\u00eda Paso a Paso Por Ana Gonz\u00e1lez Hola a todos, soy Ana Gonz\u00e1lez y en esta gu\u00eda paso a paso les ense\u00f1ar\u00e9 c\u00f3mo usar las marchas de su bicicleta. Siempre me ha gustado andar en bicicleta, pero una de las cosas que m\u00e1s me cost\u00f3 al principio\" \/>\n\t\t<script type=\"application\/ld+json\" class=\"aioseo-schema\">\n\t\t\t{\"@context\":\"https:\\\/\\\/schema.org\",\"@graph\":[{\"@type\":\"BlogPosting\",\"@id\":\"https:\\\/\\\/dudasytextos.com\\\/comousar\\\/como-usar-las-marchas-de-la-bici\\\/#blogposting\",\"name\":\"C\\u00f3mo usar las marchas de la bici (2026) \\u00bfC\\u00f3mo Usarlo?\",\"headline\":\"C\\u00f3mo usar las marchas de la bici\",\"author\":{\"@id\":\"https:\\\/\\\/dudasytextos.com\\\/comousar\\\/author\\\/admin23\\\/#author\"},\"publisher\":{\"@id\":\"https:\\\/\\\/dudasytextos.com\\\/comousar\\\/#organization\"},\"datePublished\":\"2025-02-15T13:38:41+00:00\",\"dateModified\":\"2025-03-12T18:31:20+00:00\",\"inLanguage\":\"es-ES\",\"mainEntityOfPage\":{\"@id\":\"https:\\\/\\\/dudasytextos.com\\\/comousar\\\/como-usar-las-marchas-de-la-bici\\\/#webpage\"},\"isPartOf\":{\"@id\":\"https:\\\/\\\/dudasytextos.com\\\/comousar\\\/como-usar-las-marchas-de-la-bici\\\/#webpage\"},\"articleSection\":\"\\u00bfC\\u00f3mo usar?\"},{\"@type\":\"BreadcrumbList\",\"@id\":\"https:\\\/\\\/dudasytextos.com\\\/comousar\\\/como-usar-las-marchas-de-la-bici\\\/#breadcrumblist\",\"itemListElement\":[{\"@type\":\"ListItem\",\"@id\":\"https:\\\/\\\/dudasytextos.com\\\/comousar#listItem\",\"position\":1,\"name\":\"Home\",\"item\":\"https:\\\/\\\/dudasytextos.com\\\/comousar\",\"nextItem\":{\"@type\":\"ListItem\",\"@id\":\"https:\\\/\\\/dudasytextos.com\\\/comousar\\\/category\\\/como-usar\\\/#listItem\",\"name\":\"\\u00bfC\\u00f3mo usar?\"}},{\"@type\":\"ListItem\",\"@id\":\"https:\\\/\\\/dudasytextos.com\\\/comousar\\\/category\\\/como-usar\\\/#listItem\",\"position\":2,\"name\":\"\\u00bfC\\u00f3mo usar?\",\"item\":\"https:\\\/\\\/dudasytextos.com\\\/comousar\\\/category\\\/como-usar\\\/\",\"nextItem\":{\"@type\":\"ListItem\",\"@id\":\"https:\\\/\\\/dudasytextos.com\\\/comousar\\\/como-usar-las-marchas-de-la-bici\\\/#listItem\",\"name\":\"C\\u00f3mo usar las marchas de la bici\"},\"previousItem\":{\"@type\":\"ListItem\",\"@id\":\"https:\\\/\\\/dudasytextos.com\\\/comousar#listItem\",\"name\":\"Home\"}},{\"@type\":\"ListItem\",\"@id\":\"https:\\\/\\\/dudasytextos.com\\\/comousar\\\/como-usar-las-marchas-de-la-bici\\\/#listItem\",\"position\":3,\"name\":\"C\\u00f3mo usar las marchas de la bici\",\"previousItem\":{\"@type\":\"ListItem\",\"@id\":\"https:\\\/\\\/dudasytextos.com\\\/comousar\\\/category\\\/como-usar\\\/#listItem\",\"name\":\"\\u00bfC\\u00f3mo usar?\"}}]},{\"@type\":\"Organization\",\"@id\":\"https:\\\/\\\/dudasytextos.com\\\/comousar\\\/#organization\",\"name\":\"Recipes\",\"description\":\"\\u00bfC\\u00f3mo Usarlo?\",\"url\":\"https:\\\/\\\/dudasytextos.com\\\/comousar\\\/\"},{\"@type\":\"Person\",\"@id\":\"https:\\\/\\\/dudasytextos.com\\\/comousar\\\/author\\\/admin23\\\/#author\",\"url\":\"https:\\\/\\\/dudasytextos.com\\\/comousar\\\/author\\\/admin23\\\/\",\"name\":\"Ana Gonz\\u00e1lez\"},{\"@type\":\"WebPage\",\"@id\":\"https:\\\/\\\/dudasytextos.com\\\/comousar\\\/como-usar-las-marchas-de-la-bici\\\/#webpage\",\"url\":\"https:\\\/\\\/dudasytextos.com\\\/comousar\\\/como-usar-las-marchas-de-la-bici\\\/\",\"name\":\"C\\u00f3mo usar las marchas de la bici (2026) \\u00bfC\\u00f3mo Usarlo?\",\"description\":\"C\\u00f3mo Usar Las Marchas De La Bici - Gu\\u00eda Paso a Paso Por Ana Gonz\\u00e1lez Hola a todos, soy Ana Gonz\\u00e1lez y en esta gu\\u00eda paso a paso les ense\\u00f1ar\\u00e9 c\\u00f3mo usar las marchas de su bicicleta. Siempre me ha gustado andar en bicicleta, pero una de las cosas que m\\u00e1s me cost\\u00f3 al principio\",\"inLanguage\":\"es-ES\",\"isPartOf\":{\"@id\":\"https:\\\/\\\/dudasytextos.com\\\/comousar\\\/#website\"},\"breadcrumb\":{\"@id\":\"https:\\\/\\\/dudasytextos.com\\\/comousar\\\/como-usar-las-marchas-de-la-bici\\\/#breadcrumblist\"},\"author\":{\"@id\":\"https:\\\/\\\/dudasytextos.com\\\/comousar\\\/author\\\/admin23\\\/#author\"},\"creator\":{\"@id\":\"https:\\\/\\\/dudasytextos.com\\\/comousar\\\/author\\\/admin23\\\/#author\"},\"datePublished\":\"2025-02-15T13:38:41+00:00\",\"dateModified\":\"2025-03-12T18:31:20+00:00\"},{\"@type\":\"WebSite\",\"@id\":\"https:\\\/\\\/dudasytextos.com\\\/comousar\\\/#website\",\"url\":\"https:\\\/\\\/dudasytextos.com\\\/comousar\\\/\",\"name\":\"Recipes\",\"description\":\"\\u00bfC\\u00f3mo Usarlo?\",\"inLanguage\":\"es-ES\",\"publisher\":{\"@id\":\"https:\\\/\\\/dudasytextos.com\\\/comousar\\\/#organization\"}}]}\n\t\t<\/script>\n\t\t<!-- All in One SEO -->\n\n","aioseo_head_json":{"title":"C\u00f3mo usar las marchas de la bici (2026) \u00bfC\u00f3mo Usarlo?","description":"C\u00f3mo Usar Las Marchas De La Bici - Gu\u00eda Paso a Paso Por Ana Gonz\u00e1lez Hola a todos, soy Ana Gonz\u00e1lez y en esta gu\u00eda paso a paso les ense\u00f1ar\u00e9 c\u00f3mo usar las marchas de su bicicleta. Siempre me ha gustado andar en bicicleta, pero una de las cosas que m\u00e1s me cost\u00f3 al principio","canonical_url":"https:\/\/dudasytextos.com\/comousar\/como-usar-las-marchas-de-la-bici\/","robots":"max-snippet:-1, max-image-preview:large, max-video-preview:-1","keywords":"","webmasterTools":{"miscellaneous":"&lt;!-- Google tag (gtag.js) --&gt;\n&lt;script async src=\"https:\/\/www.googletagmanager.com\/gtag\/js?id=G-X7DSVXBJ5H\"&gt;&lt;\/script&gt;\n&lt;script&gt;\n  window.dataLayer = window.dataLayer || [];\n  function gtag(){dataLayer.push(arguments);}\n  gtag('js', new Date());\n\n  gtag('config', 'G-X7DSVXBJ5H');\n&lt;\/script&gt;\n&lt;script async src=\"https:\/\/pagead2.googlesyndication.com\/pagead\/js\/adsbygoogle.js?client=ca-pub-3987500858204711\"\n     crossorigin=\"anonymous\"&gt;&lt;\/script&gt;"},"schema":{"@context":"https:\/\/schema.org","@graph":[{"@type":"BlogPosting","@id":"https:\/\/dudasytextos.com\/comousar\/como-usar-las-marchas-de-la-bici\/#blogposting","name":"C\u00f3mo usar las marchas de la bici (2026) \u00bfC\u00f3mo Usarlo?","headline":"C\u00f3mo usar las marchas de la bici","author":{"@id":"https:\/\/dudasytextos.com\/comousar\/author\/admin23\/#author"},"publisher":{"@id":"https:\/\/dudasytextos.com\/comousar\/#organization"},"datePublished":"2025-02-15T13:38:41+00:00","dateModified":"2025-03-12T18:31:20+00:00","inLanguage":"es-ES","mainEntityOfPage":{"@id":"https:\/\/dudasytextos.com\/comousar\/como-usar-las-marchas-de-la-bici\/#webpage"},"isPartOf":{"@id":"https:\/\/dudasytextos.com\/comousar\/como-usar-las-marchas-de-la-bici\/#webpage"},"articleSection":"\u00bfC\u00f3mo usar?"},{"@type":"BreadcrumbList","@id":"https:\/\/dudasytextos.com\/comousar\/como-usar-las-marchas-de-la-bici\/#breadcrumblist","itemListElement":[{"@type":"ListItem","@id":"https:\/\/dudasytextos.com\/comousar#listItem","position":1,"name":"Home","item":"https:\/\/dudasytextos.com\/comousar","nextItem":{"@type":"ListItem","@id":"https:\/\/dudasytextos.com\/comousar\/category\/como-usar\/#listItem","name":"\u00bfC\u00f3mo usar?"}},{"@type":"ListItem","@id":"https:\/\/dudasytextos.com\/comousar\/category\/como-usar\/#listItem","position":2,"name":"\u00bfC\u00f3mo usar?","item":"https:\/\/dudasytextos.com\/comousar\/category\/como-usar\/","nextItem":{"@type":"ListItem","@id":"https:\/\/dudasytextos.com\/comousar\/como-usar-las-marchas-de-la-bici\/#listItem","name":"C\u00f3mo usar las marchas de la bici"},"previousItem":{"@type":"ListItem","@id":"https:\/\/dudasytextos.com\/comousar#listItem","name":"Home"}},{"@type":"ListItem","@id":"https:\/\/dudasytextos.com\/comousar\/como-usar-las-marchas-de-la-bici\/#listItem","position":3,"name":"C\u00f3mo usar las marchas de la bici","previousItem":{"@type":"ListItem","@id":"https:\/\/dudasytextos.com\/comousar\/category\/como-usar\/#listItem","name":"\u00bfC\u00f3mo usar?"}}]},{"@type":"Organization","@id":"https:\/\/dudasytextos.com\/comousar\/#organization","name":"Recipes","description":"\u00bfC\u00f3mo Usarlo?","url":"https:\/\/dudasytextos.com\/comousar\/"},{"@type":"Person","@id":"https:\/\/dudasytextos.com\/comousar\/author\/admin23\/#author","url":"https:\/\/dudasytextos.com\/comousar\/author\/admin23\/","name":"Ana Gonz\u00e1lez"},{"@type":"WebPage","@id":"https:\/\/dudasytextos.com\/comousar\/como-usar-las-marchas-de-la-bici\/#webpage","url":"https:\/\/dudasytextos.com\/comousar\/como-usar-las-marchas-de-la-bici\/","name":"C\u00f3mo usar las marchas de la bici (2026) \u00bfC\u00f3mo Usarlo?","description":"C\u00f3mo Usar Las Marchas De La Bici - Gu\u00eda Paso a Paso Por Ana Gonz\u00e1lez Hola a todos, soy Ana Gonz\u00e1lez y en esta gu\u00eda paso a paso les ense\u00f1ar\u00e9 c\u00f3mo usar las marchas de su bicicleta. Siempre me ha gustado andar en bicicleta, pero una de las cosas que m\u00e1s me cost\u00f3 al principio","inLanguage":"es-ES","isPartOf":{"@id":"https:\/\/dudasytextos.com\/comousar\/#website"},"breadcrumb":{"@id":"https:\/\/dudasytextos.com\/comousar\/como-usar-las-marchas-de-la-bici\/#breadcrumblist"},"author":{"@id":"https:\/\/dudasytextos.com\/comousar\/author\/admin23\/#author"},"creator":{"@id":"https:\/\/dudasytextos.com\/comousar\/author\/admin23\/#author"},"datePublished":"2025-02-15T13:38:41+00:00","dateModified":"2025-03-12T18:31:20+00:00"},{"@type":"WebSite","@id":"https:\/\/dudasytextos.com\/comousar\/#website","url":"https:\/\/dudasytextos.com\/comousar\/","name":"Recipes","description":"\u00bfC\u00f3mo Usarlo?","inLanguage":"es-ES","publisher":{"@id":"https:\/\/dudasytextos.com\/comousar\/#organization"}}]},"og:locale":"es_ES","og:site_name":"\u00bfC\u00f3mo Usarlo? - \u00bfC\u00f3mo Usarlo?","og:type":"article","og:title":"C\u00f3mo usar las marchas de la bici (2026) \u00bfC\u00f3mo Usarlo?","og:description":"C\u00f3mo Usar Las Marchas De La Bici - Gu\u00eda Paso a Paso Por Ana Gonz\u00e1lez Hola a todos, soy Ana Gonz\u00e1lez y en esta gu\u00eda paso a paso les ense\u00f1ar\u00e9 c\u00f3mo usar las marchas de su bicicleta. Siempre me ha gustado andar en bicicleta, pero una de las cosas que m\u00e1s me cost\u00f3 al principio","og:url":"https:\/\/dudasytextos.com\/comousar\/como-usar-las-marchas-de-la-bici\/","article:published_time":"2025-02-15T13:38:41+00:00","article:modified_time":"2025-03-12T18:31:20+00:00","twitter:card":"summary_large_image","twitter:title":"C\u00f3mo usar las marchas de la bici (2026) \u00bfC\u00f3mo Usarlo?","twitter:description":"C\u00f3mo Usar Las Marchas De La Bici - Gu\u00eda Paso a Paso Por Ana Gonz\u00e1lez Hola a todos, soy Ana Gonz\u00e1lez y en esta gu\u00eda paso a paso les ense\u00f1ar\u00e9 c\u00f3mo usar las marchas de su bicicleta. Siempre me ha gustado andar en bicicleta, pero una de las cosas que m\u00e1s me cost\u00f3 al principio"},"aioseo_meta_data":{"post_id":"90373","title":null,"description":null,"keywords":null,"keyphrases":null,"primary_term":null,"canonical_url":null,"og_title":null,"og_description":null,"og_object_type":"default","og_image_type":"default","og_image_url":null,"og_image_width":null,"og_image_height":null,"og_image_custom_url":null,"og_image_custom_fields":null,"og_video":null,"og_custom_url":null,"og_article_section":null,"og_article_tags":null,"twitter_use_og":false,"twitter_card":"default","twitter_image_type":"default","twitter_image_url":null,"twitter_image_custom_url":null,"twitter_image_custom_fields":null,"twitter_title":null,"twitter_description":null,"schema":{"blockGraphs":[],"customGraphs":[],"default":{"data":{"Article":[],"Course":[],"Dataset":[],"FAQPage":[],"Movie":[],"Person":[],"Product":[],"ProductReview":[],"Car":[],"Recipe":[],"Service":[],"SoftwareApplication":[],"WebPage":[]},"graphName":"","isEnabled":true},"graphs":[]},"schema_type":"default","schema_type_options":null,"pillar_content":false,"robots_default":true,"robots_noindex":false,"robots_noarchive":false,"robots_nosnippet":false,"robots_nofollow":false,"robots_noimageindex":false,"robots_noodp":false,"robots_notranslate":false,"robots_max_snippet":null,"robots_max_videopreview":null,"robots_max_imagepreview":"large","priority":null,"frequency":null,"local_seo":null,"breadcrumb_settings":null,"limit_modified_date":false,"ai":null,"created":"2023-05-06 14:27:29","updated":"2025-06-04 00:54:50","seo_analyzer_scan_date":null,"focus_keyword":null,"additional_keywords":null,"truseo_locale":null},"aioseo_breadcrumb":"<div class=\"aioseo-breadcrumbs\"><span class=\"aioseo-breadcrumb\">\n\t\t\t<a href=\"https:\/\/dudasytextos.com\/comousar\" title=\"Home\">Home<\/a>\n\t\t<\/span><span class=\"aioseo-breadcrumb-separator\">&raquo;<\/span><span class=\"aioseo-breadcrumb\">\n\t\t\t<a href=\"https:\/\/dudasytextos.com\/comousar\/category\/como-usar\/\" title=\"\u00bfC\u00f3mo usar?\">\u00bfC\u00f3mo usar?<\/a>\n\t\t<\/span><span class=\"aioseo-breadcrumb-separator\">&raquo;<\/span><span class=\"aioseo-breadcrumb\">\n\t\t\tC\u00f3mo usar las marchas de la bici\n\t\t<\/span><\/div>","aioseo_breadcrumb_json":[{"label":"Home","link":"https:\/\/dudasytextos.com\/comousar"},{"label":"\u00bfC\u00f3mo usar?","link":"https:\/\/dudasytextos.com\/comousar\/category\/como-usar\/"},{"label":"C\u00f3mo usar las marchas de la bici","link":"https:\/\/dudasytextos.com\/comousar\/como-usar-las-marchas-de-la-bici\/"}],"_links":{"self":[{"href":"https:\/\/dudasytextos.com\/comousar\/wp-json\/wp\/v2\/posts\/90373","targetHints":{"allow":["GET"]}}],"collection":[{"href":"https:\/\/dudasytextos.com\/comousar\/wp-json\/wp\/v2\/posts"}],"about":[{"href":"https:\/\/dudasytextos.com\/comousar\/wp-json\/wp\/v2\/types\/post"}],"author":[{"embeddable":true,"href":"https:\/\/dudasytextos.com\/comousar\/wp-json\/wp\/v2\/users\/1"}],"replies":[{"embeddable":true,"href":"https:\/\/dudasytextos.com\/comousar\/wp-json\/wp\/v2\/comments?post=90373"}],"version-history":[{"count":1,"href":"https:\/\/dudasytextos.com\/comousar\/wp-json\/wp\/v2\/posts\/90373\/revisions"}],"predecessor-version":[{"id":97582,"href":"https:\/\/dudasytextos.com\/comousar\/wp-json\/wp\/v2\/posts\/90373\/revisions\/97582"}],"wp:attachment":[{"href":"https:\/\/dudasytextos.com\/comousar\/wp-json\/wp\/v2\/media?parent=90373"}],"wp:term":[{"taxonomy":"category","embeddable":true,"href":"https:\/\/dudasytextos.com\/comousar\/wp-json\/wp\/v2\/categories?post=90373"},{"taxonomy":"post_tag","embeddable":true,"href":"https:\/\/dudasytextos.com\/comousar\/wp-json\/wp\/v2\/tags?post=90373"}],"curies":[{"name":"wp","href":"https:\/\/api.w.org\/{rel}","templated":true}]}}