{"id":93355,"date":"2025-02-26T09:41:34","date_gmt":"2025-02-26T09:41:34","guid":{"rendered":"https:\/\/educacion.cc\/en\/?p=93355"},"modified":"2025-03-12T13:00:26","modified_gmt":"2025-03-12T13:00:26","slug":"como-usar-el-temporizador-de-la-camara","status":"publish","type":"post","link":"https:\/\/dudasytextos.com\/comousar\/como-usar-el-temporizador-de-la-camara\/","title":{"rendered":"C\u00f3mo usar el temporizador de la camara"},"content":{"rendered":"<div id=\"ez-toc-container\" class=\"ez-toc-v2_0_87 counter-hierarchy ez-toc-counter ez-toc-custom ez-toc-container-direction\">\n<div class=\"ez-toc-title-container\">\n<span class=\"ez-toc-title-toggle\"><\/span><\/div>\n<nav><ul class='ez-toc-list ez-toc-list-level-1 ' ><li class='ez-toc-page-1 ez-toc-heading-level-2'><a class=\"ez-toc-link ez-toc-heading-1\" href=\"https:\/\/dudasytextos.com\/comousar\/como-usar-el-temporizador-de-la-camara\/#Como_usar_el_temporizador_de_la_camara_%E2%80%93_Guia_paso_a_paso\" >C\u00f3mo usar el temporizador de la c\u00e1mara &#8211; Gu\u00eda paso a paso<\/a><\/li><li class='ez-toc-page-1 ez-toc-heading-level-2'><a class=\"ez-toc-link ez-toc-heading-2\" href=\"https:\/\/dudasytextos.com\/comousar\/como-usar-el-temporizador-de-la-camara\/#Curiosidades_sobre_el_temporizador_de_la_camara\" >Curiosidades sobre el temporizador de la c\u00e1mara<\/a><\/li><li class='ez-toc-page-1 ez-toc-heading-level-2'><a class=\"ez-toc-link ez-toc-heading-3\" href=\"https:\/\/dudasytextos.com\/comousar\/como-usar-el-temporizador-de-la-camara\/#Como_utilizar_el_temporizador_de_la_camara\" >C\u00f3mo utilizar el temporizador de la c\u00e1mara<\/a><\/li><li class='ez-toc-page-1 ez-toc-heading-level-2'><a class=\"ez-toc-link ez-toc-heading-4\" href=\"https:\/\/dudasytextos.com\/comousar\/como-usar-el-temporizador-de-la-camara\/#Consejos_y_trucos_para_utilizar_el_temporizador_de_la_camara\" >Consejos y trucos para utilizar el temporizador de la c\u00e1mara<\/a><\/li><li class='ez-toc-page-1 ez-toc-heading-level-2'><a class=\"ez-toc-link ez-toc-heading-5\" href=\"https:\/\/dudasytextos.com\/comousar\/como-usar-el-temporizador-de-la-camara\/#Preguntas_frecuentes_sobre_el_temporizador_de_la_camara\" >Preguntas frecuentes sobre el temporizador de la c\u00e1mara<\/a><ul class='ez-toc-list-level-3' ><li class='ez-toc-heading-level-3'><a class=\"ez-toc-link ez-toc-heading-6\" href=\"https:\/\/dudasytextos.com\/comousar\/como-usar-el-temporizador-de-la-camara\/#%C2%BFComo_puedo_saber_cuanto_tiempo_tiene_el_temporizador_de_mi_camara\" >\u00bfC\u00f3mo puedo saber cu\u00e1nto tiempo tiene el temporizador de mi c\u00e1mara?<\/a><\/li><li class='ez-toc-page-1 ez-toc-heading-level-3'><a class=\"ez-toc-link ez-toc-heading-7\" href=\"https:\/\/dudasytextos.com\/comousar\/como-usar-el-temporizador-de-la-camara\/#%C2%BFPuedo_utilizar_el_temporizador_en_modo_rafaga\" >\u00bfPuedo utilizar el temporizador en modo r\u00e1faga?<\/a><\/li><li class='ez-toc-page-1 ez-toc-heading-level-3'><a class=\"ez-toc-link ez-toc-heading-8\" href=\"https:\/\/dudasytextos.com\/comousar\/como-usar-el-temporizador-de-la-camara\/#%C2%BFPuedo_utilizar_el_temporizador_en_modo_video\" >\u00bfPuedo utilizar el temporizador en modo video?<\/a><\/li><li class='ez-toc-page-1 ez-toc-heading-level-3'><a class=\"ez-toc-link ez-toc-heading-9\" href=\"https:\/\/dudasytextos.com\/comousar\/como-usar-el-temporizador-de-la-camara\/#%C2%BFComo_puedo_evitar_que_la_imagen_salga_movida\" >\u00bfC\u00f3mo puedo evitar que la imagen salga movida?<\/a><\/li><\/ul><\/li><\/ul><\/nav><\/div>\n<h2><span class=\"ez-toc-section\" id=\"Como_usar_el_temporizador_de_la_camara_%E2%80%93_Guia_paso_a_paso\"><\/span>C\u00f3mo usar el temporizador de la c\u00e1mara &#8211; Gu\u00eda paso a paso<span class=\"ez-toc-section-end\"><\/span><\/h2>\n<section>\n<h2><span class=\"ez-toc-section\" id=\"Curiosidades_sobre_el_temporizador_de_la_camara\"><\/span>Curiosidades sobre el temporizador de la c\u00e1mara<span class=\"ez-toc-section-end\"><\/span><\/h2>\n<ul>\n<li>El temporizador de la c\u00e1mara se invent\u00f3 en 1923 por el fot\u00f3grafo franc\u00e9s L\u00e9on Gaumont.<\/li>\n<li>Antes de la invenci\u00f3n del temporizador, los fot\u00f3grafos ten\u00edan que correr hacia la c\u00e1mara despu\u00e9s de presionar el obturador para estar en la foto.<\/li>\n<li>El temporizador tambi\u00e9n se utiliza en fotograf\u00eda de larga exposici\u00f3n y fotograf\u00eda nocturna para evitar movimientos en la c\u00e1mara.<\/li>\n<\/ul>\n<\/section>\n<section>\n<h2><span class=\"ez-toc-section\" id=\"Como_utilizar_el_temporizador_de_la_camara\"><\/span>C\u00f3mo utilizar el temporizador de la c\u00e1mara<span class=\"ez-toc-section-end\"><\/span><\/h2>\n<p>Utilizar el temporizador de la c\u00e1mara es muy sencillo, sigue estos pasos:<\/p>\n<ol>\n<li>Enciende la c\u00e1mara y selecciona el modo de disparo.<\/li>\n<li>Busca el icono del temporizador en el men\u00fa de la c\u00e1mara y selecci\u00f3nalo.<\/li>\n<li>Selecciona el tiempo de temporizador que necesites (normalmente 2, 5 o 10 segundos).<\/li>\n<li>Coloca la c\u00e1mara en el tr\u00edpode o en una superficie plana y enfoca la imagen.<\/li>\n<li>Ponte en posici\u00f3n frente a la c\u00e1mara y presiona el bot\u00f3n del obturador.<\/li>\n<li>La c\u00e1mara comenzar\u00e1 una cuenta atr\u00e1s y tomar\u00e1 la foto al finalizar el tiempo seleccionado.<\/li>\n<\/ol>\n<p>Es importante asegurarse de que la c\u00e1mara est\u00e9 estable antes de tomar la foto para evitar que la imagen salga movida.<\/p>\n<\/section>\n<section>\n<h2><span class=\"ez-toc-section\" id=\"Consejos_y_trucos_para_utilizar_el_temporizador_de_la_camara\"><\/span>Consejos y trucos para utilizar el temporizador de la c\u00e1mara<span class=\"ez-toc-section-end\"><\/span><\/h2>\n<p>Con estos consejos y trucos conseguir\u00e1s sacarle el m\u00e1ximo partido al temporizador de la c\u00e1mara:<\/p>\n<ul>\n<li>Utiliza el temporizador para evitar que salgas movido en la foto.<\/li>\n<li>Utiliza un tr\u00edpode o superficie estable para colocar la c\u00e1mara y evitar movimientos.<\/li>\n<li>Elige el tiempo de temporizador adecuado seg\u00fan la foto que quieras tomar.<\/li>\n<li>Utiliza el temporizador para tomar autorretratos o fotos en grupo sin necesidad de que alguien tenga que hacer la foto.<\/li>\n<li>Prueba a utilizar el temporizador en fotograf\u00eda de larga exposici\u00f3n para evitar movimientos en la c\u00e1mara.<\/li>\n<\/ul>\n<p>Con estos consejos conseguir\u00e1s sacarle el m\u00e1ximo partido al temporizador de la c\u00e1mara y conseguir las mejores fotos.<\/p>\n<\/section>\n<section>\n<h2><span class=\"ez-toc-section\" id=\"Preguntas_frecuentes_sobre_el_temporizador_de_la_camara\"><\/span>Preguntas frecuentes sobre el temporizador de la c\u00e1mara<span class=\"ez-toc-section-end\"><\/span><\/h2>\n<h3><span class=\"ez-toc-section\" id=\"%C2%BFComo_puedo_saber_cuanto_tiempo_tiene_el_temporizador_de_mi_camara\"><\/span>\u00bfC\u00f3mo puedo saber cu\u00e1nto tiempo tiene el temporizador de mi c\u00e1mara?<span class=\"ez-toc-section-end\"><\/span><\/h3>\n<p>Normalmente, el tiempo de temporizador se puede seleccionar en el men\u00fa de la c\u00e1mara. Consulta el manual de instrucciones de tu c\u00e1mara para conocer los tiempos disponibles.<\/p>\n<h3><span class=\"ez-toc-section\" id=\"%C2%BFPuedo_utilizar_el_temporizador_en_modo_rafaga\"><\/span>\u00bfPuedo utilizar el temporizador en modo r\u00e1faga?<span class=\"ez-toc-section-end\"><\/span><\/h3>\n<p>No, el temporizador solo se puede utilizar en modo de disparo normal.<\/p>\n<h3><span class=\"ez-toc-section\" id=\"%C2%BFPuedo_utilizar_el_temporizador_en_modo_video\"><\/span>\u00bfPuedo utilizar el temporizador en modo video?<span class=\"ez-toc-section-end\"><\/span><\/h3>\n<p>No, el temporizador solo se puede utilizar en modo de disparo normal.<\/p>\n<h3><span class=\"ez-toc-section\" id=\"%C2%BFComo_puedo_evitar_que_la_imagen_salga_movida\"><\/span>\u00bfC\u00f3mo puedo evitar que la imagen salga movida?<span class=\"ez-toc-section-end\"><\/span><\/h3>\n<p>Utiliza un tr\u00edpode o superficie estable para colocar la c\u00e1mara y evita movimientos durante la cuenta atr\u00e1s del temporizador.<\/p>\n<\/section>\n<footer>\n<p>Escrito por Ana Gonz\u00e1lez<\/p>\n<\/footer>\n","protected":false},"excerpt":{"rendered":"<p>C\u00f3mo usar el temporizador de la c\u00e1mara &#8211; Gu\u00eda paso a paso Curiosidades sobre el temporizador de la c\u00e1mara El temporizador de la c\u00e1mara se invent\u00f3 en 1923 por el fot\u00f3grafo franc\u00e9s L\u00e9on Gaumont. Antes de la invenci\u00f3n del temporizador, los fot\u00f3grafos ten\u00edan que correr hacia la c\u00e1mara despu\u00e9s de presionar el obturador para estar &#8230; <a title=\"C\u00f3mo usar el temporizador de la camara\" class=\"read-more\" href=\"https:\/\/dudasytextos.com\/comousar\/como-usar-el-temporizador-de-la-camara\/\" aria-label=\"M\u00e1s en C\u00f3mo usar el temporizador de la camara\">Leer m\u00e1s<\/a><\/p>\n","protected":false},"author":1,"featured_media":0,"comment_status":"open","ping_status":"open","sticky":false,"template":"","format":"standard","meta":{"footnotes":""},"categories":[8,3],"tags":[],"class_list":["post-93355","post","type-post","status-publish","format-standard","hentry","category-camara","category-como-usar"],"aioseo_notices":[],"aioseo_head":"\n\t\t<!-- All in One SEO 5.0.1.1 - aioseo.com -->\n\t<meta name=\"description\" content=\"C\u00f3mo usar el temporizador de la c\u00e1mara - Gu\u00eda paso a paso Curiosidades sobre el temporizador de la c\u00e1mara El temporizador de la c\u00e1mara se invent\u00f3 en 1923 por el fot\u00f3grafo franc\u00e9s L\u00e9on Gaumont. Antes de la invenci\u00f3n del temporizador, los fot\u00f3grafos ten\u00edan que correr hacia la c\u00e1mara despu\u00e9s de presionar el obturador para estar\" \/>\n\t<meta name=\"robots\" content=\"max-snippet:-1, max-image-preview:large, max-video-preview:-1\" \/>\n\t<meta name=\"author\" content=\"Ana Gonz\u00e1lez\"\/>\n\t<link rel=\"canonical\" href=\"https:\/\/dudasytextos.com\/comousar\/como-usar-el-temporizador-de-la-camara\/\" \/>\n\t<meta name=\"generator\" content=\"All in One SEO (AIOSEO) 5.0.1.1\" \/>\n\n\t\t<!-- Google tag (gtag.js) -->\n<script async src=\"https:\/\/www.googletagmanager.com\/gtag\/js?id=G-X7DSVXBJ5H\"><\/script>\n<script>\n  window.dataLayer = window.dataLayer || [];\n  function gtag(){dataLayer.push(arguments);}\n  gtag('js', new Date());\n\n  gtag('config', 'G-X7DSVXBJ5H');\n<\/script>\n<script async src=\"https:\/\/pagead2.googlesyndication.com\/pagead\/js\/adsbygoogle.js?client=ca-pub-3987500858204711\"\n     crossorigin=\"anonymous\"><\/script>\n\t\t<meta property=\"og:locale\" content=\"es_ES\" \/>\n\t\t<meta property=\"og:site_name\" content=\"\u00bfC\u00f3mo Usarlo? - \u00bfC\u00f3mo Usarlo?\" \/>\n\t\t<meta property=\"og:type\" content=\"article\" \/>\n\t\t<meta property=\"og:title\" content=\"C\u00f3mo usar el temporizador de la camara (2026) \u00bfC\u00f3mo Usarlo?\" \/>\n\t\t<meta property=\"og:description\" content=\"C\u00f3mo usar el temporizador de la c\u00e1mara - Gu\u00eda paso a paso Curiosidades sobre el temporizador de la c\u00e1mara El temporizador de la c\u00e1mara se invent\u00f3 en 1923 por el fot\u00f3grafo franc\u00e9s L\u00e9on Gaumont. Antes de la invenci\u00f3n del temporizador, los fot\u00f3grafos ten\u00edan que correr hacia la c\u00e1mara despu\u00e9s de presionar el obturador para estar\" \/>\n\t\t<meta property=\"og:url\" content=\"https:\/\/dudasytextos.com\/comousar\/como-usar-el-temporizador-de-la-camara\/\" \/>\n\t\t<meta property=\"article:published_time\" content=\"2025-02-26T09:41:34+00:00\" \/>\n\t\t<meta property=\"article:modified_time\" content=\"2025-03-12T13:00:26+00:00\" \/>\n\t\t<meta name=\"twitter:card\" content=\"summary_large_image\" \/>\n\t\t<meta name=\"twitter:title\" content=\"C\u00f3mo usar el temporizador de la camara (2026) \u00bfC\u00f3mo Usarlo?\" \/>\n\t\t<meta name=\"twitter:description\" content=\"C\u00f3mo usar el temporizador de la c\u00e1mara - Gu\u00eda paso a paso Curiosidades sobre el temporizador de la c\u00e1mara El temporizador de la c\u00e1mara se invent\u00f3 en 1923 por el fot\u00f3grafo franc\u00e9s L\u00e9on Gaumont. Antes de la invenci\u00f3n del temporizador, los fot\u00f3grafos ten\u00edan que correr hacia la c\u00e1mara despu\u00e9s de presionar el obturador para estar\" \/>\n\t\t<script type=\"application\/ld+json\" class=\"aioseo-schema\">\n\t\t\t{\"@context\":\"https:\\\/\\\/schema.org\",\"@graph\":[{\"@type\":\"BlogPosting\",\"@id\":\"https:\\\/\\\/dudasytextos.com\\\/comousar\\\/como-usar-el-temporizador-de-la-camara\\\/#blogposting\",\"name\":\"C\\u00f3mo usar el temporizador de la camara (2026) \\u00bfC\\u00f3mo Usarlo?\",\"headline\":\"C\\u00f3mo usar el temporizador de la camara\",\"author\":{\"@id\":\"https:\\\/\\\/dudasytextos.com\\\/comousar\\\/author\\\/admin23\\\/#author\"},\"publisher\":{\"@id\":\"https:\\\/\\\/dudasytextos.com\\\/comousar\\\/#organization\"},\"datePublished\":\"2025-02-26T09:41:34+00:00\",\"dateModified\":\"2025-03-12T13:00:26+00:00\",\"inLanguage\":\"es-ES\",\"mainEntityOfPage\":{\"@id\":\"https:\\\/\\\/dudasytextos.com\\\/comousar\\\/como-usar-el-temporizador-de-la-camara\\\/#webpage\"},\"isPartOf\":{\"@id\":\"https:\\\/\\\/dudasytextos.com\\\/comousar\\\/como-usar-el-temporizador-de-la-camara\\\/#webpage\"},\"articleSection\":\"C\\u00e1mara, \\u00bfC\\u00f3mo usar?\"},{\"@type\":\"BreadcrumbList\",\"@id\":\"https:\\\/\\\/dudasytextos.com\\\/comousar\\\/como-usar-el-temporizador-de-la-camara\\\/#breadcrumblist\",\"itemListElement\":[{\"@type\":\"ListItem\",\"@id\":\"https:\\\/\\\/dudasytextos.com\\\/comousar#listItem\",\"position\":1,\"name\":\"Home\",\"item\":\"https:\\\/\\\/dudasytextos.com\\\/comousar\",\"nextItem\":{\"@type\":\"ListItem\",\"@id\":\"https:\\\/\\\/dudasytextos.com\\\/comousar\\\/category\\\/como-usar\\\/#listItem\",\"name\":\"\\u00bfC\\u00f3mo usar?\"}},{\"@type\":\"ListItem\",\"@id\":\"https:\\\/\\\/dudasytextos.com\\\/comousar\\\/category\\\/como-usar\\\/#listItem\",\"position\":2,\"name\":\"\\u00bfC\\u00f3mo usar?\",\"item\":\"https:\\\/\\\/dudasytextos.com\\\/comousar\\\/category\\\/como-usar\\\/\",\"nextItem\":{\"@type\":\"ListItem\",\"@id\":\"https:\\\/\\\/dudasytextos.com\\\/comousar\\\/como-usar-el-temporizador-de-la-camara\\\/#listItem\",\"name\":\"C\\u00f3mo usar el temporizador de la camara\"},\"previousItem\":{\"@type\":\"ListItem\",\"@id\":\"https:\\\/\\\/dudasytextos.com\\\/comousar#listItem\",\"name\":\"Home\"}},{\"@type\":\"ListItem\",\"@id\":\"https:\\\/\\\/dudasytextos.com\\\/comousar\\\/como-usar-el-temporizador-de-la-camara\\\/#listItem\",\"position\":3,\"name\":\"C\\u00f3mo usar el temporizador de la camara\",\"previousItem\":{\"@type\":\"ListItem\",\"@id\":\"https:\\\/\\\/dudasytextos.com\\\/comousar\\\/category\\\/como-usar\\\/#listItem\",\"name\":\"\\u00bfC\\u00f3mo usar?\"}}]},{\"@type\":\"Organization\",\"@id\":\"https:\\\/\\\/dudasytextos.com\\\/comousar\\\/#organization\",\"name\":\"Recipes\",\"description\":\"\\u00bfC\\u00f3mo Usarlo?\",\"url\":\"https:\\\/\\\/dudasytextos.com\\\/comousar\\\/\"},{\"@type\":\"Person\",\"@id\":\"https:\\\/\\\/dudasytextos.com\\\/comousar\\\/author\\\/admin23\\\/#author\",\"url\":\"https:\\\/\\\/dudasytextos.com\\\/comousar\\\/author\\\/admin23\\\/\",\"name\":\"Ana Gonz\\u00e1lez\"},{\"@type\":\"WebPage\",\"@id\":\"https:\\\/\\\/dudasytextos.com\\\/comousar\\\/como-usar-el-temporizador-de-la-camara\\\/#webpage\",\"url\":\"https:\\\/\\\/dudasytextos.com\\\/comousar\\\/como-usar-el-temporizador-de-la-camara\\\/\",\"name\":\"C\\u00f3mo usar el temporizador de la camara (2026) \\u00bfC\\u00f3mo Usarlo?\",\"description\":\"C\\u00f3mo usar el temporizador de la c\\u00e1mara - Gu\\u00eda paso a paso Curiosidades sobre el temporizador de la c\\u00e1mara El temporizador de la c\\u00e1mara se invent\\u00f3 en 1923 por el fot\\u00f3grafo franc\\u00e9s L\\u00e9on Gaumont. Antes de la invenci\\u00f3n del temporizador, los fot\\u00f3grafos ten\\u00edan que correr hacia la c\\u00e1mara despu\\u00e9s de presionar el obturador para estar\",\"inLanguage\":\"es-ES\",\"isPartOf\":{\"@id\":\"https:\\\/\\\/dudasytextos.com\\\/comousar\\\/#website\"},\"breadcrumb\":{\"@id\":\"https:\\\/\\\/dudasytextos.com\\\/comousar\\\/como-usar-el-temporizador-de-la-camara\\\/#breadcrumblist\"},\"author\":{\"@id\":\"https:\\\/\\\/dudasytextos.com\\\/comousar\\\/author\\\/admin23\\\/#author\"},\"creator\":{\"@id\":\"https:\\\/\\\/dudasytextos.com\\\/comousar\\\/author\\\/admin23\\\/#author\"},\"datePublished\":\"2025-02-26T09:41:34+00:00\",\"dateModified\":\"2025-03-12T13:00:26+00:00\"},{\"@type\":\"WebSite\",\"@id\":\"https:\\\/\\\/dudasytextos.com\\\/comousar\\\/#website\",\"url\":\"https:\\\/\\\/dudasytextos.com\\\/comousar\\\/\",\"name\":\"Recipes\",\"description\":\"\\u00bfC\\u00f3mo Usarlo?\",\"inLanguage\":\"es-ES\",\"publisher\":{\"@id\":\"https:\\\/\\\/dudasytextos.com\\\/comousar\\\/#organization\"}}]}\n\t\t<\/script>\n\t\t<!-- All in One SEO -->\n\n","aioseo_head_json":{"title":"C\u00f3mo usar el temporizador de la camara (2026) \u00bfC\u00f3mo Usarlo?","description":"C\u00f3mo usar el temporizador de la c\u00e1mara - Gu\u00eda paso a paso Curiosidades sobre el temporizador de la c\u00e1mara El temporizador de la c\u00e1mara se invent\u00f3 en 1923 por el fot\u00f3grafo franc\u00e9s L\u00e9on Gaumont. Antes de la invenci\u00f3n del temporizador, los fot\u00f3grafos ten\u00edan que correr hacia la c\u00e1mara despu\u00e9s de presionar el obturador para estar","canonical_url":"https:\/\/dudasytextos.com\/comousar\/como-usar-el-temporizador-de-la-camara\/","robots":"max-snippet:-1, max-image-preview:large, max-video-preview:-1","keywords":"","webmasterTools":{"miscellaneous":"&lt;!-- Google tag (gtag.js) --&gt;\n&lt;script async src=\"https:\/\/www.googletagmanager.com\/gtag\/js?id=G-X7DSVXBJ5H\"&gt;&lt;\/script&gt;\n&lt;script&gt;\n  window.dataLayer = window.dataLayer || [];\n  function gtag(){dataLayer.push(arguments);}\n  gtag('js', new Date());\n\n  gtag('config', 'G-X7DSVXBJ5H');\n&lt;\/script&gt;\n&lt;script async src=\"https:\/\/pagead2.googlesyndication.com\/pagead\/js\/adsbygoogle.js?client=ca-pub-3987500858204711\"\n     crossorigin=\"anonymous\"&gt;&lt;\/script&gt;"},"schema":{"@context":"https:\/\/schema.org","@graph":[{"@type":"BlogPosting","@id":"https:\/\/dudasytextos.com\/comousar\/como-usar-el-temporizador-de-la-camara\/#blogposting","name":"C\u00f3mo usar el temporizador de la camara (2026) \u00bfC\u00f3mo Usarlo?","headline":"C\u00f3mo usar el temporizador de la camara","author":{"@id":"https:\/\/dudasytextos.com\/comousar\/author\/admin23\/#author"},"publisher":{"@id":"https:\/\/dudasytextos.com\/comousar\/#organization"},"datePublished":"2025-02-26T09:41:34+00:00","dateModified":"2025-03-12T13:00:26+00:00","inLanguage":"es-ES","mainEntityOfPage":{"@id":"https:\/\/dudasytextos.com\/comousar\/como-usar-el-temporizador-de-la-camara\/#webpage"},"isPartOf":{"@id":"https:\/\/dudasytextos.com\/comousar\/como-usar-el-temporizador-de-la-camara\/#webpage"},"articleSection":"C\u00e1mara, \u00bfC\u00f3mo usar?"},{"@type":"BreadcrumbList","@id":"https:\/\/dudasytextos.com\/comousar\/como-usar-el-temporizador-de-la-camara\/#breadcrumblist","itemListElement":[{"@type":"ListItem","@id":"https:\/\/dudasytextos.com\/comousar#listItem","position":1,"name":"Home","item":"https:\/\/dudasytextos.com\/comousar","nextItem":{"@type":"ListItem","@id":"https:\/\/dudasytextos.com\/comousar\/category\/como-usar\/#listItem","name":"\u00bfC\u00f3mo usar?"}},{"@type":"ListItem","@id":"https:\/\/dudasytextos.com\/comousar\/category\/como-usar\/#listItem","position":2,"name":"\u00bfC\u00f3mo usar?","item":"https:\/\/dudasytextos.com\/comousar\/category\/como-usar\/","nextItem":{"@type":"ListItem","@id":"https:\/\/dudasytextos.com\/comousar\/como-usar-el-temporizador-de-la-camara\/#listItem","name":"C\u00f3mo usar el temporizador de la camara"},"previousItem":{"@type":"ListItem","@id":"https:\/\/dudasytextos.com\/comousar#listItem","name":"Home"}},{"@type":"ListItem","@id":"https:\/\/dudasytextos.com\/comousar\/como-usar-el-temporizador-de-la-camara\/#listItem","position":3,"name":"C\u00f3mo usar el temporizador de la camara","previousItem":{"@type":"ListItem","@id":"https:\/\/dudasytextos.com\/comousar\/category\/como-usar\/#listItem","name":"\u00bfC\u00f3mo usar?"}}]},{"@type":"Organization","@id":"https:\/\/dudasytextos.com\/comousar\/#organization","name":"Recipes","description":"\u00bfC\u00f3mo Usarlo?","url":"https:\/\/dudasytextos.com\/comousar\/"},{"@type":"Person","@id":"https:\/\/dudasytextos.com\/comousar\/author\/admin23\/#author","url":"https:\/\/dudasytextos.com\/comousar\/author\/admin23\/","name":"Ana Gonz\u00e1lez"},{"@type":"WebPage","@id":"https:\/\/dudasytextos.com\/comousar\/como-usar-el-temporizador-de-la-camara\/#webpage","url":"https:\/\/dudasytextos.com\/comousar\/como-usar-el-temporizador-de-la-camara\/","name":"C\u00f3mo usar el temporizador de la camara (2026) \u00bfC\u00f3mo Usarlo?","description":"C\u00f3mo usar el temporizador de la c\u00e1mara - Gu\u00eda paso a paso Curiosidades sobre el temporizador de la c\u00e1mara El temporizador de la c\u00e1mara se invent\u00f3 en 1923 por el fot\u00f3grafo franc\u00e9s L\u00e9on Gaumont. Antes de la invenci\u00f3n del temporizador, los fot\u00f3grafos ten\u00edan que correr hacia la c\u00e1mara despu\u00e9s de presionar el obturador para estar","inLanguage":"es-ES","isPartOf":{"@id":"https:\/\/dudasytextos.com\/comousar\/#website"},"breadcrumb":{"@id":"https:\/\/dudasytextos.com\/comousar\/como-usar-el-temporizador-de-la-camara\/#breadcrumblist"},"author":{"@id":"https:\/\/dudasytextos.com\/comousar\/author\/admin23\/#author"},"creator":{"@id":"https:\/\/dudasytextos.com\/comousar\/author\/admin23\/#author"},"datePublished":"2025-02-26T09:41:34+00:00","dateModified":"2025-03-12T13:00:26+00:00"},{"@type":"WebSite","@id":"https:\/\/dudasytextos.com\/comousar\/#website","url":"https:\/\/dudasytextos.com\/comousar\/","name":"Recipes","description":"\u00bfC\u00f3mo Usarlo?","inLanguage":"es-ES","publisher":{"@id":"https:\/\/dudasytextos.com\/comousar\/#organization"}}]},"og:locale":"es_ES","og:site_name":"\u00bfC\u00f3mo Usarlo? - \u00bfC\u00f3mo Usarlo?","og:type":"article","og:title":"C\u00f3mo usar el temporizador de la camara (2026) \u00bfC\u00f3mo Usarlo?","og:description":"C\u00f3mo usar el temporizador de la c\u00e1mara - Gu\u00eda paso a paso Curiosidades sobre el temporizador de la c\u00e1mara El temporizador de la c\u00e1mara se invent\u00f3 en 1923 por el fot\u00f3grafo franc\u00e9s L\u00e9on Gaumont. Antes de la invenci\u00f3n del temporizador, los fot\u00f3grafos ten\u00edan que correr hacia la c\u00e1mara despu\u00e9s de presionar el obturador para estar","og:url":"https:\/\/dudasytextos.com\/comousar\/como-usar-el-temporizador-de-la-camara\/","article:published_time":"2025-02-26T09:41:34+00:00","article:modified_time":"2025-03-12T13:00:26+00:00","twitter:card":"summary_large_image","twitter:title":"C\u00f3mo usar el temporizador de la camara (2026) \u00bfC\u00f3mo Usarlo?","twitter:description":"C\u00f3mo usar el temporizador de la c\u00e1mara - Gu\u00eda paso a paso Curiosidades sobre el temporizador de la c\u00e1mara El temporizador de la c\u00e1mara se invent\u00f3 en 1923 por el fot\u00f3grafo franc\u00e9s L\u00e9on Gaumont. Antes de la invenci\u00f3n del temporizador, los fot\u00f3grafos ten\u00edan que correr hacia la c\u00e1mara despu\u00e9s de presionar el obturador para estar"},"aioseo_meta_data":{"post_id":"93355","title":null,"description":null,"keywords":null,"keyphrases":null,"primary_term":null,"canonical_url":null,"og_title":null,"og_description":null,"og_object_type":"default","og_image_type":"default","og_image_url":null,"og_image_width":null,"og_image_height":null,"og_image_custom_url":null,"og_image_custom_fields":null,"og_video":null,"og_custom_url":null,"og_article_section":null,"og_article_tags":null,"twitter_use_og":false,"twitter_card":"default","twitter_image_type":"default","twitter_image_url":null,"twitter_image_custom_url":null,"twitter_image_custom_fields":null,"twitter_title":null,"twitter_description":null,"schema":{"blockGraphs":[],"customGraphs":[],"default":{"data":{"Article":[],"Course":[],"Dataset":[],"FAQPage":[],"Movie":[],"Person":[],"Product":[],"ProductReview":[],"Car":[],"Recipe":[],"Service":[],"SoftwareApplication":[],"WebPage":[]},"graphName":"","isEnabled":true},"graphs":[]},"schema_type":"default","schema_type_options":null,"pillar_content":false,"robots_default":true,"robots_noindex":false,"robots_noarchive":false,"robots_nosnippet":false,"robots_nofollow":false,"robots_noimageindex":false,"robots_noodp":false,"robots_notranslate":false,"robots_max_snippet":null,"robots_max_videopreview":null,"robots_max_imagepreview":"large","priority":null,"frequency":null,"local_seo":null,"breadcrumb_settings":null,"limit_modified_date":false,"ai":null,"created":"2023-05-03 23:35:03","updated":"2025-06-04 10:48:41","seo_analyzer_scan_date":null,"focus_keyword":null,"additional_keywords":null,"truseo_locale":null},"aioseo_breadcrumb":"<div class=\"aioseo-breadcrumbs\"><span class=\"aioseo-breadcrumb\">\n\t\t\t<a href=\"https:\/\/dudasytextos.com\/comousar\" title=\"Home\">Home<\/a>\n\t\t<\/span><span class=\"aioseo-breadcrumb-separator\">&raquo;<\/span><span class=\"aioseo-breadcrumb\">\n\t\t\t<a href=\"https:\/\/dudasytextos.com\/comousar\/category\/como-usar\/\" title=\"\u00bfC\u00f3mo usar?\">\u00bfC\u00f3mo usar?<\/a>\n\t\t<\/span><span class=\"aioseo-breadcrumb-separator\">&raquo;<\/span><span class=\"aioseo-breadcrumb\">\n\t\t\tC\u00f3mo usar el temporizador de la camara\n\t\t<\/span><\/div>","aioseo_breadcrumb_json":[{"label":"Home","link":"https:\/\/dudasytextos.com\/comousar"},{"label":"\u00bfC\u00f3mo usar?","link":"https:\/\/dudasytextos.com\/comousar\/category\/como-usar\/"},{"label":"C\u00f3mo usar el temporizador de la camara","link":"https:\/\/dudasytextos.com\/comousar\/como-usar-el-temporizador-de-la-camara\/"}],"_links":{"self":[{"href":"https:\/\/dudasytextos.com\/comousar\/wp-json\/wp\/v2\/posts\/93355","targetHints":{"allow":["GET"]}}],"collection":[{"href":"https:\/\/dudasytextos.com\/comousar\/wp-json\/wp\/v2\/posts"}],"about":[{"href":"https:\/\/dudasytextos.com\/comousar\/wp-json\/wp\/v2\/types\/post"}],"author":[{"embeddable":true,"href":"https:\/\/dudasytextos.com\/comousar\/wp-json\/wp\/v2\/users\/1"}],"replies":[{"embeddable":true,"href":"https:\/\/dudasytextos.com\/comousar\/wp-json\/wp\/v2\/comments?post=93355"}],"version-history":[{"count":1,"href":"https:\/\/dudasytextos.com\/comousar\/wp-json\/wp\/v2\/posts\/93355\/revisions"}],"predecessor-version":[{"id":94600,"href":"https:\/\/dudasytextos.com\/comousar\/wp-json\/wp\/v2\/posts\/93355\/revisions\/94600"}],"wp:attachment":[{"href":"https:\/\/dudasytextos.com\/comousar\/wp-json\/wp\/v2\/media?parent=93355"}],"wp:term":[{"taxonomy":"category","embeddable":true,"href":"https:\/\/dudasytextos.com\/comousar\/wp-json\/wp\/v2\/categories?post=93355"},{"taxonomy":"post_tag","embeddable":true,"href":"https:\/\/dudasytextos.com\/comousar\/wp-json\/wp\/v2\/tags?post=93355"}],"curies":[{"name":"wp","href":"https:\/\/api.w.org\/{rel}","templated":true}]}}