{"id":93523,"date":"2025-02-13T20:24:08","date_gmt":"2025-02-13T20:24:08","guid":{"rendered":"https:\/\/educacion.cc\/en\/?p=93523"},"modified":"2025-03-12T21:16:59","modified_gmt":"2025-03-12T21:16:59","slug":"como-usar-la-curcuma-para-el-cancer","status":"publish","type":"post","link":"https:\/\/dudasytextos.com\/comousar\/como-usar-la-curcuma-para-el-cancer\/","title":{"rendered":"C\u00f3mo usar la curcuma para el cancer"},"content":{"rendered":"<div id=\"ez-toc-container\" class=\"ez-toc-v2_0_87 counter-hierarchy ez-toc-counter ez-toc-custom ez-toc-container-direction\">\n<div class=\"ez-toc-title-container\">\n<span class=\"ez-toc-title-toggle\"><\/span><\/div>\n<nav><ul class='ez-toc-list ez-toc-list-level-1 ' ><li class='ez-toc-page-1 ez-toc-heading-level-2'><a class=\"ez-toc-link ez-toc-heading-1\" href=\"https:\/\/dudasytextos.com\/comousar\/como-usar-la-curcuma-para-el-cancer\/#Como_usar_la_curcuma_para_el_cancer\" >C\u00f3mo usar la c\u00farcuma para el c\u00e1ncer<\/a><\/li><li class='ez-toc-page-1 ez-toc-heading-level-2'><a class=\"ez-toc-link ez-toc-heading-2\" href=\"https:\/\/dudasytextos.com\/comousar\/como-usar-la-curcuma-para-el-cancer\/#Curiosidades_sobre_la_curcuma\" >Curiosidades sobre la c\u00farcuma<\/a><\/li><li class='ez-toc-page-1 ez-toc-heading-level-2'><a class=\"ez-toc-link ez-toc-heading-3\" href=\"https:\/\/dudasytextos.com\/comousar\/como-usar-la-curcuma-para-el-cancer\/#Mi_experiencia_personal_con_la_curcuma_y_el_cancer\" >Mi experiencia personal con la c\u00farcuma y el c\u00e1ncer<\/a><\/li><li class='ez-toc-page-1 ez-toc-heading-level-2'><a class=\"ez-toc-link ez-toc-heading-4\" href=\"https:\/\/dudasytextos.com\/comousar\/como-usar-la-curcuma-para-el-cancer\/#%C2%BFComo_puede_ayudar_la_curcuma_en_el_tratamiento_del_cancer\" >\u00bfC\u00f3mo puede ayudar la c\u00farcuma en el tratamiento del c\u00e1ncer?<\/a><\/li><li class='ez-toc-page-1 ez-toc-heading-level-2'><a class=\"ez-toc-link ez-toc-heading-5\" href=\"https:\/\/dudasytextos.com\/comousar\/como-usar-la-curcuma-para-el-cancer\/#%C2%BFComo_puedo_incluir_la_curcuma_en_mi_dieta_diaria\" >\u00bfC\u00f3mo puedo incluir la c\u00farcuma en mi dieta diaria?<\/a><\/li><li class='ez-toc-page-1 ez-toc-heading-level-2'><a class=\"ez-toc-link ez-toc-heading-6\" href=\"https:\/\/dudasytextos.com\/comousar\/como-usar-la-curcuma-para-el-cancer\/#Preguntas_frecuentes\" >Preguntas frecuentes<\/a><ul class='ez-toc-list-level-3' ><li class='ez-toc-heading-level-3'><a class=\"ez-toc-link ez-toc-heading-7\" href=\"https:\/\/dudasytextos.com\/comousar\/como-usar-la-curcuma-para-el-cancer\/#%C2%BFEs_seguro_tomar_suplementos_de_curcuma\" >\u00bfEs seguro tomar suplementos de c\u00farcuma?<\/a><\/li><li class='ez-toc-page-1 ez-toc-heading-level-3'><a class=\"ez-toc-link ez-toc-heading-8\" href=\"https:\/\/dudasytextos.com\/comousar\/como-usar-la-curcuma-para-el-cancer\/#%C2%BFCuanta_curcuma_debo_tomar_por_dia\" >\u00bfCu\u00e1nta c\u00farcuma debo tomar por d\u00eda?<\/a><\/li><li class='ez-toc-page-1 ez-toc-heading-level-3'><a class=\"ez-toc-link ez-toc-heading-9\" href=\"https:\/\/dudasytextos.com\/comousar\/como-usar-la-curcuma-para-el-cancer\/#%C2%BFPuede_la_curcuma_curar_el_cancer\" >\u00bfPuede la c\u00farcuma curar el c\u00e1ncer?<\/a><\/li><\/ul><\/li><\/ul><\/nav><\/div>\n<h2><span class=\"ez-toc-section\" id=\"Como_usar_la_curcuma_para_el_cancer\"><\/span>C\u00f3mo usar la c\u00farcuma para el c\u00e1ncer<span class=\"ez-toc-section-end\"><\/span><\/h2>\n<p>Por Ana Gonz\u00e1lez<\/p>\n<section>\n<h2><span class=\"ez-toc-section\" id=\"Curiosidades_sobre_la_curcuma\"><\/span>Curiosidades sobre la c\u00farcuma<span class=\"ez-toc-section-end\"><\/span><\/h2>\n<ul>\n<li>La c\u00farcuma es una especia originaria del sur de Asia.<\/li>\n<li>Es conocida por su color amarillo intenso y su sabor ligeramente amargo.<\/li>\n<li>Se ha utilizado en la medicina tradicional ayurv\u00e9dica durante siglos para tratar una variedad de dolencias.<\/li>\n<li>Los estudios sugieren que la c\u00farcuma tiene propiedades antiinflamatorias y antioxidantes.<\/li>\n<li>Se cree que la c\u00farcuma puede tener beneficios para la salud, incluyendo la prevenci\u00f3n y el tratamiento del c\u00e1ncer.<\/li>\n<\/ul>\n<\/section>\n<section>\n<h2><span class=\"ez-toc-section\" id=\"Mi_experiencia_personal_con_la_curcuma_y_el_cancer\"><\/span>Mi experiencia personal con la c\u00farcuma y el c\u00e1ncer<span class=\"ez-toc-section-end\"><\/span><\/h2>\n<p>Recientemente, mi madre fue diagnosticada con c\u00e1ncer de mama y comenc\u00e9 a investigar formas naturales de apoyar su tratamiento. Descubr\u00ed que la c\u00farcuma podr\u00eda tener beneficios para los pacientes con c\u00e1ncer, as\u00ed que comenc\u00e9 a incluirla en su dieta diaria. Despu\u00e9s de un tiempo, mi madre inform\u00f3 que se sent\u00eda mejor y que sus s\u00edntomas hab\u00edan disminuido. Si bien no puedo decir con certeza que la c\u00farcuma fue la raz\u00f3n detr\u00e1s de su mejor\u00eda, definitivamente creo que vali\u00f3 la pena intentarlo.<\/p>\n<\/section>\n<section>\n<h2><span class=\"ez-toc-section\" id=\"%C2%BFComo_puede_ayudar_la_curcuma_en_el_tratamiento_del_cancer\"><\/span>\u00bfC\u00f3mo puede ayudar la c\u00farcuma en el tratamiento del c\u00e1ncer?<span class=\"ez-toc-section-end\"><\/span><\/h2>\n<p>Si bien se necesita m\u00e1s investigaci\u00f3n, los estudios sugieren que la c\u00farcuma puede ayudar en la prevenci\u00f3n y el tratamiento del c\u00e1ncer de varias maneras:<\/p>\n<ul>\n<li>La c\u00farcuma contiene compuestos llamados curcuminoides, que tienen propiedades antioxidantes y antiinflamatorias. Estas propiedades pueden ayudar a prevenir da\u00f1os en el ADN y la inflamaci\u00f3n, que pueden contribuir al desarrollo del c\u00e1ncer.<\/li>\n<li>La c\u00farcuma tambi\u00e9n se ha estudiado por su capacidad para inhibir el crecimiento de c\u00e9lulas cancerosas y para inducir la muerte celular programada en las c\u00e9lulas cancerosas. Esto podr\u00eda ayudar a prevenir la propagaci\u00f3n del c\u00e1ncer y a reducir el tama\u00f1o de los tumores existentes.<\/li>\n<li>Adem\u00e1s, la c\u00farcuma se ha estudiado por su capacidad para mejorar la eficacia de ciertos tratamientos contra el c\u00e1ncer, como la radioterapia y la quimioterapia.<\/li>\n<\/ul>\n<\/section>\n<section>\n<h2><span class=\"ez-toc-section\" id=\"%C2%BFComo_puedo_incluir_la_curcuma_en_mi_dieta_diaria\"><\/span>\u00bfC\u00f3mo puedo incluir la c\u00farcuma en mi dieta diaria?<span class=\"ez-toc-section-end\"><\/span><\/h2>\n<p>Aqu\u00ed hay algunas formas sencillas de incorporar la c\u00farcuma en tu dieta diaria:<\/p>\n<ul>\n<li>Agrega una pizca de c\u00farcuma a tus huevos revueltos o a tu batido matutino.<\/li>\n<li>Usa la c\u00farcuma para sazonar el arroz, las verduras o la carne.<\/li>\n<li>Prepara un t\u00e9 de c\u00farcuma mezclando c\u00farcuma en polvo con agua caliente, leche y miel al gusto.<\/li>\n<li>Toma suplementos de c\u00farcuma, disponibles en forma de c\u00e1psulas o tabletas.<\/li>\n<\/ul>\n<\/section>\n<section>\n<h2><span class=\"ez-toc-section\" id=\"Preguntas_frecuentes\"><\/span>Preguntas frecuentes<span class=\"ez-toc-section-end\"><\/span><\/h2>\n<h3><span class=\"ez-toc-section\" id=\"%C2%BFEs_seguro_tomar_suplementos_de_curcuma\"><\/span>\u00bfEs seguro tomar suplementos de c\u00farcuma?<span class=\"ez-toc-section-end\"><\/span><\/h3>\n<p>En general, se considera seguro tomar suplementos de c\u00farcuma en las dosis recomendadas. Sin embargo, la c\u00farcuma puede interactuar con ciertos medicamentos, por lo que es importante hablar con tu m\u00e9dico antes de tomar suplementos de c\u00farcuma si est\u00e1s tomando medicamentos recetados.<\/p>\n<h3><span class=\"ez-toc-section\" id=\"%C2%BFCuanta_curcuma_debo_tomar_por_dia\"><\/span>\u00bfCu\u00e1nta c\u00farcuma debo tomar por d\u00eda?<span class=\"ez-toc-section-end\"><\/span><\/h3>\n<p>La cantidad recomendada de c\u00farcuma var\u00eda seg\u00fan la persona y la condici\u00f3n que se est\u00e9 tratando. En general, se recomienda tomar entre 500 y 2000 mg de curcumina al d\u00eda. Si est\u00e1s considerando tomar suplementos de c\u00farcuma, habla con tu m\u00e9dico para determinar la dosis adecuada para ti.<\/p>\n<h3><span class=\"ez-toc-section\" id=\"%C2%BFPuede_la_curcuma_curar_el_cancer\"><\/span>\u00bfPuede la c\u00farcuma curar el c\u00e1ncer?<span class=\"ez-toc-section-end\"><\/span><\/h3>\n<p>No hay cura conocida para el c\u00e1ncer en este momento. Si bien se necesita m\u00e1s investigaci\u00f3n, algunos estudios sugieren que la c\u00farcuma puede tener propiedades anticancer\u00edgenas y puede ser beneficiosa en la prevenci\u00f3n y el tratamiento del c\u00e1ncer.<\/p>\n<\/section>\n<footer>\n<p>Espero que esta gu\u00eda te haya resultado \u00fatil en tu b\u00fasqueda de informaci\u00f3n sobre c\u00f3mo usar la c\u00farcuma para el c\u00e1ncer. Recuerda que siempre debes hablar con tu m\u00e9dico antes de agregar cualquier suplemento a tu dieta diaria.<\/p>\n<\/footer>\n","protected":false},"excerpt":{"rendered":"<p>C\u00f3mo usar la c\u00farcuma para el c\u00e1ncer Por Ana Gonz\u00e1lez Curiosidades sobre la c\u00farcuma La c\u00farcuma es una especia originaria del sur de Asia. Es conocida por su color amarillo intenso y su sabor ligeramente amargo. Se ha utilizado en la medicina tradicional ayurv\u00e9dica durante siglos para tratar una variedad de dolencias. Los estudios sugieren &#8230; <a title=\"C\u00f3mo usar la curcuma para el cancer\" class=\"read-more\" href=\"https:\/\/dudasytextos.com\/comousar\/como-usar-la-curcuma-para-el-cancer\/\" aria-label=\"M\u00e1s en C\u00f3mo usar la curcuma para el cancer\">Leer m\u00e1s<\/a><\/p>\n","protected":false},"author":1,"featured_media":0,"comment_status":"open","ping_status":"open","sticky":false,"template":"","format":"standard","meta":{"footnotes":""},"categories":[3],"tags":[],"class_list":["post-93523","post","type-post","status-publish","format-standard","hentry","category-como-usar"],"aioseo_notices":[],"aioseo_head":"\n\t\t<!-- All in One SEO 5.0.1.1 - aioseo.com -->\n\t<meta name=\"description\" content=\"C\u00f3mo usar la c\u00farcuma para el c\u00e1ncer Por Ana Gonz\u00e1lez Curiosidades sobre la c\u00farcuma La c\u00farcuma es una especia originaria del sur de Asia. Es conocida por su color amarillo intenso y su sabor ligeramente amargo. Se ha utilizado en la medicina tradicional ayurv\u00e9dica durante siglos para tratar una variedad de dolencias. Los estudios sugieren\" \/>\n\t<meta name=\"robots\" content=\"max-snippet:-1, max-image-preview:large, max-video-preview:-1\" \/>\n\t<meta name=\"author\" content=\"Ana Gonz\u00e1lez\"\/>\n\t<link rel=\"canonical\" href=\"https:\/\/dudasytextos.com\/comousar\/como-usar-la-curcuma-para-el-cancer\/\" \/>\n\t<meta name=\"generator\" content=\"All in One SEO (AIOSEO) 5.0.1.1\" \/>\n\n\t\t<!-- Google tag (gtag.js) -->\n<script async src=\"https:\/\/www.googletagmanager.com\/gtag\/js?id=G-X7DSVXBJ5H\"><\/script>\n<script>\n  window.dataLayer = window.dataLayer || [];\n  function gtag(){dataLayer.push(arguments);}\n  gtag('js', new Date());\n\n  gtag('config', 'G-X7DSVXBJ5H');\n<\/script>\n<script async src=\"https:\/\/pagead2.googlesyndication.com\/pagead\/js\/adsbygoogle.js?client=ca-pub-3987500858204711\"\n     crossorigin=\"anonymous\"><\/script>\n\t\t<meta property=\"og:locale\" content=\"es_ES\" \/>\n\t\t<meta property=\"og:site_name\" content=\"\u00bfC\u00f3mo Usarlo? - \u00bfC\u00f3mo Usarlo?\" \/>\n\t\t<meta property=\"og:type\" content=\"article\" \/>\n\t\t<meta property=\"og:title\" content=\"C\u00f3mo usar la curcuma para el cancer (2026) \u00bfC\u00f3mo Usarlo?\" \/>\n\t\t<meta property=\"og:description\" content=\"C\u00f3mo usar la c\u00farcuma para el c\u00e1ncer Por Ana Gonz\u00e1lez Curiosidades sobre la c\u00farcuma La c\u00farcuma es una especia originaria del sur de Asia. Es conocida por su color amarillo intenso y su sabor ligeramente amargo. Se ha utilizado en la medicina tradicional ayurv\u00e9dica durante siglos para tratar una variedad de dolencias. Los estudios sugieren\" \/>\n\t\t<meta property=\"og:url\" content=\"https:\/\/dudasytextos.com\/comousar\/como-usar-la-curcuma-para-el-cancer\/\" \/>\n\t\t<meta property=\"article:published_time\" content=\"2025-02-13T20:24:08+00:00\" \/>\n\t\t<meta property=\"article:modified_time\" content=\"2025-03-12T21:16:59+00:00\" \/>\n\t\t<meta name=\"twitter:card\" content=\"summary_large_image\" \/>\n\t\t<meta name=\"twitter:title\" content=\"C\u00f3mo usar la curcuma para el cancer (2026) \u00bfC\u00f3mo Usarlo?\" \/>\n\t\t<meta name=\"twitter:description\" content=\"C\u00f3mo usar la c\u00farcuma para el c\u00e1ncer Por Ana Gonz\u00e1lez Curiosidades sobre la c\u00farcuma La c\u00farcuma es una especia originaria del sur de Asia. Es conocida por su color amarillo intenso y su sabor ligeramente amargo. Se ha utilizado en la medicina tradicional ayurv\u00e9dica durante siglos para tratar una variedad de dolencias. Los estudios sugieren\" \/>\n\t\t<script type=\"application\/ld+json\" class=\"aioseo-schema\">\n\t\t\t{\"@context\":\"https:\\\/\\\/schema.org\",\"@graph\":[{\"@type\":\"BlogPosting\",\"@id\":\"https:\\\/\\\/dudasytextos.com\\\/comousar\\\/como-usar-la-curcuma-para-el-cancer\\\/#blogposting\",\"name\":\"C\\u00f3mo usar la curcuma para el cancer (2026) \\u00bfC\\u00f3mo Usarlo?\",\"headline\":\"C\\u00f3mo usar la curcuma para el cancer\",\"author\":{\"@id\":\"https:\\\/\\\/dudasytextos.com\\\/comousar\\\/author\\\/admin23\\\/#author\"},\"publisher\":{\"@id\":\"https:\\\/\\\/dudasytextos.com\\\/comousar\\\/#organization\"},\"datePublished\":\"2025-02-13T20:24:08+00:00\",\"dateModified\":\"2025-03-12T21:16:59+00:00\",\"inLanguage\":\"es-ES\",\"mainEntityOfPage\":{\"@id\":\"https:\\\/\\\/dudasytextos.com\\\/comousar\\\/como-usar-la-curcuma-para-el-cancer\\\/#webpage\"},\"isPartOf\":{\"@id\":\"https:\\\/\\\/dudasytextos.com\\\/comousar\\\/como-usar-la-curcuma-para-el-cancer\\\/#webpage\"},\"articleSection\":\"\\u00bfC\\u00f3mo usar?\"},{\"@type\":\"BreadcrumbList\",\"@id\":\"https:\\\/\\\/dudasytextos.com\\\/comousar\\\/como-usar-la-curcuma-para-el-cancer\\\/#breadcrumblist\",\"itemListElement\":[{\"@type\":\"ListItem\",\"@id\":\"https:\\\/\\\/dudasytextos.com\\\/comousar#listItem\",\"position\":1,\"name\":\"Home\",\"item\":\"https:\\\/\\\/dudasytextos.com\\\/comousar\",\"nextItem\":{\"@type\":\"ListItem\",\"@id\":\"https:\\\/\\\/dudasytextos.com\\\/comousar\\\/category\\\/como-usar\\\/#listItem\",\"name\":\"\\u00bfC\\u00f3mo usar?\"}},{\"@type\":\"ListItem\",\"@id\":\"https:\\\/\\\/dudasytextos.com\\\/comousar\\\/category\\\/como-usar\\\/#listItem\",\"position\":2,\"name\":\"\\u00bfC\\u00f3mo usar?\",\"item\":\"https:\\\/\\\/dudasytextos.com\\\/comousar\\\/category\\\/como-usar\\\/\",\"nextItem\":{\"@type\":\"ListItem\",\"@id\":\"https:\\\/\\\/dudasytextos.com\\\/comousar\\\/como-usar-la-curcuma-para-el-cancer\\\/#listItem\",\"name\":\"C\\u00f3mo usar la curcuma para el cancer\"},\"previousItem\":{\"@type\":\"ListItem\",\"@id\":\"https:\\\/\\\/dudasytextos.com\\\/comousar#listItem\",\"name\":\"Home\"}},{\"@type\":\"ListItem\",\"@id\":\"https:\\\/\\\/dudasytextos.com\\\/comousar\\\/como-usar-la-curcuma-para-el-cancer\\\/#listItem\",\"position\":3,\"name\":\"C\\u00f3mo usar la curcuma para el cancer\",\"previousItem\":{\"@type\":\"ListItem\",\"@id\":\"https:\\\/\\\/dudasytextos.com\\\/comousar\\\/category\\\/como-usar\\\/#listItem\",\"name\":\"\\u00bfC\\u00f3mo usar?\"}}]},{\"@type\":\"Organization\",\"@id\":\"https:\\\/\\\/dudasytextos.com\\\/comousar\\\/#organization\",\"name\":\"Recipes\",\"description\":\"\\u00bfC\\u00f3mo Usarlo?\",\"url\":\"https:\\\/\\\/dudasytextos.com\\\/comousar\\\/\"},{\"@type\":\"Person\",\"@id\":\"https:\\\/\\\/dudasytextos.com\\\/comousar\\\/author\\\/admin23\\\/#author\",\"url\":\"https:\\\/\\\/dudasytextos.com\\\/comousar\\\/author\\\/admin23\\\/\",\"name\":\"Ana Gonz\\u00e1lez\"},{\"@type\":\"WebPage\",\"@id\":\"https:\\\/\\\/dudasytextos.com\\\/comousar\\\/como-usar-la-curcuma-para-el-cancer\\\/#webpage\",\"url\":\"https:\\\/\\\/dudasytextos.com\\\/comousar\\\/como-usar-la-curcuma-para-el-cancer\\\/\",\"name\":\"C\\u00f3mo usar la curcuma para el cancer (2026) \\u00bfC\\u00f3mo Usarlo?\",\"description\":\"C\\u00f3mo usar la c\\u00farcuma para el c\\u00e1ncer Por Ana Gonz\\u00e1lez Curiosidades sobre la c\\u00farcuma La c\\u00farcuma es una especia originaria del sur de Asia. Es conocida por su color amarillo intenso y su sabor ligeramente amargo. Se ha utilizado en la medicina tradicional ayurv\\u00e9dica durante siglos para tratar una variedad de dolencias. Los estudios sugieren\",\"inLanguage\":\"es-ES\",\"isPartOf\":{\"@id\":\"https:\\\/\\\/dudasytextos.com\\\/comousar\\\/#website\"},\"breadcrumb\":{\"@id\":\"https:\\\/\\\/dudasytextos.com\\\/comousar\\\/como-usar-la-curcuma-para-el-cancer\\\/#breadcrumblist\"},\"author\":{\"@id\":\"https:\\\/\\\/dudasytextos.com\\\/comousar\\\/author\\\/admin23\\\/#author\"},\"creator\":{\"@id\":\"https:\\\/\\\/dudasytextos.com\\\/comousar\\\/author\\\/admin23\\\/#author\"},\"datePublished\":\"2025-02-13T20:24:08+00:00\",\"dateModified\":\"2025-03-12T21:16:59+00:00\"},{\"@type\":\"WebSite\",\"@id\":\"https:\\\/\\\/dudasytextos.com\\\/comousar\\\/#website\",\"url\":\"https:\\\/\\\/dudasytextos.com\\\/comousar\\\/\",\"name\":\"Recipes\",\"description\":\"\\u00bfC\\u00f3mo Usarlo?\",\"inLanguage\":\"es-ES\",\"publisher\":{\"@id\":\"https:\\\/\\\/dudasytextos.com\\\/comousar\\\/#organization\"}}]}\n\t\t<\/script>\n\t\t<!-- All in One SEO -->\n\n","aioseo_head_json":{"title":"C\u00f3mo usar la curcuma para el cancer (2026) \u00bfC\u00f3mo Usarlo?","description":"C\u00f3mo usar la c\u00farcuma para el c\u00e1ncer Por Ana Gonz\u00e1lez Curiosidades sobre la c\u00farcuma La c\u00farcuma es una especia originaria del sur de Asia. Es conocida por su color amarillo intenso y su sabor ligeramente amargo. Se ha utilizado en la medicina tradicional ayurv\u00e9dica durante siglos para tratar una variedad de dolencias. Los estudios sugieren","canonical_url":"https:\/\/dudasytextos.com\/comousar\/como-usar-la-curcuma-para-el-cancer\/","robots":"max-snippet:-1, max-image-preview:large, max-video-preview:-1","keywords":"","webmasterTools":{"miscellaneous":"&lt;!-- Google tag (gtag.js) --&gt;\n&lt;script async src=\"https:\/\/www.googletagmanager.com\/gtag\/js?id=G-X7DSVXBJ5H\"&gt;&lt;\/script&gt;\n&lt;script&gt;\n  window.dataLayer = window.dataLayer || [];\n  function gtag(){dataLayer.push(arguments);}\n  gtag('js', new Date());\n\n  gtag('config', 'G-X7DSVXBJ5H');\n&lt;\/script&gt;\n&lt;script async src=\"https:\/\/pagead2.googlesyndication.com\/pagead\/js\/adsbygoogle.js?client=ca-pub-3987500858204711\"\n     crossorigin=\"anonymous\"&gt;&lt;\/script&gt;"},"schema":{"@context":"https:\/\/schema.org","@graph":[{"@type":"BlogPosting","@id":"https:\/\/dudasytextos.com\/comousar\/como-usar-la-curcuma-para-el-cancer\/#blogposting","name":"C\u00f3mo usar la curcuma para el cancer (2026) \u00bfC\u00f3mo Usarlo?","headline":"C\u00f3mo usar la curcuma para el cancer","author":{"@id":"https:\/\/dudasytextos.com\/comousar\/author\/admin23\/#author"},"publisher":{"@id":"https:\/\/dudasytextos.com\/comousar\/#organization"},"datePublished":"2025-02-13T20:24:08+00:00","dateModified":"2025-03-12T21:16:59+00:00","inLanguage":"es-ES","mainEntityOfPage":{"@id":"https:\/\/dudasytextos.com\/comousar\/como-usar-la-curcuma-para-el-cancer\/#webpage"},"isPartOf":{"@id":"https:\/\/dudasytextos.com\/comousar\/como-usar-la-curcuma-para-el-cancer\/#webpage"},"articleSection":"\u00bfC\u00f3mo usar?"},{"@type":"BreadcrumbList","@id":"https:\/\/dudasytextos.com\/comousar\/como-usar-la-curcuma-para-el-cancer\/#breadcrumblist","itemListElement":[{"@type":"ListItem","@id":"https:\/\/dudasytextos.com\/comousar#listItem","position":1,"name":"Home","item":"https:\/\/dudasytextos.com\/comousar","nextItem":{"@type":"ListItem","@id":"https:\/\/dudasytextos.com\/comousar\/category\/como-usar\/#listItem","name":"\u00bfC\u00f3mo usar?"}},{"@type":"ListItem","@id":"https:\/\/dudasytextos.com\/comousar\/category\/como-usar\/#listItem","position":2,"name":"\u00bfC\u00f3mo usar?","item":"https:\/\/dudasytextos.com\/comousar\/category\/como-usar\/","nextItem":{"@type":"ListItem","@id":"https:\/\/dudasytextos.com\/comousar\/como-usar-la-curcuma-para-el-cancer\/#listItem","name":"C\u00f3mo usar la curcuma para el cancer"},"previousItem":{"@type":"ListItem","@id":"https:\/\/dudasytextos.com\/comousar#listItem","name":"Home"}},{"@type":"ListItem","@id":"https:\/\/dudasytextos.com\/comousar\/como-usar-la-curcuma-para-el-cancer\/#listItem","position":3,"name":"C\u00f3mo usar la curcuma para el cancer","previousItem":{"@type":"ListItem","@id":"https:\/\/dudasytextos.com\/comousar\/category\/como-usar\/#listItem","name":"\u00bfC\u00f3mo usar?"}}]},{"@type":"Organization","@id":"https:\/\/dudasytextos.com\/comousar\/#organization","name":"Recipes","description":"\u00bfC\u00f3mo Usarlo?","url":"https:\/\/dudasytextos.com\/comousar\/"},{"@type":"Person","@id":"https:\/\/dudasytextos.com\/comousar\/author\/admin23\/#author","url":"https:\/\/dudasytextos.com\/comousar\/author\/admin23\/","name":"Ana Gonz\u00e1lez"},{"@type":"WebPage","@id":"https:\/\/dudasytextos.com\/comousar\/como-usar-la-curcuma-para-el-cancer\/#webpage","url":"https:\/\/dudasytextos.com\/comousar\/como-usar-la-curcuma-para-el-cancer\/","name":"C\u00f3mo usar la curcuma para el cancer (2026) \u00bfC\u00f3mo Usarlo?","description":"C\u00f3mo usar la c\u00farcuma para el c\u00e1ncer Por Ana Gonz\u00e1lez Curiosidades sobre la c\u00farcuma La c\u00farcuma es una especia originaria del sur de Asia. Es conocida por su color amarillo intenso y su sabor ligeramente amargo. Se ha utilizado en la medicina tradicional ayurv\u00e9dica durante siglos para tratar una variedad de dolencias. Los estudios sugieren","inLanguage":"es-ES","isPartOf":{"@id":"https:\/\/dudasytextos.com\/comousar\/#website"},"breadcrumb":{"@id":"https:\/\/dudasytextos.com\/comousar\/como-usar-la-curcuma-para-el-cancer\/#breadcrumblist"},"author":{"@id":"https:\/\/dudasytextos.com\/comousar\/author\/admin23\/#author"},"creator":{"@id":"https:\/\/dudasytextos.com\/comousar\/author\/admin23\/#author"},"datePublished":"2025-02-13T20:24:08+00:00","dateModified":"2025-03-12T21:16:59+00:00"},{"@type":"WebSite","@id":"https:\/\/dudasytextos.com\/comousar\/#website","url":"https:\/\/dudasytextos.com\/comousar\/","name":"Recipes","description":"\u00bfC\u00f3mo Usarlo?","inLanguage":"es-ES","publisher":{"@id":"https:\/\/dudasytextos.com\/comousar\/#organization"}}]},"og:locale":"es_ES","og:site_name":"\u00bfC\u00f3mo Usarlo? - \u00bfC\u00f3mo Usarlo?","og:type":"article","og:title":"C\u00f3mo usar la curcuma para el cancer (2026) \u00bfC\u00f3mo Usarlo?","og:description":"C\u00f3mo usar la c\u00farcuma para el c\u00e1ncer Por Ana Gonz\u00e1lez Curiosidades sobre la c\u00farcuma La c\u00farcuma es una especia originaria del sur de Asia. Es conocida por su color amarillo intenso y su sabor ligeramente amargo. Se ha utilizado en la medicina tradicional ayurv\u00e9dica durante siglos para tratar una variedad de dolencias. Los estudios sugieren","og:url":"https:\/\/dudasytextos.com\/comousar\/como-usar-la-curcuma-para-el-cancer\/","article:published_time":"2025-02-13T20:24:08+00:00","article:modified_time":"2025-03-12T21:16:59+00:00","twitter:card":"summary_large_image","twitter:title":"C\u00f3mo usar la curcuma para el cancer (2026) \u00bfC\u00f3mo Usarlo?","twitter:description":"C\u00f3mo usar la c\u00farcuma para el c\u00e1ncer Por Ana Gonz\u00e1lez Curiosidades sobre la c\u00farcuma La c\u00farcuma es una especia originaria del sur de Asia. Es conocida por su color amarillo intenso y su sabor ligeramente amargo. Se ha utilizado en la medicina tradicional ayurv\u00e9dica durante siglos para tratar una variedad de dolencias. Los estudios sugieren"},"aioseo_meta_data":{"post_id":"93523","title":null,"description":null,"keywords":null,"keyphrases":null,"primary_term":null,"canonical_url":null,"og_title":null,"og_description":null,"og_object_type":"default","og_image_type":"default","og_image_url":null,"og_image_width":null,"og_image_height":null,"og_image_custom_url":null,"og_image_custom_fields":null,"og_video":null,"og_custom_url":null,"og_article_section":null,"og_article_tags":null,"twitter_use_og":false,"twitter_card":"default","twitter_image_type":"default","twitter_image_url":null,"twitter_image_custom_url":null,"twitter_image_custom_fields":null,"twitter_title":null,"twitter_description":null,"schema":{"blockGraphs":[],"customGraphs":[],"default":{"data":{"Article":[],"Course":[],"Dataset":[],"FAQPage":[],"Movie":[],"Person":[],"Product":[],"ProductReview":[],"Car":[],"Recipe":[],"Service":[],"SoftwareApplication":[],"WebPage":[]},"graphName":"","isEnabled":true},"graphs":[]},"schema_type":"default","schema_type_options":null,"pillar_content":false,"robots_default":true,"robots_noindex":false,"robots_noarchive":false,"robots_nosnippet":false,"robots_nofollow":false,"robots_noimageindex":false,"robots_noodp":false,"robots_notranslate":false,"robots_max_snippet":null,"robots_max_videopreview":null,"robots_max_imagepreview":"large","priority":null,"frequency":null,"local_seo":null,"breadcrumb_settings":null,"limit_modified_date":false,"ai":null,"created":"2023-05-03 23:00:53","updated":"2025-06-03 22:59:08","seo_analyzer_scan_date":null,"focus_keyword":null,"additional_keywords":null,"truseo_locale":null},"aioseo_breadcrumb":"<div class=\"aioseo-breadcrumbs\"><span class=\"aioseo-breadcrumb\">\n\t\t\t<a href=\"https:\/\/dudasytextos.com\/comousar\" title=\"Home\">Home<\/a>\n\t\t<\/span><span class=\"aioseo-breadcrumb-separator\">&raquo;<\/span><span class=\"aioseo-breadcrumb\">\n\t\t\t<a href=\"https:\/\/dudasytextos.com\/comousar\/category\/como-usar\/\" title=\"\u00bfC\u00f3mo usar?\">\u00bfC\u00f3mo usar?<\/a>\n\t\t<\/span><span class=\"aioseo-breadcrumb-separator\">&raquo;<\/span><span class=\"aioseo-breadcrumb\">\n\t\t\tC\u00f3mo usar la curcuma para el cancer\n\t\t<\/span><\/div>","aioseo_breadcrumb_json":[{"label":"Home","link":"https:\/\/dudasytextos.com\/comousar"},{"label":"\u00bfC\u00f3mo usar?","link":"https:\/\/dudasytextos.com\/comousar\/category\/como-usar\/"},{"label":"C\u00f3mo usar la curcuma para el cancer","link":"https:\/\/dudasytextos.com\/comousar\/como-usar-la-curcuma-para-el-cancer\/"}],"_links":{"self":[{"href":"https:\/\/dudasytextos.com\/comousar\/wp-json\/wp\/v2\/posts\/93523","targetHints":{"allow":["GET"]}}],"collection":[{"href":"https:\/\/dudasytextos.com\/comousar\/wp-json\/wp\/v2\/posts"}],"about":[{"href":"https:\/\/dudasytextos.com\/comousar\/wp-json\/wp\/v2\/types\/post"}],"author":[{"embeddable":true,"href":"https:\/\/dudasytextos.com\/comousar\/wp-json\/wp\/v2\/users\/1"}],"replies":[{"embeddable":true,"href":"https:\/\/dudasytextos.com\/comousar\/wp-json\/wp\/v2\/comments?post=93523"}],"version-history":[{"count":1,"href":"https:\/\/dudasytextos.com\/comousar\/wp-json\/wp\/v2\/posts\/93523\/revisions"}],"predecessor-version":[{"id":94432,"href":"https:\/\/dudasytextos.com\/comousar\/wp-json\/wp\/v2\/posts\/93523\/revisions\/94432"}],"wp:attachment":[{"href":"https:\/\/dudasytextos.com\/comousar\/wp-json\/wp\/v2\/media?parent=93523"}],"wp:term":[{"taxonomy":"category","embeddable":true,"href":"https:\/\/dudasytextos.com\/comousar\/wp-json\/wp\/v2\/categories?post=93523"},{"taxonomy":"post_tag","embeddable":true,"href":"https:\/\/dudasytextos.com\/comousar\/wp-json\/wp\/v2\/tags?post=93523"}],"curies":[{"name":"wp","href":"https:\/\/api.w.org\/{rel}","templated":true}]}}