{"id":93682,"date":"2025-02-21T10:29:57","date_gmt":"2025-02-21T10:29:57","guid":{"rendered":"https:\/\/educacion.cc\/en\/?p=93682"},"modified":"2025-03-13T04:52:14","modified_gmt":"2025-03-13T04:52:14","slug":"como-usar-los-tiempos-verbales-en-las-tesis-de-grado","status":"publish","type":"post","link":"https:\/\/dudasytextos.com\/comousar\/como-usar-los-tiempos-verbales-en-las-tesis-de-grado\/","title":{"rendered":"C\u00f3mo usar los tiempos verbales en las tesis de grado"},"content":{"rendered":"<div id=\"ez-toc-container\" class=\"ez-toc-v2_0_87 counter-hierarchy ez-toc-counter ez-toc-custom ez-toc-container-direction\">\n<div class=\"ez-toc-title-container\">\n<span class=\"ez-toc-title-toggle\"><\/span><\/div>\n<nav><ul class='ez-toc-list ez-toc-list-level-1 ' ><li class='ez-toc-page-1 ez-toc-heading-level-2'><a class=\"ez-toc-link ez-toc-heading-1\" href=\"https:\/\/dudasytextos.com\/comousar\/como-usar-los-tiempos-verbales-en-las-tesis-de-grado\/#Como_usar_los_tiempos_verbales_en_las_tesis_de_grado\" >C\u00f3mo usar los tiempos verbales en las tesis de grado<\/a><\/li><li class='ez-toc-page-1 ez-toc-heading-level-2'><a class=\"ez-toc-link ez-toc-heading-2\" href=\"https:\/\/dudasytextos.com\/comousar\/como-usar-los-tiempos-verbales-en-las-tesis-de-grado\/#Curiosidades_e_informacion_interesante\" >Curiosidades e informaci\u00f3n interesante<\/a><\/li><li class='ez-toc-page-1 ez-toc-heading-level-2'><a class=\"ez-toc-link ez-toc-heading-3\" href=\"https:\/\/dudasytextos.com\/comousar\/como-usar-los-tiempos-verbales-en-las-tesis-de-grado\/#%C2%BFQue_son_los_tiempos_verbales\" >\u00bfQu\u00e9 son los tiempos verbales?<\/a><\/li><li class='ez-toc-page-1 ez-toc-heading-level-2'><a class=\"ez-toc-link ez-toc-heading-4\" href=\"https:\/\/dudasytextos.com\/comousar\/como-usar-los-tiempos-verbales-en-las-tesis-de-grado\/#Errores_comunes_en_el_uso_de_los_tiempos_verbales_en_las_tesis_de_grado\" >Errores comunes en el uso de los tiempos verbales en las tesis de grado<\/a><\/li><li class='ez-toc-page-1 ez-toc-heading-level-2'><a class=\"ez-toc-link ez-toc-heading-5\" href=\"https:\/\/dudasytextos.com\/comousar\/como-usar-los-tiempos-verbales-en-las-tesis-de-grado\/#Consejos_para_utilizar_correctamente_los_tiempos_verbales_en_las_tesis_de_grado\" >Consejos para utilizar correctamente los tiempos verbales en las tesis de grado<\/a><\/li><li class='ez-toc-page-1 ez-toc-heading-level-2'><a class=\"ez-toc-link ez-toc-heading-6\" href=\"https:\/\/dudasytextos.com\/comousar\/como-usar-los-tiempos-verbales-en-las-tesis-de-grado\/#Ejemplos_de_errores_y_correcciones\" >Ejemplos de errores y correcciones<\/a><\/li><li class='ez-toc-page-1 ez-toc-heading-level-2'><a class=\"ez-toc-link ez-toc-heading-7\" href=\"https:\/\/dudasytextos.com\/comousar\/como-usar-los-tiempos-verbales-en-las-tesis-de-grado\/#Mi_experiencia_personal\" >Mi experiencia personal<\/a><\/li><li class='ez-toc-page-1 ez-toc-heading-level-2'><a class=\"ez-toc-link ez-toc-heading-8\" href=\"https:\/\/dudasytextos.com\/comousar\/como-usar-los-tiempos-verbales-en-las-tesis-de-grado\/#Preguntas_frecuentes\" >Preguntas frecuentes<\/a><\/li><\/ul><\/nav><\/div>\n<h2><span class=\"ez-toc-section\" id=\"Como_usar_los_tiempos_verbales_en_las_tesis_de_grado\"><\/span>C\u00f3mo usar los tiempos verbales en las tesis de grado<span class=\"ez-toc-section-end\"><\/span><\/h2>\n<section>\n<h2><span class=\"ez-toc-section\" id=\"Curiosidades_e_informacion_interesante\"><\/span>Curiosidades e informaci\u00f3n interesante<span class=\"ez-toc-section-end\"><\/span><\/h2>\n<ul>\n<li>El uso correcto de los tiempos verbales es esencial en la presentaci\u00f3n de una tesis de grado<\/li>\n<li>El error m\u00e1s com\u00fan es el uso incorrecto del tiempo verbal presente en lugar del pasado<\/li>\n<li>Seg\u00fan una encuesta realizada a estudiantes de grado, el 70% ha tenido dificultades con el uso de los tiempos verbales en su tesis<\/li>\n<li>Los errores en el uso de los tiempos verbales pueden afectar negativamente la comprensi\u00f3n y credibilidad de la tesis<\/li>\n<\/ul>\n<\/section>\n<section>\n<h2><span class=\"ez-toc-section\" id=\"%C2%BFQue_son_los_tiempos_verbales\"><\/span>\u00bfQu\u00e9 son los tiempos verbales?<span class=\"ez-toc-section-end\"><\/span><\/h2>\n<p>Los tiempos verbales son las diferentes formas que tiene el verbo de expresar el tiempo en que se realiza la acci\u00f3n. Dependiendo del momento en que ocurri\u00f3 la acci\u00f3n, se utilizan diferentes tiempos verbales, como el presente, pasado o futuro.<\/p>\n<\/section>\n<section>\n<h2><span class=\"ez-toc-section\" id=\"Errores_comunes_en_el_uso_de_los_tiempos_verbales_en_las_tesis_de_grado\"><\/span>Errores comunes en el uso de los tiempos verbales en las tesis de grado<span class=\"ez-toc-section-end\"><\/span><\/h2>\n<p>Uno de los errores m\u00e1s comunes es el uso incorrecto del tiempo verbal presente en lugar del pasado. Por ejemplo, en lugar de decir El objetivo de este estudio fue&#8230;, se dice El objetivo de este estudio es&#8230;.<\/p>\n<p>Otro error com\u00fan es la falta de concordancia entre el sujeto y el verbo. Por ejemplo, en lugar de decir Los resultados muestran que&#8230;, se dice Los resultados muestra que&#8230;.<\/p>\n<p>Por \u00faltimo, otro error com\u00fan es el uso incorrecto del tiempo verbal futuro. Es importante recordar que la tesis se presenta en el presente, por lo que el uso del futuro puede generar confusi\u00f3n. Por ejemplo, en lugar de decir En este cap\u00edtulo se explicar\u00e1&#8230;, se dice En este cap\u00edtulo se explicar\u00e1\u00e1&#8230;.<\/p>\n<\/section>\n<section>\n<h2><span class=\"ez-toc-section\" id=\"Consejos_para_utilizar_correctamente_los_tiempos_verbales_en_las_tesis_de_grado\"><\/span>Consejos para utilizar correctamente los tiempos verbales en las tesis de grado<span class=\"ez-toc-section-end\"><\/span><\/h2>\n<ul>\n<li>Utiliza el tiempo verbal pasado para hablar de acciones que ya ocurrieron, y el presente para hablar de acciones que est\u00e1n ocurriendo en el momento presente<\/li>\n<li>Aseg\u00farate de que haya concordancia entre el sujeto y el verbo<\/li>\n<li>Evita el uso del tiempo verbal futuro, y utiliza el presente o pasado en su lugar<\/li>\n<li>Revisa cuidadosamente los tiempos verbales en tu tesis antes de presentarla<\/li>\n<li>Pide a un profesor o tutor que revise tu tesis para identificar posibles errores<\/li>\n<\/ul>\n<\/section>\n<section>\n<h2><span class=\"ez-toc-section\" id=\"Ejemplos_de_errores_y_correcciones\"><\/span>Ejemplos de errores y correcciones<span class=\"ez-toc-section-end\"><\/span><\/h2>\n<p><strong>Error:<\/strong> El objetivo de este estudio es analizar los efectos del cambio clim\u00e1tico en la biodiversidad.<\/p>\n<p><strong>Correcci\u00f3n:<\/strong> El objetivo de este estudio fue analizar los efectos del cambio clim\u00e1tico en la biodiversidad.<\/p>\n<p><strong>Error:<\/strong> Los datos muestra que la hip\u00f3tesis es correcta.<\/p>\n<p><strong>Correcci\u00f3n:<\/strong> Los datos muestran que la hip\u00f3tesis es correcta.<\/p>\n<p><strong>Error:<\/strong> En el pr\u00f3ximo cap\u00edtulo se explicar\u00e1 la metodolog\u00eda utilizada.<\/p>\n<p><strong>Correcci\u00f3n:<\/strong> En este cap\u00edtulo se explicar\u00e1 la metodolog\u00eda utilizada.<\/p>\n<\/section>\n<section>\n<h2><span class=\"ez-toc-section\" id=\"Mi_experiencia_personal\"><\/span>Mi experiencia personal<span class=\"ez-toc-section-end\"><\/span><\/h2>\n<p>En mi tesis de grado comet\u00ed varios errores en el uso de los tiempos verbales, lo que me llev\u00f3 a tener que hacer varias correcciones antes de presentarla. Aprend\u00ed la importancia de revisar cuidadosamente los tiempos verbales y de pedir ayuda a un profesor o tutor para corregir errores. Desde entonces, siempre reviso cuidadosamente mis trabajos antes de presentarlos.<\/p>\n<\/section>\n<footer>\n<h2><span class=\"ez-toc-section\" id=\"Preguntas_frecuentes\"><\/span>Preguntas frecuentes<span class=\"ez-toc-section-end\"><\/span><\/h2>\n<dl>\n<dt>\u00bfPor qu\u00e9 es importante utilizar correctamente los tiempos verbales en una tesis de grado?<\/dt>\n<dd>El uso correcto de los tiempos verbales es esencial para la comprensi\u00f3n y credibilidad de la tesis. Los errores en los tiempos verbales pueden afectar negativamente la evaluaci\u00f3n del trabajo.<\/dd>\n<dt>\u00bfQu\u00e9 puedo hacer para evitar errores en los tiempos verbales?<\/dt>\n<dd>Revisa cuidadosamente los tiempos verbales en tu tesis antes de presentarla, y pide a un profesor o tutor que revise tu trabajo para identificar posibles errores.<\/dd>\n<dt>\u00bfDebo utilizar el tiempo verbal futuro en mi tesis?<\/dt>\n<dd>No es recomendable utilizar el tiempo verbal futuro en tu tesis, ya que la tesis se presenta en el presente. Utiliza el presente o pasado en su lugar.<\/dd>\n<\/dl>\n<\/footer>\n","protected":false},"excerpt":{"rendered":"<p>C\u00f3mo usar los tiempos verbales en las tesis de grado Curiosidades e informaci\u00f3n interesante El uso correcto de los tiempos verbales es esencial en la presentaci\u00f3n de una tesis de grado El error m\u00e1s com\u00fan es el uso incorrecto del tiempo verbal presente en lugar del pasado Seg\u00fan una encuesta realizada a estudiantes de grado, &#8230; <a title=\"C\u00f3mo usar los tiempos verbales en las tesis de grado\" class=\"read-more\" href=\"https:\/\/dudasytextos.com\/comousar\/como-usar-los-tiempos-verbales-en-las-tesis-de-grado\/\" aria-label=\"M\u00e1s en C\u00f3mo usar los tiempos verbales en las tesis de grado\">Leer m\u00e1s<\/a><\/p>\n","protected":false},"author":1,"featured_media":0,"comment_status":"open","ping_status":"open","sticky":false,"template":"","format":"standard","meta":{"footnotes":""},"categories":[3],"tags":[],"class_list":["post-93682","post","type-post","status-publish","format-standard","hentry","category-como-usar"],"aioseo_notices":[],"aioseo_head":"\n\t\t<!-- All in One SEO 5.0.1.1 - aioseo.com -->\n\t<meta name=\"description\" content=\"C\u00f3mo usar los tiempos verbales en las tesis de grado Curiosidades e informaci\u00f3n interesante El uso correcto de los tiempos verbales es esencial en la presentaci\u00f3n de una tesis de grado El error m\u00e1s com\u00fan es el uso incorrecto del tiempo verbal presente en lugar del pasado Seg\u00fan una encuesta realizada a estudiantes de grado,\" \/>\n\t<meta name=\"robots\" content=\"max-snippet:-1, max-image-preview:large, max-video-preview:-1\" \/>\n\t<meta name=\"author\" content=\"Ana Gonz\u00e1lez\"\/>\n\t<link rel=\"canonical\" href=\"https:\/\/dudasytextos.com\/comousar\/como-usar-los-tiempos-verbales-en-las-tesis-de-grado\/\" \/>\n\t<meta name=\"generator\" content=\"All in One SEO (AIOSEO) 5.0.1.1\" \/>\n\n\t\t<!-- Google tag (gtag.js) -->\n<script async src=\"https:\/\/www.googletagmanager.com\/gtag\/js?id=G-X7DSVXBJ5H\"><\/script>\n<script>\n  window.dataLayer = window.dataLayer || [];\n  function gtag(){dataLayer.push(arguments);}\n  gtag('js', new Date());\n\n  gtag('config', 'G-X7DSVXBJ5H');\n<\/script>\n<script async src=\"https:\/\/pagead2.googlesyndication.com\/pagead\/js\/adsbygoogle.js?client=ca-pub-3987500858204711\"\n     crossorigin=\"anonymous\"><\/script>\n\t\t<meta property=\"og:locale\" content=\"es_ES\" \/>\n\t\t<meta property=\"og:site_name\" content=\"\u00bfC\u00f3mo Usarlo? - \u00bfC\u00f3mo Usarlo?\" \/>\n\t\t<meta property=\"og:type\" content=\"article\" \/>\n\t\t<meta property=\"og:title\" content=\"C\u00f3mo usar los tiempos verbales en las tesis de grado (2026) \u00bfC\u00f3mo Usarlo?\" \/>\n\t\t<meta property=\"og:description\" content=\"C\u00f3mo usar los tiempos verbales en las tesis de grado Curiosidades e informaci\u00f3n interesante El uso correcto de los tiempos verbales es esencial en la presentaci\u00f3n de una tesis de grado El error m\u00e1s com\u00fan es el uso incorrecto del tiempo verbal presente en lugar del pasado Seg\u00fan una encuesta realizada a estudiantes de grado,\" \/>\n\t\t<meta property=\"og:url\" content=\"https:\/\/dudasytextos.com\/comousar\/como-usar-los-tiempos-verbales-en-las-tesis-de-grado\/\" \/>\n\t\t<meta property=\"article:published_time\" content=\"2025-02-21T10:29:57+00:00\" \/>\n\t\t<meta property=\"article:modified_time\" content=\"2025-03-13T04:52:14+00:00\" \/>\n\t\t<meta name=\"twitter:card\" content=\"summary_large_image\" \/>\n\t\t<meta name=\"twitter:title\" content=\"C\u00f3mo usar los tiempos verbales en las tesis de grado (2026) \u00bfC\u00f3mo Usarlo?\" \/>\n\t\t<meta name=\"twitter:description\" content=\"C\u00f3mo usar los tiempos verbales en las tesis de grado Curiosidades e informaci\u00f3n interesante El uso correcto de los tiempos verbales es esencial en la presentaci\u00f3n de una tesis de grado El error m\u00e1s com\u00fan es el uso incorrecto del tiempo verbal presente en lugar del pasado Seg\u00fan una encuesta realizada a estudiantes de grado,\" \/>\n\t\t<script type=\"application\/ld+json\" class=\"aioseo-schema\">\n\t\t\t{\"@context\":\"https:\\\/\\\/schema.org\",\"@graph\":[{\"@type\":\"BlogPosting\",\"@id\":\"https:\\\/\\\/dudasytextos.com\\\/comousar\\\/como-usar-los-tiempos-verbales-en-las-tesis-de-grado\\\/#blogposting\",\"name\":\"C\\u00f3mo usar los tiempos verbales en las tesis de grado (2026) \\u00bfC\\u00f3mo Usarlo?\",\"headline\":\"C\\u00f3mo usar los tiempos verbales en las tesis de grado\",\"author\":{\"@id\":\"https:\\\/\\\/dudasytextos.com\\\/comousar\\\/author\\\/admin23\\\/#author\"},\"publisher\":{\"@id\":\"https:\\\/\\\/dudasytextos.com\\\/comousar\\\/#organization\"},\"datePublished\":\"2025-02-21T10:29:57+00:00\",\"dateModified\":\"2025-03-13T04:52:14+00:00\",\"inLanguage\":\"es-ES\",\"mainEntityOfPage\":{\"@id\":\"https:\\\/\\\/dudasytextos.com\\\/comousar\\\/como-usar-los-tiempos-verbales-en-las-tesis-de-grado\\\/#webpage\"},\"isPartOf\":{\"@id\":\"https:\\\/\\\/dudasytextos.com\\\/comousar\\\/como-usar-los-tiempos-verbales-en-las-tesis-de-grado\\\/#webpage\"},\"articleSection\":\"\\u00bfC\\u00f3mo usar?\"},{\"@type\":\"BreadcrumbList\",\"@id\":\"https:\\\/\\\/dudasytextos.com\\\/comousar\\\/como-usar-los-tiempos-verbales-en-las-tesis-de-grado\\\/#breadcrumblist\",\"itemListElement\":[{\"@type\":\"ListItem\",\"@id\":\"https:\\\/\\\/dudasytextos.com\\\/comousar#listItem\",\"position\":1,\"name\":\"Home\",\"item\":\"https:\\\/\\\/dudasytextos.com\\\/comousar\",\"nextItem\":{\"@type\":\"ListItem\",\"@id\":\"https:\\\/\\\/dudasytextos.com\\\/comousar\\\/category\\\/como-usar\\\/#listItem\",\"name\":\"\\u00bfC\\u00f3mo usar?\"}},{\"@type\":\"ListItem\",\"@id\":\"https:\\\/\\\/dudasytextos.com\\\/comousar\\\/category\\\/como-usar\\\/#listItem\",\"position\":2,\"name\":\"\\u00bfC\\u00f3mo usar?\",\"item\":\"https:\\\/\\\/dudasytextos.com\\\/comousar\\\/category\\\/como-usar\\\/\",\"nextItem\":{\"@type\":\"ListItem\",\"@id\":\"https:\\\/\\\/dudasytextos.com\\\/comousar\\\/como-usar-los-tiempos-verbales-en-las-tesis-de-grado\\\/#listItem\",\"name\":\"C\\u00f3mo usar los tiempos verbales en las tesis de grado\"},\"previousItem\":{\"@type\":\"ListItem\",\"@id\":\"https:\\\/\\\/dudasytextos.com\\\/comousar#listItem\",\"name\":\"Home\"}},{\"@type\":\"ListItem\",\"@id\":\"https:\\\/\\\/dudasytextos.com\\\/comousar\\\/como-usar-los-tiempos-verbales-en-las-tesis-de-grado\\\/#listItem\",\"position\":3,\"name\":\"C\\u00f3mo usar los tiempos verbales en las tesis de grado\",\"previousItem\":{\"@type\":\"ListItem\",\"@id\":\"https:\\\/\\\/dudasytextos.com\\\/comousar\\\/category\\\/como-usar\\\/#listItem\",\"name\":\"\\u00bfC\\u00f3mo usar?\"}}]},{\"@type\":\"Organization\",\"@id\":\"https:\\\/\\\/dudasytextos.com\\\/comousar\\\/#organization\",\"name\":\"Recipes\",\"description\":\"\\u00bfC\\u00f3mo Usarlo?\",\"url\":\"https:\\\/\\\/dudasytextos.com\\\/comousar\\\/\"},{\"@type\":\"Person\",\"@id\":\"https:\\\/\\\/dudasytextos.com\\\/comousar\\\/author\\\/admin23\\\/#author\",\"url\":\"https:\\\/\\\/dudasytextos.com\\\/comousar\\\/author\\\/admin23\\\/\",\"name\":\"Ana Gonz\\u00e1lez\"},{\"@type\":\"WebPage\",\"@id\":\"https:\\\/\\\/dudasytextos.com\\\/comousar\\\/como-usar-los-tiempos-verbales-en-las-tesis-de-grado\\\/#webpage\",\"url\":\"https:\\\/\\\/dudasytextos.com\\\/comousar\\\/como-usar-los-tiempos-verbales-en-las-tesis-de-grado\\\/\",\"name\":\"C\\u00f3mo usar los tiempos verbales en las tesis de grado (2026) \\u00bfC\\u00f3mo Usarlo?\",\"description\":\"C\\u00f3mo usar los tiempos verbales en las tesis de grado Curiosidades e informaci\\u00f3n interesante El uso correcto de los tiempos verbales es esencial en la presentaci\\u00f3n de una tesis de grado El error m\\u00e1s com\\u00fan es el uso incorrecto del tiempo verbal presente en lugar del pasado Seg\\u00fan una encuesta realizada a estudiantes de grado,\",\"inLanguage\":\"es-ES\",\"isPartOf\":{\"@id\":\"https:\\\/\\\/dudasytextos.com\\\/comousar\\\/#website\"},\"breadcrumb\":{\"@id\":\"https:\\\/\\\/dudasytextos.com\\\/comousar\\\/como-usar-los-tiempos-verbales-en-las-tesis-de-grado\\\/#breadcrumblist\"},\"author\":{\"@id\":\"https:\\\/\\\/dudasytextos.com\\\/comousar\\\/author\\\/admin23\\\/#author\"},\"creator\":{\"@id\":\"https:\\\/\\\/dudasytextos.com\\\/comousar\\\/author\\\/admin23\\\/#author\"},\"datePublished\":\"2025-02-21T10:29:57+00:00\",\"dateModified\":\"2025-03-13T04:52:14+00:00\"},{\"@type\":\"WebSite\",\"@id\":\"https:\\\/\\\/dudasytextos.com\\\/comousar\\\/#website\",\"url\":\"https:\\\/\\\/dudasytextos.com\\\/comousar\\\/\",\"name\":\"Recipes\",\"description\":\"\\u00bfC\\u00f3mo Usarlo?\",\"inLanguage\":\"es-ES\",\"publisher\":{\"@id\":\"https:\\\/\\\/dudasytextos.com\\\/comousar\\\/#organization\"}}]}\n\t\t<\/script>\n\t\t<!-- All in One SEO -->\n\n","aioseo_head_json":{"title":"C\u00f3mo usar los tiempos verbales en las tesis de grado (2026) \u00bfC\u00f3mo Usarlo?","description":"C\u00f3mo usar los tiempos verbales en las tesis de grado Curiosidades e informaci\u00f3n interesante El uso correcto de los tiempos verbales es esencial en la presentaci\u00f3n de una tesis de grado El error m\u00e1s com\u00fan es el uso incorrecto del tiempo verbal presente en lugar del pasado Seg\u00fan una encuesta realizada a estudiantes de grado,","canonical_url":"https:\/\/dudasytextos.com\/comousar\/como-usar-los-tiempos-verbales-en-las-tesis-de-grado\/","robots":"max-snippet:-1, max-image-preview:large, max-video-preview:-1","keywords":"","webmasterTools":{"miscellaneous":"&lt;!-- Google tag (gtag.js) --&gt;\n&lt;script async src=\"https:\/\/www.googletagmanager.com\/gtag\/js?id=G-X7DSVXBJ5H\"&gt;&lt;\/script&gt;\n&lt;script&gt;\n  window.dataLayer = window.dataLayer || [];\n  function gtag(){dataLayer.push(arguments);}\n  gtag('js', new Date());\n\n  gtag('config', 'G-X7DSVXBJ5H');\n&lt;\/script&gt;\n&lt;script async src=\"https:\/\/pagead2.googlesyndication.com\/pagead\/js\/adsbygoogle.js?client=ca-pub-3987500858204711\"\n     crossorigin=\"anonymous\"&gt;&lt;\/script&gt;"},"schema":{"@context":"https:\/\/schema.org","@graph":[{"@type":"BlogPosting","@id":"https:\/\/dudasytextos.com\/comousar\/como-usar-los-tiempos-verbales-en-las-tesis-de-grado\/#blogposting","name":"C\u00f3mo usar los tiempos verbales en las tesis de grado (2026) \u00bfC\u00f3mo Usarlo?","headline":"C\u00f3mo usar los tiempos verbales en las tesis de grado","author":{"@id":"https:\/\/dudasytextos.com\/comousar\/author\/admin23\/#author"},"publisher":{"@id":"https:\/\/dudasytextos.com\/comousar\/#organization"},"datePublished":"2025-02-21T10:29:57+00:00","dateModified":"2025-03-13T04:52:14+00:00","inLanguage":"es-ES","mainEntityOfPage":{"@id":"https:\/\/dudasytextos.com\/comousar\/como-usar-los-tiempos-verbales-en-las-tesis-de-grado\/#webpage"},"isPartOf":{"@id":"https:\/\/dudasytextos.com\/comousar\/como-usar-los-tiempos-verbales-en-las-tesis-de-grado\/#webpage"},"articleSection":"\u00bfC\u00f3mo usar?"},{"@type":"BreadcrumbList","@id":"https:\/\/dudasytextos.com\/comousar\/como-usar-los-tiempos-verbales-en-las-tesis-de-grado\/#breadcrumblist","itemListElement":[{"@type":"ListItem","@id":"https:\/\/dudasytextos.com\/comousar#listItem","position":1,"name":"Home","item":"https:\/\/dudasytextos.com\/comousar","nextItem":{"@type":"ListItem","@id":"https:\/\/dudasytextos.com\/comousar\/category\/como-usar\/#listItem","name":"\u00bfC\u00f3mo usar?"}},{"@type":"ListItem","@id":"https:\/\/dudasytextos.com\/comousar\/category\/como-usar\/#listItem","position":2,"name":"\u00bfC\u00f3mo usar?","item":"https:\/\/dudasytextos.com\/comousar\/category\/como-usar\/","nextItem":{"@type":"ListItem","@id":"https:\/\/dudasytextos.com\/comousar\/como-usar-los-tiempos-verbales-en-las-tesis-de-grado\/#listItem","name":"C\u00f3mo usar los tiempos verbales en las tesis de grado"},"previousItem":{"@type":"ListItem","@id":"https:\/\/dudasytextos.com\/comousar#listItem","name":"Home"}},{"@type":"ListItem","@id":"https:\/\/dudasytextos.com\/comousar\/como-usar-los-tiempos-verbales-en-las-tesis-de-grado\/#listItem","position":3,"name":"C\u00f3mo usar los tiempos verbales en las tesis de grado","previousItem":{"@type":"ListItem","@id":"https:\/\/dudasytextos.com\/comousar\/category\/como-usar\/#listItem","name":"\u00bfC\u00f3mo usar?"}}]},{"@type":"Organization","@id":"https:\/\/dudasytextos.com\/comousar\/#organization","name":"Recipes","description":"\u00bfC\u00f3mo Usarlo?","url":"https:\/\/dudasytextos.com\/comousar\/"},{"@type":"Person","@id":"https:\/\/dudasytextos.com\/comousar\/author\/admin23\/#author","url":"https:\/\/dudasytextos.com\/comousar\/author\/admin23\/","name":"Ana Gonz\u00e1lez"},{"@type":"WebPage","@id":"https:\/\/dudasytextos.com\/comousar\/como-usar-los-tiempos-verbales-en-las-tesis-de-grado\/#webpage","url":"https:\/\/dudasytextos.com\/comousar\/como-usar-los-tiempos-verbales-en-las-tesis-de-grado\/","name":"C\u00f3mo usar los tiempos verbales en las tesis de grado (2026) \u00bfC\u00f3mo Usarlo?","description":"C\u00f3mo usar los tiempos verbales en las tesis de grado Curiosidades e informaci\u00f3n interesante El uso correcto de los tiempos verbales es esencial en la presentaci\u00f3n de una tesis de grado El error m\u00e1s com\u00fan es el uso incorrecto del tiempo verbal presente en lugar del pasado Seg\u00fan una encuesta realizada a estudiantes de grado,","inLanguage":"es-ES","isPartOf":{"@id":"https:\/\/dudasytextos.com\/comousar\/#website"},"breadcrumb":{"@id":"https:\/\/dudasytextos.com\/comousar\/como-usar-los-tiempos-verbales-en-las-tesis-de-grado\/#breadcrumblist"},"author":{"@id":"https:\/\/dudasytextos.com\/comousar\/author\/admin23\/#author"},"creator":{"@id":"https:\/\/dudasytextos.com\/comousar\/author\/admin23\/#author"},"datePublished":"2025-02-21T10:29:57+00:00","dateModified":"2025-03-13T04:52:14+00:00"},{"@type":"WebSite","@id":"https:\/\/dudasytextos.com\/comousar\/#website","url":"https:\/\/dudasytextos.com\/comousar\/","name":"Recipes","description":"\u00bfC\u00f3mo Usarlo?","inLanguage":"es-ES","publisher":{"@id":"https:\/\/dudasytextos.com\/comousar\/#organization"}}]},"og:locale":"es_ES","og:site_name":"\u00bfC\u00f3mo Usarlo? - \u00bfC\u00f3mo Usarlo?","og:type":"article","og:title":"C\u00f3mo usar los tiempos verbales en las tesis de grado (2026) \u00bfC\u00f3mo Usarlo?","og:description":"C\u00f3mo usar los tiempos verbales en las tesis de grado Curiosidades e informaci\u00f3n interesante El uso correcto de los tiempos verbales es esencial en la presentaci\u00f3n de una tesis de grado El error m\u00e1s com\u00fan es el uso incorrecto del tiempo verbal presente en lugar del pasado Seg\u00fan una encuesta realizada a estudiantes de grado,","og:url":"https:\/\/dudasytextos.com\/comousar\/como-usar-los-tiempos-verbales-en-las-tesis-de-grado\/","article:published_time":"2025-02-21T10:29:57+00:00","article:modified_time":"2025-03-13T04:52:14+00:00","twitter:card":"summary_large_image","twitter:title":"C\u00f3mo usar los tiempos verbales en las tesis de grado (2026) \u00bfC\u00f3mo Usarlo?","twitter:description":"C\u00f3mo usar los tiempos verbales en las tesis de grado Curiosidades e informaci\u00f3n interesante El uso correcto de los tiempos verbales es esencial en la presentaci\u00f3n de una tesis de grado El error m\u00e1s com\u00fan es el uso incorrecto del tiempo verbal presente en lugar del pasado Seg\u00fan una encuesta realizada a estudiantes de grado,"},"aioseo_meta_data":{"post_id":"93682","title":null,"description":null,"keywords":null,"keyphrases":null,"primary_term":null,"canonical_url":null,"og_title":null,"og_description":null,"og_object_type":"default","og_image_type":"default","og_image_url":null,"og_image_width":null,"og_image_height":null,"og_image_custom_url":null,"og_image_custom_fields":null,"og_video":null,"og_custom_url":null,"og_article_section":null,"og_article_tags":null,"twitter_use_og":false,"twitter_card":"default","twitter_image_type":"default","twitter_image_url":null,"twitter_image_custom_url":null,"twitter_image_custom_fields":null,"twitter_title":null,"twitter_description":null,"schema":{"blockGraphs":[],"customGraphs":[],"default":{"data":{"Article":[],"Course":[],"Dataset":[],"FAQPage":[],"Movie":[],"Person":[],"Product":[],"ProductReview":[],"Car":[],"Recipe":[],"Service":[],"SoftwareApplication":[],"WebPage":[]},"graphName":"","isEnabled":true},"graphs":[]},"schema_type":"default","schema_type_options":null,"pillar_content":false,"robots_default":true,"robots_noindex":false,"robots_noarchive":false,"robots_nosnippet":false,"robots_nofollow":false,"robots_noimageindex":false,"robots_noodp":false,"robots_notranslate":false,"robots_max_snippet":null,"robots_max_videopreview":null,"robots_max_imagepreview":"large","priority":null,"frequency":null,"local_seo":null,"breadcrumb_settings":null,"limit_modified_date":false,"ai":null,"created":"2023-05-03 22:28:44","updated":"2025-06-04 06:21:16","seo_analyzer_scan_date":null,"focus_keyword":null,"additional_keywords":null,"truseo_locale":null},"aioseo_breadcrumb":"<div class=\"aioseo-breadcrumbs\"><span class=\"aioseo-breadcrumb\">\n\t\t\t<a href=\"https:\/\/dudasytextos.com\/comousar\" title=\"Home\">Home<\/a>\n\t\t<\/span><span class=\"aioseo-breadcrumb-separator\">&raquo;<\/span><span class=\"aioseo-breadcrumb\">\n\t\t\t<a href=\"https:\/\/dudasytextos.com\/comousar\/category\/como-usar\/\" title=\"\u00bfC\u00f3mo usar?\">\u00bfC\u00f3mo usar?<\/a>\n\t\t<\/span><span class=\"aioseo-breadcrumb-separator\">&raquo;<\/span><span class=\"aioseo-breadcrumb\">\n\t\t\tC\u00f3mo usar los tiempos verbales en las tesis de grado\n\t\t<\/span><\/div>","aioseo_breadcrumb_json":[{"label":"Home","link":"https:\/\/dudasytextos.com\/comousar"},{"label":"\u00bfC\u00f3mo usar?","link":"https:\/\/dudasytextos.com\/comousar\/category\/como-usar\/"},{"label":"C\u00f3mo usar los tiempos verbales en las tesis de grado","link":"https:\/\/dudasytextos.com\/comousar\/como-usar-los-tiempos-verbales-en-las-tesis-de-grado\/"}],"_links":{"self":[{"href":"https:\/\/dudasytextos.com\/comousar\/wp-json\/wp\/v2\/posts\/93682","targetHints":{"allow":["GET"]}}],"collection":[{"href":"https:\/\/dudasytextos.com\/comousar\/wp-json\/wp\/v2\/posts"}],"about":[{"href":"https:\/\/dudasytextos.com\/comousar\/wp-json\/wp\/v2\/types\/post"}],"author":[{"embeddable":true,"href":"https:\/\/dudasytextos.com\/comousar\/wp-json\/wp\/v2\/users\/1"}],"replies":[{"embeddable":true,"href":"https:\/\/dudasytextos.com\/comousar\/wp-json\/wp\/v2\/comments?post=93682"}],"version-history":[{"count":1,"href":"https:\/\/dudasytextos.com\/comousar\/wp-json\/wp\/v2\/posts\/93682\/revisions"}],"predecessor-version":[{"id":94273,"href":"https:\/\/dudasytextos.com\/comousar\/wp-json\/wp\/v2\/posts\/93682\/revisions\/94273"}],"wp:attachment":[{"href":"https:\/\/dudasytextos.com\/comousar\/wp-json\/wp\/v2\/media?parent=93682"}],"wp:term":[{"taxonomy":"category","embeddable":true,"href":"https:\/\/dudasytextos.com\/comousar\/wp-json\/wp\/v2\/categories?post=93682"},{"taxonomy":"post_tag","embeddable":true,"href":"https:\/\/dudasytextos.com\/comousar\/wp-json\/wp\/v2\/tags?post=93682"}],"curies":[{"name":"wp","href":"https:\/\/api.w.org\/{rel}","templated":true}]}}