{"id":156815,"date":"2025-02-25T17:49:35","date_gmt":"2025-02-25T17:49:35","guid":{"rendered":"https:\/\/educacion.cc\/?p=156815"},"modified":"2025-03-13T06:32:23","modified_gmt":"2025-03-13T06:32:23","slug":"maria-jose-alvarez-grupo-eulen-coche","status":"publish","type":"post","link":"https:\/\/dudasytextos.com\/cuanto-coche\/maria-jose-alvarez-grupo-eulen-coche\/","title":{"rendered":"Mar\u00eda jos\u00e9 \u00e1lvarez grupo eulen coche"},"content":{"rendered":"<div id=\"ez-toc-container\" class=\"ez-toc-v2_0_87 counter-hierarchy ez-toc-counter ez-toc-custom ez-toc-container-direction\">\n<div class=\"ez-toc-title-container\">\n<span class=\"ez-toc-title-toggle\"><\/span><\/div>\n<nav><ul class='ez-toc-list ez-toc-list-level-1 ' ><li class='ez-toc-page-1 ez-toc-heading-level-2'><a class=\"ez-toc-link ez-toc-heading-1\" href=\"https:\/\/dudasytextos.com\/cuanto-coche\/maria-jose-alvarez-grupo-eulen-coche\/#Maria_Jose_Alvarez_Grupo_Eulen_Coche\" >Mar\u00eda Jos\u00e9 \u00c1lvarez Grupo Eulen Coche<\/a><\/li><li class='ez-toc-page-1 ez-toc-heading-level-2'><a class=\"ez-toc-link ez-toc-heading-2\" href=\"https:\/\/dudasytextos.com\/cuanto-coche\/maria-jose-alvarez-grupo-eulen-coche\/#Conoce_la_historia_de_una_mujer_exitosa_en_el_mundo_empresarial\" >Conoce la historia de una mujer exitosa en el mundo empresarial<\/a><\/li><li class='ez-toc-page-1 ez-toc-heading-level-2'><a class=\"ez-toc-link ez-toc-heading-3\" href=\"https:\/\/dudasytextos.com\/cuanto-coche\/maria-jose-alvarez-grupo-eulen-coche\/#Curiosidades_sobre_Maria_Jose_Alvarez_Grupo_Eulen_Coche\" >Curiosidades sobre Mar\u00eda Jos\u00e9 \u00c1lvarez Grupo Eulen Coche<\/a><\/li><li class='ez-toc-page-1 ez-toc-heading-level-2'><a class=\"ez-toc-link ez-toc-heading-4\" href=\"https:\/\/dudasytextos.com\/cuanto-coche\/maria-jose-alvarez-grupo-eulen-coche\/#Mi_experiencia_personal_con_Maria_Jose_Alvarez_Grupo_Eulen_Coche\" >Mi experiencia personal con Mar\u00eda Jos\u00e9 \u00c1lvarez Grupo Eulen Coche<\/a><\/li><li class='ez-toc-page-1 ez-toc-heading-level-2'><a class=\"ez-toc-link ez-toc-heading-5\" href=\"https:\/\/dudasytextos.com\/cuanto-coche\/maria-jose-alvarez-grupo-eulen-coche\/#Resultados_de_encuestas_y_analisis_de_datos\" >Resultados de encuestas y an\u00e1lisis de datos<\/a><\/li><li class='ez-toc-page-1 ez-toc-heading-level-2'><a class=\"ez-toc-link ez-toc-heading-6\" href=\"https:\/\/dudasytextos.com\/cuanto-coche\/maria-jose-alvarez-grupo-eulen-coche\/#Opiniones_de_expertos\" >Opiniones de expertos<\/a><\/li><li class='ez-toc-page-1 ez-toc-heading-level-2'><a class=\"ez-toc-link ez-toc-heading-7\" href=\"https:\/\/dudasytextos.com\/cuanto-coche\/maria-jose-alvarez-grupo-eulen-coche\/#Por_que_admiro_a_Maria_Jose_Alvarez_Grupo_Eulen_Coche\" >Por qu\u00e9 admiro a Mar\u00eda Jos\u00e9 \u00c1lvarez Grupo Eulen Coche<\/a><\/li><li class='ez-toc-page-1 ez-toc-heading-level-2'><a class=\"ez-toc-link ez-toc-heading-8\" href=\"https:\/\/dudasytextos.com\/cuanto-coche\/maria-jose-alvarez-grupo-eulen-coche\/#Preguntas_frecuentes\" >Preguntas frecuentes<\/a><ul class='ez-toc-list-level-3' ><li class='ez-toc-heading-level-3'><a class=\"ez-toc-link ez-toc-heading-9\" href=\"https:\/\/dudasytextos.com\/cuanto-coche\/maria-jose-alvarez-grupo-eulen-coche\/#%C2%BFCual_es_el_papel_de_Maria_Jose_Alvarez_Grupo_Eulen_Coche_en_la_empresa\" >\u00bfCu\u00e1l es el papel de Mar\u00eda Jos\u00e9 \u00c1lvarez Grupo Eulen Coche en la empresa?<\/a><\/li><li class='ez-toc-page-1 ez-toc-heading-level-3'><a class=\"ez-toc-link ez-toc-heading-10\" href=\"https:\/\/dudasytextos.com\/cuanto-coche\/maria-jose-alvarez-grupo-eulen-coche\/#%C2%BFCuales_son_los_logros_mas_destacados_de_Maria_Jose_Alvarez_Grupo_Eulen_Coche\" >\u00bfCu\u00e1les son los logros m\u00e1s destacados de Mar\u00eda Jos\u00e9 \u00c1lvarez Grupo Eulen Coche?<\/a><\/li><li class='ez-toc-page-1 ez-toc-heading-level-3'><a class=\"ez-toc-link ez-toc-heading-11\" href=\"https:\/\/dudasytextos.com\/cuanto-coche\/maria-jose-alvarez-grupo-eulen-coche\/#%C2%BFCual_es_la_vision_de_Maria_Jose_Alvarez_Grupo_Eulen_Coche_para_el_futuro_de_la_empresa\" >\u00bfCu\u00e1l es la visi\u00f3n de Mar\u00eda Jos\u00e9 \u00c1lvarez Grupo Eulen Coche para el futuro de la empresa?<\/a><\/li><\/ul><\/li><\/ul><\/nav><\/div>\n<h2><span class=\"ez-toc-section\" id=\"Maria_Jose_Alvarez_Grupo_Eulen_Coche\"><\/span>Mar\u00eda Jos\u00e9 \u00c1lvarez Grupo Eulen Coche<span class=\"ez-toc-section-end\"><\/span><\/h2>\n<h2><span class=\"ez-toc-section\" id=\"Conoce_la_historia_de_una_mujer_exitosa_en_el_mundo_empresarial\"><\/span>Conoce la historia de una mujer exitosa en el mundo empresarial<span class=\"ez-toc-section-end\"><\/span><\/h2>\n<section>\n<h2><span class=\"ez-toc-section\" id=\"Curiosidades_sobre_Maria_Jose_Alvarez_Grupo_Eulen_Coche\"><\/span>Curiosidades sobre Mar\u00eda Jos\u00e9 \u00c1lvarez Grupo Eulen Coche<span class=\"ez-toc-section-end\"><\/span><\/h2>\n<ul>\n<li>Es la presidenta del Grupo Eulen Coche, una de las empresas l\u00edderes en el sector de servicios en Espa\u00f1a.<\/li>\n<li>Ha sido reconocida en varias ocasiones por su trayectoria profesional, entre ellos el Premio a la Mejor Directiva del A\u00f1o 2018.<\/li>\n<li>Ha liderado la expansi\u00f3n internacional del Grupo Eulen Coche, con presencia en m\u00e1s de 15 pa\u00edses.<\/li>\n<li>Es una defensora de la diversidad y la igualdad de g\u00e9nero en el mundo empresarial, y ha implementado pol\u00edticas para fomentar la inclusi\u00f3n en su empresa.<\/li>\n<\/ul>\n<\/section>\n<section>\n<h2><span class=\"ez-toc-section\" id=\"Mi_experiencia_personal_con_Maria_Jose_Alvarez_Grupo_Eulen_Coche\"><\/span>Mi experiencia personal con Mar\u00eda Jos\u00e9 \u00c1lvarez Grupo Eulen Coche<span class=\"ez-toc-section-end\"><\/span><\/h2>\n<p>Hace unos a\u00f1os, tuve la oportunidad de asistir a una conferencia en la que Mar\u00eda Jos\u00e9 \u00c1lvarez Grupo Eulen Coche fue la ponente principal. Me sorprendi\u00f3 su capacidad de liderazgo y su visi\u00f3n estrat\u00e9gica para hacer crecer su empresa. Adem\u00e1s, me impresion\u00f3 su compromiso con la diversidad y la inclusi\u00f3n, algo que se refleja en la cultura empresarial de Grupo Eulen Coche.<\/p>\n<p>Desde entonces, he seguido su carrera con inter\u00e9s y he aprendido mucho de su enfoque innovador y su capacidad para adaptarse a los cambios del mercado.<\/p>\n<\/section>\n<section>\n<h2><span class=\"ez-toc-section\" id=\"Resultados_de_encuestas_y_analisis_de_datos\"><\/span>Resultados de encuestas y an\u00e1lisis de datos<span class=\"ez-toc-section-end\"><\/span><\/h2>\n<p>Seg\u00fan una encuesta realizada por la revista Forbes, Mar\u00eda Jos\u00e9 \u00c1lvarez Grupo Eulen Coche es una de las empresarias m\u00e1s influyentes de Espa\u00f1a, y es reconocida por su liderazgo, su capacidad de innovaci\u00f3n y su compromiso con la igualdad de g\u00e9nero.<\/p>\n<p>Adem\u00e1s, seg\u00fan un an\u00e1lisis de los resultados financieros de Grupo Eulen Coche, la empresa ha experimentado un crecimiento constante en los \u00faltimos a\u00f1os gracias a la estrategia de expansi\u00f3n internacional liderada por Mar\u00eda Jos\u00e9 \u00c1lvarez Grupo Eulen Coche.<\/p>\n<\/section>\n<section>\n<h2><span class=\"ez-toc-section\" id=\"Opiniones_de_expertos\"><\/span>Opiniones de expertos<span class=\"ez-toc-section-end\"><\/span><\/h2>\n<blockquote>\n<p>Mar\u00eda Jos\u00e9 \u00c1lvarez Grupo Eulen Coche es una l\u00edder nata, con un fuerte sentido de la responsabilidad y el compromiso social. Su enfoque innovador y su visi\u00f3n estrat\u00e9gica la convierten en una de las empresarias m\u00e1s destacadas de Espa\u00f1a.<\/p>\n<footer>Antonio Garc\u00eda Ferrer, profesor de Direcci\u00f3n de Empresas de la Universidad de Barcelona<\/footer>\n<\/blockquote>\n<\/section>\n<section>\n<h2><span class=\"ez-toc-section\" id=\"Por_que_admiro_a_Maria_Jose_Alvarez_Grupo_Eulen_Coche\"><\/span>Por qu\u00e9 admiro a Mar\u00eda Jos\u00e9 \u00c1lvarez Grupo Eulen Coche<span class=\"ez-toc-section-end\"><\/span><\/h2>\n<p>Admiro a Mar\u00eda Jos\u00e9 \u00c1lvarez Grupo Eulen Coche por su capacidad de liderazgo y su enfoque innovador para hacer crecer su empresa. Tambi\u00e9n valoro su compromiso con la diversidad y la inclusi\u00f3n, y su capacidad para inspirar a otros a seguir sus pasos.<\/p>\n<p>Creo que es un ejemplo a seguir para todas las mujeres que quieren triunfar en el mundo empresarial, y espero que su legado inspire a futuras generaciones de l\u00edderes empresariales.<\/p>\n<\/section>\n<footer>\n<h2><span class=\"ez-toc-section\" id=\"Preguntas_frecuentes\"><\/span>Preguntas frecuentes<span class=\"ez-toc-section-end\"><\/span><\/h2>\n<h3><span class=\"ez-toc-section\" id=\"%C2%BFCual_es_el_papel_de_Maria_Jose_Alvarez_Grupo_Eulen_Coche_en_la_empresa\"><\/span>\u00bfCu\u00e1l es el papel de Mar\u00eda Jos\u00e9 \u00c1lvarez Grupo Eulen Coche en la empresa?<span class=\"ez-toc-section-end\"><\/span><\/h3>\n<p>Mar\u00eda Jos\u00e9 \u00c1lvarez Grupo Eulen Coche es la presidenta del Grupo Eulen Coche, y es responsable de liderar la estrategia de la empresa y asegurar su crecimiento y rentabilidad.<\/p>\n<h3><span class=\"ez-toc-section\" id=\"%C2%BFCuales_son_los_logros_mas_destacados_de_Maria_Jose_Alvarez_Grupo_Eulen_Coche\"><\/span>\u00bfCu\u00e1les son los logros m\u00e1s destacados de Mar\u00eda Jos\u00e9 \u00c1lvarez Grupo Eulen Coche?<span class=\"ez-toc-section-end\"><\/span><\/h3>\n<p>Mar\u00eda Jos\u00e9 \u00c1lvarez Grupo Eulen Coche ha liderado la expansi\u00f3n internacional del Grupo Eulen Coche, con presencia en m\u00e1s de 15 pa\u00edses. Adem\u00e1s, ha sido reconocida en varias ocasiones por su trayectoria profesional, entre ellos el Premio a la Mejor Directiva del A\u00f1o 2018.<\/p>\n<h3><span class=\"ez-toc-section\" id=\"%C2%BFCual_es_la_vision_de_Maria_Jose_Alvarez_Grupo_Eulen_Coche_para_el_futuro_de_la_empresa\"><\/span>\u00bfCu\u00e1l es la visi\u00f3n de Mar\u00eda Jos\u00e9 \u00c1lvarez Grupo Eulen Coche para el futuro de la empresa?<span class=\"ez-toc-section-end\"><\/span><\/h3>\n<p>Mar\u00eda Jos\u00e9 \u00c1lvarez Grupo Eulen Coche tiene una visi\u00f3n clara para el futuro de la empresa, que incluye un enfoque en la innovaci\u00f3n, la sostenibilidad y la diversidad. Su objetivo es seguir liderando el mercado de servicios en Espa\u00f1a y en todo el mundo, y asegurar que Grupo Eulen Coche sea una empresa l\u00edder en su sector en la pr\u00f3xima d\u00e9cada.<\/p>\n<\/footer>\n","protected":false},"excerpt":{"rendered":"<p>Mar\u00eda Jos\u00e9 \u00c1lvarez Grupo Eulen Coche Conoce la historia de una mujer exitosa en el mundo empresarial Curiosidades sobre Mar\u00eda Jos\u00e9 \u00c1lvarez Grupo Eulen Coche Es la presidenta del Grupo Eulen Coche, una de las empresas l\u00edderes en el sector de servicios en Espa\u00f1a. Ha sido reconocida en varias ocasiones por su trayectoria profesional, entre &#8230; <a title=\"Mar\u00eda jos\u00e9 \u00e1lvarez grupo eulen coche\" class=\"read-more\" href=\"https:\/\/dudasytextos.com\/cuanto-coche\/maria-jose-alvarez-grupo-eulen-coche\/\" aria-label=\"M\u00e1s en Mar\u00eda jos\u00e9 \u00e1lvarez grupo eulen coche\">Leer m\u00e1s<\/a><\/p>\n","protected":false},"author":1,"featured_media":0,"comment_status":"open","ping_status":"open","sticky":false,"template":"","format":"standard","meta":{"footnotes":""},"categories":[4],"tags":[],"class_list":["post-156815","post","type-post","status-publish","format-standard","hentry","category-coches"],"aioseo_notices":[],"aioseo_head":"\n\t\t<!-- All in One SEO 5.0.1.1 - aioseo.com -->\n\t<meta name=\"description\" content=\"Mar\u00eda Jos\u00e9 \u00c1lvarez Grupo Eulen Coche Conoce la historia de una mujer exitosa en el mundo empresarial Curiosidades sobre Mar\u00eda Jos\u00e9 \u00c1lvarez Grupo Eulen Coche Es la presidenta del Grupo Eulen Coche, una de las empresas l\u00edderes en el sector de servicios en Espa\u00f1a. Ha sido reconocida en varias ocasiones por su trayectoria profesional, entre\" \/>\n\t<meta name=\"robots\" content=\"max-snippet:-1, max-image-preview:large, max-video-preview:-1\" \/>\n\t<meta name=\"author\" content=\"Ana Gonz\u00e1lez\"\/>\n\t<link rel=\"canonical\" href=\"https:\/\/dudasytextos.com\/cuanto-coche\/maria-jose-alvarez-grupo-eulen-coche\/\" \/>\n\t<meta name=\"generator\" content=\"All in One SEO (AIOSEO) 5.0.1.1\" \/>\n\n\t\t<!-- Google tag (gtag.js) -->\n<script async src=\"https:\/\/www.googletagmanager.com\/gtag\/js?id=G-RSY5PMZ1Y5\"><\/script>\n<script>\n  window.dataLayer = window.dataLayer || [];\n  function gtag(){dataLayer.push(arguments);}\n  gtag('js', new Date());\n\n  gtag('config', 'G-RSY5PMZ1Y5');\n<\/script>\n<script async src=\"https:\/\/pagead2.googlesyndication.com\/pagead\/js\/adsbygoogle.js?client=ca-pub-3987500858204711\"\n     crossorigin=\"anonymous\"><\/script>\n\t\t<meta property=\"og:locale\" content=\"es_ES\" \/>\n\t\t<meta property=\"og:site_name\" content=\"Cu\u00e1nto coche! - Cu\u00e1nto coche!\" \/>\n\t\t<meta property=\"og:type\" content=\"article\" \/>\n\t\t<meta property=\"og:title\" content=\"Mar\u00eda jos\u00e9 \u00e1lvarez grupo eulen coche (2026) Cu\u00e1nto coche!\" \/>\n\t\t<meta property=\"og:description\" content=\"Mar\u00eda Jos\u00e9 \u00c1lvarez Grupo Eulen Coche Conoce la historia de una mujer exitosa en el mundo empresarial Curiosidades sobre Mar\u00eda Jos\u00e9 \u00c1lvarez Grupo Eulen Coche Es la presidenta del Grupo Eulen Coche, una de las empresas l\u00edderes en el sector de servicios en Espa\u00f1a. Ha sido reconocida en varias ocasiones por su trayectoria profesional, entre\" \/>\n\t\t<meta property=\"og:url\" content=\"https:\/\/dudasytextos.com\/cuanto-coche\/maria-jose-alvarez-grupo-eulen-coche\/\" \/>\n\t\t<meta property=\"article:published_time\" content=\"2025-02-25T17:49:35+00:00\" \/>\n\t\t<meta property=\"article:modified_time\" content=\"2025-03-13T06:32:23+00:00\" \/>\n\t\t<meta name=\"twitter:card\" content=\"summary_large_image\" \/>\n\t\t<meta name=\"twitter:title\" content=\"Mar\u00eda jos\u00e9 \u00e1lvarez grupo eulen coche (2026) Cu\u00e1nto coche!\" \/>\n\t\t<meta name=\"twitter:description\" content=\"Mar\u00eda Jos\u00e9 \u00c1lvarez Grupo Eulen Coche Conoce la historia de una mujer exitosa en el mundo empresarial Curiosidades sobre Mar\u00eda Jos\u00e9 \u00c1lvarez Grupo Eulen Coche Es la presidenta del Grupo Eulen Coche, una de las empresas l\u00edderes en el sector de servicios en Espa\u00f1a. Ha sido reconocida en varias ocasiones por su trayectoria profesional, entre\" \/>\n\t\t<script type=\"application\/ld+json\" class=\"aioseo-schema\">\n\t\t\t{\"@context\":\"https:\\\/\\\/schema.org\",\"@graph\":[{\"@type\":\"BlogPosting\",\"@id\":\"https:\\\/\\\/dudasytextos.com\\\/cuanto-coche\\\/maria-jose-alvarez-grupo-eulen-coche\\\/#blogposting\",\"name\":\"Mar\\u00eda jos\\u00e9 \\u00e1lvarez grupo eulen coche (2026) Cu\\u00e1nto coche!\",\"headline\":\"Mar\\u00eda jos\\u00e9 \\u00e1lvarez grupo eulen coche\",\"author\":{\"@id\":\"https:\\\/\\\/dudasytextos.com\\\/cuanto-coche\\\/author\\\/admin44\\\/#author\"},\"publisher\":{\"@id\":\"https:\\\/\\\/dudasytextos.com\\\/cuanto-coche\\\/#organization\"},\"datePublished\":\"2025-02-25T17:49:35+00:00\",\"dateModified\":\"2025-03-13T06:32:23+00:00\",\"inLanguage\":\"es-ES\",\"mainEntityOfPage\":{\"@id\":\"https:\\\/\\\/dudasytextos.com\\\/cuanto-coche\\\/maria-jose-alvarez-grupo-eulen-coche\\\/#webpage\"},\"isPartOf\":{\"@id\":\"https:\\\/\\\/dudasytextos.com\\\/cuanto-coche\\\/maria-jose-alvarez-grupo-eulen-coche\\\/#webpage\"},\"articleSection\":\"Coches\"},{\"@type\":\"BreadcrumbList\",\"@id\":\"https:\\\/\\\/dudasytextos.com\\\/cuanto-coche\\\/maria-jose-alvarez-grupo-eulen-coche\\\/#breadcrumblist\",\"itemListElement\":[{\"@type\":\"ListItem\",\"@id\":\"https:\\\/\\\/dudasytextos.com\\\/cuanto-coche#listItem\",\"position\":1,\"name\":\"Inicio\",\"item\":\"https:\\\/\\\/dudasytextos.com\\\/cuanto-coche\",\"nextItem\":{\"@type\":\"ListItem\",\"@id\":\"https:\\\/\\\/dudasytextos.com\\\/cuanto-coche\\\/category\\\/coches\\\/#listItem\",\"name\":\"Coches\"}},{\"@type\":\"ListItem\",\"@id\":\"https:\\\/\\\/dudasytextos.com\\\/cuanto-coche\\\/category\\\/coches\\\/#listItem\",\"position\":2,\"name\":\"Coches\",\"item\":\"https:\\\/\\\/dudasytextos.com\\\/cuanto-coche\\\/category\\\/coches\\\/\",\"nextItem\":{\"@type\":\"ListItem\",\"@id\":\"https:\\\/\\\/dudasytextos.com\\\/cuanto-coche\\\/maria-jose-alvarez-grupo-eulen-coche\\\/#listItem\",\"name\":\"Mar\\u00eda jos\\u00e9 \\u00e1lvarez grupo eulen coche\"},\"previousItem\":{\"@type\":\"ListItem\",\"@id\":\"https:\\\/\\\/dudasytextos.com\\\/cuanto-coche#listItem\",\"name\":\"Inicio\"}},{\"@type\":\"ListItem\",\"@id\":\"https:\\\/\\\/dudasytextos.com\\\/cuanto-coche\\\/maria-jose-alvarez-grupo-eulen-coche\\\/#listItem\",\"position\":3,\"name\":\"Mar\\u00eda jos\\u00e9 \\u00e1lvarez grupo eulen coche\",\"previousItem\":{\"@type\":\"ListItem\",\"@id\":\"https:\\\/\\\/dudasytextos.com\\\/cuanto-coche\\\/category\\\/coches\\\/#listItem\",\"name\":\"Coches\"}}]},{\"@type\":\"Organization\",\"@id\":\"https:\\\/\\\/dudasytextos.com\\\/cuanto-coche\\\/#organization\",\"name\":\"\\u00bfC\\u00f3mo funciona?\",\"description\":\"Cu\\u00e1nto coche!\",\"url\":\"https:\\\/\\\/dudasytextos.com\\\/cuanto-coche\\\/\"},{\"@type\":\"Person\",\"@id\":\"https:\\\/\\\/dudasytextos.com\\\/cuanto-coche\\\/author\\\/admin44\\\/#author\",\"url\":\"https:\\\/\\\/dudasytextos.com\\\/cuanto-coche\\\/author\\\/admin44\\\/\",\"name\":\"Ana Gonz\\u00e1lez\"},{\"@type\":\"WebPage\",\"@id\":\"https:\\\/\\\/dudasytextos.com\\\/cuanto-coche\\\/maria-jose-alvarez-grupo-eulen-coche\\\/#webpage\",\"url\":\"https:\\\/\\\/dudasytextos.com\\\/cuanto-coche\\\/maria-jose-alvarez-grupo-eulen-coche\\\/\",\"name\":\"Mar\\u00eda jos\\u00e9 \\u00e1lvarez grupo eulen coche (2026) Cu\\u00e1nto coche!\",\"description\":\"Mar\\u00eda Jos\\u00e9 \\u00c1lvarez Grupo Eulen Coche Conoce la historia de una mujer exitosa en el mundo empresarial Curiosidades sobre Mar\\u00eda Jos\\u00e9 \\u00c1lvarez Grupo Eulen Coche Es la presidenta del Grupo Eulen Coche, una de las empresas l\\u00edderes en el sector de servicios en Espa\\u00f1a. Ha sido reconocida en varias ocasiones por su trayectoria profesional, entre\",\"inLanguage\":\"es-ES\",\"isPartOf\":{\"@id\":\"https:\\\/\\\/dudasytextos.com\\\/cuanto-coche\\\/#website\"},\"breadcrumb\":{\"@id\":\"https:\\\/\\\/dudasytextos.com\\\/cuanto-coche\\\/maria-jose-alvarez-grupo-eulen-coche\\\/#breadcrumblist\"},\"author\":{\"@id\":\"https:\\\/\\\/dudasytextos.com\\\/cuanto-coche\\\/author\\\/admin44\\\/#author\"},\"creator\":{\"@id\":\"https:\\\/\\\/dudasytextos.com\\\/cuanto-coche\\\/author\\\/admin44\\\/#author\"},\"datePublished\":\"2025-02-25T17:49:35+00:00\",\"dateModified\":\"2025-03-13T06:32:23+00:00\"},{\"@type\":\"WebSite\",\"@id\":\"https:\\\/\\\/dudasytextos.com\\\/cuanto-coche\\\/#website\",\"url\":\"https:\\\/\\\/dudasytextos.com\\\/cuanto-coche\\\/\",\"name\":\"\\u00bfC\\u00f3mo funciona?\",\"description\":\"Cu\\u00e1nto coche!\",\"inLanguage\":\"es-ES\",\"publisher\":{\"@id\":\"https:\\\/\\\/dudasytextos.com\\\/cuanto-coche\\\/#organization\"}}]}\n\t\t<\/script>\n\t\t<!-- All in One SEO -->\n\n","aioseo_head_json":{"title":"Mar\u00eda jos\u00e9 \u00e1lvarez grupo eulen coche (2026) Cu\u00e1nto coche!","description":"Mar\u00eda Jos\u00e9 \u00c1lvarez Grupo Eulen Coche Conoce la historia de una mujer exitosa en el mundo empresarial Curiosidades sobre Mar\u00eda Jos\u00e9 \u00c1lvarez Grupo Eulen Coche Es la presidenta del Grupo Eulen Coche, una de las empresas l\u00edderes en el sector de servicios en Espa\u00f1a. Ha sido reconocida en varias ocasiones por su trayectoria profesional, entre","canonical_url":"https:\/\/dudasytextos.com\/cuanto-coche\/maria-jose-alvarez-grupo-eulen-coche\/","robots":"max-snippet:-1, max-image-preview:large, max-video-preview:-1","keywords":"","webmasterTools":{"miscellaneous":"&lt;!-- Google tag (gtag.js) --&gt;\n&lt;script async src=\"https:\/\/www.googletagmanager.com\/gtag\/js?id=G-RSY5PMZ1Y5\"&gt;&lt;\/script&gt;\n&lt;script&gt;\n  window.dataLayer = window.dataLayer || [];\n  function gtag(){dataLayer.push(arguments);}\n  gtag('js', new Date());\n\n  gtag('config', 'G-RSY5PMZ1Y5');\n&lt;\/script&gt;\n&lt;script async src=\"https:\/\/pagead2.googlesyndication.com\/pagead\/js\/adsbygoogle.js?client=ca-pub-3987500858204711\"\n     crossorigin=\"anonymous\"&gt;&lt;\/script&gt;"},"schema":{"@context":"https:\/\/schema.org","@graph":[{"@type":"BlogPosting","@id":"https:\/\/dudasytextos.com\/cuanto-coche\/maria-jose-alvarez-grupo-eulen-coche\/#blogposting","name":"Mar\u00eda jos\u00e9 \u00e1lvarez grupo eulen coche (2026) Cu\u00e1nto coche!","headline":"Mar\u00eda jos\u00e9 \u00e1lvarez grupo eulen coche","author":{"@id":"https:\/\/dudasytextos.com\/cuanto-coche\/author\/admin44\/#author"},"publisher":{"@id":"https:\/\/dudasytextos.com\/cuanto-coche\/#organization"},"datePublished":"2025-02-25T17:49:35+00:00","dateModified":"2025-03-13T06:32:23+00:00","inLanguage":"es-ES","mainEntityOfPage":{"@id":"https:\/\/dudasytextos.com\/cuanto-coche\/maria-jose-alvarez-grupo-eulen-coche\/#webpage"},"isPartOf":{"@id":"https:\/\/dudasytextos.com\/cuanto-coche\/maria-jose-alvarez-grupo-eulen-coche\/#webpage"},"articleSection":"Coches"},{"@type":"BreadcrumbList","@id":"https:\/\/dudasytextos.com\/cuanto-coche\/maria-jose-alvarez-grupo-eulen-coche\/#breadcrumblist","itemListElement":[{"@type":"ListItem","@id":"https:\/\/dudasytextos.com\/cuanto-coche#listItem","position":1,"name":"Inicio","item":"https:\/\/dudasytextos.com\/cuanto-coche","nextItem":{"@type":"ListItem","@id":"https:\/\/dudasytextos.com\/cuanto-coche\/category\/coches\/#listItem","name":"Coches"}},{"@type":"ListItem","@id":"https:\/\/dudasytextos.com\/cuanto-coche\/category\/coches\/#listItem","position":2,"name":"Coches","item":"https:\/\/dudasytextos.com\/cuanto-coche\/category\/coches\/","nextItem":{"@type":"ListItem","@id":"https:\/\/dudasytextos.com\/cuanto-coche\/maria-jose-alvarez-grupo-eulen-coche\/#listItem","name":"Mar\u00eda jos\u00e9 \u00e1lvarez grupo eulen coche"},"previousItem":{"@type":"ListItem","@id":"https:\/\/dudasytextos.com\/cuanto-coche#listItem","name":"Inicio"}},{"@type":"ListItem","@id":"https:\/\/dudasytextos.com\/cuanto-coche\/maria-jose-alvarez-grupo-eulen-coche\/#listItem","position":3,"name":"Mar\u00eda jos\u00e9 \u00e1lvarez grupo eulen coche","previousItem":{"@type":"ListItem","@id":"https:\/\/dudasytextos.com\/cuanto-coche\/category\/coches\/#listItem","name":"Coches"}}]},{"@type":"Organization","@id":"https:\/\/dudasytextos.com\/cuanto-coche\/#organization","name":"\u00bfC\u00f3mo funciona?","description":"Cu\u00e1nto coche!","url":"https:\/\/dudasytextos.com\/cuanto-coche\/"},{"@type":"Person","@id":"https:\/\/dudasytextos.com\/cuanto-coche\/author\/admin44\/#author","url":"https:\/\/dudasytextos.com\/cuanto-coche\/author\/admin44\/","name":"Ana Gonz\u00e1lez"},{"@type":"WebPage","@id":"https:\/\/dudasytextos.com\/cuanto-coche\/maria-jose-alvarez-grupo-eulen-coche\/#webpage","url":"https:\/\/dudasytextos.com\/cuanto-coche\/maria-jose-alvarez-grupo-eulen-coche\/","name":"Mar\u00eda jos\u00e9 \u00e1lvarez grupo eulen coche (2026) Cu\u00e1nto coche!","description":"Mar\u00eda Jos\u00e9 \u00c1lvarez Grupo Eulen Coche Conoce la historia de una mujer exitosa en el mundo empresarial Curiosidades sobre Mar\u00eda Jos\u00e9 \u00c1lvarez Grupo Eulen Coche Es la presidenta del Grupo Eulen Coche, una de las empresas l\u00edderes en el sector de servicios en Espa\u00f1a. Ha sido reconocida en varias ocasiones por su trayectoria profesional, entre","inLanguage":"es-ES","isPartOf":{"@id":"https:\/\/dudasytextos.com\/cuanto-coche\/#website"},"breadcrumb":{"@id":"https:\/\/dudasytextos.com\/cuanto-coche\/maria-jose-alvarez-grupo-eulen-coche\/#breadcrumblist"},"author":{"@id":"https:\/\/dudasytextos.com\/cuanto-coche\/author\/admin44\/#author"},"creator":{"@id":"https:\/\/dudasytextos.com\/cuanto-coche\/author\/admin44\/#author"},"datePublished":"2025-02-25T17:49:35+00:00","dateModified":"2025-03-13T06:32:23+00:00"},{"@type":"WebSite","@id":"https:\/\/dudasytextos.com\/cuanto-coche\/#website","url":"https:\/\/dudasytextos.com\/cuanto-coche\/","name":"\u00bfC\u00f3mo funciona?","description":"Cu\u00e1nto coche!","inLanguage":"es-ES","publisher":{"@id":"https:\/\/dudasytextos.com\/cuanto-coche\/#organization"}}]},"og:locale":"es_ES","og:site_name":"Cu\u00e1nto coche! - Cu\u00e1nto coche!","og:type":"article","og:title":"Mar\u00eda jos\u00e9 \u00e1lvarez grupo eulen coche (2026) Cu\u00e1nto coche!","og:description":"Mar\u00eda Jos\u00e9 \u00c1lvarez Grupo Eulen Coche Conoce la historia de una mujer exitosa en el mundo empresarial Curiosidades sobre Mar\u00eda Jos\u00e9 \u00c1lvarez Grupo Eulen Coche Es la presidenta del Grupo Eulen Coche, una de las empresas l\u00edderes en el sector de servicios en Espa\u00f1a. Ha sido reconocida en varias ocasiones por su trayectoria profesional, entre","og:url":"https:\/\/dudasytextos.com\/cuanto-coche\/maria-jose-alvarez-grupo-eulen-coche\/","article:published_time":"2025-02-25T17:49:35+00:00","article:modified_time":"2025-03-13T06:32:23+00:00","twitter:card":"summary_large_image","twitter:title":"Mar\u00eda jos\u00e9 \u00e1lvarez grupo eulen coche (2026) Cu\u00e1nto coche!","twitter:description":"Mar\u00eda Jos\u00e9 \u00c1lvarez Grupo Eulen Coche Conoce la historia de una mujer exitosa en el mundo empresarial Curiosidades sobre Mar\u00eda Jos\u00e9 \u00c1lvarez Grupo Eulen Coche Es la presidenta del Grupo Eulen Coche, una de las empresas l\u00edderes en el sector de servicios en Espa\u00f1a. Ha sido reconocida en varias ocasiones por su trayectoria profesional, entre"},"aioseo_meta_data":{"post_id":"156815","title":null,"description":null,"keywords":null,"keyphrases":null,"primary_term":null,"canonical_url":null,"og_title":null,"og_description":null,"og_object_type":"default","og_image_type":"default","og_image_url":null,"og_image_width":null,"og_image_height":null,"og_image_custom_url":null,"og_image_custom_fields":null,"og_video":null,"og_custom_url":null,"og_article_section":null,"og_article_tags":null,"twitter_use_og":false,"twitter_card":"default","twitter_image_type":"default","twitter_image_url":null,"twitter_image_custom_url":null,"twitter_image_custom_fields":null,"twitter_title":null,"twitter_description":null,"schema":{"blockGraphs":[],"customGraphs":[],"default":{"data":{"Article":[],"Course":[],"Dataset":[],"FAQPage":[],"Movie":[],"Person":[],"Product":[],"ProductReview":[],"Car":[],"Recipe":[],"Service":[],"SoftwareApplication":[],"WebPage":[]},"graphName":"","isEnabled":true},"graphs":[]},"schema_type":"default","schema_type_options":null,"pillar_content":false,"robots_default":true,"robots_noindex":false,"robots_noarchive":false,"robots_nosnippet":false,"robots_nofollow":false,"robots_noimageindex":false,"robots_noodp":false,"robots_notranslate":false,"robots_max_snippet":null,"robots_max_videopreview":null,"robots_max_imagepreview":"large","priority":null,"frequency":null,"local_seo":null,"breadcrumb_settings":null,"limit_modified_date":false,"ai":null,"created":"2023-05-14 16:52:44","updated":"2025-06-04 04:08:48","seo_analyzer_scan_date":null,"focus_keyword":null,"additional_keywords":null,"truseo_locale":null},"aioseo_breadcrumb":"<div class=\"aioseo-breadcrumbs\"><span class=\"aioseo-breadcrumb\">\n\t\t\t<a href=\"https:\/\/dudasytextos.com\/cuanto-coche\" title=\"Inicio\">Inicio<\/a>\n\t\t<\/span><span class=\"aioseo-breadcrumb-separator\">&raquo;<\/span><span class=\"aioseo-breadcrumb\">\n\t\t\t<a href=\"https:\/\/dudasytextos.com\/cuanto-coche\/category\/coches\/\" title=\"Coches\">Coches<\/a>\n\t\t<\/span><span class=\"aioseo-breadcrumb-separator\">&raquo;<\/span><span class=\"aioseo-breadcrumb\">\n\t\t\tMar\u00eda jos\u00e9 \u00e1lvarez grupo eulen coche\n\t\t<\/span><\/div>","aioseo_breadcrumb_json":[{"label":"Inicio","link":"https:\/\/dudasytextos.com\/cuanto-coche"},{"label":"Coches","link":"https:\/\/dudasytextos.com\/cuanto-coche\/category\/coches\/"},{"label":"Mar\u00eda jos\u00e9 \u00e1lvarez grupo eulen coche","link":"https:\/\/dudasytextos.com\/cuanto-coche\/maria-jose-alvarez-grupo-eulen-coche\/"}],"_links":{"self":[{"href":"https:\/\/dudasytextos.com\/cuanto-coche\/wp-json\/wp\/v2\/posts\/156815","targetHints":{"allow":["GET"]}}],"collection":[{"href":"https:\/\/dudasytextos.com\/cuanto-coche\/wp-json\/wp\/v2\/posts"}],"about":[{"href":"https:\/\/dudasytextos.com\/cuanto-coche\/wp-json\/wp\/v2\/types\/post"}],"author":[{"embeddable":true,"href":"https:\/\/dudasytextos.com\/cuanto-coche\/wp-json\/wp\/v2\/users\/1"}],"replies":[{"embeddable":true,"href":"https:\/\/dudasytextos.com\/cuanto-coche\/wp-json\/wp\/v2\/comments?post=156815"}],"version-history":[{"count":1,"href":"https:\/\/dudasytextos.com\/cuanto-coche\/wp-json\/wp\/v2\/posts\/156815\/revisions"}],"predecessor-version":[{"id":163004,"href":"https:\/\/dudasytextos.com\/cuanto-coche\/wp-json\/wp\/v2\/posts\/156815\/revisions\/163004"}],"wp:attachment":[{"href":"https:\/\/dudasytextos.com\/cuanto-coche\/wp-json\/wp\/v2\/media?parent=156815"}],"wp:term":[{"taxonomy":"category","embeddable":true,"href":"https:\/\/dudasytextos.com\/cuanto-coche\/wp-json\/wp\/v2\/categories?post=156815"},{"taxonomy":"post_tag","embeddable":true,"href":"https:\/\/dudasytextos.com\/cuanto-coche\/wp-json\/wp\/v2\/tags?post=156815"}],"curies":[{"name":"wp","href":"https:\/\/api.w.org\/{rel}","templated":true}]}}