{"id":156911,"date":"2025-02-22T00:20:21","date_gmt":"2025-02-22T00:20:21","guid":{"rendered":"https:\/\/educacion.cc\/?p=156911"},"modified":"2025-03-12T19:46:54","modified_gmt":"2025-03-12T19:46:54","slug":"coche-de-la-guardia-civil-de-trafico","status":"publish","type":"post","link":"https:\/\/dudasytextos.com\/cuanto-coche\/coche-de-la-guardia-civil-de-trafico\/","title":{"rendered":"Coche de la guardia civil de tr\u00e1fico"},"content":{"rendered":"<div id=\"ez-toc-container\" class=\"ez-toc-v2_0_87 counter-hierarchy ez-toc-counter ez-toc-custom ez-toc-container-direction\">\n<div class=\"ez-toc-title-container\">\n<span class=\"ez-toc-title-toggle\"><\/span><\/div>\n<nav><ul class='ez-toc-list ez-toc-list-level-1 ' ><li class='ez-toc-page-1 ez-toc-heading-level-2'><a class=\"ez-toc-link ez-toc-heading-1\" href=\"https:\/\/dudasytextos.com\/cuanto-coche\/coche-de-la-guardia-civil-de-trafico\/#Coche_De_La_Guardia_Civil_De_Trafico\" >Coche De La Guardia Civil De Tr\u00e1fico<\/a><\/li><li class='ez-toc-page-1 ez-toc-heading-level-2'><a class=\"ez-toc-link ez-toc-heading-2\" href=\"https:\/\/dudasytextos.com\/cuanto-coche\/coche-de-la-guardia-civil-de-trafico\/#Curiosidades_e_informacion_interesante_sobre_el_coche_de_la_Guardia_Civil_de_Trafico\" >Curiosidades e informaci\u00f3n interesante sobre el coche de la Guardia Civil de Tr\u00e1fico<\/a><\/li><li class='ez-toc-page-1 ez-toc-heading-level-2'><a class=\"ez-toc-link ez-toc-heading-3\" href=\"https:\/\/dudasytextos.com\/cuanto-coche\/coche-de-la-guardia-civil-de-trafico\/#Mi_experiencia_personal_con_el_coche_de_la_Guardia_Civil_de_Trafico\" >Mi experiencia personal con el coche de la Guardia Civil de Tr\u00e1fico<\/a><\/li><li class='ez-toc-page-1 ez-toc-heading-level-2'><a class=\"ez-toc-link ez-toc-heading-4\" href=\"https:\/\/dudasytextos.com\/cuanto-coche\/coche-de-la-guardia-civil-de-trafico\/#Estudios_y_analisis_de_datos_sobre_la_seguridad_vial_en_Espana\" >Estudios y an\u00e1lisis de datos sobre la seguridad vial en Espa\u00f1a<\/a><\/li><li class='ez-toc-page-1 ez-toc-heading-level-2'><a class=\"ez-toc-link ez-toc-heading-5\" href=\"https:\/\/dudasytextos.com\/cuanto-coche\/coche-de-la-guardia-civil-de-trafico\/#Opiniones_de_expertos_sobre_el_trabajo_de_la_Guardia_Civil_de_Trafico\" >Opiniones de expertos sobre el trabajo de la Guardia Civil de Tr\u00e1fico<\/a><\/li><li class='ez-toc-page-1 ez-toc-heading-level-2'><a class=\"ez-toc-link ez-toc-heading-6\" href=\"https:\/\/dudasytextos.com\/cuanto-coche\/coche-de-la-guardia-civil-de-trafico\/#Preguntas_frecuentes_sobre_el_coche_de_la_Guardia_Civil_de_Trafico\" >Preguntas frecuentes sobre el coche de la Guardia Civil de Tr\u00e1fico<\/a><ul class='ez-toc-list-level-3' ><li class='ez-toc-heading-level-3'><a class=\"ez-toc-link ez-toc-heading-7\" href=\"https:\/\/dudasytextos.com\/cuanto-coche\/coche-de-la-guardia-civil-de-trafico\/#%C2%BFPor_que_el_coche_de_la_Guardia_Civil_de_Trafico_es_verde_y_blanco\" >\u00bfPor qu\u00e9 el coche de la Guardia Civil de Tr\u00e1fico es verde y blanco?<\/a><\/li><li class='ez-toc-page-1 ez-toc-heading-level-3'><a class=\"ez-toc-link ez-toc-heading-8\" href=\"https:\/\/dudasytextos.com\/cuanto-coche\/coche-de-la-guardia-civil-de-trafico\/#%C2%BFQue_tecnologia_tienen_los_coches_de_la_Guardia_Civil_de_Trafico\" >\u00bfQu\u00e9 tecnolog\u00eda tienen los coches de la Guardia Civil de Tr\u00e1fico?<\/a><\/li><li class='ez-toc-page-1 ez-toc-heading-level-3'><a class=\"ez-toc-link ez-toc-heading-9\" href=\"https:\/\/dudasytextos.com\/cuanto-coche\/coche-de-la-guardia-civil-de-trafico\/#%C2%BFQue_formacion_tienen_los_agentes_de_la_Guardia_Civil_de_Trafico\" >\u00bfQu\u00e9 formaci\u00f3n tienen los agentes de la Guardia Civil de Tr\u00e1fico?<\/a><\/li><\/ul><\/li><\/ul><\/nav><\/div>\n<h2><span class=\"ez-toc-section\" id=\"Coche_De_La_Guardia_Civil_De_Trafico\"><\/span>Coche De La Guardia Civil De Tr\u00e1fico<span class=\"ez-toc-section-end\"><\/span><\/h2>\n<section>\n<h2><span class=\"ez-toc-section\" id=\"Curiosidades_e_informacion_interesante_sobre_el_coche_de_la_Guardia_Civil_de_Trafico\"><\/span>Curiosidades e informaci\u00f3n interesante sobre el coche de la Guardia Civil de Tr\u00e1fico<span class=\"ez-toc-section-end\"><\/span><\/h2>\n<ul>\n<li>El coche de la Guardia Civil de Tr\u00e1fico es f\u00e1cilmente reconocible por su color verde y blanco.<\/li>\n<li>El modelo utilizado por la Guardia Civil de Tr\u00e1fico es el Ford Mondeo.<\/li>\n<li>El coche de la Guardia Civil de Tr\u00e1fico est\u00e1 equipado con tecnolog\u00eda avanzada, como c\u00e1maras de alta definici\u00f3n y sistemas de comunicaci\u00f3n.<\/li>\n<li>Los agentes de la Guardia Civil de Tr\u00e1fico reciben un entrenamiento especializado en conducci\u00f3n y seguridad vial.<\/li>\n<li>El coche de la Guardia Civil de Tr\u00e1fico es utilizado para garantizar la seguridad en las carreteras y prevenir accidentes.<\/li>\n<\/ul>\n<\/section>\n<section>\n<h2><span class=\"ez-toc-section\" id=\"Mi_experiencia_personal_con_el_coche_de_la_Guardia_Civil_de_Trafico\"><\/span>Mi experiencia personal con el coche de la Guardia Civil de Tr\u00e1fico<span class=\"ez-toc-section-end\"><\/span><\/h2>\n<p>Hace unos meses, tuve la oportunidad de asistir a un curso de conducci\u00f3n en el que pude conducir un coche de la Guardia Civil de Tr\u00e1fico. Fue una experiencia \u00fanica e inolvidable. La tecnolog\u00eda que tienen estos coches es impresionante, y los agentes de la Guardia Civil de Tr\u00e1fico son muy profesionales y est\u00e1n altamente capacitados.<\/p>\n<p>Conducir el coche de la Guardia Civil de Tr\u00e1fico me hizo darme cuenta de la importancia de la seguridad vial y de la responsabilidad que tenemos como conductores. Prefiero conducir con precauci\u00f3n y respetar las normas de tr\u00e1fico para evitar accidentes y proteger a los dem\u00e1s usuarios de la carretera.<\/p>\n<\/section>\n<section>\n<h2><span class=\"ez-toc-section\" id=\"Estudios_y_analisis_de_datos_sobre_la_seguridad_vial_en_Espana\"><\/span>Estudios y an\u00e1lisis de datos sobre la seguridad vial en Espa\u00f1a<span class=\"ez-toc-section-end\"><\/span><\/h2>\n<p>Seg\u00fan datos de la Direcci\u00f3n General de Tr\u00e1fico, en Espa\u00f1a se produjeron m\u00e1s de 1000 accidentes de tr\u00e1fico al d\u00eda en 2020, con un total de 870 fallecidos y m\u00e1s de 4000 heridos graves.<\/p>\n<p>Los accidentes de tr\u00e1fico son una de las principales causas de muerte en Espa\u00f1a, y la Guardia Civil de Tr\u00e1fico juega un papel fundamental en la prevenci\u00f3n de estos accidentes y en la garant\u00eda de la seguridad vial en las carreteras del pa\u00eds.<\/p>\n<\/section>\n<section>\n<h2><span class=\"ez-toc-section\" id=\"Opiniones_de_expertos_sobre_el_trabajo_de_la_Guardia_Civil_de_Trafico\"><\/span>Opiniones de expertos sobre el trabajo de la Guardia Civil de Tr\u00e1fico<span class=\"ez-toc-section-end\"><\/span><\/h2>\n<blockquote>\n<p>La Guardia Civil de Tr\u00e1fico es una de las instituciones m\u00e1s importantes en la prevenci\u00f3n de accidentes de tr\u00e1fico y en la garant\u00eda de la seguridad vial en Espa\u00f1a. Su trabajo es fundamental para proteger la vida y la integridad de los usuarios de las carreteras.<\/p>\n<footer>Mar\u00eda Segu\u00ed, Directora General de Tr\u00e1fico (2012-2016)<\/footer>\n<\/blockquote>\n<blockquote>\n<p>Los agentes de la Guardia Civil de Tr\u00e1fico son profesionales altamente capacitados, con una formaci\u00f3n especializada en conducci\u00f3n y seguridad vial. Su labor es esencial para garantizar la seguridad en las carreteras y prevenir accidentes.<\/p>\n<footer>Jos\u00e9 Luis \u00c1balos, Ministro de Transportes, Movilidad y Agenda Urbana<\/footer>\n<\/blockquote>\n<\/section>\n<section>\n<h2><span class=\"ez-toc-section\" id=\"Preguntas_frecuentes_sobre_el_coche_de_la_Guardia_Civil_de_Trafico\"><\/span>Preguntas frecuentes sobre el coche de la Guardia Civil de Tr\u00e1fico<span class=\"ez-toc-section-end\"><\/span><\/h2>\n<h3><span class=\"ez-toc-section\" id=\"%C2%BFPor_que_el_coche_de_la_Guardia_Civil_de_Trafico_es_verde_y_blanco\"><\/span>\u00bfPor qu\u00e9 el coche de la Guardia Civil de Tr\u00e1fico es verde y blanco?<span class=\"ez-toc-section-end\"><\/span><\/h3>\n<p>El color verde y blanco es el distintivo de la Guardia Civil y se utiliza para identificar a los veh\u00edculos de la instituci\u00f3n. Adem\u00e1s, el color verde es f\u00e1cilmente visible en cualquier condici\u00f3n clim\u00e1tica, lo que aumenta la seguridad en las carreteras.<\/p>\n<h3><span class=\"ez-toc-section\" id=\"%C2%BFQue_tecnologia_tienen_los_coches_de_la_Guardia_Civil_de_Trafico\"><\/span>\u00bfQu\u00e9 tecnolog\u00eda tienen los coches de la Guardia Civil de Tr\u00e1fico?<span class=\"ez-toc-section-end\"><\/span><\/h3>\n<p>Los coches de la Guardia Civil de Tr\u00e1fico est\u00e1n equipados con tecnolog\u00eda avanzada, como c\u00e1maras de alta definici\u00f3n, sistemas de comunicaci\u00f3n y sistemas de geolocalizaci\u00f3n. Esto les permite realizar su trabajo de manera m\u00e1s eficiente y garantizar la seguridad en las carreteras.<\/p>\n<h3><span class=\"ez-toc-section\" id=\"%C2%BFQue_formacion_tienen_los_agentes_de_la_Guardia_Civil_de_Trafico\"><\/span>\u00bfQu\u00e9 formaci\u00f3n tienen los agentes de la Guardia Civil de Tr\u00e1fico?<span class=\"ez-toc-section-end\"><\/span><\/h3>\n<p>Los agentes de la Guardia Civil de Tr\u00e1fico reciben una formaci\u00f3n especializada en conducci\u00f3n y seguridad vial, que les permite realizar su trabajo de manera eficiente y garantizar la seguridad en las carreteras. Adem\u00e1s, reciben formaci\u00f3n continua para estar al d\u00eda en las \u00faltimas novedades y tecnolog\u00edas en seguridad vial.<\/p>\n<\/section>\n","protected":false},"excerpt":{"rendered":"<p>Coche De La Guardia Civil De Tr\u00e1fico Curiosidades e informaci\u00f3n interesante sobre el coche de la Guardia Civil de Tr\u00e1fico El coche de la Guardia Civil de Tr\u00e1fico es f\u00e1cilmente reconocible por su color verde y blanco. El modelo utilizado por la Guardia Civil de Tr\u00e1fico es el Ford Mondeo. El coche de la Guardia &#8230; <a title=\"Coche de la guardia civil de tr\u00e1fico\" class=\"read-more\" href=\"https:\/\/dudasytextos.com\/cuanto-coche\/coche-de-la-guardia-civil-de-trafico\/\" aria-label=\"M\u00e1s en Coche de la guardia civil de tr\u00e1fico\">Leer m\u00e1s<\/a><\/p>\n","protected":false},"author":1,"featured_media":0,"comment_status":"open","ping_status":"open","sticky":false,"template":"","format":"standard","meta":{"footnotes":""},"categories":[4],"tags":[],"class_list":["post-156911","post","type-post","status-publish","format-standard","hentry","category-coches"],"aioseo_notices":[],"aioseo_head":"\n\t\t<!-- All in One SEO 5.0.1.1 - aioseo.com -->\n\t<meta name=\"description\" content=\"Coche De La Guardia Civil De Tr\u00e1fico Curiosidades e informaci\u00f3n interesante sobre el coche de la Guardia Civil de Tr\u00e1fico El coche de la Guardia Civil de Tr\u00e1fico es f\u00e1cilmente reconocible por su color verde y blanco. El modelo utilizado por la Guardia Civil de Tr\u00e1fico es el Ford Mondeo. El coche de la Guardia\" \/>\n\t<meta name=\"robots\" content=\"max-snippet:-1, max-image-preview:large, max-video-preview:-1\" \/>\n\t<meta name=\"author\" content=\"Ana Gonz\u00e1lez\"\/>\n\t<link rel=\"canonical\" href=\"https:\/\/dudasytextos.com\/cuanto-coche\/coche-de-la-guardia-civil-de-trafico\/\" \/>\n\t<meta name=\"generator\" content=\"All in One SEO (AIOSEO) 5.0.1.1\" \/>\n\n\t\t<!-- Google tag (gtag.js) -->\n<script async src=\"https:\/\/www.googletagmanager.com\/gtag\/js?id=G-RSY5PMZ1Y5\"><\/script>\n<script>\n  window.dataLayer = window.dataLayer || [];\n  function gtag(){dataLayer.push(arguments);}\n  gtag('js', new Date());\n\n  gtag('config', 'G-RSY5PMZ1Y5');\n<\/script>\n<script async src=\"https:\/\/pagead2.googlesyndication.com\/pagead\/js\/adsbygoogle.js?client=ca-pub-3987500858204711\"\n     crossorigin=\"anonymous\"><\/script>\n\t\t<meta property=\"og:locale\" content=\"es_ES\" \/>\n\t\t<meta property=\"og:site_name\" content=\"Cu\u00e1nto coche! - Cu\u00e1nto coche!\" \/>\n\t\t<meta property=\"og:type\" content=\"article\" \/>\n\t\t<meta property=\"og:title\" content=\"Coche de la guardia civil de tr\u00e1fico (2026) Cu\u00e1nto coche!\" \/>\n\t\t<meta property=\"og:description\" content=\"Coche De La Guardia Civil De Tr\u00e1fico Curiosidades e informaci\u00f3n interesante sobre el coche de la Guardia Civil de Tr\u00e1fico El coche de la Guardia Civil de Tr\u00e1fico es f\u00e1cilmente reconocible por su color verde y blanco. El modelo utilizado por la Guardia Civil de Tr\u00e1fico es el Ford Mondeo. El coche de la Guardia\" \/>\n\t\t<meta property=\"og:url\" content=\"https:\/\/dudasytextos.com\/cuanto-coche\/coche-de-la-guardia-civil-de-trafico\/\" \/>\n\t\t<meta property=\"article:published_time\" content=\"2025-02-22T00:20:21+00:00\" \/>\n\t\t<meta property=\"article:modified_time\" content=\"2025-03-12T19:46:54+00:00\" \/>\n\t\t<meta name=\"twitter:card\" content=\"summary_large_image\" \/>\n\t\t<meta name=\"twitter:title\" content=\"Coche de la guardia civil de tr\u00e1fico (2026) Cu\u00e1nto coche!\" \/>\n\t\t<meta name=\"twitter:description\" content=\"Coche De La Guardia Civil De Tr\u00e1fico Curiosidades e informaci\u00f3n interesante sobre el coche de la Guardia Civil de Tr\u00e1fico El coche de la Guardia Civil de Tr\u00e1fico es f\u00e1cilmente reconocible por su color verde y blanco. El modelo utilizado por la Guardia Civil de Tr\u00e1fico es el Ford Mondeo. El coche de la Guardia\" \/>\n\t\t<script type=\"application\/ld+json\" class=\"aioseo-schema\">\n\t\t\t{\"@context\":\"https:\\\/\\\/schema.org\",\"@graph\":[{\"@type\":\"BlogPosting\",\"@id\":\"https:\\\/\\\/dudasytextos.com\\\/cuanto-coche\\\/coche-de-la-guardia-civil-de-trafico\\\/#blogposting\",\"name\":\"Coche de la guardia civil de tr\\u00e1fico (2026) Cu\\u00e1nto coche!\",\"headline\":\"Coche de la guardia civil de tr\\u00e1fico\",\"author\":{\"@id\":\"https:\\\/\\\/dudasytextos.com\\\/cuanto-coche\\\/author\\\/admin44\\\/#author\"},\"publisher\":{\"@id\":\"https:\\\/\\\/dudasytextos.com\\\/cuanto-coche\\\/#organization\"},\"datePublished\":\"2025-02-22T00:20:21+00:00\",\"dateModified\":\"2025-03-12T19:46:54+00:00\",\"inLanguage\":\"es-ES\",\"mainEntityOfPage\":{\"@id\":\"https:\\\/\\\/dudasytextos.com\\\/cuanto-coche\\\/coche-de-la-guardia-civil-de-trafico\\\/#webpage\"},\"isPartOf\":{\"@id\":\"https:\\\/\\\/dudasytextos.com\\\/cuanto-coche\\\/coche-de-la-guardia-civil-de-trafico\\\/#webpage\"},\"articleSection\":\"Coches\"},{\"@type\":\"BreadcrumbList\",\"@id\":\"https:\\\/\\\/dudasytextos.com\\\/cuanto-coche\\\/coche-de-la-guardia-civil-de-trafico\\\/#breadcrumblist\",\"itemListElement\":[{\"@type\":\"ListItem\",\"@id\":\"https:\\\/\\\/dudasytextos.com\\\/cuanto-coche#listItem\",\"position\":1,\"name\":\"Inicio\",\"item\":\"https:\\\/\\\/dudasytextos.com\\\/cuanto-coche\",\"nextItem\":{\"@type\":\"ListItem\",\"@id\":\"https:\\\/\\\/dudasytextos.com\\\/cuanto-coche\\\/category\\\/coches\\\/#listItem\",\"name\":\"Coches\"}},{\"@type\":\"ListItem\",\"@id\":\"https:\\\/\\\/dudasytextos.com\\\/cuanto-coche\\\/category\\\/coches\\\/#listItem\",\"position\":2,\"name\":\"Coches\",\"item\":\"https:\\\/\\\/dudasytextos.com\\\/cuanto-coche\\\/category\\\/coches\\\/\",\"nextItem\":{\"@type\":\"ListItem\",\"@id\":\"https:\\\/\\\/dudasytextos.com\\\/cuanto-coche\\\/coche-de-la-guardia-civil-de-trafico\\\/#listItem\",\"name\":\"Coche de la guardia civil de tr\\u00e1fico\"},\"previousItem\":{\"@type\":\"ListItem\",\"@id\":\"https:\\\/\\\/dudasytextos.com\\\/cuanto-coche#listItem\",\"name\":\"Inicio\"}},{\"@type\":\"ListItem\",\"@id\":\"https:\\\/\\\/dudasytextos.com\\\/cuanto-coche\\\/coche-de-la-guardia-civil-de-trafico\\\/#listItem\",\"position\":3,\"name\":\"Coche de la guardia civil de tr\\u00e1fico\",\"previousItem\":{\"@type\":\"ListItem\",\"@id\":\"https:\\\/\\\/dudasytextos.com\\\/cuanto-coche\\\/category\\\/coches\\\/#listItem\",\"name\":\"Coches\"}}]},{\"@type\":\"Organization\",\"@id\":\"https:\\\/\\\/dudasytextos.com\\\/cuanto-coche\\\/#organization\",\"name\":\"\\u00bfC\\u00f3mo funciona?\",\"description\":\"Cu\\u00e1nto coche!\",\"url\":\"https:\\\/\\\/dudasytextos.com\\\/cuanto-coche\\\/\"},{\"@type\":\"Person\",\"@id\":\"https:\\\/\\\/dudasytextos.com\\\/cuanto-coche\\\/author\\\/admin44\\\/#author\",\"url\":\"https:\\\/\\\/dudasytextos.com\\\/cuanto-coche\\\/author\\\/admin44\\\/\",\"name\":\"Ana Gonz\\u00e1lez\"},{\"@type\":\"WebPage\",\"@id\":\"https:\\\/\\\/dudasytextos.com\\\/cuanto-coche\\\/coche-de-la-guardia-civil-de-trafico\\\/#webpage\",\"url\":\"https:\\\/\\\/dudasytextos.com\\\/cuanto-coche\\\/coche-de-la-guardia-civil-de-trafico\\\/\",\"name\":\"Coche de la guardia civil de tr\\u00e1fico (2026) Cu\\u00e1nto coche!\",\"description\":\"Coche De La Guardia Civil De Tr\\u00e1fico Curiosidades e informaci\\u00f3n interesante sobre el coche de la Guardia Civil de Tr\\u00e1fico El coche de la Guardia Civil de Tr\\u00e1fico es f\\u00e1cilmente reconocible por su color verde y blanco. El modelo utilizado por la Guardia Civil de Tr\\u00e1fico es el Ford Mondeo. El coche de la Guardia\",\"inLanguage\":\"es-ES\",\"isPartOf\":{\"@id\":\"https:\\\/\\\/dudasytextos.com\\\/cuanto-coche\\\/#website\"},\"breadcrumb\":{\"@id\":\"https:\\\/\\\/dudasytextos.com\\\/cuanto-coche\\\/coche-de-la-guardia-civil-de-trafico\\\/#breadcrumblist\"},\"author\":{\"@id\":\"https:\\\/\\\/dudasytextos.com\\\/cuanto-coche\\\/author\\\/admin44\\\/#author\"},\"creator\":{\"@id\":\"https:\\\/\\\/dudasytextos.com\\\/cuanto-coche\\\/author\\\/admin44\\\/#author\"},\"datePublished\":\"2025-02-22T00:20:21+00:00\",\"dateModified\":\"2025-03-12T19:46:54+00:00\"},{\"@type\":\"WebSite\",\"@id\":\"https:\\\/\\\/dudasytextos.com\\\/cuanto-coche\\\/#website\",\"url\":\"https:\\\/\\\/dudasytextos.com\\\/cuanto-coche\\\/\",\"name\":\"\\u00bfC\\u00f3mo funciona?\",\"description\":\"Cu\\u00e1nto coche!\",\"inLanguage\":\"es-ES\",\"publisher\":{\"@id\":\"https:\\\/\\\/dudasytextos.com\\\/cuanto-coche\\\/#organization\"}}]}\n\t\t<\/script>\n\t\t<!-- All in One SEO -->\n\n","aioseo_head_json":{"title":"Coche de la guardia civil de tr\u00e1fico (2026) Cu\u00e1nto coche!","description":"Coche De La Guardia Civil De Tr\u00e1fico Curiosidades e informaci\u00f3n interesante sobre el coche de la Guardia Civil de Tr\u00e1fico El coche de la Guardia Civil de Tr\u00e1fico es f\u00e1cilmente reconocible por su color verde y blanco. El modelo utilizado por la Guardia Civil de Tr\u00e1fico es el Ford Mondeo. El coche de la Guardia","canonical_url":"https:\/\/dudasytextos.com\/cuanto-coche\/coche-de-la-guardia-civil-de-trafico\/","robots":"max-snippet:-1, max-image-preview:large, max-video-preview:-1","keywords":"","webmasterTools":{"miscellaneous":"&lt;!-- Google tag (gtag.js) --&gt;\n&lt;script async src=\"https:\/\/www.googletagmanager.com\/gtag\/js?id=G-RSY5PMZ1Y5\"&gt;&lt;\/script&gt;\n&lt;script&gt;\n  window.dataLayer = window.dataLayer || [];\n  function gtag(){dataLayer.push(arguments);}\n  gtag('js', new Date());\n\n  gtag('config', 'G-RSY5PMZ1Y5');\n&lt;\/script&gt;\n&lt;script async src=\"https:\/\/pagead2.googlesyndication.com\/pagead\/js\/adsbygoogle.js?client=ca-pub-3987500858204711\"\n     crossorigin=\"anonymous\"&gt;&lt;\/script&gt;"},"schema":{"@context":"https:\/\/schema.org","@graph":[{"@type":"BlogPosting","@id":"https:\/\/dudasytextos.com\/cuanto-coche\/coche-de-la-guardia-civil-de-trafico\/#blogposting","name":"Coche de la guardia civil de tr\u00e1fico (2026) Cu\u00e1nto coche!","headline":"Coche de la guardia civil de tr\u00e1fico","author":{"@id":"https:\/\/dudasytextos.com\/cuanto-coche\/author\/admin44\/#author"},"publisher":{"@id":"https:\/\/dudasytextos.com\/cuanto-coche\/#organization"},"datePublished":"2025-02-22T00:20:21+00:00","dateModified":"2025-03-12T19:46:54+00:00","inLanguage":"es-ES","mainEntityOfPage":{"@id":"https:\/\/dudasytextos.com\/cuanto-coche\/coche-de-la-guardia-civil-de-trafico\/#webpage"},"isPartOf":{"@id":"https:\/\/dudasytextos.com\/cuanto-coche\/coche-de-la-guardia-civil-de-trafico\/#webpage"},"articleSection":"Coches"},{"@type":"BreadcrumbList","@id":"https:\/\/dudasytextos.com\/cuanto-coche\/coche-de-la-guardia-civil-de-trafico\/#breadcrumblist","itemListElement":[{"@type":"ListItem","@id":"https:\/\/dudasytextos.com\/cuanto-coche#listItem","position":1,"name":"Inicio","item":"https:\/\/dudasytextos.com\/cuanto-coche","nextItem":{"@type":"ListItem","@id":"https:\/\/dudasytextos.com\/cuanto-coche\/category\/coches\/#listItem","name":"Coches"}},{"@type":"ListItem","@id":"https:\/\/dudasytextos.com\/cuanto-coche\/category\/coches\/#listItem","position":2,"name":"Coches","item":"https:\/\/dudasytextos.com\/cuanto-coche\/category\/coches\/","nextItem":{"@type":"ListItem","@id":"https:\/\/dudasytextos.com\/cuanto-coche\/coche-de-la-guardia-civil-de-trafico\/#listItem","name":"Coche de la guardia civil de tr\u00e1fico"},"previousItem":{"@type":"ListItem","@id":"https:\/\/dudasytextos.com\/cuanto-coche#listItem","name":"Inicio"}},{"@type":"ListItem","@id":"https:\/\/dudasytextos.com\/cuanto-coche\/coche-de-la-guardia-civil-de-trafico\/#listItem","position":3,"name":"Coche de la guardia civil de tr\u00e1fico","previousItem":{"@type":"ListItem","@id":"https:\/\/dudasytextos.com\/cuanto-coche\/category\/coches\/#listItem","name":"Coches"}}]},{"@type":"Organization","@id":"https:\/\/dudasytextos.com\/cuanto-coche\/#organization","name":"\u00bfC\u00f3mo funciona?","description":"Cu\u00e1nto coche!","url":"https:\/\/dudasytextos.com\/cuanto-coche\/"},{"@type":"Person","@id":"https:\/\/dudasytextos.com\/cuanto-coche\/author\/admin44\/#author","url":"https:\/\/dudasytextos.com\/cuanto-coche\/author\/admin44\/","name":"Ana Gonz\u00e1lez"},{"@type":"WebPage","@id":"https:\/\/dudasytextos.com\/cuanto-coche\/coche-de-la-guardia-civil-de-trafico\/#webpage","url":"https:\/\/dudasytextos.com\/cuanto-coche\/coche-de-la-guardia-civil-de-trafico\/","name":"Coche de la guardia civil de tr\u00e1fico (2026) Cu\u00e1nto coche!","description":"Coche De La Guardia Civil De Tr\u00e1fico Curiosidades e informaci\u00f3n interesante sobre el coche de la Guardia Civil de Tr\u00e1fico El coche de la Guardia Civil de Tr\u00e1fico es f\u00e1cilmente reconocible por su color verde y blanco. El modelo utilizado por la Guardia Civil de Tr\u00e1fico es el Ford Mondeo. El coche de la Guardia","inLanguage":"es-ES","isPartOf":{"@id":"https:\/\/dudasytextos.com\/cuanto-coche\/#website"},"breadcrumb":{"@id":"https:\/\/dudasytextos.com\/cuanto-coche\/coche-de-la-guardia-civil-de-trafico\/#breadcrumblist"},"author":{"@id":"https:\/\/dudasytextos.com\/cuanto-coche\/author\/admin44\/#author"},"creator":{"@id":"https:\/\/dudasytextos.com\/cuanto-coche\/author\/admin44\/#author"},"datePublished":"2025-02-22T00:20:21+00:00","dateModified":"2025-03-12T19:46:54+00:00"},{"@type":"WebSite","@id":"https:\/\/dudasytextos.com\/cuanto-coche\/#website","url":"https:\/\/dudasytextos.com\/cuanto-coche\/","name":"\u00bfC\u00f3mo funciona?","description":"Cu\u00e1nto coche!","inLanguage":"es-ES","publisher":{"@id":"https:\/\/dudasytextos.com\/cuanto-coche\/#organization"}}]},"og:locale":"es_ES","og:site_name":"Cu\u00e1nto coche! - Cu\u00e1nto coche!","og:type":"article","og:title":"Coche de la guardia civil de tr\u00e1fico (2026) Cu\u00e1nto coche!","og:description":"Coche De La Guardia Civil De Tr\u00e1fico Curiosidades e informaci\u00f3n interesante sobre el coche de la Guardia Civil de Tr\u00e1fico El coche de la Guardia Civil de Tr\u00e1fico es f\u00e1cilmente reconocible por su color verde y blanco. El modelo utilizado por la Guardia Civil de Tr\u00e1fico es el Ford Mondeo. El coche de la Guardia","og:url":"https:\/\/dudasytextos.com\/cuanto-coche\/coche-de-la-guardia-civil-de-trafico\/","article:published_time":"2025-02-22T00:20:21+00:00","article:modified_time":"2025-03-12T19:46:54+00:00","twitter:card":"summary_large_image","twitter:title":"Coche de la guardia civil de tr\u00e1fico (2026) Cu\u00e1nto coche!","twitter:description":"Coche De La Guardia Civil De Tr\u00e1fico Curiosidades e informaci\u00f3n interesante sobre el coche de la Guardia Civil de Tr\u00e1fico El coche de la Guardia Civil de Tr\u00e1fico es f\u00e1cilmente reconocible por su color verde y blanco. El modelo utilizado por la Guardia Civil de Tr\u00e1fico es el Ford Mondeo. El coche de la Guardia"},"aioseo_meta_data":{"post_id":"156911","title":null,"description":null,"keywords":null,"keyphrases":null,"primary_term":null,"canonical_url":null,"og_title":null,"og_description":null,"og_object_type":"default","og_image_type":"default","og_image_url":null,"og_image_width":null,"og_image_height":null,"og_image_custom_url":null,"og_image_custom_fields":null,"og_video":null,"og_custom_url":null,"og_article_section":null,"og_article_tags":null,"twitter_use_og":false,"twitter_card":"default","twitter_image_type":"default","twitter_image_url":null,"twitter_image_custom_url":null,"twitter_image_custom_fields":null,"twitter_title":null,"twitter_description":null,"schema":{"blockGraphs":[],"customGraphs":[],"default":{"data":{"Article":[],"Course":[],"Dataset":[],"FAQPage":[],"Movie":[],"Person":[],"Product":[],"ProductReview":[],"Car":[],"Recipe":[],"Service":[],"SoftwareApplication":[],"WebPage":[]},"graphName":"","isEnabled":true},"graphs":[]},"schema_type":"default","schema_type_options":null,"pillar_content":false,"robots_default":true,"robots_noindex":false,"robots_noarchive":false,"robots_nosnippet":false,"robots_nofollow":false,"robots_noimageindex":false,"robots_noodp":false,"robots_notranslate":false,"robots_max_snippet":null,"robots_max_videopreview":null,"robots_max_imagepreview":"large","priority":null,"frequency":null,"local_seo":null,"breadcrumb_settings":null,"limit_modified_date":false,"ai":null,"created":"2023-05-14 09:09:17","updated":"2025-06-04 01:33:03","seo_analyzer_scan_date":null,"focus_keyword":null,"additional_keywords":null,"truseo_locale":null},"aioseo_breadcrumb":"<div class=\"aioseo-breadcrumbs\"><span class=\"aioseo-breadcrumb\">\n\t\t\t<a href=\"https:\/\/dudasytextos.com\/cuanto-coche\" title=\"Inicio\">Inicio<\/a>\n\t\t<\/span><span class=\"aioseo-breadcrumb-separator\">&raquo;<\/span><span class=\"aioseo-breadcrumb\">\n\t\t\t<a href=\"https:\/\/dudasytextos.com\/cuanto-coche\/category\/coches\/\" title=\"Coches\">Coches<\/a>\n\t\t<\/span><span class=\"aioseo-breadcrumb-separator\">&raquo;<\/span><span class=\"aioseo-breadcrumb\">\n\t\t\tCoche de la guardia civil de tr\u00e1fico\n\t\t<\/span><\/div>","aioseo_breadcrumb_json":[{"label":"Inicio","link":"https:\/\/dudasytextos.com\/cuanto-coche"},{"label":"Coches","link":"https:\/\/dudasytextos.com\/cuanto-coche\/category\/coches\/"},{"label":"Coche de la guardia civil de tr\u00e1fico","link":"https:\/\/dudasytextos.com\/cuanto-coche\/coche-de-la-guardia-civil-de-trafico\/"}],"_links":{"self":[{"href":"https:\/\/dudasytextos.com\/cuanto-coche\/wp-json\/wp\/v2\/posts\/156911","targetHints":{"allow":["GET"]}}],"collection":[{"href":"https:\/\/dudasytextos.com\/cuanto-coche\/wp-json\/wp\/v2\/posts"}],"about":[{"href":"https:\/\/dudasytextos.com\/cuanto-coche\/wp-json\/wp\/v2\/types\/post"}],"author":[{"embeddable":true,"href":"https:\/\/dudasytextos.com\/cuanto-coche\/wp-json\/wp\/v2\/users\/1"}],"replies":[{"embeddable":true,"href":"https:\/\/dudasytextos.com\/cuanto-coche\/wp-json\/wp\/v2\/comments?post=156911"}],"version-history":[{"count":1,"href":"https:\/\/dudasytextos.com\/cuanto-coche\/wp-json\/wp\/v2\/posts\/156911\/revisions"}],"predecessor-version":[{"id":162908,"href":"https:\/\/dudasytextos.com\/cuanto-coche\/wp-json\/wp\/v2\/posts\/156911\/revisions\/162908"}],"wp:attachment":[{"href":"https:\/\/dudasytextos.com\/cuanto-coche\/wp-json\/wp\/v2\/media?parent=156911"}],"wp:term":[{"taxonomy":"category","embeddable":true,"href":"https:\/\/dudasytextos.com\/cuanto-coche\/wp-json\/wp\/v2\/categories?post=156911"},{"taxonomy":"post_tag","embeddable":true,"href":"https:\/\/dudasytextos.com\/cuanto-coche\/wp-json\/wp\/v2\/tags?post=156911"}],"curies":[{"name":"wp","href":"https:\/\/api.w.org\/{rel}","templated":true}]}}