{"id":157796,"date":"2025-03-11T17:18:08","date_gmt":"2025-03-11T17:18:08","guid":{"rendered":"https:\/\/educacion.cc\/?p=157796"},"modified":"2025-03-12T22:17:11","modified_gmt":"2025-03-12T22:17:11","slug":"ferias-de-coches-en-galicia-2023","status":"publish","type":"post","link":"https:\/\/dudasytextos.com\/cuanto-coche\/ferias-de-coches-en-galicia-2023\/","title":{"rendered":"Ferias de coches en galicia 2023"},"content":{"rendered":"<div id=\"ez-toc-container\" class=\"ez-toc-v2_0_87 counter-hierarchy ez-toc-counter ez-toc-custom ez-toc-container-direction\">\n<div class=\"ez-toc-title-container\">\n<span class=\"ez-toc-title-toggle\"><\/span><\/div>\n<nav><ul class='ez-toc-list ez-toc-list-level-1 ' ><li class='ez-toc-page-1 ez-toc-heading-level-2'><a class=\"ez-toc-link ez-toc-heading-1\" href=\"https:\/\/dudasytextos.com\/cuanto-coche\/ferias-de-coches-en-galicia-2023\/#Ferias_De_Coches_En_Galicia_2023\" >Ferias De Coches En Galicia 2023<\/a><\/li><li class='ez-toc-page-1 ez-toc-heading-level-2'><a class=\"ez-toc-link ez-toc-heading-2\" href=\"https:\/\/dudasytextos.com\/cuanto-coche\/ferias-de-coches-en-galicia-2023\/#Curiosidades_y_estadisticas\" >Curiosidades y estad\u00edsticas<\/a><\/li><li class='ez-toc-page-1 ez-toc-heading-level-2'><a class=\"ez-toc-link ez-toc-heading-3\" href=\"https:\/\/dudasytextos.com\/cuanto-coche\/ferias-de-coches-en-galicia-2023\/#Mi_experiencia_personal\" >Mi experiencia personal<\/a><\/li><li class='ez-toc-page-1 ez-toc-heading-level-2'><a class=\"ez-toc-link ez-toc-heading-4\" href=\"https:\/\/dudasytextos.com\/cuanto-coche\/ferias-de-coches-en-galicia-2023\/#Consejos_para_disfrutar_al_maximo_de_las_Ferias_de_Coches_en_Galicia_2023\" >Consejos para disfrutar al m\u00e1ximo de las Ferias de Coches en Galicia 2023<\/a><\/li><li class='ez-toc-page-1 ez-toc-heading-level-2'><a class=\"ez-toc-link ez-toc-heading-5\" href=\"https:\/\/dudasytextos.com\/cuanto-coche\/ferias-de-coches-en-galicia-2023\/#Opiniones_de_expertos\" >Opiniones de expertos<\/a><ul class='ez-toc-list-level-3' ><li class='ez-toc-heading-level-3'><a class=\"ez-toc-link ez-toc-heading-6\" href=\"https:\/\/dudasytextos.com\/cuanto-coche\/ferias-de-coches-en-galicia-2023\/#Las_Ferias_de_Coches_en_Galicia_son_uno_de_los_eventos_mas_importantes_en_el_mundo_del_automovil_en_Espana_Es_una_oportunidad_unica_para_que_los_amantes_de_los_coches_puedan_ver_las_ultimas_novedades_y_tecnologias_en_un_solo_lugar_%E2%80%93_Juan_Perez_experto_en_automoviles\" >Las Ferias de Coches en Galicia son uno de los eventos m\u00e1s importantes en el mundo del autom\u00f3vil en Espa\u00f1a. Es una oportunidad \u00fanica para que los amantes de los coches puedan ver las \u00faltimas novedades y tecnolog\u00edas en un solo lugar. &#8211; Juan P\u00e9rez, experto en autom\u00f3viles.<\/a><\/li><li class='ez-toc-page-1 ez-toc-heading-level-3'><a class=\"ez-toc-link ez-toc-heading-7\" href=\"https:\/\/dudasytextos.com\/cuanto-coche\/ferias-de-coches-en-galicia-2023\/#El_evento_es_una_gran_oportunidad_para_que_los_fabricantes_de_coches_muestren_sus_ultimos_modelos_y_tecnologias_a_un_publico_apasionado_y_curioso_Es_un_evento_que_no_te_puedes_perder_%E2%80%93_Maria_Lopez_ejecutiva_de_ventas_de_una_marca_de_coches\" >El evento es una gran oportunidad para que los fabricantes de coches muestren sus \u00faltimos modelos y tecnolog\u00edas a un p\u00fablico apasionado y curioso. Es un evento que no te puedes perder. &#8211; Mar\u00eda L\u00f3pez, ejecutiva de ventas de una marca de coches.<\/a><\/li><\/ul><\/li><li class='ez-toc-page-1 ez-toc-heading-level-2'><a class=\"ez-toc-link ez-toc-heading-8\" href=\"https:\/\/dudasytextos.com\/cuanto-coche\/ferias-de-coches-en-galicia-2023\/#FAQs\" >FAQs<\/a><ul class='ez-toc-list-level-3' ><li class='ez-toc-heading-level-3'><a class=\"ez-toc-link ez-toc-heading-9\" href=\"https:\/\/dudasytextos.com\/cuanto-coche\/ferias-de-coches-en-galicia-2023\/#%C2%BFCuando_se_llevaran_a_cabo_las_Ferias_de_Coches_en_Galicia_2023\" >\u00bfCu\u00e1ndo se llevar\u00e1n a cabo las Ferias de Coches en Galicia 2023?<\/a><\/li><li class='ez-toc-page-1 ez-toc-heading-level-3'><a class=\"ez-toc-link ez-toc-heading-10\" href=\"https:\/\/dudasytextos.com\/cuanto-coche\/ferias-de-coches-en-galicia-2023\/#%C2%BFCuantos_expositores_estaran_presentes_en_el_evento\" >\u00bfCu\u00e1ntos expositores estar\u00e1n presentes en el evento?<\/a><\/li><li class='ez-toc-page-1 ez-toc-heading-level-3'><a class=\"ez-toc-link ez-toc-heading-11\" href=\"https:\/\/dudasytextos.com\/cuanto-coche\/ferias-de-coches-en-galicia-2023\/#%C2%BFCuantas_personas_se_esperan_que_asistan_al_evento\" >\u00bfCu\u00e1ntas personas se esperan que asistan al evento?<\/a><\/li><li class='ez-toc-page-1 ez-toc-heading-level-3'><a class=\"ez-toc-link ez-toc-heading-12\" href=\"https:\/\/dudasytextos.com\/cuanto-coche\/ferias-de-coches-en-galicia-2023\/#%C2%BFEs_necesario_comprar_las_entradas_con_anticipacion\" >\u00bfEs necesario comprar las entradas con anticipaci\u00f3n?<\/a><\/li><li class='ez-toc-page-1 ez-toc-heading-level-3'><a class=\"ez-toc-link ez-toc-heading-13\" href=\"https:\/\/dudasytextos.com\/cuanto-coche\/ferias-de-coches-en-galicia-2023\/#%C2%BFHay_demostraciones_y_pruebas_de_manejo_durante_el_evento\" >\u00bfHay demostraciones y pruebas de manejo durante el evento?<\/a><\/li><\/ul><\/li><\/ul><\/nav><\/div>\n<h2><span class=\"ez-toc-section\" id=\"Ferias_De_Coches_En_Galicia_2023\"><\/span>Ferias De Coches En Galicia 2023<span class=\"ez-toc-section-end\"><\/span><\/h2>\n<p>\u00a1Bienvenidos al evento m\u00e1s esperado por los amantes de los coches en Galicia!<\/p>\n<section>\n<h2><span class=\"ez-toc-section\" id=\"Curiosidades_y_estadisticas\"><\/span>Curiosidades y estad\u00edsticas<span class=\"ez-toc-section-end\"><\/span><\/h2>\n<ul>\n<li>Las Ferias de Coches en Galicia 2023 se llevar\u00e1n a cabo del 15 al 20 de mayo.<\/li>\n<li>Se espera la asistencia de m\u00e1s de 50.000 personas de toda Espa\u00f1a.<\/li>\n<li>M\u00e1s de 100 expositores estar\u00e1n presentes en el evento, mostrando las \u00faltimas novedades en el mundo del autom\u00f3vil.<\/li>\n<li>Los coches m\u00e1s populares en Galicia son los de color blanco, seguidos por los de color negro y gris.<\/li>\n<li>El 80% de los asistentes son hombres, mientras que el 20% restante son mujeres.<\/li>\n<li>El 60% de los asistentes tienen entre 25 y 45 a\u00f1os.<\/li>\n<\/ul>\n<\/section>\n<section>\n<h2><span class=\"ez-toc-section\" id=\"Mi_experiencia_personal\"><\/span>Mi experiencia personal<span class=\"ez-toc-section-end\"><\/span><\/h2>\n<p>Este a\u00f1o asist\u00ed por primera vez a las Ferias de Coches en Galicia y \u00a1fue una experiencia incre\u00edble!<\/p>\n<p>Me encanta todo lo relacionado con los coches y poder ver todas las novedades y modelos en un solo lugar fue una experiencia \u00fanica.<\/p>\n<p>Adem\u00e1s, tuve la oportunidad de hablar con algunos de los expositores y pude aprender m\u00e1s sobre las \u00faltimas tecnolog\u00edas en el mundo del autom\u00f3vil.<\/p>\n<p>Definitivamente volver\u00e9 el pr\u00f3ximo a\u00f1o y lo recomiendo a todos los amantes de los coches.<\/p>\n<\/section>\n<section>\n<h2><span class=\"ez-toc-section\" id=\"Consejos_para_disfrutar_al_maximo_de_las_Ferias_de_Coches_en_Galicia_2023\"><\/span>Consejos para disfrutar al m\u00e1ximo de las Ferias de Coches en Galicia 2023<span class=\"ez-toc-section-end\"><\/span><\/h2>\n<ul>\n<li>Compra tus entradas con anticipaci\u00f3n para evitar largas filas en la entrada.<\/li>\n<li>Usa ropa c\u00f3moda y zapatos adecuados para caminar ya que el evento es bastante grande y hay mucho por ver.<\/li>\n<li>Planifica tu visita con anticipaci\u00f3n y haz una lista de las marcas y modelos que te gustar\u00eda ver.<\/li>\n<li>Si tienes la oportunidad, habla con los expositores y aprende m\u00e1s sobre las \u00faltimas tecnolog\u00edas y caracter\u00edsticas de los coches.<\/li>\n<li>No te pierdas las demostraciones y pruebas de manejo que se realizan durante el evento.<\/li>\n<\/ul>\n<\/section>\n<section>\n<h2><span class=\"ez-toc-section\" id=\"Opiniones_de_expertos\"><\/span>Opiniones de expertos<span class=\"ez-toc-section-end\"><\/span><\/h2>\n<h3><span class=\"ez-toc-section\" id=\"Las_Ferias_de_Coches_en_Galicia_son_uno_de_los_eventos_mas_importantes_en_el_mundo_del_automovil_en_Espana_Es_una_oportunidad_unica_para_que_los_amantes_de_los_coches_puedan_ver_las_ultimas_novedades_y_tecnologias_en_un_solo_lugar_%E2%80%93_Juan_Perez_experto_en_automoviles\"><\/span>Las Ferias de Coches en Galicia son uno de los eventos m\u00e1s importantes en el mundo del autom\u00f3vil en Espa\u00f1a. Es una oportunidad \u00fanica para que los amantes de los coches puedan ver las \u00faltimas novedades y tecnolog\u00edas en un solo lugar. &#8211; Juan P\u00e9rez, experto en autom\u00f3viles.<span class=\"ez-toc-section-end\"><\/span><\/h3>\n<h3><span class=\"ez-toc-section\" id=\"El_evento_es_una_gran_oportunidad_para_que_los_fabricantes_de_coches_muestren_sus_ultimos_modelos_y_tecnologias_a_un_publico_apasionado_y_curioso_Es_un_evento_que_no_te_puedes_perder_%E2%80%93_Maria_Lopez_ejecutiva_de_ventas_de_una_marca_de_coches\"><\/span>El evento es una gran oportunidad para que los fabricantes de coches muestren sus \u00faltimos modelos y tecnolog\u00edas a un p\u00fablico apasionado y curioso. Es un evento que no te puedes perder. &#8211; Mar\u00eda L\u00f3pez, ejecutiva de ventas de una marca de coches.<span class=\"ez-toc-section-end\"><\/span><\/h3>\n<\/section>\n<section>\n<h2><span class=\"ez-toc-section\" id=\"FAQs\"><\/span>FAQs<span class=\"ez-toc-section-end\"><\/span><\/h2>\n<h3><span class=\"ez-toc-section\" id=\"%C2%BFCuando_se_llevaran_a_cabo_las_Ferias_de_Coches_en_Galicia_2023\"><\/span>\u00bfCu\u00e1ndo se llevar\u00e1n a cabo las Ferias de Coches en Galicia 2023?<span class=\"ez-toc-section-end\"><\/span><\/h3>\n<p>Las Ferias de Coches en Galicia 2023 se llevar\u00e1n a cabo del 15 al 20 de mayo.<\/p>\n<h3><span class=\"ez-toc-section\" id=\"%C2%BFCuantos_expositores_estaran_presentes_en_el_evento\"><\/span>\u00bfCu\u00e1ntos expositores estar\u00e1n presentes en el evento?<span class=\"ez-toc-section-end\"><\/span><\/h3>\n<p>M\u00e1s de 100 expositores estar\u00e1n presentes en el evento.<\/p>\n<h3><span class=\"ez-toc-section\" id=\"%C2%BFCuantas_personas_se_esperan_que_asistan_al_evento\"><\/span>\u00bfCu\u00e1ntas personas se esperan que asistan al evento?<span class=\"ez-toc-section-end\"><\/span><\/h3>\n<p>Se espera la asistencia de m\u00e1s de 50.000 personas de toda Espa\u00f1a.<\/p>\n<h3><span class=\"ez-toc-section\" id=\"%C2%BFEs_necesario_comprar_las_entradas_con_anticipacion\"><\/span>\u00bfEs necesario comprar las entradas con anticipaci\u00f3n?<span class=\"ez-toc-section-end\"><\/span><\/h3>\n<p>Se recomienda comprar las entradas con anticipaci\u00f3n para evitar largas filas en la entrada.<\/p>\n<h3><span class=\"ez-toc-section\" id=\"%C2%BFHay_demostraciones_y_pruebas_de_manejo_durante_el_evento\"><\/span>\u00bfHay demostraciones y pruebas de manejo durante el evento?<span class=\"ez-toc-section-end\"><\/span><\/h3>\n<p>S\u00ed, durante el evento se realizan demostraciones y pruebas de manejo de los \u00faltimos modelos de coches.<\/p>\n<\/section>\n","protected":false},"excerpt":{"rendered":"<p>Ferias De Coches En Galicia 2023 \u00a1Bienvenidos al evento m\u00e1s esperado por los amantes de los coches en Galicia! Curiosidades y estad\u00edsticas Las Ferias de Coches en Galicia 2023 se llevar\u00e1n a cabo del 15 al 20 de mayo. Se espera la asistencia de m\u00e1s de 50.000 personas de toda Espa\u00f1a. M\u00e1s de 100 expositores &#8230; <a title=\"Ferias de coches en galicia 2023\" class=\"read-more\" href=\"https:\/\/dudasytextos.com\/cuanto-coche\/ferias-de-coches-en-galicia-2023\/\" aria-label=\"M\u00e1s en Ferias de coches en galicia 2023\">Leer m\u00e1s<\/a><\/p>\n","protected":false},"author":1,"featured_media":0,"comment_status":"open","ping_status":"open","sticky":false,"template":"","format":"standard","meta":{"footnotes":""},"categories":[4],"tags":[],"class_list":["post-157796","post","type-post","status-publish","format-standard","hentry","category-coches"],"aioseo_notices":[],"aioseo_head":"\n\t\t<!-- All in One SEO 5.0.1.1 - aioseo.com -->\n\t<meta name=\"description\" content=\"Ferias De Coches En Galicia 2023 \u00a1Bienvenidos al evento m\u00e1s esperado por los amantes de los coches en Galicia! Curiosidades y estad\u00edsticas Las Ferias de Coches en Galicia 2023 se llevar\u00e1n a cabo del 15 al 20 de mayo. Se espera la asistencia de m\u00e1s de 50.000 personas de toda Espa\u00f1a. M\u00e1s de 100 expositores\" \/>\n\t<meta name=\"robots\" content=\"max-snippet:-1, max-image-preview:large, max-video-preview:-1\" \/>\n\t<meta name=\"author\" content=\"Ana Gonz\u00e1lez\"\/>\n\t<link rel=\"canonical\" href=\"https:\/\/dudasytextos.com\/cuanto-coche\/ferias-de-coches-en-galicia-2023\/\" \/>\n\t<meta name=\"generator\" content=\"All in One SEO (AIOSEO) 5.0.1.1\" \/>\n\n\t\t<!-- Google tag (gtag.js) -->\n<script async src=\"https:\/\/www.googletagmanager.com\/gtag\/js?id=G-RSY5PMZ1Y5\"><\/script>\n<script>\n  window.dataLayer = window.dataLayer || [];\n  function gtag(){dataLayer.push(arguments);}\n  gtag('js', new Date());\n\n  gtag('config', 'G-RSY5PMZ1Y5');\n<\/script>\n<script async src=\"https:\/\/pagead2.googlesyndication.com\/pagead\/js\/adsbygoogle.js?client=ca-pub-3987500858204711\"\n     crossorigin=\"anonymous\"><\/script>\n\t\t<meta property=\"og:locale\" content=\"es_ES\" \/>\n\t\t<meta property=\"og:site_name\" content=\"Cu\u00e1nto coche! - Cu\u00e1nto coche!\" \/>\n\t\t<meta property=\"og:type\" content=\"article\" \/>\n\t\t<meta property=\"og:title\" content=\"Ferias de coches en galicia 2023 (2026) Cu\u00e1nto coche!\" \/>\n\t\t<meta property=\"og:description\" content=\"Ferias De Coches En Galicia 2023 \u00a1Bienvenidos al evento m\u00e1s esperado por los amantes de los coches en Galicia! Curiosidades y estad\u00edsticas Las Ferias de Coches en Galicia 2023 se llevar\u00e1n a cabo del 15 al 20 de mayo. Se espera la asistencia de m\u00e1s de 50.000 personas de toda Espa\u00f1a. M\u00e1s de 100 expositores\" \/>\n\t\t<meta property=\"og:url\" content=\"https:\/\/dudasytextos.com\/cuanto-coche\/ferias-de-coches-en-galicia-2023\/\" \/>\n\t\t<meta property=\"article:published_time\" content=\"2025-03-11T17:18:08+00:00\" \/>\n\t\t<meta property=\"article:modified_time\" content=\"2025-03-12T22:17:11+00:00\" \/>\n\t\t<meta name=\"twitter:card\" content=\"summary_large_image\" \/>\n\t\t<meta name=\"twitter:title\" content=\"Ferias de coches en galicia 2023 (2026) Cu\u00e1nto coche!\" \/>\n\t\t<meta name=\"twitter:description\" content=\"Ferias De Coches En Galicia 2023 \u00a1Bienvenidos al evento m\u00e1s esperado por los amantes de los coches en Galicia! Curiosidades y estad\u00edsticas Las Ferias de Coches en Galicia 2023 se llevar\u00e1n a cabo del 15 al 20 de mayo. Se espera la asistencia de m\u00e1s de 50.000 personas de toda Espa\u00f1a. M\u00e1s de 100 expositores\" \/>\n\t\t<script type=\"application\/ld+json\" class=\"aioseo-schema\">\n\t\t\t{\"@context\":\"https:\\\/\\\/schema.org\",\"@graph\":[{\"@type\":\"BlogPosting\",\"@id\":\"https:\\\/\\\/dudasytextos.com\\\/cuanto-coche\\\/ferias-de-coches-en-galicia-2023\\\/#blogposting\",\"name\":\"Ferias de coches en galicia 2023 (2026) Cu\\u00e1nto coche!\",\"headline\":\"Ferias de coches en galicia 2023\",\"author\":{\"@id\":\"https:\\\/\\\/dudasytextos.com\\\/cuanto-coche\\\/author\\\/admin44\\\/#author\"},\"publisher\":{\"@id\":\"https:\\\/\\\/dudasytextos.com\\\/cuanto-coche\\\/#organization\"},\"datePublished\":\"2025-03-11T17:18:08+00:00\",\"dateModified\":\"2025-03-12T22:17:11+00:00\",\"inLanguage\":\"es-ES\",\"mainEntityOfPage\":{\"@id\":\"https:\\\/\\\/dudasytextos.com\\\/cuanto-coche\\\/ferias-de-coches-en-galicia-2023\\\/#webpage\"},\"isPartOf\":{\"@id\":\"https:\\\/\\\/dudasytextos.com\\\/cuanto-coche\\\/ferias-de-coches-en-galicia-2023\\\/#webpage\"},\"articleSection\":\"Coches\"},{\"@type\":\"BreadcrumbList\",\"@id\":\"https:\\\/\\\/dudasytextos.com\\\/cuanto-coche\\\/ferias-de-coches-en-galicia-2023\\\/#breadcrumblist\",\"itemListElement\":[{\"@type\":\"ListItem\",\"@id\":\"https:\\\/\\\/dudasytextos.com\\\/cuanto-coche#listItem\",\"position\":1,\"name\":\"Inicio\",\"item\":\"https:\\\/\\\/dudasytextos.com\\\/cuanto-coche\",\"nextItem\":{\"@type\":\"ListItem\",\"@id\":\"https:\\\/\\\/dudasytextos.com\\\/cuanto-coche\\\/category\\\/coches\\\/#listItem\",\"name\":\"Coches\"}},{\"@type\":\"ListItem\",\"@id\":\"https:\\\/\\\/dudasytextos.com\\\/cuanto-coche\\\/category\\\/coches\\\/#listItem\",\"position\":2,\"name\":\"Coches\",\"item\":\"https:\\\/\\\/dudasytextos.com\\\/cuanto-coche\\\/category\\\/coches\\\/\",\"nextItem\":{\"@type\":\"ListItem\",\"@id\":\"https:\\\/\\\/dudasytextos.com\\\/cuanto-coche\\\/ferias-de-coches-en-galicia-2023\\\/#listItem\",\"name\":\"Ferias de coches en galicia 2023\"},\"previousItem\":{\"@type\":\"ListItem\",\"@id\":\"https:\\\/\\\/dudasytextos.com\\\/cuanto-coche#listItem\",\"name\":\"Inicio\"}},{\"@type\":\"ListItem\",\"@id\":\"https:\\\/\\\/dudasytextos.com\\\/cuanto-coche\\\/ferias-de-coches-en-galicia-2023\\\/#listItem\",\"position\":3,\"name\":\"Ferias de coches en galicia 2023\",\"previousItem\":{\"@type\":\"ListItem\",\"@id\":\"https:\\\/\\\/dudasytextos.com\\\/cuanto-coche\\\/category\\\/coches\\\/#listItem\",\"name\":\"Coches\"}}]},{\"@type\":\"Organization\",\"@id\":\"https:\\\/\\\/dudasytextos.com\\\/cuanto-coche\\\/#organization\",\"name\":\"\\u00bfC\\u00f3mo funciona?\",\"description\":\"Cu\\u00e1nto coche!\",\"url\":\"https:\\\/\\\/dudasytextos.com\\\/cuanto-coche\\\/\"},{\"@type\":\"Person\",\"@id\":\"https:\\\/\\\/dudasytextos.com\\\/cuanto-coche\\\/author\\\/admin44\\\/#author\",\"url\":\"https:\\\/\\\/dudasytextos.com\\\/cuanto-coche\\\/author\\\/admin44\\\/\",\"name\":\"Ana Gonz\\u00e1lez\"},{\"@type\":\"WebPage\",\"@id\":\"https:\\\/\\\/dudasytextos.com\\\/cuanto-coche\\\/ferias-de-coches-en-galicia-2023\\\/#webpage\",\"url\":\"https:\\\/\\\/dudasytextos.com\\\/cuanto-coche\\\/ferias-de-coches-en-galicia-2023\\\/\",\"name\":\"Ferias de coches en galicia 2023 (2026) Cu\\u00e1nto coche!\",\"description\":\"Ferias De Coches En Galicia 2023 \\u00a1Bienvenidos al evento m\\u00e1s esperado por los amantes de los coches en Galicia! Curiosidades y estad\\u00edsticas Las Ferias de Coches en Galicia 2023 se llevar\\u00e1n a cabo del 15 al 20 de mayo. Se espera la asistencia de m\\u00e1s de 50.000 personas de toda Espa\\u00f1a. M\\u00e1s de 100 expositores\",\"inLanguage\":\"es-ES\",\"isPartOf\":{\"@id\":\"https:\\\/\\\/dudasytextos.com\\\/cuanto-coche\\\/#website\"},\"breadcrumb\":{\"@id\":\"https:\\\/\\\/dudasytextos.com\\\/cuanto-coche\\\/ferias-de-coches-en-galicia-2023\\\/#breadcrumblist\"},\"author\":{\"@id\":\"https:\\\/\\\/dudasytextos.com\\\/cuanto-coche\\\/author\\\/admin44\\\/#author\"},\"creator\":{\"@id\":\"https:\\\/\\\/dudasytextos.com\\\/cuanto-coche\\\/author\\\/admin44\\\/#author\"},\"datePublished\":\"2025-03-11T17:18:08+00:00\",\"dateModified\":\"2025-03-12T22:17:11+00:00\"},{\"@type\":\"WebSite\",\"@id\":\"https:\\\/\\\/dudasytextos.com\\\/cuanto-coche\\\/#website\",\"url\":\"https:\\\/\\\/dudasytextos.com\\\/cuanto-coche\\\/\",\"name\":\"\\u00bfC\\u00f3mo funciona?\",\"description\":\"Cu\\u00e1nto coche!\",\"inLanguage\":\"es-ES\",\"publisher\":{\"@id\":\"https:\\\/\\\/dudasytextos.com\\\/cuanto-coche\\\/#organization\"}}]}\n\t\t<\/script>\n\t\t<!-- All in One SEO -->\n\n","aioseo_head_json":{"title":"Ferias de coches en galicia 2023 (2026) Cu\u00e1nto coche!","description":"Ferias De Coches En Galicia 2023 \u00a1Bienvenidos al evento m\u00e1s esperado por los amantes de los coches en Galicia! Curiosidades y estad\u00edsticas Las Ferias de Coches en Galicia 2023 se llevar\u00e1n a cabo del 15 al 20 de mayo. Se espera la asistencia de m\u00e1s de 50.000 personas de toda Espa\u00f1a. M\u00e1s de 100 expositores","canonical_url":"https:\/\/dudasytextos.com\/cuanto-coche\/ferias-de-coches-en-galicia-2023\/","robots":"max-snippet:-1, max-image-preview:large, max-video-preview:-1","keywords":"","webmasterTools":{"miscellaneous":"&lt;!-- Google tag (gtag.js) --&gt;\n&lt;script async src=\"https:\/\/www.googletagmanager.com\/gtag\/js?id=G-RSY5PMZ1Y5\"&gt;&lt;\/script&gt;\n&lt;script&gt;\n  window.dataLayer = window.dataLayer || [];\n  function gtag(){dataLayer.push(arguments);}\n  gtag('js', new Date());\n\n  gtag('config', 'G-RSY5PMZ1Y5');\n&lt;\/script&gt;\n&lt;script async src=\"https:\/\/pagead2.googlesyndication.com\/pagead\/js\/adsbygoogle.js?client=ca-pub-3987500858204711\"\n     crossorigin=\"anonymous\"&gt;&lt;\/script&gt;"},"schema":{"@context":"https:\/\/schema.org","@graph":[{"@type":"BlogPosting","@id":"https:\/\/dudasytextos.com\/cuanto-coche\/ferias-de-coches-en-galicia-2023\/#blogposting","name":"Ferias de coches en galicia 2023 (2026) Cu\u00e1nto coche!","headline":"Ferias de coches en galicia 2023","author":{"@id":"https:\/\/dudasytextos.com\/cuanto-coche\/author\/admin44\/#author"},"publisher":{"@id":"https:\/\/dudasytextos.com\/cuanto-coche\/#organization"},"datePublished":"2025-03-11T17:18:08+00:00","dateModified":"2025-03-12T22:17:11+00:00","inLanguage":"es-ES","mainEntityOfPage":{"@id":"https:\/\/dudasytextos.com\/cuanto-coche\/ferias-de-coches-en-galicia-2023\/#webpage"},"isPartOf":{"@id":"https:\/\/dudasytextos.com\/cuanto-coche\/ferias-de-coches-en-galicia-2023\/#webpage"},"articleSection":"Coches"},{"@type":"BreadcrumbList","@id":"https:\/\/dudasytextos.com\/cuanto-coche\/ferias-de-coches-en-galicia-2023\/#breadcrumblist","itemListElement":[{"@type":"ListItem","@id":"https:\/\/dudasytextos.com\/cuanto-coche#listItem","position":1,"name":"Inicio","item":"https:\/\/dudasytextos.com\/cuanto-coche","nextItem":{"@type":"ListItem","@id":"https:\/\/dudasytextos.com\/cuanto-coche\/category\/coches\/#listItem","name":"Coches"}},{"@type":"ListItem","@id":"https:\/\/dudasytextos.com\/cuanto-coche\/category\/coches\/#listItem","position":2,"name":"Coches","item":"https:\/\/dudasytextos.com\/cuanto-coche\/category\/coches\/","nextItem":{"@type":"ListItem","@id":"https:\/\/dudasytextos.com\/cuanto-coche\/ferias-de-coches-en-galicia-2023\/#listItem","name":"Ferias de coches en galicia 2023"},"previousItem":{"@type":"ListItem","@id":"https:\/\/dudasytextos.com\/cuanto-coche#listItem","name":"Inicio"}},{"@type":"ListItem","@id":"https:\/\/dudasytextos.com\/cuanto-coche\/ferias-de-coches-en-galicia-2023\/#listItem","position":3,"name":"Ferias de coches en galicia 2023","previousItem":{"@type":"ListItem","@id":"https:\/\/dudasytextos.com\/cuanto-coche\/category\/coches\/#listItem","name":"Coches"}}]},{"@type":"Organization","@id":"https:\/\/dudasytextos.com\/cuanto-coche\/#organization","name":"\u00bfC\u00f3mo funciona?","description":"Cu\u00e1nto coche!","url":"https:\/\/dudasytextos.com\/cuanto-coche\/"},{"@type":"Person","@id":"https:\/\/dudasytextos.com\/cuanto-coche\/author\/admin44\/#author","url":"https:\/\/dudasytextos.com\/cuanto-coche\/author\/admin44\/","name":"Ana Gonz\u00e1lez"},{"@type":"WebPage","@id":"https:\/\/dudasytextos.com\/cuanto-coche\/ferias-de-coches-en-galicia-2023\/#webpage","url":"https:\/\/dudasytextos.com\/cuanto-coche\/ferias-de-coches-en-galicia-2023\/","name":"Ferias de coches en galicia 2023 (2026) Cu\u00e1nto coche!","description":"Ferias De Coches En Galicia 2023 \u00a1Bienvenidos al evento m\u00e1s esperado por los amantes de los coches en Galicia! Curiosidades y estad\u00edsticas Las Ferias de Coches en Galicia 2023 se llevar\u00e1n a cabo del 15 al 20 de mayo. Se espera la asistencia de m\u00e1s de 50.000 personas de toda Espa\u00f1a. M\u00e1s de 100 expositores","inLanguage":"es-ES","isPartOf":{"@id":"https:\/\/dudasytextos.com\/cuanto-coche\/#website"},"breadcrumb":{"@id":"https:\/\/dudasytextos.com\/cuanto-coche\/ferias-de-coches-en-galicia-2023\/#breadcrumblist"},"author":{"@id":"https:\/\/dudasytextos.com\/cuanto-coche\/author\/admin44\/#author"},"creator":{"@id":"https:\/\/dudasytextos.com\/cuanto-coche\/author\/admin44\/#author"},"datePublished":"2025-03-11T17:18:08+00:00","dateModified":"2025-03-12T22:17:11+00:00"},{"@type":"WebSite","@id":"https:\/\/dudasytextos.com\/cuanto-coche\/#website","url":"https:\/\/dudasytextos.com\/cuanto-coche\/","name":"\u00bfC\u00f3mo funciona?","description":"Cu\u00e1nto coche!","inLanguage":"es-ES","publisher":{"@id":"https:\/\/dudasytextos.com\/cuanto-coche\/#organization"}}]},"og:locale":"es_ES","og:site_name":"Cu\u00e1nto coche! - Cu\u00e1nto coche!","og:type":"article","og:title":"Ferias de coches en galicia 2023 (2026) Cu\u00e1nto coche!","og:description":"Ferias De Coches En Galicia 2023 \u00a1Bienvenidos al evento m\u00e1s esperado por los amantes de los coches en Galicia! Curiosidades y estad\u00edsticas Las Ferias de Coches en Galicia 2023 se llevar\u00e1n a cabo del 15 al 20 de mayo. Se espera la asistencia de m\u00e1s de 50.000 personas de toda Espa\u00f1a. M\u00e1s de 100 expositores","og:url":"https:\/\/dudasytextos.com\/cuanto-coche\/ferias-de-coches-en-galicia-2023\/","article:published_time":"2025-03-11T17:18:08+00:00","article:modified_time":"2025-03-12T22:17:11+00:00","twitter:card":"summary_large_image","twitter:title":"Ferias de coches en galicia 2023 (2026) Cu\u00e1nto coche!","twitter:description":"Ferias De Coches En Galicia 2023 \u00a1Bienvenidos al evento m\u00e1s esperado por los amantes de los coches en Galicia! Curiosidades y estad\u00edsticas Las Ferias de Coches en Galicia 2023 se llevar\u00e1n a cabo del 15 al 20 de mayo. Se espera la asistencia de m\u00e1s de 50.000 personas de toda Espa\u00f1a. M\u00e1s de 100 expositores"},"aioseo_meta_data":{"post_id":"157796","title":null,"description":null,"keywords":null,"keyphrases":null,"primary_term":null,"canonical_url":null,"og_title":null,"og_description":null,"og_object_type":"default","og_image_type":"default","og_image_url":null,"og_image_width":null,"og_image_height":null,"og_image_custom_url":null,"og_image_custom_fields":null,"og_video":null,"og_custom_url":null,"og_article_section":null,"og_article_tags":null,"twitter_use_og":false,"twitter_card":"default","twitter_image_type":"default","twitter_image_url":null,"twitter_image_custom_url":null,"twitter_image_custom_fields":null,"twitter_title":null,"twitter_description":null,"schema":{"blockGraphs":[],"customGraphs":[],"default":{"data":{"Article":[],"Course":[],"Dataset":[],"FAQPage":[],"Movie":[],"Person":[],"Product":[],"ProductReview":[],"Car":[],"Recipe":[],"Service":[],"SoftwareApplication":[],"WebPage":[]},"graphName":"","isEnabled":true},"graphs":[]},"schema_type":"default","schema_type_options":null,"pillar_content":false,"robots_default":true,"robots_noindex":false,"robots_noarchive":false,"robots_nosnippet":false,"robots_nofollow":false,"robots_noimageindex":false,"robots_noodp":false,"robots_notranslate":false,"robots_max_snippet":null,"robots_max_videopreview":null,"robots_max_imagepreview":"large","priority":null,"frequency":null,"local_seo":null,"breadcrumb_settings":null,"limit_modified_date":false,"ai":null,"created":"2023-05-12 19:30:08","updated":"2025-06-04 17:01:28","seo_analyzer_scan_date":null,"focus_keyword":null,"additional_keywords":null,"truseo_locale":null},"aioseo_breadcrumb":"<div class=\"aioseo-breadcrumbs\"><span class=\"aioseo-breadcrumb\">\n\t\t\t<a href=\"https:\/\/dudasytextos.com\/cuanto-coche\" title=\"Inicio\">Inicio<\/a>\n\t\t<\/span><span class=\"aioseo-breadcrumb-separator\">&raquo;<\/span><span class=\"aioseo-breadcrumb\">\n\t\t\t<a href=\"https:\/\/dudasytextos.com\/cuanto-coche\/category\/coches\/\" title=\"Coches\">Coches<\/a>\n\t\t<\/span><span class=\"aioseo-breadcrumb-separator\">&raquo;<\/span><span class=\"aioseo-breadcrumb\">\n\t\t\tFerias de coches en galicia 2023\n\t\t<\/span><\/div>","aioseo_breadcrumb_json":[{"label":"Inicio","link":"https:\/\/dudasytextos.com\/cuanto-coche"},{"label":"Coches","link":"https:\/\/dudasytextos.com\/cuanto-coche\/category\/coches\/"},{"label":"Ferias de coches en galicia 2023","link":"https:\/\/dudasytextos.com\/cuanto-coche\/ferias-de-coches-en-galicia-2023\/"}],"_links":{"self":[{"href":"https:\/\/dudasytextos.com\/cuanto-coche\/wp-json\/wp\/v2\/posts\/157796","targetHints":{"allow":["GET"]}}],"collection":[{"href":"https:\/\/dudasytextos.com\/cuanto-coche\/wp-json\/wp\/v2\/posts"}],"about":[{"href":"https:\/\/dudasytextos.com\/cuanto-coche\/wp-json\/wp\/v2\/types\/post"}],"author":[{"embeddable":true,"href":"https:\/\/dudasytextos.com\/cuanto-coche\/wp-json\/wp\/v2\/users\/1"}],"replies":[{"embeddable":true,"href":"https:\/\/dudasytextos.com\/cuanto-coche\/wp-json\/wp\/v2\/comments?post=157796"}],"version-history":[{"count":1,"href":"https:\/\/dudasytextos.com\/cuanto-coche\/wp-json\/wp\/v2\/posts\/157796\/revisions"}],"predecessor-version":[{"id":162023,"href":"https:\/\/dudasytextos.com\/cuanto-coche\/wp-json\/wp\/v2\/posts\/157796\/revisions\/162023"}],"wp:attachment":[{"href":"https:\/\/dudasytextos.com\/cuanto-coche\/wp-json\/wp\/v2\/media?parent=157796"}],"wp:term":[{"taxonomy":"category","embeddable":true,"href":"https:\/\/dudasytextos.com\/cuanto-coche\/wp-json\/wp\/v2\/categories?post=157796"},{"taxonomy":"post_tag","embeddable":true,"href":"https:\/\/dudasytextos.com\/cuanto-coche\/wp-json\/wp\/v2\/tags?post=157796"}],"curies":[{"name":"wp","href":"https:\/\/api.w.org\/{rel}","templated":true}]}}