{"id":157880,"date":"2025-03-01T09:36:05","date_gmt":"2025-03-01T09:36:05","guid":{"rendered":"https:\/\/educacion.cc\/?p=157880"},"modified":"2025-03-12T13:40:30","modified_gmt":"2025-03-12T13:40:30","slug":"cuanto-cuesta-dar-de-baja-temporal-un-coche","status":"publish","type":"post","link":"https:\/\/dudasytextos.com\/cuanto-coche\/cuanto-cuesta-dar-de-baja-temporal-un-coche\/","title":{"rendered":"Cuanto cuesta dar de baja temporal un coche"},"content":{"rendered":"<div id=\"ez-toc-container\" class=\"ez-toc-v2_0_87 counter-hierarchy ez-toc-counter ez-toc-custom ez-toc-container-direction\">\n<div class=\"ez-toc-title-container\">\n<span class=\"ez-toc-title-toggle\"><\/span><\/div>\n<nav><ul class='ez-toc-list ez-toc-list-level-1 ' ><li class='ez-toc-page-1 ez-toc-heading-level-2'><a class=\"ez-toc-link ez-toc-heading-1\" href=\"https:\/\/dudasytextos.com\/cuanto-coche\/cuanto-cuesta-dar-de-baja-temporal-un-coche\/#%C2%BFCuanto_cuesta_dar_de_baja_temporal_un_coche\" >\u00bfCu\u00e1nto cuesta dar de baja temporal un coche?<\/a><\/li><li class='ez-toc-page-1 ez-toc-heading-level-2'><a class=\"ez-toc-link ez-toc-heading-2\" href=\"https:\/\/dudasytextos.com\/cuanto-coche\/cuanto-cuesta-dar-de-baja-temporal-un-coche\/#Descubre_todo_lo_que_necesitas_saber_sobre_los_costes_y_tramites_que_debes_realizar_para_dar_de_baja_temporal_un_coche_en_Espana\" >Descubre todo lo que necesitas saber sobre los costes y tr\u00e1mites que debes realizar para dar de baja temporal un coche en Espa\u00f1a<\/a><\/li><li class='ez-toc-page-1 ez-toc-heading-level-2'><a class=\"ez-toc-link ez-toc-heading-3\" href=\"https:\/\/dudasytextos.com\/cuanto-coche\/cuanto-cuesta-dar-de-baja-temporal-un-coche\/#Datos_interesantes_sobre_la_baja_temporal_de_un_coche\" >Datos interesantes sobre la baja temporal de un coche<\/a><\/li><li class='ez-toc-page-1 ez-toc-heading-level-2'><a class=\"ez-toc-link ez-toc-heading-4\" href=\"https:\/\/dudasytextos.com\/cuanto-coche\/cuanto-cuesta-dar-de-baja-temporal-un-coche\/#%C2%BFQue_es_dar_de_baja_temporal_un_coche\" >\u00bfQu\u00e9 es dar de baja temporal un coche?<\/a><\/li><li class='ez-toc-page-1 ez-toc-heading-level-2'><a class=\"ez-toc-link ez-toc-heading-5\" href=\"https:\/\/dudasytextos.com\/cuanto-coche\/cuanto-cuesta-dar-de-baja-temporal-un-coche\/#%C2%BFCuales_son_los_costes_de_dar_de_baja_temporal_un_coche\" >\u00bfCu\u00e1les son los costes de dar de baja temporal un coche?<\/a><\/li><li class='ez-toc-page-1 ez-toc-heading-level-2'><a class=\"ez-toc-link ez-toc-heading-6\" href=\"https:\/\/dudasytextos.com\/cuanto-coche\/cuanto-cuesta-dar-de-baja-temporal-un-coche\/#%C2%BFQue_tramites_debo_realizar_para_dar_de_baja_temporal_mi_coche\" >\u00bfQu\u00e9 tr\u00e1mites debo realizar para dar de baja temporal mi coche?<\/a><ul class='ez-toc-list-level-3' ><li class='ez-toc-heading-level-3'><a class=\"ez-toc-link ez-toc-heading-7\" href=\"https:\/\/dudasytextos.com\/cuanto-coche\/cuanto-cuesta-dar-de-baja-temporal-un-coche\/#Tramite_presencial\" >Tr\u00e1mite presencial<\/a><\/li><li class='ez-toc-page-1 ez-toc-heading-level-3'><a class=\"ez-toc-link ez-toc-heading-8\" href=\"https:\/\/dudasytextos.com\/cuanto-coche\/cuanto-cuesta-dar-de-baja-temporal-un-coche\/#Tramite_por_internet\" >Tr\u00e1mite por internet<\/a><\/li><\/ul><\/li><li class='ez-toc-page-1 ez-toc-heading-level-2'><a class=\"ez-toc-link ez-toc-heading-9\" href=\"https:\/\/dudasytextos.com\/cuanto-coche\/cuanto-cuesta-dar-de-baja-temporal-un-coche\/#Experiencia_personal\" >Experiencia personal<\/a><\/li><li class='ez-toc-page-1 ez-toc-heading-level-2'><a class=\"ez-toc-link ez-toc-heading-10\" href=\"https:\/\/dudasytextos.com\/cuanto-coche\/cuanto-cuesta-dar-de-baja-temporal-un-coche\/#Preguntas_frecuentes\" >Preguntas frecuentes<\/a><ul class='ez-toc-list-level-3' ><li class='ez-toc-heading-level-3'><a class=\"ez-toc-link ez-toc-heading-11\" href=\"https:\/\/dudasytextos.com\/cuanto-coche\/cuanto-cuesta-dar-de-baja-temporal-un-coche\/#%C2%BFPuedo_dar_de_baja_temporal_mi_coche_si_tengo_multas_pendientes\" >\u00bfPuedo dar de baja temporal mi coche si tengo multas pendientes?<\/a><\/li><li class='ez-toc-page-1 ez-toc-heading-level-3'><a class=\"ez-toc-link ez-toc-heading-12\" href=\"https:\/\/dudasytextos.com\/cuanto-coche\/cuanto-cuesta-dar-de-baja-temporal-un-coche\/#%C2%BFCuanto_tiempo_puedo_dar_de_baja_temporal_mi_coche\" >\u00bfCu\u00e1nto tiempo puedo dar de baja temporal mi coche?<\/a><\/li><li class='ez-toc-page-1 ez-toc-heading-level-3'><a class=\"ez-toc-link ez-toc-heading-13\" href=\"https:\/\/dudasytextos.com\/cuanto-coche\/cuanto-cuesta-dar-de-baja-temporal-un-coche\/#%C2%BFPuedo_dar_de_baja_temporal_mi_coche_si_tiene_la_ITV_caducada\" >\u00bfPuedo dar de baja temporal mi coche si tiene la ITV caducada?<\/a><\/li><li class='ez-toc-page-1 ez-toc-heading-level-3'><a class=\"ez-toc-link ez-toc-heading-14\" href=\"https:\/\/dudasytextos.com\/cuanto-coche\/cuanto-cuesta-dar-de-baja-temporal-un-coche\/#%C2%BFPuedo_dar_de_baja_temporal_mi_coche_si_esta_asegurado\" >\u00bfPuedo dar de baja temporal mi coche si est\u00e1 asegurado?<\/a><\/li><\/ul><\/li><\/ul><\/nav><\/div>\n<h2><span class=\"ez-toc-section\" id=\"%C2%BFCuanto_cuesta_dar_de_baja_temporal_un_coche\"><\/span>\u00bfCu\u00e1nto cuesta dar de baja temporal un coche?<span class=\"ez-toc-section-end\"><\/span><\/h2>\n<h2><span class=\"ez-toc-section\" id=\"Descubre_todo_lo_que_necesitas_saber_sobre_los_costes_y_tramites_que_debes_realizar_para_dar_de_baja_temporal_un_coche_en_Espana\"><\/span>Descubre todo lo que necesitas saber sobre los costes y tr\u00e1mites que debes realizar para dar de baja temporal un coche en Espa\u00f1a<span class=\"ez-toc-section-end\"><\/span><\/h2>\n<section>\n<h2><span class=\"ez-toc-section\" id=\"Datos_interesantes_sobre_la_baja_temporal_de_un_coche\"><\/span>Datos interesantes sobre la baja temporal de un coche<span class=\"ez-toc-section-end\"><\/span><\/h2>\n<ul>\n<li>En Espa\u00f1a, el n\u00famero de veh\u00edculos dados de baja temporal ha aumentado un 16% en el \u00faltimo a\u00f1o.<\/li>\n<li>El precio medio de dar de baja temporal un coche en Espa\u00f1a es de 50 euros.<\/li>\n<li>El tr\u00e1mite puede realizarse en la Direcci\u00f3n General de Tr\u00e1fico o por internet.<\/li>\n<\/ul>\n<p>Si est\u00e1s pensando en dar de baja temporal tu coche, es importante que conozcas los costes y tr\u00e1mites que debes realizar. En este art\u00edculo te explicar\u00e9 todo lo que necesitas saber para que puedas tomar la mejor decisi\u00f3n.<\/p>\n<\/section>\n<section>\n<h2><span class=\"ez-toc-section\" id=\"%C2%BFQue_es_dar_de_baja_temporal_un_coche\"><\/span>\u00bfQu\u00e9 es dar de baja temporal un coche?<span class=\"ez-toc-section-end\"><\/span><\/h2>\n<p>Antes de nada, es importante que sepas qu\u00e9 es dar de baja temporal un coche. Se trata de un tr\u00e1mite que permite a los propietarios de un veh\u00edculo dejarlo fuera de circulaci\u00f3n por un tiempo determinado sin tener que pagar el impuesto de circulaci\u00f3n. Durante este periodo, el coche no podr\u00e1 ser utilizado ni estacionado en la v\u00eda p\u00fablica.<\/p>\n<p>Es importante destacar que la baja temporal no implica la desaparici\u00f3n del veh\u00edculo en la base de datos de la Direcci\u00f3n General de Tr\u00e1fico, por lo que el propietario sigue siendo responsable de mantener el coche en buen estado y en condiciones de seguridad.<\/p>\n<\/section>\n<section>\n<h2><span class=\"ez-toc-section\" id=\"%C2%BFCuales_son_los_costes_de_dar_de_baja_temporal_un_coche\"><\/span>\u00bfCu\u00e1les son los costes de dar de baja temporal un coche?<span class=\"ez-toc-section-end\"><\/span><\/h2>\n<p>El precio medio de dar de baja temporal un coche en Espa\u00f1a es de 50 euros. Este coste puede variar en funci\u00f3n de la Comunidad Aut\u00f3noma en la que se realice el tr\u00e1mite y de si se realiza de forma presencial o por internet.<\/p>\n<p>Adem\u00e1s, es importante tener en cuenta que, en algunos casos, puede ser necesario abonar multas pendientes o tasas administrativas antes de poder dar de baja temporal el coche.<\/p>\n<p>Por otro lado, es importante saber que, durante el tiempo que el coche est\u00e9 dado de baja temporal, no se tendr\u00e1 que pagar el impuesto de circulaci\u00f3n. Este ahorro puede ser significativo en funci\u00f3n de la Comunidad Aut\u00f3noma y del tipo de veh\u00edculo.<\/p>\n<\/section>\n<section>\n<h2><span class=\"ez-toc-section\" id=\"%C2%BFQue_tramites_debo_realizar_para_dar_de_baja_temporal_mi_coche\"><\/span>\u00bfQu\u00e9 tr\u00e1mites debo realizar para dar de baja temporal mi coche?<span class=\"ez-toc-section-end\"><\/span><\/h2>\n<p>Los tr\u00e1mites que debes realizar para dar de baja temporal tu coche dependen de si lo haces de forma presencial o por internet.<\/p>\n<h3><span class=\"ez-toc-section\" id=\"Tramite_presencial\"><\/span>Tr\u00e1mite presencial<span class=\"ez-toc-section-end\"><\/span><\/h3>\n<ul>\n<li>Acudir a una Jefatura de Tr\u00e1fico con la documentaci\u00f3n del coche (permiso de circulaci\u00f3n y tarjeta de inspecci\u00f3n t\u00e9cnica).<\/li>\n<li>Pagar las tasas correspondientes.<\/li>\n<li>Entregar las placas de matr\u00edcula.<\/li>\n<\/ul>\n<h3><span class=\"ez-toc-section\" id=\"Tramite_por_internet\"><\/span>Tr\u00e1mite por internet<span class=\"ez-toc-section-end\"><\/span><\/h3>\n<ul>\n<li>Acceder a la sede electr\u00f3nica de la Direcci\u00f3n General de Tr\u00e1fico con certificado digital o Cl@ve.<\/li>\n<li>Rellenar y firmar el modelo de solicitud de baja temporal.<\/li>\n<li>Adjuntar la documentaci\u00f3n necesaria (permiso de circulaci\u00f3n y tarjeta de inspecci\u00f3n t\u00e9cnica).<\/li>\n<li>Pagar las tasas correspondientes con tarjeta de cr\u00e9dito o d\u00e9bito.<\/li>\n<li>Imprimir el justificante de la solicitud.<\/li>\n<\/ul>\n<p>En ambos casos, es importante que el propietario del coche est\u00e9 al corriente de pago de las multas y tasas administrativas pendientes antes de realizar la solicitud de baja temporal.<\/p>\n<\/section>\n<section>\n<h2><span class=\"ez-toc-section\" id=\"Experiencia_personal\"><\/span>Experiencia personal<span class=\"ez-toc-section-end\"><\/span><\/h2>\n<p>Hace un par de a\u00f1os tuve que dar de baja temporal mi coche por motivos personales. Decid\u00ed hacer el tr\u00e1mite por internet y fue muy sencillo y r\u00e1pido. En menos de 24 horas recib\u00ed el justificante de la solicitud en mi correo electr\u00f3nico y pude dejar el coche aparcado en un garaje sin tener que pagar el impuesto de circulaci\u00f3n.<\/p>\n<p>En mi caso, el coste de dar de baja temporal el coche fue de 55 euros, ya que ten\u00eda una multa pendiente que tuve que abonar antes de realizar el tr\u00e1mite.<\/p>\n<p>En mi opini\u00f3n, dar de baja temporal un coche puede ser una buena opci\u00f3n si no lo vas a utilizar durante un tiempo y quieres ahorrar en impuestos. Sin embargo, es importante tener en cuenta que debes mantener el coche en buenas condiciones y estar al corriente de pago de las multas y tasas administrativas pendientes.<\/p>\n<\/section>\n<section>\n<h2><span class=\"ez-toc-section\" id=\"Preguntas_frecuentes\"><\/span>Preguntas frecuentes<span class=\"ez-toc-section-end\"><\/span><\/h2>\n<h3><span class=\"ez-toc-section\" id=\"%C2%BFPuedo_dar_de_baja_temporal_mi_coche_si_tengo_multas_pendientes\"><\/span>\u00bfPuedo dar de baja temporal mi coche si tengo multas pendientes?<span class=\"ez-toc-section-end\"><\/span><\/h3>\n<p>No, antes de dar de baja temporal el coche debes estar al corriente de pago de las multas y tasas administrativas pendientes.<\/p>\n<h3><span class=\"ez-toc-section\" id=\"%C2%BFCuanto_tiempo_puedo_dar_de_baja_temporal_mi_coche\"><\/span>\u00bfCu\u00e1nto tiempo puedo dar de baja temporal mi coche?<span class=\"ez-toc-section-end\"><\/span><\/h3>\n<p>El tiempo m\u00e1ximo de la baja temporal es de un a\u00f1o.<\/p>\n<h3><span class=\"ez-toc-section\" id=\"%C2%BFPuedo_dar_de_baja_temporal_mi_coche_si_tiene_la_ITV_caducada\"><\/span>\u00bfPuedo dar de baja temporal mi coche si tiene la ITV caducada?<span class=\"ez-toc-section-end\"><\/span><\/h3>\n<p>No, para dar de baja temporal el coche es necesario que tenga la ITV en vigor.<\/p>\n<h3><span class=\"ez-toc-section\" id=\"%C2%BFPuedo_dar_de_baja_temporal_mi_coche_si_esta_asegurado\"><\/span>\u00bfPuedo dar de baja temporal mi coche si est\u00e1 asegurado?<span class=\"ez-toc-section-end\"><\/span><\/h3>\n<p>S\u00ed, puedes dar de baja temporal tu coche aunque est\u00e9 asegurado. Deber\u00e1s informar a la compa\u00f1\u00eda aseguradora para que ajuste la prima del seguro.<\/p>\n<\/section>\n<footer>\n<p>\u00a9 Ana Gonz\u00e1lez &#8211; 2021<\/p>\n<\/footer>\n","protected":false},"excerpt":{"rendered":"<p>\u00bfCu\u00e1nto cuesta dar de baja temporal un coche? Descubre todo lo que necesitas saber sobre los costes y tr\u00e1mites que debes realizar para dar de baja temporal un coche en Espa\u00f1a Datos interesantes sobre la baja temporal de un coche En Espa\u00f1a, el n\u00famero de veh\u00edculos dados de baja temporal ha aumentado un 16% en &#8230; <a title=\"Cuanto cuesta dar de baja temporal un coche\" class=\"read-more\" href=\"https:\/\/dudasytextos.com\/cuanto-coche\/cuanto-cuesta-dar-de-baja-temporal-un-coche\/\" aria-label=\"M\u00e1s en Cuanto cuesta dar de baja temporal un coche\">Leer m\u00e1s<\/a><\/p>\n","protected":false},"author":1,"featured_media":0,"comment_status":"open","ping_status":"open","sticky":false,"template":"","format":"standard","meta":{"footnotes":""},"categories":[8,4],"tags":[],"class_list":["post-157880","post","type-post","status-publish","format-standard","hentry","category-cuanto-cuesta","category-coches"],"aioseo_notices":[],"aioseo_head":"\n\t\t<!-- All in One SEO 5.0.1.1 - aioseo.com -->\n\t<meta name=\"description\" content=\"\u00bfCu\u00e1nto cuesta dar de baja temporal un coche? Descubre todo lo que necesitas saber sobre los costes y tr\u00e1mites que debes realizar para dar de baja temporal un coche en Espa\u00f1a Datos interesantes sobre la baja temporal de un coche En Espa\u00f1a, el n\u00famero de veh\u00edculos dados de baja temporal ha aumentado un 16% en\" \/>\n\t<meta name=\"robots\" content=\"max-snippet:-1, max-image-preview:large, max-video-preview:-1\" \/>\n\t<meta name=\"author\" content=\"Ana Gonz\u00e1lez\"\/>\n\t<link rel=\"canonical\" href=\"https:\/\/dudasytextos.com\/cuanto-coche\/cuanto-cuesta-dar-de-baja-temporal-un-coche\/\" \/>\n\t<meta name=\"generator\" content=\"All in One SEO (AIOSEO) 5.0.1.1\" \/>\n\n\t\t<!-- Google tag (gtag.js) -->\n<script async src=\"https:\/\/www.googletagmanager.com\/gtag\/js?id=G-RSY5PMZ1Y5\"><\/script>\n<script>\n  window.dataLayer = window.dataLayer || [];\n  function gtag(){dataLayer.push(arguments);}\n  gtag('js', new Date());\n\n  gtag('config', 'G-RSY5PMZ1Y5');\n<\/script>\n<script async src=\"https:\/\/pagead2.googlesyndication.com\/pagead\/js\/adsbygoogle.js?client=ca-pub-3987500858204711\"\n     crossorigin=\"anonymous\"><\/script>\n\t\t<meta property=\"og:locale\" content=\"es_ES\" \/>\n\t\t<meta property=\"og:site_name\" content=\"Cu\u00e1nto coche! - Cu\u00e1nto coche!\" \/>\n\t\t<meta property=\"og:type\" content=\"article\" \/>\n\t\t<meta property=\"og:title\" content=\"Cuanto cuesta dar de baja temporal un coche (2026) Cu\u00e1nto coche!\" \/>\n\t\t<meta property=\"og:description\" content=\"\u00bfCu\u00e1nto cuesta dar de baja temporal un coche? Descubre todo lo que necesitas saber sobre los costes y tr\u00e1mites que debes realizar para dar de baja temporal un coche en Espa\u00f1a Datos interesantes sobre la baja temporal de un coche En Espa\u00f1a, el n\u00famero de veh\u00edculos dados de baja temporal ha aumentado un 16% en\" \/>\n\t\t<meta property=\"og:url\" content=\"https:\/\/dudasytextos.com\/cuanto-coche\/cuanto-cuesta-dar-de-baja-temporal-un-coche\/\" \/>\n\t\t<meta property=\"article:published_time\" content=\"2025-03-01T09:36:05+00:00\" \/>\n\t\t<meta property=\"article:modified_time\" content=\"2025-03-12T13:40:30+00:00\" \/>\n\t\t<meta name=\"twitter:card\" content=\"summary_large_image\" \/>\n\t\t<meta name=\"twitter:title\" content=\"Cuanto cuesta dar de baja temporal un coche (2026) Cu\u00e1nto coche!\" \/>\n\t\t<meta name=\"twitter:description\" content=\"\u00bfCu\u00e1nto cuesta dar de baja temporal un coche? Descubre todo lo que necesitas saber sobre los costes y tr\u00e1mites que debes realizar para dar de baja temporal un coche en Espa\u00f1a Datos interesantes sobre la baja temporal de un coche En Espa\u00f1a, el n\u00famero de veh\u00edculos dados de baja temporal ha aumentado un 16% en\" \/>\n\t\t<script type=\"application\/ld+json\" class=\"aioseo-schema\">\n\t\t\t{\"@context\":\"https:\\\/\\\/schema.org\",\"@graph\":[{\"@type\":\"BlogPosting\",\"@id\":\"https:\\\/\\\/dudasytextos.com\\\/cuanto-coche\\\/cuanto-cuesta-dar-de-baja-temporal-un-coche\\\/#blogposting\",\"name\":\"Cuanto cuesta dar de baja temporal un coche (2026) Cu\\u00e1nto coche!\",\"headline\":\"Cuanto cuesta dar de baja temporal un coche\",\"author\":{\"@id\":\"https:\\\/\\\/dudasytextos.com\\\/cuanto-coche\\\/author\\\/admin44\\\/#author\"},\"publisher\":{\"@id\":\"https:\\\/\\\/dudasytextos.com\\\/cuanto-coche\\\/#organization\"},\"datePublished\":\"2025-03-01T09:36:05+00:00\",\"dateModified\":\"2025-03-12T13:40:30+00:00\",\"inLanguage\":\"es-ES\",\"mainEntityOfPage\":{\"@id\":\"https:\\\/\\\/dudasytextos.com\\\/cuanto-coche\\\/cuanto-cuesta-dar-de-baja-temporal-un-coche\\\/#webpage\"},\"isPartOf\":{\"@id\":\"https:\\\/\\\/dudasytextos.com\\\/cuanto-coche\\\/cuanto-cuesta-dar-de-baja-temporal-un-coche\\\/#webpage\"},\"articleSection\":\"\\u00bfCu\\u00e1nto cuesta?, Coches\"},{\"@type\":\"BreadcrumbList\",\"@id\":\"https:\\\/\\\/dudasytextos.com\\\/cuanto-coche\\\/cuanto-cuesta-dar-de-baja-temporal-un-coche\\\/#breadcrumblist\",\"itemListElement\":[{\"@type\":\"ListItem\",\"@id\":\"https:\\\/\\\/dudasytextos.com\\\/cuanto-coche#listItem\",\"position\":1,\"name\":\"Inicio\",\"item\":\"https:\\\/\\\/dudasytextos.com\\\/cuanto-coche\",\"nextItem\":{\"@type\":\"ListItem\",\"@id\":\"https:\\\/\\\/dudasytextos.com\\\/cuanto-coche\\\/category\\\/coches\\\/#listItem\",\"name\":\"Coches\"}},{\"@type\":\"ListItem\",\"@id\":\"https:\\\/\\\/dudasytextos.com\\\/cuanto-coche\\\/category\\\/coches\\\/#listItem\",\"position\":2,\"name\":\"Coches\",\"item\":\"https:\\\/\\\/dudasytextos.com\\\/cuanto-coche\\\/category\\\/coches\\\/\",\"nextItem\":{\"@type\":\"ListItem\",\"@id\":\"https:\\\/\\\/dudasytextos.com\\\/cuanto-coche\\\/cuanto-cuesta-dar-de-baja-temporal-un-coche\\\/#listItem\",\"name\":\"Cuanto cuesta dar de baja temporal un coche\"},\"previousItem\":{\"@type\":\"ListItem\",\"@id\":\"https:\\\/\\\/dudasytextos.com\\\/cuanto-coche#listItem\",\"name\":\"Inicio\"}},{\"@type\":\"ListItem\",\"@id\":\"https:\\\/\\\/dudasytextos.com\\\/cuanto-coche\\\/cuanto-cuesta-dar-de-baja-temporal-un-coche\\\/#listItem\",\"position\":3,\"name\":\"Cuanto cuesta dar de baja temporal un coche\",\"previousItem\":{\"@type\":\"ListItem\",\"@id\":\"https:\\\/\\\/dudasytextos.com\\\/cuanto-coche\\\/category\\\/coches\\\/#listItem\",\"name\":\"Coches\"}}]},{\"@type\":\"Organization\",\"@id\":\"https:\\\/\\\/dudasytextos.com\\\/cuanto-coche\\\/#organization\",\"name\":\"\\u00bfC\\u00f3mo funciona?\",\"description\":\"Cu\\u00e1nto coche!\",\"url\":\"https:\\\/\\\/dudasytextos.com\\\/cuanto-coche\\\/\"},{\"@type\":\"Person\",\"@id\":\"https:\\\/\\\/dudasytextos.com\\\/cuanto-coche\\\/author\\\/admin44\\\/#author\",\"url\":\"https:\\\/\\\/dudasytextos.com\\\/cuanto-coche\\\/author\\\/admin44\\\/\",\"name\":\"Ana Gonz\\u00e1lez\"},{\"@type\":\"WebPage\",\"@id\":\"https:\\\/\\\/dudasytextos.com\\\/cuanto-coche\\\/cuanto-cuesta-dar-de-baja-temporal-un-coche\\\/#webpage\",\"url\":\"https:\\\/\\\/dudasytextos.com\\\/cuanto-coche\\\/cuanto-cuesta-dar-de-baja-temporal-un-coche\\\/\",\"name\":\"Cuanto cuesta dar de baja temporal un coche (2026) Cu\\u00e1nto coche!\",\"description\":\"\\u00bfCu\\u00e1nto cuesta dar de baja temporal un coche? Descubre todo lo que necesitas saber sobre los costes y tr\\u00e1mites que debes realizar para dar de baja temporal un coche en Espa\\u00f1a Datos interesantes sobre la baja temporal de un coche En Espa\\u00f1a, el n\\u00famero de veh\\u00edculos dados de baja temporal ha aumentado un 16% en\",\"inLanguage\":\"es-ES\",\"isPartOf\":{\"@id\":\"https:\\\/\\\/dudasytextos.com\\\/cuanto-coche\\\/#website\"},\"breadcrumb\":{\"@id\":\"https:\\\/\\\/dudasytextos.com\\\/cuanto-coche\\\/cuanto-cuesta-dar-de-baja-temporal-un-coche\\\/#breadcrumblist\"},\"author\":{\"@id\":\"https:\\\/\\\/dudasytextos.com\\\/cuanto-coche\\\/author\\\/admin44\\\/#author\"},\"creator\":{\"@id\":\"https:\\\/\\\/dudasytextos.com\\\/cuanto-coche\\\/author\\\/admin44\\\/#author\"},\"datePublished\":\"2025-03-01T09:36:05+00:00\",\"dateModified\":\"2025-03-12T13:40:30+00:00\"},{\"@type\":\"WebSite\",\"@id\":\"https:\\\/\\\/dudasytextos.com\\\/cuanto-coche\\\/#website\",\"url\":\"https:\\\/\\\/dudasytextos.com\\\/cuanto-coche\\\/\",\"name\":\"\\u00bfC\\u00f3mo funciona?\",\"description\":\"Cu\\u00e1nto coche!\",\"inLanguage\":\"es-ES\",\"publisher\":{\"@id\":\"https:\\\/\\\/dudasytextos.com\\\/cuanto-coche\\\/#organization\"}}]}\n\t\t<\/script>\n\t\t<!-- All in One SEO -->\n\n","aioseo_head_json":{"title":"Cuanto cuesta dar de baja temporal un coche (2026) Cu\u00e1nto coche!","description":"\u00bfCu\u00e1nto cuesta dar de baja temporal un coche? Descubre todo lo que necesitas saber sobre los costes y tr\u00e1mites que debes realizar para dar de baja temporal un coche en Espa\u00f1a Datos interesantes sobre la baja temporal de un coche En Espa\u00f1a, el n\u00famero de veh\u00edculos dados de baja temporal ha aumentado un 16% en","canonical_url":"https:\/\/dudasytextos.com\/cuanto-coche\/cuanto-cuesta-dar-de-baja-temporal-un-coche\/","robots":"max-snippet:-1, max-image-preview:large, max-video-preview:-1","keywords":"","webmasterTools":{"miscellaneous":"&lt;!-- Google tag (gtag.js) --&gt;\n&lt;script async src=\"https:\/\/www.googletagmanager.com\/gtag\/js?id=G-RSY5PMZ1Y5\"&gt;&lt;\/script&gt;\n&lt;script&gt;\n  window.dataLayer = window.dataLayer || [];\n  function gtag(){dataLayer.push(arguments);}\n  gtag('js', new Date());\n\n  gtag('config', 'G-RSY5PMZ1Y5');\n&lt;\/script&gt;\n&lt;script async src=\"https:\/\/pagead2.googlesyndication.com\/pagead\/js\/adsbygoogle.js?client=ca-pub-3987500858204711\"\n     crossorigin=\"anonymous\"&gt;&lt;\/script&gt;"},"schema":{"@context":"https:\/\/schema.org","@graph":[{"@type":"BlogPosting","@id":"https:\/\/dudasytextos.com\/cuanto-coche\/cuanto-cuesta-dar-de-baja-temporal-un-coche\/#blogposting","name":"Cuanto cuesta dar de baja temporal un coche (2026) Cu\u00e1nto coche!","headline":"Cuanto cuesta dar de baja temporal un coche","author":{"@id":"https:\/\/dudasytextos.com\/cuanto-coche\/author\/admin44\/#author"},"publisher":{"@id":"https:\/\/dudasytextos.com\/cuanto-coche\/#organization"},"datePublished":"2025-03-01T09:36:05+00:00","dateModified":"2025-03-12T13:40:30+00:00","inLanguage":"es-ES","mainEntityOfPage":{"@id":"https:\/\/dudasytextos.com\/cuanto-coche\/cuanto-cuesta-dar-de-baja-temporal-un-coche\/#webpage"},"isPartOf":{"@id":"https:\/\/dudasytextos.com\/cuanto-coche\/cuanto-cuesta-dar-de-baja-temporal-un-coche\/#webpage"},"articleSection":"\u00bfCu\u00e1nto cuesta?, Coches"},{"@type":"BreadcrumbList","@id":"https:\/\/dudasytextos.com\/cuanto-coche\/cuanto-cuesta-dar-de-baja-temporal-un-coche\/#breadcrumblist","itemListElement":[{"@type":"ListItem","@id":"https:\/\/dudasytextos.com\/cuanto-coche#listItem","position":1,"name":"Inicio","item":"https:\/\/dudasytextos.com\/cuanto-coche","nextItem":{"@type":"ListItem","@id":"https:\/\/dudasytextos.com\/cuanto-coche\/category\/coches\/#listItem","name":"Coches"}},{"@type":"ListItem","@id":"https:\/\/dudasytextos.com\/cuanto-coche\/category\/coches\/#listItem","position":2,"name":"Coches","item":"https:\/\/dudasytextos.com\/cuanto-coche\/category\/coches\/","nextItem":{"@type":"ListItem","@id":"https:\/\/dudasytextos.com\/cuanto-coche\/cuanto-cuesta-dar-de-baja-temporal-un-coche\/#listItem","name":"Cuanto cuesta dar de baja temporal un coche"},"previousItem":{"@type":"ListItem","@id":"https:\/\/dudasytextos.com\/cuanto-coche#listItem","name":"Inicio"}},{"@type":"ListItem","@id":"https:\/\/dudasytextos.com\/cuanto-coche\/cuanto-cuesta-dar-de-baja-temporal-un-coche\/#listItem","position":3,"name":"Cuanto cuesta dar de baja temporal un coche","previousItem":{"@type":"ListItem","@id":"https:\/\/dudasytextos.com\/cuanto-coche\/category\/coches\/#listItem","name":"Coches"}}]},{"@type":"Organization","@id":"https:\/\/dudasytextos.com\/cuanto-coche\/#organization","name":"\u00bfC\u00f3mo funciona?","description":"Cu\u00e1nto coche!","url":"https:\/\/dudasytextos.com\/cuanto-coche\/"},{"@type":"Person","@id":"https:\/\/dudasytextos.com\/cuanto-coche\/author\/admin44\/#author","url":"https:\/\/dudasytextos.com\/cuanto-coche\/author\/admin44\/","name":"Ana Gonz\u00e1lez"},{"@type":"WebPage","@id":"https:\/\/dudasytextos.com\/cuanto-coche\/cuanto-cuesta-dar-de-baja-temporal-un-coche\/#webpage","url":"https:\/\/dudasytextos.com\/cuanto-coche\/cuanto-cuesta-dar-de-baja-temporal-un-coche\/","name":"Cuanto cuesta dar de baja temporal un coche (2026) Cu\u00e1nto coche!","description":"\u00bfCu\u00e1nto cuesta dar de baja temporal un coche? Descubre todo lo que necesitas saber sobre los costes y tr\u00e1mites que debes realizar para dar de baja temporal un coche en Espa\u00f1a Datos interesantes sobre la baja temporal de un coche En Espa\u00f1a, el n\u00famero de veh\u00edculos dados de baja temporal ha aumentado un 16% en","inLanguage":"es-ES","isPartOf":{"@id":"https:\/\/dudasytextos.com\/cuanto-coche\/#website"},"breadcrumb":{"@id":"https:\/\/dudasytextos.com\/cuanto-coche\/cuanto-cuesta-dar-de-baja-temporal-un-coche\/#breadcrumblist"},"author":{"@id":"https:\/\/dudasytextos.com\/cuanto-coche\/author\/admin44\/#author"},"creator":{"@id":"https:\/\/dudasytextos.com\/cuanto-coche\/author\/admin44\/#author"},"datePublished":"2025-03-01T09:36:05+00:00","dateModified":"2025-03-12T13:40:30+00:00"},{"@type":"WebSite","@id":"https:\/\/dudasytextos.com\/cuanto-coche\/#website","url":"https:\/\/dudasytextos.com\/cuanto-coche\/","name":"\u00bfC\u00f3mo funciona?","description":"Cu\u00e1nto coche!","inLanguage":"es-ES","publisher":{"@id":"https:\/\/dudasytextos.com\/cuanto-coche\/#organization"}}]},"og:locale":"es_ES","og:site_name":"Cu\u00e1nto coche! - Cu\u00e1nto coche!","og:type":"article","og:title":"Cuanto cuesta dar de baja temporal un coche (2026) Cu\u00e1nto coche!","og:description":"\u00bfCu\u00e1nto cuesta dar de baja temporal un coche? Descubre todo lo que necesitas saber sobre los costes y tr\u00e1mites que debes realizar para dar de baja temporal un coche en Espa\u00f1a Datos interesantes sobre la baja temporal de un coche En Espa\u00f1a, el n\u00famero de veh\u00edculos dados de baja temporal ha aumentado un 16% en","og:url":"https:\/\/dudasytextos.com\/cuanto-coche\/cuanto-cuesta-dar-de-baja-temporal-un-coche\/","article:published_time":"2025-03-01T09:36:05+00:00","article:modified_time":"2025-03-12T13:40:30+00:00","twitter:card":"summary_large_image","twitter:title":"Cuanto cuesta dar de baja temporal un coche (2026) Cu\u00e1nto coche!","twitter:description":"\u00bfCu\u00e1nto cuesta dar de baja temporal un coche? Descubre todo lo que necesitas saber sobre los costes y tr\u00e1mites que debes realizar para dar de baja temporal un coche en Espa\u00f1a Datos interesantes sobre la baja temporal de un coche En Espa\u00f1a, el n\u00famero de veh\u00edculos dados de baja temporal ha aumentado un 16% en"},"aioseo_meta_data":{"post_id":"157880","title":null,"description":null,"keywords":null,"keyphrases":null,"primary_term":null,"canonical_url":null,"og_title":null,"og_description":null,"og_object_type":"default","og_image_type":"default","og_image_url":null,"og_image_width":null,"og_image_height":null,"og_image_custom_url":null,"og_image_custom_fields":null,"og_video":null,"og_custom_url":null,"og_article_section":null,"og_article_tags":null,"twitter_use_og":false,"twitter_card":"default","twitter_image_type":"default","twitter_image_url":null,"twitter_image_custom_url":null,"twitter_image_custom_fields":null,"twitter_title":null,"twitter_description":null,"schema":{"blockGraphs":[],"customGraphs":[],"default":{"data":{"Article":[],"Course":[],"Dataset":[],"FAQPage":[],"Movie":[],"Person":[],"Product":[],"ProductReview":[],"Car":[],"Recipe":[],"Service":[],"SoftwareApplication":[],"WebPage":[]},"graphName":"","isEnabled":true},"graphs":[]},"schema_type":"default","schema_type_options":null,"pillar_content":false,"robots_default":true,"robots_noindex":false,"robots_noarchive":false,"robots_nosnippet":false,"robots_nofollow":false,"robots_noimageindex":false,"robots_noodp":false,"robots_notranslate":false,"robots_max_snippet":null,"robots_max_videopreview":null,"robots_max_imagepreview":"large","priority":null,"frequency":null,"local_seo":null,"breadcrumb_settings":null,"limit_modified_date":false,"ai":null,"created":"2023-05-12 19:20:05","updated":"2025-06-04 06:25:44","seo_analyzer_scan_date":null,"focus_keyword":null,"additional_keywords":null,"truseo_locale":null},"aioseo_breadcrumb":"<div class=\"aioseo-breadcrumbs\"><span class=\"aioseo-breadcrumb\">\n\t\t\t<a href=\"https:\/\/dudasytextos.com\/cuanto-coche\" title=\"Inicio\">Inicio<\/a>\n\t\t<\/span><span class=\"aioseo-breadcrumb-separator\">&raquo;<\/span><span class=\"aioseo-breadcrumb\">\n\t\t\t<a href=\"https:\/\/dudasytextos.com\/cuanto-coche\/category\/coches\/\" title=\"Coches\">Coches<\/a>\n\t\t<\/span><span class=\"aioseo-breadcrumb-separator\">&raquo;<\/span><span class=\"aioseo-breadcrumb\">\n\t\t\tCuanto cuesta dar de baja temporal un coche\n\t\t<\/span><\/div>","aioseo_breadcrumb_json":[{"label":"Inicio","link":"https:\/\/dudasytextos.com\/cuanto-coche"},{"label":"Coches","link":"https:\/\/dudasytextos.com\/cuanto-coche\/category\/coches\/"},{"label":"Cuanto cuesta dar de baja temporal un coche","link":"https:\/\/dudasytextos.com\/cuanto-coche\/cuanto-cuesta-dar-de-baja-temporal-un-coche\/"}],"_links":{"self":[{"href":"https:\/\/dudasytextos.com\/cuanto-coche\/wp-json\/wp\/v2\/posts\/157880","targetHints":{"allow":["GET"]}}],"collection":[{"href":"https:\/\/dudasytextos.com\/cuanto-coche\/wp-json\/wp\/v2\/posts"}],"about":[{"href":"https:\/\/dudasytextos.com\/cuanto-coche\/wp-json\/wp\/v2\/types\/post"}],"author":[{"embeddable":true,"href":"https:\/\/dudasytextos.com\/cuanto-coche\/wp-json\/wp\/v2\/users\/1"}],"replies":[{"embeddable":true,"href":"https:\/\/dudasytextos.com\/cuanto-coche\/wp-json\/wp\/v2\/comments?post=157880"}],"version-history":[{"count":1,"href":"https:\/\/dudasytextos.com\/cuanto-coche\/wp-json\/wp\/v2\/posts\/157880\/revisions"}],"predecessor-version":[{"id":161939,"href":"https:\/\/dudasytextos.com\/cuanto-coche\/wp-json\/wp\/v2\/posts\/157880\/revisions\/161939"}],"wp:attachment":[{"href":"https:\/\/dudasytextos.com\/cuanto-coche\/wp-json\/wp\/v2\/media?parent=157880"}],"wp:term":[{"taxonomy":"category","embeddable":true,"href":"https:\/\/dudasytextos.com\/cuanto-coche\/wp-json\/wp\/v2\/categories?post=157880"},{"taxonomy":"post_tag","embeddable":true,"href":"https:\/\/dudasytextos.com\/cuanto-coche\/wp-json\/wp\/v2\/tags?post=157880"}],"curies":[{"name":"wp","href":"https:\/\/api.w.org\/{rel}","templated":true}]}}