{"id":159125,"date":"2025-02-23T10:47:56","date_gmt":"2025-02-23T10:47:56","guid":{"rendered":"https:\/\/educacion.cc\/?p=159125"},"modified":"2025-03-13T03:09:34","modified_gmt":"2025-03-13T03:09:34","slug":"coches-sin-etiqueta-medioambiental-2023","status":"publish","type":"post","link":"https:\/\/dudasytextos.com\/cuanto-coche\/coches-sin-etiqueta-medioambiental-2023\/","title":{"rendered":"Coches sin etiqueta medioambiental 2023"},"content":{"rendered":"<div id=\"ez-toc-container\" class=\"ez-toc-v2_0_87 counter-hierarchy ez-toc-counter ez-toc-custom ez-toc-container-direction\">\n<div class=\"ez-toc-title-container\">\n<span class=\"ez-toc-title-toggle\"><\/span><\/div>\n<nav><ul class='ez-toc-list ez-toc-list-level-1 ' ><li class='ez-toc-page-1 ez-toc-heading-level-2'><a class=\"ez-toc-link ez-toc-heading-1\" href=\"https:\/\/dudasytextos.com\/cuanto-coche\/coches-sin-etiqueta-medioambiental-2023\/#Coches_Sin_Etiqueta_Medioambiental_2023\" >Coches Sin Etiqueta Medioambiental 2023<\/a><\/li><li class='ez-toc-page-1 ez-toc-heading-level-2'><a class=\"ez-toc-link ez-toc-heading-2\" href=\"https:\/\/dudasytextos.com\/cuanto-coche\/coches-sin-etiqueta-medioambiental-2023\/#Curiosidades_sobre_los_Coches_Sin_Etiqueta_Medioambiental_2023\" >Curiosidades sobre los Coches Sin Etiqueta Medioambiental 2023<\/a><\/li><li class='ez-toc-page-1 ez-toc-heading-level-2'><a class=\"ez-toc-link ez-toc-heading-3\" href=\"https:\/\/dudasytextos.com\/cuanto-coche\/coches-sin-etiqueta-medioambiental-2023\/#Mi_experiencia_personal_con_los_Coches_Sin_Etiqueta_Medioambiental\" >Mi experiencia personal con los Coches Sin Etiqueta Medioambiental<\/a><\/li><li class='ez-toc-page-1 ez-toc-heading-level-2'><a class=\"ez-toc-link ez-toc-heading-4\" href=\"https:\/\/dudasytextos.com\/cuanto-coche\/coches-sin-etiqueta-medioambiental-2023\/#%C2%BFQue_opciones_tengo_si_tengo_un_coche_sin_etiqueta_medioambiental\" >\u00bfQu\u00e9 opciones tengo si tengo un coche sin etiqueta medioambiental?<\/a><\/li><li class='ez-toc-page-1 ez-toc-heading-level-2'><a class=\"ez-toc-link ez-toc-heading-5\" href=\"https:\/\/dudasytextos.com\/cuanto-coche\/coches-sin-etiqueta-medioambiental-2023\/#Preguntas_frecuentes_sobre_los_Coches_Sin_Etiqueta_Medioambiental\" >Preguntas frecuentes sobre los Coches Sin Etiqueta Medioambiental<\/a><ul class='ez-toc-list-level-3' ><li class='ez-toc-heading-level-3'><a class=\"ez-toc-link ez-toc-heading-6\" href=\"https:\/\/dudasytextos.com\/cuanto-coche\/coches-sin-etiqueta-medioambiental-2023\/#%C2%BFQue_es_la_etiqueta_medioambiental\" >\u00bfQu\u00e9 es la etiqueta medioambiental?<\/a><\/li><li class='ez-toc-page-1 ez-toc-heading-level-3'><a class=\"ez-toc-link ez-toc-heading-7\" href=\"https:\/\/dudasytextos.com\/cuanto-coche\/coches-sin-etiqueta-medioambiental-2023\/#%C2%BFQue_pasa_si_mi_coche_no_tiene_etiqueta_medioambiental\" >\u00bfQu\u00e9 pasa si mi coche no tiene etiqueta medioambiental?<\/a><\/li><li class='ez-toc-page-1 ez-toc-heading-level-3'><a class=\"ez-toc-link ez-toc-heading-8\" href=\"https:\/\/dudasytextos.com\/cuanto-coche\/coches-sin-etiqueta-medioambiental-2023\/#%C2%BFQue_opciones_tengo_si_no_puedo_cambiar_mi_coche_por_uno_mas_eficiente\" >\u00bfQu\u00e9 opciones tengo si no puedo cambiar mi coche por uno m\u00e1s eficiente?<\/a><\/li><li class='ez-toc-page-1 ez-toc-heading-level-3'><a class=\"ez-toc-link ez-toc-heading-9\" href=\"https:\/\/dudasytextos.com\/cuanto-coche\/coches-sin-etiqueta-medioambiental-2023\/#%C2%BFQue_beneficios_tiene_un_coche_electrico\" >\u00bfQu\u00e9 beneficios tiene un coche el\u00e9ctrico?<\/a><\/li><\/ul><\/li><\/ul><\/nav><\/div>\n<h2><span class=\"ez-toc-section\" id=\"Coches_Sin_Etiqueta_Medioambiental_2023\"><\/span>Coches Sin Etiqueta Medioambiental 2023<span class=\"ez-toc-section-end\"><\/span><\/h2>\n<p>Por Ana Gonz\u00e1lez<\/p>\n<section>\n<h2><span class=\"ez-toc-section\" id=\"Curiosidades_sobre_los_Coches_Sin_Etiqueta_Medioambiental_2023\"><\/span>Curiosidades sobre los Coches Sin Etiqueta Medioambiental 2023<span class=\"ez-toc-section-end\"><\/span><\/h2>\n<ul>\n<li>Los coches sin etiqueta medioambiental no podr\u00e1n circular por la zona de bajas emisiones de Barcelona a partir de 2023.<\/li>\n<li>Estos veh\u00edculos emiten m\u00e1s de 120 gramos de CO2 por kil\u00f3metro y no cumplen con los est\u00e1ndares de emisiones de la Uni\u00f3n Europea.<\/li>\n<li>En Espa\u00f1a, hay m\u00e1s de 5 millones de coches sin etiqueta medioambiental, seg\u00fan datos del Ministerio de Medio Ambiente y Cambio Clim\u00e1tico.<\/li>\n<li>Los coches sin etiqueta medioambiental son responsables del 30% de las emisiones de CO2 en Espa\u00f1a.<\/li>\n<li>El gobierno est\u00e1 ofreciendo ayudas econ\u00f3micas para la compra de veh\u00edculos el\u00e9ctricos o h\u00edbridos enchufables con el objetivo de reducir el n\u00famero de coches sin etiqueta medioambiental en las carreteras.<\/li>\n<\/ul>\n<\/section>\n<section>\n<h2><span class=\"ez-toc-section\" id=\"Mi_experiencia_personal_con_los_Coches_Sin_Etiqueta_Medioambiental\"><\/span>Mi experiencia personal con los Coches Sin Etiqueta Medioambiental<span class=\"ez-toc-section-end\"><\/span><\/h2>\n<p>Desde hace varios a\u00f1os, he sido consciente de la importancia de cuidar el medio ambiente y he tratado de reducir mi huella de carbono en la medida de lo posible. Hace unos meses, me di cuenta de que mi antiguo coche no cumpl\u00eda con los est\u00e1ndares de emisiones y decid\u00ed cambiarlo por un veh\u00edculo el\u00e9ctrico.<\/p>\n<p>La diferencia ha sido abismal. Mi nueva forma de moverme por la ciudad es mucho m\u00e1s sostenible y respetuosa con el medio ambiente. Adem\u00e1s, he notado un ahorro significativo en el gasto en combustible y mantenimiento.<\/p>\n<p>Creo que es importante que todos hagamos nuestra parte para reducir la contaminaci\u00f3n y mejorar la calidad del aire que respiramos. Si tienes un coche sin etiqueta medioambiental, te animo a que consideres la posibilidad de cambiarlo por un veh\u00edculo m\u00e1s eficiente y respetuoso con el medio ambiente.<\/p>\n<\/section>\n<section>\n<h2><span class=\"ez-toc-section\" id=\"%C2%BFQue_opciones_tengo_si_tengo_un_coche_sin_etiqueta_medioambiental\"><\/span>\u00bfQu\u00e9 opciones tengo si tengo un coche sin etiqueta medioambiental?<span class=\"ez-toc-section-end\"><\/span><\/h2>\n<p>Si tienes un coche sin etiqueta medioambiental, existen varias opciones que puedes considerar:<\/p>\n<ul>\n<li>Cambiar el coche por uno m\u00e1s eficiente y con etiqueta medioambiental.<\/li>\n<li>Optar por el transporte p\u00fablico o la bicicleta para tus desplazamientos diarios.<\/li>\n<li>Compartir veh\u00edculo con amigos o familiares.<\/li>\n<li>Utilizar aplicaciones de carpooling para compartir coche con otras personas que realicen trayectos similares.<\/li>\n<\/ul>\n<p>En cualquier caso, es importante que tengas en cuenta que cada peque\u00f1a acci\u00f3n cuenta y que contribuir\u00e1s a mejorar la calidad del aire y reducir la contaminaci\u00f3n en tu ciudad.<\/p>\n<\/section>\n<section>\n<h2><span class=\"ez-toc-section\" id=\"Preguntas_frecuentes_sobre_los_Coches_Sin_Etiqueta_Medioambiental\"><\/span>Preguntas frecuentes sobre los Coches Sin Etiqueta Medioambiental<span class=\"ez-toc-section-end\"><\/span><\/h2>\n<h3><span class=\"ez-toc-section\" id=\"%C2%BFQue_es_la_etiqueta_medioambiental\"><\/span>\u00bfQu\u00e9 es la etiqueta medioambiental?<span class=\"ez-toc-section-end\"><\/span><\/h3>\n<p>La etiqueta medioambiental es un distintivo que identifica los veh\u00edculos seg\u00fan su nivel de emisiones contaminantes. Se otorga en funci\u00f3n de las emisiones de CO2, NOx y part\u00edculas.<\/p>\n<h3><span class=\"ez-toc-section\" id=\"%C2%BFQue_pasa_si_mi_coche_no_tiene_etiqueta_medioambiental\"><\/span>\u00bfQu\u00e9 pasa si mi coche no tiene etiqueta medioambiental?<span class=\"ez-toc-section-end\"><\/span><\/h3>\n<p>Si tu coche no tiene etiqueta medioambiental, no podr\u00e1s circular por la zona de bajas emisiones de Barcelona a partir de 2023. Adem\u00e1s, estar\u00e1s contribuyendo a la contaminaci\u00f3n y emisiones de CO2 en tu ciudad.<\/p>\n<h3><span class=\"ez-toc-section\" id=\"%C2%BFQue_opciones_tengo_si_no_puedo_cambiar_mi_coche_por_uno_mas_eficiente\"><\/span>\u00bfQu\u00e9 opciones tengo si no puedo cambiar mi coche por uno m\u00e1s eficiente?<span class=\"ez-toc-section-end\"><\/span><\/h3>\n<p>Si no puedes cambiar tu coche por uno m\u00e1s eficiente, puedes optar por el transporte p\u00fablico, la bicicleta o compartir coche con otras personas. Tambi\u00e9n puedes considerar la posibilidad de utilizar veh\u00edculos compartidos o de alquiler.<\/p>\n<h3><span class=\"ez-toc-section\" id=\"%C2%BFQue_beneficios_tiene_un_coche_electrico\"><\/span>\u00bfQu\u00e9 beneficios tiene un coche el\u00e9ctrico?<span class=\"ez-toc-section-end\"><\/span><\/h3>\n<p>Un coche el\u00e9ctrico es mucho m\u00e1s eficiente y respetuoso con el medio ambiente que un coche de combusti\u00f3n. No emite CO2 ni otros gases contaminantes, lo que contribuye a mejorar la calidad del aire y reducir la contaminaci\u00f3n en las ciudades. Adem\u00e1s, los veh\u00edculos el\u00e9ctricos suelen ser m\u00e1s econ\u00f3micos y requieren menos mantenimiento que los coches de combusti\u00f3n.<\/p>\n<\/section>\n","protected":false},"excerpt":{"rendered":"<p>Coches Sin Etiqueta Medioambiental 2023 Por Ana Gonz\u00e1lez Curiosidades sobre los Coches Sin Etiqueta Medioambiental 2023 Los coches sin etiqueta medioambiental no podr\u00e1n circular por la zona de bajas emisiones de Barcelona a partir de 2023. Estos veh\u00edculos emiten m\u00e1s de 120 gramos de CO2 por kil\u00f3metro y no cumplen con los est\u00e1ndares de emisiones &#8230; <a title=\"Coches sin etiqueta medioambiental 2023\" class=\"read-more\" href=\"https:\/\/dudasytextos.com\/cuanto-coche\/coches-sin-etiqueta-medioambiental-2023\/\" aria-label=\"M\u00e1s en Coches sin etiqueta medioambiental 2023\">Leer m\u00e1s<\/a><\/p>\n","protected":false},"author":1,"featured_media":0,"comment_status":"open","ping_status":"open","sticky":false,"template":"","format":"standard","meta":{"footnotes":""},"categories":[4],"tags":[],"class_list":["post-159125","post","type-post","status-publish","format-standard","hentry","category-coches"],"aioseo_notices":[],"aioseo_head":"\n\t\t<!-- All in One SEO 5.0.1.1 - aioseo.com -->\n\t<meta name=\"description\" content=\"Coches Sin Etiqueta Medioambiental 2023 Por Ana Gonz\u00e1lez Curiosidades sobre los Coches Sin Etiqueta Medioambiental 2023 Los coches sin etiqueta medioambiental no podr\u00e1n circular por la zona de bajas emisiones de Barcelona a partir de 2023. Estos veh\u00edculos emiten m\u00e1s de 120 gramos de CO2 por kil\u00f3metro y no cumplen con los est\u00e1ndares de emisiones\" \/>\n\t<meta name=\"robots\" content=\"max-snippet:-1, max-image-preview:large, max-video-preview:-1\" \/>\n\t<meta name=\"author\" content=\"Ana Gonz\u00e1lez\"\/>\n\t<link rel=\"canonical\" href=\"https:\/\/dudasytextos.com\/cuanto-coche\/coches-sin-etiqueta-medioambiental-2023\/\" \/>\n\t<meta name=\"generator\" content=\"All in One SEO (AIOSEO) 5.0.1.1\" \/>\n\n\t\t<!-- Google tag (gtag.js) -->\n<script async src=\"https:\/\/www.googletagmanager.com\/gtag\/js?id=G-RSY5PMZ1Y5\"><\/script>\n<script>\n  window.dataLayer = window.dataLayer || [];\n  function gtag(){dataLayer.push(arguments);}\n  gtag('js', new Date());\n\n  gtag('config', 'G-RSY5PMZ1Y5');\n<\/script>\n<script async src=\"https:\/\/pagead2.googlesyndication.com\/pagead\/js\/adsbygoogle.js?client=ca-pub-3987500858204711\"\n     crossorigin=\"anonymous\"><\/script>\n\t\t<meta property=\"og:locale\" content=\"es_ES\" \/>\n\t\t<meta property=\"og:site_name\" content=\"Cu\u00e1nto coche! - Cu\u00e1nto coche!\" \/>\n\t\t<meta property=\"og:type\" content=\"article\" \/>\n\t\t<meta property=\"og:title\" content=\"Coches sin etiqueta medioambiental 2023 (2026) Cu\u00e1nto coche!\" \/>\n\t\t<meta property=\"og:description\" content=\"Coches Sin Etiqueta Medioambiental 2023 Por Ana Gonz\u00e1lez Curiosidades sobre los Coches Sin Etiqueta Medioambiental 2023 Los coches sin etiqueta medioambiental no podr\u00e1n circular por la zona de bajas emisiones de Barcelona a partir de 2023. Estos veh\u00edculos emiten m\u00e1s de 120 gramos de CO2 por kil\u00f3metro y no cumplen con los est\u00e1ndares de emisiones\" \/>\n\t\t<meta property=\"og:url\" content=\"https:\/\/dudasytextos.com\/cuanto-coche\/coches-sin-etiqueta-medioambiental-2023\/\" \/>\n\t\t<meta property=\"article:published_time\" content=\"2025-02-23T10:47:56+00:00\" \/>\n\t\t<meta property=\"article:modified_time\" content=\"2025-03-13T03:09:34+00:00\" \/>\n\t\t<meta name=\"twitter:card\" content=\"summary_large_image\" \/>\n\t\t<meta name=\"twitter:title\" content=\"Coches sin etiqueta medioambiental 2023 (2026) Cu\u00e1nto coche!\" \/>\n\t\t<meta name=\"twitter:description\" content=\"Coches Sin Etiqueta Medioambiental 2023 Por Ana Gonz\u00e1lez Curiosidades sobre los Coches Sin Etiqueta Medioambiental 2023 Los coches sin etiqueta medioambiental no podr\u00e1n circular por la zona de bajas emisiones de Barcelona a partir de 2023. Estos veh\u00edculos emiten m\u00e1s de 120 gramos de CO2 por kil\u00f3metro y no cumplen con los est\u00e1ndares de emisiones\" \/>\n\t\t<script type=\"application\/ld+json\" class=\"aioseo-schema\">\n\t\t\t{\"@context\":\"https:\\\/\\\/schema.org\",\"@graph\":[{\"@type\":\"BlogPosting\",\"@id\":\"https:\\\/\\\/dudasytextos.com\\\/cuanto-coche\\\/coches-sin-etiqueta-medioambiental-2023\\\/#blogposting\",\"name\":\"Coches sin etiqueta medioambiental 2023 (2026) Cu\\u00e1nto coche!\",\"headline\":\"Coches sin etiqueta medioambiental 2023\",\"author\":{\"@id\":\"https:\\\/\\\/dudasytextos.com\\\/cuanto-coche\\\/author\\\/admin44\\\/#author\"},\"publisher\":{\"@id\":\"https:\\\/\\\/dudasytextos.com\\\/cuanto-coche\\\/#organization\"},\"datePublished\":\"2025-02-23T10:47:56+00:00\",\"dateModified\":\"2025-03-13T03:09:34+00:00\",\"inLanguage\":\"es-ES\",\"mainEntityOfPage\":{\"@id\":\"https:\\\/\\\/dudasytextos.com\\\/cuanto-coche\\\/coches-sin-etiqueta-medioambiental-2023\\\/#webpage\"},\"isPartOf\":{\"@id\":\"https:\\\/\\\/dudasytextos.com\\\/cuanto-coche\\\/coches-sin-etiqueta-medioambiental-2023\\\/#webpage\"},\"articleSection\":\"Coches\"},{\"@type\":\"BreadcrumbList\",\"@id\":\"https:\\\/\\\/dudasytextos.com\\\/cuanto-coche\\\/coches-sin-etiqueta-medioambiental-2023\\\/#breadcrumblist\",\"itemListElement\":[{\"@type\":\"ListItem\",\"@id\":\"https:\\\/\\\/dudasytextos.com\\\/cuanto-coche#listItem\",\"position\":1,\"name\":\"Inicio\",\"item\":\"https:\\\/\\\/dudasytextos.com\\\/cuanto-coche\",\"nextItem\":{\"@type\":\"ListItem\",\"@id\":\"https:\\\/\\\/dudasytextos.com\\\/cuanto-coche\\\/category\\\/coches\\\/#listItem\",\"name\":\"Coches\"}},{\"@type\":\"ListItem\",\"@id\":\"https:\\\/\\\/dudasytextos.com\\\/cuanto-coche\\\/category\\\/coches\\\/#listItem\",\"position\":2,\"name\":\"Coches\",\"item\":\"https:\\\/\\\/dudasytextos.com\\\/cuanto-coche\\\/category\\\/coches\\\/\",\"nextItem\":{\"@type\":\"ListItem\",\"@id\":\"https:\\\/\\\/dudasytextos.com\\\/cuanto-coche\\\/coches-sin-etiqueta-medioambiental-2023\\\/#listItem\",\"name\":\"Coches sin etiqueta medioambiental 2023\"},\"previousItem\":{\"@type\":\"ListItem\",\"@id\":\"https:\\\/\\\/dudasytextos.com\\\/cuanto-coche#listItem\",\"name\":\"Inicio\"}},{\"@type\":\"ListItem\",\"@id\":\"https:\\\/\\\/dudasytextos.com\\\/cuanto-coche\\\/coches-sin-etiqueta-medioambiental-2023\\\/#listItem\",\"position\":3,\"name\":\"Coches sin etiqueta medioambiental 2023\",\"previousItem\":{\"@type\":\"ListItem\",\"@id\":\"https:\\\/\\\/dudasytextos.com\\\/cuanto-coche\\\/category\\\/coches\\\/#listItem\",\"name\":\"Coches\"}}]},{\"@type\":\"Organization\",\"@id\":\"https:\\\/\\\/dudasytextos.com\\\/cuanto-coche\\\/#organization\",\"name\":\"\\u00bfC\\u00f3mo funciona?\",\"description\":\"Cu\\u00e1nto coche!\",\"url\":\"https:\\\/\\\/dudasytextos.com\\\/cuanto-coche\\\/\"},{\"@type\":\"Person\",\"@id\":\"https:\\\/\\\/dudasytextos.com\\\/cuanto-coche\\\/author\\\/admin44\\\/#author\",\"url\":\"https:\\\/\\\/dudasytextos.com\\\/cuanto-coche\\\/author\\\/admin44\\\/\",\"name\":\"Ana Gonz\\u00e1lez\"},{\"@type\":\"WebPage\",\"@id\":\"https:\\\/\\\/dudasytextos.com\\\/cuanto-coche\\\/coches-sin-etiqueta-medioambiental-2023\\\/#webpage\",\"url\":\"https:\\\/\\\/dudasytextos.com\\\/cuanto-coche\\\/coches-sin-etiqueta-medioambiental-2023\\\/\",\"name\":\"Coches sin etiqueta medioambiental 2023 (2026) Cu\\u00e1nto coche!\",\"description\":\"Coches Sin Etiqueta Medioambiental 2023 Por Ana Gonz\\u00e1lez Curiosidades sobre los Coches Sin Etiqueta Medioambiental 2023 Los coches sin etiqueta medioambiental no podr\\u00e1n circular por la zona de bajas emisiones de Barcelona a partir de 2023. Estos veh\\u00edculos emiten m\\u00e1s de 120 gramos de CO2 por kil\\u00f3metro y no cumplen con los est\\u00e1ndares de emisiones\",\"inLanguage\":\"es-ES\",\"isPartOf\":{\"@id\":\"https:\\\/\\\/dudasytextos.com\\\/cuanto-coche\\\/#website\"},\"breadcrumb\":{\"@id\":\"https:\\\/\\\/dudasytextos.com\\\/cuanto-coche\\\/coches-sin-etiqueta-medioambiental-2023\\\/#breadcrumblist\"},\"author\":{\"@id\":\"https:\\\/\\\/dudasytextos.com\\\/cuanto-coche\\\/author\\\/admin44\\\/#author\"},\"creator\":{\"@id\":\"https:\\\/\\\/dudasytextos.com\\\/cuanto-coche\\\/author\\\/admin44\\\/#author\"},\"datePublished\":\"2025-02-23T10:47:56+00:00\",\"dateModified\":\"2025-03-13T03:09:34+00:00\"},{\"@type\":\"WebSite\",\"@id\":\"https:\\\/\\\/dudasytextos.com\\\/cuanto-coche\\\/#website\",\"url\":\"https:\\\/\\\/dudasytextos.com\\\/cuanto-coche\\\/\",\"name\":\"\\u00bfC\\u00f3mo funciona?\",\"description\":\"Cu\\u00e1nto coche!\",\"inLanguage\":\"es-ES\",\"publisher\":{\"@id\":\"https:\\\/\\\/dudasytextos.com\\\/cuanto-coche\\\/#organization\"}}]}\n\t\t<\/script>\n\t\t<!-- All in One SEO -->\n\n","aioseo_head_json":{"title":"Coches sin etiqueta medioambiental 2023 (2026) Cu\u00e1nto coche!","description":"Coches Sin Etiqueta Medioambiental 2023 Por Ana Gonz\u00e1lez Curiosidades sobre los Coches Sin Etiqueta Medioambiental 2023 Los coches sin etiqueta medioambiental no podr\u00e1n circular por la zona de bajas emisiones de Barcelona a partir de 2023. Estos veh\u00edculos emiten m\u00e1s de 120 gramos de CO2 por kil\u00f3metro y no cumplen con los est\u00e1ndares de emisiones","canonical_url":"https:\/\/dudasytextos.com\/cuanto-coche\/coches-sin-etiqueta-medioambiental-2023\/","robots":"max-snippet:-1, max-image-preview:large, max-video-preview:-1","keywords":"","webmasterTools":{"miscellaneous":"&lt;!-- Google tag (gtag.js) --&gt;\n&lt;script async src=\"https:\/\/www.googletagmanager.com\/gtag\/js?id=G-RSY5PMZ1Y5\"&gt;&lt;\/script&gt;\n&lt;script&gt;\n  window.dataLayer = window.dataLayer || [];\n  function gtag(){dataLayer.push(arguments);}\n  gtag('js', new Date());\n\n  gtag('config', 'G-RSY5PMZ1Y5');\n&lt;\/script&gt;\n&lt;script async src=\"https:\/\/pagead2.googlesyndication.com\/pagead\/js\/adsbygoogle.js?client=ca-pub-3987500858204711\"\n     crossorigin=\"anonymous\"&gt;&lt;\/script&gt;"},"schema":{"@context":"https:\/\/schema.org","@graph":[{"@type":"BlogPosting","@id":"https:\/\/dudasytextos.com\/cuanto-coche\/coches-sin-etiqueta-medioambiental-2023\/#blogposting","name":"Coches sin etiqueta medioambiental 2023 (2026) Cu\u00e1nto coche!","headline":"Coches sin etiqueta medioambiental 2023","author":{"@id":"https:\/\/dudasytextos.com\/cuanto-coche\/author\/admin44\/#author"},"publisher":{"@id":"https:\/\/dudasytextos.com\/cuanto-coche\/#organization"},"datePublished":"2025-02-23T10:47:56+00:00","dateModified":"2025-03-13T03:09:34+00:00","inLanguage":"es-ES","mainEntityOfPage":{"@id":"https:\/\/dudasytextos.com\/cuanto-coche\/coches-sin-etiqueta-medioambiental-2023\/#webpage"},"isPartOf":{"@id":"https:\/\/dudasytextos.com\/cuanto-coche\/coches-sin-etiqueta-medioambiental-2023\/#webpage"},"articleSection":"Coches"},{"@type":"BreadcrumbList","@id":"https:\/\/dudasytextos.com\/cuanto-coche\/coches-sin-etiqueta-medioambiental-2023\/#breadcrumblist","itemListElement":[{"@type":"ListItem","@id":"https:\/\/dudasytextos.com\/cuanto-coche#listItem","position":1,"name":"Inicio","item":"https:\/\/dudasytextos.com\/cuanto-coche","nextItem":{"@type":"ListItem","@id":"https:\/\/dudasytextos.com\/cuanto-coche\/category\/coches\/#listItem","name":"Coches"}},{"@type":"ListItem","@id":"https:\/\/dudasytextos.com\/cuanto-coche\/category\/coches\/#listItem","position":2,"name":"Coches","item":"https:\/\/dudasytextos.com\/cuanto-coche\/category\/coches\/","nextItem":{"@type":"ListItem","@id":"https:\/\/dudasytextos.com\/cuanto-coche\/coches-sin-etiqueta-medioambiental-2023\/#listItem","name":"Coches sin etiqueta medioambiental 2023"},"previousItem":{"@type":"ListItem","@id":"https:\/\/dudasytextos.com\/cuanto-coche#listItem","name":"Inicio"}},{"@type":"ListItem","@id":"https:\/\/dudasytextos.com\/cuanto-coche\/coches-sin-etiqueta-medioambiental-2023\/#listItem","position":3,"name":"Coches sin etiqueta medioambiental 2023","previousItem":{"@type":"ListItem","@id":"https:\/\/dudasytextos.com\/cuanto-coche\/category\/coches\/#listItem","name":"Coches"}}]},{"@type":"Organization","@id":"https:\/\/dudasytextos.com\/cuanto-coche\/#organization","name":"\u00bfC\u00f3mo funciona?","description":"Cu\u00e1nto coche!","url":"https:\/\/dudasytextos.com\/cuanto-coche\/"},{"@type":"Person","@id":"https:\/\/dudasytextos.com\/cuanto-coche\/author\/admin44\/#author","url":"https:\/\/dudasytextos.com\/cuanto-coche\/author\/admin44\/","name":"Ana Gonz\u00e1lez"},{"@type":"WebPage","@id":"https:\/\/dudasytextos.com\/cuanto-coche\/coches-sin-etiqueta-medioambiental-2023\/#webpage","url":"https:\/\/dudasytextos.com\/cuanto-coche\/coches-sin-etiqueta-medioambiental-2023\/","name":"Coches sin etiqueta medioambiental 2023 (2026) Cu\u00e1nto coche!","description":"Coches Sin Etiqueta Medioambiental 2023 Por Ana Gonz\u00e1lez Curiosidades sobre los Coches Sin Etiqueta Medioambiental 2023 Los coches sin etiqueta medioambiental no podr\u00e1n circular por la zona de bajas emisiones de Barcelona a partir de 2023. Estos veh\u00edculos emiten m\u00e1s de 120 gramos de CO2 por kil\u00f3metro y no cumplen con los est\u00e1ndares de emisiones","inLanguage":"es-ES","isPartOf":{"@id":"https:\/\/dudasytextos.com\/cuanto-coche\/#website"},"breadcrumb":{"@id":"https:\/\/dudasytextos.com\/cuanto-coche\/coches-sin-etiqueta-medioambiental-2023\/#breadcrumblist"},"author":{"@id":"https:\/\/dudasytextos.com\/cuanto-coche\/author\/admin44\/#author"},"creator":{"@id":"https:\/\/dudasytextos.com\/cuanto-coche\/author\/admin44\/#author"},"datePublished":"2025-02-23T10:47:56+00:00","dateModified":"2025-03-13T03:09:34+00:00"},{"@type":"WebSite","@id":"https:\/\/dudasytextos.com\/cuanto-coche\/#website","url":"https:\/\/dudasytextos.com\/cuanto-coche\/","name":"\u00bfC\u00f3mo funciona?","description":"Cu\u00e1nto coche!","inLanguage":"es-ES","publisher":{"@id":"https:\/\/dudasytextos.com\/cuanto-coche\/#organization"}}]},"og:locale":"es_ES","og:site_name":"Cu\u00e1nto coche! - Cu\u00e1nto coche!","og:type":"article","og:title":"Coches sin etiqueta medioambiental 2023 (2026) Cu\u00e1nto coche!","og:description":"Coches Sin Etiqueta Medioambiental 2023 Por Ana Gonz\u00e1lez Curiosidades sobre los Coches Sin Etiqueta Medioambiental 2023 Los coches sin etiqueta medioambiental no podr\u00e1n circular por la zona de bajas emisiones de Barcelona a partir de 2023. Estos veh\u00edculos emiten m\u00e1s de 120 gramos de CO2 por kil\u00f3metro y no cumplen con los est\u00e1ndares de emisiones","og:url":"https:\/\/dudasytextos.com\/cuanto-coche\/coches-sin-etiqueta-medioambiental-2023\/","article:published_time":"2025-02-23T10:47:56+00:00","article:modified_time":"2025-03-13T03:09:34+00:00","twitter:card":"summary_large_image","twitter:title":"Coches sin etiqueta medioambiental 2023 (2026) Cu\u00e1nto coche!","twitter:description":"Coches Sin Etiqueta Medioambiental 2023 Por Ana Gonz\u00e1lez Curiosidades sobre los Coches Sin Etiqueta Medioambiental 2023 Los coches sin etiqueta medioambiental no podr\u00e1n circular por la zona de bajas emisiones de Barcelona a partir de 2023. Estos veh\u00edculos emiten m\u00e1s de 120 gramos de CO2 por kil\u00f3metro y no cumplen con los est\u00e1ndares de emisiones"},"aioseo_meta_data":{"post_id":"159125","title":null,"description":null,"keywords":null,"keyphrases":null,"primary_term":null,"canonical_url":null,"og_title":null,"og_description":null,"og_object_type":"default","og_image_type":"default","og_image_url":null,"og_image_width":null,"og_image_height":null,"og_image_custom_url":null,"og_image_custom_fields":null,"og_video":null,"og_custom_url":null,"og_article_section":null,"og_article_tags":null,"twitter_use_og":false,"twitter_card":"default","twitter_image_type":"default","twitter_image_url":null,"twitter_image_custom_url":null,"twitter_image_custom_fields":null,"twitter_title":null,"twitter_description":null,"schema":{"blockGraphs":[],"customGraphs":[],"default":{"data":{"Article":[],"Course":[],"Dataset":[],"FAQPage":[],"Movie":[],"Person":[],"Product":[],"ProductReview":[],"Car":[],"Recipe":[],"Service":[],"SoftwareApplication":[],"WebPage":[]},"graphName":"","isEnabled":true},"graphs":[]},"schema_type":"default","schema_type_options":null,"pillar_content":false,"robots_default":true,"robots_noindex":false,"robots_noarchive":false,"robots_nosnippet":false,"robots_nofollow":false,"robots_noimageindex":false,"robots_noodp":false,"robots_notranslate":false,"robots_max_snippet":null,"robots_max_videopreview":null,"robots_max_imagepreview":"large","priority":null,"frequency":null,"local_seo":null,"breadcrumb_settings":null,"limit_modified_date":false,"ai":null,"created":"2023-05-12 12:45:57","updated":"2025-06-04 02:41:07","seo_analyzer_scan_date":null,"focus_keyword":null,"additional_keywords":null,"truseo_locale":null},"aioseo_breadcrumb":"<div class=\"aioseo-breadcrumbs\"><span class=\"aioseo-breadcrumb\">\n\t\t\t<a href=\"https:\/\/dudasytextos.com\/cuanto-coche\" title=\"Inicio\">Inicio<\/a>\n\t\t<\/span><span class=\"aioseo-breadcrumb-separator\">&raquo;<\/span><span class=\"aioseo-breadcrumb\">\n\t\t\t<a href=\"https:\/\/dudasytextos.com\/cuanto-coche\/category\/coches\/\" title=\"Coches\">Coches<\/a>\n\t\t<\/span><span class=\"aioseo-breadcrumb-separator\">&raquo;<\/span><span class=\"aioseo-breadcrumb\">\n\t\t\tCoches sin etiqueta medioambiental 2023\n\t\t<\/span><\/div>","aioseo_breadcrumb_json":[{"label":"Inicio","link":"https:\/\/dudasytextos.com\/cuanto-coche"},{"label":"Coches","link":"https:\/\/dudasytextos.com\/cuanto-coche\/category\/coches\/"},{"label":"Coches sin etiqueta medioambiental 2023","link":"https:\/\/dudasytextos.com\/cuanto-coche\/coches-sin-etiqueta-medioambiental-2023\/"}],"_links":{"self":[{"href":"https:\/\/dudasytextos.com\/cuanto-coche\/wp-json\/wp\/v2\/posts\/159125","targetHints":{"allow":["GET"]}}],"collection":[{"href":"https:\/\/dudasytextos.com\/cuanto-coche\/wp-json\/wp\/v2\/posts"}],"about":[{"href":"https:\/\/dudasytextos.com\/cuanto-coche\/wp-json\/wp\/v2\/types\/post"}],"author":[{"embeddable":true,"href":"https:\/\/dudasytextos.com\/cuanto-coche\/wp-json\/wp\/v2\/users\/1"}],"replies":[{"embeddable":true,"href":"https:\/\/dudasytextos.com\/cuanto-coche\/wp-json\/wp\/v2\/comments?post=159125"}],"version-history":[{"count":1,"href":"https:\/\/dudasytextos.com\/cuanto-coche\/wp-json\/wp\/v2\/posts\/159125\/revisions"}],"predecessor-version":[{"id":160694,"href":"https:\/\/dudasytextos.com\/cuanto-coche\/wp-json\/wp\/v2\/posts\/159125\/revisions\/160694"}],"wp:attachment":[{"href":"https:\/\/dudasytextos.com\/cuanto-coche\/wp-json\/wp\/v2\/media?parent=159125"}],"wp:term":[{"taxonomy":"category","embeddable":true,"href":"https:\/\/dudasytextos.com\/cuanto-coche\/wp-json\/wp\/v2\/categories?post=159125"},{"taxonomy":"post_tag","embeddable":true,"href":"https:\/\/dudasytextos.com\/cuanto-coche\/wp-json\/wp\/v2\/tags?post=159125"}],"curies":[{"name":"wp","href":"https:\/\/api.w.org\/{rel}","templated":true}]}}