{"id":159743,"date":"2025-03-08T13:09:02","date_gmt":"2025-03-08T13:09:02","guid":{"rendered":"https:\/\/educacion.cc\/?p=159743"},"modified":"2025-03-13T07:38:56","modified_gmt":"2025-03-13T07:38:56","slug":"se-puede-vender-un-coche-dado-de-baja-temporal","status":"publish","type":"post","link":"https:\/\/dudasytextos.com\/cuanto-coche\/se-puede-vender-un-coche-dado-de-baja-temporal\/","title":{"rendered":"Se puede vender un coche dado de baja temporal"},"content":{"rendered":"<div id=\"ez-toc-container\" class=\"ez-toc-v2_0_87 counter-hierarchy ez-toc-counter ez-toc-custom ez-toc-container-direction\">\n<div class=\"ez-toc-title-container\">\n<span class=\"ez-toc-title-toggle\"><\/span><\/div>\n<nav><ul class='ez-toc-list ez-toc-list-level-1 ' ><li class='ez-toc-page-1 ez-toc-heading-level-2'><a class=\"ez-toc-link ez-toc-heading-1\" href=\"https:\/\/dudasytextos.com\/cuanto-coche\/se-puede-vender-un-coche-dado-de-baja-temporal\/#%C2%BFSe_Puede_Vender_Un_Coche_Dado_De_Baja_Temporal\" >\u00bfSe Puede Vender Un Coche Dado De Baja Temporal?<\/a><\/li><li class='ez-toc-page-1 ez-toc-heading-level-2'><a class=\"ez-toc-link ez-toc-heading-2\" href=\"https:\/\/dudasytextos.com\/cuanto-coche\/se-puede-vender-un-coche-dado-de-baja-temporal\/#Mi_Experiencia_Personal\" >Mi Experiencia Personal<\/a><\/li><li class='ez-toc-page-1 ez-toc-heading-level-2'><a class=\"ez-toc-link ez-toc-heading-3\" href=\"https:\/\/dudasytextos.com\/cuanto-coche\/se-puede-vender-un-coche-dado-de-baja-temporal\/#Curiosidades_y_Datos_Interesantes\" >Curiosidades y Datos Interesantes<\/a><\/li><li class='ez-toc-page-1 ez-toc-heading-level-2'><a class=\"ez-toc-link ez-toc-heading-4\" href=\"https:\/\/dudasytextos.com\/cuanto-coche\/se-puede-vender-un-coche-dado-de-baja-temporal\/#Mi_Experiencia_Personal-2\" >Mi Experiencia Personal<\/a><\/li><li class='ez-toc-page-1 ez-toc-heading-level-2'><a class=\"ez-toc-link ez-toc-heading-5\" href=\"https:\/\/dudasytextos.com\/cuanto-coche\/se-puede-vender-un-coche-dado-de-baja-temporal\/#Requisitos_para_Vender_un_Coche_Dado_de_Baja_Temporal\" >Requisitos para Vender un Coche Dado de Baja Temporal<\/a><\/li><li class='ez-toc-page-1 ez-toc-heading-level-2'><a class=\"ez-toc-link ez-toc-heading-6\" href=\"https:\/\/dudasytextos.com\/cuanto-coche\/se-puede-vender-un-coche-dado-de-baja-temporal\/#%C2%BFPor_Que_Vender_un_Coche_Dado_de_Baja_Temporal\" >\u00bfPor Qu\u00e9 Vender un Coche Dado de Baja Temporal?<\/a><\/li><li class='ez-toc-page-1 ez-toc-heading-level-2'><a class=\"ez-toc-link ez-toc-heading-7\" href=\"https:\/\/dudasytextos.com\/cuanto-coche\/se-puede-vender-un-coche-dado-de-baja-temporal\/#Preguntas_Frecuentes\" >Preguntas Frecuentes<\/a><ul class='ez-toc-list-level-3' ><li class='ez-toc-heading-level-3'><a class=\"ez-toc-link ez-toc-heading-8\" href=\"https:\/\/dudasytextos.com\/cuanto-coche\/se-puede-vender-un-coche-dado-de-baja-temporal\/#%C2%BFPuedo_vender_un_coche_dado_de_baja_temporal\" >\u00bfPuedo vender un coche dado de baja temporal?<\/a><\/li><li class='ez-toc-page-1 ez-toc-heading-level-3'><a class=\"ez-toc-link ez-toc-heading-9\" href=\"https:\/\/dudasytextos.com\/cuanto-coche\/se-puede-vender-un-coche-dado-de-baja-temporal\/#%C2%BFCuanto_tiempo_tarda_en_darse_de_alta_un_coche\" >\u00bfCu\u00e1nto tiempo tarda en darse de alta un coche?<\/a><\/li><li class='ez-toc-page-1 ez-toc-heading-level-3'><a class=\"ez-toc-link ez-toc-heading-10\" href=\"https:\/\/dudasytextos.com\/cuanto-coche\/se-puede-vender-un-coche-dado-de-baja-temporal\/#%C2%BFCuanto_dinero_puedo_obtener_por_un_coche_dado_de_baja_temporal\" >\u00bfCu\u00e1nto dinero puedo obtener por un coche dado de baja temporal?<\/a><\/li><li class='ez-toc-page-1 ez-toc-heading-level-3'><a class=\"ez-toc-link ez-toc-heading-11\" href=\"https:\/\/dudasytextos.com\/cuanto-coche\/se-puede-vender-un-coche-dado-de-baja-temporal\/#%C2%BFEs_recomendable_vender_un_coche_dado_de_baja_temporal\" >\u00bfEs recomendable vender un coche dado de baja temporal?<\/a><\/li><\/ul><\/li><\/ul><\/nav><\/div>\n<h2><span class=\"ez-toc-section\" id=\"%C2%BFSe_Puede_Vender_Un_Coche_Dado_De_Baja_Temporal\"><\/span>\u00bfSe Puede Vender Un Coche Dado De Baja Temporal?<span class=\"ez-toc-section-end\"><\/span><\/h2>\n<h2><span class=\"ez-toc-section\" id=\"Mi_Experiencia_Personal\"><\/span>Mi Experiencia Personal<span class=\"ez-toc-section-end\"><\/span><\/h2>\n<p>Por Ana Gonz\u00e1lez<\/p>\n<section>\n<h2><span class=\"ez-toc-section\" id=\"Curiosidades_y_Datos_Interesantes\"><\/span>Curiosidades y Datos Interesantes<span class=\"ez-toc-section-end\"><\/span><\/h2>\n<ul>\n<li>En Espa\u00f1a, es posible dar de baja un veh\u00edculo temporalmente.<\/li>\n<li>La baja temporal implica que el veh\u00edculo no puede circular por la v\u00eda p\u00fablica y que no est\u00e1 obligado a pagar el impuesto de circulaci\u00f3n mientras dure la baja.<\/li>\n<li>La baja temporal tiene una duraci\u00f3n m\u00e1xima de 1 a\u00f1o, pero se puede renovar.<\/li>\n<li>Algunas personas se preguntan si es posible vender un coche dado de baja temporal.<\/li>\n<\/ul>\n<\/section>\n<section>\n<h2><span class=\"ez-toc-section\" id=\"Mi_Experiencia_Personal-2\"><\/span>Mi Experiencia Personal<span class=\"ez-toc-section-end\"><\/span><\/h2>\n<p>Hace unos meses, decid\u00ed dar de baja temporal mi coche porque no lo estaba utilizando. Pens\u00e9 que ser\u00eda una buena manera de ahorrar dinero en el impuesto de circulaci\u00f3n y en el seguro. Sin embargo, despu\u00e9s de unos meses, decid\u00ed que era el momento de venderlo.<\/p>\n<p>Me pregunt\u00e9 si ser\u00eda posible vender un coche que hab\u00eda sido dado de baja temporal. Investigu\u00e9 un poco y descubr\u00ed que s\u00ed era posible, pero que hab\u00eda que seguir algunos pasos y cumplir ciertos requisitos.<\/p>\n<p>En este art\u00edculo, quiero compartir contigo mi experiencia personal y darte toda la informaci\u00f3n que necesitas para vender tu coche sin problemas si ha sido dado de baja temporal.<\/p>\n<\/section>\n<section>\n<h2><span class=\"ez-toc-section\" id=\"Requisitos_para_Vender_un_Coche_Dado_de_Baja_Temporal\"><\/span>Requisitos para Vender un Coche Dado de Baja Temporal<span class=\"ez-toc-section-end\"><\/span><\/h2>\n<p>Si quieres vender un coche que ha sido dado de baja temporal, debes cumplir los siguientes requisitos:<\/p>\n<ul>\n<li>El coche debe tener todos los papeles en regla, incluyendo la documentaci\u00f3n de la baja temporal.<\/li>\n<li>Debes dar de alta el coche temporalmente antes de venderlo. Esto implica pagar el impuesto de circulaci\u00f3n correspondiente al tiempo que el coche ha estado dado de baja temporal.<\/li>\n<li>Es recomendable hacer una revisi\u00f3n mec\u00e1nica del coche antes de venderlo para asegurarte de que est\u00e1 en buen estado.<\/li>\n<\/ul>\n<p>Una vez que hayas cumplido con estos requisitos, puedes proceder a vender tu coche como cualquier otro veh\u00edculo.<\/p>\n<\/section>\n<section>\n<h2><span class=\"ez-toc-section\" id=\"%C2%BFPor_Que_Vender_un_Coche_Dado_de_Baja_Temporal\"><\/span>\u00bfPor Qu\u00e9 Vender un Coche Dado de Baja Temporal?<span class=\"ez-toc-section-end\"><\/span><\/h2>\n<p>Existen varias razones por las que alguien podr\u00eda querer vender un coche que ha sido dado de baja temporal:<\/p>\n<ul>\n<li>Ya no necesita el coche y quiere sacarle provecho econ\u00f3mico.<\/li>\n<li>No desea seguir pagando el impuesto de circulaci\u00f3n y el seguro de un coche que no utiliza.<\/li>\n<li>Necesita dinero urgente y tiene un coche que puede vender.<\/li>\n<\/ul>\n<p>Sea cual sea tu motivo, es importante que sepas que es posible vender un coche dado de baja temporal y que puedes obtener una buena cantidad de dinero si el coche est\u00e1 en buen estado.<\/p>\n<\/section>\n<section>\n<h2><span class=\"ez-toc-section\" id=\"Preguntas_Frecuentes\"><\/span>Preguntas Frecuentes<span class=\"ez-toc-section-end\"><\/span><\/h2>\n<h3><span class=\"ez-toc-section\" id=\"%C2%BFPuedo_vender_un_coche_dado_de_baja_temporal\"><\/span>\u00bfPuedo vender un coche dado de baja temporal?<span class=\"ez-toc-section-end\"><\/span><\/h3>\n<p>S\u00ed, es posible vender un coche que ha sido dado de baja temporal. Debes dar de alta el coche temporalmente antes de venderlo y asegurarte de que todos los papeles est\u00e1n en regla.<\/p>\n<h3><span class=\"ez-toc-section\" id=\"%C2%BFCuanto_tiempo_tarda_en_darse_de_alta_un_coche\"><\/span>\u00bfCu\u00e1nto tiempo tarda en darse de alta un coche?<span class=\"ez-toc-section-end\"><\/span><\/h3>\n<p>El tiempo que tarda en darse de alta un coche depende de cada tr\u00e1mite y de la gestor\u00eda que elijas. En general, puede tardar entre 24 y 72 horas.<\/p>\n<h3><span class=\"ez-toc-section\" id=\"%C2%BFCuanto_dinero_puedo_obtener_por_un_coche_dado_de_baja_temporal\"><\/span>\u00bfCu\u00e1nto dinero puedo obtener por un coche dado de baja temporal?<span class=\"ez-toc-section-end\"><\/span><\/h3>\n<p>El precio de un coche dado de baja temporal depende de varios factores, como el modelo, el a\u00f1o de fabricaci\u00f3n, el estado del coche y la demanda en el mercado. Es recomendable hacer una tasaci\u00f3n para obtener una valoraci\u00f3n m\u00e1s precisa.<\/p>\n<h3><span class=\"ez-toc-section\" id=\"%C2%BFEs_recomendable_vender_un_coche_dado_de_baja_temporal\"><\/span>\u00bfEs recomendable vender un coche dado de baja temporal?<span class=\"ez-toc-section-end\"><\/span><\/h3>\n<p>Si ya no necesitas el coche y quieres obtener dinero por \u00e9l, vender un coche dado de baja temporal puede ser una buena opci\u00f3n. Sin embargo, debes asegurarte de que todos los papeles est\u00e1n en regla y de que el coche est\u00e1 en buen estado antes de venderlo.<\/p>\n<\/section>\n<footer>\n<p>\u00a9 Ana Gonz\u00e1lez &#8211; Todos los derechos reservados<\/p>\n<\/footer>\n","protected":false},"excerpt":{"rendered":"<p>\u00bfSe Puede Vender Un Coche Dado De Baja Temporal? Mi Experiencia Personal Por Ana Gonz\u00e1lez Curiosidades y Datos Interesantes En Espa\u00f1a, es posible dar de baja un veh\u00edculo temporalmente. La baja temporal implica que el veh\u00edculo no puede circular por la v\u00eda p\u00fablica y que no est\u00e1 obligado a pagar el impuesto de circulaci\u00f3n mientras &#8230; <a title=\"Se puede vender un coche dado de baja temporal\" class=\"read-more\" href=\"https:\/\/dudasytextos.com\/cuanto-coche\/se-puede-vender-un-coche-dado-de-baja-temporal\/\" aria-label=\"M\u00e1s en Se puede vender un coche dado de baja temporal\">Leer m\u00e1s<\/a><\/p>\n","protected":false},"author":1,"featured_media":0,"comment_status":"open","ping_status":"open","sticky":false,"template":"","format":"standard","meta":{"footnotes":""},"categories":[6,4],"tags":[],"class_list":["post-159743","post","type-post","status-publish","format-standard","hentry","category-se-puede","category-coches"],"aioseo_notices":[],"aioseo_head":"\n\t\t<!-- All in One SEO 5.0.1.1 - aioseo.com -->\n\t<meta name=\"description\" content=\"\u00bfSe Puede Vender Un Coche Dado De Baja Temporal? Mi Experiencia Personal Por Ana Gonz\u00e1lez Curiosidades y Datos Interesantes En Espa\u00f1a, es posible dar de baja un veh\u00edculo temporalmente. La baja temporal implica que el veh\u00edculo no puede circular por la v\u00eda p\u00fablica y que no est\u00e1 obligado a pagar el impuesto de circulaci\u00f3n mientras\" \/>\n\t<meta name=\"robots\" content=\"max-snippet:-1, max-image-preview:large, max-video-preview:-1\" \/>\n\t<meta name=\"author\" content=\"Ana Gonz\u00e1lez\"\/>\n\t<link rel=\"canonical\" href=\"https:\/\/dudasytextos.com\/cuanto-coche\/se-puede-vender-un-coche-dado-de-baja-temporal\/\" \/>\n\t<meta name=\"generator\" content=\"All in One SEO (AIOSEO) 5.0.1.1\" \/>\n\n\t\t<!-- Google tag (gtag.js) -->\n<script async src=\"https:\/\/www.googletagmanager.com\/gtag\/js?id=G-RSY5PMZ1Y5\"><\/script>\n<script>\n  window.dataLayer = window.dataLayer || [];\n  function gtag(){dataLayer.push(arguments);}\n  gtag('js', new Date());\n\n  gtag('config', 'G-RSY5PMZ1Y5');\n<\/script>\n<script async src=\"https:\/\/pagead2.googlesyndication.com\/pagead\/js\/adsbygoogle.js?client=ca-pub-3987500858204711\"\n     crossorigin=\"anonymous\"><\/script>\n\t\t<meta property=\"og:locale\" content=\"es_ES\" \/>\n\t\t<meta property=\"og:site_name\" content=\"Cu\u00e1nto coche! - Cu\u00e1nto coche!\" \/>\n\t\t<meta property=\"og:type\" content=\"article\" \/>\n\t\t<meta property=\"og:title\" content=\"Se puede vender un coche dado de baja temporal (2026) Cu\u00e1nto coche!\" \/>\n\t\t<meta property=\"og:description\" content=\"\u00bfSe Puede Vender Un Coche Dado De Baja Temporal? Mi Experiencia Personal Por Ana Gonz\u00e1lez Curiosidades y Datos Interesantes En Espa\u00f1a, es posible dar de baja un veh\u00edculo temporalmente. La baja temporal implica que el veh\u00edculo no puede circular por la v\u00eda p\u00fablica y que no est\u00e1 obligado a pagar el impuesto de circulaci\u00f3n mientras\" \/>\n\t\t<meta property=\"og:url\" content=\"https:\/\/dudasytextos.com\/cuanto-coche\/se-puede-vender-un-coche-dado-de-baja-temporal\/\" \/>\n\t\t<meta property=\"article:published_time\" content=\"2025-03-08T13:09:02+00:00\" \/>\n\t\t<meta property=\"article:modified_time\" content=\"2025-03-13T07:38:56+00:00\" \/>\n\t\t<meta name=\"twitter:card\" content=\"summary_large_image\" \/>\n\t\t<meta name=\"twitter:title\" content=\"Se puede vender un coche dado de baja temporal (2026) Cu\u00e1nto coche!\" \/>\n\t\t<meta name=\"twitter:description\" content=\"\u00bfSe Puede Vender Un Coche Dado De Baja Temporal? Mi Experiencia Personal Por Ana Gonz\u00e1lez Curiosidades y Datos Interesantes En Espa\u00f1a, es posible dar de baja un veh\u00edculo temporalmente. La baja temporal implica que el veh\u00edculo no puede circular por la v\u00eda p\u00fablica y que no est\u00e1 obligado a pagar el impuesto de circulaci\u00f3n mientras\" \/>\n\t\t<script type=\"application\/ld+json\" class=\"aioseo-schema\">\n\t\t\t{\"@context\":\"https:\\\/\\\/schema.org\",\"@graph\":[{\"@type\":\"BlogPosting\",\"@id\":\"https:\\\/\\\/dudasytextos.com\\\/cuanto-coche\\\/se-puede-vender-un-coche-dado-de-baja-temporal\\\/#blogposting\",\"name\":\"Se puede vender un coche dado de baja temporal (2026) Cu\\u00e1nto coche!\",\"headline\":\"Se puede vender un coche dado de baja temporal\",\"author\":{\"@id\":\"https:\\\/\\\/dudasytextos.com\\\/cuanto-coche\\\/author\\\/admin44\\\/#author\"},\"publisher\":{\"@id\":\"https:\\\/\\\/dudasytextos.com\\\/cuanto-coche\\\/#organization\"},\"datePublished\":\"2025-03-08T13:09:02+00:00\",\"dateModified\":\"2025-03-13T07:38:56+00:00\",\"inLanguage\":\"es-ES\",\"mainEntityOfPage\":{\"@id\":\"https:\\\/\\\/dudasytextos.com\\\/cuanto-coche\\\/se-puede-vender-un-coche-dado-de-baja-temporal\\\/#webpage\"},\"isPartOf\":{\"@id\":\"https:\\\/\\\/dudasytextos.com\\\/cuanto-coche\\\/se-puede-vender-un-coche-dado-de-baja-temporal\\\/#webpage\"},\"articleSection\":\"\\u00bfSe puede?, Coches\"},{\"@type\":\"BreadcrumbList\",\"@id\":\"https:\\\/\\\/dudasytextos.com\\\/cuanto-coche\\\/se-puede-vender-un-coche-dado-de-baja-temporal\\\/#breadcrumblist\",\"itemListElement\":[{\"@type\":\"ListItem\",\"@id\":\"https:\\\/\\\/dudasytextos.com\\\/cuanto-coche#listItem\",\"position\":1,\"name\":\"Inicio\",\"item\":\"https:\\\/\\\/dudasytextos.com\\\/cuanto-coche\",\"nextItem\":{\"@type\":\"ListItem\",\"@id\":\"https:\\\/\\\/dudasytextos.com\\\/cuanto-coche\\\/category\\\/coches\\\/#listItem\",\"name\":\"Coches\"}},{\"@type\":\"ListItem\",\"@id\":\"https:\\\/\\\/dudasytextos.com\\\/cuanto-coche\\\/category\\\/coches\\\/#listItem\",\"position\":2,\"name\":\"Coches\",\"item\":\"https:\\\/\\\/dudasytextos.com\\\/cuanto-coche\\\/category\\\/coches\\\/\",\"nextItem\":{\"@type\":\"ListItem\",\"@id\":\"https:\\\/\\\/dudasytextos.com\\\/cuanto-coche\\\/se-puede-vender-un-coche-dado-de-baja-temporal\\\/#listItem\",\"name\":\"Se puede vender un coche dado de baja temporal\"},\"previousItem\":{\"@type\":\"ListItem\",\"@id\":\"https:\\\/\\\/dudasytextos.com\\\/cuanto-coche#listItem\",\"name\":\"Inicio\"}},{\"@type\":\"ListItem\",\"@id\":\"https:\\\/\\\/dudasytextos.com\\\/cuanto-coche\\\/se-puede-vender-un-coche-dado-de-baja-temporal\\\/#listItem\",\"position\":3,\"name\":\"Se puede vender un coche dado de baja temporal\",\"previousItem\":{\"@type\":\"ListItem\",\"@id\":\"https:\\\/\\\/dudasytextos.com\\\/cuanto-coche\\\/category\\\/coches\\\/#listItem\",\"name\":\"Coches\"}}]},{\"@type\":\"Organization\",\"@id\":\"https:\\\/\\\/dudasytextos.com\\\/cuanto-coche\\\/#organization\",\"name\":\"\\u00bfC\\u00f3mo funciona?\",\"description\":\"Cu\\u00e1nto coche!\",\"url\":\"https:\\\/\\\/dudasytextos.com\\\/cuanto-coche\\\/\"},{\"@type\":\"Person\",\"@id\":\"https:\\\/\\\/dudasytextos.com\\\/cuanto-coche\\\/author\\\/admin44\\\/#author\",\"url\":\"https:\\\/\\\/dudasytextos.com\\\/cuanto-coche\\\/author\\\/admin44\\\/\",\"name\":\"Ana Gonz\\u00e1lez\"},{\"@type\":\"WebPage\",\"@id\":\"https:\\\/\\\/dudasytextos.com\\\/cuanto-coche\\\/se-puede-vender-un-coche-dado-de-baja-temporal\\\/#webpage\",\"url\":\"https:\\\/\\\/dudasytextos.com\\\/cuanto-coche\\\/se-puede-vender-un-coche-dado-de-baja-temporal\\\/\",\"name\":\"Se puede vender un coche dado de baja temporal (2026) Cu\\u00e1nto coche!\",\"description\":\"\\u00bfSe Puede Vender Un Coche Dado De Baja Temporal? Mi Experiencia Personal Por Ana Gonz\\u00e1lez Curiosidades y Datos Interesantes En Espa\\u00f1a, es posible dar de baja un veh\\u00edculo temporalmente. La baja temporal implica que el veh\\u00edculo no puede circular por la v\\u00eda p\\u00fablica y que no est\\u00e1 obligado a pagar el impuesto de circulaci\\u00f3n mientras\",\"inLanguage\":\"es-ES\",\"isPartOf\":{\"@id\":\"https:\\\/\\\/dudasytextos.com\\\/cuanto-coche\\\/#website\"},\"breadcrumb\":{\"@id\":\"https:\\\/\\\/dudasytextos.com\\\/cuanto-coche\\\/se-puede-vender-un-coche-dado-de-baja-temporal\\\/#breadcrumblist\"},\"author\":{\"@id\":\"https:\\\/\\\/dudasytextos.com\\\/cuanto-coche\\\/author\\\/admin44\\\/#author\"},\"creator\":{\"@id\":\"https:\\\/\\\/dudasytextos.com\\\/cuanto-coche\\\/author\\\/admin44\\\/#author\"},\"datePublished\":\"2025-03-08T13:09:02+00:00\",\"dateModified\":\"2025-03-13T07:38:56+00:00\"},{\"@type\":\"WebSite\",\"@id\":\"https:\\\/\\\/dudasytextos.com\\\/cuanto-coche\\\/#website\",\"url\":\"https:\\\/\\\/dudasytextos.com\\\/cuanto-coche\\\/\",\"name\":\"\\u00bfC\\u00f3mo funciona?\",\"description\":\"Cu\\u00e1nto coche!\",\"inLanguage\":\"es-ES\",\"publisher\":{\"@id\":\"https:\\\/\\\/dudasytextos.com\\\/cuanto-coche\\\/#organization\"}}]}\n\t\t<\/script>\n\t\t<!-- All in One SEO -->\n\n","aioseo_head_json":{"title":"Se puede vender un coche dado de baja temporal (2026) Cu\u00e1nto coche!","description":"\u00bfSe Puede Vender Un Coche Dado De Baja Temporal? Mi Experiencia Personal Por Ana Gonz\u00e1lez Curiosidades y Datos Interesantes En Espa\u00f1a, es posible dar de baja un veh\u00edculo temporalmente. La baja temporal implica que el veh\u00edculo no puede circular por la v\u00eda p\u00fablica y que no est\u00e1 obligado a pagar el impuesto de circulaci\u00f3n mientras","canonical_url":"https:\/\/dudasytextos.com\/cuanto-coche\/se-puede-vender-un-coche-dado-de-baja-temporal\/","robots":"max-snippet:-1, max-image-preview:large, max-video-preview:-1","keywords":"","webmasterTools":{"miscellaneous":"&lt;!-- Google tag (gtag.js) --&gt;\n&lt;script async src=\"https:\/\/www.googletagmanager.com\/gtag\/js?id=G-RSY5PMZ1Y5\"&gt;&lt;\/script&gt;\n&lt;script&gt;\n  window.dataLayer = window.dataLayer || [];\n  function gtag(){dataLayer.push(arguments);}\n  gtag('js', new Date());\n\n  gtag('config', 'G-RSY5PMZ1Y5');\n&lt;\/script&gt;\n&lt;script async src=\"https:\/\/pagead2.googlesyndication.com\/pagead\/js\/adsbygoogle.js?client=ca-pub-3987500858204711\"\n     crossorigin=\"anonymous\"&gt;&lt;\/script&gt;"},"schema":{"@context":"https:\/\/schema.org","@graph":[{"@type":"BlogPosting","@id":"https:\/\/dudasytextos.com\/cuanto-coche\/se-puede-vender-un-coche-dado-de-baja-temporal\/#blogposting","name":"Se puede vender un coche dado de baja temporal (2026) Cu\u00e1nto coche!","headline":"Se puede vender un coche dado de baja temporal","author":{"@id":"https:\/\/dudasytextos.com\/cuanto-coche\/author\/admin44\/#author"},"publisher":{"@id":"https:\/\/dudasytextos.com\/cuanto-coche\/#organization"},"datePublished":"2025-03-08T13:09:02+00:00","dateModified":"2025-03-13T07:38:56+00:00","inLanguage":"es-ES","mainEntityOfPage":{"@id":"https:\/\/dudasytextos.com\/cuanto-coche\/se-puede-vender-un-coche-dado-de-baja-temporal\/#webpage"},"isPartOf":{"@id":"https:\/\/dudasytextos.com\/cuanto-coche\/se-puede-vender-un-coche-dado-de-baja-temporal\/#webpage"},"articleSection":"\u00bfSe puede?, Coches"},{"@type":"BreadcrumbList","@id":"https:\/\/dudasytextos.com\/cuanto-coche\/se-puede-vender-un-coche-dado-de-baja-temporal\/#breadcrumblist","itemListElement":[{"@type":"ListItem","@id":"https:\/\/dudasytextos.com\/cuanto-coche#listItem","position":1,"name":"Inicio","item":"https:\/\/dudasytextos.com\/cuanto-coche","nextItem":{"@type":"ListItem","@id":"https:\/\/dudasytextos.com\/cuanto-coche\/category\/coches\/#listItem","name":"Coches"}},{"@type":"ListItem","@id":"https:\/\/dudasytextos.com\/cuanto-coche\/category\/coches\/#listItem","position":2,"name":"Coches","item":"https:\/\/dudasytextos.com\/cuanto-coche\/category\/coches\/","nextItem":{"@type":"ListItem","@id":"https:\/\/dudasytextos.com\/cuanto-coche\/se-puede-vender-un-coche-dado-de-baja-temporal\/#listItem","name":"Se puede vender un coche dado de baja temporal"},"previousItem":{"@type":"ListItem","@id":"https:\/\/dudasytextos.com\/cuanto-coche#listItem","name":"Inicio"}},{"@type":"ListItem","@id":"https:\/\/dudasytextos.com\/cuanto-coche\/se-puede-vender-un-coche-dado-de-baja-temporal\/#listItem","position":3,"name":"Se puede vender un coche dado de baja temporal","previousItem":{"@type":"ListItem","@id":"https:\/\/dudasytextos.com\/cuanto-coche\/category\/coches\/#listItem","name":"Coches"}}]},{"@type":"Organization","@id":"https:\/\/dudasytextos.com\/cuanto-coche\/#organization","name":"\u00bfC\u00f3mo funciona?","description":"Cu\u00e1nto coche!","url":"https:\/\/dudasytextos.com\/cuanto-coche\/"},{"@type":"Person","@id":"https:\/\/dudasytextos.com\/cuanto-coche\/author\/admin44\/#author","url":"https:\/\/dudasytextos.com\/cuanto-coche\/author\/admin44\/","name":"Ana Gonz\u00e1lez"},{"@type":"WebPage","@id":"https:\/\/dudasytextos.com\/cuanto-coche\/se-puede-vender-un-coche-dado-de-baja-temporal\/#webpage","url":"https:\/\/dudasytextos.com\/cuanto-coche\/se-puede-vender-un-coche-dado-de-baja-temporal\/","name":"Se puede vender un coche dado de baja temporal (2026) Cu\u00e1nto coche!","description":"\u00bfSe Puede Vender Un Coche Dado De Baja Temporal? Mi Experiencia Personal Por Ana Gonz\u00e1lez Curiosidades y Datos Interesantes En Espa\u00f1a, es posible dar de baja un veh\u00edculo temporalmente. La baja temporal implica que el veh\u00edculo no puede circular por la v\u00eda p\u00fablica y que no est\u00e1 obligado a pagar el impuesto de circulaci\u00f3n mientras","inLanguage":"es-ES","isPartOf":{"@id":"https:\/\/dudasytextos.com\/cuanto-coche\/#website"},"breadcrumb":{"@id":"https:\/\/dudasytextos.com\/cuanto-coche\/se-puede-vender-un-coche-dado-de-baja-temporal\/#breadcrumblist"},"author":{"@id":"https:\/\/dudasytextos.com\/cuanto-coche\/author\/admin44\/#author"},"creator":{"@id":"https:\/\/dudasytextos.com\/cuanto-coche\/author\/admin44\/#author"},"datePublished":"2025-03-08T13:09:02+00:00","dateModified":"2025-03-13T07:38:56+00:00"},{"@type":"WebSite","@id":"https:\/\/dudasytextos.com\/cuanto-coche\/#website","url":"https:\/\/dudasytextos.com\/cuanto-coche\/","name":"\u00bfC\u00f3mo funciona?","description":"Cu\u00e1nto coche!","inLanguage":"es-ES","publisher":{"@id":"https:\/\/dudasytextos.com\/cuanto-coche\/#organization"}}]},"og:locale":"es_ES","og:site_name":"Cu\u00e1nto coche! - Cu\u00e1nto coche!","og:type":"article","og:title":"Se puede vender un coche dado de baja temporal (2026) Cu\u00e1nto coche!","og:description":"\u00bfSe Puede Vender Un Coche Dado De Baja Temporal? Mi Experiencia Personal Por Ana Gonz\u00e1lez Curiosidades y Datos Interesantes En Espa\u00f1a, es posible dar de baja un veh\u00edculo temporalmente. La baja temporal implica que el veh\u00edculo no puede circular por la v\u00eda p\u00fablica y que no est\u00e1 obligado a pagar el impuesto de circulaci\u00f3n mientras","og:url":"https:\/\/dudasytextos.com\/cuanto-coche\/se-puede-vender-un-coche-dado-de-baja-temporal\/","article:published_time":"2025-03-08T13:09:02+00:00","article:modified_time":"2025-03-13T07:38:56+00:00","twitter:card":"summary_large_image","twitter:title":"Se puede vender un coche dado de baja temporal (2026) Cu\u00e1nto coche!","twitter:description":"\u00bfSe Puede Vender Un Coche Dado De Baja Temporal? Mi Experiencia Personal Por Ana Gonz\u00e1lez Curiosidades y Datos Interesantes En Espa\u00f1a, es posible dar de baja un veh\u00edculo temporalmente. La baja temporal implica que el veh\u00edculo no puede circular por la v\u00eda p\u00fablica y que no est\u00e1 obligado a pagar el impuesto de circulaci\u00f3n mientras"},"aioseo_meta_data":{"post_id":"159743","title":null,"description":null,"keywords":null,"keyphrases":null,"primary_term":null,"canonical_url":null,"og_title":null,"og_description":null,"og_object_type":"default","og_image_type":"default","og_image_url":null,"og_image_width":null,"og_image_height":null,"og_image_custom_url":null,"og_image_custom_fields":null,"og_video":null,"og_custom_url":null,"og_article_section":null,"og_article_tags":null,"twitter_use_og":false,"twitter_card":"default","twitter_image_type":"default","twitter_image_url":null,"twitter_image_custom_url":null,"twitter_image_custom_fields":null,"twitter_title":null,"twitter_description":null,"schema":{"blockGraphs":[],"customGraphs":[],"default":{"data":{"Article":[],"Course":[],"Dataset":[],"FAQPage":[],"Movie":[],"Person":[],"Product":[],"ProductReview":[],"Car":[],"Recipe":[],"Service":[],"SoftwareApplication":[],"WebPage":[]},"graphName":"","isEnabled":true},"graphs":[]},"schema_type":"default","schema_type_options":null,"pillar_content":false,"robots_default":true,"robots_noindex":false,"robots_noarchive":false,"robots_nosnippet":false,"robots_nofollow":false,"robots_noimageindex":false,"robots_noodp":false,"robots_notranslate":false,"robots_max_snippet":null,"robots_max_videopreview":null,"robots_max_imagepreview":"large","priority":null,"frequency":null,"local_seo":null,"breadcrumb_settings":null,"limit_modified_date":false,"ai":null,"created":"2023-05-12 11:02:27","updated":"2025-06-04 13:01:16","seo_analyzer_scan_date":null,"focus_keyword":null,"additional_keywords":null,"truseo_locale":null},"aioseo_breadcrumb":"<div class=\"aioseo-breadcrumbs\"><span class=\"aioseo-breadcrumb\">\n\t\t\t<a href=\"https:\/\/dudasytextos.com\/cuanto-coche\" title=\"Inicio\">Inicio<\/a>\n\t\t<\/span><span class=\"aioseo-breadcrumb-separator\">&raquo;<\/span><span class=\"aioseo-breadcrumb\">\n\t\t\t<a href=\"https:\/\/dudasytextos.com\/cuanto-coche\/category\/coches\/\" title=\"Coches\">Coches<\/a>\n\t\t<\/span><span class=\"aioseo-breadcrumb-separator\">&raquo;<\/span><span class=\"aioseo-breadcrumb\">\n\t\t\tSe puede vender un coche dado de baja temporal\n\t\t<\/span><\/div>","aioseo_breadcrumb_json":[{"label":"Inicio","link":"https:\/\/dudasytextos.com\/cuanto-coche"},{"label":"Coches","link":"https:\/\/dudasytextos.com\/cuanto-coche\/category\/coches\/"},{"label":"Se puede vender un coche dado de baja temporal","link":"https:\/\/dudasytextos.com\/cuanto-coche\/se-puede-vender-un-coche-dado-de-baja-temporal\/"}],"_links":{"self":[{"href":"https:\/\/dudasytextos.com\/cuanto-coche\/wp-json\/wp\/v2\/posts\/159743","targetHints":{"allow":["GET"]}}],"collection":[{"href":"https:\/\/dudasytextos.com\/cuanto-coche\/wp-json\/wp\/v2\/posts"}],"about":[{"href":"https:\/\/dudasytextos.com\/cuanto-coche\/wp-json\/wp\/v2\/types\/post"}],"author":[{"embeddable":true,"href":"https:\/\/dudasytextos.com\/cuanto-coche\/wp-json\/wp\/v2\/users\/1"}],"replies":[{"embeddable":true,"href":"https:\/\/dudasytextos.com\/cuanto-coche\/wp-json\/wp\/v2\/comments?post=159743"}],"version-history":[{"count":1,"href":"https:\/\/dudasytextos.com\/cuanto-coche\/wp-json\/wp\/v2\/posts\/159743\/revisions"}],"predecessor-version":[{"id":160076,"href":"https:\/\/dudasytextos.com\/cuanto-coche\/wp-json\/wp\/v2\/posts\/159743\/revisions\/160076"}],"wp:attachment":[{"href":"https:\/\/dudasytextos.com\/cuanto-coche\/wp-json\/wp\/v2\/media?parent=159743"}],"wp:term":[{"taxonomy":"category","embeddable":true,"href":"https:\/\/dudasytextos.com\/cuanto-coche\/wp-json\/wp\/v2\/categories?post=159743"},{"taxonomy":"post_tag","embeddable":true,"href":"https:\/\/dudasytextos.com\/cuanto-coche\/wp-json\/wp\/v2\/tags?post=159743"}],"curies":[{"name":"wp","href":"https:\/\/api.w.org\/{rel}","templated":true}]}}