{"id":77523,"date":"2025-02-14T06:54:54","date_gmt":"2025-02-14T06:54:54","guid":{"rendered":"https:\/\/soleyantonio.es\/bronquitis-cuanto-tiempo-de-reposo\/"},"modified":"2025-03-12T12:40:36","modified_gmt":"2025-03-12T12:40:36","slug":"bronquitis-cuanto-tiempo-de-reposo","status":"publish","type":"post","link":"https:\/\/dudasytextos.com\/cuanto-tiempo\/bronquitis-cuanto-tiempo-de-reposo\/","title":{"rendered":"Bronquitis cu\u00e1nto tiempo de reposo"},"content":{"rendered":"<div id=\"ez-toc-container\" class=\"ez-toc-v2_0_87 counter-hierarchy ez-toc-counter ez-toc-custom ez-toc-container-direction\">\n<div class=\"ez-toc-title-container\">\n<span class=\"ez-toc-title-toggle\"><\/span><\/div>\n<nav><ul class='ez-toc-list ez-toc-list-level-1 ' ><li class='ez-toc-page-1 ez-toc-heading-level-2'><a class=\"ez-toc-link ez-toc-heading-1\" href=\"https:\/\/dudasytextos.com\/cuanto-tiempo\/bronquitis-cuanto-tiempo-de-reposo\/#Bronquitis_cuanto_tiempo_de_reposo\" >Bronquitis: cu\u00e1nto tiempo de reposo<\/a><\/li><li class='ez-toc-page-1 ez-toc-heading-level-2'><a class=\"ez-toc-link ez-toc-heading-2\" href=\"https:\/\/dudasytextos.com\/cuanto-tiempo\/bronquitis-cuanto-tiempo-de-reposo\/#Introduccion\" >Introducci\u00f3n<\/a><\/li><li class='ez-toc-page-1 ez-toc-heading-level-2'><a class=\"ez-toc-link ez-toc-heading-3\" href=\"https:\/\/dudasytextos.com\/cuanto-tiempo\/bronquitis-cuanto-tiempo-de-reposo\/#Curiosidades_e_informacion_interesante\" >Curiosidades e informaci\u00f3n interesante<\/a><\/li><li class='ez-toc-page-1 ez-toc-heading-level-2'><a class=\"ez-toc-link ez-toc-heading-4\" href=\"https:\/\/dudasytextos.com\/cuanto-tiempo\/bronquitis-cuanto-tiempo-de-reposo\/#%C2%BFCuanto_tiempo_de_reposo_se_necesita\" >\u00bfCu\u00e1nto tiempo de reposo se necesita?<\/a><\/li><li class='ez-toc-page-1 ez-toc-heading-level-2'><a class=\"ez-toc-link ez-toc-heading-5\" href=\"https:\/\/dudasytextos.com\/cuanto-tiempo\/bronquitis-cuanto-tiempo-de-reposo\/#Mi_experiencia_personal\" >Mi experiencia personal<\/a><\/li><li class='ez-toc-page-1 ez-toc-heading-level-2'><a class=\"ez-toc-link ez-toc-heading-6\" href=\"https:\/\/dudasytextos.com\/cuanto-tiempo\/bronquitis-cuanto-tiempo-de-reposo\/#Consejos_adicionales\" >Consejos adicionales<\/a><\/li><li class='ez-toc-page-1 ez-toc-heading-level-2'><a class=\"ez-toc-link ez-toc-heading-7\" href=\"https:\/\/dudasytextos.com\/cuanto-tiempo\/bronquitis-cuanto-tiempo-de-reposo\/#Preguntas_frecuentes\" >Preguntas frecuentes<\/a><ul class='ez-toc-list-level-3' ><li class='ez-toc-heading-level-3'><a class=\"ez-toc-link ez-toc-heading-8\" href=\"https:\/\/dudasytextos.com\/cuanto-tiempo\/bronquitis-cuanto-tiempo-de-reposo\/#%C2%BFCuanto_tiempo_dura_la_bronquitis\" >\u00bfCu\u00e1nto tiempo dura la bronquitis?<\/a><\/li><li class='ez-toc-page-1 ez-toc-heading-level-3'><a class=\"ez-toc-link ez-toc-heading-9\" href=\"https:\/\/dudasytextos.com\/cuanto-tiempo\/bronquitis-cuanto-tiempo-de-reposo\/#%C2%BFQue_puedo_hacer_para_acelerar_mi_recuperacion\" >\u00bfQu\u00e9 puedo hacer para acelerar mi recuperaci\u00f3n?<\/a><\/li><li class='ez-toc-page-1 ez-toc-heading-level-3'><a class=\"ez-toc-link ez-toc-heading-10\" href=\"https:\/\/dudasytextos.com\/cuanto-tiempo\/bronquitis-cuanto-tiempo-de-reposo\/#%C2%BFCuando_debo_consultar_a_un_medico\" >\u00bfCu\u00e1ndo debo consultar a un m\u00e9dico?<\/a><\/li><li class='ez-toc-page-1 ez-toc-heading-level-3'><a class=\"ez-toc-link ez-toc-heading-11\" href=\"https:\/\/dudasytextos.com\/cuanto-tiempo\/bronquitis-cuanto-tiempo-de-reposo\/#%C2%BFPuedo_volver_a_trabajar_o_estudiar_durante_la_bronquitis\" >\u00bfPuedo volver a trabajar o estudiar durante la bronquitis?<\/a><\/li><li class='ez-toc-page-1 ez-toc-heading-level-3'><a class=\"ez-toc-link ez-toc-heading-12\" href=\"https:\/\/dudasytextos.com\/cuanto-tiempo\/bronquitis-cuanto-tiempo-de-reposo\/#%C2%BFLa_bronquitis_es_contagiosa\" >\u00bfLa bronquitis es contagiosa?<\/a><\/li><\/ul><\/li><\/ul><\/nav><\/div>\n<h2><span class=\"ez-toc-section\" id=\"Bronquitis_cuanto_tiempo_de_reposo\"><\/span>Bronquitis: cu\u00e1nto tiempo de reposo<span class=\"ez-toc-section-end\"><\/span><\/h2>\n<h2><span class=\"ez-toc-section\" id=\"Introduccion\"><\/span>Introducci\u00f3n<span class=\"ez-toc-section-end\"><\/span><\/h2>\n<p>Hola, soy Ana Gonz\u00e1lez y en este art\u00edculo te hablar\u00e9 sobre la bronquitis y cu\u00e1nto <a href=\"https:\/\/dudasytextos.com\/cuanto-tiempo\/500-metros-andando-cuanto-tiempo-es\/\">tiempo<\/a> de reposo es necesario para su recuperaci\u00f3n. La bronquitis es una enfermedad respiratoria com\u00fan que afecta a las v\u00edas respiratorias y puede causar tos, congesti\u00f3n y dificultad para respirar. Si has sido diagnosticado con bronquitis, es importante que tomes las medidas adecuadas para recuperarte por completo.<\/p>\n<h2><span class=\"ez-toc-section\" id=\"Curiosidades_e_informacion_interesante\"><\/span>Curiosidades e informaci\u00f3n interesante<span class=\"ez-toc-section-end\"><\/span><\/h2>\n<ul>\n<li>La bronquitis puede ser aguda o cr\u00f3nica. La aguda suele durar de 1 a 3 semanas, mientras que la cr\u00f3nica puede persistir durante meses o incluso a\u00f1os.<\/li>\n<li>La mayor\u00eda de los casos de bronquitis aguda son causados por infecciones virales, mientras que la bronquitis cr\u00f3nica est\u00e1 relacionada con el tabaquismo y la exposici\u00f3n prolongada a irritantes respiratorios.<\/li>\n<li>La reposici\u00f3n adecuada es fundamental para una pronta recuperaci\u00f3n de la bronquitis.<\/li>\n<\/ul>\n<h2><span class=\"ez-toc-section\" id=\"%C2%BFCuanto_tiempo_de_reposo_se_necesita\"><\/span>\u00bfCu\u00e1nto tiempo de reposo se necesita?<span class=\"ez-toc-section-end\"><\/span><\/h2>\n<p>La duraci\u00f3n del reposo necesario para la recuperaci\u00f3n de la bronquitis puede variar dependiendo de la gravedad de los s\u00edntomas y de la respuesta individual de cada persona. Sin embargo, en general, se recomienda un periodo de reposo de al menos 2 a 3 d\u00edas en los casos de bronquitis aguda.<\/p>\n<p>Es importante recordar que el reposo no significa estar en cama todo el d\u00eda. Se trata de evitar el esfuerzo f\u00edsico excesivo y permitir que el cuerpo descanse y se recupere adecuadamente. Durante este tiempo, es recomendable mantenerse hidratado, seguir una alimentaci\u00f3n saludable y evitar el contacto con personas enfermas para prevenir una mayor propagaci\u00f3n de la enfermedad.<\/p>\n<h2><span class=\"ez-toc-section\" id=\"Mi_experiencia_personal\"><\/span>Mi experiencia personal<span class=\"ez-toc-section-end\"><\/span><\/h2>\n<p>Hace unos meses tuve un episodio de bronquitis aguda y segu\u00ed las recomendaciones m\u00e9dicas de reposo durante 3 d\u00edas. Durante ese tiempo, me centr\u00e9 en descansar, beber l\u00edquidos calientes y tomar medicamentos recetados para aliviar los s\u00edntomas. Despu\u00e9s del reposo, gradualmente fui retomando mis actividades diarias y me recuper\u00e9 por completo en unas semanas.<\/p>\n<h2><span class=\"ez-toc-section\" id=\"Consejos_adicionales\"><\/span>Consejos adicionales<span class=\"ez-toc-section-end\"><\/span><\/h2>\n<ul>\n<li>No te automediques. Consulta siempre con un m\u00e9dico para obtener un diagn\u00f3stico preciso y un tratamiento adecuado.<\/li>\n<li>Evita el tabaco y el humo del cigarrillo, ya que pueden agravar los s\u00edntomas de la bronquitis.<\/li>\n<li>Utiliza un humidificador en tu habitaci\u00f3n para mantener el aire h\u00famedo y facilitar la respiraci\u00f3n.<\/li>\n<li>Descansa lo suficiente y evita el estr\u00e9s, ya que estas condiciones pueden debilitar el sistema inmunol\u00f3gico y prolongar la recuperaci\u00f3n.<\/li>\n<\/ul>\n<h2><span class=\"ez-toc-section\" id=\"Preguntas_frecuentes\"><\/span>Preguntas frecuentes<span class=\"ez-toc-section-end\"><\/span><\/h2>\n<h3><span class=\"ez-toc-section\" id=\"%C2%BFCuanto_tiempo_dura_la_bronquitis\"><\/span>\u00bfCu\u00e1nto tiempo dura la bronquitis?<span class=\"ez-toc-section-end\"><\/span><\/h3>\n<p>La duraci\u00f3n de la bronquitis puede variar dependiendo de si es aguda o cr\u00f3nica. La bronquitis aguda suele durar de 1 a 3 semanas, mientras que la bronquitis cr\u00f3nica puede persistir durante meses o incluso a\u00f1os.<\/p>\n<h3><span class=\"ez-toc-section\" id=\"%C2%BFQue_puedo_hacer_para_acelerar_mi_recuperacion\"><\/span>\u00bfQu\u00e9 puedo hacer para acelerar mi recuperaci\u00f3n?<span class=\"ez-toc-section-end\"><\/span><\/h3>\n<p>Adem\u00e1s de descansar lo suficiente, es importante mantenerse hidratado, seguir una alimentaci\u00f3n saludable, evitar el tabaco y el humo del cigarrillo, y consultar a un m\u00e9dico para obtener un tratamiento adecuado.<\/p>\n<h3><span class=\"ez-toc-section\" id=\"%C2%BFCuando_debo_consultar_a_un_medico\"><\/span>\u00bfCu\u00e1ndo debo consultar a un m\u00e9dico?<span class=\"ez-toc-section-end\"><\/span><\/h3>\n<p>Debes consultar a un m\u00e9dico si tus s\u00edntomas empeoran o no mejoran despu\u00e9s de unos d\u00edas de reposo, si tienes dificultad para respirar o si desarrollas fiebre alta.<\/p>\n<h3><span class=\"ez-toc-section\" id=\"%C2%BFPuedo_volver_a_trabajar_o_estudiar_durante_la_bronquitis\"><\/span>\u00bfPuedo volver a trabajar o estudiar durante la bronquitis?<span class=\"ez-toc-section-end\"><\/span><\/h3>\n<p>En general, se recomienda tomar al menos 2 a 3 d\u00edas de reposo en casa para permitir que el cuerpo se recupere adecuadamente. Sin embargo, es importante consultar a un m\u00e9dico para obtener una recomendaci\u00f3n personalizada seg\u00fan la gravedad de tus s\u00edntomas y tu estado de salud general.<\/p>\n<h3><span class=\"ez-toc-section\" id=\"%C2%BFLa_bronquitis_es_contagiosa\"><\/span>\u00bfLa bronquitis es contagiosa?<span class=\"ez-toc-section-end\"><\/span><\/h3>\n<p>La bronquitis aguda causada por infecciones virales puede ser contagiosa. Es importante tomar precauciones y evitar el contacto cercano con personas enfermas para prevenir la propagaci\u00f3n de la enfermedad.<\/p>\n","protected":false},"excerpt":{"rendered":"<p>Bronquitis: cu\u00e1nto tiempo de reposo Introducci\u00f3n Hola, soy Ana Gonz\u00e1lez y en este art\u00edculo te hablar\u00e9 sobre la bronquitis y cu\u00e1nto tiempo de reposo es necesario para su recuperaci\u00f3n. La bronquitis es una enfermedad respiratoria com\u00fan que afecta a las v\u00edas respiratorias y puede causar tos, congesti\u00f3n y dificultad para respirar. Si has sido diagnosticado &#8230; <a title=\"Bronquitis cu\u00e1nto tiempo de reposo\" class=\"read-more\" href=\"https:\/\/dudasytextos.com\/cuanto-tiempo\/bronquitis-cuanto-tiempo-de-reposo\/\" aria-label=\"M\u00e1s en Bronquitis cu\u00e1nto tiempo de reposo\">Leer m\u00e1s<\/a><\/p>\n","protected":false},"author":1,"featured_media":0,"comment_status":"open","ping_status":"open","sticky":false,"template":"","format":"standard","meta":{"footnotes":""},"categories":[3],"tags":[],"class_list":["post-77523","post","type-post","status-publish","format-standard","hentry","category-cuanto-tiempo"],"aioseo_notices":[],"aioseo_head":"\n\t\t<!-- All in One SEO 5.0.1.1 - aioseo.com -->\n\t<meta name=\"description\" content=\"Bronquitis: cu\u00e1nto tiempo de reposo Introducci\u00f3n Hola, soy Ana Gonz\u00e1lez y en este art\u00edculo te hablar\u00e9 sobre la bronquitis y cu\u00e1nto tiempo de reposo es necesario para su recuperaci\u00f3n. La bronquitis es una enfermedad respiratoria com\u00fan que afecta a las v\u00edas respiratorias y puede causar tos, congesti\u00f3n y dificultad para respirar. Si has sido diagnosticado\" \/>\n\t<meta name=\"robots\" content=\"max-snippet:-1, max-image-preview:large, max-video-preview:-1\" \/>\n\t<meta name=\"author\" content=\"Ana Gonz\u00e1lez\"\/>\n\t<link rel=\"canonical\" href=\"https:\/\/dudasytextos.com\/cuanto-tiempo\/bronquitis-cuanto-tiempo-de-reposo\/\" \/>\n\t<meta name=\"generator\" content=\"All in One SEO (AIOSEO) 5.0.1.1\" \/>\n\n\t\t<!-- Google tag (gtag.js) -->\n<script async src=\"https:\/\/www.googletagmanager.com\/gtag\/js?id=G-YPSGVRV7JJ\"><\/script>\n<script>\n  window.dataLayer = window.dataLayer || [];\n  function gtag(){dataLayer.push(arguments);}\n  gtag('js', new Date());\n\n  gtag('config', 'G-YPSGVRV7JJ');\n<\/script>\n<script async src=\"https:\/\/pagead2.googlesyndication.com\/pagead\/js\/adsbygoogle.js?client=ca-pub-3987500858204711\"\n     crossorigin=\"anonymous\"><\/script>\n\t\t<meta property=\"og:locale\" content=\"es_ES\" \/>\n\t\t<meta property=\"og:site_name\" content=\"\u00bfCu\u00e1nto Tiempo? - \u00bfCu\u00e1nto Tiempo?\" \/>\n\t\t<meta property=\"og:type\" content=\"article\" \/>\n\t\t<meta property=\"og:title\" content=\"Bronquitis cu\u00e1nto tiempo de reposo (2026) \u00bfCu\u00e1nto Tiempo?\" \/>\n\t\t<meta property=\"og:description\" content=\"Bronquitis: cu\u00e1nto tiempo de reposo Introducci\u00f3n Hola, soy Ana Gonz\u00e1lez y en este art\u00edculo te hablar\u00e9 sobre la bronquitis y cu\u00e1nto tiempo de reposo es necesario para su recuperaci\u00f3n. La bronquitis es una enfermedad respiratoria com\u00fan que afecta a las v\u00edas respiratorias y puede causar tos, congesti\u00f3n y dificultad para respirar. Si has sido diagnosticado\" \/>\n\t\t<meta property=\"og:url\" content=\"https:\/\/dudasytextos.com\/cuanto-tiempo\/bronquitis-cuanto-tiempo-de-reposo\/\" \/>\n\t\t<meta property=\"article:published_time\" content=\"2025-02-14T06:54:54+00:00\" \/>\n\t\t<meta property=\"article:modified_time\" content=\"2025-03-12T12:40:36+00:00\" \/>\n\t\t<meta name=\"twitter:card\" content=\"summary_large_image\" \/>\n\t\t<meta name=\"twitter:title\" content=\"Bronquitis cu\u00e1nto tiempo de reposo (2026) \u00bfCu\u00e1nto Tiempo?\" \/>\n\t\t<meta name=\"twitter:description\" content=\"Bronquitis: cu\u00e1nto tiempo de reposo Introducci\u00f3n Hola, soy Ana Gonz\u00e1lez y en este art\u00edculo te hablar\u00e9 sobre la bronquitis y cu\u00e1nto tiempo de reposo es necesario para su recuperaci\u00f3n. La bronquitis es una enfermedad respiratoria com\u00fan que afecta a las v\u00edas respiratorias y puede causar tos, congesti\u00f3n y dificultad para respirar. Si has sido diagnosticado\" \/>\n\t\t<script type=\"application\/ld+json\" class=\"aioseo-schema\">\n\t\t\t{\"@context\":\"https:\\\/\\\/schema.org\",\"@graph\":[{\"@type\":\"BlogPosting\",\"@id\":\"https:\\\/\\\/dudasytextos.com\\\/cuanto-tiempo\\\/bronquitis-cuanto-tiempo-de-reposo\\\/#blogposting\",\"name\":\"Bronquitis cu\\u00e1nto tiempo de reposo (2026) \\u00bfCu\\u00e1nto Tiempo?\",\"headline\":\"Bronquitis cu\\u00e1nto tiempo de reposo\",\"author\":{\"@id\":\"https:\\\/\\\/dudasytextos.com\\\/cuanto-tiempo\\\/author\\\/admin23\\\/#author\"},\"publisher\":{\"@id\":\"https:\\\/\\\/dudasytextos.com\\\/cuanto-tiempo\\\/#organization\"},\"datePublished\":\"2025-02-14T06:54:54+00:00\",\"dateModified\":\"2025-03-12T12:40:36+00:00\",\"inLanguage\":\"es-ES\",\"mainEntityOfPage\":{\"@id\":\"https:\\\/\\\/dudasytextos.com\\\/cuanto-tiempo\\\/bronquitis-cuanto-tiempo-de-reposo\\\/#webpage\"},\"isPartOf\":{\"@id\":\"https:\\\/\\\/dudasytextos.com\\\/cuanto-tiempo\\\/bronquitis-cuanto-tiempo-de-reposo\\\/#webpage\"},\"articleSection\":\"\\u00bfCu\\u00e1nto tiempo?\"},{\"@type\":\"BreadcrumbList\",\"@id\":\"https:\\\/\\\/dudasytextos.com\\\/cuanto-tiempo\\\/bronquitis-cuanto-tiempo-de-reposo\\\/#breadcrumblist\",\"itemListElement\":[{\"@type\":\"ListItem\",\"@id\":\"https:\\\/\\\/dudasytextos.com\\\/cuanto-tiempo#listItem\",\"position\":1,\"name\":\"Home\",\"item\":\"https:\\\/\\\/dudasytextos.com\\\/cuanto-tiempo\",\"nextItem\":{\"@type\":\"ListItem\",\"@id\":\"https:\\\/\\\/dudasytextos.com\\\/cuanto-tiempo\\\/category\\\/cuanto-tiempo\\\/#listItem\",\"name\":\"\\u00bfCu\\u00e1nto tiempo?\"}},{\"@type\":\"ListItem\",\"@id\":\"https:\\\/\\\/dudasytextos.com\\\/cuanto-tiempo\\\/category\\\/cuanto-tiempo\\\/#listItem\",\"position\":2,\"name\":\"\\u00bfCu\\u00e1nto tiempo?\",\"item\":\"https:\\\/\\\/dudasytextos.com\\\/cuanto-tiempo\\\/category\\\/cuanto-tiempo\\\/\",\"nextItem\":{\"@type\":\"ListItem\",\"@id\":\"https:\\\/\\\/dudasytextos.com\\\/cuanto-tiempo\\\/bronquitis-cuanto-tiempo-de-reposo\\\/#listItem\",\"name\":\"Bronquitis cu\\u00e1nto tiempo de reposo\"},\"previousItem\":{\"@type\":\"ListItem\",\"@id\":\"https:\\\/\\\/dudasytextos.com\\\/cuanto-tiempo#listItem\",\"name\":\"Home\"}},{\"@type\":\"ListItem\",\"@id\":\"https:\\\/\\\/dudasytextos.com\\\/cuanto-tiempo\\\/bronquitis-cuanto-tiempo-de-reposo\\\/#listItem\",\"position\":3,\"name\":\"Bronquitis cu\\u00e1nto tiempo de reposo\",\"previousItem\":{\"@type\":\"ListItem\",\"@id\":\"https:\\\/\\\/dudasytextos.com\\\/cuanto-tiempo\\\/category\\\/cuanto-tiempo\\\/#listItem\",\"name\":\"\\u00bfCu\\u00e1nto tiempo?\"}}]},{\"@type\":\"Organization\",\"@id\":\"https:\\\/\\\/dudasytextos.com\\\/cuanto-tiempo\\\/#organization\",\"name\":\"Recipes\",\"description\":\"\\u00bfCu\\u00e1nto Tiempo?\",\"url\":\"https:\\\/\\\/dudasytextos.com\\\/cuanto-tiempo\\\/\"},{\"@type\":\"Person\",\"@id\":\"https:\\\/\\\/dudasytextos.com\\\/cuanto-tiempo\\\/author\\\/admin23\\\/#author\",\"url\":\"https:\\\/\\\/dudasytextos.com\\\/cuanto-tiempo\\\/author\\\/admin23\\\/\",\"name\":\"Ana Gonz\\u00e1lez\"},{\"@type\":\"WebPage\",\"@id\":\"https:\\\/\\\/dudasytextos.com\\\/cuanto-tiempo\\\/bronquitis-cuanto-tiempo-de-reposo\\\/#webpage\",\"url\":\"https:\\\/\\\/dudasytextos.com\\\/cuanto-tiempo\\\/bronquitis-cuanto-tiempo-de-reposo\\\/\",\"name\":\"Bronquitis cu\\u00e1nto tiempo de reposo (2026) \\u00bfCu\\u00e1nto Tiempo?\",\"description\":\"Bronquitis: cu\\u00e1nto tiempo de reposo Introducci\\u00f3n Hola, soy Ana Gonz\\u00e1lez y en este art\\u00edculo te hablar\\u00e9 sobre la bronquitis y cu\\u00e1nto tiempo de reposo es necesario para su recuperaci\\u00f3n. La bronquitis es una enfermedad respiratoria com\\u00fan que afecta a las v\\u00edas respiratorias y puede causar tos, congesti\\u00f3n y dificultad para respirar. Si has sido diagnosticado\",\"inLanguage\":\"es-ES\",\"isPartOf\":{\"@id\":\"https:\\\/\\\/dudasytextos.com\\\/cuanto-tiempo\\\/#website\"},\"breadcrumb\":{\"@id\":\"https:\\\/\\\/dudasytextos.com\\\/cuanto-tiempo\\\/bronquitis-cuanto-tiempo-de-reposo\\\/#breadcrumblist\"},\"author\":{\"@id\":\"https:\\\/\\\/dudasytextos.com\\\/cuanto-tiempo\\\/author\\\/admin23\\\/#author\"},\"creator\":{\"@id\":\"https:\\\/\\\/dudasytextos.com\\\/cuanto-tiempo\\\/author\\\/admin23\\\/#author\"},\"datePublished\":\"2025-02-14T06:54:54+00:00\",\"dateModified\":\"2025-03-12T12:40:36+00:00\"},{\"@type\":\"WebSite\",\"@id\":\"https:\\\/\\\/dudasytextos.com\\\/cuanto-tiempo\\\/#website\",\"url\":\"https:\\\/\\\/dudasytextos.com\\\/cuanto-tiempo\\\/\",\"name\":\"Recipes\",\"description\":\"\\u00bfCu\\u00e1nto Tiempo?\",\"inLanguage\":\"es-ES\",\"publisher\":{\"@id\":\"https:\\\/\\\/dudasytextos.com\\\/cuanto-tiempo\\\/#organization\"}}]}\n\t\t<\/script>\n\t\t<!-- All in One SEO -->\n\n","aioseo_head_json":{"title":"Bronquitis cu\u00e1nto tiempo de reposo (2026) \u00bfCu\u00e1nto Tiempo?","description":"Bronquitis: cu\u00e1nto tiempo de reposo Introducci\u00f3n Hola, soy Ana Gonz\u00e1lez y en este art\u00edculo te hablar\u00e9 sobre la bronquitis y cu\u00e1nto tiempo de reposo es necesario para su recuperaci\u00f3n. La bronquitis es una enfermedad respiratoria com\u00fan que afecta a las v\u00edas respiratorias y puede causar tos, congesti\u00f3n y dificultad para respirar. Si has sido diagnosticado","canonical_url":"https:\/\/dudasytextos.com\/cuanto-tiempo\/bronquitis-cuanto-tiempo-de-reposo\/","robots":"max-snippet:-1, max-image-preview:large, max-video-preview:-1","keywords":"","webmasterTools":{"miscellaneous":"&lt;!-- Google tag (gtag.js) --&gt;\n&lt;script async src=\"https:\/\/www.googletagmanager.com\/gtag\/js?id=G-YPSGVRV7JJ\"&gt;&lt;\/script&gt;\n&lt;script&gt;\n  window.dataLayer = window.dataLayer || [];\n  function gtag(){dataLayer.push(arguments);}\n  gtag('js', new Date());\n\n  gtag('config', 'G-YPSGVRV7JJ');\n&lt;\/script&gt;\n&lt;script async src=\"https:\/\/pagead2.googlesyndication.com\/pagead\/js\/adsbygoogle.js?client=ca-pub-3987500858204711\"\n     crossorigin=\"anonymous\"&gt;&lt;\/script&gt;"},"schema":{"@context":"https:\/\/schema.org","@graph":[{"@type":"BlogPosting","@id":"https:\/\/dudasytextos.com\/cuanto-tiempo\/bronquitis-cuanto-tiempo-de-reposo\/#blogposting","name":"Bronquitis cu\u00e1nto tiempo de reposo (2026) \u00bfCu\u00e1nto Tiempo?","headline":"Bronquitis cu\u00e1nto tiempo de reposo","author":{"@id":"https:\/\/dudasytextos.com\/cuanto-tiempo\/author\/admin23\/#author"},"publisher":{"@id":"https:\/\/dudasytextos.com\/cuanto-tiempo\/#organization"},"datePublished":"2025-02-14T06:54:54+00:00","dateModified":"2025-03-12T12:40:36+00:00","inLanguage":"es-ES","mainEntityOfPage":{"@id":"https:\/\/dudasytextos.com\/cuanto-tiempo\/bronquitis-cuanto-tiempo-de-reposo\/#webpage"},"isPartOf":{"@id":"https:\/\/dudasytextos.com\/cuanto-tiempo\/bronquitis-cuanto-tiempo-de-reposo\/#webpage"},"articleSection":"\u00bfCu\u00e1nto tiempo?"},{"@type":"BreadcrumbList","@id":"https:\/\/dudasytextos.com\/cuanto-tiempo\/bronquitis-cuanto-tiempo-de-reposo\/#breadcrumblist","itemListElement":[{"@type":"ListItem","@id":"https:\/\/dudasytextos.com\/cuanto-tiempo#listItem","position":1,"name":"Home","item":"https:\/\/dudasytextos.com\/cuanto-tiempo","nextItem":{"@type":"ListItem","@id":"https:\/\/dudasytextos.com\/cuanto-tiempo\/category\/cuanto-tiempo\/#listItem","name":"\u00bfCu\u00e1nto tiempo?"}},{"@type":"ListItem","@id":"https:\/\/dudasytextos.com\/cuanto-tiempo\/category\/cuanto-tiempo\/#listItem","position":2,"name":"\u00bfCu\u00e1nto tiempo?","item":"https:\/\/dudasytextos.com\/cuanto-tiempo\/category\/cuanto-tiempo\/","nextItem":{"@type":"ListItem","@id":"https:\/\/dudasytextos.com\/cuanto-tiempo\/bronquitis-cuanto-tiempo-de-reposo\/#listItem","name":"Bronquitis cu\u00e1nto tiempo de reposo"},"previousItem":{"@type":"ListItem","@id":"https:\/\/dudasytextos.com\/cuanto-tiempo#listItem","name":"Home"}},{"@type":"ListItem","@id":"https:\/\/dudasytextos.com\/cuanto-tiempo\/bronquitis-cuanto-tiempo-de-reposo\/#listItem","position":3,"name":"Bronquitis cu\u00e1nto tiempo de reposo","previousItem":{"@type":"ListItem","@id":"https:\/\/dudasytextos.com\/cuanto-tiempo\/category\/cuanto-tiempo\/#listItem","name":"\u00bfCu\u00e1nto tiempo?"}}]},{"@type":"Organization","@id":"https:\/\/dudasytextos.com\/cuanto-tiempo\/#organization","name":"Recipes","description":"\u00bfCu\u00e1nto Tiempo?","url":"https:\/\/dudasytextos.com\/cuanto-tiempo\/"},{"@type":"Person","@id":"https:\/\/dudasytextos.com\/cuanto-tiempo\/author\/admin23\/#author","url":"https:\/\/dudasytextos.com\/cuanto-tiempo\/author\/admin23\/","name":"Ana Gonz\u00e1lez"},{"@type":"WebPage","@id":"https:\/\/dudasytextos.com\/cuanto-tiempo\/bronquitis-cuanto-tiempo-de-reposo\/#webpage","url":"https:\/\/dudasytextos.com\/cuanto-tiempo\/bronquitis-cuanto-tiempo-de-reposo\/","name":"Bronquitis cu\u00e1nto tiempo de reposo (2026) \u00bfCu\u00e1nto Tiempo?","description":"Bronquitis: cu\u00e1nto tiempo de reposo Introducci\u00f3n Hola, soy Ana Gonz\u00e1lez y en este art\u00edculo te hablar\u00e9 sobre la bronquitis y cu\u00e1nto tiempo de reposo es necesario para su recuperaci\u00f3n. La bronquitis es una enfermedad respiratoria com\u00fan que afecta a las v\u00edas respiratorias y puede causar tos, congesti\u00f3n y dificultad para respirar. Si has sido diagnosticado","inLanguage":"es-ES","isPartOf":{"@id":"https:\/\/dudasytextos.com\/cuanto-tiempo\/#website"},"breadcrumb":{"@id":"https:\/\/dudasytextos.com\/cuanto-tiempo\/bronquitis-cuanto-tiempo-de-reposo\/#breadcrumblist"},"author":{"@id":"https:\/\/dudasytextos.com\/cuanto-tiempo\/author\/admin23\/#author"},"creator":{"@id":"https:\/\/dudasytextos.com\/cuanto-tiempo\/author\/admin23\/#author"},"datePublished":"2025-02-14T06:54:54+00:00","dateModified":"2025-03-12T12:40:36+00:00"},{"@type":"WebSite","@id":"https:\/\/dudasytextos.com\/cuanto-tiempo\/#website","url":"https:\/\/dudasytextos.com\/cuanto-tiempo\/","name":"Recipes","description":"\u00bfCu\u00e1nto Tiempo?","inLanguage":"es-ES","publisher":{"@id":"https:\/\/dudasytextos.com\/cuanto-tiempo\/#organization"}}]},"og:locale":"es_ES","og:site_name":"\u00bfCu\u00e1nto Tiempo? - \u00bfCu\u00e1nto Tiempo?","og:type":"article","og:title":"Bronquitis cu\u00e1nto tiempo de reposo (2026) \u00bfCu\u00e1nto Tiempo?","og:description":"Bronquitis: cu\u00e1nto tiempo de reposo Introducci\u00f3n Hola, soy Ana Gonz\u00e1lez y en este art\u00edculo te hablar\u00e9 sobre la bronquitis y cu\u00e1nto tiempo de reposo es necesario para su recuperaci\u00f3n. La bronquitis es una enfermedad respiratoria com\u00fan que afecta a las v\u00edas respiratorias y puede causar tos, congesti\u00f3n y dificultad para respirar. Si has sido diagnosticado","og:url":"https:\/\/dudasytextos.com\/cuanto-tiempo\/bronquitis-cuanto-tiempo-de-reposo\/","article:published_time":"2025-02-14T06:54:54+00:00","article:modified_time":"2025-03-12T12:40:36+00:00","twitter:card":"summary_large_image","twitter:title":"Bronquitis cu\u00e1nto tiempo de reposo (2026) \u00bfCu\u00e1nto Tiempo?","twitter:description":"Bronquitis: cu\u00e1nto tiempo de reposo Introducci\u00f3n Hola, soy Ana Gonz\u00e1lez y en este art\u00edculo te hablar\u00e9 sobre la bronquitis y cu\u00e1nto tiempo de reposo es necesario para su recuperaci\u00f3n. La bronquitis es una enfermedad respiratoria com\u00fan que afecta a las v\u00edas respiratorias y puede causar tos, congesti\u00f3n y dificultad para respirar. Si has sido diagnosticado"},"aioseo_meta_data":{"post_id":"77523","title":null,"description":null,"keywords":null,"keyphrases":null,"primary_term":null,"canonical_url":null,"og_title":null,"og_description":null,"og_object_type":"default","og_image_type":"default","og_image_url":null,"og_image_width":null,"og_image_height":null,"og_image_custom_url":null,"og_image_custom_fields":null,"og_video":null,"og_custom_url":null,"og_article_section":null,"og_article_tags":null,"twitter_use_og":false,"twitter_card":"default","twitter_image_type":"default","twitter_image_url":null,"twitter_image_custom_url":null,"twitter_image_custom_fields":null,"twitter_title":null,"twitter_description":null,"schema":{"blockGraphs":[],"customGraphs":[],"default":{"data":{"Article":[],"Course":[],"Dataset":[],"FAQPage":[],"Movie":[],"Person":[],"Product":[],"ProductReview":[],"Car":[],"Recipe":[],"Service":[],"SoftwareApplication":[],"WebPage":[]},"graphName":"","isEnabled":true},"graphs":[]},"schema_type":"default","schema_type_options":null,"pillar_content":false,"robots_default":true,"robots_noindex":false,"robots_noarchive":false,"robots_nosnippet":false,"robots_nofollow":false,"robots_noimageindex":false,"robots_noodp":false,"robots_notranslate":false,"robots_max_snippet":null,"robots_max_videopreview":null,"robots_max_imagepreview":"large","priority":null,"frequency":null,"local_seo":null,"breadcrumb_settings":null,"limit_modified_date":false,"ai":null,"created":"2023-07-13 12:20:59","updated":"2025-06-03 23:31:58","seo_analyzer_scan_date":null,"focus_keyword":null,"additional_keywords":null,"truseo_locale":null},"aioseo_breadcrumb":"<div class=\"aioseo-breadcrumbs\"><span class=\"aioseo-breadcrumb\">\n\t\t\t<a href=\"https:\/\/dudasytextos.com\/cuanto-tiempo\" title=\"Home\">Home<\/a>\n\t\t<\/span><span class=\"aioseo-breadcrumb-separator\">&raquo;<\/span><span class=\"aioseo-breadcrumb\">\n\t\t\t<a href=\"https:\/\/dudasytextos.com\/cuanto-tiempo\/category\/cuanto-tiempo\/\" title=\"\u00bfCu\u00e1nto tiempo?\">\u00bfCu\u00e1nto tiempo?<\/a>\n\t\t<\/span><span class=\"aioseo-breadcrumb-separator\">&raquo;<\/span><span class=\"aioseo-breadcrumb\">\n\t\t\tBronquitis cu\u00e1nto tiempo de reposo\n\t\t<\/span><\/div>","aioseo_breadcrumb_json":[{"label":"Home","link":"https:\/\/dudasytextos.com\/cuanto-tiempo"},{"label":"\u00bfCu\u00e1nto tiempo?","link":"https:\/\/dudasytextos.com\/cuanto-tiempo\/category\/cuanto-tiempo\/"},{"label":"Bronquitis cu\u00e1nto tiempo de reposo","link":"https:\/\/dudasytextos.com\/cuanto-tiempo\/bronquitis-cuanto-tiempo-de-reposo\/"}],"_links":{"self":[{"href":"https:\/\/dudasytextos.com\/cuanto-tiempo\/wp-json\/wp\/v2\/posts\/77523","targetHints":{"allow":["GET"]}}],"collection":[{"href":"https:\/\/dudasytextos.com\/cuanto-tiempo\/wp-json\/wp\/v2\/posts"}],"about":[{"href":"https:\/\/dudasytextos.com\/cuanto-tiempo\/wp-json\/wp\/v2\/types\/post"}],"author":[{"embeddable":true,"href":"https:\/\/dudasytextos.com\/cuanto-tiempo\/wp-json\/wp\/v2\/users\/1"}],"replies":[{"embeddable":true,"href":"https:\/\/dudasytextos.com\/cuanto-tiempo\/wp-json\/wp\/v2\/comments?post=77523"}],"version-history":[{"count":0,"href":"https:\/\/dudasytextos.com\/cuanto-tiempo\/wp-json\/wp\/v2\/posts\/77523\/revisions"}],"wp:attachment":[{"href":"https:\/\/dudasytextos.com\/cuanto-tiempo\/wp-json\/wp\/v2\/media?parent=77523"}],"wp:term":[{"taxonomy":"category","embeddable":true,"href":"https:\/\/dudasytextos.com\/cuanto-tiempo\/wp-json\/wp\/v2\/categories?post=77523"},{"taxonomy":"post_tag","embeddable":true,"href":"https:\/\/dudasytextos.com\/cuanto-tiempo\/wp-json\/wp\/v2\/tags?post=77523"}],"curies":[{"name":"wp","href":"https:\/\/api.w.org\/{rel}","templated":true}]}}