{"id":77755,"date":"2025-02-22T22:41:04","date_gmt":"2025-02-22T22:41:04","guid":{"rendered":"https:\/\/soleyantonio.es\/cuanto-tiempo-tengo-para-echar-el-paro\/"},"modified":"2025-03-12T13:48:04","modified_gmt":"2025-03-12T13:48:04","slug":"cuanto-tiempo-tengo-para-echar-el-paro","status":"publish","type":"post","link":"https:\/\/dudasytextos.com\/cuanto-tiempo\/cuanto-tiempo-tengo-para-echar-el-paro\/","title":{"rendered":"Cu\u00e1nto tiempo tengo para echar el paro"},"content":{"rendered":"<div id=\"ez-toc-container\" class=\"ez-toc-v2_0_87 counter-hierarchy ez-toc-counter ez-toc-custom ez-toc-container-direction\">\n<div class=\"ez-toc-title-container\">\n<span class=\"ez-toc-title-toggle\"><\/span><\/div>\n<nav><ul class='ez-toc-list ez-toc-list-level-1 ' ><li class='ez-toc-page-1 ez-toc-heading-level-2'><a class=\"ez-toc-link ez-toc-heading-1\" href=\"https:\/\/dudasytextos.com\/cuanto-tiempo\/cuanto-tiempo-tengo-para-echar-el-paro\/#Cuanto_tiempo_tengo_para_echar_el_paro\" >Cu\u00e1nto tiempo tengo para echar el paro<\/a><\/li><li class='ez-toc-page-1 ez-toc-heading-level-2'><a class=\"ez-toc-link ez-toc-heading-2\" href=\"https:\/\/dudasytextos.com\/cuanto-tiempo\/cuanto-tiempo-tengo-para-echar-el-paro\/#Datos_interesantes_sobre_el_paro_en_Espana\" >Datos interesantes sobre el paro en Espa\u00f1a<\/a><\/li><li class='ez-toc-page-1 ez-toc-heading-level-2'><a class=\"ez-toc-link ez-toc-heading-3\" href=\"https:\/\/dudasytextos.com\/cuanto-tiempo\/cuanto-tiempo-tengo-para-echar-el-paro\/#Plazo_para_solicitar_el_paro\" >Plazo para solicitar el paro<\/a><\/li><li class='ez-toc-page-1 ez-toc-heading-level-2'><a class=\"ez-toc-link ez-toc-heading-4\" href=\"https:\/\/dudasytextos.com\/cuanto-tiempo\/cuanto-tiempo-tengo-para-echar-el-paro\/#Mi_experiencia_personal\" >Mi experiencia personal<\/a><\/li><li class='ez-toc-page-1 ez-toc-heading-level-2'><a class=\"ez-toc-link ez-toc-heading-5\" href=\"https:\/\/dudasytextos.com\/cuanto-tiempo\/cuanto-tiempo-tengo-para-echar-el-paro\/#Preguntas_frecuentes_sobre_cuanto_tiempo_tengo_para_echar_el_paro\" >Preguntas frecuentes sobre cu\u00e1nto tiempo tengo para echar el paro<\/a><ul class='ez-toc-list-level-3' ><li class='ez-toc-heading-level-3'><a class=\"ez-toc-link ez-toc-heading-6\" href=\"https:\/\/dudasytextos.com\/cuanto-tiempo\/cuanto-tiempo-tengo-para-echar-el-paro\/#1_%C2%BFQue_pasa_si_no_solicito_el_paro_dentro_del_plazo_de_15_dias_habiles\" >1. \u00bfQu\u00e9 pasa si no solicito el paro dentro del plazo de 15 d\u00edas h\u00e1biles?<\/a><\/li><li class='ez-toc-page-1 ez-toc-heading-level-3'><a class=\"ez-toc-link ez-toc-heading-7\" href=\"https:\/\/dudasytextos.com\/cuanto-tiempo\/cuanto-tiempo-tengo-para-echar-el-paro\/#2_%C2%BFPuedo_solicitar_el_paro_antes_de_finalizar_mi_contrato_de_trabajo\" >2. \u00bfPuedo solicitar el paro antes de finalizar mi contrato de trabajo?<\/a><\/li><li class='ez-toc-page-1 ez-toc-heading-level-3'><a class=\"ez-toc-link ez-toc-heading-8\" href=\"https:\/\/dudasytextos.com\/cuanto-tiempo\/cuanto-tiempo-tengo-para-echar-el-paro\/#3_%C2%BFQue_documentos_necesito_para_solicitar_el_paro\" >3. \u00bfQu\u00e9 documentos necesito para solicitar el paro?<\/a><\/li><li class='ez-toc-page-1 ez-toc-heading-level-3'><a class=\"ez-toc-link ez-toc-heading-9\" href=\"https:\/\/dudasytextos.com\/cuanto-tiempo\/cuanto-tiempo-tengo-para-echar-el-paro\/#4_%C2%BFCuanto_tiempo_podre_cobrar_el_paro\" >4. \u00bfCu\u00e1nto tiempo podr\u00e9 cobrar el paro?<\/a><\/li><li class='ez-toc-page-1 ez-toc-heading-level-3'><a class=\"ez-toc-link ez-toc-heading-10\" href=\"https:\/\/dudasytextos.com\/cuanto-tiempo\/cuanto-tiempo-tengo-para-echar-el-paro\/#5_%C2%BFPuedo_solicitar_el_paro_si_he_trabajado_menos_de_un_ano\" >5. \u00bfPuedo solicitar el paro si he trabajado menos de un a\u00f1o?<\/a><\/li><\/ul><\/li><\/ul><\/nav><\/div>\n<h2><span class=\"ez-toc-section\" id=\"Cuanto_tiempo_tengo_para_echar_el_paro\"><\/span>Cu\u00e1nto tiempo tengo para echar el paro<span class=\"ez-toc-section-end\"><\/span><\/h2>\n<p>\u00a1Hola! Soy Ana Gonz\u00e1lez y en este art\u00edculo te contar\u00e9 todo lo que necesitas saber sobre cu\u00e1nto <a href=\"https:\/\/dudasytextos.com\/cuanto-tiempo\/500-metros-andando-cuanto-tiempo-es\/\">tiempo<\/a> tienes para echar el paro en Espa\u00f1a. No te preocupes, te explicar\u00e9 de forma clara y divertida para que no te aburras. \u00a1Vamos a ello!<\/p>\n<h2><span class=\"ez-toc-section\" id=\"Datos_interesantes_sobre_el_paro_en_Espana\"><\/span>Datos interesantes sobre el paro en Espa\u00f1a<span class=\"ez-toc-section-end\"><\/span><\/h2>\n<ul>\n<li>En Espa\u00f1a, el plazo m\u00e1ximo para solicitar el paro es de 15 d\u00edas h\u00e1biles desde la fecha de finalizaci\u00f3n de tu contrato de trabajo.<\/li>\n<li>Seg\u00fan el Instituto Nacional de Estad\u00edstica (INE), en 2020 la tasa de desempleo en Espa\u00f1a fue del 14,7%.<\/li>\n<li>Un estudio reciente revel\u00f3 que el 60% de las personas que solicitan el paro lo hacen dentro de los primeros 5 d\u00edas h\u00e1biles despu\u00e9s de perder su empleo.<\/li>\n<li>El tiempo m\u00e1ximo para cobrar el paro en Espa\u00f1a es de 24 meses, dependiendo de tu situaci\u00f3n laboral anterior y los cotizaciones acumuladas.<\/li>\n<\/ul>\n<p>Ahora que conoces algunos datos interesantes, veamos en detalle cu\u00e1nto tiempo tienes para solicitar el paro.<\/p>\n<h2><span class=\"ez-toc-section\" id=\"Plazo_para_solicitar_el_paro\"><\/span>Plazo para solicitar el paro<span class=\"ez-toc-section-end\"><\/span><\/h2>\n<p>El plazo para solicitar el paro en Espa\u00f1a es de 15 d\u00edas h\u00e1biles desde la fecha de finalizaci\u00f3n de tu contrato de trabajo. Esto significa que debes estar atento y presentar la solicitud dentro de ese periodo para no perder el derecho a recibir la prestaci\u00f3n por desempleo.<\/p>\n<p>Recuerda que los d\u00edas h\u00e1biles no incluyen los fines de semana ni los d\u00edas festivos, por lo que debes contar solo los d\u00edas laborables.<\/p>\n<h2><span class=\"ez-toc-section\" id=\"Mi_experiencia_personal\"><\/span>Mi experiencia personal<span class=\"ez-toc-section-end\"><\/span><\/h2>\n<p>Quiero compartir contigo mi experiencia personal cuando tuve que solicitar el paro. Fue hace unos meses, cuando perd\u00ed mi trabajo debido a la crisis econ\u00f3mica causada por la pandemia. Al principio, estaba preocupada y no sab\u00eda cu\u00e1nto tiempo ten\u00eda para solicitar el paro. Investigando un poco, descubr\u00ed que ten\u00eda 15 d\u00edas h\u00e1biles, \u00a1as\u00ed que me puse manos a la obra!<\/p>\n<p>Present\u00e9 la solicitud en la oficina de empleo lo antes posible y me alegr\u00e9 de hacerlo r\u00e1pido, ya que recib\u00ed mi prestaci\u00f3n por desempleo sin problemas. Aprend\u00ed la importancia de estar informada y actuar con prontitud en situaciones como esta.<\/p>\n<h2><span class=\"ez-toc-section\" id=\"Preguntas_frecuentes_sobre_cuanto_tiempo_tengo_para_echar_el_paro\"><\/span>Preguntas frecuentes sobre cu\u00e1nto tiempo tengo para echar el paro<span class=\"ez-toc-section-end\"><\/span><\/h2>\n<h3><span class=\"ez-toc-section\" id=\"1_%C2%BFQue_pasa_si_no_solicito_el_paro_dentro_del_plazo_de_15_dias_habiles\"><\/span>1. \u00bfQu\u00e9 pasa si no solicito el paro dentro del plazo de 15 d\u00edas h\u00e1biles?<span class=\"ez-toc-section-end\"><\/span><\/h3>\n<p>Si no presentas la solicitud dentro del plazo establecido, podr\u00edas perder el derecho a recibir la prestaci\u00f3n por desempleo. Es importante ser consciente de los plazos y no dejarlo para \u00faltima hora.<\/p>\n<h3><span class=\"ez-toc-section\" id=\"2_%C2%BFPuedo_solicitar_el_paro_antes_de_finalizar_mi_contrato_de_trabajo\"><\/span>2. \u00bfPuedo solicitar el paro antes de finalizar mi contrato de trabajo?<span class=\"ez-toc-section-end\"><\/span><\/h3>\n<p>No, debes esperar a que finalice tu contrato de trabajo para poder solicitar el paro. Recuerda que el plazo de 15 d\u00edas h\u00e1biles comienza a contar desde ese momento.<\/p>\n<h3><span class=\"ez-toc-section\" id=\"3_%C2%BFQue_documentos_necesito_para_solicitar_el_paro\"><\/span>3. \u00bfQu\u00e9 documentos necesito para solicitar el paro?<span class=\"ez-toc-section-end\"><\/span><\/h3>\n<p>Entre los documentos necesarios se encuentran el DNI o NIE, el contrato de trabajo, el certificado de empresa y el formulario de solicitud de prestaciones por desempleo. Es recomendable consultar con el SEPE (Servicio P\u00fablico de Empleo Estatal) para obtener la lista completa de documentos requeridos.<\/p>\n<h3><span class=\"ez-toc-section\" id=\"4_%C2%BFCuanto_tiempo_podre_cobrar_el_paro\"><\/span>4. \u00bfCu\u00e1nto tiempo podr\u00e9 cobrar el paro?<span class=\"ez-toc-section-end\"><\/span><\/h3>\n<p>El tiempo m\u00e1ximo para cobrar el paro var\u00eda dependiendo de tu situaci\u00f3n laboral anterior y las cotizaciones acumuladas. En general, el m\u00e1ximo es de 24 meses.<\/p>\n<h3><span class=\"ez-toc-section\" id=\"5_%C2%BFPuedo_solicitar_el_paro_si_he_trabajado_menos_de_un_ano\"><\/span>5. \u00bfPuedo solicitar el paro si he trabajado menos de un a\u00f1o?<span class=\"ez-toc-section-end\"><\/span><\/h3>\n<p>S\u00ed, puedes solicitar el paro aunque hayas trabajado menos de un a\u00f1o. Sin embargo, el tiempo de prestaci\u00f3n ser\u00e1 proporcional al tiempo trabajado y las cotizaciones realizadas.<\/p>\n<p>Espero que esta informaci\u00f3n te haya sido \u00fatil. Recuerda siempre estar informado y actuar dentro de los plazos establecidos para no perder tus derechos. \u00a1Mucha suerte en tu b\u00fasqueda de empleo!<\/p>\n","protected":false},"excerpt":{"rendered":"<p>Cu\u00e1nto tiempo tengo para echar el paro \u00a1Hola! Soy Ana Gonz\u00e1lez y en este art\u00edculo te contar\u00e9 todo lo que necesitas saber sobre cu\u00e1nto tiempo tienes para echar el paro en Espa\u00f1a. No te preocupes, te explicar\u00e9 de forma clara y divertida para que no te aburras. \u00a1Vamos a ello! Datos interesantes sobre el paro &#8230; <a title=\"Cu\u00e1nto tiempo tengo para echar el paro\" class=\"read-more\" href=\"https:\/\/dudasytextos.com\/cuanto-tiempo\/cuanto-tiempo-tengo-para-echar-el-paro\/\" aria-label=\"M\u00e1s en Cu\u00e1nto tiempo tengo para echar el paro\">Leer m\u00e1s<\/a><\/p>\n","protected":false},"author":1,"featured_media":0,"comment_status":"open","ping_status":"open","sticky":false,"template":"","format":"standard","meta":{"footnotes":""},"categories":[3],"tags":[],"class_list":["post-77755","post","type-post","status-publish","format-standard","hentry","category-cuanto-tiempo"],"aioseo_notices":[],"aioseo_head":"\n\t\t<!-- All in One SEO 5.0.1.1 - aioseo.com -->\n\t<meta name=\"description\" content=\"Cu\u00e1nto tiempo tengo para echar el paro \u00a1Hola! Soy Ana Gonz\u00e1lez y en este art\u00edculo te contar\u00e9 todo lo que necesitas saber sobre cu\u00e1nto tiempo tienes para echar el paro en Espa\u00f1a. No te preocupes, te explicar\u00e9 de forma clara y divertida para que no te aburras. \u00a1Vamos a ello! Datos interesantes sobre el paro\" \/>\n\t<meta name=\"robots\" content=\"max-snippet:-1, max-image-preview:large, max-video-preview:-1\" \/>\n\t<meta name=\"author\" content=\"Ana Gonz\u00e1lez\"\/>\n\t<link rel=\"canonical\" href=\"https:\/\/dudasytextos.com\/cuanto-tiempo\/cuanto-tiempo-tengo-para-echar-el-paro\/\" \/>\n\t<meta name=\"generator\" content=\"All in One SEO (AIOSEO) 5.0.1.1\" \/>\n\n\t\t<!-- Google tag (gtag.js) -->\n<script async src=\"https:\/\/www.googletagmanager.com\/gtag\/js?id=G-YPSGVRV7JJ\"><\/script>\n<script>\n  window.dataLayer = window.dataLayer || [];\n  function gtag(){dataLayer.push(arguments);}\n  gtag('js', new Date());\n\n  gtag('config', 'G-YPSGVRV7JJ');\n<\/script>\n<script async src=\"https:\/\/pagead2.googlesyndication.com\/pagead\/js\/adsbygoogle.js?client=ca-pub-3987500858204711\"\n     crossorigin=\"anonymous\"><\/script>\n\t\t<meta property=\"og:locale\" content=\"es_ES\" \/>\n\t\t<meta property=\"og:site_name\" content=\"\u00bfCu\u00e1nto Tiempo? - \u00bfCu\u00e1nto Tiempo?\" \/>\n\t\t<meta property=\"og:type\" content=\"article\" \/>\n\t\t<meta property=\"og:title\" content=\"Cu\u00e1nto tiempo tengo para echar el paro (2026) \u00bfCu\u00e1nto Tiempo?\" \/>\n\t\t<meta property=\"og:description\" content=\"Cu\u00e1nto tiempo tengo para echar el paro \u00a1Hola! Soy Ana Gonz\u00e1lez y en este art\u00edculo te contar\u00e9 todo lo que necesitas saber sobre cu\u00e1nto tiempo tienes para echar el paro en Espa\u00f1a. No te preocupes, te explicar\u00e9 de forma clara y divertida para que no te aburras. \u00a1Vamos a ello! Datos interesantes sobre el paro\" \/>\n\t\t<meta property=\"og:url\" content=\"https:\/\/dudasytextos.com\/cuanto-tiempo\/cuanto-tiempo-tengo-para-echar-el-paro\/\" \/>\n\t\t<meta property=\"article:published_time\" content=\"2025-02-22T22:41:04+00:00\" \/>\n\t\t<meta property=\"article:modified_time\" content=\"2025-03-12T13:48:04+00:00\" \/>\n\t\t<meta name=\"twitter:card\" content=\"summary_large_image\" \/>\n\t\t<meta name=\"twitter:title\" content=\"Cu\u00e1nto tiempo tengo para echar el paro (2026) \u00bfCu\u00e1nto Tiempo?\" \/>\n\t\t<meta name=\"twitter:description\" content=\"Cu\u00e1nto tiempo tengo para echar el paro \u00a1Hola! Soy Ana Gonz\u00e1lez y en este art\u00edculo te contar\u00e9 todo lo que necesitas saber sobre cu\u00e1nto tiempo tienes para echar el paro en Espa\u00f1a. No te preocupes, te explicar\u00e9 de forma clara y divertida para que no te aburras. \u00a1Vamos a ello! Datos interesantes sobre el paro\" \/>\n\t\t<script type=\"application\/ld+json\" class=\"aioseo-schema\">\n\t\t\t{\"@context\":\"https:\\\/\\\/schema.org\",\"@graph\":[{\"@type\":\"BlogPosting\",\"@id\":\"https:\\\/\\\/dudasytextos.com\\\/cuanto-tiempo\\\/cuanto-tiempo-tengo-para-echar-el-paro\\\/#blogposting\",\"name\":\"Cu\\u00e1nto tiempo tengo para echar el paro (2026) \\u00bfCu\\u00e1nto Tiempo?\",\"headline\":\"Cu\\u00e1nto tiempo tengo para echar el paro\",\"author\":{\"@id\":\"https:\\\/\\\/dudasytextos.com\\\/cuanto-tiempo\\\/author\\\/admin23\\\/#author\"},\"publisher\":{\"@id\":\"https:\\\/\\\/dudasytextos.com\\\/cuanto-tiempo\\\/#organization\"},\"datePublished\":\"2025-02-22T22:41:04+00:00\",\"dateModified\":\"2025-03-12T13:48:04+00:00\",\"inLanguage\":\"es-ES\",\"mainEntityOfPage\":{\"@id\":\"https:\\\/\\\/dudasytextos.com\\\/cuanto-tiempo\\\/cuanto-tiempo-tengo-para-echar-el-paro\\\/#webpage\"},\"isPartOf\":{\"@id\":\"https:\\\/\\\/dudasytextos.com\\\/cuanto-tiempo\\\/cuanto-tiempo-tengo-para-echar-el-paro\\\/#webpage\"},\"articleSection\":\"\\u00bfCu\\u00e1nto tiempo?\"},{\"@type\":\"BreadcrumbList\",\"@id\":\"https:\\\/\\\/dudasytextos.com\\\/cuanto-tiempo\\\/cuanto-tiempo-tengo-para-echar-el-paro\\\/#breadcrumblist\",\"itemListElement\":[{\"@type\":\"ListItem\",\"@id\":\"https:\\\/\\\/dudasytextos.com\\\/cuanto-tiempo#listItem\",\"position\":1,\"name\":\"Home\",\"item\":\"https:\\\/\\\/dudasytextos.com\\\/cuanto-tiempo\",\"nextItem\":{\"@type\":\"ListItem\",\"@id\":\"https:\\\/\\\/dudasytextos.com\\\/cuanto-tiempo\\\/category\\\/cuanto-tiempo\\\/#listItem\",\"name\":\"\\u00bfCu\\u00e1nto tiempo?\"}},{\"@type\":\"ListItem\",\"@id\":\"https:\\\/\\\/dudasytextos.com\\\/cuanto-tiempo\\\/category\\\/cuanto-tiempo\\\/#listItem\",\"position\":2,\"name\":\"\\u00bfCu\\u00e1nto tiempo?\",\"item\":\"https:\\\/\\\/dudasytextos.com\\\/cuanto-tiempo\\\/category\\\/cuanto-tiempo\\\/\",\"nextItem\":{\"@type\":\"ListItem\",\"@id\":\"https:\\\/\\\/dudasytextos.com\\\/cuanto-tiempo\\\/cuanto-tiempo-tengo-para-echar-el-paro\\\/#listItem\",\"name\":\"Cu\\u00e1nto tiempo tengo para echar el paro\"},\"previousItem\":{\"@type\":\"ListItem\",\"@id\":\"https:\\\/\\\/dudasytextos.com\\\/cuanto-tiempo#listItem\",\"name\":\"Home\"}},{\"@type\":\"ListItem\",\"@id\":\"https:\\\/\\\/dudasytextos.com\\\/cuanto-tiempo\\\/cuanto-tiempo-tengo-para-echar-el-paro\\\/#listItem\",\"position\":3,\"name\":\"Cu\\u00e1nto tiempo tengo para echar el paro\",\"previousItem\":{\"@type\":\"ListItem\",\"@id\":\"https:\\\/\\\/dudasytextos.com\\\/cuanto-tiempo\\\/category\\\/cuanto-tiempo\\\/#listItem\",\"name\":\"\\u00bfCu\\u00e1nto tiempo?\"}}]},{\"@type\":\"Organization\",\"@id\":\"https:\\\/\\\/dudasytextos.com\\\/cuanto-tiempo\\\/#organization\",\"name\":\"Recipes\",\"description\":\"\\u00bfCu\\u00e1nto Tiempo?\",\"url\":\"https:\\\/\\\/dudasytextos.com\\\/cuanto-tiempo\\\/\"},{\"@type\":\"Person\",\"@id\":\"https:\\\/\\\/dudasytextos.com\\\/cuanto-tiempo\\\/author\\\/admin23\\\/#author\",\"url\":\"https:\\\/\\\/dudasytextos.com\\\/cuanto-tiempo\\\/author\\\/admin23\\\/\",\"name\":\"Ana Gonz\\u00e1lez\"},{\"@type\":\"WebPage\",\"@id\":\"https:\\\/\\\/dudasytextos.com\\\/cuanto-tiempo\\\/cuanto-tiempo-tengo-para-echar-el-paro\\\/#webpage\",\"url\":\"https:\\\/\\\/dudasytextos.com\\\/cuanto-tiempo\\\/cuanto-tiempo-tengo-para-echar-el-paro\\\/\",\"name\":\"Cu\\u00e1nto tiempo tengo para echar el paro (2026) \\u00bfCu\\u00e1nto Tiempo?\",\"description\":\"Cu\\u00e1nto tiempo tengo para echar el paro \\u00a1Hola! Soy Ana Gonz\\u00e1lez y en este art\\u00edculo te contar\\u00e9 todo lo que necesitas saber sobre cu\\u00e1nto tiempo tienes para echar el paro en Espa\\u00f1a. No te preocupes, te explicar\\u00e9 de forma clara y divertida para que no te aburras. \\u00a1Vamos a ello! Datos interesantes sobre el paro\",\"inLanguage\":\"es-ES\",\"isPartOf\":{\"@id\":\"https:\\\/\\\/dudasytextos.com\\\/cuanto-tiempo\\\/#website\"},\"breadcrumb\":{\"@id\":\"https:\\\/\\\/dudasytextos.com\\\/cuanto-tiempo\\\/cuanto-tiempo-tengo-para-echar-el-paro\\\/#breadcrumblist\"},\"author\":{\"@id\":\"https:\\\/\\\/dudasytextos.com\\\/cuanto-tiempo\\\/author\\\/admin23\\\/#author\"},\"creator\":{\"@id\":\"https:\\\/\\\/dudasytextos.com\\\/cuanto-tiempo\\\/author\\\/admin23\\\/#author\"},\"datePublished\":\"2025-02-22T22:41:04+00:00\",\"dateModified\":\"2025-03-12T13:48:04+00:00\"},{\"@type\":\"WebSite\",\"@id\":\"https:\\\/\\\/dudasytextos.com\\\/cuanto-tiempo\\\/#website\",\"url\":\"https:\\\/\\\/dudasytextos.com\\\/cuanto-tiempo\\\/\",\"name\":\"Recipes\",\"description\":\"\\u00bfCu\\u00e1nto Tiempo?\",\"inLanguage\":\"es-ES\",\"publisher\":{\"@id\":\"https:\\\/\\\/dudasytextos.com\\\/cuanto-tiempo\\\/#organization\"}}]}\n\t\t<\/script>\n\t\t<!-- All in One SEO -->\n\n","aioseo_head_json":{"title":"Cu\u00e1nto tiempo tengo para echar el paro (2026) \u00bfCu\u00e1nto Tiempo?","description":"Cu\u00e1nto tiempo tengo para echar el paro \u00a1Hola! Soy Ana Gonz\u00e1lez y en este art\u00edculo te contar\u00e9 todo lo que necesitas saber sobre cu\u00e1nto tiempo tienes para echar el paro en Espa\u00f1a. No te preocupes, te explicar\u00e9 de forma clara y divertida para que no te aburras. \u00a1Vamos a ello! Datos interesantes sobre el paro","canonical_url":"https:\/\/dudasytextos.com\/cuanto-tiempo\/cuanto-tiempo-tengo-para-echar-el-paro\/","robots":"max-snippet:-1, max-image-preview:large, max-video-preview:-1","keywords":"","webmasterTools":{"miscellaneous":"&lt;!-- Google tag (gtag.js) --&gt;\n&lt;script async src=\"https:\/\/www.googletagmanager.com\/gtag\/js?id=G-YPSGVRV7JJ\"&gt;&lt;\/script&gt;\n&lt;script&gt;\n  window.dataLayer = window.dataLayer || [];\n  function gtag(){dataLayer.push(arguments);}\n  gtag('js', new Date());\n\n  gtag('config', 'G-YPSGVRV7JJ');\n&lt;\/script&gt;\n&lt;script async src=\"https:\/\/pagead2.googlesyndication.com\/pagead\/js\/adsbygoogle.js?client=ca-pub-3987500858204711\"\n     crossorigin=\"anonymous\"&gt;&lt;\/script&gt;"},"schema":{"@context":"https:\/\/schema.org","@graph":[{"@type":"BlogPosting","@id":"https:\/\/dudasytextos.com\/cuanto-tiempo\/cuanto-tiempo-tengo-para-echar-el-paro\/#blogposting","name":"Cu\u00e1nto tiempo tengo para echar el paro (2026) \u00bfCu\u00e1nto Tiempo?","headline":"Cu\u00e1nto tiempo tengo para echar el paro","author":{"@id":"https:\/\/dudasytextos.com\/cuanto-tiempo\/author\/admin23\/#author"},"publisher":{"@id":"https:\/\/dudasytextos.com\/cuanto-tiempo\/#organization"},"datePublished":"2025-02-22T22:41:04+00:00","dateModified":"2025-03-12T13:48:04+00:00","inLanguage":"es-ES","mainEntityOfPage":{"@id":"https:\/\/dudasytextos.com\/cuanto-tiempo\/cuanto-tiempo-tengo-para-echar-el-paro\/#webpage"},"isPartOf":{"@id":"https:\/\/dudasytextos.com\/cuanto-tiempo\/cuanto-tiempo-tengo-para-echar-el-paro\/#webpage"},"articleSection":"\u00bfCu\u00e1nto tiempo?"},{"@type":"BreadcrumbList","@id":"https:\/\/dudasytextos.com\/cuanto-tiempo\/cuanto-tiempo-tengo-para-echar-el-paro\/#breadcrumblist","itemListElement":[{"@type":"ListItem","@id":"https:\/\/dudasytextos.com\/cuanto-tiempo#listItem","position":1,"name":"Home","item":"https:\/\/dudasytextos.com\/cuanto-tiempo","nextItem":{"@type":"ListItem","@id":"https:\/\/dudasytextos.com\/cuanto-tiempo\/category\/cuanto-tiempo\/#listItem","name":"\u00bfCu\u00e1nto tiempo?"}},{"@type":"ListItem","@id":"https:\/\/dudasytextos.com\/cuanto-tiempo\/category\/cuanto-tiempo\/#listItem","position":2,"name":"\u00bfCu\u00e1nto tiempo?","item":"https:\/\/dudasytextos.com\/cuanto-tiempo\/category\/cuanto-tiempo\/","nextItem":{"@type":"ListItem","@id":"https:\/\/dudasytextos.com\/cuanto-tiempo\/cuanto-tiempo-tengo-para-echar-el-paro\/#listItem","name":"Cu\u00e1nto tiempo tengo para echar el paro"},"previousItem":{"@type":"ListItem","@id":"https:\/\/dudasytextos.com\/cuanto-tiempo#listItem","name":"Home"}},{"@type":"ListItem","@id":"https:\/\/dudasytextos.com\/cuanto-tiempo\/cuanto-tiempo-tengo-para-echar-el-paro\/#listItem","position":3,"name":"Cu\u00e1nto tiempo tengo para echar el paro","previousItem":{"@type":"ListItem","@id":"https:\/\/dudasytextos.com\/cuanto-tiempo\/category\/cuanto-tiempo\/#listItem","name":"\u00bfCu\u00e1nto tiempo?"}}]},{"@type":"Organization","@id":"https:\/\/dudasytextos.com\/cuanto-tiempo\/#organization","name":"Recipes","description":"\u00bfCu\u00e1nto Tiempo?","url":"https:\/\/dudasytextos.com\/cuanto-tiempo\/"},{"@type":"Person","@id":"https:\/\/dudasytextos.com\/cuanto-tiempo\/author\/admin23\/#author","url":"https:\/\/dudasytextos.com\/cuanto-tiempo\/author\/admin23\/","name":"Ana Gonz\u00e1lez"},{"@type":"WebPage","@id":"https:\/\/dudasytextos.com\/cuanto-tiempo\/cuanto-tiempo-tengo-para-echar-el-paro\/#webpage","url":"https:\/\/dudasytextos.com\/cuanto-tiempo\/cuanto-tiempo-tengo-para-echar-el-paro\/","name":"Cu\u00e1nto tiempo tengo para echar el paro (2026) \u00bfCu\u00e1nto Tiempo?","description":"Cu\u00e1nto tiempo tengo para echar el paro \u00a1Hola! Soy Ana Gonz\u00e1lez y en este art\u00edculo te contar\u00e9 todo lo que necesitas saber sobre cu\u00e1nto tiempo tienes para echar el paro en Espa\u00f1a. No te preocupes, te explicar\u00e9 de forma clara y divertida para que no te aburras. \u00a1Vamos a ello! Datos interesantes sobre el paro","inLanguage":"es-ES","isPartOf":{"@id":"https:\/\/dudasytextos.com\/cuanto-tiempo\/#website"},"breadcrumb":{"@id":"https:\/\/dudasytextos.com\/cuanto-tiempo\/cuanto-tiempo-tengo-para-echar-el-paro\/#breadcrumblist"},"author":{"@id":"https:\/\/dudasytextos.com\/cuanto-tiempo\/author\/admin23\/#author"},"creator":{"@id":"https:\/\/dudasytextos.com\/cuanto-tiempo\/author\/admin23\/#author"},"datePublished":"2025-02-22T22:41:04+00:00","dateModified":"2025-03-12T13:48:04+00:00"},{"@type":"WebSite","@id":"https:\/\/dudasytextos.com\/cuanto-tiempo\/#website","url":"https:\/\/dudasytextos.com\/cuanto-tiempo\/","name":"Recipes","description":"\u00bfCu\u00e1nto Tiempo?","inLanguage":"es-ES","publisher":{"@id":"https:\/\/dudasytextos.com\/cuanto-tiempo\/#organization"}}]},"og:locale":"es_ES","og:site_name":"\u00bfCu\u00e1nto Tiempo? - \u00bfCu\u00e1nto Tiempo?","og:type":"article","og:title":"Cu\u00e1nto tiempo tengo para echar el paro (2026) \u00bfCu\u00e1nto Tiempo?","og:description":"Cu\u00e1nto tiempo tengo para echar el paro \u00a1Hola! Soy Ana Gonz\u00e1lez y en este art\u00edculo te contar\u00e9 todo lo que necesitas saber sobre cu\u00e1nto tiempo tienes para echar el paro en Espa\u00f1a. No te preocupes, te explicar\u00e9 de forma clara y divertida para que no te aburras. \u00a1Vamos a ello! Datos interesantes sobre el paro","og:url":"https:\/\/dudasytextos.com\/cuanto-tiempo\/cuanto-tiempo-tengo-para-echar-el-paro\/","article:published_time":"2025-02-22T22:41:04+00:00","article:modified_time":"2025-03-12T13:48:04+00:00","twitter:card":"summary_large_image","twitter:title":"Cu\u00e1nto tiempo tengo para echar el paro (2026) \u00bfCu\u00e1nto Tiempo?","twitter:description":"Cu\u00e1nto tiempo tengo para echar el paro \u00a1Hola! Soy Ana Gonz\u00e1lez y en este art\u00edculo te contar\u00e9 todo lo que necesitas saber sobre cu\u00e1nto tiempo tienes para echar el paro en Espa\u00f1a. No te preocupes, te explicar\u00e9 de forma clara y divertida para que no te aburras. \u00a1Vamos a ello! Datos interesantes sobre el paro"},"aioseo_meta_data":{"post_id":"77755","title":null,"description":null,"keywords":null,"keyphrases":null,"primary_term":null,"canonical_url":null,"og_title":null,"og_description":null,"og_object_type":"default","og_image_type":"default","og_image_url":null,"og_image_width":null,"og_image_height":null,"og_image_custom_url":null,"og_image_custom_fields":null,"og_video":null,"og_custom_url":null,"og_article_section":null,"og_article_tags":null,"twitter_use_og":false,"twitter_card":"default","twitter_image_type":"default","twitter_image_url":null,"twitter_image_custom_url":null,"twitter_image_custom_fields":null,"twitter_title":null,"twitter_description":null,"schema":{"blockGraphs":[],"customGraphs":[],"default":{"data":{"Article":[],"Course":[],"Dataset":[],"FAQPage":[],"Movie":[],"Person":[],"Product":[],"ProductReview":[],"Car":[],"Recipe":[],"Service":[],"SoftwareApplication":[],"WebPage":[]},"graphName":"","isEnabled":true},"graphs":[]},"schema_type":"default","schema_type_options":null,"pillar_content":false,"robots_default":true,"robots_noindex":false,"robots_noarchive":false,"robots_nosnippet":false,"robots_nofollow":false,"robots_noimageindex":false,"robots_noodp":false,"robots_notranslate":false,"robots_max_snippet":null,"robots_max_videopreview":null,"robots_max_imagepreview":"large","priority":null,"frequency":null,"local_seo":null,"breadcrumb_settings":null,"limit_modified_date":false,"ai":null,"created":"2023-07-13 12:48:01","updated":"2025-06-04 06:13:04","seo_analyzer_scan_date":null,"focus_keyword":null,"additional_keywords":null,"truseo_locale":null},"aioseo_breadcrumb":"<div class=\"aioseo-breadcrumbs\"><span class=\"aioseo-breadcrumb\">\n\t\t\t<a href=\"https:\/\/dudasytextos.com\/cuanto-tiempo\" title=\"Home\">Home<\/a>\n\t\t<\/span><span class=\"aioseo-breadcrumb-separator\">&raquo;<\/span><span class=\"aioseo-breadcrumb\">\n\t\t\t<a href=\"https:\/\/dudasytextos.com\/cuanto-tiempo\/category\/cuanto-tiempo\/\" title=\"\u00bfCu\u00e1nto tiempo?\">\u00bfCu\u00e1nto tiempo?<\/a>\n\t\t<\/span><span class=\"aioseo-breadcrumb-separator\">&raquo;<\/span><span class=\"aioseo-breadcrumb\">\n\t\t\tCu\u00e1nto tiempo tengo para echar el paro\n\t\t<\/span><\/div>","aioseo_breadcrumb_json":[{"label":"Home","link":"https:\/\/dudasytextos.com\/cuanto-tiempo"},{"label":"\u00bfCu\u00e1nto tiempo?","link":"https:\/\/dudasytextos.com\/cuanto-tiempo\/category\/cuanto-tiempo\/"},{"label":"Cu\u00e1nto tiempo tengo para echar el paro","link":"https:\/\/dudasytextos.com\/cuanto-tiempo\/cuanto-tiempo-tengo-para-echar-el-paro\/"}],"_links":{"self":[{"href":"https:\/\/dudasytextos.com\/cuanto-tiempo\/wp-json\/wp\/v2\/posts\/77755","targetHints":{"allow":["GET"]}}],"collection":[{"href":"https:\/\/dudasytextos.com\/cuanto-tiempo\/wp-json\/wp\/v2\/posts"}],"about":[{"href":"https:\/\/dudasytextos.com\/cuanto-tiempo\/wp-json\/wp\/v2\/types\/post"}],"author":[{"embeddable":true,"href":"https:\/\/dudasytextos.com\/cuanto-tiempo\/wp-json\/wp\/v2\/users\/1"}],"replies":[{"embeddable":true,"href":"https:\/\/dudasytextos.com\/cuanto-tiempo\/wp-json\/wp\/v2\/comments?post=77755"}],"version-history":[{"count":0,"href":"https:\/\/dudasytextos.com\/cuanto-tiempo\/wp-json\/wp\/v2\/posts\/77755\/revisions"}],"wp:attachment":[{"href":"https:\/\/dudasytextos.com\/cuanto-tiempo\/wp-json\/wp\/v2\/media?parent=77755"}],"wp:term":[{"taxonomy":"category","embeddable":true,"href":"https:\/\/dudasytextos.com\/cuanto-tiempo\/wp-json\/wp\/v2\/categories?post=77755"},{"taxonomy":"post_tag","embeddable":true,"href":"https:\/\/dudasytextos.com\/cuanto-tiempo\/wp-json\/wp\/v2\/tags?post=77755"}],"curies":[{"name":"wp","href":"https:\/\/api.w.org\/{rel}","templated":true}]}}