{"id":78250,"date":"2025-02-17T11:28:02","date_gmt":"2025-02-17T11:28:02","guid":{"rendered":"https:\/\/soleyantonio.es\/cuanto-tiempo-dura-el-covid\/"},"modified":"2025-03-13T02:12:04","modified_gmt":"2025-03-13T02:12:04","slug":"cuanto-tiempo-dura-el-covid-2","status":"publish","type":"post","link":"https:\/\/dudasytextos.com\/cuanto-tiempo\/cuanto-tiempo-dura-el-covid-2\/","title":{"rendered":"Cu\u00e1nto.Tiempo dura el.Covid"},"content":{"rendered":"<div id=\"ez-toc-container\" class=\"ez-toc-v2_0_87 counter-hierarchy ez-toc-counter ez-toc-custom ez-toc-container-direction\">\n<div class=\"ez-toc-title-container\">\n<span class=\"ez-toc-title-toggle\"><\/span><\/div>\n<nav><ul class='ez-toc-list ez-toc-list-level-1 ' ><li class='ez-toc-page-1 ez-toc-heading-level-2'><a class=\"ez-toc-link ez-toc-heading-1\" href=\"https:\/\/dudasytextos.com\/cuanto-tiempo\/cuanto-tiempo-dura-el-covid-2\/#%C2%BFCuanto_tiempo_dura_el_Covid\" >\u00bfCu\u00e1nto tiempo dura el Covid?<\/a><\/li><li class='ez-toc-page-1 ez-toc-heading-level-2'><a class=\"ez-toc-link ez-toc-heading-2\" href=\"https:\/\/dudasytextos.com\/cuanto-tiempo\/cuanto-tiempo-dura-el-covid-2\/#Curiosidades_estadisticas_y_hechos_interesantes_sobre_el_Covid\" >Curiosidades, estad\u00edsticas y hechos interesantes sobre el Covid<\/a><\/li><li class='ez-toc-page-1 ez-toc-heading-level-2'><a class=\"ez-toc-link ez-toc-heading-3\" href=\"https:\/\/dudasytextos.com\/cuanto-tiempo\/cuanto-tiempo-dura-el-covid-2\/#%C2%BFCuanto_tiempo_dura_el_Covid-2\" >\u00bfCu\u00e1nto tiempo dura el Covid?<\/a><\/li><li class='ez-toc-page-1 ez-toc-heading-level-2'><a class=\"ez-toc-link ez-toc-heading-4\" href=\"https:\/\/dudasytextos.com\/cuanto-tiempo\/cuanto-tiempo-dura-el-covid-2\/#Factores_que_pueden_influir_en_la_duracion_del_Covid\" >Factores que pueden influir en la duraci\u00f3n del Covid<\/a><\/li><li class='ez-toc-page-1 ez-toc-heading-level-2'><a class=\"ez-toc-link ez-toc-heading-5\" href=\"https:\/\/dudasytextos.com\/cuanto-tiempo\/cuanto-tiempo-dura-el-covid-2\/#Preguntas_frecuentes\" >Preguntas frecuentes<\/a><ul class='ez-toc-list-level-3' ><li class='ez-toc-heading-level-3'><a class=\"ez-toc-link ez-toc-heading-6\" href=\"https:\/\/dudasytextos.com\/cuanto-tiempo\/cuanto-tiempo-dura-el-covid-2\/#%C2%BFCuanto_tiempo_dura_el_Covid_en_el_cuerpo\" >\u00bfCu\u00e1nto tiempo dura el Covid en el cuerpo?<\/a><\/li><li class='ez-toc-page-1 ez-toc-heading-level-3'><a class=\"ez-toc-link ez-toc-heading-7\" href=\"https:\/\/dudasytextos.com\/cuanto-tiempo\/cuanto-tiempo-dura-el-covid-2\/#%C2%BFCuanto_tiempo_tarda_en_recuperarse_de_Covid\" >\u00bfCu\u00e1nto tiempo tarda en recuperarse de Covid?<\/a><\/li><li class='ez-toc-page-1 ez-toc-heading-level-3'><a class=\"ez-toc-link ez-toc-heading-8\" href=\"https:\/\/dudasytextos.com\/cuanto-tiempo\/cuanto-tiempo-dura-el-covid-2\/#%C2%BFCuando_puedo_dejar_de_usar_mascarilla_despues_de_tener_Covid\" >\u00bfCu\u00e1ndo puedo dejar de usar mascarilla despu\u00e9s de tener Covid?<\/a><\/li><\/ul><\/li><\/ul><\/nav><\/div>\n<h2><span class=\"ez-toc-section\" id=\"%C2%BFCuanto_tiempo_dura_el_Covid\"><\/span>\u00bfCu\u00e1nto tiempo dura el Covid?<span class=\"ez-toc-section-end\"><\/span><\/h2>\n<h2><span class=\"ez-toc-section\" id=\"Curiosidades_estadisticas_y_hechos_interesantes_sobre_el_Covid\"><\/span>Curiosidades, estad\u00edsticas y hechos interesantes sobre el Covid<span class=\"ez-toc-section-end\"><\/span><\/h2>\n<ul>\n<li>El Covid-19 es causado por el virus SARS-CoV-2<\/li>\n<li>Apareci\u00f3 por primera vez en la ciudad de Wuhan, China, en diciembre de 2019<\/li>\n<li>Se ha convertido en una pandemia mundial, afectando a millones de personas en todo el mundo<\/li>\n<li>La duraci\u00f3n del Covid puede variar de una persona a otra<\/li>\n<li>En la mayor\u00eda de los casos, los s\u00edntomas duran alrededor de 2 semanas<\/li>\n<li>Algunas personas pueden experimentar s\u00edntomas leves, mientras que otras pueden desarrollar formas graves de la enfermedad<\/li>\n<li>La recuperaci\u00f3n completa puede llevar varias semanas o incluso meses<\/li>\n<li>Se ha demostrado que las medidas preventivas, como el distanciamiento social y el uso de mascarillas, pueden ayudar a reducir la propagaci\u00f3n del virus<\/li>\n<li>Existen diferentes variantes del virus, algunas de las cuales pueden ser m\u00e1s contagiosas o causar s\u00edntomas m\u00e1s graves<\/li>\n<li>La vacunaci\u00f3n masiva es una estrategia clave para controlar la propagaci\u00f3n del virus y reducir su impacto<\/li>\n<\/ul>\n<p>Mi experiencia personal con el Covid fue bastante desafiante. Aunque tuve s\u00edntomas leves, estuve aislada durante dos semanas y me llev\u00f3 un <a href=\"https:\/\/dudasytextos.com\/cuanto-tiempo\/500-metros-andando-cuanto-tiempo-es\/\">tiempo<\/a> recuperar mi energ\u00eda y volver a la normalidad. Durante ese tiempo, segu\u00ed todas las recomendaciones de los expertos y me cuid\u00e9 mucho para no contagiar a otras personas.<\/p>\n<h2><span class=\"ez-toc-section\" id=\"%C2%BFCuanto_tiempo_dura_el_Covid-2\"><\/span>\u00bfCu\u00e1nto tiempo dura el Covid?<span class=\"ez-toc-section-end\"><\/span><\/h2>\n<p>La duraci\u00f3n del Covid puede variar de una persona a otra. En la mayor\u00eda de los casos, los s\u00edntomas duran alrededor de 2 semanas. Sin embargo, algunas personas pueden experimentar s\u00edntomas durante un per\u00edodo m\u00e1s largo, mientras que otras pueden tener una recuperaci\u00f3n m\u00e1s r\u00e1pida.<\/p>\n<p>Es importante tener en cuenta que aunque los s\u00edntomas pueden desaparecer, el virus puede seguir presente en el cuerpo durante un tiempo. Por eso es esencial seguir las recomendaciones de los expertos y continuar con las medidas preventivas incluso despu\u00e9s de recuperarse de la enfermedad.<\/p>\n<h2><span class=\"ez-toc-section\" id=\"Factores_que_pueden_influir_en_la_duracion_del_Covid\"><\/span>Factores que pueden influir en la duraci\u00f3n del Covid<span class=\"ez-toc-section-end\"><\/span><\/h2>\n<p>Existen varios factores que pueden influir en la duraci\u00f3n del Covid en cada persona:<\/p>\n<ul>\n<li>Edad: se ha observado que las personas mayores tienen una recuperaci\u00f3n m\u00e1s lenta<\/li>\n<li>Estado de salud previo: las personas con enfermedades cr\u00f3nicas pueden experimentar una recuperaci\u00f3n m\u00e1s lenta<\/li>\n<li>Gravedad de los s\u00edntomas: aquellos que desarrollan formas graves de la enfermedad pueden requerir m\u00e1s tiempo para recuperarse<\/li>\n<li>Respuesta inmunol\u00f3gica: la respuesta individual del sistema inmunol\u00f3gico puede influir en la duraci\u00f3n de la enfermedad<\/li>\n<\/ul>\n<p>Es importante destacar que cada caso es \u00fanico y puede haber variaciones en la duraci\u00f3n del Covid. Siempre es recomendable consultar con un profesional de la salud para obtener informaci\u00f3n espec\u00edfica sobre tu situaci\u00f3n.<\/p>\n<h2><span class=\"ez-toc-section\" id=\"Preguntas_frecuentes\"><\/span>Preguntas frecuentes<span class=\"ez-toc-section-end\"><\/span><\/h2>\n<h3><span class=\"ez-toc-section\" id=\"%C2%BFCuanto_tiempo_dura_el_Covid_en_el_cuerpo\"><\/span>\u00bfCu\u00e1nto tiempo dura el Covid en el cuerpo?<span class=\"ez-toc-section-end\"><\/span><\/h3>\n<p>La duraci\u00f3n del Covid en el cuerpo puede variar, pero generalmente se considera que una persona deja de ser contagiosa despu\u00e9s de 10 d\u00edas desde el inicio de los s\u00edntomas, siempre y cuando haya pasado al menos 24 horas sin fiebre y sin el uso de medicamentos para reducir la fiebre.<\/p>\n<h3><span class=\"ez-toc-section\" id=\"%C2%BFCuanto_tiempo_tarda_en_recuperarse_de_Covid\"><\/span>\u00bfCu\u00e1nto tiempo tarda en recuperarse de Covid?<span class=\"ez-toc-section-end\"><\/span><\/h3>\n<p>La recuperaci\u00f3n de Covid puede llevar varias semanas o incluso meses, dependiendo de la gravedad de los s\u00edntomas y otros factores individuales. Es importante descansar adecuadamente, seguir una alimentaci\u00f3n saludable y mantenerse hidratado para ayudar en el proceso de recuperaci\u00f3n.<\/p>\n<h3><span class=\"ez-toc-section\" id=\"%C2%BFCuando_puedo_dejar_de_usar_mascarilla_despues_de_tener_Covid\"><\/span>\u00bfCu\u00e1ndo puedo dejar de usar mascarilla despu\u00e9s de tener Covid?<span class=\"ez-toc-section-end\"><\/span><\/h3>\n<p>Se recomienda seguir usando mascarilla incluso despu\u00e9s de haber tenido Covid, especialmente en lugares p\u00fablicos o cuando hay contacto cercano con otras personas. Esto es importante para proteger a los dem\u00e1s, ya que aunque hayas superado la enfermedad, a\u00fan puedes ser portador del virus y transmitirlo a otros.<\/p>\n","protected":false},"excerpt":{"rendered":"<p>\u00bfCu\u00e1nto tiempo dura el Covid? Curiosidades, estad\u00edsticas y hechos interesantes sobre el Covid El Covid-19 es causado por el virus SARS-CoV-2 Apareci\u00f3 por primera vez en la ciudad de Wuhan, China, en diciembre de 2019 Se ha convertido en una pandemia mundial, afectando a millones de personas en todo el mundo La duraci\u00f3n del Covid &#8230; <a title=\"Cu\u00e1nto.Tiempo dura el.Covid\" class=\"read-more\" href=\"https:\/\/dudasytextos.com\/cuanto-tiempo\/cuanto-tiempo-dura-el-covid-2\/\" aria-label=\"M\u00e1s en Cu\u00e1nto.Tiempo dura el.Covid\">Leer m\u00e1s<\/a><\/p>\n","protected":false},"author":1,"featured_media":0,"comment_status":"open","ping_status":"open","sticky":false,"template":"","format":"standard","meta":{"footnotes":""},"categories":[3],"tags":[],"class_list":["post-78250","post","type-post","status-publish","format-standard","hentry","category-cuanto-tiempo"],"aioseo_notices":[],"aioseo_head":"\n\t\t<!-- All in One SEO 5.0.1.1 - aioseo.com -->\n\t<meta name=\"description\" content=\"\u00bfCu\u00e1nto tiempo dura el Covid? Curiosidades, estad\u00edsticas y hechos interesantes sobre el Covid El Covid-19 es causado por el virus SARS-CoV-2 Apareci\u00f3 por primera vez en la ciudad de Wuhan, China, en diciembre de 2019 Se ha convertido en una pandemia mundial, afectando a millones de personas en todo el mundo La duraci\u00f3n del Covid\" \/>\n\t<meta name=\"robots\" content=\"max-snippet:-1, max-image-preview:large, max-video-preview:-1\" \/>\n\t<meta name=\"author\" content=\"Ana Gonz\u00e1lez\"\/>\n\t<link rel=\"canonical\" href=\"https:\/\/dudasytextos.com\/cuanto-tiempo\/cuanto-tiempo-dura-el-covid-2\/\" \/>\n\t<meta name=\"generator\" content=\"All in One SEO (AIOSEO) 5.0.1.1\" \/>\n\n\t\t<!-- Google tag (gtag.js) -->\n<script async src=\"https:\/\/www.googletagmanager.com\/gtag\/js?id=G-YPSGVRV7JJ\"><\/script>\n<script>\n  window.dataLayer = window.dataLayer || [];\n  function gtag(){dataLayer.push(arguments);}\n  gtag('js', new Date());\n\n  gtag('config', 'G-YPSGVRV7JJ');\n<\/script>\n<script async src=\"https:\/\/pagead2.googlesyndication.com\/pagead\/js\/adsbygoogle.js?client=ca-pub-3987500858204711\"\n     crossorigin=\"anonymous\"><\/script>\n\t\t<meta property=\"og:locale\" content=\"es_ES\" \/>\n\t\t<meta property=\"og:site_name\" content=\"\u00bfCu\u00e1nto Tiempo? - \u00bfCu\u00e1nto Tiempo?\" \/>\n\t\t<meta property=\"og:type\" content=\"article\" \/>\n\t\t<meta property=\"og:title\" content=\"Cu\u00e1nto.Tiempo dura el.Covid (2026) \u00bfCu\u00e1nto Tiempo?\" \/>\n\t\t<meta property=\"og:description\" content=\"\u00bfCu\u00e1nto tiempo dura el Covid? Curiosidades, estad\u00edsticas y hechos interesantes sobre el Covid El Covid-19 es causado por el virus SARS-CoV-2 Apareci\u00f3 por primera vez en la ciudad de Wuhan, China, en diciembre de 2019 Se ha convertido en una pandemia mundial, afectando a millones de personas en todo el mundo La duraci\u00f3n del Covid\" \/>\n\t\t<meta property=\"og:url\" content=\"https:\/\/dudasytextos.com\/cuanto-tiempo\/cuanto-tiempo-dura-el-covid-2\/\" \/>\n\t\t<meta property=\"article:published_time\" content=\"2025-02-17T11:28:02+00:00\" \/>\n\t\t<meta property=\"article:modified_time\" content=\"2025-03-13T02:12:04+00:00\" \/>\n\t\t<meta name=\"twitter:card\" content=\"summary_large_image\" \/>\n\t\t<meta name=\"twitter:title\" content=\"Cu\u00e1nto.Tiempo dura el.Covid (2026) \u00bfCu\u00e1nto Tiempo?\" \/>\n\t\t<meta name=\"twitter:description\" content=\"\u00bfCu\u00e1nto tiempo dura el Covid? Curiosidades, estad\u00edsticas y hechos interesantes sobre el Covid El Covid-19 es causado por el virus SARS-CoV-2 Apareci\u00f3 por primera vez en la ciudad de Wuhan, China, en diciembre de 2019 Se ha convertido en una pandemia mundial, afectando a millones de personas en todo el mundo La duraci\u00f3n del Covid\" \/>\n\t\t<script type=\"application\/ld+json\" class=\"aioseo-schema\">\n\t\t\t{\"@context\":\"https:\\\/\\\/schema.org\",\"@graph\":[{\"@type\":\"BlogPosting\",\"@id\":\"https:\\\/\\\/dudasytextos.com\\\/cuanto-tiempo\\\/cuanto-tiempo-dura-el-covid-2\\\/#blogposting\",\"name\":\"Cu\\u00e1nto.Tiempo dura el.Covid (2026) \\u00bfCu\\u00e1nto Tiempo?\",\"headline\":\"Cu\\u00e1nto.Tiempo dura el.Covid\",\"author\":{\"@id\":\"https:\\\/\\\/dudasytextos.com\\\/cuanto-tiempo\\\/author\\\/admin23\\\/#author\"},\"publisher\":{\"@id\":\"https:\\\/\\\/dudasytextos.com\\\/cuanto-tiempo\\\/#organization\"},\"datePublished\":\"2025-02-17T11:28:02+00:00\",\"dateModified\":\"2025-03-13T02:12:04+00:00\",\"inLanguage\":\"es-ES\",\"mainEntityOfPage\":{\"@id\":\"https:\\\/\\\/dudasytextos.com\\\/cuanto-tiempo\\\/cuanto-tiempo-dura-el-covid-2\\\/#webpage\"},\"isPartOf\":{\"@id\":\"https:\\\/\\\/dudasytextos.com\\\/cuanto-tiempo\\\/cuanto-tiempo-dura-el-covid-2\\\/#webpage\"},\"articleSection\":\"\\u00bfCu\\u00e1nto tiempo?\"},{\"@type\":\"BreadcrumbList\",\"@id\":\"https:\\\/\\\/dudasytextos.com\\\/cuanto-tiempo\\\/cuanto-tiempo-dura-el-covid-2\\\/#breadcrumblist\",\"itemListElement\":[{\"@type\":\"ListItem\",\"@id\":\"https:\\\/\\\/dudasytextos.com\\\/cuanto-tiempo#listItem\",\"position\":1,\"name\":\"Home\",\"item\":\"https:\\\/\\\/dudasytextos.com\\\/cuanto-tiempo\",\"nextItem\":{\"@type\":\"ListItem\",\"@id\":\"https:\\\/\\\/dudasytextos.com\\\/cuanto-tiempo\\\/category\\\/cuanto-tiempo\\\/#listItem\",\"name\":\"\\u00bfCu\\u00e1nto tiempo?\"}},{\"@type\":\"ListItem\",\"@id\":\"https:\\\/\\\/dudasytextos.com\\\/cuanto-tiempo\\\/category\\\/cuanto-tiempo\\\/#listItem\",\"position\":2,\"name\":\"\\u00bfCu\\u00e1nto tiempo?\",\"item\":\"https:\\\/\\\/dudasytextos.com\\\/cuanto-tiempo\\\/category\\\/cuanto-tiempo\\\/\",\"nextItem\":{\"@type\":\"ListItem\",\"@id\":\"https:\\\/\\\/dudasytextos.com\\\/cuanto-tiempo\\\/cuanto-tiempo-dura-el-covid-2\\\/#listItem\",\"name\":\"Cu\\u00e1nto.Tiempo dura el.Covid\"},\"previousItem\":{\"@type\":\"ListItem\",\"@id\":\"https:\\\/\\\/dudasytextos.com\\\/cuanto-tiempo#listItem\",\"name\":\"Home\"}},{\"@type\":\"ListItem\",\"@id\":\"https:\\\/\\\/dudasytextos.com\\\/cuanto-tiempo\\\/cuanto-tiempo-dura-el-covid-2\\\/#listItem\",\"position\":3,\"name\":\"Cu\\u00e1nto.Tiempo dura el.Covid\",\"previousItem\":{\"@type\":\"ListItem\",\"@id\":\"https:\\\/\\\/dudasytextos.com\\\/cuanto-tiempo\\\/category\\\/cuanto-tiempo\\\/#listItem\",\"name\":\"\\u00bfCu\\u00e1nto tiempo?\"}}]},{\"@type\":\"Organization\",\"@id\":\"https:\\\/\\\/dudasytextos.com\\\/cuanto-tiempo\\\/#organization\",\"name\":\"Recipes\",\"description\":\"\\u00bfCu\\u00e1nto Tiempo?\",\"url\":\"https:\\\/\\\/dudasytextos.com\\\/cuanto-tiempo\\\/\"},{\"@type\":\"Person\",\"@id\":\"https:\\\/\\\/dudasytextos.com\\\/cuanto-tiempo\\\/author\\\/admin23\\\/#author\",\"url\":\"https:\\\/\\\/dudasytextos.com\\\/cuanto-tiempo\\\/author\\\/admin23\\\/\",\"name\":\"Ana Gonz\\u00e1lez\"},{\"@type\":\"WebPage\",\"@id\":\"https:\\\/\\\/dudasytextos.com\\\/cuanto-tiempo\\\/cuanto-tiempo-dura-el-covid-2\\\/#webpage\",\"url\":\"https:\\\/\\\/dudasytextos.com\\\/cuanto-tiempo\\\/cuanto-tiempo-dura-el-covid-2\\\/\",\"name\":\"Cu\\u00e1nto.Tiempo dura el.Covid (2026) \\u00bfCu\\u00e1nto Tiempo?\",\"description\":\"\\u00bfCu\\u00e1nto tiempo dura el Covid? Curiosidades, estad\\u00edsticas y hechos interesantes sobre el Covid El Covid-19 es causado por el virus SARS-CoV-2 Apareci\\u00f3 por primera vez en la ciudad de Wuhan, China, en diciembre de 2019 Se ha convertido en una pandemia mundial, afectando a millones de personas en todo el mundo La duraci\\u00f3n del Covid\",\"inLanguage\":\"es-ES\",\"isPartOf\":{\"@id\":\"https:\\\/\\\/dudasytextos.com\\\/cuanto-tiempo\\\/#website\"},\"breadcrumb\":{\"@id\":\"https:\\\/\\\/dudasytextos.com\\\/cuanto-tiempo\\\/cuanto-tiempo-dura-el-covid-2\\\/#breadcrumblist\"},\"author\":{\"@id\":\"https:\\\/\\\/dudasytextos.com\\\/cuanto-tiempo\\\/author\\\/admin23\\\/#author\"},\"creator\":{\"@id\":\"https:\\\/\\\/dudasytextos.com\\\/cuanto-tiempo\\\/author\\\/admin23\\\/#author\"},\"datePublished\":\"2025-02-17T11:28:02+00:00\",\"dateModified\":\"2025-03-13T02:12:04+00:00\"},{\"@type\":\"WebSite\",\"@id\":\"https:\\\/\\\/dudasytextos.com\\\/cuanto-tiempo\\\/#website\",\"url\":\"https:\\\/\\\/dudasytextos.com\\\/cuanto-tiempo\\\/\",\"name\":\"Recipes\",\"description\":\"\\u00bfCu\\u00e1nto Tiempo?\",\"inLanguage\":\"es-ES\",\"publisher\":{\"@id\":\"https:\\\/\\\/dudasytextos.com\\\/cuanto-tiempo\\\/#organization\"}}]}\n\t\t<\/script>\n\t\t<!-- All in One SEO -->\n\n","aioseo_head_json":{"title":"Cu\u00e1nto.Tiempo dura el.Covid (2026) \u00bfCu\u00e1nto Tiempo?","description":"\u00bfCu\u00e1nto tiempo dura el Covid? Curiosidades, estad\u00edsticas y hechos interesantes sobre el Covid El Covid-19 es causado por el virus SARS-CoV-2 Apareci\u00f3 por primera vez en la ciudad de Wuhan, China, en diciembre de 2019 Se ha convertido en una pandemia mundial, afectando a millones de personas en todo el mundo La duraci\u00f3n del Covid","canonical_url":"https:\/\/dudasytextos.com\/cuanto-tiempo\/cuanto-tiempo-dura-el-covid-2\/","robots":"max-snippet:-1, max-image-preview:large, max-video-preview:-1","keywords":"","webmasterTools":{"miscellaneous":"&lt;!-- Google tag (gtag.js) --&gt;\n&lt;script async src=\"https:\/\/www.googletagmanager.com\/gtag\/js?id=G-YPSGVRV7JJ\"&gt;&lt;\/script&gt;\n&lt;script&gt;\n  window.dataLayer = window.dataLayer || [];\n  function gtag(){dataLayer.push(arguments);}\n  gtag('js', new Date());\n\n  gtag('config', 'G-YPSGVRV7JJ');\n&lt;\/script&gt;\n&lt;script async src=\"https:\/\/pagead2.googlesyndication.com\/pagead\/js\/adsbygoogle.js?client=ca-pub-3987500858204711\"\n     crossorigin=\"anonymous\"&gt;&lt;\/script&gt;"},"schema":{"@context":"https:\/\/schema.org","@graph":[{"@type":"BlogPosting","@id":"https:\/\/dudasytextos.com\/cuanto-tiempo\/cuanto-tiempo-dura-el-covid-2\/#blogposting","name":"Cu\u00e1nto.Tiempo dura el.Covid (2026) \u00bfCu\u00e1nto Tiempo?","headline":"Cu\u00e1nto.Tiempo dura el.Covid","author":{"@id":"https:\/\/dudasytextos.com\/cuanto-tiempo\/author\/admin23\/#author"},"publisher":{"@id":"https:\/\/dudasytextos.com\/cuanto-tiempo\/#organization"},"datePublished":"2025-02-17T11:28:02+00:00","dateModified":"2025-03-13T02:12:04+00:00","inLanguage":"es-ES","mainEntityOfPage":{"@id":"https:\/\/dudasytextos.com\/cuanto-tiempo\/cuanto-tiempo-dura-el-covid-2\/#webpage"},"isPartOf":{"@id":"https:\/\/dudasytextos.com\/cuanto-tiempo\/cuanto-tiempo-dura-el-covid-2\/#webpage"},"articleSection":"\u00bfCu\u00e1nto tiempo?"},{"@type":"BreadcrumbList","@id":"https:\/\/dudasytextos.com\/cuanto-tiempo\/cuanto-tiempo-dura-el-covid-2\/#breadcrumblist","itemListElement":[{"@type":"ListItem","@id":"https:\/\/dudasytextos.com\/cuanto-tiempo#listItem","position":1,"name":"Home","item":"https:\/\/dudasytextos.com\/cuanto-tiempo","nextItem":{"@type":"ListItem","@id":"https:\/\/dudasytextos.com\/cuanto-tiempo\/category\/cuanto-tiempo\/#listItem","name":"\u00bfCu\u00e1nto tiempo?"}},{"@type":"ListItem","@id":"https:\/\/dudasytextos.com\/cuanto-tiempo\/category\/cuanto-tiempo\/#listItem","position":2,"name":"\u00bfCu\u00e1nto tiempo?","item":"https:\/\/dudasytextos.com\/cuanto-tiempo\/category\/cuanto-tiempo\/","nextItem":{"@type":"ListItem","@id":"https:\/\/dudasytextos.com\/cuanto-tiempo\/cuanto-tiempo-dura-el-covid-2\/#listItem","name":"Cu\u00e1nto.Tiempo dura el.Covid"},"previousItem":{"@type":"ListItem","@id":"https:\/\/dudasytextos.com\/cuanto-tiempo#listItem","name":"Home"}},{"@type":"ListItem","@id":"https:\/\/dudasytextos.com\/cuanto-tiempo\/cuanto-tiempo-dura-el-covid-2\/#listItem","position":3,"name":"Cu\u00e1nto.Tiempo dura el.Covid","previousItem":{"@type":"ListItem","@id":"https:\/\/dudasytextos.com\/cuanto-tiempo\/category\/cuanto-tiempo\/#listItem","name":"\u00bfCu\u00e1nto tiempo?"}}]},{"@type":"Organization","@id":"https:\/\/dudasytextos.com\/cuanto-tiempo\/#organization","name":"Recipes","description":"\u00bfCu\u00e1nto Tiempo?","url":"https:\/\/dudasytextos.com\/cuanto-tiempo\/"},{"@type":"Person","@id":"https:\/\/dudasytextos.com\/cuanto-tiempo\/author\/admin23\/#author","url":"https:\/\/dudasytextos.com\/cuanto-tiempo\/author\/admin23\/","name":"Ana Gonz\u00e1lez"},{"@type":"WebPage","@id":"https:\/\/dudasytextos.com\/cuanto-tiempo\/cuanto-tiempo-dura-el-covid-2\/#webpage","url":"https:\/\/dudasytextos.com\/cuanto-tiempo\/cuanto-tiempo-dura-el-covid-2\/","name":"Cu\u00e1nto.Tiempo dura el.Covid (2026) \u00bfCu\u00e1nto Tiempo?","description":"\u00bfCu\u00e1nto tiempo dura el Covid? Curiosidades, estad\u00edsticas y hechos interesantes sobre el Covid El Covid-19 es causado por el virus SARS-CoV-2 Apareci\u00f3 por primera vez en la ciudad de Wuhan, China, en diciembre de 2019 Se ha convertido en una pandemia mundial, afectando a millones de personas en todo el mundo La duraci\u00f3n del Covid","inLanguage":"es-ES","isPartOf":{"@id":"https:\/\/dudasytextos.com\/cuanto-tiempo\/#website"},"breadcrumb":{"@id":"https:\/\/dudasytextos.com\/cuanto-tiempo\/cuanto-tiempo-dura-el-covid-2\/#breadcrumblist"},"author":{"@id":"https:\/\/dudasytextos.com\/cuanto-tiempo\/author\/admin23\/#author"},"creator":{"@id":"https:\/\/dudasytextos.com\/cuanto-tiempo\/author\/admin23\/#author"},"datePublished":"2025-02-17T11:28:02+00:00","dateModified":"2025-03-13T02:12:04+00:00"},{"@type":"WebSite","@id":"https:\/\/dudasytextos.com\/cuanto-tiempo\/#website","url":"https:\/\/dudasytextos.com\/cuanto-tiempo\/","name":"Recipes","description":"\u00bfCu\u00e1nto Tiempo?","inLanguage":"es-ES","publisher":{"@id":"https:\/\/dudasytextos.com\/cuanto-tiempo\/#organization"}}]},"og:locale":"es_ES","og:site_name":"\u00bfCu\u00e1nto Tiempo? - \u00bfCu\u00e1nto Tiempo?","og:type":"article","og:title":"Cu\u00e1nto.Tiempo dura el.Covid (2026) \u00bfCu\u00e1nto Tiempo?","og:description":"\u00bfCu\u00e1nto tiempo dura el Covid? Curiosidades, estad\u00edsticas y hechos interesantes sobre el Covid El Covid-19 es causado por el virus SARS-CoV-2 Apareci\u00f3 por primera vez en la ciudad de Wuhan, China, en diciembre de 2019 Se ha convertido en una pandemia mundial, afectando a millones de personas en todo el mundo La duraci\u00f3n del Covid","og:url":"https:\/\/dudasytextos.com\/cuanto-tiempo\/cuanto-tiempo-dura-el-covid-2\/","article:published_time":"2025-02-17T11:28:02+00:00","article:modified_time":"2025-03-13T02:12:04+00:00","twitter:card":"summary_large_image","twitter:title":"Cu\u00e1nto.Tiempo dura el.Covid (2026) \u00bfCu\u00e1nto Tiempo?","twitter:description":"\u00bfCu\u00e1nto tiempo dura el Covid? Curiosidades, estad\u00edsticas y hechos interesantes sobre el Covid El Covid-19 es causado por el virus SARS-CoV-2 Apareci\u00f3 por primera vez en la ciudad de Wuhan, China, en diciembre de 2019 Se ha convertido en una pandemia mundial, afectando a millones de personas en todo el mundo La duraci\u00f3n del Covid"},"aioseo_meta_data":{"post_id":"78250","title":null,"description":null,"keywords":null,"keyphrases":null,"primary_term":null,"canonical_url":null,"og_title":null,"og_description":null,"og_object_type":"default","og_image_type":"default","og_image_url":null,"og_image_width":null,"og_image_height":null,"og_image_custom_url":null,"og_image_custom_fields":null,"og_video":null,"og_custom_url":null,"og_article_section":null,"og_article_tags":null,"twitter_use_og":false,"twitter_card":"default","twitter_image_type":"default","twitter_image_url":null,"twitter_image_custom_url":null,"twitter_image_custom_fields":null,"twitter_title":null,"twitter_description":null,"schema":{"blockGraphs":[],"customGraphs":[],"default":{"data":{"Article":[],"Course":[],"Dataset":[],"FAQPage":[],"Movie":[],"Person":[],"Product":[],"ProductReview":[],"Car":[],"Recipe":[],"Service":[],"SoftwareApplication":[],"WebPage":[]},"graphName":"","isEnabled":true},"graphs":[]},"schema_type":"default","schema_type_options":null,"pillar_content":false,"robots_default":true,"robots_noindex":false,"robots_noarchive":false,"robots_nosnippet":false,"robots_nofollow":false,"robots_noimageindex":false,"robots_noodp":false,"robots_notranslate":false,"robots_max_snippet":null,"robots_max_videopreview":null,"robots_max_imagepreview":"large","priority":null,"frequency":null,"local_seo":null,"breadcrumb_settings":null,"limit_modified_date":false,"ai":null,"created":"2023-07-13 13:37:59","updated":"2025-06-04 01:46:14","seo_analyzer_scan_date":null,"focus_keyword":null,"additional_keywords":null,"truseo_locale":null},"aioseo_breadcrumb":"<div class=\"aioseo-breadcrumbs\"><span class=\"aioseo-breadcrumb\">\n\t\t\t<a href=\"https:\/\/dudasytextos.com\/cuanto-tiempo\" title=\"Home\">Home<\/a>\n\t\t<\/span><span class=\"aioseo-breadcrumb-separator\">&raquo;<\/span><span class=\"aioseo-breadcrumb\">\n\t\t\t<a href=\"https:\/\/dudasytextos.com\/cuanto-tiempo\/category\/cuanto-tiempo\/\" title=\"\u00bfCu\u00e1nto tiempo?\">\u00bfCu\u00e1nto tiempo?<\/a>\n\t\t<\/span><span class=\"aioseo-breadcrumb-separator\">&raquo;<\/span><span class=\"aioseo-breadcrumb\">\n\t\t\tCu\u00e1nto.Tiempo dura el.Covid\n\t\t<\/span><\/div>","aioseo_breadcrumb_json":[{"label":"Home","link":"https:\/\/dudasytextos.com\/cuanto-tiempo"},{"label":"\u00bfCu\u00e1nto tiempo?","link":"https:\/\/dudasytextos.com\/cuanto-tiempo\/category\/cuanto-tiempo\/"},{"label":"Cu\u00e1nto.Tiempo dura el.Covid","link":"https:\/\/dudasytextos.com\/cuanto-tiempo\/cuanto-tiempo-dura-el-covid-2\/"}],"_links":{"self":[{"href":"https:\/\/dudasytextos.com\/cuanto-tiempo\/wp-json\/wp\/v2\/posts\/78250","targetHints":{"allow":["GET"]}}],"collection":[{"href":"https:\/\/dudasytextos.com\/cuanto-tiempo\/wp-json\/wp\/v2\/posts"}],"about":[{"href":"https:\/\/dudasytextos.com\/cuanto-tiempo\/wp-json\/wp\/v2\/types\/post"}],"author":[{"embeddable":true,"href":"https:\/\/dudasytextos.com\/cuanto-tiempo\/wp-json\/wp\/v2\/users\/1"}],"replies":[{"embeddable":true,"href":"https:\/\/dudasytextos.com\/cuanto-tiempo\/wp-json\/wp\/v2\/comments?post=78250"}],"version-history":[{"count":0,"href":"https:\/\/dudasytextos.com\/cuanto-tiempo\/wp-json\/wp\/v2\/posts\/78250\/revisions"}],"wp:attachment":[{"href":"https:\/\/dudasytextos.com\/cuanto-tiempo\/wp-json\/wp\/v2\/media?parent=78250"}],"wp:term":[{"taxonomy":"category","embeddable":true,"href":"https:\/\/dudasytextos.com\/cuanto-tiempo\/wp-json\/wp\/v2\/categories?post=78250"},{"taxonomy":"post_tag","embeddable":true,"href":"https:\/\/dudasytextos.com\/cuanto-tiempo\/wp-json\/wp\/v2\/tags?post=78250"}],"curies":[{"name":"wp","href":"https:\/\/api.w.org\/{rel}","templated":true}]}}