{"id":78489,"date":"2025-03-03T04:21:14","date_gmt":"2025-03-03T04:21:14","guid":{"rendered":"https:\/\/soleyantonio.es\/cuanto-tiempo-dejar-la-keratina\/"},"modified":"2025-03-12T15:19:31","modified_gmt":"2025-03-12T15:19:31","slug":"cuanto-tiempo-dejar-la-keratina","status":"publish","type":"post","link":"https:\/\/dudasytextos.com\/cuanto-tiempo\/cuanto-tiempo-dejar-la-keratina\/","title":{"rendered":"Cu\u00e1nto tiempo dejar la keratina"},"content":{"rendered":"<div id=\"ez-toc-container\" class=\"ez-toc-v2_0_87 counter-hierarchy ez-toc-counter ez-toc-custom ez-toc-container-direction\">\n<div class=\"ez-toc-title-container\">\n<span class=\"ez-toc-title-toggle\"><\/span><\/div>\n<nav><ul class='ez-toc-list ez-toc-list-level-1 ' ><li class='ez-toc-page-1 ez-toc-heading-level-2'><a class=\"ez-toc-link ez-toc-heading-1\" href=\"https:\/\/dudasytextos.com\/cuanto-tiempo\/cuanto-tiempo-dejar-la-keratina\/#Cuanto_tiempo_dejar_la_keratina\" >Cu\u00e1nto tiempo dejar la keratina<\/a><\/li><li class='ez-toc-page-1 ez-toc-heading-level-2'><a class=\"ez-toc-link ez-toc-heading-2\" href=\"https:\/\/dudasytextos.com\/cuanto-tiempo\/cuanto-tiempo-dejar-la-keratina\/#Curiosidades_e_informacion_interesante_sobre_la_keratina\" >Curiosidades e informaci\u00f3n interesante sobre la keratina<\/a><\/li><li class='ez-toc-page-1 ez-toc-heading-level-2'><a class=\"ez-toc-link ez-toc-heading-3\" href=\"https:\/\/dudasytextos.com\/cuanto-tiempo\/cuanto-tiempo-dejar-la-keratina\/#Mi_experiencia_personal_con_la_keratina\" >Mi experiencia personal con la keratina<\/a><\/li><li class='ez-toc-page-1 ez-toc-heading-level-2'><a class=\"ez-toc-link ez-toc-heading-4\" href=\"https:\/\/dudasytextos.com\/cuanto-tiempo\/cuanto-tiempo-dejar-la-keratina\/#%C2%BFCuanto_tiempo_debes_dejar_la_keratina_en_tu_cabello\" >\u00bfCu\u00e1nto tiempo debes dejar la keratina en tu cabello?<\/a><ul class='ez-toc-list-level-3' ><li class='ez-toc-heading-level-3'><a class=\"ez-toc-link ez-toc-heading-5\" href=\"https:\/\/dudasytextos.com\/cuanto-tiempo\/cuanto-tiempo-dejar-la-keratina\/#Cabello_fino_y_danado\" >Cabello fino y da\u00f1ado<\/a><\/li><li class='ez-toc-page-1 ez-toc-heading-level-3'><a class=\"ez-toc-link ez-toc-heading-6\" href=\"https:\/\/dudasytextos.com\/cuanto-tiempo\/cuanto-tiempo-dejar-la-keratina\/#Cabello_grueso_y_saludable\" >Cabello grueso y saludable<\/a><\/li><\/ul><\/li><li class='ez-toc-page-1 ez-toc-heading-level-2'><a class=\"ez-toc-link ez-toc-heading-7\" href=\"https:\/\/dudasytextos.com\/cuanto-tiempo\/cuanto-tiempo-dejar-la-keratina\/#Preguntas_frecuentes\" >Preguntas frecuentes<\/a><ul class='ez-toc-list-level-3' ><li class='ez-toc-heading-level-3'><a class=\"ez-toc-link ez-toc-heading-8\" href=\"https:\/\/dudasytextos.com\/cuanto-tiempo\/cuanto-tiempo-dejar-la-keratina\/#%C2%BFPuedo_lavar_mi_cabello_durante_el_tiempo_de_duracion_de_la_keratina\" >\u00bfPuedo lavar mi cabello durante el tiempo de duraci\u00f3n de la keratina?<\/a><\/li><li class='ez-toc-page-1 ez-toc-heading-level-3'><a class=\"ez-toc-link ez-toc-heading-9\" href=\"https:\/\/dudasytextos.com\/cuanto-tiempo\/cuanto-tiempo-dejar-la-keratina\/#%C2%BFCuanto_tiempo_durara_el_efecto_de_la_keratina_en_mi_cabello\" >\u00bfCu\u00e1nto tiempo durar\u00e1 el efecto de la keratina en mi cabello?<\/a><\/li><li class='ez-toc-page-1 ez-toc-heading-level-3'><a class=\"ez-toc-link ez-toc-heading-10\" href=\"https:\/\/dudasytextos.com\/cuanto-tiempo\/cuanto-tiempo-dejar-la-keratina\/#%C2%BFPuedo_utilizar_productos_para_el_cabello_despues_de_aplicar_la_keratina\" >\u00bfPuedo utilizar productos para el cabello despu\u00e9s de aplicar la keratina?<\/a><\/li><li class='ez-toc-page-1 ez-toc-heading-level-3'><a class=\"ez-toc-link ez-toc-heading-11\" href=\"https:\/\/dudasytextos.com\/cuanto-tiempo\/cuanto-tiempo-dejar-la-keratina\/#%C2%BFPuedo_realizar_otros_tratamientos_quimicos_en_mi_cabello_despues_de_aplicar_la_keratina\" >\u00bfPuedo realizar otros tratamientos qu\u00edmicos en mi cabello despu\u00e9s de aplicar la keratina?<\/a><\/li><li class='ez-toc-page-1 ez-toc-heading-level-3'><a class=\"ez-toc-link ez-toc-heading-12\" href=\"https:\/\/dudasytextos.com\/cuanto-tiempo\/cuanto-tiempo-dejar-la-keratina\/#%C2%BFPuedo_aplicar_la_keratina_en_casa\" >\u00bfPuedo aplicar la keratina en casa?<\/a><\/li><li class='ez-toc-page-1 ez-toc-heading-level-3'><a class=\"ez-toc-link ez-toc-heading-13\" href=\"https:\/\/dudasytextos.com\/cuanto-tiempo\/cuanto-tiempo-dejar-la-keratina\/#%C2%BFLa_keratina_es_adecuada_para_todo_tipo_de_cabello\" >\u00bfLa keratina es adecuada para todo tipo de cabello?<\/a><\/li><li class='ez-toc-page-1 ez-toc-heading-level-3'><a class=\"ez-toc-link ez-toc-heading-14\" href=\"https:\/\/dudasytextos.com\/cuanto-tiempo\/cuanto-tiempo-dejar-la-keratina\/#%C2%BFLa_keratina_causa_danos_en_el_cabello\" >\u00bfLa keratina causa da\u00f1os en el cabello?<\/a><\/li><\/ul><\/li><\/ul><\/nav><\/div>\n<h2><span class=\"ez-toc-section\" id=\"Cuanto_tiempo_dejar_la_keratina\"><\/span>Cu\u00e1nto tiempo dejar la keratina<span class=\"ez-toc-section-end\"><\/span><\/h2>\n<h2><span class=\"ez-toc-section\" id=\"Curiosidades_e_informacion_interesante_sobre_la_keratina\"><\/span>Curiosidades e informaci\u00f3n interesante sobre la keratina<span class=\"ez-toc-section-end\"><\/span><\/h2>\n<ul>\n<li>La keratina es una prote\u00edna natural que se encuentra en el cabello humano.<\/li>\n<li>El tratamiento de keratina ayuda a alisar el cabello y reducir el frizz.<\/li>\n<li>La duraci\u00f3n de la keratina en el cabello puede variar seg\u00fan el tipo de cabello y el producto utilizado.<\/li>\n<li>Es importante seguir las instrucciones del fabricante para obtener los mejores resultados.<\/li>\n<li>La keratina puede ayudar a fortalecer y reparar el cabello da\u00f1ado.<\/li>\n<li>El <a href=\"https:\/\/dudasytextos.com\/cuanto-tiempo\/500-metros-andando-cuanto-tiempo-es\/\">tiempo<\/a> de duraci\u00f3n de la keratina en el cabello puede influir en la duraci\u00f3n del <a href=\"https:\/\/dudasytextos.com\/cuanto-tiempo\/cuanto-tiempo-tarda-el-propess-en-hacer-efecto\/\">efecto<\/a> liso.<\/li>\n<\/ul>\n<h2><span class=\"ez-toc-section\" id=\"Mi_experiencia_personal_con_la_keratina\"><\/span>Mi experiencia personal con la keratina<span class=\"ez-toc-section-end\"><\/span><\/h2>\n<p>Hace unos meses decid\u00ed probar el tratamiento de keratina en mi cabello. Despu\u00e9s de investigar un poco, encontr\u00e9 un<br \/>\n        sal\u00f3n de belleza recomendado y solicit\u00e9 una cita. La estilista me explic\u00f3 el proceso y me dio recomendaciones sobre<br \/>\n        el tiempo de duraci\u00f3n de la keratina en mi cabello.<\/p>\n<p>Decid\u00ed dejar la keratina en mi cabello durante tres d\u00edas, siguiendo las instrucciones del fabricante y las recomendaciones de la estilista. Durante ese tiempo, evit\u00e9 lavar mi cabello y utilizar cualquier tipo de pinzas o gomas para el pelo.<\/p>\n<p>Despu\u00e9s de los tres d\u00edas, enjuagu\u00e9 y lav\u00e9 mi cabello como de costumbre. El resultado fue asombroso: mi cabello estaba m\u00e1s suave, liso y manejable. Adem\u00e1s, el efecto dur\u00f3 varias semanas, lo cual me permiti\u00f3 ahorrar tiempo en el peinado diario.<\/p>\n<h2><span class=\"ez-toc-section\" id=\"%C2%BFCuanto_tiempo_debes_dejar_la_keratina_en_tu_cabello\"><\/span>\u00bfCu\u00e1nto tiempo debes dejar la keratina en tu cabello?<span class=\"ez-toc-section-end\"><\/span><\/h2>\n<p>No existe una respuesta \u00fanica a esta pregunta, ya que depende de varios factores, como el tipo de cabello, la salud del cabello y el producto utilizado. Sin embargo, existen algunas pautas generales que puedes seguir.<\/p>\n<h3><span class=\"ez-toc-section\" id=\"Cabello_fino_y_danado\"><\/span>Cabello fino y da\u00f1ado<span class=\"ez-toc-section-end\"><\/span><\/h3>\n<p>Si tienes cabello fino y da\u00f1ado, es recomendable dejar la keratina en tu cabello durante aproximadamente 48 horas. Esto permitir\u00e1 que el producto se adhiera correctamente al cabello y proporcione los mejores resultados.<\/p>\n<h3><span class=\"ez-toc-section\" id=\"Cabello_grueso_y_saludable\"><\/span>Cabello grueso y saludable<span class=\"ez-toc-section-end\"><\/span><\/h3>\n<p>Si tienes cabello grueso y saludable, puedes dejar la keratina en tu cabello durante aproximadamente 72 horas. Esto ayudar\u00e1 a que el producto penetre m\u00e1s profundamente en el cabello y proporcione un alisado m\u00e1s duradero.<\/p>\n<h2><span class=\"ez-toc-section\" id=\"Preguntas_frecuentes\"><\/span>Preguntas frecuentes<span class=\"ez-toc-section-end\"><\/span><\/h2>\n<h3><span class=\"ez-toc-section\" id=\"%C2%BFPuedo_lavar_mi_cabello_durante_el_tiempo_de_duracion_de_la_keratina\"><\/span>\u00bfPuedo lavar mi cabello durante el tiempo de duraci\u00f3n de la keratina?<span class=\"ez-toc-section-end\"><\/span><\/h3>\n<p>No se recomienda lavar tu cabello durante el tiempo de duraci\u00f3n de la keratina, ya que esto puede afectar la efectividad del tratamiento. Es importante seguir las instrucciones del fabricante y evitar el contacto con el agua durante el tiempo recomendado.<\/p>\n<h3><span class=\"ez-toc-section\" id=\"%C2%BFCuanto_tiempo_durara_el_efecto_de_la_keratina_en_mi_cabello\"><\/span>\u00bfCu\u00e1nto tiempo durar\u00e1 el efecto de la keratina en mi cabello?<span class=\"ez-toc-section-end\"><\/span><\/h3>\n<p>La duraci\u00f3n del efecto de la keratina en tu cabello puede variar, pero generalmente dura entre 2 y 3 meses. Esto puede depender de la frecuencia de lavado, los productos utilizados para el cuidado del cabello y la salud general del cabello.<\/p>\n<h3><span class=\"ez-toc-section\" id=\"%C2%BFPuedo_utilizar_productos_para_el_cabello_despues_de_aplicar_la_keratina\"><\/span>\u00bfPuedo utilizar productos para el cabello despu\u00e9s de aplicar la keratina?<span class=\"ez-toc-section-end\"><\/span><\/h3>\n<p>Es recomendable evitar el uso de productos para el cabello que contengan sulfatos y cloruro de sodio, ya que pueden afectar la duraci\u00f3n del efecto de la keratina. Utiliza productos sin sulfatos y adecuados para cabellos tratados con keratina para mantener los resultados por m\u00e1s tiempo.<\/p>\n<h3><span class=\"ez-toc-section\" id=\"%C2%BFPuedo_realizar_otros_tratamientos_quimicos_en_mi_cabello_despues_de_aplicar_la_keratina\"><\/span>\u00bfPuedo realizar otros tratamientos qu\u00edmicos en mi cabello despu\u00e9s de aplicar la keratina?<span class=\"ez-toc-section-end\"><\/span><\/h3>\n<p>Se recomienda esperar al menos dos semanas antes de realizar cualquier otro tratamiento qu\u00edmico en tu cabello despu\u00e9s de aplicar la keratina. Esto permitir\u00e1 que el cabello se recupere y evita posibles da\u00f1os.<\/p>\n<h3><span class=\"ez-toc-section\" id=\"%C2%BFPuedo_aplicar_la_keratina_en_casa\"><\/span>\u00bfPuedo aplicar la keratina en casa?<span class=\"ez-toc-section-end\"><\/span><\/h3>\n<p>Si bien existen kits de keratina para aplicar en casa, se recomienda acudir a un sal\u00f3n de belleza o a un profesional para obtener los mejores resultados y evitar posibles da\u00f1os en el cabello. Los estilistas est\u00e1n capacitados para aplicar el tratamiento de manera adecuada y personalizada.<\/p>\n<h3><span class=\"ez-toc-section\" id=\"%C2%BFLa_keratina_es_adecuada_para_todo_tipo_de_cabello\"><\/span>\u00bfLa keratina es adecuada para todo tipo de cabello?<span class=\"ez-toc-section-end\"><\/span><\/h3>\n<p>La keratina es adecuada para la mayor\u00eda de los tipos de cabello, incluyendo cabello rizado, ondulado, liso y da\u00f1ado. Sin embargo, es importante tener en cuenta que los resultados pueden variar seg\u00fan el tipo de cabello y la salud del mismo. Si tienes dudas, consulta con un profesional para determinar si la keratina es adecuada para ti.<\/p>\n<h3><span class=\"ez-toc-section\" id=\"%C2%BFLa_keratina_causa_danos_en_el_cabello\"><\/span>\u00bfLa keratina causa da\u00f1os en el cabello?<span class=\"ez-toc-section-end\"><\/span><\/h3>\n<p>Si se utiliza correctamente y siguiendo las instrucciones del fabricante, la keratina no deber\u00eda causar da\u00f1os en el cabello. Sin embargo, es importante utilizar productos de calidad y acudir a un profesional para evitar posibles da\u00f1os o efectos no deseados.<\/p>\n","protected":false},"excerpt":{"rendered":"<p>Cu\u00e1nto tiempo dejar la keratina Curiosidades e informaci\u00f3n interesante sobre la keratina La keratina es una prote\u00edna natural que se encuentra en el cabello humano. El tratamiento de keratina ayuda a alisar el cabello y reducir el frizz. La duraci\u00f3n de la keratina en el cabello puede variar seg\u00fan el tipo de cabello y el &#8230; <a title=\"Cu\u00e1nto tiempo dejar la keratina\" class=\"read-more\" href=\"https:\/\/dudasytextos.com\/cuanto-tiempo\/cuanto-tiempo-dejar-la-keratina\/\" aria-label=\"M\u00e1s en Cu\u00e1nto tiempo dejar la keratina\">Leer m\u00e1s<\/a><\/p>\n","protected":false},"author":1,"featured_media":0,"comment_status":"open","ping_status":"open","sticky":false,"template":"","format":"standard","meta":{"footnotes":""},"categories":[3],"tags":[],"class_list":["post-78489","post","type-post","status-publish","format-standard","hentry","category-cuanto-tiempo"],"aioseo_notices":[],"aioseo_head":"\n\t\t<!-- All in One SEO 5.0.1.1 - aioseo.com -->\n\t<meta name=\"description\" content=\"Cu\u00e1nto tiempo dejar la keratina Curiosidades e informaci\u00f3n interesante sobre la keratina La keratina es una prote\u00edna natural que se encuentra en el cabello humano. El tratamiento de keratina ayuda a alisar el cabello y reducir el frizz. La duraci\u00f3n de la keratina en el cabello puede variar seg\u00fan el tipo de cabello y el\" \/>\n\t<meta name=\"robots\" content=\"max-snippet:-1, max-image-preview:large, max-video-preview:-1\" \/>\n\t<meta name=\"author\" content=\"Ana Gonz\u00e1lez\"\/>\n\t<link rel=\"canonical\" href=\"https:\/\/dudasytextos.com\/cuanto-tiempo\/cuanto-tiempo-dejar-la-keratina\/\" \/>\n\t<meta name=\"generator\" content=\"All in One SEO (AIOSEO) 5.0.1.1\" \/>\n\n\t\t<!-- Google tag (gtag.js) -->\n<script async src=\"https:\/\/www.googletagmanager.com\/gtag\/js?id=G-YPSGVRV7JJ\"><\/script>\n<script>\n  window.dataLayer = window.dataLayer || [];\n  function gtag(){dataLayer.push(arguments);}\n  gtag('js', new Date());\n\n  gtag('config', 'G-YPSGVRV7JJ');\n<\/script>\n<script async src=\"https:\/\/pagead2.googlesyndication.com\/pagead\/js\/adsbygoogle.js?client=ca-pub-3987500858204711\"\n     crossorigin=\"anonymous\"><\/script>\n\t\t<meta property=\"og:locale\" content=\"es_ES\" \/>\n\t\t<meta property=\"og:site_name\" content=\"\u00bfCu\u00e1nto Tiempo? - \u00bfCu\u00e1nto Tiempo?\" \/>\n\t\t<meta property=\"og:type\" content=\"article\" \/>\n\t\t<meta property=\"og:title\" content=\"Cu\u00e1nto tiempo dejar la keratina (2026) \u00bfCu\u00e1nto Tiempo?\" \/>\n\t\t<meta property=\"og:description\" content=\"Cu\u00e1nto tiempo dejar la keratina Curiosidades e informaci\u00f3n interesante sobre la keratina La keratina es una prote\u00edna natural que se encuentra en el cabello humano. El tratamiento de keratina ayuda a alisar el cabello y reducir el frizz. La duraci\u00f3n de la keratina en el cabello puede variar seg\u00fan el tipo de cabello y el\" \/>\n\t\t<meta property=\"og:url\" content=\"https:\/\/dudasytextos.com\/cuanto-tiempo\/cuanto-tiempo-dejar-la-keratina\/\" \/>\n\t\t<meta property=\"article:published_time\" content=\"2025-03-03T04:21:14+00:00\" \/>\n\t\t<meta property=\"article:modified_time\" content=\"2025-03-12T15:19:31+00:00\" \/>\n\t\t<meta name=\"twitter:card\" content=\"summary_large_image\" \/>\n\t\t<meta name=\"twitter:title\" content=\"Cu\u00e1nto tiempo dejar la keratina (2026) \u00bfCu\u00e1nto Tiempo?\" \/>\n\t\t<meta name=\"twitter:description\" content=\"Cu\u00e1nto tiempo dejar la keratina Curiosidades e informaci\u00f3n interesante sobre la keratina La keratina es una prote\u00edna natural que se encuentra en el cabello humano. El tratamiento de keratina ayuda a alisar el cabello y reducir el frizz. La duraci\u00f3n de la keratina en el cabello puede variar seg\u00fan el tipo de cabello y el\" \/>\n\t\t<script type=\"application\/ld+json\" class=\"aioseo-schema\">\n\t\t\t{\"@context\":\"https:\\\/\\\/schema.org\",\"@graph\":[{\"@type\":\"BlogPosting\",\"@id\":\"https:\\\/\\\/dudasytextos.com\\\/cuanto-tiempo\\\/cuanto-tiempo-dejar-la-keratina\\\/#blogposting\",\"name\":\"Cu\\u00e1nto tiempo dejar la keratina (2026) \\u00bfCu\\u00e1nto Tiempo?\",\"headline\":\"Cu\\u00e1nto tiempo dejar la keratina\",\"author\":{\"@id\":\"https:\\\/\\\/dudasytextos.com\\\/cuanto-tiempo\\\/author\\\/admin23\\\/#author\"},\"publisher\":{\"@id\":\"https:\\\/\\\/dudasytextos.com\\\/cuanto-tiempo\\\/#organization\"},\"datePublished\":\"2025-03-03T04:21:14+00:00\",\"dateModified\":\"2025-03-12T15:19:31+00:00\",\"inLanguage\":\"es-ES\",\"mainEntityOfPage\":{\"@id\":\"https:\\\/\\\/dudasytextos.com\\\/cuanto-tiempo\\\/cuanto-tiempo-dejar-la-keratina\\\/#webpage\"},\"isPartOf\":{\"@id\":\"https:\\\/\\\/dudasytextos.com\\\/cuanto-tiempo\\\/cuanto-tiempo-dejar-la-keratina\\\/#webpage\"},\"articleSection\":\"\\u00bfCu\\u00e1nto tiempo?\"},{\"@type\":\"BreadcrumbList\",\"@id\":\"https:\\\/\\\/dudasytextos.com\\\/cuanto-tiempo\\\/cuanto-tiempo-dejar-la-keratina\\\/#breadcrumblist\",\"itemListElement\":[{\"@type\":\"ListItem\",\"@id\":\"https:\\\/\\\/dudasytextos.com\\\/cuanto-tiempo#listItem\",\"position\":1,\"name\":\"Home\",\"item\":\"https:\\\/\\\/dudasytextos.com\\\/cuanto-tiempo\",\"nextItem\":{\"@type\":\"ListItem\",\"@id\":\"https:\\\/\\\/dudasytextos.com\\\/cuanto-tiempo\\\/category\\\/cuanto-tiempo\\\/#listItem\",\"name\":\"\\u00bfCu\\u00e1nto tiempo?\"}},{\"@type\":\"ListItem\",\"@id\":\"https:\\\/\\\/dudasytextos.com\\\/cuanto-tiempo\\\/category\\\/cuanto-tiempo\\\/#listItem\",\"position\":2,\"name\":\"\\u00bfCu\\u00e1nto tiempo?\",\"item\":\"https:\\\/\\\/dudasytextos.com\\\/cuanto-tiempo\\\/category\\\/cuanto-tiempo\\\/\",\"nextItem\":{\"@type\":\"ListItem\",\"@id\":\"https:\\\/\\\/dudasytextos.com\\\/cuanto-tiempo\\\/cuanto-tiempo-dejar-la-keratina\\\/#listItem\",\"name\":\"Cu\\u00e1nto tiempo dejar la keratina\"},\"previousItem\":{\"@type\":\"ListItem\",\"@id\":\"https:\\\/\\\/dudasytextos.com\\\/cuanto-tiempo#listItem\",\"name\":\"Home\"}},{\"@type\":\"ListItem\",\"@id\":\"https:\\\/\\\/dudasytextos.com\\\/cuanto-tiempo\\\/cuanto-tiempo-dejar-la-keratina\\\/#listItem\",\"position\":3,\"name\":\"Cu\\u00e1nto tiempo dejar la keratina\",\"previousItem\":{\"@type\":\"ListItem\",\"@id\":\"https:\\\/\\\/dudasytextos.com\\\/cuanto-tiempo\\\/category\\\/cuanto-tiempo\\\/#listItem\",\"name\":\"\\u00bfCu\\u00e1nto tiempo?\"}}]},{\"@type\":\"Organization\",\"@id\":\"https:\\\/\\\/dudasytextos.com\\\/cuanto-tiempo\\\/#organization\",\"name\":\"Recipes\",\"description\":\"\\u00bfCu\\u00e1nto Tiempo?\",\"url\":\"https:\\\/\\\/dudasytextos.com\\\/cuanto-tiempo\\\/\"},{\"@type\":\"Person\",\"@id\":\"https:\\\/\\\/dudasytextos.com\\\/cuanto-tiempo\\\/author\\\/admin23\\\/#author\",\"url\":\"https:\\\/\\\/dudasytextos.com\\\/cuanto-tiempo\\\/author\\\/admin23\\\/\",\"name\":\"Ana Gonz\\u00e1lez\"},{\"@type\":\"WebPage\",\"@id\":\"https:\\\/\\\/dudasytextos.com\\\/cuanto-tiempo\\\/cuanto-tiempo-dejar-la-keratina\\\/#webpage\",\"url\":\"https:\\\/\\\/dudasytextos.com\\\/cuanto-tiempo\\\/cuanto-tiempo-dejar-la-keratina\\\/\",\"name\":\"Cu\\u00e1nto tiempo dejar la keratina (2026) \\u00bfCu\\u00e1nto Tiempo?\",\"description\":\"Cu\\u00e1nto tiempo dejar la keratina Curiosidades e informaci\\u00f3n interesante sobre la keratina La keratina es una prote\\u00edna natural que se encuentra en el cabello humano. El tratamiento de keratina ayuda a alisar el cabello y reducir el frizz. La duraci\\u00f3n de la keratina en el cabello puede variar seg\\u00fan el tipo de cabello y el\",\"inLanguage\":\"es-ES\",\"isPartOf\":{\"@id\":\"https:\\\/\\\/dudasytextos.com\\\/cuanto-tiempo\\\/#website\"},\"breadcrumb\":{\"@id\":\"https:\\\/\\\/dudasytextos.com\\\/cuanto-tiempo\\\/cuanto-tiempo-dejar-la-keratina\\\/#breadcrumblist\"},\"author\":{\"@id\":\"https:\\\/\\\/dudasytextos.com\\\/cuanto-tiempo\\\/author\\\/admin23\\\/#author\"},\"creator\":{\"@id\":\"https:\\\/\\\/dudasytextos.com\\\/cuanto-tiempo\\\/author\\\/admin23\\\/#author\"},\"datePublished\":\"2025-03-03T04:21:14+00:00\",\"dateModified\":\"2025-03-12T15:19:31+00:00\"},{\"@type\":\"WebSite\",\"@id\":\"https:\\\/\\\/dudasytextos.com\\\/cuanto-tiempo\\\/#website\",\"url\":\"https:\\\/\\\/dudasytextos.com\\\/cuanto-tiempo\\\/\",\"name\":\"Recipes\",\"description\":\"\\u00bfCu\\u00e1nto Tiempo?\",\"inLanguage\":\"es-ES\",\"publisher\":{\"@id\":\"https:\\\/\\\/dudasytextos.com\\\/cuanto-tiempo\\\/#organization\"}}]}\n\t\t<\/script>\n\t\t<!-- All in One SEO -->\n\n","aioseo_head_json":{"title":"Cu\u00e1nto tiempo dejar la keratina (2026) \u00bfCu\u00e1nto Tiempo?","description":"Cu\u00e1nto tiempo dejar la keratina Curiosidades e informaci\u00f3n interesante sobre la keratina La keratina es una prote\u00edna natural que se encuentra en el cabello humano. El tratamiento de keratina ayuda a alisar el cabello y reducir el frizz. La duraci\u00f3n de la keratina en el cabello puede variar seg\u00fan el tipo de cabello y el","canonical_url":"https:\/\/dudasytextos.com\/cuanto-tiempo\/cuanto-tiempo-dejar-la-keratina\/","robots":"max-snippet:-1, max-image-preview:large, max-video-preview:-1","keywords":"","webmasterTools":{"miscellaneous":"&lt;!-- Google tag (gtag.js) --&gt;\n&lt;script async src=\"https:\/\/www.googletagmanager.com\/gtag\/js?id=G-YPSGVRV7JJ\"&gt;&lt;\/script&gt;\n&lt;script&gt;\n  window.dataLayer = window.dataLayer || [];\n  function gtag(){dataLayer.push(arguments);}\n  gtag('js', new Date());\n\n  gtag('config', 'G-YPSGVRV7JJ');\n&lt;\/script&gt;\n&lt;script async src=\"https:\/\/pagead2.googlesyndication.com\/pagead\/js\/adsbygoogle.js?client=ca-pub-3987500858204711\"\n     crossorigin=\"anonymous\"&gt;&lt;\/script&gt;"},"schema":{"@context":"https:\/\/schema.org","@graph":[{"@type":"BlogPosting","@id":"https:\/\/dudasytextos.com\/cuanto-tiempo\/cuanto-tiempo-dejar-la-keratina\/#blogposting","name":"Cu\u00e1nto tiempo dejar la keratina (2026) \u00bfCu\u00e1nto Tiempo?","headline":"Cu\u00e1nto tiempo dejar la keratina","author":{"@id":"https:\/\/dudasytextos.com\/cuanto-tiempo\/author\/admin23\/#author"},"publisher":{"@id":"https:\/\/dudasytextos.com\/cuanto-tiempo\/#organization"},"datePublished":"2025-03-03T04:21:14+00:00","dateModified":"2025-03-12T15:19:31+00:00","inLanguage":"es-ES","mainEntityOfPage":{"@id":"https:\/\/dudasytextos.com\/cuanto-tiempo\/cuanto-tiempo-dejar-la-keratina\/#webpage"},"isPartOf":{"@id":"https:\/\/dudasytextos.com\/cuanto-tiempo\/cuanto-tiempo-dejar-la-keratina\/#webpage"},"articleSection":"\u00bfCu\u00e1nto tiempo?"},{"@type":"BreadcrumbList","@id":"https:\/\/dudasytextos.com\/cuanto-tiempo\/cuanto-tiempo-dejar-la-keratina\/#breadcrumblist","itemListElement":[{"@type":"ListItem","@id":"https:\/\/dudasytextos.com\/cuanto-tiempo#listItem","position":1,"name":"Home","item":"https:\/\/dudasytextos.com\/cuanto-tiempo","nextItem":{"@type":"ListItem","@id":"https:\/\/dudasytextos.com\/cuanto-tiempo\/category\/cuanto-tiempo\/#listItem","name":"\u00bfCu\u00e1nto tiempo?"}},{"@type":"ListItem","@id":"https:\/\/dudasytextos.com\/cuanto-tiempo\/category\/cuanto-tiempo\/#listItem","position":2,"name":"\u00bfCu\u00e1nto tiempo?","item":"https:\/\/dudasytextos.com\/cuanto-tiempo\/category\/cuanto-tiempo\/","nextItem":{"@type":"ListItem","@id":"https:\/\/dudasytextos.com\/cuanto-tiempo\/cuanto-tiempo-dejar-la-keratina\/#listItem","name":"Cu\u00e1nto tiempo dejar la keratina"},"previousItem":{"@type":"ListItem","@id":"https:\/\/dudasytextos.com\/cuanto-tiempo#listItem","name":"Home"}},{"@type":"ListItem","@id":"https:\/\/dudasytextos.com\/cuanto-tiempo\/cuanto-tiempo-dejar-la-keratina\/#listItem","position":3,"name":"Cu\u00e1nto tiempo dejar la keratina","previousItem":{"@type":"ListItem","@id":"https:\/\/dudasytextos.com\/cuanto-tiempo\/category\/cuanto-tiempo\/#listItem","name":"\u00bfCu\u00e1nto tiempo?"}}]},{"@type":"Organization","@id":"https:\/\/dudasytextos.com\/cuanto-tiempo\/#organization","name":"Recipes","description":"\u00bfCu\u00e1nto Tiempo?","url":"https:\/\/dudasytextos.com\/cuanto-tiempo\/"},{"@type":"Person","@id":"https:\/\/dudasytextos.com\/cuanto-tiempo\/author\/admin23\/#author","url":"https:\/\/dudasytextos.com\/cuanto-tiempo\/author\/admin23\/","name":"Ana Gonz\u00e1lez"},{"@type":"WebPage","@id":"https:\/\/dudasytextos.com\/cuanto-tiempo\/cuanto-tiempo-dejar-la-keratina\/#webpage","url":"https:\/\/dudasytextos.com\/cuanto-tiempo\/cuanto-tiempo-dejar-la-keratina\/","name":"Cu\u00e1nto tiempo dejar la keratina (2026) \u00bfCu\u00e1nto Tiempo?","description":"Cu\u00e1nto tiempo dejar la keratina Curiosidades e informaci\u00f3n interesante sobre la keratina La keratina es una prote\u00edna natural que se encuentra en el cabello humano. El tratamiento de keratina ayuda a alisar el cabello y reducir el frizz. La duraci\u00f3n de la keratina en el cabello puede variar seg\u00fan el tipo de cabello y el","inLanguage":"es-ES","isPartOf":{"@id":"https:\/\/dudasytextos.com\/cuanto-tiempo\/#website"},"breadcrumb":{"@id":"https:\/\/dudasytextos.com\/cuanto-tiempo\/cuanto-tiempo-dejar-la-keratina\/#breadcrumblist"},"author":{"@id":"https:\/\/dudasytextos.com\/cuanto-tiempo\/author\/admin23\/#author"},"creator":{"@id":"https:\/\/dudasytextos.com\/cuanto-tiempo\/author\/admin23\/#author"},"datePublished":"2025-03-03T04:21:14+00:00","dateModified":"2025-03-12T15:19:31+00:00"},{"@type":"WebSite","@id":"https:\/\/dudasytextos.com\/cuanto-tiempo\/#website","url":"https:\/\/dudasytextos.com\/cuanto-tiempo\/","name":"Recipes","description":"\u00bfCu\u00e1nto Tiempo?","inLanguage":"es-ES","publisher":{"@id":"https:\/\/dudasytextos.com\/cuanto-tiempo\/#organization"}}]},"og:locale":"es_ES","og:site_name":"\u00bfCu\u00e1nto Tiempo? - \u00bfCu\u00e1nto Tiempo?","og:type":"article","og:title":"Cu\u00e1nto tiempo dejar la keratina (2026) \u00bfCu\u00e1nto Tiempo?","og:description":"Cu\u00e1nto tiempo dejar la keratina Curiosidades e informaci\u00f3n interesante sobre la keratina La keratina es una prote\u00edna natural que se encuentra en el cabello humano. El tratamiento de keratina ayuda a alisar el cabello y reducir el frizz. La duraci\u00f3n de la keratina en el cabello puede variar seg\u00fan el tipo de cabello y el","og:url":"https:\/\/dudasytextos.com\/cuanto-tiempo\/cuanto-tiempo-dejar-la-keratina\/","article:published_time":"2025-03-03T04:21:14+00:00","article:modified_time":"2025-03-12T15:19:31+00:00","twitter:card":"summary_large_image","twitter:title":"Cu\u00e1nto tiempo dejar la keratina (2026) \u00bfCu\u00e1nto Tiempo?","twitter:description":"Cu\u00e1nto tiempo dejar la keratina Curiosidades e informaci\u00f3n interesante sobre la keratina La keratina es una prote\u00edna natural que se encuentra en el cabello humano. El tratamiento de keratina ayuda a alisar el cabello y reducir el frizz. La duraci\u00f3n de la keratina en el cabello puede variar seg\u00fan el tipo de cabello y el"},"aioseo_meta_data":{"post_id":"78489","title":null,"description":null,"keywords":null,"keyphrases":null,"primary_term":null,"canonical_url":null,"og_title":null,"og_description":null,"og_object_type":"default","og_image_type":"default","og_image_url":null,"og_image_width":null,"og_image_height":null,"og_image_custom_url":null,"og_image_custom_fields":null,"og_video":null,"og_custom_url":null,"og_article_section":null,"og_article_tags":null,"twitter_use_og":false,"twitter_card":"default","twitter_image_type":"default","twitter_image_url":null,"twitter_image_custom_url":null,"twitter_image_custom_fields":null,"twitter_title":null,"twitter_description":null,"schema":{"blockGraphs":[],"customGraphs":[],"default":{"data":{"Article":[],"Course":[],"Dataset":[],"FAQPage":[],"Movie":[],"Person":[],"Product":[],"ProductReview":[],"Car":[],"Recipe":[],"Service":[],"SoftwareApplication":[],"WebPage":[]},"graphName":"","isEnabled":true},"graphs":[]},"schema_type":"default","schema_type_options":null,"pillar_content":false,"robots_default":true,"robots_noindex":false,"robots_noarchive":false,"robots_nosnippet":false,"robots_nofollow":false,"robots_noimageindex":false,"robots_noodp":false,"robots_notranslate":false,"robots_max_snippet":null,"robots_max_videopreview":null,"robots_max_imagepreview":"large","priority":null,"frequency":null,"local_seo":null,"breadcrumb_settings":null,"limit_modified_date":false,"ai":null,"created":"2023-07-13 14:01:56","updated":"2025-06-04 13:28:10","seo_analyzer_scan_date":null,"focus_keyword":null,"additional_keywords":null,"truseo_locale":null},"aioseo_breadcrumb":"<div class=\"aioseo-breadcrumbs\"><span class=\"aioseo-breadcrumb\">\n\t\t\t<a href=\"https:\/\/dudasytextos.com\/cuanto-tiempo\" title=\"Home\">Home<\/a>\n\t\t<\/span><span class=\"aioseo-breadcrumb-separator\">&raquo;<\/span><span class=\"aioseo-breadcrumb\">\n\t\t\t<a href=\"https:\/\/dudasytextos.com\/cuanto-tiempo\/category\/cuanto-tiempo\/\" title=\"\u00bfCu\u00e1nto tiempo?\">\u00bfCu\u00e1nto tiempo?<\/a>\n\t\t<\/span><span class=\"aioseo-breadcrumb-separator\">&raquo;<\/span><span class=\"aioseo-breadcrumb\">\n\t\t\tCu\u00e1nto tiempo dejar la keratina\n\t\t<\/span><\/div>","aioseo_breadcrumb_json":[{"label":"Home","link":"https:\/\/dudasytextos.com\/cuanto-tiempo"},{"label":"\u00bfCu\u00e1nto tiempo?","link":"https:\/\/dudasytextos.com\/cuanto-tiempo\/category\/cuanto-tiempo\/"},{"label":"Cu\u00e1nto tiempo dejar la keratina","link":"https:\/\/dudasytextos.com\/cuanto-tiempo\/cuanto-tiempo-dejar-la-keratina\/"}],"_links":{"self":[{"href":"https:\/\/dudasytextos.com\/cuanto-tiempo\/wp-json\/wp\/v2\/posts\/78489","targetHints":{"allow":["GET"]}}],"collection":[{"href":"https:\/\/dudasytextos.com\/cuanto-tiempo\/wp-json\/wp\/v2\/posts"}],"about":[{"href":"https:\/\/dudasytextos.com\/cuanto-tiempo\/wp-json\/wp\/v2\/types\/post"}],"author":[{"embeddable":true,"href":"https:\/\/dudasytextos.com\/cuanto-tiempo\/wp-json\/wp\/v2\/users\/1"}],"replies":[{"embeddable":true,"href":"https:\/\/dudasytextos.com\/cuanto-tiempo\/wp-json\/wp\/v2\/comments?post=78489"}],"version-history":[{"count":0,"href":"https:\/\/dudasytextos.com\/cuanto-tiempo\/wp-json\/wp\/v2\/posts\/78489\/revisions"}],"wp:attachment":[{"href":"https:\/\/dudasytextos.com\/cuanto-tiempo\/wp-json\/wp\/v2\/media?parent=78489"}],"wp:term":[{"taxonomy":"category","embeddable":true,"href":"https:\/\/dudasytextos.com\/cuanto-tiempo\/wp-json\/wp\/v2\/categories?post=78489"},{"taxonomy":"post_tag","embeddable":true,"href":"https:\/\/dudasytextos.com\/cuanto-tiempo\/wp-json\/wp\/v2\/tags?post=78489"}],"curies":[{"name":"wp","href":"https:\/\/api.w.org\/{rel}","templated":true}]}}