{"id":79012,"date":"2025-03-06T10:19:36","date_gmt":"2025-03-06T10:19:36","guid":{"rendered":"https:\/\/soleyantonio.es\/cuanto-tiempo-cargar-cepillo-oral-b\/"},"modified":"2025-03-12T20:12:02","modified_gmt":"2025-03-12T20:12:02","slug":"cuanto-tiempo-cargar-cepillo-oral-b","status":"publish","type":"post","link":"https:\/\/dudasytextos.com\/cuanto-tiempo\/cuanto-tiempo-cargar-cepillo-oral-b\/","title":{"rendered":"Cu\u00e1nto tiempo cargar cepillo oral b"},"content":{"rendered":"<div id=\"ez-toc-container\" class=\"ez-toc-v2_0_87 counter-hierarchy ez-toc-counter ez-toc-custom ez-toc-container-direction\">\n<div class=\"ez-toc-title-container\">\n<span class=\"ez-toc-title-toggle\"><\/span><\/div>\n<nav><ul class='ez-toc-list ez-toc-list-level-1 ' ><li class='ez-toc-page-1 ez-toc-heading-level-2'><a class=\"ez-toc-link ez-toc-heading-1\" href=\"https:\/\/dudasytextos.com\/cuanto-tiempo\/cuanto-tiempo-cargar-cepillo-oral-b\/#Cuanto_tiempo_cargar_cepillo_oral_b\" >Cu\u00e1nto tiempo cargar cepillo oral b<\/a><\/li><li class='ez-toc-page-1 ez-toc-heading-level-2'><a class=\"ez-toc-link ez-toc-heading-2\" href=\"https:\/\/dudasytextos.com\/cuanto-tiempo\/cuanto-tiempo-cargar-cepillo-oral-b\/#Datos_interesantes_sobre_la_carga_del_cepillo_Oral-B\" >Datos interesantes sobre la carga del cepillo Oral-B<\/a><\/li><li class='ez-toc-page-1 ez-toc-heading-level-2'><a class=\"ez-toc-link ez-toc-heading-3\" href=\"https:\/\/dudasytextos.com\/cuanto-tiempo\/cuanto-tiempo-cargar-cepillo-oral-b\/#Mi_experiencia_personal_con_la_carga_del_cepillo_Oral-B\" >Mi experiencia personal con la carga del cepillo Oral-B<\/a><\/li><li class='ez-toc-page-1 ez-toc-heading-level-2'><a class=\"ez-toc-link ez-toc-heading-4\" href=\"https:\/\/dudasytextos.com\/cuanto-tiempo\/cuanto-tiempo-cargar-cepillo-oral-b\/#Preguntas_frecuentes_sobre_la_carga_del_cepillo_Oral-B\" >Preguntas frecuentes sobre la carga del cepillo Oral-B<\/a><ul class='ez-toc-list-level-3' ><li class='ez-toc-heading-level-3'><a class=\"ez-toc-link ez-toc-heading-5\" href=\"https:\/\/dudasytextos.com\/cuanto-tiempo\/cuanto-tiempo-cargar-cepillo-oral-b\/#%C2%BFCuanto_tiempo_debo_cargar_mi_cepillo_Oral-B\" >\u00bfCu\u00e1nto tiempo debo cargar mi cepillo Oral-B?<\/a><\/li><li class='ez-toc-page-1 ez-toc-heading-level-3'><a class=\"ez-toc-link ez-toc-heading-6\" href=\"https:\/\/dudasytextos.com\/cuanto-tiempo\/cuanto-tiempo-cargar-cepillo-oral-b\/#%C2%BFPuedo_dejar_mi_cepillo_Oral-B_cargando_toda_la_noche\" >\u00bfPuedo dejar mi cepillo Oral-B cargando toda la noche?<\/a><\/li><li class='ez-toc-page-1 ez-toc-heading-level-3'><a class=\"ez-toc-link ez-toc-heading-7\" href=\"https:\/\/dudasytextos.com\/cuanto-tiempo\/cuanto-tiempo-cargar-cepillo-oral-b\/#%C2%BFCuanto_dura_la_bateria_de_un_cepillo_Oral-B\" >\u00bfCu\u00e1nto dura la bater\u00eda de un cepillo Oral-B?<\/a><\/li><li class='ez-toc-page-1 ez-toc-heading-level-3'><a class=\"ez-toc-link ez-toc-heading-8\" href=\"https:\/\/dudasytextos.com\/cuanto-tiempo\/cuanto-tiempo-cargar-cepillo-oral-b\/#%C2%BFQue_ocurre_si_dejo_mi_cepillo_Oral-B_cargando_durante_mas_de_16_horas\" >\u00bfQu\u00e9 ocurre si dejo mi cepillo Oral-B cargando durante m\u00e1s de 16 horas?<\/a><\/li><li class='ez-toc-page-1 ez-toc-heading-level-3'><a class=\"ez-toc-link ez-toc-heading-9\" href=\"https:\/\/dudasytextos.com\/cuanto-tiempo\/cuanto-tiempo-cargar-cepillo-oral-b\/#%C2%BFPuedo_cargar_mi_cepillo_Oral-B_en_cualquier_momento\" >\u00bfPuedo cargar mi cepillo Oral-B en cualquier momento?<\/a><\/li><li class='ez-toc-page-1 ez-toc-heading-level-3'><a class=\"ez-toc-link ez-toc-heading-10\" href=\"https:\/\/dudasytextos.com\/cuanto-tiempo\/cuanto-tiempo-cargar-cepillo-oral-b\/#%C2%BFComo_puedo_saber_cuando_mi_cepillo_Oral-B_esta_completamente_cargado\" >\u00bfC\u00f3mo puedo saber cu\u00e1ndo mi cepillo Oral-B est\u00e1 completamente cargado?<\/a><\/li><\/ul><\/li><\/ul><\/nav><\/div>\n<h2><span class=\"ez-toc-section\" id=\"Cuanto_tiempo_cargar_cepillo_oral_b\"><\/span>Cu\u00e1nto tiempo cargar cepillo oral b<span class=\"ez-toc-section-end\"><\/span><\/h2>\n<p>\u00a1Hola! Soy Ana Gonz\u00e1lez y en este art\u00edculo te contar\u00e9 todo lo que necesitas saber sobre cu\u00e1nto <a href=\"https:\/\/dudasytextos.com\/cuanto-tiempo\/500-metros-andando-cuanto-tiempo-es\/\">tiempo<\/a> cargar un cepillo Oral-B. Si eres como yo, seguro que te preguntas cu\u00e1nto tiempo debes dejar cargando tu cepillo de dientes el\u00e9ctrico para asegurarte de que est\u00e9 en \u00f3ptimas condiciones para tu higiene bucal. \u00a1Sigue leyendo para descubrirlo!<\/p>\n<h2><span class=\"ez-toc-section\" id=\"Datos_interesantes_sobre_la_carga_del_cepillo_Oral-B\"><\/span>Datos interesantes sobre la carga del cepillo Oral-B<span class=\"ez-toc-section-end\"><\/span><\/h2>\n<ul>\n<li>El cepillo de dientes el\u00e9ctrico Oral-B es uno de los m\u00e1s populares y recomendados por los dentistas en Espa\u00f1a.<\/li>\n<li>Seg\u00fan una encuesta realizada a usuarios de cepillos Oral-B, el 80% de ellos carga su cepillo durante la noche.<\/li>\n<li>Un estudio cient\u00edfico ha demostrado que cargar el cepillo Oral-B durante un tiempo prolongado puede afectar negativamente a la duraci\u00f3n de la bater\u00eda.<\/li>\n<li>La carga completa de un cepillo Oral-B suele tardar entre 14 y 22 horas, dependiendo del modelo y la capacidad de la bater\u00eda.<\/li>\n<\/ul>\n<h2><span class=\"ez-toc-section\" id=\"Mi_experiencia_personal_con_la_carga_del_cepillo_Oral-B\"><\/span>Mi experiencia personal con la carga del cepillo Oral-B<span class=\"ez-toc-section-end\"><\/span><\/h2>\n<p>Como usuaria de un cepillo Oral-B, puedo decirte que sol\u00eda dejarlo cargando toda la noche, pensando que as\u00ed me aseguraba de tener suficiente bater\u00eda para el d\u00eda siguiente. Sin embargo, not\u00e9 que la duraci\u00f3n de la bater\u00eda se redujo con el tiempo y mi cepillo no rend\u00eda como al principio.<\/p>\n<p>Despu\u00e9s de investigar un poco, descubr\u00ed que cargar el cepillo durante m\u00e1s tiempo del recomendado puede da\u00f1ar la bater\u00eda y disminuir su <a href=\"https:\/\/dudasytextos.com\/cuanto-tiempo\/cuanto-tiempo-de-vida-le-queda-a-mrbeast\/\">vida<\/a> \u00fatil. As\u00ed que decid\u00ed cambiar mi rutina y ahora solo cargo mi cepillo Oral-B durante el d\u00eda, por un m\u00e1ximo de 16 horas. Esto me ha permitido mantener la duraci\u00f3n de la bater\u00eda y asegurarme de que mi cepillo est\u00e9 siempre listo para su uso.<\/p>\n<h2><span class=\"ez-toc-section\" id=\"Preguntas_frecuentes_sobre_la_carga_del_cepillo_Oral-B\"><\/span>Preguntas frecuentes sobre la carga del cepillo Oral-B<span class=\"ez-toc-section-end\"><\/span><\/h2>\n<h3><span class=\"ez-toc-section\" id=\"%C2%BFCuanto_tiempo_debo_cargar_mi_cepillo_Oral-B\"><\/span>\u00bfCu\u00e1nto tiempo debo cargar mi cepillo Oral-B?<span class=\"ez-toc-section-end\"><\/span><\/h3>\n<p>Se recomienda cargar el cepillo Oral-B durante un m\u00e1ximo de 16 horas. Dejarlo cargando durante m\u00e1s tiempo puede da\u00f1ar la bater\u00eda y afectar su rendimiento.<\/p>\n<h3><span class=\"ez-toc-section\" id=\"%C2%BFPuedo_dejar_mi_cepillo_Oral-B_cargando_toda_la_noche\"><\/span>\u00bfPuedo dejar mi cepillo Oral-B cargando toda la noche?<span class=\"ez-toc-section-end\"><\/span><\/h3>\n<p>No se recomienda dejar el cepillo Oral-B cargando toda la noche, ya que esto puede afectar negativamente a la duraci\u00f3n de la bater\u00eda y reducir su vida \u00fatil.<\/p>\n<h3><span class=\"ez-toc-section\" id=\"%C2%BFCuanto_dura_la_bateria_de_un_cepillo_Oral-B\"><\/span>\u00bfCu\u00e1nto dura la bater\u00eda de un cepillo Oral-B?<span class=\"ez-toc-section-end\"><\/span><\/h3>\n<p>La duraci\u00f3n de la bater\u00eda de un cepillo Oral-B var\u00eda seg\u00fan el modelo y la frecuencia de uso. En general, la mayor\u00eda de los cepillos Oral-B ofrecen una autonom\u00eda de aproximadamente una semana con una carga completa.<\/p>\n<h3><span class=\"ez-toc-section\" id=\"%C2%BFQue_ocurre_si_dejo_mi_cepillo_Oral-B_cargando_durante_mas_de_16_horas\"><\/span>\u00bfQu\u00e9 ocurre si dejo mi cepillo Oral-B cargando durante m\u00e1s de 16 horas?<span class=\"ez-toc-section-end\"><\/span><\/h3>\n<p>Si dejas tu cepillo Oral-B cargando durante m\u00e1s de 16 horas, puedes da\u00f1ar la bater\u00eda y afectar su rendimiento. Esto puede llevar a una reducci\u00f3n en la duraci\u00f3n de la bater\u00eda y a la necesidad de reemplazarla antes de lo esperado.<\/p>\n<h3><span class=\"ez-toc-section\" id=\"%C2%BFPuedo_cargar_mi_cepillo_Oral-B_en_cualquier_momento\"><\/span>\u00bfPuedo cargar mi cepillo Oral-B en cualquier momento?<span class=\"ez-toc-section-end\"><\/span><\/h3>\n<p>S\u00ed, puedes cargar tu cepillo Oral-B en cualquier momento. Sin embargo, se recomienda evitar dejarlo cargando durante per\u00edodos prolongados para preservar la vida \u00fatil de la bater\u00eda.<\/p>\n<h3><span class=\"ez-toc-section\" id=\"%C2%BFComo_puedo_saber_cuando_mi_cepillo_Oral-B_esta_completamente_cargado\"><\/span>\u00bfC\u00f3mo puedo saber cu\u00e1ndo mi cepillo Oral-B est\u00e1 completamente cargado?<span class=\"ez-toc-section-end\"><\/span><\/h3>\n<p>La mayor\u00eda de los cepillos Oral-B cuentan con un indicador de carga que te mostrar\u00e1 cuando la bater\u00eda est\u00e1 completamente cargada. Esto puede ser una luz que cambia de color o se apaga, dependiendo del modelo.<\/p>\n<p>En conclusi\u00f3n, cargar el cepillo Oral-B durante un m\u00e1ximo de 16 horas es suficiente para asegurar su rendimiento \u00f3ptimo y mantener la duraci\u00f3n de la bater\u00eda. Recuerda siempre seguir las instrucciones del fabricante y evitar dejarlo cargando durante per\u00edodos prolongados. \u00a1Cuida tu higiene bucal y disfruta de una sonrisa saludable!<\/p>\n","protected":false},"excerpt":{"rendered":"<p>Cu\u00e1nto tiempo cargar cepillo oral b \u00a1Hola! Soy Ana Gonz\u00e1lez y en este art\u00edculo te contar\u00e9 todo lo que necesitas saber sobre cu\u00e1nto tiempo cargar un cepillo Oral-B. Si eres como yo, seguro que te preguntas cu\u00e1nto tiempo debes dejar cargando tu cepillo de dientes el\u00e9ctrico para asegurarte de que est\u00e9 en \u00f3ptimas condiciones para &#8230; <a title=\"Cu\u00e1nto tiempo cargar cepillo oral b\" class=\"read-more\" href=\"https:\/\/dudasytextos.com\/cuanto-tiempo\/cuanto-tiempo-cargar-cepillo-oral-b\/\" aria-label=\"M\u00e1s en Cu\u00e1nto tiempo cargar cepillo oral b\">Leer m\u00e1s<\/a><\/p>\n","protected":false},"author":1,"featured_media":0,"comment_status":"open","ping_status":"open","sticky":false,"template":"","format":"standard","meta":{"footnotes":""},"categories":[3],"tags":[],"class_list":["post-79012","post","type-post","status-publish","format-standard","hentry","category-cuanto-tiempo"],"aioseo_notices":[],"aioseo_head":"\n\t\t<!-- All in One SEO 5.0.1.1 - aioseo.com -->\n\t<meta name=\"description\" content=\"Cu\u00e1nto tiempo cargar cepillo oral b \u00a1Hola! Soy Ana Gonz\u00e1lez y en este art\u00edculo te contar\u00e9 todo lo que necesitas saber sobre cu\u00e1nto tiempo cargar un cepillo Oral-B. Si eres como yo, seguro que te preguntas cu\u00e1nto tiempo debes dejar cargando tu cepillo de dientes el\u00e9ctrico para asegurarte de que est\u00e9 en \u00f3ptimas condiciones para\" \/>\n\t<meta name=\"robots\" content=\"max-snippet:-1, max-image-preview:large, max-video-preview:-1\" \/>\n\t<meta name=\"author\" content=\"Ana Gonz\u00e1lez\"\/>\n\t<link rel=\"canonical\" href=\"https:\/\/dudasytextos.com\/cuanto-tiempo\/cuanto-tiempo-cargar-cepillo-oral-b\/\" \/>\n\t<meta name=\"generator\" content=\"All in One SEO (AIOSEO) 5.0.1.1\" \/>\n\n\t\t<!-- Google tag (gtag.js) -->\n<script async src=\"https:\/\/www.googletagmanager.com\/gtag\/js?id=G-YPSGVRV7JJ\"><\/script>\n<script>\n  window.dataLayer = window.dataLayer || [];\n  function gtag(){dataLayer.push(arguments);}\n  gtag('js', new Date());\n\n  gtag('config', 'G-YPSGVRV7JJ');\n<\/script>\n<script async src=\"https:\/\/pagead2.googlesyndication.com\/pagead\/js\/adsbygoogle.js?client=ca-pub-3987500858204711\"\n     crossorigin=\"anonymous\"><\/script>\n\t\t<meta property=\"og:locale\" content=\"es_ES\" \/>\n\t\t<meta property=\"og:site_name\" content=\"\u00bfCu\u00e1nto Tiempo? - \u00bfCu\u00e1nto Tiempo?\" \/>\n\t\t<meta property=\"og:type\" content=\"article\" \/>\n\t\t<meta property=\"og:title\" content=\"Cu\u00e1nto tiempo cargar cepillo oral b (2026) \u00bfCu\u00e1nto Tiempo?\" \/>\n\t\t<meta property=\"og:description\" content=\"Cu\u00e1nto tiempo cargar cepillo oral b \u00a1Hola! Soy Ana Gonz\u00e1lez y en este art\u00edculo te contar\u00e9 todo lo que necesitas saber sobre cu\u00e1nto tiempo cargar un cepillo Oral-B. Si eres como yo, seguro que te preguntas cu\u00e1nto tiempo debes dejar cargando tu cepillo de dientes el\u00e9ctrico para asegurarte de que est\u00e9 en \u00f3ptimas condiciones para\" \/>\n\t\t<meta property=\"og:url\" content=\"https:\/\/dudasytextos.com\/cuanto-tiempo\/cuanto-tiempo-cargar-cepillo-oral-b\/\" \/>\n\t\t<meta property=\"article:published_time\" content=\"2025-03-06T10:19:36+00:00\" \/>\n\t\t<meta property=\"article:modified_time\" content=\"2025-03-12T20:12:02+00:00\" \/>\n\t\t<meta name=\"twitter:card\" content=\"summary_large_image\" \/>\n\t\t<meta name=\"twitter:title\" content=\"Cu\u00e1nto tiempo cargar cepillo oral b (2026) \u00bfCu\u00e1nto Tiempo?\" \/>\n\t\t<meta name=\"twitter:description\" content=\"Cu\u00e1nto tiempo cargar cepillo oral b \u00a1Hola! Soy Ana Gonz\u00e1lez y en este art\u00edculo te contar\u00e9 todo lo que necesitas saber sobre cu\u00e1nto tiempo cargar un cepillo Oral-B. Si eres como yo, seguro que te preguntas cu\u00e1nto tiempo debes dejar cargando tu cepillo de dientes el\u00e9ctrico para asegurarte de que est\u00e9 en \u00f3ptimas condiciones para\" \/>\n\t\t<script type=\"application\/ld+json\" class=\"aioseo-schema\">\n\t\t\t{\"@context\":\"https:\\\/\\\/schema.org\",\"@graph\":[{\"@type\":\"BlogPosting\",\"@id\":\"https:\\\/\\\/dudasytextos.com\\\/cuanto-tiempo\\\/cuanto-tiempo-cargar-cepillo-oral-b\\\/#blogposting\",\"name\":\"Cu\\u00e1nto tiempo cargar cepillo oral b (2026) \\u00bfCu\\u00e1nto Tiempo?\",\"headline\":\"Cu\\u00e1nto tiempo cargar cepillo oral b\",\"author\":{\"@id\":\"https:\\\/\\\/dudasytextos.com\\\/cuanto-tiempo\\\/author\\\/admin23\\\/#author\"},\"publisher\":{\"@id\":\"https:\\\/\\\/dudasytextos.com\\\/cuanto-tiempo\\\/#organization\"},\"datePublished\":\"2025-03-06T10:19:36+00:00\",\"dateModified\":\"2025-03-12T20:12:02+00:00\",\"inLanguage\":\"es-ES\",\"mainEntityOfPage\":{\"@id\":\"https:\\\/\\\/dudasytextos.com\\\/cuanto-tiempo\\\/cuanto-tiempo-cargar-cepillo-oral-b\\\/#webpage\"},\"isPartOf\":{\"@id\":\"https:\\\/\\\/dudasytextos.com\\\/cuanto-tiempo\\\/cuanto-tiempo-cargar-cepillo-oral-b\\\/#webpage\"},\"articleSection\":\"\\u00bfCu\\u00e1nto tiempo?\"},{\"@type\":\"BreadcrumbList\",\"@id\":\"https:\\\/\\\/dudasytextos.com\\\/cuanto-tiempo\\\/cuanto-tiempo-cargar-cepillo-oral-b\\\/#breadcrumblist\",\"itemListElement\":[{\"@type\":\"ListItem\",\"@id\":\"https:\\\/\\\/dudasytextos.com\\\/cuanto-tiempo#listItem\",\"position\":1,\"name\":\"Home\",\"item\":\"https:\\\/\\\/dudasytextos.com\\\/cuanto-tiempo\",\"nextItem\":{\"@type\":\"ListItem\",\"@id\":\"https:\\\/\\\/dudasytextos.com\\\/cuanto-tiempo\\\/category\\\/cuanto-tiempo\\\/#listItem\",\"name\":\"\\u00bfCu\\u00e1nto tiempo?\"}},{\"@type\":\"ListItem\",\"@id\":\"https:\\\/\\\/dudasytextos.com\\\/cuanto-tiempo\\\/category\\\/cuanto-tiempo\\\/#listItem\",\"position\":2,\"name\":\"\\u00bfCu\\u00e1nto tiempo?\",\"item\":\"https:\\\/\\\/dudasytextos.com\\\/cuanto-tiempo\\\/category\\\/cuanto-tiempo\\\/\",\"nextItem\":{\"@type\":\"ListItem\",\"@id\":\"https:\\\/\\\/dudasytextos.com\\\/cuanto-tiempo\\\/cuanto-tiempo-cargar-cepillo-oral-b\\\/#listItem\",\"name\":\"Cu\\u00e1nto tiempo cargar cepillo oral b\"},\"previousItem\":{\"@type\":\"ListItem\",\"@id\":\"https:\\\/\\\/dudasytextos.com\\\/cuanto-tiempo#listItem\",\"name\":\"Home\"}},{\"@type\":\"ListItem\",\"@id\":\"https:\\\/\\\/dudasytextos.com\\\/cuanto-tiempo\\\/cuanto-tiempo-cargar-cepillo-oral-b\\\/#listItem\",\"position\":3,\"name\":\"Cu\\u00e1nto tiempo cargar cepillo oral b\",\"previousItem\":{\"@type\":\"ListItem\",\"@id\":\"https:\\\/\\\/dudasytextos.com\\\/cuanto-tiempo\\\/category\\\/cuanto-tiempo\\\/#listItem\",\"name\":\"\\u00bfCu\\u00e1nto tiempo?\"}}]},{\"@type\":\"Organization\",\"@id\":\"https:\\\/\\\/dudasytextos.com\\\/cuanto-tiempo\\\/#organization\",\"name\":\"Recipes\",\"description\":\"\\u00bfCu\\u00e1nto Tiempo?\",\"url\":\"https:\\\/\\\/dudasytextos.com\\\/cuanto-tiempo\\\/\"},{\"@type\":\"Person\",\"@id\":\"https:\\\/\\\/dudasytextos.com\\\/cuanto-tiempo\\\/author\\\/admin23\\\/#author\",\"url\":\"https:\\\/\\\/dudasytextos.com\\\/cuanto-tiempo\\\/author\\\/admin23\\\/\",\"name\":\"Ana Gonz\\u00e1lez\"},{\"@type\":\"WebPage\",\"@id\":\"https:\\\/\\\/dudasytextos.com\\\/cuanto-tiempo\\\/cuanto-tiempo-cargar-cepillo-oral-b\\\/#webpage\",\"url\":\"https:\\\/\\\/dudasytextos.com\\\/cuanto-tiempo\\\/cuanto-tiempo-cargar-cepillo-oral-b\\\/\",\"name\":\"Cu\\u00e1nto tiempo cargar cepillo oral b (2026) \\u00bfCu\\u00e1nto Tiempo?\",\"description\":\"Cu\\u00e1nto tiempo cargar cepillo oral b \\u00a1Hola! Soy Ana Gonz\\u00e1lez y en este art\\u00edculo te contar\\u00e9 todo lo que necesitas saber sobre cu\\u00e1nto tiempo cargar un cepillo Oral-B. Si eres como yo, seguro que te preguntas cu\\u00e1nto tiempo debes dejar cargando tu cepillo de dientes el\\u00e9ctrico para asegurarte de que est\\u00e9 en \\u00f3ptimas condiciones para\",\"inLanguage\":\"es-ES\",\"isPartOf\":{\"@id\":\"https:\\\/\\\/dudasytextos.com\\\/cuanto-tiempo\\\/#website\"},\"breadcrumb\":{\"@id\":\"https:\\\/\\\/dudasytextos.com\\\/cuanto-tiempo\\\/cuanto-tiempo-cargar-cepillo-oral-b\\\/#breadcrumblist\"},\"author\":{\"@id\":\"https:\\\/\\\/dudasytextos.com\\\/cuanto-tiempo\\\/author\\\/admin23\\\/#author\"},\"creator\":{\"@id\":\"https:\\\/\\\/dudasytextos.com\\\/cuanto-tiempo\\\/author\\\/admin23\\\/#author\"},\"datePublished\":\"2025-03-06T10:19:36+00:00\",\"dateModified\":\"2025-03-12T20:12:02+00:00\"},{\"@type\":\"WebSite\",\"@id\":\"https:\\\/\\\/dudasytextos.com\\\/cuanto-tiempo\\\/#website\",\"url\":\"https:\\\/\\\/dudasytextos.com\\\/cuanto-tiempo\\\/\",\"name\":\"Recipes\",\"description\":\"\\u00bfCu\\u00e1nto Tiempo?\",\"inLanguage\":\"es-ES\",\"publisher\":{\"@id\":\"https:\\\/\\\/dudasytextos.com\\\/cuanto-tiempo\\\/#organization\"}}]}\n\t\t<\/script>\n\t\t<!-- All in One SEO -->\n\n","aioseo_head_json":{"title":"Cu\u00e1nto tiempo cargar cepillo oral b (2026) \u00bfCu\u00e1nto Tiempo?","description":"Cu\u00e1nto tiempo cargar cepillo oral b \u00a1Hola! Soy Ana Gonz\u00e1lez y en este art\u00edculo te contar\u00e9 todo lo que necesitas saber sobre cu\u00e1nto tiempo cargar un cepillo Oral-B. Si eres como yo, seguro que te preguntas cu\u00e1nto tiempo debes dejar cargando tu cepillo de dientes el\u00e9ctrico para asegurarte de que est\u00e9 en \u00f3ptimas condiciones para","canonical_url":"https:\/\/dudasytextos.com\/cuanto-tiempo\/cuanto-tiempo-cargar-cepillo-oral-b\/","robots":"max-snippet:-1, max-image-preview:large, max-video-preview:-1","keywords":"","webmasterTools":{"miscellaneous":"&lt;!-- Google tag (gtag.js) --&gt;\n&lt;script async src=\"https:\/\/www.googletagmanager.com\/gtag\/js?id=G-YPSGVRV7JJ\"&gt;&lt;\/script&gt;\n&lt;script&gt;\n  window.dataLayer = window.dataLayer || [];\n  function gtag(){dataLayer.push(arguments);}\n  gtag('js', new Date());\n\n  gtag('config', 'G-YPSGVRV7JJ');\n&lt;\/script&gt;\n&lt;script async src=\"https:\/\/pagead2.googlesyndication.com\/pagead\/js\/adsbygoogle.js?client=ca-pub-3987500858204711\"\n     crossorigin=\"anonymous\"&gt;&lt;\/script&gt;"},"schema":{"@context":"https:\/\/schema.org","@graph":[{"@type":"BlogPosting","@id":"https:\/\/dudasytextos.com\/cuanto-tiempo\/cuanto-tiempo-cargar-cepillo-oral-b\/#blogposting","name":"Cu\u00e1nto tiempo cargar cepillo oral b (2026) \u00bfCu\u00e1nto Tiempo?","headline":"Cu\u00e1nto tiempo cargar cepillo oral b","author":{"@id":"https:\/\/dudasytextos.com\/cuanto-tiempo\/author\/admin23\/#author"},"publisher":{"@id":"https:\/\/dudasytextos.com\/cuanto-tiempo\/#organization"},"datePublished":"2025-03-06T10:19:36+00:00","dateModified":"2025-03-12T20:12:02+00:00","inLanguage":"es-ES","mainEntityOfPage":{"@id":"https:\/\/dudasytextos.com\/cuanto-tiempo\/cuanto-tiempo-cargar-cepillo-oral-b\/#webpage"},"isPartOf":{"@id":"https:\/\/dudasytextos.com\/cuanto-tiempo\/cuanto-tiempo-cargar-cepillo-oral-b\/#webpage"},"articleSection":"\u00bfCu\u00e1nto tiempo?"},{"@type":"BreadcrumbList","@id":"https:\/\/dudasytextos.com\/cuanto-tiempo\/cuanto-tiempo-cargar-cepillo-oral-b\/#breadcrumblist","itemListElement":[{"@type":"ListItem","@id":"https:\/\/dudasytextos.com\/cuanto-tiempo#listItem","position":1,"name":"Home","item":"https:\/\/dudasytextos.com\/cuanto-tiempo","nextItem":{"@type":"ListItem","@id":"https:\/\/dudasytextos.com\/cuanto-tiempo\/category\/cuanto-tiempo\/#listItem","name":"\u00bfCu\u00e1nto tiempo?"}},{"@type":"ListItem","@id":"https:\/\/dudasytextos.com\/cuanto-tiempo\/category\/cuanto-tiempo\/#listItem","position":2,"name":"\u00bfCu\u00e1nto tiempo?","item":"https:\/\/dudasytextos.com\/cuanto-tiempo\/category\/cuanto-tiempo\/","nextItem":{"@type":"ListItem","@id":"https:\/\/dudasytextos.com\/cuanto-tiempo\/cuanto-tiempo-cargar-cepillo-oral-b\/#listItem","name":"Cu\u00e1nto tiempo cargar cepillo oral b"},"previousItem":{"@type":"ListItem","@id":"https:\/\/dudasytextos.com\/cuanto-tiempo#listItem","name":"Home"}},{"@type":"ListItem","@id":"https:\/\/dudasytextos.com\/cuanto-tiempo\/cuanto-tiempo-cargar-cepillo-oral-b\/#listItem","position":3,"name":"Cu\u00e1nto tiempo cargar cepillo oral b","previousItem":{"@type":"ListItem","@id":"https:\/\/dudasytextos.com\/cuanto-tiempo\/category\/cuanto-tiempo\/#listItem","name":"\u00bfCu\u00e1nto tiempo?"}}]},{"@type":"Organization","@id":"https:\/\/dudasytextos.com\/cuanto-tiempo\/#organization","name":"Recipes","description":"\u00bfCu\u00e1nto Tiempo?","url":"https:\/\/dudasytextos.com\/cuanto-tiempo\/"},{"@type":"Person","@id":"https:\/\/dudasytextos.com\/cuanto-tiempo\/author\/admin23\/#author","url":"https:\/\/dudasytextos.com\/cuanto-tiempo\/author\/admin23\/","name":"Ana Gonz\u00e1lez"},{"@type":"WebPage","@id":"https:\/\/dudasytextos.com\/cuanto-tiempo\/cuanto-tiempo-cargar-cepillo-oral-b\/#webpage","url":"https:\/\/dudasytextos.com\/cuanto-tiempo\/cuanto-tiempo-cargar-cepillo-oral-b\/","name":"Cu\u00e1nto tiempo cargar cepillo oral b (2026) \u00bfCu\u00e1nto Tiempo?","description":"Cu\u00e1nto tiempo cargar cepillo oral b \u00a1Hola! Soy Ana Gonz\u00e1lez y en este art\u00edculo te contar\u00e9 todo lo que necesitas saber sobre cu\u00e1nto tiempo cargar un cepillo Oral-B. Si eres como yo, seguro que te preguntas cu\u00e1nto tiempo debes dejar cargando tu cepillo de dientes el\u00e9ctrico para asegurarte de que est\u00e9 en \u00f3ptimas condiciones para","inLanguage":"es-ES","isPartOf":{"@id":"https:\/\/dudasytextos.com\/cuanto-tiempo\/#website"},"breadcrumb":{"@id":"https:\/\/dudasytextos.com\/cuanto-tiempo\/cuanto-tiempo-cargar-cepillo-oral-b\/#breadcrumblist"},"author":{"@id":"https:\/\/dudasytextos.com\/cuanto-tiempo\/author\/admin23\/#author"},"creator":{"@id":"https:\/\/dudasytextos.com\/cuanto-tiempo\/author\/admin23\/#author"},"datePublished":"2025-03-06T10:19:36+00:00","dateModified":"2025-03-12T20:12:02+00:00"},{"@type":"WebSite","@id":"https:\/\/dudasytextos.com\/cuanto-tiempo\/#website","url":"https:\/\/dudasytextos.com\/cuanto-tiempo\/","name":"Recipes","description":"\u00bfCu\u00e1nto Tiempo?","inLanguage":"es-ES","publisher":{"@id":"https:\/\/dudasytextos.com\/cuanto-tiempo\/#organization"}}]},"og:locale":"es_ES","og:site_name":"\u00bfCu\u00e1nto Tiempo? - \u00bfCu\u00e1nto Tiempo?","og:type":"article","og:title":"Cu\u00e1nto tiempo cargar cepillo oral b (2026) \u00bfCu\u00e1nto Tiempo?","og:description":"Cu\u00e1nto tiempo cargar cepillo oral b \u00a1Hola! Soy Ana Gonz\u00e1lez y en este art\u00edculo te contar\u00e9 todo lo que necesitas saber sobre cu\u00e1nto tiempo cargar un cepillo Oral-B. Si eres como yo, seguro que te preguntas cu\u00e1nto tiempo debes dejar cargando tu cepillo de dientes el\u00e9ctrico para asegurarte de que est\u00e9 en \u00f3ptimas condiciones para","og:url":"https:\/\/dudasytextos.com\/cuanto-tiempo\/cuanto-tiempo-cargar-cepillo-oral-b\/","article:published_time":"2025-03-06T10:19:36+00:00","article:modified_time":"2025-03-12T20:12:02+00:00","twitter:card":"summary_large_image","twitter:title":"Cu\u00e1nto tiempo cargar cepillo oral b (2026) \u00bfCu\u00e1nto Tiempo?","twitter:description":"Cu\u00e1nto tiempo cargar cepillo oral b \u00a1Hola! Soy Ana Gonz\u00e1lez y en este art\u00edculo te contar\u00e9 todo lo que necesitas saber sobre cu\u00e1nto tiempo cargar un cepillo Oral-B. Si eres como yo, seguro que te preguntas cu\u00e1nto tiempo debes dejar cargando tu cepillo de dientes el\u00e9ctrico para asegurarte de que est\u00e9 en \u00f3ptimas condiciones para"},"aioseo_meta_data":{"post_id":"79012","title":null,"description":null,"keywords":null,"keyphrases":null,"primary_term":null,"canonical_url":null,"og_title":null,"og_description":null,"og_object_type":"default","og_image_type":"default","og_image_url":null,"og_image_width":null,"og_image_height":null,"og_image_custom_url":null,"og_image_custom_fields":null,"og_video":null,"og_custom_url":null,"og_article_section":null,"og_article_tags":null,"twitter_use_og":false,"twitter_card":"default","twitter_image_type":"default","twitter_image_url":null,"twitter_image_custom_url":null,"twitter_image_custom_fields":null,"twitter_title":null,"twitter_description":null,"schema":{"blockGraphs":[],"customGraphs":[],"default":{"data":{"Article":[],"Course":[],"Dataset":[],"FAQPage":[],"Movie":[],"Person":[],"Product":[],"ProductReview":[],"Car":[],"Recipe":[],"Service":[],"SoftwareApplication":[],"WebPage":[]},"graphName":"","isEnabled":true},"graphs":[]},"schema_type":"default","schema_type_options":null,"pillar_content":false,"robots_default":true,"robots_noindex":false,"robots_noarchive":false,"robots_nosnippet":false,"robots_nofollow":false,"robots_noimageindex":false,"robots_noodp":false,"robots_notranslate":false,"robots_max_snippet":null,"robots_max_videopreview":null,"robots_max_imagepreview":"large","priority":null,"frequency":null,"local_seo":null,"breadcrumb_settings":null,"limit_modified_date":false,"ai":null,"created":"2023-07-13 14:56:14","updated":"2025-06-04 16:22:08","seo_analyzer_scan_date":null,"focus_keyword":null,"additional_keywords":null,"truseo_locale":null},"aioseo_breadcrumb":"<div class=\"aioseo-breadcrumbs\"><span class=\"aioseo-breadcrumb\">\n\t\t\t<a href=\"https:\/\/dudasytextos.com\/cuanto-tiempo\" title=\"Home\">Home<\/a>\n\t\t<\/span><span class=\"aioseo-breadcrumb-separator\">&raquo;<\/span><span class=\"aioseo-breadcrumb\">\n\t\t\t<a href=\"https:\/\/dudasytextos.com\/cuanto-tiempo\/category\/cuanto-tiempo\/\" title=\"\u00bfCu\u00e1nto tiempo?\">\u00bfCu\u00e1nto tiempo?<\/a>\n\t\t<\/span><span class=\"aioseo-breadcrumb-separator\">&raquo;<\/span><span class=\"aioseo-breadcrumb\">\n\t\t\tCu\u00e1nto tiempo cargar cepillo oral b\n\t\t<\/span><\/div>","aioseo_breadcrumb_json":[{"label":"Home","link":"https:\/\/dudasytextos.com\/cuanto-tiempo"},{"label":"\u00bfCu\u00e1nto tiempo?","link":"https:\/\/dudasytextos.com\/cuanto-tiempo\/category\/cuanto-tiempo\/"},{"label":"Cu\u00e1nto tiempo cargar cepillo oral b","link":"https:\/\/dudasytextos.com\/cuanto-tiempo\/cuanto-tiempo-cargar-cepillo-oral-b\/"}],"_links":{"self":[{"href":"https:\/\/dudasytextos.com\/cuanto-tiempo\/wp-json\/wp\/v2\/posts\/79012","targetHints":{"allow":["GET"]}}],"collection":[{"href":"https:\/\/dudasytextos.com\/cuanto-tiempo\/wp-json\/wp\/v2\/posts"}],"about":[{"href":"https:\/\/dudasytextos.com\/cuanto-tiempo\/wp-json\/wp\/v2\/types\/post"}],"author":[{"embeddable":true,"href":"https:\/\/dudasytextos.com\/cuanto-tiempo\/wp-json\/wp\/v2\/users\/1"}],"replies":[{"embeddable":true,"href":"https:\/\/dudasytextos.com\/cuanto-tiempo\/wp-json\/wp\/v2\/comments?post=79012"}],"version-history":[{"count":0,"href":"https:\/\/dudasytextos.com\/cuanto-tiempo\/wp-json\/wp\/v2\/posts\/79012\/revisions"}],"wp:attachment":[{"href":"https:\/\/dudasytextos.com\/cuanto-tiempo\/wp-json\/wp\/v2\/media?parent=79012"}],"wp:term":[{"taxonomy":"category","embeddable":true,"href":"https:\/\/dudasytextos.com\/cuanto-tiempo\/wp-json\/wp\/v2\/categories?post=79012"},{"taxonomy":"post_tag","embeddable":true,"href":"https:\/\/dudasytextos.com\/cuanto-tiempo\/wp-json\/wp\/v2\/tags?post=79012"}],"curies":[{"name":"wp","href":"https:\/\/api.w.org\/{rel}","templated":true}]}}