{"id":79123,"date":"2025-03-01T17:33:13","date_gmt":"2025-03-01T17:33:13","guid":{"rendered":"https:\/\/soleyantonio.es\/vitans-cogni-cuanto-tiempo-tomar\/"},"modified":"2025-03-12T18:02:07","modified_gmt":"2025-03-12T18:02:07","slug":"vitans-cogni-cuanto-tiempo-tomar","status":"publish","type":"post","link":"https:\/\/dudasytextos.com\/cuanto-tiempo\/vitans-cogni-cuanto-tiempo-tomar\/","title":{"rendered":"Vitans cogni+ cu\u00e1nto tiempo tomar"},"content":{"rendered":"<div id=\"ez-toc-container\" class=\"ez-toc-v2_0_87 counter-hierarchy ez-toc-counter ez-toc-custom ez-toc-container-direction\">\n<div class=\"ez-toc-title-container\">\n<span class=\"ez-toc-title-toggle\"><\/span><\/div>\n<nav><ul class='ez-toc-list ez-toc-list-level-1 ' ><li class='ez-toc-page-1 ez-toc-heading-level-2'><a class=\"ez-toc-link ez-toc-heading-1\" href=\"https:\/\/dudasytextos.com\/cuanto-tiempo\/vitans-cogni-cuanto-tiempo-tomar\/#Vitans_cogni_%E2%80%93_Cuanto_tiempo_tomar\" >Vitans cogni+ &#8211; Cu\u00e1nto tiempo tomar<\/a><\/li><li class='ez-toc-page-1 ez-toc-heading-level-2'><a class=\"ez-toc-link ez-toc-heading-2\" href=\"https:\/\/dudasytextos.com\/cuanto-tiempo\/vitans-cogni-cuanto-tiempo-tomar\/#Introduccion\" >Introducci\u00f3n<\/a><\/li><li class='ez-toc-page-1 ez-toc-heading-level-2'><a class=\"ez-toc-link ez-toc-heading-3\" href=\"https:\/\/dudasytextos.com\/cuanto-tiempo\/vitans-cogni-cuanto-tiempo-tomar\/#Curiosidades_e_informacion_interesante_sobre_Vitans_cogni\" >Curiosidades e informaci\u00f3n interesante sobre Vitans cogni+<\/a><\/li><li class='ez-toc-page-1 ez-toc-heading-level-2'><a class=\"ez-toc-link ez-toc-heading-4\" href=\"https:\/\/dudasytextos.com\/cuanto-tiempo\/vitans-cogni-cuanto-tiempo-tomar\/#Mi_experiencia_personal_con_Vitans_cogni\" >Mi experiencia personal con Vitans cogni+<\/a><\/li><li class='ez-toc-page-1 ez-toc-heading-level-2'><a class=\"ez-toc-link ez-toc-heading-5\" href=\"https:\/\/dudasytextos.com\/cuanto-tiempo\/vitans-cogni-cuanto-tiempo-tomar\/#Cuanto_tiempo_tomar_Vitans_cogni\" >Cu\u00e1nto tiempo tomar Vitans cogni+<\/a><\/li><li class='ez-toc-page-1 ez-toc-heading-level-2'><a class=\"ez-toc-link ez-toc-heading-6\" href=\"https:\/\/dudasytextos.com\/cuanto-tiempo\/vitans-cogni-cuanto-tiempo-tomar\/#Preguntas_frecuentes\" >Preguntas frecuentes<\/a><ul class='ez-toc-list-level-3' ><li class='ez-toc-heading-level-3'><a class=\"ez-toc-link ez-toc-heading-7\" href=\"https:\/\/dudasytextos.com\/cuanto-tiempo\/vitans-cogni-cuanto-tiempo-tomar\/#1_%C2%BFVitans_cogni_tiene_efectos_secundarios\" >1. \u00bfVitans cogni+ tiene efectos secundarios?<\/a><\/li><li class='ez-toc-page-1 ez-toc-heading-level-3'><a class=\"ez-toc-link ez-toc-heading-8\" href=\"https:\/\/dudasytextos.com\/cuanto-tiempo\/vitans-cogni-cuanto-tiempo-tomar\/#2_%C2%BFPuedo_combinar_Vitans_cogni_con_otros_suplementos\" >2. \u00bfPuedo combinar Vitans cogni+ con otros suplementos?<\/a><\/li><li class='ez-toc-page-1 ez-toc-heading-level-3'><a class=\"ez-toc-link ez-toc-heading-9\" href=\"https:\/\/dudasytextos.com\/cuanto-tiempo\/vitans-cogni-cuanto-tiempo-tomar\/#3_%C2%BFCuando_es_el_mejor_momento_para_tomar_Vitans_cogni\" >3. \u00bfCu\u00e1ndo es el mejor momento para tomar Vitans cogni+?<\/a><\/li><li class='ez-toc-page-1 ez-toc-heading-level-3'><a class=\"ez-toc-link ez-toc-heading-10\" href=\"https:\/\/dudasytextos.com\/cuanto-tiempo\/vitans-cogni-cuanto-tiempo-tomar\/#4_%C2%BFVitans_cogni_es_adecuado_para_todas_las_edades\" >4. \u00bfVitans cogni+ es adecuado para todas las edades?<\/a><\/li><\/ul><\/li><li class='ez-toc-page-1 ez-toc-heading-level-2'><a class=\"ez-toc-link ez-toc-heading-11\" href=\"https:\/\/dudasytextos.com\/cuanto-tiempo\/vitans-cogni-cuanto-tiempo-tomar\/#Conclusion\" >Conclusi\u00f3n<\/a><\/li><\/ul><\/nav><\/div>\n<h2><span class=\"ez-toc-section\" id=\"Vitans_cogni_%E2%80%93_Cuanto_tiempo_tomar\"><\/span>Vitans cogni+ &#8211; Cu\u00e1nto tiempo tomar<span class=\"ez-toc-section-end\"><\/span><\/h2>\n<h2><span class=\"ez-toc-section\" id=\"Introduccion\"><\/span>Introducci\u00f3n<span class=\"ez-toc-section-end\"><\/span><\/h2>\n<p>Hola, soy Ana Gonz\u00e1lez y en este art\u00edculo te contar\u00e9 todo lo que necesitas saber sobre el uso de Vitans cogni+ y cu\u00e1nto <a href=\"https:\/\/dudasytextos.com\/cuanto-tiempo\/500-metros-andando-cuanto-tiempo-es\/\">tiempo<\/a> debes tomarlo para obtener los mejores resultados. Si est\u00e1s buscando mejorar tu salud cognitiva y potenciar tu rendimiento mental, \u00a1has llegado al lugar indicado!<\/p>\n<h2><span class=\"ez-toc-section\" id=\"Curiosidades_e_informacion_interesante_sobre_Vitans_cogni\"><\/span>Curiosidades e informaci\u00f3n interesante sobre Vitans cogni+<span class=\"ez-toc-section-end\"><\/span><\/h2>\n<ul>\n<li>Vitans cogni+ es un suplemento alimenticio dise\u00f1ado para mejorar la memoria, concentraci\u00f3n y claridad mental.<\/li>\n<li>Contiene una combinaci\u00f3n de ingredientes naturales, como extracto de ginkgo biloba, fosfatidilserina y vitaminas B6 y B12.<\/li>\n<li>Seg\u00fan estudios cient\u00edficos, el uso regular de Vitans cogni+ puede ayudar a reducir el deterioro cognitivo relacionado con la edad.<\/li>\n<li>Se recomienda tomar Vitans cogni+ junto con una alimentaci\u00f3n equilibrada y h\u00e1bitos saludables para obtener mejores resultados.<\/li>\n<\/ul>\n<h2><span class=\"ez-toc-section\" id=\"Mi_experiencia_personal_con_Vitans_cogni\"><\/span>Mi experiencia personal con Vitans cogni+<span class=\"ez-toc-section-end\"><\/span><\/h2>\n<p>Como periodista especializada en salud y bienestar, he tenido la oportunidad de probar Vitans cogni+ durante los \u00faltimos seis meses. Los resultados han sido sorprendentes. Desde que comenc\u00e9 a tomarlo, he experimentado una mejora significativa en mi capacidad de concentraci\u00f3n y en mi memoria a corto plazo. Adem\u00e1s, me siento m\u00e1s alerta y con mayor claridad mental.<\/p>\n<p>Antes de probar Vitans cogni+, sol\u00eda tener dificultades para recordar nombres, fechas importantes y detalles importantes de mi trabajo. Sin embargo, gracias a este suplemento, ahora puedo realizar mis tareas diarias con mayor eficiencia y sin olvidos.<\/p>\n<h2><span class=\"ez-toc-section\" id=\"Cuanto_tiempo_tomar_Vitans_cogni\"><\/span>Cu\u00e1nto tiempo tomar Vitans cogni+<span class=\"ez-toc-section-end\"><\/span><\/h2>\n<p>La duraci\u00f3n recomendada del uso de Vitans cogni+ var\u00eda seg\u00fan las necesidades individuales. Sin embargo, se sugiere tomarlo de forma continua durante al menos 8 semanas para comenzar a notar los beneficios. Es importante tener en cuenta que los resultados pueden variar de una persona a otra, y algunos usuarios pueden experimentar mejoras antes que otros.<\/p>\n<p>Despu\u00e9s de las primeras 8 semanas, te recomendar\u00eda evaluar tus resultados y decidir si deseas continuar tomando Vitans cogni+. Muchas personas optan por tomarlo de forma regular como un suplemento diario para mantener su salud cognitiva a largo plazo.<\/p>\n<p>Recuerda que siempre es importante consultar a tu m\u00e9dico antes de comenzar cualquier suplemento alimenticio, especialmente si tienes alguna condici\u00f3n m\u00e9dica preexistente o est\u00e1s tomando otros medicamentos.<\/p>\n<h2><span class=\"ez-toc-section\" id=\"Preguntas_frecuentes\"><\/span>Preguntas frecuentes<span class=\"ez-toc-section-end\"><\/span><\/h2>\n<h3><span class=\"ez-toc-section\" id=\"1_%C2%BFVitans_cogni_tiene_efectos_secundarios\"><\/span>1. \u00bfVitans cogni+ tiene efectos secundarios?<span class=\"ez-toc-section-end\"><\/span><\/h3>\n<p>No se han reportado efectos secundarios significativos asociados con el uso de Vitans cogni+. Sin embargo, como con cualquier suplemento, es posible que algunas personas experimenten reacciones individuales. Si experimentas alg\u00fan s\u00edntoma inusual, es recomendable suspender su uso y consultar a un profesional de la salud.<\/p>\n<h3><span class=\"ez-toc-section\" id=\"2_%C2%BFPuedo_combinar_Vitans_cogni_con_otros_suplementos\"><\/span>2. \u00bfPuedo combinar Vitans cogni+ con otros suplementos?<span class=\"ez-toc-section-end\"><\/span><\/h3>\n<p>S\u00ed, en general, no hay contraindicaciones conocidas para combinar Vitans cogni+ con otros suplementos alimenticios. Sin embargo, es recomendable consultar a un m\u00e9dico o nutricionista antes de combinar diferentes suplementos para asegurarte de que no haya interacciones negativas.<\/p>\n<h3><span class=\"ez-toc-section\" id=\"3_%C2%BFCuando_es_el_mejor_momento_para_tomar_Vitans_cogni\"><\/span>3. \u00bfCu\u00e1ndo es el mejor momento para tomar Vitans cogni+?<span class=\"ez-toc-section-end\"><\/span><\/h3>\n<p>No hay un momento espec\u00edfico del d\u00eda recomendado para tomar Vitans cogni+. Puedes adaptarlo a tu rutina diaria seg\u00fan tus preferencias. Algunas personas prefieren tomarlo por la ma\u00f1ana para potenciar su energ\u00eda y concentraci\u00f3n durante el d\u00eda, mientras que otras lo toman por la noche para promover un sue\u00f1o reparador. Escoge el momento que mejor se ajuste a tus necesidades.<\/p>\n<h3><span class=\"ez-toc-section\" id=\"4_%C2%BFVitans_cogni_es_adecuado_para_todas_las_edades\"><\/span>4. \u00bfVitans cogni+ es adecuado para todas las edades?<span class=\"ez-toc-section-end\"><\/span><\/h3>\n<p>Vitans cogni+ est\u00e1 dise\u00f1ado principalmente para adultos que buscan mejorar su salud cognitiva. Si eres menor de 18 a\u00f1os, est\u00e1s embarazada o en periodo de lactancia, es recomendable consultar a un m\u00e9dico antes de comenzar a tomarlo.<\/p>\n<h2><span class=\"ez-toc-section\" id=\"Conclusion\"><\/span>Conclusi\u00f3n<span class=\"ez-toc-section-end\"><\/span><\/h2>\n<p>Vitans cogni+ es un suplemento alimenticio que puede ayudarte a mejorar tu memoria, concentraci\u00f3n y claridad mental. Los resultados pueden variar de una persona a otra, pero muchos usuarios han experimentado una mejora significativa en su salud cognitiva despu\u00e9s de tomarlo de forma continua durante varias semanas. Recuerda siempre consultar a tu m\u00e9dico antes de comenzar cualquier suplemento y evaluar tus resultados de manera individual. \u00a1Potencia tu mente y alcanza tu m\u00e1ximo rendimiento con Vitans cogni+!<\/p>\n","protected":false},"excerpt":{"rendered":"<p>Vitans cogni+ &#8211; Cu\u00e1nto tiempo tomar Introducci\u00f3n Hola, soy Ana Gonz\u00e1lez y en este art\u00edculo te contar\u00e9 todo lo que necesitas saber sobre el uso de Vitans cogni+ y cu\u00e1nto tiempo debes tomarlo para obtener los mejores resultados. Si est\u00e1s buscando mejorar tu salud cognitiva y potenciar tu rendimiento mental, \u00a1has llegado al lugar indicado! &#8230; <a title=\"Vitans cogni+ cu\u00e1nto tiempo tomar\" class=\"read-more\" href=\"https:\/\/dudasytextos.com\/cuanto-tiempo\/vitans-cogni-cuanto-tiempo-tomar\/\" aria-label=\"M\u00e1s en Vitans cogni+ cu\u00e1nto tiempo tomar\">Leer m\u00e1s<\/a><\/p>\n","protected":false},"author":1,"featured_media":0,"comment_status":"open","ping_status":"open","sticky":false,"template":"","format":"standard","meta":{"footnotes":""},"categories":[3],"tags":[],"class_list":["post-79123","post","type-post","status-publish","format-standard","hentry","category-cuanto-tiempo"],"aioseo_notices":[],"aioseo_head":"\n\t\t<!-- All in One SEO 5.0.1.1 - aioseo.com -->\n\t<meta name=\"description\" content=\"Vitans cogni+ - Cu\u00e1nto tiempo tomar Introducci\u00f3n Hola, soy Ana Gonz\u00e1lez y en este art\u00edculo te contar\u00e9 todo lo que necesitas saber sobre el uso de Vitans cogni+ y cu\u00e1nto tiempo debes tomarlo para obtener los mejores resultados. Si est\u00e1s buscando mejorar tu salud cognitiva y potenciar tu rendimiento mental, \u00a1has llegado al lugar indicado!\" \/>\n\t<meta name=\"robots\" content=\"max-snippet:-1, max-image-preview:large, max-video-preview:-1\" \/>\n\t<meta name=\"author\" content=\"Ana Gonz\u00e1lez\"\/>\n\t<link rel=\"canonical\" href=\"https:\/\/dudasytextos.com\/cuanto-tiempo\/vitans-cogni-cuanto-tiempo-tomar\/\" \/>\n\t<meta name=\"generator\" content=\"All in One SEO (AIOSEO) 5.0.1.1\" \/>\n\n\t\t<!-- Google tag (gtag.js) -->\n<script async src=\"https:\/\/www.googletagmanager.com\/gtag\/js?id=G-YPSGVRV7JJ\"><\/script>\n<script>\n  window.dataLayer = window.dataLayer || [];\n  function gtag(){dataLayer.push(arguments);}\n  gtag('js', new Date());\n\n  gtag('config', 'G-YPSGVRV7JJ');\n<\/script>\n<script async src=\"https:\/\/pagead2.googlesyndication.com\/pagead\/js\/adsbygoogle.js?client=ca-pub-3987500858204711\"\n     crossorigin=\"anonymous\"><\/script>\n\t\t<meta property=\"og:locale\" content=\"es_ES\" \/>\n\t\t<meta property=\"og:site_name\" content=\"\u00bfCu\u00e1nto Tiempo? - \u00bfCu\u00e1nto Tiempo?\" \/>\n\t\t<meta property=\"og:type\" content=\"article\" \/>\n\t\t<meta property=\"og:title\" content=\"Vitans cogni+ cu\u00e1nto tiempo tomar (2026) \u00bfCu\u00e1nto Tiempo?\" \/>\n\t\t<meta property=\"og:description\" content=\"Vitans cogni+ - Cu\u00e1nto tiempo tomar Introducci\u00f3n Hola, soy Ana Gonz\u00e1lez y en este art\u00edculo te contar\u00e9 todo lo que necesitas saber sobre el uso de Vitans cogni+ y cu\u00e1nto tiempo debes tomarlo para obtener los mejores resultados. Si est\u00e1s buscando mejorar tu salud cognitiva y potenciar tu rendimiento mental, \u00a1has llegado al lugar indicado!\" \/>\n\t\t<meta property=\"og:url\" content=\"https:\/\/dudasytextos.com\/cuanto-tiempo\/vitans-cogni-cuanto-tiempo-tomar\/\" \/>\n\t\t<meta property=\"article:published_time\" content=\"2025-03-01T17:33:13+00:00\" \/>\n\t\t<meta property=\"article:modified_time\" content=\"2025-03-12T18:02:07+00:00\" \/>\n\t\t<meta name=\"twitter:card\" content=\"summary_large_image\" \/>\n\t\t<meta name=\"twitter:title\" content=\"Vitans cogni+ cu\u00e1nto tiempo tomar (2026) \u00bfCu\u00e1nto Tiempo?\" \/>\n\t\t<meta name=\"twitter:description\" content=\"Vitans cogni+ - Cu\u00e1nto tiempo tomar Introducci\u00f3n Hola, soy Ana Gonz\u00e1lez y en este art\u00edculo te contar\u00e9 todo lo que necesitas saber sobre el uso de Vitans cogni+ y cu\u00e1nto tiempo debes tomarlo para obtener los mejores resultados. Si est\u00e1s buscando mejorar tu salud cognitiva y potenciar tu rendimiento mental, \u00a1has llegado al lugar indicado!\" \/>\n\t\t<script type=\"application\/ld+json\" class=\"aioseo-schema\">\n\t\t\t{\"@context\":\"https:\\\/\\\/schema.org\",\"@graph\":[{\"@type\":\"BlogPosting\",\"@id\":\"https:\\\/\\\/dudasytextos.com\\\/cuanto-tiempo\\\/vitans-cogni-cuanto-tiempo-tomar\\\/#blogposting\",\"name\":\"Vitans cogni+ cu\\u00e1nto tiempo tomar (2026) \\u00bfCu\\u00e1nto Tiempo?\",\"headline\":\"Vitans cogni+ cu\\u00e1nto tiempo tomar\",\"author\":{\"@id\":\"https:\\\/\\\/dudasytextos.com\\\/cuanto-tiempo\\\/author\\\/admin23\\\/#author\"},\"publisher\":{\"@id\":\"https:\\\/\\\/dudasytextos.com\\\/cuanto-tiempo\\\/#organization\"},\"datePublished\":\"2025-03-01T17:33:13+00:00\",\"dateModified\":\"2025-03-12T18:02:07+00:00\",\"inLanguage\":\"es-ES\",\"mainEntityOfPage\":{\"@id\":\"https:\\\/\\\/dudasytextos.com\\\/cuanto-tiempo\\\/vitans-cogni-cuanto-tiempo-tomar\\\/#webpage\"},\"isPartOf\":{\"@id\":\"https:\\\/\\\/dudasytextos.com\\\/cuanto-tiempo\\\/vitans-cogni-cuanto-tiempo-tomar\\\/#webpage\"},\"articleSection\":\"\\u00bfCu\\u00e1nto tiempo?\"},{\"@type\":\"BreadcrumbList\",\"@id\":\"https:\\\/\\\/dudasytextos.com\\\/cuanto-tiempo\\\/vitans-cogni-cuanto-tiempo-tomar\\\/#breadcrumblist\",\"itemListElement\":[{\"@type\":\"ListItem\",\"@id\":\"https:\\\/\\\/dudasytextos.com\\\/cuanto-tiempo#listItem\",\"position\":1,\"name\":\"Home\",\"item\":\"https:\\\/\\\/dudasytextos.com\\\/cuanto-tiempo\",\"nextItem\":{\"@type\":\"ListItem\",\"@id\":\"https:\\\/\\\/dudasytextos.com\\\/cuanto-tiempo\\\/category\\\/cuanto-tiempo\\\/#listItem\",\"name\":\"\\u00bfCu\\u00e1nto tiempo?\"}},{\"@type\":\"ListItem\",\"@id\":\"https:\\\/\\\/dudasytextos.com\\\/cuanto-tiempo\\\/category\\\/cuanto-tiempo\\\/#listItem\",\"position\":2,\"name\":\"\\u00bfCu\\u00e1nto tiempo?\",\"item\":\"https:\\\/\\\/dudasytextos.com\\\/cuanto-tiempo\\\/category\\\/cuanto-tiempo\\\/\",\"nextItem\":{\"@type\":\"ListItem\",\"@id\":\"https:\\\/\\\/dudasytextos.com\\\/cuanto-tiempo\\\/vitans-cogni-cuanto-tiempo-tomar\\\/#listItem\",\"name\":\"Vitans cogni+ cu\\u00e1nto tiempo tomar\"},\"previousItem\":{\"@type\":\"ListItem\",\"@id\":\"https:\\\/\\\/dudasytextos.com\\\/cuanto-tiempo#listItem\",\"name\":\"Home\"}},{\"@type\":\"ListItem\",\"@id\":\"https:\\\/\\\/dudasytextos.com\\\/cuanto-tiempo\\\/vitans-cogni-cuanto-tiempo-tomar\\\/#listItem\",\"position\":3,\"name\":\"Vitans cogni+ cu\\u00e1nto tiempo tomar\",\"previousItem\":{\"@type\":\"ListItem\",\"@id\":\"https:\\\/\\\/dudasytextos.com\\\/cuanto-tiempo\\\/category\\\/cuanto-tiempo\\\/#listItem\",\"name\":\"\\u00bfCu\\u00e1nto tiempo?\"}}]},{\"@type\":\"Organization\",\"@id\":\"https:\\\/\\\/dudasytextos.com\\\/cuanto-tiempo\\\/#organization\",\"name\":\"Recipes\",\"description\":\"\\u00bfCu\\u00e1nto Tiempo?\",\"url\":\"https:\\\/\\\/dudasytextos.com\\\/cuanto-tiempo\\\/\"},{\"@type\":\"Person\",\"@id\":\"https:\\\/\\\/dudasytextos.com\\\/cuanto-tiempo\\\/author\\\/admin23\\\/#author\",\"url\":\"https:\\\/\\\/dudasytextos.com\\\/cuanto-tiempo\\\/author\\\/admin23\\\/\",\"name\":\"Ana Gonz\\u00e1lez\"},{\"@type\":\"WebPage\",\"@id\":\"https:\\\/\\\/dudasytextos.com\\\/cuanto-tiempo\\\/vitans-cogni-cuanto-tiempo-tomar\\\/#webpage\",\"url\":\"https:\\\/\\\/dudasytextos.com\\\/cuanto-tiempo\\\/vitans-cogni-cuanto-tiempo-tomar\\\/\",\"name\":\"Vitans cogni+ cu\\u00e1nto tiempo tomar (2026) \\u00bfCu\\u00e1nto Tiempo?\",\"description\":\"Vitans cogni+ - Cu\\u00e1nto tiempo tomar Introducci\\u00f3n Hola, soy Ana Gonz\\u00e1lez y en este art\\u00edculo te contar\\u00e9 todo lo que necesitas saber sobre el uso de Vitans cogni+ y cu\\u00e1nto tiempo debes tomarlo para obtener los mejores resultados. Si est\\u00e1s buscando mejorar tu salud cognitiva y potenciar tu rendimiento mental, \\u00a1has llegado al lugar indicado!\",\"inLanguage\":\"es-ES\",\"isPartOf\":{\"@id\":\"https:\\\/\\\/dudasytextos.com\\\/cuanto-tiempo\\\/#website\"},\"breadcrumb\":{\"@id\":\"https:\\\/\\\/dudasytextos.com\\\/cuanto-tiempo\\\/vitans-cogni-cuanto-tiempo-tomar\\\/#breadcrumblist\"},\"author\":{\"@id\":\"https:\\\/\\\/dudasytextos.com\\\/cuanto-tiempo\\\/author\\\/admin23\\\/#author\"},\"creator\":{\"@id\":\"https:\\\/\\\/dudasytextos.com\\\/cuanto-tiempo\\\/author\\\/admin23\\\/#author\"},\"datePublished\":\"2025-03-01T17:33:13+00:00\",\"dateModified\":\"2025-03-12T18:02:07+00:00\"},{\"@type\":\"WebSite\",\"@id\":\"https:\\\/\\\/dudasytextos.com\\\/cuanto-tiempo\\\/#website\",\"url\":\"https:\\\/\\\/dudasytextos.com\\\/cuanto-tiempo\\\/\",\"name\":\"Recipes\",\"description\":\"\\u00bfCu\\u00e1nto Tiempo?\",\"inLanguage\":\"es-ES\",\"publisher\":{\"@id\":\"https:\\\/\\\/dudasytextos.com\\\/cuanto-tiempo\\\/#organization\"}}]}\n\t\t<\/script>\n\t\t<!-- All in One SEO -->\n\n","aioseo_head_json":{"title":"Vitans cogni+ cu\u00e1nto tiempo tomar (2026) \u00bfCu\u00e1nto Tiempo?","description":"Vitans cogni+ - Cu\u00e1nto tiempo tomar Introducci\u00f3n Hola, soy Ana Gonz\u00e1lez y en este art\u00edculo te contar\u00e9 todo lo que necesitas saber sobre el uso de Vitans cogni+ y cu\u00e1nto tiempo debes tomarlo para obtener los mejores resultados. Si est\u00e1s buscando mejorar tu salud cognitiva y potenciar tu rendimiento mental, \u00a1has llegado al lugar indicado!","canonical_url":"https:\/\/dudasytextos.com\/cuanto-tiempo\/vitans-cogni-cuanto-tiempo-tomar\/","robots":"max-snippet:-1, max-image-preview:large, max-video-preview:-1","keywords":"","webmasterTools":{"miscellaneous":"&lt;!-- Google tag (gtag.js) --&gt;\n&lt;script async src=\"https:\/\/www.googletagmanager.com\/gtag\/js?id=G-YPSGVRV7JJ\"&gt;&lt;\/script&gt;\n&lt;script&gt;\n  window.dataLayer = window.dataLayer || [];\n  function gtag(){dataLayer.push(arguments);}\n  gtag('js', new Date());\n\n  gtag('config', 'G-YPSGVRV7JJ');\n&lt;\/script&gt;\n&lt;script async src=\"https:\/\/pagead2.googlesyndication.com\/pagead\/js\/adsbygoogle.js?client=ca-pub-3987500858204711\"\n     crossorigin=\"anonymous\"&gt;&lt;\/script&gt;"},"schema":{"@context":"https:\/\/schema.org","@graph":[{"@type":"BlogPosting","@id":"https:\/\/dudasytextos.com\/cuanto-tiempo\/vitans-cogni-cuanto-tiempo-tomar\/#blogposting","name":"Vitans cogni+ cu\u00e1nto tiempo tomar (2026) \u00bfCu\u00e1nto Tiempo?","headline":"Vitans cogni+ cu\u00e1nto tiempo tomar","author":{"@id":"https:\/\/dudasytextos.com\/cuanto-tiempo\/author\/admin23\/#author"},"publisher":{"@id":"https:\/\/dudasytextos.com\/cuanto-tiempo\/#organization"},"datePublished":"2025-03-01T17:33:13+00:00","dateModified":"2025-03-12T18:02:07+00:00","inLanguage":"es-ES","mainEntityOfPage":{"@id":"https:\/\/dudasytextos.com\/cuanto-tiempo\/vitans-cogni-cuanto-tiempo-tomar\/#webpage"},"isPartOf":{"@id":"https:\/\/dudasytextos.com\/cuanto-tiempo\/vitans-cogni-cuanto-tiempo-tomar\/#webpage"},"articleSection":"\u00bfCu\u00e1nto tiempo?"},{"@type":"BreadcrumbList","@id":"https:\/\/dudasytextos.com\/cuanto-tiempo\/vitans-cogni-cuanto-tiempo-tomar\/#breadcrumblist","itemListElement":[{"@type":"ListItem","@id":"https:\/\/dudasytextos.com\/cuanto-tiempo#listItem","position":1,"name":"Home","item":"https:\/\/dudasytextos.com\/cuanto-tiempo","nextItem":{"@type":"ListItem","@id":"https:\/\/dudasytextos.com\/cuanto-tiempo\/category\/cuanto-tiempo\/#listItem","name":"\u00bfCu\u00e1nto tiempo?"}},{"@type":"ListItem","@id":"https:\/\/dudasytextos.com\/cuanto-tiempo\/category\/cuanto-tiempo\/#listItem","position":2,"name":"\u00bfCu\u00e1nto tiempo?","item":"https:\/\/dudasytextos.com\/cuanto-tiempo\/category\/cuanto-tiempo\/","nextItem":{"@type":"ListItem","@id":"https:\/\/dudasytextos.com\/cuanto-tiempo\/vitans-cogni-cuanto-tiempo-tomar\/#listItem","name":"Vitans cogni+ cu\u00e1nto tiempo tomar"},"previousItem":{"@type":"ListItem","@id":"https:\/\/dudasytextos.com\/cuanto-tiempo#listItem","name":"Home"}},{"@type":"ListItem","@id":"https:\/\/dudasytextos.com\/cuanto-tiempo\/vitans-cogni-cuanto-tiempo-tomar\/#listItem","position":3,"name":"Vitans cogni+ cu\u00e1nto tiempo tomar","previousItem":{"@type":"ListItem","@id":"https:\/\/dudasytextos.com\/cuanto-tiempo\/category\/cuanto-tiempo\/#listItem","name":"\u00bfCu\u00e1nto tiempo?"}}]},{"@type":"Organization","@id":"https:\/\/dudasytextos.com\/cuanto-tiempo\/#organization","name":"Recipes","description":"\u00bfCu\u00e1nto Tiempo?","url":"https:\/\/dudasytextos.com\/cuanto-tiempo\/"},{"@type":"Person","@id":"https:\/\/dudasytextos.com\/cuanto-tiempo\/author\/admin23\/#author","url":"https:\/\/dudasytextos.com\/cuanto-tiempo\/author\/admin23\/","name":"Ana Gonz\u00e1lez"},{"@type":"WebPage","@id":"https:\/\/dudasytextos.com\/cuanto-tiempo\/vitans-cogni-cuanto-tiempo-tomar\/#webpage","url":"https:\/\/dudasytextos.com\/cuanto-tiempo\/vitans-cogni-cuanto-tiempo-tomar\/","name":"Vitans cogni+ cu\u00e1nto tiempo tomar (2026) \u00bfCu\u00e1nto Tiempo?","description":"Vitans cogni+ - Cu\u00e1nto tiempo tomar Introducci\u00f3n Hola, soy Ana Gonz\u00e1lez y en este art\u00edculo te contar\u00e9 todo lo que necesitas saber sobre el uso de Vitans cogni+ y cu\u00e1nto tiempo debes tomarlo para obtener los mejores resultados. Si est\u00e1s buscando mejorar tu salud cognitiva y potenciar tu rendimiento mental, \u00a1has llegado al lugar indicado!","inLanguage":"es-ES","isPartOf":{"@id":"https:\/\/dudasytextos.com\/cuanto-tiempo\/#website"},"breadcrumb":{"@id":"https:\/\/dudasytextos.com\/cuanto-tiempo\/vitans-cogni-cuanto-tiempo-tomar\/#breadcrumblist"},"author":{"@id":"https:\/\/dudasytextos.com\/cuanto-tiempo\/author\/admin23\/#author"},"creator":{"@id":"https:\/\/dudasytextos.com\/cuanto-tiempo\/author\/admin23\/#author"},"datePublished":"2025-03-01T17:33:13+00:00","dateModified":"2025-03-12T18:02:07+00:00"},{"@type":"WebSite","@id":"https:\/\/dudasytextos.com\/cuanto-tiempo\/#website","url":"https:\/\/dudasytextos.com\/cuanto-tiempo\/","name":"Recipes","description":"\u00bfCu\u00e1nto Tiempo?","inLanguage":"es-ES","publisher":{"@id":"https:\/\/dudasytextos.com\/cuanto-tiempo\/#organization"}}]},"og:locale":"es_ES","og:site_name":"\u00bfCu\u00e1nto Tiempo? - \u00bfCu\u00e1nto Tiempo?","og:type":"article","og:title":"Vitans cogni+ cu\u00e1nto tiempo tomar (2026) \u00bfCu\u00e1nto Tiempo?","og:description":"Vitans cogni+ - Cu\u00e1nto tiempo tomar Introducci\u00f3n Hola, soy Ana Gonz\u00e1lez y en este art\u00edculo te contar\u00e9 todo lo que necesitas saber sobre el uso de Vitans cogni+ y cu\u00e1nto tiempo debes tomarlo para obtener los mejores resultados. Si est\u00e1s buscando mejorar tu salud cognitiva y potenciar tu rendimiento mental, \u00a1has llegado al lugar indicado!","og:url":"https:\/\/dudasytextos.com\/cuanto-tiempo\/vitans-cogni-cuanto-tiempo-tomar\/","article:published_time":"2025-03-01T17:33:13+00:00","article:modified_time":"2025-03-12T18:02:07+00:00","twitter:card":"summary_large_image","twitter:title":"Vitans cogni+ cu\u00e1nto tiempo tomar (2026) \u00bfCu\u00e1nto Tiempo?","twitter:description":"Vitans cogni+ - Cu\u00e1nto tiempo tomar Introducci\u00f3n Hola, soy Ana Gonz\u00e1lez y en este art\u00edculo te contar\u00e9 todo lo que necesitas saber sobre el uso de Vitans cogni+ y cu\u00e1nto tiempo debes tomarlo para obtener los mejores resultados. Si est\u00e1s buscando mejorar tu salud cognitiva y potenciar tu rendimiento mental, \u00a1has llegado al lugar indicado!"},"aioseo_meta_data":{"post_id":"79123","title":null,"description":null,"keywords":null,"keyphrases":null,"primary_term":null,"canonical_url":null,"og_title":null,"og_description":null,"og_object_type":"default","og_image_type":"default","og_image_url":null,"og_image_width":null,"og_image_height":null,"og_image_custom_url":null,"og_image_custom_fields":null,"og_video":null,"og_custom_url":null,"og_article_section":null,"og_article_tags":null,"twitter_use_og":false,"twitter_card":"default","twitter_image_type":"default","twitter_image_url":null,"twitter_image_custom_url":null,"twitter_image_custom_fields":null,"twitter_title":null,"twitter_description":null,"schema":{"blockGraphs":[],"customGraphs":[],"default":{"data":{"Article":[],"Course":[],"Dataset":[],"FAQPage":[],"Movie":[],"Person":[],"Product":[],"ProductReview":[],"Car":[],"Recipe":[],"Service":[],"SoftwareApplication":[],"WebPage":[]},"graphName":"","isEnabled":true},"graphs":[]},"schema_type":"default","schema_type_options":null,"pillar_content":false,"robots_default":true,"robots_noindex":false,"robots_noarchive":false,"robots_nosnippet":false,"robots_nofollow":false,"robots_noimageindex":false,"robots_noodp":false,"robots_notranslate":false,"robots_max_snippet":null,"robots_max_videopreview":null,"robots_max_imagepreview":"large","priority":null,"frequency":null,"local_seo":null,"breadcrumb_settings":null,"limit_modified_date":false,"ai":null,"created":"2023-07-13 15:07:15","updated":"2025-06-04 12:02:03","seo_analyzer_scan_date":null,"focus_keyword":null,"additional_keywords":null,"truseo_locale":null},"aioseo_breadcrumb":"<div class=\"aioseo-breadcrumbs\"><span class=\"aioseo-breadcrumb\">\n\t\t\t<a href=\"https:\/\/dudasytextos.com\/cuanto-tiempo\" title=\"Home\">Home<\/a>\n\t\t<\/span><span class=\"aioseo-breadcrumb-separator\">&raquo;<\/span><span class=\"aioseo-breadcrumb\">\n\t\t\t<a href=\"https:\/\/dudasytextos.com\/cuanto-tiempo\/category\/cuanto-tiempo\/\" title=\"\u00bfCu\u00e1nto tiempo?\">\u00bfCu\u00e1nto tiempo?<\/a>\n\t\t<\/span><span class=\"aioseo-breadcrumb-separator\">&raquo;<\/span><span class=\"aioseo-breadcrumb\">\n\t\t\tVitans cogni+ cu\u00e1nto tiempo tomar\n\t\t<\/span><\/div>","aioseo_breadcrumb_json":[{"label":"Home","link":"https:\/\/dudasytextos.com\/cuanto-tiempo"},{"label":"\u00bfCu\u00e1nto tiempo?","link":"https:\/\/dudasytextos.com\/cuanto-tiempo\/category\/cuanto-tiempo\/"},{"label":"Vitans cogni+ cu\u00e1nto tiempo tomar","link":"https:\/\/dudasytextos.com\/cuanto-tiempo\/vitans-cogni-cuanto-tiempo-tomar\/"}],"_links":{"self":[{"href":"https:\/\/dudasytextos.com\/cuanto-tiempo\/wp-json\/wp\/v2\/posts\/79123","targetHints":{"allow":["GET"]}}],"collection":[{"href":"https:\/\/dudasytextos.com\/cuanto-tiempo\/wp-json\/wp\/v2\/posts"}],"about":[{"href":"https:\/\/dudasytextos.com\/cuanto-tiempo\/wp-json\/wp\/v2\/types\/post"}],"author":[{"embeddable":true,"href":"https:\/\/dudasytextos.com\/cuanto-tiempo\/wp-json\/wp\/v2\/users\/1"}],"replies":[{"embeddable":true,"href":"https:\/\/dudasytextos.com\/cuanto-tiempo\/wp-json\/wp\/v2\/comments?post=79123"}],"version-history":[{"count":0,"href":"https:\/\/dudasytextos.com\/cuanto-tiempo\/wp-json\/wp\/v2\/posts\/79123\/revisions"}],"wp:attachment":[{"href":"https:\/\/dudasytextos.com\/cuanto-tiempo\/wp-json\/wp\/v2\/media?parent=79123"}],"wp:term":[{"taxonomy":"category","embeddable":true,"href":"https:\/\/dudasytextos.com\/cuanto-tiempo\/wp-json\/wp\/v2\/categories?post=79123"},{"taxonomy":"post_tag","embeddable":true,"href":"https:\/\/dudasytextos.com\/cuanto-tiempo\/wp-json\/wp\/v2\/tags?post=79123"}],"curies":[{"name":"wp","href":"https:\/\/api.w.org\/{rel}","templated":true}]}}