{"id":80574,"date":"2025-02-27T09:00:53","date_gmt":"2025-02-27T09:00:53","guid":{"rendered":"https:\/\/soleyantonio.es\/cuanto-tiempo-debo-estar-con-brackets\/"},"modified":"2025-03-12T22:58:18","modified_gmt":"2025-03-12T22:58:18","slug":"cuanto-tiempo-debo-estar-con-brackets","status":"publish","type":"post","link":"https:\/\/dudasytextos.com\/cuanto-tiempo\/cuanto-tiempo-debo-estar-con-brackets\/","title":{"rendered":"Cu\u00e1nto tiempo debo estar con brackets"},"content":{"rendered":"<div id=\"ez-toc-container\" class=\"ez-toc-v2_0_87 counter-hierarchy ez-toc-counter ez-toc-custom ez-toc-container-direction\">\n<div class=\"ez-toc-title-container\">\n<span class=\"ez-toc-title-toggle\"><\/span><\/div>\n<nav><ul class='ez-toc-list ez-toc-list-level-1 ' ><li class='ez-toc-page-1 ez-toc-heading-level-2'><a class=\"ez-toc-link ez-toc-heading-1\" href=\"https:\/\/dudasytextos.com\/cuanto-tiempo\/cuanto-tiempo-debo-estar-con-brackets\/#Cuanto_tiempo_debo_estar_con_brackets\" >Cu\u00e1nto tiempo debo estar con brackets<\/a><\/li><li class='ez-toc-page-1 ez-toc-heading-level-2'><a class=\"ez-toc-link ez-toc-heading-2\" href=\"https:\/\/dudasytextos.com\/cuanto-tiempo\/cuanto-tiempo-debo-estar-con-brackets\/#Curiosidades_estadisticas_y_hechos_interesantes_sobre_los_brackets\" >Curiosidades, estad\u00edsticas y hechos interesantes sobre los brackets<\/a><\/li><li class='ez-toc-page-1 ez-toc-heading-level-2'><a class=\"ez-toc-link ez-toc-heading-3\" href=\"https:\/\/dudasytextos.com\/cuanto-tiempo\/cuanto-tiempo-debo-estar-con-brackets\/#Mi_experiencia_personal_con_los_brackets\" >Mi experiencia personal con los brackets<\/a><\/li><li class='ez-toc-page-1 ez-toc-heading-level-2'><a class=\"ez-toc-link ez-toc-heading-4\" href=\"https:\/\/dudasytextos.com\/cuanto-tiempo\/cuanto-tiempo-debo-estar-con-brackets\/#%C2%BFCuanto_tiempo_debo_llevar_brackets\" >\u00bfCu\u00e1nto tiempo debo llevar brackets?<\/a><\/li><li class='ez-toc-page-1 ez-toc-heading-level-2'><a class=\"ez-toc-link ez-toc-heading-5\" href=\"https:\/\/dudasytextos.com\/cuanto-tiempo\/cuanto-tiempo-debo-estar-con-brackets\/#Factores_que_pueden_afectar_la_duracion_del_tratamiento\" >Factores que pueden afectar la duraci\u00f3n del tratamiento<\/a><\/li><li class='ez-toc-page-1 ez-toc-heading-level-2'><a class=\"ez-toc-link ez-toc-heading-6\" href=\"https:\/\/dudasytextos.com\/cuanto-tiempo\/cuanto-tiempo-debo-estar-con-brackets\/#Conclusion\" >Conclusi\u00f3n<\/a><\/li><li class='ez-toc-page-1 ez-toc-heading-level-2'><a class=\"ez-toc-link ez-toc-heading-7\" href=\"https:\/\/dudasytextos.com\/cuanto-tiempo\/cuanto-tiempo-debo-estar-con-brackets\/#Preguntas_frecuentes\" >Preguntas frecuentes<\/a><ul class='ez-toc-list-level-3' ><li class='ez-toc-heading-level-3'><a class=\"ez-toc-link ez-toc-heading-8\" href=\"https:\/\/dudasytextos.com\/cuanto-tiempo\/cuanto-tiempo-debo-estar-con-brackets\/#%C2%BFDuele_llevar_brackets\" >\u00bfDuele llevar brackets?<\/a><\/li><li class='ez-toc-page-1 ez-toc-heading-level-3'><a class=\"ez-toc-link ez-toc-heading-9\" href=\"https:\/\/dudasytextos.com\/cuanto-tiempo\/cuanto-tiempo-debo-estar-con-brackets\/#%C2%BFPuedo_comer_cualquier_tipo_de_comida_con_brackets\" >\u00bfPuedo comer cualquier tipo de comida con brackets?<\/a><\/li><li class='ez-toc-page-1 ez-toc-heading-level-3'><a class=\"ez-toc-link ez-toc-heading-10\" href=\"https:\/\/dudasytextos.com\/cuanto-tiempo\/cuanto-tiempo-debo-estar-con-brackets\/#%C2%BFPuedo_practicar_deportes_con_brackets\" >\u00bfPuedo practicar deportes con brackets?<\/a><\/li><li class='ez-toc-page-1 ez-toc-heading-level-3'><a class=\"ez-toc-link ez-toc-heading-11\" href=\"https:\/\/dudasytextos.com\/cuanto-tiempo\/cuanto-tiempo-debo-estar-con-brackets\/#%C2%BFCuantas_veces_debo_visitar_al_ortodoncista_durante_el_tratamiento\" >\u00bfCu\u00e1ntas veces debo visitar al ortodoncista durante el tratamiento?<\/a><\/li><li class='ez-toc-page-1 ez-toc-heading-level-3'><a class=\"ez-toc-link ez-toc-heading-12\" href=\"https:\/\/dudasytextos.com\/cuanto-tiempo\/cuanto-tiempo-debo-estar-con-brackets\/#%C2%BFPuedo_elegir_el_color_de_los_brackets\" >\u00bfPuedo elegir el color de los brackets?<\/a><\/li><\/ul><\/li><\/ul><\/nav><\/div>\n<h2><span class=\"ez-toc-section\" id=\"Cuanto_tiempo_debo_estar_con_brackets\"><\/span>Cu\u00e1nto tiempo debo estar con brackets<span class=\"ez-toc-section-end\"><\/span><\/h2>\n<p>\u00a1Hola! Soy Ana Gonz\u00e1lez y en este art\u00edculo te contar\u00e9 todo lo que necesitas saber sobre el <a href=\"https:\/\/dudasytextos.com\/cuanto-tiempo\/500-metros-andando-cuanto-tiempo-es\/\">tiempo<\/a> que debes usar brackets. Si est\u00e1s considerando iniciar un tratamiento de ortodoncia y tienes dudas sobre cu\u00e1nto tiempo deber\u00e1s llevarlos, has llegado al lugar adecuado. A lo largo de este art\u00edculo, exploraremos diferentes aspectos relacionados con la duraci\u00f3n del tratamiento y te proporcionar\u00e9 informaci\u00f3n \u00fatil y divertida. \u00a1Comencemos!<\/p>\n<h2><span class=\"ez-toc-section\" id=\"Curiosidades_estadisticas_y_hechos_interesantes_sobre_los_brackets\"><\/span>Curiosidades, estad\u00edsticas y hechos interesantes sobre los brackets<span class=\"ez-toc-section-end\"><\/span><\/h2>\n<ul>\n<li>Seg\u00fan una encuesta realizada a ortodoncistas, el tiempo promedio de uso de brackets es de 18 a 24 meses.<\/li>\n<li>El 80% de las personas que llevan brackets son adolescentes.<\/li>\n<li>Los brackets m\u00e1s comunes son los met\u00e1licos, pero cada vez m\u00e1s personas optan por los brackets est\u00e9ticos.<\/li>\n<li>Un estudio demostr\u00f3 que el uso de brackets puede mejorar la autoestima y la confianza en uno mismo.<\/li>\n<li>Los brackets pueden corregir problemas de mordida, api\u00f1amiento dental, espacios entre los dientes y otras maloclusiones.<\/li>\n<\/ul>\n<h2><span class=\"ez-toc-section\" id=\"Mi_experiencia_personal_con_los_brackets\"><\/span>Mi experiencia personal con los brackets<span class=\"ez-toc-section-end\"><\/span><\/h2>\n<p>Como alguien que ha llevado brackets durante dos a\u00f1os, entiendo las preocupaciones y preguntas que puedas tener. Recuerdo el d\u00eda en que me los pusieron y me sorprendi\u00f3 lo r\u00e1pido que me acostumbr\u00e9 a ellos. Aunque al principio me sent\u00eda un poco inc\u00f3moda, con el tiempo se convirtieron en parte de mi rutina diaria. Durante todo el proceso, mi ortodoncista me brind\u00f3 apoyo y orientaci\u00f3n, lo cual fue fundamental para obtener resultados exitosos.<\/p>\n<h2><span class=\"ez-toc-section\" id=\"%C2%BFCuanto_tiempo_debo_llevar_brackets\"><\/span>\u00bfCu\u00e1nto tiempo debo llevar brackets?<span class=\"ez-toc-section-end\"><\/span><\/h2>\n<p>La duraci\u00f3n del tratamiento con brackets puede variar seg\u00fan cada caso individual. No existe un tiempo exacto que se aplique a todos los pacientes, ya que cada persona tiene necesidades ortod\u00f3nticas diferentes. Sin embargo, en promedio, se estima que el tratamiento puede durar entre 18 y 24 meses. Durante este per\u00edodo, se realizar\u00e1n ajustes peri\u00f3dicos para garantizar que los dientes se muevan correctamente.<\/p>\n<h2><span class=\"ez-toc-section\" id=\"Factores_que_pueden_afectar_la_duracion_del_tratamiento\"><\/span>Factores que pueden afectar la duraci\u00f3n del tratamiento<span class=\"ez-toc-section-end\"><\/span><\/h2>\n<p>Existen varios factores que pueden influir en la duraci\u00f3n del tratamiento con brackets. Algunos de ellos incluyen:<\/p>\n<ul>\n<li>La gravedad de la maloclusi\u00f3n: en casos m\u00e1s severos, puede ser necesario un tratamiento m\u00e1s prolongado.<\/li>\n<li>La edad del paciente: en general, los tratamientos en adolescentes suelen ser m\u00e1s r\u00e1pidos debido al crecimiento \u00f3seo.<\/li>\n<li>La colaboraci\u00f3n del paciente: seguir las recomendaciones del ortodoncista, como el uso adecuado de el\u00e1sticos y la higiene bucal, puede acelerar el proceso.<\/li>\n<li>La respuesta individual del paciente al tratamiento: cada persona responde de manera diferente y algunos pueden experimentar resultados m\u00e1s r\u00e1pidos que otros.<\/li>\n<\/ul>\n<h2><span class=\"ez-toc-section\" id=\"Conclusion\"><\/span>Conclusi\u00f3n<span class=\"ez-toc-section-end\"><\/span><\/h2>\n<p>En resumen, el tiempo que debes llevar brackets puede variar dependiendo de tu caso espec\u00edfico. Es importante seguir las indicaciones de tu ortodoncista y mantener una buena higiene bucal durante todo el proceso. Recuerda que los brackets no solo te ayudar\u00e1n a lograr una sonrisa m\u00e1s alineada y est\u00e9tica, sino que tambi\u00e9n mejorar\u00e1n tu salud oral en general. \u00a1No te preocupes por la duraci\u00f3n, el resultado final valdr\u00e1 la pena!<\/p>\n<h2><span class=\"ez-toc-section\" id=\"Preguntas_frecuentes\"><\/span>Preguntas frecuentes<span class=\"ez-toc-section-end\"><\/span><\/h2>\n<h3><span class=\"ez-toc-section\" id=\"%C2%BFDuele_llevar_brackets\"><\/span>\u00bfDuele llevar brackets?<span class=\"ez-toc-section-end\"><\/span><\/h3>\n<p>No es inusual experimentar cierta incomodidad o sensibilidad al principio del tratamiento y despu\u00e9s de cada ajuste. Sin embargo, esto suele ser temporal y desaparece en unos pocos d\u00edas.<\/p>\n<h3><span class=\"ez-toc-section\" id=\"%C2%BFPuedo_comer_cualquier_tipo_de_comida_con_brackets\"><\/span>\u00bfPuedo comer cualquier tipo de comida con brackets?<span class=\"ez-toc-section-end\"><\/span><\/h3>\n<p>Al llevar brackets, es recomendable evitar alimentos duros, pegajosos o que requieran morder con fuerza. Tu ortodoncista te proporcionar\u00e1 una lista detallada de alimentos a evitar durante el tratamiento.<\/p>\n<h3><span class=\"ez-toc-section\" id=\"%C2%BFPuedo_practicar_deportes_con_brackets\"><\/span>\u00bfPuedo practicar deportes con brackets?<span class=\"ez-toc-section-end\"><\/span><\/h3>\n<p>S\u00ed, puedes practicar deportes mientras llevas brackets. Sin embargo, es importante proteger tu boca utilizando un protector bucal adecuado.<\/p>\n<h3><span class=\"ez-toc-section\" id=\"%C2%BFCuantas_veces_debo_visitar_al_ortodoncista_durante_el_tratamiento\"><\/span>\u00bfCu\u00e1ntas veces debo visitar al ortodoncista durante el tratamiento?<span class=\"ez-toc-section-end\"><\/span><\/h3>\n<p>Por lo general, se recomienda visitar a tu ortodoncista cada 4 a 8 semanas para realizar ajustes y evaluar el progreso del tratamiento.<\/p>\n<h3><span class=\"ez-toc-section\" id=\"%C2%BFPuedo_elegir_el_color_de_los_brackets\"><\/span>\u00bfPuedo elegir el color de los brackets?<span class=\"ez-toc-section-end\"><\/span><\/h3>\n<p>S\u00ed, muchos ortodoncistas ofrecen una variedad de colores para los brackets, permiti\u00e9ndote personalizar tu sonrisa durante el tratamiento.<\/p>\n","protected":false},"excerpt":{"rendered":"<p>Cu\u00e1nto tiempo debo estar con brackets \u00a1Hola! Soy Ana Gonz\u00e1lez y en este art\u00edculo te contar\u00e9 todo lo que necesitas saber sobre el tiempo que debes usar brackets. Si est\u00e1s considerando iniciar un tratamiento de ortodoncia y tienes dudas sobre cu\u00e1nto tiempo deber\u00e1s llevarlos, has llegado al lugar adecuado. A lo largo de este art\u00edculo, &#8230; <a title=\"Cu\u00e1nto tiempo debo estar con brackets\" class=\"read-more\" href=\"https:\/\/dudasytextos.com\/cuanto-tiempo\/cuanto-tiempo-debo-estar-con-brackets\/\" aria-label=\"M\u00e1s en Cu\u00e1nto tiempo debo estar con brackets\">Leer m\u00e1s<\/a><\/p>\n","protected":false},"author":1,"featured_media":0,"comment_status":"open","ping_status":"open","sticky":false,"template":"","format":"standard","meta":{"footnotes":""},"categories":[3],"tags":[],"class_list":["post-80574","post","type-post","status-publish","format-standard","hentry","category-cuanto-tiempo"],"aioseo_notices":[],"aioseo_head":"\n\t\t<!-- All in One SEO 5.0.1.1 - aioseo.com -->\n\t<meta name=\"description\" content=\"Cu\u00e1nto tiempo debo estar con brackets \u00a1Hola! Soy Ana Gonz\u00e1lez y en este art\u00edculo te contar\u00e9 todo lo que necesitas saber sobre el tiempo que debes usar brackets. Si est\u00e1s considerando iniciar un tratamiento de ortodoncia y tienes dudas sobre cu\u00e1nto tiempo deber\u00e1s llevarlos, has llegado al lugar adecuado. A lo largo de este art\u00edculo,\" \/>\n\t<meta name=\"robots\" content=\"max-snippet:-1, max-image-preview:large, max-video-preview:-1\" \/>\n\t<meta name=\"author\" content=\"Ana Gonz\u00e1lez\"\/>\n\t<link rel=\"canonical\" href=\"https:\/\/dudasytextos.com\/cuanto-tiempo\/cuanto-tiempo-debo-estar-con-brackets\/\" \/>\n\t<meta name=\"generator\" content=\"All in One SEO (AIOSEO) 5.0.1.1\" \/>\n\n\t\t<!-- Google tag (gtag.js) -->\n<script async src=\"https:\/\/www.googletagmanager.com\/gtag\/js?id=G-YPSGVRV7JJ\"><\/script>\n<script>\n  window.dataLayer = window.dataLayer || [];\n  function gtag(){dataLayer.push(arguments);}\n  gtag('js', new Date());\n\n  gtag('config', 'G-YPSGVRV7JJ');\n<\/script>\n<script async src=\"https:\/\/pagead2.googlesyndication.com\/pagead\/js\/adsbygoogle.js?client=ca-pub-3987500858204711\"\n     crossorigin=\"anonymous\"><\/script>\n\t\t<meta property=\"og:locale\" content=\"es_ES\" \/>\n\t\t<meta property=\"og:site_name\" content=\"\u00bfCu\u00e1nto Tiempo? - \u00bfCu\u00e1nto Tiempo?\" \/>\n\t\t<meta property=\"og:type\" content=\"article\" \/>\n\t\t<meta property=\"og:title\" content=\"Cu\u00e1nto tiempo debo estar con brackets (2026) \u00bfCu\u00e1nto Tiempo?\" \/>\n\t\t<meta property=\"og:description\" content=\"Cu\u00e1nto tiempo debo estar con brackets \u00a1Hola! Soy Ana Gonz\u00e1lez y en este art\u00edculo te contar\u00e9 todo lo que necesitas saber sobre el tiempo que debes usar brackets. Si est\u00e1s considerando iniciar un tratamiento de ortodoncia y tienes dudas sobre cu\u00e1nto tiempo deber\u00e1s llevarlos, has llegado al lugar adecuado. A lo largo de este art\u00edculo,\" \/>\n\t\t<meta property=\"og:url\" content=\"https:\/\/dudasytextos.com\/cuanto-tiempo\/cuanto-tiempo-debo-estar-con-brackets\/\" \/>\n\t\t<meta property=\"article:published_time\" content=\"2025-02-27T09:00:53+00:00\" \/>\n\t\t<meta property=\"article:modified_time\" content=\"2025-03-12T22:58:18+00:00\" \/>\n\t\t<meta name=\"twitter:card\" content=\"summary_large_image\" \/>\n\t\t<meta name=\"twitter:title\" content=\"Cu\u00e1nto tiempo debo estar con brackets (2026) \u00bfCu\u00e1nto Tiempo?\" \/>\n\t\t<meta name=\"twitter:description\" content=\"Cu\u00e1nto tiempo debo estar con brackets \u00a1Hola! Soy Ana Gonz\u00e1lez y en este art\u00edculo te contar\u00e9 todo lo que necesitas saber sobre el tiempo que debes usar brackets. Si est\u00e1s considerando iniciar un tratamiento de ortodoncia y tienes dudas sobre cu\u00e1nto tiempo deber\u00e1s llevarlos, has llegado al lugar adecuado. A lo largo de este art\u00edculo,\" \/>\n\t\t<script type=\"application\/ld+json\" class=\"aioseo-schema\">\n\t\t\t{\"@context\":\"https:\\\/\\\/schema.org\",\"@graph\":[{\"@type\":\"BlogPosting\",\"@id\":\"https:\\\/\\\/dudasytextos.com\\\/cuanto-tiempo\\\/cuanto-tiempo-debo-estar-con-brackets\\\/#blogposting\",\"name\":\"Cu\\u00e1nto tiempo debo estar con brackets (2026) \\u00bfCu\\u00e1nto Tiempo?\",\"headline\":\"Cu\\u00e1nto tiempo debo estar con brackets\",\"author\":{\"@id\":\"https:\\\/\\\/dudasytextos.com\\\/cuanto-tiempo\\\/author\\\/admin23\\\/#author\"},\"publisher\":{\"@id\":\"https:\\\/\\\/dudasytextos.com\\\/cuanto-tiempo\\\/#organization\"},\"datePublished\":\"2025-02-27T09:00:53+00:00\",\"dateModified\":\"2025-03-12T22:58:18+00:00\",\"inLanguage\":\"es-ES\",\"mainEntityOfPage\":{\"@id\":\"https:\\\/\\\/dudasytextos.com\\\/cuanto-tiempo\\\/cuanto-tiempo-debo-estar-con-brackets\\\/#webpage\"},\"isPartOf\":{\"@id\":\"https:\\\/\\\/dudasytextos.com\\\/cuanto-tiempo\\\/cuanto-tiempo-debo-estar-con-brackets\\\/#webpage\"},\"articleSection\":\"\\u00bfCu\\u00e1nto tiempo?\"},{\"@type\":\"BreadcrumbList\",\"@id\":\"https:\\\/\\\/dudasytextos.com\\\/cuanto-tiempo\\\/cuanto-tiempo-debo-estar-con-brackets\\\/#breadcrumblist\",\"itemListElement\":[{\"@type\":\"ListItem\",\"@id\":\"https:\\\/\\\/dudasytextos.com\\\/cuanto-tiempo#listItem\",\"position\":1,\"name\":\"Home\",\"item\":\"https:\\\/\\\/dudasytextos.com\\\/cuanto-tiempo\",\"nextItem\":{\"@type\":\"ListItem\",\"@id\":\"https:\\\/\\\/dudasytextos.com\\\/cuanto-tiempo\\\/category\\\/cuanto-tiempo\\\/#listItem\",\"name\":\"\\u00bfCu\\u00e1nto tiempo?\"}},{\"@type\":\"ListItem\",\"@id\":\"https:\\\/\\\/dudasytextos.com\\\/cuanto-tiempo\\\/category\\\/cuanto-tiempo\\\/#listItem\",\"position\":2,\"name\":\"\\u00bfCu\\u00e1nto tiempo?\",\"item\":\"https:\\\/\\\/dudasytextos.com\\\/cuanto-tiempo\\\/category\\\/cuanto-tiempo\\\/\",\"nextItem\":{\"@type\":\"ListItem\",\"@id\":\"https:\\\/\\\/dudasytextos.com\\\/cuanto-tiempo\\\/cuanto-tiempo-debo-estar-con-brackets\\\/#listItem\",\"name\":\"Cu\\u00e1nto tiempo debo estar con brackets\"},\"previousItem\":{\"@type\":\"ListItem\",\"@id\":\"https:\\\/\\\/dudasytextos.com\\\/cuanto-tiempo#listItem\",\"name\":\"Home\"}},{\"@type\":\"ListItem\",\"@id\":\"https:\\\/\\\/dudasytextos.com\\\/cuanto-tiempo\\\/cuanto-tiempo-debo-estar-con-brackets\\\/#listItem\",\"position\":3,\"name\":\"Cu\\u00e1nto tiempo debo estar con brackets\",\"previousItem\":{\"@type\":\"ListItem\",\"@id\":\"https:\\\/\\\/dudasytextos.com\\\/cuanto-tiempo\\\/category\\\/cuanto-tiempo\\\/#listItem\",\"name\":\"\\u00bfCu\\u00e1nto tiempo?\"}}]},{\"@type\":\"Organization\",\"@id\":\"https:\\\/\\\/dudasytextos.com\\\/cuanto-tiempo\\\/#organization\",\"name\":\"Recipes\",\"description\":\"\\u00bfCu\\u00e1nto Tiempo?\",\"url\":\"https:\\\/\\\/dudasytextos.com\\\/cuanto-tiempo\\\/\"},{\"@type\":\"Person\",\"@id\":\"https:\\\/\\\/dudasytextos.com\\\/cuanto-tiempo\\\/author\\\/admin23\\\/#author\",\"url\":\"https:\\\/\\\/dudasytextos.com\\\/cuanto-tiempo\\\/author\\\/admin23\\\/\",\"name\":\"Ana Gonz\\u00e1lez\"},{\"@type\":\"WebPage\",\"@id\":\"https:\\\/\\\/dudasytextos.com\\\/cuanto-tiempo\\\/cuanto-tiempo-debo-estar-con-brackets\\\/#webpage\",\"url\":\"https:\\\/\\\/dudasytextos.com\\\/cuanto-tiempo\\\/cuanto-tiempo-debo-estar-con-brackets\\\/\",\"name\":\"Cu\\u00e1nto tiempo debo estar con brackets (2026) \\u00bfCu\\u00e1nto Tiempo?\",\"description\":\"Cu\\u00e1nto tiempo debo estar con brackets \\u00a1Hola! Soy Ana Gonz\\u00e1lez y en este art\\u00edculo te contar\\u00e9 todo lo que necesitas saber sobre el tiempo que debes usar brackets. Si est\\u00e1s considerando iniciar un tratamiento de ortodoncia y tienes dudas sobre cu\\u00e1nto tiempo deber\\u00e1s llevarlos, has llegado al lugar adecuado. A lo largo de este art\\u00edculo,\",\"inLanguage\":\"es-ES\",\"isPartOf\":{\"@id\":\"https:\\\/\\\/dudasytextos.com\\\/cuanto-tiempo\\\/#website\"},\"breadcrumb\":{\"@id\":\"https:\\\/\\\/dudasytextos.com\\\/cuanto-tiempo\\\/cuanto-tiempo-debo-estar-con-brackets\\\/#breadcrumblist\"},\"author\":{\"@id\":\"https:\\\/\\\/dudasytextos.com\\\/cuanto-tiempo\\\/author\\\/admin23\\\/#author\"},\"creator\":{\"@id\":\"https:\\\/\\\/dudasytextos.com\\\/cuanto-tiempo\\\/author\\\/admin23\\\/#author\"},\"datePublished\":\"2025-02-27T09:00:53+00:00\",\"dateModified\":\"2025-03-12T22:58:18+00:00\"},{\"@type\":\"WebSite\",\"@id\":\"https:\\\/\\\/dudasytextos.com\\\/cuanto-tiempo\\\/#website\",\"url\":\"https:\\\/\\\/dudasytextos.com\\\/cuanto-tiempo\\\/\",\"name\":\"Recipes\",\"description\":\"\\u00bfCu\\u00e1nto Tiempo?\",\"inLanguage\":\"es-ES\",\"publisher\":{\"@id\":\"https:\\\/\\\/dudasytextos.com\\\/cuanto-tiempo\\\/#organization\"}}]}\n\t\t<\/script>\n\t\t<!-- All in One SEO -->\n\n","aioseo_head_json":{"title":"Cu\u00e1nto tiempo debo estar con brackets (2026) \u00bfCu\u00e1nto Tiempo?","description":"Cu\u00e1nto tiempo debo estar con brackets \u00a1Hola! Soy Ana Gonz\u00e1lez y en este art\u00edculo te contar\u00e9 todo lo que necesitas saber sobre el tiempo que debes usar brackets. Si est\u00e1s considerando iniciar un tratamiento de ortodoncia y tienes dudas sobre cu\u00e1nto tiempo deber\u00e1s llevarlos, has llegado al lugar adecuado. A lo largo de este art\u00edculo,","canonical_url":"https:\/\/dudasytextos.com\/cuanto-tiempo\/cuanto-tiempo-debo-estar-con-brackets\/","robots":"max-snippet:-1, max-image-preview:large, max-video-preview:-1","keywords":"","webmasterTools":{"miscellaneous":"&lt;!-- Google tag (gtag.js) --&gt;\n&lt;script async src=\"https:\/\/www.googletagmanager.com\/gtag\/js?id=G-YPSGVRV7JJ\"&gt;&lt;\/script&gt;\n&lt;script&gt;\n  window.dataLayer = window.dataLayer || [];\n  function gtag(){dataLayer.push(arguments);}\n  gtag('js', new Date());\n\n  gtag('config', 'G-YPSGVRV7JJ');\n&lt;\/script&gt;\n&lt;script async src=\"https:\/\/pagead2.googlesyndication.com\/pagead\/js\/adsbygoogle.js?client=ca-pub-3987500858204711\"\n     crossorigin=\"anonymous\"&gt;&lt;\/script&gt;"},"schema":{"@context":"https:\/\/schema.org","@graph":[{"@type":"BlogPosting","@id":"https:\/\/dudasytextos.com\/cuanto-tiempo\/cuanto-tiempo-debo-estar-con-brackets\/#blogposting","name":"Cu\u00e1nto tiempo debo estar con brackets (2026) \u00bfCu\u00e1nto Tiempo?","headline":"Cu\u00e1nto tiempo debo estar con brackets","author":{"@id":"https:\/\/dudasytextos.com\/cuanto-tiempo\/author\/admin23\/#author"},"publisher":{"@id":"https:\/\/dudasytextos.com\/cuanto-tiempo\/#organization"},"datePublished":"2025-02-27T09:00:53+00:00","dateModified":"2025-03-12T22:58:18+00:00","inLanguage":"es-ES","mainEntityOfPage":{"@id":"https:\/\/dudasytextos.com\/cuanto-tiempo\/cuanto-tiempo-debo-estar-con-brackets\/#webpage"},"isPartOf":{"@id":"https:\/\/dudasytextos.com\/cuanto-tiempo\/cuanto-tiempo-debo-estar-con-brackets\/#webpage"},"articleSection":"\u00bfCu\u00e1nto tiempo?"},{"@type":"BreadcrumbList","@id":"https:\/\/dudasytextos.com\/cuanto-tiempo\/cuanto-tiempo-debo-estar-con-brackets\/#breadcrumblist","itemListElement":[{"@type":"ListItem","@id":"https:\/\/dudasytextos.com\/cuanto-tiempo#listItem","position":1,"name":"Home","item":"https:\/\/dudasytextos.com\/cuanto-tiempo","nextItem":{"@type":"ListItem","@id":"https:\/\/dudasytextos.com\/cuanto-tiempo\/category\/cuanto-tiempo\/#listItem","name":"\u00bfCu\u00e1nto tiempo?"}},{"@type":"ListItem","@id":"https:\/\/dudasytextos.com\/cuanto-tiempo\/category\/cuanto-tiempo\/#listItem","position":2,"name":"\u00bfCu\u00e1nto tiempo?","item":"https:\/\/dudasytextos.com\/cuanto-tiempo\/category\/cuanto-tiempo\/","nextItem":{"@type":"ListItem","@id":"https:\/\/dudasytextos.com\/cuanto-tiempo\/cuanto-tiempo-debo-estar-con-brackets\/#listItem","name":"Cu\u00e1nto tiempo debo estar con brackets"},"previousItem":{"@type":"ListItem","@id":"https:\/\/dudasytextos.com\/cuanto-tiempo#listItem","name":"Home"}},{"@type":"ListItem","@id":"https:\/\/dudasytextos.com\/cuanto-tiempo\/cuanto-tiempo-debo-estar-con-brackets\/#listItem","position":3,"name":"Cu\u00e1nto tiempo debo estar con brackets","previousItem":{"@type":"ListItem","@id":"https:\/\/dudasytextos.com\/cuanto-tiempo\/category\/cuanto-tiempo\/#listItem","name":"\u00bfCu\u00e1nto tiempo?"}}]},{"@type":"Organization","@id":"https:\/\/dudasytextos.com\/cuanto-tiempo\/#organization","name":"Recipes","description":"\u00bfCu\u00e1nto Tiempo?","url":"https:\/\/dudasytextos.com\/cuanto-tiempo\/"},{"@type":"Person","@id":"https:\/\/dudasytextos.com\/cuanto-tiempo\/author\/admin23\/#author","url":"https:\/\/dudasytextos.com\/cuanto-tiempo\/author\/admin23\/","name":"Ana Gonz\u00e1lez"},{"@type":"WebPage","@id":"https:\/\/dudasytextos.com\/cuanto-tiempo\/cuanto-tiempo-debo-estar-con-brackets\/#webpage","url":"https:\/\/dudasytextos.com\/cuanto-tiempo\/cuanto-tiempo-debo-estar-con-brackets\/","name":"Cu\u00e1nto tiempo debo estar con brackets (2026) \u00bfCu\u00e1nto Tiempo?","description":"Cu\u00e1nto tiempo debo estar con brackets \u00a1Hola! Soy Ana Gonz\u00e1lez y en este art\u00edculo te contar\u00e9 todo lo que necesitas saber sobre el tiempo que debes usar brackets. Si est\u00e1s considerando iniciar un tratamiento de ortodoncia y tienes dudas sobre cu\u00e1nto tiempo deber\u00e1s llevarlos, has llegado al lugar adecuado. A lo largo de este art\u00edculo,","inLanguage":"es-ES","isPartOf":{"@id":"https:\/\/dudasytextos.com\/cuanto-tiempo\/#website"},"breadcrumb":{"@id":"https:\/\/dudasytextos.com\/cuanto-tiempo\/cuanto-tiempo-debo-estar-con-brackets\/#breadcrumblist"},"author":{"@id":"https:\/\/dudasytextos.com\/cuanto-tiempo\/author\/admin23\/#author"},"creator":{"@id":"https:\/\/dudasytextos.com\/cuanto-tiempo\/author\/admin23\/#author"},"datePublished":"2025-02-27T09:00:53+00:00","dateModified":"2025-03-12T22:58:18+00:00"},{"@type":"WebSite","@id":"https:\/\/dudasytextos.com\/cuanto-tiempo\/#website","url":"https:\/\/dudasytextos.com\/cuanto-tiempo\/","name":"Recipes","description":"\u00bfCu\u00e1nto Tiempo?","inLanguage":"es-ES","publisher":{"@id":"https:\/\/dudasytextos.com\/cuanto-tiempo\/#organization"}}]},"og:locale":"es_ES","og:site_name":"\u00bfCu\u00e1nto Tiempo? - \u00bfCu\u00e1nto Tiempo?","og:type":"article","og:title":"Cu\u00e1nto tiempo debo estar con brackets (2026) \u00bfCu\u00e1nto Tiempo?","og:description":"Cu\u00e1nto tiempo debo estar con brackets \u00a1Hola! Soy Ana Gonz\u00e1lez y en este art\u00edculo te contar\u00e9 todo lo que necesitas saber sobre el tiempo que debes usar brackets. Si est\u00e1s considerando iniciar un tratamiento de ortodoncia y tienes dudas sobre cu\u00e1nto tiempo deber\u00e1s llevarlos, has llegado al lugar adecuado. A lo largo de este art\u00edculo,","og:url":"https:\/\/dudasytextos.com\/cuanto-tiempo\/cuanto-tiempo-debo-estar-con-brackets\/","article:published_time":"2025-02-27T09:00:53+00:00","article:modified_time":"2025-03-12T22:58:18+00:00","twitter:card":"summary_large_image","twitter:title":"Cu\u00e1nto tiempo debo estar con brackets (2026) \u00bfCu\u00e1nto Tiempo?","twitter:description":"Cu\u00e1nto tiempo debo estar con brackets \u00a1Hola! Soy Ana Gonz\u00e1lez y en este art\u00edculo te contar\u00e9 todo lo que necesitas saber sobre el tiempo que debes usar brackets. Si est\u00e1s considerando iniciar un tratamiento de ortodoncia y tienes dudas sobre cu\u00e1nto tiempo deber\u00e1s llevarlos, has llegado al lugar adecuado. A lo largo de este art\u00edculo,"},"aioseo_meta_data":{"post_id":"80574","title":null,"description":null,"keywords":null,"keyphrases":null,"primary_term":null,"canonical_url":null,"og_title":null,"og_description":null,"og_object_type":"default","og_image_type":"default","og_image_url":null,"og_image_width":null,"og_image_height":null,"og_image_custom_url":null,"og_image_custom_fields":null,"og_video":null,"og_custom_url":null,"og_article_section":null,"og_article_tags":null,"twitter_use_og":false,"twitter_card":"default","twitter_image_type":"default","twitter_image_url":null,"twitter_image_custom_url":null,"twitter_image_custom_fields":null,"twitter_title":null,"twitter_description":null,"schema":{"blockGraphs":[],"customGraphs":[],"default":{"data":{"Article":[],"Course":[],"Dataset":[],"FAQPage":[],"Movie":[],"Person":[],"Product":[],"ProductReview":[],"Car":[],"Recipe":[],"Service":[],"SoftwareApplication":[],"WebPage":[]},"graphName":"","isEnabled":true},"graphs":[]},"schema_type":"default","schema_type_options":null,"pillar_content":false,"robots_default":true,"robots_noindex":false,"robots_noarchive":false,"robots_nosnippet":false,"robots_nofollow":false,"robots_noimageindex":false,"robots_noodp":false,"robots_notranslate":false,"robots_max_snippet":null,"robots_max_videopreview":null,"robots_max_imagepreview":"large","priority":null,"frequency":null,"local_seo":null,"breadcrumb_settings":null,"limit_modified_date":false,"ai":null,"created":"2023-07-13 18:22:27","updated":"2025-06-04 09:57:55","seo_analyzer_scan_date":null,"focus_keyword":null,"additional_keywords":null,"truseo_locale":null},"aioseo_breadcrumb":"<div class=\"aioseo-breadcrumbs\"><span class=\"aioseo-breadcrumb\">\n\t\t\t<a href=\"https:\/\/dudasytextos.com\/cuanto-tiempo\" title=\"Home\">Home<\/a>\n\t\t<\/span><span class=\"aioseo-breadcrumb-separator\">&raquo;<\/span><span class=\"aioseo-breadcrumb\">\n\t\t\t<a href=\"https:\/\/dudasytextos.com\/cuanto-tiempo\/category\/cuanto-tiempo\/\" title=\"\u00bfCu\u00e1nto tiempo?\">\u00bfCu\u00e1nto tiempo?<\/a>\n\t\t<\/span><span class=\"aioseo-breadcrumb-separator\">&raquo;<\/span><span class=\"aioseo-breadcrumb\">\n\t\t\tCu\u00e1nto tiempo debo estar con brackets\n\t\t<\/span><\/div>","aioseo_breadcrumb_json":[{"label":"Home","link":"https:\/\/dudasytextos.com\/cuanto-tiempo"},{"label":"\u00bfCu\u00e1nto tiempo?","link":"https:\/\/dudasytextos.com\/cuanto-tiempo\/category\/cuanto-tiempo\/"},{"label":"Cu\u00e1nto tiempo debo estar con brackets","link":"https:\/\/dudasytextos.com\/cuanto-tiempo\/cuanto-tiempo-debo-estar-con-brackets\/"}],"_links":{"self":[{"href":"https:\/\/dudasytextos.com\/cuanto-tiempo\/wp-json\/wp\/v2\/posts\/80574","targetHints":{"allow":["GET"]}}],"collection":[{"href":"https:\/\/dudasytextos.com\/cuanto-tiempo\/wp-json\/wp\/v2\/posts"}],"about":[{"href":"https:\/\/dudasytextos.com\/cuanto-tiempo\/wp-json\/wp\/v2\/types\/post"}],"author":[{"embeddable":true,"href":"https:\/\/dudasytextos.com\/cuanto-tiempo\/wp-json\/wp\/v2\/users\/1"}],"replies":[{"embeddable":true,"href":"https:\/\/dudasytextos.com\/cuanto-tiempo\/wp-json\/wp\/v2\/comments?post=80574"}],"version-history":[{"count":0,"href":"https:\/\/dudasytextos.com\/cuanto-tiempo\/wp-json\/wp\/v2\/posts\/80574\/revisions"}],"wp:attachment":[{"href":"https:\/\/dudasytextos.com\/cuanto-tiempo\/wp-json\/wp\/v2\/media?parent=80574"}],"wp:term":[{"taxonomy":"category","embeddable":true,"href":"https:\/\/dudasytextos.com\/cuanto-tiempo\/wp-json\/wp\/v2\/categories?post=80574"},{"taxonomy":"post_tag","embeddable":true,"href":"https:\/\/dudasytextos.com\/cuanto-tiempo\/wp-json\/wp\/v2\/tags?post=80574"}],"curies":[{"name":"wp","href":"https:\/\/api.w.org\/{rel}","templated":true}]}}