{"id":93997,"date":"2025-02-19T07:49:04","date_gmt":"2025-02-19T07:49:04","guid":{"rendered":"https:\/\/educacion.cc\/en\/?p=93997"},"modified":"2025-03-13T04:36:37","modified_gmt":"2025-03-13T04:36:37","slug":"cuanto-tiempo-de-paro-me-corresponde","status":"publish","type":"post","link":"https:\/\/dudasytextos.com\/cuanto-tiempo\/cuanto-tiempo-de-paro-me-corresponde\/","title":{"rendered":"Cu\u00e1nto tiempo de paro me corresponde"},"content":{"rendered":"<div id=\"ez-toc-container\" class=\"ez-toc-v2_0_87 counter-hierarchy ez-toc-counter ez-toc-custom ez-toc-container-direction\">\n<div class=\"ez-toc-title-container\">\n<span class=\"ez-toc-title-toggle\"><\/span><\/div>\n<nav><ul class='ez-toc-list ez-toc-list-level-1 ' ><li class='ez-toc-page-1 ez-toc-heading-level-2'><a class=\"ez-toc-link ez-toc-heading-1\" href=\"https:\/\/dudasytextos.com\/cuanto-tiempo\/cuanto-tiempo-de-paro-me-corresponde\/#Cuanto_Tiempo_De_Paro_Me_Corresponde\" >Cuanto Tiempo De Paro Me Corresponde<\/a><\/li><li class='ez-toc-page-1 ez-toc-heading-level-2'><a class=\"ez-toc-link ez-toc-heading-2\" href=\"https:\/\/dudasytextos.com\/cuanto-tiempo\/cuanto-tiempo-de-paro-me-corresponde\/#Curiosidades_e_informacion_interesante\" >Curiosidades e informaci\u00f3n interesante<\/a><\/li><li class='ez-toc-page-1 ez-toc-heading-level-2'><a class=\"ez-toc-link ez-toc-heading-3\" href=\"https:\/\/dudasytextos.com\/cuanto-tiempo\/cuanto-tiempo-de-paro-me-corresponde\/#Mi_experiencia_personal\" >Mi experiencia personal<\/a><\/li><li class='ez-toc-page-1 ez-toc-heading-level-2'><a class=\"ez-toc-link ez-toc-heading-4\" href=\"https:\/\/dudasytextos.com\/cuanto-tiempo\/cuanto-tiempo-de-paro-me-corresponde\/#%C2%BFCuanto_tiempo_de_paro_me_corresponde\" >\u00bfCu\u00e1nto tiempo de paro me corresponde?<\/a><\/li><li class='ez-toc-page-1 ez-toc-heading-level-2'><a class=\"ez-toc-link ez-toc-heading-5\" href=\"https:\/\/dudasytextos.com\/cuanto-tiempo\/cuanto-tiempo-de-paro-me-corresponde\/#%C2%BFComo_solicitar_la_ayuda_por_desempleo\" >\u00bfC\u00f3mo solicitar la ayuda por desempleo?<\/a><\/li><li class='ez-toc-page-1 ez-toc-heading-level-2'><a class=\"ez-toc-link ez-toc-heading-6\" href=\"https:\/\/dudasytextos.com\/cuanto-tiempo\/cuanto-tiempo-de-paro-me-corresponde\/#Preguntas_frecuentes\" >Preguntas frecuentes<\/a><ul class='ez-toc-list-level-3' ><li class='ez-toc-heading-level-3'><a class=\"ez-toc-link ez-toc-heading-7\" href=\"https:\/\/dudasytextos.com\/cuanto-tiempo\/cuanto-tiempo-de-paro-me-corresponde\/#%C2%BFPuedo_solicitar_la_ayuda_por_desempleo_si_he_trabajado_en_el_extranjero\" >\u00bfPuedo solicitar la ayuda por desempleo si he trabajado en el extranjero?<\/a><\/li><li class='ez-toc-page-1 ez-toc-heading-level-3'><a class=\"ez-toc-link ez-toc-heading-8\" href=\"https:\/\/dudasytextos.com\/cuanto-tiempo\/cuanto-tiempo-de-paro-me-corresponde\/#%C2%BFQue_sucede_si_encuentro_trabajo_antes_de_que_se_acabe_el_tiempo_de_paro\" >\u00bfQu\u00e9 sucede si encuentro trabajo antes de que se acabe el tiempo de paro?<\/a><\/li><li class='ez-toc-page-1 ez-toc-heading-level-3'><a class=\"ez-toc-link ez-toc-heading-9\" href=\"https:\/\/dudasytextos.com\/cuanto-tiempo\/cuanto-tiempo-de-paro-me-corresponde\/#%C2%BFQue_pasa_si_me_quedo_sin_paro\" >\u00bfQu\u00e9 pasa si me quedo sin paro?<\/a><\/li><\/ul><\/li><\/ul><\/nav><\/div>\n<h2><span class=\"ez-toc-section\" id=\"Cuanto_Tiempo_De_Paro_Me_Corresponde\"><\/span>Cuanto Tiempo De Paro Me Corresponde<span class=\"ez-toc-section-end\"><\/span><\/h2>\n<p>Escrito por Ana Gonz\u00e1lez<\/p>\n<section>\n<h2><span class=\"ez-toc-section\" id=\"Curiosidades_e_informacion_interesante\"><\/span>Curiosidades e informaci\u00f3n interesante<span class=\"ez-toc-section-end\"><\/span><\/h2>\n<ul>\n<li>El <a href=\"https:\/\/dudasytextos.com\/cuanto-tiempo\/500-metros-andando-cuanto-tiempo-es\/\">tiempo<\/a> de paro que te corresponde depende de muchos factores, como tu edad, tu situaci\u00f3n laboral, el tiempo que has trabajado, entre otros.<\/li>\n<li>En Espa\u00f1a, el Servicio P\u00fablico de Empleo Estatal (SEPE) es la entidad encargada de gestionar el paro y establecer las condiciones para solicitar y recibir la ayuda econ\u00f3mica por desempleo.<\/li>\n<li>Seg\u00fan datos del SEPE, en el primer trimestre de 2021 se registraron en Espa\u00f1a un total de 3.6 millones de personas desempleadas.<\/li>\n<li>El tiempo de paro que te corresponde var\u00eda en funci\u00f3n de la causa de la situaci\u00f3n de desempleo. Por ejemplo, si te han despedido, si has finalizado un contrato temporal o si has decidido abandonar voluntariamente tu empleo.<\/li>\n<\/ul>\n<\/section>\n<section>\n<h2><span class=\"ez-toc-section\" id=\"Mi_experiencia_personal\"><\/span>Mi experiencia personal<span class=\"ez-toc-section-end\"><\/span><\/h2>\n<p>En mi caso, he tenido que solicitar la ayuda por desempleo en dos ocasiones a lo largo de mi <a href=\"https:\/\/dudasytextos.com\/cuanto-tiempo\/cuanto-tiempo-de-vida-le-queda-a-mrbeast\/\">vida<\/a> laboral. La primera vez fue cuando me despidieron de mi trabajo en una peque\u00f1a empresa donde trabajaba como administrativa. En ese momento, no sab\u00eda muy bien cu\u00e1nto tiempo de paro me correspond\u00eda ni c\u00f3mo ten\u00eda que hacer para solicitar la ayuda. Me inform\u00e9 a trav\u00e9s de internet y acud\u00ed a una oficina del SEPE donde me asesoraron y me ayudaron a tramitar la solicitud.<\/p>\n<p>La segunda vez que solicit\u00e9 la ayuda por desempleo fue cuando finaliz\u00f3 un contrato temporal de un a\u00f1o que ten\u00eda en una multinacional. En ese caso, ya sab\u00eda c\u00f3mo funcionaba el proceso y no tuve problemas para solicitar la ayuda.<\/p>\n<p>En ambos casos, el tiempo de paro que me correspondi\u00f3 fue de seis meses.<\/p>\n<\/section>\n<section>\n<h2><span class=\"ez-toc-section\" id=\"%C2%BFCuanto_tiempo_de_paro_me_corresponde\"><\/span>\u00bfCu\u00e1nto tiempo de paro me corresponde?<span class=\"ez-toc-section-end\"><\/span><\/h2>\n<p>El tiempo de paro que te corresponde depende de diversos factores, como ya hemos mencionado. A continuaci\u00f3n, te explicamos los principales:<\/p>\n<ul>\n<li>Edad: si tienes menos de 45 a\u00f1os, el tiempo de paro que te corresponde es de 4 meses. Si tienes entre 45 y 49 a\u00f1os, el tiempo de paro es de 6 meses. Si tienes 50 a\u00f1os o m\u00e1s, el tiempo de paro es de 8 meses.<\/li>\n<li>Antig\u00fcedad en la empresa: si has trabajado menos de 6 meses en la empresa, no tienes derecho a paro. Si has trabajado entre 6 y 11 meses, el tiempo de paro que te corresponde es de 1 mes. Si has trabajado entre 12 y 17 meses, el tiempo de paro es de 2 meses. Si has trabajado entre 18 y 23 meses, el tiempo de paro es de 3 meses. Si has trabajado entre 24 y 29 meses, el tiempo de paro es de 4 meses. Si has trabajado entre 30 y 35 meses, el tiempo de paro es de 5 meses. Si has trabajado entre 36 y 42 meses, el tiempo de paro es de 6 meses. Si has trabajado entre 43 y 47 meses, el tiempo de paro es de 7 meses. Si has trabajado entre 48 y 53 meses, el tiempo de paro es de 8 meses. Si has trabajado entre 54 y 59 meses, el tiempo de paro es de 9 meses. Si has trabajado m\u00e1s de 60 meses, el tiempo de paro es de 10 meses.<\/li>\n<li>Situaci\u00f3n laboral: si has finalizado un contrato temporal, el tiempo de paro que te corresponde es de 15 d\u00edas por a\u00f1o trabajado, con un m\u00e1ximo de 12 meses. Si has decidido abandonar voluntariamente tu empleo, no tienes derecho a paro. Si te han despedido, el tiempo de paro que te corresponde depende de la antig\u00fcedad en la empresa.<\/li>\n<\/ul>\n<p>Es importante destacar que estos son los tiempos de paro m\u00ednimos establecidos por ley. Sin embargo, en algunos casos puede haber convenios colectivos que establezcan un tiempo de paro superior.<\/p>\n<\/section>\n<section>\n<h2><span class=\"ez-toc-section\" id=\"%C2%BFComo_solicitar_la_ayuda_por_desempleo\"><\/span>\u00bfC\u00f3mo solicitar la ayuda por desempleo?<span class=\"ez-toc-section-end\"><\/span><\/h2>\n<p>Para solicitar la ayuda por desempleo, es necesario seguir los siguientes pasos:<\/p>\n<ol>\n<li>Acudir a una oficina del SEPE con los siguientes documentos: DNI, n\u00famero de la seguridad social, vida laboral actualizada, contrato de trabajo o certificado de empresa en caso de despido.<\/li>\n<li>Tramitar la solicitud de ayuda por desempleo a trav\u00e9s de la sede electr\u00f3nica del SEPE o presencialmente en la oficina.<\/li>\n<li>Esperar a recibir la resoluci\u00f3n del SEPE, en la que se informa sobre el tiempo de paro que te corresponde y el importe de la ayuda econ\u00f3mica.<\/li>\n<li>Cumplir con las obligaciones establecidas para recibir la ayuda, como estar disponible para buscar empleo, renovar la demanda de empleo cada cierto tiempo, etc.<\/li>\n<\/ol>\n<\/section>\n<section>\n<h2><span class=\"ez-toc-section\" id=\"Preguntas_frecuentes\"><\/span>Preguntas frecuentes<span class=\"ez-toc-section-end\"><\/span><\/h2>\n<h3><span class=\"ez-toc-section\" id=\"%C2%BFPuedo_solicitar_la_ayuda_por_desempleo_si_he_trabajado_en_el_extranjero\"><\/span>\u00bfPuedo solicitar la ayuda por desempleo si he trabajado en el extranjero?<span class=\"ez-toc-section-end\"><\/span><\/h3>\n<p>S\u00ed, siempre y cuando se cumplan los requisitos establecidos por el SEPE. Es necesario acreditar el tiempo trabajado en el extranjero y en qu\u00e9 condiciones (contrato, salario, etc.).<\/p>\n<h3><span class=\"ez-toc-section\" id=\"%C2%BFQue_sucede_si_encuentro_trabajo_antes_de_que_se_acabe_el_tiempo_de_paro\"><\/span>\u00bfQu\u00e9 sucede si encuentro trabajo antes de que se acabe el tiempo de paro?<span class=\"ez-toc-section-end\"><\/span><\/h3>\n<p>En ese caso, es necesario comunicarlo al SEPE y renunciar a la ayuda por desempleo. Si no se comunica y se sigue recibiendo la ayuda, se est\u00e1 incurriendo en un fraude y se pueden recibir sanciones econ\u00f3micas.<\/p>\n<h3><span class=\"ez-toc-section\" id=\"%C2%BFQue_pasa_si_me_quedo_sin_paro\"><\/span>\u00bfQu\u00e9 pasa si me quedo sin paro?<span class=\"ez-toc-section-end\"><\/span><\/h3>\n<p>En ese caso, es posible solicitar ayudas extraordinarias por desempleo, como el Plan Prepara o la Renta Activa de Inserci\u00f3n (RAI), siempre y cuando se cumplan los requisitos establecidos.<\/p>\n<\/section>\n<footer>\n<p>\u00daltima actualizaci\u00f3n: 25 de junio de 2021<\/p>\n<\/footer>\n","protected":false},"excerpt":{"rendered":"<p>Cuanto Tiempo De Paro Me Corresponde Escrito por Ana Gonz\u00e1lez Curiosidades e informaci\u00f3n interesante El tiempo de paro que te corresponde depende de muchos factores, como tu edad, tu situaci\u00f3n laboral, el tiempo que has trabajado, entre otros. En Espa\u00f1a, el Servicio P\u00fablico de Empleo Estatal (SEPE) es la entidad encargada de gestionar el paro &#8230; <a title=\"Cu\u00e1nto tiempo de paro me corresponde\" class=\"read-more\" href=\"https:\/\/dudasytextos.com\/cuanto-tiempo\/cuanto-tiempo-de-paro-me-corresponde\/\" aria-label=\"M\u00e1s en Cu\u00e1nto tiempo de paro me corresponde\">Leer m\u00e1s<\/a><\/p>\n","protected":false},"author":1,"featured_media":0,"comment_status":"open","ping_status":"open","sticky":false,"template":"","format":"standard","meta":{"footnotes":""},"categories":[3],"tags":[],"class_list":["post-93997","post","type-post","status-publish","format-standard","hentry","category-cuanto-tiempo"],"aioseo_notices":[],"aioseo_head":"\n\t\t<!-- All in One SEO 5.0.1.1 - aioseo.com -->\n\t<meta name=\"description\" content=\"Cuanto Tiempo De Paro Me Corresponde Escrito por Ana Gonz\u00e1lez Curiosidades e informaci\u00f3n interesante El tiempo de paro que te corresponde depende de muchos factores, como tu edad, tu situaci\u00f3n laboral, el tiempo que has trabajado, entre otros. En Espa\u00f1a, el Servicio P\u00fablico de Empleo Estatal (SEPE) es la entidad encargada de gestionar el paro\" \/>\n\t<meta name=\"robots\" content=\"max-snippet:-1, max-image-preview:large, max-video-preview:-1\" \/>\n\t<meta name=\"author\" content=\"Ana Gonz\u00e1lez\"\/>\n\t<link rel=\"canonical\" href=\"https:\/\/dudasytextos.com\/cuanto-tiempo\/cuanto-tiempo-de-paro-me-corresponde\/\" \/>\n\t<meta name=\"generator\" content=\"All in One SEO (AIOSEO) 5.0.1.1\" \/>\n\n\t\t<!-- Google tag (gtag.js) -->\n<script async src=\"https:\/\/www.googletagmanager.com\/gtag\/js?id=G-YPSGVRV7JJ\"><\/script>\n<script>\n  window.dataLayer = window.dataLayer || [];\n  function gtag(){dataLayer.push(arguments);}\n  gtag('js', new Date());\n\n  gtag('config', 'G-YPSGVRV7JJ');\n<\/script>\n<script async src=\"https:\/\/pagead2.googlesyndication.com\/pagead\/js\/adsbygoogle.js?client=ca-pub-3987500858204711\"\n     crossorigin=\"anonymous\"><\/script>\n\t\t<meta property=\"og:locale\" content=\"es_ES\" \/>\n\t\t<meta property=\"og:site_name\" content=\"\u00bfCu\u00e1nto Tiempo? - \u00bfCu\u00e1nto Tiempo?\" \/>\n\t\t<meta property=\"og:type\" content=\"article\" \/>\n\t\t<meta property=\"og:title\" content=\"Cu\u00e1nto tiempo de paro me corresponde (2026) \u00bfCu\u00e1nto Tiempo?\" \/>\n\t\t<meta property=\"og:description\" content=\"Cuanto Tiempo De Paro Me Corresponde Escrito por Ana Gonz\u00e1lez Curiosidades e informaci\u00f3n interesante El tiempo de paro que te corresponde depende de muchos factores, como tu edad, tu situaci\u00f3n laboral, el tiempo que has trabajado, entre otros. En Espa\u00f1a, el Servicio P\u00fablico de Empleo Estatal (SEPE) es la entidad encargada de gestionar el paro\" \/>\n\t\t<meta property=\"og:url\" content=\"https:\/\/dudasytextos.com\/cuanto-tiempo\/cuanto-tiempo-de-paro-me-corresponde\/\" \/>\n\t\t<meta property=\"article:published_time\" content=\"2025-02-19T07:49:04+00:00\" \/>\n\t\t<meta property=\"article:modified_time\" content=\"2025-03-13T04:36:37+00:00\" \/>\n\t\t<meta name=\"twitter:card\" content=\"summary_large_image\" \/>\n\t\t<meta name=\"twitter:title\" content=\"Cu\u00e1nto tiempo de paro me corresponde (2026) \u00bfCu\u00e1nto Tiempo?\" \/>\n\t\t<meta name=\"twitter:description\" content=\"Cuanto Tiempo De Paro Me Corresponde Escrito por Ana Gonz\u00e1lez Curiosidades e informaci\u00f3n interesante El tiempo de paro que te corresponde depende de muchos factores, como tu edad, tu situaci\u00f3n laboral, el tiempo que has trabajado, entre otros. En Espa\u00f1a, el Servicio P\u00fablico de Empleo Estatal (SEPE) es la entidad encargada de gestionar el paro\" \/>\n\t\t<script type=\"application\/ld+json\" class=\"aioseo-schema\">\n\t\t\t{\"@context\":\"https:\\\/\\\/schema.org\",\"@graph\":[{\"@type\":\"BlogPosting\",\"@id\":\"https:\\\/\\\/dudasytextos.com\\\/cuanto-tiempo\\\/cuanto-tiempo-de-paro-me-corresponde\\\/#blogposting\",\"name\":\"Cu\\u00e1nto tiempo de paro me corresponde (2026) \\u00bfCu\\u00e1nto Tiempo?\",\"headline\":\"Cu\\u00e1nto tiempo de paro me corresponde\",\"author\":{\"@id\":\"https:\\\/\\\/dudasytextos.com\\\/cuanto-tiempo\\\/author\\\/admin23\\\/#author\"},\"publisher\":{\"@id\":\"https:\\\/\\\/dudasytextos.com\\\/cuanto-tiempo\\\/#organization\"},\"datePublished\":\"2025-02-19T07:49:04+00:00\",\"dateModified\":\"2025-03-13T04:36:37+00:00\",\"inLanguage\":\"es-ES\",\"mainEntityOfPage\":{\"@id\":\"https:\\\/\\\/dudasytextos.com\\\/cuanto-tiempo\\\/cuanto-tiempo-de-paro-me-corresponde\\\/#webpage\"},\"isPartOf\":{\"@id\":\"https:\\\/\\\/dudasytextos.com\\\/cuanto-tiempo\\\/cuanto-tiempo-de-paro-me-corresponde\\\/#webpage\"},\"articleSection\":\"\\u00bfCu\\u00e1nto tiempo?\"},{\"@type\":\"BreadcrumbList\",\"@id\":\"https:\\\/\\\/dudasytextos.com\\\/cuanto-tiempo\\\/cuanto-tiempo-de-paro-me-corresponde\\\/#breadcrumblist\",\"itemListElement\":[{\"@type\":\"ListItem\",\"@id\":\"https:\\\/\\\/dudasytextos.com\\\/cuanto-tiempo#listItem\",\"position\":1,\"name\":\"Home\",\"item\":\"https:\\\/\\\/dudasytextos.com\\\/cuanto-tiempo\",\"nextItem\":{\"@type\":\"ListItem\",\"@id\":\"https:\\\/\\\/dudasytextos.com\\\/cuanto-tiempo\\\/category\\\/cuanto-tiempo\\\/#listItem\",\"name\":\"\\u00bfCu\\u00e1nto tiempo?\"}},{\"@type\":\"ListItem\",\"@id\":\"https:\\\/\\\/dudasytextos.com\\\/cuanto-tiempo\\\/category\\\/cuanto-tiempo\\\/#listItem\",\"position\":2,\"name\":\"\\u00bfCu\\u00e1nto tiempo?\",\"item\":\"https:\\\/\\\/dudasytextos.com\\\/cuanto-tiempo\\\/category\\\/cuanto-tiempo\\\/\",\"nextItem\":{\"@type\":\"ListItem\",\"@id\":\"https:\\\/\\\/dudasytextos.com\\\/cuanto-tiempo\\\/cuanto-tiempo-de-paro-me-corresponde\\\/#listItem\",\"name\":\"Cu\\u00e1nto tiempo de paro me corresponde\"},\"previousItem\":{\"@type\":\"ListItem\",\"@id\":\"https:\\\/\\\/dudasytextos.com\\\/cuanto-tiempo#listItem\",\"name\":\"Home\"}},{\"@type\":\"ListItem\",\"@id\":\"https:\\\/\\\/dudasytextos.com\\\/cuanto-tiempo\\\/cuanto-tiempo-de-paro-me-corresponde\\\/#listItem\",\"position\":3,\"name\":\"Cu\\u00e1nto tiempo de paro me corresponde\",\"previousItem\":{\"@type\":\"ListItem\",\"@id\":\"https:\\\/\\\/dudasytextos.com\\\/cuanto-tiempo\\\/category\\\/cuanto-tiempo\\\/#listItem\",\"name\":\"\\u00bfCu\\u00e1nto tiempo?\"}}]},{\"@type\":\"Organization\",\"@id\":\"https:\\\/\\\/dudasytextos.com\\\/cuanto-tiempo\\\/#organization\",\"name\":\"Recipes\",\"description\":\"\\u00bfCu\\u00e1nto Tiempo?\",\"url\":\"https:\\\/\\\/dudasytextos.com\\\/cuanto-tiempo\\\/\"},{\"@type\":\"Person\",\"@id\":\"https:\\\/\\\/dudasytextos.com\\\/cuanto-tiempo\\\/author\\\/admin23\\\/#author\",\"url\":\"https:\\\/\\\/dudasytextos.com\\\/cuanto-tiempo\\\/author\\\/admin23\\\/\",\"name\":\"Ana Gonz\\u00e1lez\"},{\"@type\":\"WebPage\",\"@id\":\"https:\\\/\\\/dudasytextos.com\\\/cuanto-tiempo\\\/cuanto-tiempo-de-paro-me-corresponde\\\/#webpage\",\"url\":\"https:\\\/\\\/dudasytextos.com\\\/cuanto-tiempo\\\/cuanto-tiempo-de-paro-me-corresponde\\\/\",\"name\":\"Cu\\u00e1nto tiempo de paro me corresponde (2026) \\u00bfCu\\u00e1nto Tiempo?\",\"description\":\"Cuanto Tiempo De Paro Me Corresponde Escrito por Ana Gonz\\u00e1lez Curiosidades e informaci\\u00f3n interesante El tiempo de paro que te corresponde depende de muchos factores, como tu edad, tu situaci\\u00f3n laboral, el tiempo que has trabajado, entre otros. En Espa\\u00f1a, el Servicio P\\u00fablico de Empleo Estatal (SEPE) es la entidad encargada de gestionar el paro\",\"inLanguage\":\"es-ES\",\"isPartOf\":{\"@id\":\"https:\\\/\\\/dudasytextos.com\\\/cuanto-tiempo\\\/#website\"},\"breadcrumb\":{\"@id\":\"https:\\\/\\\/dudasytextos.com\\\/cuanto-tiempo\\\/cuanto-tiempo-de-paro-me-corresponde\\\/#breadcrumblist\"},\"author\":{\"@id\":\"https:\\\/\\\/dudasytextos.com\\\/cuanto-tiempo\\\/author\\\/admin23\\\/#author\"},\"creator\":{\"@id\":\"https:\\\/\\\/dudasytextos.com\\\/cuanto-tiempo\\\/author\\\/admin23\\\/#author\"},\"datePublished\":\"2025-02-19T07:49:04+00:00\",\"dateModified\":\"2025-03-13T04:36:37+00:00\"},{\"@type\":\"WebSite\",\"@id\":\"https:\\\/\\\/dudasytextos.com\\\/cuanto-tiempo\\\/#website\",\"url\":\"https:\\\/\\\/dudasytextos.com\\\/cuanto-tiempo\\\/\",\"name\":\"Recipes\",\"description\":\"\\u00bfCu\\u00e1nto Tiempo?\",\"inLanguage\":\"es-ES\",\"publisher\":{\"@id\":\"https:\\\/\\\/dudasytextos.com\\\/cuanto-tiempo\\\/#organization\"}}]}\n\t\t<\/script>\n\t\t<!-- All in One SEO -->\n\n","aioseo_head_json":{"title":"Cu\u00e1nto tiempo de paro me corresponde (2026) \u00bfCu\u00e1nto Tiempo?","description":"Cuanto Tiempo De Paro Me Corresponde Escrito por Ana Gonz\u00e1lez Curiosidades e informaci\u00f3n interesante El tiempo de paro que te corresponde depende de muchos factores, como tu edad, tu situaci\u00f3n laboral, el tiempo que has trabajado, entre otros. En Espa\u00f1a, el Servicio P\u00fablico de Empleo Estatal (SEPE) es la entidad encargada de gestionar el paro","canonical_url":"https:\/\/dudasytextos.com\/cuanto-tiempo\/cuanto-tiempo-de-paro-me-corresponde\/","robots":"max-snippet:-1, max-image-preview:large, max-video-preview:-1","keywords":"","webmasterTools":{"miscellaneous":"&lt;!-- Google tag (gtag.js) --&gt;\n&lt;script async src=\"https:\/\/www.googletagmanager.com\/gtag\/js?id=G-YPSGVRV7JJ\"&gt;&lt;\/script&gt;\n&lt;script&gt;\n  window.dataLayer = window.dataLayer || [];\n  function gtag(){dataLayer.push(arguments);}\n  gtag('js', new Date());\n\n  gtag('config', 'G-YPSGVRV7JJ');\n&lt;\/script&gt;\n&lt;script async src=\"https:\/\/pagead2.googlesyndication.com\/pagead\/js\/adsbygoogle.js?client=ca-pub-3987500858204711\"\n     crossorigin=\"anonymous\"&gt;&lt;\/script&gt;"},"schema":{"@context":"https:\/\/schema.org","@graph":[{"@type":"BlogPosting","@id":"https:\/\/dudasytextos.com\/cuanto-tiempo\/cuanto-tiempo-de-paro-me-corresponde\/#blogposting","name":"Cu\u00e1nto tiempo de paro me corresponde (2026) \u00bfCu\u00e1nto Tiempo?","headline":"Cu\u00e1nto tiempo de paro me corresponde","author":{"@id":"https:\/\/dudasytextos.com\/cuanto-tiempo\/author\/admin23\/#author"},"publisher":{"@id":"https:\/\/dudasytextos.com\/cuanto-tiempo\/#organization"},"datePublished":"2025-02-19T07:49:04+00:00","dateModified":"2025-03-13T04:36:37+00:00","inLanguage":"es-ES","mainEntityOfPage":{"@id":"https:\/\/dudasytextos.com\/cuanto-tiempo\/cuanto-tiempo-de-paro-me-corresponde\/#webpage"},"isPartOf":{"@id":"https:\/\/dudasytextos.com\/cuanto-tiempo\/cuanto-tiempo-de-paro-me-corresponde\/#webpage"},"articleSection":"\u00bfCu\u00e1nto tiempo?"},{"@type":"BreadcrumbList","@id":"https:\/\/dudasytextos.com\/cuanto-tiempo\/cuanto-tiempo-de-paro-me-corresponde\/#breadcrumblist","itemListElement":[{"@type":"ListItem","@id":"https:\/\/dudasytextos.com\/cuanto-tiempo#listItem","position":1,"name":"Home","item":"https:\/\/dudasytextos.com\/cuanto-tiempo","nextItem":{"@type":"ListItem","@id":"https:\/\/dudasytextos.com\/cuanto-tiempo\/category\/cuanto-tiempo\/#listItem","name":"\u00bfCu\u00e1nto tiempo?"}},{"@type":"ListItem","@id":"https:\/\/dudasytextos.com\/cuanto-tiempo\/category\/cuanto-tiempo\/#listItem","position":2,"name":"\u00bfCu\u00e1nto tiempo?","item":"https:\/\/dudasytextos.com\/cuanto-tiempo\/category\/cuanto-tiempo\/","nextItem":{"@type":"ListItem","@id":"https:\/\/dudasytextos.com\/cuanto-tiempo\/cuanto-tiempo-de-paro-me-corresponde\/#listItem","name":"Cu\u00e1nto tiempo de paro me corresponde"},"previousItem":{"@type":"ListItem","@id":"https:\/\/dudasytextos.com\/cuanto-tiempo#listItem","name":"Home"}},{"@type":"ListItem","@id":"https:\/\/dudasytextos.com\/cuanto-tiempo\/cuanto-tiempo-de-paro-me-corresponde\/#listItem","position":3,"name":"Cu\u00e1nto tiempo de paro me corresponde","previousItem":{"@type":"ListItem","@id":"https:\/\/dudasytextos.com\/cuanto-tiempo\/category\/cuanto-tiempo\/#listItem","name":"\u00bfCu\u00e1nto tiempo?"}}]},{"@type":"Organization","@id":"https:\/\/dudasytextos.com\/cuanto-tiempo\/#organization","name":"Recipes","description":"\u00bfCu\u00e1nto Tiempo?","url":"https:\/\/dudasytextos.com\/cuanto-tiempo\/"},{"@type":"Person","@id":"https:\/\/dudasytextos.com\/cuanto-tiempo\/author\/admin23\/#author","url":"https:\/\/dudasytextos.com\/cuanto-tiempo\/author\/admin23\/","name":"Ana Gonz\u00e1lez"},{"@type":"WebPage","@id":"https:\/\/dudasytextos.com\/cuanto-tiempo\/cuanto-tiempo-de-paro-me-corresponde\/#webpage","url":"https:\/\/dudasytextos.com\/cuanto-tiempo\/cuanto-tiempo-de-paro-me-corresponde\/","name":"Cu\u00e1nto tiempo de paro me corresponde (2026) \u00bfCu\u00e1nto Tiempo?","description":"Cuanto Tiempo De Paro Me Corresponde Escrito por Ana Gonz\u00e1lez Curiosidades e informaci\u00f3n interesante El tiempo de paro que te corresponde depende de muchos factores, como tu edad, tu situaci\u00f3n laboral, el tiempo que has trabajado, entre otros. En Espa\u00f1a, el Servicio P\u00fablico de Empleo Estatal (SEPE) es la entidad encargada de gestionar el paro","inLanguage":"es-ES","isPartOf":{"@id":"https:\/\/dudasytextos.com\/cuanto-tiempo\/#website"},"breadcrumb":{"@id":"https:\/\/dudasytextos.com\/cuanto-tiempo\/cuanto-tiempo-de-paro-me-corresponde\/#breadcrumblist"},"author":{"@id":"https:\/\/dudasytextos.com\/cuanto-tiempo\/author\/admin23\/#author"},"creator":{"@id":"https:\/\/dudasytextos.com\/cuanto-tiempo\/author\/admin23\/#author"},"datePublished":"2025-02-19T07:49:04+00:00","dateModified":"2025-03-13T04:36:37+00:00"},{"@type":"WebSite","@id":"https:\/\/dudasytextos.com\/cuanto-tiempo\/#website","url":"https:\/\/dudasytextos.com\/cuanto-tiempo\/","name":"Recipes","description":"\u00bfCu\u00e1nto Tiempo?","inLanguage":"es-ES","publisher":{"@id":"https:\/\/dudasytextos.com\/cuanto-tiempo\/#organization"}}]},"og:locale":"es_ES","og:site_name":"\u00bfCu\u00e1nto Tiempo? - \u00bfCu\u00e1nto Tiempo?","og:type":"article","og:title":"Cu\u00e1nto tiempo de paro me corresponde (2026) \u00bfCu\u00e1nto Tiempo?","og:description":"Cuanto Tiempo De Paro Me Corresponde Escrito por Ana Gonz\u00e1lez Curiosidades e informaci\u00f3n interesante El tiempo de paro que te corresponde depende de muchos factores, como tu edad, tu situaci\u00f3n laboral, el tiempo que has trabajado, entre otros. En Espa\u00f1a, el Servicio P\u00fablico de Empleo Estatal (SEPE) es la entidad encargada de gestionar el paro","og:url":"https:\/\/dudasytextos.com\/cuanto-tiempo\/cuanto-tiempo-de-paro-me-corresponde\/","article:published_time":"2025-02-19T07:49:04+00:00","article:modified_time":"2025-03-13T04:36:37+00:00","twitter:card":"summary_large_image","twitter:title":"Cu\u00e1nto tiempo de paro me corresponde (2026) \u00bfCu\u00e1nto Tiempo?","twitter:description":"Cuanto Tiempo De Paro Me Corresponde Escrito por Ana Gonz\u00e1lez Curiosidades e informaci\u00f3n interesante El tiempo de paro que te corresponde depende de muchos factores, como tu edad, tu situaci\u00f3n laboral, el tiempo que has trabajado, entre otros. En Espa\u00f1a, el Servicio P\u00fablico de Empleo Estatal (SEPE) es la entidad encargada de gestionar el paro"},"aioseo_meta_data":{"post_id":"93997","title":null,"description":null,"keywords":null,"keyphrases":null,"primary_term":null,"canonical_url":null,"og_title":null,"og_description":null,"og_object_type":"default","og_image_type":"default","og_image_url":null,"og_image_width":null,"og_image_height":null,"og_image_custom_url":null,"og_image_custom_fields":null,"og_video":null,"og_custom_url":null,"og_article_section":null,"og_article_tags":null,"twitter_use_og":false,"twitter_card":"default","twitter_image_type":"default","twitter_image_url":null,"twitter_image_custom_url":null,"twitter_image_custom_fields":null,"twitter_title":null,"twitter_description":null,"schema":{"blockGraphs":[],"customGraphs":[],"default":{"data":{"Article":[],"Course":[],"Dataset":[],"FAQPage":[],"Movie":[],"Person":[],"Product":[],"ProductReview":[],"Car":[],"Recipe":[],"Service":[],"SoftwareApplication":[],"WebPage":[]},"graphName":"","isEnabled":true},"graphs":[]},"schema_type":"default","schema_type_options":null,"pillar_content":false,"robots_default":true,"robots_noindex":false,"robots_noarchive":false,"robots_nosnippet":false,"robots_nofollow":false,"robots_noimageindex":false,"robots_noodp":false,"robots_notranslate":false,"robots_max_snippet":null,"robots_max_videopreview":null,"robots_max_imagepreview":"large","priority":null,"frequency":null,"local_seo":null,"breadcrumb_settings":null,"limit_modified_date":false,"ai":null,"created":"2023-05-05 01:25:03","updated":"2025-06-04 03:03:05","seo_analyzer_scan_date":null,"focus_keyword":null,"additional_keywords":null,"truseo_locale":null},"aioseo_breadcrumb":"<div class=\"aioseo-breadcrumbs\"><span class=\"aioseo-breadcrumb\">\n\t\t\t<a href=\"https:\/\/dudasytextos.com\/cuanto-tiempo\" title=\"Home\">Home<\/a>\n\t\t<\/span><span class=\"aioseo-breadcrumb-separator\">&raquo;<\/span><span class=\"aioseo-breadcrumb\">\n\t\t\t<a href=\"https:\/\/dudasytextos.com\/cuanto-tiempo\/category\/cuanto-tiempo\/\" title=\"\u00bfCu\u00e1nto tiempo?\">\u00bfCu\u00e1nto tiempo?<\/a>\n\t\t<\/span><span class=\"aioseo-breadcrumb-separator\">&raquo;<\/span><span class=\"aioseo-breadcrumb\">\n\t\t\tCu\u00e1nto tiempo de paro me corresponde\n\t\t<\/span><\/div>","aioseo_breadcrumb_json":[{"label":"Home","link":"https:\/\/dudasytextos.com\/cuanto-tiempo"},{"label":"\u00bfCu\u00e1nto tiempo?","link":"https:\/\/dudasytextos.com\/cuanto-tiempo\/category\/cuanto-tiempo\/"},{"label":"Cu\u00e1nto tiempo de paro me corresponde","link":"https:\/\/dudasytextos.com\/cuanto-tiempo\/cuanto-tiempo-de-paro-me-corresponde\/"}],"_links":{"self":[{"href":"https:\/\/dudasytextos.com\/cuanto-tiempo\/wp-json\/wp\/v2\/posts\/93997","targetHints":{"allow":["GET"]}}],"collection":[{"href":"https:\/\/dudasytextos.com\/cuanto-tiempo\/wp-json\/wp\/v2\/posts"}],"about":[{"href":"https:\/\/dudasytextos.com\/cuanto-tiempo\/wp-json\/wp\/v2\/types\/post"}],"author":[{"embeddable":true,"href":"https:\/\/dudasytextos.com\/cuanto-tiempo\/wp-json\/wp\/v2\/users\/1"}],"replies":[{"embeddable":true,"href":"https:\/\/dudasytextos.com\/cuanto-tiempo\/wp-json\/wp\/v2\/comments?post=93997"}],"version-history":[{"count":1,"href":"https:\/\/dudasytextos.com\/cuanto-tiempo\/wp-json\/wp\/v2\/posts\/93997\/revisions"}],"predecessor-version":[{"id":100696,"href":"https:\/\/dudasytextos.com\/cuanto-tiempo\/wp-json\/wp\/v2\/posts\/93997\/revisions\/100696"}],"wp:attachment":[{"href":"https:\/\/dudasytextos.com\/cuanto-tiempo\/wp-json\/wp\/v2\/media?parent=93997"}],"wp:term":[{"taxonomy":"category","embeddable":true,"href":"https:\/\/dudasytextos.com\/cuanto-tiempo\/wp-json\/wp\/v2\/categories?post=93997"},{"taxonomy":"post_tag","embeddable":true,"href":"https:\/\/dudasytextos.com\/cuanto-tiempo\/wp-json\/wp\/v2\/tags?post=93997"}],"curies":[{"name":"wp","href":"https:\/\/api.w.org\/{rel}","templated":true}]}}