{"id":94194,"date":"2025-02-19T02:34:22","date_gmt":"2025-02-19T02:34:22","guid":{"rendered":"https:\/\/educacion.cc\/en\/?p=94194"},"modified":"2025-03-13T07:55:41","modified_gmt":"2025-03-13T07:55:41","slug":"cuanto-tiempo-tarda-en-elevarse-el-alma","status":"publish","type":"post","link":"https:\/\/dudasytextos.com\/cuanto-tiempo\/cuanto-tiempo-tarda-en-elevarse-el-alma\/","title":{"rendered":"Cu\u00e1nto tiempo tarda en elevarse el alma"},"content":{"rendered":"<div id=\"ez-toc-container\" class=\"ez-toc-v2_0_87 counter-hierarchy ez-toc-counter ez-toc-custom ez-toc-container-direction\">\n<div class=\"ez-toc-title-container\">\n<span class=\"ez-toc-title-toggle\"><\/span><\/div>\n<nav><ul class='ez-toc-list ez-toc-list-level-1 ' ><li class='ez-toc-page-1 ez-toc-heading-level-2'><a class=\"ez-toc-link ez-toc-heading-1\" href=\"https:\/\/dudasytextos.com\/cuanto-tiempo\/cuanto-tiempo-tarda-en-elevarse-el-alma\/#Cuanto_Tiempo_Tarda_En_Elevarse_El_Alma\" >Cuanto Tiempo Tarda En Elevarse El Alma<\/a><\/li><li class='ez-toc-page-1 ez-toc-heading-level-2'><a class=\"ez-toc-link ez-toc-heading-2\" href=\"https:\/\/dudasytextos.com\/cuanto-tiempo\/cuanto-tiempo-tarda-en-elevarse-el-alma\/#Curiosidades_e_informacion_interesante_sobre_Cuanto_Tiempo_Tarda_En_Elevarse_El_Alma\" >Curiosidades e informaci\u00f3n interesante sobre Cuanto Tiempo Tarda En Elevarse El Alma<\/a><\/li><li class='ez-toc-page-1 ez-toc-heading-level-2'><a class=\"ez-toc-link ez-toc-heading-3\" href=\"https:\/\/dudasytextos.com\/cuanto-tiempo\/cuanto-tiempo-tarda-en-elevarse-el-alma\/#%C2%BFQue_es_el_alma\" >\u00bfQu\u00e9 es el alma?<\/a><\/li><li class='ez-toc-page-1 ez-toc-heading-level-2'><a class=\"ez-toc-link ez-toc-heading-4\" href=\"https:\/\/dudasytextos.com\/cuanto-tiempo\/cuanto-tiempo-tarda-en-elevarse-el-alma\/#%C2%BFCuanto_tiempo_tarda_el_alma_en_elevarse\" >\u00bfCu\u00e1nto tiempo tarda el alma en elevarse?<\/a><\/li><li class='ez-toc-page-1 ez-toc-heading-level-2'><a class=\"ez-toc-link ez-toc-heading-5\" href=\"https:\/\/dudasytextos.com\/cuanto-tiempo\/cuanto-tiempo-tarda-en-elevarse-el-alma\/#Experiencias_personales\" >Experiencias personales<\/a><\/li><li class='ez-toc-page-1 ez-toc-heading-level-2'><a class=\"ez-toc-link ez-toc-heading-6\" href=\"https:\/\/dudasytextos.com\/cuanto-tiempo\/cuanto-tiempo-tarda-en-elevarse-el-alma\/#Preguntas_frecuentes\" >Preguntas frecuentes<\/a><ul class='ez-toc-list-level-3' ><li class='ez-toc-heading-level-3'><a class=\"ez-toc-link ez-toc-heading-7\" href=\"https:\/\/dudasytextos.com\/cuanto-tiempo\/cuanto-tiempo-tarda-en-elevarse-el-alma\/#%C2%BFEs_posible_medir_el_tiempo_que_tarda_el_alma_en_elevarse\" >\u00bfEs posible medir el tiempo que tarda el alma en elevarse?<\/a><\/li><li class='ez-toc-page-1 ez-toc-heading-level-3'><a class=\"ez-toc-link ez-toc-heading-8\" href=\"https:\/\/dudasytextos.com\/cuanto-tiempo\/cuanto-tiempo-tarda-en-elevarse-el-alma\/#%C2%BFPor_que_la_pregunta_del_tiempo_que_tarda_el_alma_en_elevarse_es_importante\" >\u00bfPor qu\u00e9 la pregunta del tiempo que tarda el alma en elevarse es importante?<\/a><\/li><li class='ez-toc-page-1 ez-toc-heading-level-3'><a class=\"ez-toc-link ez-toc-heading-9\" href=\"https:\/\/dudasytextos.com\/cuanto-tiempo\/cuanto-tiempo-tarda-en-elevarse-el-alma\/#%C2%BFQue_pasa_despues_de_que_el_alma_se_eleva\" >\u00bfQu\u00e9 pasa despu\u00e9s de que el alma se eleva?<\/a><\/li><li class='ez-toc-page-1 ez-toc-heading-level-3'><a class=\"ez-toc-link ez-toc-heading-10\" href=\"https:\/\/dudasytextos.com\/cuanto-tiempo\/cuanto-tiempo-tarda-en-elevarse-el-alma\/#%C2%BFEs_necesario_tener_una_religion_para_creer_en_el_alma\" >\u00bfEs necesario tener una religi\u00f3n para creer en el alma?<\/a><\/li><\/ul><\/li><\/ul><\/nav><\/div>\n<h2><span class=\"ez-toc-section\" id=\"Cuanto_Tiempo_Tarda_En_Elevarse_El_Alma\"><\/span>Cuanto Tiempo Tarda En Elevarse El Alma<span class=\"ez-toc-section-end\"><\/span><\/h2>\n<p>Por Ana Gonz\u00e1lez<\/p>\n<section>\n<h2><span class=\"ez-toc-section\" id=\"Curiosidades_e_informacion_interesante_sobre_Cuanto_Tiempo_Tarda_En_Elevarse_El_Alma\"><\/span>Curiosidades e informaci\u00f3n interesante sobre Cuanto Tiempo Tarda En Elevarse El Alma<span class=\"ez-toc-section-end\"><\/span><\/h2>\n<ul>\n<li>El <a href=\"https:\/\/dudasytextos.com\/cuanto-tiempo\/500-metros-andando-cuanto-tiempo-es\/\">tiempo<\/a> que tarda el alma en elevarse es una pregunta que ha sido objeto de debate y reflexi\u00f3n durante siglos, en diferentes culturas y religiones.<\/li>\n<li>Seg\u00fan la tradici\u00f3n budista, el alma se eleva en un per\u00edodo de 49 d\u00edas despu\u00e9s de la muerte.<\/li>\n<li>En la religi\u00f3n cristiana, se cree que el alma se eleva inmediatamente despu\u00e9s de la muerte y que es juzgada por Dios.<\/li>\n<li>Algunas personas creen que el tiempo que tarda el alma en elevarse depende de la calidad de <a href=\"https:\/\/dudasytextos.com\/cuanto-tiempo\/cuanto-tiempo-de-vida-le-queda-a-mrbeast\/\">vida<\/a> que llev\u00f3 la persona, mientras que otras creen que es un proceso m\u00e1s all\u00e1 de nuestro control.<\/li>\n<\/ul>\n<\/section>\n<section>\n<h2><span class=\"ez-toc-section\" id=\"%C2%BFQue_es_el_alma\"><\/span>\u00bfQu\u00e9 es el alma?<span class=\"ez-toc-section-end\"><\/span><\/h2>\n<p>Antes de abordar la pregunta del tiempo que tarda el alma en elevarse, es importante entender qu\u00e9 es el alma. En diferentes culturas y religiones, el alma se ha definido de diferentes maneras, pero en general se refiere a la parte inmortal de un ser humano, que trasciende la muerte del cuerpo f\u00edsico.<\/p>\n<p>El alma se ha asociado con la conciencia, la percepci\u00f3n, la emoci\u00f3n y la voluntad, y se cree que es la fuente de la vida espiritual.<\/p>\n<p>Algunas personas creen que el alma es eterna y que exist\u00eda antes del nacimiento y seguir\u00e1 existiendo despu\u00e9s de la muerte del cuerpo, mientras que otras creen que el alma se crea y se destruye con el cuerpo.<\/p>\n<\/section>\n<section>\n<h2><span class=\"ez-toc-section\" id=\"%C2%BFCuanto_tiempo_tarda_el_alma_en_elevarse\"><\/span>\u00bfCu\u00e1nto tiempo tarda el alma en elevarse?<span class=\"ez-toc-section-end\"><\/span><\/h2>\n<p>La respuesta a esta pregunta es compleja y depende de la perspectiva cultural y religiosa que se adopte.<\/p>\n<p>En la tradici\u00f3n budista, se cree que el alma se eleva en un per\u00edodo de 49 d\u00edas despu\u00e9s de la muerte. Durante este per\u00edodo, el alma experimenta diferentes niveles de conciencia y se somete a un proceso de purificaci\u00f3n antes de alcanzar la iluminaci\u00f3n.<\/p>\n<p>En la religi\u00f3n cristiana, se cree que el alma se eleva inmediatamente despu\u00e9s de la muerte y que es juzgada por Dios. Dependiendo de la calidad de vida que llev\u00f3 la persona, el alma puede ir al cielo, al purgatorio o al infierno.<\/p>\n<p>Algunas personas creen que el tiempo que tarda el alma en elevarse depende de la calidad de vida que llev\u00f3 la persona, mientras que otras creen que es un proceso m\u00e1s all\u00e1 de nuestro control.<\/p>\n<p>En \u00faltima instancia, la respuesta a esta pregunta es un misterio que puede ser objeto de reflexi\u00f3n personal y espiritual.<\/p>\n<\/section>\n<section>\n<h2><span class=\"ez-toc-section\" id=\"Experiencias_personales\"><\/span>Experiencias personales<span class=\"ez-toc-section-end\"><\/span><\/h2>\n<p>En mi experiencia personal, he encontrado que el tiempo que tarda el alma en elevarse es algo que no se puede medir de manera objetiva. Lo que s\u00ed puedo decir es que la muerte de un ser querido puede ser una oportunidad para reflexionar sobre la vida y la muerte, y para conectarse con la espiritualidad.<\/p>\n<p>Hace unos a\u00f1os, perd\u00ed a mi abuela, una persona muy especial para m\u00ed. Aunque su muerte me caus\u00f3 un gran dolor, tambi\u00e9n me hizo reflexionar sobre la belleza y la fragilidad de la vida, y me llev\u00f3 a buscar una mayor conexi\u00f3n con mi propia espiritualidad.<\/p>\n<p>En lugar de enfocarme en el tiempo que tard\u00f3 su alma en elevarse, me concentr\u00e9 en celebrar su vida y su legado, y en encontrar consuelo en la idea de que su alma hab\u00eda encontrado la paz y la felicidad que merec\u00eda.<\/p>\n<\/section>\n<section>\n<h2><span class=\"ez-toc-section\" id=\"Preguntas_frecuentes\"><\/span>Preguntas frecuentes<span class=\"ez-toc-section-end\"><\/span><\/h2>\n<h3><span class=\"ez-toc-section\" id=\"%C2%BFEs_posible_medir_el_tiempo_que_tarda_el_alma_en_elevarse\"><\/span>\u00bfEs posible medir el tiempo que tarda el alma en elevarse?<span class=\"ez-toc-section-end\"><\/span><\/h3>\n<p>No, el tiempo que tarda el alma en elevarse es un misterio que no se puede medir de manera objetiva.<\/p>\n<h3><span class=\"ez-toc-section\" id=\"%C2%BFPor_que_la_pregunta_del_tiempo_que_tarda_el_alma_en_elevarse_es_importante\"><\/span>\u00bfPor qu\u00e9 la pregunta del tiempo que tarda el alma en elevarse es importante?<span class=\"ez-toc-section-end\"><\/span><\/h3>\n<p>La pregunta del tiempo que tarda el alma en elevarse es importante porque puede ser una fuente de consuelo y reflexi\u00f3n para las personas que han perdido a un ser querido. Adem\u00e1s, puede ser una motivaci\u00f3n para buscar una mayor conexi\u00f3n con la espiritualidad y la trascendencia.<\/p>\n<h3><span class=\"ez-toc-section\" id=\"%C2%BFQue_pasa_despues_de_que_el_alma_se_eleva\"><\/span>\u00bfQu\u00e9 pasa despu\u00e9s de que el alma se eleva?<span class=\"ez-toc-section-end\"><\/span><\/h3>\n<p>La respuesta a esta pregunta depende de la perspectiva cultural y religiosa que se adopte. En general, se cree que el alma alcanza un estado de paz y felicidad, y que puede ser reencarnada en otra forma de vida o unirse a una entidad divina.<\/p>\n<h3><span class=\"ez-toc-section\" id=\"%C2%BFEs_necesario_tener_una_religion_para_creer_en_el_alma\"><\/span>\u00bfEs necesario tener una religi\u00f3n para creer en el alma?<span class=\"ez-toc-section-end\"><\/span><\/h3>\n<p>No, no es necesario tener una religi\u00f3n para creer en el alma. Muchas personas encuentran consuelo y significado en la idea de que hay una parte inmortal de ellas que trasciende la muerte del cuerpo f\u00edsico.<\/p>\n<\/section>\n","protected":false},"excerpt":{"rendered":"<p>Cuanto Tiempo Tarda En Elevarse El Alma Por Ana Gonz\u00e1lez Curiosidades e informaci\u00f3n interesante sobre Cuanto Tiempo Tarda En Elevarse El Alma El tiempo que tarda el alma en elevarse es una pregunta que ha sido objeto de debate y reflexi\u00f3n durante siglos, en diferentes culturas y religiones. Seg\u00fan la tradici\u00f3n budista, el alma se &#8230; <a title=\"Cu\u00e1nto tiempo tarda en elevarse el alma\" class=\"read-more\" href=\"https:\/\/dudasytextos.com\/cuanto-tiempo\/cuanto-tiempo-tarda-en-elevarse-el-alma\/\" aria-label=\"M\u00e1s en Cu\u00e1nto tiempo tarda en elevarse el alma\">Leer m\u00e1s<\/a><\/p>\n","protected":false},"author":1,"featured_media":0,"comment_status":"open","ping_status":"open","sticky":false,"template":"","format":"standard","meta":{"footnotes":""},"categories":[3],"tags":[],"class_list":["post-94194","post","type-post","status-publish","format-standard","hentry","category-cuanto-tiempo"],"aioseo_notices":[],"aioseo_head":"\n\t\t<!-- All in One SEO 5.0.1.1 - aioseo.com -->\n\t<meta name=\"description\" content=\"Cuanto Tiempo Tarda En Elevarse El Alma Por Ana Gonz\u00e1lez Curiosidades e informaci\u00f3n interesante sobre Cuanto Tiempo Tarda En Elevarse El Alma El tiempo que tarda el alma en elevarse es una pregunta que ha sido objeto de debate y reflexi\u00f3n durante siglos, en diferentes culturas y religiones. Seg\u00fan la tradici\u00f3n budista, el alma se\" \/>\n\t<meta name=\"robots\" content=\"max-snippet:-1, max-image-preview:large, max-video-preview:-1\" \/>\n\t<meta name=\"author\" content=\"Ana Gonz\u00e1lez\"\/>\n\t<link rel=\"canonical\" href=\"https:\/\/dudasytextos.com\/cuanto-tiempo\/cuanto-tiempo-tarda-en-elevarse-el-alma\/\" \/>\n\t<meta name=\"generator\" content=\"All in One SEO (AIOSEO) 5.0.1.1\" \/>\n\n\t\t<!-- Google tag (gtag.js) -->\n<script async src=\"https:\/\/www.googletagmanager.com\/gtag\/js?id=G-YPSGVRV7JJ\"><\/script>\n<script>\n  window.dataLayer = window.dataLayer || [];\n  function gtag(){dataLayer.push(arguments);}\n  gtag('js', new Date());\n\n  gtag('config', 'G-YPSGVRV7JJ');\n<\/script>\n<script async src=\"https:\/\/pagead2.googlesyndication.com\/pagead\/js\/adsbygoogle.js?client=ca-pub-3987500858204711\"\n     crossorigin=\"anonymous\"><\/script>\n\t\t<meta property=\"og:locale\" content=\"es_ES\" \/>\n\t\t<meta property=\"og:site_name\" content=\"\u00bfCu\u00e1nto Tiempo? - \u00bfCu\u00e1nto Tiempo?\" \/>\n\t\t<meta property=\"og:type\" content=\"article\" \/>\n\t\t<meta property=\"og:title\" content=\"Cu\u00e1nto tiempo tarda en elevarse el alma (2026) \u00bfCu\u00e1nto Tiempo?\" \/>\n\t\t<meta property=\"og:description\" content=\"Cuanto Tiempo Tarda En Elevarse El Alma Por Ana Gonz\u00e1lez Curiosidades e informaci\u00f3n interesante sobre Cuanto Tiempo Tarda En Elevarse El Alma El tiempo que tarda el alma en elevarse es una pregunta que ha sido objeto de debate y reflexi\u00f3n durante siglos, en diferentes culturas y religiones. Seg\u00fan la tradici\u00f3n budista, el alma se\" \/>\n\t\t<meta property=\"og:url\" content=\"https:\/\/dudasytextos.com\/cuanto-tiempo\/cuanto-tiempo-tarda-en-elevarse-el-alma\/\" \/>\n\t\t<meta property=\"article:published_time\" content=\"2025-02-19T02:34:22+00:00\" \/>\n\t\t<meta property=\"article:modified_time\" content=\"2025-03-13T07:55:41+00:00\" \/>\n\t\t<meta name=\"twitter:card\" content=\"summary_large_image\" \/>\n\t\t<meta name=\"twitter:title\" content=\"Cu\u00e1nto tiempo tarda en elevarse el alma (2026) \u00bfCu\u00e1nto Tiempo?\" \/>\n\t\t<meta name=\"twitter:description\" content=\"Cuanto Tiempo Tarda En Elevarse El Alma Por Ana Gonz\u00e1lez Curiosidades e informaci\u00f3n interesante sobre Cuanto Tiempo Tarda En Elevarse El Alma El tiempo que tarda el alma en elevarse es una pregunta que ha sido objeto de debate y reflexi\u00f3n durante siglos, en diferentes culturas y religiones. Seg\u00fan la tradici\u00f3n budista, el alma se\" \/>\n\t\t<script type=\"application\/ld+json\" class=\"aioseo-schema\">\n\t\t\t{\"@context\":\"https:\\\/\\\/schema.org\",\"@graph\":[{\"@type\":\"BlogPosting\",\"@id\":\"https:\\\/\\\/dudasytextos.com\\\/cuanto-tiempo\\\/cuanto-tiempo-tarda-en-elevarse-el-alma\\\/#blogposting\",\"name\":\"Cu\\u00e1nto tiempo tarda en elevarse el alma (2026) \\u00bfCu\\u00e1nto Tiempo?\",\"headline\":\"Cu\\u00e1nto tiempo tarda en elevarse el alma\",\"author\":{\"@id\":\"https:\\\/\\\/dudasytextos.com\\\/cuanto-tiempo\\\/author\\\/admin23\\\/#author\"},\"publisher\":{\"@id\":\"https:\\\/\\\/dudasytextos.com\\\/cuanto-tiempo\\\/#organization\"},\"datePublished\":\"2025-02-19T02:34:22+00:00\",\"dateModified\":\"2025-03-13T07:55:41+00:00\",\"inLanguage\":\"es-ES\",\"mainEntityOfPage\":{\"@id\":\"https:\\\/\\\/dudasytextos.com\\\/cuanto-tiempo\\\/cuanto-tiempo-tarda-en-elevarse-el-alma\\\/#webpage\"},\"isPartOf\":{\"@id\":\"https:\\\/\\\/dudasytextos.com\\\/cuanto-tiempo\\\/cuanto-tiempo-tarda-en-elevarse-el-alma\\\/#webpage\"},\"articleSection\":\"\\u00bfCu\\u00e1nto tiempo?\"},{\"@type\":\"BreadcrumbList\",\"@id\":\"https:\\\/\\\/dudasytextos.com\\\/cuanto-tiempo\\\/cuanto-tiempo-tarda-en-elevarse-el-alma\\\/#breadcrumblist\",\"itemListElement\":[{\"@type\":\"ListItem\",\"@id\":\"https:\\\/\\\/dudasytextos.com\\\/cuanto-tiempo#listItem\",\"position\":1,\"name\":\"Home\",\"item\":\"https:\\\/\\\/dudasytextos.com\\\/cuanto-tiempo\",\"nextItem\":{\"@type\":\"ListItem\",\"@id\":\"https:\\\/\\\/dudasytextos.com\\\/cuanto-tiempo\\\/category\\\/cuanto-tiempo\\\/#listItem\",\"name\":\"\\u00bfCu\\u00e1nto tiempo?\"}},{\"@type\":\"ListItem\",\"@id\":\"https:\\\/\\\/dudasytextos.com\\\/cuanto-tiempo\\\/category\\\/cuanto-tiempo\\\/#listItem\",\"position\":2,\"name\":\"\\u00bfCu\\u00e1nto tiempo?\",\"item\":\"https:\\\/\\\/dudasytextos.com\\\/cuanto-tiempo\\\/category\\\/cuanto-tiempo\\\/\",\"nextItem\":{\"@type\":\"ListItem\",\"@id\":\"https:\\\/\\\/dudasytextos.com\\\/cuanto-tiempo\\\/cuanto-tiempo-tarda-en-elevarse-el-alma\\\/#listItem\",\"name\":\"Cu\\u00e1nto tiempo tarda en elevarse el alma\"},\"previousItem\":{\"@type\":\"ListItem\",\"@id\":\"https:\\\/\\\/dudasytextos.com\\\/cuanto-tiempo#listItem\",\"name\":\"Home\"}},{\"@type\":\"ListItem\",\"@id\":\"https:\\\/\\\/dudasytextos.com\\\/cuanto-tiempo\\\/cuanto-tiempo-tarda-en-elevarse-el-alma\\\/#listItem\",\"position\":3,\"name\":\"Cu\\u00e1nto tiempo tarda en elevarse el alma\",\"previousItem\":{\"@type\":\"ListItem\",\"@id\":\"https:\\\/\\\/dudasytextos.com\\\/cuanto-tiempo\\\/category\\\/cuanto-tiempo\\\/#listItem\",\"name\":\"\\u00bfCu\\u00e1nto tiempo?\"}}]},{\"@type\":\"Organization\",\"@id\":\"https:\\\/\\\/dudasytextos.com\\\/cuanto-tiempo\\\/#organization\",\"name\":\"Recipes\",\"description\":\"\\u00bfCu\\u00e1nto Tiempo?\",\"url\":\"https:\\\/\\\/dudasytextos.com\\\/cuanto-tiempo\\\/\"},{\"@type\":\"Person\",\"@id\":\"https:\\\/\\\/dudasytextos.com\\\/cuanto-tiempo\\\/author\\\/admin23\\\/#author\",\"url\":\"https:\\\/\\\/dudasytextos.com\\\/cuanto-tiempo\\\/author\\\/admin23\\\/\",\"name\":\"Ana Gonz\\u00e1lez\"},{\"@type\":\"WebPage\",\"@id\":\"https:\\\/\\\/dudasytextos.com\\\/cuanto-tiempo\\\/cuanto-tiempo-tarda-en-elevarse-el-alma\\\/#webpage\",\"url\":\"https:\\\/\\\/dudasytextos.com\\\/cuanto-tiempo\\\/cuanto-tiempo-tarda-en-elevarse-el-alma\\\/\",\"name\":\"Cu\\u00e1nto tiempo tarda en elevarse el alma (2026) \\u00bfCu\\u00e1nto Tiempo?\",\"description\":\"Cuanto Tiempo Tarda En Elevarse El Alma Por Ana Gonz\\u00e1lez Curiosidades e informaci\\u00f3n interesante sobre Cuanto Tiempo Tarda En Elevarse El Alma El tiempo que tarda el alma en elevarse es una pregunta que ha sido objeto de debate y reflexi\\u00f3n durante siglos, en diferentes culturas y religiones. Seg\\u00fan la tradici\\u00f3n budista, el alma se\",\"inLanguage\":\"es-ES\",\"isPartOf\":{\"@id\":\"https:\\\/\\\/dudasytextos.com\\\/cuanto-tiempo\\\/#website\"},\"breadcrumb\":{\"@id\":\"https:\\\/\\\/dudasytextos.com\\\/cuanto-tiempo\\\/cuanto-tiempo-tarda-en-elevarse-el-alma\\\/#breadcrumblist\"},\"author\":{\"@id\":\"https:\\\/\\\/dudasytextos.com\\\/cuanto-tiempo\\\/author\\\/admin23\\\/#author\"},\"creator\":{\"@id\":\"https:\\\/\\\/dudasytextos.com\\\/cuanto-tiempo\\\/author\\\/admin23\\\/#author\"},\"datePublished\":\"2025-02-19T02:34:22+00:00\",\"dateModified\":\"2025-03-13T07:55:41+00:00\"},{\"@type\":\"WebSite\",\"@id\":\"https:\\\/\\\/dudasytextos.com\\\/cuanto-tiempo\\\/#website\",\"url\":\"https:\\\/\\\/dudasytextos.com\\\/cuanto-tiempo\\\/\",\"name\":\"Recipes\",\"description\":\"\\u00bfCu\\u00e1nto Tiempo?\",\"inLanguage\":\"es-ES\",\"publisher\":{\"@id\":\"https:\\\/\\\/dudasytextos.com\\\/cuanto-tiempo\\\/#organization\"}}]}\n\t\t<\/script>\n\t\t<!-- All in One SEO -->\n\n","aioseo_head_json":{"title":"Cu\u00e1nto tiempo tarda en elevarse el alma (2026) \u00bfCu\u00e1nto Tiempo?","description":"Cuanto Tiempo Tarda En Elevarse El Alma Por Ana Gonz\u00e1lez Curiosidades e informaci\u00f3n interesante sobre Cuanto Tiempo Tarda En Elevarse El Alma El tiempo que tarda el alma en elevarse es una pregunta que ha sido objeto de debate y reflexi\u00f3n durante siglos, en diferentes culturas y religiones. Seg\u00fan la tradici\u00f3n budista, el alma se","canonical_url":"https:\/\/dudasytextos.com\/cuanto-tiempo\/cuanto-tiempo-tarda-en-elevarse-el-alma\/","robots":"max-snippet:-1, max-image-preview:large, max-video-preview:-1","keywords":"","webmasterTools":{"miscellaneous":"&lt;!-- Google tag (gtag.js) --&gt;\n&lt;script async src=\"https:\/\/www.googletagmanager.com\/gtag\/js?id=G-YPSGVRV7JJ\"&gt;&lt;\/script&gt;\n&lt;script&gt;\n  window.dataLayer = window.dataLayer || [];\n  function gtag(){dataLayer.push(arguments);}\n  gtag('js', new Date());\n\n  gtag('config', 'G-YPSGVRV7JJ');\n&lt;\/script&gt;\n&lt;script async src=\"https:\/\/pagead2.googlesyndication.com\/pagead\/js\/adsbygoogle.js?client=ca-pub-3987500858204711\"\n     crossorigin=\"anonymous\"&gt;&lt;\/script&gt;"},"schema":{"@context":"https:\/\/schema.org","@graph":[{"@type":"BlogPosting","@id":"https:\/\/dudasytextos.com\/cuanto-tiempo\/cuanto-tiempo-tarda-en-elevarse-el-alma\/#blogposting","name":"Cu\u00e1nto tiempo tarda en elevarse el alma (2026) \u00bfCu\u00e1nto Tiempo?","headline":"Cu\u00e1nto tiempo tarda en elevarse el alma","author":{"@id":"https:\/\/dudasytextos.com\/cuanto-tiempo\/author\/admin23\/#author"},"publisher":{"@id":"https:\/\/dudasytextos.com\/cuanto-tiempo\/#organization"},"datePublished":"2025-02-19T02:34:22+00:00","dateModified":"2025-03-13T07:55:41+00:00","inLanguage":"es-ES","mainEntityOfPage":{"@id":"https:\/\/dudasytextos.com\/cuanto-tiempo\/cuanto-tiempo-tarda-en-elevarse-el-alma\/#webpage"},"isPartOf":{"@id":"https:\/\/dudasytextos.com\/cuanto-tiempo\/cuanto-tiempo-tarda-en-elevarse-el-alma\/#webpage"},"articleSection":"\u00bfCu\u00e1nto tiempo?"},{"@type":"BreadcrumbList","@id":"https:\/\/dudasytextos.com\/cuanto-tiempo\/cuanto-tiempo-tarda-en-elevarse-el-alma\/#breadcrumblist","itemListElement":[{"@type":"ListItem","@id":"https:\/\/dudasytextos.com\/cuanto-tiempo#listItem","position":1,"name":"Home","item":"https:\/\/dudasytextos.com\/cuanto-tiempo","nextItem":{"@type":"ListItem","@id":"https:\/\/dudasytextos.com\/cuanto-tiempo\/category\/cuanto-tiempo\/#listItem","name":"\u00bfCu\u00e1nto tiempo?"}},{"@type":"ListItem","@id":"https:\/\/dudasytextos.com\/cuanto-tiempo\/category\/cuanto-tiempo\/#listItem","position":2,"name":"\u00bfCu\u00e1nto tiempo?","item":"https:\/\/dudasytextos.com\/cuanto-tiempo\/category\/cuanto-tiempo\/","nextItem":{"@type":"ListItem","@id":"https:\/\/dudasytextos.com\/cuanto-tiempo\/cuanto-tiempo-tarda-en-elevarse-el-alma\/#listItem","name":"Cu\u00e1nto tiempo tarda en elevarse el alma"},"previousItem":{"@type":"ListItem","@id":"https:\/\/dudasytextos.com\/cuanto-tiempo#listItem","name":"Home"}},{"@type":"ListItem","@id":"https:\/\/dudasytextos.com\/cuanto-tiempo\/cuanto-tiempo-tarda-en-elevarse-el-alma\/#listItem","position":3,"name":"Cu\u00e1nto tiempo tarda en elevarse el alma","previousItem":{"@type":"ListItem","@id":"https:\/\/dudasytextos.com\/cuanto-tiempo\/category\/cuanto-tiempo\/#listItem","name":"\u00bfCu\u00e1nto tiempo?"}}]},{"@type":"Organization","@id":"https:\/\/dudasytextos.com\/cuanto-tiempo\/#organization","name":"Recipes","description":"\u00bfCu\u00e1nto Tiempo?","url":"https:\/\/dudasytextos.com\/cuanto-tiempo\/"},{"@type":"Person","@id":"https:\/\/dudasytextos.com\/cuanto-tiempo\/author\/admin23\/#author","url":"https:\/\/dudasytextos.com\/cuanto-tiempo\/author\/admin23\/","name":"Ana Gonz\u00e1lez"},{"@type":"WebPage","@id":"https:\/\/dudasytextos.com\/cuanto-tiempo\/cuanto-tiempo-tarda-en-elevarse-el-alma\/#webpage","url":"https:\/\/dudasytextos.com\/cuanto-tiempo\/cuanto-tiempo-tarda-en-elevarse-el-alma\/","name":"Cu\u00e1nto tiempo tarda en elevarse el alma (2026) \u00bfCu\u00e1nto Tiempo?","description":"Cuanto Tiempo Tarda En Elevarse El Alma Por Ana Gonz\u00e1lez Curiosidades e informaci\u00f3n interesante sobre Cuanto Tiempo Tarda En Elevarse El Alma El tiempo que tarda el alma en elevarse es una pregunta que ha sido objeto de debate y reflexi\u00f3n durante siglos, en diferentes culturas y religiones. Seg\u00fan la tradici\u00f3n budista, el alma se","inLanguage":"es-ES","isPartOf":{"@id":"https:\/\/dudasytextos.com\/cuanto-tiempo\/#website"},"breadcrumb":{"@id":"https:\/\/dudasytextos.com\/cuanto-tiempo\/cuanto-tiempo-tarda-en-elevarse-el-alma\/#breadcrumblist"},"author":{"@id":"https:\/\/dudasytextos.com\/cuanto-tiempo\/author\/admin23\/#author"},"creator":{"@id":"https:\/\/dudasytextos.com\/cuanto-tiempo\/author\/admin23\/#author"},"datePublished":"2025-02-19T02:34:22+00:00","dateModified":"2025-03-13T07:55:41+00:00"},{"@type":"WebSite","@id":"https:\/\/dudasytextos.com\/cuanto-tiempo\/#website","url":"https:\/\/dudasytextos.com\/cuanto-tiempo\/","name":"Recipes","description":"\u00bfCu\u00e1nto Tiempo?","inLanguage":"es-ES","publisher":{"@id":"https:\/\/dudasytextos.com\/cuanto-tiempo\/#organization"}}]},"og:locale":"es_ES","og:site_name":"\u00bfCu\u00e1nto Tiempo? - \u00bfCu\u00e1nto Tiempo?","og:type":"article","og:title":"Cu\u00e1nto tiempo tarda en elevarse el alma (2026) \u00bfCu\u00e1nto Tiempo?","og:description":"Cuanto Tiempo Tarda En Elevarse El Alma Por Ana Gonz\u00e1lez Curiosidades e informaci\u00f3n interesante sobre Cuanto Tiempo Tarda En Elevarse El Alma El tiempo que tarda el alma en elevarse es una pregunta que ha sido objeto de debate y reflexi\u00f3n durante siglos, en diferentes culturas y religiones. Seg\u00fan la tradici\u00f3n budista, el alma se","og:url":"https:\/\/dudasytextos.com\/cuanto-tiempo\/cuanto-tiempo-tarda-en-elevarse-el-alma\/","article:published_time":"2025-02-19T02:34:22+00:00","article:modified_time":"2025-03-13T07:55:41+00:00","twitter:card":"summary_large_image","twitter:title":"Cu\u00e1nto tiempo tarda en elevarse el alma (2026) \u00bfCu\u00e1nto Tiempo?","twitter:description":"Cuanto Tiempo Tarda En Elevarse El Alma Por Ana Gonz\u00e1lez Curiosidades e informaci\u00f3n interesante sobre Cuanto Tiempo Tarda En Elevarse El Alma El tiempo que tarda el alma en elevarse es una pregunta que ha sido objeto de debate y reflexi\u00f3n durante siglos, en diferentes culturas y religiones. Seg\u00fan la tradici\u00f3n budista, el alma se"},"aioseo_meta_data":{"post_id":"94194","title":null,"description":null,"keywords":null,"keyphrases":null,"primary_term":null,"canonical_url":null,"og_title":null,"og_description":null,"og_object_type":"default","og_image_type":"default","og_image_url":null,"og_image_width":null,"og_image_height":null,"og_image_custom_url":null,"og_image_custom_fields":null,"og_video":null,"og_custom_url":null,"og_article_section":null,"og_article_tags":null,"twitter_use_og":false,"twitter_card":"default","twitter_image_type":"default","twitter_image_url":null,"twitter_image_custom_url":null,"twitter_image_custom_fields":null,"twitter_title":null,"twitter_description":null,"schema":{"blockGraphs":[],"customGraphs":[],"default":{"data":{"Article":[],"Course":[],"Dataset":[],"FAQPage":[],"Movie":[],"Person":[],"Product":[],"ProductReview":[],"Car":[],"Recipe":[],"Service":[],"SoftwareApplication":[],"WebPage":[]},"graphName":"","isEnabled":true},"graphs":[]},"schema_type":"default","schema_type_options":null,"pillar_content":false,"robots_default":true,"robots_noindex":false,"robots_noarchive":false,"robots_nosnippet":false,"robots_nofollow":false,"robots_noimageindex":false,"robots_noodp":false,"robots_notranslate":false,"robots_max_snippet":null,"robots_max_videopreview":null,"robots_max_imagepreview":"large","priority":null,"frequency":null,"local_seo":null,"breadcrumb_settings":null,"limit_modified_date":false,"ai":null,"created":"2023-05-05 01:05:01","updated":"2025-06-04 02:54:08","seo_analyzer_scan_date":null,"focus_keyword":null,"additional_keywords":null,"truseo_locale":null},"aioseo_breadcrumb":"<div class=\"aioseo-breadcrumbs\"><span class=\"aioseo-breadcrumb\">\n\t\t\t<a href=\"https:\/\/dudasytextos.com\/cuanto-tiempo\" title=\"Home\">Home<\/a>\n\t\t<\/span><span class=\"aioseo-breadcrumb-separator\">&raquo;<\/span><span class=\"aioseo-breadcrumb\">\n\t\t\t<a href=\"https:\/\/dudasytextos.com\/cuanto-tiempo\/category\/cuanto-tiempo\/\" title=\"\u00bfCu\u00e1nto tiempo?\">\u00bfCu\u00e1nto tiempo?<\/a>\n\t\t<\/span><span class=\"aioseo-breadcrumb-separator\">&raquo;<\/span><span class=\"aioseo-breadcrumb\">\n\t\t\tCu\u00e1nto tiempo tarda en elevarse el alma\n\t\t<\/span><\/div>","aioseo_breadcrumb_json":[{"label":"Home","link":"https:\/\/dudasytextos.com\/cuanto-tiempo"},{"label":"\u00bfCu\u00e1nto tiempo?","link":"https:\/\/dudasytextos.com\/cuanto-tiempo\/category\/cuanto-tiempo\/"},{"label":"Cu\u00e1nto tiempo tarda en elevarse el alma","link":"https:\/\/dudasytextos.com\/cuanto-tiempo\/cuanto-tiempo-tarda-en-elevarse-el-alma\/"}],"_links":{"self":[{"href":"https:\/\/dudasytextos.com\/cuanto-tiempo\/wp-json\/wp\/v2\/posts\/94194","targetHints":{"allow":["GET"]}}],"collection":[{"href":"https:\/\/dudasytextos.com\/cuanto-tiempo\/wp-json\/wp\/v2\/posts"}],"about":[{"href":"https:\/\/dudasytextos.com\/cuanto-tiempo\/wp-json\/wp\/v2\/types\/post"}],"author":[{"embeddable":true,"href":"https:\/\/dudasytextos.com\/cuanto-tiempo\/wp-json\/wp\/v2\/users\/1"}],"replies":[{"embeddable":true,"href":"https:\/\/dudasytextos.com\/cuanto-tiempo\/wp-json\/wp\/v2\/comments?post=94194"}],"version-history":[{"count":1,"href":"https:\/\/dudasytextos.com\/cuanto-tiempo\/wp-json\/wp\/v2\/posts\/94194\/revisions"}],"predecessor-version":[{"id":100499,"href":"https:\/\/dudasytextos.com\/cuanto-tiempo\/wp-json\/wp\/v2\/posts\/94194\/revisions\/100499"}],"wp:attachment":[{"href":"https:\/\/dudasytextos.com\/cuanto-tiempo\/wp-json\/wp\/v2\/media?parent=94194"}],"wp:term":[{"taxonomy":"category","embeddable":true,"href":"https:\/\/dudasytextos.com\/cuanto-tiempo\/wp-json\/wp\/v2\/categories?post=94194"},{"taxonomy":"post_tag","embeddable":true,"href":"https:\/\/dudasytextos.com\/cuanto-tiempo\/wp-json\/wp\/v2\/tags?post=94194"}],"curies":[{"name":"wp","href":"https:\/\/api.w.org\/{rel}","templated":true}]}}