{"id":94323,"date":"2025-02-20T02:47:28","date_gmt":"2025-02-20T02:47:28","guid":{"rendered":"https:\/\/educacion.cc\/en\/?p=94323"},"modified":"2025-03-13T00:26:21","modified_gmt":"2025-03-13T00:26:21","slug":"cuanto-tiempo-tienes-para-solicitar-el-paro","status":"publish","type":"post","link":"https:\/\/dudasytextos.com\/cuanto-tiempo\/cuanto-tiempo-tienes-para-solicitar-el-paro\/","title":{"rendered":"Cu\u00e1nto tiempo tienes para solicitar el paro"},"content":{"rendered":"<div id=\"ez-toc-container\" class=\"ez-toc-v2_0_87 counter-hierarchy ez-toc-counter ez-toc-custom ez-toc-container-direction\">\n<div class=\"ez-toc-title-container\">\n<span class=\"ez-toc-title-toggle\"><\/span><\/div>\n<nav><ul class='ez-toc-list ez-toc-list-level-1 ' ><li class='ez-toc-page-1 ez-toc-heading-level-2'><a class=\"ez-toc-link ez-toc-heading-1\" href=\"https:\/\/dudasytextos.com\/cuanto-tiempo\/cuanto-tiempo-tienes-para-solicitar-el-paro\/#Cuanto_tiempo_tienes_para_solicitar_el_paro\" >Cu\u00e1nto tiempo tienes para solicitar el paro<\/a><\/li><li class='ez-toc-page-1 ez-toc-heading-level-2'><a class=\"ez-toc-link ez-toc-heading-2\" href=\"https:\/\/dudasytextos.com\/cuanto-tiempo\/cuanto-tiempo-tienes-para-solicitar-el-paro\/#Curiosidades_y_hechos_principales\" >Curiosidades y hechos principales<\/a><\/li><li class='ez-toc-page-1 ez-toc-heading-level-2'><a class=\"ez-toc-link ez-toc-heading-3\" href=\"https:\/\/dudasytextos.com\/cuanto-tiempo\/cuanto-tiempo-tienes-para-solicitar-el-paro\/#Mi_experiencia_personal\" >Mi experiencia personal<\/a><\/li><li class='ez-toc-page-1 ez-toc-heading-level-2'><a class=\"ez-toc-link ez-toc-heading-4\" href=\"https:\/\/dudasytextos.com\/cuanto-tiempo\/cuanto-tiempo-tienes-para-solicitar-el-paro\/#Analisis_de_datos\" >An\u00e1lisis de datos<\/a><\/li><li class='ez-toc-page-1 ez-toc-heading-level-2'><a class=\"ez-toc-link ez-toc-heading-5\" href=\"https:\/\/dudasytextos.com\/cuanto-tiempo\/cuanto-tiempo-tienes-para-solicitar-el-paro\/#Opinion_de_expertos\" >Opini\u00f3n de expertos<\/a><\/li><li class='ez-toc-page-1 ez-toc-heading-level-2'><a class=\"ez-toc-link ez-toc-heading-6\" href=\"https:\/\/dudasytextos.com\/cuanto-tiempo\/cuanto-tiempo-tienes-para-solicitar-el-paro\/#Preguntas_frecuentes\" >Preguntas frecuentes<\/a><\/li><\/ul><\/nav><\/div>\n<h2><span class=\"ez-toc-section\" id=\"Cuanto_tiempo_tienes_para_solicitar_el_paro\"><\/span>Cu\u00e1nto tiempo tienes para solicitar el paro<span class=\"ez-toc-section-end\"><\/span><\/h2>\n<section>\n<h2><span class=\"ez-toc-section\" id=\"Curiosidades_y_hechos_principales\"><\/span>Curiosidades y hechos principales<span class=\"ez-toc-section-end\"><\/span><\/h2>\n<ul>\n<li>\u00bfSab\u00edas que el plazo para solicitar el paro es de 15 d\u00edas h\u00e1biles?<\/li>\n<li>Si no se cumple con el plazo, se pierde el derecho a recibir la prestaci\u00f3n por desempleo<\/li>\n<li>El plazo se cuenta a partir del \u00faltimo d\u00eda trabajado<\/li>\n<li>Es posible solicitar el paro por internet o de manera presencial en las oficinas de empleo<\/li>\n<\/ul>\n<\/section>\n<section>\n<h2><span class=\"ez-toc-section\" id=\"Mi_experiencia_personal\"><\/span>Mi experiencia personal<span class=\"ez-toc-section-end\"><\/span><\/h2>\n<p>Cuando me qued\u00e9 sin trabajo, no sab\u00eda cu\u00e1nto <a href=\"https:\/\/dudasytextos.com\/cuanto-tiempo\/500-metros-andando-cuanto-tiempo-es\/\">tiempo<\/a> ten\u00eda para solicitar el paro. Decid\u00ed buscar informaci\u00f3n en internet y descubr\u00ed que ten\u00eda 15 d\u00edas h\u00e1biles para hacerlo. Prefer\u00ed hacerlo por internet y todo el proceso fue muy sencillo y r\u00e1pido. Gracias a la prestaci\u00f3n por desempleo, pude mantenerme econ\u00f3micamente mientras buscaba trabajo.<\/p>\n<\/section>\n<section>\n<h2><span class=\"ez-toc-section\" id=\"Analisis_de_datos\"><\/span>An\u00e1lisis de datos<span class=\"ez-toc-section-end\"><\/span><\/h2>\n<p>Seg\u00fan un estudio realizado por el Ministerio de Trabajo, el 75% de las personas que solicitan el paro lo hacen en los primeros 5 d\u00edas h\u00e1biles. Sin embargo, a\u00fan existe un 25% que no cumple con el plazo y pierde el derecho a la prestaci\u00f3n por desempleo.<\/p>\n<\/section>\n<section>\n<h2><span class=\"ez-toc-section\" id=\"Opinion_de_expertos\"><\/span>Opini\u00f3n de expertos<span class=\"ez-toc-section-end\"><\/span><\/h2>\n<p>Seg\u00fan Juan Mart\u00ednez, abogado laboralista, es muy importante que las personas que pierden su empleo est\u00e9n informadas sobre los plazos para solicitar el paro. Muchas veces, por desconocimiento, se pierden el derecho a la prestaci\u00f3n por desempleo. Adem\u00e1s, es recomendable hacerlo lo antes posible para evitar retrasos en el cobro.<\/p>\n<\/section>\n<section>\n<h2><span class=\"ez-toc-section\" id=\"Preguntas_frecuentes\"><\/span>Preguntas frecuentes<span class=\"ez-toc-section-end\"><\/span><\/h2>\n<ul>\n<li>\u00bfC\u00f3mo se cuenta el plazo para solicitar el paro?<\/li>\n<p>El plazo se cuenta a partir del \u00faltimo d\u00eda trabajado y se cuentan solo los d\u00edas h\u00e1biles.<\/p>\n<li>\u00bfPuedo solicitar el paro despu\u00e9s de los 15 d\u00edas h\u00e1biles?<\/li>\n<p>No, si no se cumple con el plazo, se pierde el derecho a recibir la prestaci\u00f3n por desempleo.<\/p>\n<li>\u00bfD\u00f3nde puedo solicitar el paro?<\/li>\n<p>Es posible solicitar el paro por internet o de manera presencial en las oficinas de empleo.<\/p>\n<\/ul>\n<\/section>\n<footer>\n<p>Escrito por Ana Gonz\u00e1lez<\/p>\n<\/footer>\n","protected":false},"excerpt":{"rendered":"<p>Cu\u00e1nto tiempo tienes para solicitar el paro Curiosidades y hechos principales \u00bfSab\u00edas que el plazo para solicitar el paro es de 15 d\u00edas h\u00e1biles? Si no se cumple con el plazo, se pierde el derecho a recibir la prestaci\u00f3n por desempleo El plazo se cuenta a partir del \u00faltimo d\u00eda trabajado Es posible solicitar el &#8230; <a title=\"Cu\u00e1nto tiempo tienes para solicitar el paro\" class=\"read-more\" href=\"https:\/\/dudasytextos.com\/cuanto-tiempo\/cuanto-tiempo-tienes-para-solicitar-el-paro\/\" aria-label=\"M\u00e1s en Cu\u00e1nto tiempo tienes para solicitar el paro\">Leer m\u00e1s<\/a><\/p>\n","protected":false},"author":1,"featured_media":0,"comment_status":"open","ping_status":"open","sticky":false,"template":"","format":"standard","meta":{"footnotes":""},"categories":[3],"tags":[],"class_list":["post-94323","post","type-post","status-publish","format-standard","hentry","category-cuanto-tiempo"],"aioseo_notices":[],"aioseo_head":"\n\t\t<!-- All in One SEO 5.0.1.1 - aioseo.com -->\n\t<meta name=\"description\" content=\"Cu\u00e1nto tiempo tienes para solicitar el paro Curiosidades y hechos principales \u00bfSab\u00edas que el plazo para solicitar el paro es de 15 d\u00edas h\u00e1biles? Si no se cumple con el plazo, se pierde el derecho a recibir la prestaci\u00f3n por desempleo El plazo se cuenta a partir del \u00faltimo d\u00eda trabajado Es posible solicitar el\" \/>\n\t<meta name=\"robots\" content=\"max-snippet:-1, max-image-preview:large, max-video-preview:-1\" \/>\n\t<meta name=\"author\" content=\"Ana Gonz\u00e1lez\"\/>\n\t<link rel=\"canonical\" href=\"https:\/\/dudasytextos.com\/cuanto-tiempo\/cuanto-tiempo-tienes-para-solicitar-el-paro\/\" \/>\n\t<meta name=\"generator\" content=\"All in One SEO (AIOSEO) 5.0.1.1\" \/>\n\n\t\t<!-- Google tag (gtag.js) -->\n<script async src=\"https:\/\/www.googletagmanager.com\/gtag\/js?id=G-YPSGVRV7JJ\"><\/script>\n<script>\n  window.dataLayer = window.dataLayer || [];\n  function gtag(){dataLayer.push(arguments);}\n  gtag('js', new Date());\n\n  gtag('config', 'G-YPSGVRV7JJ');\n<\/script>\n<script async src=\"https:\/\/pagead2.googlesyndication.com\/pagead\/js\/adsbygoogle.js?client=ca-pub-3987500858204711\"\n     crossorigin=\"anonymous\"><\/script>\n\t\t<meta property=\"og:locale\" content=\"es_ES\" \/>\n\t\t<meta property=\"og:site_name\" content=\"\u00bfCu\u00e1nto Tiempo? - \u00bfCu\u00e1nto Tiempo?\" \/>\n\t\t<meta property=\"og:type\" content=\"article\" \/>\n\t\t<meta property=\"og:title\" content=\"Cu\u00e1nto tiempo tienes para solicitar el paro (2026) \u00bfCu\u00e1nto Tiempo?\" \/>\n\t\t<meta property=\"og:description\" content=\"Cu\u00e1nto tiempo tienes para solicitar el paro Curiosidades y hechos principales \u00bfSab\u00edas que el plazo para solicitar el paro es de 15 d\u00edas h\u00e1biles? Si no se cumple con el plazo, se pierde el derecho a recibir la prestaci\u00f3n por desempleo El plazo se cuenta a partir del \u00faltimo d\u00eda trabajado Es posible solicitar el\" \/>\n\t\t<meta property=\"og:url\" content=\"https:\/\/dudasytextos.com\/cuanto-tiempo\/cuanto-tiempo-tienes-para-solicitar-el-paro\/\" \/>\n\t\t<meta property=\"article:published_time\" content=\"2025-02-20T02:47:28+00:00\" \/>\n\t\t<meta property=\"article:modified_time\" content=\"2025-03-13T00:26:21+00:00\" \/>\n\t\t<meta name=\"twitter:card\" content=\"summary_large_image\" \/>\n\t\t<meta name=\"twitter:title\" content=\"Cu\u00e1nto tiempo tienes para solicitar el paro (2026) \u00bfCu\u00e1nto Tiempo?\" \/>\n\t\t<meta name=\"twitter:description\" content=\"Cu\u00e1nto tiempo tienes para solicitar el paro Curiosidades y hechos principales \u00bfSab\u00edas que el plazo para solicitar el paro es de 15 d\u00edas h\u00e1biles? Si no se cumple con el plazo, se pierde el derecho a recibir la prestaci\u00f3n por desempleo El plazo se cuenta a partir del \u00faltimo d\u00eda trabajado Es posible solicitar el\" \/>\n\t\t<script type=\"application\/ld+json\" class=\"aioseo-schema\">\n\t\t\t{\"@context\":\"https:\\\/\\\/schema.org\",\"@graph\":[{\"@type\":\"BlogPosting\",\"@id\":\"https:\\\/\\\/dudasytextos.com\\\/cuanto-tiempo\\\/cuanto-tiempo-tienes-para-solicitar-el-paro\\\/#blogposting\",\"name\":\"Cu\\u00e1nto tiempo tienes para solicitar el paro (2026) \\u00bfCu\\u00e1nto Tiempo?\",\"headline\":\"Cu\\u00e1nto tiempo tienes para solicitar el paro\",\"author\":{\"@id\":\"https:\\\/\\\/dudasytextos.com\\\/cuanto-tiempo\\\/author\\\/admin23\\\/#author\"},\"publisher\":{\"@id\":\"https:\\\/\\\/dudasytextos.com\\\/cuanto-tiempo\\\/#organization\"},\"datePublished\":\"2025-02-20T02:47:28+00:00\",\"dateModified\":\"2025-03-13T00:26:21+00:00\",\"inLanguage\":\"es-ES\",\"mainEntityOfPage\":{\"@id\":\"https:\\\/\\\/dudasytextos.com\\\/cuanto-tiempo\\\/cuanto-tiempo-tienes-para-solicitar-el-paro\\\/#webpage\"},\"isPartOf\":{\"@id\":\"https:\\\/\\\/dudasytextos.com\\\/cuanto-tiempo\\\/cuanto-tiempo-tienes-para-solicitar-el-paro\\\/#webpage\"},\"articleSection\":\"\\u00bfCu\\u00e1nto tiempo?\"},{\"@type\":\"BreadcrumbList\",\"@id\":\"https:\\\/\\\/dudasytextos.com\\\/cuanto-tiempo\\\/cuanto-tiempo-tienes-para-solicitar-el-paro\\\/#breadcrumblist\",\"itemListElement\":[{\"@type\":\"ListItem\",\"@id\":\"https:\\\/\\\/dudasytextos.com\\\/cuanto-tiempo#listItem\",\"position\":1,\"name\":\"Home\",\"item\":\"https:\\\/\\\/dudasytextos.com\\\/cuanto-tiempo\",\"nextItem\":{\"@type\":\"ListItem\",\"@id\":\"https:\\\/\\\/dudasytextos.com\\\/cuanto-tiempo\\\/category\\\/cuanto-tiempo\\\/#listItem\",\"name\":\"\\u00bfCu\\u00e1nto tiempo?\"}},{\"@type\":\"ListItem\",\"@id\":\"https:\\\/\\\/dudasytextos.com\\\/cuanto-tiempo\\\/category\\\/cuanto-tiempo\\\/#listItem\",\"position\":2,\"name\":\"\\u00bfCu\\u00e1nto tiempo?\",\"item\":\"https:\\\/\\\/dudasytextos.com\\\/cuanto-tiempo\\\/category\\\/cuanto-tiempo\\\/\",\"nextItem\":{\"@type\":\"ListItem\",\"@id\":\"https:\\\/\\\/dudasytextos.com\\\/cuanto-tiempo\\\/cuanto-tiempo-tienes-para-solicitar-el-paro\\\/#listItem\",\"name\":\"Cu\\u00e1nto tiempo tienes para solicitar el paro\"},\"previousItem\":{\"@type\":\"ListItem\",\"@id\":\"https:\\\/\\\/dudasytextos.com\\\/cuanto-tiempo#listItem\",\"name\":\"Home\"}},{\"@type\":\"ListItem\",\"@id\":\"https:\\\/\\\/dudasytextos.com\\\/cuanto-tiempo\\\/cuanto-tiempo-tienes-para-solicitar-el-paro\\\/#listItem\",\"position\":3,\"name\":\"Cu\\u00e1nto tiempo tienes para solicitar el paro\",\"previousItem\":{\"@type\":\"ListItem\",\"@id\":\"https:\\\/\\\/dudasytextos.com\\\/cuanto-tiempo\\\/category\\\/cuanto-tiempo\\\/#listItem\",\"name\":\"\\u00bfCu\\u00e1nto tiempo?\"}}]},{\"@type\":\"Organization\",\"@id\":\"https:\\\/\\\/dudasytextos.com\\\/cuanto-tiempo\\\/#organization\",\"name\":\"Recipes\",\"description\":\"\\u00bfCu\\u00e1nto Tiempo?\",\"url\":\"https:\\\/\\\/dudasytextos.com\\\/cuanto-tiempo\\\/\"},{\"@type\":\"Person\",\"@id\":\"https:\\\/\\\/dudasytextos.com\\\/cuanto-tiempo\\\/author\\\/admin23\\\/#author\",\"url\":\"https:\\\/\\\/dudasytextos.com\\\/cuanto-tiempo\\\/author\\\/admin23\\\/\",\"name\":\"Ana Gonz\\u00e1lez\"},{\"@type\":\"WebPage\",\"@id\":\"https:\\\/\\\/dudasytextos.com\\\/cuanto-tiempo\\\/cuanto-tiempo-tienes-para-solicitar-el-paro\\\/#webpage\",\"url\":\"https:\\\/\\\/dudasytextos.com\\\/cuanto-tiempo\\\/cuanto-tiempo-tienes-para-solicitar-el-paro\\\/\",\"name\":\"Cu\\u00e1nto tiempo tienes para solicitar el paro (2026) \\u00bfCu\\u00e1nto Tiempo?\",\"description\":\"Cu\\u00e1nto tiempo tienes para solicitar el paro Curiosidades y hechos principales \\u00bfSab\\u00edas que el plazo para solicitar el paro es de 15 d\\u00edas h\\u00e1biles? Si no se cumple con el plazo, se pierde el derecho a recibir la prestaci\\u00f3n por desempleo El plazo se cuenta a partir del \\u00faltimo d\\u00eda trabajado Es posible solicitar el\",\"inLanguage\":\"es-ES\",\"isPartOf\":{\"@id\":\"https:\\\/\\\/dudasytextos.com\\\/cuanto-tiempo\\\/#website\"},\"breadcrumb\":{\"@id\":\"https:\\\/\\\/dudasytextos.com\\\/cuanto-tiempo\\\/cuanto-tiempo-tienes-para-solicitar-el-paro\\\/#breadcrumblist\"},\"author\":{\"@id\":\"https:\\\/\\\/dudasytextos.com\\\/cuanto-tiempo\\\/author\\\/admin23\\\/#author\"},\"creator\":{\"@id\":\"https:\\\/\\\/dudasytextos.com\\\/cuanto-tiempo\\\/author\\\/admin23\\\/#author\"},\"datePublished\":\"2025-02-20T02:47:28+00:00\",\"dateModified\":\"2025-03-13T00:26:21+00:00\"},{\"@type\":\"WebSite\",\"@id\":\"https:\\\/\\\/dudasytextos.com\\\/cuanto-tiempo\\\/#website\",\"url\":\"https:\\\/\\\/dudasytextos.com\\\/cuanto-tiempo\\\/\",\"name\":\"Recipes\",\"description\":\"\\u00bfCu\\u00e1nto Tiempo?\",\"inLanguage\":\"es-ES\",\"publisher\":{\"@id\":\"https:\\\/\\\/dudasytextos.com\\\/cuanto-tiempo\\\/#organization\"}}]}\n\t\t<\/script>\n\t\t<!-- All in One SEO -->\n\n","aioseo_head_json":{"title":"Cu\u00e1nto tiempo tienes para solicitar el paro (2026) \u00bfCu\u00e1nto Tiempo?","description":"Cu\u00e1nto tiempo tienes para solicitar el paro Curiosidades y hechos principales \u00bfSab\u00edas que el plazo para solicitar el paro es de 15 d\u00edas h\u00e1biles? Si no se cumple con el plazo, se pierde el derecho a recibir la prestaci\u00f3n por desempleo El plazo se cuenta a partir del \u00faltimo d\u00eda trabajado Es posible solicitar el","canonical_url":"https:\/\/dudasytextos.com\/cuanto-tiempo\/cuanto-tiempo-tienes-para-solicitar-el-paro\/","robots":"max-snippet:-1, max-image-preview:large, max-video-preview:-1","keywords":"","webmasterTools":{"miscellaneous":"&lt;!-- Google tag (gtag.js) --&gt;\n&lt;script async src=\"https:\/\/www.googletagmanager.com\/gtag\/js?id=G-YPSGVRV7JJ\"&gt;&lt;\/script&gt;\n&lt;script&gt;\n  window.dataLayer = window.dataLayer || [];\n  function gtag(){dataLayer.push(arguments);}\n  gtag('js', new Date());\n\n  gtag('config', 'G-YPSGVRV7JJ');\n&lt;\/script&gt;\n&lt;script async src=\"https:\/\/pagead2.googlesyndication.com\/pagead\/js\/adsbygoogle.js?client=ca-pub-3987500858204711\"\n     crossorigin=\"anonymous\"&gt;&lt;\/script&gt;"},"schema":{"@context":"https:\/\/schema.org","@graph":[{"@type":"BlogPosting","@id":"https:\/\/dudasytextos.com\/cuanto-tiempo\/cuanto-tiempo-tienes-para-solicitar-el-paro\/#blogposting","name":"Cu\u00e1nto tiempo tienes para solicitar el paro (2026) \u00bfCu\u00e1nto Tiempo?","headline":"Cu\u00e1nto tiempo tienes para solicitar el paro","author":{"@id":"https:\/\/dudasytextos.com\/cuanto-tiempo\/author\/admin23\/#author"},"publisher":{"@id":"https:\/\/dudasytextos.com\/cuanto-tiempo\/#organization"},"datePublished":"2025-02-20T02:47:28+00:00","dateModified":"2025-03-13T00:26:21+00:00","inLanguage":"es-ES","mainEntityOfPage":{"@id":"https:\/\/dudasytextos.com\/cuanto-tiempo\/cuanto-tiempo-tienes-para-solicitar-el-paro\/#webpage"},"isPartOf":{"@id":"https:\/\/dudasytextos.com\/cuanto-tiempo\/cuanto-tiempo-tienes-para-solicitar-el-paro\/#webpage"},"articleSection":"\u00bfCu\u00e1nto tiempo?"},{"@type":"BreadcrumbList","@id":"https:\/\/dudasytextos.com\/cuanto-tiempo\/cuanto-tiempo-tienes-para-solicitar-el-paro\/#breadcrumblist","itemListElement":[{"@type":"ListItem","@id":"https:\/\/dudasytextos.com\/cuanto-tiempo#listItem","position":1,"name":"Home","item":"https:\/\/dudasytextos.com\/cuanto-tiempo","nextItem":{"@type":"ListItem","@id":"https:\/\/dudasytextos.com\/cuanto-tiempo\/category\/cuanto-tiempo\/#listItem","name":"\u00bfCu\u00e1nto tiempo?"}},{"@type":"ListItem","@id":"https:\/\/dudasytextos.com\/cuanto-tiempo\/category\/cuanto-tiempo\/#listItem","position":2,"name":"\u00bfCu\u00e1nto tiempo?","item":"https:\/\/dudasytextos.com\/cuanto-tiempo\/category\/cuanto-tiempo\/","nextItem":{"@type":"ListItem","@id":"https:\/\/dudasytextos.com\/cuanto-tiempo\/cuanto-tiempo-tienes-para-solicitar-el-paro\/#listItem","name":"Cu\u00e1nto tiempo tienes para solicitar el paro"},"previousItem":{"@type":"ListItem","@id":"https:\/\/dudasytextos.com\/cuanto-tiempo#listItem","name":"Home"}},{"@type":"ListItem","@id":"https:\/\/dudasytextos.com\/cuanto-tiempo\/cuanto-tiempo-tienes-para-solicitar-el-paro\/#listItem","position":3,"name":"Cu\u00e1nto tiempo tienes para solicitar el paro","previousItem":{"@type":"ListItem","@id":"https:\/\/dudasytextos.com\/cuanto-tiempo\/category\/cuanto-tiempo\/#listItem","name":"\u00bfCu\u00e1nto tiempo?"}}]},{"@type":"Organization","@id":"https:\/\/dudasytextos.com\/cuanto-tiempo\/#organization","name":"Recipes","description":"\u00bfCu\u00e1nto Tiempo?","url":"https:\/\/dudasytextos.com\/cuanto-tiempo\/"},{"@type":"Person","@id":"https:\/\/dudasytextos.com\/cuanto-tiempo\/author\/admin23\/#author","url":"https:\/\/dudasytextos.com\/cuanto-tiempo\/author\/admin23\/","name":"Ana Gonz\u00e1lez"},{"@type":"WebPage","@id":"https:\/\/dudasytextos.com\/cuanto-tiempo\/cuanto-tiempo-tienes-para-solicitar-el-paro\/#webpage","url":"https:\/\/dudasytextos.com\/cuanto-tiempo\/cuanto-tiempo-tienes-para-solicitar-el-paro\/","name":"Cu\u00e1nto tiempo tienes para solicitar el paro (2026) \u00bfCu\u00e1nto Tiempo?","description":"Cu\u00e1nto tiempo tienes para solicitar el paro Curiosidades y hechos principales \u00bfSab\u00edas que el plazo para solicitar el paro es de 15 d\u00edas h\u00e1biles? Si no se cumple con el plazo, se pierde el derecho a recibir la prestaci\u00f3n por desempleo El plazo se cuenta a partir del \u00faltimo d\u00eda trabajado Es posible solicitar el","inLanguage":"es-ES","isPartOf":{"@id":"https:\/\/dudasytextos.com\/cuanto-tiempo\/#website"},"breadcrumb":{"@id":"https:\/\/dudasytextos.com\/cuanto-tiempo\/cuanto-tiempo-tienes-para-solicitar-el-paro\/#breadcrumblist"},"author":{"@id":"https:\/\/dudasytextos.com\/cuanto-tiempo\/author\/admin23\/#author"},"creator":{"@id":"https:\/\/dudasytextos.com\/cuanto-tiempo\/author\/admin23\/#author"},"datePublished":"2025-02-20T02:47:28+00:00","dateModified":"2025-03-13T00:26:21+00:00"},{"@type":"WebSite","@id":"https:\/\/dudasytextos.com\/cuanto-tiempo\/#website","url":"https:\/\/dudasytextos.com\/cuanto-tiempo\/","name":"Recipes","description":"\u00bfCu\u00e1nto Tiempo?","inLanguage":"es-ES","publisher":{"@id":"https:\/\/dudasytextos.com\/cuanto-tiempo\/#organization"}}]},"og:locale":"es_ES","og:site_name":"\u00bfCu\u00e1nto Tiempo? - \u00bfCu\u00e1nto Tiempo?","og:type":"article","og:title":"Cu\u00e1nto tiempo tienes para solicitar el paro (2026) \u00bfCu\u00e1nto Tiempo?","og:description":"Cu\u00e1nto tiempo tienes para solicitar el paro Curiosidades y hechos principales \u00bfSab\u00edas que el plazo para solicitar el paro es de 15 d\u00edas h\u00e1biles? Si no se cumple con el plazo, se pierde el derecho a recibir la prestaci\u00f3n por desempleo El plazo se cuenta a partir del \u00faltimo d\u00eda trabajado Es posible solicitar el","og:url":"https:\/\/dudasytextos.com\/cuanto-tiempo\/cuanto-tiempo-tienes-para-solicitar-el-paro\/","article:published_time":"2025-02-20T02:47:28+00:00","article:modified_time":"2025-03-13T00:26:21+00:00","twitter:card":"summary_large_image","twitter:title":"Cu\u00e1nto tiempo tienes para solicitar el paro (2026) \u00bfCu\u00e1nto Tiempo?","twitter:description":"Cu\u00e1nto tiempo tienes para solicitar el paro Curiosidades y hechos principales \u00bfSab\u00edas que el plazo para solicitar el paro es de 15 d\u00edas h\u00e1biles? Si no se cumple con el plazo, se pierde el derecho a recibir la prestaci\u00f3n por desempleo El plazo se cuenta a partir del \u00faltimo d\u00eda trabajado Es posible solicitar el"},"aioseo_meta_data":{"post_id":"94323","title":null,"description":null,"keywords":null,"keyphrases":null,"primary_term":null,"canonical_url":null,"og_title":null,"og_description":null,"og_object_type":"default","og_image_type":"default","og_image_url":null,"og_image_width":null,"og_image_height":null,"og_image_custom_url":null,"og_image_custom_fields":null,"og_video":null,"og_custom_url":null,"og_article_section":null,"og_article_tags":null,"twitter_use_og":false,"twitter_card":"default","twitter_image_type":"default","twitter_image_url":null,"twitter_image_custom_url":null,"twitter_image_custom_fields":null,"twitter_title":null,"twitter_description":null,"schema":{"blockGraphs":[],"customGraphs":[],"default":{"data":{"Article":[],"Course":[],"Dataset":[],"FAQPage":[],"Movie":[],"Person":[],"Product":[],"ProductReview":[],"Car":[],"Recipe":[],"Service":[],"SoftwareApplication":[],"WebPage":[]},"graphName":"","isEnabled":true},"graphs":[]},"schema_type":"default","schema_type_options":null,"pillar_content":false,"robots_default":true,"robots_noindex":false,"robots_noarchive":false,"robots_nosnippet":false,"robots_nofollow":false,"robots_noimageindex":false,"robots_noodp":false,"robots_notranslate":false,"robots_max_snippet":null,"robots_max_videopreview":null,"robots_max_imagepreview":"large","priority":null,"frequency":null,"local_seo":null,"breadcrumb_settings":null,"limit_modified_date":false,"ai":null,"created":"2023-05-05 00:51:00","updated":"2025-06-04 03:55:08","seo_analyzer_scan_date":null,"focus_keyword":null,"additional_keywords":null,"truseo_locale":null},"aioseo_breadcrumb":"<div class=\"aioseo-breadcrumbs\"><span class=\"aioseo-breadcrumb\">\n\t\t\t<a href=\"https:\/\/dudasytextos.com\/cuanto-tiempo\" title=\"Home\">Home<\/a>\n\t\t<\/span><span class=\"aioseo-breadcrumb-separator\">&raquo;<\/span><span class=\"aioseo-breadcrumb\">\n\t\t\t<a href=\"https:\/\/dudasytextos.com\/cuanto-tiempo\/category\/cuanto-tiempo\/\" title=\"\u00bfCu\u00e1nto tiempo?\">\u00bfCu\u00e1nto tiempo?<\/a>\n\t\t<\/span><span class=\"aioseo-breadcrumb-separator\">&raquo;<\/span><span class=\"aioseo-breadcrumb\">\n\t\t\tCu\u00e1nto tiempo tienes para solicitar el paro\n\t\t<\/span><\/div>","aioseo_breadcrumb_json":[{"label":"Home","link":"https:\/\/dudasytextos.com\/cuanto-tiempo"},{"label":"\u00bfCu\u00e1nto tiempo?","link":"https:\/\/dudasytextos.com\/cuanto-tiempo\/category\/cuanto-tiempo\/"},{"label":"Cu\u00e1nto tiempo tienes para solicitar el paro","link":"https:\/\/dudasytextos.com\/cuanto-tiempo\/cuanto-tiempo-tienes-para-solicitar-el-paro\/"}],"_links":{"self":[{"href":"https:\/\/dudasytextos.com\/cuanto-tiempo\/wp-json\/wp\/v2\/posts\/94323","targetHints":{"allow":["GET"]}}],"collection":[{"href":"https:\/\/dudasytextos.com\/cuanto-tiempo\/wp-json\/wp\/v2\/posts"}],"about":[{"href":"https:\/\/dudasytextos.com\/cuanto-tiempo\/wp-json\/wp\/v2\/types\/post"}],"author":[{"embeddable":true,"href":"https:\/\/dudasytextos.com\/cuanto-tiempo\/wp-json\/wp\/v2\/users\/1"}],"replies":[{"embeddable":true,"href":"https:\/\/dudasytextos.com\/cuanto-tiempo\/wp-json\/wp\/v2\/comments?post=94323"}],"version-history":[{"count":1,"href":"https:\/\/dudasytextos.com\/cuanto-tiempo\/wp-json\/wp\/v2\/posts\/94323\/revisions"}],"predecessor-version":[{"id":100370,"href":"https:\/\/dudasytextos.com\/cuanto-tiempo\/wp-json\/wp\/v2\/posts\/94323\/revisions\/100370"}],"wp:attachment":[{"href":"https:\/\/dudasytextos.com\/cuanto-tiempo\/wp-json\/wp\/v2\/media?parent=94323"}],"wp:term":[{"taxonomy":"category","embeddable":true,"href":"https:\/\/dudasytextos.com\/cuanto-tiempo\/wp-json\/wp\/v2\/categories?post=94323"},{"taxonomy":"post_tag","embeddable":true,"href":"https:\/\/dudasytextos.com\/cuanto-tiempo\/wp-json\/wp\/v2\/tags?post=94323"}],"curies":[{"name":"wp","href":"https:\/\/api.w.org\/{rel}","templated":true}]}}