{"id":95093,"date":"2025-02-19T11:45:43","date_gmt":"2025-02-19T11:45:43","guid":{"rendered":"https:\/\/educacion.cc\/en\/?p=95093"},"modified":"2025-03-13T09:45:50","modified_gmt":"2025-03-13T09:45:50","slug":"cuanto-tiempo-cocer-careta-de-cerdo","status":"publish","type":"post","link":"https:\/\/dudasytextos.com\/cuanto-tiempo\/cuanto-tiempo-cocer-careta-de-cerdo\/","title":{"rendered":"Cu\u00e1nto tiempo cocer careta de cerdo"},"content":{"rendered":"<div id=\"ez-toc-container\" class=\"ez-toc-v2_0_87 counter-hierarchy ez-toc-counter ez-toc-custom ez-toc-container-direction\">\n<div class=\"ez-toc-title-container\">\n<span class=\"ez-toc-title-toggle\"><\/span><\/div>\n<nav><ul class='ez-toc-list ez-toc-list-level-1 ' ><li class='ez-toc-page-1 ez-toc-heading-level-2'><a class=\"ez-toc-link ez-toc-heading-1\" href=\"https:\/\/dudasytextos.com\/cuanto-tiempo\/cuanto-tiempo-cocer-careta-de-cerdo\/#Cuanto_Tiempo_Cocer_Careta_de_Cerdo_%E2%80%93_Consejos_y_Recomendaciones\" >Cu\u00e1nto Tiempo Cocer Careta de Cerdo &#8211; Consejos y Recomendaciones<\/a><\/li><li class='ez-toc-page-1 ez-toc-heading-level-2'><a class=\"ez-toc-link ez-toc-heading-2\" href=\"https:\/\/dudasytextos.com\/cuanto-tiempo\/cuanto-tiempo-cocer-careta-de-cerdo\/#Por_Ana_Gonzalez\" >Por Ana Gonz\u00e1lez<\/a><\/li><li class='ez-toc-page-1 ez-toc-heading-level-2'><a class=\"ez-toc-link ez-toc-heading-3\" href=\"https:\/\/dudasytextos.com\/cuanto-tiempo\/cuanto-tiempo-cocer-careta-de-cerdo\/#Curiosidades_sobre_la_careta_de_cerdo\" >Curiosidades sobre la careta de cerdo<\/a><\/li><li class='ez-toc-page-1 ez-toc-heading-level-2'><a class=\"ez-toc-link ez-toc-heading-4\" href=\"https:\/\/dudasytextos.com\/cuanto-tiempo\/cuanto-tiempo-cocer-careta-de-cerdo\/#Como_preparar_la_careta_de_cerdo_antes_de_cocinarla\" >C\u00f3mo preparar la careta de cerdo antes de cocinarla<\/a><\/li><li class='ez-toc-page-1 ez-toc-heading-level-2'><a class=\"ez-toc-link ez-toc-heading-5\" href=\"https:\/\/dudasytextos.com\/cuanto-tiempo\/cuanto-tiempo-cocer-careta-de-cerdo\/#Cuanto_tiempo_cocer_la_careta_de_cerdo\" >Cu\u00e1nto tiempo cocer la careta de cerdo<\/a><\/li><li class='ez-toc-page-1 ez-toc-heading-level-2'><a class=\"ez-toc-link ez-toc-heading-6\" href=\"https:\/\/dudasytextos.com\/cuanto-tiempo\/cuanto-tiempo-cocer-careta-de-cerdo\/#Mi_experiencia_personal_cocinando_careta_de_cerdo\" >Mi experiencia personal cocinando careta de cerdo<\/a><\/li><li class='ez-toc-page-1 ez-toc-heading-level-2'><a class=\"ez-toc-link ez-toc-heading-7\" href=\"https:\/\/dudasytextos.com\/cuanto-tiempo\/cuanto-tiempo-cocer-careta-de-cerdo\/#Preguntas_frecuentes_sobre_la_coccion_de_la_careta_de_cerdo\" >Preguntas frecuentes sobre la cocci\u00f3n de la careta de cerdo<\/a><ul class='ez-toc-list-level-3' ><li class='ez-toc-heading-level-3'><a class=\"ez-toc-link ez-toc-heading-8\" href=\"https:\/\/dudasytextos.com\/cuanto-tiempo\/cuanto-tiempo-cocer-careta-de-cerdo\/#%C2%BFSe_puede_cocinar_la_careta_de_cerdo_en_olla_normal\" >\u00bfSe puede cocinar la careta de cerdo en olla normal?<\/a><\/li><li class='ez-toc-page-1 ez-toc-heading-level-3'><a class=\"ez-toc-link ez-toc-heading-9\" href=\"https:\/\/dudasytextos.com\/cuanto-tiempo\/cuanto-tiempo-cocer-careta-de-cerdo\/#%C2%BFEs_necesario_sumergir_la_careta_de_cerdo_en_agua_antes_de_cocinarla\" >\u00bfEs necesario sumergir la careta de cerdo en agua antes de cocinarla?<\/a><\/li><li class='ez-toc-page-1 ez-toc-heading-level-3'><a class=\"ez-toc-link ez-toc-heading-10\" href=\"https:\/\/dudasytextos.com\/cuanto-tiempo\/cuanto-tiempo-cocer-careta-de-cerdo\/#%C2%BFPuedo_cocinar_la_careta_de_cerdo_en_el_horno\" >\u00bfPuedo cocinar la careta de cerdo en el horno?<\/a><\/li><\/ul><\/li><\/ul><\/nav><\/div>\n<h2><span class=\"ez-toc-section\" id=\"Cuanto_Tiempo_Cocer_Careta_de_Cerdo_%E2%80%93_Consejos_y_Recomendaciones\"><\/span>Cu\u00e1nto Tiempo Cocer Careta de Cerdo &#8211; Consejos y Recomendaciones<span class=\"ez-toc-section-end\"><\/span><\/h2>\n<h2><span class=\"ez-toc-section\" id=\"Por_Ana_Gonzalez\"><\/span>Por Ana Gonz\u00e1lez<span class=\"ez-toc-section-end\"><\/span><\/h2>\n<section>\n<h2><span class=\"ez-toc-section\" id=\"Curiosidades_sobre_la_careta_de_cerdo\"><\/span>Curiosidades sobre la careta de cerdo<span class=\"ez-toc-section-end\"><\/span><\/h2>\n<ul>\n<li>La careta de cerdo es una parte del cerdo que no se utiliza con mucha frecuencia en la cocina, pero puede ser muy sabrosa si se cocina bien.<\/li>\n<li>Es un corte que se encuentra en la cabeza del cerdo, espec\u00edficamente en la zona de la mand\u00edbula.<\/li>\n<li>Contiene una gran cantidad de col\u00e1geno, lo que la hace perfecta para guisos y platillos que necesiten <a href=\"https:\/\/dudasytextos.com\/cuanto-tiempo\/500-metros-andando-cuanto-tiempo-es\/\">tiempo<\/a> de cocci\u00f3n prolongado.<\/li>\n<\/ul>\n<\/section>\n<section>\n<h2><span class=\"ez-toc-section\" id=\"Como_preparar_la_careta_de_cerdo_antes_de_cocinarla\"><\/span>C\u00f3mo preparar la careta de cerdo antes de cocinarla<span class=\"ez-toc-section-end\"><\/span><\/h2>\n<p>Antes de cocinar la careta de cerdo, es importante prepararla adecuadamente. Aqu\u00ed te decimos c\u00f3mo:<\/p>\n<ul>\n<li>Lava la careta con agua fr\u00eda y restri\u00e9gala con sal para eliminar cualquier impureza.<\/li>\n<li>Corta la careta en pedazos del tama\u00f1o que necesitas para tu receta.<\/li>\n<li>Sumerge la careta en agua fr\u00eda durante al menos 2 horas para eliminar cualquier sangre restante.<\/li>\n<li>Escurre bien la careta antes de cocinarla.<\/li>\n<\/ul>\n<\/section>\n<section>\n<h2><span class=\"ez-toc-section\" id=\"Cuanto_tiempo_cocer_la_careta_de_cerdo\"><\/span>Cu\u00e1nto tiempo cocer la careta de cerdo<span class=\"ez-toc-section-end\"><\/span><\/h2>\n<p>La careta de cerdo requiere un tiempo de cocci\u00f3n prolongado debido a su alto contenido de col\u00e1geno. Aqu\u00ed te damos algunos tiempos recomendados:<\/p>\n<ul>\n<li>Cocinar en olla a presi\u00f3n: entre 45 y 60 minutos.<\/li>\n<li>Cocinar en olla normal: entre 2 y 3 horas.<\/li>\n<li>Cocinar al horno: entre 3 y 4 horas.<\/li>\n<\/ul>\n<p>Recuerda que estos tiempos pueden variar dependiendo del tama\u00f1o de los pedazos de careta y de la receta que est\u00e9s utilizando.<\/p>\n<\/section>\n<section>\n<h2><span class=\"ez-toc-section\" id=\"Mi_experiencia_personal_cocinando_careta_de_cerdo\"><\/span>Mi experiencia personal cocinando careta de cerdo<span class=\"ez-toc-section-end\"><\/span><\/h2>\n<p>Hice careta de cerdo en olla a presi\u00f3n por primera vez hace unos meses y fue todo un \u00e9xito. El platillo qued\u00f3 muy sabroso y la carne estaba s\u00faper suave. Me llev\u00f3 unos 50 minutos cocinarla, pero definitivamente vali\u00f3 la pena el tiempo de espera. Ahora, siempre que tengo la oportunidad, cocino careta de cerdo en casa.<\/p>\n<\/section>\n<section>\n<h2><span class=\"ez-toc-section\" id=\"Preguntas_frecuentes_sobre_la_coccion_de_la_careta_de_cerdo\"><\/span>Preguntas frecuentes sobre la cocci\u00f3n de la careta de cerdo<span class=\"ez-toc-section-end\"><\/span><\/h2>\n<h3><span class=\"ez-toc-section\" id=\"%C2%BFSe_puede_cocinar_la_careta_de_cerdo_en_olla_normal\"><\/span>\u00bfSe puede cocinar la careta de cerdo en olla normal?<span class=\"ez-toc-section-end\"><\/span><\/h3>\n<p>S\u00ed, puedes cocinar la careta de cerdo en una olla normal. El tiempo de cocci\u00f3n ser\u00e1 mayor que en una olla a presi\u00f3n, pero el resultado final ser\u00e1 igualmente delicioso.<\/p>\n<h3><span class=\"ez-toc-section\" id=\"%C2%BFEs_necesario_sumergir_la_careta_de_cerdo_en_agua_antes_de_cocinarla\"><\/span>\u00bfEs necesario sumergir la careta de cerdo en agua antes de cocinarla?<span class=\"ez-toc-section-end\"><\/span><\/h3>\n<p>S\u00ed, es recomendable sumergir la careta de cerdo en agua fr\u00eda durante al menos 2 horas antes de cocinarla para eliminar cualquier sangre restante y asegurarte de que la carne quede limpia.<\/p>\n<h3><span class=\"ez-toc-section\" id=\"%C2%BFPuedo_cocinar_la_careta_de_cerdo_en_el_horno\"><\/span>\u00bfPuedo cocinar la careta de cerdo en el horno?<span class=\"ez-toc-section-end\"><\/span><\/h3>\n<p>S\u00ed, puedes cocinar la careta de cerdo en el horno. Ser\u00e1 necesario cocinarla por un tiempo prolongado, pero el resultado final ser\u00e1 una carne suave y sabrosa.<\/p>\n<\/section>\n<footer>\n<p>Espero que estos consejos te hayan sido \u00fatiles para cocinar la careta de cerdo. \u00a1Que disfrutes de tu platillo!<\/p>\n<\/footer>\n","protected":false},"excerpt":{"rendered":"<p>Cu\u00e1nto Tiempo Cocer Careta de Cerdo &#8211; Consejos y Recomendaciones Por Ana Gonz\u00e1lez Curiosidades sobre la careta de cerdo La careta de cerdo es una parte del cerdo que no se utiliza con mucha frecuencia en la cocina, pero puede ser muy sabrosa si se cocina bien. Es un corte que se encuentra en la &#8230; <a title=\"Cu\u00e1nto tiempo cocer careta de cerdo\" class=\"read-more\" href=\"https:\/\/dudasytextos.com\/cuanto-tiempo\/cuanto-tiempo-cocer-careta-de-cerdo\/\" aria-label=\"M\u00e1s en Cu\u00e1nto tiempo cocer careta de cerdo\">Leer m\u00e1s<\/a><\/p>\n","protected":false},"author":1,"featured_media":0,"comment_status":"open","ping_status":"open","sticky":false,"template":"","format":"standard","meta":{"footnotes":""},"categories":[3],"tags":[],"class_list":["post-95093","post","type-post","status-publish","format-standard","hentry","category-cuanto-tiempo"],"aioseo_notices":[],"aioseo_head":"\n\t\t<!-- All in One SEO 5.0.1.1 - aioseo.com -->\n\t<meta name=\"description\" content=\"Cu\u00e1nto Tiempo Cocer Careta de Cerdo - Consejos y Recomendaciones Por Ana Gonz\u00e1lez Curiosidades sobre la careta de cerdo La careta de cerdo es una parte del cerdo que no se utiliza con mucha frecuencia en la cocina, pero puede ser muy sabrosa si se cocina bien. Es un corte que se encuentra en la\" \/>\n\t<meta name=\"robots\" content=\"max-snippet:-1, max-image-preview:large, max-video-preview:-1\" \/>\n\t<meta name=\"author\" content=\"Ana Gonz\u00e1lez\"\/>\n\t<link rel=\"canonical\" href=\"https:\/\/dudasytextos.com\/cuanto-tiempo\/cuanto-tiempo-cocer-careta-de-cerdo\/\" \/>\n\t<meta name=\"generator\" content=\"All in One SEO (AIOSEO) 5.0.1.1\" \/>\n\n\t\t<!-- Google tag (gtag.js) -->\n<script async src=\"https:\/\/www.googletagmanager.com\/gtag\/js?id=G-YPSGVRV7JJ\"><\/script>\n<script>\n  window.dataLayer = window.dataLayer || [];\n  function gtag(){dataLayer.push(arguments);}\n  gtag('js', new Date());\n\n  gtag('config', 'G-YPSGVRV7JJ');\n<\/script>\n<script async src=\"https:\/\/pagead2.googlesyndication.com\/pagead\/js\/adsbygoogle.js?client=ca-pub-3987500858204711\"\n     crossorigin=\"anonymous\"><\/script>\n\t\t<meta property=\"og:locale\" content=\"es_ES\" \/>\n\t\t<meta property=\"og:site_name\" content=\"\u00bfCu\u00e1nto Tiempo? - \u00bfCu\u00e1nto Tiempo?\" \/>\n\t\t<meta property=\"og:type\" content=\"article\" \/>\n\t\t<meta property=\"og:title\" content=\"Cu\u00e1nto tiempo cocer careta de cerdo (2026) \u00bfCu\u00e1nto Tiempo?\" \/>\n\t\t<meta property=\"og:description\" content=\"Cu\u00e1nto Tiempo Cocer Careta de Cerdo - Consejos y Recomendaciones Por Ana Gonz\u00e1lez Curiosidades sobre la careta de cerdo La careta de cerdo es una parte del cerdo que no se utiliza con mucha frecuencia en la cocina, pero puede ser muy sabrosa si se cocina bien. Es un corte que se encuentra en la\" \/>\n\t\t<meta property=\"og:url\" content=\"https:\/\/dudasytextos.com\/cuanto-tiempo\/cuanto-tiempo-cocer-careta-de-cerdo\/\" \/>\n\t\t<meta property=\"article:published_time\" content=\"2025-02-19T11:45:43+00:00\" \/>\n\t\t<meta property=\"article:modified_time\" content=\"2025-03-13T09:45:50+00:00\" \/>\n\t\t<meta name=\"twitter:card\" content=\"summary_large_image\" \/>\n\t\t<meta name=\"twitter:title\" content=\"Cu\u00e1nto tiempo cocer careta de cerdo (2026) \u00bfCu\u00e1nto Tiempo?\" \/>\n\t\t<meta name=\"twitter:description\" content=\"Cu\u00e1nto Tiempo Cocer Careta de Cerdo - Consejos y Recomendaciones Por Ana Gonz\u00e1lez Curiosidades sobre la careta de cerdo La careta de cerdo es una parte del cerdo que no se utiliza con mucha frecuencia en la cocina, pero puede ser muy sabrosa si se cocina bien. Es un corte que se encuentra en la\" \/>\n\t\t<script type=\"application\/ld+json\" class=\"aioseo-schema\">\n\t\t\t{\"@context\":\"https:\\\/\\\/schema.org\",\"@graph\":[{\"@type\":\"BlogPosting\",\"@id\":\"https:\\\/\\\/dudasytextos.com\\\/cuanto-tiempo\\\/cuanto-tiempo-cocer-careta-de-cerdo\\\/#blogposting\",\"name\":\"Cu\\u00e1nto tiempo cocer careta de cerdo (2026) \\u00bfCu\\u00e1nto Tiempo?\",\"headline\":\"Cu\\u00e1nto tiempo cocer careta de cerdo\",\"author\":{\"@id\":\"https:\\\/\\\/dudasytextos.com\\\/cuanto-tiempo\\\/author\\\/admin23\\\/#author\"},\"publisher\":{\"@id\":\"https:\\\/\\\/dudasytextos.com\\\/cuanto-tiempo\\\/#organization\"},\"datePublished\":\"2025-02-19T11:45:43+00:00\",\"dateModified\":\"2025-03-13T09:45:50+00:00\",\"inLanguage\":\"es-ES\",\"mainEntityOfPage\":{\"@id\":\"https:\\\/\\\/dudasytextos.com\\\/cuanto-tiempo\\\/cuanto-tiempo-cocer-careta-de-cerdo\\\/#webpage\"},\"isPartOf\":{\"@id\":\"https:\\\/\\\/dudasytextos.com\\\/cuanto-tiempo\\\/cuanto-tiempo-cocer-careta-de-cerdo\\\/#webpage\"},\"articleSection\":\"\\u00bfCu\\u00e1nto tiempo?\"},{\"@type\":\"BreadcrumbList\",\"@id\":\"https:\\\/\\\/dudasytextos.com\\\/cuanto-tiempo\\\/cuanto-tiempo-cocer-careta-de-cerdo\\\/#breadcrumblist\",\"itemListElement\":[{\"@type\":\"ListItem\",\"@id\":\"https:\\\/\\\/dudasytextos.com\\\/cuanto-tiempo#listItem\",\"position\":1,\"name\":\"Home\",\"item\":\"https:\\\/\\\/dudasytextos.com\\\/cuanto-tiempo\",\"nextItem\":{\"@type\":\"ListItem\",\"@id\":\"https:\\\/\\\/dudasytextos.com\\\/cuanto-tiempo\\\/category\\\/cuanto-tiempo\\\/#listItem\",\"name\":\"\\u00bfCu\\u00e1nto tiempo?\"}},{\"@type\":\"ListItem\",\"@id\":\"https:\\\/\\\/dudasytextos.com\\\/cuanto-tiempo\\\/category\\\/cuanto-tiempo\\\/#listItem\",\"position\":2,\"name\":\"\\u00bfCu\\u00e1nto tiempo?\",\"item\":\"https:\\\/\\\/dudasytextos.com\\\/cuanto-tiempo\\\/category\\\/cuanto-tiempo\\\/\",\"nextItem\":{\"@type\":\"ListItem\",\"@id\":\"https:\\\/\\\/dudasytextos.com\\\/cuanto-tiempo\\\/cuanto-tiempo-cocer-careta-de-cerdo\\\/#listItem\",\"name\":\"Cu\\u00e1nto tiempo cocer careta de cerdo\"},\"previousItem\":{\"@type\":\"ListItem\",\"@id\":\"https:\\\/\\\/dudasytextos.com\\\/cuanto-tiempo#listItem\",\"name\":\"Home\"}},{\"@type\":\"ListItem\",\"@id\":\"https:\\\/\\\/dudasytextos.com\\\/cuanto-tiempo\\\/cuanto-tiempo-cocer-careta-de-cerdo\\\/#listItem\",\"position\":3,\"name\":\"Cu\\u00e1nto tiempo cocer careta de cerdo\",\"previousItem\":{\"@type\":\"ListItem\",\"@id\":\"https:\\\/\\\/dudasytextos.com\\\/cuanto-tiempo\\\/category\\\/cuanto-tiempo\\\/#listItem\",\"name\":\"\\u00bfCu\\u00e1nto tiempo?\"}}]},{\"@type\":\"Organization\",\"@id\":\"https:\\\/\\\/dudasytextos.com\\\/cuanto-tiempo\\\/#organization\",\"name\":\"Recipes\",\"description\":\"\\u00bfCu\\u00e1nto Tiempo?\",\"url\":\"https:\\\/\\\/dudasytextos.com\\\/cuanto-tiempo\\\/\"},{\"@type\":\"Person\",\"@id\":\"https:\\\/\\\/dudasytextos.com\\\/cuanto-tiempo\\\/author\\\/admin23\\\/#author\",\"url\":\"https:\\\/\\\/dudasytextos.com\\\/cuanto-tiempo\\\/author\\\/admin23\\\/\",\"name\":\"Ana Gonz\\u00e1lez\"},{\"@type\":\"WebPage\",\"@id\":\"https:\\\/\\\/dudasytextos.com\\\/cuanto-tiempo\\\/cuanto-tiempo-cocer-careta-de-cerdo\\\/#webpage\",\"url\":\"https:\\\/\\\/dudasytextos.com\\\/cuanto-tiempo\\\/cuanto-tiempo-cocer-careta-de-cerdo\\\/\",\"name\":\"Cu\\u00e1nto tiempo cocer careta de cerdo (2026) \\u00bfCu\\u00e1nto Tiempo?\",\"description\":\"Cu\\u00e1nto Tiempo Cocer Careta de Cerdo - Consejos y Recomendaciones Por Ana Gonz\\u00e1lez Curiosidades sobre la careta de cerdo La careta de cerdo es una parte del cerdo que no se utiliza con mucha frecuencia en la cocina, pero puede ser muy sabrosa si se cocina bien. Es un corte que se encuentra en la\",\"inLanguage\":\"es-ES\",\"isPartOf\":{\"@id\":\"https:\\\/\\\/dudasytextos.com\\\/cuanto-tiempo\\\/#website\"},\"breadcrumb\":{\"@id\":\"https:\\\/\\\/dudasytextos.com\\\/cuanto-tiempo\\\/cuanto-tiempo-cocer-careta-de-cerdo\\\/#breadcrumblist\"},\"author\":{\"@id\":\"https:\\\/\\\/dudasytextos.com\\\/cuanto-tiempo\\\/author\\\/admin23\\\/#author\"},\"creator\":{\"@id\":\"https:\\\/\\\/dudasytextos.com\\\/cuanto-tiempo\\\/author\\\/admin23\\\/#author\"},\"datePublished\":\"2025-02-19T11:45:43+00:00\",\"dateModified\":\"2025-03-13T09:45:50+00:00\"},{\"@type\":\"WebSite\",\"@id\":\"https:\\\/\\\/dudasytextos.com\\\/cuanto-tiempo\\\/#website\",\"url\":\"https:\\\/\\\/dudasytextos.com\\\/cuanto-tiempo\\\/\",\"name\":\"Recipes\",\"description\":\"\\u00bfCu\\u00e1nto Tiempo?\",\"inLanguage\":\"es-ES\",\"publisher\":{\"@id\":\"https:\\\/\\\/dudasytextos.com\\\/cuanto-tiempo\\\/#organization\"}}]}\n\t\t<\/script>\n\t\t<!-- All in One SEO -->\n\n","aioseo_head_json":{"title":"Cu\u00e1nto tiempo cocer careta de cerdo (2026) \u00bfCu\u00e1nto Tiempo?","description":"Cu\u00e1nto Tiempo Cocer Careta de Cerdo - Consejos y Recomendaciones Por Ana Gonz\u00e1lez Curiosidades sobre la careta de cerdo La careta de cerdo es una parte del cerdo que no se utiliza con mucha frecuencia en la cocina, pero puede ser muy sabrosa si se cocina bien. Es un corte que se encuentra en la","canonical_url":"https:\/\/dudasytextos.com\/cuanto-tiempo\/cuanto-tiempo-cocer-careta-de-cerdo\/","robots":"max-snippet:-1, max-image-preview:large, max-video-preview:-1","keywords":"","webmasterTools":{"miscellaneous":"&lt;!-- Google tag (gtag.js) --&gt;\n&lt;script async src=\"https:\/\/www.googletagmanager.com\/gtag\/js?id=G-YPSGVRV7JJ\"&gt;&lt;\/script&gt;\n&lt;script&gt;\n  window.dataLayer = window.dataLayer || [];\n  function gtag(){dataLayer.push(arguments);}\n  gtag('js', new Date());\n\n  gtag('config', 'G-YPSGVRV7JJ');\n&lt;\/script&gt;\n&lt;script async src=\"https:\/\/pagead2.googlesyndication.com\/pagead\/js\/adsbygoogle.js?client=ca-pub-3987500858204711\"\n     crossorigin=\"anonymous\"&gt;&lt;\/script&gt;"},"schema":{"@context":"https:\/\/schema.org","@graph":[{"@type":"BlogPosting","@id":"https:\/\/dudasytextos.com\/cuanto-tiempo\/cuanto-tiempo-cocer-careta-de-cerdo\/#blogposting","name":"Cu\u00e1nto tiempo cocer careta de cerdo (2026) \u00bfCu\u00e1nto Tiempo?","headline":"Cu\u00e1nto tiempo cocer careta de cerdo","author":{"@id":"https:\/\/dudasytextos.com\/cuanto-tiempo\/author\/admin23\/#author"},"publisher":{"@id":"https:\/\/dudasytextos.com\/cuanto-tiempo\/#organization"},"datePublished":"2025-02-19T11:45:43+00:00","dateModified":"2025-03-13T09:45:50+00:00","inLanguage":"es-ES","mainEntityOfPage":{"@id":"https:\/\/dudasytextos.com\/cuanto-tiempo\/cuanto-tiempo-cocer-careta-de-cerdo\/#webpage"},"isPartOf":{"@id":"https:\/\/dudasytextos.com\/cuanto-tiempo\/cuanto-tiempo-cocer-careta-de-cerdo\/#webpage"},"articleSection":"\u00bfCu\u00e1nto tiempo?"},{"@type":"BreadcrumbList","@id":"https:\/\/dudasytextos.com\/cuanto-tiempo\/cuanto-tiempo-cocer-careta-de-cerdo\/#breadcrumblist","itemListElement":[{"@type":"ListItem","@id":"https:\/\/dudasytextos.com\/cuanto-tiempo#listItem","position":1,"name":"Home","item":"https:\/\/dudasytextos.com\/cuanto-tiempo","nextItem":{"@type":"ListItem","@id":"https:\/\/dudasytextos.com\/cuanto-tiempo\/category\/cuanto-tiempo\/#listItem","name":"\u00bfCu\u00e1nto tiempo?"}},{"@type":"ListItem","@id":"https:\/\/dudasytextos.com\/cuanto-tiempo\/category\/cuanto-tiempo\/#listItem","position":2,"name":"\u00bfCu\u00e1nto tiempo?","item":"https:\/\/dudasytextos.com\/cuanto-tiempo\/category\/cuanto-tiempo\/","nextItem":{"@type":"ListItem","@id":"https:\/\/dudasytextos.com\/cuanto-tiempo\/cuanto-tiempo-cocer-careta-de-cerdo\/#listItem","name":"Cu\u00e1nto tiempo cocer careta de cerdo"},"previousItem":{"@type":"ListItem","@id":"https:\/\/dudasytextos.com\/cuanto-tiempo#listItem","name":"Home"}},{"@type":"ListItem","@id":"https:\/\/dudasytextos.com\/cuanto-tiempo\/cuanto-tiempo-cocer-careta-de-cerdo\/#listItem","position":3,"name":"Cu\u00e1nto tiempo cocer careta de cerdo","previousItem":{"@type":"ListItem","@id":"https:\/\/dudasytextos.com\/cuanto-tiempo\/category\/cuanto-tiempo\/#listItem","name":"\u00bfCu\u00e1nto tiempo?"}}]},{"@type":"Organization","@id":"https:\/\/dudasytextos.com\/cuanto-tiempo\/#organization","name":"Recipes","description":"\u00bfCu\u00e1nto Tiempo?","url":"https:\/\/dudasytextos.com\/cuanto-tiempo\/"},{"@type":"Person","@id":"https:\/\/dudasytextos.com\/cuanto-tiempo\/author\/admin23\/#author","url":"https:\/\/dudasytextos.com\/cuanto-tiempo\/author\/admin23\/","name":"Ana Gonz\u00e1lez"},{"@type":"WebPage","@id":"https:\/\/dudasytextos.com\/cuanto-tiempo\/cuanto-tiempo-cocer-careta-de-cerdo\/#webpage","url":"https:\/\/dudasytextos.com\/cuanto-tiempo\/cuanto-tiempo-cocer-careta-de-cerdo\/","name":"Cu\u00e1nto tiempo cocer careta de cerdo (2026) \u00bfCu\u00e1nto Tiempo?","description":"Cu\u00e1nto Tiempo Cocer Careta de Cerdo - Consejos y Recomendaciones Por Ana Gonz\u00e1lez Curiosidades sobre la careta de cerdo La careta de cerdo es una parte del cerdo que no se utiliza con mucha frecuencia en la cocina, pero puede ser muy sabrosa si se cocina bien. Es un corte que se encuentra en la","inLanguage":"es-ES","isPartOf":{"@id":"https:\/\/dudasytextos.com\/cuanto-tiempo\/#website"},"breadcrumb":{"@id":"https:\/\/dudasytextos.com\/cuanto-tiempo\/cuanto-tiempo-cocer-careta-de-cerdo\/#breadcrumblist"},"author":{"@id":"https:\/\/dudasytextos.com\/cuanto-tiempo\/author\/admin23\/#author"},"creator":{"@id":"https:\/\/dudasytextos.com\/cuanto-tiempo\/author\/admin23\/#author"},"datePublished":"2025-02-19T11:45:43+00:00","dateModified":"2025-03-13T09:45:50+00:00"},{"@type":"WebSite","@id":"https:\/\/dudasytextos.com\/cuanto-tiempo\/#website","url":"https:\/\/dudasytextos.com\/cuanto-tiempo\/","name":"Recipes","description":"\u00bfCu\u00e1nto Tiempo?","inLanguage":"es-ES","publisher":{"@id":"https:\/\/dudasytextos.com\/cuanto-tiempo\/#organization"}}]},"og:locale":"es_ES","og:site_name":"\u00bfCu\u00e1nto Tiempo? - \u00bfCu\u00e1nto Tiempo?","og:type":"article","og:title":"Cu\u00e1nto tiempo cocer careta de cerdo (2026) \u00bfCu\u00e1nto Tiempo?","og:description":"Cu\u00e1nto Tiempo Cocer Careta de Cerdo - Consejos y Recomendaciones Por Ana Gonz\u00e1lez Curiosidades sobre la careta de cerdo La careta de cerdo es una parte del cerdo que no se utiliza con mucha frecuencia en la cocina, pero puede ser muy sabrosa si se cocina bien. Es un corte que se encuentra en la","og:url":"https:\/\/dudasytextos.com\/cuanto-tiempo\/cuanto-tiempo-cocer-careta-de-cerdo\/","article:published_time":"2025-02-19T11:45:43+00:00","article:modified_time":"2025-03-13T09:45:50+00:00","twitter:card":"summary_large_image","twitter:title":"Cu\u00e1nto tiempo cocer careta de cerdo (2026) \u00bfCu\u00e1nto Tiempo?","twitter:description":"Cu\u00e1nto Tiempo Cocer Careta de Cerdo - Consejos y Recomendaciones Por Ana Gonz\u00e1lez Curiosidades sobre la careta de cerdo La careta de cerdo es una parte del cerdo que no se utiliza con mucha frecuencia en la cocina, pero puede ser muy sabrosa si se cocina bien. Es un corte que se encuentra en la"},"aioseo_meta_data":{"post_id":"95093","title":null,"description":null,"keywords":null,"keyphrases":null,"primary_term":null,"canonical_url":null,"og_title":null,"og_description":null,"og_object_type":"default","og_image_type":"default","og_image_url":null,"og_image_width":null,"og_image_height":null,"og_image_custom_url":null,"og_image_custom_fields":null,"og_video":null,"og_custom_url":null,"og_article_section":null,"og_article_tags":null,"twitter_use_og":false,"twitter_card":"default","twitter_image_type":"default","twitter_image_url":null,"twitter_image_custom_url":null,"twitter_image_custom_fields":null,"twitter_title":null,"twitter_description":null,"schema":{"blockGraphs":[],"customGraphs":[],"default":{"data":{"Article":[],"Course":[],"Dataset":[],"FAQPage":[],"Movie":[],"Person":[],"Product":[],"ProductReview":[],"Car":[],"Recipe":[],"Service":[],"SoftwareApplication":[],"WebPage":[]},"graphName":"","isEnabled":true},"graphs":[]},"schema_type":"default","schema_type_options":null,"pillar_content":false,"robots_default":true,"robots_noindex":false,"robots_noarchive":false,"robots_nosnippet":false,"robots_nofollow":false,"robots_noimageindex":false,"robots_noodp":false,"robots_notranslate":false,"robots_max_snippet":null,"robots_max_videopreview":null,"robots_max_imagepreview":"large","priority":null,"frequency":null,"local_seo":null,"breadcrumb_settings":null,"limit_modified_date":false,"ai":null,"created":"2023-05-04 23:29:55","updated":"2025-06-04 03:13:52","seo_analyzer_scan_date":null,"focus_keyword":null,"additional_keywords":null,"truseo_locale":null},"aioseo_breadcrumb":"<div class=\"aioseo-breadcrumbs\"><span class=\"aioseo-breadcrumb\">\n\t\t\t<a href=\"https:\/\/dudasytextos.com\/cuanto-tiempo\" title=\"Home\">Home<\/a>\n\t\t<\/span><span class=\"aioseo-breadcrumb-separator\">&raquo;<\/span><span class=\"aioseo-breadcrumb\">\n\t\t\t<a href=\"https:\/\/dudasytextos.com\/cuanto-tiempo\/category\/cuanto-tiempo\/\" title=\"\u00bfCu\u00e1nto tiempo?\">\u00bfCu\u00e1nto tiempo?<\/a>\n\t\t<\/span><span class=\"aioseo-breadcrumb-separator\">&raquo;<\/span><span class=\"aioseo-breadcrumb\">\n\t\t\tCu\u00e1nto tiempo cocer careta de cerdo\n\t\t<\/span><\/div>","aioseo_breadcrumb_json":[{"label":"Home","link":"https:\/\/dudasytextos.com\/cuanto-tiempo"},{"label":"\u00bfCu\u00e1nto tiempo?","link":"https:\/\/dudasytextos.com\/cuanto-tiempo\/category\/cuanto-tiempo\/"},{"label":"Cu\u00e1nto tiempo cocer careta de cerdo","link":"https:\/\/dudasytextos.com\/cuanto-tiempo\/cuanto-tiempo-cocer-careta-de-cerdo\/"}],"_links":{"self":[{"href":"https:\/\/dudasytextos.com\/cuanto-tiempo\/wp-json\/wp\/v2\/posts\/95093","targetHints":{"allow":["GET"]}}],"collection":[{"href":"https:\/\/dudasytextos.com\/cuanto-tiempo\/wp-json\/wp\/v2\/posts"}],"about":[{"href":"https:\/\/dudasytextos.com\/cuanto-tiempo\/wp-json\/wp\/v2\/types\/post"}],"author":[{"embeddable":true,"href":"https:\/\/dudasytextos.com\/cuanto-tiempo\/wp-json\/wp\/v2\/users\/1"}],"replies":[{"embeddable":true,"href":"https:\/\/dudasytextos.com\/cuanto-tiempo\/wp-json\/wp\/v2\/comments?post=95093"}],"version-history":[{"count":1,"href":"https:\/\/dudasytextos.com\/cuanto-tiempo\/wp-json\/wp\/v2\/posts\/95093\/revisions"}],"predecessor-version":[{"id":99600,"href":"https:\/\/dudasytextos.com\/cuanto-tiempo\/wp-json\/wp\/v2\/posts\/95093\/revisions\/99600"}],"wp:attachment":[{"href":"https:\/\/dudasytextos.com\/cuanto-tiempo\/wp-json\/wp\/v2\/media?parent=95093"}],"wp:term":[{"taxonomy":"category","embeddable":true,"href":"https:\/\/dudasytextos.com\/cuanto-tiempo\/wp-json\/wp\/v2\/categories?post=95093"},{"taxonomy":"post_tag","embeddable":true,"href":"https:\/\/dudasytextos.com\/cuanto-tiempo\/wp-json\/wp\/v2\/tags?post=95093"}],"curies":[{"name":"wp","href":"https:\/\/api.w.org\/{rel}","templated":true}]}}