{"id":95183,"date":"2025-03-07T11:37:12","date_gmt":"2025-03-07T11:37:12","guid":{"rendered":"https:\/\/educacion.cc\/en\/?p=95183"},"modified":"2025-03-13T01:51:52","modified_gmt":"2025-03-13T01:51:52","slug":"cuanto-tiempo-dejar-la-mascarilla","status":"publish","type":"post","link":"https:\/\/dudasytextos.com\/cuanto-tiempo\/cuanto-tiempo-dejar-la-mascarilla\/","title":{"rendered":"Cu\u00e1nto tiempo dejar la mascarilla"},"content":{"rendered":"<div id=\"ez-toc-container\" class=\"ez-toc-v2_0_87 counter-hierarchy ez-toc-counter ez-toc-custom ez-toc-container-direction\">\n<div class=\"ez-toc-title-container\">\n<span class=\"ez-toc-title-toggle\"><\/span><\/div>\n<nav><ul class='ez-toc-list ez-toc-list-level-1 ' ><li class='ez-toc-page-1 ez-toc-heading-level-2'><a class=\"ez-toc-link ez-toc-heading-1\" href=\"https:\/\/dudasytextos.com\/cuanto-tiempo\/cuanto-tiempo-dejar-la-mascarilla\/#Cuanto_Tiempo_Dejar_La_Mascarilla\" >Cu\u00e1nto Tiempo Dejar La Mascarilla<\/a><\/li><li class='ez-toc-page-1 ez-toc-heading-level-2'><a class=\"ez-toc-link ez-toc-heading-2\" href=\"https:\/\/dudasytextos.com\/cuanto-tiempo\/cuanto-tiempo-dejar-la-mascarilla\/#Por_Ana_Gonzalez\" >Por Ana Gonz\u00e1lez<\/a><\/li><li class='ez-toc-page-1 ez-toc-heading-level-2'><a class=\"ez-toc-link ez-toc-heading-3\" href=\"https:\/\/dudasytextos.com\/cuanto-tiempo\/cuanto-tiempo-dejar-la-mascarilla\/#Curiosidades_y_estadisticas_sobre_el_uso_de_mascarillas\" >Curiosidades y estad\u00edsticas sobre el uso de mascarillas<\/a><\/li><li class='ez-toc-page-1 ez-toc-heading-level-2'><a class=\"ez-toc-link ez-toc-heading-4\" href=\"https:\/\/dudasytextos.com\/cuanto-tiempo\/cuanto-tiempo-dejar-la-mascarilla\/#Mi_experiencia_personal_con_el_uso_de_mascarillas\" >Mi experiencia personal con el uso de mascarillas<\/a><\/li><li class='ez-toc-page-1 ez-toc-heading-level-2'><a class=\"ez-toc-link ez-toc-heading-5\" href=\"https:\/\/dudasytextos.com\/cuanto-tiempo\/cuanto-tiempo-dejar-la-mascarilla\/#%C2%BFCuanto_tiempo_se_puede_llevar_la_mascarilla_puesta\" >\u00bfCu\u00e1nto tiempo se puede llevar la mascarilla puesta?<\/a><\/li><li class='ez-toc-page-1 ez-toc-heading-level-2'><a class=\"ez-toc-link ez-toc-heading-6\" href=\"https:\/\/dudasytextos.com\/cuanto-tiempo\/cuanto-tiempo-dejar-la-mascarilla\/#%C2%BFQue_tipo_de_mascarilla_es_mas_recomendable\" >\u00bfQu\u00e9 tipo de mascarilla es m\u00e1s recomendable?<\/a><\/li><li class='ez-toc-page-1 ez-toc-heading-level-2'><a class=\"ez-toc-link ez-toc-heading-7\" href=\"https:\/\/dudasytextos.com\/cuanto-tiempo\/cuanto-tiempo-dejar-la-mascarilla\/#Preguntas_frecuentes_sobre_el_uso_de_mascarillas\" >Preguntas frecuentes sobre el uso de mascarillas<\/a><ul class='ez-toc-list-level-3' ><li class='ez-toc-heading-level-3'><a class=\"ez-toc-link ez-toc-heading-8\" href=\"https:\/\/dudasytextos.com\/cuanto-tiempo\/cuanto-tiempo-dejar-la-mascarilla\/#%C2%BFEs_necesario_utilizar_mascarilla_en_exteriores\" >\u00bfEs necesario utilizar mascarilla en exteriores?<\/a><\/li><li class='ez-toc-page-1 ez-toc-heading-level-3'><a class=\"ez-toc-link ez-toc-heading-9\" href=\"https:\/\/dudasytextos.com\/cuanto-tiempo\/cuanto-tiempo-dejar-la-mascarilla\/#%C2%BFEs_necesario_utilizar_mascarilla_en_el_coche\" >\u00bfEs necesario utilizar mascarilla en el coche?<\/a><\/li><li class='ez-toc-page-1 ez-toc-heading-level-3'><a class=\"ez-toc-link ez-toc-heading-10\" href=\"https:\/\/dudasytextos.com\/cuanto-tiempo\/cuanto-tiempo-dejar-la-mascarilla\/#%C2%BFPuedo_reutilizar_la_misma_mascarilla_varias_veces\" >\u00bfPuedo reutilizar la misma mascarilla varias veces?<\/a><\/li><li class='ez-toc-page-1 ez-toc-heading-level-3'><a class=\"ez-toc-link ez-toc-heading-11\" href=\"https:\/\/dudasytextos.com\/cuanto-tiempo\/cuanto-tiempo-dejar-la-mascarilla\/#%C2%BFEs_necesario_utilizar_mascarilla_en_espacios_abiertos\" >\u00bfEs necesario utilizar mascarilla en espacios abiertos?<\/a><\/li><\/ul><\/li><\/ul><\/nav><\/div>\n<h2><span class=\"ez-toc-section\" id=\"Cuanto_Tiempo_Dejar_La_Mascarilla\"><\/span>Cu\u00e1nto Tiempo Dejar La Mascarilla<span class=\"ez-toc-section-end\"><\/span><\/h2>\n<h2><span class=\"ez-toc-section\" id=\"Por_Ana_Gonzalez\"><\/span>Por Ana Gonz\u00e1lez<span class=\"ez-toc-section-end\"><\/span><\/h2>\n<section>\n<h2><span class=\"ez-toc-section\" id=\"Curiosidades_y_estadisticas_sobre_el_uso_de_mascarillas\"><\/span>Curiosidades y estad\u00edsticas sobre el uso de mascarillas<span class=\"ez-toc-section-end\"><\/span><\/h2>\n<ul>\n<li>Seg\u00fan el Ministerio de Sanidad, el uso de mascarillas es obligatorio en Espa\u00f1a en espacios p\u00fablicos cerrados y en la v\u00eda p\u00fablica si no se puede mantener la distancia de seguridad.<\/li>\n<li>El uso de mascarillas puede reducir la propagaci\u00f3n del virus COVID-19.<\/li>\n<li>Seg\u00fan una encuesta realizada por la OCU, el 96% de los espa\u00f1oles utiliza mascarilla en espacios p\u00fablicos.<\/li>\n<li>Es importante utilizar mascarillas de calidad y cambiarlas con frecuencia para garantizar su efectividad.<\/li>\n<\/ul>\n<\/section>\n<section>\n<h2><span class=\"ez-toc-section\" id=\"Mi_experiencia_personal_con_el_uso_de_mascarillas\"><\/span>Mi experiencia personal con el uso de mascarillas<span class=\"ez-toc-section-end\"><\/span><\/h2>\n<p>Desde que comenz\u00f3 la pandemia, he utilizado mascarilla en todas mis salidas a la calle. Al principio me resultaba inc\u00f3modo y me costaba respirar con ella puesta, pero con el <a href=\"https:\/\/dudasytextos.com\/cuanto-tiempo\/500-metros-andando-cuanto-tiempo-es\/\">tiempo<\/a> me he acostumbrado y ya no me resulta un problema.<\/p>\n<p>Hice la prueba de utilizar la mascarilla durante diferentes per\u00edodos de tiempo y descubr\u00ed que puedo llevarla puesta durante un m\u00e1ximo de 4 horas sin sentirme inc\u00f3moda. Despu\u00e9s de ese tiempo, necesito un descanso para poder respirar correctamente y evitar molestias en la piel.<\/p>\n<\/section>\n<section>\n<h2><span class=\"ez-toc-section\" id=\"%C2%BFCuanto_tiempo_se_puede_llevar_la_mascarilla_puesta\"><\/span>\u00bfCu\u00e1nto tiempo se puede llevar la mascarilla puesta?<span class=\"ez-toc-section-end\"><\/span><\/h2>\n<p>La duraci\u00f3n recomendada para llevar la mascarilla puesta var\u00eda en funci\u00f3n del tipo de mascarilla y de las condiciones de uso. En general, se recomienda no llevarla puesta durante m\u00e1s de 4 horas consecutivas.<\/p>\n<p>Si la mascarilla se humedece o se ensucia, es necesario cambiarla inmediatamente. Tambi\u00e9n se recomienda cambiar la mascarilla despu\u00e9s de cada uso y lavarla con agua y jab\u00f3n o desinfectarla con alcohol.<\/p>\n<\/section>\n<section>\n<h2><span class=\"ez-toc-section\" id=\"%C2%BFQue_tipo_de_mascarilla_es_mas_recomendable\"><\/span>\u00bfQu\u00e9 tipo de mascarilla es m\u00e1s recomendable?<span class=\"ez-toc-section-end\"><\/span><\/h2>\n<p>Existen diferentes tipos de mascarillas, desde las m\u00e1s sencillas y econ\u00f3micas hasta las m\u00e1s sofisticadas y efectivas. En general, se recomienda utilizar mascarillas higi\u00e9nicas o quir\u00fargicas para el uso diario.<\/p>\n<p>Las mascarillas FFP2 o FFP3 son m\u00e1s efectivas para protegerse del virus, pero su uso est\u00e1 reservado para personal sanitario o para situaciones de alto riesgo.<\/p>\n<\/section>\n<section>\n<h2><span class=\"ez-toc-section\" id=\"Preguntas_frecuentes_sobre_el_uso_de_mascarillas\"><\/span>Preguntas frecuentes sobre el uso de mascarillas<span class=\"ez-toc-section-end\"><\/span><\/h2>\n<h3><span class=\"ez-toc-section\" id=\"%C2%BFEs_necesario_utilizar_mascarilla_en_exteriores\"><\/span>\u00bfEs necesario utilizar mascarilla en exteriores?<span class=\"ez-toc-section-end\"><\/span><\/h3>\n<p>En Espa\u00f1a, el uso de mascarilla es obligatorio en la v\u00eda p\u00fablica si no se puede mantener la distancia de seguridad. En otros pa\u00edses, las normas pueden variar. En cualquier caso, es recomendable utilizar mascarilla siempre que se est\u00e9 en contacto con otras personas en espacios p\u00fablicos.<\/p>\n<h3><span class=\"ez-toc-section\" id=\"%C2%BFEs_necesario_utilizar_mascarilla_en_el_coche\"><\/span>\u00bfEs necesario utilizar mascarilla en el coche?<span class=\"ez-toc-section-end\"><\/span><\/h3>\n<p>En general, no es necesario utilizar mascarilla si se viaja en el coche con personas con las que se convive habitualmente. Sin embargo, es recomendable utilizarla si se viaja con personas que no conviven en el mismo hogar.<\/p>\n<h3><span class=\"ez-toc-section\" id=\"%C2%BFPuedo_reutilizar_la_misma_mascarilla_varias_veces\"><\/span>\u00bfPuedo reutilizar la misma mascarilla varias veces?<span class=\"ez-toc-section-end\"><\/span><\/h3>\n<p>Las mascarillas higi\u00e9nicas y quir\u00fargicas est\u00e1n dise\u00f1adas para un solo uso. No se recomienda reutilizarlas, ya que pueden perder efectividad y aumentar el riesgo de contagio.<\/p>\n<h3><span class=\"ez-toc-section\" id=\"%C2%BFEs_necesario_utilizar_mascarilla_en_espacios_abiertos\"><\/span>\u00bfEs necesario utilizar mascarilla en espacios abiertos?<span class=\"ez-toc-section-end\"><\/span><\/h3>\n<p>En general, no es necesario utilizar mascarilla en espacios abiertos si se puede mantener la distancia de seguridad. Sin embargo, si se est\u00e1 en contacto con otras personas en un espacio abierto, es recomendable utilizar mascarilla para reducir el riesgo de contagio.<\/p>\n<\/section>\n<footer>\n<p>Este art\u00edculo ha sido escrito por Ana Gonz\u00e1lez.<\/p>\n<\/footer>\n","protected":false},"excerpt":{"rendered":"<p>Cu\u00e1nto Tiempo Dejar La Mascarilla Por Ana Gonz\u00e1lez Curiosidades y estad\u00edsticas sobre el uso de mascarillas Seg\u00fan el Ministerio de Sanidad, el uso de mascarillas es obligatorio en Espa\u00f1a en espacios p\u00fablicos cerrados y en la v\u00eda p\u00fablica si no se puede mantener la distancia de seguridad. El uso de mascarillas puede reducir la propagaci\u00f3n &#8230; <a title=\"Cu\u00e1nto tiempo dejar la mascarilla\" class=\"read-more\" href=\"https:\/\/dudasytextos.com\/cuanto-tiempo\/cuanto-tiempo-dejar-la-mascarilla\/\" aria-label=\"M\u00e1s en Cu\u00e1nto tiempo dejar la mascarilla\">Leer m\u00e1s<\/a><\/p>\n","protected":false},"author":1,"featured_media":0,"comment_status":"open","ping_status":"open","sticky":false,"template":"","format":"standard","meta":{"footnotes":""},"categories":[3],"tags":[],"class_list":["post-95183","post","type-post","status-publish","format-standard","hentry","category-cuanto-tiempo"],"aioseo_notices":[],"aioseo_head":"\n\t\t<!-- All in One SEO 5.0.1.1 - aioseo.com -->\n\t<meta name=\"description\" content=\"Cu\u00e1nto Tiempo Dejar La Mascarilla Por Ana Gonz\u00e1lez Curiosidades y estad\u00edsticas sobre el uso de mascarillas Seg\u00fan el Ministerio de Sanidad, el uso de mascarillas es obligatorio en Espa\u00f1a en espacios p\u00fablicos cerrados y en la v\u00eda p\u00fablica si no se puede mantener la distancia de seguridad. El uso de mascarillas puede reducir la propagaci\u00f3n\" \/>\n\t<meta name=\"robots\" content=\"max-snippet:-1, max-image-preview:large, max-video-preview:-1\" \/>\n\t<meta name=\"author\" content=\"Ana Gonz\u00e1lez\"\/>\n\t<link rel=\"canonical\" href=\"https:\/\/dudasytextos.com\/cuanto-tiempo\/cuanto-tiempo-dejar-la-mascarilla\/\" \/>\n\t<meta name=\"generator\" content=\"All in One SEO (AIOSEO) 5.0.1.1\" \/>\n\n\t\t<!-- Google tag (gtag.js) -->\n<script async src=\"https:\/\/www.googletagmanager.com\/gtag\/js?id=G-YPSGVRV7JJ\"><\/script>\n<script>\n  window.dataLayer = window.dataLayer || [];\n  function gtag(){dataLayer.push(arguments);}\n  gtag('js', new Date());\n\n  gtag('config', 'G-YPSGVRV7JJ');\n<\/script>\n<script async src=\"https:\/\/pagead2.googlesyndication.com\/pagead\/js\/adsbygoogle.js?client=ca-pub-3987500858204711\"\n     crossorigin=\"anonymous\"><\/script>\n\t\t<meta property=\"og:locale\" content=\"es_ES\" \/>\n\t\t<meta property=\"og:site_name\" content=\"\u00bfCu\u00e1nto Tiempo? - \u00bfCu\u00e1nto Tiempo?\" \/>\n\t\t<meta property=\"og:type\" content=\"article\" \/>\n\t\t<meta property=\"og:title\" content=\"Cu\u00e1nto tiempo dejar la mascarilla (2026) \u00bfCu\u00e1nto Tiempo?\" \/>\n\t\t<meta property=\"og:description\" content=\"Cu\u00e1nto Tiempo Dejar La Mascarilla Por Ana Gonz\u00e1lez Curiosidades y estad\u00edsticas sobre el uso de mascarillas Seg\u00fan el Ministerio de Sanidad, el uso de mascarillas es obligatorio en Espa\u00f1a en espacios p\u00fablicos cerrados y en la v\u00eda p\u00fablica si no se puede mantener la distancia de seguridad. El uso de mascarillas puede reducir la propagaci\u00f3n\" \/>\n\t\t<meta property=\"og:url\" content=\"https:\/\/dudasytextos.com\/cuanto-tiempo\/cuanto-tiempo-dejar-la-mascarilla\/\" \/>\n\t\t<meta property=\"article:published_time\" content=\"2025-03-07T11:37:12+00:00\" \/>\n\t\t<meta property=\"article:modified_time\" content=\"2025-03-13T01:51:52+00:00\" \/>\n\t\t<meta name=\"twitter:card\" content=\"summary_large_image\" \/>\n\t\t<meta name=\"twitter:title\" content=\"Cu\u00e1nto tiempo dejar la mascarilla (2026) \u00bfCu\u00e1nto Tiempo?\" \/>\n\t\t<meta name=\"twitter:description\" content=\"Cu\u00e1nto Tiempo Dejar La Mascarilla Por Ana Gonz\u00e1lez Curiosidades y estad\u00edsticas sobre el uso de mascarillas Seg\u00fan el Ministerio de Sanidad, el uso de mascarillas es obligatorio en Espa\u00f1a en espacios p\u00fablicos cerrados y en la v\u00eda p\u00fablica si no se puede mantener la distancia de seguridad. El uso de mascarillas puede reducir la propagaci\u00f3n\" \/>\n\t\t<script type=\"application\/ld+json\" class=\"aioseo-schema\">\n\t\t\t{\"@context\":\"https:\\\/\\\/schema.org\",\"@graph\":[{\"@type\":\"BlogPosting\",\"@id\":\"https:\\\/\\\/dudasytextos.com\\\/cuanto-tiempo\\\/cuanto-tiempo-dejar-la-mascarilla\\\/#blogposting\",\"name\":\"Cu\\u00e1nto tiempo dejar la mascarilla (2026) \\u00bfCu\\u00e1nto Tiempo?\",\"headline\":\"Cu\\u00e1nto tiempo dejar la mascarilla\",\"author\":{\"@id\":\"https:\\\/\\\/dudasytextos.com\\\/cuanto-tiempo\\\/author\\\/admin23\\\/#author\"},\"publisher\":{\"@id\":\"https:\\\/\\\/dudasytextos.com\\\/cuanto-tiempo\\\/#organization\"},\"datePublished\":\"2025-03-07T11:37:12+00:00\",\"dateModified\":\"2025-03-13T01:51:52+00:00\",\"inLanguage\":\"es-ES\",\"mainEntityOfPage\":{\"@id\":\"https:\\\/\\\/dudasytextos.com\\\/cuanto-tiempo\\\/cuanto-tiempo-dejar-la-mascarilla\\\/#webpage\"},\"isPartOf\":{\"@id\":\"https:\\\/\\\/dudasytextos.com\\\/cuanto-tiempo\\\/cuanto-tiempo-dejar-la-mascarilla\\\/#webpage\"},\"articleSection\":\"\\u00bfCu\\u00e1nto tiempo?\"},{\"@type\":\"BreadcrumbList\",\"@id\":\"https:\\\/\\\/dudasytextos.com\\\/cuanto-tiempo\\\/cuanto-tiempo-dejar-la-mascarilla\\\/#breadcrumblist\",\"itemListElement\":[{\"@type\":\"ListItem\",\"@id\":\"https:\\\/\\\/dudasytextos.com\\\/cuanto-tiempo#listItem\",\"position\":1,\"name\":\"Home\",\"item\":\"https:\\\/\\\/dudasytextos.com\\\/cuanto-tiempo\",\"nextItem\":{\"@type\":\"ListItem\",\"@id\":\"https:\\\/\\\/dudasytextos.com\\\/cuanto-tiempo\\\/category\\\/cuanto-tiempo\\\/#listItem\",\"name\":\"\\u00bfCu\\u00e1nto tiempo?\"}},{\"@type\":\"ListItem\",\"@id\":\"https:\\\/\\\/dudasytextos.com\\\/cuanto-tiempo\\\/category\\\/cuanto-tiempo\\\/#listItem\",\"position\":2,\"name\":\"\\u00bfCu\\u00e1nto tiempo?\",\"item\":\"https:\\\/\\\/dudasytextos.com\\\/cuanto-tiempo\\\/category\\\/cuanto-tiempo\\\/\",\"nextItem\":{\"@type\":\"ListItem\",\"@id\":\"https:\\\/\\\/dudasytextos.com\\\/cuanto-tiempo\\\/cuanto-tiempo-dejar-la-mascarilla\\\/#listItem\",\"name\":\"Cu\\u00e1nto tiempo dejar la mascarilla\"},\"previousItem\":{\"@type\":\"ListItem\",\"@id\":\"https:\\\/\\\/dudasytextos.com\\\/cuanto-tiempo#listItem\",\"name\":\"Home\"}},{\"@type\":\"ListItem\",\"@id\":\"https:\\\/\\\/dudasytextos.com\\\/cuanto-tiempo\\\/cuanto-tiempo-dejar-la-mascarilla\\\/#listItem\",\"position\":3,\"name\":\"Cu\\u00e1nto tiempo dejar la mascarilla\",\"previousItem\":{\"@type\":\"ListItem\",\"@id\":\"https:\\\/\\\/dudasytextos.com\\\/cuanto-tiempo\\\/category\\\/cuanto-tiempo\\\/#listItem\",\"name\":\"\\u00bfCu\\u00e1nto tiempo?\"}}]},{\"@type\":\"Organization\",\"@id\":\"https:\\\/\\\/dudasytextos.com\\\/cuanto-tiempo\\\/#organization\",\"name\":\"Recipes\",\"description\":\"\\u00bfCu\\u00e1nto Tiempo?\",\"url\":\"https:\\\/\\\/dudasytextos.com\\\/cuanto-tiempo\\\/\"},{\"@type\":\"Person\",\"@id\":\"https:\\\/\\\/dudasytextos.com\\\/cuanto-tiempo\\\/author\\\/admin23\\\/#author\",\"url\":\"https:\\\/\\\/dudasytextos.com\\\/cuanto-tiempo\\\/author\\\/admin23\\\/\",\"name\":\"Ana Gonz\\u00e1lez\"},{\"@type\":\"WebPage\",\"@id\":\"https:\\\/\\\/dudasytextos.com\\\/cuanto-tiempo\\\/cuanto-tiempo-dejar-la-mascarilla\\\/#webpage\",\"url\":\"https:\\\/\\\/dudasytextos.com\\\/cuanto-tiempo\\\/cuanto-tiempo-dejar-la-mascarilla\\\/\",\"name\":\"Cu\\u00e1nto tiempo dejar la mascarilla (2026) \\u00bfCu\\u00e1nto Tiempo?\",\"description\":\"Cu\\u00e1nto Tiempo Dejar La Mascarilla Por Ana Gonz\\u00e1lez Curiosidades y estad\\u00edsticas sobre el uso de mascarillas Seg\\u00fan el Ministerio de Sanidad, el uso de mascarillas es obligatorio en Espa\\u00f1a en espacios p\\u00fablicos cerrados y en la v\\u00eda p\\u00fablica si no se puede mantener la distancia de seguridad. El uso de mascarillas puede reducir la propagaci\\u00f3n\",\"inLanguage\":\"es-ES\",\"isPartOf\":{\"@id\":\"https:\\\/\\\/dudasytextos.com\\\/cuanto-tiempo\\\/#website\"},\"breadcrumb\":{\"@id\":\"https:\\\/\\\/dudasytextos.com\\\/cuanto-tiempo\\\/cuanto-tiempo-dejar-la-mascarilla\\\/#breadcrumblist\"},\"author\":{\"@id\":\"https:\\\/\\\/dudasytextos.com\\\/cuanto-tiempo\\\/author\\\/admin23\\\/#author\"},\"creator\":{\"@id\":\"https:\\\/\\\/dudasytextos.com\\\/cuanto-tiempo\\\/author\\\/admin23\\\/#author\"},\"datePublished\":\"2025-03-07T11:37:12+00:00\",\"dateModified\":\"2025-03-13T01:51:52+00:00\"},{\"@type\":\"WebSite\",\"@id\":\"https:\\\/\\\/dudasytextos.com\\\/cuanto-tiempo\\\/#website\",\"url\":\"https:\\\/\\\/dudasytextos.com\\\/cuanto-tiempo\\\/\",\"name\":\"Recipes\",\"description\":\"\\u00bfCu\\u00e1nto Tiempo?\",\"inLanguage\":\"es-ES\",\"publisher\":{\"@id\":\"https:\\\/\\\/dudasytextos.com\\\/cuanto-tiempo\\\/#organization\"}}]}\n\t\t<\/script>\n\t\t<!-- All in One SEO -->\n\n","aioseo_head_json":{"title":"Cu\u00e1nto tiempo dejar la mascarilla (2026) \u00bfCu\u00e1nto Tiempo?","description":"Cu\u00e1nto Tiempo Dejar La Mascarilla Por Ana Gonz\u00e1lez Curiosidades y estad\u00edsticas sobre el uso de mascarillas Seg\u00fan el Ministerio de Sanidad, el uso de mascarillas es obligatorio en Espa\u00f1a en espacios p\u00fablicos cerrados y en la v\u00eda p\u00fablica si no se puede mantener la distancia de seguridad. El uso de mascarillas puede reducir la propagaci\u00f3n","canonical_url":"https:\/\/dudasytextos.com\/cuanto-tiempo\/cuanto-tiempo-dejar-la-mascarilla\/","robots":"max-snippet:-1, max-image-preview:large, max-video-preview:-1","keywords":"","webmasterTools":{"miscellaneous":"&lt;!-- Google tag (gtag.js) --&gt;\n&lt;script async src=\"https:\/\/www.googletagmanager.com\/gtag\/js?id=G-YPSGVRV7JJ\"&gt;&lt;\/script&gt;\n&lt;script&gt;\n  window.dataLayer = window.dataLayer || [];\n  function gtag(){dataLayer.push(arguments);}\n  gtag('js', new Date());\n\n  gtag('config', 'G-YPSGVRV7JJ');\n&lt;\/script&gt;\n&lt;script async src=\"https:\/\/pagead2.googlesyndication.com\/pagead\/js\/adsbygoogle.js?client=ca-pub-3987500858204711\"\n     crossorigin=\"anonymous\"&gt;&lt;\/script&gt;"},"schema":{"@context":"https:\/\/schema.org","@graph":[{"@type":"BlogPosting","@id":"https:\/\/dudasytextos.com\/cuanto-tiempo\/cuanto-tiempo-dejar-la-mascarilla\/#blogposting","name":"Cu\u00e1nto tiempo dejar la mascarilla (2026) \u00bfCu\u00e1nto Tiempo?","headline":"Cu\u00e1nto tiempo dejar la mascarilla","author":{"@id":"https:\/\/dudasytextos.com\/cuanto-tiempo\/author\/admin23\/#author"},"publisher":{"@id":"https:\/\/dudasytextos.com\/cuanto-tiempo\/#organization"},"datePublished":"2025-03-07T11:37:12+00:00","dateModified":"2025-03-13T01:51:52+00:00","inLanguage":"es-ES","mainEntityOfPage":{"@id":"https:\/\/dudasytextos.com\/cuanto-tiempo\/cuanto-tiempo-dejar-la-mascarilla\/#webpage"},"isPartOf":{"@id":"https:\/\/dudasytextos.com\/cuanto-tiempo\/cuanto-tiempo-dejar-la-mascarilla\/#webpage"},"articleSection":"\u00bfCu\u00e1nto tiempo?"},{"@type":"BreadcrumbList","@id":"https:\/\/dudasytextos.com\/cuanto-tiempo\/cuanto-tiempo-dejar-la-mascarilla\/#breadcrumblist","itemListElement":[{"@type":"ListItem","@id":"https:\/\/dudasytextos.com\/cuanto-tiempo#listItem","position":1,"name":"Home","item":"https:\/\/dudasytextos.com\/cuanto-tiempo","nextItem":{"@type":"ListItem","@id":"https:\/\/dudasytextos.com\/cuanto-tiempo\/category\/cuanto-tiempo\/#listItem","name":"\u00bfCu\u00e1nto tiempo?"}},{"@type":"ListItem","@id":"https:\/\/dudasytextos.com\/cuanto-tiempo\/category\/cuanto-tiempo\/#listItem","position":2,"name":"\u00bfCu\u00e1nto tiempo?","item":"https:\/\/dudasytextos.com\/cuanto-tiempo\/category\/cuanto-tiempo\/","nextItem":{"@type":"ListItem","@id":"https:\/\/dudasytextos.com\/cuanto-tiempo\/cuanto-tiempo-dejar-la-mascarilla\/#listItem","name":"Cu\u00e1nto tiempo dejar la mascarilla"},"previousItem":{"@type":"ListItem","@id":"https:\/\/dudasytextos.com\/cuanto-tiempo#listItem","name":"Home"}},{"@type":"ListItem","@id":"https:\/\/dudasytextos.com\/cuanto-tiempo\/cuanto-tiempo-dejar-la-mascarilla\/#listItem","position":3,"name":"Cu\u00e1nto tiempo dejar la mascarilla","previousItem":{"@type":"ListItem","@id":"https:\/\/dudasytextos.com\/cuanto-tiempo\/category\/cuanto-tiempo\/#listItem","name":"\u00bfCu\u00e1nto tiempo?"}}]},{"@type":"Organization","@id":"https:\/\/dudasytextos.com\/cuanto-tiempo\/#organization","name":"Recipes","description":"\u00bfCu\u00e1nto Tiempo?","url":"https:\/\/dudasytextos.com\/cuanto-tiempo\/"},{"@type":"Person","@id":"https:\/\/dudasytextos.com\/cuanto-tiempo\/author\/admin23\/#author","url":"https:\/\/dudasytextos.com\/cuanto-tiempo\/author\/admin23\/","name":"Ana Gonz\u00e1lez"},{"@type":"WebPage","@id":"https:\/\/dudasytextos.com\/cuanto-tiempo\/cuanto-tiempo-dejar-la-mascarilla\/#webpage","url":"https:\/\/dudasytextos.com\/cuanto-tiempo\/cuanto-tiempo-dejar-la-mascarilla\/","name":"Cu\u00e1nto tiempo dejar la mascarilla (2026) \u00bfCu\u00e1nto Tiempo?","description":"Cu\u00e1nto Tiempo Dejar La Mascarilla Por Ana Gonz\u00e1lez Curiosidades y estad\u00edsticas sobre el uso de mascarillas Seg\u00fan el Ministerio de Sanidad, el uso de mascarillas es obligatorio en Espa\u00f1a en espacios p\u00fablicos cerrados y en la v\u00eda p\u00fablica si no se puede mantener la distancia de seguridad. El uso de mascarillas puede reducir la propagaci\u00f3n","inLanguage":"es-ES","isPartOf":{"@id":"https:\/\/dudasytextos.com\/cuanto-tiempo\/#website"},"breadcrumb":{"@id":"https:\/\/dudasytextos.com\/cuanto-tiempo\/cuanto-tiempo-dejar-la-mascarilla\/#breadcrumblist"},"author":{"@id":"https:\/\/dudasytextos.com\/cuanto-tiempo\/author\/admin23\/#author"},"creator":{"@id":"https:\/\/dudasytextos.com\/cuanto-tiempo\/author\/admin23\/#author"},"datePublished":"2025-03-07T11:37:12+00:00","dateModified":"2025-03-13T01:51:52+00:00"},{"@type":"WebSite","@id":"https:\/\/dudasytextos.com\/cuanto-tiempo\/#website","url":"https:\/\/dudasytextos.com\/cuanto-tiempo\/","name":"Recipes","description":"\u00bfCu\u00e1nto Tiempo?","inLanguage":"es-ES","publisher":{"@id":"https:\/\/dudasytextos.com\/cuanto-tiempo\/#organization"}}]},"og:locale":"es_ES","og:site_name":"\u00bfCu\u00e1nto Tiempo? - \u00bfCu\u00e1nto Tiempo?","og:type":"article","og:title":"Cu\u00e1nto tiempo dejar la mascarilla (2026) \u00bfCu\u00e1nto Tiempo?","og:description":"Cu\u00e1nto Tiempo Dejar La Mascarilla Por Ana Gonz\u00e1lez Curiosidades y estad\u00edsticas sobre el uso de mascarillas Seg\u00fan el Ministerio de Sanidad, el uso de mascarillas es obligatorio en Espa\u00f1a en espacios p\u00fablicos cerrados y en la v\u00eda p\u00fablica si no se puede mantener la distancia de seguridad. El uso de mascarillas puede reducir la propagaci\u00f3n","og:url":"https:\/\/dudasytextos.com\/cuanto-tiempo\/cuanto-tiempo-dejar-la-mascarilla\/","article:published_time":"2025-03-07T11:37:12+00:00","article:modified_time":"2025-03-13T01:51:52+00:00","twitter:card":"summary_large_image","twitter:title":"Cu\u00e1nto tiempo dejar la mascarilla (2026) \u00bfCu\u00e1nto Tiempo?","twitter:description":"Cu\u00e1nto Tiempo Dejar La Mascarilla Por Ana Gonz\u00e1lez Curiosidades y estad\u00edsticas sobre el uso de mascarillas Seg\u00fan el Ministerio de Sanidad, el uso de mascarillas es obligatorio en Espa\u00f1a en espacios p\u00fablicos cerrados y en la v\u00eda p\u00fablica si no se puede mantener la distancia de seguridad. El uso de mascarillas puede reducir la propagaci\u00f3n"},"aioseo_meta_data":{"post_id":"95183","title":null,"description":null,"keywords":null,"keyphrases":null,"primary_term":null,"canonical_url":null,"og_title":null,"og_description":null,"og_object_type":"default","og_image_type":"default","og_image_url":null,"og_image_width":null,"og_image_height":null,"og_image_custom_url":null,"og_image_custom_fields":null,"og_video":null,"og_custom_url":null,"og_article_section":null,"og_article_tags":null,"twitter_use_og":false,"twitter_card":"default","twitter_image_type":"default","twitter_image_url":null,"twitter_image_custom_url":null,"twitter_image_custom_fields":null,"twitter_title":null,"twitter_description":null,"schema":{"blockGraphs":[],"customGraphs":[],"default":{"data":{"Article":[],"Course":[],"Dataset":[],"FAQPage":[],"Movie":[],"Person":[],"Product":[],"ProductReview":[],"Car":[],"Recipe":[],"Service":[],"SoftwareApplication":[],"WebPage":[]},"graphName":"","isEnabled":true},"graphs":[]},"schema_type":"default","schema_type_options":null,"pillar_content":false,"robots_default":true,"robots_noindex":false,"robots_noarchive":false,"robots_nosnippet":false,"robots_nofollow":false,"robots_noimageindex":false,"robots_noodp":false,"robots_notranslate":false,"robots_max_snippet":null,"robots_max_videopreview":null,"robots_max_imagepreview":"large","priority":null,"frequency":null,"local_seo":null,"breadcrumb_settings":null,"limit_modified_date":false,"ai":null,"created":"2023-05-04 23:20:56","updated":"2025-06-04 17:28:46","seo_analyzer_scan_date":null,"focus_keyword":null,"additional_keywords":null,"truseo_locale":null},"aioseo_breadcrumb":"<div class=\"aioseo-breadcrumbs\"><span class=\"aioseo-breadcrumb\">\n\t\t\t<a href=\"https:\/\/dudasytextos.com\/cuanto-tiempo\" title=\"Home\">Home<\/a>\n\t\t<\/span><span class=\"aioseo-breadcrumb-separator\">&raquo;<\/span><span class=\"aioseo-breadcrumb\">\n\t\t\t<a href=\"https:\/\/dudasytextos.com\/cuanto-tiempo\/category\/cuanto-tiempo\/\" title=\"\u00bfCu\u00e1nto tiempo?\">\u00bfCu\u00e1nto tiempo?<\/a>\n\t\t<\/span><span class=\"aioseo-breadcrumb-separator\">&raquo;<\/span><span class=\"aioseo-breadcrumb\">\n\t\t\tCu\u00e1nto tiempo dejar la mascarilla\n\t\t<\/span><\/div>","aioseo_breadcrumb_json":[{"label":"Home","link":"https:\/\/dudasytextos.com\/cuanto-tiempo"},{"label":"\u00bfCu\u00e1nto tiempo?","link":"https:\/\/dudasytextos.com\/cuanto-tiempo\/category\/cuanto-tiempo\/"},{"label":"Cu\u00e1nto tiempo dejar la mascarilla","link":"https:\/\/dudasytextos.com\/cuanto-tiempo\/cuanto-tiempo-dejar-la-mascarilla\/"}],"_links":{"self":[{"href":"https:\/\/dudasytextos.com\/cuanto-tiempo\/wp-json\/wp\/v2\/posts\/95183","targetHints":{"allow":["GET"]}}],"collection":[{"href":"https:\/\/dudasytextos.com\/cuanto-tiempo\/wp-json\/wp\/v2\/posts"}],"about":[{"href":"https:\/\/dudasytextos.com\/cuanto-tiempo\/wp-json\/wp\/v2\/types\/post"}],"author":[{"embeddable":true,"href":"https:\/\/dudasytextos.com\/cuanto-tiempo\/wp-json\/wp\/v2\/users\/1"}],"replies":[{"embeddable":true,"href":"https:\/\/dudasytextos.com\/cuanto-tiempo\/wp-json\/wp\/v2\/comments?post=95183"}],"version-history":[{"count":1,"href":"https:\/\/dudasytextos.com\/cuanto-tiempo\/wp-json\/wp\/v2\/posts\/95183\/revisions"}],"predecessor-version":[{"id":99510,"href":"https:\/\/dudasytextos.com\/cuanto-tiempo\/wp-json\/wp\/v2\/posts\/95183\/revisions\/99510"}],"wp:attachment":[{"href":"https:\/\/dudasytextos.com\/cuanto-tiempo\/wp-json\/wp\/v2\/media?parent=95183"}],"wp:term":[{"taxonomy":"category","embeddable":true,"href":"https:\/\/dudasytextos.com\/cuanto-tiempo\/wp-json\/wp\/v2\/categories?post=95183"},{"taxonomy":"post_tag","embeddable":true,"href":"https:\/\/dudasytextos.com\/cuanto-tiempo\/wp-json\/wp\/v2\/tags?post=95183"}],"curies":[{"name":"wp","href":"https:\/\/api.w.org\/{rel}","templated":true}]}}