{"id":95534,"date":"2025-03-06T16:15:31","date_gmt":"2025-03-06T16:15:31","guid":{"rendered":"https:\/\/educacion.cc\/en\/?p=95534"},"modified":"2025-03-12T14:46:50","modified_gmt":"2025-03-12T14:46:50","slug":"cuanto-tiempo-dura-el-sueno-profundo","status":"publish","type":"post","link":"https:\/\/dudasytextos.com\/cuanto-tiempo\/cuanto-tiempo-dura-el-sueno-profundo\/","title":{"rendered":"Cu\u00e1nto tiempo dura el sue\u00f1o profundo"},"content":{"rendered":"<div id=\"ez-toc-container\" class=\"ez-toc-v2_0_87 counter-hierarchy ez-toc-counter ez-toc-custom ez-toc-container-direction\">\n<div class=\"ez-toc-title-container\">\n<span class=\"ez-toc-title-toggle\"><\/span><\/div>\n<nav><ul class='ez-toc-list ez-toc-list-level-1 ' ><li class='ez-toc-page-1 ez-toc-heading-level-2'><a class=\"ez-toc-link ez-toc-heading-1\" href=\"https:\/\/dudasytextos.com\/cuanto-tiempo\/cuanto-tiempo-dura-el-sueno-profundo\/#Cuanto_tiempo_dura_el_sueno_profundo\" >Cu\u00e1nto tiempo dura el sue\u00f1o profundo<\/a><\/li><li class='ez-toc-page-1 ez-toc-heading-level-2'><a class=\"ez-toc-link ez-toc-heading-2\" href=\"https:\/\/dudasytextos.com\/cuanto-tiempo\/cuanto-tiempo-dura-el-sueno-profundo\/#Curiosidades_sobre_el_sueno_profundo\" >Curiosidades sobre el sue\u00f1o profundo<\/a><\/li><li class='ez-toc-page-1 ez-toc-heading-level-2'><a class=\"ez-toc-link ez-toc-heading-3\" href=\"https:\/\/dudasytextos.com\/cuanto-tiempo\/cuanto-tiempo-dura-el-sueno-profundo\/#%C2%BFCuanto_tiempo_dura_el_sueno_profundo\" >\u00bfCu\u00e1nto tiempo dura el sue\u00f1o profundo?<\/a><\/li><li class='ez-toc-page-1 ez-toc-heading-level-2'><a class=\"ez-toc-link ez-toc-heading-4\" href=\"https:\/\/dudasytextos.com\/cuanto-tiempo\/cuanto-tiempo-dura-el-sueno-profundo\/#%C2%BFComo_puedo_aumentar_la_duracion_del_sueno_profundo\" >\u00bfC\u00f3mo puedo aumentar la duraci\u00f3n del sue\u00f1o profundo?<\/a><\/li><li class='ez-toc-page-1 ez-toc-heading-level-2'><a class=\"ez-toc-link ez-toc-heading-5\" href=\"https:\/\/dudasytextos.com\/cuanto-tiempo\/cuanto-tiempo-dura-el-sueno-profundo\/#Frecuencia_de_los_ciclos_de_sueno_profundo\" >Frecuencia de los ciclos de sue\u00f1o profundo<\/a><\/li><li class='ez-toc-page-1 ez-toc-heading-level-2'><a class=\"ez-toc-link ez-toc-heading-6\" href=\"https:\/\/dudasytextos.com\/cuanto-tiempo\/cuanto-tiempo-dura-el-sueno-profundo\/#Preguntas_frecuentes\" >Preguntas frecuentes<\/a><ul class='ez-toc-list-level-3' ><li class='ez-toc-heading-level-3'><a class=\"ez-toc-link ez-toc-heading-7\" href=\"https:\/\/dudasytextos.com\/cuanto-tiempo\/cuanto-tiempo-dura-el-sueno-profundo\/#%C2%BFEs_normal_tener_poco_sueno_profundo\" >\u00bfEs normal tener poco sue\u00f1o profundo?<\/a><\/li><li class='ez-toc-page-1 ez-toc-heading-level-3'><a class=\"ez-toc-link ez-toc-heading-8\" href=\"https:\/\/dudasytextos.com\/cuanto-tiempo\/cuanto-tiempo-dura-el-sueno-profundo\/#%C2%BFQue_sucede_si_no_tengo_suficiente_sueno_profundo\" >\u00bfQu\u00e9 sucede si no tengo suficiente sue\u00f1o profundo?<\/a><\/li><li class='ez-toc-page-1 ez-toc-heading-level-3'><a class=\"ez-toc-link ez-toc-heading-9\" href=\"https:\/\/dudasytextos.com\/cuanto-tiempo\/cuanto-tiempo-dura-el-sueno-profundo\/#%C2%BFComo_puedo_saber_si_estoy_teniendo_suficiente_sueno_profundo\" >\u00bfC\u00f3mo puedo saber si estoy teniendo suficiente sue\u00f1o profundo?<\/a><\/li><\/ul><\/li><\/ul><\/nav><\/div>\n<h2><span class=\"ez-toc-section\" id=\"Cuanto_tiempo_dura_el_sueno_profundo\"><\/span>Cu\u00e1nto tiempo dura el sue\u00f1o profundo<span class=\"ez-toc-section-end\"><\/span><\/h2>\n<p>Escrito por Ana Gonz\u00e1lez<\/p>\n<section>\n<h2><span class=\"ez-toc-section\" id=\"Curiosidades_sobre_el_sueno_profundo\"><\/span>Curiosidades sobre el sue\u00f1o profundo<span class=\"ez-toc-section-end\"><\/span><\/h2>\n<ul>\n<li>El sue\u00f1o profundo es la fase m\u00e1s reparadora del sue\u00f1o<\/li>\n<li>Se caracteriza por ondas cerebrales lentas y regulares<\/li>\n<li>El sue\u00f1o profundo es esencial para la memoria y el aprendizaje<\/li>\n<li>La duraci\u00f3n del sue\u00f1o profundo disminuye con la edad<\/li>\n<li>El sue\u00f1o profundo se produce principalmente en las primeras horas de la noche<\/li>\n<\/ul>\n<\/section>\n<section>\n<h2><span class=\"ez-toc-section\" id=\"%C2%BFCuanto_tiempo_dura_el_sueno_profundo\"><\/span>\u00bfCu\u00e1nto tiempo dura el sue\u00f1o profundo?<span class=\"ez-toc-section-end\"><\/span><\/h2>\n<p>La duraci\u00f3n del sue\u00f1o profundo var\u00eda seg\u00fan la edad y la persona. En general, el sue\u00f1o profundo ocupa alrededor del 20% del <a href=\"https:\/\/dudasytextos.com\/cuanto-tiempo\/500-metros-andando-cuanto-tiempo-es\/\">tiempo<\/a> total de sue\u00f1o en adultos j\u00f3venes. En beb\u00e9s y ni\u00f1os, el porcentaje es mayor, mientras que en adultos mayores el porcentaje disminuye.<\/p>\n<p>En promedio, el sue\u00f1o profundo dura entre 1 y 2 horas por noche en adultos j\u00f3venes. Sin embargo, algunas personas pueden tener m\u00e1s o menos sue\u00f1o profundo que otras. Tambi\u00e9n es posible que la cantidad de sue\u00f1o profundo var\u00ede de una noche a otra.<\/p>\n<p>En general, se considera que una buena noche de sue\u00f1o incluye suficiente tiempo en la fase de sue\u00f1o profundo.<\/p>\n<\/section>\n<section>\n<h2><span class=\"ez-toc-section\" id=\"%C2%BFComo_puedo_aumentar_la_duracion_del_sueno_profundo\"><\/span>\u00bfC\u00f3mo puedo aumentar la duraci\u00f3n del sue\u00f1o profundo?<span class=\"ez-toc-section-end\"><\/span><\/h2>\n<p>Hay varias estrategias que pueden ayudar a aumentar la duraci\u00f3n del sue\u00f1o profundo:<\/p>\n<ul>\n<li>Establecer una rutina de sue\u00f1o regular<\/li>\n<li>Mantener un ambiente de sue\u00f1o tranquilo y oscuro<\/li>\n<li>Evitar estimulantes como la cafe\u00edna y el alcohol antes de acostarse<\/li>\n<li>Ejercitarse regularmente durante el d\u00eda para promover el sue\u00f1o profundo durante la noche<\/li>\n<li>Practicar t\u00e9cnicas de relajaci\u00f3n como la meditaci\u00f3n o la respiraci\u00f3n profunda antes de acostarse<\/li>\n<\/ul>\n<p>Si tiene problemas para dormir o para obtener suficiente sue\u00f1o profundo, es posible que deba consultar a un m\u00e9dico o a un especialista en sue\u00f1o.<\/p>\n<\/section>\n<section>\n<h2><span class=\"ez-toc-section\" id=\"Frecuencia_de_los_ciclos_de_sueno_profundo\"><\/span>Frecuencia de los ciclos de sue\u00f1o profundo<span class=\"ez-toc-section-end\"><\/span><\/h2>\n<p>Los ciclos de sue\u00f1o profundo se producen varias veces durante la noche, junto con otros ciclos de sue\u00f1o ligero y REM (movimiento r\u00e1pido de los ojos). En promedio, los ciclos de sue\u00f1o profundo duran alrededor de 90 minutos cada uno y se producen aproximadamente cada 3 horas.<\/p>\n<p>Es importante tener en cuenta que los ciclos de sue\u00f1o var\u00edan de una persona a otra y pueden ser afectados por factores como el estr\u00e9s, la dieta, la actividad f\u00edsica y la salud en general.<\/p>\n<\/section>\n<section>\n<h2><span class=\"ez-toc-section\" id=\"Preguntas_frecuentes\"><\/span>Preguntas frecuentes<span class=\"ez-toc-section-end\"><\/span><\/h2>\n<h3><span class=\"ez-toc-section\" id=\"%C2%BFEs_normal_tener_poco_sueno_profundo\"><\/span>\u00bfEs normal tener poco sue\u00f1o profundo?<span class=\"ez-toc-section-end\"><\/span><\/h3>\n<p>La cantidad de sue\u00f1o profundo que necesita una persona var\u00eda, por lo que es posible que algunas personas tengan menos sue\u00f1o profundo que otras. Sin embargo, si tiene problemas para dormir o para obtener suficiente sue\u00f1o profundo, es posible que deba consultar a un m\u00e9dico o a un especialista en sue\u00f1o.<\/p>\n<h3><span class=\"ez-toc-section\" id=\"%C2%BFQue_sucede_si_no_tengo_suficiente_sueno_profundo\"><\/span>\u00bfQu\u00e9 sucede si no tengo suficiente sue\u00f1o profundo?<span class=\"ez-toc-section-end\"><\/span><\/h3>\n<p>La falta de sue\u00f1o profundo puede afectar la salud mental y f\u00edsica. Puede causar problemas de memoria y concentraci\u00f3n, disminuir la capacidad para manejar el estr\u00e9s y aumentar el riesgo de enfermedades como la diabetes y la obesidad.<\/p>\n<h3><span class=\"ez-toc-section\" id=\"%C2%BFComo_puedo_saber_si_estoy_teniendo_suficiente_sueno_profundo\"><\/span>\u00bfC\u00f3mo puedo saber si estoy teniendo suficiente sue\u00f1o profundo?<span class=\"ez-toc-section-end\"><\/span><\/h3>\n<p>Si se siente descansado y alerta durante el d\u00eda, es posible que est\u00e9 obteniendo suficiente sue\u00f1o profundo. Si tiene problemas para dormir o para sentirse descansado durante el d\u00eda, es posible que deba consultar a un m\u00e9dico o a un especialista en sue\u00f1o.<\/p>\n<\/section>\n<footer>\n<p>Creado por Ana Gonz\u00e1lez para fines educativos.<\/p>\n<\/footer>\n","protected":false},"excerpt":{"rendered":"<p>Cu\u00e1nto tiempo dura el sue\u00f1o profundo Escrito por Ana Gonz\u00e1lez Curiosidades sobre el sue\u00f1o profundo El sue\u00f1o profundo es la fase m\u00e1s reparadora del sue\u00f1o Se caracteriza por ondas cerebrales lentas y regulares El sue\u00f1o profundo es esencial para la memoria y el aprendizaje La duraci\u00f3n del sue\u00f1o profundo disminuye con la edad El sue\u00f1o &#8230; <a title=\"Cu\u00e1nto tiempo dura el sue\u00f1o profundo\" class=\"read-more\" href=\"https:\/\/dudasytextos.com\/cuanto-tiempo\/cuanto-tiempo-dura-el-sueno-profundo\/\" aria-label=\"M\u00e1s en Cu\u00e1nto tiempo dura el sue\u00f1o profundo\">Leer m\u00e1s<\/a><\/p>\n","protected":false},"author":1,"featured_media":0,"comment_status":"open","ping_status":"open","sticky":false,"template":"","format":"standard","meta":{"footnotes":""},"categories":[3],"tags":[],"class_list":["post-95534","post","type-post","status-publish","format-standard","hentry","category-cuanto-tiempo"],"aioseo_notices":[],"aioseo_head":"\n\t\t<!-- All in One SEO 5.0.1.1 - aioseo.com -->\n\t<meta name=\"description\" content=\"Cu\u00e1nto tiempo dura el sue\u00f1o profundo Escrito por Ana Gonz\u00e1lez Curiosidades sobre el sue\u00f1o profundo El sue\u00f1o profundo es la fase m\u00e1s reparadora del sue\u00f1o Se caracteriza por ondas cerebrales lentas y regulares El sue\u00f1o profundo es esencial para la memoria y el aprendizaje La duraci\u00f3n del sue\u00f1o profundo disminuye con la edad El sue\u00f1o\" \/>\n\t<meta name=\"robots\" content=\"max-snippet:-1, max-image-preview:large, max-video-preview:-1\" \/>\n\t<meta name=\"author\" content=\"Ana Gonz\u00e1lez\"\/>\n\t<link rel=\"canonical\" href=\"https:\/\/dudasytextos.com\/cuanto-tiempo\/cuanto-tiempo-dura-el-sueno-profundo\/\" \/>\n\t<meta name=\"generator\" content=\"All in One SEO (AIOSEO) 5.0.1.1\" \/>\n\n\t\t<!-- Google tag (gtag.js) -->\n<script async src=\"https:\/\/www.googletagmanager.com\/gtag\/js?id=G-YPSGVRV7JJ\"><\/script>\n<script>\n  window.dataLayer = window.dataLayer || [];\n  function gtag(){dataLayer.push(arguments);}\n  gtag('js', new Date());\n\n  gtag('config', 'G-YPSGVRV7JJ');\n<\/script>\n<script async src=\"https:\/\/pagead2.googlesyndication.com\/pagead\/js\/adsbygoogle.js?client=ca-pub-3987500858204711\"\n     crossorigin=\"anonymous\"><\/script>\n\t\t<meta property=\"og:locale\" content=\"es_ES\" \/>\n\t\t<meta property=\"og:site_name\" content=\"\u00bfCu\u00e1nto Tiempo? - \u00bfCu\u00e1nto Tiempo?\" \/>\n\t\t<meta property=\"og:type\" content=\"article\" \/>\n\t\t<meta property=\"og:title\" content=\"Cu\u00e1nto tiempo dura el sue\u00f1o profundo (2026) \u00bfCu\u00e1nto Tiempo?\" \/>\n\t\t<meta property=\"og:description\" content=\"Cu\u00e1nto tiempo dura el sue\u00f1o profundo Escrito por Ana Gonz\u00e1lez Curiosidades sobre el sue\u00f1o profundo El sue\u00f1o profundo es la fase m\u00e1s reparadora del sue\u00f1o Se caracteriza por ondas cerebrales lentas y regulares El sue\u00f1o profundo es esencial para la memoria y el aprendizaje La duraci\u00f3n del sue\u00f1o profundo disminuye con la edad El sue\u00f1o\" \/>\n\t\t<meta property=\"og:url\" content=\"https:\/\/dudasytextos.com\/cuanto-tiempo\/cuanto-tiempo-dura-el-sueno-profundo\/\" \/>\n\t\t<meta property=\"article:published_time\" content=\"2025-03-06T16:15:31+00:00\" \/>\n\t\t<meta property=\"article:modified_time\" content=\"2025-03-12T14:46:50+00:00\" \/>\n\t\t<meta name=\"twitter:card\" content=\"summary_large_image\" \/>\n\t\t<meta name=\"twitter:title\" content=\"Cu\u00e1nto tiempo dura el sue\u00f1o profundo (2026) \u00bfCu\u00e1nto Tiempo?\" \/>\n\t\t<meta name=\"twitter:description\" content=\"Cu\u00e1nto tiempo dura el sue\u00f1o profundo Escrito por Ana Gonz\u00e1lez Curiosidades sobre el sue\u00f1o profundo El sue\u00f1o profundo es la fase m\u00e1s reparadora del sue\u00f1o Se caracteriza por ondas cerebrales lentas y regulares El sue\u00f1o profundo es esencial para la memoria y el aprendizaje La duraci\u00f3n del sue\u00f1o profundo disminuye con la edad El sue\u00f1o\" \/>\n\t\t<script type=\"application\/ld+json\" class=\"aioseo-schema\">\n\t\t\t{\"@context\":\"https:\\\/\\\/schema.org\",\"@graph\":[{\"@type\":\"BlogPosting\",\"@id\":\"https:\\\/\\\/dudasytextos.com\\\/cuanto-tiempo\\\/cuanto-tiempo-dura-el-sueno-profundo\\\/#blogposting\",\"name\":\"Cu\\u00e1nto tiempo dura el sue\\u00f1o profundo (2026) \\u00bfCu\\u00e1nto Tiempo?\",\"headline\":\"Cu\\u00e1nto tiempo dura el sue\\u00f1o profundo\",\"author\":{\"@id\":\"https:\\\/\\\/dudasytextos.com\\\/cuanto-tiempo\\\/author\\\/admin23\\\/#author\"},\"publisher\":{\"@id\":\"https:\\\/\\\/dudasytextos.com\\\/cuanto-tiempo\\\/#organization\"},\"datePublished\":\"2025-03-06T16:15:31+00:00\",\"dateModified\":\"2025-03-12T14:46:50+00:00\",\"inLanguage\":\"es-ES\",\"mainEntityOfPage\":{\"@id\":\"https:\\\/\\\/dudasytextos.com\\\/cuanto-tiempo\\\/cuanto-tiempo-dura-el-sueno-profundo\\\/#webpage\"},\"isPartOf\":{\"@id\":\"https:\\\/\\\/dudasytextos.com\\\/cuanto-tiempo\\\/cuanto-tiempo-dura-el-sueno-profundo\\\/#webpage\"},\"articleSection\":\"\\u00bfCu\\u00e1nto tiempo?\"},{\"@type\":\"BreadcrumbList\",\"@id\":\"https:\\\/\\\/dudasytextos.com\\\/cuanto-tiempo\\\/cuanto-tiempo-dura-el-sueno-profundo\\\/#breadcrumblist\",\"itemListElement\":[{\"@type\":\"ListItem\",\"@id\":\"https:\\\/\\\/dudasytextos.com\\\/cuanto-tiempo#listItem\",\"position\":1,\"name\":\"Home\",\"item\":\"https:\\\/\\\/dudasytextos.com\\\/cuanto-tiempo\",\"nextItem\":{\"@type\":\"ListItem\",\"@id\":\"https:\\\/\\\/dudasytextos.com\\\/cuanto-tiempo\\\/category\\\/cuanto-tiempo\\\/#listItem\",\"name\":\"\\u00bfCu\\u00e1nto tiempo?\"}},{\"@type\":\"ListItem\",\"@id\":\"https:\\\/\\\/dudasytextos.com\\\/cuanto-tiempo\\\/category\\\/cuanto-tiempo\\\/#listItem\",\"position\":2,\"name\":\"\\u00bfCu\\u00e1nto tiempo?\",\"item\":\"https:\\\/\\\/dudasytextos.com\\\/cuanto-tiempo\\\/category\\\/cuanto-tiempo\\\/\",\"nextItem\":{\"@type\":\"ListItem\",\"@id\":\"https:\\\/\\\/dudasytextos.com\\\/cuanto-tiempo\\\/cuanto-tiempo-dura-el-sueno-profundo\\\/#listItem\",\"name\":\"Cu\\u00e1nto tiempo dura el sue\\u00f1o profundo\"},\"previousItem\":{\"@type\":\"ListItem\",\"@id\":\"https:\\\/\\\/dudasytextos.com\\\/cuanto-tiempo#listItem\",\"name\":\"Home\"}},{\"@type\":\"ListItem\",\"@id\":\"https:\\\/\\\/dudasytextos.com\\\/cuanto-tiempo\\\/cuanto-tiempo-dura-el-sueno-profundo\\\/#listItem\",\"position\":3,\"name\":\"Cu\\u00e1nto tiempo dura el sue\\u00f1o profundo\",\"previousItem\":{\"@type\":\"ListItem\",\"@id\":\"https:\\\/\\\/dudasytextos.com\\\/cuanto-tiempo\\\/category\\\/cuanto-tiempo\\\/#listItem\",\"name\":\"\\u00bfCu\\u00e1nto tiempo?\"}}]},{\"@type\":\"Organization\",\"@id\":\"https:\\\/\\\/dudasytextos.com\\\/cuanto-tiempo\\\/#organization\",\"name\":\"Recipes\",\"description\":\"\\u00bfCu\\u00e1nto Tiempo?\",\"url\":\"https:\\\/\\\/dudasytextos.com\\\/cuanto-tiempo\\\/\"},{\"@type\":\"Person\",\"@id\":\"https:\\\/\\\/dudasytextos.com\\\/cuanto-tiempo\\\/author\\\/admin23\\\/#author\",\"url\":\"https:\\\/\\\/dudasytextos.com\\\/cuanto-tiempo\\\/author\\\/admin23\\\/\",\"name\":\"Ana Gonz\\u00e1lez\"},{\"@type\":\"WebPage\",\"@id\":\"https:\\\/\\\/dudasytextos.com\\\/cuanto-tiempo\\\/cuanto-tiempo-dura-el-sueno-profundo\\\/#webpage\",\"url\":\"https:\\\/\\\/dudasytextos.com\\\/cuanto-tiempo\\\/cuanto-tiempo-dura-el-sueno-profundo\\\/\",\"name\":\"Cu\\u00e1nto tiempo dura el sue\\u00f1o profundo (2026) \\u00bfCu\\u00e1nto Tiempo?\",\"description\":\"Cu\\u00e1nto tiempo dura el sue\\u00f1o profundo Escrito por Ana Gonz\\u00e1lez Curiosidades sobre el sue\\u00f1o profundo El sue\\u00f1o profundo es la fase m\\u00e1s reparadora del sue\\u00f1o Se caracteriza por ondas cerebrales lentas y regulares El sue\\u00f1o profundo es esencial para la memoria y el aprendizaje La duraci\\u00f3n del sue\\u00f1o profundo disminuye con la edad El sue\\u00f1o\",\"inLanguage\":\"es-ES\",\"isPartOf\":{\"@id\":\"https:\\\/\\\/dudasytextos.com\\\/cuanto-tiempo\\\/#website\"},\"breadcrumb\":{\"@id\":\"https:\\\/\\\/dudasytextos.com\\\/cuanto-tiempo\\\/cuanto-tiempo-dura-el-sueno-profundo\\\/#breadcrumblist\"},\"author\":{\"@id\":\"https:\\\/\\\/dudasytextos.com\\\/cuanto-tiempo\\\/author\\\/admin23\\\/#author\"},\"creator\":{\"@id\":\"https:\\\/\\\/dudasytextos.com\\\/cuanto-tiempo\\\/author\\\/admin23\\\/#author\"},\"datePublished\":\"2025-03-06T16:15:31+00:00\",\"dateModified\":\"2025-03-12T14:46:50+00:00\"},{\"@type\":\"WebSite\",\"@id\":\"https:\\\/\\\/dudasytextos.com\\\/cuanto-tiempo\\\/#website\",\"url\":\"https:\\\/\\\/dudasytextos.com\\\/cuanto-tiempo\\\/\",\"name\":\"Recipes\",\"description\":\"\\u00bfCu\\u00e1nto Tiempo?\",\"inLanguage\":\"es-ES\",\"publisher\":{\"@id\":\"https:\\\/\\\/dudasytextos.com\\\/cuanto-tiempo\\\/#organization\"}}]}\n\t\t<\/script>\n\t\t<!-- All in One SEO -->\n\n","aioseo_head_json":{"title":"Cu\u00e1nto tiempo dura el sue\u00f1o profundo (2026) \u00bfCu\u00e1nto Tiempo?","description":"Cu\u00e1nto tiempo dura el sue\u00f1o profundo Escrito por Ana Gonz\u00e1lez Curiosidades sobre el sue\u00f1o profundo El sue\u00f1o profundo es la fase m\u00e1s reparadora del sue\u00f1o Se caracteriza por ondas cerebrales lentas y regulares El sue\u00f1o profundo es esencial para la memoria y el aprendizaje La duraci\u00f3n del sue\u00f1o profundo disminuye con la edad El sue\u00f1o","canonical_url":"https:\/\/dudasytextos.com\/cuanto-tiempo\/cuanto-tiempo-dura-el-sueno-profundo\/","robots":"max-snippet:-1, max-image-preview:large, max-video-preview:-1","keywords":"","webmasterTools":{"miscellaneous":"&lt;!-- Google tag (gtag.js) --&gt;\n&lt;script async src=\"https:\/\/www.googletagmanager.com\/gtag\/js?id=G-YPSGVRV7JJ\"&gt;&lt;\/script&gt;\n&lt;script&gt;\n  window.dataLayer = window.dataLayer || [];\n  function gtag(){dataLayer.push(arguments);}\n  gtag('js', new Date());\n\n  gtag('config', 'G-YPSGVRV7JJ');\n&lt;\/script&gt;\n&lt;script async src=\"https:\/\/pagead2.googlesyndication.com\/pagead\/js\/adsbygoogle.js?client=ca-pub-3987500858204711\"\n     crossorigin=\"anonymous\"&gt;&lt;\/script&gt;"},"schema":{"@context":"https:\/\/schema.org","@graph":[{"@type":"BlogPosting","@id":"https:\/\/dudasytextos.com\/cuanto-tiempo\/cuanto-tiempo-dura-el-sueno-profundo\/#blogposting","name":"Cu\u00e1nto tiempo dura el sue\u00f1o profundo (2026) \u00bfCu\u00e1nto Tiempo?","headline":"Cu\u00e1nto tiempo dura el sue\u00f1o profundo","author":{"@id":"https:\/\/dudasytextos.com\/cuanto-tiempo\/author\/admin23\/#author"},"publisher":{"@id":"https:\/\/dudasytextos.com\/cuanto-tiempo\/#organization"},"datePublished":"2025-03-06T16:15:31+00:00","dateModified":"2025-03-12T14:46:50+00:00","inLanguage":"es-ES","mainEntityOfPage":{"@id":"https:\/\/dudasytextos.com\/cuanto-tiempo\/cuanto-tiempo-dura-el-sueno-profundo\/#webpage"},"isPartOf":{"@id":"https:\/\/dudasytextos.com\/cuanto-tiempo\/cuanto-tiempo-dura-el-sueno-profundo\/#webpage"},"articleSection":"\u00bfCu\u00e1nto tiempo?"},{"@type":"BreadcrumbList","@id":"https:\/\/dudasytextos.com\/cuanto-tiempo\/cuanto-tiempo-dura-el-sueno-profundo\/#breadcrumblist","itemListElement":[{"@type":"ListItem","@id":"https:\/\/dudasytextos.com\/cuanto-tiempo#listItem","position":1,"name":"Home","item":"https:\/\/dudasytextos.com\/cuanto-tiempo","nextItem":{"@type":"ListItem","@id":"https:\/\/dudasytextos.com\/cuanto-tiempo\/category\/cuanto-tiempo\/#listItem","name":"\u00bfCu\u00e1nto tiempo?"}},{"@type":"ListItem","@id":"https:\/\/dudasytextos.com\/cuanto-tiempo\/category\/cuanto-tiempo\/#listItem","position":2,"name":"\u00bfCu\u00e1nto tiempo?","item":"https:\/\/dudasytextos.com\/cuanto-tiempo\/category\/cuanto-tiempo\/","nextItem":{"@type":"ListItem","@id":"https:\/\/dudasytextos.com\/cuanto-tiempo\/cuanto-tiempo-dura-el-sueno-profundo\/#listItem","name":"Cu\u00e1nto tiempo dura el sue\u00f1o profundo"},"previousItem":{"@type":"ListItem","@id":"https:\/\/dudasytextos.com\/cuanto-tiempo#listItem","name":"Home"}},{"@type":"ListItem","@id":"https:\/\/dudasytextos.com\/cuanto-tiempo\/cuanto-tiempo-dura-el-sueno-profundo\/#listItem","position":3,"name":"Cu\u00e1nto tiempo dura el sue\u00f1o profundo","previousItem":{"@type":"ListItem","@id":"https:\/\/dudasytextos.com\/cuanto-tiempo\/category\/cuanto-tiempo\/#listItem","name":"\u00bfCu\u00e1nto tiempo?"}}]},{"@type":"Organization","@id":"https:\/\/dudasytextos.com\/cuanto-tiempo\/#organization","name":"Recipes","description":"\u00bfCu\u00e1nto Tiempo?","url":"https:\/\/dudasytextos.com\/cuanto-tiempo\/"},{"@type":"Person","@id":"https:\/\/dudasytextos.com\/cuanto-tiempo\/author\/admin23\/#author","url":"https:\/\/dudasytextos.com\/cuanto-tiempo\/author\/admin23\/","name":"Ana Gonz\u00e1lez"},{"@type":"WebPage","@id":"https:\/\/dudasytextos.com\/cuanto-tiempo\/cuanto-tiempo-dura-el-sueno-profundo\/#webpage","url":"https:\/\/dudasytextos.com\/cuanto-tiempo\/cuanto-tiempo-dura-el-sueno-profundo\/","name":"Cu\u00e1nto tiempo dura el sue\u00f1o profundo (2026) \u00bfCu\u00e1nto Tiempo?","description":"Cu\u00e1nto tiempo dura el sue\u00f1o profundo Escrito por Ana Gonz\u00e1lez Curiosidades sobre el sue\u00f1o profundo El sue\u00f1o profundo es la fase m\u00e1s reparadora del sue\u00f1o Se caracteriza por ondas cerebrales lentas y regulares El sue\u00f1o profundo es esencial para la memoria y el aprendizaje La duraci\u00f3n del sue\u00f1o profundo disminuye con la edad El sue\u00f1o","inLanguage":"es-ES","isPartOf":{"@id":"https:\/\/dudasytextos.com\/cuanto-tiempo\/#website"},"breadcrumb":{"@id":"https:\/\/dudasytextos.com\/cuanto-tiempo\/cuanto-tiempo-dura-el-sueno-profundo\/#breadcrumblist"},"author":{"@id":"https:\/\/dudasytextos.com\/cuanto-tiempo\/author\/admin23\/#author"},"creator":{"@id":"https:\/\/dudasytextos.com\/cuanto-tiempo\/author\/admin23\/#author"},"datePublished":"2025-03-06T16:15:31+00:00","dateModified":"2025-03-12T14:46:50+00:00"},{"@type":"WebSite","@id":"https:\/\/dudasytextos.com\/cuanto-tiempo\/#website","url":"https:\/\/dudasytextos.com\/cuanto-tiempo\/","name":"Recipes","description":"\u00bfCu\u00e1nto Tiempo?","inLanguage":"es-ES","publisher":{"@id":"https:\/\/dudasytextos.com\/cuanto-tiempo\/#organization"}}]},"og:locale":"es_ES","og:site_name":"\u00bfCu\u00e1nto Tiempo? - \u00bfCu\u00e1nto Tiempo?","og:type":"article","og:title":"Cu\u00e1nto tiempo dura el sue\u00f1o profundo (2026) \u00bfCu\u00e1nto Tiempo?","og:description":"Cu\u00e1nto tiempo dura el sue\u00f1o profundo Escrito por Ana Gonz\u00e1lez Curiosidades sobre el sue\u00f1o profundo El sue\u00f1o profundo es la fase m\u00e1s reparadora del sue\u00f1o Se caracteriza por ondas cerebrales lentas y regulares El sue\u00f1o profundo es esencial para la memoria y el aprendizaje La duraci\u00f3n del sue\u00f1o profundo disminuye con la edad El sue\u00f1o","og:url":"https:\/\/dudasytextos.com\/cuanto-tiempo\/cuanto-tiempo-dura-el-sueno-profundo\/","article:published_time":"2025-03-06T16:15:31+00:00","article:modified_time":"2025-03-12T14:46:50+00:00","twitter:card":"summary_large_image","twitter:title":"Cu\u00e1nto tiempo dura el sue\u00f1o profundo (2026) \u00bfCu\u00e1nto Tiempo?","twitter:description":"Cu\u00e1nto tiempo dura el sue\u00f1o profundo Escrito por Ana Gonz\u00e1lez Curiosidades sobre el sue\u00f1o profundo El sue\u00f1o profundo es la fase m\u00e1s reparadora del sue\u00f1o Se caracteriza por ondas cerebrales lentas y regulares El sue\u00f1o profundo es esencial para la memoria y el aprendizaje La duraci\u00f3n del sue\u00f1o profundo disminuye con la edad El sue\u00f1o"},"aioseo_meta_data":{"post_id":"95534","title":null,"description":null,"keywords":null,"keyphrases":null,"primary_term":null,"canonical_url":null,"og_title":null,"og_description":null,"og_object_type":"default","og_image_type":"default","og_image_url":null,"og_image_width":null,"og_image_height":null,"og_image_custom_url":null,"og_image_custom_fields":null,"og_video":null,"og_custom_url":null,"og_article_section":null,"og_article_tags":null,"twitter_use_og":false,"twitter_card":"default","twitter_image_type":"default","twitter_image_url":null,"twitter_image_custom_url":null,"twitter_image_custom_fields":null,"twitter_title":null,"twitter_description":null,"schema":{"blockGraphs":[],"customGraphs":[],"default":{"data":{"Article":[],"Course":[],"Dataset":[],"FAQPage":[],"Movie":[],"Person":[],"Product":[],"ProductReview":[],"Car":[],"Recipe":[],"Service":[],"SoftwareApplication":[],"WebPage":[]},"graphName":"","isEnabled":true},"graphs":[]},"schema_type":"default","schema_type_options":null,"pillar_content":false,"robots_default":true,"robots_noindex":false,"robots_noarchive":false,"robots_nosnippet":false,"robots_nofollow":false,"robots_noimageindex":false,"robots_noodp":false,"robots_notranslate":false,"robots_max_snippet":null,"robots_max_videopreview":null,"robots_max_imagepreview":"large","priority":null,"frequency":null,"local_seo":null,"breadcrumb_settings":null,"limit_modified_date":false,"ai":null,"created":"2023-05-04 22:24:30","updated":"2025-06-04 16:35:56","seo_analyzer_scan_date":null,"focus_keyword":null,"additional_keywords":null,"truseo_locale":null},"aioseo_breadcrumb":"<div class=\"aioseo-breadcrumbs\"><span class=\"aioseo-breadcrumb\">\n\t\t\t<a href=\"https:\/\/dudasytextos.com\/cuanto-tiempo\" title=\"Home\">Home<\/a>\n\t\t<\/span><span class=\"aioseo-breadcrumb-separator\">&raquo;<\/span><span class=\"aioseo-breadcrumb\">\n\t\t\t<a href=\"https:\/\/dudasytextos.com\/cuanto-tiempo\/category\/cuanto-tiempo\/\" title=\"\u00bfCu\u00e1nto tiempo?\">\u00bfCu\u00e1nto tiempo?<\/a>\n\t\t<\/span><span class=\"aioseo-breadcrumb-separator\">&raquo;<\/span><span class=\"aioseo-breadcrumb\">\n\t\t\tCu\u00e1nto tiempo dura el sue\u00f1o profundo\n\t\t<\/span><\/div>","aioseo_breadcrumb_json":[{"label":"Home","link":"https:\/\/dudasytextos.com\/cuanto-tiempo"},{"label":"\u00bfCu\u00e1nto tiempo?","link":"https:\/\/dudasytextos.com\/cuanto-tiempo\/category\/cuanto-tiempo\/"},{"label":"Cu\u00e1nto tiempo dura el sue\u00f1o profundo","link":"https:\/\/dudasytextos.com\/cuanto-tiempo\/cuanto-tiempo-dura-el-sueno-profundo\/"}],"_links":{"self":[{"href":"https:\/\/dudasytextos.com\/cuanto-tiempo\/wp-json\/wp\/v2\/posts\/95534","targetHints":{"allow":["GET"]}}],"collection":[{"href":"https:\/\/dudasytextos.com\/cuanto-tiempo\/wp-json\/wp\/v2\/posts"}],"about":[{"href":"https:\/\/dudasytextos.com\/cuanto-tiempo\/wp-json\/wp\/v2\/types\/post"}],"author":[{"embeddable":true,"href":"https:\/\/dudasytextos.com\/cuanto-tiempo\/wp-json\/wp\/v2\/users\/1"}],"replies":[{"embeddable":true,"href":"https:\/\/dudasytextos.com\/cuanto-tiempo\/wp-json\/wp\/v2\/comments?post=95534"}],"version-history":[{"count":1,"href":"https:\/\/dudasytextos.com\/cuanto-tiempo\/wp-json\/wp\/v2\/posts\/95534\/revisions"}],"predecessor-version":[{"id":99159,"href":"https:\/\/dudasytextos.com\/cuanto-tiempo\/wp-json\/wp\/v2\/posts\/95534\/revisions\/99159"}],"wp:attachment":[{"href":"https:\/\/dudasytextos.com\/cuanto-tiempo\/wp-json\/wp\/v2\/media?parent=95534"}],"wp:term":[{"taxonomy":"category","embeddable":true,"href":"https:\/\/dudasytextos.com\/cuanto-tiempo\/wp-json\/wp\/v2\/categories?post=95534"},{"taxonomy":"post_tag","embeddable":true,"href":"https:\/\/dudasytextos.com\/cuanto-tiempo\/wp-json\/wp\/v2\/tags?post=95534"}],"curies":[{"name":"wp","href":"https:\/\/api.w.org\/{rel}","templated":true}]}}