{"id":95555,"date":"2025-02-19T12:15:36","date_gmt":"2025-02-19T12:15:36","guid":{"rendered":"https:\/\/educacion.cc\/en\/?p=95555"},"modified":"2025-03-12T20:18:46","modified_gmt":"2025-03-12T20:18:46","slug":"cuanto-tiempo-da-positivo-omicron","status":"publish","type":"post","link":"https:\/\/dudasytextos.com\/cuanto-tiempo\/cuanto-tiempo-da-positivo-omicron\/","title":{"rendered":"Cu\u00e1nto tiempo da positivo omicron"},"content":{"rendered":"<div id=\"ez-toc-container\" class=\"ez-toc-v2_0_87 counter-hierarchy ez-toc-counter ez-toc-custom ez-toc-container-direction\">\n<div class=\"ez-toc-title-container\">\n<span class=\"ez-toc-title-toggle\"><\/span><\/div>\n<nav><ul class='ez-toc-list ez-toc-list-level-1 ' ><li class='ez-toc-page-1 ez-toc-heading-level-2'><a class=\"ez-toc-link ez-toc-heading-1\" href=\"https:\/\/dudasytextos.com\/cuanto-tiempo\/cuanto-tiempo-da-positivo-omicron\/#Cuanto_Tiempo_Da_Positivo_Omicron_%E2%80%93_Lo_Que_Debes_Saber\" >Cu\u00e1nto Tiempo Da Positivo Omicron &#8211; Lo Que Debes Saber<\/a><\/li><li class='ez-toc-page-1 ez-toc-heading-level-2'><a class=\"ez-toc-link ez-toc-heading-2\" href=\"https:\/\/dudasytextos.com\/cuanto-tiempo\/cuanto-tiempo-da-positivo-omicron\/#Por_Ana_Gonzalez\" >Por Ana Gonz\u00e1lez<\/a><\/li><li class='ez-toc-page-1 ez-toc-heading-level-2'><a class=\"ez-toc-link ez-toc-heading-3\" href=\"https:\/\/dudasytextos.com\/cuanto-tiempo\/cuanto-tiempo-da-positivo-omicron\/#Curiosidades_e_Informacion_Interesante\" >Curiosidades e Informaci\u00f3n Interesante<\/a><\/li><li class='ez-toc-page-1 ez-toc-heading-level-2'><a class=\"ez-toc-link ez-toc-heading-4\" href=\"https:\/\/dudasytextos.com\/cuanto-tiempo\/cuanto-tiempo-da-positivo-omicron\/#Mi_Experiencia_Personal\" >Mi Experiencia Personal<\/a><\/li><li class='ez-toc-page-1 ez-toc-heading-level-2'><a class=\"ez-toc-link ez-toc-heading-5\" href=\"https:\/\/dudasytextos.com\/cuanto-tiempo\/cuanto-tiempo-da-positivo-omicron\/#Cuanto_Tiempo_Da_Positivo_Omicron\" >Cu\u00e1nto Tiempo Da Positivo Omicron<\/a><\/li><li class='ez-toc-page-1 ez-toc-heading-level-2'><a class=\"ez-toc-link ez-toc-heading-6\" href=\"https:\/\/dudasytextos.com\/cuanto-tiempo\/cuanto-tiempo-da-positivo-omicron\/#Pruebas_de_Deteccion_para_la_Variante_Omicron\" >Pruebas de Detecci\u00f3n para la Variante Omicron<\/a><\/li><li class='ez-toc-page-1 ez-toc-heading-level-2'><a class=\"ez-toc-link ez-toc-heading-7\" href=\"https:\/\/dudasytextos.com\/cuanto-tiempo\/cuanto-tiempo-da-positivo-omicron\/#Preguntas_Frecuentes\" >Preguntas Frecuentes<\/a><ul class='ez-toc-list-level-3' ><li class='ez-toc-heading-level-3'><a class=\"ez-toc-link ez-toc-heading-8\" href=\"https:\/\/dudasytextos.com\/cuanto-tiempo\/cuanto-tiempo-da-positivo-omicron\/#%C2%BFLa_variante_Omicron_es_mas_contagiosa_que_otras_variantes_del_virus_COVID-19\" >\u00bfLa variante Omicron es m\u00e1s contagiosa que otras variantes del virus COVID-19?<\/a><\/li><li class='ez-toc-page-1 ez-toc-heading-level-3'><a class=\"ez-toc-link ez-toc-heading-9\" href=\"https:\/\/dudasytextos.com\/cuanto-tiempo\/cuanto-tiempo-da-positivo-omicron\/#%C2%BFCuanto_tiempo_da_positivo_la_variante_Omicron_en_las_pruebas_de_deteccion\" >\u00bfCu\u00e1nto tiempo da positivo la variante Omicron en las pruebas de detecci\u00f3n?<\/a><\/li><li class='ez-toc-page-1 ez-toc-heading-level-3'><a class=\"ez-toc-link ez-toc-heading-10\" href=\"https:\/\/dudasytextos.com\/cuanto-tiempo\/cuanto-tiempo-da-positivo-omicron\/#%C2%BFQue_pruebas_de_deteccion_son_las_mejores_para_detectar_la_variante_Omicron\" >\u00bfQu\u00e9 pruebas de detecci\u00f3n son las mejores para detectar la variante Omicron?<\/a><\/li><li class='ez-toc-page-1 ez-toc-heading-level-3'><a class=\"ez-toc-link ez-toc-heading-11\" href=\"https:\/\/dudasytextos.com\/cuanto-tiempo\/cuanto-tiempo-da-positivo-omicron\/#%C2%BFComo_puedo_protegerme_de_la_variante_Omicron\" >\u00bfC\u00f3mo puedo protegerme de la variante Omicron?<\/a><\/li><\/ul><\/li><\/ul><\/nav><\/div>\n<h2><span class=\"ez-toc-section\" id=\"Cuanto_Tiempo_Da_Positivo_Omicron_%E2%80%93_Lo_Que_Debes_Saber\"><\/span>Cu\u00e1nto Tiempo Da Positivo Omicron &#8211; Lo Que Debes Saber<span class=\"ez-toc-section-end\"><\/span><\/h2>\n<h2><span class=\"ez-toc-section\" id=\"Por_Ana_Gonzalez\"><\/span>Por Ana Gonz\u00e1lez<span class=\"ez-toc-section-end\"><\/span><\/h2>\n<section>\n<h2><span class=\"ez-toc-section\" id=\"Curiosidades_e_Informacion_Interesante\"><\/span>Curiosidades e Informaci\u00f3n Interesante<span class=\"ez-toc-section-end\"><\/span><\/h2>\n<ul>\n<li>El Omicron es una variante del virus COVID-19 que se detect\u00f3 por primera vez en Sud\u00e1frica en noviembre de 2021.<\/li>\n<li>La variante Omicron se ha extendido r\u00e1pidamente por todo el mundo y se considera altamente contagiosa.<\/li>\n<li>Se cree que la variante Omicron tiene una tasa de transmisi\u00f3n mucho m\u00e1s alta que la variante Delta.<\/li>\n<li>Los s\u00edntomas del Omicron pueden incluir fiebre, tos, dolor de cabeza, dolor de garganta y fatiga.<\/li>\n<li>La variante Omicron ha llevado a un aumento en las pruebas de detecci\u00f3n de COVID-19 en todo el mundo.<\/li>\n<\/ul>\n<\/section>\n<section>\n<h2><span class=\"ez-toc-section\" id=\"Mi_Experiencia_Personal\"><\/span>Mi Experiencia Personal<span class=\"ez-toc-section-end\"><\/span><\/h2>\n<p>Hace unos d\u00edas, comenc\u00e9 a sentir s\u00edntomas de COVID-19. Decid\u00ed hacerme una prueba de detecci\u00f3n y el resultado fue positivo. Despu\u00e9s de investigar un poco, descubr\u00ed que ten\u00eda la variante Omicron. Durante mi aislamiento, me puse a investigar m\u00e1s sobre esta variante y descubr\u00ed algunas cosas interesantes sobre cu\u00e1nto <a href=\"https:\/\/dudasytextos.com\/cuanto-tiempo\/500-metros-andando-cuanto-tiempo-es\/\">tiempo<\/a> da positivo Omicron.<\/p>\n<\/section>\n<section>\n<h2><span class=\"ez-toc-section\" id=\"Cuanto_Tiempo_Da_Positivo_Omicron\"><\/span>Cu\u00e1nto Tiempo Da Positivo Omicron<span class=\"ez-toc-section-end\"><\/span><\/h2>\n<p>Seg\u00fan los expertos, la variante Omicron puede dar positivo en las pruebas de detecci\u00f3n durante un per\u00edodo de tiempo m\u00e1s corto que otras variantes del virus COVID-19. Esto se debe a que la carga viral en las personas infectadas con Omicron es m\u00e1s baja que en las personas infectadas con otras variantes.<\/p>\n<p>En general, se cree que la variante Omicron puede dar positivo en una prueba de detecci\u00f3n durante un per\u00edodo de tiempo de 4 a 5 d\u00edas despu\u00e9s de la infecci\u00f3n. Sin embargo, es importante tener en cuenta que esto puede variar de persona a persona y depende de varios factores, como la gravedad de la infecci\u00f3n y el tipo de prueba utilizada.<\/p>\n<p>En mi caso, recib\u00ed un resultado positivo en mi prueba de detecci\u00f3n despu\u00e9s de 3 d\u00edas de haber empezado a sentir los s\u00edntomas. Despu\u00e9s de hacer una cuarentena de 10 d\u00edas y de hacerme una prueba de seguimiento, recib\u00ed un resultado negativo y pude salir del aislamiento.<\/p>\n<\/section>\n<section>\n<h2><span class=\"ez-toc-section\" id=\"Pruebas_de_Deteccion_para_la_Variante_Omicron\"><\/span>Pruebas de Detecci\u00f3n para la Variante Omicron<span class=\"ez-toc-section-end\"><\/span><\/h2>\n<p>Debido a que la variante Omicron puede dar positivo en las pruebas de detecci\u00f3n durante un per\u00edodo de tiempo m\u00e1s corto, es importante utilizar pruebas de detecci\u00f3n de alta calidad y sensibilidad para detectarla con precisi\u00f3n. Las pruebas de PCR son consideradas la mejor opci\u00f3n para detectar la variante Omicron.<\/p>\n<p>Es importante seguir las pautas de detecci\u00f3n y aislamiento recomendadas por las autoridades sanitarias si se cree que se ha estado en contacto con alguien que ha dado positivo para la variante Omicron o si se tienen s\u00edntomas de COVID-19.<\/p>\n<\/section>\n<section>\n<h2><span class=\"ez-toc-section\" id=\"Preguntas_Frecuentes\"><\/span>Preguntas Frecuentes<span class=\"ez-toc-section-end\"><\/span><\/h2>\n<h3><span class=\"ez-toc-section\" id=\"%C2%BFLa_variante_Omicron_es_mas_contagiosa_que_otras_variantes_del_virus_COVID-19\"><\/span>\u00bfLa variante Omicron es m\u00e1s contagiosa que otras variantes del virus COVID-19?<span class=\"ez-toc-section-end\"><\/span><\/h3>\n<p>S\u00ed, se cree que la variante Omicron es m\u00e1s contagiosa que otras variantes del virus COVID-19, como la variante Delta.<\/p>\n<h3><span class=\"ez-toc-section\" id=\"%C2%BFCuanto_tiempo_da_positivo_la_variante_Omicron_en_las_pruebas_de_deteccion\"><\/span>\u00bfCu\u00e1nto tiempo da positivo la variante Omicron en las pruebas de detecci\u00f3n?<span class=\"ez-toc-section-end\"><\/span><\/h3>\n<p>En general, se cree que la variante Omicron puede dar positivo en una prueba de detecci\u00f3n durante un per\u00edodo de tiempo de 4 a 5 d\u00edas despu\u00e9s de la infecci\u00f3n.<\/p>\n<h3><span class=\"ez-toc-section\" id=\"%C2%BFQue_pruebas_de_deteccion_son_las_mejores_para_detectar_la_variante_Omicron\"><\/span>\u00bfQu\u00e9 pruebas de detecci\u00f3n son las mejores para detectar la variante Omicron?<span class=\"ez-toc-section-end\"><\/span><\/h3>\n<p>Las pruebas de PCR son consideradas la mejor opci\u00f3n para detectar la variante Omicron debido a su alta sensibilidad y especificidad.<\/p>\n<h3><span class=\"ez-toc-section\" id=\"%C2%BFComo_puedo_protegerme_de_la_variante_Omicron\"><\/span>\u00bfC\u00f3mo puedo protegerme de la variante Omicron?<span class=\"ez-toc-section-end\"><\/span><\/h3>\n<p>Las medidas de prevenci\u00f3n, como el uso de mascarillas, el distanciamiento social y la vacunaci\u00f3n, son importantes para protegerse de la variante Omicron y otras variantes del virus COVID-19.<\/p>\n<\/section>\n<footer>\n<p>\u00a9 2023 Ana Gonz\u00e1lez &#8211; Todos los derechos reservados.<\/p>\n<\/footer>\n","protected":false},"excerpt":{"rendered":"<p>Cu\u00e1nto Tiempo Da Positivo Omicron &#8211; Lo Que Debes Saber Por Ana Gonz\u00e1lez Curiosidades e Informaci\u00f3n Interesante El Omicron es una variante del virus COVID-19 que se detect\u00f3 por primera vez en Sud\u00e1frica en noviembre de 2021. La variante Omicron se ha extendido r\u00e1pidamente por todo el mundo y se considera altamente contagiosa. Se cree &#8230; <a title=\"Cu\u00e1nto tiempo da positivo omicron\" class=\"read-more\" href=\"https:\/\/dudasytextos.com\/cuanto-tiempo\/cuanto-tiempo-da-positivo-omicron\/\" aria-label=\"M\u00e1s en Cu\u00e1nto tiempo da positivo omicron\">Leer m\u00e1s<\/a><\/p>\n","protected":false},"author":1,"featured_media":0,"comment_status":"open","ping_status":"open","sticky":false,"template":"","format":"standard","meta":{"footnotes":""},"categories":[3],"tags":[],"class_list":["post-95555","post","type-post","status-publish","format-standard","hentry","category-cuanto-tiempo"],"aioseo_notices":[],"aioseo_head":"\n\t\t<!-- All in One SEO 5.0.1.1 - aioseo.com -->\n\t<meta name=\"description\" content=\"Cu\u00e1nto Tiempo Da Positivo Omicron - Lo Que Debes Saber Por Ana Gonz\u00e1lez Curiosidades e Informaci\u00f3n Interesante El Omicron es una variante del virus COVID-19 que se detect\u00f3 por primera vez en Sud\u00e1frica en noviembre de 2021. La variante Omicron se ha extendido r\u00e1pidamente por todo el mundo y se considera altamente contagiosa. Se cree\" \/>\n\t<meta name=\"robots\" content=\"max-snippet:-1, max-image-preview:large, max-video-preview:-1\" \/>\n\t<meta name=\"author\" content=\"Ana Gonz\u00e1lez\"\/>\n\t<link rel=\"canonical\" href=\"https:\/\/dudasytextos.com\/cuanto-tiempo\/cuanto-tiempo-da-positivo-omicron\/\" \/>\n\t<meta name=\"generator\" content=\"All in One SEO (AIOSEO) 5.0.1.1\" \/>\n\n\t\t<!-- Google tag (gtag.js) -->\n<script async src=\"https:\/\/www.googletagmanager.com\/gtag\/js?id=G-YPSGVRV7JJ\"><\/script>\n<script>\n  window.dataLayer = window.dataLayer || [];\n  function gtag(){dataLayer.push(arguments);}\n  gtag('js', new Date());\n\n  gtag('config', 'G-YPSGVRV7JJ');\n<\/script>\n<script async src=\"https:\/\/pagead2.googlesyndication.com\/pagead\/js\/adsbygoogle.js?client=ca-pub-3987500858204711\"\n     crossorigin=\"anonymous\"><\/script>\n\t\t<meta property=\"og:locale\" content=\"es_ES\" \/>\n\t\t<meta property=\"og:site_name\" content=\"\u00bfCu\u00e1nto Tiempo? - \u00bfCu\u00e1nto Tiempo?\" \/>\n\t\t<meta property=\"og:type\" content=\"article\" \/>\n\t\t<meta property=\"og:title\" content=\"Cu\u00e1nto tiempo da positivo omicron (2026) \u00bfCu\u00e1nto Tiempo?\" \/>\n\t\t<meta property=\"og:description\" content=\"Cu\u00e1nto Tiempo Da Positivo Omicron - Lo Que Debes Saber Por Ana Gonz\u00e1lez Curiosidades e Informaci\u00f3n Interesante El Omicron es una variante del virus COVID-19 que se detect\u00f3 por primera vez en Sud\u00e1frica en noviembre de 2021. La variante Omicron se ha extendido r\u00e1pidamente por todo el mundo y se considera altamente contagiosa. Se cree\" \/>\n\t\t<meta property=\"og:url\" content=\"https:\/\/dudasytextos.com\/cuanto-tiempo\/cuanto-tiempo-da-positivo-omicron\/\" \/>\n\t\t<meta property=\"article:published_time\" content=\"2025-02-19T12:15:36+00:00\" \/>\n\t\t<meta property=\"article:modified_time\" content=\"2025-03-12T20:18:46+00:00\" \/>\n\t\t<meta name=\"twitter:card\" content=\"summary_large_image\" \/>\n\t\t<meta name=\"twitter:title\" content=\"Cu\u00e1nto tiempo da positivo omicron (2026) \u00bfCu\u00e1nto Tiempo?\" \/>\n\t\t<meta name=\"twitter:description\" content=\"Cu\u00e1nto Tiempo Da Positivo Omicron - Lo Que Debes Saber Por Ana Gonz\u00e1lez Curiosidades e Informaci\u00f3n Interesante El Omicron es una variante del virus COVID-19 que se detect\u00f3 por primera vez en Sud\u00e1frica en noviembre de 2021. La variante Omicron se ha extendido r\u00e1pidamente por todo el mundo y se considera altamente contagiosa. Se cree\" \/>\n\t\t<script type=\"application\/ld+json\" class=\"aioseo-schema\">\n\t\t\t{\"@context\":\"https:\\\/\\\/schema.org\",\"@graph\":[{\"@type\":\"BlogPosting\",\"@id\":\"https:\\\/\\\/dudasytextos.com\\\/cuanto-tiempo\\\/cuanto-tiempo-da-positivo-omicron\\\/#blogposting\",\"name\":\"Cu\\u00e1nto tiempo da positivo omicron (2026) \\u00bfCu\\u00e1nto Tiempo?\",\"headline\":\"Cu\\u00e1nto tiempo da positivo omicron\",\"author\":{\"@id\":\"https:\\\/\\\/dudasytextos.com\\\/cuanto-tiempo\\\/author\\\/admin23\\\/#author\"},\"publisher\":{\"@id\":\"https:\\\/\\\/dudasytextos.com\\\/cuanto-tiempo\\\/#organization\"},\"datePublished\":\"2025-02-19T12:15:36+00:00\",\"dateModified\":\"2025-03-12T20:18:46+00:00\",\"inLanguage\":\"es-ES\",\"mainEntityOfPage\":{\"@id\":\"https:\\\/\\\/dudasytextos.com\\\/cuanto-tiempo\\\/cuanto-tiempo-da-positivo-omicron\\\/#webpage\"},\"isPartOf\":{\"@id\":\"https:\\\/\\\/dudasytextos.com\\\/cuanto-tiempo\\\/cuanto-tiempo-da-positivo-omicron\\\/#webpage\"},\"articleSection\":\"\\u00bfCu\\u00e1nto tiempo?\"},{\"@type\":\"BreadcrumbList\",\"@id\":\"https:\\\/\\\/dudasytextos.com\\\/cuanto-tiempo\\\/cuanto-tiempo-da-positivo-omicron\\\/#breadcrumblist\",\"itemListElement\":[{\"@type\":\"ListItem\",\"@id\":\"https:\\\/\\\/dudasytextos.com\\\/cuanto-tiempo#listItem\",\"position\":1,\"name\":\"Home\",\"item\":\"https:\\\/\\\/dudasytextos.com\\\/cuanto-tiempo\",\"nextItem\":{\"@type\":\"ListItem\",\"@id\":\"https:\\\/\\\/dudasytextos.com\\\/cuanto-tiempo\\\/category\\\/cuanto-tiempo\\\/#listItem\",\"name\":\"\\u00bfCu\\u00e1nto tiempo?\"}},{\"@type\":\"ListItem\",\"@id\":\"https:\\\/\\\/dudasytextos.com\\\/cuanto-tiempo\\\/category\\\/cuanto-tiempo\\\/#listItem\",\"position\":2,\"name\":\"\\u00bfCu\\u00e1nto tiempo?\",\"item\":\"https:\\\/\\\/dudasytextos.com\\\/cuanto-tiempo\\\/category\\\/cuanto-tiempo\\\/\",\"nextItem\":{\"@type\":\"ListItem\",\"@id\":\"https:\\\/\\\/dudasytextos.com\\\/cuanto-tiempo\\\/cuanto-tiempo-da-positivo-omicron\\\/#listItem\",\"name\":\"Cu\\u00e1nto tiempo da positivo omicron\"},\"previousItem\":{\"@type\":\"ListItem\",\"@id\":\"https:\\\/\\\/dudasytextos.com\\\/cuanto-tiempo#listItem\",\"name\":\"Home\"}},{\"@type\":\"ListItem\",\"@id\":\"https:\\\/\\\/dudasytextos.com\\\/cuanto-tiempo\\\/cuanto-tiempo-da-positivo-omicron\\\/#listItem\",\"position\":3,\"name\":\"Cu\\u00e1nto tiempo da positivo omicron\",\"previousItem\":{\"@type\":\"ListItem\",\"@id\":\"https:\\\/\\\/dudasytextos.com\\\/cuanto-tiempo\\\/category\\\/cuanto-tiempo\\\/#listItem\",\"name\":\"\\u00bfCu\\u00e1nto tiempo?\"}}]},{\"@type\":\"Organization\",\"@id\":\"https:\\\/\\\/dudasytextos.com\\\/cuanto-tiempo\\\/#organization\",\"name\":\"Recipes\",\"description\":\"\\u00bfCu\\u00e1nto Tiempo?\",\"url\":\"https:\\\/\\\/dudasytextos.com\\\/cuanto-tiempo\\\/\"},{\"@type\":\"Person\",\"@id\":\"https:\\\/\\\/dudasytextos.com\\\/cuanto-tiempo\\\/author\\\/admin23\\\/#author\",\"url\":\"https:\\\/\\\/dudasytextos.com\\\/cuanto-tiempo\\\/author\\\/admin23\\\/\",\"name\":\"Ana Gonz\\u00e1lez\"},{\"@type\":\"WebPage\",\"@id\":\"https:\\\/\\\/dudasytextos.com\\\/cuanto-tiempo\\\/cuanto-tiempo-da-positivo-omicron\\\/#webpage\",\"url\":\"https:\\\/\\\/dudasytextos.com\\\/cuanto-tiempo\\\/cuanto-tiempo-da-positivo-omicron\\\/\",\"name\":\"Cu\\u00e1nto tiempo da positivo omicron (2026) \\u00bfCu\\u00e1nto Tiempo?\",\"description\":\"Cu\\u00e1nto Tiempo Da Positivo Omicron - Lo Que Debes Saber Por Ana Gonz\\u00e1lez Curiosidades e Informaci\\u00f3n Interesante El Omicron es una variante del virus COVID-19 que se detect\\u00f3 por primera vez en Sud\\u00e1frica en noviembre de 2021. La variante Omicron se ha extendido r\\u00e1pidamente por todo el mundo y se considera altamente contagiosa. Se cree\",\"inLanguage\":\"es-ES\",\"isPartOf\":{\"@id\":\"https:\\\/\\\/dudasytextos.com\\\/cuanto-tiempo\\\/#website\"},\"breadcrumb\":{\"@id\":\"https:\\\/\\\/dudasytextos.com\\\/cuanto-tiempo\\\/cuanto-tiempo-da-positivo-omicron\\\/#breadcrumblist\"},\"author\":{\"@id\":\"https:\\\/\\\/dudasytextos.com\\\/cuanto-tiempo\\\/author\\\/admin23\\\/#author\"},\"creator\":{\"@id\":\"https:\\\/\\\/dudasytextos.com\\\/cuanto-tiempo\\\/author\\\/admin23\\\/#author\"},\"datePublished\":\"2025-02-19T12:15:36+00:00\",\"dateModified\":\"2025-03-12T20:18:46+00:00\"},{\"@type\":\"WebSite\",\"@id\":\"https:\\\/\\\/dudasytextos.com\\\/cuanto-tiempo\\\/#website\",\"url\":\"https:\\\/\\\/dudasytextos.com\\\/cuanto-tiempo\\\/\",\"name\":\"Recipes\",\"description\":\"\\u00bfCu\\u00e1nto Tiempo?\",\"inLanguage\":\"es-ES\",\"publisher\":{\"@id\":\"https:\\\/\\\/dudasytextos.com\\\/cuanto-tiempo\\\/#organization\"}}]}\n\t\t<\/script>\n\t\t<!-- All in One SEO -->\n\n","aioseo_head_json":{"title":"Cu\u00e1nto tiempo da positivo omicron (2026) \u00bfCu\u00e1nto Tiempo?","description":"Cu\u00e1nto Tiempo Da Positivo Omicron - Lo Que Debes Saber Por Ana Gonz\u00e1lez Curiosidades e Informaci\u00f3n Interesante El Omicron es una variante del virus COVID-19 que se detect\u00f3 por primera vez en Sud\u00e1frica en noviembre de 2021. La variante Omicron se ha extendido r\u00e1pidamente por todo el mundo y se considera altamente contagiosa. Se cree","canonical_url":"https:\/\/dudasytextos.com\/cuanto-tiempo\/cuanto-tiempo-da-positivo-omicron\/","robots":"max-snippet:-1, max-image-preview:large, max-video-preview:-1","keywords":"","webmasterTools":{"miscellaneous":"&lt;!-- Google tag (gtag.js) --&gt;\n&lt;script async src=\"https:\/\/www.googletagmanager.com\/gtag\/js?id=G-YPSGVRV7JJ\"&gt;&lt;\/script&gt;\n&lt;script&gt;\n  window.dataLayer = window.dataLayer || [];\n  function gtag(){dataLayer.push(arguments);}\n  gtag('js', new Date());\n\n  gtag('config', 'G-YPSGVRV7JJ');\n&lt;\/script&gt;\n&lt;script async src=\"https:\/\/pagead2.googlesyndication.com\/pagead\/js\/adsbygoogle.js?client=ca-pub-3987500858204711\"\n     crossorigin=\"anonymous\"&gt;&lt;\/script&gt;"},"schema":{"@context":"https:\/\/schema.org","@graph":[{"@type":"BlogPosting","@id":"https:\/\/dudasytextos.com\/cuanto-tiempo\/cuanto-tiempo-da-positivo-omicron\/#blogposting","name":"Cu\u00e1nto tiempo da positivo omicron (2026) \u00bfCu\u00e1nto Tiempo?","headline":"Cu\u00e1nto tiempo da positivo omicron","author":{"@id":"https:\/\/dudasytextos.com\/cuanto-tiempo\/author\/admin23\/#author"},"publisher":{"@id":"https:\/\/dudasytextos.com\/cuanto-tiempo\/#organization"},"datePublished":"2025-02-19T12:15:36+00:00","dateModified":"2025-03-12T20:18:46+00:00","inLanguage":"es-ES","mainEntityOfPage":{"@id":"https:\/\/dudasytextos.com\/cuanto-tiempo\/cuanto-tiempo-da-positivo-omicron\/#webpage"},"isPartOf":{"@id":"https:\/\/dudasytextos.com\/cuanto-tiempo\/cuanto-tiempo-da-positivo-omicron\/#webpage"},"articleSection":"\u00bfCu\u00e1nto tiempo?"},{"@type":"BreadcrumbList","@id":"https:\/\/dudasytextos.com\/cuanto-tiempo\/cuanto-tiempo-da-positivo-omicron\/#breadcrumblist","itemListElement":[{"@type":"ListItem","@id":"https:\/\/dudasytextos.com\/cuanto-tiempo#listItem","position":1,"name":"Home","item":"https:\/\/dudasytextos.com\/cuanto-tiempo","nextItem":{"@type":"ListItem","@id":"https:\/\/dudasytextos.com\/cuanto-tiempo\/category\/cuanto-tiempo\/#listItem","name":"\u00bfCu\u00e1nto tiempo?"}},{"@type":"ListItem","@id":"https:\/\/dudasytextos.com\/cuanto-tiempo\/category\/cuanto-tiempo\/#listItem","position":2,"name":"\u00bfCu\u00e1nto tiempo?","item":"https:\/\/dudasytextos.com\/cuanto-tiempo\/category\/cuanto-tiempo\/","nextItem":{"@type":"ListItem","@id":"https:\/\/dudasytextos.com\/cuanto-tiempo\/cuanto-tiempo-da-positivo-omicron\/#listItem","name":"Cu\u00e1nto tiempo da positivo omicron"},"previousItem":{"@type":"ListItem","@id":"https:\/\/dudasytextos.com\/cuanto-tiempo#listItem","name":"Home"}},{"@type":"ListItem","@id":"https:\/\/dudasytextos.com\/cuanto-tiempo\/cuanto-tiempo-da-positivo-omicron\/#listItem","position":3,"name":"Cu\u00e1nto tiempo da positivo omicron","previousItem":{"@type":"ListItem","@id":"https:\/\/dudasytextos.com\/cuanto-tiempo\/category\/cuanto-tiempo\/#listItem","name":"\u00bfCu\u00e1nto tiempo?"}}]},{"@type":"Organization","@id":"https:\/\/dudasytextos.com\/cuanto-tiempo\/#organization","name":"Recipes","description":"\u00bfCu\u00e1nto Tiempo?","url":"https:\/\/dudasytextos.com\/cuanto-tiempo\/"},{"@type":"Person","@id":"https:\/\/dudasytextos.com\/cuanto-tiempo\/author\/admin23\/#author","url":"https:\/\/dudasytextos.com\/cuanto-tiempo\/author\/admin23\/","name":"Ana Gonz\u00e1lez"},{"@type":"WebPage","@id":"https:\/\/dudasytextos.com\/cuanto-tiempo\/cuanto-tiempo-da-positivo-omicron\/#webpage","url":"https:\/\/dudasytextos.com\/cuanto-tiempo\/cuanto-tiempo-da-positivo-omicron\/","name":"Cu\u00e1nto tiempo da positivo omicron (2026) \u00bfCu\u00e1nto Tiempo?","description":"Cu\u00e1nto Tiempo Da Positivo Omicron - Lo Que Debes Saber Por Ana Gonz\u00e1lez Curiosidades e Informaci\u00f3n Interesante El Omicron es una variante del virus COVID-19 que se detect\u00f3 por primera vez en Sud\u00e1frica en noviembre de 2021. La variante Omicron se ha extendido r\u00e1pidamente por todo el mundo y se considera altamente contagiosa. Se cree","inLanguage":"es-ES","isPartOf":{"@id":"https:\/\/dudasytextos.com\/cuanto-tiempo\/#website"},"breadcrumb":{"@id":"https:\/\/dudasytextos.com\/cuanto-tiempo\/cuanto-tiempo-da-positivo-omicron\/#breadcrumblist"},"author":{"@id":"https:\/\/dudasytextos.com\/cuanto-tiempo\/author\/admin23\/#author"},"creator":{"@id":"https:\/\/dudasytextos.com\/cuanto-tiempo\/author\/admin23\/#author"},"datePublished":"2025-02-19T12:15:36+00:00","dateModified":"2025-03-12T20:18:46+00:00"},{"@type":"WebSite","@id":"https:\/\/dudasytextos.com\/cuanto-tiempo\/#website","url":"https:\/\/dudasytextos.com\/cuanto-tiempo\/","name":"Recipes","description":"\u00bfCu\u00e1nto Tiempo?","inLanguage":"es-ES","publisher":{"@id":"https:\/\/dudasytextos.com\/cuanto-tiempo\/#organization"}}]},"og:locale":"es_ES","og:site_name":"\u00bfCu\u00e1nto Tiempo? - \u00bfCu\u00e1nto Tiempo?","og:type":"article","og:title":"Cu\u00e1nto tiempo da positivo omicron (2026) \u00bfCu\u00e1nto Tiempo?","og:description":"Cu\u00e1nto Tiempo Da Positivo Omicron - Lo Que Debes Saber Por Ana Gonz\u00e1lez Curiosidades e Informaci\u00f3n Interesante El Omicron es una variante del virus COVID-19 que se detect\u00f3 por primera vez en Sud\u00e1frica en noviembre de 2021. La variante Omicron se ha extendido r\u00e1pidamente por todo el mundo y se considera altamente contagiosa. Se cree","og:url":"https:\/\/dudasytextos.com\/cuanto-tiempo\/cuanto-tiempo-da-positivo-omicron\/","article:published_time":"2025-02-19T12:15:36+00:00","article:modified_time":"2025-03-12T20:18:46+00:00","twitter:card":"summary_large_image","twitter:title":"Cu\u00e1nto tiempo da positivo omicron (2026) \u00bfCu\u00e1nto Tiempo?","twitter:description":"Cu\u00e1nto Tiempo Da Positivo Omicron - Lo Que Debes Saber Por Ana Gonz\u00e1lez Curiosidades e Informaci\u00f3n Interesante El Omicron es una variante del virus COVID-19 que se detect\u00f3 por primera vez en Sud\u00e1frica en noviembre de 2021. La variante Omicron se ha extendido r\u00e1pidamente por todo el mundo y se considera altamente contagiosa. Se cree"},"aioseo_meta_data":{"post_id":"95555","title":null,"description":null,"keywords":null,"keyphrases":null,"primary_term":null,"canonical_url":null,"og_title":null,"og_description":null,"og_object_type":"default","og_image_type":"default","og_image_url":null,"og_image_width":null,"og_image_height":null,"og_image_custom_url":null,"og_image_custom_fields":null,"og_video":null,"og_custom_url":null,"og_article_section":null,"og_article_tags":null,"twitter_use_og":false,"twitter_card":"default","twitter_image_type":"default","twitter_image_url":null,"twitter_image_custom_url":null,"twitter_image_custom_fields":null,"twitter_title":null,"twitter_description":null,"schema":{"blockGraphs":[],"customGraphs":[],"default":{"data":{"Article":[],"Course":[],"Dataset":[],"FAQPage":[],"Movie":[],"Person":[],"Product":[],"ProductReview":[],"Car":[],"Recipe":[],"Service":[],"SoftwareApplication":[],"WebPage":[]},"graphName":"","isEnabled":true},"graphs":[]},"schema_type":"default","schema_type_options":null,"pillar_content":false,"robots_default":true,"robots_noindex":false,"robots_noarchive":false,"robots_nosnippet":false,"robots_nofollow":false,"robots_noimageindex":false,"robots_noodp":false,"robots_notranslate":false,"robots_max_snippet":null,"robots_max_videopreview":null,"robots_max_imagepreview":"large","priority":null,"frequency":null,"local_seo":null,"breadcrumb_settings":null,"limit_modified_date":false,"ai":null,"created":"2023-05-04 22:20:27","updated":"2025-06-04 03:22:43","seo_analyzer_scan_date":null,"focus_keyword":null,"additional_keywords":null,"truseo_locale":null},"aioseo_breadcrumb":"<div class=\"aioseo-breadcrumbs\"><span class=\"aioseo-breadcrumb\">\n\t\t\t<a href=\"https:\/\/dudasytextos.com\/cuanto-tiempo\" title=\"Home\">Home<\/a>\n\t\t<\/span><span class=\"aioseo-breadcrumb-separator\">&raquo;<\/span><span class=\"aioseo-breadcrumb\">\n\t\t\t<a href=\"https:\/\/dudasytextos.com\/cuanto-tiempo\/category\/cuanto-tiempo\/\" title=\"\u00bfCu\u00e1nto tiempo?\">\u00bfCu\u00e1nto tiempo?<\/a>\n\t\t<\/span><span class=\"aioseo-breadcrumb-separator\">&raquo;<\/span><span class=\"aioseo-breadcrumb\">\n\t\t\tCu\u00e1nto tiempo da positivo omicron\n\t\t<\/span><\/div>","aioseo_breadcrumb_json":[{"label":"Home","link":"https:\/\/dudasytextos.com\/cuanto-tiempo"},{"label":"\u00bfCu\u00e1nto tiempo?","link":"https:\/\/dudasytextos.com\/cuanto-tiempo\/category\/cuanto-tiempo\/"},{"label":"Cu\u00e1nto tiempo da positivo omicron","link":"https:\/\/dudasytextos.com\/cuanto-tiempo\/cuanto-tiempo-da-positivo-omicron\/"}],"_links":{"self":[{"href":"https:\/\/dudasytextos.com\/cuanto-tiempo\/wp-json\/wp\/v2\/posts\/95555","targetHints":{"allow":["GET"]}}],"collection":[{"href":"https:\/\/dudasytextos.com\/cuanto-tiempo\/wp-json\/wp\/v2\/posts"}],"about":[{"href":"https:\/\/dudasytextos.com\/cuanto-tiempo\/wp-json\/wp\/v2\/types\/post"}],"author":[{"embeddable":true,"href":"https:\/\/dudasytextos.com\/cuanto-tiempo\/wp-json\/wp\/v2\/users\/1"}],"replies":[{"embeddable":true,"href":"https:\/\/dudasytextos.com\/cuanto-tiempo\/wp-json\/wp\/v2\/comments?post=95555"}],"version-history":[{"count":1,"href":"https:\/\/dudasytextos.com\/cuanto-tiempo\/wp-json\/wp\/v2\/posts\/95555\/revisions"}],"predecessor-version":[{"id":99138,"href":"https:\/\/dudasytextos.com\/cuanto-tiempo\/wp-json\/wp\/v2\/posts\/95555\/revisions\/99138"}],"wp:attachment":[{"href":"https:\/\/dudasytextos.com\/cuanto-tiempo\/wp-json\/wp\/v2\/media?parent=95555"}],"wp:term":[{"taxonomy":"category","embeddable":true,"href":"https:\/\/dudasytextos.com\/cuanto-tiempo\/wp-json\/wp\/v2\/categories?post=95555"},{"taxonomy":"post_tag","embeddable":true,"href":"https:\/\/dudasytextos.com\/cuanto-tiempo\/wp-json\/wp\/v2\/tags?post=95555"}],"curies":[{"name":"wp","href":"https:\/\/api.w.org\/{rel}","templated":true}]}}