{"id":95575,"date":"2025-02-18T21:20:08","date_gmt":"2025-02-18T21:20:08","guid":{"rendered":"https:\/\/educacion.cc\/en\/?p=95575"},"modified":"2025-03-12T15:21:01","modified_gmt":"2025-03-12T15:21:01","slug":"cuanto-tiempo-dura-la-afonia","status":"publish","type":"post","link":"https:\/\/dudasytextos.com\/cuanto-tiempo\/cuanto-tiempo-dura-la-afonia\/","title":{"rendered":"Cu\u00e1nto tiempo dura la afonia"},"content":{"rendered":"<div id=\"ez-toc-container\" class=\"ez-toc-v2_0_87 counter-hierarchy ez-toc-counter ez-toc-custom ez-toc-container-direction\">\n<div class=\"ez-toc-title-container\">\n<span class=\"ez-toc-title-toggle\"><\/span><\/div>\n<nav><ul class='ez-toc-list ez-toc-list-level-1 ' ><li class='ez-toc-page-1 ez-toc-heading-level-2'><a class=\"ez-toc-link ez-toc-heading-1\" href=\"https:\/\/dudasytextos.com\/cuanto-tiempo\/cuanto-tiempo-dura-la-afonia\/#Cuanto_Tiempo_Dura_La_Afonia\" >Cuanto Tiempo Dura La Afonia<\/a><\/li><li class='ez-toc-page-1 ez-toc-heading-level-2'><a class=\"ez-toc-link ez-toc-heading-2\" href=\"https:\/\/dudasytextos.com\/cuanto-tiempo\/cuanto-tiempo-dura-la-afonia\/#Descubre_todo_sobre_la_afonia_y_como_recuperar_la_voz\" >Descubre todo sobre la afon\u00eda y c\u00f3mo recuperar la voz<\/a><\/li><li class='ez-toc-page-1 ez-toc-heading-level-2'><a class=\"ez-toc-link ez-toc-heading-3\" href=\"https:\/\/dudasytextos.com\/cuanto-tiempo\/cuanto-tiempo-dura-la-afonia\/#%C2%BFQue_es_la_afonia\" >\u00bfQu\u00e9 es la afon\u00eda?<\/a><\/li><li class='ez-toc-page-1 ez-toc-heading-level-2'><a class=\"ez-toc-link ez-toc-heading-4\" href=\"https:\/\/dudasytextos.com\/cuanto-tiempo\/cuanto-tiempo-dura-la-afonia\/#%C2%BFCuanto_tiempo_puede_durar_la_afonia\" >\u00bfCu\u00e1nto tiempo puede durar la afon\u00eda?<\/a><\/li><li class='ez-toc-page-1 ez-toc-heading-level-2'><a class=\"ez-toc-link ez-toc-heading-5\" href=\"https:\/\/dudasytextos.com\/cuanto-tiempo\/cuanto-tiempo-dura-la-afonia\/#%C2%BFCuales_son_los_motivos_de_la_afonia\" >\u00bfCu\u00e1les son los motivos de la afon\u00eda?<\/a><\/li><li class='ez-toc-page-1 ez-toc-heading-level-2'><a class=\"ez-toc-link ez-toc-heading-6\" href=\"https:\/\/dudasytextos.com\/cuanto-tiempo\/cuanto-tiempo-dura-la-afonia\/#%C2%BFComo_recuperar_la_voz\" >\u00bfC\u00f3mo recuperar la voz?<\/a><\/li><li class='ez-toc-page-1 ez-toc-heading-level-2'><a class=\"ez-toc-link ez-toc-heading-7\" href=\"https:\/\/dudasytextos.com\/cuanto-tiempo\/cuanto-tiempo-dura-la-afonia\/#%C2%BFQue_consejos_no_funcionan\" >\u00bfQu\u00e9 consejos no funcionan?<\/a><\/li><li class='ez-toc-page-1 ez-toc-heading-level-2'><a class=\"ez-toc-link ez-toc-heading-8\" href=\"https:\/\/dudasytextos.com\/cuanto-tiempo\/cuanto-tiempo-dura-la-afonia\/#Preguntas_frecuentes\" >Preguntas frecuentes<\/a><ul class='ez-toc-list-level-3' ><li class='ez-toc-heading-level-3'><a class=\"ez-toc-link ez-toc-heading-9\" href=\"https:\/\/dudasytextos.com\/cuanto-tiempo\/cuanto-tiempo-dura-la-afonia\/#%C2%BFEs_normal_tener_afonia_despues_de_un_resfriado\" >\u00bfEs normal tener afon\u00eda despu\u00e9s de un resfriado?<\/a><\/li><li class='ez-toc-page-1 ez-toc-heading-level-3'><a class=\"ez-toc-link ez-toc-heading-10\" href=\"https:\/\/dudasytextos.com\/cuanto-tiempo\/cuanto-tiempo-dura-la-afonia\/#%C2%BFComo_puedo_prevenir_la_afonia\" >\u00bfC\u00f3mo puedo prevenir la afon\u00eda?<\/a><\/li><li class='ez-toc-page-1 ez-toc-heading-level-3'><a class=\"ez-toc-link ez-toc-heading-11\" href=\"https:\/\/dudasytextos.com\/cuanto-tiempo\/cuanto-tiempo-dura-la-afonia\/#%C2%BFLa_afonia_puede_ser_un_sintoma_de_cancer_de_garganta\" >\u00bfLa afon\u00eda puede ser un s\u00edntoma de c\u00e1ncer de garganta?<\/a><\/li><\/ul><\/li><\/ul><\/nav><\/div>\n<h2><span class=\"ez-toc-section\" id=\"Cuanto_Tiempo_Dura_La_Afonia\"><\/span>Cuanto Tiempo Dura La Afonia<span class=\"ez-toc-section-end\"><\/span><\/h2>\n<h2><span class=\"ez-toc-section\" id=\"Descubre_todo_sobre_la_afonia_y_como_recuperar_la_voz\"><\/span>Descubre todo sobre la afon\u00eda y c\u00f3mo recuperar la voz<span class=\"ez-toc-section-end\"><\/span><\/h2>\n<section>\n<h2><span class=\"ez-toc-section\" id=\"%C2%BFQue_es_la_afonia\"><\/span>\u00bfQu\u00e9 es la afon\u00eda?<span class=\"ez-toc-section-end\"><\/span><\/h2>\n<p>La afon\u00eda es la p\u00e9rdida total o parcial de la voz. Esta puede ser temporal o permanente, y puede afectar a personas de todas las edades. La afon\u00eda puede ser causada por diversas razones, desde infecciones respiratorias hasta abuso vocal. En este art\u00edculo, nos centraremos en los posibles motivos de la afon\u00eda y c\u00f3mo recuperar la voz.<\/p>\n<\/section>\n<section>\n<h2><span class=\"ez-toc-section\" id=\"%C2%BFCuanto_tiempo_puede_durar_la_afonia\"><\/span>\u00bfCu\u00e1nto tiempo puede durar la afon\u00eda?<span class=\"ez-toc-section-end\"><\/span><\/h2>\n<p>La duraci\u00f3n de la afon\u00eda depende del motivo que la haya causado. En la mayor\u00eda de los casos, la afon\u00eda dura entre 3 y 7 d\u00edas, y se recupera sin necesidad de tratamiento. Sin embargo, si la afon\u00eda es causada por una infecci\u00f3n respiratoria o un abuso vocal, puede durar hasta 2 semanas o m\u00e1s.<\/p>\n<p>Es importante tener en cuenta que si la afon\u00eda dura m\u00e1s de 2 semanas, es recomendable consultar a un otorrinolaring\u00f3logo para descartar posibles problemas de salud.<\/p>\n<\/section>\n<section>\n<h2><span class=\"ez-toc-section\" id=\"%C2%BFCuales_son_los_motivos_de_la_afonia\"><\/span>\u00bfCu\u00e1les son los motivos de la afon\u00eda?<span class=\"ez-toc-section-end\"><\/span><\/h2>\n<p>Existen diversos motivos por los que una persona puede quedarse af\u00f3nica, entre ellos:<\/p>\n<ul>\n<li>Infecciones respiratorias, como resfriados, gripe y laringitis.<\/li>\n<li>Abuso vocal, como hablar demasiado, gritar o cantar sin descanso.<\/li>\n<li>Reflujo gastroesof\u00e1gico, que puede irritar las cuerdas vocales.<\/li>\n<li>N\u00f3dulos o p\u00f3lipos en las cuerdas vocales.<\/li>\n<li>Estr\u00e9s emocional o ansiedad.<\/li>\n<li>Tabaquismo.<\/li>\n<\/ul>\n<\/section>\n<section>\n<h2><span class=\"ez-toc-section\" id=\"%C2%BFComo_recuperar_la_voz\"><\/span>\u00bfC\u00f3mo recuperar la voz?<span class=\"ez-toc-section-end\"><\/span><\/h2>\n<p>Si tienes afon\u00eda, estos consejos pueden ayudarte a recuperar la voz:<\/p>\n<ul>\n<li>Descansa la voz: Evita hablar en exceso, gritar o cantar. Si es necesario hablar, hazlo en un tono de voz suave y sin forzar.<\/li>\n<li>Hidrataci\u00f3n: Bebe mucha agua y evita el consumo de alcohol y cafe\u00edna.<\/li>\n<li>G\u00e1rgaras con agua salada: Mezcla una cucharada de sal en un vaso de agua tibia y haz g\u00e1rgaras varias veces al d\u00eda.<\/li>\n<li>Infusiones: Las infusiones de miel y lim\u00f3n, tomillo o manzanilla pueden ayudar a aliviar la irritaci\u00f3n de las cuerdas vocales.<\/li>\n<li>Descansa: Es importante descansar lo suficiente y evitar el estr\u00e9s emocional.<\/li>\n<li>Tratamiento m\u00e9dico: Si la afon\u00eda es causada por una infecci\u00f3n respiratoria o un problema de salud, es recomendable consultar a un m\u00e9dico para recibir tratamiento.<\/li>\n<\/ul>\n<p>Recuerda que es importante cuidar la voz y evitar el abuso vocal. Si necesitas hablar en p\u00fablico o cantar, aseg\u00farate de calentar la voz y hacer ejercicios de vocalizaci\u00f3n antes de comenzar.<\/p>\n<\/section>\n<section>\n<h2><span class=\"ez-toc-section\" id=\"%C2%BFQue_consejos_no_funcionan\"><\/span>\u00bfQu\u00e9 consejos no funcionan?<span class=\"ez-toc-section-end\"><\/span><\/h2>\n<p>Existen algunos consejos populares que se cree que ayudan a recuperar la voz, pero que en realidad no funcionan:<\/p>\n<ul>\n<li>Gritar: Gritar puede empeorar la afon\u00eda y da\u00f1ar a\u00fan m\u00e1s las cuerdas vocales.<\/li>\n<li>Tomar bebidas alcoh\u00f3licas o con cafe\u00edna: Estas bebidas pueden deshidratar las cuerdas vocales y empeorar la afon\u00eda.<\/li>\n<li>Usar pastillas para la garganta: Estas pastillas pueden aliviar temporalmente la afon\u00eda, pero no la curan.<\/li>\n<li>Comer alimentos picantes: Estos alimentos pueden irritar a\u00fan m\u00e1s las cuerdas vocales y empeorar la afon\u00eda.<\/li>\n<\/ul>\n<\/section>\n<section>\n<h2><span class=\"ez-toc-section\" id=\"Preguntas_frecuentes\"><\/span>Preguntas frecuentes<span class=\"ez-toc-section-end\"><\/span><\/h2>\n<h3><span class=\"ez-toc-section\" id=\"%C2%BFEs_normal_tener_afonia_despues_de_un_resfriado\"><\/span>\u00bfEs normal tener afon\u00eda despu\u00e9s de un resfriado?<span class=\"ez-toc-section-end\"><\/span><\/h3>\n<p>S\u00ed, es normal tener afon\u00eda despu\u00e9s de un resfriado. La afon\u00eda es una de las posibles complicaciones de un resfriado, debido a la inflamaci\u00f3n de las cuerdas vocales.<\/p>\n<h3><span class=\"ez-toc-section\" id=\"%C2%BFComo_puedo_prevenir_la_afonia\"><\/span>\u00bfC\u00f3mo puedo prevenir la afon\u00eda?<span class=\"ez-toc-section-end\"><\/span><\/h3>\n<p>Para prevenir la afon\u00eda, es importante cuidar la voz y evitar el abuso vocal. Algunas recomendaciones son: hablar en un tono de voz suave, evitar hablar en exceso, mantener la hidrataci\u00f3n, evitar el consumo de alcohol y cafe\u00edna, y hacer ejercicios de vocalizaci\u00f3n antes de hablar en p\u00fablico o cantar.<\/p>\n<h3><span class=\"ez-toc-section\" id=\"%C2%BFLa_afonia_puede_ser_un_sintoma_de_cancer_de_garganta\"><\/span>\u00bfLa afon\u00eda puede ser un s\u00edntoma de c\u00e1ncer de garganta?<span class=\"ez-toc-section-end\"><\/span><\/h3>\n<p>S\u00ed, la afon\u00eda puede ser un s\u00edntoma de c\u00e1ncer de garganta. Sin embargo, la afon\u00eda tambi\u00e9n puede ser causada por otras razones menos graves, como infecciones respiratorias o abuso vocal. Si la afon\u00eda dura m\u00e1s de 2 semanas, es recomendable consultar a un m\u00e9dico para descartar posibles problemas de salud.<\/p>\n<\/section>\n<footer>\n<p>\u00a9 Ana Gonz\u00e1lez &#8211; Todos los derechos reservados<\/p>\n<\/footer>\n","protected":false},"excerpt":{"rendered":"<p>Cuanto Tiempo Dura La Afonia Descubre todo sobre la afon\u00eda y c\u00f3mo recuperar la voz \u00bfQu\u00e9 es la afon\u00eda? La afon\u00eda es la p\u00e9rdida total o parcial de la voz. Esta puede ser temporal o permanente, y puede afectar a personas de todas las edades. La afon\u00eda puede ser causada por diversas razones, desde infecciones &#8230; <a title=\"Cu\u00e1nto tiempo dura la afonia\" class=\"read-more\" href=\"https:\/\/dudasytextos.com\/cuanto-tiempo\/cuanto-tiempo-dura-la-afonia\/\" aria-label=\"M\u00e1s en Cu\u00e1nto tiempo dura la afonia\">Leer m\u00e1s<\/a><\/p>\n","protected":false},"author":1,"featured_media":0,"comment_status":"open","ping_status":"open","sticky":false,"template":"","format":"standard","meta":{"footnotes":""},"categories":[3],"tags":[],"class_list":["post-95575","post","type-post","status-publish","format-standard","hentry","category-cuanto-tiempo"],"aioseo_notices":[],"aioseo_head":"\n\t\t<!-- All in One SEO 5.0.1.1 - aioseo.com -->\n\t<meta name=\"description\" content=\"Cuanto Tiempo Dura La Afonia Descubre todo sobre la afon\u00eda y c\u00f3mo recuperar la voz \u00bfQu\u00e9 es la afon\u00eda? La afon\u00eda es la p\u00e9rdida total o parcial de la voz. Esta puede ser temporal o permanente, y puede afectar a personas de todas las edades. La afon\u00eda puede ser causada por diversas razones, desde infecciones\" \/>\n\t<meta name=\"robots\" content=\"max-snippet:-1, max-image-preview:large, max-video-preview:-1\" \/>\n\t<meta name=\"author\" content=\"Ana Gonz\u00e1lez\"\/>\n\t<link rel=\"canonical\" href=\"https:\/\/dudasytextos.com\/cuanto-tiempo\/cuanto-tiempo-dura-la-afonia\/\" \/>\n\t<meta name=\"generator\" content=\"All in One SEO (AIOSEO) 5.0.1.1\" \/>\n\n\t\t<!-- Google tag (gtag.js) -->\n<script async src=\"https:\/\/www.googletagmanager.com\/gtag\/js?id=G-YPSGVRV7JJ\"><\/script>\n<script>\n  window.dataLayer = window.dataLayer || [];\n  function gtag(){dataLayer.push(arguments);}\n  gtag('js', new Date());\n\n  gtag('config', 'G-YPSGVRV7JJ');\n<\/script>\n<script async src=\"https:\/\/pagead2.googlesyndication.com\/pagead\/js\/adsbygoogle.js?client=ca-pub-3987500858204711\"\n     crossorigin=\"anonymous\"><\/script>\n\t\t<meta property=\"og:locale\" content=\"es_ES\" \/>\n\t\t<meta property=\"og:site_name\" content=\"\u00bfCu\u00e1nto Tiempo? - \u00bfCu\u00e1nto Tiempo?\" \/>\n\t\t<meta property=\"og:type\" content=\"article\" \/>\n\t\t<meta property=\"og:title\" content=\"Cu\u00e1nto tiempo dura la afonia (2026) \u00bfCu\u00e1nto Tiempo?\" \/>\n\t\t<meta property=\"og:description\" content=\"Cuanto Tiempo Dura La Afonia Descubre todo sobre la afon\u00eda y c\u00f3mo recuperar la voz \u00bfQu\u00e9 es la afon\u00eda? La afon\u00eda es la p\u00e9rdida total o parcial de la voz. Esta puede ser temporal o permanente, y puede afectar a personas de todas las edades. La afon\u00eda puede ser causada por diversas razones, desde infecciones\" \/>\n\t\t<meta property=\"og:url\" content=\"https:\/\/dudasytextos.com\/cuanto-tiempo\/cuanto-tiempo-dura-la-afonia\/\" \/>\n\t\t<meta property=\"article:published_time\" content=\"2025-02-18T21:20:08+00:00\" \/>\n\t\t<meta property=\"article:modified_time\" content=\"2025-03-12T15:21:01+00:00\" \/>\n\t\t<meta name=\"twitter:card\" content=\"summary_large_image\" \/>\n\t\t<meta name=\"twitter:title\" content=\"Cu\u00e1nto tiempo dura la afonia (2026) \u00bfCu\u00e1nto Tiempo?\" \/>\n\t\t<meta name=\"twitter:description\" content=\"Cuanto Tiempo Dura La Afonia Descubre todo sobre la afon\u00eda y c\u00f3mo recuperar la voz \u00bfQu\u00e9 es la afon\u00eda? La afon\u00eda es la p\u00e9rdida total o parcial de la voz. Esta puede ser temporal o permanente, y puede afectar a personas de todas las edades. La afon\u00eda puede ser causada por diversas razones, desde infecciones\" \/>\n\t\t<script type=\"application\/ld+json\" class=\"aioseo-schema\">\n\t\t\t{\"@context\":\"https:\\\/\\\/schema.org\",\"@graph\":[{\"@type\":\"BlogPosting\",\"@id\":\"https:\\\/\\\/dudasytextos.com\\\/cuanto-tiempo\\\/cuanto-tiempo-dura-la-afonia\\\/#blogposting\",\"name\":\"Cu\\u00e1nto tiempo dura la afonia (2026) \\u00bfCu\\u00e1nto Tiempo?\",\"headline\":\"Cu\\u00e1nto tiempo dura la afonia\",\"author\":{\"@id\":\"https:\\\/\\\/dudasytextos.com\\\/cuanto-tiempo\\\/author\\\/admin23\\\/#author\"},\"publisher\":{\"@id\":\"https:\\\/\\\/dudasytextos.com\\\/cuanto-tiempo\\\/#organization\"},\"datePublished\":\"2025-02-18T21:20:08+00:00\",\"dateModified\":\"2025-03-12T15:21:01+00:00\",\"inLanguage\":\"es-ES\",\"mainEntityOfPage\":{\"@id\":\"https:\\\/\\\/dudasytextos.com\\\/cuanto-tiempo\\\/cuanto-tiempo-dura-la-afonia\\\/#webpage\"},\"isPartOf\":{\"@id\":\"https:\\\/\\\/dudasytextos.com\\\/cuanto-tiempo\\\/cuanto-tiempo-dura-la-afonia\\\/#webpage\"},\"articleSection\":\"\\u00bfCu\\u00e1nto tiempo?\"},{\"@type\":\"BreadcrumbList\",\"@id\":\"https:\\\/\\\/dudasytextos.com\\\/cuanto-tiempo\\\/cuanto-tiempo-dura-la-afonia\\\/#breadcrumblist\",\"itemListElement\":[{\"@type\":\"ListItem\",\"@id\":\"https:\\\/\\\/dudasytextos.com\\\/cuanto-tiempo#listItem\",\"position\":1,\"name\":\"Home\",\"item\":\"https:\\\/\\\/dudasytextos.com\\\/cuanto-tiempo\",\"nextItem\":{\"@type\":\"ListItem\",\"@id\":\"https:\\\/\\\/dudasytextos.com\\\/cuanto-tiempo\\\/category\\\/cuanto-tiempo\\\/#listItem\",\"name\":\"\\u00bfCu\\u00e1nto tiempo?\"}},{\"@type\":\"ListItem\",\"@id\":\"https:\\\/\\\/dudasytextos.com\\\/cuanto-tiempo\\\/category\\\/cuanto-tiempo\\\/#listItem\",\"position\":2,\"name\":\"\\u00bfCu\\u00e1nto tiempo?\",\"item\":\"https:\\\/\\\/dudasytextos.com\\\/cuanto-tiempo\\\/category\\\/cuanto-tiempo\\\/\",\"nextItem\":{\"@type\":\"ListItem\",\"@id\":\"https:\\\/\\\/dudasytextos.com\\\/cuanto-tiempo\\\/cuanto-tiempo-dura-la-afonia\\\/#listItem\",\"name\":\"Cu\\u00e1nto tiempo dura la afonia\"},\"previousItem\":{\"@type\":\"ListItem\",\"@id\":\"https:\\\/\\\/dudasytextos.com\\\/cuanto-tiempo#listItem\",\"name\":\"Home\"}},{\"@type\":\"ListItem\",\"@id\":\"https:\\\/\\\/dudasytextos.com\\\/cuanto-tiempo\\\/cuanto-tiempo-dura-la-afonia\\\/#listItem\",\"position\":3,\"name\":\"Cu\\u00e1nto tiempo dura la afonia\",\"previousItem\":{\"@type\":\"ListItem\",\"@id\":\"https:\\\/\\\/dudasytextos.com\\\/cuanto-tiempo\\\/category\\\/cuanto-tiempo\\\/#listItem\",\"name\":\"\\u00bfCu\\u00e1nto tiempo?\"}}]},{\"@type\":\"Organization\",\"@id\":\"https:\\\/\\\/dudasytextos.com\\\/cuanto-tiempo\\\/#organization\",\"name\":\"Recipes\",\"description\":\"\\u00bfCu\\u00e1nto Tiempo?\",\"url\":\"https:\\\/\\\/dudasytextos.com\\\/cuanto-tiempo\\\/\"},{\"@type\":\"Person\",\"@id\":\"https:\\\/\\\/dudasytextos.com\\\/cuanto-tiempo\\\/author\\\/admin23\\\/#author\",\"url\":\"https:\\\/\\\/dudasytextos.com\\\/cuanto-tiempo\\\/author\\\/admin23\\\/\",\"name\":\"Ana Gonz\\u00e1lez\"},{\"@type\":\"WebPage\",\"@id\":\"https:\\\/\\\/dudasytextos.com\\\/cuanto-tiempo\\\/cuanto-tiempo-dura-la-afonia\\\/#webpage\",\"url\":\"https:\\\/\\\/dudasytextos.com\\\/cuanto-tiempo\\\/cuanto-tiempo-dura-la-afonia\\\/\",\"name\":\"Cu\\u00e1nto tiempo dura la afonia (2026) \\u00bfCu\\u00e1nto Tiempo?\",\"description\":\"Cuanto Tiempo Dura La Afonia Descubre todo sobre la afon\\u00eda y c\\u00f3mo recuperar la voz \\u00bfQu\\u00e9 es la afon\\u00eda? La afon\\u00eda es la p\\u00e9rdida total o parcial de la voz. Esta puede ser temporal o permanente, y puede afectar a personas de todas las edades. La afon\\u00eda puede ser causada por diversas razones, desde infecciones\",\"inLanguage\":\"es-ES\",\"isPartOf\":{\"@id\":\"https:\\\/\\\/dudasytextos.com\\\/cuanto-tiempo\\\/#website\"},\"breadcrumb\":{\"@id\":\"https:\\\/\\\/dudasytextos.com\\\/cuanto-tiempo\\\/cuanto-tiempo-dura-la-afonia\\\/#breadcrumblist\"},\"author\":{\"@id\":\"https:\\\/\\\/dudasytextos.com\\\/cuanto-tiempo\\\/author\\\/admin23\\\/#author\"},\"creator\":{\"@id\":\"https:\\\/\\\/dudasytextos.com\\\/cuanto-tiempo\\\/author\\\/admin23\\\/#author\"},\"datePublished\":\"2025-02-18T21:20:08+00:00\",\"dateModified\":\"2025-03-12T15:21:01+00:00\"},{\"@type\":\"WebSite\",\"@id\":\"https:\\\/\\\/dudasytextos.com\\\/cuanto-tiempo\\\/#website\",\"url\":\"https:\\\/\\\/dudasytextos.com\\\/cuanto-tiempo\\\/\",\"name\":\"Recipes\",\"description\":\"\\u00bfCu\\u00e1nto Tiempo?\",\"inLanguage\":\"es-ES\",\"publisher\":{\"@id\":\"https:\\\/\\\/dudasytextos.com\\\/cuanto-tiempo\\\/#organization\"}}]}\n\t\t<\/script>\n\t\t<!-- All in One SEO -->\n\n","aioseo_head_json":{"title":"Cu\u00e1nto tiempo dura la afonia (2026) \u00bfCu\u00e1nto Tiempo?","description":"Cuanto Tiempo Dura La Afonia Descubre todo sobre la afon\u00eda y c\u00f3mo recuperar la voz \u00bfQu\u00e9 es la afon\u00eda? La afon\u00eda es la p\u00e9rdida total o parcial de la voz. Esta puede ser temporal o permanente, y puede afectar a personas de todas las edades. La afon\u00eda puede ser causada por diversas razones, desde infecciones","canonical_url":"https:\/\/dudasytextos.com\/cuanto-tiempo\/cuanto-tiempo-dura-la-afonia\/","robots":"max-snippet:-1, max-image-preview:large, max-video-preview:-1","keywords":"","webmasterTools":{"miscellaneous":"&lt;!-- Google tag (gtag.js) --&gt;\n&lt;script async src=\"https:\/\/www.googletagmanager.com\/gtag\/js?id=G-YPSGVRV7JJ\"&gt;&lt;\/script&gt;\n&lt;script&gt;\n  window.dataLayer = window.dataLayer || [];\n  function gtag(){dataLayer.push(arguments);}\n  gtag('js', new Date());\n\n  gtag('config', 'G-YPSGVRV7JJ');\n&lt;\/script&gt;\n&lt;script async src=\"https:\/\/pagead2.googlesyndication.com\/pagead\/js\/adsbygoogle.js?client=ca-pub-3987500858204711\"\n     crossorigin=\"anonymous\"&gt;&lt;\/script&gt;"},"schema":{"@context":"https:\/\/schema.org","@graph":[{"@type":"BlogPosting","@id":"https:\/\/dudasytextos.com\/cuanto-tiempo\/cuanto-tiempo-dura-la-afonia\/#blogposting","name":"Cu\u00e1nto tiempo dura la afonia (2026) \u00bfCu\u00e1nto Tiempo?","headline":"Cu\u00e1nto tiempo dura la afonia","author":{"@id":"https:\/\/dudasytextos.com\/cuanto-tiempo\/author\/admin23\/#author"},"publisher":{"@id":"https:\/\/dudasytextos.com\/cuanto-tiempo\/#organization"},"datePublished":"2025-02-18T21:20:08+00:00","dateModified":"2025-03-12T15:21:01+00:00","inLanguage":"es-ES","mainEntityOfPage":{"@id":"https:\/\/dudasytextos.com\/cuanto-tiempo\/cuanto-tiempo-dura-la-afonia\/#webpage"},"isPartOf":{"@id":"https:\/\/dudasytextos.com\/cuanto-tiempo\/cuanto-tiempo-dura-la-afonia\/#webpage"},"articleSection":"\u00bfCu\u00e1nto tiempo?"},{"@type":"BreadcrumbList","@id":"https:\/\/dudasytextos.com\/cuanto-tiempo\/cuanto-tiempo-dura-la-afonia\/#breadcrumblist","itemListElement":[{"@type":"ListItem","@id":"https:\/\/dudasytextos.com\/cuanto-tiempo#listItem","position":1,"name":"Home","item":"https:\/\/dudasytextos.com\/cuanto-tiempo","nextItem":{"@type":"ListItem","@id":"https:\/\/dudasytextos.com\/cuanto-tiempo\/category\/cuanto-tiempo\/#listItem","name":"\u00bfCu\u00e1nto tiempo?"}},{"@type":"ListItem","@id":"https:\/\/dudasytextos.com\/cuanto-tiempo\/category\/cuanto-tiempo\/#listItem","position":2,"name":"\u00bfCu\u00e1nto tiempo?","item":"https:\/\/dudasytextos.com\/cuanto-tiempo\/category\/cuanto-tiempo\/","nextItem":{"@type":"ListItem","@id":"https:\/\/dudasytextos.com\/cuanto-tiempo\/cuanto-tiempo-dura-la-afonia\/#listItem","name":"Cu\u00e1nto tiempo dura la afonia"},"previousItem":{"@type":"ListItem","@id":"https:\/\/dudasytextos.com\/cuanto-tiempo#listItem","name":"Home"}},{"@type":"ListItem","@id":"https:\/\/dudasytextos.com\/cuanto-tiempo\/cuanto-tiempo-dura-la-afonia\/#listItem","position":3,"name":"Cu\u00e1nto tiempo dura la afonia","previousItem":{"@type":"ListItem","@id":"https:\/\/dudasytextos.com\/cuanto-tiempo\/category\/cuanto-tiempo\/#listItem","name":"\u00bfCu\u00e1nto tiempo?"}}]},{"@type":"Organization","@id":"https:\/\/dudasytextos.com\/cuanto-tiempo\/#organization","name":"Recipes","description":"\u00bfCu\u00e1nto Tiempo?","url":"https:\/\/dudasytextos.com\/cuanto-tiempo\/"},{"@type":"Person","@id":"https:\/\/dudasytextos.com\/cuanto-tiempo\/author\/admin23\/#author","url":"https:\/\/dudasytextos.com\/cuanto-tiempo\/author\/admin23\/","name":"Ana Gonz\u00e1lez"},{"@type":"WebPage","@id":"https:\/\/dudasytextos.com\/cuanto-tiempo\/cuanto-tiempo-dura-la-afonia\/#webpage","url":"https:\/\/dudasytextos.com\/cuanto-tiempo\/cuanto-tiempo-dura-la-afonia\/","name":"Cu\u00e1nto tiempo dura la afonia (2026) \u00bfCu\u00e1nto Tiempo?","description":"Cuanto Tiempo Dura La Afonia Descubre todo sobre la afon\u00eda y c\u00f3mo recuperar la voz \u00bfQu\u00e9 es la afon\u00eda? La afon\u00eda es la p\u00e9rdida total o parcial de la voz. Esta puede ser temporal o permanente, y puede afectar a personas de todas las edades. La afon\u00eda puede ser causada por diversas razones, desde infecciones","inLanguage":"es-ES","isPartOf":{"@id":"https:\/\/dudasytextos.com\/cuanto-tiempo\/#website"},"breadcrumb":{"@id":"https:\/\/dudasytextos.com\/cuanto-tiempo\/cuanto-tiempo-dura-la-afonia\/#breadcrumblist"},"author":{"@id":"https:\/\/dudasytextos.com\/cuanto-tiempo\/author\/admin23\/#author"},"creator":{"@id":"https:\/\/dudasytextos.com\/cuanto-tiempo\/author\/admin23\/#author"},"datePublished":"2025-02-18T21:20:08+00:00","dateModified":"2025-03-12T15:21:01+00:00"},{"@type":"WebSite","@id":"https:\/\/dudasytextos.com\/cuanto-tiempo\/#website","url":"https:\/\/dudasytextos.com\/cuanto-tiempo\/","name":"Recipes","description":"\u00bfCu\u00e1nto Tiempo?","inLanguage":"es-ES","publisher":{"@id":"https:\/\/dudasytextos.com\/cuanto-tiempo\/#organization"}}]},"og:locale":"es_ES","og:site_name":"\u00bfCu\u00e1nto Tiempo? - \u00bfCu\u00e1nto Tiempo?","og:type":"article","og:title":"Cu\u00e1nto tiempo dura la afonia (2026) \u00bfCu\u00e1nto Tiempo?","og:description":"Cuanto Tiempo Dura La Afonia Descubre todo sobre la afon\u00eda y c\u00f3mo recuperar la voz \u00bfQu\u00e9 es la afon\u00eda? La afon\u00eda es la p\u00e9rdida total o parcial de la voz. Esta puede ser temporal o permanente, y puede afectar a personas de todas las edades. La afon\u00eda puede ser causada por diversas razones, desde infecciones","og:url":"https:\/\/dudasytextos.com\/cuanto-tiempo\/cuanto-tiempo-dura-la-afonia\/","article:published_time":"2025-02-18T21:20:08+00:00","article:modified_time":"2025-03-12T15:21:01+00:00","twitter:card":"summary_large_image","twitter:title":"Cu\u00e1nto tiempo dura la afonia (2026) \u00bfCu\u00e1nto Tiempo?","twitter:description":"Cuanto Tiempo Dura La Afonia Descubre todo sobre la afon\u00eda y c\u00f3mo recuperar la voz \u00bfQu\u00e9 es la afon\u00eda? La afon\u00eda es la p\u00e9rdida total o parcial de la voz. Esta puede ser temporal o permanente, y puede afectar a personas de todas las edades. La afon\u00eda puede ser causada por diversas razones, desde infecciones"},"aioseo_meta_data":{"post_id":"95575","title":null,"description":null,"keywords":null,"keyphrases":null,"primary_term":null,"canonical_url":null,"og_title":null,"og_description":null,"og_object_type":"default","og_image_type":"default","og_image_url":null,"og_image_width":null,"og_image_height":null,"og_image_custom_url":null,"og_image_custom_fields":null,"og_video":null,"og_custom_url":null,"og_article_section":null,"og_article_tags":null,"twitter_use_og":false,"twitter_card":"default","twitter_image_type":"default","twitter_image_url":null,"twitter_image_custom_url":null,"twitter_image_custom_fields":null,"twitter_title":null,"twitter_description":null,"schema":{"blockGraphs":[],"customGraphs":[],"default":{"data":{"Article":[],"Course":[],"Dataset":[],"FAQPage":[],"Movie":[],"Person":[],"Product":[],"ProductReview":[],"Car":[],"Recipe":[],"Service":[],"SoftwareApplication":[],"WebPage":[]},"graphName":"","isEnabled":true},"graphs":[]},"schema_type":"default","schema_type_options":null,"pillar_content":false,"robots_default":true,"robots_noindex":false,"robots_noarchive":false,"robots_nosnippet":false,"robots_nofollow":false,"robots_noimageindex":false,"robots_noodp":false,"robots_notranslate":false,"robots_max_snippet":null,"robots_max_videopreview":null,"robots_max_imagepreview":"large","priority":null,"frequency":null,"local_seo":null,"breadcrumb_settings":null,"limit_modified_date":false,"ai":null,"created":"2023-05-04 22:17:25","updated":"2025-06-04 02:46:15","seo_analyzer_scan_date":null,"focus_keyword":null,"additional_keywords":null,"truseo_locale":null},"aioseo_breadcrumb":"<div class=\"aioseo-breadcrumbs\"><span class=\"aioseo-breadcrumb\">\n\t\t\t<a href=\"https:\/\/dudasytextos.com\/cuanto-tiempo\" title=\"Home\">Home<\/a>\n\t\t<\/span><span class=\"aioseo-breadcrumb-separator\">&raquo;<\/span><span class=\"aioseo-breadcrumb\">\n\t\t\t<a href=\"https:\/\/dudasytextos.com\/cuanto-tiempo\/category\/cuanto-tiempo\/\" title=\"\u00bfCu\u00e1nto tiempo?\">\u00bfCu\u00e1nto tiempo?<\/a>\n\t\t<\/span><span class=\"aioseo-breadcrumb-separator\">&raquo;<\/span><span class=\"aioseo-breadcrumb\">\n\t\t\tCu\u00e1nto tiempo dura la afonia\n\t\t<\/span><\/div>","aioseo_breadcrumb_json":[{"label":"Home","link":"https:\/\/dudasytextos.com\/cuanto-tiempo"},{"label":"\u00bfCu\u00e1nto tiempo?","link":"https:\/\/dudasytextos.com\/cuanto-tiempo\/category\/cuanto-tiempo\/"},{"label":"Cu\u00e1nto tiempo dura la afonia","link":"https:\/\/dudasytextos.com\/cuanto-tiempo\/cuanto-tiempo-dura-la-afonia\/"}],"_links":{"self":[{"href":"https:\/\/dudasytextos.com\/cuanto-tiempo\/wp-json\/wp\/v2\/posts\/95575","targetHints":{"allow":["GET"]}}],"collection":[{"href":"https:\/\/dudasytextos.com\/cuanto-tiempo\/wp-json\/wp\/v2\/posts"}],"about":[{"href":"https:\/\/dudasytextos.com\/cuanto-tiempo\/wp-json\/wp\/v2\/types\/post"}],"author":[{"embeddable":true,"href":"https:\/\/dudasytextos.com\/cuanto-tiempo\/wp-json\/wp\/v2\/users\/1"}],"replies":[{"embeddable":true,"href":"https:\/\/dudasytextos.com\/cuanto-tiempo\/wp-json\/wp\/v2\/comments?post=95575"}],"version-history":[{"count":1,"href":"https:\/\/dudasytextos.com\/cuanto-tiempo\/wp-json\/wp\/v2\/posts\/95575\/revisions"}],"predecessor-version":[{"id":99117,"href":"https:\/\/dudasytextos.com\/cuanto-tiempo\/wp-json\/wp\/v2\/posts\/95575\/revisions\/99117"}],"wp:attachment":[{"href":"https:\/\/dudasytextos.com\/cuanto-tiempo\/wp-json\/wp\/v2\/media?parent=95575"}],"wp:term":[{"taxonomy":"category","embeddable":true,"href":"https:\/\/dudasytextos.com\/cuanto-tiempo\/wp-json\/wp\/v2\/categories?post=95575"},{"taxonomy":"post_tag","embeddable":true,"href":"https:\/\/dudasytextos.com\/cuanto-tiempo\/wp-json\/wp\/v2\/tags?post=95575"}],"curies":[{"name":"wp","href":"https:\/\/api.w.org\/{rel}","templated":true}]}}