{"id":96096,"date":"2025-02-25T06:40:38","date_gmt":"2025-02-25T06:40:38","guid":{"rendered":"https:\/\/educacion.cc\/en\/?p=96096"},"modified":"2025-03-13T04:22:01","modified_gmt":"2025-03-13T04:22:01","slug":"cuanto-tiempo-se-incuba-omicron","status":"publish","type":"post","link":"https:\/\/dudasytextos.com\/cuanto-tiempo\/cuanto-tiempo-se-incuba-omicron\/","title":{"rendered":"Cu\u00e1nto tiempo se incuba omicron"},"content":{"rendered":"<div id=\"ez-toc-container\" class=\"ez-toc-v2_0_87 counter-hierarchy ez-toc-counter ez-toc-custom ez-toc-container-direction\">\n<div class=\"ez-toc-title-container\">\n<span class=\"ez-toc-title-toggle\"><\/span><\/div>\n<nav><ul class='ez-toc-list ez-toc-list-level-1 ' ><li class='ez-toc-page-1 ez-toc-heading-level-2'><a class=\"ez-toc-link ez-toc-heading-1\" href=\"https:\/\/dudasytextos.com\/cuanto-tiempo\/cuanto-tiempo-se-incuba-omicron\/#Cuanto_Tiempo_Se_Incuba_Omicron\" >Cu\u00e1nto Tiempo Se Incuba Omicron<\/a><\/li><li class='ez-toc-page-1 ez-toc-heading-level-2'><a class=\"ez-toc-link ez-toc-heading-2\" href=\"https:\/\/dudasytextos.com\/cuanto-tiempo\/cuanto-tiempo-se-incuba-omicron\/#Curiosidades_y_estadisticas_de_Omicron\" >Curiosidades y estad\u00edsticas de Omicron<\/a><\/li><li class='ez-toc-page-1 ez-toc-heading-level-2'><a class=\"ez-toc-link ez-toc-heading-3\" href=\"https:\/\/dudasytextos.com\/cuanto-tiempo\/cuanto-tiempo-se-incuba-omicron\/#Mi_experiencia_personal_con_Omicron\" >Mi experiencia personal con Omicron<\/a><\/li><li class='ez-toc-page-1 ez-toc-heading-level-2'><a class=\"ez-toc-link ez-toc-heading-4\" href=\"https:\/\/dudasytextos.com\/cuanto-tiempo\/cuanto-tiempo-se-incuba-omicron\/#%C2%BFCuanto_tiempo_se_incuba_Omicron\" >\u00bfCu\u00e1nto tiempo se incuba Omicron?<\/a><\/li><li class='ez-toc-page-1 ez-toc-heading-level-2'><a class=\"ez-toc-link ez-toc-heading-5\" href=\"https:\/\/dudasytextos.com\/cuanto-tiempo\/cuanto-tiempo-se-incuba-omicron\/#Prevencion_y_tratamiento_de_Omicron\" >Prevenci\u00f3n y tratamiento de Omicron<\/a><\/li><li class='ez-toc-page-1 ez-toc-heading-level-2'><a class=\"ez-toc-link ez-toc-heading-6\" href=\"https:\/\/dudasytextos.com\/cuanto-tiempo\/cuanto-tiempo-se-incuba-omicron\/#Preguntas_frecuentes_sobre_Omicron\" >Preguntas frecuentes sobre Omicron<\/a><ul class='ez-toc-list-level-3' ><li class='ez-toc-heading-level-3'><a class=\"ez-toc-link ez-toc-heading-7\" href=\"https:\/\/dudasytextos.com\/cuanto-tiempo\/cuanto-tiempo-se-incuba-omicron\/#%C2%BFComo_se_propaga_Omicron\" >\u00bfC\u00f3mo se propaga Omicron?<\/a><\/li><li class='ez-toc-page-1 ez-toc-heading-level-3'><a class=\"ez-toc-link ez-toc-heading-8\" href=\"https:\/\/dudasytextos.com\/cuanto-tiempo\/cuanto-tiempo-se-incuba-omicron\/#%C2%BFEs_mas_peligroso_que_otras_variantes_del_virus_COVID-19\" >\u00bfEs m\u00e1s peligroso que otras variantes del virus COVID-19?<\/a><\/li><li class='ez-toc-page-1 ez-toc-heading-level-3'><a class=\"ez-toc-link ez-toc-heading-9\" href=\"https:\/\/dudasytextos.com\/cuanto-tiempo\/cuanto-tiempo-se-incuba-omicron\/#%C2%BFComo_puedo_protegerme_contra_Omicron\" >\u00bfC\u00f3mo puedo protegerme contra Omicron?<\/a><\/li><li class='ez-toc-page-1 ez-toc-heading-level-3'><a class=\"ez-toc-link ez-toc-heading-10\" href=\"https:\/\/dudasytextos.com\/cuanto-tiempo\/cuanto-tiempo-se-incuba-omicron\/#%C2%BFCuales_son_los_sintomas_de_Omicron\" >\u00bfCu\u00e1les son los s\u00edntomas de Omicron?<\/a><\/li><\/ul><\/li><\/ul><\/nav><\/div>\n<h2><span class=\"ez-toc-section\" id=\"Cuanto_Tiempo_Se_Incuba_Omicron\"><\/span>Cu\u00e1nto Tiempo Se Incuba Omicron<span class=\"ez-toc-section-end\"><\/span><\/h2>\n<p>Por Ana Gonz\u00e1lez<\/p>\n<section>\n<h2><span class=\"ez-toc-section\" id=\"Curiosidades_y_estadisticas_de_Omicron\"><\/span>Curiosidades y estad\u00edsticas de Omicron<span class=\"ez-toc-section-end\"><\/span><\/h2>\n<ul>\n<li>Omicron es una variante del virus COVID-19 que se descubri\u00f3 por primera vez en Sud\u00e1frica en noviembre de 2021.<\/li>\n<li>Desde entonces, se ha propagado en todo el mundo y ha sido declarada variante de preocupaci\u00f3n por la Organizaci\u00f3n Mundial de la Salud.<\/li>\n<li>Seg\u00fan los expertos, Omicron es altamente contagioso y puede evadir la inmunidad adquirida por la vacuna o la infecci\u00f3n previa.<\/li>\n<li>Se cree que la incubaci\u00f3n de Omicron es m\u00e1s corta que la de otras variantes del virus COVID-19.<\/li>\n<\/ul>\n<\/section>\n<section>\n<h2><span class=\"ez-toc-section\" id=\"Mi_experiencia_personal_con_Omicron\"><\/span>Mi experiencia personal con Omicron<span class=\"ez-toc-section-end\"><\/span><\/h2>\n<p>Hace unas semanas, yo misma me contagi\u00e9 con la variante Omicron. A pesar de haber recibido la vacuna y de tener un sistema inmunol\u00f3gico saludable, experiment\u00e9 s\u00edntomas muy similares a los de un resfriado com\u00fan, como tos, dolor de cabeza y fiebre baja.<\/p>\n<p>Lo m\u00e1s sorprendente fue la rapidez con la que aparecieron los s\u00edntomas. En menos de 24 horas despu\u00e9s de haber estado expuesta al virus, comenc\u00e9 a sentirme mal. Esto me llev\u00f3 a investigar sobre cu\u00e1nto <a href=\"https:\/\/dudasytextos.com\/cuanto-tiempo\/500-metros-andando-cuanto-tiempo-es\/\">tiempo<\/a> se incuba Omicron y a compartir mi experiencia con otros.<\/p>\n<\/section>\n<section>\n<h2><span class=\"ez-toc-section\" id=\"%C2%BFCuanto_tiempo_se_incuba_Omicron\"><\/span>\u00bfCu\u00e1nto tiempo se incuba Omicron?<span class=\"ez-toc-section-end\"><\/span><\/h2>\n<p>Seg\u00fan los expertos, el per\u00edodo de incubaci\u00f3n de Omicron es m\u00e1s corto que el de otras variantes del virus COVID-19, como Delta. Mientras que Delta puede tardar de 2 a 14 d\u00edas en mostrar s\u00edntomas, Omicron puede aparecer en tan solo 1 o 2 d\u00edas despu\u00e9s de la exposici\u00f3n al virus.<\/p>\n<p>Es importante tener en cuenta que el per\u00edodo de incubaci\u00f3n puede variar de persona a persona y depende de varios factores, como la edad, la salud general y la cantidad de virus a la que se haya estado expuesto.<\/p>\n<\/section>\n<section>\n<h2><span class=\"ez-toc-section\" id=\"Prevencion_y_tratamiento_de_Omicron\"><\/span>Prevenci\u00f3n y tratamiento de Omicron<span class=\"ez-toc-section-end\"><\/span><\/h2>\n<p>La mejor manera de prevenir la propagaci\u00f3n de Omicron es seguir las medidas de prevenci\u00f3n est\u00e1ndar, como el lavado de manos frecuente, el uso de mascarillas y el distanciamiento social. Tambi\u00e9n es importante vacunarse y recibir la dosis de refuerzo si se tiene la oportunidad.<\/p>\n<p>En cuanto al tratamiento, los expertos recomiendan el uso de medicamentos antivirales y la atenci\u00f3n m\u00e9dica temprana en caso de haber sido expuesto al virus. Sin embargo, debido a la reciente aparici\u00f3n de Omicron, a\u00fan se est\u00e1n realizando estudios para determinar la eficacia de estos tratamientos.<\/p>\n<\/section>\n<section>\n<h2><span class=\"ez-toc-section\" id=\"Preguntas_frecuentes_sobre_Omicron\"><\/span>Preguntas frecuentes sobre Omicron<span class=\"ez-toc-section-end\"><\/span><\/h2>\n<h3><span class=\"ez-toc-section\" id=\"%C2%BFComo_se_propaga_Omicron\"><\/span>\u00bfC\u00f3mo se propaga Omicron?<span class=\"ez-toc-section-end\"><\/span><\/h3>\n<p>Omicron se propaga de la misma manera que otras variantes del virus COVID-19, a trav\u00e9s del contacto cercano con una persona infectada o por el aire.<\/p>\n<h3><span class=\"ez-toc-section\" id=\"%C2%BFEs_mas_peligroso_que_otras_variantes_del_virus_COVID-19\"><\/span>\u00bfEs m\u00e1s peligroso que otras variantes del virus COVID-19?<span class=\"ez-toc-section-end\"><\/span><\/h3>\n<p>Aunque a\u00fan se est\u00e1n realizando estudios para determinar la gravedad de la enfermedad causada por Omicron, los expertos creen que es altamente contagioso y puede evadir la inmunidad adquirida por la vacuna o la infecci\u00f3n previa.<\/p>\n<h3><span class=\"ez-toc-section\" id=\"%C2%BFComo_puedo_protegerme_contra_Omicron\"><\/span>\u00bfC\u00f3mo puedo protegerme contra Omicron?<span class=\"ez-toc-section-end\"><\/span><\/h3>\n<p>La mejor manera de protegerse contra Omicron es seguir las medidas de prevenci\u00f3n est\u00e1ndar, vacunarse y recibir la dosis de refuerzo si se tiene la oportunidad.<\/p>\n<h3><span class=\"ez-toc-section\" id=\"%C2%BFCuales_son_los_sintomas_de_Omicron\"><\/span>\u00bfCu\u00e1les son los s\u00edntomas de Omicron?<span class=\"ez-toc-section-end\"><\/span><\/h3>\n<p>Los s\u00edntomas de Omicron son similares a los de otras variantes del virus COVID-19, como tos, dolor de cabeza, fiebre y fatiga.<\/p>\n<\/section>\n<footer>\n<p>Copyright \u00a9 2023 Ana Gonz\u00e1lez<\/p>\n<\/footer>\n","protected":false},"excerpt":{"rendered":"<p>Cu\u00e1nto Tiempo Se Incuba Omicron Por Ana Gonz\u00e1lez Curiosidades y estad\u00edsticas de Omicron Omicron es una variante del virus COVID-19 que se descubri\u00f3 por primera vez en Sud\u00e1frica en noviembre de 2021. Desde entonces, se ha propagado en todo el mundo y ha sido declarada variante de preocupaci\u00f3n por la Organizaci\u00f3n Mundial de la Salud. &#8230; <a title=\"Cu\u00e1nto tiempo se incuba omicron\" class=\"read-more\" href=\"https:\/\/dudasytextos.com\/cuanto-tiempo\/cuanto-tiempo-se-incuba-omicron\/\" aria-label=\"M\u00e1s en Cu\u00e1nto tiempo se incuba omicron\">Leer m\u00e1s<\/a><\/p>\n","protected":false},"author":1,"featured_media":0,"comment_status":"open","ping_status":"open","sticky":false,"template":"","format":"standard","meta":{"footnotes":""},"categories":[3],"tags":[],"class_list":["post-96096","post","type-post","status-publish","format-standard","hentry","category-cuanto-tiempo"],"aioseo_notices":[],"aioseo_head":"\n\t\t<!-- All in One SEO 5.0.1.1 - aioseo.com -->\n\t<meta name=\"description\" content=\"Cu\u00e1nto Tiempo Se Incuba Omicron Por Ana Gonz\u00e1lez Curiosidades y estad\u00edsticas de Omicron Omicron es una variante del virus COVID-19 que se descubri\u00f3 por primera vez en Sud\u00e1frica en noviembre de 2021. Desde entonces, se ha propagado en todo el mundo y ha sido declarada variante de preocupaci\u00f3n por la Organizaci\u00f3n Mundial de la Salud.\" \/>\n\t<meta name=\"robots\" content=\"max-snippet:-1, max-image-preview:large, max-video-preview:-1\" \/>\n\t<meta name=\"author\" content=\"Ana Gonz\u00e1lez\"\/>\n\t<link rel=\"canonical\" href=\"https:\/\/dudasytextos.com\/cuanto-tiempo\/cuanto-tiempo-se-incuba-omicron\/\" \/>\n\t<meta name=\"generator\" content=\"All in One SEO (AIOSEO) 5.0.1.1\" \/>\n\n\t\t<!-- Google tag (gtag.js) -->\n<script async src=\"https:\/\/www.googletagmanager.com\/gtag\/js?id=G-YPSGVRV7JJ\"><\/script>\n<script>\n  window.dataLayer = window.dataLayer || [];\n  function gtag(){dataLayer.push(arguments);}\n  gtag('js', new Date());\n\n  gtag('config', 'G-YPSGVRV7JJ');\n<\/script>\n<script async src=\"https:\/\/pagead2.googlesyndication.com\/pagead\/js\/adsbygoogle.js?client=ca-pub-3987500858204711\"\n     crossorigin=\"anonymous\"><\/script>\n\t\t<meta property=\"og:locale\" content=\"es_ES\" \/>\n\t\t<meta property=\"og:site_name\" content=\"\u00bfCu\u00e1nto Tiempo? - \u00bfCu\u00e1nto Tiempo?\" \/>\n\t\t<meta property=\"og:type\" content=\"article\" \/>\n\t\t<meta property=\"og:title\" content=\"Cu\u00e1nto tiempo se incuba omicron (2026) \u00bfCu\u00e1nto Tiempo?\" \/>\n\t\t<meta property=\"og:description\" content=\"Cu\u00e1nto Tiempo Se Incuba Omicron Por Ana Gonz\u00e1lez Curiosidades y estad\u00edsticas de Omicron Omicron es una variante del virus COVID-19 que se descubri\u00f3 por primera vez en Sud\u00e1frica en noviembre de 2021. Desde entonces, se ha propagado en todo el mundo y ha sido declarada variante de preocupaci\u00f3n por la Organizaci\u00f3n Mundial de la Salud.\" \/>\n\t\t<meta property=\"og:url\" content=\"https:\/\/dudasytextos.com\/cuanto-tiempo\/cuanto-tiempo-se-incuba-omicron\/\" \/>\n\t\t<meta property=\"article:published_time\" content=\"2025-02-25T06:40:38+00:00\" \/>\n\t\t<meta property=\"article:modified_time\" content=\"2025-03-13T04:22:01+00:00\" \/>\n\t\t<meta name=\"twitter:card\" content=\"summary_large_image\" \/>\n\t\t<meta name=\"twitter:title\" content=\"Cu\u00e1nto tiempo se incuba omicron (2026) \u00bfCu\u00e1nto Tiempo?\" \/>\n\t\t<meta name=\"twitter:description\" content=\"Cu\u00e1nto Tiempo Se Incuba Omicron Por Ana Gonz\u00e1lez Curiosidades y estad\u00edsticas de Omicron Omicron es una variante del virus COVID-19 que se descubri\u00f3 por primera vez en Sud\u00e1frica en noviembre de 2021. Desde entonces, se ha propagado en todo el mundo y ha sido declarada variante de preocupaci\u00f3n por la Organizaci\u00f3n Mundial de la Salud.\" \/>\n\t\t<script type=\"application\/ld+json\" class=\"aioseo-schema\">\n\t\t\t{\"@context\":\"https:\\\/\\\/schema.org\",\"@graph\":[{\"@type\":\"BlogPosting\",\"@id\":\"https:\\\/\\\/dudasytextos.com\\\/cuanto-tiempo\\\/cuanto-tiempo-se-incuba-omicron\\\/#blogposting\",\"name\":\"Cu\\u00e1nto tiempo se incuba omicron (2026) \\u00bfCu\\u00e1nto Tiempo?\",\"headline\":\"Cu\\u00e1nto tiempo se incuba omicron\",\"author\":{\"@id\":\"https:\\\/\\\/dudasytextos.com\\\/cuanto-tiempo\\\/author\\\/admin23\\\/#author\"},\"publisher\":{\"@id\":\"https:\\\/\\\/dudasytextos.com\\\/cuanto-tiempo\\\/#organization\"},\"datePublished\":\"2025-02-25T06:40:38+00:00\",\"dateModified\":\"2025-03-13T04:22:01+00:00\",\"inLanguage\":\"es-ES\",\"mainEntityOfPage\":{\"@id\":\"https:\\\/\\\/dudasytextos.com\\\/cuanto-tiempo\\\/cuanto-tiempo-se-incuba-omicron\\\/#webpage\"},\"isPartOf\":{\"@id\":\"https:\\\/\\\/dudasytextos.com\\\/cuanto-tiempo\\\/cuanto-tiempo-se-incuba-omicron\\\/#webpage\"},\"articleSection\":\"\\u00bfCu\\u00e1nto tiempo?\"},{\"@type\":\"BreadcrumbList\",\"@id\":\"https:\\\/\\\/dudasytextos.com\\\/cuanto-tiempo\\\/cuanto-tiempo-se-incuba-omicron\\\/#breadcrumblist\",\"itemListElement\":[{\"@type\":\"ListItem\",\"@id\":\"https:\\\/\\\/dudasytextos.com\\\/cuanto-tiempo#listItem\",\"position\":1,\"name\":\"Home\",\"item\":\"https:\\\/\\\/dudasytextos.com\\\/cuanto-tiempo\",\"nextItem\":{\"@type\":\"ListItem\",\"@id\":\"https:\\\/\\\/dudasytextos.com\\\/cuanto-tiempo\\\/category\\\/cuanto-tiempo\\\/#listItem\",\"name\":\"\\u00bfCu\\u00e1nto tiempo?\"}},{\"@type\":\"ListItem\",\"@id\":\"https:\\\/\\\/dudasytextos.com\\\/cuanto-tiempo\\\/category\\\/cuanto-tiempo\\\/#listItem\",\"position\":2,\"name\":\"\\u00bfCu\\u00e1nto tiempo?\",\"item\":\"https:\\\/\\\/dudasytextos.com\\\/cuanto-tiempo\\\/category\\\/cuanto-tiempo\\\/\",\"nextItem\":{\"@type\":\"ListItem\",\"@id\":\"https:\\\/\\\/dudasytextos.com\\\/cuanto-tiempo\\\/cuanto-tiempo-se-incuba-omicron\\\/#listItem\",\"name\":\"Cu\\u00e1nto tiempo se incuba omicron\"},\"previousItem\":{\"@type\":\"ListItem\",\"@id\":\"https:\\\/\\\/dudasytextos.com\\\/cuanto-tiempo#listItem\",\"name\":\"Home\"}},{\"@type\":\"ListItem\",\"@id\":\"https:\\\/\\\/dudasytextos.com\\\/cuanto-tiempo\\\/cuanto-tiempo-se-incuba-omicron\\\/#listItem\",\"position\":3,\"name\":\"Cu\\u00e1nto tiempo se incuba omicron\",\"previousItem\":{\"@type\":\"ListItem\",\"@id\":\"https:\\\/\\\/dudasytextos.com\\\/cuanto-tiempo\\\/category\\\/cuanto-tiempo\\\/#listItem\",\"name\":\"\\u00bfCu\\u00e1nto tiempo?\"}}]},{\"@type\":\"Organization\",\"@id\":\"https:\\\/\\\/dudasytextos.com\\\/cuanto-tiempo\\\/#organization\",\"name\":\"Recipes\",\"description\":\"\\u00bfCu\\u00e1nto Tiempo?\",\"url\":\"https:\\\/\\\/dudasytextos.com\\\/cuanto-tiempo\\\/\"},{\"@type\":\"Person\",\"@id\":\"https:\\\/\\\/dudasytextos.com\\\/cuanto-tiempo\\\/author\\\/admin23\\\/#author\",\"url\":\"https:\\\/\\\/dudasytextos.com\\\/cuanto-tiempo\\\/author\\\/admin23\\\/\",\"name\":\"Ana Gonz\\u00e1lez\"},{\"@type\":\"WebPage\",\"@id\":\"https:\\\/\\\/dudasytextos.com\\\/cuanto-tiempo\\\/cuanto-tiempo-se-incuba-omicron\\\/#webpage\",\"url\":\"https:\\\/\\\/dudasytextos.com\\\/cuanto-tiempo\\\/cuanto-tiempo-se-incuba-omicron\\\/\",\"name\":\"Cu\\u00e1nto tiempo se incuba omicron (2026) \\u00bfCu\\u00e1nto Tiempo?\",\"description\":\"Cu\\u00e1nto Tiempo Se Incuba Omicron Por Ana Gonz\\u00e1lez Curiosidades y estad\\u00edsticas de Omicron Omicron es una variante del virus COVID-19 que se descubri\\u00f3 por primera vez en Sud\\u00e1frica en noviembre de 2021. Desde entonces, se ha propagado en todo el mundo y ha sido declarada variante de preocupaci\\u00f3n por la Organizaci\\u00f3n Mundial de la Salud.\",\"inLanguage\":\"es-ES\",\"isPartOf\":{\"@id\":\"https:\\\/\\\/dudasytextos.com\\\/cuanto-tiempo\\\/#website\"},\"breadcrumb\":{\"@id\":\"https:\\\/\\\/dudasytextos.com\\\/cuanto-tiempo\\\/cuanto-tiempo-se-incuba-omicron\\\/#breadcrumblist\"},\"author\":{\"@id\":\"https:\\\/\\\/dudasytextos.com\\\/cuanto-tiempo\\\/author\\\/admin23\\\/#author\"},\"creator\":{\"@id\":\"https:\\\/\\\/dudasytextos.com\\\/cuanto-tiempo\\\/author\\\/admin23\\\/#author\"},\"datePublished\":\"2025-02-25T06:40:38+00:00\",\"dateModified\":\"2025-03-13T04:22:01+00:00\"},{\"@type\":\"WebSite\",\"@id\":\"https:\\\/\\\/dudasytextos.com\\\/cuanto-tiempo\\\/#website\",\"url\":\"https:\\\/\\\/dudasytextos.com\\\/cuanto-tiempo\\\/\",\"name\":\"Recipes\",\"description\":\"\\u00bfCu\\u00e1nto Tiempo?\",\"inLanguage\":\"es-ES\",\"publisher\":{\"@id\":\"https:\\\/\\\/dudasytextos.com\\\/cuanto-tiempo\\\/#organization\"}}]}\n\t\t<\/script>\n\t\t<!-- All in One SEO -->\n\n","aioseo_head_json":{"title":"Cu\u00e1nto tiempo se incuba omicron (2026) \u00bfCu\u00e1nto Tiempo?","description":"Cu\u00e1nto Tiempo Se Incuba Omicron Por Ana Gonz\u00e1lez Curiosidades y estad\u00edsticas de Omicron Omicron es una variante del virus COVID-19 que se descubri\u00f3 por primera vez en Sud\u00e1frica en noviembre de 2021. Desde entonces, se ha propagado en todo el mundo y ha sido declarada variante de preocupaci\u00f3n por la Organizaci\u00f3n Mundial de la Salud.","canonical_url":"https:\/\/dudasytextos.com\/cuanto-tiempo\/cuanto-tiempo-se-incuba-omicron\/","robots":"max-snippet:-1, max-image-preview:large, max-video-preview:-1","keywords":"","webmasterTools":{"miscellaneous":"&lt;!-- Google tag (gtag.js) --&gt;\n&lt;script async src=\"https:\/\/www.googletagmanager.com\/gtag\/js?id=G-YPSGVRV7JJ\"&gt;&lt;\/script&gt;\n&lt;script&gt;\n  window.dataLayer = window.dataLayer || [];\n  function gtag(){dataLayer.push(arguments);}\n  gtag('js', new Date());\n\n  gtag('config', 'G-YPSGVRV7JJ');\n&lt;\/script&gt;\n&lt;script async src=\"https:\/\/pagead2.googlesyndication.com\/pagead\/js\/adsbygoogle.js?client=ca-pub-3987500858204711\"\n     crossorigin=\"anonymous\"&gt;&lt;\/script&gt;"},"schema":{"@context":"https:\/\/schema.org","@graph":[{"@type":"BlogPosting","@id":"https:\/\/dudasytextos.com\/cuanto-tiempo\/cuanto-tiempo-se-incuba-omicron\/#blogposting","name":"Cu\u00e1nto tiempo se incuba omicron (2026) \u00bfCu\u00e1nto Tiempo?","headline":"Cu\u00e1nto tiempo se incuba omicron","author":{"@id":"https:\/\/dudasytextos.com\/cuanto-tiempo\/author\/admin23\/#author"},"publisher":{"@id":"https:\/\/dudasytextos.com\/cuanto-tiempo\/#organization"},"datePublished":"2025-02-25T06:40:38+00:00","dateModified":"2025-03-13T04:22:01+00:00","inLanguage":"es-ES","mainEntityOfPage":{"@id":"https:\/\/dudasytextos.com\/cuanto-tiempo\/cuanto-tiempo-se-incuba-omicron\/#webpage"},"isPartOf":{"@id":"https:\/\/dudasytextos.com\/cuanto-tiempo\/cuanto-tiempo-se-incuba-omicron\/#webpage"},"articleSection":"\u00bfCu\u00e1nto tiempo?"},{"@type":"BreadcrumbList","@id":"https:\/\/dudasytextos.com\/cuanto-tiempo\/cuanto-tiempo-se-incuba-omicron\/#breadcrumblist","itemListElement":[{"@type":"ListItem","@id":"https:\/\/dudasytextos.com\/cuanto-tiempo#listItem","position":1,"name":"Home","item":"https:\/\/dudasytextos.com\/cuanto-tiempo","nextItem":{"@type":"ListItem","@id":"https:\/\/dudasytextos.com\/cuanto-tiempo\/category\/cuanto-tiempo\/#listItem","name":"\u00bfCu\u00e1nto tiempo?"}},{"@type":"ListItem","@id":"https:\/\/dudasytextos.com\/cuanto-tiempo\/category\/cuanto-tiempo\/#listItem","position":2,"name":"\u00bfCu\u00e1nto tiempo?","item":"https:\/\/dudasytextos.com\/cuanto-tiempo\/category\/cuanto-tiempo\/","nextItem":{"@type":"ListItem","@id":"https:\/\/dudasytextos.com\/cuanto-tiempo\/cuanto-tiempo-se-incuba-omicron\/#listItem","name":"Cu\u00e1nto tiempo se incuba omicron"},"previousItem":{"@type":"ListItem","@id":"https:\/\/dudasytextos.com\/cuanto-tiempo#listItem","name":"Home"}},{"@type":"ListItem","@id":"https:\/\/dudasytextos.com\/cuanto-tiempo\/cuanto-tiempo-se-incuba-omicron\/#listItem","position":3,"name":"Cu\u00e1nto tiempo se incuba omicron","previousItem":{"@type":"ListItem","@id":"https:\/\/dudasytextos.com\/cuanto-tiempo\/category\/cuanto-tiempo\/#listItem","name":"\u00bfCu\u00e1nto tiempo?"}}]},{"@type":"Organization","@id":"https:\/\/dudasytextos.com\/cuanto-tiempo\/#organization","name":"Recipes","description":"\u00bfCu\u00e1nto Tiempo?","url":"https:\/\/dudasytextos.com\/cuanto-tiempo\/"},{"@type":"Person","@id":"https:\/\/dudasytextos.com\/cuanto-tiempo\/author\/admin23\/#author","url":"https:\/\/dudasytextos.com\/cuanto-tiempo\/author\/admin23\/","name":"Ana Gonz\u00e1lez"},{"@type":"WebPage","@id":"https:\/\/dudasytextos.com\/cuanto-tiempo\/cuanto-tiempo-se-incuba-omicron\/#webpage","url":"https:\/\/dudasytextos.com\/cuanto-tiempo\/cuanto-tiempo-se-incuba-omicron\/","name":"Cu\u00e1nto tiempo se incuba omicron (2026) \u00bfCu\u00e1nto Tiempo?","description":"Cu\u00e1nto Tiempo Se Incuba Omicron Por Ana Gonz\u00e1lez Curiosidades y estad\u00edsticas de Omicron Omicron es una variante del virus COVID-19 que se descubri\u00f3 por primera vez en Sud\u00e1frica en noviembre de 2021. Desde entonces, se ha propagado en todo el mundo y ha sido declarada variante de preocupaci\u00f3n por la Organizaci\u00f3n Mundial de la Salud.","inLanguage":"es-ES","isPartOf":{"@id":"https:\/\/dudasytextos.com\/cuanto-tiempo\/#website"},"breadcrumb":{"@id":"https:\/\/dudasytextos.com\/cuanto-tiempo\/cuanto-tiempo-se-incuba-omicron\/#breadcrumblist"},"author":{"@id":"https:\/\/dudasytextos.com\/cuanto-tiempo\/author\/admin23\/#author"},"creator":{"@id":"https:\/\/dudasytextos.com\/cuanto-tiempo\/author\/admin23\/#author"},"datePublished":"2025-02-25T06:40:38+00:00","dateModified":"2025-03-13T04:22:01+00:00"},{"@type":"WebSite","@id":"https:\/\/dudasytextos.com\/cuanto-tiempo\/#website","url":"https:\/\/dudasytextos.com\/cuanto-tiempo\/","name":"Recipes","description":"\u00bfCu\u00e1nto Tiempo?","inLanguage":"es-ES","publisher":{"@id":"https:\/\/dudasytextos.com\/cuanto-tiempo\/#organization"}}]},"og:locale":"es_ES","og:site_name":"\u00bfCu\u00e1nto Tiempo? - \u00bfCu\u00e1nto Tiempo?","og:type":"article","og:title":"Cu\u00e1nto tiempo se incuba omicron (2026) \u00bfCu\u00e1nto Tiempo?","og:description":"Cu\u00e1nto Tiempo Se Incuba Omicron Por Ana Gonz\u00e1lez Curiosidades y estad\u00edsticas de Omicron Omicron es una variante del virus COVID-19 que se descubri\u00f3 por primera vez en Sud\u00e1frica en noviembre de 2021. Desde entonces, se ha propagado en todo el mundo y ha sido declarada variante de preocupaci\u00f3n por la Organizaci\u00f3n Mundial de la Salud.","og:url":"https:\/\/dudasytextos.com\/cuanto-tiempo\/cuanto-tiempo-se-incuba-omicron\/","article:published_time":"2025-02-25T06:40:38+00:00","article:modified_time":"2025-03-13T04:22:01+00:00","twitter:card":"summary_large_image","twitter:title":"Cu\u00e1nto tiempo se incuba omicron (2026) \u00bfCu\u00e1nto Tiempo?","twitter:description":"Cu\u00e1nto Tiempo Se Incuba Omicron Por Ana Gonz\u00e1lez Curiosidades y estad\u00edsticas de Omicron Omicron es una variante del virus COVID-19 que se descubri\u00f3 por primera vez en Sud\u00e1frica en noviembre de 2021. Desde entonces, se ha propagado en todo el mundo y ha sido declarada variante de preocupaci\u00f3n por la Organizaci\u00f3n Mundial de la Salud."},"aioseo_meta_data":{"post_id":"96096","title":null,"description":null,"keywords":null,"keyphrases":null,"primary_term":null,"canonical_url":null,"og_title":null,"og_description":null,"og_object_type":"default","og_image_type":"default","og_image_url":null,"og_image_width":null,"og_image_height":null,"og_image_custom_url":null,"og_image_custom_fields":null,"og_video":null,"og_custom_url":null,"og_article_section":null,"og_article_tags":null,"twitter_use_og":false,"twitter_card":"default","twitter_image_type":"default","twitter_image_url":null,"twitter_image_custom_url":null,"twitter_image_custom_fields":null,"twitter_title":null,"twitter_description":null,"schema":{"blockGraphs":[],"customGraphs":[],"default":{"data":{"Article":[],"Course":[],"Dataset":[],"FAQPage":[],"Movie":[],"Person":[],"Product":[],"ProductReview":[],"Car":[],"Recipe":[],"Service":[],"SoftwareApplication":[],"WebPage":[]},"graphName":"","isEnabled":true},"graphs":[]},"schema_type":"default","schema_type_options":null,"pillar_content":false,"robots_default":true,"robots_noindex":false,"robots_noarchive":false,"robots_nosnippet":false,"robots_nofollow":false,"robots_noimageindex":false,"robots_noodp":false,"robots_notranslate":false,"robots_max_snippet":null,"robots_max_videopreview":null,"robots_max_imagepreview":"large","priority":null,"frequency":null,"local_seo":null,"breadcrumb_settings":null,"limit_modified_date":false,"ai":null,"created":"2023-05-04 08:24:54","updated":"2025-06-04 07:52:35","seo_analyzer_scan_date":null,"focus_keyword":null,"additional_keywords":null,"truseo_locale":null},"aioseo_breadcrumb":"<div class=\"aioseo-breadcrumbs\"><span class=\"aioseo-breadcrumb\">\n\t\t\t<a href=\"https:\/\/dudasytextos.com\/cuanto-tiempo\" title=\"Home\">Home<\/a>\n\t\t<\/span><span class=\"aioseo-breadcrumb-separator\">&raquo;<\/span><span class=\"aioseo-breadcrumb\">\n\t\t\t<a href=\"https:\/\/dudasytextos.com\/cuanto-tiempo\/category\/cuanto-tiempo\/\" title=\"\u00bfCu\u00e1nto tiempo?\">\u00bfCu\u00e1nto tiempo?<\/a>\n\t\t<\/span><span class=\"aioseo-breadcrumb-separator\">&raquo;<\/span><span class=\"aioseo-breadcrumb\">\n\t\t\tCu\u00e1nto tiempo se incuba omicron\n\t\t<\/span><\/div>","aioseo_breadcrumb_json":[{"label":"Home","link":"https:\/\/dudasytextos.com\/cuanto-tiempo"},{"label":"\u00bfCu\u00e1nto tiempo?","link":"https:\/\/dudasytextos.com\/cuanto-tiempo\/category\/cuanto-tiempo\/"},{"label":"Cu\u00e1nto tiempo se incuba omicron","link":"https:\/\/dudasytextos.com\/cuanto-tiempo\/cuanto-tiempo-se-incuba-omicron\/"}],"_links":{"self":[{"href":"https:\/\/dudasytextos.com\/cuanto-tiempo\/wp-json\/wp\/v2\/posts\/96096","targetHints":{"allow":["GET"]}}],"collection":[{"href":"https:\/\/dudasytextos.com\/cuanto-tiempo\/wp-json\/wp\/v2\/posts"}],"about":[{"href":"https:\/\/dudasytextos.com\/cuanto-tiempo\/wp-json\/wp\/v2\/types\/post"}],"author":[{"embeddable":true,"href":"https:\/\/dudasytextos.com\/cuanto-tiempo\/wp-json\/wp\/v2\/users\/1"}],"replies":[{"embeddable":true,"href":"https:\/\/dudasytextos.com\/cuanto-tiempo\/wp-json\/wp\/v2\/comments?post=96096"}],"version-history":[{"count":1,"href":"https:\/\/dudasytextos.com\/cuanto-tiempo\/wp-json\/wp\/v2\/posts\/96096\/revisions"}],"predecessor-version":[{"id":98597,"href":"https:\/\/dudasytextos.com\/cuanto-tiempo\/wp-json\/wp\/v2\/posts\/96096\/revisions\/98597"}],"wp:attachment":[{"href":"https:\/\/dudasytextos.com\/cuanto-tiempo\/wp-json\/wp\/v2\/media?parent=96096"}],"wp:term":[{"taxonomy":"category","embeddable":true,"href":"https:\/\/dudasytextos.com\/cuanto-tiempo\/wp-json\/wp\/v2\/categories?post=96096"},{"taxonomy":"post_tag","embeddable":true,"href":"https:\/\/dudasytextos.com\/cuanto-tiempo\/wp-json\/wp\/v2\/tags?post=96096"}],"curies":[{"name":"wp","href":"https:\/\/api.w.org\/{rel}","templated":true}]}}