{"id":96387,"date":"2025-02-15T08:26:47","date_gmt":"2025-02-15T08:26:47","guid":{"rendered":"https:\/\/educacion.cc\/en\/?p=96387"},"modified":"2025-03-13T01:29:57","modified_gmt":"2025-03-13T01:29:57","slug":"cuanto-tiempo-es-el-ramadan","status":"publish","type":"post","link":"https:\/\/dudasytextos.com\/cuanto-tiempo\/cuanto-tiempo-es-el-ramadan\/","title":{"rendered":"Cu\u00e1nto tiempo es el ramadan"},"content":{"rendered":"<div id=\"ez-toc-container\" class=\"ez-toc-v2_0_87 counter-hierarchy ez-toc-counter ez-toc-custom ez-toc-container-direction\">\n<div class=\"ez-toc-title-container\">\n<span class=\"ez-toc-title-toggle\"><\/span><\/div>\n<nav><ul class='ez-toc-list ez-toc-list-level-1 ' ><li class='ez-toc-page-1 ez-toc-heading-level-2'><a class=\"ez-toc-link ez-toc-heading-1\" href=\"https:\/\/dudasytextos.com\/cuanto-tiempo\/cuanto-tiempo-es-el-ramadan\/#Cuanto_tiempo_es_el_Ramadan_%E2%80%93_Guia_completa\" >Cu\u00e1nto tiempo es el Ramadan &#8211; Gu\u00eda completa<\/a><\/li><li class='ez-toc-page-1 ez-toc-heading-level-2'><a class=\"ez-toc-link ez-toc-heading-2\" href=\"https:\/\/dudasytextos.com\/cuanto-tiempo\/cuanto-tiempo-es-el-ramadan\/#Curiosidades_sobre_el_Ramadan\" >Curiosidades sobre el Ramadan<\/a><\/li><li class='ez-toc-page-1 ez-toc-heading-level-2'><a class=\"ez-toc-link ez-toc-heading-3\" href=\"https:\/\/dudasytextos.com\/cuanto-tiempo\/cuanto-tiempo-es-el-ramadan\/#Cuanto_tiempo_dura_el_Ramadan\" >Cu\u00e1nto tiempo dura el Ramadan<\/a><\/li><li class='ez-toc-page-1 ez-toc-heading-level-2'><a class=\"ez-toc-link ez-toc-heading-4\" href=\"https:\/\/dudasytextos.com\/cuanto-tiempo\/cuanto-tiempo-es-el-ramadan\/#Mi_experiencia_personal_con_el_Ramadan\" >Mi experiencia personal con el Ramadan<\/a><\/li><li class='ez-toc-page-1 ez-toc-heading-level-2'><a class=\"ez-toc-link ez-toc-heading-5\" href=\"https:\/\/dudasytextos.com\/cuanto-tiempo\/cuanto-tiempo-es-el-ramadan\/#Preguntas_frecuentes_sobre_el_Ramadan\" >Preguntas frecuentes sobre el Ramadan<\/a><ul class='ez-toc-list-level-3' ><li class='ez-toc-heading-level-3'><a class=\"ez-toc-link ez-toc-heading-6\" href=\"https:\/\/dudasytextos.com\/cuanto-tiempo\/cuanto-tiempo-es-el-ramadan\/#%C2%BFPor_que_los_musulmanes_ayunan_durante_el_Ramadan\" >\u00bfPor qu\u00e9 los musulmanes ayunan durante el Ramadan?<\/a><\/li><li class='ez-toc-page-1 ez-toc-heading-level-3'><a class=\"ez-toc-link ez-toc-heading-7\" href=\"https:\/\/dudasytextos.com\/cuanto-tiempo\/cuanto-tiempo-es-el-ramadan\/#%C2%BFLos_ninos_y_las_mujeres_embarazadas_tambien_ayunan_durante_el_Ramadan\" >\u00bfLos ni\u00f1os y las mujeres embarazadas tambi\u00e9n ayunan durante el Ramadan?<\/a><\/li><li class='ez-toc-page-1 ez-toc-heading-level-3'><a class=\"ez-toc-link ez-toc-heading-8\" href=\"https:\/\/dudasytextos.com\/cuanto-tiempo\/cuanto-tiempo-es-el-ramadan\/#%C2%BFSe_puede_comer_o_beber_algo_durante_el_dia_durante_el_Ramadan\" >\u00bfSe puede comer o beber algo durante el d\u00eda durante el Ramadan?<\/a><\/li><li class='ez-toc-page-1 ez-toc-heading-level-3'><a class=\"ez-toc-link ez-toc-heading-9\" href=\"https:\/\/dudasytextos.com\/cuanto-tiempo\/cuanto-tiempo-es-el-ramadan\/#%C2%BFQue_es_Eid_al-Fitr\" >\u00bfQu\u00e9 es Eid al-Fitr?<\/a><\/li><\/ul><\/li><\/ul><\/nav><\/div>\n<h2><span class=\"ez-toc-section\" id=\"Cuanto_tiempo_es_el_Ramadan_%E2%80%93_Guia_completa\"><\/span>Cu\u00e1nto tiempo es el Ramadan &#8211; Gu\u00eda completa<span class=\"ez-toc-section-end\"><\/span><\/h2>\n<section>\n<h2><span class=\"ez-toc-section\" id=\"Curiosidades_sobre_el_Ramadan\"><\/span>Curiosidades sobre el Ramadan<span class=\"ez-toc-section-end\"><\/span><\/h2>\n<ul>\n<li>El Ramadan es el noveno mes del calendario isl\u00e1mico.<\/li>\n<li>Es un mes sagrado de ayuno, oraci\u00f3n y reflexi\u00f3n para los musulmanes de todo el mundo.<\/li>\n<li>El ayuno durante el Ramadan es uno de los cinco pilares del Islam.<\/li>\n<li>El ayuno comienza al amanecer y termina al atardecer.<\/li>\n<li>El t\u00e9rmino Ramadan proviene de la palabra \u00e1rabe ramad, que significa quemar o calor intenso.<\/li>\n<\/ul>\n<\/section>\n<section>\n<h2><span class=\"ez-toc-section\" id=\"Cuanto_tiempo_dura_el_Ramadan\"><\/span>Cu\u00e1nto tiempo dura el Ramadan<span class=\"ez-toc-section-end\"><\/span><\/h2>\n<p>El Ramadan dura aproximadamente 29 o 30 d\u00edas, dependiendo del avistamiento de la luna nueva que marca el comienzo del mes. Este proceso de avistamiento puede variar en diferentes partes del mundo, lo que significa que la duraci\u00f3n del Ramadan tambi\u00e9n puede variar ligeramente en diferentes regiones.<\/p>\n<p>Durante el Ramadan, los musulmanes ayunan desde el amanecer hasta el atardecer todos los d\u00edas. Esto significa que no pueden comer, beber, fumar o tener relaciones sexuales durante el d\u00eda. El ayuno se rompe al atardecer con una comida llamada iftar.<\/p>\n<p>El final del Ramadan se celebra con una festividad llamada Eid al-Fitr, que marca el final del ayuno y el comienzo de un nuevo mes lunar. Eid al-Fitr es una celebraci\u00f3n de tres d\u00edas que incluye oraciones en la mezquita, visitas a amigos y familiares, y una gran cantidad de comida y dulces.<\/p>\n<\/section>\n<section>\n<h2><span class=\"ez-toc-section\" id=\"Mi_experiencia_personal_con_el_Ramadan\"><\/span>Mi experiencia personal con el Ramadan<span class=\"ez-toc-section-end\"><\/span><\/h2>\n<p>Como persona no musulmana, nunca he ayunado durante el Ramadan. Sin embargo, tengo amigos musulmanes que observan el ayuno y me han hablado sobre su experiencia.<\/p>\n<p>Uno de mis amigos musulmanes me dijo que el ayuno durante el Ramadan es una forma de purificaci\u00f3n para el cuerpo y el alma. Tambi\u00e9n me dijo que el Ramadan es una oportunidad para reflexionar sobre la <a href=\"https:\/\/dudasytextos.com\/cuanto-tiempo\/cuanto-tiempo-de-vida-le-queda-a-mrbeast\/\">vida<\/a> y la fe, y para conectarse con la comunidad musulmana a nivel local y global.<\/p>\n<p>Si bien el ayuno durante el Ramadan puede ser dif\u00edcil, mi amigo dijo que tambi\u00e9n es una forma de fortalecer la fuerza de voluntad y la autodisciplina. Me dijo que se siente muy bien al final del d\u00eda despu\u00e9s de haber ayunado, y que la comida y la bebida saben a\u00fan mejor despu\u00e9s de un d\u00eda de ayuno.<\/p>\n<\/section>\n<section>\n<h2><span class=\"ez-toc-section\" id=\"Preguntas_frecuentes_sobre_el_Ramadan\"><\/span>Preguntas frecuentes sobre el Ramadan<span class=\"ez-toc-section-end\"><\/span><\/h2>\n<h3><span class=\"ez-toc-section\" id=\"%C2%BFPor_que_los_musulmanes_ayunan_durante_el_Ramadan\"><\/span>\u00bfPor qu\u00e9 los musulmanes ayunan durante el Ramadan?<span class=\"ez-toc-section-end\"><\/span><\/h3>\n<p>Los musulmanes ayunan durante el Ramadan como una forma de purificaci\u00f3n y para demostrar su devoci\u00f3n a Dios. El ayuno tambi\u00e9n es una forma de recordar a los menos afortunados y experimentar la empat\u00eda con aquellos que no tienen acceso a los alimentos y el agua.<\/p>\n<h3><span class=\"ez-toc-section\" id=\"%C2%BFLos_ninos_y_las_mujeres_embarazadas_tambien_ayunan_durante_el_Ramadan\"><\/span>\u00bfLos ni\u00f1os y las mujeres embarazadas tambi\u00e9n ayunan durante el Ramadan?<span class=\"ez-toc-section-end\"><\/span><\/h3>\n<p>Los ni\u00f1os peque\u00f1os y las mujeres embarazadas est\u00e1n exentos del ayuno durante el Ramadan. Las mujeres que est\u00e1n menstruando tambi\u00e9n est\u00e1n exentas del ayuno.<\/p>\n<h3><span class=\"ez-toc-section\" id=\"%C2%BFSe_puede_comer_o_beber_algo_durante_el_dia_durante_el_Ramadan\"><\/span>\u00bfSe puede comer o beber algo durante el d\u00eda durante el Ramadan?<span class=\"ez-toc-section-end\"><\/span><\/h3>\n<p>No, durante el ayuno del Ramadan, los musulmanes no pueden comer, beber, fumar o tener relaciones sexuales durante el d\u00eda. El ayuno se rompe al atardecer con una comida llamada iftar.<\/p>\n<h3><span class=\"ez-toc-section\" id=\"%C2%BFQue_es_Eid_al-Fitr\"><\/span>\u00bfQu\u00e9 es Eid al-Fitr?<span class=\"ez-toc-section-end\"><\/span><\/h3>\n<p>Eid al-Fitr es una festividad que marca el final del ayuno del Ramadan. Es una celebraci\u00f3n de tres d\u00edas que incluye oraciones en la mezquita, visitas a amigos y familiares, y una gran cantidad de comida y dulces.<\/p>\n<\/section>\n<footer>\n<p>Escrito por Ana Gonz\u00e1lez<\/p>\n<\/footer>\n","protected":false},"excerpt":{"rendered":"<p>Cu\u00e1nto tiempo es el Ramadan &#8211; Gu\u00eda completa Curiosidades sobre el Ramadan El Ramadan es el noveno mes del calendario isl\u00e1mico. Es un mes sagrado de ayuno, oraci\u00f3n y reflexi\u00f3n para los musulmanes de todo el mundo. El ayuno durante el Ramadan es uno de los cinco pilares del Islam. El ayuno comienza al amanecer &#8230; <a title=\"Cu\u00e1nto tiempo es el ramadan\" class=\"read-more\" href=\"https:\/\/dudasytextos.com\/cuanto-tiempo\/cuanto-tiempo-es-el-ramadan\/\" aria-label=\"M\u00e1s en Cu\u00e1nto tiempo es el ramadan\">Leer m\u00e1s<\/a><\/p>\n","protected":false},"author":1,"featured_media":0,"comment_status":"open","ping_status":"open","sticky":false,"template":"","format":"standard","meta":{"footnotes":""},"categories":[3],"tags":[],"class_list":["post-96387","post","type-post","status-publish","format-standard","hentry","category-cuanto-tiempo"],"aioseo_notices":[],"aioseo_head":"\n\t\t<!-- All in One SEO 5.0.1.1 - aioseo.com -->\n\t<meta name=\"description\" content=\"Cu\u00e1nto tiempo es el Ramadan - Gu\u00eda completa Curiosidades sobre el Ramadan El Ramadan es el noveno mes del calendario isl\u00e1mico. Es un mes sagrado de ayuno, oraci\u00f3n y reflexi\u00f3n para los musulmanes de todo el mundo. El ayuno durante el Ramadan es uno de los cinco pilares del Islam. El ayuno comienza al amanecer\" \/>\n\t<meta name=\"robots\" content=\"max-snippet:-1, max-image-preview:large, max-video-preview:-1\" \/>\n\t<meta name=\"author\" content=\"Ana Gonz\u00e1lez\"\/>\n\t<link rel=\"canonical\" href=\"https:\/\/dudasytextos.com\/cuanto-tiempo\/cuanto-tiempo-es-el-ramadan\/\" \/>\n\t<meta name=\"generator\" content=\"All in One SEO (AIOSEO) 5.0.1.1\" \/>\n\n\t\t<!-- Google tag (gtag.js) -->\n<script async src=\"https:\/\/www.googletagmanager.com\/gtag\/js?id=G-YPSGVRV7JJ\"><\/script>\n<script>\n  window.dataLayer = window.dataLayer || [];\n  function gtag(){dataLayer.push(arguments);}\n  gtag('js', new Date());\n\n  gtag('config', 'G-YPSGVRV7JJ');\n<\/script>\n<script async src=\"https:\/\/pagead2.googlesyndication.com\/pagead\/js\/adsbygoogle.js?client=ca-pub-3987500858204711\"\n     crossorigin=\"anonymous\"><\/script>\n\t\t<meta property=\"og:locale\" content=\"es_ES\" \/>\n\t\t<meta property=\"og:site_name\" content=\"\u00bfCu\u00e1nto Tiempo? - \u00bfCu\u00e1nto Tiempo?\" \/>\n\t\t<meta property=\"og:type\" content=\"article\" \/>\n\t\t<meta property=\"og:title\" content=\"Cu\u00e1nto tiempo es el ramadan (2026) \u00bfCu\u00e1nto Tiempo?\" \/>\n\t\t<meta property=\"og:description\" content=\"Cu\u00e1nto tiempo es el Ramadan - Gu\u00eda completa Curiosidades sobre el Ramadan El Ramadan es el noveno mes del calendario isl\u00e1mico. Es un mes sagrado de ayuno, oraci\u00f3n y reflexi\u00f3n para los musulmanes de todo el mundo. El ayuno durante el Ramadan es uno de los cinco pilares del Islam. El ayuno comienza al amanecer\" \/>\n\t\t<meta property=\"og:url\" content=\"https:\/\/dudasytextos.com\/cuanto-tiempo\/cuanto-tiempo-es-el-ramadan\/\" \/>\n\t\t<meta property=\"article:published_time\" content=\"2025-02-15T08:26:47+00:00\" \/>\n\t\t<meta property=\"article:modified_time\" content=\"2025-03-13T01:29:57+00:00\" \/>\n\t\t<meta name=\"twitter:card\" content=\"summary_large_image\" \/>\n\t\t<meta name=\"twitter:title\" content=\"Cu\u00e1nto tiempo es el ramadan (2026) \u00bfCu\u00e1nto Tiempo?\" \/>\n\t\t<meta name=\"twitter:description\" content=\"Cu\u00e1nto tiempo es el Ramadan - Gu\u00eda completa Curiosidades sobre el Ramadan El Ramadan es el noveno mes del calendario isl\u00e1mico. Es un mes sagrado de ayuno, oraci\u00f3n y reflexi\u00f3n para los musulmanes de todo el mundo. El ayuno durante el Ramadan es uno de los cinco pilares del Islam. El ayuno comienza al amanecer\" \/>\n\t\t<script type=\"application\/ld+json\" class=\"aioseo-schema\">\n\t\t\t{\"@context\":\"https:\\\/\\\/schema.org\",\"@graph\":[{\"@type\":\"BlogPosting\",\"@id\":\"https:\\\/\\\/dudasytextos.com\\\/cuanto-tiempo\\\/cuanto-tiempo-es-el-ramadan\\\/#blogposting\",\"name\":\"Cu\\u00e1nto tiempo es el ramadan (2026) \\u00bfCu\\u00e1nto Tiempo?\",\"headline\":\"Cu\\u00e1nto tiempo es el ramadan\",\"author\":{\"@id\":\"https:\\\/\\\/dudasytextos.com\\\/cuanto-tiempo\\\/author\\\/admin23\\\/#author\"},\"publisher\":{\"@id\":\"https:\\\/\\\/dudasytextos.com\\\/cuanto-tiempo\\\/#organization\"},\"datePublished\":\"2025-02-15T08:26:47+00:00\",\"dateModified\":\"2025-03-13T01:29:57+00:00\",\"inLanguage\":\"es-ES\",\"mainEntityOfPage\":{\"@id\":\"https:\\\/\\\/dudasytextos.com\\\/cuanto-tiempo\\\/cuanto-tiempo-es-el-ramadan\\\/#webpage\"},\"isPartOf\":{\"@id\":\"https:\\\/\\\/dudasytextos.com\\\/cuanto-tiempo\\\/cuanto-tiempo-es-el-ramadan\\\/#webpage\"},\"articleSection\":\"\\u00bfCu\\u00e1nto tiempo?\"},{\"@type\":\"BreadcrumbList\",\"@id\":\"https:\\\/\\\/dudasytextos.com\\\/cuanto-tiempo\\\/cuanto-tiempo-es-el-ramadan\\\/#breadcrumblist\",\"itemListElement\":[{\"@type\":\"ListItem\",\"@id\":\"https:\\\/\\\/dudasytextos.com\\\/cuanto-tiempo#listItem\",\"position\":1,\"name\":\"Home\",\"item\":\"https:\\\/\\\/dudasytextos.com\\\/cuanto-tiempo\",\"nextItem\":{\"@type\":\"ListItem\",\"@id\":\"https:\\\/\\\/dudasytextos.com\\\/cuanto-tiempo\\\/category\\\/cuanto-tiempo\\\/#listItem\",\"name\":\"\\u00bfCu\\u00e1nto tiempo?\"}},{\"@type\":\"ListItem\",\"@id\":\"https:\\\/\\\/dudasytextos.com\\\/cuanto-tiempo\\\/category\\\/cuanto-tiempo\\\/#listItem\",\"position\":2,\"name\":\"\\u00bfCu\\u00e1nto tiempo?\",\"item\":\"https:\\\/\\\/dudasytextos.com\\\/cuanto-tiempo\\\/category\\\/cuanto-tiempo\\\/\",\"nextItem\":{\"@type\":\"ListItem\",\"@id\":\"https:\\\/\\\/dudasytextos.com\\\/cuanto-tiempo\\\/cuanto-tiempo-es-el-ramadan\\\/#listItem\",\"name\":\"Cu\\u00e1nto tiempo es el ramadan\"},\"previousItem\":{\"@type\":\"ListItem\",\"@id\":\"https:\\\/\\\/dudasytextos.com\\\/cuanto-tiempo#listItem\",\"name\":\"Home\"}},{\"@type\":\"ListItem\",\"@id\":\"https:\\\/\\\/dudasytextos.com\\\/cuanto-tiempo\\\/cuanto-tiempo-es-el-ramadan\\\/#listItem\",\"position\":3,\"name\":\"Cu\\u00e1nto tiempo es el ramadan\",\"previousItem\":{\"@type\":\"ListItem\",\"@id\":\"https:\\\/\\\/dudasytextos.com\\\/cuanto-tiempo\\\/category\\\/cuanto-tiempo\\\/#listItem\",\"name\":\"\\u00bfCu\\u00e1nto tiempo?\"}}]},{\"@type\":\"Organization\",\"@id\":\"https:\\\/\\\/dudasytextos.com\\\/cuanto-tiempo\\\/#organization\",\"name\":\"Recipes\",\"description\":\"\\u00bfCu\\u00e1nto Tiempo?\",\"url\":\"https:\\\/\\\/dudasytextos.com\\\/cuanto-tiempo\\\/\"},{\"@type\":\"Person\",\"@id\":\"https:\\\/\\\/dudasytextos.com\\\/cuanto-tiempo\\\/author\\\/admin23\\\/#author\",\"url\":\"https:\\\/\\\/dudasytextos.com\\\/cuanto-tiempo\\\/author\\\/admin23\\\/\",\"name\":\"Ana Gonz\\u00e1lez\"},{\"@type\":\"WebPage\",\"@id\":\"https:\\\/\\\/dudasytextos.com\\\/cuanto-tiempo\\\/cuanto-tiempo-es-el-ramadan\\\/#webpage\",\"url\":\"https:\\\/\\\/dudasytextos.com\\\/cuanto-tiempo\\\/cuanto-tiempo-es-el-ramadan\\\/\",\"name\":\"Cu\\u00e1nto tiempo es el ramadan (2026) \\u00bfCu\\u00e1nto Tiempo?\",\"description\":\"Cu\\u00e1nto tiempo es el Ramadan - Gu\\u00eda completa Curiosidades sobre el Ramadan El Ramadan es el noveno mes del calendario isl\\u00e1mico. Es un mes sagrado de ayuno, oraci\\u00f3n y reflexi\\u00f3n para los musulmanes de todo el mundo. El ayuno durante el Ramadan es uno de los cinco pilares del Islam. El ayuno comienza al amanecer\",\"inLanguage\":\"es-ES\",\"isPartOf\":{\"@id\":\"https:\\\/\\\/dudasytextos.com\\\/cuanto-tiempo\\\/#website\"},\"breadcrumb\":{\"@id\":\"https:\\\/\\\/dudasytextos.com\\\/cuanto-tiempo\\\/cuanto-tiempo-es-el-ramadan\\\/#breadcrumblist\"},\"author\":{\"@id\":\"https:\\\/\\\/dudasytextos.com\\\/cuanto-tiempo\\\/author\\\/admin23\\\/#author\"},\"creator\":{\"@id\":\"https:\\\/\\\/dudasytextos.com\\\/cuanto-tiempo\\\/author\\\/admin23\\\/#author\"},\"datePublished\":\"2025-02-15T08:26:47+00:00\",\"dateModified\":\"2025-03-13T01:29:57+00:00\"},{\"@type\":\"WebSite\",\"@id\":\"https:\\\/\\\/dudasytextos.com\\\/cuanto-tiempo\\\/#website\",\"url\":\"https:\\\/\\\/dudasytextos.com\\\/cuanto-tiempo\\\/\",\"name\":\"Recipes\",\"description\":\"\\u00bfCu\\u00e1nto Tiempo?\",\"inLanguage\":\"es-ES\",\"publisher\":{\"@id\":\"https:\\\/\\\/dudasytextos.com\\\/cuanto-tiempo\\\/#organization\"}}]}\n\t\t<\/script>\n\t\t<!-- All in One SEO -->\n\n","aioseo_head_json":{"title":"Cu\u00e1nto tiempo es el ramadan (2026) \u00bfCu\u00e1nto Tiempo?","description":"Cu\u00e1nto tiempo es el Ramadan - Gu\u00eda completa Curiosidades sobre el Ramadan El Ramadan es el noveno mes del calendario isl\u00e1mico. Es un mes sagrado de ayuno, oraci\u00f3n y reflexi\u00f3n para los musulmanes de todo el mundo. El ayuno durante el Ramadan es uno de los cinco pilares del Islam. El ayuno comienza al amanecer","canonical_url":"https:\/\/dudasytextos.com\/cuanto-tiempo\/cuanto-tiempo-es-el-ramadan\/","robots":"max-snippet:-1, max-image-preview:large, max-video-preview:-1","keywords":"","webmasterTools":{"miscellaneous":"&lt;!-- Google tag (gtag.js) --&gt;\n&lt;script async src=\"https:\/\/www.googletagmanager.com\/gtag\/js?id=G-YPSGVRV7JJ\"&gt;&lt;\/script&gt;\n&lt;script&gt;\n  window.dataLayer = window.dataLayer || [];\n  function gtag(){dataLayer.push(arguments);}\n  gtag('js', new Date());\n\n  gtag('config', 'G-YPSGVRV7JJ');\n&lt;\/script&gt;\n&lt;script async src=\"https:\/\/pagead2.googlesyndication.com\/pagead\/js\/adsbygoogle.js?client=ca-pub-3987500858204711\"\n     crossorigin=\"anonymous\"&gt;&lt;\/script&gt;"},"schema":{"@context":"https:\/\/schema.org","@graph":[{"@type":"BlogPosting","@id":"https:\/\/dudasytextos.com\/cuanto-tiempo\/cuanto-tiempo-es-el-ramadan\/#blogposting","name":"Cu\u00e1nto tiempo es el ramadan (2026) \u00bfCu\u00e1nto Tiempo?","headline":"Cu\u00e1nto tiempo es el ramadan","author":{"@id":"https:\/\/dudasytextos.com\/cuanto-tiempo\/author\/admin23\/#author"},"publisher":{"@id":"https:\/\/dudasytextos.com\/cuanto-tiempo\/#organization"},"datePublished":"2025-02-15T08:26:47+00:00","dateModified":"2025-03-13T01:29:57+00:00","inLanguage":"es-ES","mainEntityOfPage":{"@id":"https:\/\/dudasytextos.com\/cuanto-tiempo\/cuanto-tiempo-es-el-ramadan\/#webpage"},"isPartOf":{"@id":"https:\/\/dudasytextos.com\/cuanto-tiempo\/cuanto-tiempo-es-el-ramadan\/#webpage"},"articleSection":"\u00bfCu\u00e1nto tiempo?"},{"@type":"BreadcrumbList","@id":"https:\/\/dudasytextos.com\/cuanto-tiempo\/cuanto-tiempo-es-el-ramadan\/#breadcrumblist","itemListElement":[{"@type":"ListItem","@id":"https:\/\/dudasytextos.com\/cuanto-tiempo#listItem","position":1,"name":"Home","item":"https:\/\/dudasytextos.com\/cuanto-tiempo","nextItem":{"@type":"ListItem","@id":"https:\/\/dudasytextos.com\/cuanto-tiempo\/category\/cuanto-tiempo\/#listItem","name":"\u00bfCu\u00e1nto tiempo?"}},{"@type":"ListItem","@id":"https:\/\/dudasytextos.com\/cuanto-tiempo\/category\/cuanto-tiempo\/#listItem","position":2,"name":"\u00bfCu\u00e1nto tiempo?","item":"https:\/\/dudasytextos.com\/cuanto-tiempo\/category\/cuanto-tiempo\/","nextItem":{"@type":"ListItem","@id":"https:\/\/dudasytextos.com\/cuanto-tiempo\/cuanto-tiempo-es-el-ramadan\/#listItem","name":"Cu\u00e1nto tiempo es el ramadan"},"previousItem":{"@type":"ListItem","@id":"https:\/\/dudasytextos.com\/cuanto-tiempo#listItem","name":"Home"}},{"@type":"ListItem","@id":"https:\/\/dudasytextos.com\/cuanto-tiempo\/cuanto-tiempo-es-el-ramadan\/#listItem","position":3,"name":"Cu\u00e1nto tiempo es el ramadan","previousItem":{"@type":"ListItem","@id":"https:\/\/dudasytextos.com\/cuanto-tiempo\/category\/cuanto-tiempo\/#listItem","name":"\u00bfCu\u00e1nto tiempo?"}}]},{"@type":"Organization","@id":"https:\/\/dudasytextos.com\/cuanto-tiempo\/#organization","name":"Recipes","description":"\u00bfCu\u00e1nto Tiempo?","url":"https:\/\/dudasytextos.com\/cuanto-tiempo\/"},{"@type":"Person","@id":"https:\/\/dudasytextos.com\/cuanto-tiempo\/author\/admin23\/#author","url":"https:\/\/dudasytextos.com\/cuanto-tiempo\/author\/admin23\/","name":"Ana Gonz\u00e1lez"},{"@type":"WebPage","@id":"https:\/\/dudasytextos.com\/cuanto-tiempo\/cuanto-tiempo-es-el-ramadan\/#webpage","url":"https:\/\/dudasytextos.com\/cuanto-tiempo\/cuanto-tiempo-es-el-ramadan\/","name":"Cu\u00e1nto tiempo es el ramadan (2026) \u00bfCu\u00e1nto Tiempo?","description":"Cu\u00e1nto tiempo es el Ramadan - Gu\u00eda completa Curiosidades sobre el Ramadan El Ramadan es el noveno mes del calendario isl\u00e1mico. Es un mes sagrado de ayuno, oraci\u00f3n y reflexi\u00f3n para los musulmanes de todo el mundo. El ayuno durante el Ramadan es uno de los cinco pilares del Islam. El ayuno comienza al amanecer","inLanguage":"es-ES","isPartOf":{"@id":"https:\/\/dudasytextos.com\/cuanto-tiempo\/#website"},"breadcrumb":{"@id":"https:\/\/dudasytextos.com\/cuanto-tiempo\/cuanto-tiempo-es-el-ramadan\/#breadcrumblist"},"author":{"@id":"https:\/\/dudasytextos.com\/cuanto-tiempo\/author\/admin23\/#author"},"creator":{"@id":"https:\/\/dudasytextos.com\/cuanto-tiempo\/author\/admin23\/#author"},"datePublished":"2025-02-15T08:26:47+00:00","dateModified":"2025-03-13T01:29:57+00:00"},{"@type":"WebSite","@id":"https:\/\/dudasytextos.com\/cuanto-tiempo\/#website","url":"https:\/\/dudasytextos.com\/cuanto-tiempo\/","name":"Recipes","description":"\u00bfCu\u00e1nto Tiempo?","inLanguage":"es-ES","publisher":{"@id":"https:\/\/dudasytextos.com\/cuanto-tiempo\/#organization"}}]},"og:locale":"es_ES","og:site_name":"\u00bfCu\u00e1nto Tiempo? - \u00bfCu\u00e1nto Tiempo?","og:type":"article","og:title":"Cu\u00e1nto tiempo es el ramadan (2026) \u00bfCu\u00e1nto Tiempo?","og:description":"Cu\u00e1nto tiempo es el Ramadan - Gu\u00eda completa Curiosidades sobre el Ramadan El Ramadan es el noveno mes del calendario isl\u00e1mico. Es un mes sagrado de ayuno, oraci\u00f3n y reflexi\u00f3n para los musulmanes de todo el mundo. El ayuno durante el Ramadan es uno de los cinco pilares del Islam. El ayuno comienza al amanecer","og:url":"https:\/\/dudasytextos.com\/cuanto-tiempo\/cuanto-tiempo-es-el-ramadan\/","article:published_time":"2025-02-15T08:26:47+00:00","article:modified_time":"2025-03-13T01:29:57+00:00","twitter:card":"summary_large_image","twitter:title":"Cu\u00e1nto tiempo es el ramadan (2026) \u00bfCu\u00e1nto Tiempo?","twitter:description":"Cu\u00e1nto tiempo es el Ramadan - Gu\u00eda completa Curiosidades sobre el Ramadan El Ramadan es el noveno mes del calendario isl\u00e1mico. Es un mes sagrado de ayuno, oraci\u00f3n y reflexi\u00f3n para los musulmanes de todo el mundo. El ayuno durante el Ramadan es uno de los cinco pilares del Islam. El ayuno comienza al amanecer"},"aioseo_meta_data":{"post_id":"96387","title":null,"description":null,"keywords":null,"keyphrases":null,"primary_term":null,"canonical_url":null,"og_title":null,"og_description":null,"og_object_type":"default","og_image_type":"default","og_image_url":null,"og_image_width":null,"og_image_height":null,"og_image_custom_url":null,"og_image_custom_fields":null,"og_video":null,"og_custom_url":null,"og_article_section":null,"og_article_tags":null,"twitter_use_og":false,"twitter_card":"default","twitter_image_type":"default","twitter_image_url":null,"twitter_image_custom_url":null,"twitter_image_custom_fields":null,"twitter_title":null,"twitter_description":null,"schema":{"blockGraphs":[],"customGraphs":[],"default":{"data":{"Article":[],"Course":[],"Dataset":[],"FAQPage":[],"Movie":[],"Person":[],"Product":[],"ProductReview":[],"Car":[],"Recipe":[],"Service":[],"SoftwareApplication":[],"WebPage":[]},"graphName":"","isEnabled":true},"graphs":[]},"schema_type":"default","schema_type_options":null,"pillar_content":false,"robots_default":true,"robots_noindex":false,"robots_noarchive":false,"robots_nosnippet":false,"robots_nofollow":false,"robots_noimageindex":false,"robots_noodp":false,"robots_notranslate":false,"robots_max_snippet":null,"robots_max_videopreview":null,"robots_max_imagepreview":"large","priority":null,"frequency":null,"local_seo":null,"breadcrumb_settings":null,"limit_modified_date":false,"ai":null,"created":"2023-05-04 05:37:39","updated":"2025-06-04 00:22:06","seo_analyzer_scan_date":null,"focus_keyword":null,"additional_keywords":null,"truseo_locale":null},"aioseo_breadcrumb":"<div class=\"aioseo-breadcrumbs\"><span class=\"aioseo-breadcrumb\">\n\t\t\t<a href=\"https:\/\/dudasytextos.com\/cuanto-tiempo\" title=\"Home\">Home<\/a>\n\t\t<\/span><span class=\"aioseo-breadcrumb-separator\">&raquo;<\/span><span class=\"aioseo-breadcrumb\">\n\t\t\t<a href=\"https:\/\/dudasytextos.com\/cuanto-tiempo\/category\/cuanto-tiempo\/\" title=\"\u00bfCu\u00e1nto tiempo?\">\u00bfCu\u00e1nto tiempo?<\/a>\n\t\t<\/span><span class=\"aioseo-breadcrumb-separator\">&raquo;<\/span><span class=\"aioseo-breadcrumb\">\n\t\t\tCu\u00e1nto tiempo es el ramadan\n\t\t<\/span><\/div>","aioseo_breadcrumb_json":[{"label":"Home","link":"https:\/\/dudasytextos.com\/cuanto-tiempo"},{"label":"\u00bfCu\u00e1nto tiempo?","link":"https:\/\/dudasytextos.com\/cuanto-tiempo\/category\/cuanto-tiempo\/"},{"label":"Cu\u00e1nto tiempo es el ramadan","link":"https:\/\/dudasytextos.com\/cuanto-tiempo\/cuanto-tiempo-es-el-ramadan\/"}],"_links":{"self":[{"href":"https:\/\/dudasytextos.com\/cuanto-tiempo\/wp-json\/wp\/v2\/posts\/96387","targetHints":{"allow":["GET"]}}],"collection":[{"href":"https:\/\/dudasytextos.com\/cuanto-tiempo\/wp-json\/wp\/v2\/posts"}],"about":[{"href":"https:\/\/dudasytextos.com\/cuanto-tiempo\/wp-json\/wp\/v2\/types\/post"}],"author":[{"embeddable":true,"href":"https:\/\/dudasytextos.com\/cuanto-tiempo\/wp-json\/wp\/v2\/users\/1"}],"replies":[{"embeddable":true,"href":"https:\/\/dudasytextos.com\/cuanto-tiempo\/wp-json\/wp\/v2\/comments?post=96387"}],"version-history":[{"count":1,"href":"https:\/\/dudasytextos.com\/cuanto-tiempo\/wp-json\/wp\/v2\/posts\/96387\/revisions"}],"predecessor-version":[{"id":98306,"href":"https:\/\/dudasytextos.com\/cuanto-tiempo\/wp-json\/wp\/v2\/posts\/96387\/revisions\/98306"}],"wp:attachment":[{"href":"https:\/\/dudasytextos.com\/cuanto-tiempo\/wp-json\/wp\/v2\/media?parent=96387"}],"wp:term":[{"taxonomy":"category","embeddable":true,"href":"https:\/\/dudasytextos.com\/cuanto-tiempo\/wp-json\/wp\/v2\/categories?post=96387"},{"taxonomy":"post_tag","embeddable":true,"href":"https:\/\/dudasytextos.com\/cuanto-tiempo\/wp-json\/wp\/v2\/tags?post=96387"}],"curies":[{"name":"wp","href":"https:\/\/api.w.org\/{rel}","templated":true}]}}