{"id":96562,"date":"2025-02-22T23:41:31","date_gmt":"2025-02-22T23:41:31","guid":{"rendered":"https:\/\/educacion.cc\/en\/?p=96562"},"modified":"2025-03-12T14:29:50","modified_gmt":"2025-03-12T14:29:50","slug":"cuanto-tiempo-estuvo-en-coma-maradona","status":"publish","type":"post","link":"https:\/\/dudasytextos.com\/cuanto-tiempo\/cuanto-tiempo-estuvo-en-coma-maradona\/","title":{"rendered":"Cu\u00e1nto tiempo estuvo en coma maradona"},"content":{"rendered":"<div id=\"ez-toc-container\" class=\"ez-toc-v2_0_87 counter-hierarchy ez-toc-counter ez-toc-custom ez-toc-container-direction\">\n<div class=\"ez-toc-title-container\">\n<span class=\"ez-toc-title-toggle\"><\/span><\/div>\n<nav><ul class='ez-toc-list ez-toc-list-level-1 ' ><li class='ez-toc-page-1 ez-toc-heading-level-2'><a class=\"ez-toc-link ez-toc-heading-1\" href=\"https:\/\/dudasytextos.com\/cuanto-tiempo\/cuanto-tiempo-estuvo-en-coma-maradona\/#Cuanto_tiempo_estuvo_en_coma_Maradona\" >Cu\u00e1nto tiempo estuvo en coma Maradona<\/a><\/li><li class='ez-toc-page-1 ez-toc-heading-level-2'><a class=\"ez-toc-link ez-toc-heading-2\" href=\"https:\/\/dudasytextos.com\/cuanto-tiempo\/cuanto-tiempo-estuvo-en-coma-maradona\/#Curiosidades_y_hechos_interesantes\" >Curiosidades y hechos interesantes<\/a><\/li><li class='ez-toc-page-1 ez-toc-heading-level-2'><a class=\"ez-toc-link ez-toc-heading-3\" href=\"https:\/\/dudasytextos.com\/cuanto-tiempo\/cuanto-tiempo-estuvo-en-coma-maradona\/#Experiencias_personales\" >Experiencias personales<\/a><\/li><li class='ez-toc-page-1 ez-toc-heading-level-2'><a class=\"ez-toc-link ez-toc-heading-4\" href=\"https:\/\/dudasytextos.com\/cuanto-tiempo\/cuanto-tiempo-estuvo-en-coma-maradona\/#Opiniones_y_analisis_de_expertos\" >Opiniones y an\u00e1lisis de expertos<\/a><\/li><li class='ez-toc-page-1 ez-toc-heading-level-2'><a class=\"ez-toc-link ez-toc-heading-5\" href=\"https:\/\/dudasytextos.com\/cuanto-tiempo\/cuanto-tiempo-estuvo-en-coma-maradona\/#Preguntas_frecuentes\" >Preguntas frecuentes<\/a><ul class='ez-toc-list-level-3' ><li class='ez-toc-heading-level-3'><a class=\"ez-toc-link ez-toc-heading-6\" href=\"https:\/\/dudasytextos.com\/cuanto-tiempo\/cuanto-tiempo-estuvo-en-coma-maradona\/#%C2%BFCuanto_tiempo_estuvo_en_coma_Maradona\" >\u00bfCu\u00e1nto tiempo estuvo en coma Maradona?<\/a><\/li><li class='ez-toc-page-1 ez-toc-heading-level-3'><a class=\"ez-toc-link ez-toc-heading-7\" href=\"https:\/\/dudasytextos.com\/cuanto-tiempo\/cuanto-tiempo-estuvo-en-coma-maradona\/#%C2%BFPor_que_estuvo_en_coma\" >\u00bfPor qu\u00e9 estuvo en coma?<\/a><\/li><li class='ez-toc-page-1 ez-toc-heading-level-3'><a class=\"ez-toc-link ez-toc-heading-8\" href=\"https:\/\/dudasytextos.com\/cuanto-tiempo\/cuanto-tiempo-estuvo-en-coma-maradona\/#%C2%BFDonde_fue_ingresado_Maradona_durante_su_coma\" >\u00bfD\u00f3nde fue ingresado Maradona durante su coma?<\/a><\/li><li class='ez-toc-page-1 ez-toc-heading-level-3'><a class=\"ez-toc-link ez-toc-heading-9\" href=\"https:\/\/dudasytextos.com\/cuanto-tiempo\/cuanto-tiempo-estuvo-en-coma-maradona\/#%C2%BFComo_fue_tratado_durante_su_coma\" >\u00bfC\u00f3mo fue tratado durante su coma?<\/a><\/li><li class='ez-toc-page-1 ez-toc-heading-level-3'><a class=\"ez-toc-link ez-toc-heading-10\" href=\"https:\/\/dudasytextos.com\/cuanto-tiempo\/cuanto-tiempo-estuvo-en-coma-maradona\/#%C2%BFSe_recupero_por_completo_despues_de_su_coma\" >\u00bfSe recuper\u00f3 por completo despu\u00e9s de su coma?<\/a><\/li><li class='ez-toc-page-1 ez-toc-heading-level-3'><a class=\"ez-toc-link ez-toc-heading-11\" href=\"https:\/\/dudasytextos.com\/cuanto-tiempo\/cuanto-tiempo-estuvo-en-coma-maradona\/#%C2%BFQue_opinan_los_expertos_sobre_su_estado_de_salud\" >\u00bfQu\u00e9 opinan los expertos sobre su estado de salud?<\/a><\/li><\/ul><\/li><li class='ez-toc-page-1 ez-toc-heading-level-2'><a class=\"ez-toc-link ez-toc-heading-12\" href=\"https:\/\/dudasytextos.com\/cuanto-tiempo\/cuanto-tiempo-estuvo-en-coma-maradona\/#Conclusiones\" >Conclusiones<\/a><\/li><\/ul><\/nav><\/div>\n<h2><span class=\"ez-toc-section\" id=\"Cuanto_tiempo_estuvo_en_coma_Maradona\"><\/span>Cu\u00e1nto tiempo estuvo en coma Maradona<span class=\"ez-toc-section-end\"><\/span><\/h2>\n<p>\u00a1Hola a todos! Soy Ana Gonz\u00e1lez y hoy les hablar\u00e9 sobre el <a href=\"https:\/\/dudasytextos.com\/cuanto-tiempo\/500-metros-andando-cuanto-tiempo-es\/\">tiempo<\/a> que estuvo en coma Diego Armando Maradona, uno de los futbolistas m\u00e1s famosos en la historia de este deporte. Este tema ha sido muy comentado desde su fallecimiento en noviembre de 2020, y quiero compartir con ustedes informaci\u00f3n interesante y curiosa sobre su estado de salud en aquellos d\u00edas.<\/p>\n<h2><span class=\"ez-toc-section\" id=\"Curiosidades_y_hechos_interesantes\"><\/span>Curiosidades y hechos interesantes<span class=\"ez-toc-section-end\"><\/span><\/h2>\n<ul>\n<li>Maradona estuvo en coma durante 10 d\u00edas.<\/li>\n<li>El coma fue provocado por un edema cerebral<\/li>\n<li>Maradona fue ingresado en el hospital Cl\u00ednica Olivos en Buenos Aires, Argentina.<\/li>\n<li>El edema cerebral fue causado por una insuficiencia card\u00edaca.<\/li>\n<li>El tratamiento incluy\u00f3 medicamentos para disminuir la presi\u00f3n intracraneal.<\/li>\n<\/ul>\n<p>Estos son solo algunos de los detalles m\u00e1s destacados sobre el estado de salud de Maradona en ese momento. Ahora profundizar\u00e9 m\u00e1s en algunos aspectos importantes que quiz\u00e1s no sean tan conocidos.<\/p>\n<h2><span class=\"ez-toc-section\" id=\"Experiencias_personales\"><\/span>Experiencias personales<span class=\"ez-toc-section-end\"><\/span><\/h2>\n<p>Recuerdo perfectamente aquellos d\u00edas en los que Maradona estuvo en coma. Yo soy una gran aficionada al <a href=\"https:\/\/dudasytextos.com\/cuanto-tiempo\/cada-cuanto-tiempo-se-juega-la-champions\/\">f\u00fatbol<\/a> y siempre he admirado su habilidad y talento en el campo. Cuando me enter\u00e9 de su estado de salud, me sorprendi\u00f3 mucho y me preocup\u00e9 por \u00e9l. Recuerdo estar pendiente de las noticias y redes sociales para conocer m\u00e1s detalles sobre su situaci\u00f3n. Afortunadamente, despu\u00e9s de esos 10 d\u00edas en coma, Maradona se recuper\u00f3 y pudo volver a su <a href=\"https:\/\/dudasytextos.com\/cuanto-tiempo\/cuanto-tiempo-de-vida-le-queda-a-mrbeast\/\">vida<\/a> normal.<\/p>\n<p>Gracias a mi experiencia personal, s\u00e9 que muchas personas tambi\u00e9n estuvieron preocupadas por su estado de salud y quer\u00edan saber m\u00e1s sobre \u00e9l. Por eso, quiero compartir con ustedes algunos datos interesantes y \u00fatiles que quiz\u00e1s puedan ayudar a comprender mejor lo que sucedi\u00f3.<\/p>\n<h2><span class=\"ez-toc-section\" id=\"Opiniones_y_analisis_de_expertos\"><\/span>Opiniones y an\u00e1lisis de expertos<span class=\"ez-toc-section-end\"><\/span><\/h2>\n<p>Para entender mejor el estado de salud de Maradona durante su coma, es importante conocer las opiniones de expertos en el tema. Uno de ellos es el doctor Alfredo Cahe, quien fue su m\u00e9dico personal durante muchos a\u00f1os y lo trat\u00f3 en varias ocasiones. Seg\u00fan \u00e9l, el edema cerebral que Maradona sufri\u00f3 en 2000 fue consecuencia de su adicci\u00f3n a las drogas y el alcohol.<\/p>\n<p>Otro experto que ha hablado sobre este tema es el doctor Carlos Damin, quien tambi\u00e9n trat\u00f3 a Maradona en varias ocasiones. \u00c9l ha dicho que el edema cerebral fue causado por una combinaci\u00f3n de factores, como la hipertensi\u00f3n arterial, la diabetes y el consumo de drogas.<\/p>\n<p>Estas son solo algunas de las opiniones que se han dado sobre el estado de salud de Maradona durante su coma. Como pueden ver, hay diferentes puntos de vista y opiniones, lo que demuestra lo complejo que puede ser este tema.<\/p>\n<h2><span class=\"ez-toc-section\" id=\"Preguntas_frecuentes\"><\/span>Preguntas frecuentes<span class=\"ez-toc-section-end\"><\/span><\/h2>\n<h3><span class=\"ez-toc-section\" id=\"%C2%BFCuanto_tiempo_estuvo_en_coma_Maradona\"><\/span>\u00bfCu\u00e1nto tiempo estuvo en coma Maradona?<span class=\"ez-toc-section-end\"><\/span><\/h3>\n<p>Maradona estuvo en coma durante 10 d\u00edas.<\/p>\n<h3><span class=\"ez-toc-section\" id=\"%C2%BFPor_que_estuvo_en_coma\"><\/span>\u00bfPor qu\u00e9 estuvo en coma?<span class=\"ez-toc-section-end\"><\/span><\/h3>\n<p>El coma fue causado por un edema cerebral.<\/p>\n<h3><span class=\"ez-toc-section\" id=\"%C2%BFDonde_fue_ingresado_Maradona_durante_su_coma\"><\/span>\u00bfD\u00f3nde fue ingresado Maradona durante su coma?<span class=\"ez-toc-section-end\"><\/span><\/h3>\n<p>Maradona fue ingresado en el hospital Cl\u00ednica Olivos en Buenos Aires, Argentina.<\/p>\n<h3><span class=\"ez-toc-section\" id=\"%C2%BFComo_fue_tratado_durante_su_coma\"><\/span>\u00bfC\u00f3mo fue tratado durante su coma?<span class=\"ez-toc-section-end\"><\/span><\/h3>\n<p>El tratamiento incluy\u00f3 medicamentos para disminuir la presi\u00f3n intracraneal.<\/p>\n<h3><span class=\"ez-toc-section\" id=\"%C2%BFSe_recupero_por_completo_despues_de_su_coma\"><\/span>\u00bfSe recuper\u00f3 por completo despu\u00e9s de su coma?<span class=\"ez-toc-section-end\"><\/span><\/h3>\n<p>S\u00ed, despu\u00e9s de los 10 d\u00edas en coma, Maradona se recuper\u00f3 y pudo volver a su vida normal.<\/p>\n<h3><span class=\"ez-toc-section\" id=\"%C2%BFQue_opinan_los_expertos_sobre_su_estado_de_salud\"><\/span>\u00bfQu\u00e9 opinan los expertos sobre su estado de salud?<span class=\"ez-toc-section-end\"><\/span><\/h3>\n<p>Hay diferentes opiniones por parte de los expertos. Algunos han dicho que el edema cerebral fue causado por su adicci\u00f3n a las drogas y el alcohol, mientras que otros han mencionado una combinaci\u00f3n de factores como la hipertensi\u00f3n arterial, la diabetes y el consumo de drogas.<\/p>\n<h2><span class=\"ez-toc-section\" id=\"Conclusiones\"><\/span>Conclusiones<span class=\"ez-toc-section-end\"><\/span><\/h2>\n<p>En conclusi\u00f3n, el tiempo que estuvo en coma Maradona fue de 10 d\u00edas. Este estado fue causado por un edema cerebral que se present\u00f3 como consecuencia de varios factores, como su adicci\u00f3n a las drogas y el alcohol, la hipertensi\u00f3n arterial y la diabetes. Afortunadamente, Maradona se recuper\u00f3 despu\u00e9s de esos d\u00edas y pudo volver a su vida normal. Como podemos ver, este tema es muy complejo y tiene diferentes puntos de vista y opiniones. Espero que este art\u00edculo les haya resultado interesante y \u00fatil para conocer m\u00e1s sobre este tema.<\/p>\n","protected":false},"excerpt":{"rendered":"<p>Cu\u00e1nto tiempo estuvo en coma Maradona \u00a1Hola a todos! Soy Ana Gonz\u00e1lez y hoy les hablar\u00e9 sobre el tiempo que estuvo en coma Diego Armando Maradona, uno de los futbolistas m\u00e1s famosos en la historia de este deporte. Este tema ha sido muy comentado desde su fallecimiento en noviembre de 2020, y quiero compartir con &#8230; <a title=\"Cu\u00e1nto tiempo estuvo en coma maradona\" class=\"read-more\" href=\"https:\/\/dudasytextos.com\/cuanto-tiempo\/cuanto-tiempo-estuvo-en-coma-maradona\/\" aria-label=\"M\u00e1s en Cu\u00e1nto tiempo estuvo en coma maradona\">Leer m\u00e1s<\/a><\/p>\n","protected":false},"author":1,"featured_media":0,"comment_status":"open","ping_status":"open","sticky":false,"template":"","format":"standard","meta":{"footnotes":""},"categories":[3],"tags":[],"class_list":["post-96562","post","type-post","status-publish","format-standard","hentry","category-cuanto-tiempo"],"aioseo_notices":[],"aioseo_head":"\n\t\t<!-- All in One SEO 5.0.1.1 - aioseo.com -->\n\t<meta name=\"description\" content=\"Cu\u00e1nto tiempo estuvo en coma Maradona \u00a1Hola a todos! Soy Ana Gonz\u00e1lez y hoy les hablar\u00e9 sobre el tiempo que estuvo en coma Diego Armando Maradona, uno de los futbolistas m\u00e1s famosos en la historia de este deporte. Este tema ha sido muy comentado desde su fallecimiento en noviembre de 2020, y quiero compartir con\" \/>\n\t<meta name=\"robots\" content=\"max-snippet:-1, max-image-preview:large, max-video-preview:-1\" \/>\n\t<meta name=\"author\" content=\"Ana Gonz\u00e1lez\"\/>\n\t<link rel=\"canonical\" href=\"https:\/\/dudasytextos.com\/cuanto-tiempo\/cuanto-tiempo-estuvo-en-coma-maradona\/\" \/>\n\t<meta name=\"generator\" content=\"All in One SEO (AIOSEO) 5.0.1.1\" \/>\n\n\t\t<!-- Google tag (gtag.js) -->\n<script async src=\"https:\/\/www.googletagmanager.com\/gtag\/js?id=G-YPSGVRV7JJ\"><\/script>\n<script>\n  window.dataLayer = window.dataLayer || [];\n  function gtag(){dataLayer.push(arguments);}\n  gtag('js', new Date());\n\n  gtag('config', 'G-YPSGVRV7JJ');\n<\/script>\n<script async src=\"https:\/\/pagead2.googlesyndication.com\/pagead\/js\/adsbygoogle.js?client=ca-pub-3987500858204711\"\n     crossorigin=\"anonymous\"><\/script>\n\t\t<meta property=\"og:locale\" content=\"es_ES\" \/>\n\t\t<meta property=\"og:site_name\" content=\"\u00bfCu\u00e1nto Tiempo? - \u00bfCu\u00e1nto Tiempo?\" \/>\n\t\t<meta property=\"og:type\" content=\"article\" \/>\n\t\t<meta property=\"og:title\" content=\"Cu\u00e1nto tiempo estuvo en coma maradona (2026) \u00bfCu\u00e1nto Tiempo?\" \/>\n\t\t<meta property=\"og:description\" content=\"Cu\u00e1nto tiempo estuvo en coma Maradona \u00a1Hola a todos! Soy Ana Gonz\u00e1lez y hoy les hablar\u00e9 sobre el tiempo que estuvo en coma Diego Armando Maradona, uno de los futbolistas m\u00e1s famosos en la historia de este deporte. Este tema ha sido muy comentado desde su fallecimiento en noviembre de 2020, y quiero compartir con\" \/>\n\t\t<meta property=\"og:url\" content=\"https:\/\/dudasytextos.com\/cuanto-tiempo\/cuanto-tiempo-estuvo-en-coma-maradona\/\" \/>\n\t\t<meta property=\"article:published_time\" content=\"2025-02-22T23:41:31+00:00\" \/>\n\t\t<meta property=\"article:modified_time\" content=\"2025-03-12T14:29:50+00:00\" \/>\n\t\t<meta name=\"twitter:card\" content=\"summary_large_image\" \/>\n\t\t<meta name=\"twitter:title\" content=\"Cu\u00e1nto tiempo estuvo en coma maradona (2026) \u00bfCu\u00e1nto Tiempo?\" \/>\n\t\t<meta name=\"twitter:description\" content=\"Cu\u00e1nto tiempo estuvo en coma Maradona \u00a1Hola a todos! Soy Ana Gonz\u00e1lez y hoy les hablar\u00e9 sobre el tiempo que estuvo en coma Diego Armando Maradona, uno de los futbolistas m\u00e1s famosos en la historia de este deporte. Este tema ha sido muy comentado desde su fallecimiento en noviembre de 2020, y quiero compartir con\" \/>\n\t\t<script type=\"application\/ld+json\" class=\"aioseo-schema\">\n\t\t\t{\"@context\":\"https:\\\/\\\/schema.org\",\"@graph\":[{\"@type\":\"BlogPosting\",\"@id\":\"https:\\\/\\\/dudasytextos.com\\\/cuanto-tiempo\\\/cuanto-tiempo-estuvo-en-coma-maradona\\\/#blogposting\",\"name\":\"Cu\\u00e1nto tiempo estuvo en coma maradona (2026) \\u00bfCu\\u00e1nto Tiempo?\",\"headline\":\"Cu\\u00e1nto tiempo estuvo en coma maradona\",\"author\":{\"@id\":\"https:\\\/\\\/dudasytextos.com\\\/cuanto-tiempo\\\/author\\\/admin23\\\/#author\"},\"publisher\":{\"@id\":\"https:\\\/\\\/dudasytextos.com\\\/cuanto-tiempo\\\/#organization\"},\"datePublished\":\"2025-02-22T23:41:31+00:00\",\"dateModified\":\"2025-03-12T14:29:50+00:00\",\"inLanguage\":\"es-ES\",\"mainEntityOfPage\":{\"@id\":\"https:\\\/\\\/dudasytextos.com\\\/cuanto-tiempo\\\/cuanto-tiempo-estuvo-en-coma-maradona\\\/#webpage\"},\"isPartOf\":{\"@id\":\"https:\\\/\\\/dudasytextos.com\\\/cuanto-tiempo\\\/cuanto-tiempo-estuvo-en-coma-maradona\\\/#webpage\"},\"articleSection\":\"\\u00bfCu\\u00e1nto tiempo?\"},{\"@type\":\"BreadcrumbList\",\"@id\":\"https:\\\/\\\/dudasytextos.com\\\/cuanto-tiempo\\\/cuanto-tiempo-estuvo-en-coma-maradona\\\/#breadcrumblist\",\"itemListElement\":[{\"@type\":\"ListItem\",\"@id\":\"https:\\\/\\\/dudasytextos.com\\\/cuanto-tiempo#listItem\",\"position\":1,\"name\":\"Home\",\"item\":\"https:\\\/\\\/dudasytextos.com\\\/cuanto-tiempo\",\"nextItem\":{\"@type\":\"ListItem\",\"@id\":\"https:\\\/\\\/dudasytextos.com\\\/cuanto-tiempo\\\/category\\\/cuanto-tiempo\\\/#listItem\",\"name\":\"\\u00bfCu\\u00e1nto tiempo?\"}},{\"@type\":\"ListItem\",\"@id\":\"https:\\\/\\\/dudasytextos.com\\\/cuanto-tiempo\\\/category\\\/cuanto-tiempo\\\/#listItem\",\"position\":2,\"name\":\"\\u00bfCu\\u00e1nto tiempo?\",\"item\":\"https:\\\/\\\/dudasytextos.com\\\/cuanto-tiempo\\\/category\\\/cuanto-tiempo\\\/\",\"nextItem\":{\"@type\":\"ListItem\",\"@id\":\"https:\\\/\\\/dudasytextos.com\\\/cuanto-tiempo\\\/cuanto-tiempo-estuvo-en-coma-maradona\\\/#listItem\",\"name\":\"Cu\\u00e1nto tiempo estuvo en coma maradona\"},\"previousItem\":{\"@type\":\"ListItem\",\"@id\":\"https:\\\/\\\/dudasytextos.com\\\/cuanto-tiempo#listItem\",\"name\":\"Home\"}},{\"@type\":\"ListItem\",\"@id\":\"https:\\\/\\\/dudasytextos.com\\\/cuanto-tiempo\\\/cuanto-tiempo-estuvo-en-coma-maradona\\\/#listItem\",\"position\":3,\"name\":\"Cu\\u00e1nto tiempo estuvo en coma maradona\",\"previousItem\":{\"@type\":\"ListItem\",\"@id\":\"https:\\\/\\\/dudasytextos.com\\\/cuanto-tiempo\\\/category\\\/cuanto-tiempo\\\/#listItem\",\"name\":\"\\u00bfCu\\u00e1nto tiempo?\"}}]},{\"@type\":\"Organization\",\"@id\":\"https:\\\/\\\/dudasytextos.com\\\/cuanto-tiempo\\\/#organization\",\"name\":\"Recipes\",\"description\":\"\\u00bfCu\\u00e1nto Tiempo?\",\"url\":\"https:\\\/\\\/dudasytextos.com\\\/cuanto-tiempo\\\/\"},{\"@type\":\"Person\",\"@id\":\"https:\\\/\\\/dudasytextos.com\\\/cuanto-tiempo\\\/author\\\/admin23\\\/#author\",\"url\":\"https:\\\/\\\/dudasytextos.com\\\/cuanto-tiempo\\\/author\\\/admin23\\\/\",\"name\":\"Ana Gonz\\u00e1lez\"},{\"@type\":\"WebPage\",\"@id\":\"https:\\\/\\\/dudasytextos.com\\\/cuanto-tiempo\\\/cuanto-tiempo-estuvo-en-coma-maradona\\\/#webpage\",\"url\":\"https:\\\/\\\/dudasytextos.com\\\/cuanto-tiempo\\\/cuanto-tiempo-estuvo-en-coma-maradona\\\/\",\"name\":\"Cu\\u00e1nto tiempo estuvo en coma maradona (2026) \\u00bfCu\\u00e1nto Tiempo?\",\"description\":\"Cu\\u00e1nto tiempo estuvo en coma Maradona \\u00a1Hola a todos! Soy Ana Gonz\\u00e1lez y hoy les hablar\\u00e9 sobre el tiempo que estuvo en coma Diego Armando Maradona, uno de los futbolistas m\\u00e1s famosos en la historia de este deporte. Este tema ha sido muy comentado desde su fallecimiento en noviembre de 2020, y quiero compartir con\",\"inLanguage\":\"es-ES\",\"isPartOf\":{\"@id\":\"https:\\\/\\\/dudasytextos.com\\\/cuanto-tiempo\\\/#website\"},\"breadcrumb\":{\"@id\":\"https:\\\/\\\/dudasytextos.com\\\/cuanto-tiempo\\\/cuanto-tiempo-estuvo-en-coma-maradona\\\/#breadcrumblist\"},\"author\":{\"@id\":\"https:\\\/\\\/dudasytextos.com\\\/cuanto-tiempo\\\/author\\\/admin23\\\/#author\"},\"creator\":{\"@id\":\"https:\\\/\\\/dudasytextos.com\\\/cuanto-tiempo\\\/author\\\/admin23\\\/#author\"},\"datePublished\":\"2025-02-22T23:41:31+00:00\",\"dateModified\":\"2025-03-12T14:29:50+00:00\"},{\"@type\":\"WebSite\",\"@id\":\"https:\\\/\\\/dudasytextos.com\\\/cuanto-tiempo\\\/#website\",\"url\":\"https:\\\/\\\/dudasytextos.com\\\/cuanto-tiempo\\\/\",\"name\":\"Recipes\",\"description\":\"\\u00bfCu\\u00e1nto Tiempo?\",\"inLanguage\":\"es-ES\",\"publisher\":{\"@id\":\"https:\\\/\\\/dudasytextos.com\\\/cuanto-tiempo\\\/#organization\"}}]}\n\t\t<\/script>\n\t\t<!-- All in One SEO -->\n\n","aioseo_head_json":{"title":"Cu\u00e1nto tiempo estuvo en coma maradona (2026) \u00bfCu\u00e1nto Tiempo?","description":"Cu\u00e1nto tiempo estuvo en coma Maradona \u00a1Hola a todos! Soy Ana Gonz\u00e1lez y hoy les hablar\u00e9 sobre el tiempo que estuvo en coma Diego Armando Maradona, uno de los futbolistas m\u00e1s famosos en la historia de este deporte. Este tema ha sido muy comentado desde su fallecimiento en noviembre de 2020, y quiero compartir con","canonical_url":"https:\/\/dudasytextos.com\/cuanto-tiempo\/cuanto-tiempo-estuvo-en-coma-maradona\/","robots":"max-snippet:-1, max-image-preview:large, max-video-preview:-1","keywords":"","webmasterTools":{"miscellaneous":"&lt;!-- Google tag (gtag.js) --&gt;\n&lt;script async src=\"https:\/\/www.googletagmanager.com\/gtag\/js?id=G-YPSGVRV7JJ\"&gt;&lt;\/script&gt;\n&lt;script&gt;\n  window.dataLayer = window.dataLayer || [];\n  function gtag(){dataLayer.push(arguments);}\n  gtag('js', new Date());\n\n  gtag('config', 'G-YPSGVRV7JJ');\n&lt;\/script&gt;\n&lt;script async src=\"https:\/\/pagead2.googlesyndication.com\/pagead\/js\/adsbygoogle.js?client=ca-pub-3987500858204711\"\n     crossorigin=\"anonymous\"&gt;&lt;\/script&gt;"},"schema":{"@context":"https:\/\/schema.org","@graph":[{"@type":"BlogPosting","@id":"https:\/\/dudasytextos.com\/cuanto-tiempo\/cuanto-tiempo-estuvo-en-coma-maradona\/#blogposting","name":"Cu\u00e1nto tiempo estuvo en coma maradona (2026) \u00bfCu\u00e1nto Tiempo?","headline":"Cu\u00e1nto tiempo estuvo en coma maradona","author":{"@id":"https:\/\/dudasytextos.com\/cuanto-tiempo\/author\/admin23\/#author"},"publisher":{"@id":"https:\/\/dudasytextos.com\/cuanto-tiempo\/#organization"},"datePublished":"2025-02-22T23:41:31+00:00","dateModified":"2025-03-12T14:29:50+00:00","inLanguage":"es-ES","mainEntityOfPage":{"@id":"https:\/\/dudasytextos.com\/cuanto-tiempo\/cuanto-tiempo-estuvo-en-coma-maradona\/#webpage"},"isPartOf":{"@id":"https:\/\/dudasytextos.com\/cuanto-tiempo\/cuanto-tiempo-estuvo-en-coma-maradona\/#webpage"},"articleSection":"\u00bfCu\u00e1nto tiempo?"},{"@type":"BreadcrumbList","@id":"https:\/\/dudasytextos.com\/cuanto-tiempo\/cuanto-tiempo-estuvo-en-coma-maradona\/#breadcrumblist","itemListElement":[{"@type":"ListItem","@id":"https:\/\/dudasytextos.com\/cuanto-tiempo#listItem","position":1,"name":"Home","item":"https:\/\/dudasytextos.com\/cuanto-tiempo","nextItem":{"@type":"ListItem","@id":"https:\/\/dudasytextos.com\/cuanto-tiempo\/category\/cuanto-tiempo\/#listItem","name":"\u00bfCu\u00e1nto tiempo?"}},{"@type":"ListItem","@id":"https:\/\/dudasytextos.com\/cuanto-tiempo\/category\/cuanto-tiempo\/#listItem","position":2,"name":"\u00bfCu\u00e1nto tiempo?","item":"https:\/\/dudasytextos.com\/cuanto-tiempo\/category\/cuanto-tiempo\/","nextItem":{"@type":"ListItem","@id":"https:\/\/dudasytextos.com\/cuanto-tiempo\/cuanto-tiempo-estuvo-en-coma-maradona\/#listItem","name":"Cu\u00e1nto tiempo estuvo en coma maradona"},"previousItem":{"@type":"ListItem","@id":"https:\/\/dudasytextos.com\/cuanto-tiempo#listItem","name":"Home"}},{"@type":"ListItem","@id":"https:\/\/dudasytextos.com\/cuanto-tiempo\/cuanto-tiempo-estuvo-en-coma-maradona\/#listItem","position":3,"name":"Cu\u00e1nto tiempo estuvo en coma maradona","previousItem":{"@type":"ListItem","@id":"https:\/\/dudasytextos.com\/cuanto-tiempo\/category\/cuanto-tiempo\/#listItem","name":"\u00bfCu\u00e1nto tiempo?"}}]},{"@type":"Organization","@id":"https:\/\/dudasytextos.com\/cuanto-tiempo\/#organization","name":"Recipes","description":"\u00bfCu\u00e1nto Tiempo?","url":"https:\/\/dudasytextos.com\/cuanto-tiempo\/"},{"@type":"Person","@id":"https:\/\/dudasytextos.com\/cuanto-tiempo\/author\/admin23\/#author","url":"https:\/\/dudasytextos.com\/cuanto-tiempo\/author\/admin23\/","name":"Ana Gonz\u00e1lez"},{"@type":"WebPage","@id":"https:\/\/dudasytextos.com\/cuanto-tiempo\/cuanto-tiempo-estuvo-en-coma-maradona\/#webpage","url":"https:\/\/dudasytextos.com\/cuanto-tiempo\/cuanto-tiempo-estuvo-en-coma-maradona\/","name":"Cu\u00e1nto tiempo estuvo en coma maradona (2026) \u00bfCu\u00e1nto Tiempo?","description":"Cu\u00e1nto tiempo estuvo en coma Maradona \u00a1Hola a todos! Soy Ana Gonz\u00e1lez y hoy les hablar\u00e9 sobre el tiempo que estuvo en coma Diego Armando Maradona, uno de los futbolistas m\u00e1s famosos en la historia de este deporte. Este tema ha sido muy comentado desde su fallecimiento en noviembre de 2020, y quiero compartir con","inLanguage":"es-ES","isPartOf":{"@id":"https:\/\/dudasytextos.com\/cuanto-tiempo\/#website"},"breadcrumb":{"@id":"https:\/\/dudasytextos.com\/cuanto-tiempo\/cuanto-tiempo-estuvo-en-coma-maradona\/#breadcrumblist"},"author":{"@id":"https:\/\/dudasytextos.com\/cuanto-tiempo\/author\/admin23\/#author"},"creator":{"@id":"https:\/\/dudasytextos.com\/cuanto-tiempo\/author\/admin23\/#author"},"datePublished":"2025-02-22T23:41:31+00:00","dateModified":"2025-03-12T14:29:50+00:00"},{"@type":"WebSite","@id":"https:\/\/dudasytextos.com\/cuanto-tiempo\/#website","url":"https:\/\/dudasytextos.com\/cuanto-tiempo\/","name":"Recipes","description":"\u00bfCu\u00e1nto Tiempo?","inLanguage":"es-ES","publisher":{"@id":"https:\/\/dudasytextos.com\/cuanto-tiempo\/#organization"}}]},"og:locale":"es_ES","og:site_name":"\u00bfCu\u00e1nto Tiempo? - \u00bfCu\u00e1nto Tiempo?","og:type":"article","og:title":"Cu\u00e1nto tiempo estuvo en coma maradona (2026) \u00bfCu\u00e1nto Tiempo?","og:description":"Cu\u00e1nto tiempo estuvo en coma Maradona \u00a1Hola a todos! Soy Ana Gonz\u00e1lez y hoy les hablar\u00e9 sobre el tiempo que estuvo en coma Diego Armando Maradona, uno de los futbolistas m\u00e1s famosos en la historia de este deporte. Este tema ha sido muy comentado desde su fallecimiento en noviembre de 2020, y quiero compartir con","og:url":"https:\/\/dudasytextos.com\/cuanto-tiempo\/cuanto-tiempo-estuvo-en-coma-maradona\/","article:published_time":"2025-02-22T23:41:31+00:00","article:modified_time":"2025-03-12T14:29:50+00:00","twitter:card":"summary_large_image","twitter:title":"Cu\u00e1nto tiempo estuvo en coma maradona (2026) \u00bfCu\u00e1nto Tiempo?","twitter:description":"Cu\u00e1nto tiempo estuvo en coma Maradona \u00a1Hola a todos! Soy Ana Gonz\u00e1lez y hoy les hablar\u00e9 sobre el tiempo que estuvo en coma Diego Armando Maradona, uno de los futbolistas m\u00e1s famosos en la historia de este deporte. Este tema ha sido muy comentado desde su fallecimiento en noviembre de 2020, y quiero compartir con"},"aioseo_meta_data":{"post_id":"96562","title":null,"description":null,"keywords":null,"keyphrases":null,"primary_term":null,"canonical_url":null,"og_title":null,"og_description":null,"og_object_type":"default","og_image_type":"default","og_image_url":null,"og_image_width":null,"og_image_height":null,"og_image_custom_url":null,"og_image_custom_fields":null,"og_video":null,"og_custom_url":null,"og_article_section":null,"og_article_tags":null,"twitter_use_og":false,"twitter_card":"default","twitter_image_type":"default","twitter_image_url":null,"twitter_image_custom_url":null,"twitter_image_custom_fields":null,"twitter_title":null,"twitter_description":null,"schema":{"blockGraphs":[],"customGraphs":[],"default":{"data":{"Article":[],"Course":[],"Dataset":[],"FAQPage":[],"Movie":[],"Person":[],"Product":[],"ProductReview":[],"Car":[],"Recipe":[],"Service":[],"SoftwareApplication":[],"WebPage":[]},"graphName":"","isEnabled":true},"graphs":[]},"schema_type":"default","schema_type_options":null,"pillar_content":false,"robots_default":true,"robots_noindex":false,"robots_noarchive":false,"robots_nosnippet":false,"robots_nofollow":false,"robots_noimageindex":false,"robots_noodp":false,"robots_notranslate":false,"robots_max_snippet":null,"robots_max_videopreview":null,"robots_max_imagepreview":"large","priority":null,"frequency":null,"local_seo":null,"breadcrumb_settings":null,"limit_modified_date":false,"ai":null,"created":"2023-05-04 05:15:42","updated":"2025-06-04 06:14:07","seo_analyzer_scan_date":null,"focus_keyword":null,"additional_keywords":null,"truseo_locale":null},"aioseo_breadcrumb":"<div class=\"aioseo-breadcrumbs\"><span class=\"aioseo-breadcrumb\">\n\t\t\t<a href=\"https:\/\/dudasytextos.com\/cuanto-tiempo\" title=\"Home\">Home<\/a>\n\t\t<\/span><span class=\"aioseo-breadcrumb-separator\">&raquo;<\/span><span class=\"aioseo-breadcrumb\">\n\t\t\t<a href=\"https:\/\/dudasytextos.com\/cuanto-tiempo\/category\/cuanto-tiempo\/\" title=\"\u00bfCu\u00e1nto tiempo?\">\u00bfCu\u00e1nto tiempo?<\/a>\n\t\t<\/span><span class=\"aioseo-breadcrumb-separator\">&raquo;<\/span><span class=\"aioseo-breadcrumb\">\n\t\t\tCu\u00e1nto tiempo estuvo en coma maradona\n\t\t<\/span><\/div>","aioseo_breadcrumb_json":[{"label":"Home","link":"https:\/\/dudasytextos.com\/cuanto-tiempo"},{"label":"\u00bfCu\u00e1nto tiempo?","link":"https:\/\/dudasytextos.com\/cuanto-tiempo\/category\/cuanto-tiempo\/"},{"label":"Cu\u00e1nto tiempo estuvo en coma maradona","link":"https:\/\/dudasytextos.com\/cuanto-tiempo\/cuanto-tiempo-estuvo-en-coma-maradona\/"}],"_links":{"self":[{"href":"https:\/\/dudasytextos.com\/cuanto-tiempo\/wp-json\/wp\/v2\/posts\/96562","targetHints":{"allow":["GET"]}}],"collection":[{"href":"https:\/\/dudasytextos.com\/cuanto-tiempo\/wp-json\/wp\/v2\/posts"}],"about":[{"href":"https:\/\/dudasytextos.com\/cuanto-tiempo\/wp-json\/wp\/v2\/types\/post"}],"author":[{"embeddable":true,"href":"https:\/\/dudasytextos.com\/cuanto-tiempo\/wp-json\/wp\/v2\/users\/1"}],"replies":[{"embeddable":true,"href":"https:\/\/dudasytextos.com\/cuanto-tiempo\/wp-json\/wp\/v2\/comments?post=96562"}],"version-history":[{"count":1,"href":"https:\/\/dudasytextos.com\/cuanto-tiempo\/wp-json\/wp\/v2\/posts\/96562\/revisions"}],"predecessor-version":[{"id":98131,"href":"https:\/\/dudasytextos.com\/cuanto-tiempo\/wp-json\/wp\/v2\/posts\/96562\/revisions\/98131"}],"wp:attachment":[{"href":"https:\/\/dudasytextos.com\/cuanto-tiempo\/wp-json\/wp\/v2\/media?parent=96562"}],"wp:term":[{"taxonomy":"category","embeddable":true,"href":"https:\/\/dudasytextos.com\/cuanto-tiempo\/wp-json\/wp\/v2\/categories?post=96562"},{"taxonomy":"post_tag","embeddable":true,"href":"https:\/\/dudasytextos.com\/cuanto-tiempo\/wp-json\/wp\/v2\/tags?post=96562"}],"curies":[{"name":"wp","href":"https:\/\/api.w.org\/{rel}","templated":true}]}}