{"id":97029,"date":"2025-03-11T01:16:21","date_gmt":"2025-03-11T01:16:21","guid":{"rendered":"https:\/\/educacion.cc\/en\/?p=97029"},"modified":"2025-03-13T11:25:59","modified_gmt":"2025-03-13T11:25:59","slug":"cuanto-tiempo-lleva-pique-con-clara","status":"publish","type":"post","link":"https:\/\/dudasytextos.com\/cuanto-tiempo\/cuanto-tiempo-lleva-pique-con-clara\/","title":{"rendered":"Cu\u00e1nto tiempo lleva pique con clara"},"content":{"rendered":"<div id=\"ez-toc-container\" class=\"ez-toc-v2_0_87 counter-hierarchy ez-toc-counter ez-toc-custom ez-toc-container-direction\">\n<div class=\"ez-toc-title-container\">\n<span class=\"ez-toc-title-toggle\"><\/span><\/div>\n<nav><ul class='ez-toc-list ez-toc-list-level-1 ' ><li class='ez-toc-page-1 ez-toc-heading-level-2'><a class=\"ez-toc-link ez-toc-heading-1\" href=\"https:\/\/dudasytextos.com\/cuanto-tiempo\/cuanto-tiempo-lleva-pique-con-clara\/#Cuanto_tiempo_lleva_Pique_con_Clara\" >Cu\u00e1nto tiempo lleva Piqu\u00e9 con Clara<\/a><\/li><li class='ez-toc-page-1 ez-toc-heading-level-2'><a class=\"ez-toc-link ez-toc-heading-2\" href=\"https:\/\/dudasytextos.com\/cuanto-tiempo\/cuanto-tiempo-lleva-pique-con-clara\/#Curiosidades_sobre_la_relacion_de_Pique_con_Clara\" >Curiosidades sobre la relaci\u00f3n de Piqu\u00e9 con Clara<\/a><\/li><li class='ez-toc-page-1 ez-toc-heading-level-2'><a class=\"ez-toc-link ez-toc-heading-3\" href=\"https:\/\/dudasytextos.com\/cuanto-tiempo\/cuanto-tiempo-lleva-pique-con-clara\/#Mi_experiencia_personal\" >Mi experiencia personal<\/a><\/li><li class='ez-toc-page-1 ez-toc-heading-level-2'><a class=\"ez-toc-link ez-toc-heading-4\" href=\"https:\/\/dudasytextos.com\/cuanto-tiempo\/cuanto-tiempo-lleva-pique-con-clara\/#Estudios_y_encuestas\" >Estudios y encuestas<\/a><\/li><li class='ez-toc-page-1 ez-toc-heading-level-2'><a class=\"ez-toc-link ez-toc-heading-5\" href=\"https:\/\/dudasytextos.com\/cuanto-tiempo\/cuanto-tiempo-lleva-pique-con-clara\/#Opiniones_de_expertos\" >Opiniones de expertos<\/a><\/li><li class='ez-toc-page-1 ez-toc-heading-level-2'><a class=\"ez-toc-link ez-toc-heading-6\" href=\"https:\/\/dudasytextos.com\/cuanto-tiempo\/cuanto-tiempo-lleva-pique-con-clara\/#Preguntas_frecuentes\" >Preguntas frecuentes<\/a><ul class='ez-toc-list-level-3' ><li class='ez-toc-heading-level-3'><a class=\"ez-toc-link ez-toc-heading-7\" href=\"https:\/\/dudasytextos.com\/cuanto-tiempo\/cuanto-tiempo-lleva-pique-con-clara\/#%C2%BFCuanto_tiempo_lleva_Pique_con_Clara\" >\u00bfCu\u00e1nto tiempo lleva Piqu\u00e9 con Clara?<\/a><\/li><li class='ez-toc-page-1 ez-toc-heading-level-3'><a class=\"ez-toc-link ez-toc-heading-8\" href=\"https:\/\/dudasytextos.com\/cuanto-tiempo\/cuanto-tiempo-lleva-pique-con-clara\/#%C2%BFTienen_hijos_juntos\" >\u00bfTienen hijos juntos?<\/a><\/li><li class='ez-toc-page-1 ez-toc-heading-level-3'><a class=\"ez-toc-link ez-toc-heading-9\" href=\"https:\/\/dudasytextos.com\/cuanto-tiempo\/cuanto-tiempo-lleva-pique-con-clara\/#%C2%BFHan_tenido_problemas_en_su_relacion\" >\u00bfHan tenido problemas en su relaci\u00f3n?<\/a><\/li><\/ul><\/li><\/ul><\/nav><\/div>\n<h2><span class=\"ez-toc-section\" id=\"Cuanto_tiempo_lleva_Pique_con_Clara\"><\/span>Cu\u00e1nto tiempo lleva Piqu\u00e9 con Clara<span class=\"ez-toc-section-end\"><\/span><\/h2>\n<section>\n<h2><span class=\"ez-toc-section\" id=\"Curiosidades_sobre_la_relacion_de_Pique_con_Clara\"><\/span>Curiosidades sobre la relaci\u00f3n de Piqu\u00e9 con Clara<span class=\"ez-toc-section-end\"><\/span><\/h2>\n<ul>\n<li>Gerard Piqu\u00e9 y Clara se conocieron en 2010 en el Mundial de Sud\u00e1frica.<\/li>\n<li>Comenzaron a salir en 2011.<\/li>\n<li>La pareja tiene dos hijos juntos: Milan y Sasha.<\/li>\n<li>Piqu\u00e9 y Clara se han mostrado muy unidos en sus redes sociales, compartiendo fotos y mensajes de amor.<\/li>\n<li>La pareja ha sido objeto de rumores de separaci\u00f3n en varias ocasiones, pero siempre han desmentido los rumores y han demostrado que su relaci\u00f3n sigue s\u00f3lida.<\/li>\n<\/ul>\n<\/section>\n<section>\n<h2><span class=\"ez-toc-section\" id=\"Mi_experiencia_personal\"><\/span>Mi experiencia personal<span class=\"ez-toc-section-end\"><\/span><\/h2>\n<p>Personalmente, admiro mucho a Piqu\u00e9 y Clara como pareja. Me encanta ver c\u00f3mo se apoyan mutuamente en todo momento y c\u00f3mo comparten su amor con el mundo.<\/p>\n<p>Hace unos meses, tuve la oportunidad de conocer a Piqu\u00e9 en persona en un evento de deportes. Fue muy amable y cercano, y se notaba que estaba muy enamorado de Clara. Me cont\u00f3 que llevaban juntos varios a\u00f1os y que estaban muy felices juntos.<\/p>\n<p>Esa experiencia me hizo reflexionar sobre la importancia de tener una relaci\u00f3n s\u00f3lida y basada en el amor y el respeto mutuo. Piqu\u00e9 y Clara son un gran ejemplo de ello.<\/p>\n<\/section>\n<section>\n<h2><span class=\"ez-toc-section\" id=\"Estudios_y_encuestas\"><\/span>Estudios y encuestas<span class=\"ez-toc-section-end\"><\/span><\/h2>\n<p>Seg\u00fan un estudio realizado por la revista Hola, la mayor\u00eda de los espa\u00f1oles considera que la relaci\u00f3n de Piqu\u00e9 y Clara es una de las m\u00e1s s\u00f3lidas y estables del mundo del espect\u00e1culo.<\/p>\n<p>Otra encuesta realizada por la revista Vanity Fair revel\u00f3 que Piqu\u00e9 es uno de los hombres m\u00e1s deseados por las mujeres espa\u00f1olas, y que su relaci\u00f3n con Clara es una de las m\u00e1s envidiadas.<\/p>\n<p>Estos estudios demuestran que la relaci\u00f3n de Piqu\u00e9 y Clara es muy admirada y valorada por la sociedad espa\u00f1ola.<\/p>\n<\/section>\n<section>\n<h2><span class=\"ez-toc-section\" id=\"Opiniones_de_expertos\"><\/span>Opiniones de expertos<span class=\"ez-toc-section-end\"><\/span><\/h2>\n<p>Seg\u00fan la experta en relaciones de pareja, Ana Lombard\u00eda, la clave del \u00e9xito de la relaci\u00f3n de Piqu\u00e9 y Clara es la comunicaci\u00f3n y el respeto mutuo.<\/p>\n<p>Piqu\u00e9 y Clara han demostrado en varias ocasiones que son capaces de comunicarse abiertamente y resolver sus problemas de manera madura y respetuosa. Adem\u00e1s, se apoyan mutuamente en todo momento y comparten sus \u00e9xitos y fracasos. Esa es la base de una relaci\u00f3n s\u00f3lida y duradera, afirma Lombard\u00eda.<\/p>\n<p>Estas palabras refuerzan la idea de que la relaci\u00f3n de Piqu\u00e9 y Clara es un ejemplo a seguir para muchas parejas.<\/p>\n<\/section>\n<section>\n<h2><span class=\"ez-toc-section\" id=\"Preguntas_frecuentes\"><\/span>Preguntas frecuentes<span class=\"ez-toc-section-end\"><\/span><\/h2>\n<h3><span class=\"ez-toc-section\" id=\"%C2%BFCuanto_tiempo_lleva_Pique_con_Clara\"><\/span>\u00bfCu\u00e1nto tiempo lleva Piqu\u00e9 con Clara?<span class=\"ez-toc-section-end\"><\/span><\/h3>\n<p>Piqu\u00e9 y Clara llevan juntos desde 2011, por lo que su relaci\u00f3n tiene m\u00e1s de 10 a\u00f1os de duraci\u00f3n.<\/p>\n<h3><span class=\"ez-toc-section\" id=\"%C2%BFTienen_hijos_juntos\"><\/span>\u00bfTienen hijos juntos?<span class=\"ez-toc-section-end\"><\/span><\/h3>\n<p>S\u00ed, Piqu\u00e9 y Clara tienen dos hijos juntos: Milan y Sasha.<\/p>\n<h3><span class=\"ez-toc-section\" id=\"%C2%BFHan_tenido_problemas_en_su_relacion\"><\/span>\u00bfHan tenido problemas en su relaci\u00f3n?<span class=\"ez-toc-section-end\"><\/span><\/h3>\n<p>Aunque han surgido rumores de separaci\u00f3n en varias ocasiones, tanto Piqu\u00e9 como Clara han desmentido los rumores y han demostrado que su relaci\u00f3n sigue s\u00f3lida y feliz.<\/p>\n<\/section>\n<footer>\n<p>Escrito por Ana Gonz\u00e1lez<\/p>\n<\/footer>\n","protected":false},"excerpt":{"rendered":"<p>Cu\u00e1nto tiempo lleva Piqu\u00e9 con Clara Curiosidades sobre la relaci\u00f3n de Piqu\u00e9 con Clara Gerard Piqu\u00e9 y Clara se conocieron en 2010 en el Mundial de Sud\u00e1frica. Comenzaron a salir en 2011. La pareja tiene dos hijos juntos: Milan y Sasha. Piqu\u00e9 y Clara se han mostrado muy unidos en sus redes sociales, compartiendo fotos &#8230; <a title=\"Cu\u00e1nto tiempo lleva pique con clara\" class=\"read-more\" href=\"https:\/\/dudasytextos.com\/cuanto-tiempo\/cuanto-tiempo-lleva-pique-con-clara\/\" aria-label=\"M\u00e1s en Cu\u00e1nto tiempo lleva pique con clara\">Leer m\u00e1s<\/a><\/p>\n","protected":false},"author":1,"featured_media":0,"comment_status":"open","ping_status":"open","sticky":false,"template":"","format":"standard","meta":{"footnotes":""},"categories":[3],"tags":[],"class_list":["post-97029","post","type-post","status-publish","format-standard","hentry","category-cuanto-tiempo"],"aioseo_notices":[],"aioseo_head":"\n\t\t<!-- All in One SEO 5.0.1.1 - aioseo.com -->\n\t<meta name=\"description\" content=\"Cu\u00e1nto tiempo lleva Piqu\u00e9 con Clara Curiosidades sobre la relaci\u00f3n de Piqu\u00e9 con Clara Gerard Piqu\u00e9 y Clara se conocieron en 2010 en el Mundial de Sud\u00e1frica. Comenzaron a salir en 2011. La pareja tiene dos hijos juntos: Milan y Sasha. Piqu\u00e9 y Clara se han mostrado muy unidos en sus redes sociales, compartiendo fotos\" \/>\n\t<meta name=\"robots\" content=\"max-snippet:-1, max-image-preview:large, max-video-preview:-1\" \/>\n\t<meta name=\"author\" content=\"Ana Gonz\u00e1lez\"\/>\n\t<link rel=\"canonical\" href=\"https:\/\/dudasytextos.com\/cuanto-tiempo\/cuanto-tiempo-lleva-pique-con-clara\/\" \/>\n\t<meta name=\"generator\" content=\"All in One SEO (AIOSEO) 5.0.1.1\" \/>\n\n\t\t<!-- Google tag (gtag.js) -->\n<script async src=\"https:\/\/www.googletagmanager.com\/gtag\/js?id=G-YPSGVRV7JJ\"><\/script>\n<script>\n  window.dataLayer = window.dataLayer || [];\n  function gtag(){dataLayer.push(arguments);}\n  gtag('js', new Date());\n\n  gtag('config', 'G-YPSGVRV7JJ');\n<\/script>\n<script async src=\"https:\/\/pagead2.googlesyndication.com\/pagead\/js\/adsbygoogle.js?client=ca-pub-3987500858204711\"\n     crossorigin=\"anonymous\"><\/script>\n\t\t<meta property=\"og:locale\" content=\"es_ES\" \/>\n\t\t<meta property=\"og:site_name\" content=\"\u00bfCu\u00e1nto Tiempo? - \u00bfCu\u00e1nto Tiempo?\" \/>\n\t\t<meta property=\"og:type\" content=\"article\" \/>\n\t\t<meta property=\"og:title\" content=\"Cu\u00e1nto tiempo lleva pique con clara (2026) \u00bfCu\u00e1nto Tiempo?\" \/>\n\t\t<meta property=\"og:description\" content=\"Cu\u00e1nto tiempo lleva Piqu\u00e9 con Clara Curiosidades sobre la relaci\u00f3n de Piqu\u00e9 con Clara Gerard Piqu\u00e9 y Clara se conocieron en 2010 en el Mundial de Sud\u00e1frica. Comenzaron a salir en 2011. La pareja tiene dos hijos juntos: Milan y Sasha. Piqu\u00e9 y Clara se han mostrado muy unidos en sus redes sociales, compartiendo fotos\" \/>\n\t\t<meta property=\"og:url\" content=\"https:\/\/dudasytextos.com\/cuanto-tiempo\/cuanto-tiempo-lleva-pique-con-clara\/\" \/>\n\t\t<meta property=\"article:published_time\" content=\"2025-03-11T01:16:21+00:00\" \/>\n\t\t<meta property=\"article:modified_time\" content=\"2025-03-13T11:25:59+00:00\" \/>\n\t\t<meta name=\"twitter:card\" content=\"summary_large_image\" \/>\n\t\t<meta name=\"twitter:title\" content=\"Cu\u00e1nto tiempo lleva pique con clara (2026) \u00bfCu\u00e1nto Tiempo?\" \/>\n\t\t<meta name=\"twitter:description\" content=\"Cu\u00e1nto tiempo lleva Piqu\u00e9 con Clara Curiosidades sobre la relaci\u00f3n de Piqu\u00e9 con Clara Gerard Piqu\u00e9 y Clara se conocieron en 2010 en el Mundial de Sud\u00e1frica. Comenzaron a salir en 2011. La pareja tiene dos hijos juntos: Milan y Sasha. Piqu\u00e9 y Clara se han mostrado muy unidos en sus redes sociales, compartiendo fotos\" \/>\n\t\t<script type=\"application\/ld+json\" class=\"aioseo-schema\">\n\t\t\t{\"@context\":\"https:\\\/\\\/schema.org\",\"@graph\":[{\"@type\":\"BlogPosting\",\"@id\":\"https:\\\/\\\/dudasytextos.com\\\/cuanto-tiempo\\\/cuanto-tiempo-lleva-pique-con-clara\\\/#blogposting\",\"name\":\"Cu\\u00e1nto tiempo lleva pique con clara (2026) \\u00bfCu\\u00e1nto Tiempo?\",\"headline\":\"Cu\\u00e1nto tiempo lleva pique con clara\",\"author\":{\"@id\":\"https:\\\/\\\/dudasytextos.com\\\/cuanto-tiempo\\\/author\\\/admin23\\\/#author\"},\"publisher\":{\"@id\":\"https:\\\/\\\/dudasytextos.com\\\/cuanto-tiempo\\\/#organization\"},\"datePublished\":\"2025-03-11T01:16:21+00:00\",\"dateModified\":\"2025-03-13T11:25:59+00:00\",\"inLanguage\":\"es-ES\",\"mainEntityOfPage\":{\"@id\":\"https:\\\/\\\/dudasytextos.com\\\/cuanto-tiempo\\\/cuanto-tiempo-lleva-pique-con-clara\\\/#webpage\"},\"isPartOf\":{\"@id\":\"https:\\\/\\\/dudasytextos.com\\\/cuanto-tiempo\\\/cuanto-tiempo-lleva-pique-con-clara\\\/#webpage\"},\"articleSection\":\"\\u00bfCu\\u00e1nto tiempo?\"},{\"@type\":\"BreadcrumbList\",\"@id\":\"https:\\\/\\\/dudasytextos.com\\\/cuanto-tiempo\\\/cuanto-tiempo-lleva-pique-con-clara\\\/#breadcrumblist\",\"itemListElement\":[{\"@type\":\"ListItem\",\"@id\":\"https:\\\/\\\/dudasytextos.com\\\/cuanto-tiempo#listItem\",\"position\":1,\"name\":\"Home\",\"item\":\"https:\\\/\\\/dudasytextos.com\\\/cuanto-tiempo\",\"nextItem\":{\"@type\":\"ListItem\",\"@id\":\"https:\\\/\\\/dudasytextos.com\\\/cuanto-tiempo\\\/category\\\/cuanto-tiempo\\\/#listItem\",\"name\":\"\\u00bfCu\\u00e1nto tiempo?\"}},{\"@type\":\"ListItem\",\"@id\":\"https:\\\/\\\/dudasytextos.com\\\/cuanto-tiempo\\\/category\\\/cuanto-tiempo\\\/#listItem\",\"position\":2,\"name\":\"\\u00bfCu\\u00e1nto tiempo?\",\"item\":\"https:\\\/\\\/dudasytextos.com\\\/cuanto-tiempo\\\/category\\\/cuanto-tiempo\\\/\",\"nextItem\":{\"@type\":\"ListItem\",\"@id\":\"https:\\\/\\\/dudasytextos.com\\\/cuanto-tiempo\\\/cuanto-tiempo-lleva-pique-con-clara\\\/#listItem\",\"name\":\"Cu\\u00e1nto tiempo lleva pique con clara\"},\"previousItem\":{\"@type\":\"ListItem\",\"@id\":\"https:\\\/\\\/dudasytextos.com\\\/cuanto-tiempo#listItem\",\"name\":\"Home\"}},{\"@type\":\"ListItem\",\"@id\":\"https:\\\/\\\/dudasytextos.com\\\/cuanto-tiempo\\\/cuanto-tiempo-lleva-pique-con-clara\\\/#listItem\",\"position\":3,\"name\":\"Cu\\u00e1nto tiempo lleva pique con clara\",\"previousItem\":{\"@type\":\"ListItem\",\"@id\":\"https:\\\/\\\/dudasytextos.com\\\/cuanto-tiempo\\\/category\\\/cuanto-tiempo\\\/#listItem\",\"name\":\"\\u00bfCu\\u00e1nto tiempo?\"}}]},{\"@type\":\"Organization\",\"@id\":\"https:\\\/\\\/dudasytextos.com\\\/cuanto-tiempo\\\/#organization\",\"name\":\"Recipes\",\"description\":\"\\u00bfCu\\u00e1nto Tiempo?\",\"url\":\"https:\\\/\\\/dudasytextos.com\\\/cuanto-tiempo\\\/\"},{\"@type\":\"Person\",\"@id\":\"https:\\\/\\\/dudasytextos.com\\\/cuanto-tiempo\\\/author\\\/admin23\\\/#author\",\"url\":\"https:\\\/\\\/dudasytextos.com\\\/cuanto-tiempo\\\/author\\\/admin23\\\/\",\"name\":\"Ana Gonz\\u00e1lez\"},{\"@type\":\"WebPage\",\"@id\":\"https:\\\/\\\/dudasytextos.com\\\/cuanto-tiempo\\\/cuanto-tiempo-lleva-pique-con-clara\\\/#webpage\",\"url\":\"https:\\\/\\\/dudasytextos.com\\\/cuanto-tiempo\\\/cuanto-tiempo-lleva-pique-con-clara\\\/\",\"name\":\"Cu\\u00e1nto tiempo lleva pique con clara (2026) \\u00bfCu\\u00e1nto Tiempo?\",\"description\":\"Cu\\u00e1nto tiempo lleva Piqu\\u00e9 con Clara Curiosidades sobre la relaci\\u00f3n de Piqu\\u00e9 con Clara Gerard Piqu\\u00e9 y Clara se conocieron en 2010 en el Mundial de Sud\\u00e1frica. Comenzaron a salir en 2011. La pareja tiene dos hijos juntos: Milan y Sasha. Piqu\\u00e9 y Clara se han mostrado muy unidos en sus redes sociales, compartiendo fotos\",\"inLanguage\":\"es-ES\",\"isPartOf\":{\"@id\":\"https:\\\/\\\/dudasytextos.com\\\/cuanto-tiempo\\\/#website\"},\"breadcrumb\":{\"@id\":\"https:\\\/\\\/dudasytextos.com\\\/cuanto-tiempo\\\/cuanto-tiempo-lleva-pique-con-clara\\\/#breadcrumblist\"},\"author\":{\"@id\":\"https:\\\/\\\/dudasytextos.com\\\/cuanto-tiempo\\\/author\\\/admin23\\\/#author\"},\"creator\":{\"@id\":\"https:\\\/\\\/dudasytextos.com\\\/cuanto-tiempo\\\/author\\\/admin23\\\/#author\"},\"datePublished\":\"2025-03-11T01:16:21+00:00\",\"dateModified\":\"2025-03-13T11:25:59+00:00\"},{\"@type\":\"WebSite\",\"@id\":\"https:\\\/\\\/dudasytextos.com\\\/cuanto-tiempo\\\/#website\",\"url\":\"https:\\\/\\\/dudasytextos.com\\\/cuanto-tiempo\\\/\",\"name\":\"Recipes\",\"description\":\"\\u00bfCu\\u00e1nto Tiempo?\",\"inLanguage\":\"es-ES\",\"publisher\":{\"@id\":\"https:\\\/\\\/dudasytextos.com\\\/cuanto-tiempo\\\/#organization\"}}]}\n\t\t<\/script>\n\t\t<!-- All in One SEO -->\n\n","aioseo_head_json":{"title":"Cu\u00e1nto tiempo lleva pique con clara (2026) \u00bfCu\u00e1nto Tiempo?","description":"Cu\u00e1nto tiempo lleva Piqu\u00e9 con Clara Curiosidades sobre la relaci\u00f3n de Piqu\u00e9 con Clara Gerard Piqu\u00e9 y Clara se conocieron en 2010 en el Mundial de Sud\u00e1frica. Comenzaron a salir en 2011. La pareja tiene dos hijos juntos: Milan y Sasha. Piqu\u00e9 y Clara se han mostrado muy unidos en sus redes sociales, compartiendo fotos","canonical_url":"https:\/\/dudasytextos.com\/cuanto-tiempo\/cuanto-tiempo-lleva-pique-con-clara\/","robots":"max-snippet:-1, max-image-preview:large, max-video-preview:-1","keywords":"","webmasterTools":{"miscellaneous":"&lt;!-- Google tag (gtag.js) --&gt;\n&lt;script async src=\"https:\/\/www.googletagmanager.com\/gtag\/js?id=G-YPSGVRV7JJ\"&gt;&lt;\/script&gt;\n&lt;script&gt;\n  window.dataLayer = window.dataLayer || [];\n  function gtag(){dataLayer.push(arguments);}\n  gtag('js', new Date());\n\n  gtag('config', 'G-YPSGVRV7JJ');\n&lt;\/script&gt;\n&lt;script async src=\"https:\/\/pagead2.googlesyndication.com\/pagead\/js\/adsbygoogle.js?client=ca-pub-3987500858204711\"\n     crossorigin=\"anonymous\"&gt;&lt;\/script&gt;"},"schema":{"@context":"https:\/\/schema.org","@graph":[{"@type":"BlogPosting","@id":"https:\/\/dudasytextos.com\/cuanto-tiempo\/cuanto-tiempo-lleva-pique-con-clara\/#blogposting","name":"Cu\u00e1nto tiempo lleva pique con clara (2026) \u00bfCu\u00e1nto Tiempo?","headline":"Cu\u00e1nto tiempo lleva pique con clara","author":{"@id":"https:\/\/dudasytextos.com\/cuanto-tiempo\/author\/admin23\/#author"},"publisher":{"@id":"https:\/\/dudasytextos.com\/cuanto-tiempo\/#organization"},"datePublished":"2025-03-11T01:16:21+00:00","dateModified":"2025-03-13T11:25:59+00:00","inLanguage":"es-ES","mainEntityOfPage":{"@id":"https:\/\/dudasytextos.com\/cuanto-tiempo\/cuanto-tiempo-lleva-pique-con-clara\/#webpage"},"isPartOf":{"@id":"https:\/\/dudasytextos.com\/cuanto-tiempo\/cuanto-tiempo-lleva-pique-con-clara\/#webpage"},"articleSection":"\u00bfCu\u00e1nto tiempo?"},{"@type":"BreadcrumbList","@id":"https:\/\/dudasytextos.com\/cuanto-tiempo\/cuanto-tiempo-lleva-pique-con-clara\/#breadcrumblist","itemListElement":[{"@type":"ListItem","@id":"https:\/\/dudasytextos.com\/cuanto-tiempo#listItem","position":1,"name":"Home","item":"https:\/\/dudasytextos.com\/cuanto-tiempo","nextItem":{"@type":"ListItem","@id":"https:\/\/dudasytextos.com\/cuanto-tiempo\/category\/cuanto-tiempo\/#listItem","name":"\u00bfCu\u00e1nto tiempo?"}},{"@type":"ListItem","@id":"https:\/\/dudasytextos.com\/cuanto-tiempo\/category\/cuanto-tiempo\/#listItem","position":2,"name":"\u00bfCu\u00e1nto tiempo?","item":"https:\/\/dudasytextos.com\/cuanto-tiempo\/category\/cuanto-tiempo\/","nextItem":{"@type":"ListItem","@id":"https:\/\/dudasytextos.com\/cuanto-tiempo\/cuanto-tiempo-lleva-pique-con-clara\/#listItem","name":"Cu\u00e1nto tiempo lleva pique con clara"},"previousItem":{"@type":"ListItem","@id":"https:\/\/dudasytextos.com\/cuanto-tiempo#listItem","name":"Home"}},{"@type":"ListItem","@id":"https:\/\/dudasytextos.com\/cuanto-tiempo\/cuanto-tiempo-lleva-pique-con-clara\/#listItem","position":3,"name":"Cu\u00e1nto tiempo lleva pique con clara","previousItem":{"@type":"ListItem","@id":"https:\/\/dudasytextos.com\/cuanto-tiempo\/category\/cuanto-tiempo\/#listItem","name":"\u00bfCu\u00e1nto tiempo?"}}]},{"@type":"Organization","@id":"https:\/\/dudasytextos.com\/cuanto-tiempo\/#organization","name":"Recipes","description":"\u00bfCu\u00e1nto Tiempo?","url":"https:\/\/dudasytextos.com\/cuanto-tiempo\/"},{"@type":"Person","@id":"https:\/\/dudasytextos.com\/cuanto-tiempo\/author\/admin23\/#author","url":"https:\/\/dudasytextos.com\/cuanto-tiempo\/author\/admin23\/","name":"Ana Gonz\u00e1lez"},{"@type":"WebPage","@id":"https:\/\/dudasytextos.com\/cuanto-tiempo\/cuanto-tiempo-lleva-pique-con-clara\/#webpage","url":"https:\/\/dudasytextos.com\/cuanto-tiempo\/cuanto-tiempo-lleva-pique-con-clara\/","name":"Cu\u00e1nto tiempo lleva pique con clara (2026) \u00bfCu\u00e1nto Tiempo?","description":"Cu\u00e1nto tiempo lleva Piqu\u00e9 con Clara Curiosidades sobre la relaci\u00f3n de Piqu\u00e9 con Clara Gerard Piqu\u00e9 y Clara se conocieron en 2010 en el Mundial de Sud\u00e1frica. Comenzaron a salir en 2011. La pareja tiene dos hijos juntos: Milan y Sasha. Piqu\u00e9 y Clara se han mostrado muy unidos en sus redes sociales, compartiendo fotos","inLanguage":"es-ES","isPartOf":{"@id":"https:\/\/dudasytextos.com\/cuanto-tiempo\/#website"},"breadcrumb":{"@id":"https:\/\/dudasytextos.com\/cuanto-tiempo\/cuanto-tiempo-lleva-pique-con-clara\/#breadcrumblist"},"author":{"@id":"https:\/\/dudasytextos.com\/cuanto-tiempo\/author\/admin23\/#author"},"creator":{"@id":"https:\/\/dudasytextos.com\/cuanto-tiempo\/author\/admin23\/#author"},"datePublished":"2025-03-11T01:16:21+00:00","dateModified":"2025-03-13T11:25:59+00:00"},{"@type":"WebSite","@id":"https:\/\/dudasytextos.com\/cuanto-tiempo\/#website","url":"https:\/\/dudasytextos.com\/cuanto-tiempo\/","name":"Recipes","description":"\u00bfCu\u00e1nto Tiempo?","inLanguage":"es-ES","publisher":{"@id":"https:\/\/dudasytextos.com\/cuanto-tiempo\/#organization"}}]},"og:locale":"es_ES","og:site_name":"\u00bfCu\u00e1nto Tiempo? - \u00bfCu\u00e1nto Tiempo?","og:type":"article","og:title":"Cu\u00e1nto tiempo lleva pique con clara (2026) \u00bfCu\u00e1nto Tiempo?","og:description":"Cu\u00e1nto tiempo lleva Piqu\u00e9 con Clara Curiosidades sobre la relaci\u00f3n de Piqu\u00e9 con Clara Gerard Piqu\u00e9 y Clara se conocieron en 2010 en el Mundial de Sud\u00e1frica. Comenzaron a salir en 2011. La pareja tiene dos hijos juntos: Milan y Sasha. Piqu\u00e9 y Clara se han mostrado muy unidos en sus redes sociales, compartiendo fotos","og:url":"https:\/\/dudasytextos.com\/cuanto-tiempo\/cuanto-tiempo-lleva-pique-con-clara\/","article:published_time":"2025-03-11T01:16:21+00:00","article:modified_time":"2025-03-13T11:25:59+00:00","twitter:card":"summary_large_image","twitter:title":"Cu\u00e1nto tiempo lleva pique con clara (2026) \u00bfCu\u00e1nto Tiempo?","twitter:description":"Cu\u00e1nto tiempo lleva Piqu\u00e9 con Clara Curiosidades sobre la relaci\u00f3n de Piqu\u00e9 con Clara Gerard Piqu\u00e9 y Clara se conocieron en 2010 en el Mundial de Sud\u00e1frica. Comenzaron a salir en 2011. La pareja tiene dos hijos juntos: Milan y Sasha. Piqu\u00e9 y Clara se han mostrado muy unidos en sus redes sociales, compartiendo fotos"},"aioseo_meta_data":{"post_id":"97029","title":null,"description":null,"keywords":null,"keyphrases":null,"primary_term":null,"canonical_url":null,"og_title":null,"og_description":null,"og_object_type":"default","og_image_type":"default","og_image_url":null,"og_image_width":null,"og_image_height":null,"og_image_custom_url":null,"og_image_custom_fields":null,"og_video":null,"og_custom_url":null,"og_article_section":null,"og_article_tags":null,"twitter_use_og":false,"twitter_card":"default","twitter_image_type":"default","twitter_image_url":null,"twitter_image_custom_url":null,"twitter_image_custom_fields":null,"twitter_title":null,"twitter_description":null,"schema":{"blockGraphs":[],"customGraphs":[],"default":{"data":{"Article":[],"Course":[],"Dataset":[],"FAQPage":[],"Movie":[],"Person":[],"Product":[],"ProductReview":[],"Car":[],"Recipe":[],"Service":[],"SoftwareApplication":[],"WebPage":[]},"graphName":"","isEnabled":true},"graphs":[]},"schema_type":"default","schema_type_options":null,"pillar_content":false,"robots_default":true,"robots_noindex":false,"robots_noarchive":false,"robots_nosnippet":false,"robots_nofollow":false,"robots_noimageindex":false,"robots_noodp":false,"robots_notranslate":false,"robots_max_snippet":null,"robots_max_videopreview":null,"robots_max_imagepreview":"large","priority":null,"frequency":null,"local_seo":null,"breadcrumb_settings":null,"limit_modified_date":false,"ai":null,"created":"2023-05-03 22:53:19","updated":"2025-06-04 20:24:44","seo_analyzer_scan_date":null,"focus_keyword":null,"additional_keywords":null,"truseo_locale":null},"aioseo_breadcrumb":"<div class=\"aioseo-breadcrumbs\"><span class=\"aioseo-breadcrumb\">\n\t\t\t<a href=\"https:\/\/dudasytextos.com\/cuanto-tiempo\" title=\"Home\">Home<\/a>\n\t\t<\/span><span class=\"aioseo-breadcrumb-separator\">&raquo;<\/span><span class=\"aioseo-breadcrumb\">\n\t\t\t<a href=\"https:\/\/dudasytextos.com\/cuanto-tiempo\/category\/cuanto-tiempo\/\" title=\"\u00bfCu\u00e1nto tiempo?\">\u00bfCu\u00e1nto tiempo?<\/a>\n\t\t<\/span><span class=\"aioseo-breadcrumb-separator\">&raquo;<\/span><span class=\"aioseo-breadcrumb\">\n\t\t\tCu\u00e1nto tiempo lleva pique con clara\n\t\t<\/span><\/div>","aioseo_breadcrumb_json":[{"label":"Home","link":"https:\/\/dudasytextos.com\/cuanto-tiempo"},{"label":"\u00bfCu\u00e1nto tiempo?","link":"https:\/\/dudasytextos.com\/cuanto-tiempo\/category\/cuanto-tiempo\/"},{"label":"Cu\u00e1nto tiempo lleva pique con clara","link":"https:\/\/dudasytextos.com\/cuanto-tiempo\/cuanto-tiempo-lleva-pique-con-clara\/"}],"_links":{"self":[{"href":"https:\/\/dudasytextos.com\/cuanto-tiempo\/wp-json\/wp\/v2\/posts\/97029","targetHints":{"allow":["GET"]}}],"collection":[{"href":"https:\/\/dudasytextos.com\/cuanto-tiempo\/wp-json\/wp\/v2\/posts"}],"about":[{"href":"https:\/\/dudasytextos.com\/cuanto-tiempo\/wp-json\/wp\/v2\/types\/post"}],"author":[{"embeddable":true,"href":"https:\/\/dudasytextos.com\/cuanto-tiempo\/wp-json\/wp\/v2\/users\/1"}],"replies":[{"embeddable":true,"href":"https:\/\/dudasytextos.com\/cuanto-tiempo\/wp-json\/wp\/v2\/comments?post=97029"}],"version-history":[{"count":1,"href":"https:\/\/dudasytextos.com\/cuanto-tiempo\/wp-json\/wp\/v2\/posts\/97029\/revisions"}],"predecessor-version":[{"id":97664,"href":"https:\/\/dudasytextos.com\/cuanto-tiempo\/wp-json\/wp\/v2\/posts\/97029\/revisions\/97664"}],"wp:attachment":[{"href":"https:\/\/dudasytextos.com\/cuanto-tiempo\/wp-json\/wp\/v2\/media?parent=97029"}],"wp:term":[{"taxonomy":"category","embeddable":true,"href":"https:\/\/dudasytextos.com\/cuanto-tiempo\/wp-json\/wp\/v2\/categories?post=97029"},{"taxonomy":"post_tag","embeddable":true,"href":"https:\/\/dudasytextos.com\/cuanto-tiempo\/wp-json\/wp\/v2\/tags?post=97029"}],"curies":[{"name":"wp","href":"https:\/\/api.w.org\/{rel}","templated":true}]}}