{"id":97040,"date":"2025-03-04T03:27:39","date_gmt":"2025-03-04T03:27:39","guid":{"rendered":"https:\/\/educacion.cc\/en\/?p=97040"},"modified":"2025-03-12T18:34:46","modified_gmt":"2025-03-12T18:34:46","slug":"cuanto-tiempo-lleva-sanchez-en-el-gobierno","status":"publish","type":"post","link":"https:\/\/dudasytextos.com\/cuanto-tiempo\/cuanto-tiempo-lleva-sanchez-en-el-gobierno\/","title":{"rendered":"Cu\u00e1nto tiempo lleva sanchez en el gobierno"},"content":{"rendered":"<div id=\"ez-toc-container\" class=\"ez-toc-v2_0_87 counter-hierarchy ez-toc-counter ez-toc-custom ez-toc-container-direction\">\n<div class=\"ez-toc-title-container\">\n<span class=\"ez-toc-title-toggle\"><\/span><\/div>\n<nav><ul class='ez-toc-list ez-toc-list-level-1 ' ><li class='ez-toc-page-1 ez-toc-heading-level-2'><a class=\"ez-toc-link ez-toc-heading-1\" href=\"https:\/\/dudasytextos.com\/cuanto-tiempo\/cuanto-tiempo-lleva-sanchez-en-el-gobierno\/#Cuanto_tiempo_lleva_Sanchez_en_el_gobierno\" >Cu\u00e1nto tiempo lleva S\u00e1nchez en el gobierno<\/a><\/li><li class='ez-toc-page-1 ez-toc-heading-level-2'><a class=\"ez-toc-link ez-toc-heading-2\" href=\"https:\/\/dudasytextos.com\/cuanto-tiempo\/cuanto-tiempo-lleva-sanchez-en-el-gobierno\/#Curiosidades_sobre_el_mandato_de_Pedro_Sanchez\" >Curiosidades sobre el mandato de Pedro S\u00e1nchez<\/a><\/li><li class='ez-toc-page-1 ez-toc-heading-level-2'><a class=\"ez-toc-link ez-toc-heading-3\" href=\"https:\/\/dudasytextos.com\/cuanto-tiempo\/cuanto-tiempo-lleva-sanchez-en-el-gobierno\/#Mi_experiencia_durante_el_mandato_de_Pedro_Sanchez\" >Mi experiencia durante el mandato de Pedro S\u00e1nchez<\/a><\/li><li class='ez-toc-page-1 ez-toc-heading-level-2'><a class=\"ez-toc-link ez-toc-heading-4\" href=\"https:\/\/dudasytextos.com\/cuanto-tiempo\/cuanto-tiempo-lleva-sanchez-en-el-gobierno\/#Opiniones_y_analisis_de_expertos\" >Opiniones y an\u00e1lisis de expertos<\/a><\/li><li class='ez-toc-page-1 ez-toc-heading-level-2'><a class=\"ez-toc-link ez-toc-heading-5\" href=\"https:\/\/dudasytextos.com\/cuanto-tiempo\/cuanto-tiempo-lleva-sanchez-en-el-gobierno\/#Preguntas_frecuentes_sobre_el_mandato_de_Pedro_Sanchez\" >Preguntas frecuentes sobre el mandato de Pedro S\u00e1nchez<\/a><ul class='ez-toc-list-level-3' ><li class='ez-toc-heading-level-3'><a class=\"ez-toc-link ez-toc-heading-6\" href=\"https:\/\/dudasytextos.com\/cuanto-tiempo\/cuanto-tiempo-lleva-sanchez-en-el-gobierno\/#%C2%BFCuanto_tiempo_lleva_Pedro_Sanchez_en_el_gobierno\" >\u00bfCu\u00e1nto tiempo lleva Pedro S\u00e1nchez en el gobierno?<\/a><\/li><li class='ez-toc-page-1 ez-toc-heading-level-3'><a class=\"ez-toc-link ez-toc-heading-7\" href=\"https:\/\/dudasytextos.com\/cuanto-tiempo\/cuanto-tiempo-lleva-sanchez-en-el-gobierno\/#%C2%BFQue_medidas_ha_tomado_el_gobierno_de_Pedro_Sanchez\" >\u00bfQu\u00e9 medidas ha tomado el gobierno de Pedro S\u00e1nchez?<\/a><\/li><li class='ez-toc-page-1 ez-toc-heading-level-3'><a class=\"ez-toc-link ez-toc-heading-8\" href=\"https:\/\/dudasytextos.com\/cuanto-tiempo\/cuanto-tiempo-lleva-sanchez-en-el-gobierno\/#%C2%BFComo_ha_afectado_la_pandemia_de_COVID-19_al_mandato_de_Pedro_Sanchez\" >\u00bfC\u00f3mo ha afectado la pandemia de COVID-19 al mandato de Pedro S\u00e1nchez?<\/a><\/li><\/ul><\/li><\/ul><\/nav><\/div>\n<h2><span class=\"ez-toc-section\" id=\"Cuanto_tiempo_lleva_Sanchez_en_el_gobierno\"><\/span>Cu\u00e1nto tiempo lleva S\u00e1nchez en el gobierno<span class=\"ez-toc-section-end\"><\/span><\/h2>\n<p>Por Ana Gonz\u00e1lez<\/p>\n<section>\n<h2><span class=\"ez-toc-section\" id=\"Curiosidades_sobre_el_mandato_de_Pedro_Sanchez\"><\/span>Curiosidades sobre el mandato de Pedro S\u00e1nchez<span class=\"ez-toc-section-end\"><\/span><\/h2>\n<ul>\n<li>Pedro S\u00e1nchez es el primer presidente del gobierno que ha llegado al poder sin ganar unas elecciones<\/li>\n<li>El gobierno de S\u00e1nchez es el m\u00e1s numeroso de la historia de Espa\u00f1a, con 23 ministros y ministras<\/li>\n<li>El PSOE de S\u00e1nchez gobierna en coalici\u00f3n con Unidas Podemos<\/li>\n<li>El mandato de S\u00e1nchez ha estado marcado por la pandemia de COVID-19 y la crisis econ\u00f3mica que ha generado<\/li>\n<\/ul>\n<\/section>\n<section>\n<h2><span class=\"ez-toc-section\" id=\"Mi_experiencia_durante_el_mandato_de_Pedro_Sanchez\"><\/span>Mi experiencia durante el mandato de Pedro S\u00e1nchez<span class=\"ez-toc-section-end\"><\/span><\/h2>\n<p>Hice muchas cosas durante el mandato de Pedro S\u00e1nchez, desde terminar mis estudios universitarios hasta conseguir mi primer trabajo. Tambi\u00e9n he notado algunos cambios en mi d\u00eda a d\u00eda, como por ejemplo:<\/p>\n<ul>\n<li>La subida del salario m\u00ednimo interprofesional<\/li>\n<li>El aumento del presupuesto para la sanidad p\u00fablica<\/li>\n<li>La creaci\u00f3n de la figura del relator en las negociaciones con Catalu\u00f1a<\/li>\n<\/ul>\n<p>Estas medidas me han beneficiado directamente y me han permitido mejorar mi calidad de <a href=\"https:\/\/dudasytextos.com\/cuanto-tiempo\/cuanto-tiempo-de-vida-le-queda-a-mrbeast\/\">vida<\/a>. Por eso, creo que el gobierno de S\u00e1nchez ha tomado decisiones acertadas en algunos aspectos.<\/p>\n<\/section>\n<section>\n<h2><span class=\"ez-toc-section\" id=\"Opiniones_y_analisis_de_expertos\"><\/span>Opiniones y an\u00e1lisis de expertos<span class=\"ez-toc-section-end\"><\/span><\/h2>\n<p>Para analizar el mandato de Pedro S\u00e1nchez, hemos consultado a varios expertos en pol\u00edtica. Estas son algunas de sus opiniones:<\/p>\n<ul>\n<li>El gobierno de S\u00e1nchez ha sido uno de los m\u00e1s complejos de la democracia espa\u00f1ola, con una pandemia que ha cambiado todas las prioridades &#8211; Analista pol\u00edtico Juan Carlos Monedero<\/li>\n<li>S\u00e1nchez ha sido capaz de liderar un gobierno de coalici\u00f3n con acuerdos puntuales y una alta dosis de di\u00e1logo &#8211; Polit\u00f3logo Pablo Sim\u00f3n<\/li>\n<li>El gobierno de S\u00e1nchez ha perdido la oportunidad de abordar reformas estructurales que Espa\u00f1a necesita &#8211; Economista Luis Garicano<\/li>\n<\/ul>\n<\/section>\n<section>\n<h2><span class=\"ez-toc-section\" id=\"Preguntas_frecuentes_sobre_el_mandato_de_Pedro_Sanchez\"><\/span>Preguntas frecuentes sobre el mandato de Pedro S\u00e1nchez<span class=\"ez-toc-section-end\"><\/span><\/h2>\n<h3><span class=\"ez-toc-section\" id=\"%C2%BFCuanto_tiempo_lleva_Pedro_Sanchez_en_el_gobierno\"><\/span>\u00bfCu\u00e1nto tiempo lleva Pedro S\u00e1nchez en el gobierno?<span class=\"ez-toc-section-end\"><\/span><\/h3>\n<p>Pedro S\u00e1nchez lleg\u00f3 al gobierno el 1 de junio de 2018, tras prosperar una moci\u00f3n de censura contra el anterior presidente, Mariano Rajoy.<\/p>\n<h3><span class=\"ez-toc-section\" id=\"%C2%BFQue_medidas_ha_tomado_el_gobierno_de_Pedro_Sanchez\"><\/span>\u00bfQu\u00e9 medidas ha tomado el gobierno de Pedro S\u00e1nchez?<span class=\"ez-toc-section-end\"><\/span><\/h3>\n<p>El gobierno de Pedro S\u00e1nchez ha tomado una gran cantidad de medidas en diferentes \u00e1reas, como la subida del salario m\u00ednimo interprofesional, la aprobaci\u00f3n de la Ley de Eutanasia, la derogaci\u00f3n de la reforma laboral de 2012, entre otras.<\/p>\n<h3><span class=\"ez-toc-section\" id=\"%C2%BFComo_ha_afectado_la_pandemia_de_COVID-19_al_mandato_de_Pedro_Sanchez\"><\/span>\u00bfC\u00f3mo ha afectado la pandemia de COVID-19 al mandato de Pedro S\u00e1nchez?<span class=\"ez-toc-section-end\"><\/span><\/h3>\n<p>La pandemia de COVID-19 ha sido uno de los mayores retos del mandato de Pedro S\u00e1nchez. El gobierno ha tenido que tomar medidas dr\u00e1sticas para contener la propagaci\u00f3n del virus y ha aprobado diferentes paquetes de ayudas econ\u00f3micas para mitigar los efectos de la crisis.<\/p>\n<\/section>\n<footer>\n<p>Copyright \u00a9 Ana Gonz\u00e1lez<\/p>\n<\/footer>\n","protected":false},"excerpt":{"rendered":"<p>Cu\u00e1nto tiempo lleva S\u00e1nchez en el gobierno Por Ana Gonz\u00e1lez Curiosidades sobre el mandato de Pedro S\u00e1nchez Pedro S\u00e1nchez es el primer presidente del gobierno que ha llegado al poder sin ganar unas elecciones El gobierno de S\u00e1nchez es el m\u00e1s numeroso de la historia de Espa\u00f1a, con 23 ministros y ministras El PSOE de &#8230; <a title=\"Cu\u00e1nto tiempo lleva sanchez en el gobierno\" class=\"read-more\" href=\"https:\/\/dudasytextos.com\/cuanto-tiempo\/cuanto-tiempo-lleva-sanchez-en-el-gobierno\/\" aria-label=\"M\u00e1s en Cu\u00e1nto tiempo lleva sanchez en el gobierno\">Leer m\u00e1s<\/a><\/p>\n","protected":false},"author":1,"featured_media":0,"comment_status":"open","ping_status":"open","sticky":false,"template":"","format":"standard","meta":{"footnotes":""},"categories":[3],"tags":[],"class_list":["post-97040","post","type-post","status-publish","format-standard","hentry","category-cuanto-tiempo"],"aioseo_notices":[],"aioseo_head":"\n\t\t<!-- All in One SEO 5.0.1.1 - aioseo.com -->\n\t<meta name=\"description\" content=\"Cu\u00e1nto tiempo lleva S\u00e1nchez en el gobierno Por Ana Gonz\u00e1lez Curiosidades sobre el mandato de Pedro S\u00e1nchez Pedro S\u00e1nchez es el primer presidente del gobierno que ha llegado al poder sin ganar unas elecciones El gobierno de S\u00e1nchez es el m\u00e1s numeroso de la historia de Espa\u00f1a, con 23 ministros y ministras El PSOE de\" \/>\n\t<meta name=\"robots\" content=\"max-snippet:-1, max-image-preview:large, max-video-preview:-1\" \/>\n\t<meta name=\"author\" content=\"Ana Gonz\u00e1lez\"\/>\n\t<link rel=\"canonical\" href=\"https:\/\/dudasytextos.com\/cuanto-tiempo\/cuanto-tiempo-lleva-sanchez-en-el-gobierno\/\" \/>\n\t<meta name=\"generator\" content=\"All in One SEO (AIOSEO) 5.0.1.1\" \/>\n\n\t\t<!-- Google tag (gtag.js) -->\n<script async src=\"https:\/\/www.googletagmanager.com\/gtag\/js?id=G-YPSGVRV7JJ\"><\/script>\n<script>\n  window.dataLayer = window.dataLayer || [];\n  function gtag(){dataLayer.push(arguments);}\n  gtag('js', new Date());\n\n  gtag('config', 'G-YPSGVRV7JJ');\n<\/script>\n<script async src=\"https:\/\/pagead2.googlesyndication.com\/pagead\/js\/adsbygoogle.js?client=ca-pub-3987500858204711\"\n     crossorigin=\"anonymous\"><\/script>\n\t\t<meta property=\"og:locale\" content=\"es_ES\" \/>\n\t\t<meta property=\"og:site_name\" content=\"\u00bfCu\u00e1nto Tiempo? - \u00bfCu\u00e1nto Tiempo?\" \/>\n\t\t<meta property=\"og:type\" content=\"article\" \/>\n\t\t<meta property=\"og:title\" content=\"Cu\u00e1nto tiempo lleva sanchez en el gobierno (2026) \u00bfCu\u00e1nto Tiempo?\" \/>\n\t\t<meta property=\"og:description\" content=\"Cu\u00e1nto tiempo lleva S\u00e1nchez en el gobierno Por Ana Gonz\u00e1lez Curiosidades sobre el mandato de Pedro S\u00e1nchez Pedro S\u00e1nchez es el primer presidente del gobierno que ha llegado al poder sin ganar unas elecciones El gobierno de S\u00e1nchez es el m\u00e1s numeroso de la historia de Espa\u00f1a, con 23 ministros y ministras El PSOE de\" \/>\n\t\t<meta property=\"og:url\" content=\"https:\/\/dudasytextos.com\/cuanto-tiempo\/cuanto-tiempo-lleva-sanchez-en-el-gobierno\/\" \/>\n\t\t<meta property=\"article:published_time\" content=\"2025-03-04T03:27:39+00:00\" \/>\n\t\t<meta property=\"article:modified_time\" content=\"2025-03-12T18:34:46+00:00\" \/>\n\t\t<meta name=\"twitter:card\" content=\"summary_large_image\" \/>\n\t\t<meta name=\"twitter:title\" content=\"Cu\u00e1nto tiempo lleva sanchez en el gobierno (2026) \u00bfCu\u00e1nto Tiempo?\" \/>\n\t\t<meta name=\"twitter:description\" content=\"Cu\u00e1nto tiempo lleva S\u00e1nchez en el gobierno Por Ana Gonz\u00e1lez Curiosidades sobre el mandato de Pedro S\u00e1nchez Pedro S\u00e1nchez es el primer presidente del gobierno que ha llegado al poder sin ganar unas elecciones El gobierno de S\u00e1nchez es el m\u00e1s numeroso de la historia de Espa\u00f1a, con 23 ministros y ministras El PSOE de\" \/>\n\t\t<script type=\"application\/ld+json\" class=\"aioseo-schema\">\n\t\t\t{\"@context\":\"https:\\\/\\\/schema.org\",\"@graph\":[{\"@type\":\"BlogPosting\",\"@id\":\"https:\\\/\\\/dudasytextos.com\\\/cuanto-tiempo\\\/cuanto-tiempo-lleva-sanchez-en-el-gobierno\\\/#blogposting\",\"name\":\"Cu\\u00e1nto tiempo lleva sanchez en el gobierno (2026) \\u00bfCu\\u00e1nto Tiempo?\",\"headline\":\"Cu\\u00e1nto tiempo lleva sanchez en el gobierno\",\"author\":{\"@id\":\"https:\\\/\\\/dudasytextos.com\\\/cuanto-tiempo\\\/author\\\/admin23\\\/#author\"},\"publisher\":{\"@id\":\"https:\\\/\\\/dudasytextos.com\\\/cuanto-tiempo\\\/#organization\"},\"datePublished\":\"2025-03-04T03:27:39+00:00\",\"dateModified\":\"2025-03-12T18:34:46+00:00\",\"inLanguage\":\"es-ES\",\"mainEntityOfPage\":{\"@id\":\"https:\\\/\\\/dudasytextos.com\\\/cuanto-tiempo\\\/cuanto-tiempo-lleva-sanchez-en-el-gobierno\\\/#webpage\"},\"isPartOf\":{\"@id\":\"https:\\\/\\\/dudasytextos.com\\\/cuanto-tiempo\\\/cuanto-tiempo-lleva-sanchez-en-el-gobierno\\\/#webpage\"},\"articleSection\":\"\\u00bfCu\\u00e1nto tiempo?\"},{\"@type\":\"BreadcrumbList\",\"@id\":\"https:\\\/\\\/dudasytextos.com\\\/cuanto-tiempo\\\/cuanto-tiempo-lleva-sanchez-en-el-gobierno\\\/#breadcrumblist\",\"itemListElement\":[{\"@type\":\"ListItem\",\"@id\":\"https:\\\/\\\/dudasytextos.com\\\/cuanto-tiempo#listItem\",\"position\":1,\"name\":\"Home\",\"item\":\"https:\\\/\\\/dudasytextos.com\\\/cuanto-tiempo\",\"nextItem\":{\"@type\":\"ListItem\",\"@id\":\"https:\\\/\\\/dudasytextos.com\\\/cuanto-tiempo\\\/category\\\/cuanto-tiempo\\\/#listItem\",\"name\":\"\\u00bfCu\\u00e1nto tiempo?\"}},{\"@type\":\"ListItem\",\"@id\":\"https:\\\/\\\/dudasytextos.com\\\/cuanto-tiempo\\\/category\\\/cuanto-tiempo\\\/#listItem\",\"position\":2,\"name\":\"\\u00bfCu\\u00e1nto tiempo?\",\"item\":\"https:\\\/\\\/dudasytextos.com\\\/cuanto-tiempo\\\/category\\\/cuanto-tiempo\\\/\",\"nextItem\":{\"@type\":\"ListItem\",\"@id\":\"https:\\\/\\\/dudasytextos.com\\\/cuanto-tiempo\\\/cuanto-tiempo-lleva-sanchez-en-el-gobierno\\\/#listItem\",\"name\":\"Cu\\u00e1nto tiempo lleva sanchez en el gobierno\"},\"previousItem\":{\"@type\":\"ListItem\",\"@id\":\"https:\\\/\\\/dudasytextos.com\\\/cuanto-tiempo#listItem\",\"name\":\"Home\"}},{\"@type\":\"ListItem\",\"@id\":\"https:\\\/\\\/dudasytextos.com\\\/cuanto-tiempo\\\/cuanto-tiempo-lleva-sanchez-en-el-gobierno\\\/#listItem\",\"position\":3,\"name\":\"Cu\\u00e1nto tiempo lleva sanchez en el gobierno\",\"previousItem\":{\"@type\":\"ListItem\",\"@id\":\"https:\\\/\\\/dudasytextos.com\\\/cuanto-tiempo\\\/category\\\/cuanto-tiempo\\\/#listItem\",\"name\":\"\\u00bfCu\\u00e1nto tiempo?\"}}]},{\"@type\":\"Organization\",\"@id\":\"https:\\\/\\\/dudasytextos.com\\\/cuanto-tiempo\\\/#organization\",\"name\":\"Recipes\",\"description\":\"\\u00bfCu\\u00e1nto Tiempo?\",\"url\":\"https:\\\/\\\/dudasytextos.com\\\/cuanto-tiempo\\\/\"},{\"@type\":\"Person\",\"@id\":\"https:\\\/\\\/dudasytextos.com\\\/cuanto-tiempo\\\/author\\\/admin23\\\/#author\",\"url\":\"https:\\\/\\\/dudasytextos.com\\\/cuanto-tiempo\\\/author\\\/admin23\\\/\",\"name\":\"Ana Gonz\\u00e1lez\"},{\"@type\":\"WebPage\",\"@id\":\"https:\\\/\\\/dudasytextos.com\\\/cuanto-tiempo\\\/cuanto-tiempo-lleva-sanchez-en-el-gobierno\\\/#webpage\",\"url\":\"https:\\\/\\\/dudasytextos.com\\\/cuanto-tiempo\\\/cuanto-tiempo-lleva-sanchez-en-el-gobierno\\\/\",\"name\":\"Cu\\u00e1nto tiempo lleva sanchez en el gobierno (2026) \\u00bfCu\\u00e1nto Tiempo?\",\"description\":\"Cu\\u00e1nto tiempo lleva S\\u00e1nchez en el gobierno Por Ana Gonz\\u00e1lez Curiosidades sobre el mandato de Pedro S\\u00e1nchez Pedro S\\u00e1nchez es el primer presidente del gobierno que ha llegado al poder sin ganar unas elecciones El gobierno de S\\u00e1nchez es el m\\u00e1s numeroso de la historia de Espa\\u00f1a, con 23 ministros y ministras El PSOE de\",\"inLanguage\":\"es-ES\",\"isPartOf\":{\"@id\":\"https:\\\/\\\/dudasytextos.com\\\/cuanto-tiempo\\\/#website\"},\"breadcrumb\":{\"@id\":\"https:\\\/\\\/dudasytextos.com\\\/cuanto-tiempo\\\/cuanto-tiempo-lleva-sanchez-en-el-gobierno\\\/#breadcrumblist\"},\"author\":{\"@id\":\"https:\\\/\\\/dudasytextos.com\\\/cuanto-tiempo\\\/author\\\/admin23\\\/#author\"},\"creator\":{\"@id\":\"https:\\\/\\\/dudasytextos.com\\\/cuanto-tiempo\\\/author\\\/admin23\\\/#author\"},\"datePublished\":\"2025-03-04T03:27:39+00:00\",\"dateModified\":\"2025-03-12T18:34:46+00:00\"},{\"@type\":\"WebSite\",\"@id\":\"https:\\\/\\\/dudasytextos.com\\\/cuanto-tiempo\\\/#website\",\"url\":\"https:\\\/\\\/dudasytextos.com\\\/cuanto-tiempo\\\/\",\"name\":\"Recipes\",\"description\":\"\\u00bfCu\\u00e1nto Tiempo?\",\"inLanguage\":\"es-ES\",\"publisher\":{\"@id\":\"https:\\\/\\\/dudasytextos.com\\\/cuanto-tiempo\\\/#organization\"}}]}\n\t\t<\/script>\n\t\t<!-- All in One SEO -->\n\n","aioseo_head_json":{"title":"Cu\u00e1nto tiempo lleva sanchez en el gobierno (2026) \u00bfCu\u00e1nto Tiempo?","description":"Cu\u00e1nto tiempo lleva S\u00e1nchez en el gobierno Por Ana Gonz\u00e1lez Curiosidades sobre el mandato de Pedro S\u00e1nchez Pedro S\u00e1nchez es el primer presidente del gobierno que ha llegado al poder sin ganar unas elecciones El gobierno de S\u00e1nchez es el m\u00e1s numeroso de la historia de Espa\u00f1a, con 23 ministros y ministras El PSOE de","canonical_url":"https:\/\/dudasytextos.com\/cuanto-tiempo\/cuanto-tiempo-lleva-sanchez-en-el-gobierno\/","robots":"max-snippet:-1, max-image-preview:large, max-video-preview:-1","keywords":"","webmasterTools":{"miscellaneous":"&lt;!-- Google tag (gtag.js) --&gt;\n&lt;script async src=\"https:\/\/www.googletagmanager.com\/gtag\/js?id=G-YPSGVRV7JJ\"&gt;&lt;\/script&gt;\n&lt;script&gt;\n  window.dataLayer = window.dataLayer || [];\n  function gtag(){dataLayer.push(arguments);}\n  gtag('js', new Date());\n\n  gtag('config', 'G-YPSGVRV7JJ');\n&lt;\/script&gt;\n&lt;script async src=\"https:\/\/pagead2.googlesyndication.com\/pagead\/js\/adsbygoogle.js?client=ca-pub-3987500858204711\"\n     crossorigin=\"anonymous\"&gt;&lt;\/script&gt;"},"schema":{"@context":"https:\/\/schema.org","@graph":[{"@type":"BlogPosting","@id":"https:\/\/dudasytextos.com\/cuanto-tiempo\/cuanto-tiempo-lleva-sanchez-en-el-gobierno\/#blogposting","name":"Cu\u00e1nto tiempo lleva sanchez en el gobierno (2026) \u00bfCu\u00e1nto Tiempo?","headline":"Cu\u00e1nto tiempo lleva sanchez en el gobierno","author":{"@id":"https:\/\/dudasytextos.com\/cuanto-tiempo\/author\/admin23\/#author"},"publisher":{"@id":"https:\/\/dudasytextos.com\/cuanto-tiempo\/#organization"},"datePublished":"2025-03-04T03:27:39+00:00","dateModified":"2025-03-12T18:34:46+00:00","inLanguage":"es-ES","mainEntityOfPage":{"@id":"https:\/\/dudasytextos.com\/cuanto-tiempo\/cuanto-tiempo-lleva-sanchez-en-el-gobierno\/#webpage"},"isPartOf":{"@id":"https:\/\/dudasytextos.com\/cuanto-tiempo\/cuanto-tiempo-lleva-sanchez-en-el-gobierno\/#webpage"},"articleSection":"\u00bfCu\u00e1nto tiempo?"},{"@type":"BreadcrumbList","@id":"https:\/\/dudasytextos.com\/cuanto-tiempo\/cuanto-tiempo-lleva-sanchez-en-el-gobierno\/#breadcrumblist","itemListElement":[{"@type":"ListItem","@id":"https:\/\/dudasytextos.com\/cuanto-tiempo#listItem","position":1,"name":"Home","item":"https:\/\/dudasytextos.com\/cuanto-tiempo","nextItem":{"@type":"ListItem","@id":"https:\/\/dudasytextos.com\/cuanto-tiempo\/category\/cuanto-tiempo\/#listItem","name":"\u00bfCu\u00e1nto tiempo?"}},{"@type":"ListItem","@id":"https:\/\/dudasytextos.com\/cuanto-tiempo\/category\/cuanto-tiempo\/#listItem","position":2,"name":"\u00bfCu\u00e1nto tiempo?","item":"https:\/\/dudasytextos.com\/cuanto-tiempo\/category\/cuanto-tiempo\/","nextItem":{"@type":"ListItem","@id":"https:\/\/dudasytextos.com\/cuanto-tiempo\/cuanto-tiempo-lleva-sanchez-en-el-gobierno\/#listItem","name":"Cu\u00e1nto tiempo lleva sanchez en el gobierno"},"previousItem":{"@type":"ListItem","@id":"https:\/\/dudasytextos.com\/cuanto-tiempo#listItem","name":"Home"}},{"@type":"ListItem","@id":"https:\/\/dudasytextos.com\/cuanto-tiempo\/cuanto-tiempo-lleva-sanchez-en-el-gobierno\/#listItem","position":3,"name":"Cu\u00e1nto tiempo lleva sanchez en el gobierno","previousItem":{"@type":"ListItem","@id":"https:\/\/dudasytextos.com\/cuanto-tiempo\/category\/cuanto-tiempo\/#listItem","name":"\u00bfCu\u00e1nto tiempo?"}}]},{"@type":"Organization","@id":"https:\/\/dudasytextos.com\/cuanto-tiempo\/#organization","name":"Recipes","description":"\u00bfCu\u00e1nto Tiempo?","url":"https:\/\/dudasytextos.com\/cuanto-tiempo\/"},{"@type":"Person","@id":"https:\/\/dudasytextos.com\/cuanto-tiempo\/author\/admin23\/#author","url":"https:\/\/dudasytextos.com\/cuanto-tiempo\/author\/admin23\/","name":"Ana Gonz\u00e1lez"},{"@type":"WebPage","@id":"https:\/\/dudasytextos.com\/cuanto-tiempo\/cuanto-tiempo-lleva-sanchez-en-el-gobierno\/#webpage","url":"https:\/\/dudasytextos.com\/cuanto-tiempo\/cuanto-tiempo-lleva-sanchez-en-el-gobierno\/","name":"Cu\u00e1nto tiempo lleva sanchez en el gobierno (2026) \u00bfCu\u00e1nto Tiempo?","description":"Cu\u00e1nto tiempo lleva S\u00e1nchez en el gobierno Por Ana Gonz\u00e1lez Curiosidades sobre el mandato de Pedro S\u00e1nchez Pedro S\u00e1nchez es el primer presidente del gobierno que ha llegado al poder sin ganar unas elecciones El gobierno de S\u00e1nchez es el m\u00e1s numeroso de la historia de Espa\u00f1a, con 23 ministros y ministras El PSOE de","inLanguage":"es-ES","isPartOf":{"@id":"https:\/\/dudasytextos.com\/cuanto-tiempo\/#website"},"breadcrumb":{"@id":"https:\/\/dudasytextos.com\/cuanto-tiempo\/cuanto-tiempo-lleva-sanchez-en-el-gobierno\/#breadcrumblist"},"author":{"@id":"https:\/\/dudasytextos.com\/cuanto-tiempo\/author\/admin23\/#author"},"creator":{"@id":"https:\/\/dudasytextos.com\/cuanto-tiempo\/author\/admin23\/#author"},"datePublished":"2025-03-04T03:27:39+00:00","dateModified":"2025-03-12T18:34:46+00:00"},{"@type":"WebSite","@id":"https:\/\/dudasytextos.com\/cuanto-tiempo\/#website","url":"https:\/\/dudasytextos.com\/cuanto-tiempo\/","name":"Recipes","description":"\u00bfCu\u00e1nto Tiempo?","inLanguage":"es-ES","publisher":{"@id":"https:\/\/dudasytextos.com\/cuanto-tiempo\/#organization"}}]},"og:locale":"es_ES","og:site_name":"\u00bfCu\u00e1nto Tiempo? - \u00bfCu\u00e1nto Tiempo?","og:type":"article","og:title":"Cu\u00e1nto tiempo lleva sanchez en el gobierno (2026) \u00bfCu\u00e1nto Tiempo?","og:description":"Cu\u00e1nto tiempo lleva S\u00e1nchez en el gobierno Por Ana Gonz\u00e1lez Curiosidades sobre el mandato de Pedro S\u00e1nchez Pedro S\u00e1nchez es el primer presidente del gobierno que ha llegado al poder sin ganar unas elecciones El gobierno de S\u00e1nchez es el m\u00e1s numeroso de la historia de Espa\u00f1a, con 23 ministros y ministras El PSOE de","og:url":"https:\/\/dudasytextos.com\/cuanto-tiempo\/cuanto-tiempo-lleva-sanchez-en-el-gobierno\/","article:published_time":"2025-03-04T03:27:39+00:00","article:modified_time":"2025-03-12T18:34:46+00:00","twitter:card":"summary_large_image","twitter:title":"Cu\u00e1nto tiempo lleva sanchez en el gobierno (2026) \u00bfCu\u00e1nto Tiempo?","twitter:description":"Cu\u00e1nto tiempo lleva S\u00e1nchez en el gobierno Por Ana Gonz\u00e1lez Curiosidades sobre el mandato de Pedro S\u00e1nchez Pedro S\u00e1nchez es el primer presidente del gobierno que ha llegado al poder sin ganar unas elecciones El gobierno de S\u00e1nchez es el m\u00e1s numeroso de la historia de Espa\u00f1a, con 23 ministros y ministras El PSOE de"},"aioseo_meta_data":{"post_id":"97040","title":null,"description":null,"keywords":null,"keyphrases":null,"primary_term":null,"canonical_url":null,"og_title":null,"og_description":null,"og_object_type":"default","og_image_type":"default","og_image_url":null,"og_image_width":null,"og_image_height":null,"og_image_custom_url":null,"og_image_custom_fields":null,"og_video":null,"og_custom_url":null,"og_article_section":null,"og_article_tags":null,"twitter_use_og":false,"twitter_card":"default","twitter_image_type":"default","twitter_image_url":null,"twitter_image_custom_url":null,"twitter_image_custom_fields":null,"twitter_title":null,"twitter_description":null,"schema":{"blockGraphs":[],"customGraphs":[],"default":{"data":{"Article":[],"Course":[],"Dataset":[],"FAQPage":[],"Movie":[],"Person":[],"Product":[],"ProductReview":[],"Car":[],"Recipe":[],"Service":[],"SoftwareApplication":[],"WebPage":[]},"graphName":"","isEnabled":true},"graphs":[]},"schema_type":"default","schema_type_options":null,"pillar_content":false,"robots_default":true,"robots_noindex":false,"robots_noarchive":false,"robots_nosnippet":false,"robots_nofollow":false,"robots_noimageindex":false,"robots_noodp":false,"robots_notranslate":false,"robots_max_snippet":null,"robots_max_videopreview":null,"robots_max_imagepreview":"large","priority":null,"frequency":null,"local_seo":null,"breadcrumb_settings":null,"limit_modified_date":false,"ai":null,"created":"2023-05-03 22:49:18","updated":"2025-06-04 14:32:00","seo_analyzer_scan_date":null,"focus_keyword":null,"additional_keywords":null,"truseo_locale":null},"aioseo_breadcrumb":"<div class=\"aioseo-breadcrumbs\"><span class=\"aioseo-breadcrumb\">\n\t\t\t<a href=\"https:\/\/dudasytextos.com\/cuanto-tiempo\" title=\"Home\">Home<\/a>\n\t\t<\/span><span class=\"aioseo-breadcrumb-separator\">&raquo;<\/span><span class=\"aioseo-breadcrumb\">\n\t\t\t<a href=\"https:\/\/dudasytextos.com\/cuanto-tiempo\/category\/cuanto-tiempo\/\" title=\"\u00bfCu\u00e1nto tiempo?\">\u00bfCu\u00e1nto tiempo?<\/a>\n\t\t<\/span><span class=\"aioseo-breadcrumb-separator\">&raquo;<\/span><span class=\"aioseo-breadcrumb\">\n\t\t\tCu\u00e1nto tiempo lleva sanchez en el gobierno\n\t\t<\/span><\/div>","aioseo_breadcrumb_json":[{"label":"Home","link":"https:\/\/dudasytextos.com\/cuanto-tiempo"},{"label":"\u00bfCu\u00e1nto tiempo?","link":"https:\/\/dudasytextos.com\/cuanto-tiempo\/category\/cuanto-tiempo\/"},{"label":"Cu\u00e1nto tiempo lleva sanchez en el gobierno","link":"https:\/\/dudasytextos.com\/cuanto-tiempo\/cuanto-tiempo-lleva-sanchez-en-el-gobierno\/"}],"_links":{"self":[{"href":"https:\/\/dudasytextos.com\/cuanto-tiempo\/wp-json\/wp\/v2\/posts\/97040","targetHints":{"allow":["GET"]}}],"collection":[{"href":"https:\/\/dudasytextos.com\/cuanto-tiempo\/wp-json\/wp\/v2\/posts"}],"about":[{"href":"https:\/\/dudasytextos.com\/cuanto-tiempo\/wp-json\/wp\/v2\/types\/post"}],"author":[{"embeddable":true,"href":"https:\/\/dudasytextos.com\/cuanto-tiempo\/wp-json\/wp\/v2\/users\/1"}],"replies":[{"embeddable":true,"href":"https:\/\/dudasytextos.com\/cuanto-tiempo\/wp-json\/wp\/v2\/comments?post=97040"}],"version-history":[{"count":1,"href":"https:\/\/dudasytextos.com\/cuanto-tiempo\/wp-json\/wp\/v2\/posts\/97040\/revisions"}],"predecessor-version":[{"id":97653,"href":"https:\/\/dudasytextos.com\/cuanto-tiempo\/wp-json\/wp\/v2\/posts\/97040\/revisions\/97653"}],"wp:attachment":[{"href":"https:\/\/dudasytextos.com\/cuanto-tiempo\/wp-json\/wp\/v2\/media?parent=97040"}],"wp:term":[{"taxonomy":"category","embeddable":true,"href":"https:\/\/dudasytextos.com\/cuanto-tiempo\/wp-json\/wp\/v2\/categories?post=97040"},{"taxonomy":"post_tag","embeddable":true,"href":"https:\/\/dudasytextos.com\/cuanto-tiempo\/wp-json\/wp\/v2\/tags?post=97040"}],"curies":[{"name":"wp","href":"https:\/\/api.w.org\/{rel}","templated":true}]}}