{"id":97230,"date":"2025-03-03T14:20:34","date_gmt":"2025-03-03T14:20:34","guid":{"rendered":"https:\/\/educacion.cc\/en\/?p=97230"},"modified":"2025-03-13T01:37:02","modified_gmt":"2025-03-13T01:37:02","slug":"cuanto-tiempo-puede-durar-una-baja-laboral","status":"publish","type":"post","link":"https:\/\/dudasytextos.com\/cuanto-tiempo\/cuanto-tiempo-puede-durar-una-baja-laboral\/","title":{"rendered":"Cu\u00e1nto tiempo puede durar una baja laboral"},"content":{"rendered":"<div id=\"ez-toc-container\" class=\"ez-toc-v2_0_87 counter-hierarchy ez-toc-counter ez-toc-custom ez-toc-container-direction\">\n<div class=\"ez-toc-title-container\">\n<span class=\"ez-toc-title-toggle\"><\/span><\/div>\n<nav><ul class='ez-toc-list ez-toc-list-level-1 ' ><li class='ez-toc-page-1 ez-toc-heading-level-2'><a class=\"ez-toc-link ez-toc-heading-1\" href=\"https:\/\/dudasytextos.com\/cuanto-tiempo\/cuanto-tiempo-puede-durar-una-baja-laboral\/#Cuanto_tiempo_puede_durar_una_baja_laboral\" >Cu\u00e1nto tiempo puede durar una baja laboral<\/a><\/li><li class='ez-toc-page-1 ez-toc-heading-level-2'><a class=\"ez-toc-link ez-toc-heading-2\" href=\"https:\/\/dudasytextos.com\/cuanto-tiempo\/cuanto-tiempo-puede-durar-una-baja-laboral\/#Curiosidades_y_estadisticas\" >Curiosidades y estad\u00edsticas<\/a><\/li><li class='ez-toc-page-1 ez-toc-heading-level-2'><a class=\"ez-toc-link ez-toc-heading-3\" href=\"https:\/\/dudasytextos.com\/cuanto-tiempo\/cuanto-tiempo-puede-durar-una-baja-laboral\/#Mi_experiencia_personal\" >Mi experiencia personal<\/a><\/li><li class='ez-toc-page-1 ez-toc-heading-level-2'><a class=\"ez-toc-link ez-toc-heading-4\" href=\"https:\/\/dudasytextos.com\/cuanto-tiempo\/cuanto-tiempo-puede-durar-una-baja-laboral\/#%C2%BFCuanto_tiempo_puede_durar_una_baja_laboral\" >\u00bfCu\u00e1nto tiempo puede durar una baja laboral?<\/a><\/li><li class='ez-toc-page-1 ez-toc-heading-level-2'><a class=\"ez-toc-link ez-toc-heading-5\" href=\"https:\/\/dudasytextos.com\/cuanto-tiempo\/cuanto-tiempo-puede-durar-una-baja-laboral\/#%C2%BFQue_hacer_durante_una_baja_laboral\" >\u00bfQu\u00e9 hacer durante una baja laboral?<\/a><\/li><li class='ez-toc-page-1 ez-toc-heading-level-2'><a class=\"ez-toc-link ez-toc-heading-6\" href=\"https:\/\/dudasytextos.com\/cuanto-tiempo\/cuanto-tiempo-puede-durar-una-baja-laboral\/#Preguntas_frecuentes\" >Preguntas frecuentes<\/a><ul class='ez-toc-list-level-3' ><li class='ez-toc-heading-level-3'><a class=\"ez-toc-link ez-toc-heading-7\" href=\"https:\/\/dudasytextos.com\/cuanto-tiempo\/cuanto-tiempo-puede-durar-una-baja-laboral\/#%C2%BFPuedo_trabajar_durante_una_baja_laboral\" >\u00bfPuedo trabajar durante una baja laboral?<\/a><\/li><li class='ez-toc-page-1 ez-toc-heading-level-3'><a class=\"ez-toc-link ez-toc-heading-8\" href=\"https:\/\/dudasytextos.com\/cuanto-tiempo\/cuanto-tiempo-puede-durar-una-baja-laboral\/#%C2%BFCuanto_se_cobra_durante_una_baja_laboral\" >\u00bfCu\u00e1nto se cobra durante una baja laboral?<\/a><\/li><li class='ez-toc-page-1 ez-toc-heading-level-3'><a class=\"ez-toc-link ez-toc-heading-9\" href=\"https:\/\/dudasytextos.com\/cuanto-tiempo\/cuanto-tiempo-puede-durar-una-baja-laboral\/#%C2%BFPuedo_ser_despedido_durante_una_baja_laboral\" >\u00bfPuedo ser despedido durante una baja laboral?<\/a><\/li><\/ul><\/li><\/ul><\/nav><\/div>\n<h2><span class=\"ez-toc-section\" id=\"Cuanto_tiempo_puede_durar_una_baja_laboral\"><\/span>Cu\u00e1nto tiempo puede durar una baja laboral<span class=\"ez-toc-section-end\"><\/span><\/h2>\n<p>Por Ana Gonz\u00e1lez<\/p>\n<section>\n<h2><span class=\"ez-toc-section\" id=\"Curiosidades_y_estadisticas\"><\/span>Curiosidades y estad\u00edsticas<span class=\"ez-toc-section-end\"><\/span><\/h2>\n<ul>\n<li>En Espa\u00f1a, en 2019, se produjeron 211.883 accidentes laborales con baja.<\/li>\n<li>El promedio de d\u00edas de baja por accidente laboral en 2019 fue de 38 d\u00edas.<\/li>\n<li>El 73% de las bajas laborales son por enfermedad com\u00fan y el 27% restante son por accidente laboral.<\/li>\n<li>La duraci\u00f3n m\u00e1xima de una baja laboral por enfermedad com\u00fan es de 365 d\u00edas en un per\u00edodo de 18 meses.<\/li>\n<\/ul>\n<\/section>\n<section>\n<h2><span class=\"ez-toc-section\" id=\"Mi_experiencia_personal\"><\/span>Mi experiencia personal<span class=\"ez-toc-section-end\"><\/span><\/h2>\n<p>Hace unos a\u00f1os sufr\u00ed un accidente laboral y estuve de baja durante tres meses. Fue un per\u00edodo dif\u00edcil, ya que adem\u00e1s de lidiar con el dolor f\u00edsico, tuve que adaptarme a una nueva rutina y aprender a delegar tareas en mi equipo de trabajo. Sin embargo, esta experiencia me ense\u00f1\u00f3 la importancia de cuidar mi salud y de tener un buen equipo de apoyo en el trabajo.<\/p>\n<\/section>\n<section>\n<h2><span class=\"ez-toc-section\" id=\"%C2%BFCuanto_tiempo_puede_durar_una_baja_laboral\"><\/span>\u00bfCu\u00e1nto tiempo puede durar una baja laboral?<span class=\"ez-toc-section-end\"><\/span><\/h2>\n<p>La duraci\u00f3n de una baja laboral depende del tipo de enfermedad o lesi\u00f3n que se padezca. En el caso de una baja por enfermedad com\u00fan, la duraci\u00f3n m\u00e1xima es de 365 d\u00edas en un per\u00edodo de 18 meses. Sin embargo, en la mayor\u00eda de los casos, las bajas laborales son de corta duraci\u00f3n.<\/p>\n<p>Por otro lado, en el caso de una baja por accidente laboral, la duraci\u00f3n depender\u00e1 del tipo de lesi\u00f3n y la gravedad de la misma. En algunos casos, la recuperaci\u00f3n puede ser r\u00e1pida y en otros puede ser necesaria una rehabilitaci\u00f3n prolongada.<\/p>\n<p>Es importante mencionar que el m\u00e9dico especialista ser\u00e1 quien determine el <a href=\"https:\/\/dudasytextos.com\/cuanto-tiempo\/500-metros-andando-cuanto-tiempo-es\/\">tiempo<\/a> necesario de la baja laboral, en funci\u00f3n de la evoluci\u00f3n del paciente.<\/p>\n<\/section>\n<section>\n<h2><span class=\"ez-toc-section\" id=\"%C2%BFQue_hacer_durante_una_baja_laboral\"><\/span>\u00bfQu\u00e9 hacer durante una baja laboral?<span class=\"ez-toc-section-end\"><\/span><\/h2>\n<p>Durante una baja laboral es importante seguir las recomendaciones m\u00e9dicas y cuidar de nuestra salud. Adem\u00e1s, podemos aprovechar este tiempo para descansar, leer, aprender algo nuevo o pasar tiempo con nuestros seres queridos.<\/p>\n<p>Tambi\u00e9n es importante mantener una comunicaci\u00f3n fluida con nuestro equipo de trabajo, inform\u00e1ndoles de nuestra evoluci\u00f3n y delegando tareas si es necesario. De esta forma, podremos volver al trabajo con energ\u00eda renovada y sin acumular tareas pendientes.<\/p>\n<\/section>\n<section>\n<h2><span class=\"ez-toc-section\" id=\"Preguntas_frecuentes\"><\/span>Preguntas frecuentes<span class=\"ez-toc-section-end\"><\/span><\/h2>\n<h3><span class=\"ez-toc-section\" id=\"%C2%BFPuedo_trabajar_durante_una_baja_laboral\"><\/span>\u00bfPuedo trabajar durante una baja laboral?<span class=\"ez-toc-section-end\"><\/span><\/h3>\n<p>No, durante una baja laboral el trabajador debe descansar y seguir las recomendaciones m\u00e9dicas. Adem\u00e1s, trabajar durante una baja laboral puede agravar la lesi\u00f3n o enfermedad.<\/p>\n<h3><span class=\"ez-toc-section\" id=\"%C2%BFCuanto_se_cobra_durante_una_baja_laboral\"><\/span>\u00bfCu\u00e1nto se cobra durante una baja laboral?<span class=\"ez-toc-section-end\"><\/span><\/h3>\n<p>El trabajador tiene derecho a percibir una prestaci\u00f3n econ\u00f3mica durante la baja laboral. El importe de la prestaci\u00f3n depender\u00e1 de las cotizaciones realizadas por el trabajador y del tiempo de baja.<\/p>\n<h3><span class=\"ez-toc-section\" id=\"%C2%BFPuedo_ser_despedido_durante_una_baja_laboral\"><\/span>\u00bfPuedo ser despedido durante una baja laboral?<span class=\"ez-toc-section-end\"><\/span><\/h3>\n<p>No, el trabajador tiene derecho a la estabilidad en el empleo durante una baja laboral. El despido de un trabajador durante una baja laboral se considera nulo.<\/p>\n<\/section>\n","protected":false},"excerpt":{"rendered":"<p>Cu\u00e1nto tiempo puede durar una baja laboral Por Ana Gonz\u00e1lez Curiosidades y estad\u00edsticas En Espa\u00f1a, en 2019, se produjeron 211.883 accidentes laborales con baja. El promedio de d\u00edas de baja por accidente laboral en 2019 fue de 38 d\u00edas. El 73% de las bajas laborales son por enfermedad com\u00fan y el 27% restante son por &#8230; <a title=\"Cu\u00e1nto tiempo puede durar una baja laboral\" class=\"read-more\" href=\"https:\/\/dudasytextos.com\/cuanto-tiempo\/cuanto-tiempo-puede-durar-una-baja-laboral\/\" aria-label=\"M\u00e1s en Cu\u00e1nto tiempo puede durar una baja laboral\">Leer m\u00e1s<\/a><\/p>\n","protected":false},"author":1,"featured_media":0,"comment_status":"open","ping_status":"open","sticky":false,"template":"","format":"standard","meta":{"footnotes":""},"categories":[3],"tags":[],"class_list":["post-97230","post","type-post","status-publish","format-standard","hentry","category-cuanto-tiempo"],"aioseo_notices":[],"aioseo_head":"\n\t\t<!-- All in One SEO 5.0.1.1 - aioseo.com -->\n\t<meta name=\"description\" content=\"Cu\u00e1nto tiempo puede durar una baja laboral Por Ana Gonz\u00e1lez Curiosidades y estad\u00edsticas En Espa\u00f1a, en 2019, se produjeron 211.883 accidentes laborales con baja. El promedio de d\u00edas de baja por accidente laboral en 2019 fue de 38 d\u00edas. El 73% de las bajas laborales son por enfermedad com\u00fan y el 27% restante son por\" \/>\n\t<meta name=\"robots\" content=\"max-snippet:-1, max-image-preview:large, max-video-preview:-1\" \/>\n\t<meta name=\"author\" content=\"Ana Gonz\u00e1lez\"\/>\n\t<link rel=\"canonical\" href=\"https:\/\/dudasytextos.com\/cuanto-tiempo\/cuanto-tiempo-puede-durar-una-baja-laboral\/\" \/>\n\t<meta name=\"generator\" content=\"All in One SEO (AIOSEO) 5.0.1.1\" \/>\n\n\t\t<!-- Google tag (gtag.js) -->\n<script async src=\"https:\/\/www.googletagmanager.com\/gtag\/js?id=G-YPSGVRV7JJ\"><\/script>\n<script>\n  window.dataLayer = window.dataLayer || [];\n  function gtag(){dataLayer.push(arguments);}\n  gtag('js', new Date());\n\n  gtag('config', 'G-YPSGVRV7JJ');\n<\/script>\n<script async src=\"https:\/\/pagead2.googlesyndication.com\/pagead\/js\/adsbygoogle.js?client=ca-pub-3987500858204711\"\n     crossorigin=\"anonymous\"><\/script>\n\t\t<meta property=\"og:locale\" content=\"es_ES\" \/>\n\t\t<meta property=\"og:site_name\" content=\"\u00bfCu\u00e1nto Tiempo? - \u00bfCu\u00e1nto Tiempo?\" \/>\n\t\t<meta property=\"og:type\" content=\"article\" \/>\n\t\t<meta property=\"og:title\" content=\"Cu\u00e1nto tiempo puede durar una baja laboral (2026) \u00bfCu\u00e1nto Tiempo?\" \/>\n\t\t<meta property=\"og:description\" content=\"Cu\u00e1nto tiempo puede durar una baja laboral Por Ana Gonz\u00e1lez Curiosidades y estad\u00edsticas En Espa\u00f1a, en 2019, se produjeron 211.883 accidentes laborales con baja. El promedio de d\u00edas de baja por accidente laboral en 2019 fue de 38 d\u00edas. El 73% de las bajas laborales son por enfermedad com\u00fan y el 27% restante son por\" \/>\n\t\t<meta property=\"og:url\" content=\"https:\/\/dudasytextos.com\/cuanto-tiempo\/cuanto-tiempo-puede-durar-una-baja-laboral\/\" \/>\n\t\t<meta property=\"article:published_time\" content=\"2025-03-03T14:20:34+00:00\" \/>\n\t\t<meta property=\"article:modified_time\" content=\"2025-03-13T01:37:02+00:00\" \/>\n\t\t<meta name=\"twitter:card\" content=\"summary_large_image\" \/>\n\t\t<meta name=\"twitter:title\" content=\"Cu\u00e1nto tiempo puede durar una baja laboral (2026) \u00bfCu\u00e1nto Tiempo?\" \/>\n\t\t<meta name=\"twitter:description\" content=\"Cu\u00e1nto tiempo puede durar una baja laboral Por Ana Gonz\u00e1lez Curiosidades y estad\u00edsticas En Espa\u00f1a, en 2019, se produjeron 211.883 accidentes laborales con baja. El promedio de d\u00edas de baja por accidente laboral en 2019 fue de 38 d\u00edas. El 73% de las bajas laborales son por enfermedad com\u00fan y el 27% restante son por\" \/>\n\t\t<script type=\"application\/ld+json\" class=\"aioseo-schema\">\n\t\t\t{\"@context\":\"https:\\\/\\\/schema.org\",\"@graph\":[{\"@type\":\"BlogPosting\",\"@id\":\"https:\\\/\\\/dudasytextos.com\\\/cuanto-tiempo\\\/cuanto-tiempo-puede-durar-una-baja-laboral\\\/#blogposting\",\"name\":\"Cu\\u00e1nto tiempo puede durar una baja laboral (2026) \\u00bfCu\\u00e1nto Tiempo?\",\"headline\":\"Cu\\u00e1nto tiempo puede durar una baja laboral\",\"author\":{\"@id\":\"https:\\\/\\\/dudasytextos.com\\\/cuanto-tiempo\\\/author\\\/admin23\\\/#author\"},\"publisher\":{\"@id\":\"https:\\\/\\\/dudasytextos.com\\\/cuanto-tiempo\\\/#organization\"},\"datePublished\":\"2025-03-03T14:20:34+00:00\",\"dateModified\":\"2025-03-13T01:37:02+00:00\",\"inLanguage\":\"es-ES\",\"mainEntityOfPage\":{\"@id\":\"https:\\\/\\\/dudasytextos.com\\\/cuanto-tiempo\\\/cuanto-tiempo-puede-durar-una-baja-laboral\\\/#webpage\"},\"isPartOf\":{\"@id\":\"https:\\\/\\\/dudasytextos.com\\\/cuanto-tiempo\\\/cuanto-tiempo-puede-durar-una-baja-laboral\\\/#webpage\"},\"articleSection\":\"\\u00bfCu\\u00e1nto tiempo?\"},{\"@type\":\"BreadcrumbList\",\"@id\":\"https:\\\/\\\/dudasytextos.com\\\/cuanto-tiempo\\\/cuanto-tiempo-puede-durar-una-baja-laboral\\\/#breadcrumblist\",\"itemListElement\":[{\"@type\":\"ListItem\",\"@id\":\"https:\\\/\\\/dudasytextos.com\\\/cuanto-tiempo#listItem\",\"position\":1,\"name\":\"Home\",\"item\":\"https:\\\/\\\/dudasytextos.com\\\/cuanto-tiempo\",\"nextItem\":{\"@type\":\"ListItem\",\"@id\":\"https:\\\/\\\/dudasytextos.com\\\/cuanto-tiempo\\\/category\\\/cuanto-tiempo\\\/#listItem\",\"name\":\"\\u00bfCu\\u00e1nto tiempo?\"}},{\"@type\":\"ListItem\",\"@id\":\"https:\\\/\\\/dudasytextos.com\\\/cuanto-tiempo\\\/category\\\/cuanto-tiempo\\\/#listItem\",\"position\":2,\"name\":\"\\u00bfCu\\u00e1nto tiempo?\",\"item\":\"https:\\\/\\\/dudasytextos.com\\\/cuanto-tiempo\\\/category\\\/cuanto-tiempo\\\/\",\"nextItem\":{\"@type\":\"ListItem\",\"@id\":\"https:\\\/\\\/dudasytextos.com\\\/cuanto-tiempo\\\/cuanto-tiempo-puede-durar-una-baja-laboral\\\/#listItem\",\"name\":\"Cu\\u00e1nto tiempo puede durar una baja laboral\"},\"previousItem\":{\"@type\":\"ListItem\",\"@id\":\"https:\\\/\\\/dudasytextos.com\\\/cuanto-tiempo#listItem\",\"name\":\"Home\"}},{\"@type\":\"ListItem\",\"@id\":\"https:\\\/\\\/dudasytextos.com\\\/cuanto-tiempo\\\/cuanto-tiempo-puede-durar-una-baja-laboral\\\/#listItem\",\"position\":3,\"name\":\"Cu\\u00e1nto tiempo puede durar una baja laboral\",\"previousItem\":{\"@type\":\"ListItem\",\"@id\":\"https:\\\/\\\/dudasytextos.com\\\/cuanto-tiempo\\\/category\\\/cuanto-tiempo\\\/#listItem\",\"name\":\"\\u00bfCu\\u00e1nto tiempo?\"}}]},{\"@type\":\"Organization\",\"@id\":\"https:\\\/\\\/dudasytextos.com\\\/cuanto-tiempo\\\/#organization\",\"name\":\"Recipes\",\"description\":\"\\u00bfCu\\u00e1nto Tiempo?\",\"url\":\"https:\\\/\\\/dudasytextos.com\\\/cuanto-tiempo\\\/\"},{\"@type\":\"Person\",\"@id\":\"https:\\\/\\\/dudasytextos.com\\\/cuanto-tiempo\\\/author\\\/admin23\\\/#author\",\"url\":\"https:\\\/\\\/dudasytextos.com\\\/cuanto-tiempo\\\/author\\\/admin23\\\/\",\"name\":\"Ana Gonz\\u00e1lez\"},{\"@type\":\"WebPage\",\"@id\":\"https:\\\/\\\/dudasytextos.com\\\/cuanto-tiempo\\\/cuanto-tiempo-puede-durar-una-baja-laboral\\\/#webpage\",\"url\":\"https:\\\/\\\/dudasytextos.com\\\/cuanto-tiempo\\\/cuanto-tiempo-puede-durar-una-baja-laboral\\\/\",\"name\":\"Cu\\u00e1nto tiempo puede durar una baja laboral (2026) \\u00bfCu\\u00e1nto Tiempo?\",\"description\":\"Cu\\u00e1nto tiempo puede durar una baja laboral Por Ana Gonz\\u00e1lez Curiosidades y estad\\u00edsticas En Espa\\u00f1a, en 2019, se produjeron 211.883 accidentes laborales con baja. El promedio de d\\u00edas de baja por accidente laboral en 2019 fue de 38 d\\u00edas. El 73% de las bajas laborales son por enfermedad com\\u00fan y el 27% restante son por\",\"inLanguage\":\"es-ES\",\"isPartOf\":{\"@id\":\"https:\\\/\\\/dudasytextos.com\\\/cuanto-tiempo\\\/#website\"},\"breadcrumb\":{\"@id\":\"https:\\\/\\\/dudasytextos.com\\\/cuanto-tiempo\\\/cuanto-tiempo-puede-durar-una-baja-laboral\\\/#breadcrumblist\"},\"author\":{\"@id\":\"https:\\\/\\\/dudasytextos.com\\\/cuanto-tiempo\\\/author\\\/admin23\\\/#author\"},\"creator\":{\"@id\":\"https:\\\/\\\/dudasytextos.com\\\/cuanto-tiempo\\\/author\\\/admin23\\\/#author\"},\"datePublished\":\"2025-03-03T14:20:34+00:00\",\"dateModified\":\"2025-03-13T01:37:02+00:00\"},{\"@type\":\"WebSite\",\"@id\":\"https:\\\/\\\/dudasytextos.com\\\/cuanto-tiempo\\\/#website\",\"url\":\"https:\\\/\\\/dudasytextos.com\\\/cuanto-tiempo\\\/\",\"name\":\"Recipes\",\"description\":\"\\u00bfCu\\u00e1nto Tiempo?\",\"inLanguage\":\"es-ES\",\"publisher\":{\"@id\":\"https:\\\/\\\/dudasytextos.com\\\/cuanto-tiempo\\\/#organization\"}}]}\n\t\t<\/script>\n\t\t<!-- All in One SEO -->\n\n","aioseo_head_json":{"title":"Cu\u00e1nto tiempo puede durar una baja laboral (2026) \u00bfCu\u00e1nto Tiempo?","description":"Cu\u00e1nto tiempo puede durar una baja laboral Por Ana Gonz\u00e1lez Curiosidades y estad\u00edsticas En Espa\u00f1a, en 2019, se produjeron 211.883 accidentes laborales con baja. El promedio de d\u00edas de baja por accidente laboral en 2019 fue de 38 d\u00edas. El 73% de las bajas laborales son por enfermedad com\u00fan y el 27% restante son por","canonical_url":"https:\/\/dudasytextos.com\/cuanto-tiempo\/cuanto-tiempo-puede-durar-una-baja-laboral\/","robots":"max-snippet:-1, max-image-preview:large, max-video-preview:-1","keywords":"","webmasterTools":{"miscellaneous":"&lt;!-- Google tag (gtag.js) --&gt;\n&lt;script async src=\"https:\/\/www.googletagmanager.com\/gtag\/js?id=G-YPSGVRV7JJ\"&gt;&lt;\/script&gt;\n&lt;script&gt;\n  window.dataLayer = window.dataLayer || [];\n  function gtag(){dataLayer.push(arguments);}\n  gtag('js', new Date());\n\n  gtag('config', 'G-YPSGVRV7JJ');\n&lt;\/script&gt;\n&lt;script async src=\"https:\/\/pagead2.googlesyndication.com\/pagead\/js\/adsbygoogle.js?client=ca-pub-3987500858204711\"\n     crossorigin=\"anonymous\"&gt;&lt;\/script&gt;"},"schema":{"@context":"https:\/\/schema.org","@graph":[{"@type":"BlogPosting","@id":"https:\/\/dudasytextos.com\/cuanto-tiempo\/cuanto-tiempo-puede-durar-una-baja-laboral\/#blogposting","name":"Cu\u00e1nto tiempo puede durar una baja laboral (2026) \u00bfCu\u00e1nto Tiempo?","headline":"Cu\u00e1nto tiempo puede durar una baja laboral","author":{"@id":"https:\/\/dudasytextos.com\/cuanto-tiempo\/author\/admin23\/#author"},"publisher":{"@id":"https:\/\/dudasytextos.com\/cuanto-tiempo\/#organization"},"datePublished":"2025-03-03T14:20:34+00:00","dateModified":"2025-03-13T01:37:02+00:00","inLanguage":"es-ES","mainEntityOfPage":{"@id":"https:\/\/dudasytextos.com\/cuanto-tiempo\/cuanto-tiempo-puede-durar-una-baja-laboral\/#webpage"},"isPartOf":{"@id":"https:\/\/dudasytextos.com\/cuanto-tiempo\/cuanto-tiempo-puede-durar-una-baja-laboral\/#webpage"},"articleSection":"\u00bfCu\u00e1nto tiempo?"},{"@type":"BreadcrumbList","@id":"https:\/\/dudasytextos.com\/cuanto-tiempo\/cuanto-tiempo-puede-durar-una-baja-laboral\/#breadcrumblist","itemListElement":[{"@type":"ListItem","@id":"https:\/\/dudasytextos.com\/cuanto-tiempo#listItem","position":1,"name":"Home","item":"https:\/\/dudasytextos.com\/cuanto-tiempo","nextItem":{"@type":"ListItem","@id":"https:\/\/dudasytextos.com\/cuanto-tiempo\/category\/cuanto-tiempo\/#listItem","name":"\u00bfCu\u00e1nto tiempo?"}},{"@type":"ListItem","@id":"https:\/\/dudasytextos.com\/cuanto-tiempo\/category\/cuanto-tiempo\/#listItem","position":2,"name":"\u00bfCu\u00e1nto tiempo?","item":"https:\/\/dudasytextos.com\/cuanto-tiempo\/category\/cuanto-tiempo\/","nextItem":{"@type":"ListItem","@id":"https:\/\/dudasytextos.com\/cuanto-tiempo\/cuanto-tiempo-puede-durar-una-baja-laboral\/#listItem","name":"Cu\u00e1nto tiempo puede durar una baja laboral"},"previousItem":{"@type":"ListItem","@id":"https:\/\/dudasytextos.com\/cuanto-tiempo#listItem","name":"Home"}},{"@type":"ListItem","@id":"https:\/\/dudasytextos.com\/cuanto-tiempo\/cuanto-tiempo-puede-durar-una-baja-laboral\/#listItem","position":3,"name":"Cu\u00e1nto tiempo puede durar una baja laboral","previousItem":{"@type":"ListItem","@id":"https:\/\/dudasytextos.com\/cuanto-tiempo\/category\/cuanto-tiempo\/#listItem","name":"\u00bfCu\u00e1nto tiempo?"}}]},{"@type":"Organization","@id":"https:\/\/dudasytextos.com\/cuanto-tiempo\/#organization","name":"Recipes","description":"\u00bfCu\u00e1nto Tiempo?","url":"https:\/\/dudasytextos.com\/cuanto-tiempo\/"},{"@type":"Person","@id":"https:\/\/dudasytextos.com\/cuanto-tiempo\/author\/admin23\/#author","url":"https:\/\/dudasytextos.com\/cuanto-tiempo\/author\/admin23\/","name":"Ana Gonz\u00e1lez"},{"@type":"WebPage","@id":"https:\/\/dudasytextos.com\/cuanto-tiempo\/cuanto-tiempo-puede-durar-una-baja-laboral\/#webpage","url":"https:\/\/dudasytextos.com\/cuanto-tiempo\/cuanto-tiempo-puede-durar-una-baja-laboral\/","name":"Cu\u00e1nto tiempo puede durar una baja laboral (2026) \u00bfCu\u00e1nto Tiempo?","description":"Cu\u00e1nto tiempo puede durar una baja laboral Por Ana Gonz\u00e1lez Curiosidades y estad\u00edsticas En Espa\u00f1a, en 2019, se produjeron 211.883 accidentes laborales con baja. El promedio de d\u00edas de baja por accidente laboral en 2019 fue de 38 d\u00edas. El 73% de las bajas laborales son por enfermedad com\u00fan y el 27% restante son por","inLanguage":"es-ES","isPartOf":{"@id":"https:\/\/dudasytextos.com\/cuanto-tiempo\/#website"},"breadcrumb":{"@id":"https:\/\/dudasytextos.com\/cuanto-tiempo\/cuanto-tiempo-puede-durar-una-baja-laboral\/#breadcrumblist"},"author":{"@id":"https:\/\/dudasytextos.com\/cuanto-tiempo\/author\/admin23\/#author"},"creator":{"@id":"https:\/\/dudasytextos.com\/cuanto-tiempo\/author\/admin23\/#author"},"datePublished":"2025-03-03T14:20:34+00:00","dateModified":"2025-03-13T01:37:02+00:00"},{"@type":"WebSite","@id":"https:\/\/dudasytextos.com\/cuanto-tiempo\/#website","url":"https:\/\/dudasytextos.com\/cuanto-tiempo\/","name":"Recipes","description":"\u00bfCu\u00e1nto Tiempo?","inLanguage":"es-ES","publisher":{"@id":"https:\/\/dudasytextos.com\/cuanto-tiempo\/#organization"}}]},"og:locale":"es_ES","og:site_name":"\u00bfCu\u00e1nto Tiempo? - \u00bfCu\u00e1nto Tiempo?","og:type":"article","og:title":"Cu\u00e1nto tiempo puede durar una baja laboral (2026) \u00bfCu\u00e1nto Tiempo?","og:description":"Cu\u00e1nto tiempo puede durar una baja laboral Por Ana Gonz\u00e1lez Curiosidades y estad\u00edsticas En Espa\u00f1a, en 2019, se produjeron 211.883 accidentes laborales con baja. El promedio de d\u00edas de baja por accidente laboral en 2019 fue de 38 d\u00edas. El 73% de las bajas laborales son por enfermedad com\u00fan y el 27% restante son por","og:url":"https:\/\/dudasytextos.com\/cuanto-tiempo\/cuanto-tiempo-puede-durar-una-baja-laboral\/","article:published_time":"2025-03-03T14:20:34+00:00","article:modified_time":"2025-03-13T01:37:02+00:00","twitter:card":"summary_large_image","twitter:title":"Cu\u00e1nto tiempo puede durar una baja laboral (2026) \u00bfCu\u00e1nto Tiempo?","twitter:description":"Cu\u00e1nto tiempo puede durar una baja laboral Por Ana Gonz\u00e1lez Curiosidades y estad\u00edsticas En Espa\u00f1a, en 2019, se produjeron 211.883 accidentes laborales con baja. El promedio de d\u00edas de baja por accidente laboral en 2019 fue de 38 d\u00edas. El 73% de las bajas laborales son por enfermedad com\u00fan y el 27% restante son por"},"aioseo_meta_data":{"post_id":"97230","title":null,"description":null,"keywords":null,"keyphrases":null,"primary_term":null,"canonical_url":null,"og_title":null,"og_description":null,"og_object_type":"default","og_image_type":"default","og_image_url":null,"og_image_width":null,"og_image_height":null,"og_image_custom_url":null,"og_image_custom_fields":null,"og_video":null,"og_custom_url":null,"og_article_section":null,"og_article_tags":null,"twitter_use_og":false,"twitter_card":"default","twitter_image_type":"default","twitter_image_url":null,"twitter_image_custom_url":null,"twitter_image_custom_fields":null,"twitter_title":null,"twitter_description":null,"schema":{"blockGraphs":[],"customGraphs":[],"default":{"data":{"Article":[],"Course":[],"Dataset":[],"FAQPage":[],"Movie":[],"Person":[],"Product":[],"ProductReview":[],"Car":[],"Recipe":[],"Service":[],"SoftwareApplication":[],"WebPage":[]},"graphName":"","isEnabled":true},"graphs":[]},"schema_type":"default","schema_type_options":null,"pillar_content":false,"robots_default":true,"robots_noindex":false,"robots_noarchive":false,"robots_nosnippet":false,"robots_nofollow":false,"robots_noimageindex":false,"robots_noodp":false,"robots_notranslate":false,"robots_max_snippet":null,"robots_max_videopreview":null,"robots_max_imagepreview":"large","priority":null,"frequency":null,"local_seo":null,"breadcrumb_settings":null,"limit_modified_date":false,"ai":null,"created":"2023-05-03 22:11:48","updated":"2025-06-04 13:56:10","seo_analyzer_scan_date":null,"focus_keyword":null,"additional_keywords":null,"truseo_locale":null},"aioseo_breadcrumb":"<div class=\"aioseo-breadcrumbs\"><span class=\"aioseo-breadcrumb\">\n\t\t\t<a href=\"https:\/\/dudasytextos.com\/cuanto-tiempo\" title=\"Home\">Home<\/a>\n\t\t<\/span><span class=\"aioseo-breadcrumb-separator\">&raquo;<\/span><span class=\"aioseo-breadcrumb\">\n\t\t\t<a href=\"https:\/\/dudasytextos.com\/cuanto-tiempo\/category\/cuanto-tiempo\/\" title=\"\u00bfCu\u00e1nto tiempo?\">\u00bfCu\u00e1nto tiempo?<\/a>\n\t\t<\/span><span class=\"aioseo-breadcrumb-separator\">&raquo;<\/span><span class=\"aioseo-breadcrumb\">\n\t\t\tCu\u00e1nto tiempo puede durar una baja laboral\n\t\t<\/span><\/div>","aioseo_breadcrumb_json":[{"label":"Home","link":"https:\/\/dudasytextos.com\/cuanto-tiempo"},{"label":"\u00bfCu\u00e1nto tiempo?","link":"https:\/\/dudasytextos.com\/cuanto-tiempo\/category\/cuanto-tiempo\/"},{"label":"Cu\u00e1nto tiempo puede durar una baja laboral","link":"https:\/\/dudasytextos.com\/cuanto-tiempo\/cuanto-tiempo-puede-durar-una-baja-laboral\/"}],"_links":{"self":[{"href":"https:\/\/dudasytextos.com\/cuanto-tiempo\/wp-json\/wp\/v2\/posts\/97230","targetHints":{"allow":["GET"]}}],"collection":[{"href":"https:\/\/dudasytextos.com\/cuanto-tiempo\/wp-json\/wp\/v2\/posts"}],"about":[{"href":"https:\/\/dudasytextos.com\/cuanto-tiempo\/wp-json\/wp\/v2\/types\/post"}],"author":[{"embeddable":true,"href":"https:\/\/dudasytextos.com\/cuanto-tiempo\/wp-json\/wp\/v2\/users\/1"}],"replies":[{"embeddable":true,"href":"https:\/\/dudasytextos.com\/cuanto-tiempo\/wp-json\/wp\/v2\/comments?post=97230"}],"version-history":[{"count":1,"href":"https:\/\/dudasytextos.com\/cuanto-tiempo\/wp-json\/wp\/v2\/posts\/97230\/revisions"}],"predecessor-version":[{"id":97463,"href":"https:\/\/dudasytextos.com\/cuanto-tiempo\/wp-json\/wp\/v2\/posts\/97230\/revisions\/97463"}],"wp:attachment":[{"href":"https:\/\/dudasytextos.com\/cuanto-tiempo\/wp-json\/wp\/v2\/media?parent=97230"}],"wp:term":[{"taxonomy":"category","embeddable":true,"href":"https:\/\/dudasytextos.com\/cuanto-tiempo\/wp-json\/wp\/v2\/categories?post=97230"},{"taxonomy":"post_tag","embeddable":true,"href":"https:\/\/dudasytextos.com\/cuanto-tiempo\/wp-json\/wp\/v2\/tags?post=97230"}],"curies":[{"name":"wp","href":"https:\/\/api.w.org\/{rel}","templated":true}]}}