{"id":6154,"date":"2025-10-07T08:40:27","date_gmt":"2025-10-07T08:40:27","guid":{"rendered":"https:\/\/altaria.es\/?p=6154"},"modified":"2025-11-06T10:58:18","modified_gmt":"2025-11-06T10:58:18","slug":"idioma-oficial-de-viena","status":"publish","type":"post","link":"https:\/\/dudasytextos.com\/filologia\/idiomas\/idioma-oficial-de-viena\/","title":{"rendered":"Viena declara el alem\u00e1n como su idioma oficial"},"content":{"rendered":"<p>Viena, la capital de Austria, es uno de los destinos tur\u00edsticos m\u00e1s populares de Europa. Conocida por su elegancia, cultura y sofisticaci\u00f3n, la ciudad es rica en historia y arte. Pero, \u00bfsab\u00edas que Viena tambi\u00e9n tiene un <a href=\"https:\/\/dudasytextos.com\/filologia\/idiomas\/que-significa-idioma-materno\/\">idioma<\/a> oficial propio? El alem\u00e1n es, evidentemente, el idioma m\u00e1s utilizado en la capital austriaca, pero existe una variante espec\u00edfica llamada austro-b\u00e1varo vien\u00e9s que es el idioma oficial de la ciudad. En este art\u00edculo, exploraremos la importancia de este idioma, su relaci\u00f3n con el alem\u00e1n est\u00e1ndar y su papel en la identidad vienesa.<\/p>\n<div style=\"float: none;clear: both;width: 100%;position: relative;padding-bottom: 68%;padding-top: 25px;height: 0;\"><iframe style=\"position: absolute; top: 0; left: 0; width: 100%;height: 100%;\" src=\"https:\/\/www.youtube.com\/embed\/T82ZIGDvSks\" frameborder=\"0\" allowfullscreen=\"allowfullscreen\"><\/iframe><\/div>\n<p><\/p>\n<ul>\n<li>El idioma oficial de Viena es el alem\u00e1n, ya que Austria es un pa\u00eds de habla alemana y Viena es su capital. Adem\u00e1s, la mayor\u00eda de los habitantes de Viena hablan este idioma y es la lengua principal de los negocios y la administraci\u00f3n p\u00fablica.<\/li>\n<li>Sin embargo, en Viena tambi\u00e9n se pueden escuchar otros idiomas como el ingl\u00e9s, el franc\u00e9s y el espa\u00f1ol, ya que es una ciudad muy tur\u00edstica y cosmopolita. Adem\u00e1s, muchas empresas internacionales tienen sede en Viena, lo que significa que tambi\u00e9n se habla otras lenguas en el \u00e1mbito empresarial.<\/li>\n<\/ul>\n<h2>\u00bfCu\u00e1l es la forma de decir hola en Viena?<\/h2>\n<p>En Viena, la forma m\u00e1s com\u00fan y apropiada de saludar es Gr\u00fcss Gott, que significa literalmente Dios te salve. Es importante tener en cuenta que, aunque el alem\u00e1n Hochdeutsch es hablado en Austria, el uso del Guten Tag puede ser considerado menos com\u00fan en algunas regiones como Viena. Por lo tanto, para una comunicaci\u00f3n m\u00e1s efectiva y respetuosa con los locales, lo mejor es utilizar el saludo tradicional austriaco Gr\u00fcss Gott.<\/p>\n<p>En Viena, el saludo m\u00e1s com\u00fan es Gr\u00fcss Gott, que se traduce como Dios te salve. Es importante usar este saludo en lugar de Guten Tag, ya que la \u00faltima expresi\u00f3n podr\u00eda considerarse menos com\u00fan en algunos lugares de Austria. Para comunicarnos respetuosamente con los locales, lo mejor es utilizar el saludo tradicional austriaco.<\/p>\n<h2>\u00bfCu\u00e1l es el idioma que se habla en Austria?<\/h2>\n<p>En Austria se habla principalmente el alem\u00e1n austriaco, que es una variedad del alem\u00e1n est\u00e1ndar. Esta lengua es utilizada en todos los \u00e1mbitos de la vida, desde la educaci\u00f3n hasta la administraci\u00f3n p\u00fablica y los medios de comunicaci\u00f3n. Tambi\u00e9n se hablan otros idiomas minoritarios en algunas regiones del pa\u00eds, como el h\u00fangaro y el esloveno. Sin embargo, el alem\u00e1n es la lengua oficial y la m\u00e1s extendida en Austria.<\/p>\n<p>En Austria, el alem\u00e1n austriaco tiene un papel preponderante como lengua oficial y de uso cotidiano. Aunque existen lenguas minoritarias como el h\u00fangaro y el esloveno, el alem\u00e1n es el idioma predominante en todo el pa\u00eds.<\/p>\n<h2>\u00bfDe qu\u00e9 forma puedes comunicarte en Viena?<\/h2>\n<p>En Viena, la forma m\u00e1s com\u00fan de comunicarse es a trav\u00e9s de llamadas telef\u00f3nicas. Para hacer una llamada internacional, debes recordar agregar el prefijo 00, seguido de 43 para Austria y el c\u00f3digo de \u00e1rea de Viena, que es 1. Adem\u00e1s, la ciudad cuenta con una infraestructura de transporte p\u00fablico de alta calidad, que incluye Metro, tranv\u00edas y autobuses, todos equipados con Wi-Fi gratuito. Tambi\u00e9n hay m\u00faltiples opciones de conexi\u00f3n a internet en toda la ciudad, que incluyen Wi-Fi gratuito en parques y plazas p\u00fablicas y la posibilidad de comprar una tarjeta SIM local para tener acceso a datos m\u00f3viles.<\/p>\n<p>En Viena, la comunicaci\u00f3n se basa en llamadas telef\u00f3nicas internacionales con el prefijo 00 + 43 + c\u00f3digo de \u00e1rea 1. La ciudad cuenta con un excelente transporte p\u00fablico con Wi-Fi gratuito y m\u00faltiples opciones de conexi\u00f3n a internet en parques, plazas y tarjetas SIM locales para acceso a datos m\u00f3viles.<\/p>\n<h2>La Historia y Evoluci\u00f3n del Idioma Oficial de Viena<\/h2>\n<p>El idioma oficial de Viena es el alem\u00e1n est\u00e1ndar, aunque tambi\u00e9n se habla el dialecto vien\u00e9s, que tiene ra\u00edces en el alem\u00e1n b\u00e1varo y austr\u00edaco. Durante siglos, la ciudad ha sido hogar de personajes notables como Mozart, Beethoven y Freud, quienes han influido en la cultura y la literatura en alem\u00e1n. En el siglo XIX, el alem\u00e1n est\u00e1ndar se convirti\u00f3 en la lengua principal y esto se consolid\u00f3 con la creaci\u00f3n de la Rep\u00fablica de Austria en 1918. Actualmente, el alem\u00e1n vien\u00e9s sigue siendo una parte importante de la cultura y la identidad de los vieneses.<\/p>\n<p>Viena ha sido hogar de figuras ilustres como Mozart, Beethoven y Freud, quienes han dejado una huella en la cultura y literatura en alem\u00e1n. El dialecto vien\u00e9s, con ra\u00edces en el alem\u00e1n b\u00e1varo y austr\u00edaco, sigue siendo una parte significativa de la identidad de los habitantes de la ciudad.<\/p>\n<h2>La Importancia del Alem\u00e1n como Idioma Oficial de Viena<\/h2>\n<p>Viena, la capital de Austria, es uno de los centros culturales m\u00e1s importantes de Europa. Alem\u00e1n, su idioma oficial, es esencial en la vida cotidiana de los vieneses. Adem\u00e1s de tener un fuerte arraigo hist\u00f3rico y cultural, el alem\u00e1n es esencial para entender las complejas estructuras pol\u00edticas y legislativas de la ciudad. La importancia del alem\u00e1n como idioma oficial en Viena se ve reflejada en la necesidad de comunicarse adecuadamente en cualquier \u00e1mbito, ya sea en el turismo, los negocios o en la educaci\u00f3n.<\/p>\n<p>La vitalidad del idioma alem\u00e1n en Viena es crucial para la vida cotidiana y el desarrollo econ\u00f3mico de la ciudad. Con una rica historia cultural y un complejo sistema pol\u00edtico y legislativo, el alem\u00e1n es esencial para la comunicaci\u00f3n efectiva en cualquier \u00e1mbito en la capital austriaca.<\/p>\n<h2>La Diversidad Ling\u00fc\u00edstica de Viena: Un An\u00e1lisis del Idioma Oficial y sus Variantes<\/h2>\n<p>Viena, la capital de Austria, es conocida por su diversidad y riqueza cultural. Esto se refleja claramente en su diversidad ling\u00fc\u00edstica. El alem\u00e1n es el idioma oficial en Viena, pero existen muchas variantes dialectales de este idioma que se hablan en diferentes partes de la ciudad. Adem\u00e1s del alem\u00e1n, tambi\u00e9n se hablan otros idiomas como el serbio, turco y croata, entre otros. La diversidad ling\u00fc\u00edstica de Viena es un testimonio de la influencia hist\u00f3rica y cultural de la ciudad y su capacidad para acoger y aceptar diferentes culturas y comunidades.<\/p>\n<p>La variedad ling\u00fc\u00edstica en Viena refleja su rica cultura y capacidad de aceptar diferentes comunidades. Adem\u00e1s del alem\u00e1n, se hablan variantes dialectales y otros idiomas como serbio, turco y croata. La diversidad ling\u00fc\u00edstica es testigo de la rica historia y cultura de la ciudad.<\/p>\n<div style=\"float: none;clear: both;width: 100%;position: relative;padding-bottom: 68%;padding-top: 25px;height: 0;\"><iframe style=\"position: absolute; top: 0; left: 0; width: 100%;height: 100%;\" src=\"https:\/\/www.youtube.com\/embed\/G1s75wC-6KI\" frameborder=\"0\" allowfullscreen=\"allowfullscreen\"><\/iframe><\/div>\n<p><\/p>\n<p>En resumen, el idioma oficial de Viena es el alem\u00e1n est\u00e1ndar, pero el vien\u00e9s, un dialecto local, sigue siendo muy utilizado en la vida cotidiana de la ciudad. Adem\u00e1s, la influencia de otros idiomas como el h\u00fangaro y el eslovaco tambi\u00e9n se puede encontrar en las calles de Viena. Sin embargo, el conocimiento del alem\u00e1n es esencial para aquellos que deseen establecerse en la ciudad, especialmente si se busca trabajo o se desea comprender la cultura local en profundidad. el dominio del alem\u00e1n es clave en Viena, y aunque existen otros idiomas importantes en la ciudad, es esencial saber comunicarse en el idioma oficial para una experiencia exitosa en Viena.<\/p>\n","protected":false},"excerpt":{"rendered":"<p>Viena, la capital de Austria, es uno de los destinos tur\u00edsticos m\u00e1s populares de Europa. Conocida por su elegancia, cultura y sofisticaci\u00f3n, la ciudad es rica en historia y arte. Pero, \u00bfsab\u00edas que Viena tambi\u00e9n tiene un idioma oficial propio? El alem\u00e1n es, evidentemente, el idioma m\u00e1s utilizado en la capital austriaca, pero existe una\u2026 <span class=\"read-more\"><a href=\"https:\/\/dudasytextos.com\/filologia\/idiomas\/idioma-oficial-de-viena\/\">Leer m\u00e1s &raquo;<\/a><\/span><\/p>\n","protected":false},"author":1,"featured_media":637,"comment_status":"closed","ping_status":"closed","sticky":false,"template":"","format":"standard","meta":{"footnotes":""},"categories":[9],"tags":[],"class_list":["post-6154","post","type-post","status-publish","format-standard","has-post-thumbnail","hentry","category-idiomas"],"yoast_head":"<!-- This site is optimized with the Yoast SEO plugin v28.4 - https:\/\/yoast.com\/product\/yoast-seo-wordpress\/ -->\n<title>Viena declara el alem\u00e1n como su idioma oficial [2026]<\/title>\n<meta name=\"description\" content=\"\u27a4 Viena declara el alem\u00e1n como su idioma oficial \u261d Viena, la capital de Austria, es uno de los destinos tur\u00edsticos m\u00e1s populares de Europa. Conocida por su elegancia, cultura y sofisticaci\u00f3n, la ciudad es ... \u27a4\" \/>\n<meta name=\"robots\" content=\"index, follow, max-snippet:-1, max-image-preview:large, max-video-preview:-1\" \/>\n<link rel=\"canonical\" href=\"https:\/\/dudasytextos.com\/filologia\/idiomas\/idioma-oficial-de-viena\/\" \/>\n<meta property=\"og:locale\" content=\"es_ES\" \/>\n<meta property=\"og:type\" content=\"article\" \/>\n<meta property=\"og:title\" content=\"Viena declara el alem\u00e1n como su idioma oficial [2026]\" \/>\n<meta property=\"og:description\" content=\"\u27a4 Viena declara el alem\u00e1n como su idioma oficial \u261d Viena, la capital de Austria, es uno de los destinos tur\u00edsticos m\u00e1s populares de Europa. Conocida por su elegancia, cultura y sofisticaci\u00f3n, la ciudad es ... \u27a4\" \/>\n<meta property=\"og:url\" content=\"https:\/\/dudasytextos.com\/filologia\/idiomas\/idioma-oficial-de-viena\/\" \/>\n<meta property=\"og:site_name\" content=\"ALTARIA.ES\" \/>\n<meta property=\"article:published_time\" content=\"2025-10-07T08:40:27+00:00\" \/>\n<meta property=\"article:modified_time\" content=\"2025-11-06T10:58:18+00:00\" \/>\n<meta property=\"og:image\" content=\"https:\/\/dudasytextos.com\/filologia\/wp-content\/uploads\/2023\/03\/T82ZIGDvSks.jpg\" \/>\n\t<meta property=\"og:image:width\" content=\"768\" \/>\n\t<meta property=\"og:image:height\" content=\"432\" \/>\n\t<meta property=\"og:image:type\" content=\"image\/jpeg\" \/>\n<meta name=\"author\" content=\"Ivan Ledezma\" \/>\n<meta name=\"twitter:card\" content=\"summary_large_image\" \/>\n<meta name=\"twitter:label1\" content=\"Escrito por\" \/>\n\t<meta name=\"twitter:data1\" content=\"Ivan Ledezma\" \/>\n\t<meta name=\"twitter:label2\" content=\"Tiempo de lectura\" \/>\n\t<meta name=\"twitter:data2\" content=\"6 minutos\" \/>\n<script type=\"application\/ld+json\" class=\"yoast-schema-graph\">{\"@context\":\"https:\\\/\\\/schema.org\",\"@graph\":[{\"@type\":\"Article\",\"@id\":\"https:\\\/\\\/dudasytextos.com\\\/filologia\\\/idiomas\\\/idioma-oficial-de-viena\\\/#article\",\"isPartOf\":{\"@id\":\"https:\\\/\\\/dudasytextos.com\\\/filologia\\\/idiomas\\\/idioma-oficial-de-viena\\\/\"},\"author\":{\"name\":\"Ivan Ledezma\",\"@id\":\"https:\\\/\\\/dudasytextos.com\\\/filologia\\\/#\\\/schema\\\/person\\\/783c82dfe2168ecd3b38c2dd7eec4078\"},\"headline\":\"Viena declara el alem\u00e1n como su idioma oficial\",\"datePublished\":\"2025-10-07T08:40:27+00:00\",\"dateModified\":\"2025-11-06T10:58:18+00:00\",\"mainEntityOfPage\":{\"@id\":\"https:\\\/\\\/dudasytextos.com\\\/filologia\\\/idiomas\\\/idioma-oficial-de-viena\\\/\"},\"wordCount\":1276,\"publisher\":{\"@id\":\"https:\\\/\\\/dudasytextos.com\\\/filologia\\\/#organization\"},\"image\":{\"@id\":\"https:\\\/\\\/dudasytextos.com\\\/filologia\\\/idiomas\\\/idioma-oficial-de-viena\\\/#primaryimage\"},\"thumbnailUrl\":\"https:\\\/\\\/dudasytextos.com\\\/filologia\\\/wp-content\\\/uploads\\\/2023\\\/03\\\/T82ZIGDvSks.jpg\",\"articleSection\":[\"Idiomas\"],\"inLanguage\":\"es\"},{\"@type\":\"WebPage\",\"@id\":\"https:\\\/\\\/dudasytextos.com\\\/filologia\\\/idiomas\\\/idioma-oficial-de-viena\\\/\",\"url\":\"https:\\\/\\\/dudasytextos.com\\\/filologia\\\/idiomas\\\/idioma-oficial-de-viena\\\/\",\"name\":\"Viena declara el alem\u00e1n como su idioma oficial [2026]\",\"isPartOf\":{\"@id\":\"https:\\\/\\\/dudasytextos.com\\\/filologia\\\/#website\"},\"primaryImageOfPage\":{\"@id\":\"https:\\\/\\\/dudasytextos.com\\\/filologia\\\/idiomas\\\/idioma-oficial-de-viena\\\/#primaryimage\"},\"image\":{\"@id\":\"https:\\\/\\\/dudasytextos.com\\\/filologia\\\/idiomas\\\/idioma-oficial-de-viena\\\/#primaryimage\"},\"thumbnailUrl\":\"https:\\\/\\\/dudasytextos.com\\\/filologia\\\/wp-content\\\/uploads\\\/2023\\\/03\\\/T82ZIGDvSks.jpg\",\"datePublished\":\"2025-10-07T08:40:27+00:00\",\"dateModified\":\"2025-11-06T10:58:18+00:00\",\"description\":\"\u27a4 Viena declara el alem\u00e1n como su idioma oficial \u261d Viena, la capital de Austria, es uno de los destinos tur\u00edsticos m\u00e1s populares de Europa. Conocida por su elegancia, cultura y sofisticaci\u00f3n, la ciudad es ... \u27a4\",\"breadcrumb\":{\"@id\":\"https:\\\/\\\/dudasytextos.com\\\/filologia\\\/idiomas\\\/idioma-oficial-de-viena\\\/#breadcrumb\"},\"inLanguage\":\"es\",\"potentialAction\":[{\"@type\":\"ReadAction\",\"target\":[\"https:\\\/\\\/dudasytextos.com\\\/filologia\\\/idiomas\\\/idioma-oficial-de-viena\\\/\"]}]},{\"@type\":\"ImageObject\",\"inLanguage\":\"es\",\"@id\":\"https:\\\/\\\/dudasytextos.com\\\/filologia\\\/idiomas\\\/idioma-oficial-de-viena\\\/#primaryimage\",\"url\":\"https:\\\/\\\/dudasytextos.com\\\/filologia\\\/wp-content\\\/uploads\\\/2023\\\/03\\\/T82ZIGDvSks.jpg\",\"contentUrl\":\"https:\\\/\\\/dudasytextos.com\\\/filologia\\\/wp-content\\\/uploads\\\/2023\\\/03\\\/T82ZIGDvSks.jpg\",\"width\":768,\"height\":432},{\"@type\":\"BreadcrumbList\",\"@id\":\"https:\\\/\\\/dudasytextos.com\\\/filologia\\\/idiomas\\\/idioma-oficial-de-viena\\\/#breadcrumb\",\"itemListElement\":[{\"@type\":\"ListItem\",\"position\":1,\"name\":\"Portada\",\"item\":\"https:\\\/\\\/dudasytextos.com\\\/filologia\\\/\"},{\"@type\":\"ListItem\",\"position\":2,\"name\":\"Viena declara el alem\u00e1n como su idioma oficial\"}]},{\"@type\":\"WebSite\",\"@id\":\"https:\\\/\\\/dudasytextos.com\\\/filologia\\\/#website\",\"url\":\"https:\\\/\\\/dudasytextos.com\\\/filologia\\\/\",\"name\":\"dudasytextos.com\\\/filologia\",\"description\":\"Idiomas de todo el mundo\",\"publisher\":{\"@id\":\"https:\\\/\\\/dudasytextos.com\\\/filologia\\\/#organization\"},\"potentialAction\":[{\"@type\":\"SearchAction\",\"target\":{\"@type\":\"EntryPoint\",\"urlTemplate\":\"https:\\\/\\\/dudasytextos.com\\\/filologia\\\/?s={search_term_string}\"},\"query-input\":{\"@type\":\"PropertyValueSpecification\",\"valueRequired\":true,\"valueName\":\"search_term_string\"}}],\"inLanguage\":\"es\"},{\"@type\":\"Organization\",\"@id\":\"https:\\\/\\\/dudasytextos.com\\\/filologia\\\/#organization\",\"name\":\"dudasytextos.com\\\/filologia\",\"url\":\"https:\\\/\\\/dudasytextos.com\\\/filologia\\\/\",\"logo\":{\"@type\":\"ImageObject\",\"inLanguage\":\"es\",\"@id\":\"https:\\\/\\\/dudasytextos.com\\\/filologia\\\/#\\\/schema\\\/logo\\\/image\\\/\",\"url\":\"\",\"contentUrl\":\"\",\"caption\":\"dudasytextos.com\\\/filologia\"},\"image\":{\"@id\":\"https:\\\/\\\/dudasytextos.com\\\/filologia\\\/#\\\/schema\\\/logo\\\/image\\\/\"}},{\"@type\":\"Person\",\"@id\":\"https:\\\/\\\/dudasytextos.com\\\/filologia\\\/#\\\/schema\\\/person\\\/783c82dfe2168ecd3b38c2dd7eec4078\",\"name\":\"Ivan Ledezma\",\"image\":{\"@type\":\"ImageObject\",\"inLanguage\":\"es\",\"@id\":\"https:\\\/\\\/secure.gravatar.com\\\/avatar\\\/3661a7367878a627d1b62cd939968665c6808a7d81bd53a932caed2698d4607e?s=96&d=mm&r=g\",\"url\":\"https:\\\/\\\/secure.gravatar.com\\\/avatar\\\/3661a7367878a627d1b62cd939968665c6808a7d81bd53a932caed2698d4607e?s=96&d=mm&r=g\",\"contentUrl\":\"https:\\\/\\\/secure.gravatar.com\\\/avatar\\\/3661a7367878a627d1b62cd939968665c6808a7d81bd53a932caed2698d4607e?s=96&d=mm&r=g\",\"caption\":\"Ivan Ledezma\"},\"description\":\"Soy Ivan Ledezma especialista en lenguas internacionales y en mi blog te cuento parte de mis experiencias desarrollando esta profesi\u00f3n\",\"sameAs\":[\"https:\\\/\\\/dudasytextos.com\\\/filologia\"]}]}<\/script>\n<!-- \/ Yoast SEO plugin. -->","yoast_head_json":{"title":"Viena declara el alem\u00e1n como su idioma oficial [2026]","description":"\u27a4 Viena declara el alem\u00e1n como su idioma oficial \u261d Viena, la capital de Austria, es uno de los destinos tur\u00edsticos m\u00e1s populares de Europa. Conocida por su elegancia, cultura y sofisticaci\u00f3n, la ciudad es ... \u27a4","robots":{"index":"index","follow":"follow","max-snippet":"max-snippet:-1","max-image-preview":"max-image-preview:large","max-video-preview":"max-video-preview:-1"},"canonical":"https:\/\/dudasytextos.com\/filologia\/idiomas\/idioma-oficial-de-viena\/","og_locale":"es_ES","og_type":"article","og_title":"Viena declara el alem\u00e1n como su idioma oficial [2026]","og_description":"\u27a4 Viena declara el alem\u00e1n como su idioma oficial \u261d Viena, la capital de Austria, es uno de los destinos tur\u00edsticos m\u00e1s populares de Europa. Conocida por su elegancia, cultura y sofisticaci\u00f3n, la ciudad es ... \u27a4","og_url":"https:\/\/dudasytextos.com\/filologia\/idiomas\/idioma-oficial-de-viena\/","og_site_name":"ALTARIA.ES","article_published_time":"2025-10-07T08:40:27+00:00","article_modified_time":"2025-11-06T10:58:18+00:00","og_image":[{"width":768,"height":432,"url":"https:\/\/dudasytextos.com\/filologia\/wp-content\/uploads\/2023\/03\/T82ZIGDvSks.jpg","type":"image\/jpeg"}],"author":"Ivan Ledezma","twitter_card":"summary_large_image","twitter_misc":{"Escrito por":"Ivan Ledezma","Tiempo de lectura":"6 minutos"},"schema":{"@context":"https:\/\/schema.org","@graph":[{"@type":"Article","@id":"https:\/\/dudasytextos.com\/filologia\/idiomas\/idioma-oficial-de-viena\/#article","isPartOf":{"@id":"https:\/\/dudasytextos.com\/filologia\/idiomas\/idioma-oficial-de-viena\/"},"author":{"name":"Ivan Ledezma","@id":"https:\/\/dudasytextos.com\/filologia\/#\/schema\/person\/783c82dfe2168ecd3b38c2dd7eec4078"},"headline":"Viena declara el alem\u00e1n como su idioma oficial","datePublished":"2025-10-07T08:40:27+00:00","dateModified":"2025-11-06T10:58:18+00:00","mainEntityOfPage":{"@id":"https:\/\/dudasytextos.com\/filologia\/idiomas\/idioma-oficial-de-viena\/"},"wordCount":1276,"publisher":{"@id":"https:\/\/dudasytextos.com\/filologia\/#organization"},"image":{"@id":"https:\/\/dudasytextos.com\/filologia\/idiomas\/idioma-oficial-de-viena\/#primaryimage"},"thumbnailUrl":"https:\/\/dudasytextos.com\/filologia\/wp-content\/uploads\/2023\/03\/T82ZIGDvSks.jpg","articleSection":["Idiomas"],"inLanguage":"es"},{"@type":"WebPage","@id":"https:\/\/dudasytextos.com\/filologia\/idiomas\/idioma-oficial-de-viena\/","url":"https:\/\/dudasytextos.com\/filologia\/idiomas\/idioma-oficial-de-viena\/","name":"Viena declara el alem\u00e1n como su idioma oficial [2026]","isPartOf":{"@id":"https:\/\/dudasytextos.com\/filologia\/#website"},"primaryImageOfPage":{"@id":"https:\/\/dudasytextos.com\/filologia\/idiomas\/idioma-oficial-de-viena\/#primaryimage"},"image":{"@id":"https:\/\/dudasytextos.com\/filologia\/idiomas\/idioma-oficial-de-viena\/#primaryimage"},"thumbnailUrl":"https:\/\/dudasytextos.com\/filologia\/wp-content\/uploads\/2023\/03\/T82ZIGDvSks.jpg","datePublished":"2025-10-07T08:40:27+00:00","dateModified":"2025-11-06T10:58:18+00:00","description":"\u27a4 Viena declara el alem\u00e1n como su idioma oficial \u261d Viena, la capital de Austria, es uno de los destinos tur\u00edsticos m\u00e1s populares de Europa. Conocida por su elegancia, cultura y sofisticaci\u00f3n, la ciudad es ... \u27a4","breadcrumb":{"@id":"https:\/\/dudasytextos.com\/filologia\/idiomas\/idioma-oficial-de-viena\/#breadcrumb"},"inLanguage":"es","potentialAction":[{"@type":"ReadAction","target":["https:\/\/dudasytextos.com\/filologia\/idiomas\/idioma-oficial-de-viena\/"]}]},{"@type":"ImageObject","inLanguage":"es","@id":"https:\/\/dudasytextos.com\/filologia\/idiomas\/idioma-oficial-de-viena\/#primaryimage","url":"https:\/\/dudasytextos.com\/filologia\/wp-content\/uploads\/2023\/03\/T82ZIGDvSks.jpg","contentUrl":"https:\/\/dudasytextos.com\/filologia\/wp-content\/uploads\/2023\/03\/T82ZIGDvSks.jpg","width":768,"height":432},{"@type":"BreadcrumbList","@id":"https:\/\/dudasytextos.com\/filologia\/idiomas\/idioma-oficial-de-viena\/#breadcrumb","itemListElement":[{"@type":"ListItem","position":1,"name":"Portada","item":"https:\/\/dudasytextos.com\/filologia\/"},{"@type":"ListItem","position":2,"name":"Viena declara el alem\u00e1n como su idioma oficial"}]},{"@type":"WebSite","@id":"https:\/\/dudasytextos.com\/filologia\/#website","url":"https:\/\/dudasytextos.com\/filologia\/","name":"dudasytextos.com\/filologia","description":"Idiomas de todo el mundo","publisher":{"@id":"https:\/\/dudasytextos.com\/filologia\/#organization"},"potentialAction":[{"@type":"SearchAction","target":{"@type":"EntryPoint","urlTemplate":"https:\/\/dudasytextos.com\/filologia\/?s={search_term_string}"},"query-input":{"@type":"PropertyValueSpecification","valueRequired":true,"valueName":"search_term_string"}}],"inLanguage":"es"},{"@type":"Organization","@id":"https:\/\/dudasytextos.com\/filologia\/#organization","name":"dudasytextos.com\/filologia","url":"https:\/\/dudasytextos.com\/filologia\/","logo":{"@type":"ImageObject","inLanguage":"es","@id":"https:\/\/dudasytextos.com\/filologia\/#\/schema\/logo\/image\/","url":"","contentUrl":"","caption":"dudasytextos.com\/filologia"},"image":{"@id":"https:\/\/dudasytextos.com\/filologia\/#\/schema\/logo\/image\/"}},{"@type":"Person","@id":"https:\/\/dudasytextos.com\/filologia\/#\/schema\/person\/783c82dfe2168ecd3b38c2dd7eec4078","name":"Ivan Ledezma","image":{"@type":"ImageObject","inLanguage":"es","@id":"https:\/\/secure.gravatar.com\/avatar\/3661a7367878a627d1b62cd939968665c6808a7d81bd53a932caed2698d4607e?s=96&d=mm&r=g","url":"https:\/\/secure.gravatar.com\/avatar\/3661a7367878a627d1b62cd939968665c6808a7d81bd53a932caed2698d4607e?s=96&d=mm&r=g","contentUrl":"https:\/\/secure.gravatar.com\/avatar\/3661a7367878a627d1b62cd939968665c6808a7d81bd53a932caed2698d4607e?s=96&d=mm&r=g","caption":"Ivan Ledezma"},"description":"Soy Ivan Ledezma especialista en lenguas internacionales y en mi blog te cuento parte de mis experiencias desarrollando esta profesi\u00f3n","sameAs":["https:\/\/dudasytextos.com\/filologia"]}]}},"_links":{"self":[{"href":"https:\/\/dudasytextos.com\/filologia\/wp-json\/wp\/v2\/posts\/6154","targetHints":{"allow":["GET"]}}],"collection":[{"href":"https:\/\/dudasytextos.com\/filologia\/wp-json\/wp\/v2\/posts"}],"about":[{"href":"https:\/\/dudasytextos.com\/filologia\/wp-json\/wp\/v2\/types\/post"}],"author":[{"embeddable":true,"href":"https:\/\/dudasytextos.com\/filologia\/wp-json\/wp\/v2\/users\/1"}],"replies":[{"embeddable":true,"href":"https:\/\/dudasytextos.com\/filologia\/wp-json\/wp\/v2\/comments?post=6154"}],"version-history":[{"count":1,"href":"https:\/\/dudasytextos.com\/filologia\/wp-json\/wp\/v2\/posts\/6154\/revisions"}],"predecessor-version":[{"id":6155,"href":"https:\/\/dudasytextos.com\/filologia\/wp-json\/wp\/v2\/posts\/6154\/revisions\/6155"}],"wp:featuredmedia":[{"embeddable":true,"href":"https:\/\/dudasytextos.com\/filologia\/wp-json\/wp\/v2\/media\/637"}],"wp:attachment":[{"href":"https:\/\/dudasytextos.com\/filologia\/wp-json\/wp\/v2\/media?parent=6154"}],"wp:term":[{"taxonomy":"category","embeddable":true,"href":"https:\/\/dudasytextos.com\/filologia\/wp-json\/wp\/v2\/categories?post=6154"},{"taxonomy":"post_tag","embeddable":true,"href":"https:\/\/dudasytextos.com\/filologia\/wp-json\/wp\/v2\/tags?post=6154"}],"curies":[{"name":"wp","href":"https:\/\/api.w.org\/{rel}","templated":true}]}}