{"id":7534,"date":"2025-10-18T07:56:21","date_gmt":"2025-10-18T07:56:21","guid":{"rendered":"https:\/\/altaria.es\/?p=7534"},"modified":"2025-11-06T10:49:28","modified_gmt":"2025-11-06T10:49:28","slug":"idioma-calo-en-espana","status":"publish","type":"post","link":"https:\/\/dudasytextos.com\/filologia\/idiomas\/idioma-calo-en-espana\/","title":{"rendered":"Descubre el fascinante idioma cal\u00f3 presente en Espa\u00f1a"},"content":{"rendered":"<p>El <a href=\"https:\/\/dudasytextos.com\/filologia\/idiomas\/que-significa-idioma-materno\/\">idioma<\/a> cal\u00f3 es una lengua minoritaria que se habla en Espa\u00f1a desde hace siglos. Es una forma de jerga que naci\u00f3 entre los gitanos y que se ha mantenido en el tiempo gracias a la transmisi\u00f3n oral de una generaci\u00f3n a otra. Aunque no se sabe con exactitud cu\u00e1ntos hablantes hay de cal\u00f3 en Espa\u00f1a, se estima que puede haber entre 50.000 y 70.000 personas que lo utilizan en su d\u00eda a d\u00eda. En este art\u00edculo, profundizaremos en la historia y evoluci\u00f3n del cal\u00f3 en Espa\u00f1a, su gram\u00e1tica y caracter\u00edsticas ling\u00fc\u00edsticas, as\u00ed como en su situaci\u00f3n actual en nuestro pa\u00eds.<\/p>\n<div style=\"float: none;clear: both;width: 100%;position: relative;padding-bottom: 68%;padding-top: 25px;height: 0;\"><iframe style=\"position: absolute; top: 0; left: 0; width: 100%;height: 100%;\" src=\"https:\/\/www.youtube.com\/embed\/R8eQhgbeytA\" frameborder=\"0\" allowfullscreen=\"allowfullscreen\"><\/iframe><\/div>\n<p><\/p>\n<ul>\n<li>El idioma cal\u00f3 es una lengua roman\u00ed que se utiliza en Espa\u00f1a principalmente por la comunidad gitana. Aunque no est\u00e1 reconocida oficialmente como lengua cooficial en ninguna regi\u00f3n, se estima que cerca de 50.000 personas en Espa\u00f1a lo hablan o lo entienden.<\/li>\n<li>El cal\u00f3 se caracteriza por su fuerte influencia del castellano y por la presencia de palabras de origen romani y de otras lenguas, como el \u00e1rabe, el griego y el turco. Adem\u00e1s, presenta diferencias dialectales seg\u00fan la regi\u00f3n en la que se utilice.<\/li>\n<li>A pesar de que el cal\u00f3 tiene una larga historia en Espa\u00f1a, su uso se ha ido reduciendo en las \u00faltimas d\u00e9cadas debido a la creciente integraci\u00f3n de la comunidad gitana en la sociedad espa\u00f1ola y al desconocimiento del idioma por parte de las nuevas generaciones. Sin embargo, a\u00fan se considera un elemento importante de la identidad cultural gitana y algunos grupos est\u00e1n luchando por su conservaci\u00f3n y promoci\u00f3n.<\/li>\n<\/ul>\n<h2>\u00bfQu\u00e9 significa cal\u00f3 en Espa\u00f1a?<\/h2>\n<p>El cal\u00f3 es un idioma mixto utilizado por la comunidad gitana en Espa\u00f1a, desarrollado entre los siglos XV y XVIII. Se compone de un l\u00e9xico derivado del roman\u00ed, pero se articula a trav\u00e9s de la sintaxis y gram\u00e1tica del castellano, catal\u00e1n, vasco o portugu\u00e9s. Este lenguaje es una parte importante de la cultura gitana en Espa\u00f1a y se ha utilizado por generaciones en la transmisi\u00f3n de historias y tradiciones, as\u00ed como en la comunicaci\u00f3n cotidiana.<\/p>\n<p>El cal\u00f3 es una lengua mixta hablada por la comunidad gitana en Espa\u00f1a, surgida entre los siglos XV y XVIII. Es un idioma compuesto por palabras del roman\u00ed y estructuras gramaticales del castellano, catal\u00e1n, vasco o portugu\u00e9s. Este lenguaje se ha utilizado durante generaciones para transmitir tradiciones y contar historias en la cultura gitana espa\u00f1ola.<\/p>\n<h2>\u00bfQu\u00e9 significa hablar en cal\u00f3 en espa\u00f1ol?<\/h2>\n<p>Hablar en cal\u00f3 en espa\u00f1ol implica el uso de un lenguaje propio de la cultura gitana, que tiene una historia que se remonta a cientos de a\u00f1os. Aunque algunos t\u00e9rminos del cal\u00f3 pueden haber ca\u00eddo en desuso, otros todav\u00eda se utilizan con frecuencia en la actualidad, como camelar, naquerar, chanelar y jallar. Adem\u00e1s, algunos t\u00e9rminos del roman\u00ed, como chaval, currar y parn\u00e9, se han integrado en el lenguaje cotidiano. Hablar en cal\u00f3 es una forma de mantener vivas las tradiciones de la cultura gitana y de entender mejor su forma de vida.<\/p>\n<p>El cal\u00f3 es un lenguaje propio de la cultura gitana que a\u00fan se utiliza en la actualidad con t\u00e9rminos como camelar y chanelar. Algunos t\u00e9rminos del roman\u00ed se han integrado en lenguaje cotidiano, como chaval, currar y parn\u00e9. Hablar en cal\u00f3 es una forma de mantener vivas las tradiciones de esta cultura y comprender mejor su forma de vida.<\/p>\n<h2>\u00bfCu\u00e1l es la manera de decir buenos d\u00edas en cal\u00f3?<\/h2>\n<p>En cal\u00f3, una lengua utilizada por la comunidad gitana, se dice \u00abLachos chibeses\u00bb para dar los buenos d\u00edas. Esta expresi\u00f3n es muy com\u00fan y se utiliza en diferentes pa\u00edses donde se habla este idioma, como Espa\u00f1a, Portugal y algunos pa\u00edses de Am\u00e9rica Latina. Adem\u00e1s, los gitanos suelen saludar con un gesto de la mano, que consiste en golpear la frente y el coraz\u00f3n para simbolizar el respeto y el cari\u00f1o hacia la otra persona. La cultura gitana tiene muchas particularidades que merecen ser conocidas y valoradas.<\/p>\n<p>La lengua cal\u00f3 usada por la comunidad gitana tiene una expresi\u00f3n muy com\u00fan para saludar en diferentes pa\u00edses como Espa\u00f1a, Portugal y algunos pa\u00edses de Am\u00e9rica Latina. Adem\u00e1s del saludo, los gitanos tienen un gesto con la mano que simboliza el respeto y el cari\u00f1o hacia la persona. La cultura gitana es muy interesante y se debe valorar.<\/p>\n<h2>El idioma Cal\u00f3 en Espa\u00f1a: origen, evoluci\u00f3n y caracter\u00edsticas<\/h2>\n<p>El idioma Cal\u00f3, tambi\u00e9n conocido como Gitano o Roman\u00f3, es una lengua minoritaria que se habla en diferentes partes de Espa\u00f1a, especialmente en Madrid, Catalu\u00f1a y Andaluc\u00eda. Su origen se remonta al siglo XV cuando los primeros gitanos llegaron a la Pen\u00ednsula Ib\u00e9rica procedentes de India. A lo largo de los siglos, el Cal\u00f3 ha evolucionado y ha incorporado diversas influencias de las lenguas de los pa\u00edses en los que los gitanos se han asentado. Es un idioma rico en t\u00e9rminos relacionados con la vida cotidiana de esta comunidad y est\u00e1 considerado una de las se\u00f1as de identidad de los gitanos en Espa\u00f1a.<\/p>\n<p>El idioma Cal\u00f3, utilizado por la comunidad gitana en Espa\u00f1a, tiene su origen en el siglo XV cuando los primeros gitanos llegaron de la India. A lo largo de los siglos, ha evolucionado y se ha enriquecido con influencias de las lenguas locales. Es una se\u00f1al de identidad importante para los gitanos en Espa\u00f1a.<\/p>\n<h2>El Cal\u00f3 en la sociedad espa\u00f1ola: an\u00e1lisis socioling\u00fc\u00edstico y retos actuales<\/h2>\n<p>El Cal\u00f3, tambi\u00e9n conocido como roman\u00ed o gitano, es una lengua minoritaria presente en la sociedad espa\u00f1ola. Su uso est\u00e1 principalmente limitado a la comunidad gitana, aunque tambi\u00e9n existe una variante propia de los Vlax de Caldar\u00eda y de los Lovara. El an\u00e1lisis socioling\u00fc\u00edstico del Cal\u00f3 se centra en su alta competencia en los hablantes biling\u00fces, lo que demuestra la capacidad de las lenguas minoritarias para coexistir con el idioma predominante de una sociedad. Sin embargo, todav\u00eda existen retos actuales en la preservaci\u00f3n y promoci\u00f3n del Cal\u00f3 dentro de la sociedad espa\u00f1ola.<\/p>\n<p>El Cal\u00f3 es una lengua minoritaria presente en la sociedad espa\u00f1ola, principalmente limitada a la comunidad gitana. Adem\u00e1s, el an\u00e1lisis socioling\u00fc\u00edstico ha demostrado una alta competencia en los hablantes biling\u00fces, pero todav\u00eda existen retos en la preservaci\u00f3n y promoci\u00f3n del Cal\u00f3 en la sociedad.<\/p>\n<h2>El papel del Cal\u00f3 en la cultura gitana espa\u00f1ola: tradici\u00f3n oral y transmisi\u00f3n intergeneracional<\/h2>\n<p>El Cal\u00f3 es el dialecto com\u00fanmente utilizado por los gitanos espa\u00f1oles y constituye una parte fundamental de su cultura. Se trata de una lengua de tradici\u00f3n oral, que se ha transmitido de generaci\u00f3n en generaci\u00f3n y que es considerada como uno de los pilares de la identidad gitana. A trav\u00e9s del Cal\u00f3, los gitanos han preservado sus costumbres, su m\u00fasica y su historia, y han logrado mantenerse unidos como comunidad a lo largo del tiempo. A pesar de la presi\u00f3n <a href=\"https:\/\/dudasytextos.com\/filologia\/blog\/el-educador-social-es-clave-para-gestionar-las-crisis-del-siglo-xxi\/\">social<\/a> y la discriminaci\u00f3n que han sufrido, los gitanos han sabido mantener vivo su idioma y su cultura, demostrando una gran capacidad de resistencia y adaptaci\u00f3n.<\/p>\n<p>El Cal\u00f3 es un dialecto fundamental en la cultura gitana, transmitido de generaci\u00f3n en generaci\u00f3n. Ha permitido a la comunidad gitana preservar su identidad y costumbres, resistiendo la discriminaci\u00f3n social. Su capacidad de adaptaci\u00f3n lo ha mantenido vivo hasta hoy.<\/p>\n<h2>El Cal\u00f3 en la literatura y el arte: representaciones y desaf\u00edos en la Espa\u00f1a contempor\u00e1nea<\/h2>\n<p>El Cal\u00f3 es una lengua de origen roman\u00ed que ha sido utilizada en la literatura y el arte en la Espa\u00f1a contempor\u00e1nea para explorar la identidad y la marginalidad de la comunidad gitana. Aunque ha habido desaf\u00edos en la representaci\u00f3n de esta lengua y cultura en la literatura y el arte, especialmente en su estereotipaci\u00f3n y uso poco cuidadoso, tambi\u00e9n ha habido intentos de utilizar el Cal\u00f3 para descolonizar y empoderar a la comunidad gitana en la cultura dominante. En la actualidad, el Cal\u00f3 se encuentra en un momento de revitalizaci\u00f3n y reivindicaci\u00f3n como parte de la lucha contra la discriminaci\u00f3n y el racismo hacia la comunidad gitana en Espa\u00f1a.<\/p>\n<p>En la Espa\u00f1a contempor\u00e1nea, la lengua Cal\u00f3 ha sido utilizada como herramienta para explorar la identidad y marginalidad de la comunidad gitana, pero tambi\u00e9n ha sido objeto de estereotipaci\u00f3n y mal uso. Sin embargo, se han hecho esfuerzos para descolonizar y empoderar a la comunidad gitana utilizando el Cal\u00f3. Hoy en d\u00eda, el Cal\u00f3 est\u00e1 experimentando un renacimiento en la lucha contra la discriminaci\u00f3n y el racismo hacia la comunidad gitana.<\/p>\n<div style=\"float: none;clear: both;width: 100%;position: relative;padding-bottom: 68%;padding-top: 25px;height: 0;\"><iframe style=\"position: absolute; top: 0; left: 0; width: 100%;height: 100%;\" src=\"https:\/\/www.youtube.com\/embed\/OW1U3YR5tuU\" frameborder=\"0\" allowfullscreen=\"allowfullscreen\"><\/iframe><\/div>\n<p><\/p>\n<p>El idioma Cal\u00f3 ha tenido una larga trayectoria en Espa\u00f1a, y aunque su uso se ha visto disminuido y es considerado una lengua en peligro de extinci\u00f3n, sigue siendo una parte importante de la cultura y la historia de los gitanos espa\u00f1oles. A medida que el mundo avanza y las culturas se mezclan, el Cal\u00f3 experimenta una evoluci\u00f3n constante, incorporando nuevas palabras y conceptos. Para preservar esta lengua \u00fanica, es importante no s\u00f3lo documentar su existencia, sino tambi\u00e9n valorar a aquellos que lo hablan y crear oportunidades para su aprendizaje y ense\u00f1anza. El idioma Cal\u00f3 en Espa\u00f1a tiene a\u00fan mucho por descubrir y es el deber de la sociedad espa\u00f1ola continuar luchando por su conservaci\u00f3n y promoci\u00f3n como patrimonio cultural.<\/p>\n","protected":false},"excerpt":{"rendered":"<p>El idioma cal\u00f3 es una lengua minoritaria que se habla en Espa\u00f1a desde hace siglos. Es una forma de jerga que naci\u00f3 entre los gitanos y que se ha mantenido en el tiempo gracias a la transmisi\u00f3n oral de una generaci\u00f3n a otra. Aunque no se sabe con exactitud cu\u00e1ntos hablantes hay de cal\u00f3 en\u2026 <span class=\"read-more\"><a href=\"https:\/\/dudasytextos.com\/filologia\/idiomas\/idioma-calo-en-espana\/\">Leer m\u00e1s &raquo;<\/a><\/span><\/p>\n","protected":false},"author":1,"featured_media":7536,"comment_status":"closed","ping_status":"closed","sticky":false,"template":"","format":"standard","meta":{"footnotes":""},"categories":[9],"tags":[],"class_list":["post-7534","post","type-post","status-publish","format-standard","has-post-thumbnail","hentry","category-idiomas"],"yoast_head":"<!-- This site is optimized with the Yoast SEO plugin v28.4 - https:\/\/yoast.com\/product\/yoast-seo-wordpress\/ -->\n<title>Descubre el fascinante idioma cal\u00f3 presente en Espa\u00f1a [2026]<\/title>\n<meta name=\"description\" content=\"\u27a4 Descubre el fascinante idioma cal\u00f3 presente en Espa\u00f1a \u261d El idioma cal\u00f3 es una lengua minoritaria que se habla en Espa\u00f1a desde hace siglos. Es una forma de jerga que naci\u00f3 entre los gitanos y que se ha mantenido ... \u27a4\" \/>\n<meta name=\"robots\" content=\"index, follow, max-snippet:-1, max-image-preview:large, max-video-preview:-1\" \/>\n<link rel=\"canonical\" href=\"https:\/\/dudasytextos.com\/filologia\/idiomas\/idioma-calo-en-espana\/\" \/>\n<meta property=\"og:locale\" content=\"es_ES\" \/>\n<meta property=\"og:type\" content=\"article\" \/>\n<meta property=\"og:title\" content=\"Descubre el fascinante idioma cal\u00f3 presente en Espa\u00f1a [2026]\" \/>\n<meta property=\"og:description\" content=\"\u27a4 Descubre el fascinante idioma cal\u00f3 presente en Espa\u00f1a \u261d El idioma cal\u00f3 es una lengua minoritaria que se habla en Espa\u00f1a desde hace siglos. Es una forma de jerga que naci\u00f3 entre los gitanos y que se ha mantenido ... \u27a4\" \/>\n<meta property=\"og:url\" content=\"https:\/\/dudasytextos.com\/filologia\/idiomas\/idioma-calo-en-espana\/\" \/>\n<meta property=\"og:site_name\" content=\"ALTARIA.ES\" \/>\n<meta property=\"article:published_time\" content=\"2025-10-18T07:56:21+00:00\" \/>\n<meta property=\"article:modified_time\" content=\"2025-11-06T10:49:28+00:00\" \/>\n<meta property=\"og:image\" content=\"https:\/\/dudasytextos.com\/filologia\/wp-content\/uploads\/2023\/05\/R8eQhgbeytA.jpg\" \/>\n\t<meta property=\"og:image:width\" content=\"480\" \/>\n\t<meta property=\"og:image:height\" content=\"360\" \/>\n\t<meta property=\"og:image:type\" content=\"image\/jpeg\" \/>\n<meta name=\"author\" content=\"Ivan Ledezma\" \/>\n<meta name=\"twitter:card\" content=\"summary_large_image\" \/>\n<meta name=\"twitter:label1\" content=\"Escrito por\" \/>\n\t<meta name=\"twitter:data1\" content=\"Ivan Ledezma\" \/>\n\t<meta name=\"twitter:label2\" content=\"Tiempo de lectura\" \/>\n\t<meta name=\"twitter:data2\" content=\"8 minutos\" \/>\n<script type=\"application\/ld+json\" class=\"yoast-schema-graph\">{\"@context\":\"https:\\\/\\\/schema.org\",\"@graph\":[{\"@type\":\"Article\",\"@id\":\"https:\\\/\\\/dudasytextos.com\\\/filologia\\\/idiomas\\\/idioma-calo-en-espana\\\/#article\",\"isPartOf\":{\"@id\":\"https:\\\/\\\/dudasytextos.com\\\/filologia\\\/idiomas\\\/idioma-calo-en-espana\\\/\"},\"author\":{\"name\":\"Ivan Ledezma\",\"@id\":\"https:\\\/\\\/dudasytextos.com\\\/filologia\\\/#\\\/schema\\\/person\\\/783c82dfe2168ecd3b38c2dd7eec4078\"},\"headline\":\"Descubre el fascinante idioma cal\u00f3 presente en Espa\u00f1a\",\"datePublished\":\"2025-10-18T07:56:21+00:00\",\"dateModified\":\"2025-11-06T10:49:28+00:00\",\"mainEntityOfPage\":{\"@id\":\"https:\\\/\\\/dudasytextos.com\\\/filologia\\\/idiomas\\\/idioma-calo-en-espana\\\/\"},\"wordCount\":1657,\"publisher\":{\"@id\":\"https:\\\/\\\/dudasytextos.com\\\/filologia\\\/#organization\"},\"image\":{\"@id\":\"https:\\\/\\\/dudasytextos.com\\\/filologia\\\/idiomas\\\/idioma-calo-en-espana\\\/#primaryimage\"},\"thumbnailUrl\":\"https:\\\/\\\/dudasytextos.com\\\/filologia\\\/wp-content\\\/uploads\\\/2023\\\/05\\\/R8eQhgbeytA.jpg\",\"articleSection\":[\"Idiomas\"],\"inLanguage\":\"es\"},{\"@type\":\"WebPage\",\"@id\":\"https:\\\/\\\/dudasytextos.com\\\/filologia\\\/idiomas\\\/idioma-calo-en-espana\\\/\",\"url\":\"https:\\\/\\\/dudasytextos.com\\\/filologia\\\/idiomas\\\/idioma-calo-en-espana\\\/\",\"name\":\"Descubre el fascinante idioma cal\u00f3 presente en Espa\u00f1a [2026]\",\"isPartOf\":{\"@id\":\"https:\\\/\\\/dudasytextos.com\\\/filologia\\\/#website\"},\"primaryImageOfPage\":{\"@id\":\"https:\\\/\\\/dudasytextos.com\\\/filologia\\\/idiomas\\\/idioma-calo-en-espana\\\/#primaryimage\"},\"image\":{\"@id\":\"https:\\\/\\\/dudasytextos.com\\\/filologia\\\/idiomas\\\/idioma-calo-en-espana\\\/#primaryimage\"},\"thumbnailUrl\":\"https:\\\/\\\/dudasytextos.com\\\/filologia\\\/wp-content\\\/uploads\\\/2023\\\/05\\\/R8eQhgbeytA.jpg\",\"datePublished\":\"2025-10-18T07:56:21+00:00\",\"dateModified\":\"2025-11-06T10:49:28+00:00\",\"description\":\"\u27a4 Descubre el fascinante idioma cal\u00f3 presente en Espa\u00f1a \u261d El idioma cal\u00f3 es una lengua minoritaria que se habla en Espa\u00f1a desde hace siglos. Es una forma de jerga que naci\u00f3 entre los gitanos y que se ha mantenido ... \u27a4\",\"breadcrumb\":{\"@id\":\"https:\\\/\\\/dudasytextos.com\\\/filologia\\\/idiomas\\\/idioma-calo-en-espana\\\/#breadcrumb\"},\"inLanguage\":\"es\",\"potentialAction\":[{\"@type\":\"ReadAction\",\"target\":[\"https:\\\/\\\/dudasytextos.com\\\/filologia\\\/idiomas\\\/idioma-calo-en-espana\\\/\"]}]},{\"@type\":\"ImageObject\",\"inLanguage\":\"es\",\"@id\":\"https:\\\/\\\/dudasytextos.com\\\/filologia\\\/idiomas\\\/idioma-calo-en-espana\\\/#primaryimage\",\"url\":\"https:\\\/\\\/dudasytextos.com\\\/filologia\\\/wp-content\\\/uploads\\\/2023\\\/05\\\/R8eQhgbeytA.jpg\",\"contentUrl\":\"https:\\\/\\\/dudasytextos.com\\\/filologia\\\/wp-content\\\/uploads\\\/2023\\\/05\\\/R8eQhgbeytA.jpg\",\"width\":480,\"height\":360},{\"@type\":\"BreadcrumbList\",\"@id\":\"https:\\\/\\\/dudasytextos.com\\\/filologia\\\/idiomas\\\/idioma-calo-en-espana\\\/#breadcrumb\",\"itemListElement\":[{\"@type\":\"ListItem\",\"position\":1,\"name\":\"Portada\",\"item\":\"https:\\\/\\\/dudasytextos.com\\\/filologia\\\/\"},{\"@type\":\"ListItem\",\"position\":2,\"name\":\"Descubre el fascinante idioma cal\u00f3 presente en Espa\u00f1a\"}]},{\"@type\":\"WebSite\",\"@id\":\"https:\\\/\\\/dudasytextos.com\\\/filologia\\\/#website\",\"url\":\"https:\\\/\\\/dudasytextos.com\\\/filologia\\\/\",\"name\":\"dudasytextos.com\\\/filologia\",\"description\":\"Idiomas de todo el mundo\",\"publisher\":{\"@id\":\"https:\\\/\\\/dudasytextos.com\\\/filologia\\\/#organization\"},\"potentialAction\":[{\"@type\":\"SearchAction\",\"target\":{\"@type\":\"EntryPoint\",\"urlTemplate\":\"https:\\\/\\\/dudasytextos.com\\\/filologia\\\/?s={search_term_string}\"},\"query-input\":{\"@type\":\"PropertyValueSpecification\",\"valueRequired\":true,\"valueName\":\"search_term_string\"}}],\"inLanguage\":\"es\"},{\"@type\":\"Organization\",\"@id\":\"https:\\\/\\\/dudasytextos.com\\\/filologia\\\/#organization\",\"name\":\"dudasytextos.com\\\/filologia\",\"url\":\"https:\\\/\\\/dudasytextos.com\\\/filologia\\\/\",\"logo\":{\"@type\":\"ImageObject\",\"inLanguage\":\"es\",\"@id\":\"https:\\\/\\\/dudasytextos.com\\\/filologia\\\/#\\\/schema\\\/logo\\\/image\\\/\",\"url\":\"\",\"contentUrl\":\"\",\"caption\":\"dudasytextos.com\\\/filologia\"},\"image\":{\"@id\":\"https:\\\/\\\/dudasytextos.com\\\/filologia\\\/#\\\/schema\\\/logo\\\/image\\\/\"}},{\"@type\":\"Person\",\"@id\":\"https:\\\/\\\/dudasytextos.com\\\/filologia\\\/#\\\/schema\\\/person\\\/783c82dfe2168ecd3b38c2dd7eec4078\",\"name\":\"Ivan Ledezma\",\"image\":{\"@type\":\"ImageObject\",\"inLanguage\":\"es\",\"@id\":\"https:\\\/\\\/secure.gravatar.com\\\/avatar\\\/3661a7367878a627d1b62cd939968665c6808a7d81bd53a932caed2698d4607e?s=96&d=mm&r=g\",\"url\":\"https:\\\/\\\/secure.gravatar.com\\\/avatar\\\/3661a7367878a627d1b62cd939968665c6808a7d81bd53a932caed2698d4607e?s=96&d=mm&r=g\",\"contentUrl\":\"https:\\\/\\\/secure.gravatar.com\\\/avatar\\\/3661a7367878a627d1b62cd939968665c6808a7d81bd53a932caed2698d4607e?s=96&d=mm&r=g\",\"caption\":\"Ivan Ledezma\"},\"description\":\"Soy Ivan Ledezma especialista en lenguas internacionales y en mi blog te cuento parte de mis experiencias desarrollando esta profesi\u00f3n\",\"sameAs\":[\"https:\\\/\\\/dudasytextos.com\\\/filologia\"]}]}<\/script>\n<!-- \/ Yoast SEO plugin. -->","yoast_head_json":{"title":"Descubre el fascinante idioma cal\u00f3 presente en Espa\u00f1a [2026]","description":"\u27a4 Descubre el fascinante idioma cal\u00f3 presente en Espa\u00f1a \u261d El idioma cal\u00f3 es una lengua minoritaria que se habla en Espa\u00f1a desde hace siglos. Es una forma de jerga que naci\u00f3 entre los gitanos y que se ha mantenido ... \u27a4","robots":{"index":"index","follow":"follow","max-snippet":"max-snippet:-1","max-image-preview":"max-image-preview:large","max-video-preview":"max-video-preview:-1"},"canonical":"https:\/\/dudasytextos.com\/filologia\/idiomas\/idioma-calo-en-espana\/","og_locale":"es_ES","og_type":"article","og_title":"Descubre el fascinante idioma cal\u00f3 presente en Espa\u00f1a [2026]","og_description":"\u27a4 Descubre el fascinante idioma cal\u00f3 presente en Espa\u00f1a \u261d El idioma cal\u00f3 es una lengua minoritaria que se habla en Espa\u00f1a desde hace siglos. Es una forma de jerga que naci\u00f3 entre los gitanos y que se ha mantenido ... \u27a4","og_url":"https:\/\/dudasytextos.com\/filologia\/idiomas\/idioma-calo-en-espana\/","og_site_name":"ALTARIA.ES","article_published_time":"2025-10-18T07:56:21+00:00","article_modified_time":"2025-11-06T10:49:28+00:00","og_image":[{"width":480,"height":360,"url":"https:\/\/dudasytextos.com\/filologia\/wp-content\/uploads\/2023\/05\/R8eQhgbeytA.jpg","type":"image\/jpeg"}],"author":"Ivan Ledezma","twitter_card":"summary_large_image","twitter_misc":{"Escrito por":"Ivan Ledezma","Tiempo de lectura":"8 minutos"},"schema":{"@context":"https:\/\/schema.org","@graph":[{"@type":"Article","@id":"https:\/\/dudasytextos.com\/filologia\/idiomas\/idioma-calo-en-espana\/#article","isPartOf":{"@id":"https:\/\/dudasytextos.com\/filologia\/idiomas\/idioma-calo-en-espana\/"},"author":{"name":"Ivan Ledezma","@id":"https:\/\/dudasytextos.com\/filologia\/#\/schema\/person\/783c82dfe2168ecd3b38c2dd7eec4078"},"headline":"Descubre el fascinante idioma cal\u00f3 presente en Espa\u00f1a","datePublished":"2025-10-18T07:56:21+00:00","dateModified":"2025-11-06T10:49:28+00:00","mainEntityOfPage":{"@id":"https:\/\/dudasytextos.com\/filologia\/idiomas\/idioma-calo-en-espana\/"},"wordCount":1657,"publisher":{"@id":"https:\/\/dudasytextos.com\/filologia\/#organization"},"image":{"@id":"https:\/\/dudasytextos.com\/filologia\/idiomas\/idioma-calo-en-espana\/#primaryimage"},"thumbnailUrl":"https:\/\/dudasytextos.com\/filologia\/wp-content\/uploads\/2023\/05\/R8eQhgbeytA.jpg","articleSection":["Idiomas"],"inLanguage":"es"},{"@type":"WebPage","@id":"https:\/\/dudasytextos.com\/filologia\/idiomas\/idioma-calo-en-espana\/","url":"https:\/\/dudasytextos.com\/filologia\/idiomas\/idioma-calo-en-espana\/","name":"Descubre el fascinante idioma cal\u00f3 presente en Espa\u00f1a [2026]","isPartOf":{"@id":"https:\/\/dudasytextos.com\/filologia\/#website"},"primaryImageOfPage":{"@id":"https:\/\/dudasytextos.com\/filologia\/idiomas\/idioma-calo-en-espana\/#primaryimage"},"image":{"@id":"https:\/\/dudasytextos.com\/filologia\/idiomas\/idioma-calo-en-espana\/#primaryimage"},"thumbnailUrl":"https:\/\/dudasytextos.com\/filologia\/wp-content\/uploads\/2023\/05\/R8eQhgbeytA.jpg","datePublished":"2025-10-18T07:56:21+00:00","dateModified":"2025-11-06T10:49:28+00:00","description":"\u27a4 Descubre el fascinante idioma cal\u00f3 presente en Espa\u00f1a \u261d El idioma cal\u00f3 es una lengua minoritaria que se habla en Espa\u00f1a desde hace siglos. Es una forma de jerga que naci\u00f3 entre los gitanos y que se ha mantenido ... \u27a4","breadcrumb":{"@id":"https:\/\/dudasytextos.com\/filologia\/idiomas\/idioma-calo-en-espana\/#breadcrumb"},"inLanguage":"es","potentialAction":[{"@type":"ReadAction","target":["https:\/\/dudasytextos.com\/filologia\/idiomas\/idioma-calo-en-espana\/"]}]},{"@type":"ImageObject","inLanguage":"es","@id":"https:\/\/dudasytextos.com\/filologia\/idiomas\/idioma-calo-en-espana\/#primaryimage","url":"https:\/\/dudasytextos.com\/filologia\/wp-content\/uploads\/2023\/05\/R8eQhgbeytA.jpg","contentUrl":"https:\/\/dudasytextos.com\/filologia\/wp-content\/uploads\/2023\/05\/R8eQhgbeytA.jpg","width":480,"height":360},{"@type":"BreadcrumbList","@id":"https:\/\/dudasytextos.com\/filologia\/idiomas\/idioma-calo-en-espana\/#breadcrumb","itemListElement":[{"@type":"ListItem","position":1,"name":"Portada","item":"https:\/\/dudasytextos.com\/filologia\/"},{"@type":"ListItem","position":2,"name":"Descubre el fascinante idioma cal\u00f3 presente en Espa\u00f1a"}]},{"@type":"WebSite","@id":"https:\/\/dudasytextos.com\/filologia\/#website","url":"https:\/\/dudasytextos.com\/filologia\/","name":"dudasytextos.com\/filologia","description":"Idiomas de todo el mundo","publisher":{"@id":"https:\/\/dudasytextos.com\/filologia\/#organization"},"potentialAction":[{"@type":"SearchAction","target":{"@type":"EntryPoint","urlTemplate":"https:\/\/dudasytextos.com\/filologia\/?s={search_term_string}"},"query-input":{"@type":"PropertyValueSpecification","valueRequired":true,"valueName":"search_term_string"}}],"inLanguage":"es"},{"@type":"Organization","@id":"https:\/\/dudasytextos.com\/filologia\/#organization","name":"dudasytextos.com\/filologia","url":"https:\/\/dudasytextos.com\/filologia\/","logo":{"@type":"ImageObject","inLanguage":"es","@id":"https:\/\/dudasytextos.com\/filologia\/#\/schema\/logo\/image\/","url":"","contentUrl":"","caption":"dudasytextos.com\/filologia"},"image":{"@id":"https:\/\/dudasytextos.com\/filologia\/#\/schema\/logo\/image\/"}},{"@type":"Person","@id":"https:\/\/dudasytextos.com\/filologia\/#\/schema\/person\/783c82dfe2168ecd3b38c2dd7eec4078","name":"Ivan Ledezma","image":{"@type":"ImageObject","inLanguage":"es","@id":"https:\/\/secure.gravatar.com\/avatar\/3661a7367878a627d1b62cd939968665c6808a7d81bd53a932caed2698d4607e?s=96&d=mm&r=g","url":"https:\/\/secure.gravatar.com\/avatar\/3661a7367878a627d1b62cd939968665c6808a7d81bd53a932caed2698d4607e?s=96&d=mm&r=g","contentUrl":"https:\/\/secure.gravatar.com\/avatar\/3661a7367878a627d1b62cd939968665c6808a7d81bd53a932caed2698d4607e?s=96&d=mm&r=g","caption":"Ivan Ledezma"},"description":"Soy Ivan Ledezma especialista en lenguas internacionales y en mi blog te cuento parte de mis experiencias desarrollando esta profesi\u00f3n","sameAs":["https:\/\/dudasytextos.com\/filologia"]}]}},"_links":{"self":[{"href":"https:\/\/dudasytextos.com\/filologia\/wp-json\/wp\/v2\/posts\/7534","targetHints":{"allow":["GET"]}}],"collection":[{"href":"https:\/\/dudasytextos.com\/filologia\/wp-json\/wp\/v2\/posts"}],"about":[{"href":"https:\/\/dudasytextos.com\/filologia\/wp-json\/wp\/v2\/types\/post"}],"author":[{"embeddable":true,"href":"https:\/\/dudasytextos.com\/filologia\/wp-json\/wp\/v2\/users\/1"}],"replies":[{"embeddable":true,"href":"https:\/\/dudasytextos.com\/filologia\/wp-json\/wp\/v2\/comments?post=7534"}],"version-history":[{"count":1,"href":"https:\/\/dudasytextos.com\/filologia\/wp-json\/wp\/v2\/posts\/7534\/revisions"}],"predecessor-version":[{"id":7535,"href":"https:\/\/dudasytextos.com\/filologia\/wp-json\/wp\/v2\/posts\/7534\/revisions\/7535"}],"wp:featuredmedia":[{"embeddable":true,"href":"https:\/\/dudasytextos.com\/filologia\/wp-json\/wp\/v2\/media\/7536"}],"wp:attachment":[{"href":"https:\/\/dudasytextos.com\/filologia\/wp-json\/wp\/v2\/media?parent=7534"}],"wp:term":[{"taxonomy":"category","embeddable":true,"href":"https:\/\/dudasytextos.com\/filologia\/wp-json\/wp\/v2\/categories?post=7534"},{"taxonomy":"post_tag","embeddable":true,"href":"https:\/\/dudasytextos.com\/filologia\/wp-json\/wp\/v2\/tags?post=7534"}],"curies":[{"name":"wp","href":"https:\/\/api.w.org\/{rel}","templated":true}]}}