{"id":1541,"date":"2025-10-19T07:29:56","date_gmt":"2025-10-19T07:29:56","guid":{"rendered":"https:\/\/tardecit.com\/blog\/ingreso-minimo-vital-alicante\/"},"modified":"2025-11-06T10:52:49","modified_gmt":"2025-11-06T10:52:49","slug":"ingreso-minimo-vital-alicante","status":"publish","type":"post","link":"https:\/\/dudasytextos.com\/finanzas\/minimo\/ingreso-minimo-vital-alicante\/","title":{"rendered":"Alicante se beneficia del ingreso m\u00ednimo vital para combatir la pobreza"},"content":{"rendered":"<p>El Ingreso M\u00ednimo Vital es una prestaci\u00f3n econ\u00f3mica que tiene como objetivo garantizar un nivel m\u00ednimo de ingresos a aquellas personas y familias en situaci\u00f3n de vulnerabilidad econ\u00f3mica. En la provincia de Alicante, esta ayuda est\u00e1 disponible para aquellos ciudadanos que cumplan con los requisitos establecidos por el Gobierno, como tener ingresos inferiores al umbral establecido y encontrarse en situaci\u00f3n de vulnerabilidad. Esta prestaci\u00f3n busca mejorar las condiciones de vida de las personas en situaci\u00f3n de pobreza y exclusi\u00f3n social, proporcion\u00e1ndoles un apoyo econ\u00f3mico para cubrir sus necesidades b\u00e1sicas.<\/p>\n<div style=\"float: none;clear: both;width: 100%;position: relative;padding-bottom: 68%;padding-top: 25px;height: 0;\"><iframe style=\"position: absolute; top: 0; left: 0; width: 100%;height: 100%;\" src=\"https:\/\/www.youtube.com\/embed\/8o8KiybF-Uo\" frameborder=\"0\" allowfullscreen=\"allowfullscreen\"><\/iframe><\/div>\n<p><\/p>\n<h2>\u00bfA qui\u00e9n se le concede el derecho de recibir la renta m\u00ednima vital?<\/h2>\n<p>La renta m\u00ednima vital se concede a aquellas personas que cumplan con los requisitos establecidos por el gobierno espa\u00f1ol. Entre ellos se encuentra tener residencia continuada en el pa\u00eds durante al menos un a\u00f1o, estar inscrito como demandante de empleo en caso de estar desempleado, haber solicitado las prestaciones o pensiones correspondientes y acreditar una situaci\u00f3n de vulnerabilidad econ\u00f3mica. Estos criterios buscan asegurar que la ayuda econ\u00f3mica llegue a aquellos que realmente la necesitan y puedan mejorar su calidad de vida.<\/p>\n<p>Se concede la renta m\u00ednima vital a personas que cumplan con los requisitos establecidos por el gobierno espa\u00f1ol, como tener residencia continuada y acreditar una situaci\u00f3n de vulnerabilidad econ\u00f3mica, para garantizar que la ayuda llegue a quienes la necesitan y puedan mejorar su calidad de vida.<\/p>\n<h2>\u00bfCu\u00e1l es el monto del Ingreso M\u00ednimo Vital para una persona soltera?<\/h2>\n<p>El monto del Ingreso M\u00ednimo Vital para una persona soltera en 2023 es de 565,37 euros mensuales. Esta cantidad representa la diferencia entre la renta garantizada y el conjunto de rentas e ingresos del beneficiario individual. El Ingreso M\u00ednimo Vital busca garantizar un nivel m\u00ednimo de ingresos para aquellas personas que se encuentren en situaci\u00f3n de vulnerabilidad econ\u00f3mica, brindando as\u00ed un apoyo econ\u00f3mico para cubrir sus necesidades b\u00e1sicas.<\/p>\n<p>El Ingreso M\u00ednimo Vital se establece con el objetivo de asegurar un nivel m\u00ednimo de ingresos a personas en situaci\u00f3n vulnerable, otorgando un respaldo econ\u00f3mico que cubra sus necesidades esenciales.<\/p>\n<h2>\u00bfCu\u00e1nto tiempo se necesita para recibir el Ingreso M\u00ednimo Vital?<\/h2>\n<p>La Seguridad Social cuenta con un plazo m\u00e1ximo de seis meses para dar respuesta a las solicitudes de cobro del Ingreso M\u00ednimo Vital (IMV). Es importante destacar que este <a href=\"https:\/\/dudasytextos.com\/finanzas\/espana\/en-portugal-es-la-misma-hora-que-en-espana\/\">tiempo<\/a> se empieza a contar desde el momento en que la solicitud llega a la administraci\u00f3n. Por tanto, aquellos que est\u00e9n esperando una respuesta por parte de la Seguridad Social deben tener en cuenta este plazo y tener paciencia durante el proceso.<\/p>\n<p>La Seguridad Social tarda hasta seis meses en responder a las solicitudes de cobro del Ingreso M\u00ednimo Vital, por lo que es necesario tener paciencia durante el proceso de espera.<\/p>\n<h2>El impacto del ingreso m\u00ednimo vital en la ciudad de Alicante: an\u00e1lisis y perspectivas<\/h2>\n<p>El ingreso m\u00ednimo vital ha tenido un impacto significativo en la ciudad de Alicante, ofreciendo un apoyo crucial a las familias m\u00e1s vulnerables. Este beneficio ha permitido mejorar las condiciones de vida de muchas personas, especialmente en t\u00e9rminos de acceso a la vivienda, alimentaci\u00f3n y educaci\u00f3n. Sin embargo, a\u00fan existen desaf\u00edos a superar, como la necesidad de una mayor difusi\u00f3n y agilidad en los tr\u00e1mites para acceder a esta prestaci\u00f3n. Es fundamental analizar y evaluar constantemente el impacto de esta medida para garantizar su eficacia y mejorar las perspectivas de bienestar en la ciudad.<\/p>\n<p>Se reconoce que el ingreso m\u00ednimo vital ha tenido un impacto significativo en Alicante, mejorando las condiciones de vida de las familias m\u00e1s vulnerables. Sin embargo, se deben abordar desaf\u00edos como la difusi\u00f3n y agilidad en los tr\u00e1mites para asegurar su eficacia y bienestar en la ciudad.<\/p>\n<h2>El ingreso m\u00ednimo vital como medida de protecci\u00f3n social en Alicante: beneficios y desaf\u00edos<\/h2>\n<p>El ingreso m\u00ednimo vital se ha convertido en una medida de protecci\u00f3n social clave en Alicante. Esta prestaci\u00f3n econ\u00f3mica tiene como objetivo principal garantizar un nivel m\u00ednimo de ingresos a las personas y familias en situaci\u00f3n de vulnerabilidad. Los beneficios son evidentes, ya que permite mejorar las condiciones de vida de quienes m\u00e1s lo necesitan. Sin embargo, tambi\u00e9n existen desaf\u00edos a superar, como la necesidad de una correcta gesti\u00f3n de los recursos y la coordinaci\u00f3n entre las diferentes administraciones para asegurar su efectividad.<\/p>\n<p>El ingreso m\u00ednimo vital ha sido una medida de protecci\u00f3n social esencial en Alicante, que busca garantizar un nivel m\u00ednimo de ingresos a personas y familias en vulnerabilidad, mejorando as\u00ed sus condiciones de vida. No obstante, se deben superar desaf\u00edos como la gesti\u00f3n de recursos y la coordinaci\u00f3n entre administraciones para asegurar su efectividad.<\/p>\n<h2>Ingreso m\u00ednimo vital en Alicante: un enfoque integral para combatir la pobreza<\/h2>\n<p>El ingreso m\u00ednimo vital en Alicante es una medida integral que busca combatir la pobreza de manera efectiva. Esta iniciativa tiene como objetivo principal garantizar un nivel m\u00ednimo de ingresos a todas las personas y familias en situaci\u00f3n de vulnerabilidad econ\u00f3mica. A trav\u00e9s de una evaluaci\u00f3n exhaustiva de cada caso, se determina el importe y la duraci\u00f3n de la ayuda econ\u00f3mica, brindando as\u00ed una soluci\u00f3n a largo plazo para aquellas personas que se encuentran en una situaci\u00f3n de extrema necesidad. Esta medida supone un avance significativo en la lucha contra la pobreza en la provincia de Alicante.<\/p>\n<p>El ingreso m\u00ednimo vital en Alicante es una medida integral que busca erradicar la pobreza mediante la garant\u00eda de un nivel m\u00ednimo de ingresos a personas y familias en situaci\u00f3n de vulnerabilidad econ\u00f3mica, a trav\u00e9s de una evaluaci\u00f3n individualizada y duradera. Esto supone un avance significativo en la lucha contra la pobreza en la provincia de Alicante.<\/p>\n<h2>El ingreso m\u00ednimo vital como herramienta de inclusi\u00f3n social en la provincia de Alicante<\/h2>\n<p>El ingreso m\u00ednimo vital se ha convertido en una herramienta clave para combatir la exclusi\u00f3n social en la provincia de Alicante. Esta prestaci\u00f3n econ\u00f3mica garantiza un nivel m\u00ednimo de ingresos a las personas y familias en situaci\u00f3n de vulnerabilidad, permiti\u00e9ndoles cubrir sus necesidades b\u00e1sicas y mejorar su calidad de vida. Adem\u00e1s, el ingreso m\u00ednimo vital fomenta la inclusi\u00f3n social al facilitar el acceso a servicios y programas de apoyo, promoviendo as\u00ed la igualdad de oportunidades para todos los ciudadanos alicantinos.<\/p>\n<p>El ingreso m\u00ednimo vital en Alicante es una herramienta esencial para combatir la exclusi\u00f3n social, asegurando un nivel m\u00ednimo de ingresos y mejorando la calidad de vida de personas vulnerables, adem\u00e1s de promover la igualdad de oportunidades.<\/p>\n<div style=\"float: none;clear: both;width: 100%;position: relative;padding-bottom: 68%;padding-top: 25px;height: 0;\"><iframe style=\"position: absolute; top: 0; left: 0; width: 100%;height: 100%;\" src=\"https:\/\/www.youtube.com\/embed\/UNV5zQhO48Q\" frameborder=\"0\" allowfullscreen=\"allowfullscreen\"><\/iframe><\/div>\n<p><\/p>\n<p>En conclusi\u00f3n, el ingreso m\u00ednimo vital en Alicante representa una medida clave en la lucha contra la pobreza y la desigualdad en la provincia. Si bien es cierto que su implementaci\u00f3n ha sido un desaf\u00edo, sus beneficios son innegables. Este programa ha brindado un apoyo econ\u00f3mico fundamental a las familias m\u00e1s vulnerables, garantizando as\u00ed su acceso a una vida digna. Adem\u00e1s, ha contribuido a la reactivaci\u00f3n econ\u00f3mica al generar un aumento en el consumo y dinamizar el mercado interno. Sin embargo, es importante seguir trabajando en su perfeccionamiento, asegurando que llegue de manera efectiva a quienes m\u00e1s lo necesitan y evitando posibles casos de fraude. Asimismo, es fundamental que se realicen evaluaciones peri\u00f3dicas para evaluar su impacto y realizar ajustes necesarios. En definitiva, el ingreso m\u00ednimo vital en Alicante es una herramienta fundamental para garantizar la igualdad de oportunidades y construir una sociedad m\u00e1s justa y solidaria.<\/p>\n","protected":false},"excerpt":{"rendered":"<p>El Ingreso M\u00ednimo Vital es una prestaci\u00f3n econ\u00f3mica que tiene como objetivo garantizar un nivel m\u00ednimo de ingresos a aquellas personas y familias en situaci\u00f3n<\/p>\n","protected":false},"author":2,"featured_media":1542,"comment_status":"closed","ping_status":"closed","sticky":false,"template":"","format":"standard","meta":{"footnotes":""},"categories":[32],"tags":[],"class_list":["post-1541","post","type-post","status-publish","format-standard","has-post-thumbnail","hentry","category-minimo"],"yoast_head":"<!-- This site is optimized with the Yoast SEO plugin v28.3 - https:\/\/yoast.com\/product\/yoast-seo-wordpress\/ -->\n<title>Alicante se beneficia del ingreso m\u00ednimo vital para combatir la pobreza [2026]<\/title>\n<meta name=\"description\" content=\"\u27a4 Alicante se beneficia del ingreso m\u00ednimo vital para combatir la pobreza \u261d El Ingreso M\u00ednimo Vital es una prestaci\u00f3n econ\u00f3mica que tiene como objetivo garantizar un nivel m\u00ednimo de ingresos a aquellas personas y familias en ... \u27a4\" \/>\n<meta name=\"robots\" content=\"index, follow, max-snippet:-1, max-image-preview:large, max-video-preview:-1\" \/>\n<link rel=\"canonical\" href=\"https:\/\/dudasytextos.com\/finanzas\/minimo\/ingreso-minimo-vital-alicante\/\" \/>\n<meta property=\"og:locale\" content=\"es_ES\" \/>\n<meta property=\"og:type\" content=\"article\" \/>\n<meta property=\"og:title\" content=\"Alicante se beneficia del ingreso m\u00ednimo vital para combatir la pobreza [2026]\" \/>\n<meta property=\"og:description\" content=\"\u27a4 Alicante se beneficia del ingreso m\u00ednimo vital para combatir la pobreza \u261d El Ingreso M\u00ednimo Vital es una prestaci\u00f3n econ\u00f3mica que tiene como objetivo garantizar un nivel m\u00ednimo de ingresos a aquellas personas y familias en ... \u27a4\" \/>\n<meta property=\"og:url\" content=\"https:\/\/dudasytextos.com\/finanzas\/minimo\/ingreso-minimo-vital-alicante\/\" \/>\n<meta property=\"og:site_name\" content=\"TARDECIT.COM\" \/>\n<meta property=\"article:published_time\" content=\"2025-10-19T07:29:56+00:00\" \/>\n<meta property=\"article:modified_time\" content=\"2025-11-06T10:52:49+00:00\" \/>\n<meta property=\"og:image\" content=\"https:\/\/dudasytextos.com\/finanzas\/wp-content\/uploads\/2023\/10\/8o8KiybF-Uo.jpg\" \/>\n\t<meta property=\"og:image:width\" content=\"480\" \/>\n\t<meta property=\"og:image:height\" content=\"360\" \/>\n\t<meta property=\"og:image:type\" content=\"image\/jpeg\" \/>\n<meta name=\"author\" content=\"Mar\u00eda Garc\u00eda Mart\u00ednez\" \/>\n<meta name=\"twitter:card\" content=\"summary_large_image\" \/>\n<meta name=\"twitter:label1\" content=\"Escrito por\" \/>\n\t<meta name=\"twitter:data1\" content=\"Mar\u00eda Garc\u00eda Mart\u00ednez\" \/>\n\t<meta name=\"twitter:label2\" content=\"Tiempo de lectura\" \/>\n\t<meta name=\"twitter:data2\" content=\"7 minutos\" \/>\n<script type=\"application\/ld+json\" class=\"yoast-schema-graph\">{\"@context\":\"https:\\\/\\\/schema.org\",\"@graph\":[{\"@type\":\"Article\",\"@id\":\"https:\\\/\\\/dudasytextos.com\\\/finanzas\\\/minimo\\\/ingreso-minimo-vital-alicante\\\/#article\",\"isPartOf\":{\"@id\":\"https:\\\/\\\/dudasytextos.com\\\/finanzas\\\/minimo\\\/ingreso-minimo-vital-alicante\\\/\"},\"author\":{\"name\":\"Mar\u00eda Garc\u00eda Mart\u00ednez\",\"@id\":\"https:\\\/\\\/dudasytextos.com\\\/finanzas\\\/#\\\/schema\\\/person\\\/fb6ccd9f43b9c518802c61bc09cf23ff\"},\"headline\":\"Alicante se beneficia del ingreso m\u00ednimo vital para combatir la pobreza\",\"datePublished\":\"2025-10-19T07:29:56+00:00\",\"dateModified\":\"2025-11-06T10:52:49+00:00\",\"mainEntityOfPage\":{\"@id\":\"https:\\\/\\\/dudasytextos.com\\\/finanzas\\\/minimo\\\/ingreso-minimo-vital-alicante\\\/\"},\"wordCount\":1341,\"publisher\":{\"@id\":\"https:\\\/\\\/dudasytextos.com\\\/finanzas\\\/#organization\"},\"image\":{\"@id\":\"https:\\\/\\\/dudasytextos.com\\\/finanzas\\\/minimo\\\/ingreso-minimo-vital-alicante\\\/#primaryimage\"},\"thumbnailUrl\":\"https:\\\/\\\/dudasytextos.com\\\/finanzas\\\/wp-content\\\/uploads\\\/2023\\\/10\\\/8o8KiybF-Uo.jpg\",\"articleSection\":[\"Minimo\"],\"inLanguage\":\"es\"},{\"@type\":\"WebPage\",\"@id\":\"https:\\\/\\\/dudasytextos.com\\\/finanzas\\\/minimo\\\/ingreso-minimo-vital-alicante\\\/\",\"url\":\"https:\\\/\\\/dudasytextos.com\\\/finanzas\\\/minimo\\\/ingreso-minimo-vital-alicante\\\/\",\"name\":\"Alicante se beneficia del ingreso m\u00ednimo vital para combatir la pobreza [2026]\",\"isPartOf\":{\"@id\":\"https:\\\/\\\/dudasytextos.com\\\/finanzas\\\/#website\"},\"primaryImageOfPage\":{\"@id\":\"https:\\\/\\\/dudasytextos.com\\\/finanzas\\\/minimo\\\/ingreso-minimo-vital-alicante\\\/#primaryimage\"},\"image\":{\"@id\":\"https:\\\/\\\/dudasytextos.com\\\/finanzas\\\/minimo\\\/ingreso-minimo-vital-alicante\\\/#primaryimage\"},\"thumbnailUrl\":\"https:\\\/\\\/dudasytextos.com\\\/finanzas\\\/wp-content\\\/uploads\\\/2023\\\/10\\\/8o8KiybF-Uo.jpg\",\"datePublished\":\"2025-10-19T07:29:56+00:00\",\"dateModified\":\"2025-11-06T10:52:49+00:00\",\"description\":\"\u27a4 Alicante se beneficia del ingreso m\u00ednimo vital para combatir la pobreza \u261d El Ingreso M\u00ednimo Vital es una prestaci\u00f3n econ\u00f3mica que tiene como objetivo garantizar un nivel m\u00ednimo de ingresos a aquellas personas y familias en ... \u27a4\",\"breadcrumb\":{\"@id\":\"https:\\\/\\\/dudasytextos.com\\\/finanzas\\\/minimo\\\/ingreso-minimo-vital-alicante\\\/#breadcrumb\"},\"inLanguage\":\"es\",\"potentialAction\":[{\"@type\":\"ReadAction\",\"target\":[\"https:\\\/\\\/dudasytextos.com\\\/finanzas\\\/minimo\\\/ingreso-minimo-vital-alicante\\\/\"]}]},{\"@type\":\"ImageObject\",\"inLanguage\":\"es\",\"@id\":\"https:\\\/\\\/dudasytextos.com\\\/finanzas\\\/minimo\\\/ingreso-minimo-vital-alicante\\\/#primaryimage\",\"url\":\"https:\\\/\\\/dudasytextos.com\\\/finanzas\\\/wp-content\\\/uploads\\\/2023\\\/10\\\/8o8KiybF-Uo.jpg\",\"contentUrl\":\"https:\\\/\\\/dudasytextos.com\\\/finanzas\\\/wp-content\\\/uploads\\\/2023\\\/10\\\/8o8KiybF-Uo.jpg\",\"width\":480,\"height\":360},{\"@type\":\"BreadcrumbList\",\"@id\":\"https:\\\/\\\/dudasytextos.com\\\/finanzas\\\/minimo\\\/ingreso-minimo-vital-alicante\\\/#breadcrumb\",\"itemListElement\":[{\"@type\":\"ListItem\",\"position\":1,\"name\":\"Portada\",\"item\":\"https:\\\/\\\/dudasytextos.com\\\/finanzas\\\/\"},{\"@type\":\"ListItem\",\"position\":2,\"name\":\"Alicante se beneficia del ingreso m\u00ednimo vital para combatir la pobreza\"}]},{\"@type\":\"WebSite\",\"@id\":\"https:\\\/\\\/dudasytextos.com\\\/finanzas\\\/#website\",\"url\":\"https:\\\/\\\/dudasytextos.com\\\/finanzas\\\/\",\"name\":\"TARDECIT.COM\",\"description\":\"\",\"publisher\":{\"@id\":\"https:\\\/\\\/dudasytextos.com\\\/finanzas\\\/#organization\"},\"potentialAction\":[{\"@type\":\"SearchAction\",\"target\":{\"@type\":\"EntryPoint\",\"urlTemplate\":\"https:\\\/\\\/dudasytextos.com\\\/finanzas\\\/?s={search_term_string}\"},\"query-input\":{\"@type\":\"PropertyValueSpecification\",\"valueRequired\":true,\"valueName\":\"search_term_string\"}}],\"inLanguage\":\"es\"},{\"@type\":\"Organization\",\"@id\":\"https:\\\/\\\/dudasytextos.com\\\/finanzas\\\/#organization\",\"name\":\"TARDECIT.COM\",\"url\":\"https:\\\/\\\/dudasytextos.com\\\/finanzas\\\/\",\"logo\":{\"@type\":\"ImageObject\",\"inLanguage\":\"es\",\"@id\":\"https:\\\/\\\/dudasytextos.com\\\/finanzas\\\/#\\\/schema\\\/logo\\\/image\\\/\",\"url\":\"https:\\\/\\\/dudasytextos.com\\\/finanzas\\\/wp-content\\\/uploads\\\/2023\\\/10\\\/mediano.jpg\",\"contentUrl\":\"https:\\\/\\\/dudasytextos.com\\\/finanzas\\\/wp-content\\\/uploads\\\/2023\\\/10\\\/mediano.jpg\",\"width\":75,\"height\":75,\"caption\":\"TARDECIT.COM\"},\"image\":{\"@id\":\"https:\\\/\\\/dudasytextos.com\\\/finanzas\\\/#\\\/schema\\\/logo\\\/image\\\/\"}},{\"@type\":\"Person\",\"@id\":\"https:\\\/\\\/dudasytextos.com\\\/finanzas\\\/#\\\/schema\\\/person\\\/fb6ccd9f43b9c518802c61bc09cf23ff\",\"name\":\"Mar\u00eda Garc\u00eda Mart\u00ednez\",\"image\":{\"@type\":\"ImageObject\",\"inLanguage\":\"es\",\"@id\":\"https:\\\/\\\/secure.gravatar.com\\\/avatar\\\/a81248c0fa5700b777791576c7000b13dec582c2178e0d6198cafa21f8dfdede?s=96&d=mm&r=g\",\"url\":\"https:\\\/\\\/secure.gravatar.com\\\/avatar\\\/a81248c0fa5700b777791576c7000b13dec582c2178e0d6198cafa21f8dfdede?s=96&d=mm&r=g\",\"contentUrl\":\"https:\\\/\\\/secure.gravatar.com\\\/avatar\\\/a81248c0fa5700b777791576c7000b13dec582c2178e0d6198cafa21f8dfdede?s=96&d=mm&r=g\",\"caption\":\"Mar\u00eda Garc\u00eda Mart\u00ednez\"},\"description\":\"Soy experta en finanzas personales y asesoramiento financiero. Ayudo a las personas a tomar decisiones inteligentes con su dinero y a alcanzar sus metas financieras. A lo largo de mi carrera, he trabajado con clientes de diversas situaciones econ\u00f3micas y he brindado soluciones personalizadas para cada uno de ellos. Mi pasi\u00f3n por las finanzas me impulsa a compartir mi conocimiento a trav\u00e9s de mi blog, proporcionando consejos pr\u00e1cticos y estrategias efectivas para alcanzar la independencia financiera.\"}]}<\/script>\n<!-- \/ Yoast SEO plugin. -->","yoast_head_json":{"title":"Alicante se beneficia del ingreso m\u00ednimo vital para combatir la pobreza [2026]","description":"\u27a4 Alicante se beneficia del ingreso m\u00ednimo vital para combatir la pobreza \u261d El Ingreso M\u00ednimo Vital es una prestaci\u00f3n econ\u00f3mica que tiene como objetivo garantizar un nivel m\u00ednimo de ingresos a aquellas personas y familias en ... \u27a4","robots":{"index":"index","follow":"follow","max-snippet":"max-snippet:-1","max-image-preview":"max-image-preview:large","max-video-preview":"max-video-preview:-1"},"canonical":"https:\/\/dudasytextos.com\/finanzas\/minimo\/ingreso-minimo-vital-alicante\/","og_locale":"es_ES","og_type":"article","og_title":"Alicante se beneficia del ingreso m\u00ednimo vital para combatir la pobreza [2026]","og_description":"\u27a4 Alicante se beneficia del ingreso m\u00ednimo vital para combatir la pobreza \u261d El Ingreso M\u00ednimo Vital es una prestaci\u00f3n econ\u00f3mica que tiene como objetivo garantizar un nivel m\u00ednimo de ingresos a aquellas personas y familias en ... \u27a4","og_url":"https:\/\/dudasytextos.com\/finanzas\/minimo\/ingreso-minimo-vital-alicante\/","og_site_name":"TARDECIT.COM","article_published_time":"2025-10-19T07:29:56+00:00","article_modified_time":"2025-11-06T10:52:49+00:00","og_image":[{"width":480,"height":360,"url":"https:\/\/dudasytextos.com\/finanzas\/wp-content\/uploads\/2023\/10\/8o8KiybF-Uo.jpg","type":"image\/jpeg"}],"author":"Mar\u00eda Garc\u00eda Mart\u00ednez","twitter_card":"summary_large_image","twitter_misc":{"Escrito por":"Mar\u00eda Garc\u00eda Mart\u00ednez","Tiempo de lectura":"7 minutos"},"schema":{"@context":"https:\/\/schema.org","@graph":[{"@type":"Article","@id":"https:\/\/dudasytextos.com\/finanzas\/minimo\/ingreso-minimo-vital-alicante\/#article","isPartOf":{"@id":"https:\/\/dudasytextos.com\/finanzas\/minimo\/ingreso-minimo-vital-alicante\/"},"author":{"name":"Mar\u00eda Garc\u00eda Mart\u00ednez","@id":"https:\/\/dudasytextos.com\/finanzas\/#\/schema\/person\/fb6ccd9f43b9c518802c61bc09cf23ff"},"headline":"Alicante se beneficia del ingreso m\u00ednimo vital para combatir la pobreza","datePublished":"2025-10-19T07:29:56+00:00","dateModified":"2025-11-06T10:52:49+00:00","mainEntityOfPage":{"@id":"https:\/\/dudasytextos.com\/finanzas\/minimo\/ingreso-minimo-vital-alicante\/"},"wordCount":1341,"publisher":{"@id":"https:\/\/dudasytextos.com\/finanzas\/#organization"},"image":{"@id":"https:\/\/dudasytextos.com\/finanzas\/minimo\/ingreso-minimo-vital-alicante\/#primaryimage"},"thumbnailUrl":"https:\/\/dudasytextos.com\/finanzas\/wp-content\/uploads\/2023\/10\/8o8KiybF-Uo.jpg","articleSection":["Minimo"],"inLanguage":"es"},{"@type":"WebPage","@id":"https:\/\/dudasytextos.com\/finanzas\/minimo\/ingreso-minimo-vital-alicante\/","url":"https:\/\/dudasytextos.com\/finanzas\/minimo\/ingreso-minimo-vital-alicante\/","name":"Alicante se beneficia del ingreso m\u00ednimo vital para combatir la pobreza [2026]","isPartOf":{"@id":"https:\/\/dudasytextos.com\/finanzas\/#website"},"primaryImageOfPage":{"@id":"https:\/\/dudasytextos.com\/finanzas\/minimo\/ingreso-minimo-vital-alicante\/#primaryimage"},"image":{"@id":"https:\/\/dudasytextos.com\/finanzas\/minimo\/ingreso-minimo-vital-alicante\/#primaryimage"},"thumbnailUrl":"https:\/\/dudasytextos.com\/finanzas\/wp-content\/uploads\/2023\/10\/8o8KiybF-Uo.jpg","datePublished":"2025-10-19T07:29:56+00:00","dateModified":"2025-11-06T10:52:49+00:00","description":"\u27a4 Alicante se beneficia del ingreso m\u00ednimo vital para combatir la pobreza \u261d El Ingreso M\u00ednimo Vital es una prestaci\u00f3n econ\u00f3mica que tiene como objetivo garantizar un nivel m\u00ednimo de ingresos a aquellas personas y familias en ... \u27a4","breadcrumb":{"@id":"https:\/\/dudasytextos.com\/finanzas\/minimo\/ingreso-minimo-vital-alicante\/#breadcrumb"},"inLanguage":"es","potentialAction":[{"@type":"ReadAction","target":["https:\/\/dudasytextos.com\/finanzas\/minimo\/ingreso-minimo-vital-alicante\/"]}]},{"@type":"ImageObject","inLanguage":"es","@id":"https:\/\/dudasytextos.com\/finanzas\/minimo\/ingreso-minimo-vital-alicante\/#primaryimage","url":"https:\/\/dudasytextos.com\/finanzas\/wp-content\/uploads\/2023\/10\/8o8KiybF-Uo.jpg","contentUrl":"https:\/\/dudasytextos.com\/finanzas\/wp-content\/uploads\/2023\/10\/8o8KiybF-Uo.jpg","width":480,"height":360},{"@type":"BreadcrumbList","@id":"https:\/\/dudasytextos.com\/finanzas\/minimo\/ingreso-minimo-vital-alicante\/#breadcrumb","itemListElement":[{"@type":"ListItem","position":1,"name":"Portada","item":"https:\/\/dudasytextos.com\/finanzas\/"},{"@type":"ListItem","position":2,"name":"Alicante se beneficia del ingreso m\u00ednimo vital para combatir la pobreza"}]},{"@type":"WebSite","@id":"https:\/\/dudasytextos.com\/finanzas\/#website","url":"https:\/\/dudasytextos.com\/finanzas\/","name":"TARDECIT.COM","description":"","publisher":{"@id":"https:\/\/dudasytextos.com\/finanzas\/#organization"},"potentialAction":[{"@type":"SearchAction","target":{"@type":"EntryPoint","urlTemplate":"https:\/\/dudasytextos.com\/finanzas\/?s={search_term_string}"},"query-input":{"@type":"PropertyValueSpecification","valueRequired":true,"valueName":"search_term_string"}}],"inLanguage":"es"},{"@type":"Organization","@id":"https:\/\/dudasytextos.com\/finanzas\/#organization","name":"TARDECIT.COM","url":"https:\/\/dudasytextos.com\/finanzas\/","logo":{"@type":"ImageObject","inLanguage":"es","@id":"https:\/\/dudasytextos.com\/finanzas\/#\/schema\/logo\/image\/","url":"https:\/\/dudasytextos.com\/finanzas\/wp-content\/uploads\/2023\/10\/mediano.jpg","contentUrl":"https:\/\/dudasytextos.com\/finanzas\/wp-content\/uploads\/2023\/10\/mediano.jpg","width":75,"height":75,"caption":"TARDECIT.COM"},"image":{"@id":"https:\/\/dudasytextos.com\/finanzas\/#\/schema\/logo\/image\/"}},{"@type":"Person","@id":"https:\/\/dudasytextos.com\/finanzas\/#\/schema\/person\/fb6ccd9f43b9c518802c61bc09cf23ff","name":"Mar\u00eda Garc\u00eda Mart\u00ednez","image":{"@type":"ImageObject","inLanguage":"es","@id":"https:\/\/secure.gravatar.com\/avatar\/a81248c0fa5700b777791576c7000b13dec582c2178e0d6198cafa21f8dfdede?s=96&d=mm&r=g","url":"https:\/\/secure.gravatar.com\/avatar\/a81248c0fa5700b777791576c7000b13dec582c2178e0d6198cafa21f8dfdede?s=96&d=mm&r=g","contentUrl":"https:\/\/secure.gravatar.com\/avatar\/a81248c0fa5700b777791576c7000b13dec582c2178e0d6198cafa21f8dfdede?s=96&d=mm&r=g","caption":"Mar\u00eda Garc\u00eda Mart\u00ednez"},"description":"Soy experta en finanzas personales y asesoramiento financiero. Ayudo a las personas a tomar decisiones inteligentes con su dinero y a alcanzar sus metas financieras. A lo largo de mi carrera, he trabajado con clientes de diversas situaciones econ\u00f3micas y he brindado soluciones personalizadas para cada uno de ellos. Mi pasi\u00f3n por las finanzas me impulsa a compartir mi conocimiento a trav\u00e9s de mi blog, proporcionando consejos pr\u00e1cticos y estrategias efectivas para alcanzar la independencia financiera."}]}},"_links":{"self":[{"href":"https:\/\/dudasytextos.com\/finanzas\/wp-json\/wp\/v2\/posts\/1541","targetHints":{"allow":["GET"]}}],"collection":[{"href":"https:\/\/dudasytextos.com\/finanzas\/wp-json\/wp\/v2\/posts"}],"about":[{"href":"https:\/\/dudasytextos.com\/finanzas\/wp-json\/wp\/v2\/types\/post"}],"author":[{"embeddable":true,"href":"https:\/\/dudasytextos.com\/finanzas\/wp-json\/wp\/v2\/users\/2"}],"replies":[{"embeddable":true,"href":"https:\/\/dudasytextos.com\/finanzas\/wp-json\/wp\/v2\/comments?post=1541"}],"version-history":[{"count":0,"href":"https:\/\/dudasytextos.com\/finanzas\/wp-json\/wp\/v2\/posts\/1541\/revisions"}],"wp:featuredmedia":[{"embeddable":true,"href":"https:\/\/dudasytextos.com\/finanzas\/wp-json\/wp\/v2\/media\/1542"}],"wp:attachment":[{"href":"https:\/\/dudasytextos.com\/finanzas\/wp-json\/wp\/v2\/media?parent=1541"}],"wp:term":[{"taxonomy":"category","embeddable":true,"href":"https:\/\/dudasytextos.com\/finanzas\/wp-json\/wp\/v2\/categories?post=1541"},{"taxonomy":"post_tag","embeddable":true,"href":"https:\/\/dudasytextos.com\/finanzas\/wp-json\/wp\/v2\/tags?post=1541"}],"curies":[{"name":"wp","href":"https:\/\/api.w.org\/{rel}","templated":true}]}}