{"id":1896,"date":"2025-10-24T20:00:08","date_gmt":"2025-10-24T20:00:08","guid":{"rendered":"https:\/\/tardecit.com\/blog\/deuda-publica-de-los-paises-europeos\/"},"modified":"2025-11-06T10:45:00","modified_gmt":"2025-11-06T10:45:00","slug":"deuda-publica-de-los-paises-europeos","status":"publish","type":"post","link":"https:\/\/dudasytextos.com\/finanzas\/deuda\/deuda-publica-de-los-paises-europeos\/","title":{"rendered":"La alarmante deuda p\u00fablica de los pa\u00edses europeos: \u00bfUna amenaza para la econom\u00eda global?"},"content":{"rendered":"<p>La deuda p\u00fablica de los pa\u00edses europeos se refiere al monto total de pr\u00e9stamos y obligaciones financieras contra\u00eddas por los gobiernos de dichos pa\u00edses. Esta deuda se genera principalmente a trav\u00e9s de la emisi\u00f3n de bonos y otros instrumentos financieros, que son adquiridos por inversores y entidades financieras. La deuda p\u00fablica puede ser utilizada para financiar programas de gasto p\u00fablico, infraestructuras, servicios sociales, entre otros. Sin embargo, un alto nivel de deuda p\u00fablica puede generar preocupaciones sobre la sostenibilidad financiera de un pa\u00eds, ya que el pago de intereses y la devoluci\u00f3n del principal pueden representar una carga significativa para el presupuesto nacional.<\/p>\n<div style=\"float: none;clear: both;width: 100%;position: relative;padding-bottom: 68%;padding-top: 25px;height: 0;\"><iframe style=\"position: absolute; top: 0; left: 0; width: 100%;height: 100%;\" src=\"https:\/\/www.youtube.com\/embed\/JjkQc3TQcCk\" frameborder=\"0\" allowfullscreen=\"allowfullscreen\"><\/iframe><\/div>\n<p><\/p>\n<h2>\u00bfCu\u00e1l es el pa\u00eds en Europa con la mayor cantidad de deuda p\u00fablica?<\/h2>\n<p>Seg\u00fan datos recientes, los pa\u00edses del sur de Europa contin\u00faan liderando la lista de deuda p\u00fablica en la Uni\u00f3n Europea. Grecia encabeza la lista con un 171% de deuda, seguido de Italia con un 144%, Portugal con un 114% y Espa\u00f1a con cifras preocupantes. Estos datos demuestran la necesidad de adoptar medidas para controlar y reducir la deuda p\u00fablica en la regi\u00f3n.<\/p>\n<p>A pesar de los esfuerzos por parte de los pa\u00edses del sur de Europa, la deuda p\u00fablica sigue siendo un problema grave en la regi\u00f3n. Los altos niveles de deuda en Grecia, Italia, Portugal y Espa\u00f1a resaltan la urgencia de implementar medidas efectivas para controlar y disminuir esta situaci\u00f3n preocupante.<\/p>\n<h2>\u00bfCu\u00e1l es la deuda de Espa\u00f1a con la Uni\u00f3n Europea?<\/h2>\n<p>A finales de 2022, Espa\u00f1a se encontraba entre los pa\u00edses de la Uni\u00f3n Europea con mayor nivel de deuda y d\u00e9ficit p\u00fablicos. Su deuda alcanz\u00f3 el 113,2% del PIB, mientras que el d\u00e9ficit se situ\u00f3 en el 4,8%. Estos datos superan la media de los pa\u00edses del euro, que fue del 91,6% y del 3,6% respectivamente, seg\u00fan Eurostat. Esta situaci\u00f3n plantea interrogantes sobre la deuda de Espa\u00f1a con la Uni\u00f3n Europea y sus implicaciones econ\u00f3micas.<\/p>\n<p>La situaci\u00f3n econ\u00f3mica de Espa\u00f1a plantea interrogantes sobre su deuda con la Uni\u00f3n Europea y las posibles implicaciones para su <a href=\"https:\/\/dudasytextos.com\/finanzas\/blog\/las-crisis-globales-demandan-expertos-en-filosofia-politica-y-economia\/\">econom\u00eda<\/a>.<\/p>\n<h2>\u00bfCu\u00e1l es el monto de la deuda p\u00fablica de Francia?<\/h2>\n<p>En el primer trimestre de 2023, la deuda p\u00fablica de Francia se situ\u00f3 en 3.013,4 mil millones de euros, experimentando un aumento de 63,4 mil millones respecto al trimestre anterior. Este monto representa el 112,5 por ciento del Producto Interno Bruto (PIB) del pa\u00eds. Esta cifra refleja la preocupante situaci\u00f3n econ\u00f3mica de Francia y la necesidad de tomar medidas para controlar y reducir la deuda p\u00fablica.<\/p>\n<p>Expertos se\u00f1alan que la situaci\u00f3n de la deuda p\u00fablica de Francia es alarmante y requiere urgentemente acciones para su control y disminuci\u00f3n.<\/p>\n<h2>La deuda p\u00fablica de los pa\u00edses europeos y su impacto en la econom\u00eda global<\/h2>\n<p>La deuda p\u00fablica de los pa\u00edses europeos ha sido un tema de preocupaci\u00f3n constante en los \u00faltimos a\u00f1os debido a su impacto en la econom\u00eda global. A medida que la deuda contin\u00faa creciendo, los pa\u00edses se ven obligados a destinar una gran parte de sus gastos al pago de intereses, lo que limita su capacidad para <a href=\"https:\/\/dudasytextos.com\/finanzas\/invertir\/donde-invertir-interes-compuesto-espana\/\">invertir<\/a> en infraestructuras y programas sociales. Adem\u00e1s, la alta deuda p\u00fablica puede generar desconfianza en los mercados financieros, lo que a su vez puede llevar a una disminuci\u00f3n en las inversiones y un aumento en los costos de financiamiento. En resumen, la deuda p\u00fablica de los pa\u00edses europeos representa un desaf\u00edo significativo para la estabilidad econ\u00f3mica global.<\/p>\n<p>Se considera que la deuda p\u00fablica de los pa\u00edses europeos es una preocupaci\u00f3n constante debido a su impacto en la econom\u00eda global. La creciente deuda limita la inversi\u00f3n en infraestructuras y programas sociales, y genera desconfianza en los mercados financieros, lo que afecta las inversiones y los costos de financiamiento. Este desaf\u00edo representa una amenaza para la estabilidad econ\u00f3mica global.<\/p>\n<h2>An\u00e1lisis de la deuda p\u00fablica de los pa\u00edses europeos: causas, consecuencias y perspectivas de futuro<\/h2>\n<p>La deuda p\u00fablica de los pa\u00edses europeos ha sido un tema de gran relevancia en los \u00faltimos a\u00f1os. La crisis financiera del 2008 y la reciente pandemia del COVID-19 han llevado a un incremento significativo en los niveles de endeudamiento. Las causas principales de esta situaci\u00f3n son el aumento del gasto p\u00fablico para hacer frente a las emergencias, la falta de crecimiento econ\u00f3mico y la baja recaudaci\u00f3n fiscal. Las consecuencias de esta deuda son el riesgo de default, la disminuci\u00f3n de la inversi\u00f3n y el aumento de los intereses de la deuda. Las perspectivas de futuro son inciertas, ya que se necesitar\u00e1n medidas de ajuste y reformas estructurales para garantizar la sostenibilidad de la deuda.<\/p>\n<p>Se considera que el alto endeudamiento p\u00fablico de los pa\u00edses europeos es resultado de la crisis financiera y la pandemia, lo cual ha llevado a un aumento del gasto, falta de crecimiento y baja recaudaci\u00f3n fiscal. Esto ha generado riesgos de impago, menor inversi\u00f3n y mayores intereses de la deuda. El futuro es incierto y se requerir\u00e1n ajustes y reformas para garantizar la sostenibilidad.<\/p>\n<h2>Los desaf\u00edos de la deuda p\u00fablica en Europa: estrategias para su gesti\u00f3n y reducci\u00f3n<\/h2>\n<p>La deuda p\u00fablica en Europa se ha convertido en uno de los mayores desaf\u00edos econ\u00f3micos para muchos pa\u00edses de la regi\u00f3n. La crisis financiera y la pandemia de COVID-19 han llevado a un aumento significativo de la deuda, lo que ha generado preocupaciones sobre la sostenibilidad a largo plazo. Para hacer frente a esta situaci\u00f3n, se requieren estrategias efectivas de gesti\u00f3n y reducci\u00f3n de la deuda, que incluyen medidas como la consolidaci\u00f3n fiscal, la mejora de la eficiencia del gasto p\u00fablico y la promoci\u00f3n del crecimiento econ\u00f3mico. Estas estrategias son fundamentales para garantizar la estabilidad financiera y el bienestar econ\u00f3mico en Europa.<\/p>\n<p>Se considera que la deuda p\u00fablica en Europa es uno de los mayores desaf\u00edos econ\u00f3micos para muchos pa\u00edses de la regi\u00f3n, especialmente debido a la crisis financiera y la pandemia de COVID-19. Para abordar esta situaci\u00f3n, se requieren estrategias efectivas de gesti\u00f3n y reducci\u00f3n de la deuda, como la consolidaci\u00f3n fiscal, la mejora del gasto p\u00fablico y el impulso del crecimiento econ\u00f3mico, para garantizar la estabilidad financiera y el bienestar en Europa.<\/p>\n<h2>La deuda p\u00fablica en Europa: comparativa entre pa\u00edses y pol\u00edticas de endeudamiento<\/h2>\n<p>La deuda p\u00fablica en Europa es un tema de gran relevancia y preocupaci\u00f3n para los pa\u00edses de la regi\u00f3n. En este art\u00edculo se realizar\u00e1 una comparativa entre diferentes pa\u00edses europeos, analizando sus niveles de endeudamiento y las pol\u00edticas implementadas para hacer frente a esta situaci\u00f3n. Se examinar\u00e1n factores como el porcentaje del PIB que representa la deuda, los plazos de pago y los intereses generados. Adem\u00e1s, se analizar\u00e1n las pol\u00edticas de endeudamiento adoptadas por cada pa\u00eds, evaluando su efectividad a largo plazo.<\/p>\n<p>Se considera que la deuda p\u00fablica en Europa es un tema de gran importancia y preocupaci\u00f3n para los pa\u00edses de la regi\u00f3n, por lo que es fundamental realizar una comparativa entre los diferentes pa\u00edses, analizando sus niveles de endeudamiento y las pol\u00edticas implementadas para hacerle frente.<\/p>\n<div style=\"float: none;clear: both;width: 100%;position: relative;padding-bottom: 68%;padding-top: 25px;height: 0;\"><iframe style=\"position: absolute; top: 0; left: 0; width: 100%;height: 100%;\" src=\"https:\/\/www.youtube.com\/embed\/a1ajsx02T9Y\" frameborder=\"0\" allowfullscreen=\"allowfullscreen\"><\/iframe><\/div>\n<p><\/p>\n<p>En conclusi\u00f3n, la deuda p\u00fablica de los pa\u00edses europeos es un tema de vital importancia y complejidad. En los \u00faltimos a\u00f1os, hemos sido testigos de c\u00f3mo esta deuda ha aumentado de manera preocupante, especialmente en pa\u00edses como Grecia, Italia y Espa\u00f1a. Estos altos niveles de deuda pueden tener consecuencias devastadoras para la econom\u00eda de estos pa\u00edses, ya que limitan su capacidad para invertir en el desarrollo y el bienestar de sus ciudadanos. Adem\u00e1s, esta deuda tambi\u00e9n puede afectar negativamente a la estabilidad financiera de la Uni\u00f3n Europea en su conjunto. Es crucial que los pa\u00edses europeos adopten medidas efectivas para reducir su deuda p\u00fablica y garantizar la sostenibilidad econ\u00f3mica a largo plazo. Esto implica implementar pol\u00edticas fiscales responsables, fortalecer las instituciones financieras y promover la transparencia en la gesti\u00f3n de la deuda. Solo a trav\u00e9s de una gesti\u00f3n adecuada de la deuda p\u00fablica, los pa\u00edses europeos podr\u00e1n superar los desaf\u00edos econ\u00f3micos y asegurar un futuro pr\u00f3spero para sus ciudadanos.<\/p>\n","protected":false},"excerpt":{"rendered":"<p>La deuda p\u00fablica de los pa\u00edses europeos se refiere al monto total de pr\u00e9stamos y obligaciones financieras contra\u00eddas por los gobiernos de dichos pa\u00edses. Esta<\/p>\n","protected":false},"author":2,"featured_media":1897,"comment_status":"closed","ping_status":"closed","sticky":false,"template":"","format":"standard","meta":{"footnotes":""},"categories":[82],"tags":[],"class_list":["post-1896","post","type-post","status-publish","format-standard","has-post-thumbnail","hentry","category-deuda"],"yoast_head":"<!-- This site is optimized with the Yoast SEO plugin v28.4 - https:\/\/yoast.com\/product\/yoast-seo-wordpress\/ -->\n<title>La alarmante deuda p\u00fablica de los pa\u00edses europeos: \u00bfUna amenaza para la econom\u00eda global? [2026]<\/title>\n<meta name=\"description\" content=\"\u27a4 La alarmante deuda p\u00fablica de los pa\u00edses europeos: \u00bfUna amenaza para la econom\u00eda global? \u261d La deuda p\u00fablica de los pa\u00edses europeos se refiere al monto total de pr\u00e9stamos y obligaciones financieras contra\u00eddas por los gobiernos de dichos pa\u00edses. ... \u27a4\" \/>\n<meta name=\"robots\" content=\"index, follow, max-snippet:-1, max-image-preview:large, max-video-preview:-1\" \/>\n<link rel=\"canonical\" href=\"https:\/\/dudasytextos.com\/finanzas\/deuda\/deuda-publica-de-los-paises-europeos\/\" \/>\n<meta property=\"og:locale\" content=\"es_ES\" \/>\n<meta property=\"og:type\" content=\"article\" \/>\n<meta property=\"og:title\" content=\"La alarmante deuda p\u00fablica de los pa\u00edses europeos: \u00bfUna amenaza para la econom\u00eda global? [2026]\" \/>\n<meta property=\"og:description\" content=\"\u27a4 La alarmante deuda p\u00fablica de los pa\u00edses europeos: \u00bfUna amenaza para la econom\u00eda global? \u261d La deuda p\u00fablica de los pa\u00edses europeos se refiere al monto total de pr\u00e9stamos y obligaciones financieras contra\u00eddas por los gobiernos de dichos pa\u00edses. ... \u27a4\" \/>\n<meta property=\"og:url\" content=\"https:\/\/dudasytextos.com\/finanzas\/deuda\/deuda-publica-de-los-paises-europeos\/\" \/>\n<meta property=\"og:site_name\" content=\"TARDECIT.COM\" \/>\n<meta property=\"article:published_time\" content=\"2025-10-24T20:00:08+00:00\" \/>\n<meta property=\"article:modified_time\" content=\"2025-11-06T10:45:00+00:00\" \/>\n<meta property=\"og:image\" content=\"https:\/\/dudasytextos.com\/finanzas\/wp-content\/uploads\/2023\/10\/JjkQc3TQcCk.jpg\" \/>\n\t<meta property=\"og:image:width\" content=\"768\" \/>\n\t<meta property=\"og:image:height\" content=\"432\" \/>\n\t<meta property=\"og:image:type\" content=\"image\/jpeg\" \/>\n<meta name=\"author\" content=\"Mar\u00eda Garc\u00eda Mart\u00ednez\" \/>\n<meta name=\"twitter:card\" content=\"summary_large_image\" \/>\n<meta name=\"twitter:label1\" content=\"Escrito por\" \/>\n\t<meta name=\"twitter:data1\" content=\"Mar\u00eda Garc\u00eda Mart\u00ednez\" \/>\n\t<meta name=\"twitter:label2\" content=\"Tiempo de lectura\" \/>\n\t<meta name=\"twitter:data2\" content=\"7 minutos\" \/>\n<script type=\"application\/ld+json\" class=\"yoast-schema-graph\">{\"@context\":\"https:\\\/\\\/schema.org\",\"@graph\":[{\"@type\":\"Article\",\"@id\":\"https:\\\/\\\/dudasytextos.com\\\/finanzas\\\/deuda\\\/deuda-publica-de-los-paises-europeos\\\/#article\",\"isPartOf\":{\"@id\":\"https:\\\/\\\/dudasytextos.com\\\/finanzas\\\/deuda\\\/deuda-publica-de-los-paises-europeos\\\/\"},\"author\":{\"name\":\"Mar\u00eda Garc\u00eda Mart\u00ednez\",\"@id\":\"https:\\\/\\\/dudasytextos.com\\\/finanzas\\\/#\\\/schema\\\/person\\\/fb6ccd9f43b9c518802c61bc09cf23ff\"},\"headline\":\"La alarmante deuda p\u00fablica de los pa\u00edses europeos: \u00bfUna amenaza para la econom\u00eda global?\",\"datePublished\":\"2025-10-24T20:00:08+00:00\",\"dateModified\":\"2025-11-06T10:45:00+00:00\",\"mainEntityOfPage\":{\"@id\":\"https:\\\/\\\/dudasytextos.com\\\/finanzas\\\/deuda\\\/deuda-publica-de-los-paises-europeos\\\/\"},\"wordCount\":1480,\"publisher\":{\"@id\":\"https:\\\/\\\/dudasytextos.com\\\/finanzas\\\/#organization\"},\"image\":{\"@id\":\"https:\\\/\\\/dudasytextos.com\\\/finanzas\\\/deuda\\\/deuda-publica-de-los-paises-europeos\\\/#primaryimage\"},\"thumbnailUrl\":\"https:\\\/\\\/dudasytextos.com\\\/finanzas\\\/wp-content\\\/uploads\\\/2023\\\/10\\\/JjkQc3TQcCk.jpg\",\"articleSection\":[\"Deuda\"],\"inLanguage\":\"es\"},{\"@type\":\"WebPage\",\"@id\":\"https:\\\/\\\/dudasytextos.com\\\/finanzas\\\/deuda\\\/deuda-publica-de-los-paises-europeos\\\/\",\"url\":\"https:\\\/\\\/dudasytextos.com\\\/finanzas\\\/deuda\\\/deuda-publica-de-los-paises-europeos\\\/\",\"name\":\"La alarmante deuda p\u00fablica de los pa\u00edses europeos: \u00bfUna amenaza para la econom\u00eda global? [2026]\",\"isPartOf\":{\"@id\":\"https:\\\/\\\/dudasytextos.com\\\/finanzas\\\/#website\"},\"primaryImageOfPage\":{\"@id\":\"https:\\\/\\\/dudasytextos.com\\\/finanzas\\\/deuda\\\/deuda-publica-de-los-paises-europeos\\\/#primaryimage\"},\"image\":{\"@id\":\"https:\\\/\\\/dudasytextos.com\\\/finanzas\\\/deuda\\\/deuda-publica-de-los-paises-europeos\\\/#primaryimage\"},\"thumbnailUrl\":\"https:\\\/\\\/dudasytextos.com\\\/finanzas\\\/wp-content\\\/uploads\\\/2023\\\/10\\\/JjkQc3TQcCk.jpg\",\"datePublished\":\"2025-10-24T20:00:08+00:00\",\"dateModified\":\"2025-11-06T10:45:00+00:00\",\"description\":\"\u27a4 La alarmante deuda p\u00fablica de los pa\u00edses europeos: \u00bfUna amenaza para la econom\u00eda global? \u261d La deuda p\u00fablica de los pa\u00edses europeos se refiere al monto total de pr\u00e9stamos y obligaciones financieras contra\u00eddas por los gobiernos de dichos pa\u00edses. ... \u27a4\",\"breadcrumb\":{\"@id\":\"https:\\\/\\\/dudasytextos.com\\\/finanzas\\\/deuda\\\/deuda-publica-de-los-paises-europeos\\\/#breadcrumb\"},\"inLanguage\":\"es\",\"potentialAction\":[{\"@type\":\"ReadAction\",\"target\":[\"https:\\\/\\\/dudasytextos.com\\\/finanzas\\\/deuda\\\/deuda-publica-de-los-paises-europeos\\\/\"]}]},{\"@type\":\"ImageObject\",\"inLanguage\":\"es\",\"@id\":\"https:\\\/\\\/dudasytextos.com\\\/finanzas\\\/deuda\\\/deuda-publica-de-los-paises-europeos\\\/#primaryimage\",\"url\":\"https:\\\/\\\/dudasytextos.com\\\/finanzas\\\/wp-content\\\/uploads\\\/2023\\\/10\\\/JjkQc3TQcCk.jpg\",\"contentUrl\":\"https:\\\/\\\/dudasytextos.com\\\/finanzas\\\/wp-content\\\/uploads\\\/2023\\\/10\\\/JjkQc3TQcCk.jpg\",\"width\":768,\"height\":432},{\"@type\":\"BreadcrumbList\",\"@id\":\"https:\\\/\\\/dudasytextos.com\\\/finanzas\\\/deuda\\\/deuda-publica-de-los-paises-europeos\\\/#breadcrumb\",\"itemListElement\":[{\"@type\":\"ListItem\",\"position\":1,\"name\":\"Portada\",\"item\":\"https:\\\/\\\/dudasytextos.com\\\/finanzas\\\/\"},{\"@type\":\"ListItem\",\"position\":2,\"name\":\"La alarmante deuda p\u00fablica de los pa\u00edses europeos: \u00bfUna amenaza para la econom\u00eda global?\"}]},{\"@type\":\"WebSite\",\"@id\":\"https:\\\/\\\/dudasytextos.com\\\/finanzas\\\/#website\",\"url\":\"https:\\\/\\\/dudasytextos.com\\\/finanzas\\\/\",\"name\":\"TARDECIT.COM\",\"description\":\"\",\"publisher\":{\"@id\":\"https:\\\/\\\/dudasytextos.com\\\/finanzas\\\/#organization\"},\"potentialAction\":[{\"@type\":\"SearchAction\",\"target\":{\"@type\":\"EntryPoint\",\"urlTemplate\":\"https:\\\/\\\/dudasytextos.com\\\/finanzas\\\/?s={search_term_string}\"},\"query-input\":{\"@type\":\"PropertyValueSpecification\",\"valueRequired\":true,\"valueName\":\"search_term_string\"}}],\"inLanguage\":\"es\"},{\"@type\":\"Organization\",\"@id\":\"https:\\\/\\\/dudasytextos.com\\\/finanzas\\\/#organization\",\"name\":\"TARDECIT.COM\",\"url\":\"https:\\\/\\\/dudasytextos.com\\\/finanzas\\\/\",\"logo\":{\"@type\":\"ImageObject\",\"inLanguage\":\"es\",\"@id\":\"https:\\\/\\\/dudasytextos.com\\\/finanzas\\\/#\\\/schema\\\/logo\\\/image\\\/\",\"url\":\"https:\\\/\\\/dudasytextos.com\\\/finanzas\\\/wp-content\\\/uploads\\\/2023\\\/10\\\/mediano.jpg\",\"contentUrl\":\"https:\\\/\\\/dudasytextos.com\\\/finanzas\\\/wp-content\\\/uploads\\\/2023\\\/10\\\/mediano.jpg\",\"width\":75,\"height\":75,\"caption\":\"TARDECIT.COM\"},\"image\":{\"@id\":\"https:\\\/\\\/dudasytextos.com\\\/finanzas\\\/#\\\/schema\\\/logo\\\/image\\\/\"}},{\"@type\":\"Person\",\"@id\":\"https:\\\/\\\/dudasytextos.com\\\/finanzas\\\/#\\\/schema\\\/person\\\/fb6ccd9f43b9c518802c61bc09cf23ff\",\"name\":\"Mar\u00eda Garc\u00eda Mart\u00ednez\",\"image\":{\"@type\":\"ImageObject\",\"inLanguage\":\"es\",\"@id\":\"https:\\\/\\\/secure.gravatar.com\\\/avatar\\\/a81248c0fa5700b777791576c7000b13dec582c2178e0d6198cafa21f8dfdede?s=96&d=mm&r=g\",\"url\":\"https:\\\/\\\/secure.gravatar.com\\\/avatar\\\/a81248c0fa5700b777791576c7000b13dec582c2178e0d6198cafa21f8dfdede?s=96&d=mm&r=g\",\"contentUrl\":\"https:\\\/\\\/secure.gravatar.com\\\/avatar\\\/a81248c0fa5700b777791576c7000b13dec582c2178e0d6198cafa21f8dfdede?s=96&d=mm&r=g\",\"caption\":\"Mar\u00eda Garc\u00eda Mart\u00ednez\"},\"description\":\"Soy experta en finanzas personales y asesoramiento financiero. Ayudo a las personas a tomar decisiones inteligentes con su dinero y a alcanzar sus metas financieras. A lo largo de mi carrera, he trabajado con clientes de diversas situaciones econ\u00f3micas y he brindado soluciones personalizadas para cada uno de ellos. Mi pasi\u00f3n por las finanzas me impulsa a compartir mi conocimiento a trav\u00e9s de mi blog, proporcionando consejos pr\u00e1cticos y estrategias efectivas para alcanzar la independencia financiera.\"}]}<\/script>\n<!-- \/ Yoast SEO plugin. -->","yoast_head_json":{"title":"La alarmante deuda p\u00fablica de los pa\u00edses europeos: \u00bfUna amenaza para la econom\u00eda global? [2026]","description":"\u27a4 La alarmante deuda p\u00fablica de los pa\u00edses europeos: \u00bfUna amenaza para la econom\u00eda global? \u261d La deuda p\u00fablica de los pa\u00edses europeos se refiere al monto total de pr\u00e9stamos y obligaciones financieras contra\u00eddas por los gobiernos de dichos pa\u00edses. ... \u27a4","robots":{"index":"index","follow":"follow","max-snippet":"max-snippet:-1","max-image-preview":"max-image-preview:large","max-video-preview":"max-video-preview:-1"},"canonical":"https:\/\/dudasytextos.com\/finanzas\/deuda\/deuda-publica-de-los-paises-europeos\/","og_locale":"es_ES","og_type":"article","og_title":"La alarmante deuda p\u00fablica de los pa\u00edses europeos: \u00bfUna amenaza para la econom\u00eda global? [2026]","og_description":"\u27a4 La alarmante deuda p\u00fablica de los pa\u00edses europeos: \u00bfUna amenaza para la econom\u00eda global? \u261d La deuda p\u00fablica de los pa\u00edses europeos se refiere al monto total de pr\u00e9stamos y obligaciones financieras contra\u00eddas por los gobiernos de dichos pa\u00edses. ... \u27a4","og_url":"https:\/\/dudasytextos.com\/finanzas\/deuda\/deuda-publica-de-los-paises-europeos\/","og_site_name":"TARDECIT.COM","article_published_time":"2025-10-24T20:00:08+00:00","article_modified_time":"2025-11-06T10:45:00+00:00","og_image":[{"width":768,"height":432,"url":"https:\/\/dudasytextos.com\/finanzas\/wp-content\/uploads\/2023\/10\/JjkQc3TQcCk.jpg","type":"image\/jpeg"}],"author":"Mar\u00eda Garc\u00eda Mart\u00ednez","twitter_card":"summary_large_image","twitter_misc":{"Escrito por":"Mar\u00eda Garc\u00eda Mart\u00ednez","Tiempo de lectura":"7 minutos"},"schema":{"@context":"https:\/\/schema.org","@graph":[{"@type":"Article","@id":"https:\/\/dudasytextos.com\/finanzas\/deuda\/deuda-publica-de-los-paises-europeos\/#article","isPartOf":{"@id":"https:\/\/dudasytextos.com\/finanzas\/deuda\/deuda-publica-de-los-paises-europeos\/"},"author":{"name":"Mar\u00eda Garc\u00eda Mart\u00ednez","@id":"https:\/\/dudasytextos.com\/finanzas\/#\/schema\/person\/fb6ccd9f43b9c518802c61bc09cf23ff"},"headline":"La alarmante deuda p\u00fablica de los pa\u00edses europeos: \u00bfUna amenaza para la econom\u00eda global?","datePublished":"2025-10-24T20:00:08+00:00","dateModified":"2025-11-06T10:45:00+00:00","mainEntityOfPage":{"@id":"https:\/\/dudasytextos.com\/finanzas\/deuda\/deuda-publica-de-los-paises-europeos\/"},"wordCount":1480,"publisher":{"@id":"https:\/\/dudasytextos.com\/finanzas\/#organization"},"image":{"@id":"https:\/\/dudasytextos.com\/finanzas\/deuda\/deuda-publica-de-los-paises-europeos\/#primaryimage"},"thumbnailUrl":"https:\/\/dudasytextos.com\/finanzas\/wp-content\/uploads\/2023\/10\/JjkQc3TQcCk.jpg","articleSection":["Deuda"],"inLanguage":"es"},{"@type":"WebPage","@id":"https:\/\/dudasytextos.com\/finanzas\/deuda\/deuda-publica-de-los-paises-europeos\/","url":"https:\/\/dudasytextos.com\/finanzas\/deuda\/deuda-publica-de-los-paises-europeos\/","name":"La alarmante deuda p\u00fablica de los pa\u00edses europeos: \u00bfUna amenaza para la econom\u00eda global? [2026]","isPartOf":{"@id":"https:\/\/dudasytextos.com\/finanzas\/#website"},"primaryImageOfPage":{"@id":"https:\/\/dudasytextos.com\/finanzas\/deuda\/deuda-publica-de-los-paises-europeos\/#primaryimage"},"image":{"@id":"https:\/\/dudasytextos.com\/finanzas\/deuda\/deuda-publica-de-los-paises-europeos\/#primaryimage"},"thumbnailUrl":"https:\/\/dudasytextos.com\/finanzas\/wp-content\/uploads\/2023\/10\/JjkQc3TQcCk.jpg","datePublished":"2025-10-24T20:00:08+00:00","dateModified":"2025-11-06T10:45:00+00:00","description":"\u27a4 La alarmante deuda p\u00fablica de los pa\u00edses europeos: \u00bfUna amenaza para la econom\u00eda global? \u261d La deuda p\u00fablica de los pa\u00edses europeos se refiere al monto total de pr\u00e9stamos y obligaciones financieras contra\u00eddas por los gobiernos de dichos pa\u00edses. ... \u27a4","breadcrumb":{"@id":"https:\/\/dudasytextos.com\/finanzas\/deuda\/deuda-publica-de-los-paises-europeos\/#breadcrumb"},"inLanguage":"es","potentialAction":[{"@type":"ReadAction","target":["https:\/\/dudasytextos.com\/finanzas\/deuda\/deuda-publica-de-los-paises-europeos\/"]}]},{"@type":"ImageObject","inLanguage":"es","@id":"https:\/\/dudasytextos.com\/finanzas\/deuda\/deuda-publica-de-los-paises-europeos\/#primaryimage","url":"https:\/\/dudasytextos.com\/finanzas\/wp-content\/uploads\/2023\/10\/JjkQc3TQcCk.jpg","contentUrl":"https:\/\/dudasytextos.com\/finanzas\/wp-content\/uploads\/2023\/10\/JjkQc3TQcCk.jpg","width":768,"height":432},{"@type":"BreadcrumbList","@id":"https:\/\/dudasytextos.com\/finanzas\/deuda\/deuda-publica-de-los-paises-europeos\/#breadcrumb","itemListElement":[{"@type":"ListItem","position":1,"name":"Portada","item":"https:\/\/dudasytextos.com\/finanzas\/"},{"@type":"ListItem","position":2,"name":"La alarmante deuda p\u00fablica de los pa\u00edses europeos: \u00bfUna amenaza para la econom\u00eda global?"}]},{"@type":"WebSite","@id":"https:\/\/dudasytextos.com\/finanzas\/#website","url":"https:\/\/dudasytextos.com\/finanzas\/","name":"TARDECIT.COM","description":"","publisher":{"@id":"https:\/\/dudasytextos.com\/finanzas\/#organization"},"potentialAction":[{"@type":"SearchAction","target":{"@type":"EntryPoint","urlTemplate":"https:\/\/dudasytextos.com\/finanzas\/?s={search_term_string}"},"query-input":{"@type":"PropertyValueSpecification","valueRequired":true,"valueName":"search_term_string"}}],"inLanguage":"es"},{"@type":"Organization","@id":"https:\/\/dudasytextos.com\/finanzas\/#organization","name":"TARDECIT.COM","url":"https:\/\/dudasytextos.com\/finanzas\/","logo":{"@type":"ImageObject","inLanguage":"es","@id":"https:\/\/dudasytextos.com\/finanzas\/#\/schema\/logo\/image\/","url":"https:\/\/dudasytextos.com\/finanzas\/wp-content\/uploads\/2023\/10\/mediano.jpg","contentUrl":"https:\/\/dudasytextos.com\/finanzas\/wp-content\/uploads\/2023\/10\/mediano.jpg","width":75,"height":75,"caption":"TARDECIT.COM"},"image":{"@id":"https:\/\/dudasytextos.com\/finanzas\/#\/schema\/logo\/image\/"}},{"@type":"Person","@id":"https:\/\/dudasytextos.com\/finanzas\/#\/schema\/person\/fb6ccd9f43b9c518802c61bc09cf23ff","name":"Mar\u00eda Garc\u00eda Mart\u00ednez","image":{"@type":"ImageObject","inLanguage":"es","@id":"https:\/\/secure.gravatar.com\/avatar\/a81248c0fa5700b777791576c7000b13dec582c2178e0d6198cafa21f8dfdede?s=96&d=mm&r=g","url":"https:\/\/secure.gravatar.com\/avatar\/a81248c0fa5700b777791576c7000b13dec582c2178e0d6198cafa21f8dfdede?s=96&d=mm&r=g","contentUrl":"https:\/\/secure.gravatar.com\/avatar\/a81248c0fa5700b777791576c7000b13dec582c2178e0d6198cafa21f8dfdede?s=96&d=mm&r=g","caption":"Mar\u00eda Garc\u00eda Mart\u00ednez"},"description":"Soy experta en finanzas personales y asesoramiento financiero. Ayudo a las personas a tomar decisiones inteligentes con su dinero y a alcanzar sus metas financieras. A lo largo de mi carrera, he trabajado con clientes de diversas situaciones econ\u00f3micas y he brindado soluciones personalizadas para cada uno de ellos. Mi pasi\u00f3n por las finanzas me impulsa a compartir mi conocimiento a trav\u00e9s de mi blog, proporcionando consejos pr\u00e1cticos y estrategias efectivas para alcanzar la independencia financiera."}]}},"_links":{"self":[{"href":"https:\/\/dudasytextos.com\/finanzas\/wp-json\/wp\/v2\/posts\/1896","targetHints":{"allow":["GET"]}}],"collection":[{"href":"https:\/\/dudasytextos.com\/finanzas\/wp-json\/wp\/v2\/posts"}],"about":[{"href":"https:\/\/dudasytextos.com\/finanzas\/wp-json\/wp\/v2\/types\/post"}],"author":[{"embeddable":true,"href":"https:\/\/dudasytextos.com\/finanzas\/wp-json\/wp\/v2\/users\/2"}],"replies":[{"embeddable":true,"href":"https:\/\/dudasytextos.com\/finanzas\/wp-json\/wp\/v2\/comments?post=1896"}],"version-history":[{"count":0,"href":"https:\/\/dudasytextos.com\/finanzas\/wp-json\/wp\/v2\/posts\/1896\/revisions"}],"wp:featuredmedia":[{"embeddable":true,"href":"https:\/\/dudasytextos.com\/finanzas\/wp-json\/wp\/v2\/media\/1897"}],"wp:attachment":[{"href":"https:\/\/dudasytextos.com\/finanzas\/wp-json\/wp\/v2\/media?parent=1896"}],"wp:term":[{"taxonomy":"category","embeddable":true,"href":"https:\/\/dudasytextos.com\/finanzas\/wp-json\/wp\/v2\/categories?post=1896"},{"taxonomy":"post_tag","embeddable":true,"href":"https:\/\/dudasytextos.com\/finanzas\/wp-json\/wp\/v2\/tags?post=1896"}],"curies":[{"name":"wp","href":"https:\/\/api.w.org\/{rel}","templated":true}]}}