{"id":2140,"date":"2025-11-05T14:44:27","date_gmt":"2025-11-05T14:44:27","guid":{"rendered":"https:\/\/tardecit.com\/blog\/demolicion-centro-comercial-la-ermita\/"},"modified":"2025-11-06T11:31:48","modified_gmt":"2025-11-06T11:31:48","slug":"demolicion-centro-comercial-la-ermita","status":"publish","type":"post","link":"https:\/\/dudasytextos.com\/finanzas\/otros\/demolicion-centro-comercial-la-ermita\/","title":{"rendered":"\u00a1Demolici\u00f3n del Centro Comercial La Ermita! Descubre el futuro de esta ic\u00f3nica construcci\u00f3n"},"content":{"rendered":"<p>La demolici\u00f3n del centro comercial La Ermita es un proyecto que busca derribar y despejar el \u00e1rea actualmente ocupada por el centro comercial para dar paso a nuevas construcciones o proyectos urban\u00edsticos. Este proceso implica la destrucci\u00f3n controlada de la estructura existente y la remoci\u00f3n de escombros, con el fin de renovar y revitalizar la zona.<\/p>\n<div style=\"float: none;clear: both;width: 100%;position: relative;padding-bottom: 68%;padding-top: 25px;height: 0;\"><iframe style=\"position: absolute; top: 0; left: 0; width: 100%;height: 100%;\" src=\"https:\/\/www.youtube.com\/embed\/n8EEE8HTGPA&#038;pp=ygUUI2luY2VuZGlvcmVzdGF1cmFudGU%3D\" frameborder=\"0\" allowfullscreen=\"allowfullscreen\"><\/iframe><\/div>\n<p><\/p>\n<h2>\u00bfCu\u00e1les son los principales pasos a seguir en el proceso de demolici\u00f3n del centro comercial La Ermita?<\/h2>\n<p>El proceso de demolici\u00f3n del centro comercial La Ermita requiere de una planificaci\u00f3n minuciosa y una serie de pasos clave para su ejecuci\u00f3n. En primer lugar, se realiza un estudio exhaustivo de la estructura del edificio y se determina la metodolog\u00eda m\u00e1s adecuada para la demolici\u00f3n. A continuaci\u00f3n, se lleva a cabo una evaluaci\u00f3n de los riesgos y se establecen las medidas de seguridad necesarias. Posteriormente, se procede a la desconexi\u00f3n de servicios como la electricidad y el agua. Finalmente, se utiliza maquinaria especializada para la demolici\u00f3n, asegurando la correcta disposici\u00f3n de los escombros y la protecci\u00f3n del entorno.<\/p>\n<p>La demolici\u00f3n del centro comercial La Ermita requiere de una meticulosa planificaci\u00f3n y una serie de pasos clave para su ejecuci\u00f3n. Esto incluye un estudio detallado de la estructura, evaluaci\u00f3n de riesgos, desconexi\u00f3n de servicios y utilizaci\u00f3n de maquinaria especializada, garantizando la correcta disposici\u00f3n de los escombros y la protecci\u00f3n del entorno.<\/p>\n<h2>\u00bfQu\u00e9 medidas de seguridad se deben tomar durante la demolici\u00f3n del centro comercial La Ermita para garantizar la integridad de los trabajadores y del entorno?<\/h2>\n<p>Durante la demolici\u00f3n del centro comercial La Ermita, es fundamental tomar medidas de seguridad para garantizar la integridad de los trabajadores y del entorno. En primer lugar, se debe llevar a cabo una evaluaci\u00f3n exhaustiva de los riesgos potenciales y elaborar un plan de demolici\u00f3n detallado. Adem\u00e1s, se deben implementar barreras de protecci\u00f3n adecuadas para prevenir accidentes y garantizar la seguridad de los transe\u00fantes. Asimismo, es esencial contar con personal capacitado y equipamiento adecuado para llevar a cabo la demolici\u00f3n de manera segura y efectiva. Por \u00faltimo, se deben seguir todas las normativas legales y ambientales para minimizar el impacto en el entorno.<\/p>\n<p>Durante la demolici\u00f3n del centro comercial La Ermita, es crucial garantizar la seguridad de los trabajadores y del entorno mediante una evaluaci\u00f3n de riesgos, la implementaci\u00f3n de barreras de protecci\u00f3n, el uso de personal capacitado y equipamiento adecuado, y el cumplimiento de las normativas legales y ambientales.<\/p>\n<h2>\u00bfCu\u00e1l es la raz\u00f3n detr\u00e1s de la decisi\u00f3n de demoler el centro comercial La Ermita en lugar de renovarlo o rehabilitarlo?<\/h2>\n<p>La decisi\u00f3n de demoler el centro comercial La Ermita en lugar de renovarlo o rehabilitarlo se basa en varios factores. En primer lugar, el edificio presenta un deterioro estructural importante que lo hace inseguro para los visitantes. Adem\u00e1s, su dise\u00f1o y distribuci\u00f3n no se ajustan a las necesidades actuales de los consumidores, lo que dificulta su rentabilidad. Por \u00faltimo, los altos costos de una renovaci\u00f3n o rehabilitaci\u00f3n completa superar\u00edan los beneficios econ\u00f3micos y sociales que se podr\u00edan obtener. Por estas razones, se ha optado por demoler y reconstruir un nuevo centro comercial m\u00e1s moderno y funcional en su lugar.<\/p>\n<p>La decisi\u00f3n de demoler el centro comercial La Ermita se debe a su deterioro estructural, dise\u00f1o obsoleto y altos costos de renovaci\u00f3n. Un nuevo centro comercial m\u00e1s moderno y funcional ser\u00e1 construido en su lugar.<\/p>\n<h2>La Ermita: Un centro comercial en demolici\u00f3n que marca el fin de una era<\/h2>\n<p>La Ermita, un emblem\u00e1tico centro comercial de la ciudad, est\u00e1 a punto de ser demolido, marcando as\u00ed el fin de una era. Durante d\u00e9cadas, este lugar fue el punto de encuentro de la comunidad, donde las familias iban de compras, disfrutaban de un buen caf\u00e9 en la cafeter\u00eda o simplemente paseaban por sus pasillos. Sin embargo, los tiempos han cambiado y los centros comerciales tradicionales est\u00e1n siendo reemplazados por nuevas propuestas. La demolici\u00f3n de La Ermita es un reflejo de estos cambios y el inicio de una nueva etapa en el mundo de las compras y el entretenimiento.<\/p>\n<p>La demolici\u00f3n de La Ermita marca el final de una era para este emblem\u00e1tico centro comercial. Durante d\u00e9cadas, fue el punto de encuentro de la comunidad, pero los tiempos han cambiado y los centros comerciales tradicionales est\u00e1n siendo reemplazados. Este acontecimiento refleja los cambios en el mundo del comercio y el entretenimiento.<\/p>\n<h2>Demolici\u00f3n del centro comercial La Ermita: Una mirada al pasado y futuro de la zona<\/h2>\n<p>El centro comercial La Ermita, ubicado en el coraz\u00f3n de la ciudad, ha sido testigo de numerosas historias a lo largo de los a\u00f1os. Construido en la d\u00e9cada de 1970, se convirti\u00f3 en un \u00edcono de la modernidad y el progreso. Sin embargo, el paso del <a href=\"https:\/\/dudasytextos.com\/finanzas\/espana\/en-portugal-es-la-misma-hora-que-en-espana\/\">tiempo<\/a> y los cambios en las preferencias de los consumidores han llevado a su demolici\u00f3n. Esta decisi\u00f3n no solo representa el fin de una era, sino tambi\u00e9n la oportunidad de revitalizar la zona y dar paso a nuevos proyectos comerciales y residenciales. El futuro de la zona se vislumbra prometedor, con la posibilidad de convertirse en un espacio moderno y vibrante que satisfaga las necesidades de la comunidad.<\/p>\n<p>La demolici\u00f3n del centro comercial La Ermita marca el final de una \u00e9poca y abre las puertas a la revitalizaci\u00f3n de la zona, con proyectos comerciales y residenciales que prometen convertirla en un espacio moderno y vibrante, acorde a las necesidades de la comunidad.<\/p>\n<h2>La transformaci\u00f3n urbana: El caso de la demolici\u00f3n del centro comercial La Ermita<\/h2>\n<p>La demolici\u00f3n del centro comercial La Ermita ha sido uno de los eventos m\u00e1s significativos en la transformaci\u00f3n urbana de la ciudad. Este antiguo edificio, que durante d\u00e9cadas fue un punto de referencia comercial, ha sido derribado para dar paso a un moderno complejo residencial y comercial. Esta transformaci\u00f3n ha generado controversia entre los habitantes de la zona, algunos aplauden el cambio y la revitalizaci\u00f3n de la zona, mientras que otros lamentan la p\u00e9rdida de un lugar emblem\u00e1tico de la ciudad. Sin embargo, queda por ver si este nuevo proyecto lograr\u00e1 ser exitoso y atraer\u00e1 a los visitantes como lo hizo La Ermita en su momento.<\/p>\n<p>De la demolici\u00f3n del centro comercial La Ermita, el nuevo proyecto residencial y comercial ha generado controversia entre los habitantes de la zona, quienes se dividen entre aquellos que aplauden el cambio y la revitalizaci\u00f3n, y los que lamentan la p\u00e9rdida de un lugar emblem\u00e1tico. El \u00e9xito del nuevo complejo a\u00fan est\u00e1 por verse.<\/p>\n<div style=\"float: none;clear: both;width: 100%;position: relative;padding-bottom: 68%;padding-top: 25px;height: 0;\"><iframe style=\"position: absolute; top: 0; left: 0; width: 100%;height: 100%;\" src=\"https:\/\/www.youtube.com\/embed\/KBQ4Rd9Q6YY\" frameborder=\"0\" allowfullscreen=\"allowfullscreen\"><\/iframe><\/div>\n<p><\/p>\n<p>En conclusi\u00f3n, la demolici\u00f3n del centro comercial La Ermita representa un hito en el desarrollo urbano de la ciudad. A lo largo de los a\u00f1os, este lugar hab\u00eda perdido su atractivo y se hab\u00eda convertido en un foco de deterioro y abandono. La decisi\u00f3n de derribar el edificio y dar paso a un nuevo proyecto arquitect\u00f3nico demuestra la visi\u00f3n de las autoridades locales por revitalizar la zona y brindar a los ciudadanos un espacio moderno y funcional.<\/p>\n<p>Esta demolici\u00f3n tambi\u00e9n marca un antes y un despu\u00e9s en t\u00e9rminos de sostenibilidad y respeto al medio ambiente. El proceso se llev\u00f3 a cabo de manera cuidadosa, utilizando t\u00e9cnicas de demolici\u00f3n controlada que minimizaron el impacto ambiental y permitieron la recuperaci\u00f3n de materiales reutilizables. Adem\u00e1s, se ha planificado la construcci\u00f3n de un nuevo centro comercial que cumpla con los est\u00e1ndares de eficiencia energ\u00e9tica y uso responsable de los recursos.<\/p>\n<p>En definitiva, la demolici\u00f3n del centro comercial La Ermita no solo representa la transformaci\u00f3n f\u00edsica de un espacio, sino tambi\u00e9n la oportunidad de revitalizar una zona de la ciudad y brindar a los ciudadanos un lugar moderno y sostenible. Este proyecto demuestra la importancia de la planificaci\u00f3n urbana y el compromiso con el desarrollo sostenible, sentando un precedente para futuras intervenciones urban\u00edsticas en la ciudad.<\/p>\n","protected":false},"excerpt":{"rendered":"<p>La demolici\u00f3n del centro comercial La Ermita es un proyecto que busca derribar y despejar el \u00e1rea actualmente ocupada por el centro comercial para dar<\/p>\n","protected":false},"author":2,"featured_media":2141,"comment_status":"closed","ping_status":"closed","sticky":false,"template":"","format":"standard","meta":{"footnotes":""},"categories":[14],"tags":[],"class_list":["post-2140","post","type-post","status-publish","format-standard","has-post-thumbnail","hentry","category-otros"],"yoast_head":"<!-- This site is optimized with the Yoast SEO plugin v28.3 - https:\/\/yoast.com\/product\/yoast-seo-wordpress\/ -->\n<title>\u00a1Demolici\u00f3n del Centro Comercial La Ermita! Descubre el futuro de esta ic\u00f3nica construcci\u00f3n [2026]<\/title>\n<meta name=\"description\" content=\"\u27a4 \u00a1Demolici\u00f3n del Centro Comercial La Ermita! Descubre el futuro de esta ic\u00f3nica construcci\u00f3n \u261d La demolici\u00f3n del centro comercial La Ermita es un proyecto que busca derribar y despejar el \u00e1rea actualmente ocupada por el centro comercial para dar ... \u27a4\" \/>\n<meta name=\"robots\" content=\"index, follow, max-snippet:-1, max-image-preview:large, max-video-preview:-1\" \/>\n<link rel=\"canonical\" href=\"https:\/\/dudasytextos.com\/finanzas\/otros\/demolicion-centro-comercial-la-ermita\/\" \/>\n<meta property=\"og:locale\" content=\"es_ES\" \/>\n<meta property=\"og:type\" content=\"article\" \/>\n<meta property=\"og:title\" content=\"\u00a1Demolici\u00f3n del Centro Comercial La Ermita! Descubre el futuro de esta ic\u00f3nica construcci\u00f3n [2026]\" \/>\n<meta property=\"og:description\" content=\"\u27a4 \u00a1Demolici\u00f3n del Centro Comercial La Ermita! Descubre el futuro de esta ic\u00f3nica construcci\u00f3n \u261d La demolici\u00f3n del centro comercial La Ermita es un proyecto que busca derribar y despejar el \u00e1rea actualmente ocupada por el centro comercial para dar ... \u27a4\" \/>\n<meta property=\"og:url\" content=\"https:\/\/dudasytextos.com\/finanzas\/otros\/demolicion-centro-comercial-la-ermita\/\" \/>\n<meta property=\"og:site_name\" content=\"TARDECIT.COM\" \/>\n<meta property=\"article:published_time\" content=\"2025-11-05T14:44:27+00:00\" \/>\n<meta property=\"article:modified_time\" content=\"2025-11-06T11:31:48+00:00\" \/>\n<meta property=\"og:image\" content=\"https:\/\/dudasytextos.com\/finanzas\/wp-content\/uploads\/2023\/11\/n8EEE8HTGPA.jpg\" \/>\n\t<meta property=\"og:image:width\" content=\"768\" \/>\n\t<meta property=\"og:image:height\" content=\"432\" \/>\n\t<meta property=\"og:image:type\" content=\"image\/jpeg\" \/>\n<meta name=\"author\" content=\"Mar\u00eda Garc\u00eda Mart\u00ednez\" \/>\n<meta name=\"twitter:card\" content=\"summary_large_image\" \/>\n<meta name=\"twitter:label1\" content=\"Escrito por\" \/>\n\t<meta name=\"twitter:data1\" content=\"Mar\u00eda Garc\u00eda Mart\u00ednez\" \/>\n\t<meta name=\"twitter:label2\" content=\"Tiempo de lectura\" \/>\n\t<meta name=\"twitter:data2\" content=\"7 minutos\" \/>\n<script type=\"application\/ld+json\" class=\"yoast-schema-graph\">{\"@context\":\"https:\\\/\\\/schema.org\",\"@graph\":[{\"@type\":\"Article\",\"@id\":\"https:\\\/\\\/dudasytextos.com\\\/finanzas\\\/otros\\\/demolicion-centro-comercial-la-ermita\\\/#article\",\"isPartOf\":{\"@id\":\"https:\\\/\\\/dudasytextos.com\\\/finanzas\\\/otros\\\/demolicion-centro-comercial-la-ermita\\\/\"},\"author\":{\"name\":\"Mar\u00eda Garc\u00eda Mart\u00ednez\",\"@id\":\"https:\\\/\\\/dudasytextos.com\\\/finanzas\\\/#\\\/schema\\\/person\\\/fb6ccd9f43b9c518802c61bc09cf23ff\"},\"headline\":\"\u00a1Demolici\u00f3n del Centro Comercial La Ermita! Descubre el futuro de esta ic\u00f3nica construcci\u00f3n\",\"datePublished\":\"2025-11-05T14:44:27+00:00\",\"dateModified\":\"2025-11-06T11:31:48+00:00\",\"mainEntityOfPage\":{\"@id\":\"https:\\\/\\\/dudasytextos.com\\\/finanzas\\\/otros\\\/demolicion-centro-comercial-la-ermita\\\/\"},\"wordCount\":1405,\"publisher\":{\"@id\":\"https:\\\/\\\/dudasytextos.com\\\/finanzas\\\/#organization\"},\"image\":{\"@id\":\"https:\\\/\\\/dudasytextos.com\\\/finanzas\\\/otros\\\/demolicion-centro-comercial-la-ermita\\\/#primaryimage\"},\"thumbnailUrl\":\"https:\\\/\\\/dudasytextos.com\\\/finanzas\\\/wp-content\\\/uploads\\\/2023\\\/11\\\/n8EEE8HTGPA.jpg\",\"articleSection\":[\"Otros\"],\"inLanguage\":\"es\"},{\"@type\":\"WebPage\",\"@id\":\"https:\\\/\\\/dudasytextos.com\\\/finanzas\\\/otros\\\/demolicion-centro-comercial-la-ermita\\\/\",\"url\":\"https:\\\/\\\/dudasytextos.com\\\/finanzas\\\/otros\\\/demolicion-centro-comercial-la-ermita\\\/\",\"name\":\"\u00a1Demolici\u00f3n del Centro Comercial La Ermita! Descubre el futuro de esta ic\u00f3nica construcci\u00f3n [2026]\",\"isPartOf\":{\"@id\":\"https:\\\/\\\/dudasytextos.com\\\/finanzas\\\/#website\"},\"primaryImageOfPage\":{\"@id\":\"https:\\\/\\\/dudasytextos.com\\\/finanzas\\\/otros\\\/demolicion-centro-comercial-la-ermita\\\/#primaryimage\"},\"image\":{\"@id\":\"https:\\\/\\\/dudasytextos.com\\\/finanzas\\\/otros\\\/demolicion-centro-comercial-la-ermita\\\/#primaryimage\"},\"thumbnailUrl\":\"https:\\\/\\\/dudasytextos.com\\\/finanzas\\\/wp-content\\\/uploads\\\/2023\\\/11\\\/n8EEE8HTGPA.jpg\",\"datePublished\":\"2025-11-05T14:44:27+00:00\",\"dateModified\":\"2025-11-06T11:31:48+00:00\",\"description\":\"\u27a4 \u00a1Demolici\u00f3n del Centro Comercial La Ermita! Descubre el futuro de esta ic\u00f3nica construcci\u00f3n \u261d La demolici\u00f3n del centro comercial La Ermita es un proyecto que busca derribar y despejar el \u00e1rea actualmente ocupada por el centro comercial para dar ... \u27a4\",\"breadcrumb\":{\"@id\":\"https:\\\/\\\/dudasytextos.com\\\/finanzas\\\/otros\\\/demolicion-centro-comercial-la-ermita\\\/#breadcrumb\"},\"inLanguage\":\"es\",\"potentialAction\":[{\"@type\":\"ReadAction\",\"target\":[\"https:\\\/\\\/dudasytextos.com\\\/finanzas\\\/otros\\\/demolicion-centro-comercial-la-ermita\\\/\"]}]},{\"@type\":\"ImageObject\",\"inLanguage\":\"es\",\"@id\":\"https:\\\/\\\/dudasytextos.com\\\/finanzas\\\/otros\\\/demolicion-centro-comercial-la-ermita\\\/#primaryimage\",\"url\":\"https:\\\/\\\/dudasytextos.com\\\/finanzas\\\/wp-content\\\/uploads\\\/2023\\\/11\\\/n8EEE8HTGPA.jpg\",\"contentUrl\":\"https:\\\/\\\/dudasytextos.com\\\/finanzas\\\/wp-content\\\/uploads\\\/2023\\\/11\\\/n8EEE8HTGPA.jpg\",\"width\":768,\"height\":432},{\"@type\":\"BreadcrumbList\",\"@id\":\"https:\\\/\\\/dudasytextos.com\\\/finanzas\\\/otros\\\/demolicion-centro-comercial-la-ermita\\\/#breadcrumb\",\"itemListElement\":[{\"@type\":\"ListItem\",\"position\":1,\"name\":\"Portada\",\"item\":\"https:\\\/\\\/dudasytextos.com\\\/finanzas\\\/\"},{\"@type\":\"ListItem\",\"position\":2,\"name\":\"\u00a1Demolici\u00f3n del Centro Comercial La Ermita! Descubre el futuro de esta ic\u00f3nica construcci\u00f3n\"}]},{\"@type\":\"WebSite\",\"@id\":\"https:\\\/\\\/dudasytextos.com\\\/finanzas\\\/#website\",\"url\":\"https:\\\/\\\/dudasytextos.com\\\/finanzas\\\/\",\"name\":\"TARDECIT.COM\",\"description\":\"\",\"publisher\":{\"@id\":\"https:\\\/\\\/dudasytextos.com\\\/finanzas\\\/#organization\"},\"potentialAction\":[{\"@type\":\"SearchAction\",\"target\":{\"@type\":\"EntryPoint\",\"urlTemplate\":\"https:\\\/\\\/dudasytextos.com\\\/finanzas\\\/?s={search_term_string}\"},\"query-input\":{\"@type\":\"PropertyValueSpecification\",\"valueRequired\":true,\"valueName\":\"search_term_string\"}}],\"inLanguage\":\"es\"},{\"@type\":\"Organization\",\"@id\":\"https:\\\/\\\/dudasytextos.com\\\/finanzas\\\/#organization\",\"name\":\"TARDECIT.COM\",\"url\":\"https:\\\/\\\/dudasytextos.com\\\/finanzas\\\/\",\"logo\":{\"@type\":\"ImageObject\",\"inLanguage\":\"es\",\"@id\":\"https:\\\/\\\/dudasytextos.com\\\/finanzas\\\/#\\\/schema\\\/logo\\\/image\\\/\",\"url\":\"https:\\\/\\\/dudasytextos.com\\\/finanzas\\\/wp-content\\\/uploads\\\/2023\\\/10\\\/mediano.jpg\",\"contentUrl\":\"https:\\\/\\\/dudasytextos.com\\\/finanzas\\\/wp-content\\\/uploads\\\/2023\\\/10\\\/mediano.jpg\",\"width\":75,\"height\":75,\"caption\":\"TARDECIT.COM\"},\"image\":{\"@id\":\"https:\\\/\\\/dudasytextos.com\\\/finanzas\\\/#\\\/schema\\\/logo\\\/image\\\/\"}},{\"@type\":\"Person\",\"@id\":\"https:\\\/\\\/dudasytextos.com\\\/finanzas\\\/#\\\/schema\\\/person\\\/fb6ccd9f43b9c518802c61bc09cf23ff\",\"name\":\"Mar\u00eda Garc\u00eda Mart\u00ednez\",\"image\":{\"@type\":\"ImageObject\",\"inLanguage\":\"es\",\"@id\":\"https:\\\/\\\/secure.gravatar.com\\\/avatar\\\/a81248c0fa5700b777791576c7000b13dec582c2178e0d6198cafa21f8dfdede?s=96&d=mm&r=g\",\"url\":\"https:\\\/\\\/secure.gravatar.com\\\/avatar\\\/a81248c0fa5700b777791576c7000b13dec582c2178e0d6198cafa21f8dfdede?s=96&d=mm&r=g\",\"contentUrl\":\"https:\\\/\\\/secure.gravatar.com\\\/avatar\\\/a81248c0fa5700b777791576c7000b13dec582c2178e0d6198cafa21f8dfdede?s=96&d=mm&r=g\",\"caption\":\"Mar\u00eda Garc\u00eda Mart\u00ednez\"},\"description\":\"Soy experta en finanzas personales y asesoramiento financiero. Ayudo a las personas a tomar decisiones inteligentes con su dinero y a alcanzar sus metas financieras. A lo largo de mi carrera, he trabajado con clientes de diversas situaciones econ\u00f3micas y he brindado soluciones personalizadas para cada uno de ellos. Mi pasi\u00f3n por las finanzas me impulsa a compartir mi conocimiento a trav\u00e9s de mi blog, proporcionando consejos pr\u00e1cticos y estrategias efectivas para alcanzar la independencia financiera.\"}]}<\/script>\n<!-- \/ Yoast SEO plugin. -->","yoast_head_json":{"title":"\u00a1Demolici\u00f3n del Centro Comercial La Ermita! Descubre el futuro de esta ic\u00f3nica construcci\u00f3n [2026]","description":"\u27a4 \u00a1Demolici\u00f3n del Centro Comercial La Ermita! Descubre el futuro de esta ic\u00f3nica construcci\u00f3n \u261d La demolici\u00f3n del centro comercial La Ermita es un proyecto que busca derribar y despejar el \u00e1rea actualmente ocupada por el centro comercial para dar ... \u27a4","robots":{"index":"index","follow":"follow","max-snippet":"max-snippet:-1","max-image-preview":"max-image-preview:large","max-video-preview":"max-video-preview:-1"},"canonical":"https:\/\/dudasytextos.com\/finanzas\/otros\/demolicion-centro-comercial-la-ermita\/","og_locale":"es_ES","og_type":"article","og_title":"\u00a1Demolici\u00f3n del Centro Comercial La Ermita! Descubre el futuro de esta ic\u00f3nica construcci\u00f3n [2026]","og_description":"\u27a4 \u00a1Demolici\u00f3n del Centro Comercial La Ermita! Descubre el futuro de esta ic\u00f3nica construcci\u00f3n \u261d La demolici\u00f3n del centro comercial La Ermita es un proyecto que busca derribar y despejar el \u00e1rea actualmente ocupada por el centro comercial para dar ... \u27a4","og_url":"https:\/\/dudasytextos.com\/finanzas\/otros\/demolicion-centro-comercial-la-ermita\/","og_site_name":"TARDECIT.COM","article_published_time":"2025-11-05T14:44:27+00:00","article_modified_time":"2025-11-06T11:31:48+00:00","og_image":[{"width":768,"height":432,"url":"https:\/\/dudasytextos.com\/finanzas\/wp-content\/uploads\/2023\/11\/n8EEE8HTGPA.jpg","type":"image\/jpeg"}],"author":"Mar\u00eda Garc\u00eda Mart\u00ednez","twitter_card":"summary_large_image","twitter_misc":{"Escrito por":"Mar\u00eda Garc\u00eda Mart\u00ednez","Tiempo de lectura":"7 minutos"},"schema":{"@context":"https:\/\/schema.org","@graph":[{"@type":"Article","@id":"https:\/\/dudasytextos.com\/finanzas\/otros\/demolicion-centro-comercial-la-ermita\/#article","isPartOf":{"@id":"https:\/\/dudasytextos.com\/finanzas\/otros\/demolicion-centro-comercial-la-ermita\/"},"author":{"name":"Mar\u00eda Garc\u00eda Mart\u00ednez","@id":"https:\/\/dudasytextos.com\/finanzas\/#\/schema\/person\/fb6ccd9f43b9c518802c61bc09cf23ff"},"headline":"\u00a1Demolici\u00f3n del Centro Comercial La Ermita! Descubre el futuro de esta ic\u00f3nica construcci\u00f3n","datePublished":"2025-11-05T14:44:27+00:00","dateModified":"2025-11-06T11:31:48+00:00","mainEntityOfPage":{"@id":"https:\/\/dudasytextos.com\/finanzas\/otros\/demolicion-centro-comercial-la-ermita\/"},"wordCount":1405,"publisher":{"@id":"https:\/\/dudasytextos.com\/finanzas\/#organization"},"image":{"@id":"https:\/\/dudasytextos.com\/finanzas\/otros\/demolicion-centro-comercial-la-ermita\/#primaryimage"},"thumbnailUrl":"https:\/\/dudasytextos.com\/finanzas\/wp-content\/uploads\/2023\/11\/n8EEE8HTGPA.jpg","articleSection":["Otros"],"inLanguage":"es"},{"@type":"WebPage","@id":"https:\/\/dudasytextos.com\/finanzas\/otros\/demolicion-centro-comercial-la-ermita\/","url":"https:\/\/dudasytextos.com\/finanzas\/otros\/demolicion-centro-comercial-la-ermita\/","name":"\u00a1Demolici\u00f3n del Centro Comercial La Ermita! Descubre el futuro de esta ic\u00f3nica construcci\u00f3n [2026]","isPartOf":{"@id":"https:\/\/dudasytextos.com\/finanzas\/#website"},"primaryImageOfPage":{"@id":"https:\/\/dudasytextos.com\/finanzas\/otros\/demolicion-centro-comercial-la-ermita\/#primaryimage"},"image":{"@id":"https:\/\/dudasytextos.com\/finanzas\/otros\/demolicion-centro-comercial-la-ermita\/#primaryimage"},"thumbnailUrl":"https:\/\/dudasytextos.com\/finanzas\/wp-content\/uploads\/2023\/11\/n8EEE8HTGPA.jpg","datePublished":"2025-11-05T14:44:27+00:00","dateModified":"2025-11-06T11:31:48+00:00","description":"\u27a4 \u00a1Demolici\u00f3n del Centro Comercial La Ermita! Descubre el futuro de esta ic\u00f3nica construcci\u00f3n \u261d La demolici\u00f3n del centro comercial La Ermita es un proyecto que busca derribar y despejar el \u00e1rea actualmente ocupada por el centro comercial para dar ... \u27a4","breadcrumb":{"@id":"https:\/\/dudasytextos.com\/finanzas\/otros\/demolicion-centro-comercial-la-ermita\/#breadcrumb"},"inLanguage":"es","potentialAction":[{"@type":"ReadAction","target":["https:\/\/dudasytextos.com\/finanzas\/otros\/demolicion-centro-comercial-la-ermita\/"]}]},{"@type":"ImageObject","inLanguage":"es","@id":"https:\/\/dudasytextos.com\/finanzas\/otros\/demolicion-centro-comercial-la-ermita\/#primaryimage","url":"https:\/\/dudasytextos.com\/finanzas\/wp-content\/uploads\/2023\/11\/n8EEE8HTGPA.jpg","contentUrl":"https:\/\/dudasytextos.com\/finanzas\/wp-content\/uploads\/2023\/11\/n8EEE8HTGPA.jpg","width":768,"height":432},{"@type":"BreadcrumbList","@id":"https:\/\/dudasytextos.com\/finanzas\/otros\/demolicion-centro-comercial-la-ermita\/#breadcrumb","itemListElement":[{"@type":"ListItem","position":1,"name":"Portada","item":"https:\/\/dudasytextos.com\/finanzas\/"},{"@type":"ListItem","position":2,"name":"\u00a1Demolici\u00f3n del Centro Comercial La Ermita! Descubre el futuro de esta ic\u00f3nica construcci\u00f3n"}]},{"@type":"WebSite","@id":"https:\/\/dudasytextos.com\/finanzas\/#website","url":"https:\/\/dudasytextos.com\/finanzas\/","name":"TARDECIT.COM","description":"","publisher":{"@id":"https:\/\/dudasytextos.com\/finanzas\/#organization"},"potentialAction":[{"@type":"SearchAction","target":{"@type":"EntryPoint","urlTemplate":"https:\/\/dudasytextos.com\/finanzas\/?s={search_term_string}"},"query-input":{"@type":"PropertyValueSpecification","valueRequired":true,"valueName":"search_term_string"}}],"inLanguage":"es"},{"@type":"Organization","@id":"https:\/\/dudasytextos.com\/finanzas\/#organization","name":"TARDECIT.COM","url":"https:\/\/dudasytextos.com\/finanzas\/","logo":{"@type":"ImageObject","inLanguage":"es","@id":"https:\/\/dudasytextos.com\/finanzas\/#\/schema\/logo\/image\/","url":"https:\/\/dudasytextos.com\/finanzas\/wp-content\/uploads\/2023\/10\/mediano.jpg","contentUrl":"https:\/\/dudasytextos.com\/finanzas\/wp-content\/uploads\/2023\/10\/mediano.jpg","width":75,"height":75,"caption":"TARDECIT.COM"},"image":{"@id":"https:\/\/dudasytextos.com\/finanzas\/#\/schema\/logo\/image\/"}},{"@type":"Person","@id":"https:\/\/dudasytextos.com\/finanzas\/#\/schema\/person\/fb6ccd9f43b9c518802c61bc09cf23ff","name":"Mar\u00eda Garc\u00eda Mart\u00ednez","image":{"@type":"ImageObject","inLanguage":"es","@id":"https:\/\/secure.gravatar.com\/avatar\/a81248c0fa5700b777791576c7000b13dec582c2178e0d6198cafa21f8dfdede?s=96&d=mm&r=g","url":"https:\/\/secure.gravatar.com\/avatar\/a81248c0fa5700b777791576c7000b13dec582c2178e0d6198cafa21f8dfdede?s=96&d=mm&r=g","contentUrl":"https:\/\/secure.gravatar.com\/avatar\/a81248c0fa5700b777791576c7000b13dec582c2178e0d6198cafa21f8dfdede?s=96&d=mm&r=g","caption":"Mar\u00eda Garc\u00eda Mart\u00ednez"},"description":"Soy experta en finanzas personales y asesoramiento financiero. Ayudo a las personas a tomar decisiones inteligentes con su dinero y a alcanzar sus metas financieras. A lo largo de mi carrera, he trabajado con clientes de diversas situaciones econ\u00f3micas y he brindado soluciones personalizadas para cada uno de ellos. Mi pasi\u00f3n por las finanzas me impulsa a compartir mi conocimiento a trav\u00e9s de mi blog, proporcionando consejos pr\u00e1cticos y estrategias efectivas para alcanzar la independencia financiera."}]}},"_links":{"self":[{"href":"https:\/\/dudasytextos.com\/finanzas\/wp-json\/wp\/v2\/posts\/2140","targetHints":{"allow":["GET"]}}],"collection":[{"href":"https:\/\/dudasytextos.com\/finanzas\/wp-json\/wp\/v2\/posts"}],"about":[{"href":"https:\/\/dudasytextos.com\/finanzas\/wp-json\/wp\/v2\/types\/post"}],"author":[{"embeddable":true,"href":"https:\/\/dudasytextos.com\/finanzas\/wp-json\/wp\/v2\/users\/2"}],"replies":[{"embeddable":true,"href":"https:\/\/dudasytextos.com\/finanzas\/wp-json\/wp\/v2\/comments?post=2140"}],"version-history":[{"count":0,"href":"https:\/\/dudasytextos.com\/finanzas\/wp-json\/wp\/v2\/posts\/2140\/revisions"}],"wp:featuredmedia":[{"embeddable":true,"href":"https:\/\/dudasytextos.com\/finanzas\/wp-json\/wp\/v2\/media\/2141"}],"wp:attachment":[{"href":"https:\/\/dudasytextos.com\/finanzas\/wp-json\/wp\/v2\/media?parent=2140"}],"wp:term":[{"taxonomy":"category","embeddable":true,"href":"https:\/\/dudasytextos.com\/finanzas\/wp-json\/wp\/v2\/categories?post=2140"},{"taxonomy":"post_tag","embeddable":true,"href":"https:\/\/dudasytextos.com\/finanzas\/wp-json\/wp\/v2\/tags?post=2140"}],"curies":[{"name":"wp","href":"https:\/\/api.w.org\/{rel}","templated":true}]}}